{"id":2161,"date":"2020-02-26T13:22:00","date_gmt":"2020-02-26T12:22:00","guid":{"rendered":"https:\/\/boardgeneration.ch\/?p=2161"},"modified":"2020-02-29T13:52:35","modified_gmt":"2020-02-29T12:52:35","slug":"am-13-marz-wird-am-weltweiten-tag-des-snowboardens-das-vermachtnis-von-jake-burton-carpenter-gefeiert","status":"publish","type":"post","link":"https:\/\/boardgeneration.ch\/en\/am-13-marz-wird-am-weltweiten-tag-des-snowboardens-das-vermachtnis-von-jake-burton-carpenter-gefeiert\/","title":{"rendered":"On the worldwide day of snowboarding, March 13, the legacy of Jake Burton Carpenter will be honored"},"content":{"rendered":"<span class=\"span-reading-time rt-reading-time\" style=\"display: block;\"><span class=\"rt-label rt-prefix\">Reading time: <\/span> <span class=\"rt-time\"> 2<\/span> <span class=\"rt-label rt-postfix\">minutes<\/span><\/span>\n<p> Jake Burton Carpenter founded Burton Snowboards in 1977 in his barn in Vermont and dedicated the rest of his life to snowboarding. Over the next 42 years, Jake pioneered the spread of snowboarding, turning a backyard hobby into a world-class sport by creating groundbreaking products, supporting a team of top-notch snowboarders and convincing resorts to allow snowboarding. He tirelessly championed snowboarding and snowboarders around the world. Jake passed away last November and the snowboarding community wanted something to come together and do what he loved most - snowboarding.  <\/p>\n\n\n\n<figure class=\"wp-block-image size-large is-style-default\"><img loading=\"lazy\" decoding=\"async\" width=\"594\" height=\"1024\" data-attachment-id=\"2165\" data-permalink=\"https:\/\/boardgeneration.ch\/en\/am-13-marz-wird-am-weltweiten-tag-des-snowboardens-das-vermachtnis-von-jake-burton-carpenter-gefeiert\/a_day_for_jake_flyer\/\" data-orig-file=\"https:\/\/boardgeneration.ch\/wp-content\/uploads\/2020\/02\/A_DAY_FOR_JAKE_Flyer.jpg\" data-orig-size=\"926,1595\" data-comments-opened=\"1\" data-image-meta=\"{&quot;aperture&quot;:&quot;0&quot;,&quot;credit&quot;:&quot;&quot;,&quot;camera&quot;:&quot;&quot;,&quot;caption&quot;:&quot;&quot;,&quot;created_timestamp&quot;:&quot;0&quot;,&quot;copyright&quot;:&quot;&quot;,&quot;focal_length&quot;:&quot;0&quot;,&quot;iso&quot;:&quot;0&quot;,&quot;shutter_speed&quot;:&quot;0&quot;,&quot;title&quot;:&quot;&quot;,&quot;orientation&quot;:&quot;0&quot;}\" data-image-title=\"A_DAY_FOR_JAKE_Flyer\" data-image-description=\"\" data-image-caption=\"\" data-medium-file=\"https:\/\/boardgeneration.ch\/wp-content\/uploads\/2020\/02\/A_DAY_FOR_JAKE_Flyer-174x300.jpg\" data-large-file=\"https:\/\/boardgeneration.ch\/wp-content\/uploads\/2020\/02\/A_DAY_FOR_JAKE_Flyer-594x1024.jpg\" src=\"https:\/\/boardgeneration.ch\/wp-content\/uploads\/2020\/02\/A_DAY_FOR_JAKE_Flyer-594x1024.jpg\" alt=\"\" class=\"wp-image-2165\" srcset=\"https:\/\/boardgeneration.ch\/wp-content\/uploads\/2020\/02\/A_DAY_FOR_JAKE_Flyer-594x1024.jpg 594w, https:\/\/boardgeneration.ch\/wp-content\/uploads\/2020\/02\/A_DAY_FOR_JAKE_Flyer-174x300.jpg 174w, https:\/\/boardgeneration.ch\/wp-content\/uploads\/2020\/02\/A_DAY_FOR_JAKE_Flyer-768x1323.jpg 768w, https:\/\/boardgeneration.ch\/wp-content\/uploads\/2020\/02\/A_DAY_FOR_JAKE_Flyer-892x1536.jpg 892w, https:\/\/boardgeneration.ch\/wp-content\/uploads\/2020\/02\/A_DAY_FOR_JAKE_Flyer-297x512.jpg 297w, https:\/\/boardgeneration.ch\/wp-content\/uploads\/2020\/02\/A_DAY_FOR_JAKE_Flyer.jpg 926w\" sizes=\"auto, (max-width: 594px) 100vw, 594px\" \/><figcaption><span class=\"media-credit\"><a href=\"https:\/\/boardgeneration.ch\/en\/author\/pressedienst\/\">Press service<\/a> | board generation<\/span><\/figcaption><\/figure>\n\n\n\n<p>On 13 March 2020 the first \"<a href=\"http:\/\/adayforjake.com\/\" target=\"_blank\" rel=\"noreferrer noopener\" aria-label=\" (opens in a new tab)\">A Day for Jake<\/a>\"-event held to honor the legacy of Jake Burton Carpenter. Thirteen resorts around the world are participating in \"A Day for Jake\" and offering free lift tickets for all snowboarders who pre-register to join us for a snowboarding event in memory of Jake on March 13th, and anyone who wants to strap on a snowboard is invited to participate: Riders, their friends and family members and everyone else, no matter what level. <\/p>\n\n\n\n<p>The \"A Day for Jake\" event will also bring together the entire snowboarding industry with many brands, professional team riders, locals, shop owners and employees. In honor of \"A Day for Jake\", all Burton offices and stores will be closed on March 13. And because teaching others to snowboard was one of Jake's passions, some participating resorts are also offering \"Learn to Ride\" special packages for friends and family members of the snowboarding community and anyone else who wants to learn to snowboard on this day. <\/p>\n\n\n\n<p>Snowboarders can participate free of charge in the following resorts:  <\/p>\n\n\n\n<ul class=\"wp-block-list\"><li>Boyne Mountain, Michigan, USA<\/li><li>Summit at Snoqualmie, Washington, USA<\/li><li> Big Sky Resort, Montana, USA<\/li><li>Copper Mountain\/Woodward Copper, Colorado, USA<\/li><li> Boreal\/Woodward Tahoe, California, USA<\/li><li>Stratton Mountain, Vermont, USA<\/li><li> Bear Mountain, California, USA<\/li><li>Cypress Mountain, Vancouver, Canada<\/li><li>Avoriaz, France<\/li><li>Absolut Park, Flachauwinkl, Austria<\/li><li>LAAX, Switzerland<\/li><li> Madonna Di Campiglio, Italy<\/li><li> Seki Onsen Resort, Nigata, Myoko, Japan <\/li><\/ul>\n\n\n\n<p>For free lift tickets, advance reservation is required at <a href=\"http:\/\/adayforjake.com\/\" target=\"_blank\" rel=\"noreferrer noopener\" aria-label=\" (opens in a new tab)\">the event website<\/a> required, the lift tickets are only valid for snowboarders. The registration ends on Sunday, 8 March at midnight. Burton is very pleased to be partnering with these thirteen resorts and would like to thank them for their unparalleled support of the \"A Day for Jake\" event and snowboarding in general. <\/p>\n\n\n\n<figure class=\"wp-block-image size-large is-style-default\"><img loading=\"lazy\" decoding=\"async\" width=\"576\" height=\"1024\" data-attachment-id=\"2170\" data-permalink=\"https:\/\/boardgeneration.ch\/en\/ad4j_social_feb26_ig9x16_2-2\/\" data-orig-file=\"https:\/\/boardgeneration.ch\/wp-content\/uploads\/2020\/02\/AD4J_Social_Feb26_IG9x16_2-1.jpg\" data-orig-size=\"1080,1920\" data-comments-opened=\"1\" data-image-meta=\"{&quot;aperture&quot;:&quot;0&quot;,&quot;credit&quot;:&quot;&quot;,&quot;camera&quot;:&quot;&quot;,&quot;caption&quot;:&quot;&quot;,&quot;created_timestamp&quot;:&quot;0&quot;,&quot;copyright&quot;:&quot;&quot;,&quot;focal_length&quot;:&quot;0&quot;,&quot;iso&quot;:&quot;0&quot;,&quot;shutter_speed&quot;:&quot;0&quot;,&quot;title&quot;:&quot;&quot;,&quot;orientation&quot;:&quot;0&quot;}\" data-image-title=\"AD4J_Social_Feb26_IG9x16_2\" data-image-description=\"\" data-image-caption=\"\" data-medium-file=\"https:\/\/boardgeneration.ch\/wp-content\/uploads\/2020\/02\/AD4J_Social_Feb26_IG9x16_2-1-169x300.jpg\" data-large-file=\"https:\/\/boardgeneration.ch\/wp-content\/uploads\/2020\/02\/AD4J_Social_Feb26_IG9x16_2-1-576x1024.jpg\" src=\"https:\/\/boardgeneration.ch\/wp-content\/uploads\/2020\/02\/AD4J_Social_Feb26_IG9x16_2-1-576x1024.jpg\" alt=\"\" class=\"wp-image-2170\" srcset=\"https:\/\/boardgeneration.ch\/wp-content\/uploads\/2020\/02\/AD4J_Social_Feb26_IG9x16_2-1-576x1024.jpg 576w, https:\/\/boardgeneration.ch\/wp-content\/uploads\/2020\/02\/AD4J_Social_Feb26_IG9x16_2-1-169x300.jpg 169w, https:\/\/boardgeneration.ch\/wp-content\/uploads\/2020\/02\/AD4J_Social_Feb26_IG9x16_2-1-768x1365.jpg 768w, https:\/\/boardgeneration.ch\/wp-content\/uploads\/2020\/02\/AD4J_Social_Feb26_IG9x16_2-1-864x1536.jpg 864w, https:\/\/boardgeneration.ch\/wp-content\/uploads\/2020\/02\/AD4J_Social_Feb26_IG9x16_2-1-288x512.jpg 288w, https:\/\/boardgeneration.ch\/wp-content\/uploads\/2020\/02\/AD4J_Social_Feb26_IG9x16_2-1.jpg 1080w\" sizes=\"auto, (max-width: 576px) 100vw, 576px\" \/><figcaption><span class=\"media-credit\"><a href=\"https:\/\/boardgeneration.ch\/en\/author\/pressedienst\/\">Press service<\/a> | board generation<\/span><\/figcaption><\/figure>\n\n\n\n<p><strong>You don't live in\nnear a participating resort? Make your way to your local winter sports resort\nor to the mountains around you. <\/strong><\/p>\n\n\n\n<p>Likewise, snowboarders around the world are invited to independently celebrate \"A Day for Jake\" by simply going snowboarding somewhere on Friday, March 13. All are welcome to share their participation with \"A Day for Jake\" bracelets and stickers available at local Burton shops and on <a href=\"http:\/\/adayforjake.com\/\" target=\"_blank\" rel=\"noreferrer noopener\" aria-label=\" (opens in a new tab)\">A Day for Jake<\/a> are available. In the spirit of the innovation and creativity that have inspired snowboarding since its beginnings, new interpretations and developments of the symbol are warmly welcomed, the guidelines are only given as a guide. Share your \"A Day for Jake\" experience under the hashtag <strong><a href=\"https:\/\/boardgeneration.ch\/en\/tag\/rideonjake\/\">#RideonJake<\/a><\/strong> &nbsp;<\/p>\n\n\n\n<p>As an industry\nand as a community we come together on this day to remember, to\nreflect and snowboard together. \"A Day for Jake\" will be remembered as a tradition\nthe enthusiasm and the ideas of Jake in the future, too.\nand to preserve our love for snowboarding and the joy of the perfect\nTurn to share. <\/p>","protected":false},"excerpt":{"rendered":"<p>Jake Burton Carpenter gr\u00fcndete Burton Snowboards im Jahre 1977 in seiner Scheune in Vermont und widmete den Rest seines Lebens dem Snowboarden. \u00dcber die n\u00e4chsten 42 Jahre hinweg setzte sich Jake als Vorreiter f\u00fcr die Verbreitung von Snowboarding ein, er machte aus einem Hinterhof-Hobby einen Weltklassesport, indem er bahnbrechende Produkte kreierte, ein Team von erstklassigen [&hellip;]<\/p>\n","protected":false},"author":3,"featured_media":2163,"comment_status":"open","ping_status":"open","sticky":false,"template":"","format":"standard","meta":{"_jetpack_memberships_contains_paid_content":false,"footnotes":""},"categories":[12,173],"tags":[],"class_list":["post-2161","post","type-post","status-publish","format-standard","has-post-thumbnail","hentry","category-event","category-news"],"yoast_head":"<!-- This site is optimized with the Yoast SEO plugin v26.8 - https:\/\/yoast.com\/product\/yoast-seo-wordpress\/ -->\n<title>Am weltweiten Tag des Snowboardings, dem 13. M\u00e4rz, wird das Verm\u00e4chtnis von Jake Burton Carpenter gew\u00fcrdigt - Board Generation<\/title>\n<meta name=\"robots\" content=\"index, follow, max-snippet:-1, max-image-preview:large, max-video-preview:-1\" \/>\n<link rel=\"canonical\" href=\"https:\/\/boardgeneration.ch\/en\/am-13-marz-wird-am-weltweiten-tag-des-snowboardens-das-vermachtnis-von-jake-burton-carpenter-gefeiert\/\" \/>\n<meta property=\"og:locale\" content=\"en_GB\" \/>\n<meta property=\"og:type\" content=\"article\" \/>\n<meta property=\"og:title\" content=\"Am weltweiten Tag des Snowboardings, dem 13. M\u00e4rz, wird das Verm\u00e4chtnis von Jake Burton Carpenter gew\u00fcrdigt - Board Generation\" \/>\n<meta property=\"og:description\" content=\"Jake Burton Carpenter gr\u00fcndete Burton Snowboards im Jahre 1977 in seiner Scheune in Vermont und widmete den Rest seines Lebens dem Snowboarden. \u00dcber die n\u00e4chsten 42 Jahre hinweg setzte sich Jake als Vorreiter f\u00fcr die Verbreitung von Snowboarding ein, er machte aus einem Hinterhof-Hobby einen Weltklassesport, indem er bahnbrechende Produkte kreierte, ein Team von erstklassigen [&hellip;]\" \/>\n<meta property=\"og:url\" content=\"https:\/\/boardgeneration.ch\/en\/am-13-marz-wird-am-weltweiten-tag-des-snowboardens-das-vermachtnis-von-jake-burton-carpenter-gefeiert\/\" \/>\n<meta property=\"og:site_name\" content=\"Board Generation\" \/>\n<meta property=\"article:publisher\" content=\"https:\/\/www.facebook.com\/boardgeneration.ch\" \/>\n<meta property=\"article:published_time\" content=\"2020-02-26T12:22:00+00:00\" \/>\n<meta property=\"article:modified_time\" content=\"2020-02-29T12:52:35+00:00\" \/>\n<meta property=\"og:image\" content=\"https:\/\/boardgeneration.ch\/wp-content\/uploads\/2020\/02\/A_DAY_FOR_JAKE.png\" \/>\n\t<meta property=\"og:image:width\" content=\"1265\" \/>\n\t<meta property=\"og:image:height\" content=\"573\" \/>\n\t<meta property=\"og:image:type\" content=\"image\/png\" \/>\n<meta name=\"author\" content=\"Pressedienst\" \/>\n<meta name=\"twitter:card\" content=\"summary_large_image\" \/>\n<meta name=\"twitter:creator\" content=\"@boardgen\" \/>\n<meta name=\"twitter:site\" content=\"@boardgen\" \/>\n<meta name=\"twitter:label1\" content=\"Written by\" \/>\n\t<meta name=\"twitter:data1\" content=\"Pressedienst\" \/>\n\t<meta name=\"twitter:label2\" content=\"Estimated reading time\" \/>\n\t<meta name=\"twitter:data2\" content=\"3 minutes\" \/>\n<script type=\"application\/ld+json\" class=\"yoast-schema-graph\">{\"@context\":\"https:\/\/schema.org\",\"@graph\":[{\"@type\":\"Article\",\"@id\":\"https:\/\/boardgeneration.ch\/en\/am-13-marz-wird-am-weltweiten-tag-des-snowboardens-das-vermachtnis-von-jake-burton-carpenter-gefeiert\/#article\",\"isPartOf\":{\"@id\":\"https:\/\/boardgeneration.ch\/en\/am-13-marz-wird-am-weltweiten-tag-des-snowboardens-das-vermachtnis-von-jake-burton-carpenter-gefeiert\/\"},\"author\":{\"name\":\"Pressedienst\",\"@id\":\"https:\/\/boardgeneration.ch\/#\/schema\/person\/4727ac7b918c1fd9879a564a16734f2c\"},\"headline\":\"Am weltweiten Tag des Snowboardings, dem 13. M\u00e4rz, wird das Verm\u00e4chtnis von Jake Burton Carpenter gew\u00fcrdigt\",\"datePublished\":\"2020-02-26T12:22:00+00:00\",\"dateModified\":\"2020-02-29T12:52:35+00:00\",\"mainEntityOfPage\":{\"@id\":\"https:\/\/boardgeneration.ch\/en\/am-13-marz-wird-am-weltweiten-tag-des-snowboardens-das-vermachtnis-von-jake-burton-carpenter-gefeiert\/\"},\"wordCount\":622,\"commentCount\":0,\"publisher\":{\"@id\":\"https:\/\/boardgeneration.ch\/#organization\"},\"image\":{\"@id\":\"https:\/\/boardgeneration.ch\/en\/am-13-marz-wird-am-weltweiten-tag-des-snowboardens-das-vermachtnis-von-jake-burton-carpenter-gefeiert\/#primaryimage\"},\"thumbnailUrl\":\"https:\/\/boardgeneration.ch\/wp-content\/uploads\/2020\/02\/A_DAY_FOR_JAKE.png\",\"articleSection\":[\"event\",\"news\"],\"inLanguage\":\"en-GB\",\"potentialAction\":[{\"@type\":\"CommentAction\",\"name\":\"Comment\",\"target\":[\"https:\/\/boardgeneration.ch\/en\/am-13-marz-wird-am-weltweiten-tag-des-snowboardens-das-vermachtnis-von-jake-burton-carpenter-gefeiert\/#respond\"]}]},{\"@type\":\"WebPage\",\"@id\":\"https:\/\/boardgeneration.ch\/en\/am-13-marz-wird-am-weltweiten-tag-des-snowboardens-das-vermachtnis-von-jake-burton-carpenter-gefeiert\/\",\"url\":\"https:\/\/boardgeneration.ch\/en\/am-13-marz-wird-am-weltweiten-tag-des-snowboardens-das-vermachtnis-von-jake-burton-carpenter-gefeiert\/\",\"name\":\"Am weltweiten Tag des Snowboardings, dem 13. M\u00e4rz, wird das Verm\u00e4chtnis von Jake Burton Carpenter gew\u00fcrdigt - Board Generation\",\"isPartOf\":{\"@id\":\"https:\/\/boardgeneration.ch\/#website\"},\"primaryImageOfPage\":{\"@id\":\"https:\/\/boardgeneration.ch\/en\/am-13-marz-wird-am-weltweiten-tag-des-snowboardens-das-vermachtnis-von-jake-burton-carpenter-gefeiert\/#primaryimage\"},\"image\":{\"@id\":\"https:\/\/boardgeneration.ch\/en\/am-13-marz-wird-am-weltweiten-tag-des-snowboardens-das-vermachtnis-von-jake-burton-carpenter-gefeiert\/#primaryimage\"},\"thumbnailUrl\":\"https:\/\/boardgeneration.ch\/wp-content\/uploads\/2020\/02\/A_DAY_FOR_JAKE.png\",\"datePublished\":\"2020-02-26T12:22:00+00:00\",\"dateModified\":\"2020-02-29T12:52:35+00:00\",\"breadcrumb\":{\"@id\":\"https:\/\/boardgeneration.ch\/en\/am-13-marz-wird-am-weltweiten-tag-des-snowboardens-das-vermachtnis-von-jake-burton-carpenter-gefeiert\/#breadcrumb\"},\"inLanguage\":\"en-GB\",\"potentialAction\":[{\"@type\":\"ReadAction\",\"target\":[\"https:\/\/boardgeneration.ch\/en\/am-13-marz-wird-am-weltweiten-tag-des-snowboardens-das-vermachtnis-von-jake-burton-carpenter-gefeiert\/\"]}]},{\"@type\":\"ImageObject\",\"inLanguage\":\"en-GB\",\"@id\":\"https:\/\/boardgeneration.ch\/en\/am-13-marz-wird-am-weltweiten-tag-des-snowboardens-das-vermachtnis-von-jake-burton-carpenter-gefeiert\/#primaryimage\",\"url\":\"https:\/\/boardgeneration.ch\/wp-content\/uploads\/2020\/02\/A_DAY_FOR_JAKE.png\",\"contentUrl\":\"https:\/\/boardgeneration.ch\/wp-content\/uploads\/2020\/02\/A_DAY_FOR_JAKE.png\",\"width\":1265,\"height\":573},{\"@type\":\"BreadcrumbList\",\"@id\":\"https:\/\/boardgeneration.ch\/en\/am-13-marz-wird-am-weltweiten-tag-des-snowboardens-das-vermachtnis-von-jake-burton-carpenter-gefeiert\/#breadcrumb\",\"itemListElement\":[{\"@type\":\"ListItem\",\"position\":1,\"name\":\"Startseite\",\"item\":\"https:\/\/boardgeneration.ch\/\"},{\"@type\":\"ListItem\",\"position\":2,\"name\":\"Am weltweiten Tag des Snowboardings, dem 13. M\u00e4rz, wird das Verm\u00e4chtnis von Jake Burton Carpenter gew\u00fcrdigt\"}]},{\"@type\":\"WebSite\",\"@id\":\"https:\/\/boardgeneration.ch\/#website\",\"url\":\"https:\/\/boardgeneration.ch\/\",\"name\":\"board generation\",\"description\":\"Back to the Roots\",\"publisher\":{\"@id\":\"https:\/\/boardgeneration.ch\/#organization\"},\"potentialAction\":[{\"@type\":\"SearchAction\",\"target\":{\"@type\":\"EntryPoint\",\"urlTemplate\":\"https:\/\/boardgeneration.ch\/?s={search_term_string}\"},\"query-input\":{\"@type\":\"PropertyValueSpecification\",\"valueRequired\":true,\"valueName\":\"search_term_string\"}}],\"inLanguage\":\"en-GB\"},{\"@type\":\"Organization\",\"@id\":\"https:\/\/boardgeneration.ch\/#organization\",\"name\":\"board generation\",\"url\":\"https:\/\/boardgeneration.ch\/\",\"logo\":{\"@type\":\"ImageObject\",\"inLanguage\":\"en-GB\",\"@id\":\"https:\/\/boardgeneration.ch\/#\/schema\/logo\/image\/\",\"url\":\"https:\/\/boardgeneration.ch\/wp-content\/uploads\/2019\/01\/bg-logo_mit_Text.png\",\"contentUrl\":\"https:\/\/boardgeneration.ch\/wp-content\/uploads\/2019\/01\/bg-logo_mit_Text.png\",\"width\":1040,\"height\":1155,\"caption\":\"board generation\"},\"image\":{\"@id\":\"https:\/\/boardgeneration.ch\/#\/schema\/logo\/image\/\"},\"sameAs\":[\"https:\/\/www.facebook.com\/boardgeneration.ch\",\"https:\/\/x.com\/boardgen\",\"https:\/\/www.instagram.com\/boardgen\/\"]},{\"@type\":\"Person\",\"@id\":\"https:\/\/boardgeneration.ch\/#\/schema\/person\/4727ac7b918c1fd9879a564a16734f2c\",\"name\":\"Pressedienst\",\"image\":{\"@type\":\"ImageObject\",\"inLanguage\":\"en-GB\",\"@id\":\"https:\/\/boardgeneration.ch\/#\/schema\/person\/image\/\",\"url\":\"https:\/\/boardgeneration.ch\/wp-content\/uploads\/2019\/10\/Pile-of-letters-96x96.jpg\",\"contentUrl\":\"https:\/\/boardgeneration.ch\/wp-content\/uploads\/2019\/10\/Pile-of-letters-96x96.jpg\",\"caption\":\"Pressedienst\"},\"url\":\"https:\/\/boardgeneration.ch\/en\/author\/pressedienst\/\"}]}<\/script>\n<!-- \/ Yoast SEO plugin. -->","yoast_head_json":{"title":"Am weltweiten Tag des Snowboardings, dem 13. M\u00e4rz, wird das Verm\u00e4chtnis von Jake Burton Carpenter gew\u00fcrdigt - Board Generation","robots":{"index":"index","follow":"follow","max-snippet":"max-snippet:-1","max-image-preview":"max-image-preview:large","max-video-preview":"max-video-preview:-1"},"canonical":"https:\/\/boardgeneration.ch\/en\/am-13-marz-wird-am-weltweiten-tag-des-snowboardens-das-vermachtnis-von-jake-burton-carpenter-gefeiert\/","og_locale":"en_GB","og_type":"article","og_title":"Am weltweiten Tag des Snowboardings, dem 13. M\u00e4rz, wird das Verm\u00e4chtnis von Jake Burton Carpenter gew\u00fcrdigt - Board Generation","og_description":"Jake Burton Carpenter gr\u00fcndete Burton Snowboards im Jahre 1977 in seiner Scheune in Vermont und widmete den Rest seines Lebens dem Snowboarden. \u00dcber die n\u00e4chsten 42 Jahre hinweg setzte sich Jake als Vorreiter f\u00fcr die Verbreitung von Snowboarding ein, er machte aus einem Hinterhof-Hobby einen Weltklassesport, indem er bahnbrechende Produkte kreierte, ein Team von erstklassigen [&hellip;]","og_url":"https:\/\/boardgeneration.ch\/en\/am-13-marz-wird-am-weltweiten-tag-des-snowboardens-das-vermachtnis-von-jake-burton-carpenter-gefeiert\/","og_site_name":"Board Generation","article_publisher":"https:\/\/www.facebook.com\/boardgeneration.ch","article_published_time":"2020-02-26T12:22:00+00:00","article_modified_time":"2020-02-29T12:52:35+00:00","og_image":[{"width":1265,"height":573,"url":"https:\/\/boardgeneration.ch\/wp-content\/uploads\/2020\/02\/A_DAY_FOR_JAKE.png","type":"image\/png"}],"author":"Pressedienst","twitter_card":"summary_large_image","twitter_creator":"@boardgen","twitter_site":"@boardgen","twitter_misc":{"Written by":"Pressedienst","Estimated reading time":"3 minutes"},"schema":{"@context":"https:\/\/schema.org","@graph":[{"@type":"Article","@id":"https:\/\/boardgeneration.ch\/en\/am-13-marz-wird-am-weltweiten-tag-des-snowboardens-das-vermachtnis-von-jake-burton-carpenter-gefeiert\/#article","isPartOf":{"@id":"https:\/\/boardgeneration.ch\/en\/am-13-marz-wird-am-weltweiten-tag-des-snowboardens-das-vermachtnis-von-jake-burton-carpenter-gefeiert\/"},"author":{"name":"Pressedienst","@id":"https:\/\/boardgeneration.ch\/#\/schema\/person\/4727ac7b918c1fd9879a564a16734f2c"},"headline":"Am weltweiten Tag des Snowboardings, dem 13. M\u00e4rz, wird das Verm\u00e4chtnis von Jake Burton Carpenter gew\u00fcrdigt","datePublished":"2020-02-26T12:22:00+00:00","dateModified":"2020-02-29T12:52:35+00:00","mainEntityOfPage":{"@id":"https:\/\/boardgeneration.ch\/en\/am-13-marz-wird-am-weltweiten-tag-des-snowboardens-das-vermachtnis-von-jake-burton-carpenter-gefeiert\/"},"wordCount":622,"commentCount":0,"publisher":{"@id":"https:\/\/boardgeneration.ch\/#organization"},"image":{"@id":"https:\/\/boardgeneration.ch\/en\/am-13-marz-wird-am-weltweiten-tag-des-snowboardens-das-vermachtnis-von-jake-burton-carpenter-gefeiert\/#primaryimage"},"thumbnailUrl":"https:\/\/boardgeneration.ch\/wp-content\/uploads\/2020\/02\/A_DAY_FOR_JAKE.png","articleSection":["event","news"],"inLanguage":"en-GB","potentialAction":[{"@type":"CommentAction","name":"Comment","target":["https:\/\/boardgeneration.ch\/en\/am-13-marz-wird-am-weltweiten-tag-des-snowboardens-das-vermachtnis-von-jake-burton-carpenter-gefeiert\/#respond"]}]},{"@type":"WebPage","@id":"https:\/\/boardgeneration.ch\/en\/am-13-marz-wird-am-weltweiten-tag-des-snowboardens-das-vermachtnis-von-jake-burton-carpenter-gefeiert\/","url":"https:\/\/boardgeneration.ch\/en\/am-13-marz-wird-am-weltweiten-tag-des-snowboardens-das-vermachtnis-von-jake-burton-carpenter-gefeiert\/","name":"Am weltweiten Tag des Snowboardings, dem 13. M\u00e4rz, wird das Verm\u00e4chtnis von Jake Burton Carpenter gew\u00fcrdigt - Board Generation","isPartOf":{"@id":"https:\/\/boardgeneration.ch\/#website"},"primaryImageOfPage":{"@id":"https:\/\/boardgeneration.ch\/en\/am-13-marz-wird-am-weltweiten-tag-des-snowboardens-das-vermachtnis-von-jake-burton-carpenter-gefeiert\/#primaryimage"},"image":{"@id":"https:\/\/boardgeneration.ch\/en\/am-13-marz-wird-am-weltweiten-tag-des-snowboardens-das-vermachtnis-von-jake-burton-carpenter-gefeiert\/#primaryimage"},"thumbnailUrl":"https:\/\/boardgeneration.ch\/wp-content\/uploads\/2020\/02\/A_DAY_FOR_JAKE.png","datePublished":"2020-02-26T12:22:00+00:00","dateModified":"2020-02-29T12:52:35+00:00","breadcrumb":{"@id":"https:\/\/boardgeneration.ch\/en\/am-13-marz-wird-am-weltweiten-tag-des-snowboardens-das-vermachtnis-von-jake-burton-carpenter-gefeiert\/#breadcrumb"},"inLanguage":"en-GB","potentialAction":[{"@type":"ReadAction","target":["https:\/\/boardgeneration.ch\/en\/am-13-marz-wird-am-weltweiten-tag-des-snowboardens-das-vermachtnis-von-jake-burton-carpenter-gefeiert\/"]}]},{"@type":"ImageObject","inLanguage":"en-GB","@id":"https:\/\/boardgeneration.ch\/en\/am-13-marz-wird-am-weltweiten-tag-des-snowboardens-das-vermachtnis-von-jake-burton-carpenter-gefeiert\/#primaryimage","url":"https:\/\/boardgeneration.ch\/wp-content\/uploads\/2020\/02\/A_DAY_FOR_JAKE.png","contentUrl":"https:\/\/boardgeneration.ch\/wp-content\/uploads\/2020\/02\/A_DAY_FOR_JAKE.png","width":1265,"height":573},{"@type":"BreadcrumbList","@id":"https:\/\/boardgeneration.ch\/en\/am-13-marz-wird-am-weltweiten-tag-des-snowboardens-das-vermachtnis-von-jake-burton-carpenter-gefeiert\/#breadcrumb","itemListElement":[{"@type":"ListItem","position":1,"name":"Startseite","item":"https:\/\/boardgeneration.ch\/"},{"@type":"ListItem","position":2,"name":"Am weltweiten Tag des Snowboardings, dem 13. M\u00e4rz, wird das Verm\u00e4chtnis von Jake Burton Carpenter gew\u00fcrdigt"}]},{"@type":"WebSite","@id":"https:\/\/boardgeneration.ch\/#website","url":"https:\/\/boardgeneration.ch\/","name":"board generation","description":"Back to the Roots","publisher":{"@id":"https:\/\/boardgeneration.ch\/#organization"},"potentialAction":[{"@type":"SearchAction","target":{"@type":"EntryPoint","urlTemplate":"https:\/\/boardgeneration.ch\/?s={search_term_string}"},"query-input":{"@type":"PropertyValueSpecification","valueRequired":true,"valueName":"search_term_string"}}],"inLanguage":"en-GB"},{"@type":"Organization","@id":"https:\/\/boardgeneration.ch\/#organization","name":"board generation","url":"https:\/\/boardgeneration.ch\/","logo":{"@type":"ImageObject","inLanguage":"en-GB","@id":"https:\/\/boardgeneration.ch\/#\/schema\/logo\/image\/","url":"https:\/\/boardgeneration.ch\/wp-content\/uploads\/2019\/01\/bg-logo_mit_Text.png","contentUrl":"https:\/\/boardgeneration.ch\/wp-content\/uploads\/2019\/01\/bg-logo_mit_Text.png","width":1040,"height":1155,"caption":"board generation"},"image":{"@id":"https:\/\/boardgeneration.ch\/#\/schema\/logo\/image\/"},"sameAs":["https:\/\/www.facebook.com\/boardgeneration.ch","https:\/\/x.com\/boardgen","https:\/\/www.instagram.com\/boardgen\/"]},{"@type":"Person","@id":"https:\/\/boardgeneration.ch\/#\/schema\/person\/4727ac7b918c1fd9879a564a16734f2c","name":"Press service","image":{"@type":"ImageObject","inLanguage":"en-GB","@id":"https:\/\/boardgeneration.ch\/#\/schema\/person\/image\/","url":"https:\/\/boardgeneration.ch\/wp-content\/uploads\/2019\/10\/Pile-of-letters-96x96.jpg","contentUrl":"https:\/\/boardgeneration.ch\/wp-content\/uploads\/2019\/10\/Pile-of-letters-96x96.jpg","caption":"Pressedienst"},"url":"https:\/\/boardgeneration.ch\/en\/author\/pressedienst\/"}]}},"jetpack_featured_media_url":"https:\/\/boardgeneration.ch\/wp-content\/uploads\/2020\/02\/A_DAY_FOR_JAKE.png","jetpack_sharing_enabled":true,"amp_enabled":true,"_links":{"self":[{"href":"https:\/\/boardgeneration.ch\/en\/wp-json\/wp\/v2\/posts\/2161","targetHints":{"allow":["GET"]}}],"collection":[{"href":"https:\/\/boardgeneration.ch\/en\/wp-json\/wp\/v2\/posts"}],"about":[{"href":"https:\/\/boardgeneration.ch\/en\/wp-json\/wp\/v2\/types\/post"}],"author":[{"embeddable":true,"href":"https:\/\/boardgeneration.ch\/en\/wp-json\/wp\/v2\/users\/3"}],"replies":[{"embeddable":true,"href":"https:\/\/boardgeneration.ch\/en\/wp-json\/wp\/v2\/comments?post=2161"}],"version-history":[{"count":5,"href":"https:\/\/boardgeneration.ch\/en\/wp-json\/wp\/v2\/posts\/2161\/revisions"}],"predecessor-version":[{"id":2172,"href":"https:\/\/boardgeneration.ch\/en\/wp-json\/wp\/v2\/posts\/2161\/revisions\/2172"}],"wp:featuredmedia":[{"embeddable":true,"href":"https:\/\/boardgeneration.ch\/en\/wp-json\/wp\/v2\/media\/2163"}],"wp:attachment":[{"href":"https:\/\/boardgeneration.ch\/en\/wp-json\/wp\/v2\/media?parent=2161"}],"wp:term":[{"taxonomy":"category","embeddable":true,"href":"https:\/\/boardgeneration.ch\/en\/wp-json\/wp\/v2\/categories?post=2161"},{"taxonomy":"post_tag","embeddable":true,"href":"https:\/\/boardgeneration.ch\/en\/wp-json\/wp\/v2\/tags?post=2161"}],"curies":[{"name":"wp","href":"https:\/\/api.w.org\/{rel}","templated":true}]}}