{"id":2206,"date":"2020-03-04T21:32:53","date_gmt":"2020-03-04T20:32:53","guid":{"rendered":"https:\/\/boardgeneration.ch\/?p=2206"},"modified":"2020-03-05T21:39:55","modified_gmt":"2020-03-05T20:39:55","slug":"7-zillertal-valley-ralley","status":"publish","type":"post","link":"https:\/\/boardgeneration.ch\/en\/7-zillertal-valley-ralley\/","title":{"rendered":"7th Zillertal V\u00c4LLEY R\u00c4LLEY"},"content":{"rendered":"<span class=\"span-reading-time rt-reading-time\" style=\"display: block;\"><span class=\"rt-label rt-prefix\">Reading time: <\/span> <span class=\"rt-time\"> 3<\/span> <span class=\"rt-label rt-postfix\">minutes<\/span><\/span>\n<p><strong>Over a hundred snowboarders from all over Europe gathered for the 3rd Zillertal V\u00c4LLEY R\u00c4LLEY Tourstops hosted by Blue Tomato &amp; Ride Snowboards on 29 February and 01 March 2020 in Mayrhofen-Hippach in the Zillertal. Andreas MonEpic Monsberger has summarized the highlights and results from the Mayrhofner Penken Park in a video: <\/strong><\/p>\n\n\n\n<figure class=\"wp-block-embed-vimeo wp-block-embed is-type-video is-provider-vimeo wp-embed-aspect-16-9 wp-has-aspect-ratio\"><div class=\"wp-block-embed__wrapper\">\n<iframe loading=\"lazy\" title=\"Zillertal V\u00c4LLEY R\u00c4LLEY 19\/20 - 3rd tour stop &quot;Penken Park - Mayrhofen\" src=\"https:\/\/player.vimeo.com\/video\/395435850?dnt=1&amp;app_id=122963\" width=\"740\" height=\"416\" frameborder=\"0\" allow=\"autoplay; fullscreen\" allowfullscreen><\/iframe>\n<\/div><\/figure>\n\n\n\n<p>To the 3rd.\nZillertal V\u00c4LLEY R\u00c4LLEY Tourstop hosted by Blue Tomato &amp; Ride Snowboards\nthe Mayrhofner Penken Park shone once again with a perfect setup. And\nBesides coaching sessions and Limbo Ride, the popular Penken Fun Ride\nBattle already on Saturday for many lucky winners. The best time was provided by \u00c4sthetiker\nCoach and snowboard legend Friedl Kolar (AUT) with 38:53 seconds. Friedl\nwon gold ahead of Germany team coach Niko Kyriazis, who beat him 39:16\nwith 39:16 seconds. Aesthetician President Steve came in third\nGruber took the men's podium with a time of 39:63 seconds. <\/p>\n\n\n\n<figure class=\"wp-block-image size-large is-style-default\"><img loading=\"lazy\" decoding=\"async\" width=\"1024\" height=\"683\" data-attachment-id=\"2207\" data-permalink=\"https:\/\/boardgeneration.ch\/en\/7-zillertal-valley-ralley\/20-02-29_zvr_penken_park_coaching_day____by_gustav_hersmann_0151_lowres\/\" data-orig-file=\"https:\/\/boardgeneration.ch\/wp-content\/uploads\/2020\/03\/20-02-29_zvr_Penken_Park_Coaching_Day____by_Gustav_Hersmann_0151_lowres.jpg\" data-orig-size=\"1600,1067\" data-comments-opened=\"1\" data-image-meta=\"{&quot;aperture&quot;:&quot;0&quot;,&quot;credit&quot;:&quot;&quot;,&quot;camera&quot;:&quot;&quot;,&quot;caption&quot;:&quot;&quot;,&quot;created_timestamp&quot;:&quot;0&quot;,&quot;copyright&quot;:&quot;&quot;,&quot;focal_length&quot;:&quot;0&quot;,&quot;iso&quot;:&quot;0&quot;,&quot;shutter_speed&quot;:&quot;0&quot;,&quot;title&quot;:&quot;&quot;,&quot;orientation&quot;:&quot;0&quot;}\" data-image-title=\"Penken_Park_Coaching_Day\" data-image-description=\"\" data-image-caption=\"&lt;p&gt;Penken Park &#8211; Coaching Day&lt;\/p&gt;\" data-medium-file=\"https:\/\/boardgeneration.ch\/wp-content\/uploads\/2020\/03\/20-02-29_zvr_Penken_Park_Coaching_Day____by_Gustav_Hersmann_0151_lowres-300x200.jpg\" data-large-file=\"https:\/\/boardgeneration.ch\/wp-content\/uploads\/2020\/03\/20-02-29_zvr_Penken_Park_Coaching_Day____by_Gustav_Hersmann_0151_lowres-1024x683.jpg\" src=\"https:\/\/boardgeneration.ch\/wp-content\/uploads\/2020\/03\/20-02-29_zvr_Penken_Park_Coaching_Day____by_Gustav_Hersmann_0151_lowres-1024x683.jpg\" alt=\"\" class=\"wp-image-2207\" srcset=\"https:\/\/boardgeneration.ch\/wp-content\/uploads\/2020\/03\/20-02-29_zvr_Penken_Park_Coaching_Day____by_Gustav_Hersmann_0151_lowres-1024x683.jpg 1024w, https:\/\/boardgeneration.ch\/wp-content\/uploads\/2020\/03\/20-02-29_zvr_Penken_Park_Coaching_Day____by_Gustav_Hersmann_0151_lowres-300x200.jpg 300w, https:\/\/boardgeneration.ch\/wp-content\/uploads\/2020\/03\/20-02-29_zvr_Penken_Park_Coaching_Day____by_Gustav_Hersmann_0151_lowres-768x512.jpg 768w, https:\/\/boardgeneration.ch\/wp-content\/uploads\/2020\/03\/20-02-29_zvr_Penken_Park_Coaching_Day____by_Gustav_Hersmann_0151_lowres-1536x1024.jpg 1536w, https:\/\/boardgeneration.ch\/wp-content\/uploads\/2020\/03\/20-02-29_zvr_Penken_Park_Coaching_Day____by_Gustav_Hersmann_0151_lowres-512x341.jpg 512w, https:\/\/boardgeneration.ch\/wp-content\/uploads\/2020\/03\/20-02-29_zvr_Penken_Park_Coaching_Day____by_Gustav_Hersmann_0151_lowres.jpg 1600w\" sizes=\"auto, (max-width: 1024px) 100vw, 1024px\" \/><figcaption><span class=\"media-credit\">Gustav Hersmann<\/span> Penken Park - Coaching Day<\/figcaption><\/figure>\n\n\n\n<p>With the ladies\nlast year's winner Anna Lora (AUT) was at the top of the podium and Elias\nFrantisek (CZE) won in the rookie class. From the international\nLucia Plur de la Rosa (GER) and Valery Sytykh (BLR) provided the drivers' field\nthe best times at the Groms. while Ella Gorcsosova (SVK) and Max\nG\u00f6pel (GER) led the Super Groms with best time. <\/p>\n\n\n\n<figure class=\"wp-block-image size-large is-style-default\"><img loading=\"lazy\" decoding=\"async\" width=\"1024\" height=\"683\" data-attachment-id=\"2214\" data-permalink=\"https:\/\/boardgeneration.ch\/en\/7-zillertal-valley-ralley\/moritz-breu\/\" data-orig-file=\"https:\/\/boardgeneration.ch\/wp-content\/uploads\/2020\/03\/20-03-01_zvr_Penken_Park_Contest__Moritz-Breu__by_Gustav_Hersmann_0128_lowres.jpg\" data-orig-size=\"1600,1067\" data-comments-opened=\"1\" data-image-meta=\"{&quot;aperture&quot;:&quot;0&quot;,&quot;credit&quot;:&quot;&quot;,&quot;camera&quot;:&quot;&quot;,&quot;caption&quot;:&quot;&quot;,&quot;created_timestamp&quot;:&quot;0&quot;,&quot;copyright&quot;:&quot;&quot;,&quot;focal_length&quot;:&quot;0&quot;,&quot;iso&quot;:&quot;0&quot;,&quot;shutter_speed&quot;:&quot;0&quot;,&quot;title&quot;:&quot;&quot;,&quot;orientation&quot;:&quot;0&quot;}\" data-image-title=\"Penken_Park_Contest__Moritz-Breu\" data-image-description=\"\" data-image-caption=\"&lt;p&gt;Penken Park Contest. Rider: Moritz Breu&lt;\/p&gt;\" data-medium-file=\"https:\/\/boardgeneration.ch\/wp-content\/uploads\/2020\/03\/20-03-01_zvr_Penken_Park_Contest__Moritz-Breu__by_Gustav_Hersmann_0128_lowres-300x200.jpg\" data-large-file=\"https:\/\/boardgeneration.ch\/wp-content\/uploads\/2020\/03\/20-03-01_zvr_Penken_Park_Contest__Moritz-Breu__by_Gustav_Hersmann_0128_lowres-1024x683.jpg\" src=\"https:\/\/boardgeneration.ch\/wp-content\/uploads\/2020\/03\/20-03-01_zvr_Penken_Park_Contest__Moritz-Breu__by_Gustav_Hersmann_0128_lowres-1024x683.jpg\" alt=\"\" class=\"wp-image-2214\" srcset=\"https:\/\/boardgeneration.ch\/wp-content\/uploads\/2020\/03\/20-03-01_zvr_Penken_Park_Contest__Moritz-Breu__by_Gustav_Hersmann_0128_lowres-1024x683.jpg 1024w, https:\/\/boardgeneration.ch\/wp-content\/uploads\/2020\/03\/20-03-01_zvr_Penken_Park_Contest__Moritz-Breu__by_Gustav_Hersmann_0128_lowres-300x200.jpg 300w, https:\/\/boardgeneration.ch\/wp-content\/uploads\/2020\/03\/20-03-01_zvr_Penken_Park_Contest__Moritz-Breu__by_Gustav_Hersmann_0128_lowres-768x512.jpg 768w, https:\/\/boardgeneration.ch\/wp-content\/uploads\/2020\/03\/20-03-01_zvr_Penken_Park_Contest__Moritz-Breu__by_Gustav_Hersmann_0128_lowres-1536x1024.jpg 1536w, https:\/\/boardgeneration.ch\/wp-content\/uploads\/2020\/03\/20-03-01_zvr_Penken_Park_Contest__Moritz-Breu__by_Gustav_Hersmann_0128_lowres-512x341.jpg 512w, https:\/\/boardgeneration.ch\/wp-content\/uploads\/2020\/03\/20-03-01_zvr_Penken_Park_Contest__Moritz-Breu__by_Gustav_Hersmann_0128_lowres.jpg 1600w\" sizes=\"auto, (max-width: 1024px) 100vw, 1024px\" \/><figcaption><span class=\"media-credit\">Gustav Hersmann<\/span> Penken Park Contest. Rider: Moritz Breu<\/figcaption><\/figure>\n\n\n\n<p>On Sunday presented\nover a hundred snowboard talents from all over Europe show their best tricks at\nbright sunshine. In the end it was Jakub Hrones (CZE) who was\nthe best of the day won the gold medal twice, namely in his\nage group in the Rookie Boys (16-18 years) and in the Open Class of all\nmale driver. In the Rookie Girls' race Marie Hahnl (GER) made it to the very top of the\nat the top of the podium, while Emma Lantos (AUT) is in the Open Class of all\nof female riders with the best score took the victory. <\/p>\n\n\n\n<p>With Serhii\nSanzhapov and Vanessa Volopichova are each one Ukrainian and one\nCzech woman in first place among the Groms (13-15 years). Among the Super Groms\n(under 13 years) Emil Frey from Team Germany and Anna Tomanova (CZE) landed\nin first place in each case. Kristyna Kulik from Team CZE earned herself a\nstylish backflip won the Horsefeathers Best Trick Award. The award of the \"Most\nimpressive Grom of the day\" finally went to 10-year-old Jonas Kr\u00f6ll\nfrom the local snowboard club M-town Riders. <\/p>\n\n\n\n<p>The organization \"Become-a-Pro\" <a href=\"https:\/\/become-a-pro.net\" target=\"_blank\" rel=\"noreferrer noopener\" aria-label=\"https:\/\/become-a-pro.net (opens in a new tab)\">https:\/\/become-a-pro.net<\/a> was present at the 3rd Zillertal V\u00c4LLEY R\u00c4LLEY Tourstop in the Penken Park to give young athletes an easier start into professional sports sponsoring with their platform. <\/p>\n\n\n\n<figure class=\"wp-block-image size-large is-style-default\"><img loading=\"lazy\" decoding=\"async\" width=\"1024\" height=\"660\" data-attachment-id=\"2208\" data-permalink=\"https:\/\/boardgeneration.ch\/en\/7-zillertal-valley-ralley\/20-02-29_zvr_penken_park_coaching_day____by_gustav_hersmann_0205_lowres\/\" data-orig-file=\"https:\/\/boardgeneration.ch\/wp-content\/uploads\/2020\/03\/20-02-29_zvr_Penken_Park_Coaching_Day____by_Gustav_Hersmann_0205_lowres.jpg\" data-orig-size=\"1600,1032\" data-comments-opened=\"1\" data-image-meta=\"{&quot;aperture&quot;:&quot;0&quot;,&quot;credit&quot;:&quot;&quot;,&quot;camera&quot;:&quot;&quot;,&quot;caption&quot;:&quot;&quot;,&quot;created_timestamp&quot;:&quot;0&quot;,&quot;copyright&quot;:&quot;&quot;,&quot;focal_length&quot;:&quot;0&quot;,&quot;iso&quot;:&quot;0&quot;,&quot;shutter_speed&quot;:&quot;0&quot;,&quot;title&quot;:&quot;&quot;,&quot;orientation&quot;:&quot;0&quot;}\" data-image-title=\"20-02-29_zvr_Penken_Park_Coaching_Day____by_Gustav_Hersmann_0205_lowres\" data-image-description=\"\" data-image-caption=\"&lt;p&gt;Penken Park &#8211; Coaching Day&lt;\/p&gt;\" data-medium-file=\"https:\/\/boardgeneration.ch\/wp-content\/uploads\/2020\/03\/20-02-29_zvr_Penken_Park_Coaching_Day____by_Gustav_Hersmann_0205_lowres-300x194.jpg\" data-large-file=\"https:\/\/boardgeneration.ch\/wp-content\/uploads\/2020\/03\/20-02-29_zvr_Penken_Park_Coaching_Day____by_Gustav_Hersmann_0205_lowres-1024x660.jpg\" src=\"https:\/\/boardgeneration.ch\/wp-content\/uploads\/2020\/03\/20-02-29_zvr_Penken_Park_Coaching_Day____by_Gustav_Hersmann_0205_lowres-1024x660.jpg\" alt=\"\" class=\"wp-image-2208\" srcset=\"https:\/\/boardgeneration.ch\/wp-content\/uploads\/2020\/03\/20-02-29_zvr_Penken_Park_Coaching_Day____by_Gustav_Hersmann_0205_lowres-1024x660.jpg 1024w, https:\/\/boardgeneration.ch\/wp-content\/uploads\/2020\/03\/20-02-29_zvr_Penken_Park_Coaching_Day____by_Gustav_Hersmann_0205_lowres-300x194.jpg 300w, https:\/\/boardgeneration.ch\/wp-content\/uploads\/2020\/03\/20-02-29_zvr_Penken_Park_Coaching_Day____by_Gustav_Hersmann_0205_lowres-768x495.jpg 768w, https:\/\/boardgeneration.ch\/wp-content\/uploads\/2020\/03\/20-02-29_zvr_Penken_Park_Coaching_Day____by_Gustav_Hersmann_0205_lowres-1536x991.jpg 1536w, https:\/\/boardgeneration.ch\/wp-content\/uploads\/2020\/03\/20-02-29_zvr_Penken_Park_Coaching_Day____by_Gustav_Hersmann_0205_lowres-512x330.jpg 512w, https:\/\/boardgeneration.ch\/wp-content\/uploads\/2020\/03\/20-02-29_zvr_Penken_Park_Coaching_Day____by_Gustav_Hersmann_0205_lowres.jpg 1600w\" sizes=\"auto, (max-width: 1024px) 100vw, 1024px\" \/><figcaption><span class=\"media-credit\">Gustav Hersmann<\/span> Penken Park - Coaching Day<\/figcaption><\/figure>\n\n\n\n<p>Anna\nSchneeberger from the Mayrhofner Bergbahnen is pleased about the successful event: <em>\"Insanely motivated participants, a great\nevent crew, the top shaped Penken Park, sunshine and lots of good\nAtmosphere - the 3rd Zillertal V\u00e4lley R\u00e4lley tour stop was once again a mega\nWeekend in the mountains. Many thanks to the aestheticians for this ingenious event.\nWe are already looking forward to next year!\" <\/em><\/p>\n\n\n\n<p>With the third\nof four contest results it will be exciting in the V\u00c4LLEY R\u00c4LLEY\nOverall standings. In the Rookie Boys and Overall-Men's ranking Jakub takes over\nHrones took the lead, while Vanessa Volopichova (CZE) took the overall\nGrom girls and jumpsuit ladies. Hollie Smith (GBR) continues to dominate\nthe Rookie Girls rating. Serhii Sanzhapov (UKR) builds up his pole position in the Groms\noff. Emil Frey (GER) and Shania Colsters (NED) will stay on after the 3.\nTour stop in Mayrhofen at the top of the Super Grom Rankings. <\/p>\n\n\n\n<figure class=\"wp-block-image size-medium is-style-default\"><img loading=\"lazy\" decoding=\"async\" width=\"255\" height=\"300\" data-attachment-id=\"2212\" data-permalink=\"https:\/\/boardgeneration.ch\/en\/7-zillertal-valley-ralley\/vr_logo_2019-01\/\" data-orig-file=\"https:\/\/boardgeneration.ch\/wp-content\/uploads\/2020\/03\/VR_Logo_2019-01-scaled.jpg\" data-orig-size=\"2177,2560\" data-comments-opened=\"1\" data-image-meta=\"{&quot;aperture&quot;:&quot;0&quot;,&quot;credit&quot;:&quot;&quot;,&quot;camera&quot;:&quot;&quot;,&quot;caption&quot;:&quot;&quot;,&quot;created_timestamp&quot;:&quot;0&quot;,&quot;copyright&quot;:&quot;&quot;,&quot;focal_length&quot;:&quot;0&quot;,&quot;iso&quot;:&quot;0&quot;,&quot;shutter_speed&quot;:&quot;0&quot;,&quot;title&quot;:&quot;&quot;,&quot;orientation&quot;:&quot;0&quot;}\" data-image-title=\"VR_Logo_2019-01\" data-image-description=\"\" data-image-caption=\"\" data-medium-file=\"https:\/\/boardgeneration.ch\/wp-content\/uploads\/2020\/03\/VR_Logo_2019-01-scaled-255x300.jpg\" data-large-file=\"https:\/\/boardgeneration.ch\/wp-content\/uploads\/2020\/03\/VR_Logo_2019-01-scaled-871x1024.jpg\" src=\"https:\/\/boardgeneration.ch\/wp-content\/uploads\/2020\/03\/VR_Logo_2019-01-scaled-255x300.jpg\" alt=\"\" class=\"wp-image-2212\" srcset=\"https:\/\/boardgeneration.ch\/wp-content\/uploads\/2020\/03\/VR_Logo_2019-01-scaled-255x300.jpg 255w, https:\/\/boardgeneration.ch\/wp-content\/uploads\/2020\/03\/VR_Logo_2019-01-scaled-871x1024.jpg 871w, https:\/\/boardgeneration.ch\/wp-content\/uploads\/2020\/03\/VR_Logo_2019-01-scaled-768x903.jpg 768w, https:\/\/boardgeneration.ch\/wp-content\/uploads\/2020\/03\/VR_Logo_2019-01-scaled-1306x1536.jpg 1306w, https:\/\/boardgeneration.ch\/wp-content\/uploads\/2020\/03\/VR_Logo_2019-01-scaled-1742x2048.jpg 1742w, https:\/\/boardgeneration.ch\/wp-content\/uploads\/2020\/03\/VR_Logo_2019-01-scaled-435x512.jpg 435w\" sizes=\"auto, (max-width: 255px) 100vw, 255px\" \/><figcaption><span class=\"media-credit\">PD<\/span><\/figcaption><\/figure>\n\n\n\n<p>Thus\nJakub Hrones (CZE), Vanessa Volopichova (CZE) and Hollie qualify\nSmith (GBR) for the Austrian Masters in slopestyle. Jakub Hrones (CZE) and\nVanessa Volopichova (CZE) also win as\nnew V\u00c4LLEY R\u00c4LLEY overall Leading between 13 and 18 years (Groms &amp;\nRookies) one wildcard each for the World Rookie Finals 2020. <\/p>\n\n\n\n<p>Further information on <a href=\"http:\/\/www.powdern.com\" target=\"_blank\" rel=\"noreferrer noopener\" aria-label=\"http:\/\/www.powdern.com (opens in a new tab)\">http:\/\/www.powdern.com<\/a> <\/p>\n\n\n\n<p>For the\nParticipation in Mayrhofen there were points on the international World Snowboard\nPoint List (WSPL) and the tour stop counted as ASA (Austrian Snowboard\nAssociation) Austriacup. <\/p>\n\n\n\n<p>At the same time presented\nthe event the official Super Grom Tour Final of all Austrian\nParticipants under 16 years of age: And so comes the 2020 Super Grom Tour winner (U13) Jonas\nKr\u00f6ll from Mayrhofen (AUT). In the U16 class Lukas Behensky (AUT) is happy about\nfirst place. The new Super Grom Tour Girls winner 2020 is Kristina\nWood enemy. <\/p>\n\n\n\n<figure class=\"wp-block-image size-large is-style-default\"><img loading=\"lazy\" decoding=\"async\" width=\"1024\" height=\"683\" data-attachment-id=\"2209\" data-permalink=\"https:\/\/boardgeneration.ch\/en\/7-zillertal-valley-ralley\/blue-tomato\/\" data-orig-file=\"https:\/\/boardgeneration.ch\/wp-content\/uploads\/2020\/03\/20-03-01_zvr_Penken_Park_Contest__Blue-Tomato__by_Gustav_Hersmann_0074_lowres.jpg\" data-orig-size=\"1600,1067\" data-comments-opened=\"1\" data-image-meta=\"{&quot;aperture&quot;:&quot;0&quot;,&quot;credit&quot;:&quot;&quot;,&quot;camera&quot;:&quot;&quot;,&quot;caption&quot;:&quot;&quot;,&quot;created_timestamp&quot;:&quot;0&quot;,&quot;copyright&quot;:&quot;&quot;,&quot;focal_length&quot;:&quot;0&quot;,&quot;iso&quot;:&quot;0&quot;,&quot;shutter_speed&quot;:&quot;0&quot;,&quot;title&quot;:&quot;&quot;,&quot;orientation&quot;:&quot;0&quot;}\" data-image-title=\"Penken_Park_Contest__Blue-Tomato\" data-image-description=\"&lt;p&gt;Penken Park Contest &#8211; Blue Tomato&lt;\/p&gt;\" data-image-caption=\"\" data-medium-file=\"https:\/\/boardgeneration.ch\/wp-content\/uploads\/2020\/03\/20-03-01_zvr_Penken_Park_Contest__Blue-Tomato__by_Gustav_Hersmann_0074_lowres-300x200.jpg\" data-large-file=\"https:\/\/boardgeneration.ch\/wp-content\/uploads\/2020\/03\/20-03-01_zvr_Penken_Park_Contest__Blue-Tomato__by_Gustav_Hersmann_0074_lowres-1024x683.jpg\" src=\"https:\/\/boardgeneration.ch\/wp-content\/uploads\/2020\/03\/20-03-01_zvr_Penken_Park_Contest__Blue-Tomato__by_Gustav_Hersmann_0074_lowres-1024x683.jpg\" alt=\"\" class=\"wp-image-2209\" srcset=\"https:\/\/boardgeneration.ch\/wp-content\/uploads\/2020\/03\/20-03-01_zvr_Penken_Park_Contest__Blue-Tomato__by_Gustav_Hersmann_0074_lowres-1024x683.jpg 1024w, https:\/\/boardgeneration.ch\/wp-content\/uploads\/2020\/03\/20-03-01_zvr_Penken_Park_Contest__Blue-Tomato__by_Gustav_Hersmann_0074_lowres-300x200.jpg 300w, https:\/\/boardgeneration.ch\/wp-content\/uploads\/2020\/03\/20-03-01_zvr_Penken_Park_Contest__Blue-Tomato__by_Gustav_Hersmann_0074_lowres-768x512.jpg 768w, https:\/\/boardgeneration.ch\/wp-content\/uploads\/2020\/03\/20-03-01_zvr_Penken_Park_Contest__Blue-Tomato__by_Gustav_Hersmann_0074_lowres-1536x1024.jpg 1536w, https:\/\/boardgeneration.ch\/wp-content\/uploads\/2020\/03\/20-03-01_zvr_Penken_Park_Contest__Blue-Tomato__by_Gustav_Hersmann_0074_lowres-512x341.jpg 512w, https:\/\/boardgeneration.ch\/wp-content\/uploads\/2020\/03\/20-03-01_zvr_Penken_Park_Contest__Blue-Tomato__by_Gustav_Hersmann_0074_lowres.jpg 1600w\" sizes=\"auto, (max-width: 1024px) 100vw, 1024px\" \/><figcaption><span class=\"media-credit\">Gustav Hersmann<\/span><\/figcaption><\/figure>\n\n\n\n<p>The 25th and 26th.\nApril the big Zillertal V\u00c4LLEY R\u00c4LLEY finals will take place at the Hintertux Glacier\nand the overall tour winners will be announced there after the 4th and last tour stop\ncrowned to the Zillertal V\u00c4LLEY R\u00c4LLEY Royal Family 2020. <\/p>\n\n\n\n<p>The partners of the 3rd tour stop are:<br>The Zillertal Tourism GmbH, the Mayrhofner Bergbahnen with the Penken Park, the Mayrhofen-Hippach Tourism Association in the Zillertal, Blue Tomato, Ride Snowboards, Red Bull, Horsefeathers, Dana Beanies, the World Snowboard Federation (WSF), the Austrian Snowboard Federation (ASA) as well as the World Rookie Tour (WRT). <\/p>\n\n\n\n<p>All results and photos can be found at <a href=\"http:\/\/www.valleyralley.at\" target=\"_blank\" rel=\"noreferrer noopener\" aria-label=\"www.valleyralley.at (opens in a new tab)\">www.valleyralley.at<\/a> or <a href=\"http:\/\/www.zillertal.at\/valleyralley\" target=\"_blank\" rel=\"noreferrer noopener\" aria-label=\"www.zillertal.at\/valleyralley (opens in a new tab)\">www.zillertal.at\/valleyralley<\/a> <\/p>","protected":false},"excerpt":{"rendered":"<p>\u00dcber hundert Snowboarder aus ganz Europa versammelten sich anl\u00e4sslich des 3. Zillertal V\u00c4LLEY R\u00c4LLEY Tourstopps hosted by Blue Tomato &amp; Ride Snowboards am 29. Februar und 01. M\u00e4rz 2020 in Mayrhofen-Hippach im Zillertal. Andreas MonEpic Monsberger hat die Highlights und Ergebnisse aus dem Mayrhofner Penken Park in einem Video zusammengefasst: Zum 3. Zillertal V\u00c4LLEY R\u00c4LLEY [&hellip;]<\/p>\n","protected":false},"author":3,"featured_media":2210,"comment_status":"open","ping_status":"open","sticky":false,"template":"","format":"standard","meta":{"_jetpack_memberships_contains_paid_content":false,"footnotes":""},"categories":[22966],"tags":[],"class_list":["post-2206","post","type-post","status-publish","format-standard","has-post-thumbnail","hentry","category-recap"],"yoast_head":"<!-- This site is optimized with the Yoast SEO plugin v26.8 - https:\/\/yoast.com\/product\/yoast-seo-wordpress\/ -->\n<title>7. Zillertal V\u00c4LLEY R\u00c4LLEY - Board Generation<\/title>\n<meta name=\"robots\" content=\"index, follow, max-snippet:-1, max-image-preview:large, max-video-preview:-1\" \/>\n<link rel=\"canonical\" href=\"https:\/\/boardgeneration.ch\/en\/7-zillertal-valley-ralley\/\" \/>\n<meta property=\"og:locale\" content=\"en_GB\" \/>\n<meta property=\"og:type\" content=\"article\" \/>\n<meta property=\"og:title\" content=\"7. Zillertal V\u00c4LLEY R\u00c4LLEY - Board Generation\" \/>\n<meta property=\"og:description\" content=\"\u00dcber hundert Snowboarder aus ganz Europa versammelten sich anl\u00e4sslich des 3. Zillertal V\u00c4LLEY R\u00c4LLEY Tourstopps hosted by Blue Tomato &amp; Ride Snowboards am 29. Februar und 01. M\u00e4rz 2020 in Mayrhofen-Hippach im Zillertal. Andreas MonEpic Monsberger hat die Highlights und Ergebnisse aus dem Mayrhofner Penken Park in einem Video zusammengefasst: Zum 3. Zillertal V\u00c4LLEY R\u00c4LLEY [&hellip;]\" \/>\n<meta property=\"og:url\" content=\"https:\/\/boardgeneration.ch\/en\/7-zillertal-valley-ralley\/\" \/>\n<meta property=\"og:site_name\" content=\"Board Generation\" \/>\n<meta property=\"article:publisher\" content=\"https:\/\/www.facebook.com\/boardgeneration.ch\" \/>\n<meta property=\"article:published_time\" content=\"2020-03-04T20:32:53+00:00\" \/>\n<meta property=\"article:modified_time\" content=\"2020-03-05T20:39:55+00:00\" \/>\n<meta property=\"og:image\" content=\"https:\/\/boardgeneration.ch\/wp-content\/uploads\/2020\/03\/20-03-01_zvr_Penken_Park_Contest__Dominik-Holzinger__by_Gustav_Hersmann_0091_lowres.jpg\" \/>\n\t<meta property=\"og:image:width\" content=\"1600\" \/>\n\t<meta property=\"og:image:height\" content=\"1115\" \/>\n\t<meta property=\"og:image:type\" content=\"image\/jpeg\" \/>\n<meta name=\"author\" content=\"Pressedienst\" \/>\n<meta name=\"twitter:card\" content=\"summary_large_image\" \/>\n<meta name=\"twitter:creator\" content=\"@boardgen\" \/>\n<meta name=\"twitter:site\" content=\"@boardgen\" \/>\n<meta name=\"twitter:label1\" content=\"Written by\" \/>\n\t<meta name=\"twitter:data1\" content=\"Pressedienst\" \/>\n\t<meta name=\"twitter:label2\" content=\"Estimated reading time\" \/>\n\t<meta name=\"twitter:data2\" content=\"4 minutes\" \/>\n<script type=\"application\/ld+json\" class=\"yoast-schema-graph\">{\"@context\":\"https:\/\/schema.org\",\"@graph\":[{\"@type\":\"Article\",\"@id\":\"https:\/\/boardgeneration.ch\/en\/7-zillertal-valley-ralley\/#article\",\"isPartOf\":{\"@id\":\"https:\/\/boardgeneration.ch\/en\/7-zillertal-valley-ralley\/\"},\"author\":{\"name\":\"Pressedienst\",\"@id\":\"https:\/\/boardgeneration.ch\/#\/schema\/person\/4727ac7b918c1fd9879a564a16734f2c\"},\"headline\":\"7. Zillertal V\u00c4LLEY R\u00c4LLEY\",\"datePublished\":\"2020-03-04T20:32:53+00:00\",\"dateModified\":\"2020-03-05T20:39:55+00:00\",\"mainEntityOfPage\":{\"@id\":\"https:\/\/boardgeneration.ch\/en\/7-zillertal-valley-ralley\/\"},\"wordCount\":823,\"commentCount\":0,\"publisher\":{\"@id\":\"https:\/\/boardgeneration.ch\/#organization\"},\"image\":{\"@id\":\"https:\/\/boardgeneration.ch\/en\/7-zillertal-valley-ralley\/#primaryimage\"},\"thumbnailUrl\":\"https:\/\/boardgeneration.ch\/wp-content\/uploads\/2020\/03\/20-03-01_zvr_Penken_Park_Contest__Dominik-Holzinger__by_Gustav_Hersmann_0091_lowres.jpg\",\"articleSection\":[\"recap\"],\"inLanguage\":\"en-GB\",\"potentialAction\":[{\"@type\":\"CommentAction\",\"name\":\"Comment\",\"target\":[\"https:\/\/boardgeneration.ch\/en\/7-zillertal-valley-ralley\/#respond\"]}]},{\"@type\":\"WebPage\",\"@id\":\"https:\/\/boardgeneration.ch\/en\/7-zillertal-valley-ralley\/\",\"url\":\"https:\/\/boardgeneration.ch\/en\/7-zillertal-valley-ralley\/\",\"name\":\"7. Zillertal V\u00c4LLEY R\u00c4LLEY - Board Generation\",\"isPartOf\":{\"@id\":\"https:\/\/boardgeneration.ch\/#website\"},\"primaryImageOfPage\":{\"@id\":\"https:\/\/boardgeneration.ch\/en\/7-zillertal-valley-ralley\/#primaryimage\"},\"image\":{\"@id\":\"https:\/\/boardgeneration.ch\/en\/7-zillertal-valley-ralley\/#primaryimage\"},\"thumbnailUrl\":\"https:\/\/boardgeneration.ch\/wp-content\/uploads\/2020\/03\/20-03-01_zvr_Penken_Park_Contest__Dominik-Holzinger__by_Gustav_Hersmann_0091_lowres.jpg\",\"datePublished\":\"2020-03-04T20:32:53+00:00\",\"dateModified\":\"2020-03-05T20:39:55+00:00\",\"breadcrumb\":{\"@id\":\"https:\/\/boardgeneration.ch\/en\/7-zillertal-valley-ralley\/#breadcrumb\"},\"inLanguage\":\"en-GB\",\"potentialAction\":[{\"@type\":\"ReadAction\",\"target\":[\"https:\/\/boardgeneration.ch\/en\/7-zillertal-valley-ralley\/\"]}]},{\"@type\":\"ImageObject\",\"inLanguage\":\"en-GB\",\"@id\":\"https:\/\/boardgeneration.ch\/en\/7-zillertal-valley-ralley\/#primaryimage\",\"url\":\"https:\/\/boardgeneration.ch\/wp-content\/uploads\/2020\/03\/20-03-01_zvr_Penken_Park_Contest__Dominik-Holzinger__by_Gustav_Hersmann_0091_lowres.jpg\",\"contentUrl\":\"https:\/\/boardgeneration.ch\/wp-content\/uploads\/2020\/03\/20-03-01_zvr_Penken_Park_Contest__Dominik-Holzinger__by_Gustav_Hersmann_0091_lowres.jpg\",\"width\":1600,\"height\":1115,\"caption\":\"Penken Park Contest. Rider: Dominik Holzinger\"},{\"@type\":\"BreadcrumbList\",\"@id\":\"https:\/\/boardgeneration.ch\/en\/7-zillertal-valley-ralley\/#breadcrumb\",\"itemListElement\":[{\"@type\":\"ListItem\",\"position\":1,\"name\":\"Startseite\",\"item\":\"https:\/\/boardgeneration.ch\/\"},{\"@type\":\"ListItem\",\"position\":2,\"name\":\"7. Zillertal V\u00c4LLEY R\u00c4LLEY\"}]},{\"@type\":\"WebSite\",\"@id\":\"https:\/\/boardgeneration.ch\/#website\",\"url\":\"https:\/\/boardgeneration.ch\/\",\"name\":\"board generation\",\"description\":\"Back to the Roots\",\"publisher\":{\"@id\":\"https:\/\/boardgeneration.ch\/#organization\"},\"potentialAction\":[{\"@type\":\"SearchAction\",\"target\":{\"@type\":\"EntryPoint\",\"urlTemplate\":\"https:\/\/boardgeneration.ch\/?s={search_term_string}\"},\"query-input\":{\"@type\":\"PropertyValueSpecification\",\"valueRequired\":true,\"valueName\":\"search_term_string\"}}],\"inLanguage\":\"en-GB\"},{\"@type\":\"Organization\",\"@id\":\"https:\/\/boardgeneration.ch\/#organization\",\"name\":\"board generation\",\"url\":\"https:\/\/boardgeneration.ch\/\",\"logo\":{\"@type\":\"ImageObject\",\"inLanguage\":\"en-GB\",\"@id\":\"https:\/\/boardgeneration.ch\/#\/schema\/logo\/image\/\",\"url\":\"https:\/\/boardgeneration.ch\/wp-content\/uploads\/2019\/01\/bg-logo_mit_Text.png\",\"contentUrl\":\"https:\/\/boardgeneration.ch\/wp-content\/uploads\/2019\/01\/bg-logo_mit_Text.png\",\"width\":1040,\"height\":1155,\"caption\":\"board generation\"},\"image\":{\"@id\":\"https:\/\/boardgeneration.ch\/#\/schema\/logo\/image\/\"},\"sameAs\":[\"https:\/\/www.facebook.com\/boardgeneration.ch\",\"https:\/\/x.com\/boardgen\",\"https:\/\/www.instagram.com\/boardgen\/\"]},{\"@type\":\"Person\",\"@id\":\"https:\/\/boardgeneration.ch\/#\/schema\/person\/4727ac7b918c1fd9879a564a16734f2c\",\"name\":\"Pressedienst\",\"image\":{\"@type\":\"ImageObject\",\"inLanguage\":\"en-GB\",\"@id\":\"https:\/\/boardgeneration.ch\/#\/schema\/person\/image\/\",\"url\":\"https:\/\/boardgeneration.ch\/wp-content\/uploads\/2019\/10\/Pile-of-letters-96x96.jpg\",\"contentUrl\":\"https:\/\/boardgeneration.ch\/wp-content\/uploads\/2019\/10\/Pile-of-letters-96x96.jpg\",\"caption\":\"Pressedienst\"},\"url\":\"https:\/\/boardgeneration.ch\/en\/author\/pressedienst\/\"}]}<\/script>\n<!-- \/ Yoast SEO plugin. -->","yoast_head_json":{"title":"7. Zillertal V\u00c4LLEY R\u00c4LLEY - Board Generation","robots":{"index":"index","follow":"follow","max-snippet":"max-snippet:-1","max-image-preview":"max-image-preview:large","max-video-preview":"max-video-preview:-1"},"canonical":"https:\/\/boardgeneration.ch\/en\/7-zillertal-valley-ralley\/","og_locale":"en_GB","og_type":"article","og_title":"7. Zillertal V\u00c4LLEY R\u00c4LLEY - Board Generation","og_description":"\u00dcber hundert Snowboarder aus ganz Europa versammelten sich anl\u00e4sslich des 3. Zillertal V\u00c4LLEY R\u00c4LLEY Tourstopps hosted by Blue Tomato &amp; Ride Snowboards am 29. Februar und 01. M\u00e4rz 2020 in Mayrhofen-Hippach im Zillertal. Andreas MonEpic Monsberger hat die Highlights und Ergebnisse aus dem Mayrhofner Penken Park in einem Video zusammengefasst: Zum 3. Zillertal V\u00c4LLEY R\u00c4LLEY [&hellip;]","og_url":"https:\/\/boardgeneration.ch\/en\/7-zillertal-valley-ralley\/","og_site_name":"Board Generation","article_publisher":"https:\/\/www.facebook.com\/boardgeneration.ch","article_published_time":"2020-03-04T20:32:53+00:00","article_modified_time":"2020-03-05T20:39:55+00:00","og_image":[{"width":1600,"height":1115,"url":"https:\/\/boardgeneration.ch\/wp-content\/uploads\/2020\/03\/20-03-01_zvr_Penken_Park_Contest__Dominik-Holzinger__by_Gustav_Hersmann_0091_lowres.jpg","type":"image\/jpeg"}],"author":"Pressedienst","twitter_card":"summary_large_image","twitter_creator":"@boardgen","twitter_site":"@boardgen","twitter_misc":{"Written by":"Pressedienst","Estimated reading time":"4 minutes"},"schema":{"@context":"https:\/\/schema.org","@graph":[{"@type":"Article","@id":"https:\/\/boardgeneration.ch\/en\/7-zillertal-valley-ralley\/#article","isPartOf":{"@id":"https:\/\/boardgeneration.ch\/en\/7-zillertal-valley-ralley\/"},"author":{"name":"Pressedienst","@id":"https:\/\/boardgeneration.ch\/#\/schema\/person\/4727ac7b918c1fd9879a564a16734f2c"},"headline":"7. Zillertal V\u00c4LLEY R\u00c4LLEY","datePublished":"2020-03-04T20:32:53+00:00","dateModified":"2020-03-05T20:39:55+00:00","mainEntityOfPage":{"@id":"https:\/\/boardgeneration.ch\/en\/7-zillertal-valley-ralley\/"},"wordCount":823,"commentCount":0,"publisher":{"@id":"https:\/\/boardgeneration.ch\/#organization"},"image":{"@id":"https:\/\/boardgeneration.ch\/en\/7-zillertal-valley-ralley\/#primaryimage"},"thumbnailUrl":"https:\/\/boardgeneration.ch\/wp-content\/uploads\/2020\/03\/20-03-01_zvr_Penken_Park_Contest__Dominik-Holzinger__by_Gustav_Hersmann_0091_lowres.jpg","articleSection":["recap"],"inLanguage":"en-GB","potentialAction":[{"@type":"CommentAction","name":"Comment","target":["https:\/\/boardgeneration.ch\/en\/7-zillertal-valley-ralley\/#respond"]}]},{"@type":"WebPage","@id":"https:\/\/boardgeneration.ch\/en\/7-zillertal-valley-ralley\/","url":"https:\/\/boardgeneration.ch\/en\/7-zillertal-valley-ralley\/","name":"7. Zillertal V\u00c4LLEY R\u00c4LLEY - Board Generation","isPartOf":{"@id":"https:\/\/boardgeneration.ch\/#website"},"primaryImageOfPage":{"@id":"https:\/\/boardgeneration.ch\/en\/7-zillertal-valley-ralley\/#primaryimage"},"image":{"@id":"https:\/\/boardgeneration.ch\/en\/7-zillertal-valley-ralley\/#primaryimage"},"thumbnailUrl":"https:\/\/boardgeneration.ch\/wp-content\/uploads\/2020\/03\/20-03-01_zvr_Penken_Park_Contest__Dominik-Holzinger__by_Gustav_Hersmann_0091_lowres.jpg","datePublished":"2020-03-04T20:32:53+00:00","dateModified":"2020-03-05T20:39:55+00:00","breadcrumb":{"@id":"https:\/\/boardgeneration.ch\/en\/7-zillertal-valley-ralley\/#breadcrumb"},"inLanguage":"en-GB","potentialAction":[{"@type":"ReadAction","target":["https:\/\/boardgeneration.ch\/en\/7-zillertal-valley-ralley\/"]}]},{"@type":"ImageObject","inLanguage":"en-GB","@id":"https:\/\/boardgeneration.ch\/en\/7-zillertal-valley-ralley\/#primaryimage","url":"https:\/\/boardgeneration.ch\/wp-content\/uploads\/2020\/03\/20-03-01_zvr_Penken_Park_Contest__Dominik-Holzinger__by_Gustav_Hersmann_0091_lowres.jpg","contentUrl":"https:\/\/boardgeneration.ch\/wp-content\/uploads\/2020\/03\/20-03-01_zvr_Penken_Park_Contest__Dominik-Holzinger__by_Gustav_Hersmann_0091_lowres.jpg","width":1600,"height":1115,"caption":"Penken Park Contest. Rider: Dominik Holzinger"},{"@type":"BreadcrumbList","@id":"https:\/\/boardgeneration.ch\/en\/7-zillertal-valley-ralley\/#breadcrumb","itemListElement":[{"@type":"ListItem","position":1,"name":"Startseite","item":"https:\/\/boardgeneration.ch\/"},{"@type":"ListItem","position":2,"name":"7. Zillertal V\u00c4LLEY R\u00c4LLEY"}]},{"@type":"WebSite","@id":"https:\/\/boardgeneration.ch\/#website","url":"https:\/\/boardgeneration.ch\/","name":"board generation","description":"Back to the Roots","publisher":{"@id":"https:\/\/boardgeneration.ch\/#organization"},"potentialAction":[{"@type":"SearchAction","target":{"@type":"EntryPoint","urlTemplate":"https:\/\/boardgeneration.ch\/?s={search_term_string}"},"query-input":{"@type":"PropertyValueSpecification","valueRequired":true,"valueName":"search_term_string"}}],"inLanguage":"en-GB"},{"@type":"Organization","@id":"https:\/\/boardgeneration.ch\/#organization","name":"board generation","url":"https:\/\/boardgeneration.ch\/","logo":{"@type":"ImageObject","inLanguage":"en-GB","@id":"https:\/\/boardgeneration.ch\/#\/schema\/logo\/image\/","url":"https:\/\/boardgeneration.ch\/wp-content\/uploads\/2019\/01\/bg-logo_mit_Text.png","contentUrl":"https:\/\/boardgeneration.ch\/wp-content\/uploads\/2019\/01\/bg-logo_mit_Text.png","width":1040,"height":1155,"caption":"board generation"},"image":{"@id":"https:\/\/boardgeneration.ch\/#\/schema\/logo\/image\/"},"sameAs":["https:\/\/www.facebook.com\/boardgeneration.ch","https:\/\/x.com\/boardgen","https:\/\/www.instagram.com\/boardgen\/"]},{"@type":"Person","@id":"https:\/\/boardgeneration.ch\/#\/schema\/person\/4727ac7b918c1fd9879a564a16734f2c","name":"Press service","image":{"@type":"ImageObject","inLanguage":"en-GB","@id":"https:\/\/boardgeneration.ch\/#\/schema\/person\/image\/","url":"https:\/\/boardgeneration.ch\/wp-content\/uploads\/2019\/10\/Pile-of-letters-96x96.jpg","contentUrl":"https:\/\/boardgeneration.ch\/wp-content\/uploads\/2019\/10\/Pile-of-letters-96x96.jpg","caption":"Pressedienst"},"url":"https:\/\/boardgeneration.ch\/en\/author\/pressedienst\/"}]}},"jetpack_featured_media_url":"https:\/\/boardgeneration.ch\/wp-content\/uploads\/2020\/03\/20-03-01_zvr_Penken_Park_Contest__Dominik-Holzinger__by_Gustav_Hersmann_0091_lowres.jpg","jetpack_sharing_enabled":true,"amp_enabled":true,"_links":{"self":[{"href":"https:\/\/boardgeneration.ch\/en\/wp-json\/wp\/v2\/posts\/2206","targetHints":{"allow":["GET"]}}],"collection":[{"href":"https:\/\/boardgeneration.ch\/en\/wp-json\/wp\/v2\/posts"}],"about":[{"href":"https:\/\/boardgeneration.ch\/en\/wp-json\/wp\/v2\/types\/post"}],"author":[{"embeddable":true,"href":"https:\/\/boardgeneration.ch\/en\/wp-json\/wp\/v2\/users\/3"}],"replies":[{"embeddable":true,"href":"https:\/\/boardgeneration.ch\/en\/wp-json\/wp\/v2\/comments?post=2206"}],"version-history":[{"count":4,"href":"https:\/\/boardgeneration.ch\/en\/wp-json\/wp\/v2\/posts\/2206\/revisions"}],"predecessor-version":[{"id":2218,"href":"https:\/\/boardgeneration.ch\/en\/wp-json\/wp\/v2\/posts\/2206\/revisions\/2218"}],"wp:featuredmedia":[{"embeddable":true,"href":"https:\/\/boardgeneration.ch\/en\/wp-json\/wp\/v2\/media\/2210"}],"wp:attachment":[{"href":"https:\/\/boardgeneration.ch\/en\/wp-json\/wp\/v2\/media?parent=2206"}],"wp:term":[{"taxonomy":"category","embeddable":true,"href":"https:\/\/boardgeneration.ch\/en\/wp-json\/wp\/v2\/categories?post=2206"},{"taxonomy":"post_tag","embeddable":true,"href":"https:\/\/boardgeneration.ch\/en\/wp-json\/wp\/v2\/tags?post=2206"}],"curies":[{"name":"wp","href":"https:\/\/api.w.org\/{rel}","templated":true}]}}