{"id":2568,"date":"2020-04-04T16:31:57","date_gmt":"2020-04-04T15:31:57","guid":{"rendered":"https:\/\/boardgeneration.ch\/?p=2568"},"modified":"2020-04-04T16:39:11","modified_gmt":"2020-04-04T15:39:11","slug":"tourfinale-der-7-zillertal-valley-ralley-verschoben","status":"publish","type":"post","link":"https:\/\/boardgeneration.ch\/en\/tourfinale-der-7-zillertal-valley-ralley-verschoben\/","title":{"rendered":"Tour final of the 7th Zillertal V\u00c4LLEY R\u00c4LLEY postponed"},"content":{"rendered":"<span class=\"span-reading-time rt-reading-time\" style=\"display: block;\"><span class=\"rt-label rt-prefix\">Reading time: <\/span> <span class=\"rt-time\"> 2<\/span> <span class=\"rt-label rt-postfix\">minutes<\/span><\/span>\n<p>7th Zillertal V\u00c4LLEY R\u00c4LLEY hosted by Blue Tomato and Ride Snowboards<br>4th tour stop: Betterpark Hintertux at the Hintertux Glacier, Tux-Finkenberg<\/p>\n\n\n\n<p><strong>Date postponed to 17-18 October 2020<\/strong><\/p>\n\n\n\n<p>The big tour final of the 7th Zillertal V\u00c4LLEY R\u00c4LLEY hosted by Blue Tomato and Ride Snowboards will be postponed to 17-18 October 2020 due to current events. At the beginning of the 2020\/2021 season, Europe's best young snowboarders gather at the Betterpark Hintertux on the Hintertux Glacier to score the last points at the 4th tour stop of the popular Zillertal Snowboard Amateur Series. In addition to the day winners, the Zillertal V\u00c4LLEY R\u00c4LLEY overall tour winners 2019\/2020 will be crowned the new Kings and Queens of the V\u00c4LLEY in Tux-Finkenberg.<\/p>\n\n\n\n<figure class=\"wp-block-image size-large is-style-default\"><img loading=\"lazy\" decoding=\"async\" width=\"1024\" height=\"683\" data-attachment-id=\"2570\" data-permalink=\"https:\/\/boardgeneration.ch\/en\/tourfinale-der-7-zillertal-valley-ralley-verschoben\/190427_zvr_tux_comp_lifestyle17_by_matt_mchattie_highres-kopie\/\" data-orig-file=\"https:\/\/boardgeneration.ch\/wp-content\/uploads\/2020\/04\/190427_zvr_tux_comp_lifestyle17_by_matt_mchattie_highres-Kopie-scaled.jpg\" data-orig-size=\"2560,1707\" data-comments-opened=\"1\" data-image-meta=\"{&quot;aperture&quot;:&quot;7.1&quot;,&quot;credit&quot;:&quot;&quot;,&quot;camera&quot;:&quot;ILCE-7RM3&quot;,&quot;caption&quot;:&quot;&quot;,&quot;created_timestamp&quot;:&quot;1556359107&quot;,&quot;copyright&quot;:&quot;m.mchattie&quot;,&quot;focal_length&quot;:&quot;18&quot;,&quot;iso&quot;:&quot;100&quot;,&quot;shutter_speed&quot;:&quot;0.00125&quot;,&quot;title&quot;:&quot;&quot;,&quot;orientation&quot;:&quot;0&quot;}\" data-image-title=\"190427_zvr_tux_comp_lifestyle17_by_matt_mchattie_highres-Kopie\" data-image-description=\"\" data-image-caption=\"\" data-medium-file=\"https:\/\/boardgeneration.ch\/wp-content\/uploads\/2020\/04\/190427_zvr_tux_comp_lifestyle17_by_matt_mchattie_highres-Kopie-scaled-300x200.jpg\" data-large-file=\"https:\/\/boardgeneration.ch\/wp-content\/uploads\/2020\/04\/190427_zvr_tux_comp_lifestyle17_by_matt_mchattie_highres-Kopie-scaled-1024x683.jpg\" src=\"https:\/\/boardgeneration.ch\/wp-content\/uploads\/2020\/04\/190427_zvr_tux_comp_lifestyle17_by_matt_mchattie_highres-Kopie-scaled-1024x683.jpg\" alt=\"\" class=\"wp-image-2570\" srcset=\"https:\/\/boardgeneration.ch\/wp-content\/uploads\/2020\/04\/190427_zvr_tux_comp_lifestyle17_by_matt_mchattie_highres-Kopie-scaled-1024x683.jpg 1024w, https:\/\/boardgeneration.ch\/wp-content\/uploads\/2020\/04\/190427_zvr_tux_comp_lifestyle17_by_matt_mchattie_highres-Kopie-scaled-300x200.jpg 300w, https:\/\/boardgeneration.ch\/wp-content\/uploads\/2020\/04\/190427_zvr_tux_comp_lifestyle17_by_matt_mchattie_highres-Kopie-scaled-768x512.jpg 768w, https:\/\/boardgeneration.ch\/wp-content\/uploads\/2020\/04\/190427_zvr_tux_comp_lifestyle17_by_matt_mchattie_highres-Kopie-scaled-1536x1024.jpg 1536w, https:\/\/boardgeneration.ch\/wp-content\/uploads\/2020\/04\/190427_zvr_tux_comp_lifestyle17_by_matt_mchattie_highres-Kopie-scaled-2048x1366.jpg 2048w, https:\/\/boardgeneration.ch\/wp-content\/uploads\/2020\/04\/190427_zvr_tux_comp_lifestyle17_by_matt_mchattie_highres-Kopie-scaled-512x341.jpg 512w\" sizes=\"auto, (max-width: 1024px) 100vw, 1024px\" \/><figcaption><span class=\"media-credit\">Matt Mchattie<\/span><\/figcaption><\/figure>\n\n\n\n<p>The Betterpark Hintertux starts the new season already at the end of September with its popular XXL setup at the Hintertux glacier. On October 17th and 18th, 2020 the 4th Zillertal V\u00c4LLEY R\u00c4LLEY tour stop, which also marks the grand finale of the current Zillertal V\u00c4LLEY R\u00c4LLEY season 2019\/2020, is on the agenda. By participating in the open slopestyle competition the snowboarders in Tux-Finkenberg will collect valuable points on the international World Snowboard Point List (WSPL). In addition to the snowboard freestyle competition on the contest day, the aestheticians will also offer free freestyle coaching on the coaching day. Ride Snowboards brings the latest snowboards and bindings to the park for a free test and hands out lots of prizes at the Limbo Ride Fun contest. Partners Horsefeathers and Blue Tomato will also be there to look for new talent, while Horsefeathers will reward the best trick of the day with a Special Award.<\/p>\n\n\n\n<p>With the result of the 4th and last Zillertal V\u00c4LLEY R\u00c4LLEY competition, the overall tour winners 2019\/2020 have been determined and will be crowned in Tux-Finkenberg as the new V\u00c4LLEY R\u00c4LLEY royal family. Anyone can take part! And it is worth it! Registration will be made at the beginning of October at <a href=\"\/en\/www.valleyralley.at\/\">www.valleyralley.at<\/a> unlocked.<\/p>\n\n\n\n<p>The partners of the 4th tour stop are:<br>The Zillertal Tourismus GmbH, the Zillertal Glacier cable car with the Hintertux Betterpark, the Tux-Finkenberg Tourist Office, Blue Tomato, Ride Snowboards, Red Bull, Horsefeathers, Dana Beanies, the World Snowboard Federation (WSF), the Austrian Snowboard Federation (ASA) and the World Rookie Tour (WRT).<\/p>\n\n\n\n<p>Further updates can be found at <a href=\"\/en\/www.valleyralley.at\/\">www.valleyralley.at<\/a> or <a href=\"\/en\/www.zillertal.at\/valleyralley\/\">www.zillertal.at\/valleyralley<\/a><\/p>","protected":false},"excerpt":{"rendered":"<p>7. Zillertal V\u00c4LLEY R\u00c4LLEY hosted by Blue Tomato und Ride Snowboards4. Tourstopp: Betterpark Hintertux am Hintertuxer Gletscher, Tux-Finkenberg Terminverschiebung auf 17.-18.Oktober 2020 Das grosse Tourfinale der 7. Zillertal V\u00c4LLEY R\u00c4LLEY hosted by Blue Tomato und Ride Snowboards wird aufgrund der aktuellen Ereignisse auf den 17.-18. Oktober 2020 verschoben. Zum Saisonbeginn 2020\/2021 versammeln sich Europa\u00b4s beste [&hellip;]<\/p>\n","protected":false},"author":3,"featured_media":2567,"comment_status":"open","ping_status":"open","sticky":false,"template":"","format":"standard","meta":{"_jetpack_memberships_contains_paid_content":false,"footnotes":""},"categories":[12],"tags":[27278,27280,27277,27279],"class_list":["post-2568","post","type-post","status-publish","format-standard","has-post-thumbnail","hentry","category-event","tag-asthetiker","tag-hinteruxer-gletscher","tag-valley-ralley","tag-zillertal"],"yoast_head":"<!-- This site is optimized with the Yoast SEO plugin v26.8 - https:\/\/yoast.com\/product\/yoast-seo-wordpress\/ -->\n<title>Tourfinale der 7. Zillertal V\u00c4LLEY R\u00c4LLEY verschoben - Board Generation<\/title>\n<meta name=\"robots\" content=\"index, follow, max-snippet:-1, max-image-preview:large, max-video-preview:-1\" \/>\n<link rel=\"canonical\" href=\"https:\/\/boardgeneration.ch\/en\/tourfinale-der-7-zillertal-valley-ralley-verschoben\/\" \/>\n<meta property=\"og:locale\" content=\"en_GB\" \/>\n<meta property=\"og:type\" content=\"article\" \/>\n<meta property=\"og:title\" content=\"Tourfinale der 7. Zillertal V\u00c4LLEY R\u00c4LLEY verschoben - Board Generation\" \/>\n<meta property=\"og:description\" content=\"7. Zillertal V\u00c4LLEY R\u00c4LLEY hosted by Blue Tomato und Ride Snowboards4. Tourstopp: Betterpark Hintertux am Hintertuxer Gletscher, Tux-Finkenberg Terminverschiebung auf 17.-18.Oktober 2020 Das grosse Tourfinale der 7. Zillertal V\u00c4LLEY R\u00c4LLEY hosted by Blue Tomato und Ride Snowboards wird aufgrund der aktuellen Ereignisse auf den 17.-18. Oktober 2020 verschoben. Zum Saisonbeginn 2020\/2021 versammeln sich Europa\u00b4s beste [&hellip;]\" \/>\n<meta property=\"og:url\" content=\"https:\/\/boardgeneration.ch\/en\/tourfinale-der-7-zillertal-valley-ralley-verschoben\/\" \/>\n<meta property=\"og:site_name\" content=\"Board Generation\" \/>\n<meta property=\"article:publisher\" content=\"https:\/\/www.facebook.com\/boardgeneration.ch\" \/>\n<meta property=\"article:published_time\" content=\"2020-04-04T15:31:57+00:00\" \/>\n<meta property=\"article:modified_time\" content=\"2020-04-04T15:39:11+00:00\" \/>\n<meta property=\"og:image\" content=\"https:\/\/boardgeneration.ch\/wp-content\/uploads\/2020\/04\/190427_zvr_tux_comp_unknown3_by_matt_mchattie-scaled.jpg\" \/>\n\t<meta property=\"og:image:width\" content=\"2560\" \/>\n\t<meta property=\"og:image:height\" content=\"1708\" \/>\n\t<meta property=\"og:image:type\" content=\"image\/jpeg\" \/>\n<meta name=\"author\" content=\"Pressedienst\" \/>\n<meta name=\"twitter:card\" content=\"summary_large_image\" \/>\n<meta name=\"twitter:creator\" content=\"@boardgen\" \/>\n<meta name=\"twitter:site\" content=\"@boardgen\" \/>\n<meta name=\"twitter:label1\" content=\"Written by\" \/>\n\t<meta name=\"twitter:data1\" content=\"Pressedienst\" \/>\n\t<meta name=\"twitter:label2\" content=\"Estimated reading time\" \/>\n\t<meta name=\"twitter:data2\" content=\"2 minutes\" \/>\n<script type=\"application\/ld+json\" class=\"yoast-schema-graph\">{\"@context\":\"https:\/\/schema.org\",\"@graph\":[{\"@type\":\"Article\",\"@id\":\"https:\/\/boardgeneration.ch\/en\/tourfinale-der-7-zillertal-valley-ralley-verschoben\/#article\",\"isPartOf\":{\"@id\":\"https:\/\/boardgeneration.ch\/en\/tourfinale-der-7-zillertal-valley-ralley-verschoben\/\"},\"author\":{\"name\":\"Pressedienst\",\"@id\":\"https:\/\/boardgeneration.ch\/#\/schema\/person\/4727ac7b918c1fd9879a564a16734f2c\"},\"headline\":\"Tourfinale der 7. Zillertal V\u00c4LLEY R\u00c4LLEY verschoben\",\"datePublished\":\"2020-04-04T15:31:57+00:00\",\"dateModified\":\"2020-04-04T15:39:11+00:00\",\"mainEntityOfPage\":{\"@id\":\"https:\/\/boardgeneration.ch\/en\/tourfinale-der-7-zillertal-valley-ralley-verschoben\/\"},\"wordCount\":362,\"commentCount\":0,\"publisher\":{\"@id\":\"https:\/\/boardgeneration.ch\/#organization\"},\"image\":{\"@id\":\"https:\/\/boardgeneration.ch\/en\/tourfinale-der-7-zillertal-valley-ralley-verschoben\/#primaryimage\"},\"thumbnailUrl\":\"https:\/\/boardgeneration.ch\/wp-content\/uploads\/2020\/04\/190427_zvr_tux_comp_unknown3_by_matt_mchattie-scaled.jpg\",\"keywords\":[\"\u00c4sthetiker\",\"Hinteruxer Gletscher\",\"V\u00e4lley R\u00e4lley\",\"Zillertal\"],\"articleSection\":[\"event\"],\"inLanguage\":\"en-GB\",\"potentialAction\":[{\"@type\":\"CommentAction\",\"name\":\"Comment\",\"target\":[\"https:\/\/boardgeneration.ch\/en\/tourfinale-der-7-zillertal-valley-ralley-verschoben\/#respond\"]}]},{\"@type\":\"WebPage\",\"@id\":\"https:\/\/boardgeneration.ch\/en\/tourfinale-der-7-zillertal-valley-ralley-verschoben\/\",\"url\":\"https:\/\/boardgeneration.ch\/en\/tourfinale-der-7-zillertal-valley-ralley-verschoben\/\",\"name\":\"Tourfinale der 7. Zillertal V\u00c4LLEY R\u00c4LLEY verschoben - Board Generation\",\"isPartOf\":{\"@id\":\"https:\/\/boardgeneration.ch\/#website\"},\"primaryImageOfPage\":{\"@id\":\"https:\/\/boardgeneration.ch\/en\/tourfinale-der-7-zillertal-valley-ralley-verschoben\/#primaryimage\"},\"image\":{\"@id\":\"https:\/\/boardgeneration.ch\/en\/tourfinale-der-7-zillertal-valley-ralley-verschoben\/#primaryimage\"},\"thumbnailUrl\":\"https:\/\/boardgeneration.ch\/wp-content\/uploads\/2020\/04\/190427_zvr_tux_comp_unknown3_by_matt_mchattie-scaled.jpg\",\"datePublished\":\"2020-04-04T15:31:57+00:00\",\"dateModified\":\"2020-04-04T15:39:11+00:00\",\"breadcrumb\":{\"@id\":\"https:\/\/boardgeneration.ch\/en\/tourfinale-der-7-zillertal-valley-ralley-verschoben\/#breadcrumb\"},\"inLanguage\":\"en-GB\",\"potentialAction\":[{\"@type\":\"ReadAction\",\"target\":[\"https:\/\/boardgeneration.ch\/en\/tourfinale-der-7-zillertal-valley-ralley-verschoben\/\"]}]},{\"@type\":\"ImageObject\",\"inLanguage\":\"en-GB\",\"@id\":\"https:\/\/boardgeneration.ch\/en\/tourfinale-der-7-zillertal-valley-ralley-verschoben\/#primaryimage\",\"url\":\"https:\/\/boardgeneration.ch\/wp-content\/uploads\/2020\/04\/190427_zvr_tux_comp_unknown3_by_matt_mchattie-scaled.jpg\",\"contentUrl\":\"https:\/\/boardgeneration.ch\/wp-content\/uploads\/2020\/04\/190427_zvr_tux_comp_unknown3_by_matt_mchattie-scaled.jpg\",\"width\":2560,\"height\":1708},{\"@type\":\"BreadcrumbList\",\"@id\":\"https:\/\/boardgeneration.ch\/en\/tourfinale-der-7-zillertal-valley-ralley-verschoben\/#breadcrumb\",\"itemListElement\":[{\"@type\":\"ListItem\",\"position\":1,\"name\":\"Startseite\",\"item\":\"https:\/\/boardgeneration.ch\/\"},{\"@type\":\"ListItem\",\"position\":2,\"name\":\"Tourfinale der 7. Zillertal V\u00c4LLEY R\u00c4LLEY verschoben\"}]},{\"@type\":\"WebSite\",\"@id\":\"https:\/\/boardgeneration.ch\/#website\",\"url\":\"https:\/\/boardgeneration.ch\/\",\"name\":\"board generation\",\"description\":\"Back to the Roots\",\"publisher\":{\"@id\":\"https:\/\/boardgeneration.ch\/#organization\"},\"potentialAction\":[{\"@type\":\"SearchAction\",\"target\":{\"@type\":\"EntryPoint\",\"urlTemplate\":\"https:\/\/boardgeneration.ch\/?s={search_term_string}\"},\"query-input\":{\"@type\":\"PropertyValueSpecification\",\"valueRequired\":true,\"valueName\":\"search_term_string\"}}],\"inLanguage\":\"en-GB\"},{\"@type\":\"Organization\",\"@id\":\"https:\/\/boardgeneration.ch\/#organization\",\"name\":\"board generation\",\"url\":\"https:\/\/boardgeneration.ch\/\",\"logo\":{\"@type\":\"ImageObject\",\"inLanguage\":\"en-GB\",\"@id\":\"https:\/\/boardgeneration.ch\/#\/schema\/logo\/image\/\",\"url\":\"https:\/\/boardgeneration.ch\/wp-content\/uploads\/2019\/01\/bg-logo_mit_Text.png\",\"contentUrl\":\"https:\/\/boardgeneration.ch\/wp-content\/uploads\/2019\/01\/bg-logo_mit_Text.png\",\"width\":1040,\"height\":1155,\"caption\":\"board generation\"},\"image\":{\"@id\":\"https:\/\/boardgeneration.ch\/#\/schema\/logo\/image\/\"},\"sameAs\":[\"https:\/\/www.facebook.com\/boardgeneration.ch\",\"https:\/\/x.com\/boardgen\",\"https:\/\/www.instagram.com\/boardgen\/\"]},{\"@type\":\"Person\",\"@id\":\"https:\/\/boardgeneration.ch\/#\/schema\/person\/4727ac7b918c1fd9879a564a16734f2c\",\"name\":\"Pressedienst\",\"image\":{\"@type\":\"ImageObject\",\"inLanguage\":\"en-GB\",\"@id\":\"https:\/\/boardgeneration.ch\/#\/schema\/person\/image\/\",\"url\":\"https:\/\/boardgeneration.ch\/wp-content\/uploads\/2019\/10\/Pile-of-letters-96x96.jpg\",\"contentUrl\":\"https:\/\/boardgeneration.ch\/wp-content\/uploads\/2019\/10\/Pile-of-letters-96x96.jpg\",\"caption\":\"Pressedienst\"},\"url\":\"https:\/\/boardgeneration.ch\/en\/author\/pressedienst\/\"}]}<\/script>\n<!-- \/ Yoast SEO plugin. -->","yoast_head_json":{"title":"Tourfinale der 7. Zillertal V\u00c4LLEY R\u00c4LLEY verschoben - Board Generation","robots":{"index":"index","follow":"follow","max-snippet":"max-snippet:-1","max-image-preview":"max-image-preview:large","max-video-preview":"max-video-preview:-1"},"canonical":"https:\/\/boardgeneration.ch\/en\/tourfinale-der-7-zillertal-valley-ralley-verschoben\/","og_locale":"en_GB","og_type":"article","og_title":"Tourfinale der 7. Zillertal V\u00c4LLEY R\u00c4LLEY verschoben - Board Generation","og_description":"7. Zillertal V\u00c4LLEY R\u00c4LLEY hosted by Blue Tomato und Ride Snowboards4. Tourstopp: Betterpark Hintertux am Hintertuxer Gletscher, Tux-Finkenberg Terminverschiebung auf 17.-18.Oktober 2020 Das grosse Tourfinale der 7. Zillertal V\u00c4LLEY R\u00c4LLEY hosted by Blue Tomato und Ride Snowboards wird aufgrund der aktuellen Ereignisse auf den 17.-18. Oktober 2020 verschoben. Zum Saisonbeginn 2020\/2021 versammeln sich Europa\u00b4s beste [&hellip;]","og_url":"https:\/\/boardgeneration.ch\/en\/tourfinale-der-7-zillertal-valley-ralley-verschoben\/","og_site_name":"Board Generation","article_publisher":"https:\/\/www.facebook.com\/boardgeneration.ch","article_published_time":"2020-04-04T15:31:57+00:00","article_modified_time":"2020-04-04T15:39:11+00:00","og_image":[{"width":2560,"height":1708,"url":"https:\/\/boardgeneration.ch\/wp-content\/uploads\/2020\/04\/190427_zvr_tux_comp_unknown3_by_matt_mchattie-scaled.jpg","type":"image\/jpeg"}],"author":"Pressedienst","twitter_card":"summary_large_image","twitter_creator":"@boardgen","twitter_site":"@boardgen","twitter_misc":{"Written by":"Pressedienst","Estimated reading time":"2 minutes"},"schema":{"@context":"https:\/\/schema.org","@graph":[{"@type":"Article","@id":"https:\/\/boardgeneration.ch\/en\/tourfinale-der-7-zillertal-valley-ralley-verschoben\/#article","isPartOf":{"@id":"https:\/\/boardgeneration.ch\/en\/tourfinale-der-7-zillertal-valley-ralley-verschoben\/"},"author":{"name":"Pressedienst","@id":"https:\/\/boardgeneration.ch\/#\/schema\/person\/4727ac7b918c1fd9879a564a16734f2c"},"headline":"Tourfinale der 7. Zillertal V\u00c4LLEY R\u00c4LLEY verschoben","datePublished":"2020-04-04T15:31:57+00:00","dateModified":"2020-04-04T15:39:11+00:00","mainEntityOfPage":{"@id":"https:\/\/boardgeneration.ch\/en\/tourfinale-der-7-zillertal-valley-ralley-verschoben\/"},"wordCount":362,"commentCount":0,"publisher":{"@id":"https:\/\/boardgeneration.ch\/#organization"},"image":{"@id":"https:\/\/boardgeneration.ch\/en\/tourfinale-der-7-zillertal-valley-ralley-verschoben\/#primaryimage"},"thumbnailUrl":"https:\/\/boardgeneration.ch\/wp-content\/uploads\/2020\/04\/190427_zvr_tux_comp_unknown3_by_matt_mchattie-scaled.jpg","keywords":["\u00c4sthetiker","Hinteruxer Gletscher","V\u00e4lley R\u00e4lley","Zillertal"],"articleSection":["event"],"inLanguage":"en-GB","potentialAction":[{"@type":"CommentAction","name":"Comment","target":["https:\/\/boardgeneration.ch\/en\/tourfinale-der-7-zillertal-valley-ralley-verschoben\/#respond"]}]},{"@type":"WebPage","@id":"https:\/\/boardgeneration.ch\/en\/tourfinale-der-7-zillertal-valley-ralley-verschoben\/","url":"https:\/\/boardgeneration.ch\/en\/tourfinale-der-7-zillertal-valley-ralley-verschoben\/","name":"Tourfinale der 7. Zillertal V\u00c4LLEY R\u00c4LLEY verschoben - Board Generation","isPartOf":{"@id":"https:\/\/boardgeneration.ch\/#website"},"primaryImageOfPage":{"@id":"https:\/\/boardgeneration.ch\/en\/tourfinale-der-7-zillertal-valley-ralley-verschoben\/#primaryimage"},"image":{"@id":"https:\/\/boardgeneration.ch\/en\/tourfinale-der-7-zillertal-valley-ralley-verschoben\/#primaryimage"},"thumbnailUrl":"https:\/\/boardgeneration.ch\/wp-content\/uploads\/2020\/04\/190427_zvr_tux_comp_unknown3_by_matt_mchattie-scaled.jpg","datePublished":"2020-04-04T15:31:57+00:00","dateModified":"2020-04-04T15:39:11+00:00","breadcrumb":{"@id":"https:\/\/boardgeneration.ch\/en\/tourfinale-der-7-zillertal-valley-ralley-verschoben\/#breadcrumb"},"inLanguage":"en-GB","potentialAction":[{"@type":"ReadAction","target":["https:\/\/boardgeneration.ch\/en\/tourfinale-der-7-zillertal-valley-ralley-verschoben\/"]}]},{"@type":"ImageObject","inLanguage":"en-GB","@id":"https:\/\/boardgeneration.ch\/en\/tourfinale-der-7-zillertal-valley-ralley-verschoben\/#primaryimage","url":"https:\/\/boardgeneration.ch\/wp-content\/uploads\/2020\/04\/190427_zvr_tux_comp_unknown3_by_matt_mchattie-scaled.jpg","contentUrl":"https:\/\/boardgeneration.ch\/wp-content\/uploads\/2020\/04\/190427_zvr_tux_comp_unknown3_by_matt_mchattie-scaled.jpg","width":2560,"height":1708},{"@type":"BreadcrumbList","@id":"https:\/\/boardgeneration.ch\/en\/tourfinale-der-7-zillertal-valley-ralley-verschoben\/#breadcrumb","itemListElement":[{"@type":"ListItem","position":1,"name":"Startseite","item":"https:\/\/boardgeneration.ch\/"},{"@type":"ListItem","position":2,"name":"Tourfinale der 7. Zillertal V\u00c4LLEY R\u00c4LLEY verschoben"}]},{"@type":"WebSite","@id":"https:\/\/boardgeneration.ch\/#website","url":"https:\/\/boardgeneration.ch\/","name":"board generation","description":"Back to the Roots","publisher":{"@id":"https:\/\/boardgeneration.ch\/#organization"},"potentialAction":[{"@type":"SearchAction","target":{"@type":"EntryPoint","urlTemplate":"https:\/\/boardgeneration.ch\/?s={search_term_string}"},"query-input":{"@type":"PropertyValueSpecification","valueRequired":true,"valueName":"search_term_string"}}],"inLanguage":"en-GB"},{"@type":"Organization","@id":"https:\/\/boardgeneration.ch\/#organization","name":"board generation","url":"https:\/\/boardgeneration.ch\/","logo":{"@type":"ImageObject","inLanguage":"en-GB","@id":"https:\/\/boardgeneration.ch\/#\/schema\/logo\/image\/","url":"https:\/\/boardgeneration.ch\/wp-content\/uploads\/2019\/01\/bg-logo_mit_Text.png","contentUrl":"https:\/\/boardgeneration.ch\/wp-content\/uploads\/2019\/01\/bg-logo_mit_Text.png","width":1040,"height":1155,"caption":"board generation"},"image":{"@id":"https:\/\/boardgeneration.ch\/#\/schema\/logo\/image\/"},"sameAs":["https:\/\/www.facebook.com\/boardgeneration.ch","https:\/\/x.com\/boardgen","https:\/\/www.instagram.com\/boardgen\/"]},{"@type":"Person","@id":"https:\/\/boardgeneration.ch\/#\/schema\/person\/4727ac7b918c1fd9879a564a16734f2c","name":"Press service","image":{"@type":"ImageObject","inLanguage":"en-GB","@id":"https:\/\/boardgeneration.ch\/#\/schema\/person\/image\/","url":"https:\/\/boardgeneration.ch\/wp-content\/uploads\/2019\/10\/Pile-of-letters-96x96.jpg","contentUrl":"https:\/\/boardgeneration.ch\/wp-content\/uploads\/2019\/10\/Pile-of-letters-96x96.jpg","caption":"Pressedienst"},"url":"https:\/\/boardgeneration.ch\/en\/author\/pressedienst\/"}]}},"jetpack_featured_media_url":"https:\/\/boardgeneration.ch\/wp-content\/uploads\/2020\/04\/190427_zvr_tux_comp_unknown3_by_matt_mchattie-scaled.jpg","jetpack_sharing_enabled":true,"amp_enabled":true,"_links":{"self":[{"href":"https:\/\/boardgeneration.ch\/en\/wp-json\/wp\/v2\/posts\/2568","targetHints":{"allow":["GET"]}}],"collection":[{"href":"https:\/\/boardgeneration.ch\/en\/wp-json\/wp\/v2\/posts"}],"about":[{"href":"https:\/\/boardgeneration.ch\/en\/wp-json\/wp\/v2\/types\/post"}],"author":[{"embeddable":true,"href":"https:\/\/boardgeneration.ch\/en\/wp-json\/wp\/v2\/users\/3"}],"replies":[{"embeddable":true,"href":"https:\/\/boardgeneration.ch\/en\/wp-json\/wp\/v2\/comments?post=2568"}],"version-history":[{"count":2,"href":"https:\/\/boardgeneration.ch\/en\/wp-json\/wp\/v2\/posts\/2568\/revisions"}],"predecessor-version":[{"id":2571,"href":"https:\/\/boardgeneration.ch\/en\/wp-json\/wp\/v2\/posts\/2568\/revisions\/2571"}],"wp:featuredmedia":[{"embeddable":true,"href":"https:\/\/boardgeneration.ch\/en\/wp-json\/wp\/v2\/media\/2567"}],"wp:attachment":[{"href":"https:\/\/boardgeneration.ch\/en\/wp-json\/wp\/v2\/media?parent=2568"}],"wp:term":[{"taxonomy":"category","embeddable":true,"href":"https:\/\/boardgeneration.ch\/en\/wp-json\/wp\/v2\/categories?post=2568"},{"taxonomy":"post_tag","embeddable":true,"href":"https:\/\/boardgeneration.ch\/en\/wp-json\/wp\/v2\/tags?post=2568"}],"curies":[{"name":"wp","href":"https:\/\/api.w.org\/{rel}","templated":true}]}}