{"id":3185,"date":"2020-09-03T19:16:29","date_gmt":"2020-09-03T18:16:29","guid":{"rendered":"https:\/\/boardgeneration.ch\/?p=3185"},"modified":"2020-09-03T20:20:59","modified_gmt":"2020-09-03T19:20:59","slug":"8-zillertal-vaelley-raelley","status":"publish","type":"post","link":"https:\/\/boardgeneration.ch\/en\/8-zillertal-vaelley-raelley\/","title":{"rendered":"8th Zillertal V\u00c4LLEY R\u00c4LLEY"},"content":{"rendered":"<span class=\"span-reading-time rt-reading-time\" style=\"display: block;\"><span class=\"rt-label rt-prefix\">Reading time: <\/span> <span class=\"rt-time\"> 3<\/span> <span class=\"rt-label rt-postfix\">minutes<\/span><\/span>\n<figure class=\"wp-block-image size-large\"><img loading=\"lazy\" decoding=\"async\" width=\"1024\" height=\"341\" data-attachment-id=\"3189\" data-permalink=\"https:\/\/boardgeneration.ch\/en\/8-zillertal-vaelley-raelley\/zvr21_visual_header\/\" data-orig-file=\"https:\/\/boardgeneration.ch\/wp-content\/uploads\/2020\/09\/ZVR21_visual_header.jpg\" data-orig-size=\"1800,600\" data-comments-opened=\"1\" data-image-meta=\"{&quot;aperture&quot;:&quot;0&quot;,&quot;credit&quot;:&quot;&quot;,&quot;camera&quot;:&quot;&quot;,&quot;caption&quot;:&quot;&quot;,&quot;created_timestamp&quot;:&quot;0&quot;,&quot;copyright&quot;:&quot;&quot;,&quot;focal_length&quot;:&quot;0&quot;,&quot;iso&quot;:&quot;0&quot;,&quot;shutter_speed&quot;:&quot;0&quot;,&quot;title&quot;:&quot;&quot;,&quot;orientation&quot;:&quot;0&quot;}\" data-image-title=\"ZVR21_visual_header\" data-image-description=\"\" data-image-caption=\"\" data-medium-file=\"https:\/\/boardgeneration.ch\/wp-content\/uploads\/2020\/09\/ZVR21_visual_header-300x100.jpg\" data-large-file=\"https:\/\/boardgeneration.ch\/wp-content\/uploads\/2020\/09\/ZVR21_visual_header-1024x341.jpg\" src=\"https:\/\/boardgeneration.ch\/wp-content\/uploads\/2020\/09\/ZVR21_visual_header-1024x341.jpg\" alt=\"\" class=\"wp-image-3189\" srcset=\"https:\/\/boardgeneration.ch\/wp-content\/uploads\/2020\/09\/ZVR21_visual_header-1024x341.jpg 1024w, https:\/\/boardgeneration.ch\/wp-content\/uploads\/2020\/09\/ZVR21_visual_header-300x100.jpg 300w, https:\/\/boardgeneration.ch\/wp-content\/uploads\/2020\/09\/ZVR21_visual_header-768x256.jpg 768w, https:\/\/boardgeneration.ch\/wp-content\/uploads\/2020\/09\/ZVR21_visual_header-1536x512.jpg 1536w, https:\/\/boardgeneration.ch\/wp-content\/uploads\/2020\/09\/ZVR21_visual_header.jpg 1800w\" sizes=\"auto, (max-width: 1024px) 100vw, 1024px\" \/><figcaption><span class=\"media-credit\">\u00a9 Aesthetist<\/span><\/figcaption><\/figure>\n\n\n\n<p>In December 2020, the Zillertal V\u00c4LLEY R\u00c4LLEY hosted by Blue Tomato and Ride Snowboards will be starting into the 8th round. As every year, the popular snowboard tour attracts many international snowboarders to travel to Zillertal. Under the aegis of the \u00c4sthetiker crew, four tourstops will be on the schedule for 2020\/2021. The events will go down in four different Zillertal snowparks, always with one day of coaching and training and a slopestyle competition day. This season\u00b4s series will be kicking off just before Christmas with the first tourstop on December 19th and 20th at Hochzillertal-Kaltenbach.<\/p>\n\n\n\n<p>Eight years of Zillertal V\u00c4LLEY R\u00c4LLEY hosted by Blue Tomato &amp; Ride Snowboard and it goes on! Thanks to the constant support by the Zillertal Tourism GmbH, the Zillertal mountain companies and tourism associations, as well as loyal partners like Blue Tomato, Ride Snowboards, Red Bull, Horsefeathers and Dana Beanies, the popular V\u00c4LLEY R\u00c4LLEY will return to Zillertal in December.<\/p>\n\n\n\n<figure class=\"wp-block-image size-large\"><img loading=\"lazy\" decoding=\"async\" width=\"1024\" height=\"682\" data-attachment-id=\"3190\" data-permalink=\"https:\/\/boardgeneration.ch\/en\/8-zillertal-vaelley-raelley\/20-01-26_zvr_zillertalarena_contest____by_gustav_hersmann_0001_lowres\/\" data-orig-file=\"https:\/\/boardgeneration.ch\/wp-content\/uploads\/2020\/09\/20-01-26_zvr_Zillertalarena_Contest____by_Gustav_Hersmann_0001_lowres.jpg\" data-orig-size=\"1600,1066\" data-comments-opened=\"1\" data-image-meta=\"{&quot;aperture&quot;:&quot;10&quot;,&quot;credit&quot;:&quot;&quot;,&quot;camera&quot;:&quot;L1D-20c&quot;,&quot;caption&quot;:&quot;&quot;,&quot;created_timestamp&quot;:&quot;1580033945&quot;,&quot;copyright&quot;:&quot;&quot;,&quot;focal_length&quot;:&quot;10.26&quot;,&quot;iso&quot;:&quot;100&quot;,&quot;shutter_speed&quot;:&quot;0.0041666666666667&quot;,&quot;title&quot;:&quot;&quot;,&quot;orientation&quot;:&quot;0&quot;}\" data-image-title=\"20-01-26_zvr_Zillertalarena_Contest____by_Gustav_Hersmann_0001_lowres\" data-image-description=\"\" data-image-caption=\"\" data-medium-file=\"https:\/\/boardgeneration.ch\/wp-content\/uploads\/2020\/09\/20-01-26_zvr_Zillertalarena_Contest____by_Gustav_Hersmann_0001_lowres-300x200.jpg\" data-large-file=\"https:\/\/boardgeneration.ch\/wp-content\/uploads\/2020\/09\/20-01-26_zvr_Zillertalarena_Contest____by_Gustav_Hersmann_0001_lowres-1024x682.jpg\" src=\"https:\/\/boardgeneration.ch\/wp-content\/uploads\/2020\/09\/20-01-26_zvr_Zillertalarena_Contest____by_Gustav_Hersmann_0001_lowres-1024x682.jpg\" alt=\"\" class=\"wp-image-3190\" srcset=\"https:\/\/boardgeneration.ch\/wp-content\/uploads\/2020\/09\/20-01-26_zvr_Zillertalarena_Contest____by_Gustav_Hersmann_0001_lowres-1024x682.jpg 1024w, https:\/\/boardgeneration.ch\/wp-content\/uploads\/2020\/09\/20-01-26_zvr_Zillertalarena_Contest____by_Gustav_Hersmann_0001_lowres-300x200.jpg 300w, https:\/\/boardgeneration.ch\/wp-content\/uploads\/2020\/09\/20-01-26_zvr_Zillertalarena_Contest____by_Gustav_Hersmann_0001_lowres-768x512.jpg 768w, https:\/\/boardgeneration.ch\/wp-content\/uploads\/2020\/09\/20-01-26_zvr_Zillertalarena_Contest____by_Gustav_Hersmann_0001_lowres-1536x1023.jpg 1536w, https:\/\/boardgeneration.ch\/wp-content\/uploads\/2020\/09\/20-01-26_zvr_Zillertalarena_Contest____by_Gustav_Hersmann_0001_lowres.jpg 1600w\" sizes=\"auto, (max-width: 1024px) 100vw, 1024px\" \/><figcaption><span class=\"media-credit\"><a href=\"http:\/\/gustavhersmann.com\">\u00a9 Gustav Hersmann<\/a><\/span> Zillertal Arena Contest<\/figcaption><\/figure>\n\n\n\n<p>In the past seven years, Zillertal's famous snowboard tour has evolved into one of Europe\u00b4s top events for up-and-coming talents. \u201eWith the Zillertal V\u00c4LLEY R\u00c4LLEY we are giving young talents the chance to get into professional snowboarding and breathe their first competition air,\u201c \u00c4sthetiker president and snowboarding legend Steve Gruber explains. \u201eThe unique combination of coaching and contest proved its success over the past years. Many young athletes use the event series to benchmark themselves against international competitors and push their own levels to higher progression.\u201c<\/p>\n\n\n\n<p>Boardsports fans can look forward to four action-packed weekends in the Zillertal. The latest snowboards and bindings can be tested for free at the Ride Snowboards demo booth at every tourstop. And while the coaching day stands for freebie freestyle training sessions in small groups and together with snowboard pros, Europe\u00b4s rising stars will throw down their best tricks on the competition day to overawe judges, competitors and spectators.\nAll four competitions come along with loads of medals, prizes and prize money. And while Ride Snowboards hands out brand-new snowboards to the gold-medalists, second presenting partner Blue Tomato will be organising funny side events and competitions on the coaching day. Horsefeathers deliveres a brand-new outerwear combo for all four Horsefeathers best trick winners.<br>With every contest result, athletes will accumulate points in the Zillertal V\u00c4LLEY R\u00c4LLEY overall ranking. The overall Zillertal V\u00c4LLEY R\u00c4LLEY 2021 winners will be rewarded new Royal Zillertal V\u00c4LLEY R\u00c4LLEY family at the fourth and final stage on Hintertux Glacier.<\/p>\n\n\n\n<figure class=\"wp-block-image size-large\"><img loading=\"lazy\" decoding=\"async\" width=\"1024\" height=\"683\" data-attachment-id=\"3191\" data-permalink=\"https:\/\/boardgeneration.ch\/en\/8-zillertal-vaelley-raelley\/190427_zvr_tux_comp_olivie_pouch2_by_matt_mchattie_lowres\/\" data-orig-file=\"https:\/\/boardgeneration.ch\/wp-content\/uploads\/2020\/09\/190427_zvr_tux_comp_olivie_pouch2_by_matt_mchattie_lowres.jpg\" data-orig-size=\"1600,1067\" data-comments-opened=\"1\" data-image-meta=\"{&quot;aperture&quot;:&quot;0&quot;,&quot;credit&quot;:&quot;&quot;,&quot;camera&quot;:&quot;&quot;,&quot;caption&quot;:&quot;&quot;,&quot;created_timestamp&quot;:&quot;0&quot;,&quot;copyright&quot;:&quot;m.mchattie&quot;,&quot;focal_length&quot;:&quot;0&quot;,&quot;iso&quot;:&quot;0&quot;,&quot;shutter_speed&quot;:&quot;0&quot;,&quot;title&quot;:&quot;&quot;,&quot;orientation&quot;:&quot;0&quot;}\" data-image-title=\"190427_zvr_tux_comp_olivie_pouch2_by_matt_mchattie_lowres\" data-image-description=\"\" data-image-caption=\"\" data-medium-file=\"https:\/\/boardgeneration.ch\/wp-content\/uploads\/2020\/09\/190427_zvr_tux_comp_olivie_pouch2_by_matt_mchattie_lowres-300x200.jpg\" data-large-file=\"https:\/\/boardgeneration.ch\/wp-content\/uploads\/2020\/09\/190427_zvr_tux_comp_olivie_pouch2_by_matt_mchattie_lowres-1024x683.jpg\" src=\"https:\/\/boardgeneration.ch\/wp-content\/uploads\/2020\/09\/190427_zvr_tux_comp_olivie_pouch2_by_matt_mchattie_lowres-1024x683.jpg\" alt=\"\" class=\"wp-image-3191\" srcset=\"https:\/\/boardgeneration.ch\/wp-content\/uploads\/2020\/09\/190427_zvr_tux_comp_olivie_pouch2_by_matt_mchattie_lowres-1024x683.jpg 1024w, https:\/\/boardgeneration.ch\/wp-content\/uploads\/2020\/09\/190427_zvr_tux_comp_olivie_pouch2_by_matt_mchattie_lowres-300x200.jpg 300w, https:\/\/boardgeneration.ch\/wp-content\/uploads\/2020\/09\/190427_zvr_tux_comp_olivie_pouch2_by_matt_mchattie_lowres-768x512.jpg 768w, https:\/\/boardgeneration.ch\/wp-content\/uploads\/2020\/09\/190427_zvr_tux_comp_olivie_pouch2_by_matt_mchattie_lowres-1536x1024.jpg 1536w, https:\/\/boardgeneration.ch\/wp-content\/uploads\/2020\/09\/190427_zvr_tux_comp_olivie_pouch2_by_matt_mchattie_lowres.jpg 1600w\" sizes=\"auto, (max-width: 1024px) 100vw, 1024px\" \/><figcaption><span class=\"media-credit\">\u00a9 M. Mchattie<\/span> Tux - Olivie Pouch<\/figcaption><\/figure>\n\n\n\n<p class=\"translation-block\">With every contest result, athletes will accumulate points in the Zillertal V\u00c4LLEY R\u00c4LLEY overall ranking. The overall Zillertal V\u00c4LLEY R\u00c4LLEY 2021 winners will be rewarded new Royal Zillertal V\u00c4LLEY R\u00c4LLEY family at the fourth and final stage on Hintertux Glacier. Riders participating in the tour, will also be collecting points on the International World Snowboard Point List (WSPL) and the points from the first three V\u00c4LLEY R\u00c4LLEY events are further counting for the ASA (Austrian Snowboard Association) Austriacups. With the results from the first three stages, the best man, woman and rookies (U18) qualify for the Austrian Masters Slopestyle Finals. The rookies (U18) are collecting points for the World Rookie Ranking and can qualify for World Rookie Tour Finals. More info at <a href=\"http:\/\/www.powdern.com\" target=\"_self\" rel=\"noreferrer noopener\">http:\/\/www.powdern.com<\/a>.<\/p>\n\n\n\n<p>The \u00c4sthetiker are delighted to announce the new event schedule for 2020\/2021:<\/p>\n\n\n\n<ol class=\"wp-block-list\"><li>Tourstopp  19.-20.12.2020  Hochzillertal-Kaltenbach, Erste Ferienregion im Zillertal <\/li><li>Tourstopp  16.-17.01.2021  Zillertal Arena <\/li><li>Tourstopp  27.-28.02.2021  Penken Park Mayrhofen, Mayrhofen-Hippach im Zillertal <\/li><li>Tourstopp  24.-25.04.2021  Hintertuxer Gletscher, Betterpark Hintertux, Tux-Finkenberg<\/li><\/ol>\n\n\n\n<p>After the great finals of the actual Zillertal V\u00c4LLEY R\u00c4LLEY 2019\/2020 hosted by Blue Tomato &amp; Ride Snowboards had to be postponed from April to October 2020, all eyes are on Hintertux Glacier now! The registration for the last tourstop 2019\/2020, that will now take place on October 17th and 18th 2020 at Betterpark Hintertux, will open on October 1st at www.valleyralley.at. It\u00b4s understood that the actual safety precautions and conditions will be communicated and complied at all upcoming events. When the maximum number of registrations is reached, the sign-up will be closed immediately. There won\u00b4t be any late contest registrations on ground any more. All info about categories, age groups and registration can be found at www.valleyralley.at  and www.zillertal.at\/valleyralley <a href=\"http:\/\/www.valleyralley.at\" target=\"_blank\" rel=\"noreferrer noopener\">www.valleyralley.at<\/a> unlocked. It goes without saying that all Zillertal V\u00c4LLEY R\u00c4LLEY events are carried out in accordance with the latest security measures. As soon as the maximum number of participants is reached, the registration will be closed. Late registration on site is only possible for coaching. Further information on categories, age groups and registration under <a href=\"http:\/\/www.valleyralley.at\" target=\"_blank\" rel=\"noreferrer noopener\">www.valleyralley.at<\/a> and <a href=\"http:\/\/www.zillertal.at\/valleyralley\" target=\"_blank\" rel=\"noreferrer noopener\">www.zillertal.at\/valleyralley<\/a>.<\/p>\n\n\n\n<p><strong>About the Zillertal:<\/strong><br>The Zillertal is one of the most popular holiday destinations in the Alps and is the top address for snowboarders in Austria. The Zillertal Snowparks are among the best European freestyle parks and have always attracted snowboarders from all over the world to the valley for training. There is a large selection of jumps, rails and boxes for every level of ability. No matter if freestyle beginner or snowboard pro, in the Zillertal Snowparks everyone finds his perfect playground for new tricks, jumps and a lot of creativity. More information under: <a href=\"http:\/\/www.zillertal.at\" target=\"_blank\" rel=\"noreferrer noopener\">www.zillertal.at<\/a>.<\/p>","protected":false},"excerpt":{"rendered":"<p>Im Dezember 2020 startet die Zillertal V\u00c4LLEY R\u00c4LLEY hosted by Blue Tomato und Ride Snowboards in ihre achte Runde. Alle Jahre wieder lockt die beliebte Snowboard Tour von Dezember bis April viele internationale Snowboarder ins Zillertal. Unter der Federfu\u0308hrung des Snowboardclubs \u201eDie \u00c4sthetiker\u201c werden insgesamt vier Tourstopps, jeweils mit einem Tag Training und Coaching und [&hellip;]<\/p>\n","protected":false},"author":3,"featured_media":3188,"comment_status":"open","ping_status":"open","sticky":false,"template":"","format":"standard","meta":{"_jetpack_memberships_contains_paid_content":false,"footnotes":""},"categories":[168,12],"tags":[30750,30749,27277,27279],"class_list":["post-3185","post","type-post","status-publish","format-standard","has-post-thumbnail","hentry","category-contest","category-event","tag-contest","tag-hintertux","tag-valley-ralley","tag-zillertal"],"yoast_head":"<!-- This site is optimized with the Yoast SEO plugin v26.8 - https:\/\/yoast.com\/product\/yoast-seo-wordpress\/ -->\n<title>8. Zillertal V\u00c4LLEY R\u00c4LLEY - Board Generation<\/title>\n<meta name=\"robots\" content=\"index, follow, max-snippet:-1, max-image-preview:large, max-video-preview:-1\" \/>\n<link rel=\"canonical\" href=\"https:\/\/boardgeneration.ch\/en\/8-zillertal-vaelley-raelley\/\" \/>\n<meta property=\"og:locale\" content=\"en_GB\" \/>\n<meta property=\"og:type\" content=\"article\" \/>\n<meta property=\"og:title\" content=\"8. Zillertal V\u00c4LLEY R\u00c4LLEY - Board Generation\" \/>\n<meta property=\"og:description\" content=\"Im Dezember 2020 startet die Zillertal V\u00c4LLEY R\u00c4LLEY hosted by Blue Tomato und Ride Snowboards in ihre achte Runde. Alle Jahre wieder lockt die beliebte Snowboard Tour von Dezember bis April viele internationale Snowboarder ins Zillertal. Unter der Federfu\u0308hrung des Snowboardclubs \u201eDie \u00c4sthetiker\u201c werden insgesamt vier Tourstopps, jeweils mit einem Tag Training und Coaching und [&hellip;]\" \/>\n<meta property=\"og:url\" content=\"https:\/\/boardgeneration.ch\/en\/8-zillertal-vaelley-raelley\/\" \/>\n<meta property=\"og:site_name\" content=\"Board Generation\" \/>\n<meta property=\"article:publisher\" content=\"https:\/\/www.facebook.com\/boardgeneration.ch\" \/>\n<meta property=\"article:published_time\" content=\"2020-09-03T18:16:29+00:00\" \/>\n<meta property=\"article:modified_time\" content=\"2020-09-03T19:20:59+00:00\" \/>\n<meta property=\"og:image\" content=\"https:\/\/boardgeneration.ch\/wp-content\/uploads\/2020\/09\/20-03-01_zvr_Penken_Park_Contest__Serhii-Sanzhapov__by_Gustav_Hersmann_0124_lowres.jpg\" \/>\n\t<meta property=\"og:image:width\" content=\"1600\" \/>\n\t<meta property=\"og:image:height\" content=\"1067\" \/>\n\t<meta property=\"og:image:type\" content=\"image\/jpeg\" \/>\n<meta name=\"author\" content=\"Pressedienst\" \/>\n<meta name=\"twitter:card\" content=\"summary_large_image\" \/>\n<meta name=\"twitter:creator\" content=\"@boardgen\" \/>\n<meta name=\"twitter:site\" content=\"@boardgen\" \/>\n<meta name=\"twitter:label1\" content=\"Written by\" \/>\n\t<meta name=\"twitter:data1\" content=\"Pressedienst\" \/>\n\t<meta name=\"twitter:label2\" content=\"Estimated reading time\" \/>\n\t<meta name=\"twitter:data2\" content=\"4 minutes\" \/>\n<script type=\"application\/ld+json\" class=\"yoast-schema-graph\">{\"@context\":\"https:\/\/schema.org\",\"@graph\":[{\"@type\":\"Article\",\"@id\":\"https:\/\/boardgeneration.ch\/en\/8-zillertal-vaelley-raelley\/#article\",\"isPartOf\":{\"@id\":\"https:\/\/boardgeneration.ch\/en\/8-zillertal-vaelley-raelley\/\"},\"author\":{\"name\":\"Pressedienst\",\"@id\":\"https:\/\/boardgeneration.ch\/#\/schema\/person\/4727ac7b918c1fd9879a564a16734f2c\"},\"headline\":\"8. Zillertal V\u00c4LLEY R\u00c4LLEY\",\"datePublished\":\"2020-09-03T18:16:29+00:00\",\"dateModified\":\"2020-09-03T19:20:59+00:00\",\"mainEntityOfPage\":{\"@id\":\"https:\/\/boardgeneration.ch\/en\/8-zillertal-vaelley-raelley\/\"},\"wordCount\":759,\"commentCount\":0,\"publisher\":{\"@id\":\"https:\/\/boardgeneration.ch\/#organization\"},\"image\":{\"@id\":\"https:\/\/boardgeneration.ch\/en\/8-zillertal-vaelley-raelley\/#primaryimage\"},\"thumbnailUrl\":\"https:\/\/boardgeneration.ch\/wp-content\/uploads\/2020\/09\/20-03-01_zvr_Penken_Park_Contest__Serhii-Sanzhapov__by_Gustav_Hersmann_0124_lowres.jpg\",\"keywords\":[\"Contest\",\"Hintertux\",\"V\u00e4lley R\u00e4lley\",\"Zillertal\"],\"articleSection\":[\"contest\",\"event\"],\"inLanguage\":\"en-GB\",\"potentialAction\":[{\"@type\":\"CommentAction\",\"name\":\"Comment\",\"target\":[\"https:\/\/boardgeneration.ch\/en\/8-zillertal-vaelley-raelley\/#respond\"]}]},{\"@type\":\"WebPage\",\"@id\":\"https:\/\/boardgeneration.ch\/en\/8-zillertal-vaelley-raelley\/\",\"url\":\"https:\/\/boardgeneration.ch\/en\/8-zillertal-vaelley-raelley\/\",\"name\":\"8. Zillertal V\u00c4LLEY R\u00c4LLEY - Board Generation\",\"isPartOf\":{\"@id\":\"https:\/\/boardgeneration.ch\/#website\"},\"primaryImageOfPage\":{\"@id\":\"https:\/\/boardgeneration.ch\/en\/8-zillertal-vaelley-raelley\/#primaryimage\"},\"image\":{\"@id\":\"https:\/\/boardgeneration.ch\/en\/8-zillertal-vaelley-raelley\/#primaryimage\"},\"thumbnailUrl\":\"https:\/\/boardgeneration.ch\/wp-content\/uploads\/2020\/09\/20-03-01_zvr_Penken_Park_Contest__Serhii-Sanzhapov__by_Gustav_Hersmann_0124_lowres.jpg\",\"datePublished\":\"2020-09-03T18:16:29+00:00\",\"dateModified\":\"2020-09-03T19:20:59+00:00\",\"breadcrumb\":{\"@id\":\"https:\/\/boardgeneration.ch\/en\/8-zillertal-vaelley-raelley\/#breadcrumb\"},\"inLanguage\":\"en-GB\",\"potentialAction\":[{\"@type\":\"ReadAction\",\"target\":[\"https:\/\/boardgeneration.ch\/en\/8-zillertal-vaelley-raelley\/\"]}]},{\"@type\":\"ImageObject\",\"inLanguage\":\"en-GB\",\"@id\":\"https:\/\/boardgeneration.ch\/en\/8-zillertal-vaelley-raelley\/#primaryimage\",\"url\":\"https:\/\/boardgeneration.ch\/wp-content\/uploads\/2020\/09\/20-03-01_zvr_Penken_Park_Contest__Serhii-Sanzhapov__by_Gustav_Hersmann_0124_lowres.jpg\",\"contentUrl\":\"https:\/\/boardgeneration.ch\/wp-content\/uploads\/2020\/09\/20-03-01_zvr_Penken_Park_Contest__Serhii-Sanzhapov__by_Gustav_Hersmann_0124_lowres.jpg\",\"width\":1600,\"height\":1067,\"caption\":\"Serhii Sanzhapov\"},{\"@type\":\"BreadcrumbList\",\"@id\":\"https:\/\/boardgeneration.ch\/en\/8-zillertal-vaelley-raelley\/#breadcrumb\",\"itemListElement\":[{\"@type\":\"ListItem\",\"position\":1,\"name\":\"Startseite\",\"item\":\"https:\/\/boardgeneration.ch\/\"},{\"@type\":\"ListItem\",\"position\":2,\"name\":\"8. Zillertal V\u00c4LLEY R\u00c4LLEY\"}]},{\"@type\":\"WebSite\",\"@id\":\"https:\/\/boardgeneration.ch\/#website\",\"url\":\"https:\/\/boardgeneration.ch\/\",\"name\":\"board generation\",\"description\":\"Back to the Roots\",\"publisher\":{\"@id\":\"https:\/\/boardgeneration.ch\/#organization\"},\"potentialAction\":[{\"@type\":\"SearchAction\",\"target\":{\"@type\":\"EntryPoint\",\"urlTemplate\":\"https:\/\/boardgeneration.ch\/?s={search_term_string}\"},\"query-input\":{\"@type\":\"PropertyValueSpecification\",\"valueRequired\":true,\"valueName\":\"search_term_string\"}}],\"inLanguage\":\"en-GB\"},{\"@type\":\"Organization\",\"@id\":\"https:\/\/boardgeneration.ch\/#organization\",\"name\":\"board generation\",\"url\":\"https:\/\/boardgeneration.ch\/\",\"logo\":{\"@type\":\"ImageObject\",\"inLanguage\":\"en-GB\",\"@id\":\"https:\/\/boardgeneration.ch\/#\/schema\/logo\/image\/\",\"url\":\"https:\/\/boardgeneration.ch\/wp-content\/uploads\/2019\/01\/bg-logo_mit_Text.png\",\"contentUrl\":\"https:\/\/boardgeneration.ch\/wp-content\/uploads\/2019\/01\/bg-logo_mit_Text.png\",\"width\":1040,\"height\":1155,\"caption\":\"board generation\"},\"image\":{\"@id\":\"https:\/\/boardgeneration.ch\/#\/schema\/logo\/image\/\"},\"sameAs\":[\"https:\/\/www.facebook.com\/boardgeneration.ch\",\"https:\/\/x.com\/boardgen\",\"https:\/\/www.instagram.com\/boardgen\/\"]},{\"@type\":\"Person\",\"@id\":\"https:\/\/boardgeneration.ch\/#\/schema\/person\/4727ac7b918c1fd9879a564a16734f2c\",\"name\":\"Pressedienst\",\"image\":{\"@type\":\"ImageObject\",\"inLanguage\":\"en-GB\",\"@id\":\"https:\/\/boardgeneration.ch\/#\/schema\/person\/image\/\",\"url\":\"https:\/\/boardgeneration.ch\/wp-content\/uploads\/2019\/10\/Pile-of-letters-96x96.jpg\",\"contentUrl\":\"https:\/\/boardgeneration.ch\/wp-content\/uploads\/2019\/10\/Pile-of-letters-96x96.jpg\",\"caption\":\"Pressedienst\"},\"url\":\"https:\/\/boardgeneration.ch\/en\/author\/pressedienst\/\"}]}<\/script>\n<!-- \/ Yoast SEO plugin. -->","yoast_head_json":{"title":"8. Zillertal V\u00c4LLEY R\u00c4LLEY - Board Generation","robots":{"index":"index","follow":"follow","max-snippet":"max-snippet:-1","max-image-preview":"max-image-preview:large","max-video-preview":"max-video-preview:-1"},"canonical":"https:\/\/boardgeneration.ch\/en\/8-zillertal-vaelley-raelley\/","og_locale":"en_GB","og_type":"article","og_title":"8. Zillertal V\u00c4LLEY R\u00c4LLEY - Board Generation","og_description":"Im Dezember 2020 startet die Zillertal V\u00c4LLEY R\u00c4LLEY hosted by Blue Tomato und Ride Snowboards in ihre achte Runde. Alle Jahre wieder lockt die beliebte Snowboard Tour von Dezember bis April viele internationale Snowboarder ins Zillertal. Unter der Federfu\u0308hrung des Snowboardclubs \u201eDie \u00c4sthetiker\u201c werden insgesamt vier Tourstopps, jeweils mit einem Tag Training und Coaching und [&hellip;]","og_url":"https:\/\/boardgeneration.ch\/en\/8-zillertal-vaelley-raelley\/","og_site_name":"Board Generation","article_publisher":"https:\/\/www.facebook.com\/boardgeneration.ch","article_published_time":"2020-09-03T18:16:29+00:00","article_modified_time":"2020-09-03T19:20:59+00:00","og_image":[{"width":1600,"height":1067,"url":"https:\/\/boardgeneration.ch\/wp-content\/uploads\/2020\/09\/20-03-01_zvr_Penken_Park_Contest__Serhii-Sanzhapov__by_Gustav_Hersmann_0124_lowres.jpg","type":"image\/jpeg"}],"author":"Pressedienst","twitter_card":"summary_large_image","twitter_creator":"@boardgen","twitter_site":"@boardgen","twitter_misc":{"Written by":"Pressedienst","Estimated reading time":"4 minutes"},"schema":{"@context":"https:\/\/schema.org","@graph":[{"@type":"Article","@id":"https:\/\/boardgeneration.ch\/en\/8-zillertal-vaelley-raelley\/#article","isPartOf":{"@id":"https:\/\/boardgeneration.ch\/en\/8-zillertal-vaelley-raelley\/"},"author":{"name":"Pressedienst","@id":"https:\/\/boardgeneration.ch\/#\/schema\/person\/4727ac7b918c1fd9879a564a16734f2c"},"headline":"8. Zillertal V\u00c4LLEY R\u00c4LLEY","datePublished":"2020-09-03T18:16:29+00:00","dateModified":"2020-09-03T19:20:59+00:00","mainEntityOfPage":{"@id":"https:\/\/boardgeneration.ch\/en\/8-zillertal-vaelley-raelley\/"},"wordCount":759,"commentCount":0,"publisher":{"@id":"https:\/\/boardgeneration.ch\/#organization"},"image":{"@id":"https:\/\/boardgeneration.ch\/en\/8-zillertal-vaelley-raelley\/#primaryimage"},"thumbnailUrl":"https:\/\/boardgeneration.ch\/wp-content\/uploads\/2020\/09\/20-03-01_zvr_Penken_Park_Contest__Serhii-Sanzhapov__by_Gustav_Hersmann_0124_lowres.jpg","keywords":["Contest","Hintertux","V\u00e4lley R\u00e4lley","Zillertal"],"articleSection":["contest","event"],"inLanguage":"en-GB","potentialAction":[{"@type":"CommentAction","name":"Comment","target":["https:\/\/boardgeneration.ch\/en\/8-zillertal-vaelley-raelley\/#respond"]}]},{"@type":"WebPage","@id":"https:\/\/boardgeneration.ch\/en\/8-zillertal-vaelley-raelley\/","url":"https:\/\/boardgeneration.ch\/en\/8-zillertal-vaelley-raelley\/","name":"8. Zillertal V\u00c4LLEY R\u00c4LLEY - Board Generation","isPartOf":{"@id":"https:\/\/boardgeneration.ch\/#website"},"primaryImageOfPage":{"@id":"https:\/\/boardgeneration.ch\/en\/8-zillertal-vaelley-raelley\/#primaryimage"},"image":{"@id":"https:\/\/boardgeneration.ch\/en\/8-zillertal-vaelley-raelley\/#primaryimage"},"thumbnailUrl":"https:\/\/boardgeneration.ch\/wp-content\/uploads\/2020\/09\/20-03-01_zvr_Penken_Park_Contest__Serhii-Sanzhapov__by_Gustav_Hersmann_0124_lowres.jpg","datePublished":"2020-09-03T18:16:29+00:00","dateModified":"2020-09-03T19:20:59+00:00","breadcrumb":{"@id":"https:\/\/boardgeneration.ch\/en\/8-zillertal-vaelley-raelley\/#breadcrumb"},"inLanguage":"en-GB","potentialAction":[{"@type":"ReadAction","target":["https:\/\/boardgeneration.ch\/en\/8-zillertal-vaelley-raelley\/"]}]},{"@type":"ImageObject","inLanguage":"en-GB","@id":"https:\/\/boardgeneration.ch\/en\/8-zillertal-vaelley-raelley\/#primaryimage","url":"https:\/\/boardgeneration.ch\/wp-content\/uploads\/2020\/09\/20-03-01_zvr_Penken_Park_Contest__Serhii-Sanzhapov__by_Gustav_Hersmann_0124_lowres.jpg","contentUrl":"https:\/\/boardgeneration.ch\/wp-content\/uploads\/2020\/09\/20-03-01_zvr_Penken_Park_Contest__Serhii-Sanzhapov__by_Gustav_Hersmann_0124_lowres.jpg","width":1600,"height":1067,"caption":"Serhii Sanzhapov"},{"@type":"BreadcrumbList","@id":"https:\/\/boardgeneration.ch\/en\/8-zillertal-vaelley-raelley\/#breadcrumb","itemListElement":[{"@type":"ListItem","position":1,"name":"Startseite","item":"https:\/\/boardgeneration.ch\/"},{"@type":"ListItem","position":2,"name":"8. Zillertal V\u00c4LLEY R\u00c4LLEY"}]},{"@type":"WebSite","@id":"https:\/\/boardgeneration.ch\/#website","url":"https:\/\/boardgeneration.ch\/","name":"board generation","description":"Back to the Roots","publisher":{"@id":"https:\/\/boardgeneration.ch\/#organization"},"potentialAction":[{"@type":"SearchAction","target":{"@type":"EntryPoint","urlTemplate":"https:\/\/boardgeneration.ch\/?s={search_term_string}"},"query-input":{"@type":"PropertyValueSpecification","valueRequired":true,"valueName":"search_term_string"}}],"inLanguage":"en-GB"},{"@type":"Organization","@id":"https:\/\/boardgeneration.ch\/#organization","name":"board generation","url":"https:\/\/boardgeneration.ch\/","logo":{"@type":"ImageObject","inLanguage":"en-GB","@id":"https:\/\/boardgeneration.ch\/#\/schema\/logo\/image\/","url":"https:\/\/boardgeneration.ch\/wp-content\/uploads\/2019\/01\/bg-logo_mit_Text.png","contentUrl":"https:\/\/boardgeneration.ch\/wp-content\/uploads\/2019\/01\/bg-logo_mit_Text.png","width":1040,"height":1155,"caption":"board generation"},"image":{"@id":"https:\/\/boardgeneration.ch\/#\/schema\/logo\/image\/"},"sameAs":["https:\/\/www.facebook.com\/boardgeneration.ch","https:\/\/x.com\/boardgen","https:\/\/www.instagram.com\/boardgen\/"]},{"@type":"Person","@id":"https:\/\/boardgeneration.ch\/#\/schema\/person\/4727ac7b918c1fd9879a564a16734f2c","name":"Press service","image":{"@type":"ImageObject","inLanguage":"en-GB","@id":"https:\/\/boardgeneration.ch\/#\/schema\/person\/image\/","url":"https:\/\/boardgeneration.ch\/wp-content\/uploads\/2019\/10\/Pile-of-letters-96x96.jpg","contentUrl":"https:\/\/boardgeneration.ch\/wp-content\/uploads\/2019\/10\/Pile-of-letters-96x96.jpg","caption":"Pressedienst"},"url":"https:\/\/boardgeneration.ch\/en\/author\/pressedienst\/"}]}},"jetpack_featured_media_url":"https:\/\/boardgeneration.ch\/wp-content\/uploads\/2020\/09\/20-03-01_zvr_Penken_Park_Contest__Serhii-Sanzhapov__by_Gustav_Hersmann_0124_lowres.jpg","jetpack_sharing_enabled":true,"amp_enabled":true,"_links":{"self":[{"href":"https:\/\/boardgeneration.ch\/en\/wp-json\/wp\/v2\/posts\/3185","targetHints":{"allow":["GET"]}}],"collection":[{"href":"https:\/\/boardgeneration.ch\/en\/wp-json\/wp\/v2\/posts"}],"about":[{"href":"https:\/\/boardgeneration.ch\/en\/wp-json\/wp\/v2\/types\/post"}],"author":[{"embeddable":true,"href":"https:\/\/boardgeneration.ch\/en\/wp-json\/wp\/v2\/users\/3"}],"replies":[{"embeddable":true,"href":"https:\/\/boardgeneration.ch\/en\/wp-json\/wp\/v2\/comments?post=3185"}],"version-history":[{"count":3,"href":"https:\/\/boardgeneration.ch\/en\/wp-json\/wp\/v2\/posts\/3185\/revisions"}],"predecessor-version":[{"id":3193,"href":"https:\/\/boardgeneration.ch\/en\/wp-json\/wp\/v2\/posts\/3185\/revisions\/3193"}],"wp:featuredmedia":[{"embeddable":true,"href":"https:\/\/boardgeneration.ch\/en\/wp-json\/wp\/v2\/media\/3188"}],"wp:attachment":[{"href":"https:\/\/boardgeneration.ch\/en\/wp-json\/wp\/v2\/media?parent=3185"}],"wp:term":[{"taxonomy":"category","embeddable":true,"href":"https:\/\/boardgeneration.ch\/en\/wp-json\/wp\/v2\/categories?post=3185"},{"taxonomy":"post_tag","embeddable":true,"href":"https:\/\/boardgeneration.ch\/en\/wp-json\/wp\/v2\/tags?post=3185"}],"curies":[{"name":"wp","href":"https:\/\/api.w.org\/{rel}","templated":true}]}}