{"id":3257,"date":"2020-09-18T13:05:50","date_gmt":"2020-09-18T12:05:50","guid":{"rendered":"https:\/\/boardgeneration.ch\/?p=3257"},"modified":"2020-09-28T19:53:37","modified_gmt":"2020-09-28T18:53:37","slug":"freeride-filmfestival-2020-07-29-11-in-at-de-ch-und-it","status":"publish","type":"post","link":"https:\/\/boardgeneration.ch\/en\/freeride-filmfestival-2020-07-29-11-in-at-de-ch-und-it\/","title":{"rendered":"FREERIDE FILM FESTIVAL 2020 | 07.-29.11 in AT, DE, CH and IT"},"content":{"rendered":"<span class=\"span-reading-time rt-reading-time\" style=\"display: block;\"><span class=\"rt-label rt-prefix\">Reading time: <\/span> <span class=\"rt-time\"> 5<\/span> <span class=\"rt-label rt-postfix\">minutes<\/span><\/span>\n<p><strong>The 11th Freeride Filmfestival is dedicated to the beautiful on your own doorstep - in more countries than ever before: \"shred@home &amp; film@home\", but not only because everyone was forced to do so in spring 2020!<\/strong><\/p>\n\n\n\n<figure class=\"wp-block-embed-youtube wp-block-embed is-type-video is-provider-youtube wp-embed-aspect-16-9 wp-has-aspect-ratio\"><div class=\"wp-block-embed__wrapper\">\n<iframe loading=\"lazy\" title=\"FFF20 Official Trailer\" width=\"740\" height=\"416\" src=\"https:\/\/www.youtube.com\/embed\/qzQIR2I9Wdg?feature=oembed\" frameborder=\"0\" allow=\"accelerometer; autoplay; clipboard-write; encrypted-media; gyroscope; picture-in-picture\" allowfullscreen><\/iframe>\n<\/div><\/figure>\n\n\n\n<p><strong><em>2020 is a very special year for the Freeride Filmfestival (FFF) - and this concerns several aspects at once. Firstly, the film selection is more international than ever before and at the same time locally anchored. Secondly, this is exactly in the sustainable sense of the festival. Thirdly, the tour will take us to Italy for the first time alongside Austria, Germany and Switzerland. Fourthly, not only the FFF visitors* have become accustomed to dealing with the corona virus, but also the organizers are aware of the great responsibility. Fifth, this year for the first time the full potential of the new cooperation with ABS\/PYUA will be used.<\/em><\/strong><\/p>\n\n\n\n<p>It's been a challenging and somewhat strange year. The two Master Minds of the Freeride Filmfestival (FFF) agree on that. But Volker H\u00f6lzl and Harry Putz have never doubted that there will be the Tour 2020. \"We were always aware that we had to adapt to the constantly changing conditions and remain flexible\", explains H\u00f6lzl. \"Of course, we will adhere exactly to the official COVID 19 guidelines, but we want to focus firmly on the joy, enthusiasm and shared experience of sport, filming and watching. That's why we are particularly pleased that this year we have more international productions in our programme than ever before, all of which were shot in our own backyards.<\/p>\n\n\n\n<p>Harry Putz is also enthusiastic about the mixture and theme of the chosen films. \"The productions are not only united by the slogan 'shred@home &amp; film@home', but they also show a wide range of cinematic and creative implementations: from stylish ambience and atmosphere films to the psychological hardcore strain in the mountains at the beginning of the Corona Lockdown to slapstick and a complete solo project. What Putz is also very proud of: \"The fact that we are thus furthering our 'Freeride for Future' initiative, which we launched last year. In this way we want to promote a change in awareness and a responsible approach to natural habitats.\"<\/p>\n\n\n\n<h2 class=\"wp-block-heading\">First POW Film Award, first time Italy<\/h2>\n\n\n\n<p>The premiere of the POW Film Award, which was presented in cooperation with <strong>Protect our Winters Europe<\/strong> is awarded. The \u20ac1,000 prize offered by the FFF is aimed at freeride films that provide explicit proof of active climate-conscious action without pointing the finger at others. Another important criterion is that no machine-driven ascent aids are used at all. In addition to the prize money, the winning production is awarded a trophy made by an artist and the \"FFF+POW Film Award Laurel\".<\/p>\n\n\n\n<h2 class=\"wp-block-heading\">New partners, new destinations<\/h2>\n\n\n\n<p>Behind the scenes of the Freeride Film Festival there has also been a change. With ABS and PYUA, Volker H\u00f6lzl and Harry Putz have brought two of the leading brands in the freeride industry into the company as investors. The strategy is clear: Together they are working on the constant expansion and increasing internationalisation of the tour.<\/p>\n\n\n\n<p>Therefore the fans can expect an innovation at the tour stops this year. In addition to Germany, Austria and Switzerland, the FFF 2020 will be making its first guest appearance in Italy. The exact dates for all destinations and the respective cinemas can be found at the end of this document.<\/p>\n\n\n\n<p>At the first tour stops in Andermatt, Zurich, Wolfurt, Garmisch-Partenkirchen, Munich, Vienna and Innsbruck, the FFF team will be on the road as usual with the big tour bus, including athletes and filmmakers. At all further stops a presenter and sometimes one or more of the actors will be on site to guide the audience through the film selection.<\/p>\n\n\n\n<h2 class=\"wp-block-heading\">Swiss love and Corona change of heart<\/h2>\n\n\n\n<p>The headliner of the FFF 2020 is the production \"<strong>From Switzerland with Love<\/strong>\u201c. The main actor is Laurent De Martin, an internationally renowned freeskier from French-speaking Switzerland. He has travelled the world a lot and now he invites athletes from near and far to his home in Valais to enjoy the different terrains and types of games. Laurent's home is the \"Dents du Midi\" (\"The Teeth of the South\"), seven three thousand meter peaks in the French speaking part of Switzerland. The result is a freeskiing potpourri from street to backcountry, with a fat guest appearance by FFF-tested Mathieu Schaer. Presented in an absolutely harmonious, familiar atmosphere and with a soundtrack that gets under your skin. A film with so much \"freestyle\" has not been seen at FFF for a long time!<\/p>\n\n\n\n<div class=\"wp-block-jetpack-tiled-gallery aligncenter is-style-rectangular\"><div class=\"tiled-gallery__gallery\"><div class=\"tiled-gallery__row\"><div class=\"tiled-gallery__col\" style=\"flex-basis:68.77960726325153%\"><figure class=\"tiled-gallery__item\"><img decoding=\"async\" data-attachment-id=\"3265\" data-permalink=\"https:\/\/boardgeneration.ch\/en\/freeride-filmfestival-2020-07-29-11-in-at-de-ch-und-it\/laurentdemartin_fromswitzerlandwithlove_cfrancoismarclay6\/\" data-orig-file=\"https:\/\/boardgeneration.ch\/wp-content\/uploads\/2020\/09\/LaurentDeMartin_FromSwitzerlandWithLove_cFrancoisMarclay6-scaled.jpg\" data-orig-size=\"2560,1707\" data-comments-opened=\"1\" data-image-meta=\"{&quot;aperture&quot;:&quot;9&quot;,&quot;credit&quot;:&quot;Francois Marclay&quot;,&quot;camera&quot;:&quot;ILCE-7M3&quot;,&quot;caption&quot;:&quot;&quot;,&quot;created_timestamp&quot;:&quot;1581758195&quot;,&quot;copyright&quot;:&quot;Francois Marclay&quot;,&quot;focal_length&quot;:&quot;200&quot;,&quot;iso&quot;:&quot;200&quot;,&quot;shutter_speed&quot;:&quot;0.000625&quot;,&quot;title&quot;:&quot;&quot;,&quot;orientation&quot;:&quot;1&quot;}\" data-image-title=\"LaurentDeMartin_FromSwitzerlandWithLove_cFrancoisMarclay6\" data-image-description=\"\" data-image-caption=\"\" data-medium-file=\"https:\/\/boardgeneration.ch\/wp-content\/uploads\/2020\/09\/LaurentDeMartin_FromSwitzerlandWithLove_cFrancoisMarclay6-300x200.jpg\" data-large-file=\"https:\/\/boardgeneration.ch\/wp-content\/uploads\/2020\/09\/LaurentDeMartin_FromSwitzerlandWithLove_cFrancoisMarclay6-1024x683.jpg\" role=\"button\" tabindex=\"0\" aria-label=\"Open image 1 of 5 in full-screen\" srcset=\"https:\/\/i2.wp.com\/boardgeneration.ch\/wp-content\/uploads\/2020\/09\/LaurentDeMartin_FromSwitzerlandWithLove_cFrancoisMarclay6-scaled.jpg?strip=info&#038;w=600&#038;ssl=1 600w,https:\/\/i2.wp.com\/boardgeneration.ch\/wp-content\/uploads\/2020\/09\/LaurentDeMartin_FromSwitzerlandWithLove_cFrancoisMarclay6-scaled.jpg?strip=info&#038;w=900&#038;ssl=1 900w,https:\/\/i2.wp.com\/boardgeneration.ch\/wp-content\/uploads\/2020\/09\/LaurentDeMartin_FromSwitzerlandWithLove_cFrancoisMarclay6-scaled.jpg?strip=info&#038;w=1200&#038;ssl=1 1200w,https:\/\/i2.wp.com\/boardgeneration.ch\/wp-content\/uploads\/2020\/09\/LaurentDeMartin_FromSwitzerlandWithLove_cFrancoisMarclay6-scaled.jpg?strip=info&#038;w=1500&#038;ssl=1 1500w,https:\/\/i2.wp.com\/boardgeneration.ch\/wp-content\/uploads\/2020\/09\/LaurentDeMartin_FromSwitzerlandWithLove_cFrancoisMarclay6-scaled.jpg?strip=info&#038;w=1800&#038;ssl=1 1800w,https:\/\/i2.wp.com\/boardgeneration.ch\/wp-content\/uploads\/2020\/09\/LaurentDeMartin_FromSwitzerlandWithLove_cFrancoisMarclay6-scaled.jpg?strip=info&#038;w=2000&#038;ssl=1 2000w\" alt=\"\" data-height=\"1707\" data-id=\"3265\" data-link=\"https:\/\/boardgeneration.ch\/?attachment_id=3265\" data-url=\"https:\/\/boardgeneration.ch\/wp-content\/uploads\/2020\/09\/LaurentDeMartin_FromSwitzerlandWithLove_cFrancoisMarclay6-scaled.jpg\" data-width=\"2560\" src=\"https:\/\/i2.wp.com\/boardgeneration.ch\/wp-content\/uploads\/2020\/09\/LaurentDeMartin_FromSwitzerlandWithLove_cFrancoisMarclay6-scaled.jpg?ssl=1\" layout=\"responsive\"\/><\/figure><\/div><div class=\"tiled-gallery__col\" style=\"flex-basis:31.220392736748465%\"><figure class=\"tiled-gallery__item\"><img decoding=\"async\" data-attachment-id=\"3266\" data-permalink=\"https:\/\/boardgeneration.ch\/en\/freeride-filmfestival-2020-07-29-11-in-at-de-ch-und-it\/laurentdemartin_fromswitzerlandwithlove_cruediflu%cc%88ck13\/\" data-orig-file=\"https:\/\/boardgeneration.ch\/wp-content\/uploads\/2020\/09\/LaurentDeMartin_FromSwitzerlandWithLove_cRuediFlu\u0308ck13.jpg\" data-orig-size=\"1688,2488\" data-comments-opened=\"1\" data-image-meta=\"{&quot;aperture&quot;:&quot;9&quot;,&quot;credit&quot;:&quot;Ruedi Fl\\u00fcck&quot;,&quot;camera&quot;:&quot;NIKON D4S&quot;,&quot;caption&quot;:&quot;&quot;,&quot;created_timestamp&quot;:&quot;1578484806&quot;,&quot;copyright&quot;:&quot;Ruedi Fl\\u00fcck&quot;,&quot;focal_length&quot;:&quot;48&quot;,&quot;iso&quot;:&quot;100&quot;,&quot;shutter_speed&quot;:&quot;0.005&quot;,&quot;title&quot;:&quot;&quot;,&quot;orientation&quot;:&quot;1&quot;}\" data-image-title=\"LaurentDeMartin_FromSwitzerlandWithLove_cRuediFlu\u0308ck13\" data-image-description=\"\" data-image-caption=\"\" data-medium-file=\"https:\/\/boardgeneration.ch\/wp-content\/uploads\/2020\/09\/LaurentDeMartin_FromSwitzerlandWithLove_cRuediFlu\u0308ck13-204x300.jpg\" data-large-file=\"https:\/\/boardgeneration.ch\/wp-content\/uploads\/2020\/09\/LaurentDeMartin_FromSwitzerlandWithLove_cRuediFlu\u0308ck13-695x1024.jpg\" role=\"button\" tabindex=\"0\" aria-label=\"Open image 2 of 5 in full-screen\" srcset=\"https:\/\/i1.wp.com\/boardgeneration.ch\/wp-content\/uploads\/2020\/09\/LaurentDeMartin_FromSwitzerlandWithLove_cRuediFlu\u0308ck13.jpg?strip=info&#038;w=600&#038;ssl=1 600w,https:\/\/i1.wp.com\/boardgeneration.ch\/wp-content\/uploads\/2020\/09\/LaurentDeMartin_FromSwitzerlandWithLove_cRuediFlu\u0308ck13.jpg?strip=info&#038;w=900&#038;ssl=1 900w,https:\/\/i1.wp.com\/boardgeneration.ch\/wp-content\/uploads\/2020\/09\/LaurentDeMartin_FromSwitzerlandWithLove_cRuediFlu\u0308ck13.jpg?strip=info&#038;w=1200&#038;ssl=1 1200w,https:\/\/i1.wp.com\/boardgeneration.ch\/wp-content\/uploads\/2020\/09\/LaurentDeMartin_FromSwitzerlandWithLove_cRuediFlu\u0308ck13.jpg?strip=info&#038;w=1500&#038;ssl=1 1500w,https:\/\/i1.wp.com\/boardgeneration.ch\/wp-content\/uploads\/2020\/09\/LaurentDeMartin_FromSwitzerlandWithLove_cRuediFlu\u0308ck13.jpg?strip=info&#038;w=1688&#038;ssl=1 1688w\" alt=\"\" data-height=\"2488\" data-id=\"3266\" data-link=\"https:\/\/boardgeneration.ch\/?attachment_id=3266\" data-url=\"https:\/\/boardgeneration.ch\/wp-content\/uploads\/2020\/09\/LaurentDeMartin_FromSwitzerlandWithLove_cRuediFlu\u0308ck13.jpg\" data-width=\"1688\" src=\"https:\/\/i1.wp.com\/boardgeneration.ch\/wp-content\/uploads\/2020\/09\/LaurentDeMartin_FromSwitzerlandWithLove_cRuediFlu\u0308ck13.jpg?ssl=1\" layout=\"responsive\"\/><\/figure><\/div><\/div><div class=\"tiled-gallery__row\"><div class=\"tiled-gallery__col\" style=\"flex-basis:47.256936387777394%\"><figure class=\"tiled-gallery__item\"><img decoding=\"async\" data-attachment-id=\"3269\" data-permalink=\"https:\/\/boardgeneration.ch\/en\/freeride-filmfestival-2020-07-29-11-in-at-de-ch-und-it\/mathieuschaer_fromswitzerlandwithlove_cruediflu%cc%88ck\/\" data-orig-file=\"https:\/\/boardgeneration.ch\/wp-content\/uploads\/2020\/09\/MathieuSchaer_FromSwitzerlandWithLove_cRuediFlu\u0308ck-scaled.jpg\" data-orig-size=\"1704,2560\" data-comments-opened=\"1\" data-image-meta=\"{&quot;aperture&quot;:&quot;8&quot;,&quot;credit&quot;:&quot;Ruedi Flueck&quot;,&quot;camera&quot;:&quot;NIKON D4S&quot;,&quot;caption&quot;:&quot;&quot;,&quot;created_timestamp&quot;:&quot;1581084875&quot;,&quot;copyright&quot;:&quot;Ruedi Fl\\u00fcck&quot;,&quot;focal_length&quot;:&quot;62&quot;,&quot;iso&quot;:&quot;200&quot;,&quot;shutter_speed&quot;:&quot;0.0008&quot;,&quot;title&quot;:&quot;&quot;,&quot;orientation&quot;:&quot;1&quot;}\" data-image-title=\"MathieuSchaer_FromSwitzerlandWithLove_cRuediFlu\u0308ck\" data-image-description=\"\" data-image-caption=\"\" data-medium-file=\"https:\/\/boardgeneration.ch\/wp-content\/uploads\/2020\/09\/MathieuSchaer_FromSwitzerlandWithLove_cRuediFlu\u0308ck-200x300.jpg\" data-large-file=\"https:\/\/boardgeneration.ch\/wp-content\/uploads\/2020\/09\/MathieuSchaer_FromSwitzerlandWithLove_cRuediFlu\u0308ck-682x1024.jpg\" role=\"button\" tabindex=\"0\" aria-label=\"Open image 3 of 5 in full-screen\" srcset=\"https:\/\/i1.wp.com\/boardgeneration.ch\/wp-content\/uploads\/2020\/09\/MathieuSchaer_FromSwitzerlandWithLove_cRuediFlu\u0308ck-scaled.jpg?strip=info&#038;w=600&#038;ssl=1 600w,https:\/\/i1.wp.com\/boardgeneration.ch\/wp-content\/uploads\/2020\/09\/MathieuSchaer_FromSwitzerlandWithLove_cRuediFlu\u0308ck-scaled.jpg?strip=info&#038;w=900&#038;ssl=1 900w,https:\/\/i1.wp.com\/boardgeneration.ch\/wp-content\/uploads\/2020\/09\/MathieuSchaer_FromSwitzerlandWithLove_cRuediFlu\u0308ck-scaled.jpg?strip=info&#038;w=1200&#038;ssl=1 1200w,https:\/\/i1.wp.com\/boardgeneration.ch\/wp-content\/uploads\/2020\/09\/MathieuSchaer_FromSwitzerlandWithLove_cRuediFlu\u0308ck-scaled.jpg?strip=info&#038;w=1500&#038;ssl=1 1500w,https:\/\/i1.wp.com\/boardgeneration.ch\/wp-content\/uploads\/2020\/09\/MathieuSchaer_FromSwitzerlandWithLove_cRuediFlu\u0308ck-scaled.jpg?strip=info&#038;w=1704&#038;ssl=1 1704w\" alt=\"\" data-height=\"2560\" data-id=\"3269\" data-link=\"https:\/\/boardgeneration.ch\/?attachment_id=3269\" data-url=\"https:\/\/boardgeneration.ch\/wp-content\/uploads\/2020\/09\/MathieuSchaer_FromSwitzerlandWithLove_cRuediFlu\u0308ck-scaled.jpg\" data-width=\"1704\" src=\"https:\/\/i1.wp.com\/boardgeneration.ch\/wp-content\/uploads\/2020\/09\/MathieuSchaer_FromSwitzerlandWithLove_cRuediFlu\u0308ck-scaled.jpg?ssl=1\" layout=\"responsive\"\/><\/figure><\/div><div class=\"tiled-gallery__col\" style=\"flex-basis:52.74306361222262%\"><figure class=\"tiled-gallery__item\"><img decoding=\"async\" data-attachment-id=\"3267\" data-permalink=\"https:\/\/boardgeneration.ch\/en\/freeride-filmfestival-2020-07-29-11-in-at-de-ch-und-it\/laurentdemartin_sampovallotton_remcokayser_valentinmorel_fromswitzerlandwithlove_cruediflu%cc%88ck\/\" data-orig-file=\"https:\/\/boardgeneration.ch\/wp-content\/uploads\/2020\/09\/LaurentDeMartin_SampoVallotton_RemcoKayser_ValentinMorel_FromSwitzerlandWithLove_cRuediFlu\u0308ck-scaled.jpg\" data-orig-size=\"2560,1704\" data-comments-opened=\"1\" data-image-meta=\"{&quot;aperture&quot;:&quot;5.6&quot;,&quot;credit&quot;:&quot;Ruedi Flueck&quot;,&quot;camera&quot;:&quot;NIKON D4S&quot;,&quot;caption&quot;:&quot;&quot;,&quot;created_timestamp&quot;:&quot;1588611316&quot;,&quot;copyright&quot;:&quot;Ruedi Fl\\u00fcck&quot;,&quot;focal_length&quot;:&quot;200&quot;,&quot;iso&quot;:&quot;100&quot;,&quot;shutter_speed&quot;:&quot;0.000625&quot;,&quot;title&quot;:&quot;&quot;,&quot;orientation&quot;:&quot;1&quot;}\" data-image-title=\"LaurentDeMartin_SampoVallotton_RemcoKayser_ValentinMorel_FromSwitzerlandWithLove_cRuediFlu\u0308ck\" data-image-description=\"\" data-image-caption=\"\" data-medium-file=\"https:\/\/boardgeneration.ch\/wp-content\/uploads\/2020\/09\/LaurentDeMartin_SampoVallotton_RemcoKayser_ValentinMorel_FromSwitzerlandWithLove_cRuediFlu\u0308ck-300x200.jpg\" data-large-file=\"https:\/\/boardgeneration.ch\/wp-content\/uploads\/2020\/09\/LaurentDeMartin_SampoVallotton_RemcoKayser_ValentinMorel_FromSwitzerlandWithLove_cRuediFlu\u0308ck-1024x682.jpg\" role=\"button\" tabindex=\"0\" aria-label=\"Open image 4 of 5 in full-screen\" srcset=\"https:\/\/i1.wp.com\/boardgeneration.ch\/wp-content\/uploads\/2020\/09\/LaurentDeMartin_SampoVallotton_RemcoKayser_ValentinMorel_FromSwitzerlandWithLove_cRuediFlu\u0308ck-scaled.jpg?strip=info&#038;w=600&#038;ssl=1 600w,https:\/\/i1.wp.com\/boardgeneration.ch\/wp-content\/uploads\/2020\/09\/LaurentDeMartin_SampoVallotton_RemcoKayser_ValentinMorel_FromSwitzerlandWithLove_cRuediFlu\u0308ck-scaled.jpg?strip=info&#038;w=900&#038;ssl=1 900w,https:\/\/i1.wp.com\/boardgeneration.ch\/wp-content\/uploads\/2020\/09\/LaurentDeMartin_SampoVallotton_RemcoKayser_ValentinMorel_FromSwitzerlandWithLove_cRuediFlu\u0308ck-scaled.jpg?strip=info&#038;w=1200&#038;ssl=1 1200w,https:\/\/i1.wp.com\/boardgeneration.ch\/wp-content\/uploads\/2020\/09\/LaurentDeMartin_SampoVallotton_RemcoKayser_ValentinMorel_FromSwitzerlandWithLove_cRuediFlu\u0308ck-scaled.jpg?strip=info&#038;w=1500&#038;ssl=1 1500w,https:\/\/i1.wp.com\/boardgeneration.ch\/wp-content\/uploads\/2020\/09\/LaurentDeMartin_SampoVallotton_RemcoKayser_ValentinMorel_FromSwitzerlandWithLove_cRuediFlu\u0308ck-scaled.jpg?strip=info&#038;w=1800&#038;ssl=1 1800w,https:\/\/i1.wp.com\/boardgeneration.ch\/wp-content\/uploads\/2020\/09\/LaurentDeMartin_SampoVallotton_RemcoKayser_ValentinMorel_FromSwitzerlandWithLove_cRuediFlu\u0308ck-scaled.jpg?strip=info&#038;w=2000&#038;ssl=1 2000w\" alt=\"\" data-height=\"1704\" data-id=\"3267\" data-link=\"https:\/\/boardgeneration.ch\/?attachment_id=3267\" data-url=\"https:\/\/boardgeneration.ch\/wp-content\/uploads\/2020\/09\/LaurentDeMartin_SampoVallotton_RemcoKayser_ValentinMorel_FromSwitzerlandWithLove_cRuediFlu\u0308ck-scaled.jpg\" data-width=\"2560\" src=\"https:\/\/i1.wp.com\/boardgeneration.ch\/wp-content\/uploads\/2020\/09\/LaurentDeMartin_SampoVallotton_RemcoKayser_ValentinMorel_FromSwitzerlandWithLove_cRuediFlu\u0308ck-scaled.jpg?ssl=1\" layout=\"responsive\"\/><\/figure><figure class=\"tiled-gallery__item\"><img decoding=\"async\" data-attachment-id=\"3268\" data-permalink=\"https:\/\/boardgeneration.ch\/en\/freeride-filmfestival-2020-07-29-11-in-at-de-ch-und-it\/lucaswachs_fromswitzerlandwithlove_cruediflu%cc%88ck2\/\" data-orig-file=\"https:\/\/boardgeneration.ch\/wp-content\/uploads\/2020\/09\/LucasWachs_FromSwitzerlandWithLove_cRuediFlu\u0308ck2-scaled.jpg\" data-orig-size=\"2560,1704\" data-comments-opened=\"1\" data-image-meta=\"{&quot;aperture&quot;:&quot;5.6&quot;,&quot;credit&quot;:&quot;Ruedi Flueck&quot;,&quot;camera&quot;:&quot;NIKON D4S&quot;,&quot;caption&quot;:&quot;&quot;,&quot;created_timestamp&quot;:&quot;1582810794&quot;,&quot;copyright&quot;:&quot;Ruedi Fl\\u00fcck&quot;,&quot;focal_length&quot;:&quot;155&quot;,&quot;iso&quot;:&quot;320&quot;,&quot;shutter_speed&quot;:&quot;0.0008&quot;,&quot;title&quot;:&quot;&quot;,&quot;orientation&quot;:&quot;1&quot;}\" data-image-title=\"LucasWachs_FromSwitzerlandWithLove_cRuediFlu\u0308ck2\" data-image-description=\"\" data-image-caption=\"\" data-medium-file=\"https:\/\/boardgeneration.ch\/wp-content\/uploads\/2020\/09\/LucasWachs_FromSwitzerlandWithLove_cRuediFlu\u0308ck2-300x200.jpg\" data-large-file=\"https:\/\/boardgeneration.ch\/wp-content\/uploads\/2020\/09\/LucasWachs_FromSwitzerlandWithLove_cRuediFlu\u0308ck2-1024x682.jpg\" role=\"button\" tabindex=\"0\" aria-label=\"Open image 5 of 5 in full-screen\" srcset=\"https:\/\/i2.wp.com\/boardgeneration.ch\/wp-content\/uploads\/2020\/09\/LucasWachs_FromSwitzerlandWithLove_cRuediFlu\u0308ck2-scaled.jpg?strip=info&#038;w=600&#038;ssl=1 600w,https:\/\/i2.wp.com\/boardgeneration.ch\/wp-content\/uploads\/2020\/09\/LucasWachs_FromSwitzerlandWithLove_cRuediFlu\u0308ck2-scaled.jpg?strip=info&#038;w=900&#038;ssl=1 900w,https:\/\/i2.wp.com\/boardgeneration.ch\/wp-content\/uploads\/2020\/09\/LucasWachs_FromSwitzerlandWithLove_cRuediFlu\u0308ck2-scaled.jpg?strip=info&#038;w=1200&#038;ssl=1 1200w,https:\/\/i2.wp.com\/boardgeneration.ch\/wp-content\/uploads\/2020\/09\/LucasWachs_FromSwitzerlandWithLove_cRuediFlu\u0308ck2-scaled.jpg?strip=info&#038;w=1500&#038;ssl=1 1500w,https:\/\/i2.wp.com\/boardgeneration.ch\/wp-content\/uploads\/2020\/09\/LucasWachs_FromSwitzerlandWithLove_cRuediFlu\u0308ck2-scaled.jpg?strip=info&#038;w=1800&#038;ssl=1 1800w,https:\/\/i2.wp.com\/boardgeneration.ch\/wp-content\/uploads\/2020\/09\/LucasWachs_FromSwitzerlandWithLove_cRuediFlu\u0308ck2-scaled.jpg?strip=info&#038;w=2000&#038;ssl=1 2000w\" alt=\"\" data-height=\"1704\" data-id=\"3268\" data-link=\"https:\/\/boardgeneration.ch\/?attachment_id=3268\" data-url=\"https:\/\/boardgeneration.ch\/wp-content\/uploads\/2020\/09\/LucasWachs_FromSwitzerlandWithLove_cRuediFlu\u0308ck2-scaled.jpg\" data-width=\"2560\" src=\"https:\/\/i2.wp.com\/boardgeneration.ch\/wp-content\/uploads\/2020\/09\/LucasWachs_FromSwitzerlandWithLove_cRuediFlu\u0308ck2-scaled.jpg?ssl=1\" layout=\"responsive\"\/><\/figure><\/div><\/div><\/div><\/div>\n\n\n\n<p>In the Austrian-German film \"<strong>Metanoia\"<\/strong> the COVID 19 pandemic is suddenly coming very close. A few days before the lockdown on Friday, March 13, 2020, the Mountain Tribe Crew sets off for the \u00d6tztal Alps. Their destination is an old border hut on Timmelsjoch. There, the group wants to explore the limits of friendship and society in addition to ski tours and big lines. But the venture becomes a border crossing of a different kind. Instead of funny evenings there are tough discussions. In addition, intensive contact with the police and the families at home. Metanoia stands for an increasing change of mind, which in the course of the film spreads to the athletes and the film team. The camera is always on. At the beginning the film starts with jokes and Corona Blues on the guitar, but in the course of the days bitter seriousness joins the crew.<\/p>\n\n\n\n<div class=\"wp-block-jetpack-tiled-gallery aligncenter is-style-rectangular\"><div class=\"tiled-gallery__gallery\"><div class=\"tiled-gallery__row\"><div class=\"tiled-gallery__col\" style=\"flex-basis:66.83474768427065%\"><figure class=\"tiled-gallery__item\"><img decoding=\"async\" data-attachment-id=\"3275\" data-permalink=\"https:\/\/boardgeneration.ch\/en\/freeride-filmfestival-2020-07-29-11-in-at-de-ch-und-it\/metanoia_cmoritzablinger18\/\" data-orig-file=\"https:\/\/boardgeneration.ch\/wp-content\/uploads\/2020\/09\/Metanoia_cMoritzAblinger18.jpg\" data-orig-size=\"2048,1365\" data-comments-opened=\"1\" data-image-meta=\"{&quot;aperture&quot;:&quot;0&quot;,&quot;credit&quot;:&quot;Moritz Ablinger&quot;,&quot;camera&quot;:&quot;&quot;,&quot;caption&quot;:&quot;&quot;,&quot;created_timestamp&quot;:&quot;0&quot;,&quot;copyright&quot;:&quot;&quot;,&quot;focal_length&quot;:&quot;0&quot;,&quot;iso&quot;:&quot;0&quot;,&quot;shutter_speed&quot;:&quot;0&quot;,&quot;title&quot;:&quot;&quot;,&quot;orientation&quot;:&quot;1&quot;}\" data-image-title=\"Metanoia_cMoritzAblinger18\" data-image-description=\"\" data-image-caption=\"\" data-medium-file=\"https:\/\/boardgeneration.ch\/wp-content\/uploads\/2020\/09\/Metanoia_cMoritzAblinger18-300x200.jpg\" data-large-file=\"https:\/\/boardgeneration.ch\/wp-content\/uploads\/2020\/09\/Metanoia_cMoritzAblinger18-1024x683.jpg\" role=\"button\" tabindex=\"0\" aria-label=\"Open image 1 of 7 in full-screen\" srcset=\"https:\/\/i0.wp.com\/boardgeneration.ch\/wp-content\/uploads\/2020\/09\/Metanoia_cMoritzAblinger18.jpg?strip=info&#038;w=600&#038;ssl=1 600w,https:\/\/i0.wp.com\/boardgeneration.ch\/wp-content\/uploads\/2020\/09\/Metanoia_cMoritzAblinger18.jpg?strip=info&#038;w=900&#038;ssl=1 900w,https:\/\/i0.wp.com\/boardgeneration.ch\/wp-content\/uploads\/2020\/09\/Metanoia_cMoritzAblinger18.jpg?strip=info&#038;w=1200&#038;ssl=1 1200w,https:\/\/i0.wp.com\/boardgeneration.ch\/wp-content\/uploads\/2020\/09\/Metanoia_cMoritzAblinger18.jpg?strip=info&#038;w=1500&#038;ssl=1 1500w,https:\/\/i0.wp.com\/boardgeneration.ch\/wp-content\/uploads\/2020\/09\/Metanoia_cMoritzAblinger18.jpg?strip=info&#038;w=1800&#038;ssl=1 1800w,https:\/\/i0.wp.com\/boardgeneration.ch\/wp-content\/uploads\/2020\/09\/Metanoia_cMoritzAblinger18.jpg?strip=info&#038;w=2000&#038;ssl=1 2000w\" alt=\"\" data-height=\"1365\" data-id=\"3275\" data-link=\"https:\/\/boardgeneration.ch\/?attachment_id=3275\" data-url=\"https:\/\/boardgeneration.ch\/wp-content\/uploads\/2020\/09\/Metanoia_cMoritzAblinger18.jpg\" data-width=\"2048\" src=\"https:\/\/i0.wp.com\/boardgeneration.ch\/wp-content\/uploads\/2020\/09\/Metanoia_cMoritzAblinger18.jpg?ssl=1\" layout=\"responsive\"\/><\/figure><\/div><div class=\"tiled-gallery__col\" style=\"flex-basis:33.16525231572934%\"><figure class=\"tiled-gallery__item\"><img decoding=\"async\" data-attachment-id=\"3272\" data-permalink=\"https:\/\/boardgeneration.ch\/en\/freeride-filmfestival-2020-07-29-11-in-at-de-ch-und-it\/floriangassner-paulschweller_metanoia_o%cc%88tztalaut_cmoritzablinger26\/\" data-orig-file=\"https:\/\/boardgeneration.ch\/wp-content\/uploads\/2020\/09\/FlorianGassner-PaulSchweller_Metanoia_O\u0308tztalAUT_cMoritzAblinger26.jpg\" data-orig-size=\"2048,1365\" data-comments-opened=\"1\" data-image-meta=\"{&quot;aperture&quot;:&quot;0&quot;,&quot;credit&quot;:&quot;Moritz Ablinger&quot;,&quot;camera&quot;:&quot;&quot;,&quot;caption&quot;:&quot;&quot;,&quot;created_timestamp&quot;:&quot;0&quot;,&quot;copyright&quot;:&quot;&quot;,&quot;focal_length&quot;:&quot;0&quot;,&quot;iso&quot;:&quot;0&quot;,&quot;shutter_speed&quot;:&quot;0&quot;,&quot;title&quot;:&quot;&quot;,&quot;orientation&quot;:&quot;1&quot;}\" data-image-title=\"FlorianGassner-PaulSchweller_Metanoia_O\u0308tztalAUT_cMoritzAblinger26\" data-image-description=\"\" data-image-caption=\"\" data-medium-file=\"https:\/\/boardgeneration.ch\/wp-content\/uploads\/2020\/09\/FlorianGassner-PaulSchweller_Metanoia_O\u0308tztalAUT_cMoritzAblinger26-300x200.jpg\" data-large-file=\"https:\/\/boardgeneration.ch\/wp-content\/uploads\/2020\/09\/FlorianGassner-PaulSchweller_Metanoia_O\u0308tztalAUT_cMoritzAblinger26-1024x683.jpg\" role=\"button\" tabindex=\"0\" aria-label=\"Open image 2 of 7 in full-screen\" srcset=\"https:\/\/i0.wp.com\/boardgeneration.ch\/wp-content\/uploads\/2020\/09\/FlorianGassner-PaulSchweller_Metanoia_O\u0308tztalAUT_cMoritzAblinger26.jpg?strip=info&#038;w=600&#038;ssl=1 600w,https:\/\/i0.wp.com\/boardgeneration.ch\/wp-content\/uploads\/2020\/09\/FlorianGassner-PaulSchweller_Metanoia_O\u0308tztalAUT_cMoritzAblinger26.jpg?strip=info&#038;w=900&#038;ssl=1 900w,https:\/\/i0.wp.com\/boardgeneration.ch\/wp-content\/uploads\/2020\/09\/FlorianGassner-PaulSchweller_Metanoia_O\u0308tztalAUT_cMoritzAblinger26.jpg?strip=info&#038;w=1200&#038;ssl=1 1200w,https:\/\/i0.wp.com\/boardgeneration.ch\/wp-content\/uploads\/2020\/09\/FlorianGassner-PaulSchweller_Metanoia_O\u0308tztalAUT_cMoritzAblinger26.jpg?strip=info&#038;w=1500&#038;ssl=1 1500w,https:\/\/i0.wp.com\/boardgeneration.ch\/wp-content\/uploads\/2020\/09\/FlorianGassner-PaulSchweller_Metanoia_O\u0308tztalAUT_cMoritzAblinger26.jpg?strip=info&#038;w=1800&#038;ssl=1 1800w,https:\/\/i0.wp.com\/boardgeneration.ch\/wp-content\/uploads\/2020\/09\/FlorianGassner-PaulSchweller_Metanoia_O\u0308tztalAUT_cMoritzAblinger26.jpg?strip=info&#038;w=2000&#038;ssl=1 2000w\" alt=\"\" data-height=\"1365\" data-id=\"3272\" data-link=\"https:\/\/boardgeneration.ch\/?attachment_id=3272\" data-url=\"https:\/\/boardgeneration.ch\/wp-content\/uploads\/2020\/09\/FlorianGassner-PaulSchweller_Metanoia_O\u0308tztalAUT_cMoritzAblinger26.jpg\" data-width=\"2048\" src=\"https:\/\/i0.wp.com\/boardgeneration.ch\/wp-content\/uploads\/2020\/09\/FlorianGassner-PaulSchweller_Metanoia_O\u0308tztalAUT_cMoritzAblinger26.jpg?ssl=1\" layout=\"responsive\"\/><\/figure><figure class=\"tiled-gallery__item\"><img decoding=\"async\" data-attachment-id=\"3273\" data-permalink=\"https:\/\/boardgeneration.ch\/en\/freeride-filmfestival-2020-07-29-11-in-at-de-ch-und-it\/metanoia_cmoritzablinger09\/\" data-orig-file=\"https:\/\/boardgeneration.ch\/wp-content\/uploads\/2020\/09\/Metanoia_cMoritzAblinger09.jpg\" data-orig-size=\"2048,1364\" data-comments-opened=\"1\" data-image-meta=\"{&quot;aperture&quot;:&quot;0&quot;,&quot;credit&quot;:&quot;&quot;,&quot;camera&quot;:&quot;&quot;,&quot;caption&quot;:&quot;&quot;,&quot;created_timestamp&quot;:&quot;0&quot;,&quot;copyright&quot;:&quot;&quot;,&quot;focal_length&quot;:&quot;0&quot;,&quot;iso&quot;:&quot;0&quot;,&quot;shutter_speed&quot;:&quot;0&quot;,&quot;title&quot;:&quot;&quot;,&quot;orientation&quot;:&quot;1&quot;}\" data-image-title=\"Metanoia_cMoritzAblinger09\" data-image-description=\"\" data-image-caption=\"\" data-medium-file=\"https:\/\/boardgeneration.ch\/wp-content\/uploads\/2020\/09\/Metanoia_cMoritzAblinger09-300x200.jpg\" data-large-file=\"https:\/\/boardgeneration.ch\/wp-content\/uploads\/2020\/09\/Metanoia_cMoritzAblinger09-1024x682.jpg\" role=\"button\" tabindex=\"0\" aria-label=\"Open image 3 of 7 in full-screen\" srcset=\"https:\/\/i1.wp.com\/boardgeneration.ch\/wp-content\/uploads\/2020\/09\/Metanoia_cMoritzAblinger09.jpg?strip=info&#038;w=600&#038;ssl=1 600w,https:\/\/i1.wp.com\/boardgeneration.ch\/wp-content\/uploads\/2020\/09\/Metanoia_cMoritzAblinger09.jpg?strip=info&#038;w=900&#038;ssl=1 900w,https:\/\/i1.wp.com\/boardgeneration.ch\/wp-content\/uploads\/2020\/09\/Metanoia_cMoritzAblinger09.jpg?strip=info&#038;w=1200&#038;ssl=1 1200w,https:\/\/i1.wp.com\/boardgeneration.ch\/wp-content\/uploads\/2020\/09\/Metanoia_cMoritzAblinger09.jpg?strip=info&#038;w=1500&#038;ssl=1 1500w,https:\/\/i1.wp.com\/boardgeneration.ch\/wp-content\/uploads\/2020\/09\/Metanoia_cMoritzAblinger09.jpg?strip=info&#038;w=1800&#038;ssl=1 1800w,https:\/\/i1.wp.com\/boardgeneration.ch\/wp-content\/uploads\/2020\/09\/Metanoia_cMoritzAblinger09.jpg?strip=info&#038;w=2000&#038;ssl=1 2000w\" alt=\"\" data-height=\"1364\" data-id=\"3273\" data-link=\"https:\/\/boardgeneration.ch\/?attachment_id=3273\" data-url=\"https:\/\/boardgeneration.ch\/wp-content\/uploads\/2020\/09\/Metanoia_cMoritzAblinger09.jpg\" data-width=\"2048\" src=\"https:\/\/i1.wp.com\/boardgeneration.ch\/wp-content\/uploads\/2020\/09\/Metanoia_cMoritzAblinger09.jpg?ssl=1\" layout=\"responsive\"\/><\/figure><\/div><\/div><div class=\"tiled-gallery__row\"><div class=\"tiled-gallery__col\" style=\"flex-basis:42.52751424793899%\"><figure class=\"tiled-gallery__item\"><img decoding=\"async\" data-attachment-id=\"3274\" data-permalink=\"https:\/\/boardgeneration.ch\/en\/freeride-filmfestival-2020-07-29-11-in-at-de-ch-und-it\/metanoia_cmoritzablinger12\/\" data-orig-file=\"https:\/\/boardgeneration.ch\/wp-content\/uploads\/2020\/09\/Metanoia_cMoritzAblinger12.jpg\" data-orig-size=\"2048,1365\" data-comments-opened=\"1\" data-image-meta=\"{&quot;aperture&quot;:&quot;0&quot;,&quot;credit&quot;:&quot;Moritz Ablinger&quot;,&quot;camera&quot;:&quot;&quot;,&quot;caption&quot;:&quot;&quot;,&quot;created_timestamp&quot;:&quot;0&quot;,&quot;copyright&quot;:&quot;&quot;,&quot;focal_length&quot;:&quot;0&quot;,&quot;iso&quot;:&quot;0&quot;,&quot;shutter_speed&quot;:&quot;0&quot;,&quot;title&quot;:&quot;&quot;,&quot;orientation&quot;:&quot;1&quot;}\" data-image-title=\"Metanoia_cMoritzAblinger12\" data-image-description=\"\" data-image-caption=\"\" data-medium-file=\"https:\/\/boardgeneration.ch\/wp-content\/uploads\/2020\/09\/Metanoia_cMoritzAblinger12-300x200.jpg\" data-large-file=\"https:\/\/boardgeneration.ch\/wp-content\/uploads\/2020\/09\/Metanoia_cMoritzAblinger12-1024x683.jpg\" role=\"button\" tabindex=\"0\" aria-label=\"Open image 4 of 7 in full-screen\" srcset=\"https:\/\/i1.wp.com\/boardgeneration.ch\/wp-content\/uploads\/2020\/09\/Metanoia_cMoritzAblinger12.jpg?strip=info&#038;w=600&#038;ssl=1 600w,https:\/\/i1.wp.com\/boardgeneration.ch\/wp-content\/uploads\/2020\/09\/Metanoia_cMoritzAblinger12.jpg?strip=info&#038;w=900&#038;ssl=1 900w,https:\/\/i1.wp.com\/boardgeneration.ch\/wp-content\/uploads\/2020\/09\/Metanoia_cMoritzAblinger12.jpg?strip=info&#038;w=1200&#038;ssl=1 1200w,https:\/\/i1.wp.com\/boardgeneration.ch\/wp-content\/uploads\/2020\/09\/Metanoia_cMoritzAblinger12.jpg?strip=info&#038;w=1500&#038;ssl=1 1500w,https:\/\/i1.wp.com\/boardgeneration.ch\/wp-content\/uploads\/2020\/09\/Metanoia_cMoritzAblinger12.jpg?strip=info&#038;w=1800&#038;ssl=1 1800w,https:\/\/i1.wp.com\/boardgeneration.ch\/wp-content\/uploads\/2020\/09\/Metanoia_cMoritzAblinger12.jpg?strip=info&#038;w=2000&#038;ssl=1 2000w\" alt=\"\" data-height=\"1365\" data-id=\"3274\" data-link=\"https:\/\/boardgeneration.ch\/?attachment_id=3274\" data-url=\"https:\/\/boardgeneration.ch\/wp-content\/uploads\/2020\/09\/Metanoia_cMoritzAblinger12.jpg\" data-width=\"2048\" src=\"https:\/\/i1.wp.com\/boardgeneration.ch\/wp-content\/uploads\/2020\/09\/Metanoia_cMoritzAblinger12.jpg?ssl=1\" layout=\"responsive\"\/><\/figure><figure class=\"tiled-gallery__item\"><img decoding=\"async\" data-attachment-id=\"3276\" data-permalink=\"https:\/\/boardgeneration.ch\/en\/freeride-filmfestival-2020-07-29-11-in-at-de-ch-und-it\/paulschweller_metanoia_o%cc%88tztalaut_cmoritzablinger24\/\" data-orig-file=\"https:\/\/boardgeneration.ch\/wp-content\/uploads\/2020\/09\/PaulSchweller_Metanoia_O\u0308tztalAUT_cMoritzAblinger24.jpg\" data-orig-size=\"2048,1365\" data-comments-opened=\"1\" data-image-meta=\"{&quot;aperture&quot;:&quot;0&quot;,&quot;credit&quot;:&quot;Moritz Ablinger&quot;,&quot;camera&quot;:&quot;&quot;,&quot;caption&quot;:&quot;&quot;,&quot;created_timestamp&quot;:&quot;0&quot;,&quot;copyright&quot;:&quot;&quot;,&quot;focal_length&quot;:&quot;0&quot;,&quot;iso&quot;:&quot;0&quot;,&quot;shutter_speed&quot;:&quot;0&quot;,&quot;title&quot;:&quot;&quot;,&quot;orientation&quot;:&quot;1&quot;}\" data-image-title=\"PaulSchweller_Metanoia_O\u0308tztalAUT_cMoritzAblinger24\" data-image-description=\"\" data-image-caption=\"\" data-medium-file=\"https:\/\/boardgeneration.ch\/wp-content\/uploads\/2020\/09\/PaulSchweller_Metanoia_O\u0308tztalAUT_cMoritzAblinger24-300x200.jpg\" data-large-file=\"https:\/\/boardgeneration.ch\/wp-content\/uploads\/2020\/09\/PaulSchweller_Metanoia_O\u0308tztalAUT_cMoritzAblinger24-1024x683.jpg\" role=\"button\" tabindex=\"0\" aria-label=\"Open image 5 of 7 in full-screen\" srcset=\"https:\/\/i1.wp.com\/boardgeneration.ch\/wp-content\/uploads\/2020\/09\/PaulSchweller_Metanoia_O\u0308tztalAUT_cMoritzAblinger24.jpg?strip=info&#038;w=600&#038;ssl=1 600w,https:\/\/i1.wp.com\/boardgeneration.ch\/wp-content\/uploads\/2020\/09\/PaulSchweller_Metanoia_O\u0308tztalAUT_cMoritzAblinger24.jpg?strip=info&#038;w=900&#038;ssl=1 900w,https:\/\/i1.wp.com\/boardgeneration.ch\/wp-content\/uploads\/2020\/09\/PaulSchweller_Metanoia_O\u0308tztalAUT_cMoritzAblinger24.jpg?strip=info&#038;w=1200&#038;ssl=1 1200w,https:\/\/i1.wp.com\/boardgeneration.ch\/wp-content\/uploads\/2020\/09\/PaulSchweller_Metanoia_O\u0308tztalAUT_cMoritzAblinger24.jpg?strip=info&#038;w=1500&#038;ssl=1 1500w,https:\/\/i1.wp.com\/boardgeneration.ch\/wp-content\/uploads\/2020\/09\/PaulSchweller_Metanoia_O\u0308tztalAUT_cMoritzAblinger24.jpg?strip=info&#038;w=1800&#038;ssl=1 1800w,https:\/\/i1.wp.com\/boardgeneration.ch\/wp-content\/uploads\/2020\/09\/PaulSchweller_Metanoia_O\u0308tztalAUT_cMoritzAblinger24.jpg?strip=info&#038;w=2000&#038;ssl=1 2000w\" alt=\"\" data-height=\"1365\" data-id=\"3276\" data-link=\"https:\/\/boardgeneration.ch\/?attachment_id=3276\" data-url=\"https:\/\/boardgeneration.ch\/wp-content\/uploads\/2020\/09\/PaulSchweller_Metanoia_O\u0308tztalAUT_cMoritzAblinger24.jpg\" data-width=\"2048\" src=\"https:\/\/i1.wp.com\/boardgeneration.ch\/wp-content\/uploads\/2020\/09\/PaulSchweller_Metanoia_O\u0308tztalAUT_cMoritzAblinger24.jpg?ssl=1\" layout=\"responsive\"\/><\/figure><figure class=\"tiled-gallery__item\"><img decoding=\"async\" data-attachment-id=\"3277\" data-permalink=\"https:\/\/boardgeneration.ch\/en\/freeride-filmfestival-2020-07-29-11-in-at-de-ch-und-it\/paulschweller-flogassner_metanoia_o%cc%88tztalaut_cmoritzablinger20\/\" data-orig-file=\"https:\/\/boardgeneration.ch\/wp-content\/uploads\/2020\/09\/PaulSchweller-FloGassner_Metanoia_O\u0308tztalAUT_cMoritzAblinger20.jpg\" data-orig-size=\"2048,1366\" data-comments-opened=\"1\" data-image-meta=\"{&quot;aperture&quot;:&quot;0&quot;,&quot;credit&quot;:&quot;Moritz Ablinger&quot;,&quot;camera&quot;:&quot;&quot;,&quot;caption&quot;:&quot;&quot;,&quot;created_timestamp&quot;:&quot;0&quot;,&quot;copyright&quot;:&quot;&quot;,&quot;focal_length&quot;:&quot;0&quot;,&quot;iso&quot;:&quot;0&quot;,&quot;shutter_speed&quot;:&quot;0&quot;,&quot;title&quot;:&quot;&quot;,&quot;orientation&quot;:&quot;1&quot;}\" data-image-title=\"PaulSchweller-FloGassner_Metanoia_O\u0308tztalAUT_cMoritzAblinger20\" data-image-description=\"\" data-image-caption=\"\" data-medium-file=\"https:\/\/boardgeneration.ch\/wp-content\/uploads\/2020\/09\/PaulSchweller-FloGassner_Metanoia_O\u0308tztalAUT_cMoritzAblinger20-300x200.jpg\" data-large-file=\"https:\/\/boardgeneration.ch\/wp-content\/uploads\/2020\/09\/PaulSchweller-FloGassner_Metanoia_O\u0308tztalAUT_cMoritzAblinger20-1024x683.jpg\" role=\"button\" tabindex=\"0\" aria-label=\"Open image 6 of 7 in full-screen\" srcset=\"https:\/\/i2.wp.com\/boardgeneration.ch\/wp-content\/uploads\/2020\/09\/PaulSchweller-FloGassner_Metanoia_O\u0308tztalAUT_cMoritzAblinger20.jpg?strip=info&#038;w=600&#038;ssl=1 600w,https:\/\/i2.wp.com\/boardgeneration.ch\/wp-content\/uploads\/2020\/09\/PaulSchweller-FloGassner_Metanoia_O\u0308tztalAUT_cMoritzAblinger20.jpg?strip=info&#038;w=900&#038;ssl=1 900w,https:\/\/i2.wp.com\/boardgeneration.ch\/wp-content\/uploads\/2020\/09\/PaulSchweller-FloGassner_Metanoia_O\u0308tztalAUT_cMoritzAblinger20.jpg?strip=info&#038;w=1200&#038;ssl=1 1200w,https:\/\/i2.wp.com\/boardgeneration.ch\/wp-content\/uploads\/2020\/09\/PaulSchweller-FloGassner_Metanoia_O\u0308tztalAUT_cMoritzAblinger20.jpg?strip=info&#038;w=1500&#038;ssl=1 1500w,https:\/\/i2.wp.com\/boardgeneration.ch\/wp-content\/uploads\/2020\/09\/PaulSchweller-FloGassner_Metanoia_O\u0308tztalAUT_cMoritzAblinger20.jpg?strip=info&#038;w=1800&#038;ssl=1 1800w,https:\/\/i2.wp.com\/boardgeneration.ch\/wp-content\/uploads\/2020\/09\/PaulSchweller-FloGassner_Metanoia_O\u0308tztalAUT_cMoritzAblinger20.jpg?strip=info&#038;w=2000&#038;ssl=1 2000w\" alt=\"\" data-height=\"1366\" data-id=\"3277\" data-link=\"https:\/\/boardgeneration.ch\/?attachment_id=3277\" data-url=\"https:\/\/boardgeneration.ch\/wp-content\/uploads\/2020\/09\/PaulSchweller-FloGassner_Metanoia_O\u0308tztalAUT_cMoritzAblinger20.jpg\" data-width=\"2048\" src=\"https:\/\/i2.wp.com\/boardgeneration.ch\/wp-content\/uploads\/2020\/09\/PaulSchweller-FloGassner_Metanoia_O\u0308tztalAUT_cMoritzAblinger20.jpg?ssl=1\" layout=\"responsive\"\/><\/figure><\/div><div class=\"tiled-gallery__col\" style=\"flex-basis:57.47248575206101%\"><figure class=\"tiled-gallery__item\"><img decoding=\"async\" data-attachment-id=\"3278\" data-permalink=\"https:\/\/boardgeneration.ch\/en\/freeride-filmfestival-2020-07-29-11-in-at-de-ch-und-it\/valentinwernertutschku_metanoia_o%cc%88tztalaut_cmoritzablinger10-crop\/\" data-orig-file=\"https:\/\/boardgeneration.ch\/wp-content\/uploads\/2020\/09\/ValentinWernerTutschku_Metanoia_O\u0308tztalAUT_cMoritzAblinger10-Crop-scaled.jpg\" data-orig-size=\"1707,2560\" data-comments-opened=\"1\" data-image-meta=\"{&quot;aperture&quot;:&quot;0&quot;,&quot;credit&quot;:&quot;&quot;,&quot;camera&quot;:&quot;&quot;,&quot;caption&quot;:&quot;&quot;,&quot;created_timestamp&quot;:&quot;0&quot;,&quot;copyright&quot;:&quot;&quot;,&quot;focal_length&quot;:&quot;0&quot;,&quot;iso&quot;:&quot;0&quot;,&quot;shutter_speed&quot;:&quot;0&quot;,&quot;title&quot;:&quot;&quot;,&quot;orientation&quot;:&quot;1&quot;}\" data-image-title=\"ValentinWernerTutschku_Metanoia_O\u0308tztalAUT_cMoritzAblinger10-Crop\" data-image-description=\"\" data-image-caption=\"\" data-medium-file=\"https:\/\/boardgeneration.ch\/wp-content\/uploads\/2020\/09\/ValentinWernerTutschku_Metanoia_O\u0308tztalAUT_cMoritzAblinger10-Crop-200x300.jpg\" data-large-file=\"https:\/\/boardgeneration.ch\/wp-content\/uploads\/2020\/09\/ValentinWernerTutschku_Metanoia_O\u0308tztalAUT_cMoritzAblinger10-Crop-683x1024.jpg\" role=\"button\" tabindex=\"0\" aria-label=\"Open image 7 of 7 in full-screen\" srcset=\"https:\/\/i1.wp.com\/boardgeneration.ch\/wp-content\/uploads\/2020\/09\/ValentinWernerTutschku_Metanoia_O\u0308tztalAUT_cMoritzAblinger10-Crop-scaled.jpg?strip=info&#038;w=600&#038;ssl=1 600w,https:\/\/i1.wp.com\/boardgeneration.ch\/wp-content\/uploads\/2020\/09\/ValentinWernerTutschku_Metanoia_O\u0308tztalAUT_cMoritzAblinger10-Crop-scaled.jpg?strip=info&#038;w=900&#038;ssl=1 900w,https:\/\/i1.wp.com\/boardgeneration.ch\/wp-content\/uploads\/2020\/09\/ValentinWernerTutschku_Metanoia_O\u0308tztalAUT_cMoritzAblinger10-Crop-scaled.jpg?strip=info&#038;w=1200&#038;ssl=1 1200w,https:\/\/i1.wp.com\/boardgeneration.ch\/wp-content\/uploads\/2020\/09\/ValentinWernerTutschku_Metanoia_O\u0308tztalAUT_cMoritzAblinger10-Crop-scaled.jpg?strip=info&#038;w=1500&#038;ssl=1 1500w,https:\/\/i1.wp.com\/boardgeneration.ch\/wp-content\/uploads\/2020\/09\/ValentinWernerTutschku_Metanoia_O\u0308tztalAUT_cMoritzAblinger10-Crop-scaled.jpg?strip=info&#038;w=1707&#038;ssl=1 1707w\" alt=\"\" data-height=\"2560\" data-id=\"3278\" data-link=\"https:\/\/boardgeneration.ch\/?attachment_id=3278\" data-url=\"https:\/\/boardgeneration.ch\/wp-content\/uploads\/2020\/09\/ValentinWernerTutschku_Metanoia_O\u0308tztalAUT_cMoritzAblinger10-Crop-scaled.jpg\" data-width=\"1707\" src=\"https:\/\/i1.wp.com\/boardgeneration.ch\/wp-content\/uploads\/2020\/09\/ValentinWernerTutschku_Metanoia_O\u0308tztalAUT_cMoritzAblinger10-Crop-scaled.jpg?ssl=1\" layout=\"responsive\"\/><\/figure><\/div><\/div><\/div><\/div>\n\n\n\n<h2 class=\"wp-block-heading\">In the far north and the Tyrolean shoals<\/h2>\n\n\n\n<p>Two FFF 2020 productions take us far up into the north of Europe. In \"<strong>Fj\u00f6rd Lines\"<\/strong> snowboarder Runar Petur takes us to his favourite areas in Iceland. As the name suggests, it's about the unique fjord landscapes of Iceland. These are spectacular shots that filmmaker V\u00ed\u00f0ir Bj\u00f6rnsson shows us. At the same time, they radiate a calm and magical connectedness that almost tempts us into melancholy. This is mainly due to Runar Petur's individual style when he becomes one with his lines.<\/p>\n\n\n\n<div class=\"wp-block-jetpack-tiled-gallery aligncenter is-style-rectangular\"><div class=\"tiled-gallery__gallery\"><div class=\"tiled-gallery__row\"><div class=\"tiled-gallery__col\" style=\"flex-basis:52.661025103819%\"><figure class=\"tiled-gallery__item\"><img decoding=\"async\" data-attachment-id=\"3280\" data-permalink=\"https:\/\/boardgeneration.ch\/en\/freeride-filmfestival-2020-07-29-11-in-at-de-ch-und-it\/runarpetur_fjo%cc%88rdlines_iceland_cvidirbjornsson2\/\" data-orig-file=\"https:\/\/boardgeneration.ch\/wp-content\/uploads\/2020\/09\/RunarPetur_Fjo\u0308rdLines_Iceland_cVidirBjornsson2.jpg\" data-orig-size=\"1620,1080\" data-comments-opened=\"1\" data-image-meta=\"{&quot;aperture&quot;:&quot;0&quot;,&quot;credit&quot;:&quot;&quot;,&quot;camera&quot;:&quot;&quot;,&quot;caption&quot;:&quot;&quot;,&quot;created_timestamp&quot;:&quot;0&quot;,&quot;copyright&quot;:&quot;&quot;,&quot;focal_length&quot;:&quot;0&quot;,&quot;iso&quot;:&quot;0&quot;,&quot;shutter_speed&quot;:&quot;0&quot;,&quot;title&quot;:&quot;&quot;,&quot;orientation&quot;:&quot;1&quot;}\" data-image-title=\"RunarPetur_Fjo\u0308rdLines_Iceland_cVidirBjornsson2\" data-image-description=\"\" data-image-caption=\"\" data-medium-file=\"https:\/\/boardgeneration.ch\/wp-content\/uploads\/2020\/09\/RunarPetur_Fjo\u0308rdLines_Iceland_cVidirBjornsson2-300x200.jpg\" data-large-file=\"https:\/\/boardgeneration.ch\/wp-content\/uploads\/2020\/09\/RunarPetur_Fjo\u0308rdLines_Iceland_cVidirBjornsson2-1024x683.jpg\" role=\"button\" tabindex=\"0\" aria-label=\"Open image 1 of 5 in full-screen\" srcset=\"https:\/\/i2.wp.com\/boardgeneration.ch\/wp-content\/uploads\/2020\/09\/RunarPetur_Fjo\u0308rdLines_Iceland_cVidirBjornsson2.jpg?strip=info&#038;w=600&#038;ssl=1 600w,https:\/\/i2.wp.com\/boardgeneration.ch\/wp-content\/uploads\/2020\/09\/RunarPetur_Fjo\u0308rdLines_Iceland_cVidirBjornsson2.jpg?strip=info&#038;w=900&#038;ssl=1 900w,https:\/\/i2.wp.com\/boardgeneration.ch\/wp-content\/uploads\/2020\/09\/RunarPetur_Fjo\u0308rdLines_Iceland_cVidirBjornsson2.jpg?strip=info&#038;w=1200&#038;ssl=1 1200w,https:\/\/i2.wp.com\/boardgeneration.ch\/wp-content\/uploads\/2020\/09\/RunarPetur_Fjo\u0308rdLines_Iceland_cVidirBjornsson2.jpg?strip=info&#038;w=1500&#038;ssl=1 1500w,https:\/\/i2.wp.com\/boardgeneration.ch\/wp-content\/uploads\/2020\/09\/RunarPetur_Fjo\u0308rdLines_Iceland_cVidirBjornsson2.jpg?strip=info&#038;w=1620&#038;ssl=1 1620w\" alt=\"\" data-height=\"1080\" data-id=\"3280\" data-link=\"https:\/\/boardgeneration.ch\/?attachment_id=3280\" data-url=\"https:\/\/boardgeneration.ch\/wp-content\/uploads\/2020\/09\/RunarPetur_Fjo\u0308rdLines_Iceland_cVidirBjornsson2.jpg\" data-width=\"1620\" src=\"https:\/\/i2.wp.com\/boardgeneration.ch\/wp-content\/uploads\/2020\/09\/RunarPetur_Fjo\u0308rdLines_Iceland_cVidirBjornsson2.jpg?ssl=1\" layout=\"responsive\"\/><\/figure><figure class=\"tiled-gallery__item\"><img decoding=\"async\" data-attachment-id=\"3282\" data-permalink=\"https:\/\/boardgeneration.ch\/en\/freeride-filmfestival-2020-07-29-11-in-at-de-ch-und-it\/runarpetur_fjo%cc%88rdlines_iceland_cvidirbjornsson6\/\" data-orig-file=\"https:\/\/boardgeneration.ch\/wp-content\/uploads\/2020\/09\/RunarPetur_Fjo\u0308rdLines_Iceland_cVidirBjornsson6.jpg\" data-orig-size=\"1620,1080\" data-comments-opened=\"1\" data-image-meta=\"{&quot;aperture&quot;:&quot;0&quot;,&quot;credit&quot;:&quot;&quot;,&quot;camera&quot;:&quot;&quot;,&quot;caption&quot;:&quot;&quot;,&quot;created_timestamp&quot;:&quot;0&quot;,&quot;copyright&quot;:&quot;&quot;,&quot;focal_length&quot;:&quot;0&quot;,&quot;iso&quot;:&quot;0&quot;,&quot;shutter_speed&quot;:&quot;0&quot;,&quot;title&quot;:&quot;&quot;,&quot;orientation&quot;:&quot;0&quot;}\" data-image-title=\"RunarPetur_Fjo\u0308rdLines_Iceland_cVidirBjornsson6\" data-image-description=\"\" data-image-caption=\"\" data-medium-file=\"https:\/\/boardgeneration.ch\/wp-content\/uploads\/2020\/09\/RunarPetur_Fjo\u0308rdLines_Iceland_cVidirBjornsson6-300x200.jpg\" data-large-file=\"https:\/\/boardgeneration.ch\/wp-content\/uploads\/2020\/09\/RunarPetur_Fjo\u0308rdLines_Iceland_cVidirBjornsson6-1024x683.jpg\" role=\"button\" tabindex=\"0\" aria-label=\"Open image 2 of 5 in full-screen\" srcset=\"https:\/\/i0.wp.com\/boardgeneration.ch\/wp-content\/uploads\/2020\/09\/RunarPetur_Fjo\u0308rdLines_Iceland_cVidirBjornsson6.jpg?strip=info&#038;w=600&#038;ssl=1 600w,https:\/\/i0.wp.com\/boardgeneration.ch\/wp-content\/uploads\/2020\/09\/RunarPetur_Fjo\u0308rdLines_Iceland_cVidirBjornsson6.jpg?strip=info&#038;w=900&#038;ssl=1 900w,https:\/\/i0.wp.com\/boardgeneration.ch\/wp-content\/uploads\/2020\/09\/RunarPetur_Fjo\u0308rdLines_Iceland_cVidirBjornsson6.jpg?strip=info&#038;w=1200&#038;ssl=1 1200w,https:\/\/i0.wp.com\/boardgeneration.ch\/wp-content\/uploads\/2020\/09\/RunarPetur_Fjo\u0308rdLines_Iceland_cVidirBjornsson6.jpg?strip=info&#038;w=1500&#038;ssl=1 1500w,https:\/\/i0.wp.com\/boardgeneration.ch\/wp-content\/uploads\/2020\/09\/RunarPetur_Fjo\u0308rdLines_Iceland_cVidirBjornsson6.jpg?strip=info&#038;w=1620&#038;ssl=1 1620w\" alt=\"\" data-height=\"1080\" data-id=\"3282\" data-link=\"https:\/\/boardgeneration.ch\/?attachment_id=3282\" data-url=\"https:\/\/boardgeneration.ch\/wp-content\/uploads\/2020\/09\/RunarPetur_Fjo\u0308rdLines_Iceland_cVidirBjornsson6.jpg\" data-width=\"1620\" src=\"https:\/\/i0.wp.com\/boardgeneration.ch\/wp-content\/uploads\/2020\/09\/RunarPetur_Fjo\u0308rdLines_Iceland_cVidirBjornsson6.jpg?ssl=1\" layout=\"responsive\"\/><\/figure><\/div><div class=\"tiled-gallery__col\" style=\"flex-basis:47.338974896181%\"><figure class=\"tiled-gallery__item\"><img decoding=\"async\" data-attachment-id=\"3285\" data-permalink=\"https:\/\/boardgeneration.ch\/en\/freeride-filmfestival-2020-07-29-11-in-at-de-ch-und-it\/runarpetur_fjo%cc%88rdlines_iceland_cvidirbjornsson14\/\" data-orig-file=\"https:\/\/boardgeneration.ch\/wp-content\/uploads\/2020\/09\/RunarPetur_Fjo\u0308rdLines_Iceland_cVidirBjornsson14-scaled.jpg\" data-orig-size=\"1707,2560\" data-comments-opened=\"1\" data-image-meta=\"{&quot;aperture&quot;:&quot;7.1&quot;,&quot;credit&quot;:&quot;VidirB&quot;,&quot;camera&quot;:&quot;Canon EOS R&quot;,&quot;caption&quot;:&quot;&quot;,&quot;created_timestamp&quot;:&quot;1588164375&quot;,&quot;copyright&quot;:&quot;VidirB&quot;,&quot;focal_length&quot;:&quot;70&quot;,&quot;iso&quot;:&quot;125&quot;,&quot;shutter_speed&quot;:&quot;0.0004&quot;,&quot;title&quot;:&quot;&quot;,&quot;orientation&quot;:&quot;1&quot;}\" data-image-title=\"RunarPetur_Fjo\u0308rdLines_Iceland_cVidirBjornsson14\" data-image-description=\"\" data-image-caption=\"\" data-medium-file=\"https:\/\/boardgeneration.ch\/wp-content\/uploads\/2020\/09\/RunarPetur_Fjo\u0308rdLines_Iceland_cVidirBjornsson14-200x300.jpg\" data-large-file=\"https:\/\/boardgeneration.ch\/wp-content\/uploads\/2020\/09\/RunarPetur_Fjo\u0308rdLines_Iceland_cVidirBjornsson14-683x1024.jpg\" role=\"button\" tabindex=\"0\" aria-label=\"Open image 3 of 5 in full-screen\" srcset=\"https:\/\/i2.wp.com\/boardgeneration.ch\/wp-content\/uploads\/2020\/09\/RunarPetur_Fjo\u0308rdLines_Iceland_cVidirBjornsson14-scaled.jpg?strip=info&#038;w=600&#038;ssl=1 600w,https:\/\/i2.wp.com\/boardgeneration.ch\/wp-content\/uploads\/2020\/09\/RunarPetur_Fjo\u0308rdLines_Iceland_cVidirBjornsson14-scaled.jpg?strip=info&#038;w=900&#038;ssl=1 900w,https:\/\/i2.wp.com\/boardgeneration.ch\/wp-content\/uploads\/2020\/09\/RunarPetur_Fjo\u0308rdLines_Iceland_cVidirBjornsson14-scaled.jpg?strip=info&#038;w=1200&#038;ssl=1 1200w,https:\/\/i2.wp.com\/boardgeneration.ch\/wp-content\/uploads\/2020\/09\/RunarPetur_Fjo\u0308rdLines_Iceland_cVidirBjornsson14-scaled.jpg?strip=info&#038;w=1500&#038;ssl=1 1500w,https:\/\/i2.wp.com\/boardgeneration.ch\/wp-content\/uploads\/2020\/09\/RunarPetur_Fjo\u0308rdLines_Iceland_cVidirBjornsson14-scaled.jpg?strip=info&#038;w=1707&#038;ssl=1 1707w\" alt=\"\" data-height=\"2560\" data-id=\"3285\" data-link=\"https:\/\/boardgeneration.ch\/?attachment_id=3285\" data-url=\"https:\/\/boardgeneration.ch\/wp-content\/uploads\/2020\/09\/RunarPetur_Fjo\u0308rdLines_Iceland_cVidirBjornsson14-scaled.jpg\" data-width=\"1707\" src=\"https:\/\/i2.wp.com\/boardgeneration.ch\/wp-content\/uploads\/2020\/09\/RunarPetur_Fjo\u0308rdLines_Iceland_cVidirBjornsson14-scaled.jpg?ssl=1\" layout=\"responsive\"\/><\/figure><\/div><\/div><div class=\"tiled-gallery__row\"><div class=\"tiled-gallery__col\" style=\"flex-basis:54.261004624236655%\"><figure class=\"tiled-gallery__item\"><img decoding=\"async\" data-attachment-id=\"3287\" data-permalink=\"https:\/\/boardgeneration.ch\/en\/freeride-filmfestival-2020-07-29-11-in-at-de-ch-und-it\/vidirbjornsson_fjo%cc%88rdlines_iceland_cvidirbjornsson1\/\" data-orig-file=\"https:\/\/boardgeneration.ch\/wp-content\/uploads\/2020\/09\/VidirBjornsson_Fjo\u0308rdLines_Iceland_cVidirBjornsson1.jpg\" data-orig-size=\"1920,1080\" data-comments-opened=\"1\" data-image-meta=\"{&quot;aperture&quot;:&quot;0&quot;,&quot;credit&quot;:&quot;&quot;,&quot;camera&quot;:&quot;&quot;,&quot;caption&quot;:&quot;&quot;,&quot;created_timestamp&quot;:&quot;0&quot;,&quot;copyright&quot;:&quot;&quot;,&quot;focal_length&quot;:&quot;0&quot;,&quot;iso&quot;:&quot;0&quot;,&quot;shutter_speed&quot;:&quot;0&quot;,&quot;title&quot;:&quot;&quot;,&quot;orientation&quot;:&quot;1&quot;}\" data-image-title=\"VidirBjornsson_Fjo\u0308rdLines_Iceland_cVidirBjornsson1\" data-image-description=\"\" data-image-caption=\"\" data-medium-file=\"https:\/\/boardgeneration.ch\/wp-content\/uploads\/2020\/09\/VidirBjornsson_Fjo\u0308rdLines_Iceland_cVidirBjornsson1-300x169.jpg\" data-large-file=\"https:\/\/boardgeneration.ch\/wp-content\/uploads\/2020\/09\/VidirBjornsson_Fjo\u0308rdLines_Iceland_cVidirBjornsson1-1024x576.jpg\" role=\"button\" tabindex=\"0\" aria-label=\"Open image 4 of 5 in full-screen\" srcset=\"https:\/\/i2.wp.com\/boardgeneration.ch\/wp-content\/uploads\/2020\/09\/VidirBjornsson_Fjo\u0308rdLines_Iceland_cVidirBjornsson1.jpg?strip=info&#038;w=600&#038;ssl=1 600w,https:\/\/i2.wp.com\/boardgeneration.ch\/wp-content\/uploads\/2020\/09\/VidirBjornsson_Fjo\u0308rdLines_Iceland_cVidirBjornsson1.jpg?strip=info&#038;w=900&#038;ssl=1 900w,https:\/\/i2.wp.com\/boardgeneration.ch\/wp-content\/uploads\/2020\/09\/VidirBjornsson_Fjo\u0308rdLines_Iceland_cVidirBjornsson1.jpg?strip=info&#038;w=1200&#038;ssl=1 1200w,https:\/\/i2.wp.com\/boardgeneration.ch\/wp-content\/uploads\/2020\/09\/VidirBjornsson_Fjo\u0308rdLines_Iceland_cVidirBjornsson1.jpg?strip=info&#038;w=1500&#038;ssl=1 1500w,https:\/\/i2.wp.com\/boardgeneration.ch\/wp-content\/uploads\/2020\/09\/VidirBjornsson_Fjo\u0308rdLines_Iceland_cVidirBjornsson1.jpg?strip=info&#038;w=1800&#038;ssl=1 1800w,https:\/\/i2.wp.com\/boardgeneration.ch\/wp-content\/uploads\/2020\/09\/VidirBjornsson_Fjo\u0308rdLines_Iceland_cVidirBjornsson1.jpg?strip=info&#038;w=1920&#038;ssl=1 1920w\" alt=\"\" data-height=\"1080\" data-id=\"3287\" data-link=\"https:\/\/boardgeneration.ch\/?attachment_id=3287\" data-url=\"https:\/\/boardgeneration.ch\/wp-content\/uploads\/2020\/09\/VidirBjornsson_Fjo\u0308rdLines_Iceland_cVidirBjornsson1.jpg\" data-width=\"1920\" src=\"https:\/\/i2.wp.com\/boardgeneration.ch\/wp-content\/uploads\/2020\/09\/VidirBjornsson_Fjo\u0308rdLines_Iceland_cVidirBjornsson1.jpg?ssl=1\" layout=\"responsive\"\/><\/figure><\/div><div class=\"tiled-gallery__col\" style=\"flex-basis:45.73899537576335%\"><figure class=\"tiled-gallery__item\"><img decoding=\"async\" data-attachment-id=\"3293\" data-permalink=\"https:\/\/boardgeneration.ch\/en\/freeride-filmfestival-2020-07-29-11-in-at-de-ch-und-it\/runarpetur_fjo%cc%88rdlines_iceland_cvidirbjornsson17-1\/\" data-orig-file=\"https:\/\/boardgeneration.ch\/wp-content\/uploads\/2020\/09\/RunarPetur_Fjo\u0308rdLines_Iceland_cVidirBjornsson17-1-scaled.jpg\" data-orig-size=\"2560,1710\" data-comments-opened=\"1\" data-image-meta=\"{&quot;aperture&quot;:&quot;8&quot;,&quot;credit&quot;:&quot;vidirb&quot;,&quot;camera&quot;:&quot;ILCE-7SM2&quot;,&quot;caption&quot;:&quot;&quot;,&quot;created_timestamp&quot;:&quot;1525380496&quot;,&quot;copyright&quot;:&quot;vidirb&quot;,&quot;focal_length&quot;:&quot;59&quot;,&quot;iso&quot;:&quot;250&quot;,&quot;shutter_speed&quot;:&quot;0.0025&quot;,&quot;title&quot;:&quot;&quot;,&quot;orientation&quot;:&quot;1&quot;}\" data-image-title=\"RunarPetur_Fjo\u0308rdLines_Iceland_cVidirBjornsson17-1\" data-image-description=\"\" data-image-caption=\"\" data-medium-file=\"https:\/\/boardgeneration.ch\/wp-content\/uploads\/2020\/09\/RunarPetur_Fjo\u0308rdLines_Iceland_cVidirBjornsson17-1-300x200.jpg\" data-large-file=\"https:\/\/boardgeneration.ch\/wp-content\/uploads\/2020\/09\/RunarPetur_Fjo\u0308rdLines_Iceland_cVidirBjornsson17-1-1024x684.jpg\" role=\"button\" tabindex=\"0\" aria-label=\"Open image 5 of 5 in full-screen\" srcset=\"https:\/\/i1.wp.com\/boardgeneration.ch\/wp-content\/uploads\/2020\/09\/RunarPetur_Fjo\u0308rdLines_Iceland_cVidirBjornsson17-1-scaled.jpg?strip=info&#038;w=600&#038;ssl=1 600w,https:\/\/i1.wp.com\/boardgeneration.ch\/wp-content\/uploads\/2020\/09\/RunarPetur_Fjo\u0308rdLines_Iceland_cVidirBjornsson17-1-scaled.jpg?strip=info&#038;w=900&#038;ssl=1 900w,https:\/\/i1.wp.com\/boardgeneration.ch\/wp-content\/uploads\/2020\/09\/RunarPetur_Fjo\u0308rdLines_Iceland_cVidirBjornsson17-1-scaled.jpg?strip=info&#038;w=1200&#038;ssl=1 1200w,https:\/\/i1.wp.com\/boardgeneration.ch\/wp-content\/uploads\/2020\/09\/RunarPetur_Fjo\u0308rdLines_Iceland_cVidirBjornsson17-1-scaled.jpg?strip=info&#038;w=1500&#038;ssl=1 1500w,https:\/\/i1.wp.com\/boardgeneration.ch\/wp-content\/uploads\/2020\/09\/RunarPetur_Fjo\u0308rdLines_Iceland_cVidirBjornsson17-1-scaled.jpg?strip=info&#038;w=1800&#038;ssl=1 1800w,https:\/\/i1.wp.com\/boardgeneration.ch\/wp-content\/uploads\/2020\/09\/RunarPetur_Fjo\u0308rdLines_Iceland_cVidirBjornsson17-1-scaled.jpg?strip=info&#038;w=2000&#038;ssl=1 2000w\" alt=\"\" data-height=\"1710\" data-id=\"3293\" data-link=\"https:\/\/boardgeneration.ch\/?attachment_id=3293\" data-url=\"https:\/\/boardgeneration.ch\/wp-content\/uploads\/2020\/09\/RunarPetur_Fjo\u0308rdLines_Iceland_cVidirBjornsson17-1-scaled.jpg\" data-width=\"2560\" src=\"https:\/\/i1.wp.com\/boardgeneration.ch\/wp-content\/uploads\/2020\/09\/RunarPetur_Fjo\u0308rdLines_Iceland_cVidirBjornsson17-1-scaled.jpg?ssl=1\" layout=\"responsive\"\/><\/figure><\/div><\/div><\/div><\/div>\n\n\n\n<p>At least as individual is the film \"<strong>Bill\u00f8s\/Carless\"<\/strong> by the Norwegian Andreas K\u00f8hn.<em> Bill\u00f8s<\/em> means in German <em>carefree<\/em>, and <em>carless<\/em> (<em>autoless<\/em>) is Andreas, because a repair for his car is too expensive for him. Therefore he completely renounces this luxury, changes to the bicycle and has been touring with it for two years in the Bod\u00f8, Lyngen and Lofoten areas. Andreas K\u00f8hn is a loner and a bit of a loner as well. He admits that quite openly. This also includes his urge to reduce emissions. This film is \"simple &amp; basic at its best\". Almost everything was filmed by himself and apart from a ferry trip to the Lofoten there is only muscle power. Andreas doesn't let rain or icy surfaces stop him and always looks with a lot of self-irony into a better future: \"Next month will be great. Next month.\" <\/p>\n\n\n\n<div class=\"wp-block-jetpack-tiled-gallery aligncenter is-style-rectangular\"><div class=\"tiled-gallery__gallery\"><div class=\"tiled-gallery__row\"><div class=\"tiled-gallery__col\" style=\"flex-basis:66.8041819725416%\"><figure class=\"tiled-gallery__item\"><img decoding=\"async\" data-attachment-id=\"3281\" data-permalink=\"https:\/\/boardgeneration.ch\/en\/freeride-filmfestival-2020-07-29-11-in-at-de-ch-und-it\/andreaskohn_billoscarless_norwaybodo_candreaskohn3\/\" data-orig-file=\"https:\/\/boardgeneration.ch\/wp-content\/uploads\/2020\/09\/AndreasKohn_BillosCarless_@NorwayBodo_cAndreasKohn3-scaled.jpg\" data-orig-size=\"2560,1707\" data-comments-opened=\"1\" data-image-meta=\"{&quot;aperture&quot;:&quot;0&quot;,&quot;credit&quot;:&quot;&quot;,&quot;camera&quot;:&quot;&quot;,&quot;caption&quot;:&quot;&quot;,&quot;created_timestamp&quot;:&quot;0&quot;,&quot;copyright&quot;:&quot;&quot;,&quot;focal_length&quot;:&quot;0&quot;,&quot;iso&quot;:&quot;0&quot;,&quot;shutter_speed&quot;:&quot;0&quot;,&quot;title&quot;:&quot;&quot;,&quot;orientation&quot;:&quot;1&quot;}\" data-image-title=\"AndreasKohn_BillosCarless_@NorwayBodo_cAndreasKohn3\" data-image-description=\"\" data-image-caption=\"\" data-medium-file=\"https:\/\/boardgeneration.ch\/wp-content\/uploads\/2020\/09\/AndreasKohn_BillosCarless_@NorwayBodo_cAndreasKohn3-300x200.jpg\" data-large-file=\"https:\/\/boardgeneration.ch\/wp-content\/uploads\/2020\/09\/AndreasKohn_BillosCarless_@NorwayBodo_cAndreasKohn3-1024x683.jpg\" role=\"button\" tabindex=\"0\" aria-label=\"Open image 1 of 6 in full-screen\" srcset=\"https:\/\/i0.wp.com\/boardgeneration.ch\/wp-content\/uploads\/2020\/09\/AndreasKohn_BillosCarless_@NorwayBodo_cAndreasKohn3-scaled.jpg?strip=info&#038;w=600&#038;ssl=1 600w,https:\/\/i0.wp.com\/boardgeneration.ch\/wp-content\/uploads\/2020\/09\/AndreasKohn_BillosCarless_@NorwayBodo_cAndreasKohn3-scaled.jpg?strip=info&#038;w=900&#038;ssl=1 900w,https:\/\/i0.wp.com\/boardgeneration.ch\/wp-content\/uploads\/2020\/09\/AndreasKohn_BillosCarless_@NorwayBodo_cAndreasKohn3-scaled.jpg?strip=info&#038;w=1200&#038;ssl=1 1200w,https:\/\/i0.wp.com\/boardgeneration.ch\/wp-content\/uploads\/2020\/09\/AndreasKohn_BillosCarless_@NorwayBodo_cAndreasKohn3-scaled.jpg?strip=info&#038;w=1500&#038;ssl=1 1500w,https:\/\/i0.wp.com\/boardgeneration.ch\/wp-content\/uploads\/2020\/09\/AndreasKohn_BillosCarless_@NorwayBodo_cAndreasKohn3-scaled.jpg?strip=info&#038;w=1800&#038;ssl=1 1800w,https:\/\/i0.wp.com\/boardgeneration.ch\/wp-content\/uploads\/2020\/09\/AndreasKohn_BillosCarless_@NorwayBodo_cAndreasKohn3-scaled.jpg?strip=info&#038;w=2000&#038;ssl=1 2000w\" alt=\"\" data-height=\"1707\" data-id=\"3281\" data-link=\"https:\/\/boardgeneration.ch\/?attachment_id=3281\" data-url=\"https:\/\/boardgeneration.ch\/wp-content\/uploads\/2020\/09\/AndreasKohn_BillosCarless_@NorwayBodo_cAndreasKohn3-scaled.jpg\" data-width=\"2560\" src=\"https:\/\/i0.wp.com\/boardgeneration.ch\/wp-content\/uploads\/2020\/09\/AndreasKohn_BillosCarless_@NorwayBodo_cAndreasKohn3-scaled.jpg?ssl=1\" layout=\"responsive\"\/><\/figure><\/div><div class=\"tiled-gallery__col\" style=\"flex-basis:33.195818027458394%\"><figure class=\"tiled-gallery__item\"><img decoding=\"async\" data-attachment-id=\"3286\" data-permalink=\"https:\/\/boardgeneration.ch\/en\/freeride-filmfestival-2020-07-29-11-in-at-de-ch-und-it\/andreaskohn_billoscarless_norwayheggemo_candreas-kohn04\/\" data-orig-file=\"https:\/\/boardgeneration.ch\/wp-content\/uploads\/2020\/09\/AndreasKohn_BillosCarless_@NorwayHeggemo_cAndreas-Kohn04-scaled.jpg\" data-orig-size=\"2560,1701\" data-comments-opened=\"1\" data-image-meta=\"{&quot;aperture&quot;:&quot;2.8&quot;,&quot;credit&quot;:&quot;&quot;,&quot;camera&quot;:&quot;FC2103&quot;,&quot;caption&quot;:&quot;&quot;,&quot;created_timestamp&quot;:&quot;1518965468&quot;,&quot;copyright&quot;:&quot;&quot;,&quot;focal_length&quot;:&quot;4.5&quot;,&quot;iso&quot;:&quot;117&quot;,&quot;shutter_speed&quot;:&quot;0.0027027027027027&quot;,&quot;title&quot;:&quot;&quot;,&quot;orientation&quot;:&quot;1&quot;}\" data-image-title=\"AndreasKohn_BillosCarless_@NorwayHeggemo_cAndreas-Kohn04\" data-image-description=\"\" data-image-caption=\"\" data-medium-file=\"https:\/\/boardgeneration.ch\/wp-content\/uploads\/2020\/09\/AndreasKohn_BillosCarless_@NorwayHeggemo_cAndreas-Kohn04-300x199.jpg\" data-large-file=\"https:\/\/boardgeneration.ch\/wp-content\/uploads\/2020\/09\/AndreasKohn_BillosCarless_@NorwayHeggemo_cAndreas-Kohn04-1024x680.jpg\" role=\"button\" tabindex=\"0\" aria-label=\"Open image 2 of 6 in full-screen\" srcset=\"https:\/\/i1.wp.com\/boardgeneration.ch\/wp-content\/uploads\/2020\/09\/AndreasKohn_BillosCarless_@NorwayHeggemo_cAndreas-Kohn04-scaled.jpg?strip=info&#038;w=600&#038;ssl=1 600w,https:\/\/i1.wp.com\/boardgeneration.ch\/wp-content\/uploads\/2020\/09\/AndreasKohn_BillosCarless_@NorwayHeggemo_cAndreas-Kohn04-scaled.jpg?strip=info&#038;w=900&#038;ssl=1 900w,https:\/\/i1.wp.com\/boardgeneration.ch\/wp-content\/uploads\/2020\/09\/AndreasKohn_BillosCarless_@NorwayHeggemo_cAndreas-Kohn04-scaled.jpg?strip=info&#038;w=1200&#038;ssl=1 1200w,https:\/\/i1.wp.com\/boardgeneration.ch\/wp-content\/uploads\/2020\/09\/AndreasKohn_BillosCarless_@NorwayHeggemo_cAndreas-Kohn04-scaled.jpg?strip=info&#038;w=1500&#038;ssl=1 1500w,https:\/\/i1.wp.com\/boardgeneration.ch\/wp-content\/uploads\/2020\/09\/AndreasKohn_BillosCarless_@NorwayHeggemo_cAndreas-Kohn04-scaled.jpg?strip=info&#038;w=1800&#038;ssl=1 1800w,https:\/\/i1.wp.com\/boardgeneration.ch\/wp-content\/uploads\/2020\/09\/AndreasKohn_BillosCarless_@NorwayHeggemo_cAndreas-Kohn04-scaled.jpg?strip=info&#038;w=2000&#038;ssl=1 2000w\" alt=\"\" data-height=\"1701\" data-id=\"3286\" data-link=\"https:\/\/boardgeneration.ch\/?attachment_id=3286\" data-url=\"https:\/\/boardgeneration.ch\/wp-content\/uploads\/2020\/09\/AndreasKohn_BillosCarless_@NorwayHeggemo_cAndreas-Kohn04-scaled.jpg\" data-width=\"2560\" src=\"https:\/\/i1.wp.com\/boardgeneration.ch\/wp-content\/uploads\/2020\/09\/AndreasKohn_BillosCarless_@NorwayHeggemo_cAndreas-Kohn04-scaled.jpg?ssl=1\" layout=\"responsive\"\/><\/figure><figure class=\"tiled-gallery__item\"><img decoding=\"async\" data-attachment-id=\"3289\" data-permalink=\"https:\/\/boardgeneration.ch\/en\/freeride-filmfestival-2020-07-29-11-in-at-de-ch-und-it\/andreaskohn_billoscarless_norwayheia_candreas-kohn\/\" data-orig-file=\"https:\/\/boardgeneration.ch\/wp-content\/uploads\/2020\/09\/AndreasKohn_BillosCarless_@NorwayHeia_cAndreas-Kohn-scaled.jpg\" data-orig-size=\"2560,1707\" data-comments-opened=\"1\" data-image-meta=\"{&quot;aperture&quot;:&quot;0&quot;,&quot;credit&quot;:&quot;&quot;,&quot;camera&quot;:&quot;&quot;,&quot;caption&quot;:&quot;&quot;,&quot;created_timestamp&quot;:&quot;0&quot;,&quot;copyright&quot;:&quot;&quot;,&quot;focal_length&quot;:&quot;0&quot;,&quot;iso&quot;:&quot;0&quot;,&quot;shutter_speed&quot;:&quot;0&quot;,&quot;title&quot;:&quot;&quot;,&quot;orientation&quot;:&quot;1&quot;}\" data-image-title=\"AndreasKohn_BillosCarless_@NorwayHeia_cAndreas-Kohn\" data-image-description=\"\" data-image-caption=\"\" data-medium-file=\"https:\/\/boardgeneration.ch\/wp-content\/uploads\/2020\/09\/AndreasKohn_BillosCarless_@NorwayHeia_cAndreas-Kohn-300x200.jpg\" data-large-file=\"https:\/\/boardgeneration.ch\/wp-content\/uploads\/2020\/09\/AndreasKohn_BillosCarless_@NorwayHeia_cAndreas-Kohn-1024x683.jpg\" role=\"button\" tabindex=\"0\" aria-label=\"Open image 3 of 6 in full-screen\" srcset=\"https:\/\/i1.wp.com\/boardgeneration.ch\/wp-content\/uploads\/2020\/09\/AndreasKohn_BillosCarless_@NorwayHeia_cAndreas-Kohn-scaled.jpg?strip=info&#038;w=600&#038;ssl=1 600w,https:\/\/i1.wp.com\/boardgeneration.ch\/wp-content\/uploads\/2020\/09\/AndreasKohn_BillosCarless_@NorwayHeia_cAndreas-Kohn-scaled.jpg?strip=info&#038;w=900&#038;ssl=1 900w,https:\/\/i1.wp.com\/boardgeneration.ch\/wp-content\/uploads\/2020\/09\/AndreasKohn_BillosCarless_@NorwayHeia_cAndreas-Kohn-scaled.jpg?strip=info&#038;w=1200&#038;ssl=1 1200w,https:\/\/i1.wp.com\/boardgeneration.ch\/wp-content\/uploads\/2020\/09\/AndreasKohn_BillosCarless_@NorwayHeia_cAndreas-Kohn-scaled.jpg?strip=info&#038;w=1500&#038;ssl=1 1500w,https:\/\/i1.wp.com\/boardgeneration.ch\/wp-content\/uploads\/2020\/09\/AndreasKohn_BillosCarless_@NorwayHeia_cAndreas-Kohn-scaled.jpg?strip=info&#038;w=1800&#038;ssl=1 1800w,https:\/\/i1.wp.com\/boardgeneration.ch\/wp-content\/uploads\/2020\/09\/AndreasKohn_BillosCarless_@NorwayHeia_cAndreas-Kohn-scaled.jpg?strip=info&#038;w=2000&#038;ssl=1 2000w\" alt=\"\" data-height=\"1707\" data-id=\"3289\" data-link=\"https:\/\/boardgeneration.ch\/?attachment_id=3289\" data-url=\"https:\/\/boardgeneration.ch\/wp-content\/uploads\/2020\/09\/AndreasKohn_BillosCarless_@NorwayHeia_cAndreas-Kohn-scaled.jpg\" data-width=\"2560\" src=\"https:\/\/i1.wp.com\/boardgeneration.ch\/wp-content\/uploads\/2020\/09\/AndreasKohn_BillosCarless_@NorwayHeia_cAndreas-Kohn-scaled.jpg?ssl=1\" layout=\"responsive\"\/><\/figure><\/div><\/div><div class=\"tiled-gallery__row\"><div class=\"tiled-gallery__col\" style=\"flex-basis:35.61927624704551%\"><figure class=\"tiled-gallery__item\"><img decoding=\"async\" data-attachment-id=\"3290\" data-permalink=\"https:\/\/boardgeneration.ch\/en\/freeride-filmfestival-2020-07-29-11-in-at-de-ch-und-it\/andreaskohn_billoscarless_norwaylofoten_candreaskohn16\/\" data-orig-file=\"https:\/\/boardgeneration.ch\/wp-content\/uploads\/2020\/09\/AndreasKohn_BillosCarless_@NorwayLofoten_cAndreasKohn16-scaled.jpg\" data-orig-size=\"2560,1434\" data-comments-opened=\"1\" data-image-meta=\"{&quot;aperture&quot;:&quot;2.8&quot;,&quot;credit&quot;:&quot;&quot;,&quot;camera&quot;:&quot;FC2103&quot;,&quot;caption&quot;:&quot;&quot;,&quot;created_timestamp&quot;:&quot;1587384835&quot;,&quot;copyright&quot;:&quot;&quot;,&quot;focal_length&quot;:&quot;4.5&quot;,&quot;iso&quot;:&quot;101&quot;,&quot;shutter_speed&quot;:&quot;0.00027027027027027&quot;,&quot;title&quot;:&quot;&quot;,&quot;orientation&quot;:&quot;1&quot;}\" data-image-title=\"AndreasKohn_BillosCarless_@NorwayLofoten_cAndreasKohn16\" data-image-description=\"\" data-image-caption=\"\" data-medium-file=\"https:\/\/boardgeneration.ch\/wp-content\/uploads\/2020\/09\/AndreasKohn_BillosCarless_@NorwayLofoten_cAndreasKohn16-300x168.jpg\" data-large-file=\"https:\/\/boardgeneration.ch\/wp-content\/uploads\/2020\/09\/AndreasKohn_BillosCarless_@NorwayLofoten_cAndreasKohn16-1024x574.jpg\" role=\"button\" tabindex=\"0\" aria-label=\"Open image 4 of 6 in full-screen\" srcset=\"https:\/\/i0.wp.com\/boardgeneration.ch\/wp-content\/uploads\/2020\/09\/AndreasKohn_BillosCarless_@NorwayLofoten_cAndreasKohn16-scaled.jpg?strip=info&#038;w=600&#038;ssl=1 600w,https:\/\/i0.wp.com\/boardgeneration.ch\/wp-content\/uploads\/2020\/09\/AndreasKohn_BillosCarless_@NorwayLofoten_cAndreasKohn16-scaled.jpg?strip=info&#038;w=900&#038;ssl=1 900w,https:\/\/i0.wp.com\/boardgeneration.ch\/wp-content\/uploads\/2020\/09\/AndreasKohn_BillosCarless_@NorwayLofoten_cAndreasKohn16-scaled.jpg?strip=info&#038;w=1200&#038;ssl=1 1200w,https:\/\/i0.wp.com\/boardgeneration.ch\/wp-content\/uploads\/2020\/09\/AndreasKohn_BillosCarless_@NorwayLofoten_cAndreasKohn16-scaled.jpg?strip=info&#038;w=1500&#038;ssl=1 1500w,https:\/\/i0.wp.com\/boardgeneration.ch\/wp-content\/uploads\/2020\/09\/AndreasKohn_BillosCarless_@NorwayLofoten_cAndreasKohn16-scaled.jpg?strip=info&#038;w=1800&#038;ssl=1 1800w,https:\/\/i0.wp.com\/boardgeneration.ch\/wp-content\/uploads\/2020\/09\/AndreasKohn_BillosCarless_@NorwayLofoten_cAndreasKohn16-scaled.jpg?strip=info&#038;w=2000&#038;ssl=1 2000w\" alt=\"\" data-height=\"1434\" data-id=\"3290\" data-link=\"https:\/\/boardgeneration.ch\/?attachment_id=3290\" data-url=\"https:\/\/boardgeneration.ch\/wp-content\/uploads\/2020\/09\/AndreasKohn_BillosCarless_@NorwayLofoten_cAndreasKohn16-scaled.jpg\" data-width=\"2560\" src=\"https:\/\/i0.wp.com\/boardgeneration.ch\/wp-content\/uploads\/2020\/09\/AndreasKohn_BillosCarless_@NorwayLofoten_cAndreasKohn16-scaled.jpg?ssl=1\" layout=\"responsive\"\/><\/figure><figure class=\"tiled-gallery__item\"><img decoding=\"async\" data-attachment-id=\"3292\" data-permalink=\"https:\/\/boardgeneration.ch\/en\/freeride-filmfestival-2020-07-29-11-in-at-de-ch-und-it\/andreaskohn_billoscarless_norwaylofoten_candreaskohn24\/\" data-orig-file=\"https:\/\/boardgeneration.ch\/wp-content\/uploads\/2020\/09\/AndreasKohn_BillosCarless_@NorwayLofoten_cAndreasKohn24-scaled.jpg\" data-orig-size=\"2560,1458\" data-comments-opened=\"1\" data-image-meta=\"{&quot;aperture&quot;:&quot;5&quot;,&quot;credit&quot;:&quot;&quot;,&quot;camera&quot;:&quot;Canon PowerShot G16&quot;,&quot;caption&quot;:&quot;&quot;,&quot;created_timestamp&quot;:&quot;1488622865&quot;,&quot;copyright&quot;:&quot;&quot;,&quot;focal_length&quot;:&quot;6.1&quot;,&quot;iso&quot;:&quot;125&quot;,&quot;shutter_speed&quot;:&quot;0.005&quot;,&quot;title&quot;:&quot;&quot;,&quot;orientation&quot;:&quot;1&quot;}\" data-image-title=\"AndreasKohn_BillosCarless_@NorwayLofoten_cAndreasKohn24\" data-image-description=\"\" data-image-caption=\"\" data-medium-file=\"https:\/\/boardgeneration.ch\/wp-content\/uploads\/2020\/09\/AndreasKohn_BillosCarless_@NorwayLofoten_cAndreasKohn24-300x171.jpg\" data-large-file=\"https:\/\/boardgeneration.ch\/wp-content\/uploads\/2020\/09\/AndreasKohn_BillosCarless_@NorwayLofoten_cAndreasKohn24-1024x583.jpg\" role=\"button\" tabindex=\"0\" aria-label=\"Open image 5 of 6 in full-screen\" srcset=\"https:\/\/i1.wp.com\/boardgeneration.ch\/wp-content\/uploads\/2020\/09\/AndreasKohn_BillosCarless_@NorwayLofoten_cAndreasKohn24-scaled.jpg?strip=info&#038;w=600&#038;ssl=1 600w,https:\/\/i1.wp.com\/boardgeneration.ch\/wp-content\/uploads\/2020\/09\/AndreasKohn_BillosCarless_@NorwayLofoten_cAndreasKohn24-scaled.jpg?strip=info&#038;w=900&#038;ssl=1 900w,https:\/\/i1.wp.com\/boardgeneration.ch\/wp-content\/uploads\/2020\/09\/AndreasKohn_BillosCarless_@NorwayLofoten_cAndreasKohn24-scaled.jpg?strip=info&#038;w=1200&#038;ssl=1 1200w,https:\/\/i1.wp.com\/boardgeneration.ch\/wp-content\/uploads\/2020\/09\/AndreasKohn_BillosCarless_@NorwayLofoten_cAndreasKohn24-scaled.jpg?strip=info&#038;w=1500&#038;ssl=1 1500w,https:\/\/i1.wp.com\/boardgeneration.ch\/wp-content\/uploads\/2020\/09\/AndreasKohn_BillosCarless_@NorwayLofoten_cAndreasKohn24-scaled.jpg?strip=info&#038;w=1800&#038;ssl=1 1800w,https:\/\/i1.wp.com\/boardgeneration.ch\/wp-content\/uploads\/2020\/09\/AndreasKohn_BillosCarless_@NorwayLofoten_cAndreasKohn24-scaled.jpg?strip=info&#038;w=2000&#038;ssl=1 2000w\" alt=\"\" data-height=\"1458\" data-id=\"3292\" data-link=\"https:\/\/boardgeneration.ch\/?attachment_id=3292\" data-url=\"https:\/\/boardgeneration.ch\/wp-content\/uploads\/2020\/09\/AndreasKohn_BillosCarless_@NorwayLofoten_cAndreasKohn24-scaled.jpg\" data-width=\"2560\" src=\"https:\/\/i1.wp.com\/boardgeneration.ch\/wp-content\/uploads\/2020\/09\/AndreasKohn_BillosCarless_@NorwayLofoten_cAndreasKohn24-scaled.jpg?ssl=1\" layout=\"responsive\"\/><\/figure><\/div><div class=\"tiled-gallery__col\" style=\"flex-basis:64.38072375295448%\"><figure class=\"tiled-gallery__item\"><img decoding=\"async\" data-attachment-id=\"3294\" data-permalink=\"https:\/\/boardgeneration.ch\/en\/freeride-filmfestival-2020-07-29-11-in-at-de-ch-und-it\/andreaskohn_billoscarless_norwaylofoten_candreaskohn38\/\" data-orig-file=\"https:\/\/boardgeneration.ch\/wp-content\/uploads\/2020\/09\/AndreasKohn_BillosCarless_@NorwayLofoten_cAndreasKohn38-scaled.jpg\" data-orig-size=\"2560,1616\" data-comments-opened=\"1\" data-image-meta=\"{&quot;aperture&quot;:&quot;7.1&quot;,&quot;credit&quot;:&quot;&quot;,&quot;camera&quot;:&quot;Canon PowerShot G16&quot;,&quot;caption&quot;:&quot;&quot;,&quot;created_timestamp&quot;:&quot;1490452010&quot;,&quot;copyright&quot;:&quot;&quot;,&quot;focal_length&quot;:&quot;6.1&quot;,&quot;iso&quot;:&quot;100&quot;,&quot;shutter_speed&quot;:&quot;0.003125&quot;,&quot;title&quot;:&quot;&quot;,&quot;orientation&quot;:&quot;1&quot;}\" data-image-title=\"AndreasKohn_BillosCarless_@NorwayLofoten_cAndreasKohn38\" data-image-description=\"\" data-image-caption=\"\" data-medium-file=\"https:\/\/boardgeneration.ch\/wp-content\/uploads\/2020\/09\/AndreasKohn_BillosCarless_@NorwayLofoten_cAndreasKohn38-300x189.jpg\" data-large-file=\"https:\/\/boardgeneration.ch\/wp-content\/uploads\/2020\/09\/AndreasKohn_BillosCarless_@NorwayLofoten_cAndreasKohn38-1024x646.jpg\" role=\"button\" tabindex=\"0\" aria-label=\"Open image 6 of 6 in full-screen\" srcset=\"https:\/\/i0.wp.com\/boardgeneration.ch\/wp-content\/uploads\/2020\/09\/AndreasKohn_BillosCarless_@NorwayLofoten_cAndreasKohn38-scaled.jpg?strip=info&#038;w=600&#038;ssl=1 600w,https:\/\/i0.wp.com\/boardgeneration.ch\/wp-content\/uploads\/2020\/09\/AndreasKohn_BillosCarless_@NorwayLofoten_cAndreasKohn38-scaled.jpg?strip=info&#038;w=900&#038;ssl=1 900w,https:\/\/i0.wp.com\/boardgeneration.ch\/wp-content\/uploads\/2020\/09\/AndreasKohn_BillosCarless_@NorwayLofoten_cAndreasKohn38-scaled.jpg?strip=info&#038;w=1200&#038;ssl=1 1200w,https:\/\/i0.wp.com\/boardgeneration.ch\/wp-content\/uploads\/2020\/09\/AndreasKohn_BillosCarless_@NorwayLofoten_cAndreasKohn38-scaled.jpg?strip=info&#038;w=1500&#038;ssl=1 1500w,https:\/\/i0.wp.com\/boardgeneration.ch\/wp-content\/uploads\/2020\/09\/AndreasKohn_BillosCarless_@NorwayLofoten_cAndreasKohn38-scaled.jpg?strip=info&#038;w=1800&#038;ssl=1 1800w,https:\/\/i0.wp.com\/boardgeneration.ch\/wp-content\/uploads\/2020\/09\/AndreasKohn_BillosCarless_@NorwayLofoten_cAndreasKohn38-scaled.jpg?strip=info&#038;w=2000&#038;ssl=1 2000w\" alt=\"\" data-height=\"1616\" data-id=\"3294\" data-link=\"https:\/\/boardgeneration.ch\/?attachment_id=3294\" data-url=\"https:\/\/boardgeneration.ch\/wp-content\/uploads\/2020\/09\/AndreasKohn_BillosCarless_@NorwayLofoten_cAndreasKohn38-scaled.jpg\" data-width=\"2560\" src=\"https:\/\/i0.wp.com\/boardgeneration.ch\/wp-content\/uploads\/2020\/09\/AndreasKohn_BillosCarless_@NorwayLofoten_cAndreasKohn38-scaled.jpg?ssl=1\" layout=\"responsive\"\/><\/figure><\/div><\/div><\/div><\/div>\n\n\n\n<p>Finally, something highly satirical. At <strong>\"The Tyrolean and his Piefke - Part 2\"<\/strong> filmmaker Michael Bernshausen presents an eternal classic from the Tyrolean Alps. A local, in this case Roman Rohrmoser from the Zillertal, and a German, Felix Wiemers from Hesse, have all kinds of communication problems. What unites the two: Skiing at the highest level. The basis for this ski film persiflage is the successful TV series \"The Piefke Saga\" from the early 1990s.<br>Bernshausen has oriented itself on this classic and is now adding the sequel after part 1 of \"Der Tiroler und sein Piefke\". Once again he draws a portrait of the eternal love-hate relationship between Austrians and Germans with a strong touch of black humour. How seriously the linguistic and cultural misunderstandings are meant, the audience should decide for itself.<\/p>\n\n\n\n<div class=\"wp-block-jetpack-tiled-gallery aligncenter is-style-rectangular\"><div class=\"tiled-gallery__gallery\"><div class=\"tiled-gallery__row\"><div class=\"tiled-gallery__col\" style=\"flex-basis:30.060132329719153%\"><figure class=\"tiled-gallery__item\"><img decoding=\"async\" data-attachment-id=\"3283\" data-permalink=\"https:\/\/boardgeneration.ch\/en\/freeride-filmfestival-2020-07-29-11-in-at-de-ch-und-it\/dcim100goprogopr0216-jpg\/\" data-orig-file=\"https:\/\/boardgeneration.ch\/wp-content\/uploads\/2020\/09\/FelixWiemers_TirolerPiefke_cMIDIAFILM-MichaelBernshausen.jpg\" data-orig-size=\"1608,1901\" data-comments-opened=\"1\" data-image-meta=\"{&quot;aperture&quot;:&quot;2.8&quot;,&quot;credit&quot;:&quot;&quot;,&quot;camera&quot;:&quot;HERO8 Black&quot;,&quot;caption&quot;:&quot;DCIM100GOPROGOPR0216.JPG&quot;,&quot;created_timestamp&quot;:&quot;1578401145&quot;,&quot;copyright&quot;:&quot;&quot;,&quot;focal_length&quot;:&quot;3&quot;,&quot;iso&quot;:&quot;1026&quot;,&quot;shutter_speed&quot;:&quot;0.0083333333333333&quot;,&quot;title&quot;:&quot;DCIM100GOPROGOPR0216.JPG&quot;,&quot;orientation&quot;:&quot;1&quot;}\" data-image-title=\"DCIM\\100GOPRO\\GOPR0216.JPG\" data-image-description=\"\" data-image-caption=\"&lt;p&gt;DCIM\\100GOPRO\\GOPR0216.JPG&lt;\/p&gt;\" data-medium-file=\"https:\/\/boardgeneration.ch\/wp-content\/uploads\/2020\/09\/FelixWiemers_TirolerPiefke_cMIDIAFILM-MichaelBernshausen-254x300.jpg\" data-large-file=\"https:\/\/boardgeneration.ch\/wp-content\/uploads\/2020\/09\/FelixWiemers_TirolerPiefke_cMIDIAFILM-MichaelBernshausen-866x1024.jpg\" role=\"button\" tabindex=\"0\" aria-label=\"Open image 1 of 3 in full-screen\" srcset=\"https:\/\/i0.wp.com\/boardgeneration.ch\/wp-content\/uploads\/2020\/09\/FelixWiemers_TirolerPiefke_cMIDIAFILM-MichaelBernshausen.jpg?strip=info&#038;w=600&#038;ssl=1 600w,https:\/\/i0.wp.com\/boardgeneration.ch\/wp-content\/uploads\/2020\/09\/FelixWiemers_TirolerPiefke_cMIDIAFILM-MichaelBernshausen.jpg?strip=info&#038;w=900&#038;ssl=1 900w,https:\/\/i0.wp.com\/boardgeneration.ch\/wp-content\/uploads\/2020\/09\/FelixWiemers_TirolerPiefke_cMIDIAFILM-MichaelBernshausen.jpg?strip=info&#038;w=1200&#038;ssl=1 1200w,https:\/\/i0.wp.com\/boardgeneration.ch\/wp-content\/uploads\/2020\/09\/FelixWiemers_TirolerPiefke_cMIDIAFILM-MichaelBernshausen.jpg?strip=info&#038;w=1500&#038;ssl=1 1500w,https:\/\/i0.wp.com\/boardgeneration.ch\/wp-content\/uploads\/2020\/09\/FelixWiemers_TirolerPiefke_cMIDIAFILM-MichaelBernshausen.jpg?strip=info&#038;w=1608&#038;ssl=1 1608w\" alt=\"\" data-height=\"1901\" data-id=\"3283\" data-link=\"https:\/\/boardgeneration.ch\/?attachment_id=3283\" data-url=\"https:\/\/boardgeneration.ch\/wp-content\/uploads\/2020\/09\/FelixWiemers_TirolerPiefke_cMIDIAFILM-MichaelBernshausen.jpg\" data-width=\"1608\" src=\"https:\/\/i0.wp.com\/boardgeneration.ch\/wp-content\/uploads\/2020\/09\/FelixWiemers_TirolerPiefke_cMIDIAFILM-MichaelBernshausen.jpg?ssl=1\" layout=\"responsive\"\/><\/figure><\/div><div class=\"tiled-gallery__col\" style=\"flex-basis:23.73152592219676%\"><figure class=\"tiled-gallery__item\"><img decoding=\"async\" data-attachment-id=\"3284\" data-permalink=\"https:\/\/boardgeneration.ch\/en\/freeride-filmfestival-2020-07-29-11-in-at-de-ch-und-it\/felixwiemers_tirolerpiefke_zillertalaut_chans-martin_kudlinski\/\" data-orig-file=\"https:\/\/boardgeneration.ch\/wp-content\/uploads\/2020\/09\/FelixWiemers_TirolerPiefke_ZillertalAUT_cHans-Martin_Kudlinski-scaled.jpg\" data-orig-size=\"1707,2560\" data-comments-opened=\"1\" data-image-meta=\"{&quot;aperture&quot;:&quot;0&quot;,&quot;credit&quot;:&quot;&quot;,&quot;camera&quot;:&quot;&quot;,&quot;caption&quot;:&quot;&quot;,&quot;created_timestamp&quot;:&quot;0&quot;,&quot;copyright&quot;:&quot;&quot;,&quot;focal_length&quot;:&quot;0&quot;,&quot;iso&quot;:&quot;0&quot;,&quot;shutter_speed&quot;:&quot;0&quot;,&quot;title&quot;:&quot;&quot;,&quot;orientation&quot;:&quot;1&quot;}\" data-image-title=\"FelixWiemers_TirolerPiefke_ZillertalAUT_cHans-Martin_Kudlinski\" data-image-description=\"\" data-image-caption=\"\" data-medium-file=\"https:\/\/boardgeneration.ch\/wp-content\/uploads\/2020\/09\/FelixWiemers_TirolerPiefke_ZillertalAUT_cHans-Martin_Kudlinski-200x300.jpg\" data-large-file=\"https:\/\/boardgeneration.ch\/wp-content\/uploads\/2020\/09\/FelixWiemers_TirolerPiefke_ZillertalAUT_cHans-Martin_Kudlinski-683x1024.jpg\" role=\"button\" tabindex=\"0\" aria-label=\"Open image 2 of 3 in full-screen\" srcset=\"https:\/\/i1.wp.com\/boardgeneration.ch\/wp-content\/uploads\/2020\/09\/FelixWiemers_TirolerPiefke_ZillertalAUT_cHans-Martin_Kudlinski-scaled.jpg?strip=info&#038;w=600&#038;ssl=1 600w,https:\/\/i1.wp.com\/boardgeneration.ch\/wp-content\/uploads\/2020\/09\/FelixWiemers_TirolerPiefke_ZillertalAUT_cHans-Martin_Kudlinski-scaled.jpg?strip=info&#038;w=900&#038;ssl=1 900w,https:\/\/i1.wp.com\/boardgeneration.ch\/wp-content\/uploads\/2020\/09\/FelixWiemers_TirolerPiefke_ZillertalAUT_cHans-Martin_Kudlinski-scaled.jpg?strip=info&#038;w=1200&#038;ssl=1 1200w,https:\/\/i1.wp.com\/boardgeneration.ch\/wp-content\/uploads\/2020\/09\/FelixWiemers_TirolerPiefke_ZillertalAUT_cHans-Martin_Kudlinski-scaled.jpg?strip=info&#038;w=1500&#038;ssl=1 1500w,https:\/\/i1.wp.com\/boardgeneration.ch\/wp-content\/uploads\/2020\/09\/FelixWiemers_TirolerPiefke_ZillertalAUT_cHans-Martin_Kudlinski-scaled.jpg?strip=info&#038;w=1707&#038;ssl=1 1707w\" alt=\"\" data-height=\"2560\" data-id=\"3284\" data-link=\"https:\/\/boardgeneration.ch\/?attachment_id=3284\" data-url=\"https:\/\/boardgeneration.ch\/wp-content\/uploads\/2020\/09\/FelixWiemers_TirolerPiefke_ZillertalAUT_cHans-Martin_Kudlinski-scaled.jpg\" data-width=\"1707\" src=\"https:\/\/i1.wp.com\/boardgeneration.ch\/wp-content\/uploads\/2020\/09\/FelixWiemers_TirolerPiefke_ZillertalAUT_cHans-Martin_Kudlinski-scaled.jpg?ssl=1\" layout=\"responsive\"\/><\/figure><\/div><div class=\"tiled-gallery__col\" style=\"flex-basis:46.20834174808408%\"><figure class=\"tiled-gallery__item\"><img decoding=\"async\" data-attachment-id=\"3288\" data-permalink=\"https:\/\/boardgeneration.ch\/en\/freeride-filmfestival-2020-07-29-11-in-at-de-ch-und-it\/romanrohrmoser_dertirolerundseinpiefke_cbeckna\/\" data-orig-file=\"https:\/\/boardgeneration.ch\/wp-content\/uploads\/2020\/09\/RomanRohrmoser_DerTirolerUndSeinPiefke_cBeckna-scaled.jpg\" data-orig-size=\"2560,1965\" data-comments-opened=\"1\" data-image-meta=\"{&quot;aperture&quot;:&quot;6.3&quot;,&quot;credit&quot;:&quot;&quot;,&quot;camera&quot;:&quot;Canon EOS 5D Mark IV&quot;,&quot;caption&quot;:&quot;&quot;,&quot;created_timestamp&quot;:&quot;1546354775&quot;,&quot;copyright&quot;:&quot;&quot;,&quot;focal_length&quot;:&quot;54&quot;,&quot;iso&quot;:&quot;250&quot;,&quot;shutter_speed&quot;:&quot;0.000625&quot;,&quot;title&quot;:&quot;&quot;,&quot;orientation&quot;:&quot;1&quot;}\" data-image-title=\"RomanRohrmoser_DerTirolerUndSeinPiefke_cBeckna\" data-image-description=\"\" data-image-caption=\"\" data-medium-file=\"https:\/\/boardgeneration.ch\/wp-content\/uploads\/2020\/09\/RomanRohrmoser_DerTirolerUndSeinPiefke_cBeckna-300x230.jpg\" data-large-file=\"https:\/\/boardgeneration.ch\/wp-content\/uploads\/2020\/09\/RomanRohrmoser_DerTirolerUndSeinPiefke_cBeckna-1024x786.jpg\" role=\"button\" tabindex=\"0\" aria-label=\"Open image 3 of 3 in full-screen\" srcset=\"https:\/\/i0.wp.com\/boardgeneration.ch\/wp-content\/uploads\/2020\/09\/RomanRohrmoser_DerTirolerUndSeinPiefke_cBeckna-scaled.jpg?strip=info&#038;w=600&#038;ssl=1 600w,https:\/\/i0.wp.com\/boardgeneration.ch\/wp-content\/uploads\/2020\/09\/RomanRohrmoser_DerTirolerUndSeinPiefke_cBeckna-scaled.jpg?strip=info&#038;w=900&#038;ssl=1 900w,https:\/\/i0.wp.com\/boardgeneration.ch\/wp-content\/uploads\/2020\/09\/RomanRohrmoser_DerTirolerUndSeinPiefke_cBeckna-scaled.jpg?strip=info&#038;w=1200&#038;ssl=1 1200w,https:\/\/i0.wp.com\/boardgeneration.ch\/wp-content\/uploads\/2020\/09\/RomanRohrmoser_DerTirolerUndSeinPiefke_cBeckna-scaled.jpg?strip=info&#038;w=1500&#038;ssl=1 1500w,https:\/\/i0.wp.com\/boardgeneration.ch\/wp-content\/uploads\/2020\/09\/RomanRohrmoser_DerTirolerUndSeinPiefke_cBeckna-scaled.jpg?strip=info&#038;w=1800&#038;ssl=1 1800w,https:\/\/i0.wp.com\/boardgeneration.ch\/wp-content\/uploads\/2020\/09\/RomanRohrmoser_DerTirolerUndSeinPiefke_cBeckna-scaled.jpg?strip=info&#038;w=2000&#038;ssl=1 2000w\" alt=\"\" data-height=\"1965\" data-id=\"3288\" data-link=\"https:\/\/boardgeneration.ch\/?attachment_id=3288\" data-url=\"https:\/\/boardgeneration.ch\/wp-content\/uploads\/2020\/09\/RomanRohrmoser_DerTirolerUndSeinPiefke_cBeckna-scaled.jpg\" data-width=\"2560\" src=\"https:\/\/i0.wp.com\/boardgeneration.ch\/wp-content\/uploads\/2020\/09\/RomanRohrmoser_DerTirolerUndSeinPiefke_cBeckna-scaled.jpg?ssl=1\" layout=\"responsive\"\/><\/figure><\/div><\/div><\/div><\/div>\n\n\n\n<p><\/p>\n\n\n\n<h2 class=\"wp-block-heading\">Tour dates 2020<\/h2>\n\n\n\n<h3 class=\"wp-block-heading\">Switzerland<\/h3>\n\n\n\n<p>07.11. Andermatt, concert hall<br>08.11. Zurich, Kosmos cinema<br>17.11. Lausanne, Path\u00e9 Les Galeries<br>18.11. Engelberg, Kursaal<br>19.11. Basel, Path\u00e9 K\u00fcchlin<br>20.11. Bern, Cine Bubenberg<\/p>\n\n\n\n<h3 class=\"wp-block-heading\">Austria<\/h3>\n\n\n\n<p>09.11. Wolfurt, Cubus<br>12.11. Vienna, horticultural cinema<br>13.11. Innsbruck, Leokino<br>22.11. Salzburg, The cinema<br>23.11. Catfish, art house cinema<br>24.11. Graz, KIZ Royalkino<br>25.11. Villach, city cinema<br>29.11. Schruns, cultural stage<\/p>\n\n\n\n<h3 class=\"wp-block-heading\">Germany<\/h3>\n\n\n\n<p>10.11. Garmisch-Partenkirchen, Congress<br>11.11. Munich, Alte Kongresshalle<br>15.11. Landshut, Kinopolis<br>16.11. Erlangen, Cinestar<br>17.11. Frankfurt, Metropolis<br>18.11. Berlin, cinema in the Kulturbrauerei<br>21.11. D\u00fcsseldorf, Cinestar<br>22.11. Cologne, Cinenova<br>23.11. Stuttgart, Gloria<br>24.11. Tegernsee, Seeforum<br>25.11. Augsburg, Liliom<br>26.11. Neu-Ulm, Dietrich Theater<\/p>\n\n\n\n<h3 class=\"wp-block-heading\">Italy<\/h3>\n\n\n\n<p>27.11. Bolzano, Cineplexx<br>28.11. Schlanders, base<\/p>\n\n\n\n<h2 class=\"wp-block-heading\">Details of the individual films<\/h2>\n\n\n\n<p><a href=\"https:\/\/www.freeride-filmfestival.com\/filme-2020\">https:\/\/www.freeride-filmfestival.com\/filme-2020<\/a><\/p>\n\n\n\n<p><strong>Podcast: <\/strong><a href=\"https:\/\/www.freeride-filmfestival.com\/fff-podcast\" target=\"_blank\" rel=\"noreferrer noopener\">https:\/\/www.freeride-filmfestival.com\/fff-podcast<\/a><\/p>\n\n\n\n<p><strong>Facebook<\/strong>: <a href=\"http:\/\/www.facebook.com\/freeridefilmfestival\" target=\"_blank\" rel=\"noreferrer noopener\">facebook.com\/freeride film festival<\/a><\/p>\n\n\n\n<p><strong>Instagram<\/strong>: <a href=\"http:\/\/www.instagram.com\/freeridefilmfestival\" target=\"_blank\" rel=\"noreferrer noopener\">instagram.com\/freeride film festival<\/a><\/p>\n\n\n\n<p><strong>YouTube<\/strong>: <a href=\"https:\/\/www.youtube.com\/user\/wirmachenfreeride\" target=\"_blank\" rel=\"noreferrer noopener\">https:\/\/www.youtube.com\/user\/wirmachenfreeride<\/a><\/p>\n\n\n\n<p><strong>Vimeo<\/strong>: <a href=\"https:\/\/vimeo.com\/channels\/freeridefilmfestival\" target=\"_blank\" rel=\"noreferrer noopener\">https:\/\/vimeo.com\/channels\/freeridefilmfestival<\/a><\/p>","protected":false},"excerpt":{"rendered":"<p>Das 11. Freeride Filmfestival widmet sich dem Sch\u00f6nen vor der eigenen Haust\u00fcre \u2013 in so vielen L\u00e4ndern wie noch nie: \u201eshred@home &amp; film@home\u201c, aber nicht nur weil im Fr\u00fchjahr 2020 alle dazu gezwungen waren! 2020 ist ein ganz besonderes Jahr f\u00fcr das Freeride Filmfestival (FFF) \u2013 und das betrifft gleich mehrere Aspekte. Erstens ist die [&hellip;]<\/p>\n","protected":false},"author":3,"featured_media":3264,"comment_status":"open","ping_status":"open","sticky":false,"template":"","format":"standard","meta":{"_jetpack_memberships_contains_paid_content":false,"footnotes":""},"categories":[12],"tags":[49,10565,10559,31180],"class_list":["post-3257","post","type-post","status-publish","format-standard","has-post-thumbnail","hentry","category-event","tag-featured","tag-film","tag-freeride","tag-freeride-filmfestival"],"yoast_head":"<!-- This site is optimized with the Yoast SEO plugin v26.8 - https:\/\/yoast.com\/product\/yoast-seo-wordpress\/ -->\n<title>FREERIDE FILMFESTIVAL 2020 | 07.-29.11 in AT, DE, CH und IT - Board Generation<\/title>\n<meta name=\"robots\" content=\"index, follow, max-snippet:-1, max-image-preview:large, max-video-preview:-1\" \/>\n<link rel=\"canonical\" href=\"https:\/\/boardgeneration.ch\/en\/freeride-filmfestival-2020-07-29-11-in-at-de-ch-und-it\/\" \/>\n<meta property=\"og:locale\" content=\"en_GB\" \/>\n<meta property=\"og:type\" content=\"article\" \/>\n<meta property=\"og:title\" content=\"FREERIDE FILMFESTIVAL 2020 | 07.-29.11 in AT, DE, CH und IT - Board Generation\" \/>\n<meta property=\"og:description\" content=\"Das 11. Freeride Filmfestival widmet sich dem Sch\u00f6nen vor der eigenen Haust\u00fcre \u2013 in so vielen L\u00e4ndern wie noch nie: \u201eshred@home &amp; film@home\u201c, aber nicht nur weil im Fr\u00fchjahr 2020 alle dazu gezwungen waren! 2020 ist ein ganz besonderes Jahr f\u00fcr das Freeride Filmfestival (FFF) \u2013 und das betrifft gleich mehrere Aspekte. Erstens ist die [&hellip;]\" \/>\n<meta property=\"og:url\" content=\"https:\/\/boardgeneration.ch\/en\/freeride-filmfestival-2020-07-29-11-in-at-de-ch-und-it\/\" \/>\n<meta property=\"og:site_name\" content=\"Board Generation\" \/>\n<meta property=\"article:publisher\" content=\"https:\/\/www.facebook.com\/boardgeneration.ch\" \/>\n<meta property=\"article:published_time\" content=\"2020-09-18T12:05:50+00:00\" \/>\n<meta property=\"article:modified_time\" content=\"2020-09-28T18:53:37+00:00\" \/>\n<meta property=\"og:image\" content=\"https:\/\/boardgeneration.ch\/wp-content\/uploads\/2020\/09\/RunarPetur_Fjo\u0308rdLines_Iceland_cVidirBjornsson17-scaled.jpg\" \/>\n\t<meta property=\"og:image:width\" content=\"2560\" \/>\n\t<meta property=\"og:image:height\" content=\"1710\" \/>\n\t<meta property=\"og:image:type\" content=\"image\/jpeg\" \/>\n<meta name=\"author\" content=\"Pressedienst\" \/>\n<meta name=\"twitter:card\" content=\"summary_large_image\" \/>\n<meta name=\"twitter:creator\" content=\"@boardgen\" \/>\n<meta name=\"twitter:site\" content=\"@boardgen\" \/>\n<meta name=\"twitter:label1\" content=\"Written by\" \/>\n\t<meta name=\"twitter:data1\" content=\"Pressedienst\" \/>\n\t<meta name=\"twitter:label2\" content=\"Estimated reading time\" \/>\n\t<meta name=\"twitter:data2\" content=\"7 minutes\" \/>\n<script type=\"application\/ld+json\" class=\"yoast-schema-graph\">{\"@context\":\"https:\/\/schema.org\",\"@graph\":[{\"@type\":\"Article\",\"@id\":\"https:\/\/boardgeneration.ch\/en\/freeride-filmfestival-2020-07-29-11-in-at-de-ch-und-it\/#article\",\"isPartOf\":{\"@id\":\"https:\/\/boardgeneration.ch\/en\/freeride-filmfestival-2020-07-29-11-in-at-de-ch-und-it\/\"},\"author\":{\"name\":\"Pressedienst\",\"@id\":\"https:\/\/boardgeneration.ch\/#\/schema\/person\/4727ac7b918c1fd9879a564a16734f2c\"},\"headline\":\"FREERIDE FILMFESTIVAL 2020 | 07.-29.11 in AT, DE, CH und IT\",\"datePublished\":\"2020-09-18T12:05:50+00:00\",\"dateModified\":\"2020-09-28T18:53:37+00:00\",\"mainEntityOfPage\":{\"@id\":\"https:\/\/boardgeneration.ch\/en\/freeride-filmfestival-2020-07-29-11-in-at-de-ch-und-it\/\"},\"wordCount\":1384,\"commentCount\":0,\"publisher\":{\"@id\":\"https:\/\/boardgeneration.ch\/#organization\"},\"image\":{\"@id\":\"https:\/\/boardgeneration.ch\/en\/freeride-filmfestival-2020-07-29-11-in-at-de-ch-und-it\/#primaryimage\"},\"thumbnailUrl\":\"https:\/\/boardgeneration.ch\/wp-content\/uploads\/2020\/09\/RunarPetur_Fjo\u0308rdLines_Iceland_cVidirBjornsson17-scaled.jpg\",\"keywords\":[\"Featured\",\"Film\",\"Freeride\",\"Freeride Filmfestival\"],\"articleSection\":[\"event\"],\"inLanguage\":\"en-GB\",\"potentialAction\":[{\"@type\":\"CommentAction\",\"name\":\"Comment\",\"target\":[\"https:\/\/boardgeneration.ch\/en\/freeride-filmfestival-2020-07-29-11-in-at-de-ch-und-it\/#respond\"]}]},{\"@type\":\"WebPage\",\"@id\":\"https:\/\/boardgeneration.ch\/en\/freeride-filmfestival-2020-07-29-11-in-at-de-ch-und-it\/\",\"url\":\"https:\/\/boardgeneration.ch\/en\/freeride-filmfestival-2020-07-29-11-in-at-de-ch-und-it\/\",\"name\":\"FREERIDE FILMFESTIVAL 2020 | 07.-29.11 in AT, DE, CH und IT - Board Generation\",\"isPartOf\":{\"@id\":\"https:\/\/boardgeneration.ch\/#website\"},\"primaryImageOfPage\":{\"@id\":\"https:\/\/boardgeneration.ch\/en\/freeride-filmfestival-2020-07-29-11-in-at-de-ch-und-it\/#primaryimage\"},\"image\":{\"@id\":\"https:\/\/boardgeneration.ch\/en\/freeride-filmfestival-2020-07-29-11-in-at-de-ch-und-it\/#primaryimage\"},\"thumbnailUrl\":\"https:\/\/boardgeneration.ch\/wp-content\/uploads\/2020\/09\/RunarPetur_Fjo\u0308rdLines_Iceland_cVidirBjornsson17-scaled.jpg\",\"datePublished\":\"2020-09-18T12:05:50+00:00\",\"dateModified\":\"2020-09-28T18:53:37+00:00\",\"breadcrumb\":{\"@id\":\"https:\/\/boardgeneration.ch\/en\/freeride-filmfestival-2020-07-29-11-in-at-de-ch-und-it\/#breadcrumb\"},\"inLanguage\":\"en-GB\",\"potentialAction\":[{\"@type\":\"ReadAction\",\"target\":[\"https:\/\/boardgeneration.ch\/en\/freeride-filmfestival-2020-07-29-11-in-at-de-ch-und-it\/\"]}]},{\"@type\":\"ImageObject\",\"inLanguage\":\"en-GB\",\"@id\":\"https:\/\/boardgeneration.ch\/en\/freeride-filmfestival-2020-07-29-11-in-at-de-ch-und-it\/#primaryimage\",\"url\":\"https:\/\/boardgeneration.ch\/wp-content\/uploads\/2020\/09\/RunarPetur_Fjo\u0308rdLines_Iceland_cVidirBjornsson17-scaled.jpg\",\"contentUrl\":\"https:\/\/boardgeneration.ch\/wp-content\/uploads\/2020\/09\/RunarPetur_Fjo\u0308rdLines_Iceland_cVidirBjornsson17-scaled.jpg\",\"width\":2560,\"height\":1710,\"caption\":\"Runar Petur in Fjo\u0308rdLines Iceland\"},{\"@type\":\"BreadcrumbList\",\"@id\":\"https:\/\/boardgeneration.ch\/en\/freeride-filmfestival-2020-07-29-11-in-at-de-ch-und-it\/#breadcrumb\",\"itemListElement\":[{\"@type\":\"ListItem\",\"position\":1,\"name\":\"Startseite\",\"item\":\"https:\/\/boardgeneration.ch\/\"},{\"@type\":\"ListItem\",\"position\":2,\"name\":\"FREERIDE FILMFESTIVAL 2020 | 07.-29.11 in AT, DE, CH und IT\"}]},{\"@type\":\"WebSite\",\"@id\":\"https:\/\/boardgeneration.ch\/#website\",\"url\":\"https:\/\/boardgeneration.ch\/\",\"name\":\"board generation\",\"description\":\"Back to the Roots\",\"publisher\":{\"@id\":\"https:\/\/boardgeneration.ch\/#organization\"},\"potentialAction\":[{\"@type\":\"SearchAction\",\"target\":{\"@type\":\"EntryPoint\",\"urlTemplate\":\"https:\/\/boardgeneration.ch\/?s={search_term_string}\"},\"query-input\":{\"@type\":\"PropertyValueSpecification\",\"valueRequired\":true,\"valueName\":\"search_term_string\"}}],\"inLanguage\":\"en-GB\"},{\"@type\":\"Organization\",\"@id\":\"https:\/\/boardgeneration.ch\/#organization\",\"name\":\"board generation\",\"url\":\"https:\/\/boardgeneration.ch\/\",\"logo\":{\"@type\":\"ImageObject\",\"inLanguage\":\"en-GB\",\"@id\":\"https:\/\/boardgeneration.ch\/#\/schema\/logo\/image\/\",\"url\":\"https:\/\/boardgeneration.ch\/wp-content\/uploads\/2019\/01\/bg-logo_mit_Text.png\",\"contentUrl\":\"https:\/\/boardgeneration.ch\/wp-content\/uploads\/2019\/01\/bg-logo_mit_Text.png\",\"width\":1040,\"height\":1155,\"caption\":\"board generation\"},\"image\":{\"@id\":\"https:\/\/boardgeneration.ch\/#\/schema\/logo\/image\/\"},\"sameAs\":[\"https:\/\/www.facebook.com\/boardgeneration.ch\",\"https:\/\/x.com\/boardgen\",\"https:\/\/www.instagram.com\/boardgen\/\"]},{\"@type\":\"Person\",\"@id\":\"https:\/\/boardgeneration.ch\/#\/schema\/person\/4727ac7b918c1fd9879a564a16734f2c\",\"name\":\"Pressedienst\",\"image\":{\"@type\":\"ImageObject\",\"inLanguage\":\"en-GB\",\"@id\":\"https:\/\/boardgeneration.ch\/#\/schema\/person\/image\/\",\"url\":\"https:\/\/boardgeneration.ch\/wp-content\/uploads\/2019\/10\/Pile-of-letters-96x96.jpg\",\"contentUrl\":\"https:\/\/boardgeneration.ch\/wp-content\/uploads\/2019\/10\/Pile-of-letters-96x96.jpg\",\"caption\":\"Pressedienst\"},\"url\":\"https:\/\/boardgeneration.ch\/en\/author\/pressedienst\/\"}]}<\/script>\n<!-- \/ Yoast SEO plugin. -->","yoast_head_json":{"title":"FREERIDE FILMFESTIVAL 2020 | 07.-29.11 in AT, DE, CH und IT - Board Generation","robots":{"index":"index","follow":"follow","max-snippet":"max-snippet:-1","max-image-preview":"max-image-preview:large","max-video-preview":"max-video-preview:-1"},"canonical":"https:\/\/boardgeneration.ch\/en\/freeride-filmfestival-2020-07-29-11-in-at-de-ch-und-it\/","og_locale":"en_GB","og_type":"article","og_title":"FREERIDE FILMFESTIVAL 2020 | 07.-29.11 in AT, DE, CH und IT - Board Generation","og_description":"Das 11. Freeride Filmfestival widmet sich dem Sch\u00f6nen vor der eigenen Haust\u00fcre \u2013 in so vielen L\u00e4ndern wie noch nie: \u201eshred@home &amp; film@home\u201c, aber nicht nur weil im Fr\u00fchjahr 2020 alle dazu gezwungen waren! 2020 ist ein ganz besonderes Jahr f\u00fcr das Freeride Filmfestival (FFF) \u2013 und das betrifft gleich mehrere Aspekte. Erstens ist die [&hellip;]","og_url":"https:\/\/boardgeneration.ch\/en\/freeride-filmfestival-2020-07-29-11-in-at-de-ch-und-it\/","og_site_name":"Board Generation","article_publisher":"https:\/\/www.facebook.com\/boardgeneration.ch","article_published_time":"2020-09-18T12:05:50+00:00","article_modified_time":"2020-09-28T18:53:37+00:00","og_image":[{"width":2560,"height":1710,"url":"https:\/\/boardgeneration.ch\/wp-content\/uploads\/2020\/09\/RunarPetur_Fjo\u0308rdLines_Iceland_cVidirBjornsson17-scaled.jpg","type":"image\/jpeg"}],"author":"Pressedienst","twitter_card":"summary_large_image","twitter_creator":"@boardgen","twitter_site":"@boardgen","twitter_misc":{"Written by":"Pressedienst","Estimated reading time":"7 minutes"},"schema":{"@context":"https:\/\/schema.org","@graph":[{"@type":"Article","@id":"https:\/\/boardgeneration.ch\/en\/freeride-filmfestival-2020-07-29-11-in-at-de-ch-und-it\/#article","isPartOf":{"@id":"https:\/\/boardgeneration.ch\/en\/freeride-filmfestival-2020-07-29-11-in-at-de-ch-und-it\/"},"author":{"name":"Pressedienst","@id":"https:\/\/boardgeneration.ch\/#\/schema\/person\/4727ac7b918c1fd9879a564a16734f2c"},"headline":"FREERIDE FILMFESTIVAL 2020 | 07.-29.11 in AT, DE, CH und IT","datePublished":"2020-09-18T12:05:50+00:00","dateModified":"2020-09-28T18:53:37+00:00","mainEntityOfPage":{"@id":"https:\/\/boardgeneration.ch\/en\/freeride-filmfestival-2020-07-29-11-in-at-de-ch-und-it\/"},"wordCount":1384,"commentCount":0,"publisher":{"@id":"https:\/\/boardgeneration.ch\/#organization"},"image":{"@id":"https:\/\/boardgeneration.ch\/en\/freeride-filmfestival-2020-07-29-11-in-at-de-ch-und-it\/#primaryimage"},"thumbnailUrl":"https:\/\/boardgeneration.ch\/wp-content\/uploads\/2020\/09\/RunarPetur_Fjo\u0308rdLines_Iceland_cVidirBjornsson17-scaled.jpg","keywords":["Featured","Film","Freeride","Freeride Filmfestival"],"articleSection":["event"],"inLanguage":"en-GB","potentialAction":[{"@type":"CommentAction","name":"Comment","target":["https:\/\/boardgeneration.ch\/en\/freeride-filmfestival-2020-07-29-11-in-at-de-ch-und-it\/#respond"]}]},{"@type":"WebPage","@id":"https:\/\/boardgeneration.ch\/en\/freeride-filmfestival-2020-07-29-11-in-at-de-ch-und-it\/","url":"https:\/\/boardgeneration.ch\/en\/freeride-filmfestival-2020-07-29-11-in-at-de-ch-und-it\/","name":"FREERIDE FILMFESTIVAL 2020 | 07.-29.11 in AT, DE, CH und IT - Board Generation","isPartOf":{"@id":"https:\/\/boardgeneration.ch\/#website"},"primaryImageOfPage":{"@id":"https:\/\/boardgeneration.ch\/en\/freeride-filmfestival-2020-07-29-11-in-at-de-ch-und-it\/#primaryimage"},"image":{"@id":"https:\/\/boardgeneration.ch\/en\/freeride-filmfestival-2020-07-29-11-in-at-de-ch-und-it\/#primaryimage"},"thumbnailUrl":"https:\/\/boardgeneration.ch\/wp-content\/uploads\/2020\/09\/RunarPetur_Fjo\u0308rdLines_Iceland_cVidirBjornsson17-scaled.jpg","datePublished":"2020-09-18T12:05:50+00:00","dateModified":"2020-09-28T18:53:37+00:00","breadcrumb":{"@id":"https:\/\/boardgeneration.ch\/en\/freeride-filmfestival-2020-07-29-11-in-at-de-ch-und-it\/#breadcrumb"},"inLanguage":"en-GB","potentialAction":[{"@type":"ReadAction","target":["https:\/\/boardgeneration.ch\/en\/freeride-filmfestival-2020-07-29-11-in-at-de-ch-und-it\/"]}]},{"@type":"ImageObject","inLanguage":"en-GB","@id":"https:\/\/boardgeneration.ch\/en\/freeride-filmfestival-2020-07-29-11-in-at-de-ch-und-it\/#primaryimage","url":"https:\/\/boardgeneration.ch\/wp-content\/uploads\/2020\/09\/RunarPetur_Fjo\u0308rdLines_Iceland_cVidirBjornsson17-scaled.jpg","contentUrl":"https:\/\/boardgeneration.ch\/wp-content\/uploads\/2020\/09\/RunarPetur_Fjo\u0308rdLines_Iceland_cVidirBjornsson17-scaled.jpg","width":2560,"height":1710,"caption":"Runar Petur in Fjo\u0308rdLines Iceland"},{"@type":"BreadcrumbList","@id":"https:\/\/boardgeneration.ch\/en\/freeride-filmfestival-2020-07-29-11-in-at-de-ch-und-it\/#breadcrumb","itemListElement":[{"@type":"ListItem","position":1,"name":"Startseite","item":"https:\/\/boardgeneration.ch\/"},{"@type":"ListItem","position":2,"name":"FREERIDE FILMFESTIVAL 2020 | 07.-29.11 in AT, DE, CH und IT"}]},{"@type":"WebSite","@id":"https:\/\/boardgeneration.ch\/#website","url":"https:\/\/boardgeneration.ch\/","name":"board generation","description":"Back to the Roots","publisher":{"@id":"https:\/\/boardgeneration.ch\/#organization"},"potentialAction":[{"@type":"SearchAction","target":{"@type":"EntryPoint","urlTemplate":"https:\/\/boardgeneration.ch\/?s={search_term_string}"},"query-input":{"@type":"PropertyValueSpecification","valueRequired":true,"valueName":"search_term_string"}}],"inLanguage":"en-GB"},{"@type":"Organization","@id":"https:\/\/boardgeneration.ch\/#organization","name":"board generation","url":"https:\/\/boardgeneration.ch\/","logo":{"@type":"ImageObject","inLanguage":"en-GB","@id":"https:\/\/boardgeneration.ch\/#\/schema\/logo\/image\/","url":"https:\/\/boardgeneration.ch\/wp-content\/uploads\/2019\/01\/bg-logo_mit_Text.png","contentUrl":"https:\/\/boardgeneration.ch\/wp-content\/uploads\/2019\/01\/bg-logo_mit_Text.png","width":1040,"height":1155,"caption":"board generation"},"image":{"@id":"https:\/\/boardgeneration.ch\/#\/schema\/logo\/image\/"},"sameAs":["https:\/\/www.facebook.com\/boardgeneration.ch","https:\/\/x.com\/boardgen","https:\/\/www.instagram.com\/boardgen\/"]},{"@type":"Person","@id":"https:\/\/boardgeneration.ch\/#\/schema\/person\/4727ac7b918c1fd9879a564a16734f2c","name":"Press service","image":{"@type":"ImageObject","inLanguage":"en-GB","@id":"https:\/\/boardgeneration.ch\/#\/schema\/person\/image\/","url":"https:\/\/boardgeneration.ch\/wp-content\/uploads\/2019\/10\/Pile-of-letters-96x96.jpg","contentUrl":"https:\/\/boardgeneration.ch\/wp-content\/uploads\/2019\/10\/Pile-of-letters-96x96.jpg","caption":"Pressedienst"},"url":"https:\/\/boardgeneration.ch\/en\/author\/pressedienst\/"}]}},"jetpack_featured_media_url":"https:\/\/boardgeneration.ch\/wp-content\/uploads\/2020\/09\/RunarPetur_Fjo\u0308rdLines_Iceland_cVidirBjornsson17-scaled.jpg","jetpack_sharing_enabled":true,"amp_enabled":true,"_links":{"self":[{"href":"https:\/\/boardgeneration.ch\/en\/wp-json\/wp\/v2\/posts\/3257","targetHints":{"allow":["GET"]}}],"collection":[{"href":"https:\/\/boardgeneration.ch\/en\/wp-json\/wp\/v2\/posts"}],"about":[{"href":"https:\/\/boardgeneration.ch\/en\/wp-json\/wp\/v2\/types\/post"}],"author":[{"embeddable":true,"href":"https:\/\/boardgeneration.ch\/en\/wp-json\/wp\/v2\/users\/3"}],"replies":[{"embeddable":true,"href":"https:\/\/boardgeneration.ch\/en\/wp-json\/wp\/v2\/comments?post=3257"}],"version-history":[{"count":7,"href":"https:\/\/boardgeneration.ch\/en\/wp-json\/wp\/v2\/posts\/3257\/revisions"}],"predecessor-version":[{"id":3462,"href":"https:\/\/boardgeneration.ch\/en\/wp-json\/wp\/v2\/posts\/3257\/revisions\/3462"}],"wp:featuredmedia":[{"embeddable":true,"href":"https:\/\/boardgeneration.ch\/en\/wp-json\/wp\/v2\/media\/3264"}],"wp:attachment":[{"href":"https:\/\/boardgeneration.ch\/en\/wp-json\/wp\/v2\/media?parent=3257"}],"wp:term":[{"taxonomy":"category","embeddable":true,"href":"https:\/\/boardgeneration.ch\/en\/wp-json\/wp\/v2\/categories?post=3257"},{"taxonomy":"post_tag","embeddable":true,"href":"https:\/\/boardgeneration.ch\/en\/wp-json\/wp\/v2\/tags?post=3257"}],"curies":[{"name":"wp","href":"https:\/\/api.w.org\/{rel}","templated":true}]}}