{"id":3629,"date":"2020-10-14T07:07:21","date_gmt":"2020-10-14T06:07:21","guid":{"rendered":"https:\/\/boardgeneration.ch\/?p=3629"},"modified":"2020-10-14T07:15:40","modified_gmt":"2020-10-14T06:15:40","slug":"7-zillertal-vaelley-raelley-grosses-tourfinale","status":"publish","type":"post","link":"https:\/\/boardgeneration.ch\/en\/7-zillertal-vaelley-raelley-grosses-tourfinale\/","title":{"rendered":"7th Zillertal V\u00c4LLEY R\u00c4LLEY - Grand Tour Final"},"content":{"rendered":"<span class=\"span-reading-time rt-reading-time\" style=\"display: block;\"><span class=\"rt-label rt-prefix\">Reading time: <\/span> <span class=\"rt-time\"> 2<\/span> <span class=\"rt-label rt-postfix\">minutes<\/span><\/span>\n<p><strong>On 17th and 18th October 2020 the big tour final of the 7th Zillertal V\u00c4LLEY R\u00c4LLEY hosted by Blue Tomato and Ride Snowboards will take place in the Betterpark Hintertux. Some of Europe's best young snowboarders have already been spotted training on the Hintertux Glacier to score the last points at the 4th tour stop of the popular Zillertal Snowboard Amateur Series 2019\/2020. In addition to the day winners, the Zillertal V\u00c4LLEY R\u00c4LLEY overall tour winners 2019\/2020 will be crowned the new Kings and Queens of the Zillertal V\u00c4LLEY in Tux-Finkenberg.<\/strong><\/p>\n\n\n\n<p>Already since the beginning of October there is a lot of activity in the Betterpark Hintertux. With more than seven jumps, twenty jibs and a halfpipe, the Hintertux Glacier on the XXL setup at the foot of the Olperer offers best training possibilities for freestyle enthusiastic winter sportsmen of all levels.<\/p>\n\n\n\n<figure class=\"wp-block-image size-large\"><img loading=\"lazy\" decoding=\"async\" width=\"1024\" height=\"683\" data-attachment-id=\"3508\" data-permalink=\"https:\/\/boardgeneration.ch\/en\/hotzoneopening-2020_hintertux_by-becknaphoto\/\" data-orig-file=\"https:\/\/boardgeneration.ch\/wp-content\/uploads\/2020\/10\/HotzoneOpening-2020_Hintertux_by-becknaphoto.jpg\" data-orig-size=\"1600,1067\" data-comments-opened=\"1\" data-image-meta=\"{&quot;aperture&quot;:&quot;0&quot;,&quot;credit&quot;:&quot;&quot;,&quot;camera&quot;:&quot;&quot;,&quot;caption&quot;:&quot;&quot;,&quot;created_timestamp&quot;:&quot;0&quot;,&quot;copyright&quot;:&quot;&quot;,&quot;focal_length&quot;:&quot;0&quot;,&quot;iso&quot;:&quot;0&quot;,&quot;shutter_speed&quot;:&quot;0&quot;,&quot;title&quot;:&quot;&quot;,&quot;orientation&quot;:&quot;0&quot;}\" data-image-title=\"HotzoneOpening-2020_Hintertux_by-becknaphoto\" data-image-description=\"\" data-image-caption=\"\" data-medium-file=\"https:\/\/boardgeneration.ch\/wp-content\/uploads\/2020\/10\/HotzoneOpening-2020_Hintertux_by-becknaphoto-300x200.jpg\" data-large-file=\"https:\/\/boardgeneration.ch\/wp-content\/uploads\/2020\/10\/HotzoneOpening-2020_Hintertux_by-becknaphoto-1024x683.jpg\" src=\"https:\/\/boardgeneration.ch\/wp-content\/uploads\/2020\/10\/HotzoneOpening-2020_Hintertux_by-becknaphoto-1024x683.jpg\" alt=\"\" class=\"wp-image-3508\" srcset=\"https:\/\/boardgeneration.ch\/wp-content\/uploads\/2020\/10\/HotzoneOpening-2020_Hintertux_by-becknaphoto-1024x683.jpg 1024w, https:\/\/boardgeneration.ch\/wp-content\/uploads\/2020\/10\/HotzoneOpening-2020_Hintertux_by-becknaphoto-300x200.jpg 300w, https:\/\/boardgeneration.ch\/wp-content\/uploads\/2020\/10\/HotzoneOpening-2020_Hintertux_by-becknaphoto-768x512.jpg 768w, https:\/\/boardgeneration.ch\/wp-content\/uploads\/2020\/10\/HotzoneOpening-2020_Hintertux_by-becknaphoto-1536x1024.jpg 1536w, https:\/\/boardgeneration.ch\/wp-content\/uploads\/2020\/10\/HotzoneOpening-2020_Hintertux_by-becknaphoto.jpg 1600w\" sizes=\"auto, (max-width: 1024px) 100vw, 1024px\" \/><figcaption><span class=\"media-credit\">\u00a9 becknaphoto<\/span><\/figcaption><\/figure>\n\n\n\n<p>All eyes are now focused on the coming weekend. Because on 17 and 18 October 2020, the 4th Zillertal V\u00c4LLEY R\u00c4LLEY tour stop will be the grand finale of the current Zillertal V\u00c4LLEY R\u00c4LLEY 2019\/2020 at the Betterpark Hintertux. With their participation in the slopestyle contest the participating snowboarders collect valuable points on the international World Snowboard Point List (WSPL). In addition to the competition on the contest day, the aestheticians offer free freestyle coaching on the coaching day. Event Host Ride Snowboards will bring the latest snowboards and bindings from 2020\/2021 to the park for free testing, while Blue Tomato will butter up lots of prizes and goodies and Horsefeathers will reward the best trick of the day with a Special Award.<\/p>\n\n\n\n<figure class=\"wp-block-image size-large\"><img loading=\"lazy\" decoding=\"async\" width=\"1024\" height=\"682\" data-attachment-id=\"3190\" data-permalink=\"https:\/\/boardgeneration.ch\/en\/8-zillertal-vaelley-raelley\/20-01-26_zvr_zillertalarena_contest____by_gustav_hersmann_0001_lowres\/\" data-orig-file=\"https:\/\/boardgeneration.ch\/wp-content\/uploads\/2020\/09\/20-01-26_zvr_Zillertalarena_Contest____by_Gustav_Hersmann_0001_lowres.jpg\" data-orig-size=\"1600,1066\" data-comments-opened=\"1\" data-image-meta=\"{&quot;aperture&quot;:&quot;10&quot;,&quot;credit&quot;:&quot;&quot;,&quot;camera&quot;:&quot;L1D-20c&quot;,&quot;caption&quot;:&quot;&quot;,&quot;created_timestamp&quot;:&quot;1580033945&quot;,&quot;copyright&quot;:&quot;&quot;,&quot;focal_length&quot;:&quot;10.26&quot;,&quot;iso&quot;:&quot;100&quot;,&quot;shutter_speed&quot;:&quot;0.0041666666666667&quot;,&quot;title&quot;:&quot;&quot;,&quot;orientation&quot;:&quot;0&quot;}\" data-image-title=\"20-01-26_zvr_Zillertalarena_Contest____by_Gustav_Hersmann_0001_lowres\" data-image-description=\"\" data-image-caption=\"\" data-medium-file=\"https:\/\/boardgeneration.ch\/wp-content\/uploads\/2020\/09\/20-01-26_zvr_Zillertalarena_Contest____by_Gustav_Hersmann_0001_lowres-300x200.jpg\" data-large-file=\"https:\/\/boardgeneration.ch\/wp-content\/uploads\/2020\/09\/20-01-26_zvr_Zillertalarena_Contest____by_Gustav_Hersmann_0001_lowres-1024x682.jpg\" src=\"https:\/\/boardgeneration.ch\/wp-content\/uploads\/2020\/09\/20-01-26_zvr_Zillertalarena_Contest____by_Gustav_Hersmann_0001_lowres-1024x682.jpg\" alt=\"\" class=\"wp-image-3190\" srcset=\"https:\/\/boardgeneration.ch\/wp-content\/uploads\/2020\/09\/20-01-26_zvr_Zillertalarena_Contest____by_Gustav_Hersmann_0001_lowres-1024x682.jpg 1024w, https:\/\/boardgeneration.ch\/wp-content\/uploads\/2020\/09\/20-01-26_zvr_Zillertalarena_Contest____by_Gustav_Hersmann_0001_lowres-300x200.jpg 300w, https:\/\/boardgeneration.ch\/wp-content\/uploads\/2020\/09\/20-01-26_zvr_Zillertalarena_Contest____by_Gustav_Hersmann_0001_lowres-768x512.jpg 768w, https:\/\/boardgeneration.ch\/wp-content\/uploads\/2020\/09\/20-01-26_zvr_Zillertalarena_Contest____by_Gustav_Hersmann_0001_lowres-1536x1023.jpg 1536w, https:\/\/boardgeneration.ch\/wp-content\/uploads\/2020\/09\/20-01-26_zvr_Zillertalarena_Contest____by_Gustav_Hersmann_0001_lowres.jpg 1600w\" sizes=\"auto, (max-width: 1024px) 100vw, 1024px\" \/><figcaption><span class=\"media-credit\"><a href=\"http:\/\/gustavhersmann.com\">\u00a9 Gustav Hersmann<\/a><\/span><\/figcaption><\/figure>\n\n\n\n<p>With the result of the 4th and last competition 2019\/2020, the overall winners of the tour have been determined and the new Zillertal V\u00c4LLEY R\u00c4LLEY Royal Family will be crowned after the regular award ceremony in Tux-Finkenberg. Online registration is required for coaching and contest and can be done until Thursday, 15.10.20 at <a href=\"http:\/\/www.valleyralley.at\" target=\"_blank\" rel=\"noreferrer noopener\">www.valleyralley.at<\/a> can be made.<\/p>\n\n\n\n<figure class=\"wp-block-image size-large\"><img loading=\"lazy\" decoding=\"async\" width=\"1024\" height=\"683\" data-attachment-id=\"2567\" data-permalink=\"https:\/\/boardgeneration.ch\/en\/190427_zvr_tux_comp_unknown3_by_matt_mchattie\/\" data-orig-file=\"https:\/\/boardgeneration.ch\/wp-content\/uploads\/2020\/04\/190427_zvr_tux_comp_unknown3_by_matt_mchattie-scaled.jpg\" data-orig-size=\"2560,1708\" data-comments-opened=\"1\" data-image-meta=\"{&quot;aperture&quot;:&quot;0&quot;,&quot;credit&quot;:&quot;&quot;,&quot;camera&quot;:&quot;&quot;,&quot;caption&quot;:&quot;&quot;,&quot;created_timestamp&quot;:&quot;0&quot;,&quot;copyright&quot;:&quot;&quot;,&quot;focal_length&quot;:&quot;0&quot;,&quot;iso&quot;:&quot;0&quot;,&quot;shutter_speed&quot;:&quot;0&quot;,&quot;title&quot;:&quot;&quot;,&quot;orientation&quot;:&quot;0&quot;}\" data-image-title=\"190427_zvr_tux_comp_unknown3_by_matt_mchattie\" data-image-description=\"\" data-image-caption=\"\" data-medium-file=\"https:\/\/boardgeneration.ch\/wp-content\/uploads\/2020\/04\/190427_zvr_tux_comp_unknown3_by_matt_mchattie-scaled-300x200.jpg\" data-large-file=\"https:\/\/boardgeneration.ch\/wp-content\/uploads\/2020\/04\/190427_zvr_tux_comp_unknown3_by_matt_mchattie-scaled-1024x683.jpg\" src=\"https:\/\/boardgeneration.ch\/wp-content\/uploads\/2020\/04\/190427_zvr_tux_comp_unknown3_by_matt_mchattie-scaled-1024x683.jpg\" alt=\"\" class=\"wp-image-2567\" srcset=\"https:\/\/boardgeneration.ch\/wp-content\/uploads\/2020\/04\/190427_zvr_tux_comp_unknown3_by_matt_mchattie-scaled-1024x683.jpg 1024w, https:\/\/boardgeneration.ch\/wp-content\/uploads\/2020\/04\/190427_zvr_tux_comp_unknown3_by_matt_mchattie-scaled-300x200.jpg 300w, https:\/\/boardgeneration.ch\/wp-content\/uploads\/2020\/04\/190427_zvr_tux_comp_unknown3_by_matt_mchattie-scaled-768x512.jpg 768w, https:\/\/boardgeneration.ch\/wp-content\/uploads\/2020\/04\/190427_zvr_tux_comp_unknown3_by_matt_mchattie-scaled-1536x1025.jpg 1536w, https:\/\/boardgeneration.ch\/wp-content\/uploads\/2020\/04\/190427_zvr_tux_comp_unknown3_by_matt_mchattie-scaled-2048x1366.jpg 2048w, https:\/\/boardgeneration.ch\/wp-content\/uploads\/2020\/04\/190427_zvr_tux_comp_unknown3_by_matt_mchattie-scaled-512x342.jpg 512w\" sizes=\"auto, (max-width: 1024px) 100vw, 1024px\" \/><figcaption><span class=\"media-credit\">\u00a9 Matt Mchattie<\/span><\/figcaption><\/figure>\n\n\n\n<p>Of course, the safety and hygiene regulations, as well as distance rules are observed on the Hintertux glacier. In order to be able to conduct the event in a Corona-compliant manner, the organizers also appeal to the personal responsibility of all participants. Details of the continuously updated safety measures are available at <a href=\"http:\/\/www.hintertuxergletscher.at\" target=\"_blank\" rel=\"noreferrer noopener\">www.hintertuxergletscher.at<\/a> to find.<\/p>\n\n\n\n<figure class=\"wp-block-image size-large\"><img loading=\"lazy\" decoding=\"async\" width=\"768\" height=\"1024\" data-attachment-id=\"3202\" data-permalink=\"https:\/\/boardgeneration.ch\/en\/maske-oder-meter\/img_2812\/\" data-orig-file=\"https:\/\/boardgeneration.ch\/wp-content\/uploads\/2020\/09\/IMG_2812-scaled.jpeg\" data-orig-size=\"1920,2560\" data-comments-opened=\"1\" data-image-meta=\"{&quot;aperture&quot;:&quot;1.8&quot;,&quot;credit&quot;:&quot;&quot;,&quot;camera&quot;:&quot;iPhone XR&quot;,&quot;caption&quot;:&quot;&quot;,&quot;created_timestamp&quot;:&quot;1593249835&quot;,&quot;copyright&quot;:&quot;&quot;,&quot;focal_length&quot;:&quot;4.25&quot;,&quot;iso&quot;:&quot;25&quot;,&quot;shutter_speed&quot;:&quot;0.0052083333333333&quot;,&quot;title&quot;:&quot;&quot;,&quot;orientation&quot;:&quot;1&quot;}\" data-image-title=\"IMG_2812\" data-image-description=\"\" data-image-caption=\"\" data-medium-file=\"https:\/\/boardgeneration.ch\/wp-content\/uploads\/2020\/09\/IMG_2812-225x300.jpeg\" data-large-file=\"https:\/\/boardgeneration.ch\/wp-content\/uploads\/2020\/09\/IMG_2812-768x1024.jpeg\" src=\"https:\/\/boardgeneration.ch\/wp-content\/uploads\/2020\/09\/IMG_2812-768x1024.jpeg\" alt=\"\" class=\"wp-image-3202\" srcset=\"https:\/\/boardgeneration.ch\/wp-content\/uploads\/2020\/09\/IMG_2812-768x1024.jpeg 768w, https:\/\/boardgeneration.ch\/wp-content\/uploads\/2020\/09\/IMG_2812-225x300.jpeg 225w, https:\/\/boardgeneration.ch\/wp-content\/uploads\/2020\/09\/IMG_2812-1152x1536.jpeg 1152w, https:\/\/boardgeneration.ch\/wp-content\/uploads\/2020\/09\/IMG_2812-1536x2048.jpeg 1536w, https:\/\/boardgeneration.ch\/wp-content\/uploads\/2020\/09\/IMG_2812-scaled.jpeg 1920w\" sizes=\"auto, (max-width: 768px) 100vw, 768px\" \/><figcaption class=\"translation-block\"><span class=\"media-credit\"><a href=\"https:\/\/boardgeneration.ch\/en\/author\/bg_chef\/\" target=\"_self\">Pascal Kesselmark<\/a> | board generation<\/span><\/figcaption><\/figure>\n\n\n\n<p>The partners of the 4th tour stop are: The Zillertal Tourismus GmbH, the Zillertaler Gletscherbahn with the Betterpark Hintertux, the Tourist Association Tux-Finkenberg, Blue Tomato, Ride Snowboards, Red Bull, Horsefeathers, Dana Beanies, the World Snowboard Federation (WSF), the Austrian Snowboard Federation (ASA) and the World Rookie Tour (WRT).<\/p>\n\n\n\n<p>Further updates can be found at <a href=\"http:\/\/www.valleyralley.at\" target=\"_blank\" rel=\"noreferrer noopener\">www.valleyralley.at<\/a> or <a href=\"http:\/\/www.zillertal.at\/valleyralley\" target=\"_blank\" rel=\"noreferrer noopener\">www.zillertal.at\/valleyralley<\/a>.<\/p>","protected":false},"excerpt":{"rendered":"<p>Am 17. Und 18. Oktober 2020 findet das grosse Tourfinale der 7. Zillertal V\u00c4LLEY R\u00c4LLEY hosted by Blue Tomato und Ride Snowboards im Betterpark Hintertux statt. Einige der besten Nachwuchs-Snowboarder Europas wurden schon beim Training am Hintertuxer Gletscher gesichtet, um beim 4. Tourstopp der beliebten Zillertaler Snowboard Amateur Serie 2019\/2020 die letzten Punkte abzusahnen. Denn [&hellip;]<\/p>\n","protected":false},"author":3,"featured_media":3631,"comment_status":"open","ping_status":"open","sticky":false,"template":"","format":"standard","meta":{"_jetpack_memberships_contains_paid_content":false,"footnotes":""},"categories":[168],"tags":[27278,30900,11700,30750,30884,11719,11724,30749,11723,11686,32182,31001,33136,33137,27277,27279],"class_list":["post-3629","post","type-post","status-publish","format-standard","has-post-thumbnail","hentry","category-contest","tag-asthetiker","tag-betterpark","tag-coaching","tag-contest","tag-corona","tag-event","tag-halfpipe","tag-hintertux","tag-slopestyle","tag-snowboard","tag-snowboarder","tag-test","tag-tourfinale","tag-tux-finkenberg","tag-valley-ralley","tag-zillertal"],"yoast_head":"<!-- This site is optimized with the Yoast SEO plugin v26.8 - https:\/\/yoast.com\/product\/yoast-seo-wordpress\/ -->\n<title>7. Zillertal V\u00c4LLEY R\u00c4LLEY - Grosses Tourfinale - Board Generation<\/title>\n<meta name=\"robots\" content=\"index, follow, max-snippet:-1, max-image-preview:large, max-video-preview:-1\" \/>\n<link rel=\"canonical\" href=\"https:\/\/boardgeneration.ch\/en\/7-zillertal-vaelley-raelley-grosses-tourfinale\/\" \/>\n<meta property=\"og:locale\" content=\"en_GB\" \/>\n<meta property=\"og:type\" content=\"article\" \/>\n<meta property=\"og:title\" content=\"7. Zillertal V\u00c4LLEY R\u00c4LLEY - Grosses Tourfinale - Board Generation\" \/>\n<meta property=\"og:description\" content=\"Am 17. Und 18. Oktober 2020 findet das grosse Tourfinale der 7. Zillertal V\u00c4LLEY R\u00c4LLEY hosted by Blue Tomato und Ride Snowboards im Betterpark Hintertux statt. Einige der besten Nachwuchs-Snowboarder Europas wurden schon beim Training am Hintertuxer Gletscher gesichtet, um beim 4. Tourstopp der beliebten Zillertaler Snowboard Amateur Serie 2019\/2020 die letzten Punkte abzusahnen. Denn [&hellip;]\" \/>\n<meta property=\"og:url\" content=\"https:\/\/boardgeneration.ch\/en\/7-zillertal-vaelley-raelley-grosses-tourfinale\/\" \/>\n<meta property=\"og:site_name\" content=\"Board Generation\" \/>\n<meta property=\"article:publisher\" content=\"https:\/\/www.facebook.com\/boardgeneration.ch\" \/>\n<meta property=\"article:published_time\" content=\"2020-10-14T06:07:21+00:00\" \/>\n<meta property=\"article:modified_time\" content=\"2020-10-14T06:15:40+00:00\" \/>\n<meta property=\"og:image\" content=\"https:\/\/boardgeneration.ch\/wp-content\/uploads\/2020\/10\/@becknaphoto4.jpeg\" \/>\n\t<meta property=\"og:image:width\" content=\"2048\" \/>\n\t<meta property=\"og:image:height\" content=\"1136\" \/>\n\t<meta property=\"og:image:type\" content=\"image\/jpeg\" \/>\n<meta name=\"author\" content=\"Pressedienst\" \/>\n<meta name=\"twitter:card\" content=\"summary_large_image\" \/>\n<meta name=\"twitter:creator\" content=\"@boardgen\" \/>\n<meta name=\"twitter:site\" content=\"@boardgen\" \/>\n<meta name=\"twitter:label1\" content=\"Written by\" \/>\n\t<meta name=\"twitter:data1\" content=\"Pressedienst\" \/>\n\t<meta name=\"twitter:label2\" content=\"Estimated reading time\" \/>\n\t<meta name=\"twitter:data2\" content=\"2 minutes\" \/>\n<script type=\"application\/ld+json\" class=\"yoast-schema-graph\">{\"@context\":\"https:\/\/schema.org\",\"@graph\":[{\"@type\":\"Article\",\"@id\":\"https:\/\/boardgeneration.ch\/en\/7-zillertal-vaelley-raelley-grosses-tourfinale\/#article\",\"isPartOf\":{\"@id\":\"https:\/\/boardgeneration.ch\/en\/7-zillertal-vaelley-raelley-grosses-tourfinale\/\"},\"author\":{\"name\":\"Pressedienst\",\"@id\":\"https:\/\/boardgeneration.ch\/#\/schema\/person\/4727ac7b918c1fd9879a564a16734f2c\"},\"headline\":\"7. Zillertal V\u00c4LLEY R\u00c4LLEY &#8211; Grosses Tourfinale\",\"datePublished\":\"2020-10-14T06:07:21+00:00\",\"dateModified\":\"2020-10-14T06:15:40+00:00\",\"mainEntityOfPage\":{\"@id\":\"https:\/\/boardgeneration.ch\/en\/7-zillertal-vaelley-raelley-grosses-tourfinale\/\"},\"wordCount\":396,\"commentCount\":0,\"publisher\":{\"@id\":\"https:\/\/boardgeneration.ch\/#organization\"},\"image\":{\"@id\":\"https:\/\/boardgeneration.ch\/en\/7-zillertal-vaelley-raelley-grosses-tourfinale\/#primaryimage\"},\"thumbnailUrl\":\"https:\/\/boardgeneration.ch\/wp-content\/uploads\/2020\/10\/@becknaphoto4.jpeg\",\"keywords\":[\"\u00c4sthetiker\",\"Betterpark\",\"Coaching\",\"Contest\",\"Corona\",\"Event\",\"Halfpipe\",\"Hintertux\",\"Slopestyle\",\"Snowboard\",\"Snowboarder\",\"Test\",\"Tourfinale\",\"Tux-Finkenberg\",\"V\u00e4lley R\u00e4lley\",\"Zillertal\"],\"articleSection\":[\"contest\"],\"inLanguage\":\"en-GB\",\"potentialAction\":[{\"@type\":\"CommentAction\",\"name\":\"Comment\",\"target\":[\"https:\/\/boardgeneration.ch\/en\/7-zillertal-vaelley-raelley-grosses-tourfinale\/#respond\"]}]},{\"@type\":\"WebPage\",\"@id\":\"https:\/\/boardgeneration.ch\/en\/7-zillertal-vaelley-raelley-grosses-tourfinale\/\",\"url\":\"https:\/\/boardgeneration.ch\/en\/7-zillertal-vaelley-raelley-grosses-tourfinale\/\",\"name\":\"7. Zillertal V\u00c4LLEY R\u00c4LLEY - Grosses Tourfinale - Board Generation\",\"isPartOf\":{\"@id\":\"https:\/\/boardgeneration.ch\/#website\"},\"primaryImageOfPage\":{\"@id\":\"https:\/\/boardgeneration.ch\/en\/7-zillertal-vaelley-raelley-grosses-tourfinale\/#primaryimage\"},\"image\":{\"@id\":\"https:\/\/boardgeneration.ch\/en\/7-zillertal-vaelley-raelley-grosses-tourfinale\/#primaryimage\"},\"thumbnailUrl\":\"https:\/\/boardgeneration.ch\/wp-content\/uploads\/2020\/10\/@becknaphoto4.jpeg\",\"datePublished\":\"2020-10-14T06:07:21+00:00\",\"dateModified\":\"2020-10-14T06:15:40+00:00\",\"breadcrumb\":{\"@id\":\"https:\/\/boardgeneration.ch\/en\/7-zillertal-vaelley-raelley-grosses-tourfinale\/#breadcrumb\"},\"inLanguage\":\"en-GB\",\"potentialAction\":[{\"@type\":\"ReadAction\",\"target\":[\"https:\/\/boardgeneration.ch\/en\/7-zillertal-vaelley-raelley-grosses-tourfinale\/\"]}]},{\"@type\":\"ImageObject\",\"inLanguage\":\"en-GB\",\"@id\":\"https:\/\/boardgeneration.ch\/en\/7-zillertal-vaelley-raelley-grosses-tourfinale\/#primaryimage\",\"url\":\"https:\/\/boardgeneration.ch\/wp-content\/uploads\/2020\/10\/@becknaphoto4.jpeg\",\"contentUrl\":\"https:\/\/boardgeneration.ch\/wp-content\/uploads\/2020\/10\/@becknaphoto4.jpeg\",\"width\":2048,\"height\":1136},{\"@type\":\"BreadcrumbList\",\"@id\":\"https:\/\/boardgeneration.ch\/en\/7-zillertal-vaelley-raelley-grosses-tourfinale\/#breadcrumb\",\"itemListElement\":[{\"@type\":\"ListItem\",\"position\":1,\"name\":\"Startseite\",\"item\":\"https:\/\/boardgeneration.ch\/\"},{\"@type\":\"ListItem\",\"position\":2,\"name\":\"7. Zillertal V\u00c4LLEY R\u00c4LLEY &#8211; Grosses Tourfinale\"}]},{\"@type\":\"WebSite\",\"@id\":\"https:\/\/boardgeneration.ch\/#website\",\"url\":\"https:\/\/boardgeneration.ch\/\",\"name\":\"board generation\",\"description\":\"Back to the Roots\",\"publisher\":{\"@id\":\"https:\/\/boardgeneration.ch\/#organization\"},\"potentialAction\":[{\"@type\":\"SearchAction\",\"target\":{\"@type\":\"EntryPoint\",\"urlTemplate\":\"https:\/\/boardgeneration.ch\/?s={search_term_string}\"},\"query-input\":{\"@type\":\"PropertyValueSpecification\",\"valueRequired\":true,\"valueName\":\"search_term_string\"}}],\"inLanguage\":\"en-GB\"},{\"@type\":\"Organization\",\"@id\":\"https:\/\/boardgeneration.ch\/#organization\",\"name\":\"board generation\",\"url\":\"https:\/\/boardgeneration.ch\/\",\"logo\":{\"@type\":\"ImageObject\",\"inLanguage\":\"en-GB\",\"@id\":\"https:\/\/boardgeneration.ch\/#\/schema\/logo\/image\/\",\"url\":\"https:\/\/boardgeneration.ch\/wp-content\/uploads\/2019\/01\/bg-logo_mit_Text.png\",\"contentUrl\":\"https:\/\/boardgeneration.ch\/wp-content\/uploads\/2019\/01\/bg-logo_mit_Text.png\",\"width\":1040,\"height\":1155,\"caption\":\"board generation\"},\"image\":{\"@id\":\"https:\/\/boardgeneration.ch\/#\/schema\/logo\/image\/\"},\"sameAs\":[\"https:\/\/www.facebook.com\/boardgeneration.ch\",\"https:\/\/x.com\/boardgen\",\"https:\/\/www.instagram.com\/boardgen\/\"]},{\"@type\":\"Person\",\"@id\":\"https:\/\/boardgeneration.ch\/#\/schema\/person\/4727ac7b918c1fd9879a564a16734f2c\",\"name\":\"Pressedienst\",\"image\":{\"@type\":\"ImageObject\",\"inLanguage\":\"en-GB\",\"@id\":\"https:\/\/boardgeneration.ch\/#\/schema\/person\/image\/\",\"url\":\"https:\/\/boardgeneration.ch\/wp-content\/uploads\/2019\/10\/Pile-of-letters-96x96.jpg\",\"contentUrl\":\"https:\/\/boardgeneration.ch\/wp-content\/uploads\/2019\/10\/Pile-of-letters-96x96.jpg\",\"caption\":\"Pressedienst\"},\"url\":\"https:\/\/boardgeneration.ch\/en\/author\/pressedienst\/\"}]}<\/script>\n<!-- \/ Yoast SEO plugin. -->","yoast_head_json":{"title":"7. Zillertal V\u00c4LLEY R\u00c4LLEY - Grosses Tourfinale - Board Generation","robots":{"index":"index","follow":"follow","max-snippet":"max-snippet:-1","max-image-preview":"max-image-preview:large","max-video-preview":"max-video-preview:-1"},"canonical":"https:\/\/boardgeneration.ch\/en\/7-zillertal-vaelley-raelley-grosses-tourfinale\/","og_locale":"en_GB","og_type":"article","og_title":"7. Zillertal V\u00c4LLEY R\u00c4LLEY - Grosses Tourfinale - Board Generation","og_description":"Am 17. Und 18. Oktober 2020 findet das grosse Tourfinale der 7. Zillertal V\u00c4LLEY R\u00c4LLEY hosted by Blue Tomato und Ride Snowboards im Betterpark Hintertux statt. Einige der besten Nachwuchs-Snowboarder Europas wurden schon beim Training am Hintertuxer Gletscher gesichtet, um beim 4. Tourstopp der beliebten Zillertaler Snowboard Amateur Serie 2019\/2020 die letzten Punkte abzusahnen. Denn [&hellip;]","og_url":"https:\/\/boardgeneration.ch\/en\/7-zillertal-vaelley-raelley-grosses-tourfinale\/","og_site_name":"Board Generation","article_publisher":"https:\/\/www.facebook.com\/boardgeneration.ch","article_published_time":"2020-10-14T06:07:21+00:00","article_modified_time":"2020-10-14T06:15:40+00:00","og_image":[{"width":2048,"height":1136,"url":"https:\/\/boardgeneration.ch\/wp-content\/uploads\/2020\/10\/@becknaphoto4.jpeg","type":"image\/jpeg"}],"author":"Pressedienst","twitter_card":"summary_large_image","twitter_creator":"@boardgen","twitter_site":"@boardgen","twitter_misc":{"Written by":"Pressedienst","Estimated reading time":"2 minutes"},"schema":{"@context":"https:\/\/schema.org","@graph":[{"@type":"Article","@id":"https:\/\/boardgeneration.ch\/en\/7-zillertal-vaelley-raelley-grosses-tourfinale\/#article","isPartOf":{"@id":"https:\/\/boardgeneration.ch\/en\/7-zillertal-vaelley-raelley-grosses-tourfinale\/"},"author":{"name":"Pressedienst","@id":"https:\/\/boardgeneration.ch\/#\/schema\/person\/4727ac7b918c1fd9879a564a16734f2c"},"headline":"7. Zillertal V\u00c4LLEY R\u00c4LLEY &#8211; Grosses Tourfinale","datePublished":"2020-10-14T06:07:21+00:00","dateModified":"2020-10-14T06:15:40+00:00","mainEntityOfPage":{"@id":"https:\/\/boardgeneration.ch\/en\/7-zillertal-vaelley-raelley-grosses-tourfinale\/"},"wordCount":396,"commentCount":0,"publisher":{"@id":"https:\/\/boardgeneration.ch\/#organization"},"image":{"@id":"https:\/\/boardgeneration.ch\/en\/7-zillertal-vaelley-raelley-grosses-tourfinale\/#primaryimage"},"thumbnailUrl":"https:\/\/boardgeneration.ch\/wp-content\/uploads\/2020\/10\/@becknaphoto4.jpeg","keywords":["\u00c4sthetiker","Betterpark","Coaching","Contest","Corona","Event","Halfpipe","Hintertux","Slopestyle","Snowboard","Snowboarder","Test","Tourfinale","Tux-Finkenberg","V\u00e4lley R\u00e4lley","Zillertal"],"articleSection":["contest"],"inLanguage":"en-GB","potentialAction":[{"@type":"CommentAction","name":"Comment","target":["https:\/\/boardgeneration.ch\/en\/7-zillertal-vaelley-raelley-grosses-tourfinale\/#respond"]}]},{"@type":"WebPage","@id":"https:\/\/boardgeneration.ch\/en\/7-zillertal-vaelley-raelley-grosses-tourfinale\/","url":"https:\/\/boardgeneration.ch\/en\/7-zillertal-vaelley-raelley-grosses-tourfinale\/","name":"7. Zillertal V\u00c4LLEY R\u00c4LLEY - Grosses Tourfinale - Board Generation","isPartOf":{"@id":"https:\/\/boardgeneration.ch\/#website"},"primaryImageOfPage":{"@id":"https:\/\/boardgeneration.ch\/en\/7-zillertal-vaelley-raelley-grosses-tourfinale\/#primaryimage"},"image":{"@id":"https:\/\/boardgeneration.ch\/en\/7-zillertal-vaelley-raelley-grosses-tourfinale\/#primaryimage"},"thumbnailUrl":"https:\/\/boardgeneration.ch\/wp-content\/uploads\/2020\/10\/@becknaphoto4.jpeg","datePublished":"2020-10-14T06:07:21+00:00","dateModified":"2020-10-14T06:15:40+00:00","breadcrumb":{"@id":"https:\/\/boardgeneration.ch\/en\/7-zillertal-vaelley-raelley-grosses-tourfinale\/#breadcrumb"},"inLanguage":"en-GB","potentialAction":[{"@type":"ReadAction","target":["https:\/\/boardgeneration.ch\/en\/7-zillertal-vaelley-raelley-grosses-tourfinale\/"]}]},{"@type":"ImageObject","inLanguage":"en-GB","@id":"https:\/\/boardgeneration.ch\/en\/7-zillertal-vaelley-raelley-grosses-tourfinale\/#primaryimage","url":"https:\/\/boardgeneration.ch\/wp-content\/uploads\/2020\/10\/@becknaphoto4.jpeg","contentUrl":"https:\/\/boardgeneration.ch\/wp-content\/uploads\/2020\/10\/@becknaphoto4.jpeg","width":2048,"height":1136},{"@type":"BreadcrumbList","@id":"https:\/\/boardgeneration.ch\/en\/7-zillertal-vaelley-raelley-grosses-tourfinale\/#breadcrumb","itemListElement":[{"@type":"ListItem","position":1,"name":"Startseite","item":"https:\/\/boardgeneration.ch\/"},{"@type":"ListItem","position":2,"name":"7. Zillertal V\u00c4LLEY R\u00c4LLEY &#8211; Grosses Tourfinale"}]},{"@type":"WebSite","@id":"https:\/\/boardgeneration.ch\/#website","url":"https:\/\/boardgeneration.ch\/","name":"board generation","description":"Back to the Roots","publisher":{"@id":"https:\/\/boardgeneration.ch\/#organization"},"potentialAction":[{"@type":"SearchAction","target":{"@type":"EntryPoint","urlTemplate":"https:\/\/boardgeneration.ch\/?s={search_term_string}"},"query-input":{"@type":"PropertyValueSpecification","valueRequired":true,"valueName":"search_term_string"}}],"inLanguage":"en-GB"},{"@type":"Organization","@id":"https:\/\/boardgeneration.ch\/#organization","name":"board generation","url":"https:\/\/boardgeneration.ch\/","logo":{"@type":"ImageObject","inLanguage":"en-GB","@id":"https:\/\/boardgeneration.ch\/#\/schema\/logo\/image\/","url":"https:\/\/boardgeneration.ch\/wp-content\/uploads\/2019\/01\/bg-logo_mit_Text.png","contentUrl":"https:\/\/boardgeneration.ch\/wp-content\/uploads\/2019\/01\/bg-logo_mit_Text.png","width":1040,"height":1155,"caption":"board generation"},"image":{"@id":"https:\/\/boardgeneration.ch\/#\/schema\/logo\/image\/"},"sameAs":["https:\/\/www.facebook.com\/boardgeneration.ch","https:\/\/x.com\/boardgen","https:\/\/www.instagram.com\/boardgen\/"]},{"@type":"Person","@id":"https:\/\/boardgeneration.ch\/#\/schema\/person\/4727ac7b918c1fd9879a564a16734f2c","name":"Press service","image":{"@type":"ImageObject","inLanguage":"en-GB","@id":"https:\/\/boardgeneration.ch\/#\/schema\/person\/image\/","url":"https:\/\/boardgeneration.ch\/wp-content\/uploads\/2019\/10\/Pile-of-letters-96x96.jpg","contentUrl":"https:\/\/boardgeneration.ch\/wp-content\/uploads\/2019\/10\/Pile-of-letters-96x96.jpg","caption":"Pressedienst"},"url":"https:\/\/boardgeneration.ch\/en\/author\/pressedienst\/"}]}},"jetpack_featured_media_url":"https:\/\/boardgeneration.ch\/wp-content\/uploads\/2020\/10\/@becknaphoto4.jpeg","jetpack_sharing_enabled":true,"amp_enabled":true,"_links":{"self":[{"href":"https:\/\/boardgeneration.ch\/en\/wp-json\/wp\/v2\/posts\/3629","targetHints":{"allow":["GET"]}}],"collection":[{"href":"https:\/\/boardgeneration.ch\/en\/wp-json\/wp\/v2\/posts"}],"about":[{"href":"https:\/\/boardgeneration.ch\/en\/wp-json\/wp\/v2\/types\/post"}],"author":[{"embeddable":true,"href":"https:\/\/boardgeneration.ch\/en\/wp-json\/wp\/v2\/users\/3"}],"replies":[{"embeddable":true,"href":"https:\/\/boardgeneration.ch\/en\/wp-json\/wp\/v2\/comments?post=3629"}],"version-history":[{"count":3,"href":"https:\/\/boardgeneration.ch\/en\/wp-json\/wp\/v2\/posts\/3629\/revisions"}],"predecessor-version":[{"id":3634,"href":"https:\/\/boardgeneration.ch\/en\/wp-json\/wp\/v2\/posts\/3629\/revisions\/3634"}],"wp:featuredmedia":[{"embeddable":true,"href":"https:\/\/boardgeneration.ch\/en\/wp-json\/wp\/v2\/media\/3631"}],"wp:attachment":[{"href":"https:\/\/boardgeneration.ch\/en\/wp-json\/wp\/v2\/media?parent=3629"}],"wp:term":[{"taxonomy":"category","embeddable":true,"href":"https:\/\/boardgeneration.ch\/en\/wp-json\/wp\/v2\/categories?post=3629"},{"taxonomy":"post_tag","embeddable":true,"href":"https:\/\/boardgeneration.ch\/en\/wp-json\/wp\/v2\/tags?post=3629"}],"curies":[{"name":"wp","href":"https:\/\/api.w.org\/{rel}","templated":true}]}}