{"id":4199,"date":"2020-12-08T21:14:15","date_gmt":"2020-12-08T20:14:15","guid":{"rendered":"https:\/\/boardgeneration.ch\/?p=4199"},"modified":"2020-12-08T21:33:13","modified_gmt":"2020-12-08T20:33:13","slug":"8-zillertal-vaelley-raelley-neuer-tourkalender","status":"publish","type":"post","link":"https:\/\/boardgeneration.ch\/en\/8-zillertal-vaelley-raelley-neuer-tourkalender\/","title":{"rendered":"8th Zillertal V\u00c4LLEY R\u00c4LLEY - NEW tour schedule!"},"content":{"rendered":"<span class=\"span-reading-time rt-reading-time\" style=\"display: block;\"><span class=\"rt-label rt-prefix\">Reading time: <\/span> <span class=\"rt-time\"> 2<\/span> <span class=\"rt-label rt-postfix\">minutes<\/span><\/span>\n<p>With a new tour schedule the Zillertal V\u00c4LLEY R\u00c4LLEY hosted by Blue Tomato and Ride Snowboards will be starting in January 2021 into the 8th round at Zillertal Arena. As every year, the popular snowboard tour attracts many international snowboarders to travel to Zillertal. Under the aegis of the \u00c4sthetiker crew, four tourstops will be on the schedule for 2020\/2021. The events will go down in four different Zillertal snowparks, always with one day of coaching and training and a slopestyle competition day.<\/p>\n\n\n\n<figure class=\"wp-block-image size-large\"><img loading=\"lazy\" decoding=\"async\" width=\"1024\" height=\"707\" data-attachment-id=\"4197\" data-permalink=\"https:\/\/boardgeneration.ch\/en\/ride-snowboards\/\" data-orig-file=\"https:\/\/boardgeneration.ch\/wp-content\/uploads\/2020\/12\/20-03-01_zvr_Penken_Park_Contest__Ride-Snowboards__by_Gustav_Hersmann_0088_lowres.jpg\" data-orig-size=\"1600,1104\" data-comments-opened=\"1\" data-image-meta=\"{&quot;aperture&quot;:&quot;4&quot;,&quot;credit&quot;:&quot;Gustav Hersmann&quot;,&quot;camera&quot;:&quot;Canon EOS 5D Mark III&quot;,&quot;caption&quot;:&quot;Ride Snowboards&quot;,&quot;created_timestamp&quot;:&quot;1583059474&quot;,&quot;copyright&quot;:&quot;Gustav Hersmann - gustav@gustavhersmann.com&quot;,&quot;focal_length&quot;:&quot;40&quot;,&quot;iso&quot;:&quot;400&quot;,&quot;shutter_speed&quot;:&quot;0.000625&quot;,&quot;title&quot;:&quot;Ride Snowboards&quot;,&quot;orientation&quot;:&quot;0&quot;}\" data-image-title=\"Ride Snowboards\" data-image-description=\"\" data-image-caption=\"&lt;p&gt;Ride Snowboards&lt;\/p&gt;\" data-medium-file=\"https:\/\/boardgeneration.ch\/wp-content\/uploads\/2020\/12\/20-03-01_zvr_Penken_Park_Contest__Ride-Snowboards__by_Gustav_Hersmann_0088_lowres-300x207.jpg\" data-large-file=\"https:\/\/boardgeneration.ch\/wp-content\/uploads\/2020\/12\/20-03-01_zvr_Penken_Park_Contest__Ride-Snowboards__by_Gustav_Hersmann_0088_lowres-1024x707.jpg\" src=\"https:\/\/boardgeneration.ch\/wp-content\/uploads\/2020\/12\/20-03-01_zvr_Penken_Park_Contest__Ride-Snowboards__by_Gustav_Hersmann_0088_lowres-1024x707.jpg\" alt=\"\" class=\"wp-image-4197\" srcset=\"https:\/\/boardgeneration.ch\/wp-content\/uploads\/2020\/12\/20-03-01_zvr_Penken_Park_Contest__Ride-Snowboards__by_Gustav_Hersmann_0088_lowres-1024x707.jpg 1024w, https:\/\/boardgeneration.ch\/wp-content\/uploads\/2020\/12\/20-03-01_zvr_Penken_Park_Contest__Ride-Snowboards__by_Gustav_Hersmann_0088_lowres-300x207.jpg 300w, https:\/\/boardgeneration.ch\/wp-content\/uploads\/2020\/12\/20-03-01_zvr_Penken_Park_Contest__Ride-Snowboards__by_Gustav_Hersmann_0088_lowres-768x530.jpg 768w, https:\/\/boardgeneration.ch\/wp-content\/uploads\/2020\/12\/20-03-01_zvr_Penken_Park_Contest__Ride-Snowboards__by_Gustav_Hersmann_0088_lowres-1536x1060.jpg 1536w, https:\/\/boardgeneration.ch\/wp-content\/uploads\/2020\/12\/20-03-01_zvr_Penken_Park_Contest__Ride-Snowboards__by_Gustav_Hersmann_0088_lowres-16x12.jpg 16w, https:\/\/boardgeneration.ch\/wp-content\/uploads\/2020\/12\/20-03-01_zvr_Penken_Park_Contest__Ride-Snowboards__by_Gustav_Hersmann_0088_lowres.jpg 1600w\" sizes=\"auto, (max-width: 1024px) 100vw, 1024px\" \/><figcaption><span class=\"media-credit\">\u00a9 Gustav Hersmann<\/span> Ride Snowboards<\/figcaption><\/figure>\n\n\n\n<p>Eight years of Zillertal V\u00c4LLEY R\u00c4LLEY hosted by Blue Tomato &amp; Ride Snowboard and it goes on! Thanks to the constant support by the Zillertal Tourism GmbH, the Zillertal mountain companies and tourism associations, as well as loyal partners like Blue Tomato, Ride Snowboards, Red Bull, Horsefeathers and Dana Beanies, the popular V\u00c4LLEY R\u00c4LLEY will return to Zillertal in January.<\/p>\n\n\n\n<figure class=\"wp-block-image size-large\"><img loading=\"lazy\" decoding=\"async\" width=\"1024\" height=\"683\" data-attachment-id=\"3805\" data-permalink=\"https:\/\/boardgeneration.ch\/en\/till-strohmeyer\/\" data-orig-file=\"https:\/\/boardgeneration.ch\/wp-content\/uploads\/2020\/10\/2020_Oct_18_zvr_Hintertux_Till_Strohmeyer_by_TheoAcworth_lowres-6852-scaled.jpg\" data-orig-size=\"2560,1707\" data-comments-opened=\"1\" data-image-meta=\"{&quot;aperture&quot;:&quot;0&quot;,&quot;credit&quot;:&quot;&quot;,&quot;camera&quot;:&quot;&quot;,&quot;caption&quot;:&quot;Till Strohmeyer&quot;,&quot;created_timestamp&quot;:&quot;1592523444&quot;,&quot;copyright&quot;:&quot;&quot;,&quot;focal_length&quot;:&quot;0&quot;,&quot;iso&quot;:&quot;0&quot;,&quot;shutter_speed&quot;:&quot;0&quot;,&quot;title&quot;:&quot;Till Strohmeyer&quot;,&quot;orientation&quot;:&quot;0&quot;}\" data-image-title=\"Till Strohmeyer\" data-image-description=\"\" data-image-caption=\"&lt;p&gt;Till Strohmeyer&lt;\/p&gt;\" data-medium-file=\"https:\/\/boardgeneration.ch\/wp-content\/uploads\/2020\/10\/2020_Oct_18_zvr_Hintertux_Till_Strohmeyer_by_TheoAcworth_lowres-6852-300x200.jpg\" data-large-file=\"https:\/\/boardgeneration.ch\/wp-content\/uploads\/2020\/10\/2020_Oct_18_zvr_Hintertux_Till_Strohmeyer_by_TheoAcworth_lowres-6852-1024x683.jpg\" src=\"https:\/\/boardgeneration.ch\/wp-content\/uploads\/2020\/10\/2020_Oct_18_zvr_Hintertux_Till_Strohmeyer_by_TheoAcworth_lowres-6852-1024x683.jpg\" alt=\"\" class=\"wp-image-3805\" srcset=\"https:\/\/boardgeneration.ch\/wp-content\/uploads\/2020\/10\/2020_Oct_18_zvr_Hintertux_Till_Strohmeyer_by_TheoAcworth_lowres-6852-1024x683.jpg 1024w, https:\/\/boardgeneration.ch\/wp-content\/uploads\/2020\/10\/2020_Oct_18_zvr_Hintertux_Till_Strohmeyer_by_TheoAcworth_lowres-6852-300x200.jpg 300w, https:\/\/boardgeneration.ch\/wp-content\/uploads\/2020\/10\/2020_Oct_18_zvr_Hintertux_Till_Strohmeyer_by_TheoAcworth_lowres-6852-768x512.jpg 768w, https:\/\/boardgeneration.ch\/wp-content\/uploads\/2020\/10\/2020_Oct_18_zvr_Hintertux_Till_Strohmeyer_by_TheoAcworth_lowres-6852-1536x1024.jpg 1536w, https:\/\/boardgeneration.ch\/wp-content\/uploads\/2020\/10\/2020_Oct_18_zvr_Hintertux_Till_Strohmeyer_by_TheoAcworth_lowres-6852-2048x1365.jpg 2048w, https:\/\/boardgeneration.ch\/wp-content\/uploads\/2020\/10\/2020_Oct_18_zvr_Hintertux_Till_Strohmeyer_by_TheoAcworth_lowres-6852-16x12.jpg 16w\" sizes=\"auto, (max-width: 1024px) 100vw, 1024px\" \/><figcaption><span class=\"media-credit\">\u00a9 Theo Acworth<\/span> Till Strohmeyer<\/figcaption><\/figure>\n\n\n\n<p>In the past seven years, Zillertal's famous snowboard tour has evolved into one of Europe\u00b4s top events for up-and-coming talents. \u201eWith the Zillertal V\u00c4LLEY R\u00c4LLEY we are giving young talents the chance to get into professional snowboarding and breathe their first competition air,\u201c \u00c4sthetiker president and snowboarding legend Steve Gruber explains. \u201eThe unique combination of coaching and contest proved its success over the past years. Many young athletes use the event series to benchmark themselves against international competitors and push their own levels to higher progression.\u201c<\/p>\n\n\n\n<figure class=\"wp-block-image size-large\"><img loading=\"lazy\" decoding=\"async\" width=\"1024\" height=\"683\" data-attachment-id=\"4198\" data-permalink=\"https:\/\/boardgeneration.ch\/en\/190427_zvr_tux_comp_lifestyle_by_matt_mchattie_lowres\/\" data-orig-file=\"https:\/\/boardgeneration.ch\/wp-content\/uploads\/2020\/12\/190427_zvr_tux_comp_lifestyle_by_matt_mchattie_lowres.jpg\" data-orig-size=\"1600,1067\" data-comments-opened=\"1\" data-image-meta=\"{&quot;aperture&quot;:&quot;0&quot;,&quot;credit&quot;:&quot;&quot;,&quot;camera&quot;:&quot;&quot;,&quot;caption&quot;:&quot;&quot;,&quot;created_timestamp&quot;:&quot;0&quot;,&quot;copyright&quot;:&quot;m.mchattie&quot;,&quot;focal_length&quot;:&quot;0&quot;,&quot;iso&quot;:&quot;0&quot;,&quot;shutter_speed&quot;:&quot;0&quot;,&quot;title&quot;:&quot;&quot;,&quot;orientation&quot;:&quot;0&quot;}\" data-image-title=\"190427_zvr_tux_comp_lifestyle_by_matt_mchattie_lowres\" data-image-description=\"\" data-image-caption=\"\" data-medium-file=\"https:\/\/boardgeneration.ch\/wp-content\/uploads\/2020\/12\/190427_zvr_tux_comp_lifestyle_by_matt_mchattie_lowres-300x200.jpg\" data-large-file=\"https:\/\/boardgeneration.ch\/wp-content\/uploads\/2020\/12\/190427_zvr_tux_comp_lifestyle_by_matt_mchattie_lowres-1024x683.jpg\" src=\"https:\/\/boardgeneration.ch\/wp-content\/uploads\/2020\/12\/190427_zvr_tux_comp_lifestyle_by_matt_mchattie_lowres-1024x683.jpg\" alt=\"\" class=\"wp-image-4198\" srcset=\"https:\/\/boardgeneration.ch\/wp-content\/uploads\/2020\/12\/190427_zvr_tux_comp_lifestyle_by_matt_mchattie_lowres-1024x683.jpg 1024w, https:\/\/boardgeneration.ch\/wp-content\/uploads\/2020\/12\/190427_zvr_tux_comp_lifestyle_by_matt_mchattie_lowres-300x200.jpg 300w, https:\/\/boardgeneration.ch\/wp-content\/uploads\/2020\/12\/190427_zvr_tux_comp_lifestyle_by_matt_mchattie_lowres-768x512.jpg 768w, https:\/\/boardgeneration.ch\/wp-content\/uploads\/2020\/12\/190427_zvr_tux_comp_lifestyle_by_matt_mchattie_lowres-1536x1024.jpg 1536w, https:\/\/boardgeneration.ch\/wp-content\/uploads\/2020\/12\/190427_zvr_tux_comp_lifestyle_by_matt_mchattie_lowres-16x12.jpg 16w, https:\/\/boardgeneration.ch\/wp-content\/uploads\/2020\/12\/190427_zvr_tux_comp_lifestyle_by_matt_mchattie_lowres.jpg 1600w\" sizes=\"auto, (max-width: 1024px) 100vw, 1024px\" \/><figcaption><span class=\"media-credit\">\u00a9 m.mchattie<\/span><\/figcaption><\/figure>\n\n\n\n<p>Boardsports fans can look forward to four action-packed weekends in the Zillertal. The latest snowboards and bindings can be tested for free at the Ride Snowboards demo booth at every tourstop. And while the coaching day stands for freebie freestyle training sessions in small groups and together with snowboard pros, Europe\u00b4s rising stars will throw down their best tricks on the competition day to overawe judges, competitors and spectators. <\/p>\n\n\n\n<p>All four competitions come along with loads of medals, prizes and prize money. And while Ride Snowboards hands out brand-new snowboards to the gold-medalists, second presenting partner Blue Tomato will be organising funny side events and competitions on the coaching day. Horsefeathers deliveres a brand-new outerwear combo for all four Horsefeathers best trick winners.<\/p>\n\n\n\n<figure class=\"wp-block-image size-large\"><img loading=\"lazy\" decoding=\"async\" width=\"1024\" height=\"683\" data-attachment-id=\"3802\" data-permalink=\"https:\/\/boardgeneration.ch\/en\/2020_oct_18_zvr_hintertux_by_theoacworth_lowres-6949\/\" data-orig-file=\"https:\/\/boardgeneration.ch\/wp-content\/uploads\/2020\/10\/2020_Oct_18_zvr_Hintertux_by_TheoAcworth_lowres-6949-scaled.jpg\" data-orig-size=\"2560,1707\" data-comments-opened=\"1\" data-image-meta=\"{&quot;aperture&quot;:&quot;0&quot;,&quot;credit&quot;:&quot;&quot;,&quot;camera&quot;:&quot;&quot;,&quot;caption&quot;:&quot;&quot;,&quot;created_timestamp&quot;:&quot;1592529710&quot;,&quot;copyright&quot;:&quot;&quot;,&quot;focal_length&quot;:&quot;0&quot;,&quot;iso&quot;:&quot;0&quot;,&quot;shutter_speed&quot;:&quot;0&quot;,&quot;title&quot;:&quot;&quot;,&quot;orientation&quot;:&quot;0&quot;}\" data-image-title=\"2020_Oct_18_zvr_Hintertux_by_TheoAcworth_lowres-6949\" data-image-description=\"\" data-image-caption=\"\" data-medium-file=\"https:\/\/boardgeneration.ch\/wp-content\/uploads\/2020\/10\/2020_Oct_18_zvr_Hintertux_by_TheoAcworth_lowres-6949-300x200.jpg\" data-large-file=\"https:\/\/boardgeneration.ch\/wp-content\/uploads\/2020\/10\/2020_Oct_18_zvr_Hintertux_by_TheoAcworth_lowres-6949-1024x683.jpg\" src=\"https:\/\/boardgeneration.ch\/wp-content\/uploads\/2020\/10\/2020_Oct_18_zvr_Hintertux_by_TheoAcworth_lowres-6949-1024x683.jpg\" alt=\"\" class=\"wp-image-3802\" srcset=\"https:\/\/boardgeneration.ch\/wp-content\/uploads\/2020\/10\/2020_Oct_18_zvr_Hintertux_by_TheoAcworth_lowres-6949-1024x683.jpg 1024w, https:\/\/boardgeneration.ch\/wp-content\/uploads\/2020\/10\/2020_Oct_18_zvr_Hintertux_by_TheoAcworth_lowres-6949-300x200.jpg 300w, https:\/\/boardgeneration.ch\/wp-content\/uploads\/2020\/10\/2020_Oct_18_zvr_Hintertux_by_TheoAcworth_lowres-6949-768x512.jpg 768w, https:\/\/boardgeneration.ch\/wp-content\/uploads\/2020\/10\/2020_Oct_18_zvr_Hintertux_by_TheoAcworth_lowres-6949-1536x1024.jpg 1536w, https:\/\/boardgeneration.ch\/wp-content\/uploads\/2020\/10\/2020_Oct_18_zvr_Hintertux_by_TheoAcworth_lowres-6949-2048x1365.jpg 2048w, https:\/\/boardgeneration.ch\/wp-content\/uploads\/2020\/10\/2020_Oct_18_zvr_Hintertux_by_TheoAcworth_lowres-6949-16x12.jpg 16w\" sizes=\"auto, (max-width: 1024px) 100vw, 1024px\" \/><figcaption><span class=\"media-credit\">\u00a9 Theo Acworth<\/span><\/figcaption><\/figure>\n\n\n\n<p class=\"translation-block\">With every contest result, athletes will accumulate points in the Zillertal V\u00c4LLEY R\u00c4LLEY overall ranking. The overall Zillertal V\u00c4LLEY R\u00c4LLEY 2021 winners will be rewarded new Royal Zillertal V\u00c4LLEY R\u00c4LLEY family at the fourth and final stage on Hintertux Glacier. Riders participating in the tour, will also be collecting points on the International World Snowboard Point List (WSPL) and the points from the first three V\u00c4LLEY R\u00c4LLEY events are further counting for the ASA (Austrian Snowboard Association) Austriacups. With the results from the first three stages, the best man, woman and rookies (U18) qualify for the Austrian Masters Slopestyle Finals. The rookies (U18) are collecting points for the World Rookie Ranking and can qualify for World Rookie Tour Finals. More info at <a href=\"http:\/\/www.powdern.com\" target=\"_self\" rel=\"noreferrer noopener\">http:\/\/www.powdern.com<\/a>.<\/p>\n\n\n\n<p>Here's the NEW Zillertal V\u00c4LLEY R\u00c4LLEY tour schedule for 2021:<\/p>\n\n\n\n<ol class=\"wp-block-list\"><li>Tourstopp  16.-17.01.2021  Zillertal Arena<\/li><li>Tourstopp  27.-28.02.2021  Penken Park Mayrhofen, Mayrhofen-Hippach im Zillertal<\/li><li>Tour stop 13-14-03-2021 Hochzillertal-Kaltenbach, first holiday region in the Zillertal<\/li><li>Tourstopp  24.-25.04.2021  Hintertuxer Gletscher, Betterpark Hintertux, Tux-Finkenberg<\/li><\/ol>\n\n\n\n<p>It's understood that the actual safety precautions and conditions will be communicated and complied at all events. When the maximum number of registrations is reached, the sign-up will be closed immediately. There won't be any late contest registrations on ground any more. All info on categories, age groups and registration can be found at <a href=\"http:\/\/www.valleyralley.at\" target=\"_blank\" rel=\"noreferrer noopener\">www.valleyralley.at<\/a> and <a href=\"http:\/\/www.zillertal.at\/valleyralley\" target=\"_blank\" rel=\"noreferrer noopener\">www.zillertal.at\/valleyralley<\/a>.<\/p>","protected":false},"excerpt":{"rendered":"<p>Mit einem neuen Tourkalender startet die Zillertal V\u00c4LLEY R\u00c4LLEY hosted by Blue Tomato und Ride Snowboards im Januar 2021 in der Zillertal Arena in ihre achte Runde. Alle Jahre wieder lockt die beliebte Snowboard Tour viele internationale Snowboarder ins Zillertal. Unter der Federfu\u0308hrung des Snowboardclubs \u201eDie \u00c4sthetiker\u201c werden insgesamt vier Tourstopps, jeweils mit einem Tag [&hellip;]<\/p>\n","protected":false},"author":3,"featured_media":4196,"comment_status":"open","ping_status":"open","sticky":false,"template":"","format":"standard","meta":{"_jetpack_memberships_contains_paid_content":false,"footnotes":""},"categories":[12],"tags":[27278,30900,11700,30750,11719,30749,11723,11686,32182,22965,27279],"class_list":["post-4199","post","type-post","status-publish","format-standard","has-post-thumbnail","hentry","category-event","tag-asthetiker","tag-betterpark","tag-coaching","tag-contest","tag-event","tag-hintertux","tag-slopestyle","tag-snowboard","tag-snowboarder","tag-womeninsnowboarding","tag-zillertal"],"yoast_head":"<!-- This site is optimized with the Yoast SEO plugin v26.8 - https:\/\/yoast.com\/product\/yoast-seo-wordpress\/ -->\n<title>8. Zillertal V\u00c4LLEY R\u00c4LLEY - NEUER Tourkalender! - Board Generation<\/title>\n<meta name=\"robots\" content=\"index, follow, max-snippet:-1, max-image-preview:large, max-video-preview:-1\" \/>\n<link rel=\"canonical\" href=\"https:\/\/boardgeneration.ch\/en\/8-zillertal-vaelley-raelley-neuer-tourkalender\/\" \/>\n<meta property=\"og:locale\" content=\"en_GB\" \/>\n<meta property=\"og:type\" content=\"article\" \/>\n<meta property=\"og:title\" content=\"8. Zillertal V\u00c4LLEY R\u00c4LLEY - NEUER Tourkalender! - Board Generation\" \/>\n<meta property=\"og:description\" content=\"Mit einem neuen Tourkalender startet die Zillertal V\u00c4LLEY R\u00c4LLEY hosted by Blue Tomato und Ride Snowboards im Januar 2021 in der Zillertal Arena in ihre achte Runde. Alle Jahre wieder lockt die beliebte Snowboard Tour viele internationale Snowboarder ins Zillertal. Unter der Federfu\u0308hrung des Snowboardclubs \u201eDie \u00c4sthetiker\u201c werden insgesamt vier Tourstopps, jeweils mit einem Tag [&hellip;]\" \/>\n<meta property=\"og:url\" content=\"https:\/\/boardgeneration.ch\/en\/8-zillertal-vaelley-raelley-neuer-tourkalender\/\" \/>\n<meta property=\"og:site_name\" content=\"Board Generation\" \/>\n<meta property=\"article:publisher\" content=\"https:\/\/www.facebook.com\/boardgeneration.ch\" \/>\n<meta property=\"article:published_time\" content=\"2020-12-08T20:14:15+00:00\" \/>\n<meta property=\"article:modified_time\" content=\"2020-12-08T20:33:13+00:00\" \/>\n<meta property=\"og:image\" content=\"https:\/\/boardgeneration.ch\/wp-content\/uploads\/2020\/12\/ZVR21_visual_neu.jpg\" \/>\n\t<meta property=\"og:image:width\" content=\"1772\" \/>\n\t<meta property=\"og:image:height\" content=\"591\" \/>\n\t<meta property=\"og:image:type\" content=\"image\/jpeg\" \/>\n<meta name=\"author\" content=\"Pressedienst\" \/>\n<meta name=\"twitter:card\" content=\"summary_large_image\" \/>\n<meta name=\"twitter:creator\" content=\"@boardgen\" \/>\n<meta name=\"twitter:site\" content=\"@boardgen\" \/>\n<meta name=\"twitter:label1\" content=\"Written by\" \/>\n\t<meta name=\"twitter:data1\" content=\"Pressedienst\" \/>\n\t<meta name=\"twitter:label2\" content=\"Estimated reading time\" \/>\n\t<meta name=\"twitter:data2\" content=\"3 minutes\" \/>\n<script type=\"application\/ld+json\" class=\"yoast-schema-graph\">{\"@context\":\"https:\/\/schema.org\",\"@graph\":[{\"@type\":\"Article\",\"@id\":\"https:\/\/boardgeneration.ch\/en\/8-zillertal-vaelley-raelley-neuer-tourkalender\/#article\",\"isPartOf\":{\"@id\":\"https:\/\/boardgeneration.ch\/en\/8-zillertal-vaelley-raelley-neuer-tourkalender\/\"},\"author\":{\"name\":\"Pressedienst\",\"@id\":\"https:\/\/boardgeneration.ch\/#\/schema\/person\/4727ac7b918c1fd9879a564a16734f2c\"},\"headline\":\"8. Zillertal V\u00c4LLEY R\u00c4LLEY &#8211; NEUER Tourkalender!\",\"datePublished\":\"2020-12-08T20:14:15+00:00\",\"dateModified\":\"2020-12-08T20:33:13+00:00\",\"mainEntityOfPage\":{\"@id\":\"https:\/\/boardgeneration.ch\/en\/8-zillertal-vaelley-raelley-neuer-tourkalender\/\"},\"wordCount\":589,\"commentCount\":0,\"publisher\":{\"@id\":\"https:\/\/boardgeneration.ch\/#organization\"},\"image\":{\"@id\":\"https:\/\/boardgeneration.ch\/en\/8-zillertal-vaelley-raelley-neuer-tourkalender\/#primaryimage\"},\"thumbnailUrl\":\"https:\/\/boardgeneration.ch\/wp-content\/uploads\/2020\/12\/ZVR21_visual_neu.jpg\",\"keywords\":[\"\u00c4sthetiker\",\"Betterpark\",\"Coaching\",\"Contest\",\"Event\",\"Hintertux\",\"Slopestyle\",\"Snowboard\",\"Snowboarder\",\"womeninsnowboarding\",\"Zillertal\"],\"articleSection\":[\"event\"],\"inLanguage\":\"en-GB\",\"potentialAction\":[{\"@type\":\"CommentAction\",\"name\":\"Comment\",\"target\":[\"https:\/\/boardgeneration.ch\/en\/8-zillertal-vaelley-raelley-neuer-tourkalender\/#respond\"]}]},{\"@type\":\"WebPage\",\"@id\":\"https:\/\/boardgeneration.ch\/en\/8-zillertal-vaelley-raelley-neuer-tourkalender\/\",\"url\":\"https:\/\/boardgeneration.ch\/en\/8-zillertal-vaelley-raelley-neuer-tourkalender\/\",\"name\":\"8. Zillertal V\u00c4LLEY R\u00c4LLEY - NEUER Tourkalender! - Board Generation\",\"isPartOf\":{\"@id\":\"https:\/\/boardgeneration.ch\/#website\"},\"primaryImageOfPage\":{\"@id\":\"https:\/\/boardgeneration.ch\/en\/8-zillertal-vaelley-raelley-neuer-tourkalender\/#primaryimage\"},\"image\":{\"@id\":\"https:\/\/boardgeneration.ch\/en\/8-zillertal-vaelley-raelley-neuer-tourkalender\/#primaryimage\"},\"thumbnailUrl\":\"https:\/\/boardgeneration.ch\/wp-content\/uploads\/2020\/12\/ZVR21_visual_neu.jpg\",\"datePublished\":\"2020-12-08T20:14:15+00:00\",\"dateModified\":\"2020-12-08T20:33:13+00:00\",\"breadcrumb\":{\"@id\":\"https:\/\/boardgeneration.ch\/en\/8-zillertal-vaelley-raelley-neuer-tourkalender\/#breadcrumb\"},\"inLanguage\":\"en-GB\",\"potentialAction\":[{\"@type\":\"ReadAction\",\"target\":[\"https:\/\/boardgeneration.ch\/en\/8-zillertal-vaelley-raelley-neuer-tourkalender\/\"]}]},{\"@type\":\"ImageObject\",\"inLanguage\":\"en-GB\",\"@id\":\"https:\/\/boardgeneration.ch\/en\/8-zillertal-vaelley-raelley-neuer-tourkalender\/#primaryimage\",\"url\":\"https:\/\/boardgeneration.ch\/wp-content\/uploads\/2020\/12\/ZVR21_visual_neu.jpg\",\"contentUrl\":\"https:\/\/boardgeneration.ch\/wp-content\/uploads\/2020\/12\/ZVR21_visual_neu.jpg\",\"width\":1772,\"height\":591},{\"@type\":\"BreadcrumbList\",\"@id\":\"https:\/\/boardgeneration.ch\/en\/8-zillertal-vaelley-raelley-neuer-tourkalender\/#breadcrumb\",\"itemListElement\":[{\"@type\":\"ListItem\",\"position\":1,\"name\":\"Startseite\",\"item\":\"https:\/\/boardgeneration.ch\/\"},{\"@type\":\"ListItem\",\"position\":2,\"name\":\"8. Zillertal V\u00c4LLEY R\u00c4LLEY &#8211; NEUER Tourkalender!\"}]},{\"@type\":\"WebSite\",\"@id\":\"https:\/\/boardgeneration.ch\/#website\",\"url\":\"https:\/\/boardgeneration.ch\/\",\"name\":\"board generation\",\"description\":\"Back to the Roots\",\"publisher\":{\"@id\":\"https:\/\/boardgeneration.ch\/#organization\"},\"potentialAction\":[{\"@type\":\"SearchAction\",\"target\":{\"@type\":\"EntryPoint\",\"urlTemplate\":\"https:\/\/boardgeneration.ch\/?s={search_term_string}\"},\"query-input\":{\"@type\":\"PropertyValueSpecification\",\"valueRequired\":true,\"valueName\":\"search_term_string\"}}],\"inLanguage\":\"en-GB\"},{\"@type\":\"Organization\",\"@id\":\"https:\/\/boardgeneration.ch\/#organization\",\"name\":\"board generation\",\"url\":\"https:\/\/boardgeneration.ch\/\",\"logo\":{\"@type\":\"ImageObject\",\"inLanguage\":\"en-GB\",\"@id\":\"https:\/\/boardgeneration.ch\/#\/schema\/logo\/image\/\",\"url\":\"https:\/\/boardgeneration.ch\/wp-content\/uploads\/2019\/01\/bg-logo_mit_Text.png\",\"contentUrl\":\"https:\/\/boardgeneration.ch\/wp-content\/uploads\/2019\/01\/bg-logo_mit_Text.png\",\"width\":1040,\"height\":1155,\"caption\":\"board generation\"},\"image\":{\"@id\":\"https:\/\/boardgeneration.ch\/#\/schema\/logo\/image\/\"},\"sameAs\":[\"https:\/\/www.facebook.com\/boardgeneration.ch\",\"https:\/\/x.com\/boardgen\",\"https:\/\/www.instagram.com\/boardgen\/\"]},{\"@type\":\"Person\",\"@id\":\"https:\/\/boardgeneration.ch\/#\/schema\/person\/4727ac7b918c1fd9879a564a16734f2c\",\"name\":\"Pressedienst\",\"image\":{\"@type\":\"ImageObject\",\"inLanguage\":\"en-GB\",\"@id\":\"https:\/\/boardgeneration.ch\/#\/schema\/person\/image\/\",\"url\":\"https:\/\/boardgeneration.ch\/wp-content\/uploads\/2019\/10\/Pile-of-letters-96x96.jpg\",\"contentUrl\":\"https:\/\/boardgeneration.ch\/wp-content\/uploads\/2019\/10\/Pile-of-letters-96x96.jpg\",\"caption\":\"Pressedienst\"},\"url\":\"https:\/\/boardgeneration.ch\/en\/author\/pressedienst\/\"}]}<\/script>\n<!-- \/ Yoast SEO plugin. -->","yoast_head_json":{"title":"8. Zillertal V\u00c4LLEY R\u00c4LLEY - NEUER Tourkalender! - Board Generation","robots":{"index":"index","follow":"follow","max-snippet":"max-snippet:-1","max-image-preview":"max-image-preview:large","max-video-preview":"max-video-preview:-1"},"canonical":"https:\/\/boardgeneration.ch\/en\/8-zillertal-vaelley-raelley-neuer-tourkalender\/","og_locale":"en_GB","og_type":"article","og_title":"8. Zillertal V\u00c4LLEY R\u00c4LLEY - NEUER Tourkalender! - Board Generation","og_description":"Mit einem neuen Tourkalender startet die Zillertal V\u00c4LLEY R\u00c4LLEY hosted by Blue Tomato und Ride Snowboards im Januar 2021 in der Zillertal Arena in ihre achte Runde. Alle Jahre wieder lockt die beliebte Snowboard Tour viele internationale Snowboarder ins Zillertal. Unter der Federfu\u0308hrung des Snowboardclubs \u201eDie \u00c4sthetiker\u201c werden insgesamt vier Tourstopps, jeweils mit einem Tag [&hellip;]","og_url":"https:\/\/boardgeneration.ch\/en\/8-zillertal-vaelley-raelley-neuer-tourkalender\/","og_site_name":"Board Generation","article_publisher":"https:\/\/www.facebook.com\/boardgeneration.ch","article_published_time":"2020-12-08T20:14:15+00:00","article_modified_time":"2020-12-08T20:33:13+00:00","og_image":[{"width":1772,"height":591,"url":"https:\/\/boardgeneration.ch\/wp-content\/uploads\/2020\/12\/ZVR21_visual_neu.jpg","type":"image\/jpeg"}],"author":"Pressedienst","twitter_card":"summary_large_image","twitter_creator":"@boardgen","twitter_site":"@boardgen","twitter_misc":{"Written by":"Pressedienst","Estimated reading time":"3 minutes"},"schema":{"@context":"https:\/\/schema.org","@graph":[{"@type":"Article","@id":"https:\/\/boardgeneration.ch\/en\/8-zillertal-vaelley-raelley-neuer-tourkalender\/#article","isPartOf":{"@id":"https:\/\/boardgeneration.ch\/en\/8-zillertal-vaelley-raelley-neuer-tourkalender\/"},"author":{"name":"Pressedienst","@id":"https:\/\/boardgeneration.ch\/#\/schema\/person\/4727ac7b918c1fd9879a564a16734f2c"},"headline":"8. Zillertal V\u00c4LLEY R\u00c4LLEY &#8211; NEUER Tourkalender!","datePublished":"2020-12-08T20:14:15+00:00","dateModified":"2020-12-08T20:33:13+00:00","mainEntityOfPage":{"@id":"https:\/\/boardgeneration.ch\/en\/8-zillertal-vaelley-raelley-neuer-tourkalender\/"},"wordCount":589,"commentCount":0,"publisher":{"@id":"https:\/\/boardgeneration.ch\/#organization"},"image":{"@id":"https:\/\/boardgeneration.ch\/en\/8-zillertal-vaelley-raelley-neuer-tourkalender\/#primaryimage"},"thumbnailUrl":"https:\/\/boardgeneration.ch\/wp-content\/uploads\/2020\/12\/ZVR21_visual_neu.jpg","keywords":["\u00c4sthetiker","Betterpark","Coaching","Contest","Event","Hintertux","Slopestyle","Snowboard","Snowboarder","womeninsnowboarding","Zillertal"],"articleSection":["event"],"inLanguage":"en-GB","potentialAction":[{"@type":"CommentAction","name":"Comment","target":["https:\/\/boardgeneration.ch\/en\/8-zillertal-vaelley-raelley-neuer-tourkalender\/#respond"]}]},{"@type":"WebPage","@id":"https:\/\/boardgeneration.ch\/en\/8-zillertal-vaelley-raelley-neuer-tourkalender\/","url":"https:\/\/boardgeneration.ch\/en\/8-zillertal-vaelley-raelley-neuer-tourkalender\/","name":"8. Zillertal V\u00c4LLEY R\u00c4LLEY - NEUER Tourkalender! - Board Generation","isPartOf":{"@id":"https:\/\/boardgeneration.ch\/#website"},"primaryImageOfPage":{"@id":"https:\/\/boardgeneration.ch\/en\/8-zillertal-vaelley-raelley-neuer-tourkalender\/#primaryimage"},"image":{"@id":"https:\/\/boardgeneration.ch\/en\/8-zillertal-vaelley-raelley-neuer-tourkalender\/#primaryimage"},"thumbnailUrl":"https:\/\/boardgeneration.ch\/wp-content\/uploads\/2020\/12\/ZVR21_visual_neu.jpg","datePublished":"2020-12-08T20:14:15+00:00","dateModified":"2020-12-08T20:33:13+00:00","breadcrumb":{"@id":"https:\/\/boardgeneration.ch\/en\/8-zillertal-vaelley-raelley-neuer-tourkalender\/#breadcrumb"},"inLanguage":"en-GB","potentialAction":[{"@type":"ReadAction","target":["https:\/\/boardgeneration.ch\/en\/8-zillertal-vaelley-raelley-neuer-tourkalender\/"]}]},{"@type":"ImageObject","inLanguage":"en-GB","@id":"https:\/\/boardgeneration.ch\/en\/8-zillertal-vaelley-raelley-neuer-tourkalender\/#primaryimage","url":"https:\/\/boardgeneration.ch\/wp-content\/uploads\/2020\/12\/ZVR21_visual_neu.jpg","contentUrl":"https:\/\/boardgeneration.ch\/wp-content\/uploads\/2020\/12\/ZVR21_visual_neu.jpg","width":1772,"height":591},{"@type":"BreadcrumbList","@id":"https:\/\/boardgeneration.ch\/en\/8-zillertal-vaelley-raelley-neuer-tourkalender\/#breadcrumb","itemListElement":[{"@type":"ListItem","position":1,"name":"Startseite","item":"https:\/\/boardgeneration.ch\/"},{"@type":"ListItem","position":2,"name":"8. Zillertal V\u00c4LLEY R\u00c4LLEY &#8211; NEUER Tourkalender!"}]},{"@type":"WebSite","@id":"https:\/\/boardgeneration.ch\/#website","url":"https:\/\/boardgeneration.ch\/","name":"board generation","description":"Back to the Roots","publisher":{"@id":"https:\/\/boardgeneration.ch\/#organization"},"potentialAction":[{"@type":"SearchAction","target":{"@type":"EntryPoint","urlTemplate":"https:\/\/boardgeneration.ch\/?s={search_term_string}"},"query-input":{"@type":"PropertyValueSpecification","valueRequired":true,"valueName":"search_term_string"}}],"inLanguage":"en-GB"},{"@type":"Organization","@id":"https:\/\/boardgeneration.ch\/#organization","name":"board generation","url":"https:\/\/boardgeneration.ch\/","logo":{"@type":"ImageObject","inLanguage":"en-GB","@id":"https:\/\/boardgeneration.ch\/#\/schema\/logo\/image\/","url":"https:\/\/boardgeneration.ch\/wp-content\/uploads\/2019\/01\/bg-logo_mit_Text.png","contentUrl":"https:\/\/boardgeneration.ch\/wp-content\/uploads\/2019\/01\/bg-logo_mit_Text.png","width":1040,"height":1155,"caption":"board generation"},"image":{"@id":"https:\/\/boardgeneration.ch\/#\/schema\/logo\/image\/"},"sameAs":["https:\/\/www.facebook.com\/boardgeneration.ch","https:\/\/x.com\/boardgen","https:\/\/www.instagram.com\/boardgen\/"]},{"@type":"Person","@id":"https:\/\/boardgeneration.ch\/#\/schema\/person\/4727ac7b918c1fd9879a564a16734f2c","name":"Press service","image":{"@type":"ImageObject","inLanguage":"en-GB","@id":"https:\/\/boardgeneration.ch\/#\/schema\/person\/image\/","url":"https:\/\/boardgeneration.ch\/wp-content\/uploads\/2019\/10\/Pile-of-letters-96x96.jpg","contentUrl":"https:\/\/boardgeneration.ch\/wp-content\/uploads\/2019\/10\/Pile-of-letters-96x96.jpg","caption":"Pressedienst"},"url":"https:\/\/boardgeneration.ch\/en\/author\/pressedienst\/"}]}},"jetpack_featured_media_url":"https:\/\/boardgeneration.ch\/wp-content\/uploads\/2020\/12\/ZVR21_visual_neu.jpg","jetpack_sharing_enabled":true,"amp_enabled":true,"_links":{"self":[{"href":"https:\/\/boardgeneration.ch\/en\/wp-json\/wp\/v2\/posts\/4199","targetHints":{"allow":["GET"]}}],"collection":[{"href":"https:\/\/boardgeneration.ch\/en\/wp-json\/wp\/v2\/posts"}],"about":[{"href":"https:\/\/boardgeneration.ch\/en\/wp-json\/wp\/v2\/types\/post"}],"author":[{"embeddable":true,"href":"https:\/\/boardgeneration.ch\/en\/wp-json\/wp\/v2\/users\/3"}],"replies":[{"embeddable":true,"href":"https:\/\/boardgeneration.ch\/en\/wp-json\/wp\/v2\/comments?post=4199"}],"version-history":[{"count":2,"href":"https:\/\/boardgeneration.ch\/en\/wp-json\/wp\/v2\/posts\/4199\/revisions"}],"predecessor-version":[{"id":4201,"href":"https:\/\/boardgeneration.ch\/en\/wp-json\/wp\/v2\/posts\/4199\/revisions\/4201"}],"wp:featuredmedia":[{"embeddable":true,"href":"https:\/\/boardgeneration.ch\/en\/wp-json\/wp\/v2\/media\/4196"}],"wp:attachment":[{"href":"https:\/\/boardgeneration.ch\/en\/wp-json\/wp\/v2\/media?parent=4199"}],"wp:term":[{"taxonomy":"category","embeddable":true,"href":"https:\/\/boardgeneration.ch\/en\/wp-json\/wp\/v2\/categories?post=4199"},{"taxonomy":"post_tag","embeddable":true,"href":"https:\/\/boardgeneration.ch\/en\/wp-json\/wp\/v2\/tags?post=4199"}],"curies":[{"name":"wp","href":"https:\/\/api.w.org\/{rel}","templated":true}]}}