{"id":4374,"date":"2021-01-11T22:14:01","date_gmt":"2021-01-11T21:14:01","guid":{"rendered":"https:\/\/boardgeneration.ch\/?p=4374"},"modified":"2021-01-11T22:14:19","modified_gmt":"2021-01-11T21:14:19","slug":"8-zillertal-vaelley-raelley-angepasster-terminkalender","status":"publish","type":"post","link":"https:\/\/boardgeneration.ch\/en\/8-zillertal-vaelley-raelley-angepasster-terminkalender\/","title":{"rendered":"8th Zillertal V\u00c4LLEY R\u00c4LLEY: ADAPTED SCHEDULE CALENDAR"},"content":{"rendered":"<span class=\"span-reading-time rt-reading-time\" style=\"display: block;\"><span class=\"rt-label rt-prefix\">Reading time: <\/span> <span class=\"rt-time\"> 2<\/span> <span class=\"rt-label rt-postfix\">minutes<\/span><\/span>\n<p>First tour stop now ENDS FEBRUARY 2021 in MAYRHOFEN.<\/p>\n\n\n\n<p>The season start of the 8th Zillertal V\u00c4LLEY R\u00c4LLEY hosted by Blue Tomato and Ride Snowboards is now postponed to the end of February. Under the auspices of the snowboard club \"Die \u00c4sthetiker\", the V\u00c4LLEY R\u00c4LLEY combines four snowboard events for young athletes under the umbrella of the Zillertal. All tour stops will be held with a training day and a contest day in \"slopestyle\" in four different Zillertal snowparks. New kick-off date is now February 27 and 28, 2021 at Penken Park in Mayrhofen-Hippach in the Zillertal. Andreas MonEpic Monsberger provides the outlook for the popular Zillertal Snowboard Tour:<\/p>\n\n\n\n<figure class=\"wp-block-embed-vimeo wp-block-embed is-type-video is-provider-vimeo wp-embed-aspect-16-9 wp-has-aspect-ratio\"><div class=\"wp-block-embed__wrapper\">\n<iframe loading=\"lazy\" title=\"Zillertal V\u00c4LLEY R\u00c4LLEY 2021 Teaser\" src=\"https:\/\/player.vimeo.com\/video\/499259642?dnt=1&amp;app_id=122963\" width=\"740\" height=\"416\" frameborder=\"0\" allow=\"autoplay; fullscreen\" allowfullscreen><\/iframe>\n<\/div><\/figure>\n\n\n\n<p>Eight years of Zillertal V\u00c4LLEY R\u00c4LLEY hosted by Blue Tomato &amp; Ride Snowboard and on it goes! Thanks to the ongoing support of the Zillertal Tourismus GmbH, the Zillertal mountain railways and tourism associations, as well as loyal partners like Blue Tomato, Ride Snowboards, Red Bull, Horsefeathers and Dana Beanies, the popular V\u00c4LLEY R\u00c4LLEY will (hopefully) return to the Zillertal in 2021.<\/p>\n\n\n\n<p>A weekend full of action in the Zillertal awaits snowboard fans at each of the four tour stops. Ride Snowboards provides the latest snowboard collection for free testing. And while new tricks are practiced during free freestyle coaching sessions on the training day, Europe's rising snowboard stars and starlets dig deep into their bag of tricks on contest day to grab a podium spot. In all four contests, there is prize money to be won in addition to medals and non-cash prizes. While Ride Snowboards and Blue Tomato offer prizes for the first place winners, Horsefeathers provides the main prize for the winner of the Best Trick Award.<\/p>\n\n\n\n<p>With every contest result the participants collect points in the Zillertal V\u00c4LLEY R\u00c4LLEY Overall Ranking. The overall tour winners will be crowned the new Zillertal V\u00c4LLEY R\u00c4LLEY royal family 2021 after the fourth and last tour stop in spring 2021 at the Hintertux Glacier.<\/p>\n\n\n\n<p>For each competition participation points are recorded on the international World Snowboard Point List (WSPL) and the tour stops count as ASA (Austrian Snowboard Association) Austriacups. The Overall Tour winners qualify for the Austrian Masters in Slopestyle and Rookies (U18) collect points in the World Rookie Ranking, which qualifies them for the World Rookie Tour Finals. More info on this on <a href=\"http:\/\/www.powdern.com\">http:\/\/www.powdern.com<\/a><\/p>\n\n\n\n<p>Here's the NEW Zillertal V\u00c4LLEY R\u00c4LLEY tour schedule for 2021:<\/p>\n\n\n\n<ol class=\"wp-block-list\"><li>Tour stop 27-28.02.2021, Penken Park Mayrhofen, Mayrhofen-Hippach in the Zillertal Valley<\/li><li>Tour stop 13-14.03.2021, Hochzillertal-Kaltenbach, First Holiday Region in the Zillertal Valley<\/li><li>Tour stop 27-28.03.2021, Zillertal Arena<\/li><li>Tour stop 24-25.04.2021, Hintertux Glacier, Betterpark Hintertux, Tux-Finkenberg<\/li><\/ol>\n\n\n\n<p>It goes without saying that all Zillertal V\u00c4LLEY R\u00c4LLEY events are carried out in accordance with the currently required safety measures. As soon as the maximum number of participants is reached, the registration will be closed. A late registration on site is only possible for coaching. Further information about categories, age groups and registration under <a href=\"\/en\/www.valleyralley.at\/\">www.valleyralley.at<\/a> and <a href=\"\/en\/www.zillertal.at\/valleyralley\/\">www.zillertal.at\/valleyralley<\/a><\/p>","protected":false},"excerpt":{"rendered":"<p>Erster Tourstopp jetzt ENDE FEBRUAR 2021 in MAYRHOFEN. Der Saisonstart der 8. Zillertal V\u00c4LLEY R\u00c4LLEY hosted by Blue Tomato und Ride Snowboards wird nun auf Ende Februar verschoben. Unter der Federf\u00fchrung des Snowboardclubs \u201eDie \u00c4sthetiker\u201c vereint die V\u00c4LLEY R\u00c4LLEY vier Snowboard Events f\u00fcr Nachwuchssportler unter dem Dach des Zillertals. Alle Tourstopps werden jeweils mit einem [&hellip;]<\/p>\n","protected":false},"author":3,"featured_media":2214,"comment_status":"open","ping_status":"open","sticky":false,"template":"","format":"standard","meta":{"_jetpack_memberships_contains_paid_content":false,"footnotes":""},"categories":[12],"tags":[30900,11700,30750,49,30749,11723,11686,27279],"class_list":["post-4374","post","type-post","status-publish","format-standard","has-post-thumbnail","hentry","category-event","tag-betterpark","tag-coaching","tag-contest","tag-featured","tag-hintertux","tag-slopestyle","tag-snowboard","tag-zillertal"],"yoast_head":"<!-- This site is optimized with the Yoast SEO plugin v26.8 - https:\/\/yoast.com\/product\/yoast-seo-wordpress\/ -->\n<title>8. Zillertal V\u00c4LLEY R\u00c4LLEY: ANGEPASSTER TERMINKALENDER - Board Generation<\/title>\n<meta name=\"robots\" content=\"index, follow, max-snippet:-1, max-image-preview:large, max-video-preview:-1\" \/>\n<link rel=\"canonical\" href=\"https:\/\/boardgeneration.ch\/en\/8-zillertal-vaelley-raelley-angepasster-terminkalender\/\" \/>\n<meta property=\"og:locale\" content=\"en_GB\" \/>\n<meta property=\"og:type\" content=\"article\" \/>\n<meta property=\"og:title\" content=\"8. Zillertal V\u00c4LLEY R\u00c4LLEY: ANGEPASSTER TERMINKALENDER - Board Generation\" \/>\n<meta property=\"og:description\" content=\"Erster Tourstopp jetzt ENDE FEBRUAR 2021 in MAYRHOFEN. Der Saisonstart der 8. Zillertal V\u00c4LLEY R\u00c4LLEY hosted by Blue Tomato und Ride Snowboards wird nun auf Ende Februar verschoben. Unter der Federf\u00fchrung des Snowboardclubs \u201eDie \u00c4sthetiker\u201c vereint die V\u00c4LLEY R\u00c4LLEY vier Snowboard Events f\u00fcr Nachwuchssportler unter dem Dach des Zillertals. Alle Tourstopps werden jeweils mit einem [&hellip;]\" \/>\n<meta property=\"og:url\" content=\"https:\/\/boardgeneration.ch\/en\/8-zillertal-vaelley-raelley-angepasster-terminkalender\/\" \/>\n<meta property=\"og:site_name\" content=\"Board Generation\" \/>\n<meta property=\"article:publisher\" content=\"https:\/\/www.facebook.com\/boardgeneration.ch\" \/>\n<meta property=\"article:published_time\" content=\"2021-01-11T21:14:01+00:00\" \/>\n<meta property=\"article:modified_time\" content=\"2021-01-11T21:14:19+00:00\" \/>\n<meta property=\"og:image\" content=\"https:\/\/boardgeneration.ch\/wp-content\/uploads\/2020\/03\/20-03-01_zvr_Penken_Park_Contest__Moritz-Breu__by_Gustav_Hersmann_0128_lowres.jpg\" \/>\n\t<meta property=\"og:image:width\" content=\"1600\" \/>\n\t<meta property=\"og:image:height\" content=\"1067\" \/>\n\t<meta property=\"og:image:type\" content=\"image\/jpeg\" \/>\n<meta name=\"author\" content=\"Pressedienst\" \/>\n<meta name=\"twitter:card\" content=\"summary_large_image\" \/>\n<meta name=\"twitter:creator\" content=\"@boardgen\" \/>\n<meta name=\"twitter:site\" content=\"@boardgen\" \/>\n<meta name=\"twitter:label1\" content=\"Written by\" \/>\n\t<meta name=\"twitter:data1\" content=\"Pressedienst\" \/>\n\t<meta name=\"twitter:label2\" content=\"Estimated reading time\" \/>\n\t<meta name=\"twitter:data2\" content=\"2 minutes\" \/>\n<script type=\"application\/ld+json\" class=\"yoast-schema-graph\">{\"@context\":\"https:\/\/schema.org\",\"@graph\":[{\"@type\":\"Article\",\"@id\":\"https:\/\/boardgeneration.ch\/en\/8-zillertal-vaelley-raelley-angepasster-terminkalender\/#article\",\"isPartOf\":{\"@id\":\"https:\/\/boardgeneration.ch\/en\/8-zillertal-vaelley-raelley-angepasster-terminkalender\/\"},\"author\":{\"name\":\"Pressedienst\",\"@id\":\"https:\/\/boardgeneration.ch\/#\/schema\/person\/4727ac7b918c1fd9879a564a16734f2c\"},\"headline\":\"8. Zillertal V\u00c4LLEY R\u00c4LLEY: ANGEPASSTER TERMINKALENDER\",\"datePublished\":\"2021-01-11T21:14:01+00:00\",\"dateModified\":\"2021-01-11T21:14:19+00:00\",\"mainEntityOfPage\":{\"@id\":\"https:\/\/boardgeneration.ch\/en\/8-zillertal-vaelley-raelley-angepasster-terminkalender\/\"},\"wordCount\":471,\"commentCount\":0,\"publisher\":{\"@id\":\"https:\/\/boardgeneration.ch\/#organization\"},\"image\":{\"@id\":\"https:\/\/boardgeneration.ch\/en\/8-zillertal-vaelley-raelley-angepasster-terminkalender\/#primaryimage\"},\"thumbnailUrl\":\"https:\/\/boardgeneration.ch\/wp-content\/uploads\/2020\/03\/20-03-01_zvr_Penken_Park_Contest__Moritz-Breu__by_Gustav_Hersmann_0128_lowres.jpg\",\"keywords\":[\"Betterpark\",\"Coaching\",\"Contest\",\"Featured\",\"Hintertux\",\"Slopestyle\",\"Snowboard\",\"Zillertal\"],\"articleSection\":[\"event\"],\"inLanguage\":\"en-GB\",\"potentialAction\":[{\"@type\":\"CommentAction\",\"name\":\"Comment\",\"target\":[\"https:\/\/boardgeneration.ch\/en\/8-zillertal-vaelley-raelley-angepasster-terminkalender\/#respond\"]}]},{\"@type\":\"WebPage\",\"@id\":\"https:\/\/boardgeneration.ch\/en\/8-zillertal-vaelley-raelley-angepasster-terminkalender\/\",\"url\":\"https:\/\/boardgeneration.ch\/en\/8-zillertal-vaelley-raelley-angepasster-terminkalender\/\",\"name\":\"8. Zillertal V\u00c4LLEY R\u00c4LLEY: ANGEPASSTER TERMINKALENDER - Board Generation\",\"isPartOf\":{\"@id\":\"https:\/\/boardgeneration.ch\/#website\"},\"primaryImageOfPage\":{\"@id\":\"https:\/\/boardgeneration.ch\/en\/8-zillertal-vaelley-raelley-angepasster-terminkalender\/#primaryimage\"},\"image\":{\"@id\":\"https:\/\/boardgeneration.ch\/en\/8-zillertal-vaelley-raelley-angepasster-terminkalender\/#primaryimage\"},\"thumbnailUrl\":\"https:\/\/boardgeneration.ch\/wp-content\/uploads\/2020\/03\/20-03-01_zvr_Penken_Park_Contest__Moritz-Breu__by_Gustav_Hersmann_0128_lowres.jpg\",\"datePublished\":\"2021-01-11T21:14:01+00:00\",\"dateModified\":\"2021-01-11T21:14:19+00:00\",\"breadcrumb\":{\"@id\":\"https:\/\/boardgeneration.ch\/en\/8-zillertal-vaelley-raelley-angepasster-terminkalender\/#breadcrumb\"},\"inLanguage\":\"en-GB\",\"potentialAction\":[{\"@type\":\"ReadAction\",\"target\":[\"https:\/\/boardgeneration.ch\/en\/8-zillertal-vaelley-raelley-angepasster-terminkalender\/\"]}]},{\"@type\":\"ImageObject\",\"inLanguage\":\"en-GB\",\"@id\":\"https:\/\/boardgeneration.ch\/en\/8-zillertal-vaelley-raelley-angepasster-terminkalender\/#primaryimage\",\"url\":\"https:\/\/boardgeneration.ch\/wp-content\/uploads\/2020\/03\/20-03-01_zvr_Penken_Park_Contest__Moritz-Breu__by_Gustav_Hersmann_0128_lowres.jpg\",\"contentUrl\":\"https:\/\/boardgeneration.ch\/wp-content\/uploads\/2020\/03\/20-03-01_zvr_Penken_Park_Contest__Moritz-Breu__by_Gustav_Hersmann_0128_lowres.jpg\",\"width\":1600,\"height\":1067,\"caption\":\"Penken Park Contest. Rider: Moritz Breu\"},{\"@type\":\"BreadcrumbList\",\"@id\":\"https:\/\/boardgeneration.ch\/en\/8-zillertal-vaelley-raelley-angepasster-terminkalender\/#breadcrumb\",\"itemListElement\":[{\"@type\":\"ListItem\",\"position\":1,\"name\":\"Startseite\",\"item\":\"https:\/\/boardgeneration.ch\/\"},{\"@type\":\"ListItem\",\"position\":2,\"name\":\"8. Zillertal V\u00c4LLEY R\u00c4LLEY: ANGEPASSTER TERMINKALENDER\"}]},{\"@type\":\"WebSite\",\"@id\":\"https:\/\/boardgeneration.ch\/#website\",\"url\":\"https:\/\/boardgeneration.ch\/\",\"name\":\"board generation\",\"description\":\"Back to the Roots\",\"publisher\":{\"@id\":\"https:\/\/boardgeneration.ch\/#organization\"},\"potentialAction\":[{\"@type\":\"SearchAction\",\"target\":{\"@type\":\"EntryPoint\",\"urlTemplate\":\"https:\/\/boardgeneration.ch\/?s={search_term_string}\"},\"query-input\":{\"@type\":\"PropertyValueSpecification\",\"valueRequired\":true,\"valueName\":\"search_term_string\"}}],\"inLanguage\":\"en-GB\"},{\"@type\":\"Organization\",\"@id\":\"https:\/\/boardgeneration.ch\/#organization\",\"name\":\"board generation\",\"url\":\"https:\/\/boardgeneration.ch\/\",\"logo\":{\"@type\":\"ImageObject\",\"inLanguage\":\"en-GB\",\"@id\":\"https:\/\/boardgeneration.ch\/#\/schema\/logo\/image\/\",\"url\":\"https:\/\/boardgeneration.ch\/wp-content\/uploads\/2019\/01\/bg-logo_mit_Text.png\",\"contentUrl\":\"https:\/\/boardgeneration.ch\/wp-content\/uploads\/2019\/01\/bg-logo_mit_Text.png\",\"width\":1040,\"height\":1155,\"caption\":\"board generation\"},\"image\":{\"@id\":\"https:\/\/boardgeneration.ch\/#\/schema\/logo\/image\/\"},\"sameAs\":[\"https:\/\/www.facebook.com\/boardgeneration.ch\",\"https:\/\/x.com\/boardgen\",\"https:\/\/www.instagram.com\/boardgen\/\"]},{\"@type\":\"Person\",\"@id\":\"https:\/\/boardgeneration.ch\/#\/schema\/person\/4727ac7b918c1fd9879a564a16734f2c\",\"name\":\"Pressedienst\",\"image\":{\"@type\":\"ImageObject\",\"inLanguage\":\"en-GB\",\"@id\":\"https:\/\/boardgeneration.ch\/#\/schema\/person\/image\/\",\"url\":\"https:\/\/boardgeneration.ch\/wp-content\/uploads\/2019\/10\/Pile-of-letters-96x96.jpg\",\"contentUrl\":\"https:\/\/boardgeneration.ch\/wp-content\/uploads\/2019\/10\/Pile-of-letters-96x96.jpg\",\"caption\":\"Pressedienst\"},\"url\":\"https:\/\/boardgeneration.ch\/en\/author\/pressedienst\/\"}]}<\/script>\n<!-- \/ Yoast SEO plugin. -->","yoast_head_json":{"title":"8. Zillertal V\u00c4LLEY R\u00c4LLEY: ANGEPASSTER TERMINKALENDER - Board Generation","robots":{"index":"index","follow":"follow","max-snippet":"max-snippet:-1","max-image-preview":"max-image-preview:large","max-video-preview":"max-video-preview:-1"},"canonical":"https:\/\/boardgeneration.ch\/en\/8-zillertal-vaelley-raelley-angepasster-terminkalender\/","og_locale":"en_GB","og_type":"article","og_title":"8. Zillertal V\u00c4LLEY R\u00c4LLEY: ANGEPASSTER TERMINKALENDER - Board Generation","og_description":"Erster Tourstopp jetzt ENDE FEBRUAR 2021 in MAYRHOFEN. Der Saisonstart der 8. Zillertal V\u00c4LLEY R\u00c4LLEY hosted by Blue Tomato und Ride Snowboards wird nun auf Ende Februar verschoben. Unter der Federf\u00fchrung des Snowboardclubs \u201eDie \u00c4sthetiker\u201c vereint die V\u00c4LLEY R\u00c4LLEY vier Snowboard Events f\u00fcr Nachwuchssportler unter dem Dach des Zillertals. Alle Tourstopps werden jeweils mit einem [&hellip;]","og_url":"https:\/\/boardgeneration.ch\/en\/8-zillertal-vaelley-raelley-angepasster-terminkalender\/","og_site_name":"Board Generation","article_publisher":"https:\/\/www.facebook.com\/boardgeneration.ch","article_published_time":"2021-01-11T21:14:01+00:00","article_modified_time":"2021-01-11T21:14:19+00:00","og_image":[{"width":1600,"height":1067,"url":"https:\/\/boardgeneration.ch\/wp-content\/uploads\/2020\/03\/20-03-01_zvr_Penken_Park_Contest__Moritz-Breu__by_Gustav_Hersmann_0128_lowres.jpg","type":"image\/jpeg"}],"author":"Pressedienst","twitter_card":"summary_large_image","twitter_creator":"@boardgen","twitter_site":"@boardgen","twitter_misc":{"Written by":"Pressedienst","Estimated reading time":"2 minutes"},"schema":{"@context":"https:\/\/schema.org","@graph":[{"@type":"Article","@id":"https:\/\/boardgeneration.ch\/en\/8-zillertal-vaelley-raelley-angepasster-terminkalender\/#article","isPartOf":{"@id":"https:\/\/boardgeneration.ch\/en\/8-zillertal-vaelley-raelley-angepasster-terminkalender\/"},"author":{"name":"Pressedienst","@id":"https:\/\/boardgeneration.ch\/#\/schema\/person\/4727ac7b918c1fd9879a564a16734f2c"},"headline":"8. Zillertal V\u00c4LLEY R\u00c4LLEY: ANGEPASSTER TERMINKALENDER","datePublished":"2021-01-11T21:14:01+00:00","dateModified":"2021-01-11T21:14:19+00:00","mainEntityOfPage":{"@id":"https:\/\/boardgeneration.ch\/en\/8-zillertal-vaelley-raelley-angepasster-terminkalender\/"},"wordCount":471,"commentCount":0,"publisher":{"@id":"https:\/\/boardgeneration.ch\/#organization"},"image":{"@id":"https:\/\/boardgeneration.ch\/en\/8-zillertal-vaelley-raelley-angepasster-terminkalender\/#primaryimage"},"thumbnailUrl":"https:\/\/boardgeneration.ch\/wp-content\/uploads\/2020\/03\/20-03-01_zvr_Penken_Park_Contest__Moritz-Breu__by_Gustav_Hersmann_0128_lowres.jpg","keywords":["Betterpark","Coaching","Contest","Featured","Hintertux","Slopestyle","Snowboard","Zillertal"],"articleSection":["event"],"inLanguage":"en-GB","potentialAction":[{"@type":"CommentAction","name":"Comment","target":["https:\/\/boardgeneration.ch\/en\/8-zillertal-vaelley-raelley-angepasster-terminkalender\/#respond"]}]},{"@type":"WebPage","@id":"https:\/\/boardgeneration.ch\/en\/8-zillertal-vaelley-raelley-angepasster-terminkalender\/","url":"https:\/\/boardgeneration.ch\/en\/8-zillertal-vaelley-raelley-angepasster-terminkalender\/","name":"8. Zillertal V\u00c4LLEY R\u00c4LLEY: ANGEPASSTER TERMINKALENDER - Board Generation","isPartOf":{"@id":"https:\/\/boardgeneration.ch\/#website"},"primaryImageOfPage":{"@id":"https:\/\/boardgeneration.ch\/en\/8-zillertal-vaelley-raelley-angepasster-terminkalender\/#primaryimage"},"image":{"@id":"https:\/\/boardgeneration.ch\/en\/8-zillertal-vaelley-raelley-angepasster-terminkalender\/#primaryimage"},"thumbnailUrl":"https:\/\/boardgeneration.ch\/wp-content\/uploads\/2020\/03\/20-03-01_zvr_Penken_Park_Contest__Moritz-Breu__by_Gustav_Hersmann_0128_lowres.jpg","datePublished":"2021-01-11T21:14:01+00:00","dateModified":"2021-01-11T21:14:19+00:00","breadcrumb":{"@id":"https:\/\/boardgeneration.ch\/en\/8-zillertal-vaelley-raelley-angepasster-terminkalender\/#breadcrumb"},"inLanguage":"en-GB","potentialAction":[{"@type":"ReadAction","target":["https:\/\/boardgeneration.ch\/en\/8-zillertal-vaelley-raelley-angepasster-terminkalender\/"]}]},{"@type":"ImageObject","inLanguage":"en-GB","@id":"https:\/\/boardgeneration.ch\/en\/8-zillertal-vaelley-raelley-angepasster-terminkalender\/#primaryimage","url":"https:\/\/boardgeneration.ch\/wp-content\/uploads\/2020\/03\/20-03-01_zvr_Penken_Park_Contest__Moritz-Breu__by_Gustav_Hersmann_0128_lowres.jpg","contentUrl":"https:\/\/boardgeneration.ch\/wp-content\/uploads\/2020\/03\/20-03-01_zvr_Penken_Park_Contest__Moritz-Breu__by_Gustav_Hersmann_0128_lowres.jpg","width":1600,"height":1067,"caption":"Penken Park Contest. Rider: Moritz Breu"},{"@type":"BreadcrumbList","@id":"https:\/\/boardgeneration.ch\/en\/8-zillertal-vaelley-raelley-angepasster-terminkalender\/#breadcrumb","itemListElement":[{"@type":"ListItem","position":1,"name":"Startseite","item":"https:\/\/boardgeneration.ch\/"},{"@type":"ListItem","position":2,"name":"8. Zillertal V\u00c4LLEY R\u00c4LLEY: ANGEPASSTER TERMINKALENDER"}]},{"@type":"WebSite","@id":"https:\/\/boardgeneration.ch\/#website","url":"https:\/\/boardgeneration.ch\/","name":"board generation","description":"Back to the Roots","publisher":{"@id":"https:\/\/boardgeneration.ch\/#organization"},"potentialAction":[{"@type":"SearchAction","target":{"@type":"EntryPoint","urlTemplate":"https:\/\/boardgeneration.ch\/?s={search_term_string}"},"query-input":{"@type":"PropertyValueSpecification","valueRequired":true,"valueName":"search_term_string"}}],"inLanguage":"en-GB"},{"@type":"Organization","@id":"https:\/\/boardgeneration.ch\/#organization","name":"board generation","url":"https:\/\/boardgeneration.ch\/","logo":{"@type":"ImageObject","inLanguage":"en-GB","@id":"https:\/\/boardgeneration.ch\/#\/schema\/logo\/image\/","url":"https:\/\/boardgeneration.ch\/wp-content\/uploads\/2019\/01\/bg-logo_mit_Text.png","contentUrl":"https:\/\/boardgeneration.ch\/wp-content\/uploads\/2019\/01\/bg-logo_mit_Text.png","width":1040,"height":1155,"caption":"board generation"},"image":{"@id":"https:\/\/boardgeneration.ch\/#\/schema\/logo\/image\/"},"sameAs":["https:\/\/www.facebook.com\/boardgeneration.ch","https:\/\/x.com\/boardgen","https:\/\/www.instagram.com\/boardgen\/"]},{"@type":"Person","@id":"https:\/\/boardgeneration.ch\/#\/schema\/person\/4727ac7b918c1fd9879a564a16734f2c","name":"Press service","image":{"@type":"ImageObject","inLanguage":"en-GB","@id":"https:\/\/boardgeneration.ch\/#\/schema\/person\/image\/","url":"https:\/\/boardgeneration.ch\/wp-content\/uploads\/2019\/10\/Pile-of-letters-96x96.jpg","contentUrl":"https:\/\/boardgeneration.ch\/wp-content\/uploads\/2019\/10\/Pile-of-letters-96x96.jpg","caption":"Pressedienst"},"url":"https:\/\/boardgeneration.ch\/en\/author\/pressedienst\/"}]}},"jetpack_featured_media_url":"https:\/\/boardgeneration.ch\/wp-content\/uploads\/2020\/03\/20-03-01_zvr_Penken_Park_Contest__Moritz-Breu__by_Gustav_Hersmann_0128_lowres.jpg","jetpack_sharing_enabled":true,"amp_enabled":true,"_links":{"self":[{"href":"https:\/\/boardgeneration.ch\/en\/wp-json\/wp\/v2\/posts\/4374","targetHints":{"allow":["GET"]}}],"collection":[{"href":"https:\/\/boardgeneration.ch\/en\/wp-json\/wp\/v2\/posts"}],"about":[{"href":"https:\/\/boardgeneration.ch\/en\/wp-json\/wp\/v2\/types\/post"}],"author":[{"embeddable":true,"href":"https:\/\/boardgeneration.ch\/en\/wp-json\/wp\/v2\/users\/3"}],"replies":[{"embeddable":true,"href":"https:\/\/boardgeneration.ch\/en\/wp-json\/wp\/v2\/comments?post=4374"}],"version-history":[{"count":1,"href":"https:\/\/boardgeneration.ch\/en\/wp-json\/wp\/v2\/posts\/4374\/revisions"}],"predecessor-version":[{"id":4376,"href":"https:\/\/boardgeneration.ch\/en\/wp-json\/wp\/v2\/posts\/4374\/revisions\/4376"}],"wp:featuredmedia":[{"embeddable":true,"href":"https:\/\/boardgeneration.ch\/en\/wp-json\/wp\/v2\/media\/2214"}],"wp:attachment":[{"href":"https:\/\/boardgeneration.ch\/en\/wp-json\/wp\/v2\/media?parent=4374"}],"wp:term":[{"taxonomy":"category","embeddable":true,"href":"https:\/\/boardgeneration.ch\/en\/wp-json\/wp\/v2\/categories?post=4374"},{"taxonomy":"post_tag","embeddable":true,"href":"https:\/\/boardgeneration.ch\/en\/wp-json\/wp\/v2\/tags?post=4374"}],"curies":[{"name":"wp","href":"https:\/\/api.w.org\/{rel}","templated":true}]}}