{"id":5023,"date":"2021-07-23T22:59:18","date_gmt":"2021-07-23T21:59:18","guid":{"rendered":"https:\/\/boardgeneration.ch\/?p=5023"},"modified":"2021-07-23T22:59:21","modified_gmt":"2021-07-23T21:59:21","slug":"der-hintertuxer-gletscher-eroeffnet-anfang-september-die-snowpark-und-winter-saison-in-europa","status":"publish","type":"post","link":"https:\/\/boardgeneration.ch\/en\/der-hintertuxer-gletscher-eroeffnet-anfang-september-die-snowpark-und-winter-saison-in-europa\/","title":{"rendered":"The Hintertux Glacier opens the snowpark and winter season in Europe at the beginning of September"},"content":{"rendered":"<span class=\"span-reading-time rt-reading-time\" style=\"display: block;\"><span class=\"rt-label rt-prefix\">Reading time: <\/span> <span class=\"rt-time\"> &lt; 1<\/span> <span class=\"rt-label rt-postfix\">Minute<\/span><\/span>\n<p>Many things are changing, but what remains constant is the annual <a href=\"http:\/\/hotzone.tv\/\"><strong>Hotzone.tv<\/strong><\/a><strong> Park Opening in Hintertux<\/strong>which will be held for the 17th time this autumn. From <strong>30 September - 3 October 2021<\/strong> the Hintertux Glacier invites you to the first park opening of the winter and thus traditionally opens the season for snowboarders.<\/p>\n\n\n\n<figure class=\"wp-block-image size-large\"><img loading=\"lazy\" decoding=\"async\" width=\"800\" height=\"534\" data-attachment-id=\"5021\" data-permalink=\"https:\/\/boardgeneration.ch\/en\/hotzoneopening_ethanmorgan_hintertux_by-becknaphoto\/\" data-orig-file=\"https:\/\/boardgeneration.ch\/wp-content\/uploads\/2021\/07\/HotzoneOpening_EthanMorgan_Hintertux_by-becknaphoto.jpeg\" data-orig-size=\"800,534\" data-comments-opened=\"1\" data-image-meta=\"{&quot;aperture&quot;:&quot;7.1&quot;,&quot;credit&quot;:&quot;&quot;,&quot;camera&quot;:&quot;Canon EOS R5&quot;,&quot;caption&quot;:&quot;&quot;,&quot;created_timestamp&quot;:&quot;1601548798&quot;,&quot;copyright&quot;:&quot;&quot;,&quot;focal_length&quot;:&quot;115&quot;,&quot;iso&quot;:&quot;100&quot;,&quot;shutter_speed&quot;:&quot;0.000625&quot;,&quot;title&quot;:&quot;&quot;,&quot;orientation&quot;:&quot;1&quot;}\" data-image-title=\"HotzoneOpening_EthanMorgan_Hintertux_by becknaphoto\" data-image-description=\"\" data-image-caption=\"\" data-medium-file=\"https:\/\/boardgeneration.ch\/wp-content\/uploads\/2021\/07\/HotzoneOpening_EthanMorgan_Hintertux_by-becknaphoto-300x200.jpeg\" data-large-file=\"https:\/\/boardgeneration.ch\/wp-content\/uploads\/2021\/07\/HotzoneOpening_EthanMorgan_Hintertux_by-becknaphoto.jpeg\" src=\"https:\/\/boardgeneration.ch\/wp-content\/uploads\/2021\/07\/HotzoneOpening_EthanMorgan_Hintertux_by-becknaphoto.jpeg\" alt=\"\" class=\"wp-image-5021\" srcset=\"https:\/\/boardgeneration.ch\/wp-content\/uploads\/2021\/07\/HotzoneOpening_EthanMorgan_Hintertux_by-becknaphoto.jpeg 800w, https:\/\/boardgeneration.ch\/wp-content\/uploads\/2021\/07\/HotzoneOpening_EthanMorgan_Hintertux_by-becknaphoto-300x200.jpeg 300w, https:\/\/boardgeneration.ch\/wp-content\/uploads\/2021\/07\/HotzoneOpening_EthanMorgan_Hintertux_by-becknaphoto-768x513.jpeg 768w, https:\/\/boardgeneration.ch\/wp-content\/uploads\/2021\/07\/HotzoneOpening_EthanMorgan_Hintertux_by-becknaphoto-16x12.jpeg 16w\" sizes=\"auto, (max-width: 800px) 100vw, 800px\" \/><figcaption><span class=\"media-credit\">@becknaphoto<\/span><\/figcaption><\/figure>\n\n\n\n<p>The <a href=\"http:\/\/hotzone.tv\/\">Hotzone.tv<\/a> Park Opening is a fixed point in the calendar of snowboard pros, industry representatives, media and snowboard enthusiasts to start the winter with like-minded people. There's something for everyone: Shredding in the Betterpark Hintertux, which is built and well looked after by Wille Kaufmann and his team from Betterparks. Also this autumn the Betterpark Hintertux is probably the first park in Europe that opens for freestylers - already from the beginning of September. In the park itself, which is suitable for both professionals and freestyle beginners with various lines, you can also put the latest equipment from the snowboard brands present through their paces.<\/p>\n\n\n\n<figure class=\"wp-block-image size-large\"><img loading=\"lazy\" decoding=\"async\" width=\"800\" height=\"533\" data-attachment-id=\"5020\" data-permalink=\"https:\/\/boardgeneration.ch\/en\/hotzoneopening_betterpark-hintertux_by-becknaphoto\/\" data-orig-file=\"https:\/\/boardgeneration.ch\/wp-content\/uploads\/2021\/07\/HotzoneOpening_betterpark-Hintertux_by-becknaphoto.jpeg\" data-orig-size=\"800,533\" data-comments-opened=\"1\" data-image-meta=\"{&quot;aperture&quot;:&quot;9&quot;,&quot;credit&quot;:&quot;&quot;,&quot;camera&quot;:&quot;L1D-20c&quot;,&quot;caption&quot;:&quot;&quot;,&quot;created_timestamp&quot;:&quot;1601587995&quot;,&quot;copyright&quot;:&quot;&quot;,&quot;focal_length&quot;:&quot;10.26&quot;,&quot;iso&quot;:&quot;100&quot;,&quot;shutter_speed&quot;:&quot;0.000625&quot;,&quot;title&quot;:&quot;&quot;,&quot;orientation&quot;:&quot;1&quot;}\" data-image-title=\"HotzoneOpening_betterpark Hintertux_by becknaphoto\" data-image-description=\"\" data-image-caption=\"\" data-medium-file=\"https:\/\/boardgeneration.ch\/wp-content\/uploads\/2021\/07\/HotzoneOpening_betterpark-Hintertux_by-becknaphoto-300x200.jpeg\" data-large-file=\"https:\/\/boardgeneration.ch\/wp-content\/uploads\/2021\/07\/HotzoneOpening_betterpark-Hintertux_by-becknaphoto.jpeg\" src=\"https:\/\/boardgeneration.ch\/wp-content\/uploads\/2021\/07\/HotzoneOpening_betterpark-Hintertux_by-becknaphoto.jpeg\" alt=\"\" class=\"wp-image-5020\" srcset=\"https:\/\/boardgeneration.ch\/wp-content\/uploads\/2021\/07\/HotzoneOpening_betterpark-Hintertux_by-becknaphoto.jpeg 800w, https:\/\/boardgeneration.ch\/wp-content\/uploads\/2021\/07\/HotzoneOpening_betterpark-Hintertux_by-becknaphoto-300x200.jpeg 300w, https:\/\/boardgeneration.ch\/wp-content\/uploads\/2021\/07\/HotzoneOpening_betterpark-Hintertux_by-becknaphoto-768x512.jpeg 768w, https:\/\/boardgeneration.ch\/wp-content\/uploads\/2021\/07\/HotzoneOpening_betterpark-Hintertux_by-becknaphoto-16x12.jpeg 16w\" sizes=\"auto, (max-width: 800px) 100vw, 800px\" \/><figcaption><span class=\"media-credit\">@becknaphoto<\/span><\/figcaption><\/figure>\n\n\n\n<p>For the third time, the Zlllertal professional snowboarder Werni Stock hosts the <strong>\"Werni Stock Invitationals\"<\/strong> - the first Big Air session of the season. As a further highlight, the third edition of the <strong>\"Metal Battle Night Rail Contest\" hosted by SANE! Snowboarding<\/strong> ...will take place. Here the jibbers compete for fame and glory. And last but not least, the young snowboarders can test their skills at the <strong>Kids Session<\/strong> and compete with the other children in a playful way. Good to know: The Snowcard is valid from 1 October and can already be used at the opening.<\/p>\n\n\n\n<p>Details of the supporting programme will be available from the end of August. All Covid-19 measures in force at the time of the event will be implemented as part of a safety concept, as was the case in 2020.<br>More details and updates on the <a href=\"http:\/\/hotzone.tv\/\" target=\"_blank\" rel=\"noreferrer noopener\">Hotzone.tv<\/a> Park Opening 2021:<br><a href=\"http:\/\/opening.hotzone.tv\/\" target=\"_blank\" rel=\"noreferrer noopener\">website<\/a> - <a href=\"https:\/\/www.facebook.com\/HotzoneParkOpeningHintertux\/\" target=\"_blank\" rel=\"noreferrer noopener\">Facebook<\/a> - <a href=\"https:\/\/www.instagram.com\/saac_alpine\/\" target=\"_blank\" rel=\"noreferrer noopener\">Instagram<\/a> - <a href=\"https:\/\/boardgeneration.ch\/en\/tag\/hotzoneopening\/\">#hotzoneopening<\/a> -\u00a0<a href=\"https:\/\/www.tux.at\/\" target=\"_blank\" rel=\"noreferrer noopener\">Accommodation<\/a><\/p>","protected":false},"excerpt":{"rendered":"<p>Vieles ist im Wandel, aber konstant ist und bleibt das j\u00e4hrliche Hotzone.tv Park Opening in Hintertux, das diesen Herbst zum 17. Mal \u00fcber die B\u00fchne geht. Vom 30. September \u2013 3. Oktober 2021 l\u00e4dt der Hintertuxer Gletscher zum ersten Park Opening des Winters und er\u00f6ffnet damit traditionell die Saison der Snowboarder. Das Hotzone.tv Park Opening [&hellip;]<\/p>\n","protected":false},"author":3,"featured_media":5022,"comment_status":"open","ping_status":"open","sticky":false,"template":"","format":"standard","meta":{"_jetpack_memberships_contains_paid_content":false,"footnotes":""},"categories":[173],"tags":[30900,30749,32193,11686,32182],"class_list":["post-5023","post","type-post","status-publish","format-standard","has-post-thumbnail","hentry","category-news","tag-betterpark","tag-hintertux","tag-hotzoneopening","tag-snowboard","tag-snowboarder"],"yoast_head":"<!-- This site is optimized with the Yoast SEO plugin v26.8 - https:\/\/yoast.com\/product\/yoast-seo-wordpress\/ -->\n<title>Der Hintertuxer Gletscher er\u00f6ffnet Anfang September die Snowpark- und Winter-Saison in Europa - Board Generation<\/title>\n<meta name=\"robots\" content=\"index, follow, max-snippet:-1, max-image-preview:large, max-video-preview:-1\" \/>\n<link rel=\"canonical\" href=\"https:\/\/boardgeneration.ch\/en\/der-hintertuxer-gletscher-eroeffnet-anfang-september-die-snowpark-und-winter-saison-in-europa\/\" \/>\n<meta property=\"og:locale\" content=\"en_GB\" \/>\n<meta property=\"og:type\" content=\"article\" \/>\n<meta property=\"og:title\" content=\"Der Hintertuxer Gletscher er\u00f6ffnet Anfang September die Snowpark- und Winter-Saison in Europa - Board Generation\" \/>\n<meta property=\"og:description\" content=\"Vieles ist im Wandel, aber konstant ist und bleibt das j\u00e4hrliche Hotzone.tv Park Opening in Hintertux, das diesen Herbst zum 17. Mal \u00fcber die B\u00fchne geht. Vom 30. September \u2013 3. Oktober 2021 l\u00e4dt der Hintertuxer Gletscher zum ersten Park Opening des Winters und er\u00f6ffnet damit traditionell die Saison der Snowboarder. Das Hotzone.tv Park Opening [&hellip;]\" \/>\n<meta property=\"og:url\" content=\"https:\/\/boardgeneration.ch\/en\/der-hintertuxer-gletscher-eroeffnet-anfang-september-die-snowpark-und-winter-saison-in-europa\/\" \/>\n<meta property=\"og:site_name\" content=\"Board Generation\" \/>\n<meta property=\"article:publisher\" content=\"https:\/\/www.facebook.com\/boardgeneration.ch\" \/>\n<meta property=\"article:published_time\" content=\"2021-07-23T21:59:18+00:00\" \/>\n<meta property=\"article:modified_time\" content=\"2021-07-23T21:59:21+00:00\" \/>\n<meta property=\"og:image\" content=\"https:\/\/boardgeneration.ch\/wp-content\/uploads\/2021\/07\/HotzoneOpening_WerniStock-and-TorsteinHorgmo_Hintertux_bybecknaphoto.jpeg\" \/>\n\t<meta property=\"og:image:width\" content=\"800\" \/>\n\t<meta property=\"og:image:height\" content=\"534\" \/>\n\t<meta property=\"og:image:type\" content=\"image\/jpeg\" \/>\n<meta name=\"author\" content=\"Pressedienst\" \/>\n<meta name=\"twitter:card\" content=\"summary_large_image\" \/>\n<meta name=\"twitter:creator\" content=\"@boardgen\" \/>\n<meta name=\"twitter:site\" content=\"@boardgen\" \/>\n<meta name=\"twitter:label1\" content=\"Written by\" \/>\n\t<meta name=\"twitter:data1\" content=\"Pressedienst\" \/>\n\t<meta name=\"twitter:label2\" content=\"Estimated reading time\" \/>\n\t<meta name=\"twitter:data2\" content=\"2 minutes\" \/>\n<script type=\"application\/ld+json\" class=\"yoast-schema-graph\">{\"@context\":\"https:\/\/schema.org\",\"@graph\":[{\"@type\":\"Article\",\"@id\":\"https:\/\/boardgeneration.ch\/en\/der-hintertuxer-gletscher-eroeffnet-anfang-september-die-snowpark-und-winter-saison-in-europa\/#article\",\"isPartOf\":{\"@id\":\"https:\/\/boardgeneration.ch\/en\/der-hintertuxer-gletscher-eroeffnet-anfang-september-die-snowpark-und-winter-saison-in-europa\/\"},\"author\":{\"name\":\"Pressedienst\",\"@id\":\"https:\/\/boardgeneration.ch\/#\/schema\/person\/4727ac7b918c1fd9879a564a16734f2c\"},\"headline\":\"Der Hintertuxer Gletscher er\u00f6ffnet Anfang September die Snowpark- und Winter-Saison in Europa\",\"datePublished\":\"2021-07-23T21:59:18+00:00\",\"dateModified\":\"2021-07-23T21:59:21+00:00\",\"mainEntityOfPage\":{\"@id\":\"https:\/\/boardgeneration.ch\/en\/der-hintertuxer-gletscher-eroeffnet-anfang-september-die-snowpark-und-winter-saison-in-europa\/\"},\"wordCount\":313,\"commentCount\":0,\"publisher\":{\"@id\":\"https:\/\/boardgeneration.ch\/#organization\"},\"image\":{\"@id\":\"https:\/\/boardgeneration.ch\/en\/der-hintertuxer-gletscher-eroeffnet-anfang-september-die-snowpark-und-winter-saison-in-europa\/#primaryimage\"},\"thumbnailUrl\":\"https:\/\/boardgeneration.ch\/wp-content\/uploads\/2021\/07\/HotzoneOpening_WerniStock-and-TorsteinHorgmo_Hintertux_bybecknaphoto.jpeg\",\"keywords\":[\"Betterpark\",\"Hintertux\",\"hotzoneopening\",\"Snowboard\",\"Snowboarder\"],\"articleSection\":[\"news\"],\"inLanguage\":\"en-GB\",\"potentialAction\":[{\"@type\":\"CommentAction\",\"name\":\"Comment\",\"target\":[\"https:\/\/boardgeneration.ch\/en\/der-hintertuxer-gletscher-eroeffnet-anfang-september-die-snowpark-und-winter-saison-in-europa\/#respond\"]}]},{\"@type\":\"WebPage\",\"@id\":\"https:\/\/boardgeneration.ch\/en\/der-hintertuxer-gletscher-eroeffnet-anfang-september-die-snowpark-und-winter-saison-in-europa\/\",\"url\":\"https:\/\/boardgeneration.ch\/en\/der-hintertuxer-gletscher-eroeffnet-anfang-september-die-snowpark-und-winter-saison-in-europa\/\",\"name\":\"Der Hintertuxer Gletscher er\u00f6ffnet Anfang September die Snowpark- und Winter-Saison in Europa - Board Generation\",\"isPartOf\":{\"@id\":\"https:\/\/boardgeneration.ch\/#website\"},\"primaryImageOfPage\":{\"@id\":\"https:\/\/boardgeneration.ch\/en\/der-hintertuxer-gletscher-eroeffnet-anfang-september-die-snowpark-und-winter-saison-in-europa\/#primaryimage\"},\"image\":{\"@id\":\"https:\/\/boardgeneration.ch\/en\/der-hintertuxer-gletscher-eroeffnet-anfang-september-die-snowpark-und-winter-saison-in-europa\/#primaryimage\"},\"thumbnailUrl\":\"https:\/\/boardgeneration.ch\/wp-content\/uploads\/2021\/07\/HotzoneOpening_WerniStock-and-TorsteinHorgmo_Hintertux_bybecknaphoto.jpeg\",\"datePublished\":\"2021-07-23T21:59:18+00:00\",\"dateModified\":\"2021-07-23T21:59:21+00:00\",\"breadcrumb\":{\"@id\":\"https:\/\/boardgeneration.ch\/en\/der-hintertuxer-gletscher-eroeffnet-anfang-september-die-snowpark-und-winter-saison-in-europa\/#breadcrumb\"},\"inLanguage\":\"en-GB\",\"potentialAction\":[{\"@type\":\"ReadAction\",\"target\":[\"https:\/\/boardgeneration.ch\/en\/der-hintertuxer-gletscher-eroeffnet-anfang-september-die-snowpark-und-winter-saison-in-europa\/\"]}]},{\"@type\":\"ImageObject\",\"inLanguage\":\"en-GB\",\"@id\":\"https:\/\/boardgeneration.ch\/en\/der-hintertuxer-gletscher-eroeffnet-anfang-september-die-snowpark-und-winter-saison-in-europa\/#primaryimage\",\"url\":\"https:\/\/boardgeneration.ch\/wp-content\/uploads\/2021\/07\/HotzoneOpening_WerniStock-and-TorsteinHorgmo_Hintertux_bybecknaphoto.jpeg\",\"contentUrl\":\"https:\/\/boardgeneration.ch\/wp-content\/uploads\/2021\/07\/HotzoneOpening_WerniStock-and-TorsteinHorgmo_Hintertux_bybecknaphoto.jpeg\",\"width\":800,\"height\":534},{\"@type\":\"BreadcrumbList\",\"@id\":\"https:\/\/boardgeneration.ch\/en\/der-hintertuxer-gletscher-eroeffnet-anfang-september-die-snowpark-und-winter-saison-in-europa\/#breadcrumb\",\"itemListElement\":[{\"@type\":\"ListItem\",\"position\":1,\"name\":\"Startseite\",\"item\":\"https:\/\/boardgeneration.ch\/\"},{\"@type\":\"ListItem\",\"position\":2,\"name\":\"Der Hintertuxer Gletscher er\u00f6ffnet Anfang September die Snowpark- und Winter-Saison in Europa\"}]},{\"@type\":\"WebSite\",\"@id\":\"https:\/\/boardgeneration.ch\/#website\",\"url\":\"https:\/\/boardgeneration.ch\/\",\"name\":\"board generation\",\"description\":\"Back to the Roots\",\"publisher\":{\"@id\":\"https:\/\/boardgeneration.ch\/#organization\"},\"potentialAction\":[{\"@type\":\"SearchAction\",\"target\":{\"@type\":\"EntryPoint\",\"urlTemplate\":\"https:\/\/boardgeneration.ch\/?s={search_term_string}\"},\"query-input\":{\"@type\":\"PropertyValueSpecification\",\"valueRequired\":true,\"valueName\":\"search_term_string\"}}],\"inLanguage\":\"en-GB\"},{\"@type\":\"Organization\",\"@id\":\"https:\/\/boardgeneration.ch\/#organization\",\"name\":\"board generation\",\"url\":\"https:\/\/boardgeneration.ch\/\",\"logo\":{\"@type\":\"ImageObject\",\"inLanguage\":\"en-GB\",\"@id\":\"https:\/\/boardgeneration.ch\/#\/schema\/logo\/image\/\",\"url\":\"https:\/\/boardgeneration.ch\/wp-content\/uploads\/2019\/01\/bg-logo_mit_Text.png\",\"contentUrl\":\"https:\/\/boardgeneration.ch\/wp-content\/uploads\/2019\/01\/bg-logo_mit_Text.png\",\"width\":1040,\"height\":1155,\"caption\":\"board generation\"},\"image\":{\"@id\":\"https:\/\/boardgeneration.ch\/#\/schema\/logo\/image\/\"},\"sameAs\":[\"https:\/\/www.facebook.com\/boardgeneration.ch\",\"https:\/\/x.com\/boardgen\",\"https:\/\/www.instagram.com\/boardgen\/\"]},{\"@type\":\"Person\",\"@id\":\"https:\/\/boardgeneration.ch\/#\/schema\/person\/4727ac7b918c1fd9879a564a16734f2c\",\"name\":\"Pressedienst\",\"image\":{\"@type\":\"ImageObject\",\"inLanguage\":\"en-GB\",\"@id\":\"https:\/\/boardgeneration.ch\/#\/schema\/person\/image\/\",\"url\":\"https:\/\/boardgeneration.ch\/wp-content\/uploads\/2019\/10\/Pile-of-letters-96x96.jpg\",\"contentUrl\":\"https:\/\/boardgeneration.ch\/wp-content\/uploads\/2019\/10\/Pile-of-letters-96x96.jpg\",\"caption\":\"Pressedienst\"},\"url\":\"https:\/\/boardgeneration.ch\/en\/author\/pressedienst\/\"}]}<\/script>\n<!-- \/ Yoast SEO plugin. -->","yoast_head_json":{"title":"Der Hintertuxer Gletscher er\u00f6ffnet Anfang September die Snowpark- und Winter-Saison in Europa - Board Generation","robots":{"index":"index","follow":"follow","max-snippet":"max-snippet:-1","max-image-preview":"max-image-preview:large","max-video-preview":"max-video-preview:-1"},"canonical":"https:\/\/boardgeneration.ch\/en\/der-hintertuxer-gletscher-eroeffnet-anfang-september-die-snowpark-und-winter-saison-in-europa\/","og_locale":"en_GB","og_type":"article","og_title":"Der Hintertuxer Gletscher er\u00f6ffnet Anfang September die Snowpark- und Winter-Saison in Europa - Board Generation","og_description":"Vieles ist im Wandel, aber konstant ist und bleibt das j\u00e4hrliche Hotzone.tv Park Opening in Hintertux, das diesen Herbst zum 17. Mal \u00fcber die B\u00fchne geht. Vom 30. September \u2013 3. Oktober 2021 l\u00e4dt der Hintertuxer Gletscher zum ersten Park Opening des Winters und er\u00f6ffnet damit traditionell die Saison der Snowboarder. Das Hotzone.tv Park Opening [&hellip;]","og_url":"https:\/\/boardgeneration.ch\/en\/der-hintertuxer-gletscher-eroeffnet-anfang-september-die-snowpark-und-winter-saison-in-europa\/","og_site_name":"Board Generation","article_publisher":"https:\/\/www.facebook.com\/boardgeneration.ch","article_published_time":"2021-07-23T21:59:18+00:00","article_modified_time":"2021-07-23T21:59:21+00:00","og_image":[{"width":800,"height":534,"url":"https:\/\/boardgeneration.ch\/wp-content\/uploads\/2021\/07\/HotzoneOpening_WerniStock-and-TorsteinHorgmo_Hintertux_bybecknaphoto.jpeg","type":"image\/jpeg"}],"author":"Pressedienst","twitter_card":"summary_large_image","twitter_creator":"@boardgen","twitter_site":"@boardgen","twitter_misc":{"Written by":"Pressedienst","Estimated reading time":"2 minutes"},"schema":{"@context":"https:\/\/schema.org","@graph":[{"@type":"Article","@id":"https:\/\/boardgeneration.ch\/en\/der-hintertuxer-gletscher-eroeffnet-anfang-september-die-snowpark-und-winter-saison-in-europa\/#article","isPartOf":{"@id":"https:\/\/boardgeneration.ch\/en\/der-hintertuxer-gletscher-eroeffnet-anfang-september-die-snowpark-und-winter-saison-in-europa\/"},"author":{"name":"Pressedienst","@id":"https:\/\/boardgeneration.ch\/#\/schema\/person\/4727ac7b918c1fd9879a564a16734f2c"},"headline":"Der Hintertuxer Gletscher er\u00f6ffnet Anfang September die Snowpark- und Winter-Saison in Europa","datePublished":"2021-07-23T21:59:18+00:00","dateModified":"2021-07-23T21:59:21+00:00","mainEntityOfPage":{"@id":"https:\/\/boardgeneration.ch\/en\/der-hintertuxer-gletscher-eroeffnet-anfang-september-die-snowpark-und-winter-saison-in-europa\/"},"wordCount":313,"commentCount":0,"publisher":{"@id":"https:\/\/boardgeneration.ch\/#organization"},"image":{"@id":"https:\/\/boardgeneration.ch\/en\/der-hintertuxer-gletscher-eroeffnet-anfang-september-die-snowpark-und-winter-saison-in-europa\/#primaryimage"},"thumbnailUrl":"https:\/\/boardgeneration.ch\/wp-content\/uploads\/2021\/07\/HotzoneOpening_WerniStock-and-TorsteinHorgmo_Hintertux_bybecknaphoto.jpeg","keywords":["Betterpark","Hintertux","hotzoneopening","Snowboard","Snowboarder"],"articleSection":["news"],"inLanguage":"en-GB","potentialAction":[{"@type":"CommentAction","name":"Comment","target":["https:\/\/boardgeneration.ch\/en\/der-hintertuxer-gletscher-eroeffnet-anfang-september-die-snowpark-und-winter-saison-in-europa\/#respond"]}]},{"@type":"WebPage","@id":"https:\/\/boardgeneration.ch\/en\/der-hintertuxer-gletscher-eroeffnet-anfang-september-die-snowpark-und-winter-saison-in-europa\/","url":"https:\/\/boardgeneration.ch\/en\/der-hintertuxer-gletscher-eroeffnet-anfang-september-die-snowpark-und-winter-saison-in-europa\/","name":"Der Hintertuxer Gletscher er\u00f6ffnet Anfang September die Snowpark- und Winter-Saison in Europa - Board Generation","isPartOf":{"@id":"https:\/\/boardgeneration.ch\/#website"},"primaryImageOfPage":{"@id":"https:\/\/boardgeneration.ch\/en\/der-hintertuxer-gletscher-eroeffnet-anfang-september-die-snowpark-und-winter-saison-in-europa\/#primaryimage"},"image":{"@id":"https:\/\/boardgeneration.ch\/en\/der-hintertuxer-gletscher-eroeffnet-anfang-september-die-snowpark-und-winter-saison-in-europa\/#primaryimage"},"thumbnailUrl":"https:\/\/boardgeneration.ch\/wp-content\/uploads\/2021\/07\/HotzoneOpening_WerniStock-and-TorsteinHorgmo_Hintertux_bybecknaphoto.jpeg","datePublished":"2021-07-23T21:59:18+00:00","dateModified":"2021-07-23T21:59:21+00:00","breadcrumb":{"@id":"https:\/\/boardgeneration.ch\/en\/der-hintertuxer-gletscher-eroeffnet-anfang-september-die-snowpark-und-winter-saison-in-europa\/#breadcrumb"},"inLanguage":"en-GB","potentialAction":[{"@type":"ReadAction","target":["https:\/\/boardgeneration.ch\/en\/der-hintertuxer-gletscher-eroeffnet-anfang-september-die-snowpark-und-winter-saison-in-europa\/"]}]},{"@type":"ImageObject","inLanguage":"en-GB","@id":"https:\/\/boardgeneration.ch\/en\/der-hintertuxer-gletscher-eroeffnet-anfang-september-die-snowpark-und-winter-saison-in-europa\/#primaryimage","url":"https:\/\/boardgeneration.ch\/wp-content\/uploads\/2021\/07\/HotzoneOpening_WerniStock-and-TorsteinHorgmo_Hintertux_bybecknaphoto.jpeg","contentUrl":"https:\/\/boardgeneration.ch\/wp-content\/uploads\/2021\/07\/HotzoneOpening_WerniStock-and-TorsteinHorgmo_Hintertux_bybecknaphoto.jpeg","width":800,"height":534},{"@type":"BreadcrumbList","@id":"https:\/\/boardgeneration.ch\/en\/der-hintertuxer-gletscher-eroeffnet-anfang-september-die-snowpark-und-winter-saison-in-europa\/#breadcrumb","itemListElement":[{"@type":"ListItem","position":1,"name":"Startseite","item":"https:\/\/boardgeneration.ch\/"},{"@type":"ListItem","position":2,"name":"Der Hintertuxer Gletscher er\u00f6ffnet Anfang September die Snowpark- und Winter-Saison in Europa"}]},{"@type":"WebSite","@id":"https:\/\/boardgeneration.ch\/#website","url":"https:\/\/boardgeneration.ch\/","name":"board generation","description":"Back to the Roots","publisher":{"@id":"https:\/\/boardgeneration.ch\/#organization"},"potentialAction":[{"@type":"SearchAction","target":{"@type":"EntryPoint","urlTemplate":"https:\/\/boardgeneration.ch\/?s={search_term_string}"},"query-input":{"@type":"PropertyValueSpecification","valueRequired":true,"valueName":"search_term_string"}}],"inLanguage":"en-GB"},{"@type":"Organization","@id":"https:\/\/boardgeneration.ch\/#organization","name":"board generation","url":"https:\/\/boardgeneration.ch\/","logo":{"@type":"ImageObject","inLanguage":"en-GB","@id":"https:\/\/boardgeneration.ch\/#\/schema\/logo\/image\/","url":"https:\/\/boardgeneration.ch\/wp-content\/uploads\/2019\/01\/bg-logo_mit_Text.png","contentUrl":"https:\/\/boardgeneration.ch\/wp-content\/uploads\/2019\/01\/bg-logo_mit_Text.png","width":1040,"height":1155,"caption":"board generation"},"image":{"@id":"https:\/\/boardgeneration.ch\/#\/schema\/logo\/image\/"},"sameAs":["https:\/\/www.facebook.com\/boardgeneration.ch","https:\/\/x.com\/boardgen","https:\/\/www.instagram.com\/boardgen\/"]},{"@type":"Person","@id":"https:\/\/boardgeneration.ch\/#\/schema\/person\/4727ac7b918c1fd9879a564a16734f2c","name":"Press service","image":{"@type":"ImageObject","inLanguage":"en-GB","@id":"https:\/\/boardgeneration.ch\/#\/schema\/person\/image\/","url":"https:\/\/boardgeneration.ch\/wp-content\/uploads\/2019\/10\/Pile-of-letters-96x96.jpg","contentUrl":"https:\/\/boardgeneration.ch\/wp-content\/uploads\/2019\/10\/Pile-of-letters-96x96.jpg","caption":"Pressedienst"},"url":"https:\/\/boardgeneration.ch\/en\/author\/pressedienst\/"}]}},"jetpack_featured_media_url":"https:\/\/boardgeneration.ch\/wp-content\/uploads\/2021\/07\/HotzoneOpening_WerniStock-and-TorsteinHorgmo_Hintertux_bybecknaphoto.jpeg","jetpack_sharing_enabled":true,"amp_enabled":true,"_links":{"self":[{"href":"https:\/\/boardgeneration.ch\/en\/wp-json\/wp\/v2\/posts\/5023","targetHints":{"allow":["GET"]}}],"collection":[{"href":"https:\/\/boardgeneration.ch\/en\/wp-json\/wp\/v2\/posts"}],"about":[{"href":"https:\/\/boardgeneration.ch\/en\/wp-json\/wp\/v2\/types\/post"}],"author":[{"embeddable":true,"href":"https:\/\/boardgeneration.ch\/en\/wp-json\/wp\/v2\/users\/3"}],"replies":[{"embeddable":true,"href":"https:\/\/boardgeneration.ch\/en\/wp-json\/wp\/v2\/comments?post=5023"}],"version-history":[{"count":1,"href":"https:\/\/boardgeneration.ch\/en\/wp-json\/wp\/v2\/posts\/5023\/revisions"}],"predecessor-version":[{"id":5024,"href":"https:\/\/boardgeneration.ch\/en\/wp-json\/wp\/v2\/posts\/5023\/revisions\/5024"}],"wp:featuredmedia":[{"embeddable":true,"href":"https:\/\/boardgeneration.ch\/en\/wp-json\/wp\/v2\/media\/5022"}],"wp:attachment":[{"href":"https:\/\/boardgeneration.ch\/en\/wp-json\/wp\/v2\/media?parent=5023"}],"wp:term":[{"taxonomy":"category","embeddable":true,"href":"https:\/\/boardgeneration.ch\/en\/wp-json\/wp\/v2\/categories?post=5023"},{"taxonomy":"post_tag","embeddable":true,"href":"https:\/\/boardgeneration.ch\/en\/wp-json\/wp\/v2\/tags?post=5023"}],"curies":[{"name":"wp","href":"https:\/\/api.w.org\/{rel}","templated":true}]}}