{"id":5446,"date":"2021-12-12T23:04:52","date_gmt":"2021-12-12T22:04:52","guid":{"rendered":"https:\/\/boardgeneration.ch\/?p=5446"},"modified":"2021-12-12T23:11:14","modified_gmt":"2021-12-12T22:11:14","slug":"tourstart-der-9-zillertal-vaelley-raelley","status":"publish","type":"post","link":"https:\/\/boardgeneration.ch\/en\/tourstart-der-9-zillertal-vaelley-raelley\/","title":{"rendered":"Tour start of the 9th Zillertal V\u00c4LLEY R\u00c4LLEY"},"content":{"rendered":"<span class=\"span-reading-time rt-reading-time\" style=\"display: block;\"><span class=\"rt-label rt-prefix\">Reading time: <\/span> <span class=\"rt-time\"> 2<\/span> <span class=\"rt-label rt-postfix\">minutes<\/span><\/span>\n<p><strong>Under strict safety regulations, the Zillertal V\u00c4LLEY R\u00c4LLEY hosted by Blue Tomato &amp; Ride Snowboards will start its ninth season on December 18 and 19 in the Hochzillertal - Kaltenbach ski region. The popular Zillertal snowboard amateur series offers young talents the opportunity to take part in free freestyle coaching sessions and compete against competitors of the same age in the open slopestyle competition, while adhering to the 2G rule. The online registration is now open at <a href=\"http:\/\/www.valleyralley.at\" target=\"_blank\" rel=\"noreferrer noopener\">www.valleyralley.at<\/a> unlocked. Registration will close on Thursday, December 16 and spaces are limited, so get on it!<\/strong><\/p>\n\n\n\n<figure class=\"wp-block-image size-large\"><img loading=\"lazy\" decoding=\"async\" width=\"1024\" height=\"355\" data-attachment-id=\"5445\" data-permalink=\"https:\/\/boardgeneration.ch\/en\/zvr2122_visual_low-kopie\/\" data-orig-file=\"https:\/\/boardgeneration.ch\/wp-content\/uploads\/2021\/12\/ZVR2122_visual_low-Kopie.jpg\" data-orig-size=\"1807,626\" data-comments-opened=\"1\" data-image-meta=\"{&quot;aperture&quot;:&quot;0&quot;,&quot;credit&quot;:&quot;&quot;,&quot;camera&quot;:&quot;&quot;,&quot;caption&quot;:&quot;&quot;,&quot;created_timestamp&quot;:&quot;0&quot;,&quot;copyright&quot;:&quot;&quot;,&quot;focal_length&quot;:&quot;0&quot;,&quot;iso&quot;:&quot;0&quot;,&quot;shutter_speed&quot;:&quot;0&quot;,&quot;title&quot;:&quot;&quot;,&quot;orientation&quot;:&quot;0&quot;}\" data-image-title=\"ZVR2122_visual_low Kopie\" data-image-description=\"\" data-image-caption=\"\" data-medium-file=\"https:\/\/boardgeneration.ch\/wp-content\/uploads\/2021\/12\/ZVR2122_visual_low-Kopie-300x104.jpg\" data-large-file=\"https:\/\/boardgeneration.ch\/wp-content\/uploads\/2021\/12\/ZVR2122_visual_low-Kopie-1024x355.jpg\" src=\"https:\/\/boardgeneration.ch\/wp-content\/uploads\/2021\/12\/ZVR2122_visual_low-Kopie-1024x355.jpg\" alt=\"\" class=\"wp-image-5445\" srcset=\"https:\/\/boardgeneration.ch\/wp-content\/uploads\/2021\/12\/ZVR2122_visual_low-Kopie-1024x355.jpg 1024w, https:\/\/boardgeneration.ch\/wp-content\/uploads\/2021\/12\/ZVR2122_visual_low-Kopie-300x104.jpg 300w, https:\/\/boardgeneration.ch\/wp-content\/uploads\/2021\/12\/ZVR2122_visual_low-Kopie-768x266.jpg 768w, https:\/\/boardgeneration.ch\/wp-content\/uploads\/2021\/12\/ZVR2122_visual_low-Kopie-1536x532.jpg 1536w, https:\/\/boardgeneration.ch\/wp-content\/uploads\/2021\/12\/ZVR2122_visual_low-Kopie-18x6.jpg 18w, https:\/\/boardgeneration.ch\/wp-content\/uploads\/2021\/12\/ZVR2122_visual_low-Kopie.jpg 1807w\" sizes=\"auto, (max-width: 1024px) 100vw, 1024px\" \/><figcaption><span class=\"media-credit\"> <\/span><\/figcaption><\/figure>\n\n\n\n<p>There is good news! On Saturday, December 11, the Hochzillertal - Kaltenbach ski region started the winter season. And on 18 December, the Betterpark Hochzillertal celebrates its debut into the season with the 1st Zillertal V\u00c4LLEY R\u00c4LLEY tour stop. For guests of the mountain railways as well as the Zillertal V\u00c4LLEY R\u00c4LLEY the 2G rule and FFP-2 mask obligation in closed rooms, at the registration, in the gondola and at the award ceremony applies.<\/p>\n\n\n\n<p>Martha Schultz from the Bergbahnen Hochzillertal-Kaltenbach is happy to be able to offer young snowboarders a highlight again: \"The snowpark is shaped and we can start with the 1st Zillertal V\u00c4LLEY R\u00c4LLEY tour stop. We are already very excited about our young snowboard talents. Now it's just a matter of registering and we Hochzillertaler are already looking forward to the event.\"<\/p>\n\n\n\n<figure class=\"wp-block-image size-large\"><img loading=\"lazy\" decoding=\"async\" width=\"1024\" height=\"683\" data-attachment-id=\"5442\" data-permalink=\"https:\/\/boardgeneration.ch\/en\/ryoma-kimata\/\" data-orig-file=\"https:\/\/boardgeneration.ch\/wp-content\/uploads\/2021\/12\/18-12-22_zvr_Kaltenbach_Contest__Ryoma-Kimata__by_Gustav_Ohlsson_highres-scaled.jpg\" data-orig-size=\"2560,1707\" data-comments-opened=\"1\" data-image-meta=\"{&quot;aperture&quot;:&quot;11&quot;,&quot;credit&quot;:&quot;&quot;,&quot;camera&quot;:&quot;X-T10&quot;,&quot;caption&quot;:&quot;Ryoma Kimata&quot;,&quot;created_timestamp&quot;:&quot;1545491774&quot;,&quot;copyright&quot;:&quot;Gustav Ohlsson - gustav@gustavohlsson.se&quot;,&quot;focal_length&quot;:&quot;15&quot;,&quot;iso&quot;:&quot;400&quot;,&quot;shutter_speed&quot;:&quot;0.001&quot;,&quot;title&quot;:&quot;Ryoma Kimata&quot;,&quot;orientation&quot;:&quot;0&quot;}\" data-image-title=\"Ryoma Kimata\" data-image-description=\"\" data-image-caption=\"&lt;p&gt;Ryoma Kimata&lt;\/p&gt;\" data-medium-file=\"https:\/\/boardgeneration.ch\/wp-content\/uploads\/2021\/12\/18-12-22_zvr_Kaltenbach_Contest__Ryoma-Kimata__by_Gustav_Ohlsson_highres-300x200.jpg\" data-large-file=\"https:\/\/boardgeneration.ch\/wp-content\/uploads\/2021\/12\/18-12-22_zvr_Kaltenbach_Contest__Ryoma-Kimata__by_Gustav_Ohlsson_highres-1024x683.jpg\" src=\"https:\/\/boardgeneration.ch\/wp-content\/uploads\/2021\/12\/18-12-22_zvr_Kaltenbach_Contest__Ryoma-Kimata__by_Gustav_Ohlsson_highres-1024x683.jpg\" alt=\"\" class=\"wp-image-5442\" srcset=\"https:\/\/boardgeneration.ch\/wp-content\/uploads\/2021\/12\/18-12-22_zvr_Kaltenbach_Contest__Ryoma-Kimata__by_Gustav_Ohlsson_highres-1024x683.jpg 1024w, https:\/\/boardgeneration.ch\/wp-content\/uploads\/2021\/12\/18-12-22_zvr_Kaltenbach_Contest__Ryoma-Kimata__by_Gustav_Ohlsson_highres-300x200.jpg 300w, https:\/\/boardgeneration.ch\/wp-content\/uploads\/2021\/12\/18-12-22_zvr_Kaltenbach_Contest__Ryoma-Kimata__by_Gustav_Ohlsson_highres-768x512.jpg 768w, https:\/\/boardgeneration.ch\/wp-content\/uploads\/2021\/12\/18-12-22_zvr_Kaltenbach_Contest__Ryoma-Kimata__by_Gustav_Ohlsson_highres-1536x1024.jpg 1536w, https:\/\/boardgeneration.ch\/wp-content\/uploads\/2021\/12\/18-12-22_zvr_Kaltenbach_Contest__Ryoma-Kimata__by_Gustav_Ohlsson_highres-2048x1365.jpg 2048w, https:\/\/boardgeneration.ch\/wp-content\/uploads\/2021\/12\/18-12-22_zvr_Kaltenbach_Contest__Ryoma-Kimata__by_Gustav_Ohlsson_highres-18x12.jpg 18w\" sizes=\"auto, (max-width: 1024px) 100vw, 1024px\" \/><figcaption><span class=\"media-credit\">\u00a9 Gustav Ohlsson - gustav@gustavohlsson.se<\/span> Ryoma Kimata<\/figcaption><\/figure>\n\n\n\n<p>During the coaching day, small groups will be training in the Betterpark Hochzillertal and interested people can test the latest snowboards and bindings from Ride for free. On contest day, teams from all over Europe will compete in the open V\u00c4LLEY R\u00c4LLEY snowboard competition on the slopestyle course. A lot of medals, prize money and material prizes are waiting for the winners of the day. The best trick of the day will be honored by Horsefeathers with a special prize.<\/p>\n\n\n\n<p>The first of four contest results in Hochzillertal-Kaltenbach marks the start of the hunt for V\u00c4LLEY R\u00c4LLEY overall points. The overall tour winners will be crowned the new Zillertal V\u00c4LLEY R\u00c4LLEY royal family 2022 after the last tour stop at the Hintertux Glacier. Points on the international World Snowboard Point List (WSPL) are also awarded for participation in Hochzillertal-Kaltenbach and the tour stop is a recognized ASA (Austrian Snowboard Association) Austriacup. All rookies collect points in the World Rookie Ranking at the contest Further information on the international point system at <a href=\"http:\/\/www.powdern.com\" target=\"_blank\" rel=\"noreferrer noopener\">http:\/\/www.powdern.com<\/a><\/p>\n\n\n\n<figure class=\"wp-block-image size-large\"><img loading=\"lazy\" decoding=\"async\" width=\"1024\" height=\"913\" data-attachment-id=\"5444\" data-permalink=\"https:\/\/boardgeneration.ch\/en\/friedl-kolar\/\" data-orig-file=\"https:\/\/boardgeneration.ch\/wp-content\/uploads\/2021\/12\/18-12-23_zvr_Kaltenbach_Coaching__Friedl-Kolar__by_Gustav_Ohlsson_highres-scaled.jpg\" data-orig-size=\"2560,2282\" data-comments-opened=\"1\" data-image-meta=\"{&quot;aperture&quot;:&quot;13&quot;,&quot;credit&quot;:&quot;&quot;,&quot;camera&quot;:&quot;X-T10&quot;,&quot;caption&quot;:&quot;Friedl Kolar&quot;,&quot;created_timestamp&quot;:&quot;1545575936&quot;,&quot;copyright&quot;:&quot;Gustav Ohlsson - gustav@gustavohlsson.se&quot;,&quot;focal_length&quot;:&quot;15&quot;,&quot;iso&quot;:&quot;400&quot;,&quot;shutter_speed&quot;:&quot;0.001&quot;,&quot;title&quot;:&quot;Friedl Kolar&quot;,&quot;orientation&quot;:&quot;0&quot;}\" data-image-title=\"Friedl Kolar\" data-image-description=\"\" data-image-caption=\"&lt;p&gt;Friedl Kolar&lt;\/p&gt;\" data-medium-file=\"https:\/\/boardgeneration.ch\/wp-content\/uploads\/2021\/12\/18-12-23_zvr_Kaltenbach_Coaching__Friedl-Kolar__by_Gustav_Ohlsson_highres-300x267.jpg\" data-large-file=\"https:\/\/boardgeneration.ch\/wp-content\/uploads\/2021\/12\/18-12-23_zvr_Kaltenbach_Coaching__Friedl-Kolar__by_Gustav_Ohlsson_highres-1024x913.jpg\" src=\"https:\/\/boardgeneration.ch\/wp-content\/uploads\/2021\/12\/18-12-23_zvr_Kaltenbach_Coaching__Friedl-Kolar__by_Gustav_Ohlsson_highres-1024x913.jpg\" alt=\"\" class=\"wp-image-5444\" srcset=\"https:\/\/boardgeneration.ch\/wp-content\/uploads\/2021\/12\/18-12-23_zvr_Kaltenbach_Coaching__Friedl-Kolar__by_Gustav_Ohlsson_highres-1024x913.jpg 1024w, https:\/\/boardgeneration.ch\/wp-content\/uploads\/2021\/12\/18-12-23_zvr_Kaltenbach_Coaching__Friedl-Kolar__by_Gustav_Ohlsson_highres-300x267.jpg 300w, https:\/\/boardgeneration.ch\/wp-content\/uploads\/2021\/12\/18-12-23_zvr_Kaltenbach_Coaching__Friedl-Kolar__by_Gustav_Ohlsson_highres-768x685.jpg 768w, https:\/\/boardgeneration.ch\/wp-content\/uploads\/2021\/12\/18-12-23_zvr_Kaltenbach_Coaching__Friedl-Kolar__by_Gustav_Ohlsson_highres-1536x1369.jpg 1536w, https:\/\/boardgeneration.ch\/wp-content\/uploads\/2021\/12\/18-12-23_zvr_Kaltenbach_Coaching__Friedl-Kolar__by_Gustav_Ohlsson_highres-2048x1826.jpg 2048w, https:\/\/boardgeneration.ch\/wp-content\/uploads\/2021\/12\/18-12-23_zvr_Kaltenbach_Coaching__Friedl-Kolar__by_Gustav_Ohlsson_highres-13x12.jpg 13w\" sizes=\"auto, (max-width: 1024px) 100vw, 1024px\" \/><figcaption><span class=\"media-credit\">\u00a9 Gustav Ohlsson - gustav@gustavohlsson.se<\/span> Friedl Kolar<\/figcaption><\/figure>\n\n\n\n<p><strong>The partners of the 1st tour stop are:<\/strong><br>The Zillertal Tourismus GmbH, the Bergbahn Hochzillertal-Kaltenbach, the tourism association Erste Ferienregion im Zillertal, the Kristallh\u00fctte, Betterparks.at, Blue Tomato, Ride Snowboards, Red Bull, Horsefeathers and Dana Beanies, the World Snowboard Federation (WSF), the Austrian Snowboard Federation (ASA) and World Rookie Tour (WRT).<\/p>\n\n\n\n<p><strong>No accommodation secured yet?<\/strong><br>Then quickly on <a href=\"http:\/\/www.best-of-zillertal.at\" target=\"_blank\" rel=\"noreferrer noopener\">www.best-of-zillertal.at<\/a> and <a href=\"http:\/\/www.zillertal.at\" target=\"_blank\" rel=\"noreferrer noopener\">www.zillertal.at<\/a> check it out! Because from the 13th of December all hotels and accommodations in the Zillertal are open again - under the observance of the 2G rule, of course. All information about the age groups and registration is available at <a href=\"http:\/\/www.valleyralley.at\" target=\"_blank\" rel=\"noreferrer noopener\">www.valleyralley.at<\/a>.<\/p>","protected":false},"excerpt":{"rendered":"<p>Unter strengen Sicherheitsauflagen startet die Zillertal V\u00c4LLEY R\u00c4LLEY hosted by Blue Tomato &amp; Ride Snowboards am 18. und 19. Dezember in der Skiregion Hochzillertal &#8211; Kaltenbach in ihre neunte Saison. Die beliebte Zillertaler Snowboard Amateur Serie bietet jungen Talenten unter Einhaltung der 2G Regel die M\u00f6glichkeit, an gratis Freestyle Coachings teilzunehmen und sich beim offenen [&hellip;]<\/p>\n","protected":false},"author":3,"featured_media":5443,"comment_status":"open","ping_status":"open","sticky":false,"template":"","format":"standard","meta":{"_jetpack_memberships_contains_paid_content":false,"footnotes":""},"categories":[173],"tags":[30900,11700,30750,11719,11723,11686,27279],"class_list":["post-5446","post","type-post","status-publish","format-standard","has-post-thumbnail","hentry","category-news","tag-betterpark","tag-coaching","tag-contest","tag-event","tag-slopestyle","tag-snowboard","tag-zillertal"],"yoast_head":"<!-- This site is optimized with the Yoast SEO plugin v26.8 - https:\/\/yoast.com\/product\/yoast-seo-wordpress\/ -->\n<title>Tourstart der 9. Zillertal V\u00c4LLEY R\u00c4LLEY - Board Generation<\/title>\n<meta name=\"robots\" content=\"index, follow, max-snippet:-1, max-image-preview:large, max-video-preview:-1\" \/>\n<link rel=\"canonical\" href=\"https:\/\/boardgeneration.ch\/en\/tourstart-der-9-zillertal-vaelley-raelley\/\" \/>\n<meta property=\"og:locale\" content=\"en_GB\" \/>\n<meta property=\"og:type\" content=\"article\" \/>\n<meta property=\"og:title\" content=\"Tourstart der 9. Zillertal V\u00c4LLEY R\u00c4LLEY - Board Generation\" \/>\n<meta property=\"og:description\" content=\"Unter strengen Sicherheitsauflagen startet die Zillertal V\u00c4LLEY R\u00c4LLEY hosted by Blue Tomato &amp; Ride Snowboards am 18. und 19. Dezember in der Skiregion Hochzillertal &#8211; Kaltenbach in ihre neunte Saison. Die beliebte Zillertaler Snowboard Amateur Serie bietet jungen Talenten unter Einhaltung der 2G Regel die M\u00f6glichkeit, an gratis Freestyle Coachings teilzunehmen und sich beim offenen [&hellip;]\" \/>\n<meta property=\"og:url\" content=\"https:\/\/boardgeneration.ch\/en\/tourstart-der-9-zillertal-vaelley-raelley\/\" \/>\n<meta property=\"og:site_name\" content=\"Board Generation\" \/>\n<meta property=\"article:publisher\" content=\"https:\/\/www.facebook.com\/boardgeneration.ch\" \/>\n<meta property=\"article:published_time\" content=\"2021-12-12T22:04:52+00:00\" \/>\n<meta property=\"article:modified_time\" content=\"2021-12-12T22:11:14+00:00\" \/>\n<meta property=\"og:image\" content=\"https:\/\/boardgeneration.ch\/wp-content\/uploads\/2021\/12\/18-12-23_zvr_Kaltenbach_Coaching__Fabian-Nehring-Friedl-Kolar__by_Gustav_Ohlsson_highres-scaled.jpg\" \/>\n\t<meta property=\"og:image:width\" content=\"2560\" \/>\n\t<meta property=\"og:image:height\" content=\"1590\" \/>\n\t<meta property=\"og:image:type\" content=\"image\/jpeg\" \/>\n<meta name=\"author\" content=\"Pressedienst\" \/>\n<meta name=\"twitter:card\" content=\"summary_large_image\" \/>\n<meta name=\"twitter:creator\" content=\"@boardgen\" \/>\n<meta name=\"twitter:site\" content=\"@boardgen\" \/>\n<meta name=\"twitter:label1\" content=\"Written by\" \/>\n\t<meta name=\"twitter:data1\" content=\"Pressedienst\" \/>\n\t<meta name=\"twitter:label2\" content=\"Estimated reading time\" \/>\n\t<meta name=\"twitter:data2\" content=\"3 minutes\" \/>\n<script type=\"application\/ld+json\" class=\"yoast-schema-graph\">{\"@context\":\"https:\/\/schema.org\",\"@graph\":[{\"@type\":\"Article\",\"@id\":\"https:\/\/boardgeneration.ch\/tourstart-der-9-zillertal-vaelley-raelley\/#article\",\"isPartOf\":{\"@id\":\"https:\/\/boardgeneration.ch\/tourstart-der-9-zillertal-vaelley-raelley\/\"},\"author\":{\"name\":\"Pressedienst\",\"@id\":\"https:\/\/boardgeneration.ch\/#\/schema\/person\/4727ac7b918c1fd9879a564a16734f2c\"},\"headline\":\"Tourstart der 9. Zillertal V\u00c4LLEY R\u00c4LLEY\",\"datePublished\":\"2021-12-12T22:04:52+00:00\",\"dateModified\":\"2021-12-12T22:11:14+00:00\",\"mainEntityOfPage\":{\"@id\":\"https:\/\/boardgeneration.ch\/tourstart-der-9-zillertal-vaelley-raelley\/\"},\"wordCount\":501,\"commentCount\":0,\"publisher\":{\"@id\":\"https:\/\/boardgeneration.ch\/#organization\"},\"image\":{\"@id\":\"https:\/\/boardgeneration.ch\/tourstart-der-9-zillertal-vaelley-raelley\/#primaryimage\"},\"thumbnailUrl\":\"https:\/\/boardgeneration.ch\/wp-content\/uploads\/2021\/12\/18-12-23_zvr_Kaltenbach_Coaching__Fabian-Nehring-Friedl-Kolar__by_Gustav_Ohlsson_highres-scaled.jpg\",\"keywords\":[\"Betterpark\",\"Coaching\",\"Contest\",\"Event\",\"Slopestyle\",\"Snowboard\",\"Zillertal\"],\"articleSection\":[\"news\"],\"inLanguage\":\"en-GB\",\"potentialAction\":[{\"@type\":\"CommentAction\",\"name\":\"Comment\",\"target\":[\"https:\/\/boardgeneration.ch\/tourstart-der-9-zillertal-vaelley-raelley\/#respond\"]}]},{\"@type\":\"WebPage\",\"@id\":\"https:\/\/boardgeneration.ch\/tourstart-der-9-zillertal-vaelley-raelley\/\",\"url\":\"https:\/\/boardgeneration.ch\/tourstart-der-9-zillertal-vaelley-raelley\/\",\"name\":\"Tourstart der 9. Zillertal V\u00c4LLEY R\u00c4LLEY - Board Generation\",\"isPartOf\":{\"@id\":\"https:\/\/boardgeneration.ch\/#website\"},\"primaryImageOfPage\":{\"@id\":\"https:\/\/boardgeneration.ch\/tourstart-der-9-zillertal-vaelley-raelley\/#primaryimage\"},\"image\":{\"@id\":\"https:\/\/boardgeneration.ch\/tourstart-der-9-zillertal-vaelley-raelley\/#primaryimage\"},\"thumbnailUrl\":\"https:\/\/boardgeneration.ch\/wp-content\/uploads\/2021\/12\/18-12-23_zvr_Kaltenbach_Coaching__Fabian-Nehring-Friedl-Kolar__by_Gustav_Ohlsson_highres-scaled.jpg\",\"datePublished\":\"2021-12-12T22:04:52+00:00\",\"dateModified\":\"2021-12-12T22:11:14+00:00\",\"breadcrumb\":{\"@id\":\"https:\/\/boardgeneration.ch\/tourstart-der-9-zillertal-vaelley-raelley\/#breadcrumb\"},\"inLanguage\":\"en-GB\",\"potentialAction\":[{\"@type\":\"ReadAction\",\"target\":[\"https:\/\/boardgeneration.ch\/tourstart-der-9-zillertal-vaelley-raelley\/\"]}]},{\"@type\":\"ImageObject\",\"inLanguage\":\"en-GB\",\"@id\":\"https:\/\/boardgeneration.ch\/tourstart-der-9-zillertal-vaelley-raelley\/#primaryimage\",\"url\":\"https:\/\/boardgeneration.ch\/wp-content\/uploads\/2021\/12\/18-12-23_zvr_Kaltenbach_Coaching__Fabian-Nehring-Friedl-Kolar__by_Gustav_Ohlsson_highres-scaled.jpg\",\"contentUrl\":\"https:\/\/boardgeneration.ch\/wp-content\/uploads\/2021\/12\/18-12-23_zvr_Kaltenbach_Coaching__Fabian-Nehring-Friedl-Kolar__by_Gustav_Ohlsson_highres-scaled.jpg\",\"width\":2560,\"height\":1590,\"caption\":\"Fabian Nehring, Friedl Kolar\"},{\"@type\":\"BreadcrumbList\",\"@id\":\"https:\/\/boardgeneration.ch\/tourstart-der-9-zillertal-vaelley-raelley\/#breadcrumb\",\"itemListElement\":[{\"@type\":\"ListItem\",\"position\":1,\"name\":\"Startseite\",\"item\":\"https:\/\/boardgeneration.ch\/\"},{\"@type\":\"ListItem\",\"position\":2,\"name\":\"Tourstart der 9. Zillertal V\u00c4LLEY R\u00c4LLEY\"}]},{\"@type\":\"WebSite\",\"@id\":\"https:\/\/boardgeneration.ch\/#website\",\"url\":\"https:\/\/boardgeneration.ch\/\",\"name\":\"board generation\",\"description\":\"Back to the Roots\",\"publisher\":{\"@id\":\"https:\/\/boardgeneration.ch\/#organization\"},\"potentialAction\":[{\"@type\":\"SearchAction\",\"target\":{\"@type\":\"EntryPoint\",\"urlTemplate\":\"https:\/\/boardgeneration.ch\/?s={search_term_string}\"},\"query-input\":{\"@type\":\"PropertyValueSpecification\",\"valueRequired\":true,\"valueName\":\"search_term_string\"}}],\"inLanguage\":\"en-GB\"},{\"@type\":\"Organization\",\"@id\":\"https:\/\/boardgeneration.ch\/#organization\",\"name\":\"board generation\",\"url\":\"https:\/\/boardgeneration.ch\/\",\"logo\":{\"@type\":\"ImageObject\",\"inLanguage\":\"en-GB\",\"@id\":\"https:\/\/boardgeneration.ch\/#\/schema\/logo\/image\/\",\"url\":\"https:\/\/boardgeneration.ch\/wp-content\/uploads\/2019\/01\/bg-logo_mit_Text.png\",\"contentUrl\":\"https:\/\/boardgeneration.ch\/wp-content\/uploads\/2019\/01\/bg-logo_mit_Text.png\",\"width\":1040,\"height\":1155,\"caption\":\"board generation\"},\"image\":{\"@id\":\"https:\/\/boardgeneration.ch\/#\/schema\/logo\/image\/\"},\"sameAs\":[\"https:\/\/www.facebook.com\/boardgeneration.ch\",\"https:\/\/x.com\/boardgen\",\"https:\/\/www.instagram.com\/boardgen\/\"]},{\"@type\":\"Person\",\"@id\":\"https:\/\/boardgeneration.ch\/#\/schema\/person\/4727ac7b918c1fd9879a564a16734f2c\",\"name\":\"Pressedienst\",\"image\":{\"@type\":\"ImageObject\",\"inLanguage\":\"en-GB\",\"@id\":\"https:\/\/boardgeneration.ch\/#\/schema\/person\/image\/\",\"url\":\"https:\/\/boardgeneration.ch\/wp-content\/uploads\/2019\/10\/Pile-of-letters-96x96.jpg\",\"contentUrl\":\"https:\/\/boardgeneration.ch\/wp-content\/uploads\/2019\/10\/Pile-of-letters-96x96.jpg\",\"caption\":\"Pressedienst\"},\"url\":\"https:\/\/boardgeneration.ch\/en\/author\/pressedienst\/\"}]}<\/script>\n<!-- \/ Yoast SEO plugin. -->","yoast_head_json":{"title":"Tourstart der 9. Zillertal V\u00c4LLEY R\u00c4LLEY - Board Generation","robots":{"index":"index","follow":"follow","max-snippet":"max-snippet:-1","max-image-preview":"max-image-preview:large","max-video-preview":"max-video-preview:-1"},"canonical":"https:\/\/boardgeneration.ch\/en\/tourstart-der-9-zillertal-vaelley-raelley\/","og_locale":"en_GB","og_type":"article","og_title":"Tourstart der 9. Zillertal V\u00c4LLEY R\u00c4LLEY - Board Generation","og_description":"Unter strengen Sicherheitsauflagen startet die Zillertal V\u00c4LLEY R\u00c4LLEY hosted by Blue Tomato &amp; Ride Snowboards am 18. und 19. Dezember in der Skiregion Hochzillertal &#8211; Kaltenbach in ihre neunte Saison. Die beliebte Zillertaler Snowboard Amateur Serie bietet jungen Talenten unter Einhaltung der 2G Regel die M\u00f6glichkeit, an gratis Freestyle Coachings teilzunehmen und sich beim offenen [&hellip;]","og_url":"https:\/\/boardgeneration.ch\/en\/tourstart-der-9-zillertal-vaelley-raelley\/","og_site_name":"Board Generation","article_publisher":"https:\/\/www.facebook.com\/boardgeneration.ch","article_published_time":"2021-12-12T22:04:52+00:00","article_modified_time":"2021-12-12T22:11:14+00:00","og_image":[{"width":2560,"height":1590,"url":"https:\/\/boardgeneration.ch\/wp-content\/uploads\/2021\/12\/18-12-23_zvr_Kaltenbach_Coaching__Fabian-Nehring-Friedl-Kolar__by_Gustav_Ohlsson_highres-scaled.jpg","type":"image\/jpeg"}],"author":"Pressedienst","twitter_card":"summary_large_image","twitter_creator":"@boardgen","twitter_site":"@boardgen","twitter_misc":{"Written by":"Pressedienst","Estimated reading time":"3 minutes"},"schema":{"@context":"https:\/\/schema.org","@graph":[{"@type":"Article","@id":"https:\/\/boardgeneration.ch\/tourstart-der-9-zillertal-vaelley-raelley\/#article","isPartOf":{"@id":"https:\/\/boardgeneration.ch\/tourstart-der-9-zillertal-vaelley-raelley\/"},"author":{"name":"Pressedienst","@id":"https:\/\/boardgeneration.ch\/#\/schema\/person\/4727ac7b918c1fd9879a564a16734f2c"},"headline":"Tourstart der 9. Zillertal V\u00c4LLEY R\u00c4LLEY","datePublished":"2021-12-12T22:04:52+00:00","dateModified":"2021-12-12T22:11:14+00:00","mainEntityOfPage":{"@id":"https:\/\/boardgeneration.ch\/tourstart-der-9-zillertal-vaelley-raelley\/"},"wordCount":501,"commentCount":0,"publisher":{"@id":"https:\/\/boardgeneration.ch\/#organization"},"image":{"@id":"https:\/\/boardgeneration.ch\/tourstart-der-9-zillertal-vaelley-raelley\/#primaryimage"},"thumbnailUrl":"https:\/\/boardgeneration.ch\/wp-content\/uploads\/2021\/12\/18-12-23_zvr_Kaltenbach_Coaching__Fabian-Nehring-Friedl-Kolar__by_Gustav_Ohlsson_highres-scaled.jpg","keywords":["Betterpark","Coaching","Contest","Event","Slopestyle","Snowboard","Zillertal"],"articleSection":["news"],"inLanguage":"en-GB","potentialAction":[{"@type":"CommentAction","name":"Comment","target":["https:\/\/boardgeneration.ch\/tourstart-der-9-zillertal-vaelley-raelley\/#respond"]}]},{"@type":"WebPage","@id":"https:\/\/boardgeneration.ch\/tourstart-der-9-zillertal-vaelley-raelley\/","url":"https:\/\/boardgeneration.ch\/tourstart-der-9-zillertal-vaelley-raelley\/","name":"Tourstart der 9. Zillertal V\u00c4LLEY R\u00c4LLEY - Board Generation","isPartOf":{"@id":"https:\/\/boardgeneration.ch\/#website"},"primaryImageOfPage":{"@id":"https:\/\/boardgeneration.ch\/tourstart-der-9-zillertal-vaelley-raelley\/#primaryimage"},"image":{"@id":"https:\/\/boardgeneration.ch\/tourstart-der-9-zillertal-vaelley-raelley\/#primaryimage"},"thumbnailUrl":"https:\/\/boardgeneration.ch\/wp-content\/uploads\/2021\/12\/18-12-23_zvr_Kaltenbach_Coaching__Fabian-Nehring-Friedl-Kolar__by_Gustav_Ohlsson_highres-scaled.jpg","datePublished":"2021-12-12T22:04:52+00:00","dateModified":"2021-12-12T22:11:14+00:00","breadcrumb":{"@id":"https:\/\/boardgeneration.ch\/tourstart-der-9-zillertal-vaelley-raelley\/#breadcrumb"},"inLanguage":"en-GB","potentialAction":[{"@type":"ReadAction","target":["https:\/\/boardgeneration.ch\/tourstart-der-9-zillertal-vaelley-raelley\/"]}]},{"@type":"ImageObject","inLanguage":"en-GB","@id":"https:\/\/boardgeneration.ch\/tourstart-der-9-zillertal-vaelley-raelley\/#primaryimage","url":"https:\/\/boardgeneration.ch\/wp-content\/uploads\/2021\/12\/18-12-23_zvr_Kaltenbach_Coaching__Fabian-Nehring-Friedl-Kolar__by_Gustav_Ohlsson_highres-scaled.jpg","contentUrl":"https:\/\/boardgeneration.ch\/wp-content\/uploads\/2021\/12\/18-12-23_zvr_Kaltenbach_Coaching__Fabian-Nehring-Friedl-Kolar__by_Gustav_Ohlsson_highres-scaled.jpg","width":2560,"height":1590,"caption":"Fabian Nehring, Friedl Kolar"},{"@type":"BreadcrumbList","@id":"https:\/\/boardgeneration.ch\/tourstart-der-9-zillertal-vaelley-raelley\/#breadcrumb","itemListElement":[{"@type":"ListItem","position":1,"name":"Startseite","item":"https:\/\/boardgeneration.ch\/"},{"@type":"ListItem","position":2,"name":"Tourstart der 9. Zillertal V\u00c4LLEY R\u00c4LLEY"}]},{"@type":"WebSite","@id":"https:\/\/boardgeneration.ch\/#website","url":"https:\/\/boardgeneration.ch\/","name":"board generation","description":"Back to the Roots","publisher":{"@id":"https:\/\/boardgeneration.ch\/#organization"},"potentialAction":[{"@type":"SearchAction","target":{"@type":"EntryPoint","urlTemplate":"https:\/\/boardgeneration.ch\/?s={search_term_string}"},"query-input":{"@type":"PropertyValueSpecification","valueRequired":true,"valueName":"search_term_string"}}],"inLanguage":"en-GB"},{"@type":"Organization","@id":"https:\/\/boardgeneration.ch\/#organization","name":"board generation","url":"https:\/\/boardgeneration.ch\/","logo":{"@type":"ImageObject","inLanguage":"en-GB","@id":"https:\/\/boardgeneration.ch\/#\/schema\/logo\/image\/","url":"https:\/\/boardgeneration.ch\/wp-content\/uploads\/2019\/01\/bg-logo_mit_Text.png","contentUrl":"https:\/\/boardgeneration.ch\/wp-content\/uploads\/2019\/01\/bg-logo_mit_Text.png","width":1040,"height":1155,"caption":"board generation"},"image":{"@id":"https:\/\/boardgeneration.ch\/#\/schema\/logo\/image\/"},"sameAs":["https:\/\/www.facebook.com\/boardgeneration.ch","https:\/\/x.com\/boardgen","https:\/\/www.instagram.com\/boardgen\/"]},{"@type":"Person","@id":"https:\/\/boardgeneration.ch\/#\/schema\/person\/4727ac7b918c1fd9879a564a16734f2c","name":"Press service","image":{"@type":"ImageObject","inLanguage":"en-GB","@id":"https:\/\/boardgeneration.ch\/#\/schema\/person\/image\/","url":"https:\/\/boardgeneration.ch\/wp-content\/uploads\/2019\/10\/Pile-of-letters-96x96.jpg","contentUrl":"https:\/\/boardgeneration.ch\/wp-content\/uploads\/2019\/10\/Pile-of-letters-96x96.jpg","caption":"Pressedienst"},"url":"https:\/\/boardgeneration.ch\/en\/author\/pressedienst\/"}]}},"jetpack_featured_media_url":"https:\/\/boardgeneration.ch\/wp-content\/uploads\/2021\/12\/18-12-23_zvr_Kaltenbach_Coaching__Fabian-Nehring-Friedl-Kolar__by_Gustav_Ohlsson_highres-scaled.jpg","jetpack_sharing_enabled":true,"amp_enabled":true,"_links":{"self":[{"href":"https:\/\/boardgeneration.ch\/en\/wp-json\/wp\/v2\/posts\/5446","targetHints":{"allow":["GET"]}}],"collection":[{"href":"https:\/\/boardgeneration.ch\/en\/wp-json\/wp\/v2\/posts"}],"about":[{"href":"https:\/\/boardgeneration.ch\/en\/wp-json\/wp\/v2\/types\/post"}],"author":[{"embeddable":true,"href":"https:\/\/boardgeneration.ch\/en\/wp-json\/wp\/v2\/users\/3"}],"replies":[{"embeddable":true,"href":"https:\/\/boardgeneration.ch\/en\/wp-json\/wp\/v2\/comments?post=5446"}],"version-history":[{"count":4,"href":"https:\/\/boardgeneration.ch\/en\/wp-json\/wp\/v2\/posts\/5446\/revisions"}],"predecessor-version":[{"id":5451,"href":"https:\/\/boardgeneration.ch\/en\/wp-json\/wp\/v2\/posts\/5446\/revisions\/5451"}],"wp:featuredmedia":[{"embeddable":true,"href":"https:\/\/boardgeneration.ch\/en\/wp-json\/wp\/v2\/media\/5443"}],"wp:attachment":[{"href":"https:\/\/boardgeneration.ch\/en\/wp-json\/wp\/v2\/media?parent=5446"}],"wp:term":[{"taxonomy":"category","embeddable":true,"href":"https:\/\/boardgeneration.ch\/en\/wp-json\/wp\/v2\/categories?post=5446"},{"taxonomy":"post_tag","embeddable":true,"href":"https:\/\/boardgeneration.ch\/en\/wp-json\/wp\/v2\/tags?post=5446"}],"curies":[{"name":"wp","href":"https:\/\/api.w.org\/{rel}","templated":true}]}}