{"id":5671,"date":"2022-02-03T18:10:00","date_gmt":"2022-02-03T17:10:00","guid":{"rendered":"https:\/\/boardgeneration.ch\/?p=5671"},"modified":"2022-02-13T18:29:47","modified_gmt":"2022-02-13T17:29:47","slug":"the-nines-kehrt-nach-crans-montana-zurueck","status":"publish","type":"post","link":"https:\/\/boardgeneration.ch\/en\/the-nines-kehrt-nach-crans-montana-zurueck\/","title":{"rendered":"The Nines returns to Crans-Montana"},"content":{"rendered":"<span class=\"span-reading-time rt-reading-time\" style=\"display: block;\"><span class=\"rt-label rt-prefix\">Reading time: <\/span> <span class=\"rt-time\"> 2<\/span> <span class=\"rt-label rt-postfix\">minutes<\/span><\/span>\n<p>From April 4 to 9, 2022, the action sports event series steeped in tradition will hold its next high-profile ski and snowboard session in the Valais Alps.<\/p>\n\n\n\n<p><strong>Thirty events. Fourteen years. Four countries. One mission: to create a unique platform for talent, friendship and progression in action sports - from skiing to snowboarding to mountain biking and beyond. From April 4-9, 2022, the Nines will return to Crans-Montana in Valais to celebrate their historic 30th edition. On the Plaine Morte glacier (2,750 m), they will continue their long tradition of pushing the boundaries of what is possible in freestyle sports and snowpark construction.<\/strong><\/p>\n\n\n\n<figure class=\"wp-block-image size-large\"><img loading=\"lazy\" decoding=\"async\" width=\"724\" height=\"1024\" data-attachment-id=\"5679\" data-permalink=\"https:\/\/boardgeneration.ch\/en\/9sw22_snowboard\/\" data-orig-file=\"https:\/\/boardgeneration.ch\/wp-content\/uploads\/2022\/02\/9sW22_Snowboard-scaled.jpg\" data-orig-size=\"1810,2560\" data-comments-opened=\"1\" data-image-meta=\"{&quot;aperture&quot;:&quot;0&quot;,&quot;credit&quot;:&quot;&quot;,&quot;camera&quot;:&quot;&quot;,&quot;caption&quot;:&quot;&quot;,&quot;created_timestamp&quot;:&quot;0&quot;,&quot;copyright&quot;:&quot;&quot;,&quot;focal_length&quot;:&quot;0&quot;,&quot;iso&quot;:&quot;0&quot;,&quot;shutter_speed&quot;:&quot;0&quot;,&quot;title&quot;:&quot;&quot;,&quot;orientation&quot;:&quot;0&quot;}\" data-image-title=\"9sW22_Snowboard\" data-image-description=\"\" data-image-caption=\"\" data-medium-file=\"https:\/\/boardgeneration.ch\/wp-content\/uploads\/2022\/02\/9sW22_Snowboard-212x300.jpg\" data-large-file=\"https:\/\/boardgeneration.ch\/wp-content\/uploads\/2022\/02\/9sW22_Snowboard-724x1024.jpg\" src=\"https:\/\/boardgeneration.ch\/wp-content\/uploads\/2022\/02\/9sW22_Snowboard-724x1024.jpg\" alt=\"\" class=\"wp-image-5679\" srcset=\"https:\/\/boardgeneration.ch\/wp-content\/uploads\/2022\/02\/9sW22_Snowboard-724x1024.jpg 724w, https:\/\/boardgeneration.ch\/wp-content\/uploads\/2022\/02\/9sW22_Snowboard-212x300.jpg 212w, https:\/\/boardgeneration.ch\/wp-content\/uploads\/2022\/02\/9sW22_Snowboard-768x1086.jpg 768w, https:\/\/boardgeneration.ch\/wp-content\/uploads\/2022\/02\/9sW22_Snowboard-1086x1536.jpg 1086w, https:\/\/boardgeneration.ch\/wp-content\/uploads\/2022\/02\/9sW22_Snowboard-1448x2048.jpg 1448w, https:\/\/boardgeneration.ch\/wp-content\/uploads\/2022\/02\/9sW22_Snowboard-8x12.jpg 8w, https:\/\/boardgeneration.ch\/wp-content\/uploads\/2022\/02\/9sW22_Snowboard-scaled.jpg 1810w\" sizes=\"auto, (max-width: 724px) 100vw, 724px\" \/><figcaption><span class=\"media-credit\"> <\/span><\/figcaption><\/figure>\n\n\n\n<p>Crans-Montana's diverse sports infrastructure, including the Ala\u00efa surf pool, skate park and snow park, as well as the massive Nines snow facilities, guarantee first-class action both on and off the slopes. In this freestyle paradise, a hand-picked squad of top international freeskiers and world-class snowboarders will gather for six days of filming and progression sessions, pushing each other to new heights thanks to the Nines' unique non-competitive format.<\/p>\n\n\n\n<p>Some of the biggest names in freeskiing and snowboarding have already confirmed their participation. Among them are stars like Zeb Powell (USA, Snb), Zoi Sadowski-Synnott (NZL,Snb), Marcus Kleveland (NOR, Snb), Mat\u011bj \u0160vancer (AUT, Ski), Anna Gasser (AUT, Snb), Jesper Tj\u00e4der (SWE, Ski), Sebbe De Buck (BEL, Snb), Taylor Brooke Lundquist (USA, Ski) and Tess Ledeux (FRA, Ski). And the list keeps growing...<\/p>\n\n\n\n<div class=\"wp-block-jetpack-tiled-gallery aligncenter is-style-rectangular\"><div class=\"tiled-gallery__gallery\"><div class=\"tiled-gallery__row\"><div class=\"tiled-gallery__col\" style=\"flex-basis:57.30790%\"><figure class=\"tiled-gallery__item\"><img decoding=\"async\" data-attachment-id=\"5678\" data-permalink=\"https:\/\/boardgeneration.ch\/en\/tan19_snb_sebbedebuck_theoacworth_web-jpg\/\" data-orig-file=\"https:\/\/boardgeneration.ch\/wp-content\/uploads\/2022\/02\/TAN19_SNB_SebbedeBuck_TheoAcworth_WEB.jpg.jpg\" data-orig-size=\"1667,2500\" data-comments-opened=\"1\" data-image-meta=\"{&quot;aperture&quot;:&quot;9&quot;,&quot;credit&quot;:&quot;Atlas Images&quot;,&quot;camera&quot;:&quot;Canon EOS 5D Mark III&quot;,&quot;caption&quot;:&quot;&quot;,&quot;created_timestamp&quot;:&quot;1556187588&quot;,&quot;copyright&quot;:&quot;Copyright Atlas Images 2017&quot;,&quot;focal_length&quot;:&quot;15&quot;,&quot;iso&quot;:&quot;200&quot;,&quot;shutter_speed&quot;:&quot;0.00015625&quot;,&quot;title&quot;:&quot;&quot;,&quot;orientation&quot;:&quot;0&quot;}\" data-image-title=\"TAN19_SNB_SebbedeBuck_TheoAcworth_WEB.jpg\" data-image-description=\"\" data-image-caption=\"\" data-medium-file=\"https:\/\/boardgeneration.ch\/wp-content\/uploads\/2022\/02\/TAN19_SNB_SebbedeBuck_TheoAcworth_WEB.jpg-200x300.jpg\" data-large-file=\"https:\/\/boardgeneration.ch\/wp-content\/uploads\/2022\/02\/TAN19_SNB_SebbedeBuck_TheoAcworth_WEB.jpg-683x1024.jpg\" role=\"button\" tabindex=\"0\" aria-label=\"Open image 1 of 5 in full-screen\" srcset=\"https:\/\/i1.wp.com\/boardgeneration.ch\/wp-content\/uploads\/2022\/02\/TAN19_SNB_SebbedeBuck_TheoAcworth_WEB.jpg-683x1024.jpg?strip=info&#038;w=600&#038;ssl=1 600w,https:\/\/i1.wp.com\/boardgeneration.ch\/wp-content\/uploads\/2022\/02\/TAN19_SNB_SebbedeBuck_TheoAcworth_WEB.jpg-683x1024.jpg?strip=info&#038;w=900&#038;ssl=1 900w,https:\/\/i1.wp.com\/boardgeneration.ch\/wp-content\/uploads\/2022\/02\/TAN19_SNB_SebbedeBuck_TheoAcworth_WEB.jpg-683x1024.jpg?strip=info&#038;w=1200&#038;ssl=1 1200w,https:\/\/i1.wp.com\/boardgeneration.ch\/wp-content\/uploads\/2022\/02\/TAN19_SNB_SebbedeBuck_TheoAcworth_WEB.jpg-683x1024.jpg?strip=info&#038;w=1500&#038;ssl=1 1500w,https:\/\/i1.wp.com\/boardgeneration.ch\/wp-content\/uploads\/2022\/02\/TAN19_SNB_SebbedeBuck_TheoAcworth_WEB.jpg-683x1024.jpg?strip=info&#038;w=1667&#038;ssl=1 1667w\" alt=\"\" data-height=\"2500\" data-id=\"5678\" data-link=\"https:\/\/boardgeneration.ch\/tan19_snb_sebbedebuck_theoacworth_web-jpg\/\" data-url=\"https:\/\/boardgeneration.ch\/wp-content\/uploads\/2022\/02\/TAN19_SNB_SebbedeBuck_TheoAcworth_WEB.jpg-683x1024.jpg\" data-width=\"1667\" src=\"https:\/\/i1.wp.com\/boardgeneration.ch\/wp-content\/uploads\/2022\/02\/TAN19_SNB_SebbedeBuck_TheoAcworth_WEB.jpg-683x1024.jpg?ssl=1\" data-amp-layout=\"responsive\"\/><\/figure><\/div><div class=\"tiled-gallery__col\" style=\"flex-basis:42.69210%\"><figure class=\"tiled-gallery__item\"><img decoding=\"async\" data-attachment-id=\"5677\" data-permalink=\"https:\/\/boardgeneration.ch\/en\/snb-3\/\" data-orig-file=\"https:\/\/boardgeneration.ch\/wp-content\/uploads\/2022\/02\/TAN19_DAY4_snb_Sta\u030ale_Sandbech_david_malacrida_75250419_WEB.jpg\" data-orig-size=\"2500,1667\" data-comments-opened=\"1\" data-image-meta=\"{&quot;aperture&quot;:&quot;8&quot;,&quot;credit&quot;:&quot;david malacrida&quot;,&quot;camera&quot;:&quot;Canon EOS 5D Mark III&quot;,&quot;caption&quot;:&quot;St\\u00e5le Sandbech&quot;,&quot;created_timestamp&quot;:&quot;1556196527&quot;,&quot;copyright&quot;:&quot;&quot;,&quot;focal_length&quot;:&quot;35&quot;,&quot;iso&quot;:&quot;125&quot;,&quot;shutter_speed&quot;:&quot;0.000625&quot;,&quot;title&quot;:&quot;snb&quot;,&quot;orientation&quot;:&quot;0&quot;}\" data-image-title=\"snb\" data-image-description=\"\" data-image-caption=\"&lt;p&gt;St\u00e5le Sandbech&lt;\/p&gt;\" data-medium-file=\"https:\/\/boardgeneration.ch\/wp-content\/uploads\/2022\/02\/TAN19_DAY4_snb_Sta\u030ale_Sandbech_david_malacrida_75250419_WEB-300x200.jpg\" data-large-file=\"https:\/\/boardgeneration.ch\/wp-content\/uploads\/2022\/02\/TAN19_DAY4_snb_Sta\u030ale_Sandbech_david_malacrida_75250419_WEB-1024x683.jpg\" role=\"button\" tabindex=\"0\" aria-label=\"Open image 2 of 5 in full-screen\" srcset=\"https:\/\/i0.wp.com\/boardgeneration.ch\/wp-content\/uploads\/2022\/02\/TAN19_DAY4_snb_Sta%CC%8Ale_Sandbech_david_malacrida_75250419_WEB-1024x683.jpg?strip=info&#038;w=600&#038;ssl=1 600w,https:\/\/i0.wp.com\/boardgeneration.ch\/wp-content\/uploads\/2022\/02\/TAN19_DAY4_snb_Sta%CC%8Ale_Sandbech_david_malacrida_75250419_WEB-1024x683.jpg?strip=info&#038;w=900&#038;ssl=1 900w,https:\/\/i0.wp.com\/boardgeneration.ch\/wp-content\/uploads\/2022\/02\/TAN19_DAY4_snb_Sta%CC%8Ale_Sandbech_david_malacrida_75250419_WEB-1024x683.jpg?strip=info&#038;w=1200&#038;ssl=1 1200w,https:\/\/i0.wp.com\/boardgeneration.ch\/wp-content\/uploads\/2022\/02\/TAN19_DAY4_snb_Sta%CC%8Ale_Sandbech_david_malacrida_75250419_WEB-1024x683.jpg?strip=info&#038;w=1500&#038;ssl=1 1500w,https:\/\/i0.wp.com\/boardgeneration.ch\/wp-content\/uploads\/2022\/02\/TAN19_DAY4_snb_Sta%CC%8Ale_Sandbech_david_malacrida_75250419_WEB-1024x683.jpg?strip=info&#038;w=1800&#038;ssl=1 1800w,https:\/\/i0.wp.com\/boardgeneration.ch\/wp-content\/uploads\/2022\/02\/TAN19_DAY4_snb_Sta%CC%8Ale_Sandbech_david_malacrida_75250419_WEB-1024x683.jpg?strip=info&#038;w=2000&#038;ssl=1 2000w\" alt=\"\" data-height=\"1667\" data-id=\"5677\" data-link=\"https:\/\/boardgeneration.ch\/snb-3\/\" data-url=\"https:\/\/boardgeneration.ch\/wp-content\/uploads\/2022\/02\/TAN19_DAY4_snb_Sta\u030ale_Sandbech_david_malacrida_75250419_WEB-1024x683.jpg\" data-width=\"2500\" src=\"https:\/\/i0.wp.com\/boardgeneration.ch\/wp-content\/uploads\/2022\/02\/TAN19_DAY4_snb_Sta%CC%8Ale_Sandbech_david_malacrida_75250419_WEB-1024x683.jpg?ssl=1\" data-amp-layout=\"responsive\"\/><\/figure><figure class=\"tiled-gallery__item\"><img decoding=\"async\" data-attachment-id=\"5676\" data-permalink=\"https:\/\/boardgeneration.ch\/en\/the-audi-nines-2019-day-1-3\/\" data-orig-file=\"https:\/\/boardgeneration.ch\/wp-content\/uploads\/2022\/02\/TAN19_Day1_SNB_Terje-Haakonsen_KlausPolzer_Web02-scaled.jpg\" data-orig-size=\"2560,1704\" data-comments-opened=\"1\" data-image-meta=\"{&quot;aperture&quot;:&quot;10&quot;,&quot;credit&quot;:&quot;Klaus Polzer&quot;,&quot;camera&quot;:&quot;NIKON D4&quot;,&quot;caption&quot;:&quot;Terje Haakonsen&quot;,&quot;created_timestamp&quot;:&quot;1555933710&quot;,&quot;copyright&quot;:&quot;\\u00a9 Klaus Polzer \/ The Audi Nines&quot;,&quot;focal_length&quot;:&quot;200&quot;,&quot;iso&quot;:&quot;200&quot;,&quot;shutter_speed&quot;:&quot;0.0008&quot;,&quot;title&quot;:&quot;The Audi Nines 2019 \\u2013 Day 1&quot;,&quot;orientation&quot;:&quot;0&quot;}\" data-image-title=\"The Audi Nines 2019 \u2013 Day 1\" data-image-description=\"\" data-image-caption=\"&lt;p&gt;Terje Haakonsen&lt;\/p&gt;\" data-medium-file=\"https:\/\/boardgeneration.ch\/wp-content\/uploads\/2022\/02\/TAN19_Day1_SNB_Terje-Haakonsen_KlausPolzer_Web02-300x200.jpg\" data-large-file=\"https:\/\/boardgeneration.ch\/wp-content\/uploads\/2022\/02\/TAN19_Day1_SNB_Terje-Haakonsen_KlausPolzer_Web02-1024x682.jpg\" role=\"button\" tabindex=\"0\" aria-label=\"Open image 3 of 5 in full-screen\" srcset=\"https:\/\/i0.wp.com\/boardgeneration.ch\/wp-content\/uploads\/2022\/02\/TAN19_Day1_SNB_Terje-Haakonsen_KlausPolzer_Web02-1024x682.jpg?strip=info&#038;w=600&#038;ssl=1 600w,https:\/\/i0.wp.com\/boardgeneration.ch\/wp-content\/uploads\/2022\/02\/TAN19_Day1_SNB_Terje-Haakonsen_KlausPolzer_Web02-1024x682.jpg?strip=info&#038;w=900&#038;ssl=1 900w,https:\/\/i0.wp.com\/boardgeneration.ch\/wp-content\/uploads\/2022\/02\/TAN19_Day1_SNB_Terje-Haakonsen_KlausPolzer_Web02-1024x682.jpg?strip=info&#038;w=1200&#038;ssl=1 1200w,https:\/\/i0.wp.com\/boardgeneration.ch\/wp-content\/uploads\/2022\/02\/TAN19_Day1_SNB_Terje-Haakonsen_KlausPolzer_Web02-1024x682.jpg?strip=info&#038;w=1500&#038;ssl=1 1500w,https:\/\/i0.wp.com\/boardgeneration.ch\/wp-content\/uploads\/2022\/02\/TAN19_Day1_SNB_Terje-Haakonsen_KlausPolzer_Web02-1024x682.jpg?strip=info&#038;w=1800&#038;ssl=1 1800w,https:\/\/i0.wp.com\/boardgeneration.ch\/wp-content\/uploads\/2022\/02\/TAN19_Day1_SNB_Terje-Haakonsen_KlausPolzer_Web02-1024x682.jpg?strip=info&#038;w=2000&#038;ssl=1 2000w\" alt=\"\" data-height=\"1704\" data-id=\"5676\" data-link=\"https:\/\/boardgeneration.ch\/the-audi-nines-2019-day-1-3\/\" data-url=\"https:\/\/boardgeneration.ch\/wp-content\/uploads\/2022\/02\/TAN19_Day1_SNB_Terje-Haakonsen_KlausPolzer_Web02-1024x682.jpg\" data-width=\"2560\" src=\"https:\/\/i0.wp.com\/boardgeneration.ch\/wp-content\/uploads\/2022\/02\/TAN19_Day1_SNB_Terje-Haakonsen_KlausPolzer_Web02-1024x682.jpg?ssl=1\" data-amp-layout=\"responsive\"\/><\/figure><figure class=\"tiled-gallery__item\"><img decoding=\"async\" data-attachment-id=\"5675\" data-permalink=\"https:\/\/boardgeneration.ch\/en\/suzuki-nine-royals-2017-day-2-morning-session\/\" data-orig-file=\"https:\/\/boardgeneration.ch\/wp-content\/uploads\/2022\/02\/2017_NineRoyals_SNB_Anna-Gasser_53_by_Klaus-Polzer_Distillery_nbh.jpg\" data-orig-size=\"2500,1656\" data-comments-opened=\"1\" data-image-meta=\"{&quot;aperture&quot;:&quot;8&quot;,&quot;credit&quot;:&quot;Klaus Polzer&quot;,&quot;camera&quot;:&quot;GR II&quot;,&quot;caption&quot;:&quot;Anna Gasser&quot;,&quot;created_timestamp&quot;:&quot;1490697834&quot;,&quot;copyright&quot;:&quot;\\u00a9 Klaus Polzer \/ Suzuki Nine Royals&quot;,&quot;focal_length&quot;:&quot;18.3&quot;,&quot;iso&quot;:&quot;100&quot;,&quot;shutter_speed&quot;:&quot;0.0008&quot;,&quot;title&quot;:&quot;Suzuki Nine Royals 2017 \\u2013 Day 2 Morning Session&quot;,&quot;orientation&quot;:&quot;0&quot;}\" data-image-title=\"Suzuki Nine Royals 2017 \u2013 Day 2 Morning Session\" data-image-description=\"\" data-image-caption=\"&lt;p&gt;Anna Gasser&lt;\/p&gt;\" data-medium-file=\"https:\/\/boardgeneration.ch\/wp-content\/uploads\/2022\/02\/2017_NineRoyals_SNB_Anna-Gasser_53_by_Klaus-Polzer_Distillery_nbh-300x199.jpg\" data-large-file=\"https:\/\/boardgeneration.ch\/wp-content\/uploads\/2022\/02\/2017_NineRoyals_SNB_Anna-Gasser_53_by_Klaus-Polzer_Distillery_nbh-1024x678.jpg\" role=\"button\" tabindex=\"0\" aria-label=\"Open image 4 of 5 in full-screen\" srcset=\"https:\/\/i1.wp.com\/boardgeneration.ch\/wp-content\/uploads\/2022\/02\/2017_NineRoyals_SNB_Anna-Gasser_53_by_Klaus-Polzer_Distillery_nbh-1024x678.jpg?strip=info&#038;w=600&#038;ssl=1 600w,https:\/\/i1.wp.com\/boardgeneration.ch\/wp-content\/uploads\/2022\/02\/2017_NineRoyals_SNB_Anna-Gasser_53_by_Klaus-Polzer_Distillery_nbh-1024x678.jpg?strip=info&#038;w=900&#038;ssl=1 900w,https:\/\/i1.wp.com\/boardgeneration.ch\/wp-content\/uploads\/2022\/02\/2017_NineRoyals_SNB_Anna-Gasser_53_by_Klaus-Polzer_Distillery_nbh-1024x678.jpg?strip=info&#038;w=1200&#038;ssl=1 1200w,https:\/\/i1.wp.com\/boardgeneration.ch\/wp-content\/uploads\/2022\/02\/2017_NineRoyals_SNB_Anna-Gasser_53_by_Klaus-Polzer_Distillery_nbh-1024x678.jpg?strip=info&#038;w=1500&#038;ssl=1 1500w,https:\/\/i1.wp.com\/boardgeneration.ch\/wp-content\/uploads\/2022\/02\/2017_NineRoyals_SNB_Anna-Gasser_53_by_Klaus-Polzer_Distillery_nbh-1024x678.jpg?strip=info&#038;w=1800&#038;ssl=1 1800w,https:\/\/i1.wp.com\/boardgeneration.ch\/wp-content\/uploads\/2022\/02\/2017_NineRoyals_SNB_Anna-Gasser_53_by_Klaus-Polzer_Distillery_nbh-1024x678.jpg?strip=info&#038;w=2000&#038;ssl=1 2000w\" alt=\"\" data-height=\"1656\" data-id=\"5675\" data-link=\"https:\/\/boardgeneration.ch\/suzuki-nine-royals-2017-day-2-morning-session\/\" data-url=\"https:\/\/boardgeneration.ch\/wp-content\/uploads\/2022\/02\/2017_NineRoyals_SNB_Anna-Gasser_53_by_Klaus-Polzer_Distillery_nbh-1024x678.jpg\" data-width=\"2500\" src=\"https:\/\/i1.wp.com\/boardgeneration.ch\/wp-content\/uploads\/2022\/02\/2017_NineRoyals_SNB_Anna-Gasser_53_by_Klaus-Polzer_Distillery_nbh-1024x678.jpg?ssl=1\" data-amp-layout=\"responsive\"\/><\/figure><\/div><\/div><div class=\"tiled-gallery__row\"><div class=\"tiled-gallery__col\" style=\"flex-basis:100.00000%\"><figure class=\"tiled-gallery__item\"><img decoding=\"async\" data-attachment-id=\"5674\" data-permalink=\"https:\/\/boardgeneration.ch\/en\/suzuki-nine-knights-2016-mission-for-the-perfect-hip-contest-day\/\" data-orig-file=\"https:\/\/boardgeneration.ch\/wp-content\/uploads\/2022\/02\/2016_Royals_Christian-Haller_Klaus-Polzer_Distillery_NBH_27_LR.jpg\" data-orig-size=\"799,1200\" data-comments-opened=\"1\" data-image-meta=\"{&quot;aperture&quot;:&quot;10&quot;,&quot;credit&quot;:&quot;Klaus Polzer&quot;,&quot;camera&quot;:&quot;NIKON D4&quot;,&quot;caption&quot;:&quot;Christian Haller&quot;,&quot;created_timestamp&quot;:&quot;1459604952&quot;,&quot;copyright&quot;:&quot;\\u00a9 Klaus Polzer \/ Suzuki Nine Knights&quot;,&quot;focal_length&quot;:&quot;70&quot;,&quot;iso&quot;:&quot;250&quot;,&quot;shutter_speed&quot;:&quot;0.0008&quot;,&quot;title&quot;:&quot;Suzuki Nine Knights 2016 \\u2013 Mission for the Perfect Hip \/ Contest Day&quot;,&quot;orientation&quot;:&quot;0&quot;}\" data-image-title=\"Suzuki Nine Knights 2016 \u2013 Mission for the Perfect Hip \/ Contest Day\" data-image-description=\"\" data-image-caption=\"&lt;p&gt;Christian Haller&lt;\/p&gt;\" data-medium-file=\"https:\/\/boardgeneration.ch\/wp-content\/uploads\/2022\/02\/2016_Royals_Christian-Haller_Klaus-Polzer_Distillery_NBH_27_LR-200x300.jpg\" data-large-file=\"https:\/\/boardgeneration.ch\/wp-content\/uploads\/2022\/02\/2016_Royals_Christian-Haller_Klaus-Polzer_Distillery_NBH_27_LR-682x1024.jpg\" role=\"button\" tabindex=\"0\" aria-label=\"Open image 5 of 5 in full-screen\" srcset=\"https:\/\/i0.wp.com\/boardgeneration.ch\/wp-content\/uploads\/2022\/02\/2016_Royals_Christian-Haller_Klaus-Polzer_Distillery_NBH_27_LR-682x1024.jpg?strip=info&#038;w=600&#038;ssl=1 600w,https:\/\/i0.wp.com\/boardgeneration.ch\/wp-content\/uploads\/2022\/02\/2016_Royals_Christian-Haller_Klaus-Polzer_Distillery_NBH_27_LR-682x1024.jpg?strip=info&#038;w=799&#038;ssl=1 799w\" alt=\"\" data-height=\"1200\" data-id=\"5674\" data-link=\"https:\/\/boardgeneration.ch\/suzuki-nine-knights-2016-mission-for-the-perfect-hip-contest-day\/\" data-url=\"https:\/\/boardgeneration.ch\/wp-content\/uploads\/2022\/02\/2016_Royals_Christian-Haller_Klaus-Polzer_Distillery_NBH_27_LR-682x1024.jpg\" data-width=\"799\" src=\"https:\/\/i0.wp.com\/boardgeneration.ch\/wp-content\/uploads\/2022\/02\/2016_Royals_Christian-Haller_Klaus-Polzer_Distillery_NBH_27_LR-682x1024.jpg?ssl=1\" data-amp-layout=\"responsive\"\/><\/figure><\/div><\/div><\/div><\/div>\n\n\n\n<p><strong>Red Bull Phenom XBecome a Nine video contest<\/strong><\/p>\n\n\n\n<p>Through the Red Bull Phenom XBecome a Nine video contest, four more freeskiers and snowboarders can secure wildcards to this exclusive progression session. Submissions are open now. For more information on how to participate in Red Bull Phenom XBecome a Nine, please go to <a href=\"https:\/\/www.thenines.cc\/crans-montana\/rb-phenom-x-become-a-nine\" target=\"_blank\" rel=\"noreferrer noopener\">https:\/\/www.thenines.cc\/crans-montana\/rb-phenom-x-become-a-nine<\/a>. <\/p>\n\n\n\n<p><strong>The Nines Public Day on Saturday, April 92022<\/strong><\/p>\n\n\n\n<p>But you don't have to be the next freestyle great to be at the Nines. On April 9, 2022, the Nines Public Day will give everyone interested the chance to experience the action up close in Crans-Montana. Sports fans should not miss this special opportunity and follow the action directly on site!<\/p>\n\n\n\n<p>More info at:<\/p>\n\n\n\n<ul class=\"wp-block-list\"><li><a href=\"http:\/\/www.thenines.cc\" target=\"_blank\" rel=\"noreferrer noopener\">www.thenines.cc<\/a><\/li><li><a href=\"http:\/\/www.instagram.com\/thenines.cc\" target=\"_blank\" rel=\"noreferrer noopener\">www.instagram.com\/thenines.cc<\/a><\/li><li><a href=\"http:\/\/www.facebook.com\/The.Nines.cc\" target=\"_blank\" rel=\"noreferrer noopener\">www.facebook.com\/The.Nines.cc<\/a><\/li><li><a href=\"http:\/\/www.youtube.com\/c\/TheNines3\" target=\"_blank\" rel=\"noreferrer noopener\">www.youtube.com\/c\/TheNines3<a href=\"https:\/\/www.thenines.cc\/crans-montana\/rb-phenom-x-become-a-nine\" target=\"_blank\" rel=\"noreferrer noopener\"><\/a><a href=\"https:\/\/www.thenines.cc\/crans-montana\/rb-phenom-x-become-a-nine\" target=\"_blank\" rel=\"noreferrer noopener\"><\/a><a href=\"http:\/\/www.thenines.cc\/\" target=\"_blank\" rel=\"noreferrer noopener\"><\/a><a href=\"http:\/\/www.instagram.com\/thenines.cc\" target=\"_blank\" rel=\"noreferrer noopener\"><\/a><a href=\"http:\/\/www.facebook.com\/The.Nines.cc\" target=\"_blank\" rel=\"noreferrer noopener\"><\/a><\/a><\/li><\/ul>","protected":false},"excerpt":{"rendered":"<p>Vom 4. bis 9. April 2022 h\u00e4lt die traditionsreiche Actionsport-Eventreihe die n\u00e4chste hochkar\u00e4tige Ski-und Snowboard-Session in den Walliser Alpen ab. Dreissig Veranstaltungen. Vierzehn Jahre. Vier L\u00e4nder. Eine Mission: Eine einzigartige Plattform f\u00fcr Talente, Freundschaft und Progression im Actionsport zu schaffen \u2013 vom Skifahren \u00fcber das Snowboarden bis zum Mountainbiken und dar\u00fcber hinaus. Vom 4. bis [&hellip;]<\/p>\n","protected":false},"author":3,"featured_media":5673,"comment_status":"open","ping_status":"open","sticky":false,"template":"","format":"standard","meta":{"_jetpack_memberships_contains_paid_content":false,"footnotes":""},"categories":[172,12],"tags":[10565,11686,32182],"class_list":["post-5671","post","type-post","status-publish","format-standard","has-post-thumbnail","hentry","category-agenda","category-event","tag-film","tag-snowboard","tag-snowboarder"],"yoast_head":"<!-- This site is optimized with the Yoast SEO plugin v26.8 - https:\/\/yoast.com\/product\/yoast-seo-wordpress\/ -->\n<title>The Nines kehrt nach Crans-Montana zur\u00fcck - Board Generation<\/title>\n<meta name=\"robots\" content=\"index, follow, max-snippet:-1, max-image-preview:large, max-video-preview:-1\" \/>\n<link rel=\"canonical\" href=\"https:\/\/boardgeneration.ch\/en\/the-nines-kehrt-nach-crans-montana-zurueck\/\" \/>\n<meta property=\"og:locale\" content=\"en_GB\" \/>\n<meta property=\"og:type\" content=\"article\" \/>\n<meta property=\"og:title\" content=\"The Nines kehrt nach Crans-Montana zur\u00fcck - Board Generation\" \/>\n<meta property=\"og:description\" content=\"Vom 4. bis 9. April 2022 h\u00e4lt die traditionsreiche Actionsport-Eventreihe die n\u00e4chste hochkar\u00e4tige Ski-und Snowboard-Session in den Walliser Alpen ab. Dreissig Veranstaltungen. Vierzehn Jahre. Vier L\u00e4nder. Eine Mission: Eine einzigartige Plattform f\u00fcr Talente, Freundschaft und Progression im Actionsport zu schaffen \u2013 vom Skifahren \u00fcber das Snowboarden bis zum Mountainbiken und dar\u00fcber hinaus. Vom 4. bis [&hellip;]\" \/>\n<meta property=\"og:url\" content=\"https:\/\/boardgeneration.ch\/en\/the-nines-kehrt-nach-crans-montana-zurueck\/\" \/>\n<meta property=\"og:site_name\" content=\"Board Generation\" \/>\n<meta property=\"article:publisher\" content=\"https:\/\/www.facebook.com\/boardgeneration.ch\" \/>\n<meta property=\"article:published_time\" content=\"2022-02-03T17:10:00+00:00\" \/>\n<meta property=\"article:modified_time\" content=\"2022-02-13T17:29:47+00:00\" \/>\n<meta property=\"og:image\" content=\"https:\/\/boardgeneration.ch\/wp-content\/uploads\/2022\/02\/2014_NineQueens_Jessika-Jenson_Heli-Session_35_KlausPolzer_HighRes-scaled.jpg\" \/>\n\t<meta property=\"og:image:width\" content=\"2560\" \/>\n\t<meta property=\"og:image:height\" content=\"1704\" \/>\n\t<meta property=\"og:image:type\" content=\"image\/jpeg\" \/>\n<meta name=\"author\" content=\"Pressedienst\" \/>\n<meta name=\"twitter:card\" content=\"summary_large_image\" \/>\n<meta name=\"twitter:creator\" content=\"@boardgen\" \/>\n<meta name=\"twitter:site\" content=\"@boardgen\" \/>\n<meta name=\"twitter:label1\" content=\"Written by\" \/>\n\t<meta name=\"twitter:data1\" content=\"Pressedienst\" \/>\n\t<meta name=\"twitter:label2\" content=\"Estimated reading time\" \/>\n\t<meta name=\"twitter:data2\" content=\"3 minutes\" \/>\n<script type=\"application\/ld+json\" class=\"yoast-schema-graph\">{\"@context\":\"https:\/\/schema.org\",\"@graph\":[{\"@type\":\"Article\",\"@id\":\"https:\/\/boardgeneration.ch\/the-nines-kehrt-nach-crans-montana-zurueck\/#article\",\"isPartOf\":{\"@id\":\"https:\/\/boardgeneration.ch\/the-nines-kehrt-nach-crans-montana-zurueck\/\"},\"author\":{\"name\":\"Pressedienst\",\"@id\":\"https:\/\/boardgeneration.ch\/#\/schema\/person\/4727ac7b918c1fd9879a564a16734f2c\"},\"headline\":\"The Nines kehrt nach Crans-Montana zur\u00fcck\",\"datePublished\":\"2022-02-03T17:10:00+00:00\",\"dateModified\":\"2022-02-13T17:29:47+00:00\",\"mainEntityOfPage\":{\"@id\":\"https:\/\/boardgeneration.ch\/the-nines-kehrt-nach-crans-montana-zurueck\/\"},\"wordCount\":367,\"commentCount\":0,\"publisher\":{\"@id\":\"https:\/\/boardgeneration.ch\/#organization\"},\"image\":{\"@id\":\"https:\/\/boardgeneration.ch\/the-nines-kehrt-nach-crans-montana-zurueck\/#primaryimage\"},\"thumbnailUrl\":\"https:\/\/boardgeneration.ch\/wp-content\/uploads\/2022\/02\/2014_NineQueens_Jessika-Jenson_Heli-Session_35_KlausPolzer_HighRes-scaled.jpg\",\"keywords\":[\"Film\",\"Snowboard\",\"Snowboarder\"],\"articleSection\":[\"agenda\",\"event\"],\"inLanguage\":\"en-GB\",\"potentialAction\":[{\"@type\":\"CommentAction\",\"name\":\"Comment\",\"target\":[\"https:\/\/boardgeneration.ch\/the-nines-kehrt-nach-crans-montana-zurueck\/#respond\"]}]},{\"@type\":\"WebPage\",\"@id\":\"https:\/\/boardgeneration.ch\/the-nines-kehrt-nach-crans-montana-zurueck\/\",\"url\":\"https:\/\/boardgeneration.ch\/the-nines-kehrt-nach-crans-montana-zurueck\/\",\"name\":\"The Nines kehrt nach Crans-Montana zur\u00fcck - Board Generation\",\"isPartOf\":{\"@id\":\"https:\/\/boardgeneration.ch\/#website\"},\"primaryImageOfPage\":{\"@id\":\"https:\/\/boardgeneration.ch\/the-nines-kehrt-nach-crans-montana-zurueck\/#primaryimage\"},\"image\":{\"@id\":\"https:\/\/boardgeneration.ch\/the-nines-kehrt-nach-crans-montana-zurueck\/#primaryimage\"},\"thumbnailUrl\":\"https:\/\/boardgeneration.ch\/wp-content\/uploads\/2022\/02\/2014_NineQueens_Jessika-Jenson_Heli-Session_35_KlausPolzer_HighRes-scaled.jpg\",\"datePublished\":\"2022-02-03T17:10:00+00:00\",\"dateModified\":\"2022-02-13T17:29:47+00:00\",\"breadcrumb\":{\"@id\":\"https:\/\/boardgeneration.ch\/the-nines-kehrt-nach-crans-montana-zurueck\/#breadcrumb\"},\"inLanguage\":\"en-GB\",\"potentialAction\":[{\"@type\":\"ReadAction\",\"target\":[\"https:\/\/boardgeneration.ch\/the-nines-kehrt-nach-crans-montana-zurueck\/\"]}]},{\"@type\":\"ImageObject\",\"inLanguage\":\"en-GB\",\"@id\":\"https:\/\/boardgeneration.ch\/the-nines-kehrt-nach-crans-montana-zurueck\/#primaryimage\",\"url\":\"https:\/\/boardgeneration.ch\/wp-content\/uploads\/2022\/02\/2014_NineQueens_Jessika-Jenson_Heli-Session_35_KlausPolzer_HighRes-scaled.jpg\",\"contentUrl\":\"https:\/\/boardgeneration.ch\/wp-content\/uploads\/2022\/02\/2014_NineQueens_Jessika-Jenson_Heli-Session_35_KlausPolzer_HighRes-scaled.jpg\",\"width\":2560,\"height\":1704,\"caption\":\"Jessika Jenson\"},{\"@type\":\"BreadcrumbList\",\"@id\":\"https:\/\/boardgeneration.ch\/the-nines-kehrt-nach-crans-montana-zurueck\/#breadcrumb\",\"itemListElement\":[{\"@type\":\"ListItem\",\"position\":1,\"name\":\"Startseite\",\"item\":\"https:\/\/boardgeneration.ch\/\"},{\"@type\":\"ListItem\",\"position\":2,\"name\":\"The Nines kehrt nach Crans-Montana zur\u00fcck\"}]},{\"@type\":\"WebSite\",\"@id\":\"https:\/\/boardgeneration.ch\/#website\",\"url\":\"https:\/\/boardgeneration.ch\/\",\"name\":\"board generation\",\"description\":\"Back to the Roots\",\"publisher\":{\"@id\":\"https:\/\/boardgeneration.ch\/#organization\"},\"potentialAction\":[{\"@type\":\"SearchAction\",\"target\":{\"@type\":\"EntryPoint\",\"urlTemplate\":\"https:\/\/boardgeneration.ch\/?s={search_term_string}\"},\"query-input\":{\"@type\":\"PropertyValueSpecification\",\"valueRequired\":true,\"valueName\":\"search_term_string\"}}],\"inLanguage\":\"en-GB\"},{\"@type\":\"Organization\",\"@id\":\"https:\/\/boardgeneration.ch\/#organization\",\"name\":\"board generation\",\"url\":\"https:\/\/boardgeneration.ch\/\",\"logo\":{\"@type\":\"ImageObject\",\"inLanguage\":\"en-GB\",\"@id\":\"https:\/\/boardgeneration.ch\/#\/schema\/logo\/image\/\",\"url\":\"https:\/\/boardgeneration.ch\/wp-content\/uploads\/2019\/01\/bg-logo_mit_Text.png\",\"contentUrl\":\"https:\/\/boardgeneration.ch\/wp-content\/uploads\/2019\/01\/bg-logo_mit_Text.png\",\"width\":1040,\"height\":1155,\"caption\":\"board generation\"},\"image\":{\"@id\":\"https:\/\/boardgeneration.ch\/#\/schema\/logo\/image\/\"},\"sameAs\":[\"https:\/\/www.facebook.com\/boardgeneration.ch\",\"https:\/\/x.com\/boardgen\",\"https:\/\/www.instagram.com\/boardgen\/\"]},{\"@type\":\"Person\",\"@id\":\"https:\/\/boardgeneration.ch\/#\/schema\/person\/4727ac7b918c1fd9879a564a16734f2c\",\"name\":\"Pressedienst\",\"image\":{\"@type\":\"ImageObject\",\"inLanguage\":\"en-GB\",\"@id\":\"https:\/\/boardgeneration.ch\/#\/schema\/person\/image\/\",\"url\":\"https:\/\/boardgeneration.ch\/wp-content\/uploads\/2019\/10\/Pile-of-letters-96x96.jpg\",\"contentUrl\":\"https:\/\/boardgeneration.ch\/wp-content\/uploads\/2019\/10\/Pile-of-letters-96x96.jpg\",\"caption\":\"Pressedienst\"},\"url\":\"https:\/\/boardgeneration.ch\/en\/author\/pressedienst\/\"}]}<\/script>\n<!-- \/ Yoast SEO plugin. -->","yoast_head_json":{"title":"The Nines kehrt nach Crans-Montana zur\u00fcck - Board Generation","robots":{"index":"index","follow":"follow","max-snippet":"max-snippet:-1","max-image-preview":"max-image-preview:large","max-video-preview":"max-video-preview:-1"},"canonical":"https:\/\/boardgeneration.ch\/en\/the-nines-kehrt-nach-crans-montana-zurueck\/","og_locale":"en_GB","og_type":"article","og_title":"The Nines kehrt nach Crans-Montana zur\u00fcck - Board Generation","og_description":"Vom 4. bis 9. April 2022 h\u00e4lt die traditionsreiche Actionsport-Eventreihe die n\u00e4chste hochkar\u00e4tige Ski-und Snowboard-Session in den Walliser Alpen ab. Dreissig Veranstaltungen. Vierzehn Jahre. Vier L\u00e4nder. Eine Mission: Eine einzigartige Plattform f\u00fcr Talente, Freundschaft und Progression im Actionsport zu schaffen \u2013 vom Skifahren \u00fcber das Snowboarden bis zum Mountainbiken und dar\u00fcber hinaus. Vom 4. bis [&hellip;]","og_url":"https:\/\/boardgeneration.ch\/en\/the-nines-kehrt-nach-crans-montana-zurueck\/","og_site_name":"Board Generation","article_publisher":"https:\/\/www.facebook.com\/boardgeneration.ch","article_published_time":"2022-02-03T17:10:00+00:00","article_modified_time":"2022-02-13T17:29:47+00:00","og_image":[{"width":2560,"height":1704,"url":"https:\/\/boardgeneration.ch\/wp-content\/uploads\/2022\/02\/2014_NineQueens_Jessika-Jenson_Heli-Session_35_KlausPolzer_HighRes-scaled.jpg","type":"image\/jpeg"}],"author":"Pressedienst","twitter_card":"summary_large_image","twitter_creator":"@boardgen","twitter_site":"@boardgen","twitter_misc":{"Written by":"Pressedienst","Estimated reading time":"3 minutes"},"schema":{"@context":"https:\/\/schema.org","@graph":[{"@type":"Article","@id":"https:\/\/boardgeneration.ch\/the-nines-kehrt-nach-crans-montana-zurueck\/#article","isPartOf":{"@id":"https:\/\/boardgeneration.ch\/the-nines-kehrt-nach-crans-montana-zurueck\/"},"author":{"name":"Pressedienst","@id":"https:\/\/boardgeneration.ch\/#\/schema\/person\/4727ac7b918c1fd9879a564a16734f2c"},"headline":"The Nines kehrt nach Crans-Montana zur\u00fcck","datePublished":"2022-02-03T17:10:00+00:00","dateModified":"2022-02-13T17:29:47+00:00","mainEntityOfPage":{"@id":"https:\/\/boardgeneration.ch\/the-nines-kehrt-nach-crans-montana-zurueck\/"},"wordCount":367,"commentCount":0,"publisher":{"@id":"https:\/\/boardgeneration.ch\/#organization"},"image":{"@id":"https:\/\/boardgeneration.ch\/the-nines-kehrt-nach-crans-montana-zurueck\/#primaryimage"},"thumbnailUrl":"https:\/\/boardgeneration.ch\/wp-content\/uploads\/2022\/02\/2014_NineQueens_Jessika-Jenson_Heli-Session_35_KlausPolzer_HighRes-scaled.jpg","keywords":["Film","Snowboard","Snowboarder"],"articleSection":["agenda","event"],"inLanguage":"en-GB","potentialAction":[{"@type":"CommentAction","name":"Comment","target":["https:\/\/boardgeneration.ch\/the-nines-kehrt-nach-crans-montana-zurueck\/#respond"]}]},{"@type":"WebPage","@id":"https:\/\/boardgeneration.ch\/the-nines-kehrt-nach-crans-montana-zurueck\/","url":"https:\/\/boardgeneration.ch\/the-nines-kehrt-nach-crans-montana-zurueck\/","name":"The Nines kehrt nach Crans-Montana zur\u00fcck - Board Generation","isPartOf":{"@id":"https:\/\/boardgeneration.ch\/#website"},"primaryImageOfPage":{"@id":"https:\/\/boardgeneration.ch\/the-nines-kehrt-nach-crans-montana-zurueck\/#primaryimage"},"image":{"@id":"https:\/\/boardgeneration.ch\/the-nines-kehrt-nach-crans-montana-zurueck\/#primaryimage"},"thumbnailUrl":"https:\/\/boardgeneration.ch\/wp-content\/uploads\/2022\/02\/2014_NineQueens_Jessika-Jenson_Heli-Session_35_KlausPolzer_HighRes-scaled.jpg","datePublished":"2022-02-03T17:10:00+00:00","dateModified":"2022-02-13T17:29:47+00:00","breadcrumb":{"@id":"https:\/\/boardgeneration.ch\/the-nines-kehrt-nach-crans-montana-zurueck\/#breadcrumb"},"inLanguage":"en-GB","potentialAction":[{"@type":"ReadAction","target":["https:\/\/boardgeneration.ch\/the-nines-kehrt-nach-crans-montana-zurueck\/"]}]},{"@type":"ImageObject","inLanguage":"en-GB","@id":"https:\/\/boardgeneration.ch\/the-nines-kehrt-nach-crans-montana-zurueck\/#primaryimage","url":"https:\/\/boardgeneration.ch\/wp-content\/uploads\/2022\/02\/2014_NineQueens_Jessika-Jenson_Heli-Session_35_KlausPolzer_HighRes-scaled.jpg","contentUrl":"https:\/\/boardgeneration.ch\/wp-content\/uploads\/2022\/02\/2014_NineQueens_Jessika-Jenson_Heli-Session_35_KlausPolzer_HighRes-scaled.jpg","width":2560,"height":1704,"caption":"Jessika Jenson"},{"@type":"BreadcrumbList","@id":"https:\/\/boardgeneration.ch\/the-nines-kehrt-nach-crans-montana-zurueck\/#breadcrumb","itemListElement":[{"@type":"ListItem","position":1,"name":"Startseite","item":"https:\/\/boardgeneration.ch\/"},{"@type":"ListItem","position":2,"name":"The Nines kehrt nach Crans-Montana zur\u00fcck"}]},{"@type":"WebSite","@id":"https:\/\/boardgeneration.ch\/#website","url":"https:\/\/boardgeneration.ch\/","name":"board generation","description":"Back to the Roots","publisher":{"@id":"https:\/\/boardgeneration.ch\/#organization"},"potentialAction":[{"@type":"SearchAction","target":{"@type":"EntryPoint","urlTemplate":"https:\/\/boardgeneration.ch\/?s={search_term_string}"},"query-input":{"@type":"PropertyValueSpecification","valueRequired":true,"valueName":"search_term_string"}}],"inLanguage":"en-GB"},{"@type":"Organization","@id":"https:\/\/boardgeneration.ch\/#organization","name":"board generation","url":"https:\/\/boardgeneration.ch\/","logo":{"@type":"ImageObject","inLanguage":"en-GB","@id":"https:\/\/boardgeneration.ch\/#\/schema\/logo\/image\/","url":"https:\/\/boardgeneration.ch\/wp-content\/uploads\/2019\/01\/bg-logo_mit_Text.png","contentUrl":"https:\/\/boardgeneration.ch\/wp-content\/uploads\/2019\/01\/bg-logo_mit_Text.png","width":1040,"height":1155,"caption":"board generation"},"image":{"@id":"https:\/\/boardgeneration.ch\/#\/schema\/logo\/image\/"},"sameAs":["https:\/\/www.facebook.com\/boardgeneration.ch","https:\/\/x.com\/boardgen","https:\/\/www.instagram.com\/boardgen\/"]},{"@type":"Person","@id":"https:\/\/boardgeneration.ch\/#\/schema\/person\/4727ac7b918c1fd9879a564a16734f2c","name":"Press service","image":{"@type":"ImageObject","inLanguage":"en-GB","@id":"https:\/\/boardgeneration.ch\/#\/schema\/person\/image\/","url":"https:\/\/boardgeneration.ch\/wp-content\/uploads\/2019\/10\/Pile-of-letters-96x96.jpg","contentUrl":"https:\/\/boardgeneration.ch\/wp-content\/uploads\/2019\/10\/Pile-of-letters-96x96.jpg","caption":"Pressedienst"},"url":"https:\/\/boardgeneration.ch\/en\/author\/pressedienst\/"}]}},"jetpack_featured_media_url":"https:\/\/boardgeneration.ch\/wp-content\/uploads\/2022\/02\/2014_NineQueens_Jessika-Jenson_Heli-Session_35_KlausPolzer_HighRes-scaled.jpg","jetpack_sharing_enabled":true,"amp_enabled":true,"_links":{"self":[{"href":"https:\/\/boardgeneration.ch\/en\/wp-json\/wp\/v2\/posts\/5671","targetHints":{"allow":["GET"]}}],"collection":[{"href":"https:\/\/boardgeneration.ch\/en\/wp-json\/wp\/v2\/posts"}],"about":[{"href":"https:\/\/boardgeneration.ch\/en\/wp-json\/wp\/v2\/types\/post"}],"author":[{"embeddable":true,"href":"https:\/\/boardgeneration.ch\/en\/wp-json\/wp\/v2\/users\/3"}],"replies":[{"embeddable":true,"href":"https:\/\/boardgeneration.ch\/en\/wp-json\/wp\/v2\/comments?post=5671"}],"version-history":[{"count":1,"href":"https:\/\/boardgeneration.ch\/en\/wp-json\/wp\/v2\/posts\/5671\/revisions"}],"predecessor-version":[{"id":5680,"href":"https:\/\/boardgeneration.ch\/en\/wp-json\/wp\/v2\/posts\/5671\/revisions\/5680"}],"wp:featuredmedia":[{"embeddable":true,"href":"https:\/\/boardgeneration.ch\/en\/wp-json\/wp\/v2\/media\/5673"}],"wp:attachment":[{"href":"https:\/\/boardgeneration.ch\/en\/wp-json\/wp\/v2\/media?parent=5671"}],"wp:term":[{"taxonomy":"category","embeddable":true,"href":"https:\/\/boardgeneration.ch\/en\/wp-json\/wp\/v2\/categories?post=5671"},{"taxonomy":"post_tag","embeddable":true,"href":"https:\/\/boardgeneration.ch\/en\/wp-json\/wp\/v2\/tags?post=5671"}],"curies":[{"name":"wp","href":"https:\/\/api.w.org\/{rel}","templated":true}]}}