{"id":5832,"date":"2022-03-01T15:53:00","date_gmt":"2022-03-01T14:53:00","guid":{"rendered":"https:\/\/boardgeneration.ch\/?p=5832"},"modified":"2022-03-26T15:56:52","modified_gmt":"2022-03-26T14:56:52","slug":"red-bull-rail-yard-lockt-internationale-snowboarder","status":"publish","type":"post","link":"https:\/\/boardgeneration.ch\/en\/red-bull-rail-yard-lockt-internationale-snowboarder\/","title":{"rendered":"Red Bull Rail Yard attracts international snowboarders"},"content":{"rendered":"<span class=\"span-reading-time rt-reading-time\" style=\"display: block;\"><span class=\"rt-label rt-prefix\">Reading time: <\/span> <span class=\"rt-time\"> 2<\/span> <span class=\"rt-label rt-postfix\">minutes<\/span><\/span>\n<p>The premiere of <strong>Red Bull Rail Yard 2022<\/strong> is just around the corner. From March 31 to April 2, 2022, the international snowboard jib scene will meet in K\u00fchtai outside Innsbruck to bring the season to a fitting close. Red Bull Rail Yard is a session by riders for riders. It's all about creativity, innovation and above all, having fun snowboarding together. The riders' playground is the specially built \"Railgarden\" with countless rails and features that will challenge pros and amateurs alike, but also provide a lot of fun. At the end of the season, Red Bull Rail Yard on top attracts with a handsome prize money totaling \u20ac 15,000.<\/p>\n\n\n\n<figure class=\"wp-block-image size-full\"><img loading=\"lazy\" decoding=\"async\" width=\"800\" height=\"1000\" data-attachment-id=\"5835\" data-permalink=\"https:\/\/boardgeneration.ch\/en\/red-bull-rail-yard-lockt-internationale-snowboarder\/rb_ry_kv_4zu5\/\" data-orig-file=\"https:\/\/boardgeneration.ch\/wp-content\/uploads\/2022\/03\/RB_RY_KV_4zu5.jpg\" data-orig-size=\"800,1000\" data-comments-opened=\"1\" data-image-meta=\"{&quot;aperture&quot;:&quot;0&quot;,&quot;credit&quot;:&quot;&quot;,&quot;camera&quot;:&quot;&quot;,&quot;caption&quot;:&quot;&quot;,&quot;created_timestamp&quot;:&quot;1645557920&quot;,&quot;copyright&quot;:&quot;&quot;,&quot;focal_length&quot;:&quot;0&quot;,&quot;iso&quot;:&quot;0&quot;,&quot;shutter_speed&quot;:&quot;0&quot;,&quot;title&quot;:&quot;&quot;,&quot;orientation&quot;:&quot;1&quot;}\" data-image-title=\"RB_RY_KV_4zu5\" data-image-description=\"\" data-image-caption=\"\" data-medium-file=\"https:\/\/boardgeneration.ch\/wp-content\/uploads\/2022\/03\/RB_RY_KV_4zu5-240x300.jpg\" data-large-file=\"https:\/\/boardgeneration.ch\/wp-content\/uploads\/2022\/03\/RB_RY_KV_4zu5.jpg\" src=\"https:\/\/boardgeneration.ch\/wp-content\/uploads\/2022\/03\/RB_RY_KV_4zu5.jpg\" alt=\"\" class=\"wp-image-5835\" srcset=\"https:\/\/boardgeneration.ch\/wp-content\/uploads\/2022\/03\/RB_RY_KV_4zu5.jpg 800w, https:\/\/boardgeneration.ch\/wp-content\/uploads\/2022\/03\/RB_RY_KV_4zu5-240x300.jpg 240w, https:\/\/boardgeneration.ch\/wp-content\/uploads\/2022\/03\/RB_RY_KV_4zu5-768x960.jpg 768w, https:\/\/boardgeneration.ch\/wp-content\/uploads\/2022\/03\/RB_RY_KV_4zu5-10x12.jpg 10w\" sizes=\"auto, (max-width: 800px) 100vw, 800px\" \/><figcaption class=\"translation-block\"><span class=\"media-credit\"><a href=\"https:\/\/boardgeneration.ch\/en\/author\/bg_chef\/\" target=\"_self\">Pascal Kesselmark<\/a> | board generation<\/span><\/figcaption><\/figure>\n\n\n\n<p><strong>THE RIDERS - A MOTLEY FIELD OF STARTERS -<\/strong> Red Bull Rail Yard is the brainchild of Austrian Olympic starter Clemens Millauer, who feels at home not only in big air but also on rails. Currently injured, he will play a key role on site as an interface between riders, organization and judges. He is already playing a leading role in the conception of the sporting format and the setup. The field of confirmed riders is a colorful mix. Slopestyle and big air specialists mix with core jibbers. Olympic champions, rookies and amateurs: they will all make an appearance in the Railgarden in K\u00fchtai. Double Olympic champion Anna Gasser, for example, won't miss the chance to tackle the setup, as will Australian Tess Coady, who returned home from the Olympics with a bronze medal. They will face rail specialists like Rachida Aoulad and Veroniqi Hanssen (both NED) in K\u00fchtai. In the men's race, the US Americans Zak Hale and Luke Winkelmann will be traveling to the Tyrol, as will Canadian Frank Jobin. Leon Vockensperger, Benny Urban and Flo Corzelius (GER) will mix up the park with them, as will Jesse Augustinus (NED), Nicolas Huber (SUI), Toni Kerkel\u00e4 (FIN) and Sebi Springeth (ITA). They are all looking forward to the Railgarden, which offers them a great playground for the event week. Numerous rails and features can be flexibly combined and promise tricky and creative sessions. Clemens Millauer says: \"It will be a very fancy rail session, which has never been done before. What's really cool is the open quali, so really everyone can join in!\"<\/p>\n\n\n\n<figure class=\"wp-block-image size-full\"><img loading=\"lazy\" decoding=\"async\" width=\"600\" height=\"899\" data-attachment-id=\"5836\" data-permalink=\"https:\/\/boardgeneration.ch\/en\/red-bull-rail-yard-lockt-internationale-snowboarder\/benny-urban\/\" data-orig-file=\"https:\/\/boardgeneration.ch\/wp-content\/uploads\/2022\/03\/Benny-Urban_c-Markus-RohrbacherRed-Bull-Content-Pool.jpg\" data-orig-size=\"600,899\" data-comments-opened=\"1\" data-image-meta=\"{&quot;aperture&quot;:&quot;6.3&quot;,&quot;credit&quot;:&quot;Markus Rohrbacher&quot;,&quot;camera&quot;:&quot;Canon EOS R5&quot;,&quot;caption&quot;:&quot;Benny Urban snowboards at Moonpark in Kuethai, Austria on November 24, 2021&quot;,&quot;created_timestamp&quot;:&quot;1637764578&quot;,&quot;copyright&quot;:&quot;Markus Rohrbacher&quot;,&quot;focal_length&quot;:&quot;15&quot;,&quot;iso&quot;:&quot;100&quot;,&quot;shutter_speed&quot;:&quot;0.005&quot;,&quot;title&quot;:&quot;Benny Urban&quot;,&quot;orientation&quot;:&quot;1&quot;}\" data-image-title=\"Benny Urban\" data-image-description=\"\" data-image-caption=\"&lt;p&gt;Benny Urban snowboards at Moonpark in Kuethai, Austria on November 24, 2021&lt;\/p&gt;\" data-medium-file=\"https:\/\/boardgeneration.ch\/wp-content\/uploads\/2022\/03\/Benny-Urban_c-Markus-RohrbacherRed-Bull-Content-Pool-200x300.jpg\" data-large-file=\"https:\/\/boardgeneration.ch\/wp-content\/uploads\/2022\/03\/Benny-Urban_c-Markus-RohrbacherRed-Bull-Content-Pool.jpg\" src=\"https:\/\/boardgeneration.ch\/wp-content\/uploads\/2022\/03\/Benny-Urban_c-Markus-RohrbacherRed-Bull-Content-Pool.jpg\" alt=\"\" class=\"wp-image-5836\" srcset=\"https:\/\/boardgeneration.ch\/wp-content\/uploads\/2022\/03\/Benny-Urban_c-Markus-RohrbacherRed-Bull-Content-Pool.jpg 600w, https:\/\/boardgeneration.ch\/wp-content\/uploads\/2022\/03\/Benny-Urban_c-Markus-RohrbacherRed-Bull-Content-Pool-200x300.jpg 200w, https:\/\/boardgeneration.ch\/wp-content\/uploads\/2022\/03\/Benny-Urban_c-Markus-RohrbacherRed-Bull-Content-Pool-8x12.jpg 8w\" sizes=\"auto, (max-width: 600px) 100vw, 600px\" \/><figcaption><span class=\"media-credit\">Markus Rohrbacher<\/span> Benny Urban snowboards at Moonpark in Kuethai, Austria on November 24, 2021<\/figcaption><\/figure>\n\n\n\n<p><strong>PARTICIPATION -<\/strong> You are motivated to tear up the Railgarden in K\u00fchtai together with the invited riders? Then the open qualification on 31.03. is the perfect opportunity to prove that you have the skills. Open for all rookies and amateurs. The best of the OPEN QUALIFIER will then meet the invited 8 women &amp; 16 men in the main competition. Go to <a href=\"https:\/\/www.redbull.com\/at-de\/events\/red-bull-rail-yard\/\">Registration<\/a>.<\/p>\n\n\n\n<p>More information about the event: <a href=\"http:\/\/www.redbull.com\/railyard\">www.redbull.com\/railyard<\/a> <a href=\"https:\/\/boardgeneration.ch\/en\/tag\/redbullrailyard\/\">#redbullrailyard<\/a><\/p>","protected":false},"excerpt":{"rendered":"<p>Die Premiere von Red Bull Rail Yard 2022 steht vor der T\u00fcr. Vom 31. M\u00e4rz bis 2. April 2022 trifft sich die internationale Snowboard Jib-Szene im K\u00fchtai au\u00dferhalb von Innsbruck, um die Saison geb\u00fchrend ausklingen zu lassen. Red Bull Rail Yard ist eine Session von Ridern f\u00fcr Rider. Es dreht sich alles um Kreativit\u00e4t, Innovation [&hellip;]<\/p>\n","protected":false},"author":3,"featured_media":5833,"comment_status":"open","ping_status":"open","sticky":false,"template":"","format":"standard","meta":{"_jetpack_memberships_contains_paid_content":false,"footnotes":""},"categories":[12],"tags":[11719,11716,26534,63376,11723,11686,32182,10562,22965],"class_list":["post-5832","post","type-post","status-publish","format-standard","has-post-thumbnail","hentry","category-event","tag-event","tag-innsbruck","tag-kuhtai","tag-redbullrailyard","tag-slopestyle","tag-snowboard","tag-snowboarder","tag-toni-kerkela","tag-womeninsnowboarding"],"yoast_head":"<!-- This site is optimized with the Yoast SEO plugin v26.8 - https:\/\/yoast.com\/product\/yoast-seo-wordpress\/ -->\n<title>Red Bull Rail Yard lockt internationale Snowboarder - Board Generation<\/title>\n<meta name=\"robots\" content=\"index, follow, max-snippet:-1, max-image-preview:large, max-video-preview:-1\" \/>\n<link rel=\"canonical\" href=\"https:\/\/boardgeneration.ch\/en\/red-bull-rail-yard-lockt-internationale-snowboarder\/\" \/>\n<meta property=\"og:locale\" content=\"en_GB\" \/>\n<meta property=\"og:type\" content=\"article\" \/>\n<meta property=\"og:title\" content=\"Red Bull Rail Yard lockt internationale Snowboarder - Board Generation\" \/>\n<meta property=\"og:description\" content=\"Die Premiere von Red Bull Rail Yard 2022 steht vor der T\u00fcr. Vom 31. M\u00e4rz bis 2. April 2022 trifft sich die internationale Snowboard Jib-Szene im K\u00fchtai au\u00dferhalb von Innsbruck, um die Saison geb\u00fchrend ausklingen zu lassen. Red Bull Rail Yard ist eine Session von Ridern f\u00fcr Rider. Es dreht sich alles um Kreativit\u00e4t, Innovation [&hellip;]\" \/>\n<meta property=\"og:url\" content=\"https:\/\/boardgeneration.ch\/en\/red-bull-rail-yard-lockt-internationale-snowboarder\/\" \/>\n<meta property=\"og:site_name\" content=\"Board Generation\" \/>\n<meta property=\"article:publisher\" content=\"https:\/\/www.facebook.com\/boardgeneration.ch\" \/>\n<meta property=\"article:published_time\" content=\"2022-03-01T14:53:00+00:00\" \/>\n<meta property=\"article:modified_time\" content=\"2022-03-26T14:56:52+00:00\" \/>\n<meta property=\"og:image\" content=\"https:\/\/boardgeneration.ch\/wp-content\/uploads\/2022\/03\/Anna-Gasser_Dom-DaherRed-Bull-Content-Pool.jpg\" \/>\n\t<meta property=\"og:image:width\" content=\"1000\" \/>\n\t<meta property=\"og:image:height\" content=\"667\" \/>\n\t<meta property=\"og:image:type\" content=\"image\/jpeg\" \/>\n<meta name=\"author\" content=\"Pressedienst\" \/>\n<meta name=\"twitter:card\" content=\"summary_large_image\" \/>\n<meta name=\"twitter:creator\" content=\"@boardgen\" \/>\n<meta name=\"twitter:site\" content=\"@boardgen\" \/>\n<meta name=\"twitter:label1\" content=\"Written by\" \/>\n\t<meta name=\"twitter:data1\" content=\"Pressedienst\" \/>\n\t<meta name=\"twitter:label2\" content=\"Estimated reading time\" \/>\n\t<meta name=\"twitter:data2\" content=\"3 minutes\" \/>\n<script type=\"application\/ld+json\" class=\"yoast-schema-graph\">{\"@context\":\"https:\/\/schema.org\",\"@graph\":[{\"@type\":\"Article\",\"@id\":\"https:\/\/boardgeneration.ch\/red-bull-rail-yard-lockt-internationale-snowboarder\/#article\",\"isPartOf\":{\"@id\":\"https:\/\/boardgeneration.ch\/red-bull-rail-yard-lockt-internationale-snowboarder\/\"},\"author\":{\"name\":\"Pressedienst\",\"@id\":\"https:\/\/boardgeneration.ch\/#\/schema\/person\/4727ac7b918c1fd9879a564a16734f2c\"},\"headline\":\"Red Bull Rail Yard lockt internationale Snowboarder\",\"datePublished\":\"2022-03-01T14:53:00+00:00\",\"dateModified\":\"2022-03-26T14:56:52+00:00\",\"mainEntityOfPage\":{\"@id\":\"https:\/\/boardgeneration.ch\/red-bull-rail-yard-lockt-internationale-snowboarder\/\"},\"wordCount\":452,\"commentCount\":0,\"publisher\":{\"@id\":\"https:\/\/boardgeneration.ch\/#organization\"},\"image\":{\"@id\":\"https:\/\/boardgeneration.ch\/red-bull-rail-yard-lockt-internationale-snowboarder\/#primaryimage\"},\"thumbnailUrl\":\"https:\/\/boardgeneration.ch\/wp-content\/uploads\/2022\/03\/Anna-Gasser_Dom-DaherRed-Bull-Content-Pool.jpg\",\"keywords\":[\"Event\",\"Innsbruck\",\"K\u00fchtai\",\"redbullrailyard\",\"Slopestyle\",\"Snowboard\",\"Snowboarder\",\"Toni Kerkel\u00e4\",\"womeninsnowboarding\"],\"articleSection\":[\"event\"],\"inLanguage\":\"en-GB\",\"potentialAction\":[{\"@type\":\"CommentAction\",\"name\":\"Comment\",\"target\":[\"https:\/\/boardgeneration.ch\/red-bull-rail-yard-lockt-internationale-snowboarder\/#respond\"]}]},{\"@type\":\"WebPage\",\"@id\":\"https:\/\/boardgeneration.ch\/red-bull-rail-yard-lockt-internationale-snowboarder\/\",\"url\":\"https:\/\/boardgeneration.ch\/red-bull-rail-yard-lockt-internationale-snowboarder\/\",\"name\":\"Red Bull Rail Yard lockt internationale Snowboarder - Board Generation\",\"isPartOf\":{\"@id\":\"https:\/\/boardgeneration.ch\/#website\"},\"primaryImageOfPage\":{\"@id\":\"https:\/\/boardgeneration.ch\/red-bull-rail-yard-lockt-internationale-snowboarder\/#primaryimage\"},\"image\":{\"@id\":\"https:\/\/boardgeneration.ch\/red-bull-rail-yard-lockt-internationale-snowboarder\/#primaryimage\"},\"thumbnailUrl\":\"https:\/\/boardgeneration.ch\/wp-content\/uploads\/2022\/03\/Anna-Gasser_Dom-DaherRed-Bull-Content-Pool.jpg\",\"datePublished\":\"2022-03-01T14:53:00+00:00\",\"dateModified\":\"2022-03-26T14:56:52+00:00\",\"breadcrumb\":{\"@id\":\"https:\/\/boardgeneration.ch\/red-bull-rail-yard-lockt-internationale-snowboarder\/#breadcrumb\"},\"inLanguage\":\"en-GB\",\"potentialAction\":[{\"@type\":\"ReadAction\",\"target\":[\"https:\/\/boardgeneration.ch\/red-bull-rail-yard-lockt-internationale-snowboarder\/\"]}]},{\"@type\":\"ImageObject\",\"inLanguage\":\"en-GB\",\"@id\":\"https:\/\/boardgeneration.ch\/red-bull-rail-yard-lockt-internationale-snowboarder\/#primaryimage\",\"url\":\"https:\/\/boardgeneration.ch\/wp-content\/uploads\/2022\/03\/Anna-Gasser_Dom-DaherRed-Bull-Content-Pool.jpg\",\"contentUrl\":\"https:\/\/boardgeneration.ch\/wp-content\/uploads\/2022\/03\/Anna-Gasser_Dom-DaherRed-Bull-Content-Pool.jpg\",\"width\":1000,\"height\":667,\"caption\":\"Anna Gasser performing at the Red Bull Performance camp in Saas fee, Switzerland on October 1, 2021. \/\/ Dom Daher \/ Red Bull Content Pool \/\/ SI202110210378 \/\/ Usage for editorial use only \/\/\"},{\"@type\":\"BreadcrumbList\",\"@id\":\"https:\/\/boardgeneration.ch\/red-bull-rail-yard-lockt-internationale-snowboarder\/#breadcrumb\",\"itemListElement\":[{\"@type\":\"ListItem\",\"position\":1,\"name\":\"Startseite\",\"item\":\"https:\/\/boardgeneration.ch\/\"},{\"@type\":\"ListItem\",\"position\":2,\"name\":\"Red Bull Rail Yard lockt internationale Snowboarder\"}]},{\"@type\":\"WebSite\",\"@id\":\"https:\/\/boardgeneration.ch\/#website\",\"url\":\"https:\/\/boardgeneration.ch\/\",\"name\":\"board generation\",\"description\":\"Back to the Roots\",\"publisher\":{\"@id\":\"https:\/\/boardgeneration.ch\/#organization\"},\"potentialAction\":[{\"@type\":\"SearchAction\",\"target\":{\"@type\":\"EntryPoint\",\"urlTemplate\":\"https:\/\/boardgeneration.ch\/?s={search_term_string}\"},\"query-input\":{\"@type\":\"PropertyValueSpecification\",\"valueRequired\":true,\"valueName\":\"search_term_string\"}}],\"inLanguage\":\"en-GB\"},{\"@type\":\"Organization\",\"@id\":\"https:\/\/boardgeneration.ch\/#organization\",\"name\":\"board generation\",\"url\":\"https:\/\/boardgeneration.ch\/\",\"logo\":{\"@type\":\"ImageObject\",\"inLanguage\":\"en-GB\",\"@id\":\"https:\/\/boardgeneration.ch\/#\/schema\/logo\/image\/\",\"url\":\"https:\/\/boardgeneration.ch\/wp-content\/uploads\/2019\/01\/bg-logo_mit_Text.png\",\"contentUrl\":\"https:\/\/boardgeneration.ch\/wp-content\/uploads\/2019\/01\/bg-logo_mit_Text.png\",\"width\":1040,\"height\":1155,\"caption\":\"board generation\"},\"image\":{\"@id\":\"https:\/\/boardgeneration.ch\/#\/schema\/logo\/image\/\"},\"sameAs\":[\"https:\/\/www.facebook.com\/boardgeneration.ch\",\"https:\/\/x.com\/boardgen\",\"https:\/\/www.instagram.com\/boardgen\/\"]},{\"@type\":\"Person\",\"@id\":\"https:\/\/boardgeneration.ch\/#\/schema\/person\/4727ac7b918c1fd9879a564a16734f2c\",\"name\":\"Pressedienst\",\"image\":{\"@type\":\"ImageObject\",\"inLanguage\":\"en-GB\",\"@id\":\"https:\/\/boardgeneration.ch\/#\/schema\/person\/image\/\",\"url\":\"https:\/\/boardgeneration.ch\/wp-content\/uploads\/2019\/10\/Pile-of-letters-96x96.jpg\",\"contentUrl\":\"https:\/\/boardgeneration.ch\/wp-content\/uploads\/2019\/10\/Pile-of-letters-96x96.jpg\",\"caption\":\"Pressedienst\"},\"url\":\"https:\/\/boardgeneration.ch\/en\/author\/pressedienst\/\"}]}<\/script>\n<!-- \/ Yoast SEO plugin. -->","yoast_head_json":{"title":"Red Bull Rail Yard lockt internationale Snowboarder - Board Generation","robots":{"index":"index","follow":"follow","max-snippet":"max-snippet:-1","max-image-preview":"max-image-preview:large","max-video-preview":"max-video-preview:-1"},"canonical":"https:\/\/boardgeneration.ch\/en\/red-bull-rail-yard-lockt-internationale-snowboarder\/","og_locale":"en_GB","og_type":"article","og_title":"Red Bull Rail Yard lockt internationale Snowboarder - Board Generation","og_description":"Die Premiere von Red Bull Rail Yard 2022 steht vor der T\u00fcr. Vom 31. M\u00e4rz bis 2. April 2022 trifft sich die internationale Snowboard Jib-Szene im K\u00fchtai au\u00dferhalb von Innsbruck, um die Saison geb\u00fchrend ausklingen zu lassen. Red Bull Rail Yard ist eine Session von Ridern f\u00fcr Rider. Es dreht sich alles um Kreativit\u00e4t, Innovation [&hellip;]","og_url":"https:\/\/boardgeneration.ch\/en\/red-bull-rail-yard-lockt-internationale-snowboarder\/","og_site_name":"Board Generation","article_publisher":"https:\/\/www.facebook.com\/boardgeneration.ch","article_published_time":"2022-03-01T14:53:00+00:00","article_modified_time":"2022-03-26T14:56:52+00:00","og_image":[{"width":1000,"height":667,"url":"https:\/\/boardgeneration.ch\/wp-content\/uploads\/2022\/03\/Anna-Gasser_Dom-DaherRed-Bull-Content-Pool.jpg","type":"image\/jpeg"}],"author":"Pressedienst","twitter_card":"summary_large_image","twitter_creator":"@boardgen","twitter_site":"@boardgen","twitter_misc":{"Written by":"Pressedienst","Estimated reading time":"3 minutes"},"schema":{"@context":"https:\/\/schema.org","@graph":[{"@type":"Article","@id":"https:\/\/boardgeneration.ch\/red-bull-rail-yard-lockt-internationale-snowboarder\/#article","isPartOf":{"@id":"https:\/\/boardgeneration.ch\/red-bull-rail-yard-lockt-internationale-snowboarder\/"},"author":{"name":"Pressedienst","@id":"https:\/\/boardgeneration.ch\/#\/schema\/person\/4727ac7b918c1fd9879a564a16734f2c"},"headline":"Red Bull Rail Yard lockt internationale Snowboarder","datePublished":"2022-03-01T14:53:00+00:00","dateModified":"2022-03-26T14:56:52+00:00","mainEntityOfPage":{"@id":"https:\/\/boardgeneration.ch\/red-bull-rail-yard-lockt-internationale-snowboarder\/"},"wordCount":452,"commentCount":0,"publisher":{"@id":"https:\/\/boardgeneration.ch\/#organization"},"image":{"@id":"https:\/\/boardgeneration.ch\/red-bull-rail-yard-lockt-internationale-snowboarder\/#primaryimage"},"thumbnailUrl":"https:\/\/boardgeneration.ch\/wp-content\/uploads\/2022\/03\/Anna-Gasser_Dom-DaherRed-Bull-Content-Pool.jpg","keywords":["Event","Innsbruck","K\u00fchtai","redbullrailyard","Slopestyle","Snowboard","Snowboarder","Toni Kerkel\u00e4","womeninsnowboarding"],"articleSection":["event"],"inLanguage":"en-GB","potentialAction":[{"@type":"CommentAction","name":"Comment","target":["https:\/\/boardgeneration.ch\/red-bull-rail-yard-lockt-internationale-snowboarder\/#respond"]}]},{"@type":"WebPage","@id":"https:\/\/boardgeneration.ch\/red-bull-rail-yard-lockt-internationale-snowboarder\/","url":"https:\/\/boardgeneration.ch\/red-bull-rail-yard-lockt-internationale-snowboarder\/","name":"Red Bull Rail Yard lockt internationale Snowboarder - Board Generation","isPartOf":{"@id":"https:\/\/boardgeneration.ch\/#website"},"primaryImageOfPage":{"@id":"https:\/\/boardgeneration.ch\/red-bull-rail-yard-lockt-internationale-snowboarder\/#primaryimage"},"image":{"@id":"https:\/\/boardgeneration.ch\/red-bull-rail-yard-lockt-internationale-snowboarder\/#primaryimage"},"thumbnailUrl":"https:\/\/boardgeneration.ch\/wp-content\/uploads\/2022\/03\/Anna-Gasser_Dom-DaherRed-Bull-Content-Pool.jpg","datePublished":"2022-03-01T14:53:00+00:00","dateModified":"2022-03-26T14:56:52+00:00","breadcrumb":{"@id":"https:\/\/boardgeneration.ch\/red-bull-rail-yard-lockt-internationale-snowboarder\/#breadcrumb"},"inLanguage":"en-GB","potentialAction":[{"@type":"ReadAction","target":["https:\/\/boardgeneration.ch\/red-bull-rail-yard-lockt-internationale-snowboarder\/"]}]},{"@type":"ImageObject","inLanguage":"en-GB","@id":"https:\/\/boardgeneration.ch\/red-bull-rail-yard-lockt-internationale-snowboarder\/#primaryimage","url":"https:\/\/boardgeneration.ch\/wp-content\/uploads\/2022\/03\/Anna-Gasser_Dom-DaherRed-Bull-Content-Pool.jpg","contentUrl":"https:\/\/boardgeneration.ch\/wp-content\/uploads\/2022\/03\/Anna-Gasser_Dom-DaherRed-Bull-Content-Pool.jpg","width":1000,"height":667,"caption":"Anna Gasser performing at the Red Bull Performance camp in Saas fee, Switzerland on October 1, 2021. \/\/ Dom Daher \/ Red Bull Content Pool \/\/ SI202110210378 \/\/ Usage for editorial use only \/\/"},{"@type":"BreadcrumbList","@id":"https:\/\/boardgeneration.ch\/red-bull-rail-yard-lockt-internationale-snowboarder\/#breadcrumb","itemListElement":[{"@type":"ListItem","position":1,"name":"Startseite","item":"https:\/\/boardgeneration.ch\/"},{"@type":"ListItem","position":2,"name":"Red Bull Rail Yard lockt internationale Snowboarder"}]},{"@type":"WebSite","@id":"https:\/\/boardgeneration.ch\/#website","url":"https:\/\/boardgeneration.ch\/","name":"board generation","description":"Back to the Roots","publisher":{"@id":"https:\/\/boardgeneration.ch\/#organization"},"potentialAction":[{"@type":"SearchAction","target":{"@type":"EntryPoint","urlTemplate":"https:\/\/boardgeneration.ch\/?s={search_term_string}"},"query-input":{"@type":"PropertyValueSpecification","valueRequired":true,"valueName":"search_term_string"}}],"inLanguage":"en-GB"},{"@type":"Organization","@id":"https:\/\/boardgeneration.ch\/#organization","name":"board generation","url":"https:\/\/boardgeneration.ch\/","logo":{"@type":"ImageObject","inLanguage":"en-GB","@id":"https:\/\/boardgeneration.ch\/#\/schema\/logo\/image\/","url":"https:\/\/boardgeneration.ch\/wp-content\/uploads\/2019\/01\/bg-logo_mit_Text.png","contentUrl":"https:\/\/boardgeneration.ch\/wp-content\/uploads\/2019\/01\/bg-logo_mit_Text.png","width":1040,"height":1155,"caption":"board generation"},"image":{"@id":"https:\/\/boardgeneration.ch\/#\/schema\/logo\/image\/"},"sameAs":["https:\/\/www.facebook.com\/boardgeneration.ch","https:\/\/x.com\/boardgen","https:\/\/www.instagram.com\/boardgen\/"]},{"@type":"Person","@id":"https:\/\/boardgeneration.ch\/#\/schema\/person\/4727ac7b918c1fd9879a564a16734f2c","name":"Press service","image":{"@type":"ImageObject","inLanguage":"en-GB","@id":"https:\/\/boardgeneration.ch\/#\/schema\/person\/image\/","url":"https:\/\/boardgeneration.ch\/wp-content\/uploads\/2019\/10\/Pile-of-letters-96x96.jpg","contentUrl":"https:\/\/boardgeneration.ch\/wp-content\/uploads\/2019\/10\/Pile-of-letters-96x96.jpg","caption":"Pressedienst"},"url":"https:\/\/boardgeneration.ch\/en\/author\/pressedienst\/"}]}},"jetpack_featured_media_url":"https:\/\/boardgeneration.ch\/wp-content\/uploads\/2022\/03\/Anna-Gasser_Dom-DaherRed-Bull-Content-Pool.jpg","jetpack_sharing_enabled":true,"amp_enabled":true,"_links":{"self":[{"href":"https:\/\/boardgeneration.ch\/en\/wp-json\/wp\/v2\/posts\/5832","targetHints":{"allow":["GET"]}}],"collection":[{"href":"https:\/\/boardgeneration.ch\/en\/wp-json\/wp\/v2\/posts"}],"about":[{"href":"https:\/\/boardgeneration.ch\/en\/wp-json\/wp\/v2\/types\/post"}],"author":[{"embeddable":true,"href":"https:\/\/boardgeneration.ch\/en\/wp-json\/wp\/v2\/users\/3"}],"replies":[{"embeddable":true,"href":"https:\/\/boardgeneration.ch\/en\/wp-json\/wp\/v2\/comments?post=5832"}],"version-history":[{"count":3,"href":"https:\/\/boardgeneration.ch\/en\/wp-json\/wp\/v2\/posts\/5832\/revisions"}],"predecessor-version":[{"id":5838,"href":"https:\/\/boardgeneration.ch\/en\/wp-json\/wp\/v2\/posts\/5832\/revisions\/5838"}],"wp:featuredmedia":[{"embeddable":true,"href":"https:\/\/boardgeneration.ch\/en\/wp-json\/wp\/v2\/media\/5833"}],"wp:attachment":[{"href":"https:\/\/boardgeneration.ch\/en\/wp-json\/wp\/v2\/media?parent=5832"}],"wp:term":[{"taxonomy":"category","embeddable":true,"href":"https:\/\/boardgeneration.ch\/en\/wp-json\/wp\/v2\/categories?post=5832"},{"taxonomy":"post_tag","embeddable":true,"href":"https:\/\/boardgeneration.ch\/en\/wp-json\/wp\/v2\/tags?post=5832"}],"curies":[{"name":"wp","href":"https:\/\/api.w.org\/{rel}","templated":true}]}}