{"id":6202,"date":"2022-09-23T22:56:00","date_gmt":"2022-09-23T21:56:00","guid":{"rendered":"https:\/\/boardgeneration.ch\/?p=6202"},"modified":"2022-09-30T23:03:23","modified_gmt":"2022-09-30T22:03:23","slug":"hintertux-park-opening-22-vom-30-09-3-10","status":"publish","type":"post","link":"https:\/\/boardgeneration.ch\/en\/hintertux-park-opening-22-vom-30-09-3-10\/","title":{"rendered":"Hintertux Park Opening '22 from 30.09. - 3.10."},"content":{"rendered":"<span class=\"span-reading-time rt-reading-time\" style=\"display: block;\"><span class=\"rt-label rt-prefix\">Reading time: <\/span> <span class=\"rt-time\"> 2<\/span> <span class=\"rt-label rt-postfix\">minutes<\/span><\/span>\n<p>In a few days, the international snowboard community will meet in Hintertux for the traditional first park opening of the season. For the 18th time, professional snowboarders, amateurs and the snowboard industry will meet to ring in the 2022\/23 season at Betterpark Hintertux, once again taking over the Tuxertal valley from September 30 to October 3. Winter has returned in time and provided the first fresh snow on Tyrol's mountains.<\/p>\n\n\n\n<figure class=\"wp-block-image size-large\"><img loading=\"lazy\" decoding=\"async\" width=\"1024\" height=\"683\" data-attachment-id=\"6199\" data-permalink=\"https:\/\/boardgeneration.ch\/en\/hzo-hintertux-opening-2021_moritz-amsuess_by-becknaphoto\/\" data-orig-file=\"https:\/\/boardgeneration.ch\/wp-content\/uploads\/2022\/09\/HZO-Hintertux-Opening-2021_Moritz-Amsuess_by-becknaphoto-scaled.jpg\" data-orig-size=\"2560,1708\" data-comments-opened=\"1\" data-image-meta=\"{&quot;aperture&quot;:&quot;7.1&quot;,&quot;credit&quot;:&quot;&quot;,&quot;camera&quot;:&quot;Canon EOS R5&quot;,&quot;caption&quot;:&quot;&quot;,&quot;created_timestamp&quot;:&quot;1633174483&quot;,&quot;copyright&quot;:&quot;&quot;,&quot;focal_length&quot;:&quot;43&quot;,&quot;iso&quot;:&quot;100&quot;,&quot;shutter_speed&quot;:&quot;0.0008&quot;,&quot;title&quot;:&quot;&quot;,&quot;orientation&quot;:&quot;0&quot;}\" data-image-title=\"HZO Hintertux Opening 2021_Moritz Amsuess_by becknaphoto\" data-image-description=\"\" data-image-caption=\"&lt;p&gt;Moritz Amsuess&lt;\/p&gt;\" data-medium-file=\"https:\/\/boardgeneration.ch\/wp-content\/uploads\/2022\/09\/HZO-Hintertux-Opening-2021_Moritz-Amsuess_by-becknaphoto-300x200.jpg\" data-large-file=\"https:\/\/boardgeneration.ch\/wp-content\/uploads\/2022\/09\/HZO-Hintertux-Opening-2021_Moritz-Amsuess_by-becknaphoto-1024x683.jpg\" src=\"https:\/\/boardgeneration.ch\/wp-content\/uploads\/2022\/09\/HZO-Hintertux-Opening-2021_Moritz-Amsuess_by-becknaphoto-1024x683.jpg\" alt=\"\" class=\"wp-image-6199\" srcset=\"https:\/\/boardgeneration.ch\/wp-content\/uploads\/2022\/09\/HZO-Hintertux-Opening-2021_Moritz-Amsuess_by-becknaphoto-1024x683.jpg 1024w, https:\/\/boardgeneration.ch\/wp-content\/uploads\/2022\/09\/HZO-Hintertux-Opening-2021_Moritz-Amsuess_by-becknaphoto-300x200.jpg 300w, https:\/\/boardgeneration.ch\/wp-content\/uploads\/2022\/09\/HZO-Hintertux-Opening-2021_Moritz-Amsuess_by-becknaphoto-768x512.jpg 768w, https:\/\/boardgeneration.ch\/wp-content\/uploads\/2022\/09\/HZO-Hintertux-Opening-2021_Moritz-Amsuess_by-becknaphoto-1536x1025.jpg 1536w, https:\/\/boardgeneration.ch\/wp-content\/uploads\/2022\/09\/HZO-Hintertux-Opening-2021_Moritz-Amsuess_by-becknaphoto-2048x1366.jpg 2048w, https:\/\/boardgeneration.ch\/wp-content\/uploads\/2022\/09\/HZO-Hintertux-Opening-2021_Moritz-Amsuess_by-becknaphoto-18x12.jpg 18w\" sizes=\"auto, (max-width: 1024px) 100vw, 1024px\" \/><figcaption><span class=\"media-credit\">\u00a9 becknaphoto<\/span><\/figcaption><\/figure>\n\n\n\n<p><strong>EVENTS ON THE MOUNTAIN<\/strong> - The hub on the mountain is the Betterpark Hintertux. Werni Stock, Zillertal professional snowboarder and figurehead of the opening, unites international top riders for <strong>Werni's Big Air Session by Quiksilver<\/strong>Stale Sandbech (NOR), Halldor Helgason (ISL), Ethan Morgan (GER), Fridtjof \"Fridge\" Tischendorf (NOR) and Mons Roisland (NOR). The session at the big kicker is open to anyone who wants to compete with the pros. Also at the <strong>Burton Quarterpipe Session<\/strong> everyone can show what they've got. The style factor is crucial here. Jibbers should be aware of the <strong>Cash for Trix Session<\/strong> at the rails, this also counts as qualification for the Metal Battle Rail Contest on Saturday evening. <\/p>\n\n\n\n<figure class=\"wp-block-image size-large\"><img loading=\"lazy\" decoding=\"async\" width=\"1024\" height=\"683\" data-attachment-id=\"6201\" data-permalink=\"https:\/\/boardgeneration.ch\/en\/hzo_hintertux-opening-2021_werni-stock_by-jukkapehkonen\/\" data-orig-file=\"https:\/\/boardgeneration.ch\/wp-content\/uploads\/2022\/09\/HZO_Hintertux-Opening-2021_Werni-Stock_by-jukkapehkonen-scaled.jpg\" data-orig-size=\"2560,1707\" data-comments-opened=\"1\" data-image-meta=\"{&quot;aperture&quot;:&quot;7.1&quot;,&quot;credit&quot;:&quot;&quot;,&quot;camera&quot;:&quot;Canon EOS R5&quot;,&quot;caption&quot;:&quot;&quot;,&quot;created_timestamp&quot;:&quot;1633082739&quot;,&quot;copyright&quot;:&quot;&quot;,&quot;focal_length&quot;:&quot;70&quot;,&quot;iso&quot;:&quot;200&quot;,&quot;shutter_speed&quot;:&quot;0.0008&quot;,&quot;title&quot;:&quot;&quot;,&quot;orientation&quot;:&quot;0&quot;}\" data-image-title=\"HZO_Hintertux Opening 2021_Werni Stock_by jukkapehkonen\" data-image-description=\"\" data-image-caption=\"&lt;p&gt;Werni Stock&lt;\/p&gt;\" data-medium-file=\"https:\/\/boardgeneration.ch\/wp-content\/uploads\/2022\/09\/HZO_Hintertux-Opening-2021_Werni-Stock_by-jukkapehkonen-300x200.jpg\" data-large-file=\"https:\/\/boardgeneration.ch\/wp-content\/uploads\/2022\/09\/HZO_Hintertux-Opening-2021_Werni-Stock_by-jukkapehkonen-1024x683.jpg\" src=\"https:\/\/boardgeneration.ch\/wp-content\/uploads\/2022\/09\/HZO_Hintertux-Opening-2021_Werni-Stock_by-jukkapehkonen-1024x683.jpg\" alt=\"\" class=\"wp-image-6201\" srcset=\"https:\/\/boardgeneration.ch\/wp-content\/uploads\/2022\/09\/HZO_Hintertux-Opening-2021_Werni-Stock_by-jukkapehkonen-1024x683.jpg 1024w, https:\/\/boardgeneration.ch\/wp-content\/uploads\/2022\/09\/HZO_Hintertux-Opening-2021_Werni-Stock_by-jukkapehkonen-300x200.jpg 300w, https:\/\/boardgeneration.ch\/wp-content\/uploads\/2022\/09\/HZO_Hintertux-Opening-2021_Werni-Stock_by-jukkapehkonen-768x512.jpg 768w, https:\/\/boardgeneration.ch\/wp-content\/uploads\/2022\/09\/HZO_Hintertux-Opening-2021_Werni-Stock_by-jukkapehkonen-1536x1024.jpg 1536w, https:\/\/boardgeneration.ch\/wp-content\/uploads\/2022\/09\/HZO_Hintertux-Opening-2021_Werni-Stock_by-jukkapehkonen-2048x1366.jpg 2048w, https:\/\/boardgeneration.ch\/wp-content\/uploads\/2022\/09\/HZO_Hintertux-Opening-2021_Werni-Stock_by-jukkapehkonen-18x12.jpg 18w\" sizes=\"auto, (max-width: 1024px) 100vw, 1024px\" \/><figcaption><span class=\"media-credit\">\u00a9 jukkampehkonen<\/span> Werni Stock<\/figcaption><\/figure>\n\n\n\n<p>Also for the offspring is provided, but the <strong>Kids Shred<\/strong> with joint riding and coaching by and with Gigi R\u00fcf, accompanied by a photo shoot and a DJ workshop at the end a lot of variety. Also the \"Grilogang\" - Nina Grilc with kids - will be there to share with the kids their snowboard enthusiasm and a few runs (<a href=\"https:\/\/hintertuxparkopening.com\/tickets\/kids-shred\/\" target=\"_blank\" rel=\"noreferrer noopener\">Registration KIDS SHRED<\/a>). For all those who are excited about the new material, the snowboard industry offers with the <strong>Test Village<\/strong> at the Tuxer Fernerhaus the perfect opportunity to test the brand new boards and bindings of the season.<\/p>\n\n\n\n<figure class=\"wp-block-image size-large\"><img loading=\"lazy\" decoding=\"async\" width=\"1024\" height=\"683\" data-attachment-id=\"6200\" data-permalink=\"https:\/\/boardgeneration.ch\/en\/hzo_hintertux-opening-2021_kids_jukkampehkonen\/\" data-orig-file=\"https:\/\/boardgeneration.ch\/wp-content\/uploads\/2022\/09\/HZO_Hintertux-Opening-2021_Kids_jukkampehkonen-scaled.jpg\" data-orig-size=\"2560,1708\" data-comments-opened=\"1\" data-image-meta=\"{&quot;aperture&quot;:&quot;4.5&quot;,&quot;credit&quot;:&quot;&quot;,&quot;camera&quot;:&quot;Canon EOS R5&quot;,&quot;caption&quot;:&quot;&quot;,&quot;created_timestamp&quot;:&quot;1633175231&quot;,&quot;copyright&quot;:&quot;&quot;,&quot;focal_length&quot;:&quot;89&quot;,&quot;iso&quot;:&quot;160&quot;,&quot;shutter_speed&quot;:&quot;0.00025&quot;,&quot;title&quot;:&quot;&quot;,&quot;orientation&quot;:&quot;0&quot;}\" data-image-title=\"HZO_Hintertux Opening 2021_Kids_jukkampehkonen\" data-image-description=\"\" data-image-caption=\"\" data-medium-file=\"https:\/\/boardgeneration.ch\/wp-content\/uploads\/2022\/09\/HZO_Hintertux-Opening-2021_Kids_jukkampehkonen-300x200.jpg\" data-large-file=\"https:\/\/boardgeneration.ch\/wp-content\/uploads\/2022\/09\/HZO_Hintertux-Opening-2021_Kids_jukkampehkonen-1024x683.jpg\" src=\"https:\/\/boardgeneration.ch\/wp-content\/uploads\/2022\/09\/HZO_Hintertux-Opening-2021_Kids_jukkampehkonen-1024x683.jpg\" alt=\"\" class=\"wp-image-6200\" srcset=\"https:\/\/boardgeneration.ch\/wp-content\/uploads\/2022\/09\/HZO_Hintertux-Opening-2021_Kids_jukkampehkonen-1024x683.jpg 1024w, https:\/\/boardgeneration.ch\/wp-content\/uploads\/2022\/09\/HZO_Hintertux-Opening-2021_Kids_jukkampehkonen-300x200.jpg 300w, https:\/\/boardgeneration.ch\/wp-content\/uploads\/2022\/09\/HZO_Hintertux-Opening-2021_Kids_jukkampehkonen-768x512.jpg 768w, https:\/\/boardgeneration.ch\/wp-content\/uploads\/2022\/09\/HZO_Hintertux-Opening-2021_Kids_jukkampehkonen-1536x1025.jpg 1536w, https:\/\/boardgeneration.ch\/wp-content\/uploads\/2022\/09\/HZO_Hintertux-Opening-2021_Kids_jukkampehkonen-2048x1366.jpg 2048w, https:\/\/boardgeneration.ch\/wp-content\/uploads\/2022\/09\/HZO_Hintertux-Opening-2021_Kids_jukkampehkonen-18x12.jpg 18w\" sizes=\"auto, (max-width: 1024px) 100vw, 1024px\" \/><figcaption><span class=\"media-credit\">\u00a9 jukkampehkonen<\/span><\/figcaption><\/figure>\n\n\n\n<p><strong>EVENTS IN THE VALLEY<\/strong> - The <strong>Ride Movie Premiere Night<\/strong> at the Tux Center is back! With great movies in the bag like Ride's latest team movie \"Sincerely Yours\" and other exciting flicks (admission free). Highlight in the valley is the new edition of the <strong>Metal Battle Rail Contests presented by SANE! Snowboarding.<\/strong> The jib scene, among them the young Englishwoman Mia Brookes, shows her skills on the obstacles, which are set up directly in front of the Hohenhaus Tenne. Thrills and crazy action are the order of the day with the daredevil maneuvers of the freestylers! And for those who still have not had enough, it goes directly to the Opening <strong>Party<\/strong> next door with finest beats (<a href=\"https:\/\/hintertuxparkopening.com\/tickets\/partyticket\/\" target=\"_blank\" rel=\"noreferrer noopener\">Party tickets<\/a>).<\/p>\n\n\n\n<p>A big thank you goes out to the 2022 sponsors:<br>Burton, Deeluxe, Nixon, 686, Soundboks, Aleck, Ride and Quiksilver<\/p>\n\n\n\n<p>More details and updates on Hintertux Park Opening 2022:<br><a href=\"https:\/\/hintertuxparkopening.com\/\" target=\"_blank\" rel=\"noreferrer noopener\">website<\/a> - <a href=\"https:\/\/www.facebook.com\/hintertuxparkopening\" target=\"_blank\" rel=\"noreferrer noopener\">Facebook<\/a> - <a href=\"https:\/\/www.instagram.com\/hintertuxparkopening\/\" target=\"_blank\" rel=\"noreferrer noopener\">Instagram<\/a> - <a href=\"https:\/\/boardgeneration.ch\/en\/tag\/hintertuxopening\/\">#hintertuxopening<\/a> -&nbsp; <a href=\"https:\/\/boardgeneration.ch\/en\/tag\/hintertuxparkopening\/\">#hintertuxparkopening<\/a> - <a href=\"https:\/\/www.tux.at\/\" target=\"_blank\" rel=\"noreferrer noopener\">Room<\/a><\/p>","protected":false},"excerpt":{"rendered":"<p>In wenigen Tagen trifft sich die internationale Snowboard-Community in Hintertux f\u00fcr das traditionell erste Park Opening der Saison. Zum 18. Mal treffen sich Profi-Snowboarder, Amateure und die Snowboard-Industrie, um die Saison 2022\/23 im Betterpark Hintertux einzul\u00e4uten und \u00fcbernehmen vom 30. September bis 3. Oktober erneut das Tuxertal. Der Winter hat sich rechtzeitig zur\u00fcckgemeldet und f\u00fcr [&hellip;]<\/p>\n","protected":false},"author":3,"featured_media":6198,"comment_status":"open","ping_status":"open","sticky":false,"template":"","format":"standard","meta":{"_jetpack_memberships_contains_paid_content":false,"footnotes":""},"categories":[12],"tags":[30900,10156,11700,30750,30749,67234,67235,30899,11686,32182,31001],"class_list":["post-6202","post","type-post","status-publish","format-standard","has-post-thumbnail","hentry","category-event","tag-betterpark","tag-burton","tag-coaching","tag-contest","tag-hintertux","tag-hintertuxopening","tag-hintertuxparkopening","tag-metal-battle-rail-contest","tag-snowboard","tag-snowboarder","tag-test"],"yoast_head":"<!-- This site is optimized with the Yoast SEO plugin v26.8 - https:\/\/yoast.com\/product\/yoast-seo-wordpress\/ -->\n<title>Hintertux Park Opening \u00b422 vom 30.09. \u2013 3.10. - Board Generation<\/title>\n<meta name=\"robots\" content=\"index, follow, max-snippet:-1, max-image-preview:large, max-video-preview:-1\" \/>\n<link rel=\"canonical\" href=\"https:\/\/boardgeneration.ch\/en\/hintertux-park-opening-22-vom-30-09-3-10\/\" \/>\n<meta property=\"og:locale\" content=\"en_GB\" \/>\n<meta property=\"og:type\" content=\"article\" \/>\n<meta property=\"og:title\" content=\"Hintertux Park Opening \u00b422 vom 30.09. \u2013 3.10. - Board Generation\" \/>\n<meta property=\"og:description\" content=\"In wenigen Tagen trifft sich die internationale Snowboard-Community in Hintertux f\u00fcr das traditionell erste Park Opening der Saison. Zum 18. Mal treffen sich Profi-Snowboarder, Amateure und die Snowboard-Industrie, um die Saison 2022\/23 im Betterpark Hintertux einzul\u00e4uten und \u00fcbernehmen vom 30. September bis 3. Oktober erneut das Tuxertal. Der Winter hat sich rechtzeitig zur\u00fcckgemeldet und f\u00fcr [&hellip;]\" \/>\n<meta property=\"og:url\" content=\"https:\/\/boardgeneration.ch\/en\/hintertux-park-opening-22-vom-30-09-3-10\/\" \/>\n<meta property=\"og:site_name\" content=\"Board Generation\" \/>\n<meta property=\"article:publisher\" content=\"https:\/\/www.facebook.com\/boardgeneration.ch\" \/>\n<meta property=\"article:published_time\" content=\"2022-09-23T21:56:00+00:00\" \/>\n<meta property=\"article:modified_time\" content=\"2022-09-30T22:03:23+00:00\" \/>\n<meta property=\"og:image\" content=\"https:\/\/boardgeneration.ch\/wp-content\/uploads\/2022\/09\/2019_Hotzone_Opening_MetalBattle_byMonEpic-scaled.jpg\" \/>\n\t<meta property=\"og:image:width\" content=\"2560\" \/>\n\t<meta property=\"og:image:height\" content=\"1706\" \/>\n\t<meta property=\"og:image:type\" content=\"image\/jpeg\" \/>\n<meta name=\"author\" content=\"Pressedienst\" \/>\n<meta name=\"twitter:card\" content=\"summary_large_image\" \/>\n<meta name=\"twitter:creator\" content=\"@boardgen\" \/>\n<meta name=\"twitter:site\" content=\"@boardgen\" \/>\n<meta name=\"twitter:label1\" content=\"Written by\" \/>\n\t<meta name=\"twitter:data1\" content=\"Pressedienst\" \/>\n\t<meta name=\"twitter:label2\" content=\"Estimated reading time\" \/>\n\t<meta name=\"twitter:data2\" content=\"3 minutes\" \/>\n<script type=\"application\/ld+json\" class=\"yoast-schema-graph\">{\"@context\":\"https:\/\/schema.org\",\"@graph\":[{\"@type\":\"Article\",\"@id\":\"https:\/\/boardgeneration.ch\/hintertux-park-opening-22-vom-30-09-3-10\/#article\",\"isPartOf\":{\"@id\":\"https:\/\/boardgeneration.ch\/hintertux-park-opening-22-vom-30-09-3-10\/\"},\"author\":{\"name\":\"Pressedienst\",\"@id\":\"https:\/\/boardgeneration.ch\/#\/schema\/person\/4727ac7b918c1fd9879a564a16734f2c\"},\"headline\":\"Hintertux Park Opening \u00b422 vom 30.09. \u2013 3.10.\",\"datePublished\":\"2022-09-23T21:56:00+00:00\",\"dateModified\":\"2022-09-30T22:03:23+00:00\",\"mainEntityOfPage\":{\"@id\":\"https:\/\/boardgeneration.ch\/hintertux-park-opening-22-vom-30-09-3-10\/\"},\"wordCount\":421,\"commentCount\":0,\"publisher\":{\"@id\":\"https:\/\/boardgeneration.ch\/#organization\"},\"image\":{\"@id\":\"https:\/\/boardgeneration.ch\/hintertux-park-opening-22-vom-30-09-3-10\/#primaryimage\"},\"thumbnailUrl\":\"https:\/\/boardgeneration.ch\/wp-content\/uploads\/2022\/09\/2019_Hotzone_Opening_MetalBattle_byMonEpic-scaled.jpg\",\"keywords\":[\"Betterpark\",\"Burton\",\"Coaching\",\"Contest\",\"Hintertux\",\"hintertuxopening\",\"hintertuxparkopening\",\"Metal Battle Rail Contest\",\"Snowboard\",\"Snowboarder\",\"Test\"],\"articleSection\":[\"event\"],\"inLanguage\":\"en-GB\",\"potentialAction\":[{\"@type\":\"CommentAction\",\"name\":\"Comment\",\"target\":[\"https:\/\/boardgeneration.ch\/hintertux-park-opening-22-vom-30-09-3-10\/#respond\"]}]},{\"@type\":\"WebPage\",\"@id\":\"https:\/\/boardgeneration.ch\/hintertux-park-opening-22-vom-30-09-3-10\/\",\"url\":\"https:\/\/boardgeneration.ch\/hintertux-park-opening-22-vom-30-09-3-10\/\",\"name\":\"Hintertux Park Opening \u00b422 vom 30.09. \u2013 3.10. - Board Generation\",\"isPartOf\":{\"@id\":\"https:\/\/boardgeneration.ch\/#website\"},\"primaryImageOfPage\":{\"@id\":\"https:\/\/boardgeneration.ch\/hintertux-park-opening-22-vom-30-09-3-10\/#primaryimage\"},\"image\":{\"@id\":\"https:\/\/boardgeneration.ch\/hintertux-park-opening-22-vom-30-09-3-10\/#primaryimage\"},\"thumbnailUrl\":\"https:\/\/boardgeneration.ch\/wp-content\/uploads\/2022\/09\/2019_Hotzone_Opening_MetalBattle_byMonEpic-scaled.jpg\",\"datePublished\":\"2022-09-23T21:56:00+00:00\",\"dateModified\":\"2022-09-30T22:03:23+00:00\",\"breadcrumb\":{\"@id\":\"https:\/\/boardgeneration.ch\/hintertux-park-opening-22-vom-30-09-3-10\/#breadcrumb\"},\"inLanguage\":\"en-GB\",\"potentialAction\":[{\"@type\":\"ReadAction\",\"target\":[\"https:\/\/boardgeneration.ch\/hintertux-park-opening-22-vom-30-09-3-10\/\"]}]},{\"@type\":\"ImageObject\",\"inLanguage\":\"en-GB\",\"@id\":\"https:\/\/boardgeneration.ch\/hintertux-park-opening-22-vom-30-09-3-10\/#primaryimage\",\"url\":\"https:\/\/boardgeneration.ch\/wp-content\/uploads\/2022\/09\/2019_Hotzone_Opening_MetalBattle_byMonEpic-scaled.jpg\",\"contentUrl\":\"https:\/\/boardgeneration.ch\/wp-content\/uploads\/2022\/09\/2019_Hotzone_Opening_MetalBattle_byMonEpic-scaled.jpg\",\"width\":2560,\"height\":1706},{\"@type\":\"BreadcrumbList\",\"@id\":\"https:\/\/boardgeneration.ch\/hintertux-park-opening-22-vom-30-09-3-10\/#breadcrumb\",\"itemListElement\":[{\"@type\":\"ListItem\",\"position\":1,\"name\":\"Startseite\",\"item\":\"https:\/\/boardgeneration.ch\/\"},{\"@type\":\"ListItem\",\"position\":2,\"name\":\"Hintertux Park Opening \u00b422 vom 30.09. \u2013 3.10.\"}]},{\"@type\":\"WebSite\",\"@id\":\"https:\/\/boardgeneration.ch\/#website\",\"url\":\"https:\/\/boardgeneration.ch\/\",\"name\":\"board generation\",\"description\":\"Back to the Roots\",\"publisher\":{\"@id\":\"https:\/\/boardgeneration.ch\/#organization\"},\"potentialAction\":[{\"@type\":\"SearchAction\",\"target\":{\"@type\":\"EntryPoint\",\"urlTemplate\":\"https:\/\/boardgeneration.ch\/?s={search_term_string}\"},\"query-input\":{\"@type\":\"PropertyValueSpecification\",\"valueRequired\":true,\"valueName\":\"search_term_string\"}}],\"inLanguage\":\"en-GB\"},{\"@type\":\"Organization\",\"@id\":\"https:\/\/boardgeneration.ch\/#organization\",\"name\":\"board generation\",\"url\":\"https:\/\/boardgeneration.ch\/\",\"logo\":{\"@type\":\"ImageObject\",\"inLanguage\":\"en-GB\",\"@id\":\"https:\/\/boardgeneration.ch\/#\/schema\/logo\/image\/\",\"url\":\"https:\/\/boardgeneration.ch\/wp-content\/uploads\/2019\/01\/bg-logo_mit_Text.png\",\"contentUrl\":\"https:\/\/boardgeneration.ch\/wp-content\/uploads\/2019\/01\/bg-logo_mit_Text.png\",\"width\":1040,\"height\":1155,\"caption\":\"board generation\"},\"image\":{\"@id\":\"https:\/\/boardgeneration.ch\/#\/schema\/logo\/image\/\"},\"sameAs\":[\"https:\/\/www.facebook.com\/boardgeneration.ch\",\"https:\/\/x.com\/boardgen\",\"https:\/\/www.instagram.com\/boardgen\/\"]},{\"@type\":\"Person\",\"@id\":\"https:\/\/boardgeneration.ch\/#\/schema\/person\/4727ac7b918c1fd9879a564a16734f2c\",\"name\":\"Pressedienst\",\"image\":{\"@type\":\"ImageObject\",\"inLanguage\":\"en-GB\",\"@id\":\"https:\/\/boardgeneration.ch\/#\/schema\/person\/image\/\",\"url\":\"https:\/\/boardgeneration.ch\/wp-content\/uploads\/2019\/10\/Pile-of-letters-96x96.jpg\",\"contentUrl\":\"https:\/\/boardgeneration.ch\/wp-content\/uploads\/2019\/10\/Pile-of-letters-96x96.jpg\",\"caption\":\"Pressedienst\"},\"url\":\"https:\/\/boardgeneration.ch\/en\/author\/pressedienst\/\"}]}<\/script>\n<!-- \/ Yoast SEO plugin. -->","yoast_head_json":{"title":"Hintertux Park Opening \u00b422 vom 30.09. \u2013 3.10. - Board Generation","robots":{"index":"index","follow":"follow","max-snippet":"max-snippet:-1","max-image-preview":"max-image-preview:large","max-video-preview":"max-video-preview:-1"},"canonical":"https:\/\/boardgeneration.ch\/en\/hintertux-park-opening-22-vom-30-09-3-10\/","og_locale":"en_GB","og_type":"article","og_title":"Hintertux Park Opening \u00b422 vom 30.09. \u2013 3.10. - Board Generation","og_description":"In wenigen Tagen trifft sich die internationale Snowboard-Community in Hintertux f\u00fcr das traditionell erste Park Opening der Saison. Zum 18. Mal treffen sich Profi-Snowboarder, Amateure und die Snowboard-Industrie, um die Saison 2022\/23 im Betterpark Hintertux einzul\u00e4uten und \u00fcbernehmen vom 30. September bis 3. Oktober erneut das Tuxertal. Der Winter hat sich rechtzeitig zur\u00fcckgemeldet und f\u00fcr [&hellip;]","og_url":"https:\/\/boardgeneration.ch\/en\/hintertux-park-opening-22-vom-30-09-3-10\/","og_site_name":"Board Generation","article_publisher":"https:\/\/www.facebook.com\/boardgeneration.ch","article_published_time":"2022-09-23T21:56:00+00:00","article_modified_time":"2022-09-30T22:03:23+00:00","og_image":[{"width":2560,"height":1706,"url":"https:\/\/boardgeneration.ch\/wp-content\/uploads\/2022\/09\/2019_Hotzone_Opening_MetalBattle_byMonEpic-scaled.jpg","type":"image\/jpeg"}],"author":"Pressedienst","twitter_card":"summary_large_image","twitter_creator":"@boardgen","twitter_site":"@boardgen","twitter_misc":{"Written by":"Pressedienst","Estimated reading time":"3 minutes"},"schema":{"@context":"https:\/\/schema.org","@graph":[{"@type":"Article","@id":"https:\/\/boardgeneration.ch\/hintertux-park-opening-22-vom-30-09-3-10\/#article","isPartOf":{"@id":"https:\/\/boardgeneration.ch\/hintertux-park-opening-22-vom-30-09-3-10\/"},"author":{"name":"Pressedienst","@id":"https:\/\/boardgeneration.ch\/#\/schema\/person\/4727ac7b918c1fd9879a564a16734f2c"},"headline":"Hintertux Park Opening \u00b422 vom 30.09. \u2013 3.10.","datePublished":"2022-09-23T21:56:00+00:00","dateModified":"2022-09-30T22:03:23+00:00","mainEntityOfPage":{"@id":"https:\/\/boardgeneration.ch\/hintertux-park-opening-22-vom-30-09-3-10\/"},"wordCount":421,"commentCount":0,"publisher":{"@id":"https:\/\/boardgeneration.ch\/#organization"},"image":{"@id":"https:\/\/boardgeneration.ch\/hintertux-park-opening-22-vom-30-09-3-10\/#primaryimage"},"thumbnailUrl":"https:\/\/boardgeneration.ch\/wp-content\/uploads\/2022\/09\/2019_Hotzone_Opening_MetalBattle_byMonEpic-scaled.jpg","keywords":["Betterpark","Burton","Coaching","Contest","Hintertux","hintertuxopening","hintertuxparkopening","Metal Battle Rail Contest","Snowboard","Snowboarder","Test"],"articleSection":["event"],"inLanguage":"en-GB","potentialAction":[{"@type":"CommentAction","name":"Comment","target":["https:\/\/boardgeneration.ch\/hintertux-park-opening-22-vom-30-09-3-10\/#respond"]}]},{"@type":"WebPage","@id":"https:\/\/boardgeneration.ch\/hintertux-park-opening-22-vom-30-09-3-10\/","url":"https:\/\/boardgeneration.ch\/hintertux-park-opening-22-vom-30-09-3-10\/","name":"Hintertux Park Opening \u00b422 vom 30.09. \u2013 3.10. - Board Generation","isPartOf":{"@id":"https:\/\/boardgeneration.ch\/#website"},"primaryImageOfPage":{"@id":"https:\/\/boardgeneration.ch\/hintertux-park-opening-22-vom-30-09-3-10\/#primaryimage"},"image":{"@id":"https:\/\/boardgeneration.ch\/hintertux-park-opening-22-vom-30-09-3-10\/#primaryimage"},"thumbnailUrl":"https:\/\/boardgeneration.ch\/wp-content\/uploads\/2022\/09\/2019_Hotzone_Opening_MetalBattle_byMonEpic-scaled.jpg","datePublished":"2022-09-23T21:56:00+00:00","dateModified":"2022-09-30T22:03:23+00:00","breadcrumb":{"@id":"https:\/\/boardgeneration.ch\/hintertux-park-opening-22-vom-30-09-3-10\/#breadcrumb"},"inLanguage":"en-GB","potentialAction":[{"@type":"ReadAction","target":["https:\/\/boardgeneration.ch\/hintertux-park-opening-22-vom-30-09-3-10\/"]}]},{"@type":"ImageObject","inLanguage":"en-GB","@id":"https:\/\/boardgeneration.ch\/hintertux-park-opening-22-vom-30-09-3-10\/#primaryimage","url":"https:\/\/boardgeneration.ch\/wp-content\/uploads\/2022\/09\/2019_Hotzone_Opening_MetalBattle_byMonEpic-scaled.jpg","contentUrl":"https:\/\/boardgeneration.ch\/wp-content\/uploads\/2022\/09\/2019_Hotzone_Opening_MetalBattle_byMonEpic-scaled.jpg","width":2560,"height":1706},{"@type":"BreadcrumbList","@id":"https:\/\/boardgeneration.ch\/hintertux-park-opening-22-vom-30-09-3-10\/#breadcrumb","itemListElement":[{"@type":"ListItem","position":1,"name":"Startseite","item":"https:\/\/boardgeneration.ch\/"},{"@type":"ListItem","position":2,"name":"Hintertux Park Opening \u00b422 vom 30.09. \u2013 3.10."}]},{"@type":"WebSite","@id":"https:\/\/boardgeneration.ch\/#website","url":"https:\/\/boardgeneration.ch\/","name":"board generation","description":"Back to the Roots","publisher":{"@id":"https:\/\/boardgeneration.ch\/#organization"},"potentialAction":[{"@type":"SearchAction","target":{"@type":"EntryPoint","urlTemplate":"https:\/\/boardgeneration.ch\/?s={search_term_string}"},"query-input":{"@type":"PropertyValueSpecification","valueRequired":true,"valueName":"search_term_string"}}],"inLanguage":"en-GB"},{"@type":"Organization","@id":"https:\/\/boardgeneration.ch\/#organization","name":"board generation","url":"https:\/\/boardgeneration.ch\/","logo":{"@type":"ImageObject","inLanguage":"en-GB","@id":"https:\/\/boardgeneration.ch\/#\/schema\/logo\/image\/","url":"https:\/\/boardgeneration.ch\/wp-content\/uploads\/2019\/01\/bg-logo_mit_Text.png","contentUrl":"https:\/\/boardgeneration.ch\/wp-content\/uploads\/2019\/01\/bg-logo_mit_Text.png","width":1040,"height":1155,"caption":"board generation"},"image":{"@id":"https:\/\/boardgeneration.ch\/#\/schema\/logo\/image\/"},"sameAs":["https:\/\/www.facebook.com\/boardgeneration.ch","https:\/\/x.com\/boardgen","https:\/\/www.instagram.com\/boardgen\/"]},{"@type":"Person","@id":"https:\/\/boardgeneration.ch\/#\/schema\/person\/4727ac7b918c1fd9879a564a16734f2c","name":"Press service","image":{"@type":"ImageObject","inLanguage":"en-GB","@id":"https:\/\/boardgeneration.ch\/#\/schema\/person\/image\/","url":"https:\/\/boardgeneration.ch\/wp-content\/uploads\/2019\/10\/Pile-of-letters-96x96.jpg","contentUrl":"https:\/\/boardgeneration.ch\/wp-content\/uploads\/2019\/10\/Pile-of-letters-96x96.jpg","caption":"Pressedienst"},"url":"https:\/\/boardgeneration.ch\/en\/author\/pressedienst\/"}]}},"jetpack_featured_media_url":"https:\/\/boardgeneration.ch\/wp-content\/uploads\/2022\/09\/2019_Hotzone_Opening_MetalBattle_byMonEpic-scaled.jpg","jetpack_sharing_enabled":true,"amp_enabled":true,"_links":{"self":[{"href":"https:\/\/boardgeneration.ch\/en\/wp-json\/wp\/v2\/posts\/6202","targetHints":{"allow":["GET"]}}],"collection":[{"href":"https:\/\/boardgeneration.ch\/en\/wp-json\/wp\/v2\/posts"}],"about":[{"href":"https:\/\/boardgeneration.ch\/en\/wp-json\/wp\/v2\/types\/post"}],"author":[{"embeddable":true,"href":"https:\/\/boardgeneration.ch\/en\/wp-json\/wp\/v2\/users\/3"}],"replies":[{"embeddable":true,"href":"https:\/\/boardgeneration.ch\/en\/wp-json\/wp\/v2\/comments?post=6202"}],"version-history":[{"count":2,"href":"https:\/\/boardgeneration.ch\/en\/wp-json\/wp\/v2\/posts\/6202\/revisions"}],"predecessor-version":[{"id":6204,"href":"https:\/\/boardgeneration.ch\/en\/wp-json\/wp\/v2\/posts\/6202\/revisions\/6204"}],"wp:featuredmedia":[{"embeddable":true,"href":"https:\/\/boardgeneration.ch\/en\/wp-json\/wp\/v2\/media\/6198"}],"wp:attachment":[{"href":"https:\/\/boardgeneration.ch\/en\/wp-json\/wp\/v2\/media?parent=6202"}],"wp:term":[{"taxonomy":"category","embeddable":true,"href":"https:\/\/boardgeneration.ch\/en\/wp-json\/wp\/v2\/categories?post=6202"},{"taxonomy":"post_tag","embeddable":true,"href":"https:\/\/boardgeneration.ch\/en\/wp-json\/wp\/v2\/tags?post=6202"}],"curies":[{"name":"wp","href":"https:\/\/api.w.org\/{rel}","templated":true}]}}