{"id":7901,"date":"2024-11-20T08:27:01","date_gmt":"2024-11-20T07:27:01","guid":{"rendered":"https:\/\/boardgeneration.ch\/?p=7901"},"modified":"2024-11-30T08:46:54","modified_gmt":"2024-11-30T07:46:54","slug":"world-rookie-camp-premiere","status":"publish","type":"post","link":"https:\/\/boardgeneration.ch\/en\/world-rookie-camp-premiere\/","title":{"rendered":"World Rookie Camp Premiere"},"content":{"rendered":"<span class=\"span-reading-time rt-reading-time\" style=\"display: block;\"><span class=\"rt-label rt-prefix\">Reading time: <\/span> <span class=\"rt-time\"> 2<\/span> <span class=\"rt-label rt-postfix\">minutes<\/span><\/span>\n<p>The organizers of the World Rookie Tour, which has been successfully developing and promoting young talent for 20 years, are delighted with a successful first edition of the <strong>World Rookie Camps presented by \u00c4sthetiker &amp; World Snowboard Federation<\/strong> in Hintertux (November 13 - 17, 2024). The camp was aimed at young freestyle talent from all over the world, whether on one board (snowboard) or two (skis). The focus was on park &amp; pipe riding and training in preparation for the season.<\/p>\n\n\n\n<figure class=\"wp-block-gallery has-nested-images columns-default is-cropped wp-block-gallery-1 is-layout-flex wp-block-gallery-is-layout-flex\">\n<figure class=\"wp-block-image size-large\"><img loading=\"lazy\" decoding=\"async\" width=\"681\" height=\"1024\" data-attachment-id=\"7900\" data-permalink=\"https:\/\/boardgeneration.ch\/en\/wrt-camp-tux-24-0219_by-ania-grzelka\/\" data-orig-file=\"https:\/\/boardgeneration.ch\/wp-content\/uploads\/2024\/11\/Wrt-Camp-Tux-24-0219_by-Ania-Grzelka-scaled.jpg\" data-orig-size=\"1703,2560\" data-comments-opened=\"1\" data-image-meta=\"{&quot;aperture&quot;:&quot;9&quot;,&quot;credit&quot;:&quot;&quot;,&quot;camera&quot;:&quot;NIKON Z 6_2&quot;,&quot;caption&quot;:&quot;&quot;,&quot;created_timestamp&quot;:&quot;1659766764&quot;,&quot;copyright&quot;:&quot;&quot;,&quot;focal_length&quot;:&quot;85&quot;,&quot;iso&quot;:&quot;320&quot;,&quot;shutter_speed&quot;:&quot;0.0005&quot;,&quot;title&quot;:&quot;&quot;,&quot;orientation&quot;:&quot;0&quot;}\" data-image-title=\"Wrt Camp Tux 24-0219_by Ania Grzelka\" data-image-description=\"\" data-image-caption=\"\" data-medium-file=\"https:\/\/boardgeneration.ch\/wp-content\/uploads\/2024\/11\/Wrt-Camp-Tux-24-0219_by-Ania-Grzelka-200x300.jpg\" data-large-file=\"https:\/\/boardgeneration.ch\/wp-content\/uploads\/2024\/11\/Wrt-Camp-Tux-24-0219_by-Ania-Grzelka-681x1024.jpg\" data-id=\"7900\" src=\"https:\/\/boardgeneration.ch\/wp-content\/uploads\/2024\/11\/Wrt-Camp-Tux-24-0219_by-Ania-Grzelka-681x1024.jpg\" alt=\"\" class=\"wp-image-7900\" srcset=\"https:\/\/boardgeneration.ch\/wp-content\/uploads\/2024\/11\/Wrt-Camp-Tux-24-0219_by-Ania-Grzelka-681x1024.jpg 681w, https:\/\/boardgeneration.ch\/wp-content\/uploads\/2024\/11\/Wrt-Camp-Tux-24-0219_by-Ania-Grzelka-200x300.jpg 200w, https:\/\/boardgeneration.ch\/wp-content\/uploads\/2024\/11\/Wrt-Camp-Tux-24-0219_by-Ania-Grzelka-768x1154.jpg 768w, https:\/\/boardgeneration.ch\/wp-content\/uploads\/2024\/11\/Wrt-Camp-Tux-24-0219_by-Ania-Grzelka-1022x1536.jpg 1022w, https:\/\/boardgeneration.ch\/wp-content\/uploads\/2024\/11\/Wrt-Camp-Tux-24-0219_by-Ania-Grzelka-1363x2048.jpg 1363w, https:\/\/boardgeneration.ch\/wp-content\/uploads\/2024\/11\/Wrt-Camp-Tux-24-0219_by-Ania-Grzelka-8x12.jpg 8w, https:\/\/boardgeneration.ch\/wp-content\/uploads\/2024\/11\/Wrt-Camp-Tux-24-0219_by-Ania-Grzelka-scaled.jpg 1703w\" sizes=\"auto, (max-width: 681px) 100vw, 681px\" \/><figcaption><span class=\"media-credit\">\u00a9 by Ania Grzelka<\/span><\/figcaption><\/figure>\n\n\n\n<figure class=\"wp-block-image size-large\"><img loading=\"lazy\" decoding=\"async\" width=\"681\" height=\"1024\" data-attachment-id=\"7898\" data-permalink=\"https:\/\/boardgeneration.ch\/en\/wrt-camp-tux-24-0677_by-ania-grzelka\/\" data-orig-file=\"https:\/\/boardgeneration.ch\/wp-content\/uploads\/2024\/11\/Wrt-Camp-Tux-24-0677_by-Ania-Grzelka-scaled.jpg\" data-orig-size=\"1703,2560\" data-comments-opened=\"1\" data-image-meta=\"{&quot;aperture&quot;:&quot;11&quot;,&quot;credit&quot;:&quot;&quot;,&quot;camera&quot;:&quot;NIKON Z 6_2&quot;,&quot;caption&quot;:&quot;&quot;,&quot;created_timestamp&quot;:&quot;1659863918&quot;,&quot;copyright&quot;:&quot;&quot;,&quot;focal_length&quot;:&quot;75&quot;,&quot;iso&quot;:&quot;400&quot;,&quot;shutter_speed&quot;:&quot;0.0008&quot;,&quot;title&quot;:&quot;&quot;,&quot;orientation&quot;:&quot;0&quot;}\" data-image-title=\"Wrt Camp Tux 24-0677_by Ania Grzelka\" data-image-description=\"\" data-image-caption=\"\" data-medium-file=\"https:\/\/boardgeneration.ch\/wp-content\/uploads\/2024\/11\/Wrt-Camp-Tux-24-0677_by-Ania-Grzelka-200x300.jpg\" data-large-file=\"https:\/\/boardgeneration.ch\/wp-content\/uploads\/2024\/11\/Wrt-Camp-Tux-24-0677_by-Ania-Grzelka-681x1024.jpg\" data-id=\"7898\" src=\"https:\/\/boardgeneration.ch\/wp-content\/uploads\/2024\/11\/Wrt-Camp-Tux-24-0677_by-Ania-Grzelka-681x1024.jpg\" alt=\"\" class=\"wp-image-7898\" srcset=\"https:\/\/boardgeneration.ch\/wp-content\/uploads\/2024\/11\/Wrt-Camp-Tux-24-0677_by-Ania-Grzelka-681x1024.jpg 681w, https:\/\/boardgeneration.ch\/wp-content\/uploads\/2024\/11\/Wrt-Camp-Tux-24-0677_by-Ania-Grzelka-200x300.jpg 200w, https:\/\/boardgeneration.ch\/wp-content\/uploads\/2024\/11\/Wrt-Camp-Tux-24-0677_by-Ania-Grzelka-768x1154.jpg 768w, https:\/\/boardgeneration.ch\/wp-content\/uploads\/2024\/11\/Wrt-Camp-Tux-24-0677_by-Ania-Grzelka-1022x1536.jpg 1022w, https:\/\/boardgeneration.ch\/wp-content\/uploads\/2024\/11\/Wrt-Camp-Tux-24-0677_by-Ania-Grzelka-1363x2048.jpg 1363w, https:\/\/boardgeneration.ch\/wp-content\/uploads\/2024\/11\/Wrt-Camp-Tux-24-0677_by-Ania-Grzelka-8x12.jpg 8w, https:\/\/boardgeneration.ch\/wp-content\/uploads\/2024\/11\/Wrt-Camp-Tux-24-0677_by-Ania-Grzelka-scaled.jpg 1703w\" sizes=\"auto, (max-width: 681px) 100vw, 681px\" \/><figcaption><span class=\"media-credit\">\u00a9 by Ania Grzelka<\/span><\/figcaption><\/figure>\n<\/figure>\n\n\n\n<p>25 kids and teenagers aged between 11 and 18 from seven countries responded to the call and took part in the camp. The Betterpark Hintertux on the Hintertux Glacier offered the best conditions for the participants. Coaches were on hand with help and advice. The supporting program was not only exciting, but also educational: the Spannagel Cave was visited together, a truly unique experience. A visit to the Kaboom trampoline hall was also on the program, as was the SafeShred workshop of the World Snowboard Federation, which drew attention to important topics such as bullying and much more. It was a great week for the young athletes from all over the world, who not only improved their riding but also made new friends. The video contest offered cool prizes from the partners as well as tickets to the World Rookie Tour Final at the end of the season. Alice Tholen (snowboard\/SWE), Kasten Jostrand (snowboard\/USA) and Jacqueline Kanzler (ski\/USA) have already secured their tickets to the finals with their video contributions!<\/p>\n\n\n\n<figure class=\"wp-block-image size-large\"><img loading=\"lazy\" decoding=\"async\" width=\"1024\" height=\"681\" data-attachment-id=\"7897\" data-permalink=\"https:\/\/boardgeneration.ch\/en\/wrt-camp-tux-24-0762_by-ania-grzelka\/\" data-orig-file=\"https:\/\/boardgeneration.ch\/wp-content\/uploads\/2024\/11\/Wrt-Camp-Tux-24-0762_by-Ania-Grzelka-scaled.jpg\" data-orig-size=\"2560,1703\" data-comments-opened=\"1\" data-image-meta=\"{&quot;aperture&quot;:&quot;3.2&quot;,&quot;credit&quot;:&quot;&quot;,&quot;camera&quot;:&quot;NIKON Z 6_2&quot;,&quot;caption&quot;:&quot;&quot;,&quot;created_timestamp&quot;:&quot;1659878944&quot;,&quot;copyright&quot;:&quot;&quot;,&quot;focal_length&quot;:&quot;65&quot;,&quot;iso&quot;:&quot;2000&quot;,&quot;shutter_speed&quot;:&quot;0.0025&quot;,&quot;title&quot;:&quot;&quot;,&quot;orientation&quot;:&quot;0&quot;}\" data-image-title=\"Wrt Camp Tux 24-0762_by Ania Grzelka\" data-image-description=\"\" data-image-caption=\"\" data-medium-file=\"https:\/\/boardgeneration.ch\/wp-content\/uploads\/2024\/11\/Wrt-Camp-Tux-24-0762_by-Ania-Grzelka-300x200.jpg\" data-large-file=\"https:\/\/boardgeneration.ch\/wp-content\/uploads\/2024\/11\/Wrt-Camp-Tux-24-0762_by-Ania-Grzelka-1024x681.jpg\" src=\"https:\/\/boardgeneration.ch\/wp-content\/uploads\/2024\/11\/Wrt-Camp-Tux-24-0762_by-Ania-Grzelka-1024x681.jpg\" alt=\"\" class=\"wp-image-7897\" srcset=\"https:\/\/boardgeneration.ch\/wp-content\/uploads\/2024\/11\/Wrt-Camp-Tux-24-0762_by-Ania-Grzelka-1024x681.jpg 1024w, https:\/\/boardgeneration.ch\/wp-content\/uploads\/2024\/11\/Wrt-Camp-Tux-24-0762_by-Ania-Grzelka-300x200.jpg 300w, https:\/\/boardgeneration.ch\/wp-content\/uploads\/2024\/11\/Wrt-Camp-Tux-24-0762_by-Ania-Grzelka-768x511.jpg 768w, https:\/\/boardgeneration.ch\/wp-content\/uploads\/2024\/11\/Wrt-Camp-Tux-24-0762_by-Ania-Grzelka-1536x1022.jpg 1536w, https:\/\/boardgeneration.ch\/wp-content\/uploads\/2024\/11\/Wrt-Camp-Tux-24-0762_by-Ania-Grzelka-2048x1363.jpg 2048w, https:\/\/boardgeneration.ch\/wp-content\/uploads\/2024\/11\/Wrt-Camp-Tux-24-0762_by-Ania-Grzelka-18x12.jpg 18w\" sizes=\"auto, (max-width: 1024px) 100vw, 1024px\" \/><figcaption><span class=\"media-credit\">\u00a9 by Ania Grzelka<\/span><\/figcaption><\/figure>\n\n\n\n<p>Meinhard Trojer, World Rookie Tour co-founder and camp organizer, is happy: \"It couldn't have gone better.\" Balasz Gyorki, Snowboard Hungary Coach, agrees: \"The camp was really cool with perfect weather. My kids learned a lot and were able to develop further. And they made new friends, which is the most important thing. And they had fun. We'll be back!\" Euan Baxter from Snowsports Scotland agrees: \"It's fantastic that our riders from Scotland can come here and connect with kids from all over Europe and overseas. Snowboarding is more than just a sport - it's a culture and a lifestyle that we support. So it's great to be here doing just that.\" 15-year-old skier Jacqueline Kanzler traveled all the way from the USA for the World Rookie Camp: \"The time in Hintertux was great, we had so much fun and the weather was perfect. And I made new friends. It's so cool that everyone comes from different parts of the world.\"<\/p>\n\n\n\n<p>Further information: <a href=\"http:\/\/www.worldrookietour.com\" target=\"_blank\" rel=\"noreferrer noopener\">www.worldrookietour.com<\/a><\/p>\n\n\n\n<figure class=\"wp-block-image size-large\"><img loading=\"lazy\" decoding=\"async\" width=\"1024\" height=\"681\" data-attachment-id=\"7899\" data-permalink=\"https:\/\/boardgeneration.ch\/en\/wrt-camp-tux-24-0466_by-ania-grzelka\/\" data-orig-file=\"https:\/\/boardgeneration.ch\/wp-content\/uploads\/2024\/11\/Wrt-Camp-Tux-24-0466_by-Ania-Grzelka-scaled.jpg\" data-orig-size=\"2560,1703\" data-comments-opened=\"1\" data-image-meta=\"{&quot;aperture&quot;:&quot;10&quot;,&quot;credit&quot;:&quot;&quot;,&quot;camera&quot;:&quot;NIKON Z 6_2&quot;,&quot;caption&quot;:&quot;&quot;,&quot;created_timestamp&quot;:&quot;1659855611&quot;,&quot;copyright&quot;:&quot;&quot;,&quot;focal_length&quot;:&quot;75&quot;,&quot;iso&quot;:&quot;500&quot;,&quot;shutter_speed&quot;:&quot;0.0005&quot;,&quot;title&quot;:&quot;&quot;,&quot;orientation&quot;:&quot;0&quot;}\" data-image-title=\"Wrt Camp Tux 24-0466_by Ania Grzelka\" data-image-description=\"\" data-image-caption=\"\" data-medium-file=\"https:\/\/boardgeneration.ch\/wp-content\/uploads\/2024\/11\/Wrt-Camp-Tux-24-0466_by-Ania-Grzelka-300x200.jpg\" data-large-file=\"https:\/\/boardgeneration.ch\/wp-content\/uploads\/2024\/11\/Wrt-Camp-Tux-24-0466_by-Ania-Grzelka-1024x681.jpg\" src=\"https:\/\/boardgeneration.ch\/wp-content\/uploads\/2024\/11\/Wrt-Camp-Tux-24-0466_by-Ania-Grzelka-1024x681.jpg\" alt=\"\" class=\"wp-image-7899\" srcset=\"https:\/\/boardgeneration.ch\/wp-content\/uploads\/2024\/11\/Wrt-Camp-Tux-24-0466_by-Ania-Grzelka-1024x681.jpg 1024w, https:\/\/boardgeneration.ch\/wp-content\/uploads\/2024\/11\/Wrt-Camp-Tux-24-0466_by-Ania-Grzelka-300x200.jpg 300w, https:\/\/boardgeneration.ch\/wp-content\/uploads\/2024\/11\/Wrt-Camp-Tux-24-0466_by-Ania-Grzelka-768x511.jpg 768w, https:\/\/boardgeneration.ch\/wp-content\/uploads\/2024\/11\/Wrt-Camp-Tux-24-0466_by-Ania-Grzelka-1536x1022.jpg 1536w, https:\/\/boardgeneration.ch\/wp-content\/uploads\/2024\/11\/Wrt-Camp-Tux-24-0466_by-Ania-Grzelka-2048x1363.jpg 2048w, https:\/\/boardgeneration.ch\/wp-content\/uploads\/2024\/11\/Wrt-Camp-Tux-24-0466_by-Ania-Grzelka-18x12.jpg 18w\" sizes=\"auto, (max-width: 1024px) 100vw, 1024px\" \/><figcaption><span class=\"media-credit\">\u00a9 by Ania Grzelka<\/span><\/figcaption><\/figure>","protected":false},"excerpt":{"rendered":"<p>Die Veranstalter der World Rookie Tour, die seit 20 Jahren erfolgreich Nachwuchstalente aufbaut und f\u00f6rdert, freuen sich \u00fcber eine gelungene Erstausgabe des World Rookie Camps presented by \u00c4sthetiker &amp; World Snowboard Federation in Hintertux (13. \u2013 17. November 2024). Das Camp richtete sich an den Freestyle-Nachwuchs aus aller Welt, ob auf einem Brett (Snowboard) oder [&hellip;]<\/p>\n","protected":false},"author":3,"featured_media":7899,"comment_status":"open","ping_status":"open","sticky":false,"template":"","format":"standard","meta":{"_jetpack_memberships_contains_paid_content":false,"footnotes":""},"categories":[12],"tags":[27278,30900,32186,30986,30750,30749,11686],"class_list":["post-7901","post","type-post","status-publish","format-standard","has-post-thumbnail","hentry","category-event","tag-asthetiker","tag-betterpark","tag-board","tag-camp","tag-contest","tag-hintertux","tag-snowboard"],"yoast_head":"<!-- This site is optimized with the Yoast SEO plugin v26.8 - https:\/\/yoast.com\/product\/yoast-seo-wordpress\/ -->\n<title>World Rookie Camp Premiere - Board Generation<\/title>\n<meta name=\"robots\" content=\"index, follow, max-snippet:-1, max-image-preview:large, max-video-preview:-1\" \/>\n<link rel=\"canonical\" href=\"https:\/\/boardgeneration.ch\/en\/world-rookie-camp-premiere\/\" \/>\n<meta property=\"og:locale\" content=\"en_GB\" \/>\n<meta property=\"og:type\" content=\"article\" \/>\n<meta property=\"og:title\" content=\"World Rookie Camp Premiere - Board Generation\" \/>\n<meta property=\"og:description\" content=\"Die Veranstalter der World Rookie Tour, die seit 20 Jahren erfolgreich Nachwuchstalente aufbaut und f\u00f6rdert, freuen sich \u00fcber eine gelungene Erstausgabe des World Rookie Camps presented by \u00c4sthetiker &amp; World Snowboard Federation in Hintertux (13. \u2013 17. November 2024). Das Camp richtete sich an den Freestyle-Nachwuchs aus aller Welt, ob auf einem Brett (Snowboard) oder [&hellip;]\" \/>\n<meta property=\"og:url\" content=\"https:\/\/boardgeneration.ch\/en\/world-rookie-camp-premiere\/\" \/>\n<meta property=\"og:site_name\" content=\"Board Generation\" \/>\n<meta property=\"article:publisher\" content=\"https:\/\/www.facebook.com\/boardgeneration.ch\" \/>\n<meta property=\"article:published_time\" content=\"2024-11-20T07:27:01+00:00\" \/>\n<meta property=\"article:modified_time\" content=\"2024-11-30T07:46:54+00:00\" \/>\n<meta property=\"og:image\" content=\"https:\/\/boardgeneration.ch\/wp-content\/uploads\/2024\/11\/Wrt-Camp-Tux-24-0466_by-Ania-Grzelka-scaled.jpg\" \/>\n\t<meta property=\"og:image:width\" content=\"2560\" \/>\n\t<meta property=\"og:image:height\" content=\"1703\" \/>\n\t<meta property=\"og:image:type\" content=\"image\/jpeg\" \/>\n<meta name=\"author\" content=\"Pressedienst\" \/>\n<meta name=\"twitter:card\" content=\"summary_large_image\" \/>\n<meta name=\"twitter:creator\" content=\"@boardgen\" \/>\n<meta name=\"twitter:site\" content=\"@boardgen\" \/>\n<meta name=\"twitter:label1\" content=\"Written by\" \/>\n\t<meta name=\"twitter:data1\" content=\"Pressedienst\" \/>\n\t<meta name=\"twitter:label2\" content=\"Estimated reading time\" \/>\n\t<meta name=\"twitter:data2\" content=\"3 minutes\" \/>\n<script type=\"application\/ld+json\" class=\"yoast-schema-graph\">{\"@context\":\"https:\/\/schema.org\",\"@graph\":[{\"@type\":\"Article\",\"@id\":\"https:\/\/boardgeneration.ch\/world-rookie-camp-premiere\/#article\",\"isPartOf\":{\"@id\":\"https:\/\/boardgeneration.ch\/world-rookie-camp-premiere\/\"},\"author\":{\"name\":\"Pressedienst\",\"@id\":\"https:\/\/boardgeneration.ch\/#\/schema\/person\/4727ac7b918c1fd9879a564a16734f2c\"},\"headline\":\"World Rookie Camp Premiere\",\"datePublished\":\"2024-11-20T07:27:01+00:00\",\"dateModified\":\"2024-11-30T07:46:54+00:00\",\"mainEntityOfPage\":{\"@id\":\"https:\/\/boardgeneration.ch\/world-rookie-camp-premiere\/\"},\"wordCount\":406,\"commentCount\":0,\"publisher\":{\"@id\":\"https:\/\/boardgeneration.ch\/#organization\"},\"image\":{\"@id\":\"https:\/\/boardgeneration.ch\/world-rookie-camp-premiere\/#primaryimage\"},\"thumbnailUrl\":\"https:\/\/boardgeneration.ch\/wp-content\/uploads\/2024\/11\/Wrt-Camp-Tux-24-0466_by-Ania-Grzelka-scaled.jpg\",\"keywords\":[\"\u00c4sthetiker\",\"Betterpark\",\"Board\",\"Camp\",\"Contest\",\"Hintertux\",\"Snowboard\"],\"articleSection\":[\"event\"],\"inLanguage\":\"en-GB\",\"potentialAction\":[{\"@type\":\"CommentAction\",\"name\":\"Comment\",\"target\":[\"https:\/\/boardgeneration.ch\/world-rookie-camp-premiere\/#respond\"]}]},{\"@type\":\"WebPage\",\"@id\":\"https:\/\/boardgeneration.ch\/world-rookie-camp-premiere\/\",\"url\":\"https:\/\/boardgeneration.ch\/world-rookie-camp-premiere\/\",\"name\":\"World Rookie Camp Premiere - Board Generation\",\"isPartOf\":{\"@id\":\"https:\/\/boardgeneration.ch\/#website\"},\"primaryImageOfPage\":{\"@id\":\"https:\/\/boardgeneration.ch\/world-rookie-camp-premiere\/#primaryimage\"},\"image\":{\"@id\":\"https:\/\/boardgeneration.ch\/world-rookie-camp-premiere\/#primaryimage\"},\"thumbnailUrl\":\"https:\/\/boardgeneration.ch\/wp-content\/uploads\/2024\/11\/Wrt-Camp-Tux-24-0466_by-Ania-Grzelka-scaled.jpg\",\"datePublished\":\"2024-11-20T07:27:01+00:00\",\"dateModified\":\"2024-11-30T07:46:54+00:00\",\"breadcrumb\":{\"@id\":\"https:\/\/boardgeneration.ch\/world-rookie-camp-premiere\/#breadcrumb\"},\"inLanguage\":\"en-GB\",\"potentialAction\":[{\"@type\":\"ReadAction\",\"target\":[\"https:\/\/boardgeneration.ch\/world-rookie-camp-premiere\/\"]}]},{\"@type\":\"ImageObject\",\"inLanguage\":\"en-GB\",\"@id\":\"https:\/\/boardgeneration.ch\/world-rookie-camp-premiere\/#primaryimage\",\"url\":\"https:\/\/boardgeneration.ch\/wp-content\/uploads\/2024\/11\/Wrt-Camp-Tux-24-0466_by-Ania-Grzelka-scaled.jpg\",\"contentUrl\":\"https:\/\/boardgeneration.ch\/wp-content\/uploads\/2024\/11\/Wrt-Camp-Tux-24-0466_by-Ania-Grzelka-scaled.jpg\",\"width\":2560,\"height\":1703},{\"@type\":\"BreadcrumbList\",\"@id\":\"https:\/\/boardgeneration.ch\/world-rookie-camp-premiere\/#breadcrumb\",\"itemListElement\":[{\"@type\":\"ListItem\",\"position\":1,\"name\":\"Startseite\",\"item\":\"https:\/\/boardgeneration.ch\/\"},{\"@type\":\"ListItem\",\"position\":2,\"name\":\"World Rookie Camp Premiere\"}]},{\"@type\":\"WebSite\",\"@id\":\"https:\/\/boardgeneration.ch\/#website\",\"url\":\"https:\/\/boardgeneration.ch\/\",\"name\":\"board generation\",\"description\":\"Back to the Roots\",\"publisher\":{\"@id\":\"https:\/\/boardgeneration.ch\/#organization\"},\"potentialAction\":[{\"@type\":\"SearchAction\",\"target\":{\"@type\":\"EntryPoint\",\"urlTemplate\":\"https:\/\/boardgeneration.ch\/?s={search_term_string}\"},\"query-input\":{\"@type\":\"PropertyValueSpecification\",\"valueRequired\":true,\"valueName\":\"search_term_string\"}}],\"inLanguage\":\"en-GB\"},{\"@type\":\"Organization\",\"@id\":\"https:\/\/boardgeneration.ch\/#organization\",\"name\":\"board generation\",\"url\":\"https:\/\/boardgeneration.ch\/\",\"logo\":{\"@type\":\"ImageObject\",\"inLanguage\":\"en-GB\",\"@id\":\"https:\/\/boardgeneration.ch\/#\/schema\/logo\/image\/\",\"url\":\"https:\/\/boardgeneration.ch\/wp-content\/uploads\/2019\/01\/bg-logo_mit_Text.png\",\"contentUrl\":\"https:\/\/boardgeneration.ch\/wp-content\/uploads\/2019\/01\/bg-logo_mit_Text.png\",\"width\":1040,\"height\":1155,\"caption\":\"board generation\"},\"image\":{\"@id\":\"https:\/\/boardgeneration.ch\/#\/schema\/logo\/image\/\"},\"sameAs\":[\"https:\/\/www.facebook.com\/boardgeneration.ch\",\"https:\/\/x.com\/boardgen\",\"https:\/\/www.instagram.com\/boardgen\/\"]},{\"@type\":\"Person\",\"@id\":\"https:\/\/boardgeneration.ch\/#\/schema\/person\/4727ac7b918c1fd9879a564a16734f2c\",\"name\":\"Pressedienst\",\"image\":{\"@type\":\"ImageObject\",\"inLanguage\":\"en-GB\",\"@id\":\"https:\/\/boardgeneration.ch\/#\/schema\/person\/image\/\",\"url\":\"https:\/\/boardgeneration.ch\/wp-content\/uploads\/2019\/10\/Pile-of-letters-96x96.jpg\",\"contentUrl\":\"https:\/\/boardgeneration.ch\/wp-content\/uploads\/2019\/10\/Pile-of-letters-96x96.jpg\",\"caption\":\"Pressedienst\"},\"url\":\"https:\/\/boardgeneration.ch\/en\/author\/pressedienst\/\"}]}<\/script>\n<!-- \/ Yoast SEO plugin. -->","yoast_head_json":{"title":"World Rookie Camp Premiere - Board Generation","robots":{"index":"index","follow":"follow","max-snippet":"max-snippet:-1","max-image-preview":"max-image-preview:large","max-video-preview":"max-video-preview:-1"},"canonical":"https:\/\/boardgeneration.ch\/en\/world-rookie-camp-premiere\/","og_locale":"en_GB","og_type":"article","og_title":"World Rookie Camp Premiere - Board Generation","og_description":"Die Veranstalter der World Rookie Tour, die seit 20 Jahren erfolgreich Nachwuchstalente aufbaut und f\u00f6rdert, freuen sich \u00fcber eine gelungene Erstausgabe des World Rookie Camps presented by \u00c4sthetiker &amp; World Snowboard Federation in Hintertux (13. \u2013 17. November 2024). Das Camp richtete sich an den Freestyle-Nachwuchs aus aller Welt, ob auf einem Brett (Snowboard) oder [&hellip;]","og_url":"https:\/\/boardgeneration.ch\/en\/world-rookie-camp-premiere\/","og_site_name":"Board Generation","article_publisher":"https:\/\/www.facebook.com\/boardgeneration.ch","article_published_time":"2024-11-20T07:27:01+00:00","article_modified_time":"2024-11-30T07:46:54+00:00","og_image":[{"width":2560,"height":1703,"url":"https:\/\/boardgeneration.ch\/wp-content\/uploads\/2024\/11\/Wrt-Camp-Tux-24-0466_by-Ania-Grzelka-scaled.jpg","type":"image\/jpeg"}],"author":"Pressedienst","twitter_card":"summary_large_image","twitter_creator":"@boardgen","twitter_site":"@boardgen","twitter_misc":{"Written by":"Pressedienst","Estimated reading time":"3 minutes"},"schema":{"@context":"https:\/\/schema.org","@graph":[{"@type":"Article","@id":"https:\/\/boardgeneration.ch\/world-rookie-camp-premiere\/#article","isPartOf":{"@id":"https:\/\/boardgeneration.ch\/world-rookie-camp-premiere\/"},"author":{"name":"Pressedienst","@id":"https:\/\/boardgeneration.ch\/#\/schema\/person\/4727ac7b918c1fd9879a564a16734f2c"},"headline":"World Rookie Camp Premiere","datePublished":"2024-11-20T07:27:01+00:00","dateModified":"2024-11-30T07:46:54+00:00","mainEntityOfPage":{"@id":"https:\/\/boardgeneration.ch\/world-rookie-camp-premiere\/"},"wordCount":406,"commentCount":0,"publisher":{"@id":"https:\/\/boardgeneration.ch\/#organization"},"image":{"@id":"https:\/\/boardgeneration.ch\/world-rookie-camp-premiere\/#primaryimage"},"thumbnailUrl":"https:\/\/boardgeneration.ch\/wp-content\/uploads\/2024\/11\/Wrt-Camp-Tux-24-0466_by-Ania-Grzelka-scaled.jpg","keywords":["\u00c4sthetiker","Betterpark","Board","Camp","Contest","Hintertux","Snowboard"],"articleSection":["event"],"inLanguage":"en-GB","potentialAction":[{"@type":"CommentAction","name":"Comment","target":["https:\/\/boardgeneration.ch\/world-rookie-camp-premiere\/#respond"]}]},{"@type":"WebPage","@id":"https:\/\/boardgeneration.ch\/world-rookie-camp-premiere\/","url":"https:\/\/boardgeneration.ch\/world-rookie-camp-premiere\/","name":"World Rookie Camp Premiere - Board Generation","isPartOf":{"@id":"https:\/\/boardgeneration.ch\/#website"},"primaryImageOfPage":{"@id":"https:\/\/boardgeneration.ch\/world-rookie-camp-premiere\/#primaryimage"},"image":{"@id":"https:\/\/boardgeneration.ch\/world-rookie-camp-premiere\/#primaryimage"},"thumbnailUrl":"https:\/\/boardgeneration.ch\/wp-content\/uploads\/2024\/11\/Wrt-Camp-Tux-24-0466_by-Ania-Grzelka-scaled.jpg","datePublished":"2024-11-20T07:27:01+00:00","dateModified":"2024-11-30T07:46:54+00:00","breadcrumb":{"@id":"https:\/\/boardgeneration.ch\/world-rookie-camp-premiere\/#breadcrumb"},"inLanguage":"en-GB","potentialAction":[{"@type":"ReadAction","target":["https:\/\/boardgeneration.ch\/world-rookie-camp-premiere\/"]}]},{"@type":"ImageObject","inLanguage":"en-GB","@id":"https:\/\/boardgeneration.ch\/world-rookie-camp-premiere\/#primaryimage","url":"https:\/\/boardgeneration.ch\/wp-content\/uploads\/2024\/11\/Wrt-Camp-Tux-24-0466_by-Ania-Grzelka-scaled.jpg","contentUrl":"https:\/\/boardgeneration.ch\/wp-content\/uploads\/2024\/11\/Wrt-Camp-Tux-24-0466_by-Ania-Grzelka-scaled.jpg","width":2560,"height":1703},{"@type":"BreadcrumbList","@id":"https:\/\/boardgeneration.ch\/world-rookie-camp-premiere\/#breadcrumb","itemListElement":[{"@type":"ListItem","position":1,"name":"Startseite","item":"https:\/\/boardgeneration.ch\/"},{"@type":"ListItem","position":2,"name":"World Rookie Camp Premiere"}]},{"@type":"WebSite","@id":"https:\/\/boardgeneration.ch\/#website","url":"https:\/\/boardgeneration.ch\/","name":"board generation","description":"Back to the Roots","publisher":{"@id":"https:\/\/boardgeneration.ch\/#organization"},"potentialAction":[{"@type":"SearchAction","target":{"@type":"EntryPoint","urlTemplate":"https:\/\/boardgeneration.ch\/?s={search_term_string}"},"query-input":{"@type":"PropertyValueSpecification","valueRequired":true,"valueName":"search_term_string"}}],"inLanguage":"en-GB"},{"@type":"Organization","@id":"https:\/\/boardgeneration.ch\/#organization","name":"board generation","url":"https:\/\/boardgeneration.ch\/","logo":{"@type":"ImageObject","inLanguage":"en-GB","@id":"https:\/\/boardgeneration.ch\/#\/schema\/logo\/image\/","url":"https:\/\/boardgeneration.ch\/wp-content\/uploads\/2019\/01\/bg-logo_mit_Text.png","contentUrl":"https:\/\/boardgeneration.ch\/wp-content\/uploads\/2019\/01\/bg-logo_mit_Text.png","width":1040,"height":1155,"caption":"board generation"},"image":{"@id":"https:\/\/boardgeneration.ch\/#\/schema\/logo\/image\/"},"sameAs":["https:\/\/www.facebook.com\/boardgeneration.ch","https:\/\/x.com\/boardgen","https:\/\/www.instagram.com\/boardgen\/"]},{"@type":"Person","@id":"https:\/\/boardgeneration.ch\/#\/schema\/person\/4727ac7b918c1fd9879a564a16734f2c","name":"Press service","image":{"@type":"ImageObject","inLanguage":"en-GB","@id":"https:\/\/boardgeneration.ch\/#\/schema\/person\/image\/","url":"https:\/\/boardgeneration.ch\/wp-content\/uploads\/2019\/10\/Pile-of-letters-96x96.jpg","contentUrl":"https:\/\/boardgeneration.ch\/wp-content\/uploads\/2019\/10\/Pile-of-letters-96x96.jpg","caption":"Pressedienst"},"url":"https:\/\/boardgeneration.ch\/en\/author\/pressedienst\/"}]}},"jetpack_featured_media_url":"https:\/\/boardgeneration.ch\/wp-content\/uploads\/2024\/11\/Wrt-Camp-Tux-24-0466_by-Ania-Grzelka-scaled.jpg","jetpack_sharing_enabled":true,"amp_enabled":true,"_links":{"self":[{"href":"https:\/\/boardgeneration.ch\/en\/wp-json\/wp\/v2\/posts\/7901","targetHints":{"allow":["GET"]}}],"collection":[{"href":"https:\/\/boardgeneration.ch\/en\/wp-json\/wp\/v2\/posts"}],"about":[{"href":"https:\/\/boardgeneration.ch\/en\/wp-json\/wp\/v2\/types\/post"}],"author":[{"embeddable":true,"href":"https:\/\/boardgeneration.ch\/en\/wp-json\/wp\/v2\/users\/3"}],"replies":[{"embeddable":true,"href":"https:\/\/boardgeneration.ch\/en\/wp-json\/wp\/v2\/comments?post=7901"}],"version-history":[{"count":1,"href":"https:\/\/boardgeneration.ch\/en\/wp-json\/wp\/v2\/posts\/7901\/revisions"}],"predecessor-version":[{"id":7902,"href":"https:\/\/boardgeneration.ch\/en\/wp-json\/wp\/v2\/posts\/7901\/revisions\/7902"}],"wp:featuredmedia":[{"embeddable":true,"href":"https:\/\/boardgeneration.ch\/en\/wp-json\/wp\/v2\/media\/7899"}],"wp:attachment":[{"href":"https:\/\/boardgeneration.ch\/en\/wp-json\/wp\/v2\/media?parent=7901"}],"wp:term":[{"taxonomy":"category","embeddable":true,"href":"https:\/\/boardgeneration.ch\/en\/wp-json\/wp\/v2\/categories?post=7901"},{"taxonomy":"post_tag","embeddable":true,"href":"https:\/\/boardgeneration.ch\/en\/wp-json\/wp\/v2\/tags?post=7901"}],"curies":[{"name":"wp","href":"https:\/\/api.w.org\/{rel}","templated":true}]}}