{"id":1024,"date":"2019-11-06T23:57:56","date_gmt":"2019-11-06T22:57:56","guid":{"rendered":"https:\/\/boardgeneration.ch\/?p=1024"},"modified":"2019-12-02T23:54:04","modified_gmt":"2019-12-02T22:54:04","slug":"nachfolge-des-airstyle-soll-2020-kommen","status":"publish","type":"post","link":"https:\/\/boardgeneration.ch\/fr\/nachfolge-des-airstyle-soll-2020-kommen\/","title":{"rendered":"Le successeur de l'Air+Style est pr\u00e9vu pour 2020"},"content":{"rendered":"<span class=\"span-reading-time rt-reading-time\" style=\"display: block;\"><span class=\"rt-label rt-prefix\">Le temps de la lecture : <\/span> <span class=\"rt-time\"> &lt; 1<\/span> <span class=\"rt-label rt-postfix\">Proc\u00e8s-verbal<\/span><\/span>\n<p>Un article de journal de la <a href=\"https:\/\/www.tt.com\/sport\/sportintirol\/16237751\/das-erbe-des-air-style-snowboarder-fliegen-wieder-auf-bergisel-ab\" target=\"_blank\" rel=\"noreferrer noopener\" aria-label=\"Tiroler Tageszeitung (s&#039;ouvre dans un nouvel onglet)\">Quotidien tyrolien<\/a> Selon les informations fournies, le Bergisel d'Innsbruck contiendra \u00e0 nouveau du snowboard en d\u00e9cembre 2020. Comme les droits de d\u00e9nomination ont \u00e9t\u00e9 vendus, l'\u00e9v\u00e9nement portera un nom diff\u00e9rent. Mais l'organisateur sera \u00e0 nouveau Andrew Hourmont. Esp\u00e9rons que le financement fonctionne et que nous pourrons rendre compte de l'\u00e9v\u00e9nement dans 13 mois.<\/p>","protected":false},"excerpt":{"rendered":"<p>Einem Zeitungsbericht der Tiroler Tageszeitung entnehmend, soll es im Dezember 2020 wieder am Bergisel in Innsbruck einen Snowboard Contenst geben. Da die Namensrechte verkauft wurden, wird der Anlass einen anderen Namen haben. Der Veranstalter soll aber wieder Andrew Hourmont sein. Hoffen wir, dass die Finanzierung klappt und dass wir in 13 Monaten vom Anlass berichten [&hellip;]<\/p>\n","protected":false},"author":4,"featured_media":1013,"comment_status":"open","ping_status":"open","sticky":false,"template":"","format":"standard","meta":{"_jetpack_memberships_contains_paid_content":false,"footnotes":""},"categories":[173],"tags":[11714,11717,11715,11716],"class_list":["post-1024","post","type-post","status-publish","format-standard","has-post-thumbnail","hentry","category-news","tag-airstyle","tag-andrew-hourmont","tag-bergisel","tag-innsbruck"],"yoast_head":"<!-- This site is optimized with the Yoast SEO plugin v26.8 - https:\/\/yoast.com\/product\/yoast-seo-wordpress\/ -->\n<title>Nachfolger des Air+Style soll 2020 kommen - Board Generation<\/title>\n<meta name=\"robots\" content=\"index, follow, max-snippet:-1, max-image-preview:large, max-video-preview:-1\" \/>\n<link rel=\"canonical\" href=\"https:\/\/boardgeneration.ch\/fr\/nachfolge-des-airstyle-soll-2020-kommen\/\" \/>\n<meta property=\"og:locale\" content=\"fr_FR\" \/>\n<meta property=\"og:type\" content=\"article\" \/>\n<meta property=\"og:title\" content=\"Nachfolger des Air+Style soll 2020 kommen - Board Generation\" \/>\n<meta property=\"og:description\" content=\"Einem Zeitungsbericht der Tiroler Tageszeitung entnehmend, soll es im Dezember 2020 wieder am Bergisel in Innsbruck einen Snowboard Contenst geben. Da die Namensrechte verkauft wurden, wird der Anlass einen anderen Namen haben. Der Veranstalter soll aber wieder Andrew Hourmont sein. Hoffen wir, dass die Finanzierung klappt und dass wir in 13 Monaten vom Anlass berichten [&hellip;]\" \/>\n<meta property=\"og:url\" content=\"https:\/\/boardgeneration.ch\/fr\/nachfolge-des-airstyle-soll-2020-kommen\/\" \/>\n<meta property=\"og:site_name\" content=\"Board Generation\" \/>\n<meta property=\"article:publisher\" content=\"https:\/\/www.facebook.com\/boardgeneration.ch\" \/>\n<meta property=\"article:published_time\" content=\"2019-11-06T22:57:56+00:00\" \/>\n<meta property=\"article:modified_time\" content=\"2019-12-02T22:54:04+00:00\" \/>\n<meta property=\"og:image\" content=\"https:\/\/boardgeneration.ch\/wp-content\/uploads\/2019\/11\/IMG_1775.jpg\" \/>\n\t<meta property=\"og:image:width\" content=\"4032\" \/>\n\t<meta property=\"og:image:height\" content=\"3024\" \/>\n\t<meta property=\"og:image:type\" content=\"image\/jpeg\" \/>\n<meta name=\"author\" content=\"Redaktion\" \/>\n<meta name=\"twitter:card\" content=\"summary_large_image\" \/>\n<meta name=\"twitter:creator\" content=\"@boardgen\" \/>\n<meta name=\"twitter:site\" content=\"@boardgen\" \/>\n<meta name=\"twitter:label1\" content=\"\u00c9crit par\" \/>\n\t<meta name=\"twitter:data1\" content=\"Redaktion\" \/>\n<script type=\"application\/ld+json\" class=\"yoast-schema-graph\">{\"@context\":\"https:\/\/schema.org\",\"@graph\":[{\"@type\":\"Article\",\"@id\":\"https:\/\/boardgeneration.ch\/en\/nachfolge-des-airstyle-soll-2020-kommen\/#article\",\"isPartOf\":{\"@id\":\"https:\/\/boardgeneration.ch\/en\/nachfolge-des-airstyle-soll-2020-kommen\/\"},\"author\":{\"name\":\"Redaktion\",\"@id\":\"https:\/\/boardgeneration.ch\/#\/schema\/person\/ff761d182d5001e318f70819ad955738\"},\"headline\":\"Nachfolger des Air+Style soll 2020 kommen\",\"datePublished\":\"2019-11-06T22:57:56+00:00\",\"dateModified\":\"2019-12-02T22:54:04+00:00\",\"mainEntityOfPage\":{\"@id\":\"https:\/\/boardgeneration.ch\/en\/nachfolge-des-airstyle-soll-2020-kommen\/\"},\"wordCount\":61,\"commentCount\":0,\"publisher\":{\"@id\":\"https:\/\/boardgeneration.ch\/#organization\"},\"image\":{\"@id\":\"https:\/\/boardgeneration.ch\/en\/nachfolge-des-airstyle-soll-2020-kommen\/#primaryimage\"},\"thumbnailUrl\":\"https:\/\/boardgeneration.ch\/wp-content\/uploads\/2019\/11\/IMG_1775.jpg\",\"keywords\":[\"Air+Style\",\"Andrew Hourmont\",\"Bergisel\",\"Innsbruck\"],\"articleSection\":[\"news\"],\"inLanguage\":\"fr-FR\",\"potentialAction\":[{\"@type\":\"CommentAction\",\"name\":\"Comment\",\"target\":[\"https:\/\/boardgeneration.ch\/en\/nachfolge-des-airstyle-soll-2020-kommen\/#respond\"]}]},{\"@type\":\"WebPage\",\"@id\":\"https:\/\/boardgeneration.ch\/en\/nachfolge-des-airstyle-soll-2020-kommen\/\",\"url\":\"https:\/\/boardgeneration.ch\/en\/nachfolge-des-airstyle-soll-2020-kommen\/\",\"name\":\"Nachfolger des Air+Style soll 2020 kommen - Board Generation\",\"isPartOf\":{\"@id\":\"https:\/\/boardgeneration.ch\/#website\"},\"primaryImageOfPage\":{\"@id\":\"https:\/\/boardgeneration.ch\/en\/nachfolge-des-airstyle-soll-2020-kommen\/#primaryimage\"},\"image\":{\"@id\":\"https:\/\/boardgeneration.ch\/en\/nachfolge-des-airstyle-soll-2020-kommen\/#primaryimage\"},\"thumbnailUrl\":\"https:\/\/boardgeneration.ch\/wp-content\/uploads\/2019\/11\/IMG_1775.jpg\",\"datePublished\":\"2019-11-06T22:57:56+00:00\",\"dateModified\":\"2019-12-02T22:54:04+00:00\",\"breadcrumb\":{\"@id\":\"https:\/\/boardgeneration.ch\/en\/nachfolge-des-airstyle-soll-2020-kommen\/#breadcrumb\"},\"inLanguage\":\"fr-FR\",\"potentialAction\":[{\"@type\":\"ReadAction\",\"target\":[\"https:\/\/boardgeneration.ch\/en\/nachfolge-des-airstyle-soll-2020-kommen\/\"]}]},{\"@type\":\"ImageObject\",\"inLanguage\":\"fr-FR\",\"@id\":\"https:\/\/boardgeneration.ch\/en\/nachfolge-des-airstyle-soll-2020-kommen\/#primaryimage\",\"url\":\"https:\/\/boardgeneration.ch\/wp-content\/uploads\/2019\/11\/IMG_1775.jpg\",\"contentUrl\":\"https:\/\/boardgeneration.ch\/wp-content\/uploads\/2019\/11\/IMG_1775.jpg\",\"width\":4032,\"height\":3024},{\"@type\":\"BreadcrumbList\",\"@id\":\"https:\/\/boardgeneration.ch\/en\/nachfolge-des-airstyle-soll-2020-kommen\/#breadcrumb\",\"itemListElement\":[{\"@type\":\"ListItem\",\"position\":1,\"name\":\"Startseite\",\"item\":\"https:\/\/boardgeneration.ch\/\"},{\"@type\":\"ListItem\",\"position\":2,\"name\":\"Nachfolger des Air+Style soll 2020 kommen\"}]},{\"@type\":\"WebSite\",\"@id\":\"https:\/\/boardgeneration.ch\/#website\",\"url\":\"https:\/\/boardgeneration.ch\/\",\"name\":\"board generation\",\"description\":\"Back to the Roots\",\"publisher\":{\"@id\":\"https:\/\/boardgeneration.ch\/#organization\"},\"potentialAction\":[{\"@type\":\"SearchAction\",\"target\":{\"@type\":\"EntryPoint\",\"urlTemplate\":\"https:\/\/boardgeneration.ch\/?s={search_term_string}\"},\"query-input\":{\"@type\":\"PropertyValueSpecification\",\"valueRequired\":true,\"valueName\":\"search_term_string\"}}],\"inLanguage\":\"fr-FR\"},{\"@type\":\"Organization\",\"@id\":\"https:\/\/boardgeneration.ch\/#organization\",\"name\":\"board generation\",\"url\":\"https:\/\/boardgeneration.ch\/\",\"logo\":{\"@type\":\"ImageObject\",\"inLanguage\":\"fr-FR\",\"@id\":\"https:\/\/boardgeneration.ch\/#\/schema\/logo\/image\/\",\"url\":\"https:\/\/boardgeneration.ch\/wp-content\/uploads\/2019\/01\/bg-logo_mit_Text.png\",\"contentUrl\":\"https:\/\/boardgeneration.ch\/wp-content\/uploads\/2019\/01\/bg-logo_mit_Text.png\",\"width\":1040,\"height\":1155,\"caption\":\"board generation\"},\"image\":{\"@id\":\"https:\/\/boardgeneration.ch\/#\/schema\/logo\/image\/\"},\"sameAs\":[\"https:\/\/www.facebook.com\/boardgeneration.ch\",\"https:\/\/x.com\/boardgen\",\"https:\/\/www.instagram.com\/boardgen\/\"]},{\"@type\":\"Person\",\"@id\":\"https:\/\/boardgeneration.ch\/#\/schema\/person\/ff761d182d5001e318f70819ad955738\",\"name\":\"Redaktion\",\"image\":{\"@type\":\"ImageObject\",\"inLanguage\":\"fr-FR\",\"@id\":\"https:\/\/boardgeneration.ch\/#\/schema\/person\/image\/\",\"url\":\"https:\/\/boardgeneration.ch\/wp-content\/uploads\/2019\/01\/bg-logo_mit_Text_100x100-96x96.png\",\"contentUrl\":\"https:\/\/boardgeneration.ch\/wp-content\/uploads\/2019\/01\/bg-logo_mit_Text_100x100-96x96.png\",\"caption\":\"Redaktion\"},\"url\":\"https:\/\/boardgeneration.ch\/fr\/author\/redaktion\/\"}]}<\/script>\n<!-- \/ Yoast SEO plugin. -->","yoast_head_json":{"title":"Nachfolger des Air+Style soll 2020 kommen - Board Generation","robots":{"index":"index","follow":"follow","max-snippet":"max-snippet:-1","max-image-preview":"max-image-preview:large","max-video-preview":"max-video-preview:-1"},"canonical":"https:\/\/boardgeneration.ch\/fr\/nachfolge-des-airstyle-soll-2020-kommen\/","og_locale":"fr_FR","og_type":"article","og_title":"Nachfolger des Air+Style soll 2020 kommen - Board Generation","og_description":"Einem Zeitungsbericht der Tiroler Tageszeitung entnehmend, soll es im Dezember 2020 wieder am Bergisel in Innsbruck einen Snowboard Contenst geben. Da die Namensrechte verkauft wurden, wird der Anlass einen anderen Namen haben. Der Veranstalter soll aber wieder Andrew Hourmont sein. Hoffen wir, dass die Finanzierung klappt und dass wir in 13 Monaten vom Anlass berichten [&hellip;]","og_url":"https:\/\/boardgeneration.ch\/fr\/nachfolge-des-airstyle-soll-2020-kommen\/","og_site_name":"Board Generation","article_publisher":"https:\/\/www.facebook.com\/boardgeneration.ch","article_published_time":"2019-11-06T22:57:56+00:00","article_modified_time":"2019-12-02T22:54:04+00:00","og_image":[{"width":4032,"height":3024,"url":"https:\/\/boardgeneration.ch\/wp-content\/uploads\/2019\/11\/IMG_1775.jpg","type":"image\/jpeg"}],"author":"Redaktion","twitter_card":"summary_large_image","twitter_creator":"@boardgen","twitter_site":"@boardgen","twitter_misc":{"\u00c9crit par":"Redaktion"},"schema":{"@context":"https:\/\/schema.org","@graph":[{"@type":"Article","@id":"https:\/\/boardgeneration.ch\/en\/nachfolge-des-airstyle-soll-2020-kommen\/#article","isPartOf":{"@id":"https:\/\/boardgeneration.ch\/en\/nachfolge-des-airstyle-soll-2020-kommen\/"},"author":{"name":"Redaktion","@id":"https:\/\/boardgeneration.ch\/#\/schema\/person\/ff761d182d5001e318f70819ad955738"},"headline":"Nachfolger des Air+Style soll 2020 kommen","datePublished":"2019-11-06T22:57:56+00:00","dateModified":"2019-12-02T22:54:04+00:00","mainEntityOfPage":{"@id":"https:\/\/boardgeneration.ch\/en\/nachfolge-des-airstyle-soll-2020-kommen\/"},"wordCount":61,"commentCount":0,"publisher":{"@id":"https:\/\/boardgeneration.ch\/#organization"},"image":{"@id":"https:\/\/boardgeneration.ch\/en\/nachfolge-des-airstyle-soll-2020-kommen\/#primaryimage"},"thumbnailUrl":"https:\/\/boardgeneration.ch\/wp-content\/uploads\/2019\/11\/IMG_1775.jpg","keywords":["Air+Style","Andrew Hourmont","Bergisel","Innsbruck"],"articleSection":["news"],"inLanguage":"fr-FR","potentialAction":[{"@type":"CommentAction","name":"Comment","target":["https:\/\/boardgeneration.ch\/en\/nachfolge-des-airstyle-soll-2020-kommen\/#respond"]}]},{"@type":"WebPage","@id":"https:\/\/boardgeneration.ch\/en\/nachfolge-des-airstyle-soll-2020-kommen\/","url":"https:\/\/boardgeneration.ch\/en\/nachfolge-des-airstyle-soll-2020-kommen\/","name":"Nachfolger des Air+Style soll 2020 kommen - Board Generation","isPartOf":{"@id":"https:\/\/boardgeneration.ch\/#website"},"primaryImageOfPage":{"@id":"https:\/\/boardgeneration.ch\/en\/nachfolge-des-airstyle-soll-2020-kommen\/#primaryimage"},"image":{"@id":"https:\/\/boardgeneration.ch\/en\/nachfolge-des-airstyle-soll-2020-kommen\/#primaryimage"},"thumbnailUrl":"https:\/\/boardgeneration.ch\/wp-content\/uploads\/2019\/11\/IMG_1775.jpg","datePublished":"2019-11-06T22:57:56+00:00","dateModified":"2019-12-02T22:54:04+00:00","breadcrumb":{"@id":"https:\/\/boardgeneration.ch\/en\/nachfolge-des-airstyle-soll-2020-kommen\/#breadcrumb"},"inLanguage":"fr-FR","potentialAction":[{"@type":"ReadAction","target":["https:\/\/boardgeneration.ch\/en\/nachfolge-des-airstyle-soll-2020-kommen\/"]}]},{"@type":"ImageObject","inLanguage":"fr-FR","@id":"https:\/\/boardgeneration.ch\/en\/nachfolge-des-airstyle-soll-2020-kommen\/#primaryimage","url":"https:\/\/boardgeneration.ch\/wp-content\/uploads\/2019\/11\/IMG_1775.jpg","contentUrl":"https:\/\/boardgeneration.ch\/wp-content\/uploads\/2019\/11\/IMG_1775.jpg","width":4032,"height":3024},{"@type":"BreadcrumbList","@id":"https:\/\/boardgeneration.ch\/en\/nachfolge-des-airstyle-soll-2020-kommen\/#breadcrumb","itemListElement":[{"@type":"ListItem","position":1,"name":"Startseite","item":"https:\/\/boardgeneration.ch\/"},{"@type":"ListItem","position":2,"name":"Nachfolger des Air+Style soll 2020 kommen"}]},{"@type":"WebSite","@id":"https:\/\/boardgeneration.ch\/#website","url":"https:\/\/boardgeneration.ch\/","name":"g\u00e9n\u00e9ration de conseils","description":"Retour aux sources","publisher":{"@id":"https:\/\/boardgeneration.ch\/#organization"},"potentialAction":[{"@type":"SearchAction","target":{"@type":"EntryPoint","urlTemplate":"https:\/\/boardgeneration.ch\/?s={search_term_string}"},"query-input":{"@type":"PropertyValueSpecification","valueRequired":true,"valueName":"search_term_string"}}],"inLanguage":"fr-FR"},{"@type":"Organization","@id":"https:\/\/boardgeneration.ch\/#organization","name":"g\u00e9n\u00e9ration de conseils","url":"https:\/\/boardgeneration.ch\/","logo":{"@type":"ImageObject","inLanguage":"fr-FR","@id":"https:\/\/boardgeneration.ch\/#\/schema\/logo\/image\/","url":"https:\/\/boardgeneration.ch\/wp-content\/uploads\/2019\/01\/bg-logo_mit_Text.png","contentUrl":"https:\/\/boardgeneration.ch\/wp-content\/uploads\/2019\/01\/bg-logo_mit_Text.png","width":1040,"height":1155,"caption":"board generation"},"image":{"@id":"https:\/\/boardgeneration.ch\/#\/schema\/logo\/image\/"},"sameAs":["https:\/\/www.facebook.com\/boardgeneration.ch","https:\/\/x.com\/boardgen","https:\/\/www.instagram.com\/boardgen\/"]},{"@type":"Person","@id":"https:\/\/boardgeneration.ch\/#\/schema\/person\/ff761d182d5001e318f70819ad955738","name":"Bureau de la r\u00e9daction","image":{"@type":"ImageObject","inLanguage":"fr-FR","@id":"https:\/\/boardgeneration.ch\/#\/schema\/person\/image\/","url":"https:\/\/boardgeneration.ch\/wp-content\/uploads\/2019\/01\/bg-logo_mit_Text_100x100-96x96.png","contentUrl":"https:\/\/boardgeneration.ch\/wp-content\/uploads\/2019\/01\/bg-logo_mit_Text_100x100-96x96.png","caption":"Redaktion"},"url":"https:\/\/boardgeneration.ch\/fr\/author\/redaktion\/"}]}},"jetpack_featured_media_url":"https:\/\/boardgeneration.ch\/wp-content\/uploads\/2019\/11\/IMG_1775.jpg","jetpack_sharing_enabled":true,"amp_enabled":true,"_links":{"self":[{"href":"https:\/\/boardgeneration.ch\/fr\/wp-json\/wp\/v2\/posts\/1024","targetHints":{"allow":["GET"]}}],"collection":[{"href":"https:\/\/boardgeneration.ch\/fr\/wp-json\/wp\/v2\/posts"}],"about":[{"href":"https:\/\/boardgeneration.ch\/fr\/wp-json\/wp\/v2\/types\/post"}],"author":[{"embeddable":true,"href":"https:\/\/boardgeneration.ch\/fr\/wp-json\/wp\/v2\/users\/4"}],"replies":[{"embeddable":true,"href":"https:\/\/boardgeneration.ch\/fr\/wp-json\/wp\/v2\/comments?post=1024"}],"version-history":[{"count":2,"href":"https:\/\/boardgeneration.ch\/fr\/wp-json\/wp\/v2\/posts\/1024\/revisions"}],"predecessor-version":[{"id":1026,"href":"https:\/\/boardgeneration.ch\/fr\/wp-json\/wp\/v2\/posts\/1024\/revisions\/1026"}],"wp:featuredmedia":[{"embeddable":true,"href":"https:\/\/boardgeneration.ch\/fr\/wp-json\/wp\/v2\/media\/1013"}],"wp:attachment":[{"href":"https:\/\/boardgeneration.ch\/fr\/wp-json\/wp\/v2\/media?parent=1024"}],"wp:term":[{"taxonomy":"category","embeddable":true,"href":"https:\/\/boardgeneration.ch\/fr\/wp-json\/wp\/v2\/categories?post=1024"},{"taxonomy":"post_tag","embeddable":true,"href":"https:\/\/boardgeneration.ch\/fr\/wp-json\/wp\/v2\/tags?post=1024"}],"curies":[{"name":"wp","href":"https:\/\/api.w.org\/{rel}","templated":true}]}}