{"id":2161,"date":"2020-02-26T13:22:00","date_gmt":"2020-02-26T12:22:00","guid":{"rendered":"https:\/\/boardgeneration.ch\/?p=2161"},"modified":"2020-02-29T13:52:35","modified_gmt":"2020-02-29T12:52:35","slug":"am-13-marz-wird-am-weltweiten-tag-des-snowboardens-das-vermachtnis-von-jake-burton-carpenter-gefeiert","status":"publish","type":"post","link":"https:\/\/boardgeneration.ch\/fr\/am-13-marz-wird-am-weltweiten-tag-des-snowboardens-das-vermachtnis-von-jake-burton-carpenter-gefeiert\/","title":{"rendered":"Lors de la journ\u00e9e mondiale du snowboard, le 13 mars, l'h\u00e9ritage de Jake Burton Carpenter sera honor\u00e9"},"content":{"rendered":"<span class=\"span-reading-time rt-reading-time\" style=\"display: block;\"><span class=\"rt-label rt-prefix\">Le temps de la lecture : <\/span> <span class=\"rt-time\"> 2<\/span> <span class=\"rt-label rt-postfix\">proc\u00e8s-verbal<\/span><\/span>\n<p> Jake Burton Carpenter a fond\u00e9 Burton Snowboards en 1977 dans sa grange du Vermont et a consacr\u00e9 le reste de sa vie au snowboard. Au cours des 42 ann\u00e9es suivantes, Jake a \u00e9t\u00e9 le pionnier de la propagation du snowboard, transformant un passe-temps de jardin en un sport de classe mondiale en cr\u00e9ant des produits r\u00e9volutionnaires, en soutenant une \u00e9quipe de snowboarders de haut niveau et en convainquant les stations de permettre le snowboard. Il s'est fait le champion infatigable du snowboard et des snowboardeurs du monde entier. Jake est d\u00e9c\u00e9d\u00e9 en novembre dernier et la communaut\u00e9 des snowboarders voulait se rassembler et faire ce qu'il aimait le plus : le snowboard.  <\/p>\n\n\n\n<figure class=\"wp-block-image size-large is-style-default\"><img loading=\"lazy\" decoding=\"async\" width=\"594\" height=\"1024\" data-attachment-id=\"2165\" data-permalink=\"https:\/\/boardgeneration.ch\/fr\/am-13-marz-wird-am-weltweiten-tag-des-snowboardens-das-vermachtnis-von-jake-burton-carpenter-gefeiert\/a_day_for_jake_flyer\/\" data-orig-file=\"https:\/\/boardgeneration.ch\/wp-content\/uploads\/2020\/02\/A_DAY_FOR_JAKE_Flyer.jpg\" data-orig-size=\"926,1595\" data-comments-opened=\"1\" data-image-meta=\"{&quot;aperture&quot;:&quot;0&quot;,&quot;credit&quot;:&quot;&quot;,&quot;camera&quot;:&quot;&quot;,&quot;caption&quot;:&quot;&quot;,&quot;created_timestamp&quot;:&quot;0&quot;,&quot;copyright&quot;:&quot;&quot;,&quot;focal_length&quot;:&quot;0&quot;,&quot;iso&quot;:&quot;0&quot;,&quot;shutter_speed&quot;:&quot;0&quot;,&quot;title&quot;:&quot;&quot;,&quot;orientation&quot;:&quot;0&quot;}\" data-image-title=\"A_DAY_FOR_JAKE_Flyer\" data-image-description=\"\" data-image-caption=\"\" data-medium-file=\"https:\/\/boardgeneration.ch\/wp-content\/uploads\/2020\/02\/A_DAY_FOR_JAKE_Flyer-174x300.jpg\" data-large-file=\"https:\/\/boardgeneration.ch\/wp-content\/uploads\/2020\/02\/A_DAY_FOR_JAKE_Flyer-594x1024.jpg\" src=\"https:\/\/boardgeneration.ch\/wp-content\/uploads\/2020\/02\/A_DAY_FOR_JAKE_Flyer-594x1024.jpg\" alt=\"\" class=\"wp-image-2165\" srcset=\"https:\/\/boardgeneration.ch\/wp-content\/uploads\/2020\/02\/A_DAY_FOR_JAKE_Flyer-594x1024.jpg 594w, https:\/\/boardgeneration.ch\/wp-content\/uploads\/2020\/02\/A_DAY_FOR_JAKE_Flyer-174x300.jpg 174w, https:\/\/boardgeneration.ch\/wp-content\/uploads\/2020\/02\/A_DAY_FOR_JAKE_Flyer-768x1323.jpg 768w, https:\/\/boardgeneration.ch\/wp-content\/uploads\/2020\/02\/A_DAY_FOR_JAKE_Flyer-892x1536.jpg 892w, https:\/\/boardgeneration.ch\/wp-content\/uploads\/2020\/02\/A_DAY_FOR_JAKE_Flyer-297x512.jpg 297w, https:\/\/boardgeneration.ch\/wp-content\/uploads\/2020\/02\/A_DAY_FOR_JAKE_Flyer.jpg 926w\" sizes=\"auto, (max-width: 594px) 100vw, 594px\" \/><figcaption><span class=\"media-credit\"><a href=\"https:\/\/boardgeneration.ch\/fr\/author\/pressedienst\/\">Service de presse<\/a> | g\u00e9n\u00e9ration du conseil d'administration<\/span><\/figcaption><\/figure>\n\n\n\n<p>Le 13 mars 2020, le premier \"<a href=\"http:\/\/adayforjake.com\/\" target=\"_blank\" rel=\"noreferrer noopener\" aria-label=\" (s&#039;ouvre dans un nouvel onglet)\">Une journ\u00e9e pour Jake<\/a>\"-\u00e9v\u00e9nement organis\u00e9 pour honorer l'h\u00e9ritage de Jake Burton Carpenter. Treize stations du monde entier participent \u00e0 \"A Day for Jake\" et offrent des billets de remont\u00e9e gratuits \u00e0 tous les snowboarders qui se pr\u00e9inscrivent pour nous rejoindre lors d'un \u00e9v\u00e9nement de snowboard \u00e0 la m\u00e9moire de Jake le 13 mars, et tous ceux qui veulent enfiler un snowboard sont invit\u00e9s \u00e0 participer : Les cavaliers, leurs amis et les membres de leur famille et tous les autres, quel que soit leur niveau. <\/p>\n\n\n\n<p>L'\u00e9v\u00e9nement \"A Day for Jake\" r\u00e9unira \u00e9galement l'ensemble de l'industrie du snowboard avec de nombreuses marques, des \u00e9quipes de riders professionnels, des locaux, des propri\u00e9taires de magasins et des employ\u00e9s. En l'honneur de \"A Day for Jake\", tous les bureaux et magasins Burton seront ferm\u00e9s le 13 mars. Et parce que l'une des passions de Jake \u00e9tait d'enseigner le snowboard aux autres, certaines stations participantes proposent \u00e9galement des forfaits sp\u00e9ciaux \"Learn to Ride\" pour les amis et les membres de la famille de la communaut\u00e9 de snowboard et pour toute autre personne qui souhaite apprendre le snowboard ce jour-l\u00e0. <\/p>\n\n\n\n<p>Les snowboarders peuvent participer gratuitement dans les stations suivantes :  <\/p>\n\n\n\n<ul class=\"wp-block-list\"><li>Boyne Mountain, Michigan, \u00c9tats-Unis<\/li><li>Sommet \u00e0 Snoqualmie, Washington, \u00c9tats-Unis<\/li><li> Big Sky Resort, Montana, \u00c9tats-Unis<\/li><li>Copper Mountain\/Woodward Copper, Colorado, \u00c9tats-Unis<\/li><li> Boreal\/Woodward Tahoe, Californie, \u00c9tats-Unis<\/li><li>Stratton Mountain, Vermont, \u00c9tats-Unis<\/li><li> Bear Mountain, Californie, \u00c9tats-Unis<\/li><li>Cypress Mountain, Vancouver, Canada<\/li><li>Avoriaz, France<\/li><li>Absolut Park, Flachauwinkl, Autriche<\/li><li>LAAX, Suisse<\/li><li> Madonna Di Campiglio, Italie<\/li><li> Seki Onsen Resort, Nigata, Myoko, Japon <\/li><\/ul>\n\n\n\n<p>Pour les billets de remont\u00e9e gratuits, il faut r\u00e9server \u00e0 l'avance \u00e0 <a href=\"http:\/\/adayforjake.com\/\" target=\"_blank\" rel=\"noreferrer noopener\" aria-label=\" (s&#039;ouvre dans un nouvel onglet)\">le site web de l'\u00e9v\u00e9nement<\/a> Les billets de remont\u00e9es m\u00e9caniques ne sont valables que pour les snowboarders. L'inscription se termine le dimanche 8 mars \u00e0 minuit. Burton est tr\u00e8s heureux de s'associer \u00e0 ces treize stations et tient \u00e0 les remercier pour leur soutien sans pr\u00e9c\u00e9dent \u00e0 l'\u00e9v\u00e9nement \"A Day for Jake\" et au snowboard en g\u00e9n\u00e9ral. <\/p>\n\n\n\n<figure class=\"wp-block-image size-large is-style-default\"><img loading=\"lazy\" decoding=\"async\" width=\"576\" height=\"1024\" data-attachment-id=\"2170\" data-permalink=\"https:\/\/boardgeneration.ch\/fr\/ad4j_social_feb26_ig9x16_2-2\/\" data-orig-file=\"https:\/\/boardgeneration.ch\/wp-content\/uploads\/2020\/02\/AD4J_Social_Feb26_IG9x16_2-1.jpg\" data-orig-size=\"1080,1920\" data-comments-opened=\"1\" data-image-meta=\"{&quot;aperture&quot;:&quot;0&quot;,&quot;credit&quot;:&quot;&quot;,&quot;camera&quot;:&quot;&quot;,&quot;caption&quot;:&quot;&quot;,&quot;created_timestamp&quot;:&quot;0&quot;,&quot;copyright&quot;:&quot;&quot;,&quot;focal_length&quot;:&quot;0&quot;,&quot;iso&quot;:&quot;0&quot;,&quot;shutter_speed&quot;:&quot;0&quot;,&quot;title&quot;:&quot;&quot;,&quot;orientation&quot;:&quot;0&quot;}\" data-image-title=\"AD4J_Social_Feb26_IG9x16_2\" data-image-description=\"\" data-image-caption=\"\" data-medium-file=\"https:\/\/boardgeneration.ch\/wp-content\/uploads\/2020\/02\/AD4J_Social_Feb26_IG9x16_2-1-169x300.jpg\" data-large-file=\"https:\/\/boardgeneration.ch\/wp-content\/uploads\/2020\/02\/AD4J_Social_Feb26_IG9x16_2-1-576x1024.jpg\" src=\"https:\/\/boardgeneration.ch\/wp-content\/uploads\/2020\/02\/AD4J_Social_Feb26_IG9x16_2-1-576x1024.jpg\" alt=\"\" class=\"wp-image-2170\" srcset=\"https:\/\/boardgeneration.ch\/wp-content\/uploads\/2020\/02\/AD4J_Social_Feb26_IG9x16_2-1-576x1024.jpg 576w, https:\/\/boardgeneration.ch\/wp-content\/uploads\/2020\/02\/AD4J_Social_Feb26_IG9x16_2-1-169x300.jpg 169w, https:\/\/boardgeneration.ch\/wp-content\/uploads\/2020\/02\/AD4J_Social_Feb26_IG9x16_2-1-768x1365.jpg 768w, https:\/\/boardgeneration.ch\/wp-content\/uploads\/2020\/02\/AD4J_Social_Feb26_IG9x16_2-1-864x1536.jpg 864w, https:\/\/boardgeneration.ch\/wp-content\/uploads\/2020\/02\/AD4J_Social_Feb26_IG9x16_2-1-288x512.jpg 288w, https:\/\/boardgeneration.ch\/wp-content\/uploads\/2020\/02\/AD4J_Social_Feb26_IG9x16_2-1.jpg 1080w\" sizes=\"auto, (max-width: 576px) 100vw, 576px\" \/><figcaption><span class=\"media-credit\"><a href=\"https:\/\/boardgeneration.ch\/fr\/author\/pressedienst\/\">Service de presse<\/a> | g\u00e9n\u00e9ration du conseil d'administration<\/span><\/figcaption><\/figure>\n\n\n\n<p><strong>Vous n'habitez pas dans\npr\u00e8s d'une station participante ? Rendez-vous dans votre station de sports d'hiver locale\nou aux montagnes qui vous entourent. <\/strong><\/p>\n\n\n\n<p>De m\u00eame, les snowboarders du monde entier sont invit\u00e9s \u00e0 c\u00e9l\u00e9brer ind\u00e9pendamment \"A Day for Jake\" en allant simplement faire du snowboard quelque part le vendredi 13 mars. Tous sont invit\u00e9s \u00e0 partager leur participation avec les bracelets et autocollants \"A Day for Jake\" disponibles dans les magasins Burton locaux et sur <a href=\"http:\/\/adayforjake.com\/\" target=\"_blank\" rel=\"noreferrer noopener\" aria-label=\" (s&#039;ouvre dans un nouvel onglet)\">Une journ\u00e9e pour Jake<\/a> sont disponibles. Dans l'esprit de l'innovation et de la cr\u00e9ativit\u00e9 qui ont inspir\u00e9 le snowboard depuis ses d\u00e9buts, les nouvelles interpr\u00e9tations et les d\u00e9veloppements du symbole sont les bienvenus, les lignes directrices ne sont donn\u00e9es qu'\u00e0 titre indicatif. Partagez votre exp\u00e9rience \"A Day for Jake\" sous le hashtag <strong><a href=\"https:\/\/boardgeneration.ch\/fr\/tag\/rideonjake\/\">#RideonJake<\/a><\/strong> &nbsp;<\/p>\n\n\n\n<p>En tant qu'industrie\net en tant que communaut\u00e9, nous nous r\u00e9unissons en ce jour pour nous souvenir, pour\nr\u00e9fl\u00e9chir et faire du snowboard ensemble. \"Une journ\u00e9e pour Jake\" restera dans les m\u00e9moires comme une tradition\nl'enthousiasme et les id\u00e9es de Jake pour l'avenir aussi.\net pour pr\u00e9server notre amour du snowboard et la joie de la perfection\nTournez-vous vers le partage. <\/p>","protected":false},"excerpt":{"rendered":"<p>Jake Burton Carpenter gr\u00fcndete Burton Snowboards im Jahre 1977 in seiner Scheune in Vermont und widmete den Rest seines Lebens dem Snowboarden. \u00dcber die n\u00e4chsten 42 Jahre hinweg setzte sich Jake als Vorreiter f\u00fcr die Verbreitung von Snowboarding ein, er machte aus einem Hinterhof-Hobby einen Weltklassesport, indem er bahnbrechende Produkte kreierte, ein Team von erstklassigen [&hellip;]<\/p>\n","protected":false},"author":3,"featured_media":2163,"comment_status":"open","ping_status":"open","sticky":false,"template":"","format":"standard","meta":{"_jetpack_memberships_contains_paid_content":false,"footnotes":""},"categories":[12,173],"tags":[],"class_list":["post-2161","post","type-post","status-publish","format-standard","has-post-thumbnail","hentry","category-event","category-news"],"yoast_head":"<!-- This site is optimized with the Yoast SEO plugin v26.8 - https:\/\/yoast.com\/product\/yoast-seo-wordpress\/ -->\n<title>Am weltweiten Tag des Snowboardings, dem 13. M\u00e4rz, wird das Verm\u00e4chtnis von Jake Burton Carpenter gew\u00fcrdigt - Board Generation<\/title>\n<meta name=\"robots\" content=\"index, follow, max-snippet:-1, max-image-preview:large, max-video-preview:-1\" \/>\n<link rel=\"canonical\" href=\"https:\/\/boardgeneration.ch\/fr\/am-13-marz-wird-am-weltweiten-tag-des-snowboardens-das-vermachtnis-von-jake-burton-carpenter-gefeiert\/\" \/>\n<meta property=\"og:locale\" content=\"fr_FR\" \/>\n<meta property=\"og:type\" content=\"article\" \/>\n<meta property=\"og:title\" content=\"Am weltweiten Tag des Snowboardings, dem 13. M\u00e4rz, wird das Verm\u00e4chtnis von Jake Burton Carpenter gew\u00fcrdigt - Board Generation\" \/>\n<meta property=\"og:description\" content=\"Jake Burton Carpenter gr\u00fcndete Burton Snowboards im Jahre 1977 in seiner Scheune in Vermont und widmete den Rest seines Lebens dem Snowboarden. \u00dcber die n\u00e4chsten 42 Jahre hinweg setzte sich Jake als Vorreiter f\u00fcr die Verbreitung von Snowboarding ein, er machte aus einem Hinterhof-Hobby einen Weltklassesport, indem er bahnbrechende Produkte kreierte, ein Team von erstklassigen [&hellip;]\" \/>\n<meta property=\"og:url\" content=\"https:\/\/boardgeneration.ch\/fr\/am-13-marz-wird-am-weltweiten-tag-des-snowboardens-das-vermachtnis-von-jake-burton-carpenter-gefeiert\/\" \/>\n<meta property=\"og:site_name\" content=\"Board Generation\" \/>\n<meta property=\"article:publisher\" content=\"https:\/\/www.facebook.com\/boardgeneration.ch\" \/>\n<meta property=\"article:published_time\" content=\"2020-02-26T12:22:00+00:00\" \/>\n<meta property=\"article:modified_time\" content=\"2020-02-29T12:52:35+00:00\" \/>\n<meta property=\"og:image\" content=\"https:\/\/boardgeneration.ch\/wp-content\/uploads\/2020\/02\/A_DAY_FOR_JAKE.png\" \/>\n\t<meta property=\"og:image:width\" content=\"1265\" \/>\n\t<meta property=\"og:image:height\" content=\"573\" \/>\n\t<meta property=\"og:image:type\" content=\"image\/png\" \/>\n<meta name=\"author\" content=\"Pressedienst\" \/>\n<meta name=\"twitter:card\" content=\"summary_large_image\" \/>\n<meta name=\"twitter:creator\" content=\"@boardgen\" \/>\n<meta name=\"twitter:site\" content=\"@boardgen\" \/>\n<meta name=\"twitter:label1\" content=\"\u00c9crit par\" \/>\n\t<meta name=\"twitter:data1\" content=\"Pressedienst\" \/>\n\t<meta name=\"twitter:label2\" content=\"Dur\u00e9e de lecture estim\u00e9e\" \/>\n\t<meta name=\"twitter:data2\" content=\"3 minutes\" \/>\n<script type=\"application\/ld+json\" class=\"yoast-schema-graph\">{\"@context\":\"https:\/\/schema.org\",\"@graph\":[{\"@type\":\"Article\",\"@id\":\"https:\/\/boardgeneration.ch\/en\/am-13-marz-wird-am-weltweiten-tag-des-snowboardens-das-vermachtnis-von-jake-burton-carpenter-gefeiert\/#article\",\"isPartOf\":{\"@id\":\"https:\/\/boardgeneration.ch\/en\/am-13-marz-wird-am-weltweiten-tag-des-snowboardens-das-vermachtnis-von-jake-burton-carpenter-gefeiert\/\"},\"author\":{\"name\":\"Pressedienst\",\"@id\":\"https:\/\/boardgeneration.ch\/#\/schema\/person\/4727ac7b918c1fd9879a564a16734f2c\"},\"headline\":\"Am weltweiten Tag des Snowboardings, dem 13. M\u00e4rz, wird das Verm\u00e4chtnis von Jake Burton Carpenter gew\u00fcrdigt\",\"datePublished\":\"2020-02-26T12:22:00+00:00\",\"dateModified\":\"2020-02-29T12:52:35+00:00\",\"mainEntityOfPage\":{\"@id\":\"https:\/\/boardgeneration.ch\/en\/am-13-marz-wird-am-weltweiten-tag-des-snowboardens-das-vermachtnis-von-jake-burton-carpenter-gefeiert\/\"},\"wordCount\":622,\"commentCount\":0,\"publisher\":{\"@id\":\"https:\/\/boardgeneration.ch\/#organization\"},\"image\":{\"@id\":\"https:\/\/boardgeneration.ch\/en\/am-13-marz-wird-am-weltweiten-tag-des-snowboardens-das-vermachtnis-von-jake-burton-carpenter-gefeiert\/#primaryimage\"},\"thumbnailUrl\":\"https:\/\/boardgeneration.ch\/wp-content\/uploads\/2020\/02\/A_DAY_FOR_JAKE.png\",\"articleSection\":[\"event\",\"news\"],\"inLanguage\":\"fr-FR\",\"potentialAction\":[{\"@type\":\"CommentAction\",\"name\":\"Comment\",\"target\":[\"https:\/\/boardgeneration.ch\/en\/am-13-marz-wird-am-weltweiten-tag-des-snowboardens-das-vermachtnis-von-jake-burton-carpenter-gefeiert\/#respond\"]}]},{\"@type\":\"WebPage\",\"@id\":\"https:\/\/boardgeneration.ch\/en\/am-13-marz-wird-am-weltweiten-tag-des-snowboardens-das-vermachtnis-von-jake-burton-carpenter-gefeiert\/\",\"url\":\"https:\/\/boardgeneration.ch\/en\/am-13-marz-wird-am-weltweiten-tag-des-snowboardens-das-vermachtnis-von-jake-burton-carpenter-gefeiert\/\",\"name\":\"Am weltweiten Tag des Snowboardings, dem 13. M\u00e4rz, wird das Verm\u00e4chtnis von Jake Burton Carpenter gew\u00fcrdigt - Board Generation\",\"isPartOf\":{\"@id\":\"https:\/\/boardgeneration.ch\/#website\"},\"primaryImageOfPage\":{\"@id\":\"https:\/\/boardgeneration.ch\/en\/am-13-marz-wird-am-weltweiten-tag-des-snowboardens-das-vermachtnis-von-jake-burton-carpenter-gefeiert\/#primaryimage\"},\"image\":{\"@id\":\"https:\/\/boardgeneration.ch\/en\/am-13-marz-wird-am-weltweiten-tag-des-snowboardens-das-vermachtnis-von-jake-burton-carpenter-gefeiert\/#primaryimage\"},\"thumbnailUrl\":\"https:\/\/boardgeneration.ch\/wp-content\/uploads\/2020\/02\/A_DAY_FOR_JAKE.png\",\"datePublished\":\"2020-02-26T12:22:00+00:00\",\"dateModified\":\"2020-02-29T12:52:35+00:00\",\"breadcrumb\":{\"@id\":\"https:\/\/boardgeneration.ch\/en\/am-13-marz-wird-am-weltweiten-tag-des-snowboardens-das-vermachtnis-von-jake-burton-carpenter-gefeiert\/#breadcrumb\"},\"inLanguage\":\"fr-FR\",\"potentialAction\":[{\"@type\":\"ReadAction\",\"target\":[\"https:\/\/boardgeneration.ch\/en\/am-13-marz-wird-am-weltweiten-tag-des-snowboardens-das-vermachtnis-von-jake-burton-carpenter-gefeiert\/\"]}]},{\"@type\":\"ImageObject\",\"inLanguage\":\"fr-FR\",\"@id\":\"https:\/\/boardgeneration.ch\/en\/am-13-marz-wird-am-weltweiten-tag-des-snowboardens-das-vermachtnis-von-jake-burton-carpenter-gefeiert\/#primaryimage\",\"url\":\"https:\/\/boardgeneration.ch\/wp-content\/uploads\/2020\/02\/A_DAY_FOR_JAKE.png\",\"contentUrl\":\"https:\/\/boardgeneration.ch\/wp-content\/uploads\/2020\/02\/A_DAY_FOR_JAKE.png\",\"width\":1265,\"height\":573},{\"@type\":\"BreadcrumbList\",\"@id\":\"https:\/\/boardgeneration.ch\/en\/am-13-marz-wird-am-weltweiten-tag-des-snowboardens-das-vermachtnis-von-jake-burton-carpenter-gefeiert\/#breadcrumb\",\"itemListElement\":[{\"@type\":\"ListItem\",\"position\":1,\"name\":\"Startseite\",\"item\":\"https:\/\/boardgeneration.ch\/\"},{\"@type\":\"ListItem\",\"position\":2,\"name\":\"Am weltweiten Tag des Snowboardings, dem 13. M\u00e4rz, wird das Verm\u00e4chtnis von Jake Burton Carpenter gew\u00fcrdigt\"}]},{\"@type\":\"WebSite\",\"@id\":\"https:\/\/boardgeneration.ch\/#website\",\"url\":\"https:\/\/boardgeneration.ch\/\",\"name\":\"board generation\",\"description\":\"Back to the Roots\",\"publisher\":{\"@id\":\"https:\/\/boardgeneration.ch\/#organization\"},\"potentialAction\":[{\"@type\":\"SearchAction\",\"target\":{\"@type\":\"EntryPoint\",\"urlTemplate\":\"https:\/\/boardgeneration.ch\/?s={search_term_string}\"},\"query-input\":{\"@type\":\"PropertyValueSpecification\",\"valueRequired\":true,\"valueName\":\"search_term_string\"}}],\"inLanguage\":\"fr-FR\"},{\"@type\":\"Organization\",\"@id\":\"https:\/\/boardgeneration.ch\/#organization\",\"name\":\"board generation\",\"url\":\"https:\/\/boardgeneration.ch\/\",\"logo\":{\"@type\":\"ImageObject\",\"inLanguage\":\"fr-FR\",\"@id\":\"https:\/\/boardgeneration.ch\/#\/schema\/logo\/image\/\",\"url\":\"https:\/\/boardgeneration.ch\/wp-content\/uploads\/2019\/01\/bg-logo_mit_Text.png\",\"contentUrl\":\"https:\/\/boardgeneration.ch\/wp-content\/uploads\/2019\/01\/bg-logo_mit_Text.png\",\"width\":1040,\"height\":1155,\"caption\":\"board generation\"},\"image\":{\"@id\":\"https:\/\/boardgeneration.ch\/#\/schema\/logo\/image\/\"},\"sameAs\":[\"https:\/\/www.facebook.com\/boardgeneration.ch\",\"https:\/\/x.com\/boardgen\",\"https:\/\/www.instagram.com\/boardgen\/\"]},{\"@type\":\"Person\",\"@id\":\"https:\/\/boardgeneration.ch\/#\/schema\/person\/4727ac7b918c1fd9879a564a16734f2c\",\"name\":\"Pressedienst\",\"image\":{\"@type\":\"ImageObject\",\"inLanguage\":\"fr-FR\",\"@id\":\"https:\/\/boardgeneration.ch\/#\/schema\/person\/image\/\",\"url\":\"https:\/\/boardgeneration.ch\/wp-content\/uploads\/2019\/10\/Pile-of-letters-96x96.jpg\",\"contentUrl\":\"https:\/\/boardgeneration.ch\/wp-content\/uploads\/2019\/10\/Pile-of-letters-96x96.jpg\",\"caption\":\"Pressedienst\"},\"url\":\"https:\/\/boardgeneration.ch\/fr\/author\/pressedienst\/\"}]}<\/script>\n<!-- \/ Yoast SEO plugin. -->","yoast_head_json":{"title":"Am weltweiten Tag des Snowboardings, dem 13. M\u00e4rz, wird das Verm\u00e4chtnis von Jake Burton Carpenter gew\u00fcrdigt - Board Generation","robots":{"index":"index","follow":"follow","max-snippet":"max-snippet:-1","max-image-preview":"max-image-preview:large","max-video-preview":"max-video-preview:-1"},"canonical":"https:\/\/boardgeneration.ch\/fr\/am-13-marz-wird-am-weltweiten-tag-des-snowboardens-das-vermachtnis-von-jake-burton-carpenter-gefeiert\/","og_locale":"fr_FR","og_type":"article","og_title":"Am weltweiten Tag des Snowboardings, dem 13. M\u00e4rz, wird das Verm\u00e4chtnis von Jake Burton Carpenter gew\u00fcrdigt - Board Generation","og_description":"Jake Burton Carpenter gr\u00fcndete Burton Snowboards im Jahre 1977 in seiner Scheune in Vermont und widmete den Rest seines Lebens dem Snowboarden. \u00dcber die n\u00e4chsten 42 Jahre hinweg setzte sich Jake als Vorreiter f\u00fcr die Verbreitung von Snowboarding ein, er machte aus einem Hinterhof-Hobby einen Weltklassesport, indem er bahnbrechende Produkte kreierte, ein Team von erstklassigen [&hellip;]","og_url":"https:\/\/boardgeneration.ch\/fr\/am-13-marz-wird-am-weltweiten-tag-des-snowboardens-das-vermachtnis-von-jake-burton-carpenter-gefeiert\/","og_site_name":"Board Generation","article_publisher":"https:\/\/www.facebook.com\/boardgeneration.ch","article_published_time":"2020-02-26T12:22:00+00:00","article_modified_time":"2020-02-29T12:52:35+00:00","og_image":[{"width":1265,"height":573,"url":"https:\/\/boardgeneration.ch\/wp-content\/uploads\/2020\/02\/A_DAY_FOR_JAKE.png","type":"image\/png"}],"author":"Pressedienst","twitter_card":"summary_large_image","twitter_creator":"@boardgen","twitter_site":"@boardgen","twitter_misc":{"\u00c9crit par":"Pressedienst","Dur\u00e9e de lecture estim\u00e9e":"3 minutes"},"schema":{"@context":"https:\/\/schema.org","@graph":[{"@type":"Article","@id":"https:\/\/boardgeneration.ch\/en\/am-13-marz-wird-am-weltweiten-tag-des-snowboardens-das-vermachtnis-von-jake-burton-carpenter-gefeiert\/#article","isPartOf":{"@id":"https:\/\/boardgeneration.ch\/en\/am-13-marz-wird-am-weltweiten-tag-des-snowboardens-das-vermachtnis-von-jake-burton-carpenter-gefeiert\/"},"author":{"name":"Pressedienst","@id":"https:\/\/boardgeneration.ch\/#\/schema\/person\/4727ac7b918c1fd9879a564a16734f2c"},"headline":"Am weltweiten Tag des Snowboardings, dem 13. M\u00e4rz, wird das Verm\u00e4chtnis von Jake Burton Carpenter gew\u00fcrdigt","datePublished":"2020-02-26T12:22:00+00:00","dateModified":"2020-02-29T12:52:35+00:00","mainEntityOfPage":{"@id":"https:\/\/boardgeneration.ch\/en\/am-13-marz-wird-am-weltweiten-tag-des-snowboardens-das-vermachtnis-von-jake-burton-carpenter-gefeiert\/"},"wordCount":622,"commentCount":0,"publisher":{"@id":"https:\/\/boardgeneration.ch\/#organization"},"image":{"@id":"https:\/\/boardgeneration.ch\/en\/am-13-marz-wird-am-weltweiten-tag-des-snowboardens-das-vermachtnis-von-jake-burton-carpenter-gefeiert\/#primaryimage"},"thumbnailUrl":"https:\/\/boardgeneration.ch\/wp-content\/uploads\/2020\/02\/A_DAY_FOR_JAKE.png","articleSection":["event","news"],"inLanguage":"fr-FR","potentialAction":[{"@type":"CommentAction","name":"Comment","target":["https:\/\/boardgeneration.ch\/en\/am-13-marz-wird-am-weltweiten-tag-des-snowboardens-das-vermachtnis-von-jake-burton-carpenter-gefeiert\/#respond"]}]},{"@type":"WebPage","@id":"https:\/\/boardgeneration.ch\/en\/am-13-marz-wird-am-weltweiten-tag-des-snowboardens-das-vermachtnis-von-jake-burton-carpenter-gefeiert\/","url":"https:\/\/boardgeneration.ch\/en\/am-13-marz-wird-am-weltweiten-tag-des-snowboardens-das-vermachtnis-von-jake-burton-carpenter-gefeiert\/","name":"Am weltweiten Tag des Snowboardings, dem 13. M\u00e4rz, wird das Verm\u00e4chtnis von Jake Burton Carpenter gew\u00fcrdigt - Board Generation","isPartOf":{"@id":"https:\/\/boardgeneration.ch\/#website"},"primaryImageOfPage":{"@id":"https:\/\/boardgeneration.ch\/en\/am-13-marz-wird-am-weltweiten-tag-des-snowboardens-das-vermachtnis-von-jake-burton-carpenter-gefeiert\/#primaryimage"},"image":{"@id":"https:\/\/boardgeneration.ch\/en\/am-13-marz-wird-am-weltweiten-tag-des-snowboardens-das-vermachtnis-von-jake-burton-carpenter-gefeiert\/#primaryimage"},"thumbnailUrl":"https:\/\/boardgeneration.ch\/wp-content\/uploads\/2020\/02\/A_DAY_FOR_JAKE.png","datePublished":"2020-02-26T12:22:00+00:00","dateModified":"2020-02-29T12:52:35+00:00","breadcrumb":{"@id":"https:\/\/boardgeneration.ch\/en\/am-13-marz-wird-am-weltweiten-tag-des-snowboardens-das-vermachtnis-von-jake-burton-carpenter-gefeiert\/#breadcrumb"},"inLanguage":"fr-FR","potentialAction":[{"@type":"ReadAction","target":["https:\/\/boardgeneration.ch\/en\/am-13-marz-wird-am-weltweiten-tag-des-snowboardens-das-vermachtnis-von-jake-burton-carpenter-gefeiert\/"]}]},{"@type":"ImageObject","inLanguage":"fr-FR","@id":"https:\/\/boardgeneration.ch\/en\/am-13-marz-wird-am-weltweiten-tag-des-snowboardens-das-vermachtnis-von-jake-burton-carpenter-gefeiert\/#primaryimage","url":"https:\/\/boardgeneration.ch\/wp-content\/uploads\/2020\/02\/A_DAY_FOR_JAKE.png","contentUrl":"https:\/\/boardgeneration.ch\/wp-content\/uploads\/2020\/02\/A_DAY_FOR_JAKE.png","width":1265,"height":573},{"@type":"BreadcrumbList","@id":"https:\/\/boardgeneration.ch\/en\/am-13-marz-wird-am-weltweiten-tag-des-snowboardens-das-vermachtnis-von-jake-burton-carpenter-gefeiert\/#breadcrumb","itemListElement":[{"@type":"ListItem","position":1,"name":"Startseite","item":"https:\/\/boardgeneration.ch\/"},{"@type":"ListItem","position":2,"name":"Am weltweiten Tag des Snowboardings, dem 13. M\u00e4rz, wird das Verm\u00e4chtnis von Jake Burton Carpenter gew\u00fcrdigt"}]},{"@type":"WebSite","@id":"https:\/\/boardgeneration.ch\/#website","url":"https:\/\/boardgeneration.ch\/","name":"g\u00e9n\u00e9ration de conseils","description":"Retour aux sources","publisher":{"@id":"https:\/\/boardgeneration.ch\/#organization"},"potentialAction":[{"@type":"SearchAction","target":{"@type":"EntryPoint","urlTemplate":"https:\/\/boardgeneration.ch\/?s={search_term_string}"},"query-input":{"@type":"PropertyValueSpecification","valueRequired":true,"valueName":"search_term_string"}}],"inLanguage":"fr-FR"},{"@type":"Organization","@id":"https:\/\/boardgeneration.ch\/#organization","name":"g\u00e9n\u00e9ration de conseils","url":"https:\/\/boardgeneration.ch\/","logo":{"@type":"ImageObject","inLanguage":"fr-FR","@id":"https:\/\/boardgeneration.ch\/#\/schema\/logo\/image\/","url":"https:\/\/boardgeneration.ch\/wp-content\/uploads\/2019\/01\/bg-logo_mit_Text.png","contentUrl":"https:\/\/boardgeneration.ch\/wp-content\/uploads\/2019\/01\/bg-logo_mit_Text.png","width":1040,"height":1155,"caption":"board generation"},"image":{"@id":"https:\/\/boardgeneration.ch\/#\/schema\/logo\/image\/"},"sameAs":["https:\/\/www.facebook.com\/boardgeneration.ch","https:\/\/x.com\/boardgen","https:\/\/www.instagram.com\/boardgen\/"]},{"@type":"Person","@id":"https:\/\/boardgeneration.ch\/#\/schema\/person\/4727ac7b918c1fd9879a564a16734f2c","name":"Service de presse","image":{"@type":"ImageObject","inLanguage":"fr-FR","@id":"https:\/\/boardgeneration.ch\/#\/schema\/person\/image\/","url":"https:\/\/boardgeneration.ch\/wp-content\/uploads\/2019\/10\/Pile-of-letters-96x96.jpg","contentUrl":"https:\/\/boardgeneration.ch\/wp-content\/uploads\/2019\/10\/Pile-of-letters-96x96.jpg","caption":"Pressedienst"},"url":"https:\/\/boardgeneration.ch\/fr\/author\/pressedienst\/"}]}},"jetpack_featured_media_url":"https:\/\/boardgeneration.ch\/wp-content\/uploads\/2020\/02\/A_DAY_FOR_JAKE.png","jetpack_sharing_enabled":true,"amp_enabled":true,"_links":{"self":[{"href":"https:\/\/boardgeneration.ch\/fr\/wp-json\/wp\/v2\/posts\/2161","targetHints":{"allow":["GET"]}}],"collection":[{"href":"https:\/\/boardgeneration.ch\/fr\/wp-json\/wp\/v2\/posts"}],"about":[{"href":"https:\/\/boardgeneration.ch\/fr\/wp-json\/wp\/v2\/types\/post"}],"author":[{"embeddable":true,"href":"https:\/\/boardgeneration.ch\/fr\/wp-json\/wp\/v2\/users\/3"}],"replies":[{"embeddable":true,"href":"https:\/\/boardgeneration.ch\/fr\/wp-json\/wp\/v2\/comments?post=2161"}],"version-history":[{"count":5,"href":"https:\/\/boardgeneration.ch\/fr\/wp-json\/wp\/v2\/posts\/2161\/revisions"}],"predecessor-version":[{"id":2172,"href":"https:\/\/boardgeneration.ch\/fr\/wp-json\/wp\/v2\/posts\/2161\/revisions\/2172"}],"wp:featuredmedia":[{"embeddable":true,"href":"https:\/\/boardgeneration.ch\/fr\/wp-json\/wp\/v2\/media\/2163"}],"wp:attachment":[{"href":"https:\/\/boardgeneration.ch\/fr\/wp-json\/wp\/v2\/media?parent=2161"}],"wp:term":[{"taxonomy":"category","embeddable":true,"href":"https:\/\/boardgeneration.ch\/fr\/wp-json\/wp\/v2\/categories?post=2161"},{"taxonomy":"post_tag","embeddable":true,"href":"https:\/\/boardgeneration.ch\/fr\/wp-json\/wp\/v2\/tags?post=2161"}],"curies":[{"name":"wp","href":"https:\/\/api.w.org\/{rel}","templated":true}]}}