{"id":2206,"date":"2020-03-04T21:32:53","date_gmt":"2020-03-04T20:32:53","guid":{"rendered":"https:\/\/boardgeneration.ch\/?p=2206"},"modified":"2020-03-05T21:39:55","modified_gmt":"2020-03-05T20:39:55","slug":"7-zillertal-valley-ralley","status":"publish","type":"post","link":"https:\/\/boardgeneration.ch\/fr\/7-zillertal-valley-ralley\/","title":{"rendered":"7\u00e8me Zillertal V\u00c4LLEY R\u00c4LLEY"},"content":{"rendered":"<span class=\"span-reading-time rt-reading-time\" style=\"display: block;\"><span class=\"rt-label rt-prefix\">Le temps de la lecture : <\/span> <span class=\"rt-time\"> 3<\/span> <span class=\"rt-label rt-postfix\">proc\u00e8s-verbal<\/span><\/span>\n<p><strong>Plus d'une centaine de snowboarders venus de toute l'Europe se sont r\u00e9unis pour le 3e Tourstops du Zillertal V\u00c4LLEY R\u00c4LLEY organis\u00e9 par Blue Tomato &amp; Ride Snowboards les 29 f\u00e9vrier et 01 mars 2020 \u00e0 Mayrhofen-Hippach dans le Zillertal. Andreas MonEpic Monsberger a r\u00e9sum\u00e9 les points forts et les r\u00e9sultats du parc Mayrhofner Penken dans une vid\u00e9o : <\/strong><\/p>\n\n\n\n<figure class=\"wp-block-embed-vimeo wp-block-embed is-type-video is-provider-vimeo wp-embed-aspect-16-9 wp-has-aspect-ratio\"><div class=\"wp-block-embed__wrapper\">\n<iframe loading=\"lazy\" title=\"Zillertal V\u00c4LLEY R\u00c4LLEY 19\/20 - 3\u00e8me arr\u00eat &quot;Penken Park - Mayrhofen\" src=\"https:\/\/player.vimeo.com\/video\/395435850?dnt=1&amp;app_id=122963\" width=\"740\" height=\"416\" frameborder=\"0\" allow=\"autoplay; fullscreen\" allowfullscreen><\/iframe>\n<\/div><\/figure>\n\n\n\n<p>Au 3.\nZillertal V\u00c4LLEY R\u00c4LLEY Tourstop organis\u00e9 par Blue Tomato &amp; Ride Snowboards\nle parc Mayrhofner Penken a brill\u00e9 une fois de plus par son am\u00e9nagement parfait. Et\nOutre les s\u00e9ances d'entra\u00eenement et la Limbo Ride, la populaire Penken Fun Ride\nSamedi d\u00e9j\u00e0, de nombreux heureux gagnants se sont battus. Le meilleur temps a \u00e9t\u00e9 fourni par \u00c4sthetiker\nL'entra\u00eeneur et l\u00e9gende du snowboard Friedl Kolar (AUT) avec 38:53 secondes. Friedl\na remport\u00e9 l'or devant l'entra\u00eeneur de l'\u00e9quipe d'Allemagne, Niko Kyriazis, qui l'a battu 39:16\navec 39:16 secondes. L'esth\u00e9ticien Steve, pr\u00e9sident de la Commission, est arriv\u00e9 en troisi\u00e8me position\nGruber est mont\u00e9 sur le podium des hommes avec un temps de 39:63 secondes. <\/p>\n\n\n\n<figure class=\"wp-block-image size-large is-style-default\"><img loading=\"lazy\" decoding=\"async\" width=\"1024\" height=\"683\" data-attachment-id=\"2207\" data-permalink=\"https:\/\/boardgeneration.ch\/fr\/7-zillertal-valley-ralley\/20-02-29_zvr_penken_park_coaching_day____by_gustav_hersmann_0151_lowres\/\" data-orig-file=\"https:\/\/boardgeneration.ch\/wp-content\/uploads\/2020\/03\/20-02-29_zvr_Penken_Park_Coaching_Day____by_Gustav_Hersmann_0151_lowres.jpg\" data-orig-size=\"1600,1067\" data-comments-opened=\"1\" data-image-meta=\"{&quot;aperture&quot;:&quot;0&quot;,&quot;credit&quot;:&quot;&quot;,&quot;camera&quot;:&quot;&quot;,&quot;caption&quot;:&quot;&quot;,&quot;created_timestamp&quot;:&quot;0&quot;,&quot;copyright&quot;:&quot;&quot;,&quot;focal_length&quot;:&quot;0&quot;,&quot;iso&quot;:&quot;0&quot;,&quot;shutter_speed&quot;:&quot;0&quot;,&quot;title&quot;:&quot;&quot;,&quot;orientation&quot;:&quot;0&quot;}\" data-image-title=\"Penken_Park_Coaching_Day\" data-image-description=\"\" data-image-caption=\"&lt;p&gt;Penken Park &#8211; Coaching Day&lt;\/p&gt;\" data-medium-file=\"https:\/\/boardgeneration.ch\/wp-content\/uploads\/2020\/03\/20-02-29_zvr_Penken_Park_Coaching_Day____by_Gustav_Hersmann_0151_lowres-300x200.jpg\" data-large-file=\"https:\/\/boardgeneration.ch\/wp-content\/uploads\/2020\/03\/20-02-29_zvr_Penken_Park_Coaching_Day____by_Gustav_Hersmann_0151_lowres-1024x683.jpg\" src=\"https:\/\/boardgeneration.ch\/wp-content\/uploads\/2020\/03\/20-02-29_zvr_Penken_Park_Coaching_Day____by_Gustav_Hersmann_0151_lowres-1024x683.jpg\" alt=\"\" class=\"wp-image-2207\" srcset=\"https:\/\/boardgeneration.ch\/wp-content\/uploads\/2020\/03\/20-02-29_zvr_Penken_Park_Coaching_Day____by_Gustav_Hersmann_0151_lowres-1024x683.jpg 1024w, https:\/\/boardgeneration.ch\/wp-content\/uploads\/2020\/03\/20-02-29_zvr_Penken_Park_Coaching_Day____by_Gustav_Hersmann_0151_lowres-300x200.jpg 300w, https:\/\/boardgeneration.ch\/wp-content\/uploads\/2020\/03\/20-02-29_zvr_Penken_Park_Coaching_Day____by_Gustav_Hersmann_0151_lowres-768x512.jpg 768w, https:\/\/boardgeneration.ch\/wp-content\/uploads\/2020\/03\/20-02-29_zvr_Penken_Park_Coaching_Day____by_Gustav_Hersmann_0151_lowres-1536x1024.jpg 1536w, https:\/\/boardgeneration.ch\/wp-content\/uploads\/2020\/03\/20-02-29_zvr_Penken_Park_Coaching_Day____by_Gustav_Hersmann_0151_lowres-512x341.jpg 512w, https:\/\/boardgeneration.ch\/wp-content\/uploads\/2020\/03\/20-02-29_zvr_Penken_Park_Coaching_Day____by_Gustav_Hersmann_0151_lowres.jpg 1600w\" sizes=\"auto, (max-width: 1024px) 100vw, 1024px\" \/><figcaption><span class=\"media-credit\">Gustav Hersmann<\/span> Penken Park - Journ\u00e9e des entra\u00eeneurs<\/figcaption><\/figure>\n\n\n\n<p>Avec les dames\nLa gagnante de l'ann\u00e9e derni\u00e8re, Anna Lora (AUT), \u00e9tait sur la plus haute marche du podium et Elias\nFrantisek (CZE) a gagn\u00e9 dans la classe des d\u00e9butants. De l'international\nLucia Plur de la Rosa (GER) et Valery Sytykh (BLR) ont assur\u00e9 le terrain des conducteurs\nles meilleurs moments au Groms. tandis qu'Ella Gorcsosova (SVK) et Max\nG\u00f6pel (GER) a men\u00e9 les Super Groms avec le meilleur temps. <\/p>\n\n\n\n<figure class=\"wp-block-image size-large is-style-default\"><img loading=\"lazy\" decoding=\"async\" width=\"1024\" height=\"683\" data-attachment-id=\"2214\" data-permalink=\"https:\/\/boardgeneration.ch\/fr\/7-zillertal-valley-ralley\/moritz-breu\/\" data-orig-file=\"https:\/\/boardgeneration.ch\/wp-content\/uploads\/2020\/03\/20-03-01_zvr_Penken_Park_Contest__Moritz-Breu__by_Gustav_Hersmann_0128_lowres.jpg\" data-orig-size=\"1600,1067\" data-comments-opened=\"1\" data-image-meta=\"{&quot;aperture&quot;:&quot;0&quot;,&quot;credit&quot;:&quot;&quot;,&quot;camera&quot;:&quot;&quot;,&quot;caption&quot;:&quot;&quot;,&quot;created_timestamp&quot;:&quot;0&quot;,&quot;copyright&quot;:&quot;&quot;,&quot;focal_length&quot;:&quot;0&quot;,&quot;iso&quot;:&quot;0&quot;,&quot;shutter_speed&quot;:&quot;0&quot;,&quot;title&quot;:&quot;&quot;,&quot;orientation&quot;:&quot;0&quot;}\" data-image-title=\"Penken_Park_Contest__Moritz-Breu\" data-image-description=\"\" data-image-caption=\"&lt;p&gt;Penken Park Contest. Rider: Moritz Breu&lt;\/p&gt;\" data-medium-file=\"https:\/\/boardgeneration.ch\/wp-content\/uploads\/2020\/03\/20-03-01_zvr_Penken_Park_Contest__Moritz-Breu__by_Gustav_Hersmann_0128_lowres-300x200.jpg\" data-large-file=\"https:\/\/boardgeneration.ch\/wp-content\/uploads\/2020\/03\/20-03-01_zvr_Penken_Park_Contest__Moritz-Breu__by_Gustav_Hersmann_0128_lowres-1024x683.jpg\" src=\"https:\/\/boardgeneration.ch\/wp-content\/uploads\/2020\/03\/20-03-01_zvr_Penken_Park_Contest__Moritz-Breu__by_Gustav_Hersmann_0128_lowres-1024x683.jpg\" alt=\"\" class=\"wp-image-2214\" srcset=\"https:\/\/boardgeneration.ch\/wp-content\/uploads\/2020\/03\/20-03-01_zvr_Penken_Park_Contest__Moritz-Breu__by_Gustav_Hersmann_0128_lowres-1024x683.jpg 1024w, https:\/\/boardgeneration.ch\/wp-content\/uploads\/2020\/03\/20-03-01_zvr_Penken_Park_Contest__Moritz-Breu__by_Gustav_Hersmann_0128_lowres-300x200.jpg 300w, https:\/\/boardgeneration.ch\/wp-content\/uploads\/2020\/03\/20-03-01_zvr_Penken_Park_Contest__Moritz-Breu__by_Gustav_Hersmann_0128_lowres-768x512.jpg 768w, https:\/\/boardgeneration.ch\/wp-content\/uploads\/2020\/03\/20-03-01_zvr_Penken_Park_Contest__Moritz-Breu__by_Gustav_Hersmann_0128_lowres-1536x1024.jpg 1536w, https:\/\/boardgeneration.ch\/wp-content\/uploads\/2020\/03\/20-03-01_zvr_Penken_Park_Contest__Moritz-Breu__by_Gustav_Hersmann_0128_lowres-512x341.jpg 512w, https:\/\/boardgeneration.ch\/wp-content\/uploads\/2020\/03\/20-03-01_zvr_Penken_Park_Contest__Moritz-Breu__by_Gustav_Hersmann_0128_lowres.jpg 1600w\" sizes=\"auto, (max-width: 1024px) 100vw, 1024px\" \/><figcaption><span class=\"media-credit\">Gustav Hersmann<\/span> Concours de Penken Park. Cavalier : Moritz Breu<\/figcaption><\/figure>\n\n\n\n<p>Le dimanche a pr\u00e9sent\u00e9\nplus d'une centaine de talents du snowboard de toute l'Europe montrent leurs meilleurs tricks \u00e0\nun soleil radieux. En fin de compte, c'est Jakub Hrones (CZE) qui a \u00e9t\u00e9\nle meilleur de la journ\u00e9e a remport\u00e9 deux fois la m\u00e9daille d'or, \u00e0 savoir dans son\ndans la classe des Rookie Boys (16-18 ans) et dans la classe ouverte de tous\nconducteur masculin. Dans la course des Rookie Girls, Marie Hahnl (GER) a atteint le sommet de la\nen haut du podium, tandis qu'Emma Lantos (AUT) est dans la classe ouverte de tous les\ndes cavali\u00e8res ayant obtenu le meilleur score ont remport\u00e9 la victoire. <\/p>\n\n\n\n<p>Avec Serhii\nSanzhapov et Vanessa Volopichova sont chacune ukrainienne et une\nLa femme tch\u00e8que \u00e0 la premi\u00e8re place parmi les Groms (13-15 ans). Parmi les Super Groms\n(moins de 13 ans) Emil Frey de Team Germany et Anna Tomanova (CZE) ont d\u00e9barqu\u00e9\nen premi\u00e8re place dans chaque cas. Kristyna Kulik, de l'\u00e9quipe CZE, a obtenu un\nL'\u00e9l\u00e9gant backflip a remport\u00e9 le prix du meilleur tour de Horsefeathers. Le prix du \"Plus\nLe \"Grom impressionnant du jour\" a finalement \u00e9t\u00e9 d\u00e9cern\u00e9 au jeune Jonas Kr\u00f6ll, 10 ans\ndu club de snowboard local M-town Riders. <\/p>\n\n\n\n<p>L'organisation \"Become-a-Pro <a href=\"https:\/\/become-a-pro.net\" target=\"_blank\" rel=\"noreferrer noopener\" aria-label=\"https:\/\/become-a-pro.net (s&#039;ouvre dans un nouvel onglet)\">https:\/\/become-a-pro.net<\/a> \u00e9tait pr\u00e9sent au 3e arr\u00eat du Zillertal V\u00c4LLEY R\u00c4LLEY dans le Penken Park pour permettre aux jeunes athl\u00e8tes de se lancer plus facilement dans le sponsoring sportif professionnel gr\u00e2ce \u00e0 leur plateforme. <\/p>\n\n\n\n<figure class=\"wp-block-image size-large is-style-default\"><img loading=\"lazy\" decoding=\"async\" width=\"1024\" height=\"660\" data-attachment-id=\"2208\" data-permalink=\"https:\/\/boardgeneration.ch\/fr\/7-zillertal-valley-ralley\/20-02-29_zvr_penken_park_coaching_day____by_gustav_hersmann_0205_lowres\/\" data-orig-file=\"https:\/\/boardgeneration.ch\/wp-content\/uploads\/2020\/03\/20-02-29_zvr_Penken_Park_Coaching_Day____by_Gustav_Hersmann_0205_lowres.jpg\" data-orig-size=\"1600,1032\" data-comments-opened=\"1\" data-image-meta=\"{&quot;aperture&quot;:&quot;0&quot;,&quot;credit&quot;:&quot;&quot;,&quot;camera&quot;:&quot;&quot;,&quot;caption&quot;:&quot;&quot;,&quot;created_timestamp&quot;:&quot;0&quot;,&quot;copyright&quot;:&quot;&quot;,&quot;focal_length&quot;:&quot;0&quot;,&quot;iso&quot;:&quot;0&quot;,&quot;shutter_speed&quot;:&quot;0&quot;,&quot;title&quot;:&quot;&quot;,&quot;orientation&quot;:&quot;0&quot;}\" data-image-title=\"20-02-29_zvr_Penken_Park_Coaching_Day____by_Gustav_Hersmann_0205_lowres\" data-image-description=\"\" data-image-caption=\"&lt;p&gt;Penken Park &#8211; Coaching Day&lt;\/p&gt;\" data-medium-file=\"https:\/\/boardgeneration.ch\/wp-content\/uploads\/2020\/03\/20-02-29_zvr_Penken_Park_Coaching_Day____by_Gustav_Hersmann_0205_lowres-300x194.jpg\" data-large-file=\"https:\/\/boardgeneration.ch\/wp-content\/uploads\/2020\/03\/20-02-29_zvr_Penken_Park_Coaching_Day____by_Gustav_Hersmann_0205_lowres-1024x660.jpg\" src=\"https:\/\/boardgeneration.ch\/wp-content\/uploads\/2020\/03\/20-02-29_zvr_Penken_Park_Coaching_Day____by_Gustav_Hersmann_0205_lowres-1024x660.jpg\" alt=\"\" class=\"wp-image-2208\" srcset=\"https:\/\/boardgeneration.ch\/wp-content\/uploads\/2020\/03\/20-02-29_zvr_Penken_Park_Coaching_Day____by_Gustav_Hersmann_0205_lowres-1024x660.jpg 1024w, https:\/\/boardgeneration.ch\/wp-content\/uploads\/2020\/03\/20-02-29_zvr_Penken_Park_Coaching_Day____by_Gustav_Hersmann_0205_lowres-300x194.jpg 300w, https:\/\/boardgeneration.ch\/wp-content\/uploads\/2020\/03\/20-02-29_zvr_Penken_Park_Coaching_Day____by_Gustav_Hersmann_0205_lowres-768x495.jpg 768w, https:\/\/boardgeneration.ch\/wp-content\/uploads\/2020\/03\/20-02-29_zvr_Penken_Park_Coaching_Day____by_Gustav_Hersmann_0205_lowres-1536x991.jpg 1536w, https:\/\/boardgeneration.ch\/wp-content\/uploads\/2020\/03\/20-02-29_zvr_Penken_Park_Coaching_Day____by_Gustav_Hersmann_0205_lowres-512x330.jpg 512w, https:\/\/boardgeneration.ch\/wp-content\/uploads\/2020\/03\/20-02-29_zvr_Penken_Park_Coaching_Day____by_Gustav_Hersmann_0205_lowres.jpg 1600w\" sizes=\"auto, (max-width: 1024px) 100vw, 1024px\" \/><figcaption><span class=\"media-credit\">Gustav Hersmann<\/span> Penken Park - Journ\u00e9e des entra\u00eeneurs<\/figcaption><\/figure>\n\n\n\n<p>Anna\nM. Schneeberger, des Mayrhofner Bergbahnen, se f\u00e9licite du succ\u00e8s de cette manifestation : <em>\"Des participants incroyablement motiv\u00e9s, un grand\nl'\u00e9quipe de l'\u00e9v\u00e9nement, le parc de Penken, le soleil et beaucoup de bonnes\nAtmosph\u00e8re - la troisi\u00e8me \u00e9tape de la tourn\u00e9e du Zillertal V\u00e4lley R\u00e4lley a \u00e9t\u00e9 une fois de plus un m\u00e9ga\nWeek-end \u00e0 la montagne. Un grand merci aux esth\u00e9ticiennes pour cet \u00e9v\u00e9nement ing\u00e9nieux.\nNous attendons d\u00e9j\u00e0 l'ann\u00e9e prochaine avec impatience\". <\/em><\/p>\n\n\n\n<p>Avec le troisi\u00e8me\ndes quatre r\u00e9sultats du concours, il sera passionnant dans le V\u00c4LLEY R\u00c4LLEY\nClassement g\u00e9n\u00e9ral. Dans le classement des Rookie Boys et Overall-Men, Jakub prend la rel\u00e8ve\nHrones a pris la t\u00eate du classement g\u00e9n\u00e9ral, tandis que Vanessa Volopichova (CZE)\nLes filles Grom et les dames en combinaison. Hollie Smith (GBR) continue de dominer\nle classement des Rookie Girls. Serhii Sanzhapov (UKR) renforce sa pole position dans le Groms\n\u00e9teint. Emil Frey (GER) et Shania Colsters (NED) resteront apr\u00e8s le 3.\nArr\u00eat \u00e0 Mayrhofen, au sommet du classement du Super Grom. <\/p>\n\n\n\n<figure class=\"wp-block-image size-medium is-style-default\"><img loading=\"lazy\" decoding=\"async\" width=\"255\" height=\"300\" data-attachment-id=\"2212\" data-permalink=\"https:\/\/boardgeneration.ch\/fr\/7-zillertal-valley-ralley\/vr_logo_2019-01\/\" data-orig-file=\"https:\/\/boardgeneration.ch\/wp-content\/uploads\/2020\/03\/VR_Logo_2019-01-scaled.jpg\" data-orig-size=\"2177,2560\" data-comments-opened=\"1\" data-image-meta=\"{&quot;aperture&quot;:&quot;0&quot;,&quot;credit&quot;:&quot;&quot;,&quot;camera&quot;:&quot;&quot;,&quot;caption&quot;:&quot;&quot;,&quot;created_timestamp&quot;:&quot;0&quot;,&quot;copyright&quot;:&quot;&quot;,&quot;focal_length&quot;:&quot;0&quot;,&quot;iso&quot;:&quot;0&quot;,&quot;shutter_speed&quot;:&quot;0&quot;,&quot;title&quot;:&quot;&quot;,&quot;orientation&quot;:&quot;0&quot;}\" data-image-title=\"VR_Logo_2019-01\" data-image-description=\"\" data-image-caption=\"\" data-medium-file=\"https:\/\/boardgeneration.ch\/wp-content\/uploads\/2020\/03\/VR_Logo_2019-01-scaled-255x300.jpg\" data-large-file=\"https:\/\/boardgeneration.ch\/wp-content\/uploads\/2020\/03\/VR_Logo_2019-01-scaled-871x1024.jpg\" src=\"https:\/\/boardgeneration.ch\/wp-content\/uploads\/2020\/03\/VR_Logo_2019-01-scaled-255x300.jpg\" alt=\"\" class=\"wp-image-2212\" srcset=\"https:\/\/boardgeneration.ch\/wp-content\/uploads\/2020\/03\/VR_Logo_2019-01-scaled-255x300.jpg 255w, https:\/\/boardgeneration.ch\/wp-content\/uploads\/2020\/03\/VR_Logo_2019-01-scaled-871x1024.jpg 871w, https:\/\/boardgeneration.ch\/wp-content\/uploads\/2020\/03\/VR_Logo_2019-01-scaled-768x903.jpg 768w, https:\/\/boardgeneration.ch\/wp-content\/uploads\/2020\/03\/VR_Logo_2019-01-scaled-1306x1536.jpg 1306w, https:\/\/boardgeneration.ch\/wp-content\/uploads\/2020\/03\/VR_Logo_2019-01-scaled-1742x2048.jpg 1742w, https:\/\/boardgeneration.ch\/wp-content\/uploads\/2020\/03\/VR_Logo_2019-01-scaled-435x512.jpg 435w\" sizes=\"auto, (max-width: 255px) 100vw, 255px\" \/><figcaption><span class=\"media-credit\">PD<\/span><\/figcaption><\/figure>\n\n\n\n<p>Ainsi\nJakub Hrones (CZE), Vanessa Volopichova (CZE) et Hollie se qualifient\nSmith (GBR) pour les Masters autrichiens de slopestyle. Jakub Hrones (CZE) et\nVanessa Volopichova (CZE) remporte \u00e9galement la\nnouveau V\u00c4LLEY R\u00c4LLEY globalement En t\u00eate entre 13 et 18 ans (Groms &amp;\nRookies) un joker chacun pour la finale mondiale des recrues 2020. <\/p>\n\n\n\n<p>Plus d'informations sur <a href=\"http:\/\/www.powdern.com\" target=\"_blank\" rel=\"noreferrer noopener\" aria-label=\"http:\/\/www.powdern.com (s&#039;ouvre dans un nouvel onglet)\">http:\/\/www.powdern.com<\/a> <\/p>\n\n\n\n<p>Pour la\nParticipation \u00e0 Mayrhofen il y avait des points sur le World Snowboard international\nLa liste des points (WSPL) et l'arr\u00eat de la tourn\u00e9e sont compt\u00e9s comme ASA (Austrian Snowboard\nAssociation) Austriacup. <\/p>\n\n\n\n<p>En m\u00eame temps, a pr\u00e9sent\u00e9\nl'\u00e9v\u00e9nement la finale officielle du Super Grom Tour de tous les\nParticipants de moins de 16 ans : Et voici le vainqueur du Super Grom Tour 2020 (U13), Jonas\nKr\u00f6ll de Mayrhofen (AUT). Dans la classe des moins de 16 ans, Lukas Behensky (AUT) se r\u00e9jouit\npremi\u00e8re place. La nouvelle gagnante du Super Grom Tour Girls 2020 est Kristina\nEnnemi du bois. <\/p>\n\n\n\n<figure class=\"wp-block-image size-large is-style-default\"><img loading=\"lazy\" decoding=\"async\" width=\"1024\" height=\"683\" data-attachment-id=\"2209\" data-permalink=\"https:\/\/boardgeneration.ch\/fr\/7-zillertal-valley-ralley\/blue-tomato\/\" data-orig-file=\"https:\/\/boardgeneration.ch\/wp-content\/uploads\/2020\/03\/20-03-01_zvr_Penken_Park_Contest__Blue-Tomato__by_Gustav_Hersmann_0074_lowres.jpg\" data-orig-size=\"1600,1067\" data-comments-opened=\"1\" data-image-meta=\"{&quot;aperture&quot;:&quot;0&quot;,&quot;credit&quot;:&quot;&quot;,&quot;camera&quot;:&quot;&quot;,&quot;caption&quot;:&quot;&quot;,&quot;created_timestamp&quot;:&quot;0&quot;,&quot;copyright&quot;:&quot;&quot;,&quot;focal_length&quot;:&quot;0&quot;,&quot;iso&quot;:&quot;0&quot;,&quot;shutter_speed&quot;:&quot;0&quot;,&quot;title&quot;:&quot;&quot;,&quot;orientation&quot;:&quot;0&quot;}\" data-image-title=\"Penken_Park_Contest__Blue-Tomato\" data-image-description=\"&lt;p&gt;Penken Park Contest &#8211; Blue Tomato&lt;\/p&gt;\" data-image-caption=\"\" data-medium-file=\"https:\/\/boardgeneration.ch\/wp-content\/uploads\/2020\/03\/20-03-01_zvr_Penken_Park_Contest__Blue-Tomato__by_Gustav_Hersmann_0074_lowres-300x200.jpg\" data-large-file=\"https:\/\/boardgeneration.ch\/wp-content\/uploads\/2020\/03\/20-03-01_zvr_Penken_Park_Contest__Blue-Tomato__by_Gustav_Hersmann_0074_lowres-1024x683.jpg\" src=\"https:\/\/boardgeneration.ch\/wp-content\/uploads\/2020\/03\/20-03-01_zvr_Penken_Park_Contest__Blue-Tomato__by_Gustav_Hersmann_0074_lowres-1024x683.jpg\" alt=\"\" class=\"wp-image-2209\" srcset=\"https:\/\/boardgeneration.ch\/wp-content\/uploads\/2020\/03\/20-03-01_zvr_Penken_Park_Contest__Blue-Tomato__by_Gustav_Hersmann_0074_lowres-1024x683.jpg 1024w, https:\/\/boardgeneration.ch\/wp-content\/uploads\/2020\/03\/20-03-01_zvr_Penken_Park_Contest__Blue-Tomato__by_Gustav_Hersmann_0074_lowres-300x200.jpg 300w, https:\/\/boardgeneration.ch\/wp-content\/uploads\/2020\/03\/20-03-01_zvr_Penken_Park_Contest__Blue-Tomato__by_Gustav_Hersmann_0074_lowres-768x512.jpg 768w, https:\/\/boardgeneration.ch\/wp-content\/uploads\/2020\/03\/20-03-01_zvr_Penken_Park_Contest__Blue-Tomato__by_Gustav_Hersmann_0074_lowres-1536x1024.jpg 1536w, https:\/\/boardgeneration.ch\/wp-content\/uploads\/2020\/03\/20-03-01_zvr_Penken_Park_Contest__Blue-Tomato__by_Gustav_Hersmann_0074_lowres-512x341.jpg 512w, https:\/\/boardgeneration.ch\/wp-content\/uploads\/2020\/03\/20-03-01_zvr_Penken_Park_Contest__Blue-Tomato__by_Gustav_Hersmann_0074_lowres.jpg 1600w\" sizes=\"auto, (max-width: 1024px) 100vw, 1024px\" \/><figcaption><span class=\"media-credit\">Gustav Hersmann<\/span><\/figcaption><\/figure>\n\n\n\n<p>Les 25 et 26.\nEn avril, la grande finale du Zillertal V\u00c4LLEY R\u00c4LLEY aura lieu au glacier d'Hintertux\net les gagnants de la tourn\u00e9e y seront annonc\u00e9s apr\u00e8s la quatri\u00e8me et derni\u00e8re \u00e9tape de la tourn\u00e9e\ncouronn\u00e9 \u00e0 la famille royale Zillertal V\u00c4LLEY R\u00c4LLEY 2020. <\/p>\n\n\n\n<p>Les partenaires de la 3\u00e8me \u00e9tape du tour sont :<br>La Zillertal Tourism GmbH, les Mayrhofner Bergbahnen avec le parc Penken, l'association touristique Mayrhofen-Hippach dans le Zillertal, Blue Tomato, Ride Snowboards, Red Bull, Horsefeathers, Dana Beanies, la F\u00e9d\u00e9ration mondiale de snowboard (FMS), la F\u00e9d\u00e9ration autrichienne de snowboard (ASA) ainsi que le World Rookie Tour (WRT). <\/p>\n\n\n\n<p>Tous les r\u00e9sultats et les photos peuvent \u00eatre consult\u00e9s \u00e0 l'adresse suivante <a href=\"http:\/\/www.valleyralley.at\" target=\"_blank\" rel=\"noreferrer noopener\" aria-label=\"www.valleyralley.at (s&#039;ouvre dans un nouvel onglet)\">www.valleyralley.at<\/a> ou <a href=\"http:\/\/www.zillertal.at\/valleyralley\" target=\"_blank\" rel=\"noreferrer noopener\" aria-label=\"www.zillertal.at\/valleyralley (s&#039;ouvre dans un nouvel onglet)\">www.zillertal.at\/valleyralley<\/a> <\/p>","protected":false},"excerpt":{"rendered":"<p>\u00dcber hundert Snowboarder aus ganz Europa versammelten sich anl\u00e4sslich des 3. Zillertal V\u00c4LLEY R\u00c4LLEY Tourstopps hosted by Blue Tomato &amp; Ride Snowboards am 29. Februar und 01. M\u00e4rz 2020 in Mayrhofen-Hippach im Zillertal. Andreas MonEpic Monsberger hat die Highlights und Ergebnisse aus dem Mayrhofner Penken Park in einem Video zusammengefasst: Zum 3. Zillertal V\u00c4LLEY R\u00c4LLEY [&hellip;]<\/p>\n","protected":false},"author":3,"featured_media":2210,"comment_status":"open","ping_status":"open","sticky":false,"template":"","format":"standard","meta":{"_jetpack_memberships_contains_paid_content":false,"footnotes":""},"categories":[22966],"tags":[],"class_list":["post-2206","post","type-post","status-publish","format-standard","has-post-thumbnail","hentry","category-recap"],"yoast_head":"<!-- This site is optimized with the Yoast SEO plugin v26.8 - https:\/\/yoast.com\/product\/yoast-seo-wordpress\/ -->\n<title>7. Zillertal V\u00c4LLEY R\u00c4LLEY - Board Generation<\/title>\n<meta name=\"robots\" content=\"index, follow, max-snippet:-1, max-image-preview:large, max-video-preview:-1\" \/>\n<link rel=\"canonical\" href=\"https:\/\/boardgeneration.ch\/fr\/7-zillertal-valley-ralley\/\" \/>\n<meta property=\"og:locale\" content=\"fr_FR\" \/>\n<meta property=\"og:type\" content=\"article\" \/>\n<meta property=\"og:title\" content=\"7. Zillertal V\u00c4LLEY R\u00c4LLEY - Board Generation\" \/>\n<meta property=\"og:description\" content=\"\u00dcber hundert Snowboarder aus ganz Europa versammelten sich anl\u00e4sslich des 3. Zillertal V\u00c4LLEY R\u00c4LLEY Tourstopps hosted by Blue Tomato &amp; Ride Snowboards am 29. Februar und 01. M\u00e4rz 2020 in Mayrhofen-Hippach im Zillertal. Andreas MonEpic Monsberger hat die Highlights und Ergebnisse aus dem Mayrhofner Penken Park in einem Video zusammengefasst: Zum 3. Zillertal V\u00c4LLEY R\u00c4LLEY [&hellip;]\" \/>\n<meta property=\"og:url\" content=\"https:\/\/boardgeneration.ch\/fr\/7-zillertal-valley-ralley\/\" \/>\n<meta property=\"og:site_name\" content=\"Board Generation\" \/>\n<meta property=\"article:publisher\" content=\"https:\/\/www.facebook.com\/boardgeneration.ch\" \/>\n<meta property=\"article:published_time\" content=\"2020-03-04T20:32:53+00:00\" \/>\n<meta property=\"article:modified_time\" content=\"2020-03-05T20:39:55+00:00\" \/>\n<meta property=\"og:image\" content=\"https:\/\/boardgeneration.ch\/wp-content\/uploads\/2020\/03\/20-03-01_zvr_Penken_Park_Contest__Dominik-Holzinger__by_Gustav_Hersmann_0091_lowres.jpg\" \/>\n\t<meta property=\"og:image:width\" content=\"1600\" \/>\n\t<meta property=\"og:image:height\" content=\"1115\" \/>\n\t<meta property=\"og:image:type\" content=\"image\/jpeg\" \/>\n<meta name=\"author\" content=\"Pressedienst\" \/>\n<meta name=\"twitter:card\" content=\"summary_large_image\" \/>\n<meta name=\"twitter:creator\" content=\"@boardgen\" \/>\n<meta name=\"twitter:site\" content=\"@boardgen\" \/>\n<meta name=\"twitter:label1\" content=\"\u00c9crit par\" \/>\n\t<meta name=\"twitter:data1\" content=\"Pressedienst\" \/>\n\t<meta name=\"twitter:label2\" content=\"Dur\u00e9e de lecture estim\u00e9e\" \/>\n\t<meta name=\"twitter:data2\" content=\"4 minutes\" \/>\n<script type=\"application\/ld+json\" class=\"yoast-schema-graph\">{\"@context\":\"https:\/\/schema.org\",\"@graph\":[{\"@type\":\"Article\",\"@id\":\"https:\/\/boardgeneration.ch\/en\/7-zillertal-valley-ralley\/#article\",\"isPartOf\":{\"@id\":\"https:\/\/boardgeneration.ch\/en\/7-zillertal-valley-ralley\/\"},\"author\":{\"name\":\"Pressedienst\",\"@id\":\"https:\/\/boardgeneration.ch\/#\/schema\/person\/4727ac7b918c1fd9879a564a16734f2c\"},\"headline\":\"7. Zillertal V\u00c4LLEY R\u00c4LLEY\",\"datePublished\":\"2020-03-04T20:32:53+00:00\",\"dateModified\":\"2020-03-05T20:39:55+00:00\",\"mainEntityOfPage\":{\"@id\":\"https:\/\/boardgeneration.ch\/en\/7-zillertal-valley-ralley\/\"},\"wordCount\":823,\"commentCount\":0,\"publisher\":{\"@id\":\"https:\/\/boardgeneration.ch\/#organization\"},\"image\":{\"@id\":\"https:\/\/boardgeneration.ch\/en\/7-zillertal-valley-ralley\/#primaryimage\"},\"thumbnailUrl\":\"https:\/\/boardgeneration.ch\/wp-content\/uploads\/2020\/03\/20-03-01_zvr_Penken_Park_Contest__Dominik-Holzinger__by_Gustav_Hersmann_0091_lowres.jpg\",\"articleSection\":[\"recap\"],\"inLanguage\":\"fr-FR\",\"potentialAction\":[{\"@type\":\"CommentAction\",\"name\":\"Comment\",\"target\":[\"https:\/\/boardgeneration.ch\/en\/7-zillertal-valley-ralley\/#respond\"]}]},{\"@type\":\"WebPage\",\"@id\":\"https:\/\/boardgeneration.ch\/en\/7-zillertal-valley-ralley\/\",\"url\":\"https:\/\/boardgeneration.ch\/en\/7-zillertal-valley-ralley\/\",\"name\":\"7. Zillertal V\u00c4LLEY R\u00c4LLEY - Board Generation\",\"isPartOf\":{\"@id\":\"https:\/\/boardgeneration.ch\/#website\"},\"primaryImageOfPage\":{\"@id\":\"https:\/\/boardgeneration.ch\/en\/7-zillertal-valley-ralley\/#primaryimage\"},\"image\":{\"@id\":\"https:\/\/boardgeneration.ch\/en\/7-zillertal-valley-ralley\/#primaryimage\"},\"thumbnailUrl\":\"https:\/\/boardgeneration.ch\/wp-content\/uploads\/2020\/03\/20-03-01_zvr_Penken_Park_Contest__Dominik-Holzinger__by_Gustav_Hersmann_0091_lowres.jpg\",\"datePublished\":\"2020-03-04T20:32:53+00:00\",\"dateModified\":\"2020-03-05T20:39:55+00:00\",\"breadcrumb\":{\"@id\":\"https:\/\/boardgeneration.ch\/en\/7-zillertal-valley-ralley\/#breadcrumb\"},\"inLanguage\":\"fr-FR\",\"potentialAction\":[{\"@type\":\"ReadAction\",\"target\":[\"https:\/\/boardgeneration.ch\/en\/7-zillertal-valley-ralley\/\"]}]},{\"@type\":\"ImageObject\",\"inLanguage\":\"fr-FR\",\"@id\":\"https:\/\/boardgeneration.ch\/en\/7-zillertal-valley-ralley\/#primaryimage\",\"url\":\"https:\/\/boardgeneration.ch\/wp-content\/uploads\/2020\/03\/20-03-01_zvr_Penken_Park_Contest__Dominik-Holzinger__by_Gustav_Hersmann_0091_lowres.jpg\",\"contentUrl\":\"https:\/\/boardgeneration.ch\/wp-content\/uploads\/2020\/03\/20-03-01_zvr_Penken_Park_Contest__Dominik-Holzinger__by_Gustav_Hersmann_0091_lowres.jpg\",\"width\":1600,\"height\":1115,\"caption\":\"Penken Park Contest. Rider: Dominik Holzinger\"},{\"@type\":\"BreadcrumbList\",\"@id\":\"https:\/\/boardgeneration.ch\/en\/7-zillertal-valley-ralley\/#breadcrumb\",\"itemListElement\":[{\"@type\":\"ListItem\",\"position\":1,\"name\":\"Startseite\",\"item\":\"https:\/\/boardgeneration.ch\/\"},{\"@type\":\"ListItem\",\"position\":2,\"name\":\"7. Zillertal V\u00c4LLEY R\u00c4LLEY\"}]},{\"@type\":\"WebSite\",\"@id\":\"https:\/\/boardgeneration.ch\/#website\",\"url\":\"https:\/\/boardgeneration.ch\/\",\"name\":\"board generation\",\"description\":\"Back to the Roots\",\"publisher\":{\"@id\":\"https:\/\/boardgeneration.ch\/#organization\"},\"potentialAction\":[{\"@type\":\"SearchAction\",\"target\":{\"@type\":\"EntryPoint\",\"urlTemplate\":\"https:\/\/boardgeneration.ch\/?s={search_term_string}\"},\"query-input\":{\"@type\":\"PropertyValueSpecification\",\"valueRequired\":true,\"valueName\":\"search_term_string\"}}],\"inLanguage\":\"fr-FR\"},{\"@type\":\"Organization\",\"@id\":\"https:\/\/boardgeneration.ch\/#organization\",\"name\":\"board generation\",\"url\":\"https:\/\/boardgeneration.ch\/\",\"logo\":{\"@type\":\"ImageObject\",\"inLanguage\":\"fr-FR\",\"@id\":\"https:\/\/boardgeneration.ch\/#\/schema\/logo\/image\/\",\"url\":\"https:\/\/boardgeneration.ch\/wp-content\/uploads\/2019\/01\/bg-logo_mit_Text.png\",\"contentUrl\":\"https:\/\/boardgeneration.ch\/wp-content\/uploads\/2019\/01\/bg-logo_mit_Text.png\",\"width\":1040,\"height\":1155,\"caption\":\"board generation\"},\"image\":{\"@id\":\"https:\/\/boardgeneration.ch\/#\/schema\/logo\/image\/\"},\"sameAs\":[\"https:\/\/www.facebook.com\/boardgeneration.ch\",\"https:\/\/x.com\/boardgen\",\"https:\/\/www.instagram.com\/boardgen\/\"]},{\"@type\":\"Person\",\"@id\":\"https:\/\/boardgeneration.ch\/#\/schema\/person\/4727ac7b918c1fd9879a564a16734f2c\",\"name\":\"Pressedienst\",\"image\":{\"@type\":\"ImageObject\",\"inLanguage\":\"fr-FR\",\"@id\":\"https:\/\/boardgeneration.ch\/#\/schema\/person\/image\/\",\"url\":\"https:\/\/boardgeneration.ch\/wp-content\/uploads\/2019\/10\/Pile-of-letters-96x96.jpg\",\"contentUrl\":\"https:\/\/boardgeneration.ch\/wp-content\/uploads\/2019\/10\/Pile-of-letters-96x96.jpg\",\"caption\":\"Pressedienst\"},\"url\":\"https:\/\/boardgeneration.ch\/fr\/author\/pressedienst\/\"}]}<\/script>\n<!-- \/ Yoast SEO plugin. -->","yoast_head_json":{"title":"7. Zillertal V\u00c4LLEY R\u00c4LLEY - Board Generation","robots":{"index":"index","follow":"follow","max-snippet":"max-snippet:-1","max-image-preview":"max-image-preview:large","max-video-preview":"max-video-preview:-1"},"canonical":"https:\/\/boardgeneration.ch\/fr\/7-zillertal-valley-ralley\/","og_locale":"fr_FR","og_type":"article","og_title":"7. Zillertal V\u00c4LLEY R\u00c4LLEY - Board Generation","og_description":"\u00dcber hundert Snowboarder aus ganz Europa versammelten sich anl\u00e4sslich des 3. Zillertal V\u00c4LLEY R\u00c4LLEY Tourstopps hosted by Blue Tomato &amp; Ride Snowboards am 29. Februar und 01. M\u00e4rz 2020 in Mayrhofen-Hippach im Zillertal. Andreas MonEpic Monsberger hat die Highlights und Ergebnisse aus dem Mayrhofner Penken Park in einem Video zusammengefasst: Zum 3. Zillertal V\u00c4LLEY R\u00c4LLEY [&hellip;]","og_url":"https:\/\/boardgeneration.ch\/fr\/7-zillertal-valley-ralley\/","og_site_name":"Board Generation","article_publisher":"https:\/\/www.facebook.com\/boardgeneration.ch","article_published_time":"2020-03-04T20:32:53+00:00","article_modified_time":"2020-03-05T20:39:55+00:00","og_image":[{"width":1600,"height":1115,"url":"https:\/\/boardgeneration.ch\/wp-content\/uploads\/2020\/03\/20-03-01_zvr_Penken_Park_Contest__Dominik-Holzinger__by_Gustav_Hersmann_0091_lowres.jpg","type":"image\/jpeg"}],"author":"Pressedienst","twitter_card":"summary_large_image","twitter_creator":"@boardgen","twitter_site":"@boardgen","twitter_misc":{"\u00c9crit par":"Pressedienst","Dur\u00e9e de lecture estim\u00e9e":"4 minutes"},"schema":{"@context":"https:\/\/schema.org","@graph":[{"@type":"Article","@id":"https:\/\/boardgeneration.ch\/en\/7-zillertal-valley-ralley\/#article","isPartOf":{"@id":"https:\/\/boardgeneration.ch\/en\/7-zillertal-valley-ralley\/"},"author":{"name":"Pressedienst","@id":"https:\/\/boardgeneration.ch\/#\/schema\/person\/4727ac7b918c1fd9879a564a16734f2c"},"headline":"7. Zillertal V\u00c4LLEY R\u00c4LLEY","datePublished":"2020-03-04T20:32:53+00:00","dateModified":"2020-03-05T20:39:55+00:00","mainEntityOfPage":{"@id":"https:\/\/boardgeneration.ch\/en\/7-zillertal-valley-ralley\/"},"wordCount":823,"commentCount":0,"publisher":{"@id":"https:\/\/boardgeneration.ch\/#organization"},"image":{"@id":"https:\/\/boardgeneration.ch\/en\/7-zillertal-valley-ralley\/#primaryimage"},"thumbnailUrl":"https:\/\/boardgeneration.ch\/wp-content\/uploads\/2020\/03\/20-03-01_zvr_Penken_Park_Contest__Dominik-Holzinger__by_Gustav_Hersmann_0091_lowres.jpg","articleSection":["recap"],"inLanguage":"fr-FR","potentialAction":[{"@type":"CommentAction","name":"Comment","target":["https:\/\/boardgeneration.ch\/en\/7-zillertal-valley-ralley\/#respond"]}]},{"@type":"WebPage","@id":"https:\/\/boardgeneration.ch\/en\/7-zillertal-valley-ralley\/","url":"https:\/\/boardgeneration.ch\/en\/7-zillertal-valley-ralley\/","name":"7. Zillertal V\u00c4LLEY R\u00c4LLEY - Board Generation","isPartOf":{"@id":"https:\/\/boardgeneration.ch\/#website"},"primaryImageOfPage":{"@id":"https:\/\/boardgeneration.ch\/en\/7-zillertal-valley-ralley\/#primaryimage"},"image":{"@id":"https:\/\/boardgeneration.ch\/en\/7-zillertal-valley-ralley\/#primaryimage"},"thumbnailUrl":"https:\/\/boardgeneration.ch\/wp-content\/uploads\/2020\/03\/20-03-01_zvr_Penken_Park_Contest__Dominik-Holzinger__by_Gustav_Hersmann_0091_lowres.jpg","datePublished":"2020-03-04T20:32:53+00:00","dateModified":"2020-03-05T20:39:55+00:00","breadcrumb":{"@id":"https:\/\/boardgeneration.ch\/en\/7-zillertal-valley-ralley\/#breadcrumb"},"inLanguage":"fr-FR","potentialAction":[{"@type":"ReadAction","target":["https:\/\/boardgeneration.ch\/en\/7-zillertal-valley-ralley\/"]}]},{"@type":"ImageObject","inLanguage":"fr-FR","@id":"https:\/\/boardgeneration.ch\/en\/7-zillertal-valley-ralley\/#primaryimage","url":"https:\/\/boardgeneration.ch\/wp-content\/uploads\/2020\/03\/20-03-01_zvr_Penken_Park_Contest__Dominik-Holzinger__by_Gustav_Hersmann_0091_lowres.jpg","contentUrl":"https:\/\/boardgeneration.ch\/wp-content\/uploads\/2020\/03\/20-03-01_zvr_Penken_Park_Contest__Dominik-Holzinger__by_Gustav_Hersmann_0091_lowres.jpg","width":1600,"height":1115,"caption":"Penken Park Contest. Rider: Dominik Holzinger"},{"@type":"BreadcrumbList","@id":"https:\/\/boardgeneration.ch\/en\/7-zillertal-valley-ralley\/#breadcrumb","itemListElement":[{"@type":"ListItem","position":1,"name":"Startseite","item":"https:\/\/boardgeneration.ch\/"},{"@type":"ListItem","position":2,"name":"7. Zillertal V\u00c4LLEY R\u00c4LLEY"}]},{"@type":"WebSite","@id":"https:\/\/boardgeneration.ch\/#website","url":"https:\/\/boardgeneration.ch\/","name":"g\u00e9n\u00e9ration de conseils","description":"Retour aux sources","publisher":{"@id":"https:\/\/boardgeneration.ch\/#organization"},"potentialAction":[{"@type":"SearchAction","target":{"@type":"EntryPoint","urlTemplate":"https:\/\/boardgeneration.ch\/?s={search_term_string}"},"query-input":{"@type":"PropertyValueSpecification","valueRequired":true,"valueName":"search_term_string"}}],"inLanguage":"fr-FR"},{"@type":"Organization","@id":"https:\/\/boardgeneration.ch\/#organization","name":"g\u00e9n\u00e9ration de conseils","url":"https:\/\/boardgeneration.ch\/","logo":{"@type":"ImageObject","inLanguage":"fr-FR","@id":"https:\/\/boardgeneration.ch\/#\/schema\/logo\/image\/","url":"https:\/\/boardgeneration.ch\/wp-content\/uploads\/2019\/01\/bg-logo_mit_Text.png","contentUrl":"https:\/\/boardgeneration.ch\/wp-content\/uploads\/2019\/01\/bg-logo_mit_Text.png","width":1040,"height":1155,"caption":"board generation"},"image":{"@id":"https:\/\/boardgeneration.ch\/#\/schema\/logo\/image\/"},"sameAs":["https:\/\/www.facebook.com\/boardgeneration.ch","https:\/\/x.com\/boardgen","https:\/\/www.instagram.com\/boardgen\/"]},{"@type":"Person","@id":"https:\/\/boardgeneration.ch\/#\/schema\/person\/4727ac7b918c1fd9879a564a16734f2c","name":"Service de presse","image":{"@type":"ImageObject","inLanguage":"fr-FR","@id":"https:\/\/boardgeneration.ch\/#\/schema\/person\/image\/","url":"https:\/\/boardgeneration.ch\/wp-content\/uploads\/2019\/10\/Pile-of-letters-96x96.jpg","contentUrl":"https:\/\/boardgeneration.ch\/wp-content\/uploads\/2019\/10\/Pile-of-letters-96x96.jpg","caption":"Pressedienst"},"url":"https:\/\/boardgeneration.ch\/fr\/author\/pressedienst\/"}]}},"jetpack_featured_media_url":"https:\/\/boardgeneration.ch\/wp-content\/uploads\/2020\/03\/20-03-01_zvr_Penken_Park_Contest__Dominik-Holzinger__by_Gustav_Hersmann_0091_lowres.jpg","jetpack_sharing_enabled":true,"amp_enabled":true,"_links":{"self":[{"href":"https:\/\/boardgeneration.ch\/fr\/wp-json\/wp\/v2\/posts\/2206","targetHints":{"allow":["GET"]}}],"collection":[{"href":"https:\/\/boardgeneration.ch\/fr\/wp-json\/wp\/v2\/posts"}],"about":[{"href":"https:\/\/boardgeneration.ch\/fr\/wp-json\/wp\/v2\/types\/post"}],"author":[{"embeddable":true,"href":"https:\/\/boardgeneration.ch\/fr\/wp-json\/wp\/v2\/users\/3"}],"replies":[{"embeddable":true,"href":"https:\/\/boardgeneration.ch\/fr\/wp-json\/wp\/v2\/comments?post=2206"}],"version-history":[{"count":4,"href":"https:\/\/boardgeneration.ch\/fr\/wp-json\/wp\/v2\/posts\/2206\/revisions"}],"predecessor-version":[{"id":2218,"href":"https:\/\/boardgeneration.ch\/fr\/wp-json\/wp\/v2\/posts\/2206\/revisions\/2218"}],"wp:featuredmedia":[{"embeddable":true,"href":"https:\/\/boardgeneration.ch\/fr\/wp-json\/wp\/v2\/media\/2210"}],"wp:attachment":[{"href":"https:\/\/boardgeneration.ch\/fr\/wp-json\/wp\/v2\/media?parent=2206"}],"wp:term":[{"taxonomy":"category","embeddable":true,"href":"https:\/\/boardgeneration.ch\/fr\/wp-json\/wp\/v2\/categories?post=2206"},{"taxonomy":"post_tag","embeddable":true,"href":"https:\/\/boardgeneration.ch\/fr\/wp-json\/wp\/v2\/tags?post=2206"}],"curies":[{"name":"wp","href":"https:\/\/api.w.org\/{rel}","templated":true}]}}