{"id":2521,"date":"2020-03-29T23:33:11","date_gmt":"2020-03-29T22:33:11","guid":{"rendered":"https:\/\/boardgeneration.ch\/?p=2521"},"modified":"2020-03-29T23:39:33","modified_gmt":"2020-03-29T22:39:33","slug":"denn-die-magie-geschieht-ausserhalb-der-komfortzone","status":"publish","type":"post","link":"https:\/\/boardgeneration.ch\/fr\/denn-die-magie-geschieht-ausserhalb-der-komfortzone\/","title":{"rendered":"Parce que la magie se produit en dehors de la zone de confort..."},"content":{"rendered":"<span class=\"span-reading-time rt-reading-time\" style=\"display: block;\"><span class=\"rt-label rt-prefix\">Le temps de la lecture : <\/span> <span class=\"rt-time\"> 3<\/span> <span class=\"rt-label rt-postfix\">proc\u00e8s-verbal<\/span><\/span>\n<p><strong>Le camp de Splitboard de K\u00fchtai - 06 - 08 mars 2020 - Sch\u00e4rmeralm<\/strong><br><strong><br>En tant que paradis pour les touristes et les split boarders, le K\u00fchtai a vraiment m\u00e9rit\u00e9 son rendez-vous annuel dans le calendrier des Choice Splitboard Camps. Cette ann\u00e9e encore, quelques fans motiv\u00e9s de Splitboard et ceux qui voulaient le devenir se sont r\u00e9unis d\u00e9but mars pour le camp de base et de d\u00e9butants \u00e0 K\u00fchtai. Le groupe a trouv\u00e9 son logement id\u00e9al dans le confortable Sch\u00e4rmeralm. Et comme le guide de snowboard Christian \"Snoppy\" Eberherr est connu pour \u00eatre un peu moins strict sur les niveaux, les participants se sont r\u00e9jouis de ces deux journ\u00e9es de randonn\u00e9e passionnantes, avec peut-\u00eatre un peu plus que les exigences du \"niveau 1\". Parce que la magie se produit en dehors de la zone de confort et c'est ce qui fait la r\u00e9putation des Choice Splitboard Camps.<\/strong><\/p>\n\n\n\n<figure class=\"wp-block-image size-large is-style-default\"><img loading=\"lazy\" decoding=\"async\" width=\"1024\" height=\"683\" data-attachment-id=\"2520\" data-permalink=\"https:\/\/boardgeneration.ch\/fr\/07-ma%cc%88rz-2020-img_3026\/\" data-orig-file=\"https:\/\/boardgeneration.ch\/wp-content\/uploads\/2020\/03\/07.-Ma\u0308rz-2020-IMG_3026-scaled.jpg\" data-orig-size=\"2560,1707\" data-comments-opened=\"1\" data-image-meta=\"{&quot;aperture&quot;:&quot;0&quot;,&quot;credit&quot;:&quot;&quot;,&quot;camera&quot;:&quot;&quot;,&quot;caption&quot;:&quot;&quot;,&quot;created_timestamp&quot;:&quot;0&quot;,&quot;copyright&quot;:&quot;&quot;,&quot;focal_length&quot;:&quot;0&quot;,&quot;iso&quot;:&quot;0&quot;,&quot;shutter_speed&quot;:&quot;0&quot;,&quot;title&quot;:&quot;&quot;,&quot;orientation&quot;:&quot;0&quot;}\" data-image-title=\"07. Ma\u0308rz 2020-IMG_3026\" data-image-description=\"\" data-image-caption=\"\" data-medium-file=\"https:\/\/boardgeneration.ch\/wp-content\/uploads\/2020\/03\/07.-Ma\u0308rz-2020-IMG_3026-scaled-300x200.jpg\" data-large-file=\"https:\/\/boardgeneration.ch\/wp-content\/uploads\/2020\/03\/07.-Ma\u0308rz-2020-IMG_3026-scaled-1024x683.jpg\" src=\"https:\/\/boardgeneration.ch\/wp-content\/uploads\/2020\/03\/07.-Ma\u0308rz-2020-IMG_3026-scaled-1024x683.jpg\" alt=\"\" class=\"wp-image-2520\" srcset=\"https:\/\/boardgeneration.ch\/wp-content\/uploads\/2020\/03\/07.-Ma\u0308rz-2020-IMG_3026-scaled-1024x683.jpg 1024w, https:\/\/boardgeneration.ch\/wp-content\/uploads\/2020\/03\/07.-Ma\u0308rz-2020-IMG_3026-scaled-300x200.jpg 300w, https:\/\/boardgeneration.ch\/wp-content\/uploads\/2020\/03\/07.-Ma\u0308rz-2020-IMG_3026-scaled-768x512.jpg 768w, https:\/\/boardgeneration.ch\/wp-content\/uploads\/2020\/03\/07.-Ma\u0308rz-2020-IMG_3026-scaled-1536x1024.jpg 1536w, https:\/\/boardgeneration.ch\/wp-content\/uploads\/2020\/03\/07.-Ma\u0308rz-2020-IMG_3026-scaled-2048x1366.jpg 2048w, https:\/\/boardgeneration.ch\/wp-content\/uploads\/2020\/03\/07.-Ma\u0308rz-2020-IMG_3026-scaled-512x341.jpg 512w\" sizes=\"auto, (max-width: 1024px) 100vw, 1024px\" \/><figcaption><span class=\"media-credit\">Domi Tauber Photo<\/span><\/figcaption><\/figure>\n\n\n\n<p>Situ\u00e9 \u00e0 seulement 35 kilom\u00e8tres de la capitale du Tyrol et pourtant \u00e0 2 000 m\u00e8tres d'altitude, le K\u00fchtai offre des conditions parfaites pour le tourisme et le split boarding en mars. \u00c0 l'occasion du 2nd Choice Splitboard Camp 2020, un groupe de fans de sports de glisse tr\u00e8s motiv\u00e9s s'est r\u00e9uni le vendredi 6 mars 2020 au Sch\u00e4rmeralm. D\u00e8s le premier verre de bienvenue, le paysage montagneux \u00e9poustouflant de K\u00fchtai a travers\u00e9 les nuages dans toute sa beaut\u00e9. Et alors que la cabane \u00e9tait occup\u00e9e \u00e0 travailler sur l'adaptation des fixations de splitboard Karakoam et Spark R&amp;D sur les splitboards Jones et Never Summer Test -, il s'est mis \u00e0 neiger abondamment dehors. Apr\u00e8s la distribution des nouvelles peaux Kohla, des b\u00e2tons de randonn\u00e9e Jones et de l'\u00e9quipement de s\u00e9curit\u00e9 Ortovox et l'emballage des sacs \u00e0 dos, Ingrid, l'h\u00f4tesse de la cabane, a servi un d\u00eener de premi\u00e8re classe avec des sp\u00e9cialit\u00e9s tyroliennes fra\u00eeches.<\/p>\n\n\n\n<figure class=\"wp-block-image size-large is-style-default\"><img loading=\"lazy\" decoding=\"async\" width=\"1024\" height=\"683\" data-attachment-id=\"2519\" data-permalink=\"https:\/\/boardgeneration.ch\/fr\/07-ma%cc%88rz-2020-img_4019\/\" data-orig-file=\"https:\/\/boardgeneration.ch\/wp-content\/uploads\/2020\/03\/07.-Ma\u0308rz-2020-IMG_4019-scaled.jpg\" data-orig-size=\"2560,1707\" data-comments-opened=\"1\" data-image-meta=\"{&quot;aperture&quot;:&quot;0&quot;,&quot;credit&quot;:&quot;&quot;,&quot;camera&quot;:&quot;&quot;,&quot;caption&quot;:&quot;&quot;,&quot;created_timestamp&quot;:&quot;0&quot;,&quot;copyright&quot;:&quot;&quot;,&quot;focal_length&quot;:&quot;0&quot;,&quot;iso&quot;:&quot;0&quot;,&quot;shutter_speed&quot;:&quot;0&quot;,&quot;title&quot;:&quot;&quot;,&quot;orientation&quot;:&quot;0&quot;}\" data-image-title=\"07. Ma\u0308rz 2020-IMG_4019\" data-image-description=\"\" data-image-caption=\"\" data-medium-file=\"https:\/\/boardgeneration.ch\/wp-content\/uploads\/2020\/03\/07.-Ma\u0308rz-2020-IMG_4019-scaled-300x200.jpg\" data-large-file=\"https:\/\/boardgeneration.ch\/wp-content\/uploads\/2020\/03\/07.-Ma\u0308rz-2020-IMG_4019-scaled-1024x683.jpg\" src=\"https:\/\/boardgeneration.ch\/wp-content\/uploads\/2020\/03\/07.-Ma\u0308rz-2020-IMG_4019-scaled-1024x683.jpg\" alt=\"\" class=\"wp-image-2519\" srcset=\"https:\/\/boardgeneration.ch\/wp-content\/uploads\/2020\/03\/07.-Ma\u0308rz-2020-IMG_4019-scaled-1024x683.jpg 1024w, https:\/\/boardgeneration.ch\/wp-content\/uploads\/2020\/03\/07.-Ma\u0308rz-2020-IMG_4019-scaled-300x200.jpg 300w, https:\/\/boardgeneration.ch\/wp-content\/uploads\/2020\/03\/07.-Ma\u0308rz-2020-IMG_4019-scaled-768x512.jpg 768w, https:\/\/boardgeneration.ch\/wp-content\/uploads\/2020\/03\/07.-Ma\u0308rz-2020-IMG_4019-scaled-1536x1024.jpg 1536w, https:\/\/boardgeneration.ch\/wp-content\/uploads\/2020\/03\/07.-Ma\u0308rz-2020-IMG_4019-scaled-2048x1366.jpg 2048w, https:\/\/boardgeneration.ch\/wp-content\/uploads\/2020\/03\/07.-Ma\u0308rz-2020-IMG_4019-scaled-512x341.jpg 512w\" sizes=\"auto, (max-width: 1024px) 100vw, 1024px\" \/><figcaption><span class=\"media-credit\">Domi Tauber Photo<\/span><\/figcaption><\/figure>\n\n\n\n<p>Samedi matin, apr\u00e8s le petit d\u00e9jeuner, nous sommes partis pour notre premi\u00e8re mission dans l'arri\u00e8re-pays de K\u00fchtai avec le guide de ski et de montagne Christian \"Snoppy\" Eberherr. Au parking Issalm, nous sommes pass\u00e9s \u00e0 la \"mode randonn\u00e9e\" et avons chang\u00e9 de look. Et apr\u00e8s la v\u00e9rification du LVS, nous sommes all\u00e9s directement dans la for\u00eat. L'entr\u00e9e menait par-dessus des ruisseaux gel\u00e9s et \u00e0 travers des arbres \u00e9troits jusqu'\u00e0 l'Issalm sup\u00e9rieur. C'est ici que nous avons pris notre premi\u00e8re respiration. Nous avons continu\u00e9 sur un beau chemin \u00e0 travers un paysage \u00e0 couper le souffle dans le W\u00f6rgetal arri\u00e8re et jusqu'\u00e0 la Wetterkreuz \u00e0 2 250 m\u00e8tres d'altitude. Comme son nom l'indique, le temps \u00e9tait \u00e9galement tr\u00e8s vari\u00e9, avec du soleil et un ciel bleu, un jeu de nuages mystique, un voile blanc et de fortes chutes de neige dans les derniers virages en \u00e9pingle \u00e0 cheveux vers le sommet.<\/p>\n\n\n\n<figure class=\"wp-block-image size-large is-style-default\"><img loading=\"lazy\" decoding=\"async\" width=\"1024\" height=\"683\" data-attachment-id=\"2518\" data-permalink=\"https:\/\/boardgeneration.ch\/fr\/08-ma%cc%88rz-2020-img_4919\/\" data-orig-file=\"https:\/\/boardgeneration.ch\/wp-content\/uploads\/2020\/03\/08.-Ma\u0308rz-2020-IMG_4919-scaled.jpg\" data-orig-size=\"2560,1707\" data-comments-opened=\"1\" data-image-meta=\"{&quot;aperture&quot;:&quot;0&quot;,&quot;credit&quot;:&quot;&quot;,&quot;camera&quot;:&quot;&quot;,&quot;caption&quot;:&quot;&quot;,&quot;created_timestamp&quot;:&quot;0&quot;,&quot;copyright&quot;:&quot;&quot;,&quot;focal_length&quot;:&quot;0&quot;,&quot;iso&quot;:&quot;0&quot;,&quot;shutter_speed&quot;:&quot;0&quot;,&quot;title&quot;:&quot;&quot;,&quot;orientation&quot;:&quot;0&quot;}\" data-image-title=\"08. Ma\u0308rz 2020-IMG_4919\" data-image-description=\"\" data-image-caption=\"\" data-medium-file=\"https:\/\/boardgeneration.ch\/wp-content\/uploads\/2020\/03\/08.-Ma\u0308rz-2020-IMG_4919-scaled-300x200.jpg\" data-large-file=\"https:\/\/boardgeneration.ch\/wp-content\/uploads\/2020\/03\/08.-Ma\u0308rz-2020-IMG_4919-scaled-1024x683.jpg\" src=\"https:\/\/boardgeneration.ch\/wp-content\/uploads\/2020\/03\/08.-Ma\u0308rz-2020-IMG_4919-scaled-1024x683.jpg\" alt=\"\" class=\"wp-image-2518\" srcset=\"https:\/\/boardgeneration.ch\/wp-content\/uploads\/2020\/03\/08.-Ma\u0308rz-2020-IMG_4919-scaled-1024x683.jpg 1024w, https:\/\/boardgeneration.ch\/wp-content\/uploads\/2020\/03\/08.-Ma\u0308rz-2020-IMG_4919-scaled-300x200.jpg 300w, https:\/\/boardgeneration.ch\/wp-content\/uploads\/2020\/03\/08.-Ma\u0308rz-2020-IMG_4919-scaled-768x512.jpg 768w, https:\/\/boardgeneration.ch\/wp-content\/uploads\/2020\/03\/08.-Ma\u0308rz-2020-IMG_4919-scaled-1536x1024.jpg 1536w, https:\/\/boardgeneration.ch\/wp-content\/uploads\/2020\/03\/08.-Ma\u0308rz-2020-IMG_4919-scaled-2048x1366.jpg 2048w, https:\/\/boardgeneration.ch\/wp-content\/uploads\/2020\/03\/08.-Ma\u0308rz-2020-IMG_4919-scaled-512x341.jpg 512w\" sizes=\"auto, (max-width: 1024px) 100vw, 1024px\" \/><figcaption><span class=\"media-credit\">Domi Tauber Photo<\/span><\/figcaption><\/figure>\n\n\n\n<p>Le premier jour, le groupe avait r\u00e9ussi un total de 860 m\u00e8tres d'ascension. Au sommet, ils sont rapidement pass\u00e9s en \"mode \u00e9quitation\" et, apr\u00e8s un d\u00e9part en trombe dans le voile blanc, le groupe a travers\u00e9 de longs et larges champs de neige profonde et entre des rochers dans des conditions m\u00e9t\u00e9orologiques changeantes pour retourner dans la for\u00eat et descendre dans la vall\u00e9e. Apr\u00e8s cette descente longue et vari\u00e9e, tout le monde est revenu au Sch\u00e4rmeralm plein de nouvelles impressions. Au cours de la bi\u00e8re qui a suivi le travail, le guide de snowboard Christian \"Snoppy\" Eberherr a parl\u00e9 de la sensibilisation aux avalanches et des bases de la gestion des risques en montagne.  Du comportement correct en cas d'urgence, \u00e0 la manipulation de l'ARVA, aux fouilles grossi\u00e8res et fines, en passant par le sondage efficace et les pelles correctes, tous les participants ont ensuite eu l'occasion de r\u00e9p\u00e9ter l'urgence sous la direction d'un professionnel devant la cabane. A la fin d'une journ\u00e9e parfaite, Ingrid, l'h\u00f4tesse de la hutte, a surpris ses invit\u00e9s avec un d\u00eener n\u00e9palais de premi\u00e8re classe.<\/p>\n\n\n\n<figure class=\"wp-block-image size-large is-style-default\"><img loading=\"lazy\" decoding=\"async\" width=\"1024\" height=\"683\" data-attachment-id=\"2517\" data-permalink=\"https:\/\/boardgeneration.ch\/fr\/08-ma%cc%88rz-2020-img_4449\/\" data-orig-file=\"https:\/\/boardgeneration.ch\/wp-content\/uploads\/2020\/03\/08.-Ma\u0308rz-2020-IMG_4449-scaled.jpg\" data-orig-size=\"2560,1707\" data-comments-opened=\"1\" data-image-meta=\"{&quot;aperture&quot;:&quot;0&quot;,&quot;credit&quot;:&quot;&quot;,&quot;camera&quot;:&quot;&quot;,&quot;caption&quot;:&quot;&quot;,&quot;created_timestamp&quot;:&quot;0&quot;,&quot;copyright&quot;:&quot;&quot;,&quot;focal_length&quot;:&quot;0&quot;,&quot;iso&quot;:&quot;0&quot;,&quot;shutter_speed&quot;:&quot;0&quot;,&quot;title&quot;:&quot;&quot;,&quot;orientation&quot;:&quot;0&quot;}\" data-image-title=\"08. Ma\u0308rz 2020-IMG_4449\" data-image-description=\"\" data-image-caption=\"\" data-medium-file=\"https:\/\/boardgeneration.ch\/wp-content\/uploads\/2020\/03\/08.-Ma\u0308rz-2020-IMG_4449-scaled-300x200.jpg\" data-large-file=\"https:\/\/boardgeneration.ch\/wp-content\/uploads\/2020\/03\/08.-Ma\u0308rz-2020-IMG_4449-scaled-1024x683.jpg\" src=\"https:\/\/boardgeneration.ch\/wp-content\/uploads\/2020\/03\/08.-Ma\u0308rz-2020-IMG_4449-scaled-1024x683.jpg\" alt=\"\" class=\"wp-image-2517\" srcset=\"https:\/\/boardgeneration.ch\/wp-content\/uploads\/2020\/03\/08.-Ma\u0308rz-2020-IMG_4449-scaled-1024x683.jpg 1024w, https:\/\/boardgeneration.ch\/wp-content\/uploads\/2020\/03\/08.-Ma\u0308rz-2020-IMG_4449-scaled-300x200.jpg 300w, https:\/\/boardgeneration.ch\/wp-content\/uploads\/2020\/03\/08.-Ma\u0308rz-2020-IMG_4449-scaled-768x512.jpg 768w, https:\/\/boardgeneration.ch\/wp-content\/uploads\/2020\/03\/08.-Ma\u0308rz-2020-IMG_4449-scaled-1536x1024.jpg 1536w, https:\/\/boardgeneration.ch\/wp-content\/uploads\/2020\/03\/08.-Ma\u0308rz-2020-IMG_4449-scaled-2048x1366.jpg 2048w, https:\/\/boardgeneration.ch\/wp-content\/uploads\/2020\/03\/08.-Ma\u0308rz-2020-IMG_4449-scaled-512x341.jpg 512w\" sizes=\"auto, (max-width: 1024px) 100vw, 1024px\" \/><figcaption><span class=\"media-credit\">Domi Tauber Photo<\/span><\/figcaption><\/figure>\n\n\n\n<p>Le dimanche, le K\u00fchtai s'est pr\u00e9sent\u00e9 sous un ciel bleu vif et avec des temp\u00e9ratures hivernales. Les meilleures conditions pour un tour en splitboard sur le Gaiskogel. Aussit\u00f4t dit, aussit\u00f4t fait ! Avec le t\u00e9l\u00e9si\u00e8ge de la Dreiseenbahn, c'\u00e9tait tout en haut. L\u00e0, les skieurs sont enroul\u00e9s et le groupe se met en route avec motivation en direction du Gaiskogel. Apr\u00e8s un d\u00e9part d\u00e9tendu \u00e0 travers le scintillant pays des merveilles de l'hiver, quelques virages en \u00e9pingle \u00e0 cheveux croustillants et difficiles dans un terrain raide et glac\u00e9 ont suivi. Apr\u00e8s une courte pause, nous avons continu\u00e9 \u00e0 pied sur une ar\u00eate rocheuse avec les planches fendues sur le dos. La voie expos\u00e9e a mis l'un ou l'autre au d\u00e9fi de d\u00e9passer les limites de sa zone de confort. Courageusement et concentr\u00e9s, tous ont surmont\u00e9 les 440 m\u00e8tres de hauteur jusqu'\u00e0 la croix du sommet. En compensation, il y avait une vue \u00e0 360 degr\u00e9s \u00e9poustouflante avec une vue imprenable sur les plus belles montagnes du Tyrol.<\/p>\n\n\n\n<figure class=\"wp-block-image size-large is-style-default\"><img loading=\"lazy\" decoding=\"async\" width=\"1024\" height=\"683\" data-attachment-id=\"2515\" data-permalink=\"https:\/\/boardgeneration.ch\/fr\/08-ma%cc%88rz-2020-img_4118\/\" data-orig-file=\"https:\/\/boardgeneration.ch\/wp-content\/uploads\/2020\/03\/08.-Ma\u0308rz-2020-IMG_4118-scaled.jpg\" data-orig-size=\"2560,1707\" data-comments-opened=\"1\" data-image-meta=\"{&quot;aperture&quot;:&quot;0&quot;,&quot;credit&quot;:&quot;&quot;,&quot;camera&quot;:&quot;&quot;,&quot;caption&quot;:&quot;&quot;,&quot;created_timestamp&quot;:&quot;0&quot;,&quot;copyright&quot;:&quot;&quot;,&quot;focal_length&quot;:&quot;0&quot;,&quot;iso&quot;:&quot;0&quot;,&quot;shutter_speed&quot;:&quot;0&quot;,&quot;title&quot;:&quot;&quot;,&quot;orientation&quot;:&quot;0&quot;}\" data-image-title=\"08. Ma\u0308rz 2020-IMG_4118\" data-image-description=\"\" data-image-caption=\"\" data-medium-file=\"https:\/\/boardgeneration.ch\/wp-content\/uploads\/2020\/03\/08.-Ma\u0308rz-2020-IMG_4118-scaled-300x200.jpg\" data-large-file=\"https:\/\/boardgeneration.ch\/wp-content\/uploads\/2020\/03\/08.-Ma\u0308rz-2020-IMG_4118-scaled-1024x683.jpg\" src=\"https:\/\/boardgeneration.ch\/wp-content\/uploads\/2020\/03\/08.-Ma\u0308rz-2020-IMG_4118-scaled-1024x683.jpg\" alt=\"\" class=\"wp-image-2515\" srcset=\"https:\/\/boardgeneration.ch\/wp-content\/uploads\/2020\/03\/08.-Ma\u0308rz-2020-IMG_4118-scaled-1024x683.jpg 1024w, https:\/\/boardgeneration.ch\/wp-content\/uploads\/2020\/03\/08.-Ma\u0308rz-2020-IMG_4118-scaled-300x200.jpg 300w, https:\/\/boardgeneration.ch\/wp-content\/uploads\/2020\/03\/08.-Ma\u0308rz-2020-IMG_4118-scaled-768x512.jpg 768w, https:\/\/boardgeneration.ch\/wp-content\/uploads\/2020\/03\/08.-Ma\u0308rz-2020-IMG_4118-scaled-1536x1024.jpg 1536w, https:\/\/boardgeneration.ch\/wp-content\/uploads\/2020\/03\/08.-Ma\u0308rz-2020-IMG_4118-scaled-2048x1366.jpg 2048w, https:\/\/boardgeneration.ch\/wp-content\/uploads\/2020\/03\/08.-Ma\u0308rz-2020-IMG_4118-scaled-512x341.jpg 512w\" sizes=\"auto, (max-width: 1024px) 100vw, 1024px\" \/><figcaption><span class=\"media-credit\">Domi Tauber Photo<\/span><\/figcaption><\/figure>\n\n\n\n<p>Avant de partir en direction de Haggen par le ravin nord, tout le monde avait du respect. Mais au plus tard lorsque deux alpinistes locaux sont venus pi\u00e9tiner le caniveau avec leurs chiens dans la bonne humeur, tout le monde a voulu relever le d\u00e9fi. Apr\u00e8s un d\u00e9part raide et glac\u00e9, la r\u00e9compense a suivi. Un long et large champ avec une neige poudreuse parfaite s'est r\u00e9v\u00e9l\u00e9. Les snowboarders ont d\u00e9val\u00e9 la montagne dans une poudreuse parfaite sur un total de 1 100 m\u00e8tres d'altitude et 5,3 kilom\u00e8tres, puis ont travers\u00e9 une for\u00eat l\u00e9g\u00e8re jusqu'\u00e0 la porte d'entr\u00e9e du Sch\u00e4rmeralm. Quelle journ\u00e9e, quel week-end, quel groupe, quel guide de montagne, quel h\u00e9bergement de marteau ! Nous aimons le K\u00fchtai et il nous aime \u00e9videmment ! Nous attendons avec impatience l'ann\u00e9e 2021 !<\/p>\n\n\n\n<p>Nous tenons \u00e0 remercier tout particuli\u00e8rement K\u00fchtai pour son soutien, Christian Eberherr de la division Freeride pour le choix parfait des circuits et des guides de premi\u00e8re classe, ainsi que les partenaires des Choice Splitboard Camps : Jones Snowboards, Never Summer Snowboards, Karakoram, Spark R&amp;D, Deeluxe Boots, Ortovox, Penguin Clothing, Smith Optics, SN Supernatural Merinowear, Protect our Winters Austria, Dana Beanies, Kohla Tirol<\/p>\n\n\n\n<p><a href=\"http:\/\/www.kuehtai.info\/winter\/skigebiet.html\">www.kuehtai.info\/winter\/skigebiet.html<\/a><br><a href=\"http:\/\/www.choice-company.com\">www.choice-company.com<\/a><br><a href=\"https:\/\/www.facebook.com\/splitcamps\/\">https:\/\/www.facebook.com\/splitcamps\/<\/a><br><a href=\"https:\/\/www.instagram.com\/choice_adventures\">https:\/\/www.instagram.com\/choice_adventures<\/a><\/p>","protected":false},"excerpt":{"rendered":"<p>Choice Splitboard Camp K\u00fchtai \u2013 06.-08. M\u00e4rz 2020 \u2013 Sch\u00e4rmeralmAls Paradies f\u00fcr Tourengeher und Splitboarder hat sich das K\u00fchtai seinen allj\u00e4hrlichen Termin im Choice Splitboard Camps Kalender redlich verdient. Auch dieses Jahr versammelten sich Anfang M\u00e4rz wieder ein paar motivierte Splitboardfans und solche, die es werden wollten, zum Basic und Einsteiger Camp im K\u00fchtai. Die [&hellip;]<\/p>\n","protected":false},"author":3,"featured_media":2516,"comment_status":"open","ping_status":"open","sticky":false,"template":"","format":"standard","meta":{"_jetpack_memberships_contains_paid_content":false,"footnotes":""},"categories":[22966],"tags":[26534,26533],"class_list":["post-2521","post","type-post","status-publish","format-standard","has-post-thumbnail","hentry","category-recap","tag-kuhtai","tag-splitboard"],"yoast_head":"<!-- This site is optimized with the Yoast SEO plugin v26.8 - https:\/\/yoast.com\/product\/yoast-seo-wordpress\/ -->\n<title>Denn die Magie geschieht ausserhalb der Komfortzone... - Board Generation<\/title>\n<meta name=\"robots\" content=\"index, follow, max-snippet:-1, max-image-preview:large, max-video-preview:-1\" \/>\n<link rel=\"canonical\" href=\"https:\/\/boardgeneration.ch\/fr\/denn-die-magie-geschieht-ausserhalb-der-komfortzone\/\" \/>\n<meta property=\"og:locale\" content=\"fr_FR\" \/>\n<meta property=\"og:type\" content=\"article\" \/>\n<meta property=\"og:title\" content=\"Denn die Magie geschieht ausserhalb der Komfortzone... - Board Generation\" \/>\n<meta property=\"og:description\" content=\"Choice Splitboard Camp K\u00fchtai \u2013 06.-08. M\u00e4rz 2020 \u2013 Sch\u00e4rmeralmAls Paradies f\u00fcr Tourengeher und Splitboarder hat sich das K\u00fchtai seinen allj\u00e4hrlichen Termin im Choice Splitboard Camps Kalender redlich verdient. Auch dieses Jahr versammelten sich Anfang M\u00e4rz wieder ein paar motivierte Splitboardfans und solche, die es werden wollten, zum Basic und Einsteiger Camp im K\u00fchtai. Die [&hellip;]\" \/>\n<meta property=\"og:url\" content=\"https:\/\/boardgeneration.ch\/fr\/denn-die-magie-geschieht-ausserhalb-der-komfortzone\/\" \/>\n<meta property=\"og:site_name\" content=\"Board Generation\" \/>\n<meta property=\"article:publisher\" content=\"https:\/\/www.facebook.com\/boardgeneration.ch\" \/>\n<meta property=\"article:published_time\" content=\"2020-03-29T22:33:11+00:00\" \/>\n<meta property=\"article:modified_time\" content=\"2020-03-29T22:39:33+00:00\" \/>\n<meta property=\"og:image\" content=\"https:\/\/boardgeneration.ch\/wp-content\/uploads\/2020\/03\/08.-Ma\u0308rz-2020-IMG_4120-scaled.jpg\" \/>\n\t<meta property=\"og:image:width\" content=\"2560\" \/>\n\t<meta property=\"og:image:height\" content=\"1707\" \/>\n\t<meta property=\"og:image:type\" content=\"image\/jpeg\" \/>\n<meta name=\"author\" content=\"Pressedienst\" \/>\n<meta name=\"twitter:card\" content=\"summary_large_image\" \/>\n<meta name=\"twitter:creator\" content=\"@boardgen\" \/>\n<meta name=\"twitter:site\" content=\"@boardgen\" \/>\n<meta name=\"twitter:label1\" content=\"\u00c9crit par\" \/>\n\t<meta name=\"twitter:data1\" content=\"Pressedienst\" \/>\n\t<meta name=\"twitter:label2\" content=\"Dur\u00e9e de lecture estim\u00e9e\" \/>\n\t<meta name=\"twitter:data2\" content=\"4 minutes\" \/>\n<script type=\"application\/ld+json\" class=\"yoast-schema-graph\">{\"@context\":\"https:\/\/schema.org\",\"@graph\":[{\"@type\":\"Article\",\"@id\":\"https:\/\/boardgeneration.ch\/en\/denn-die-magie-geschieht-ausserhalb-der-komfortzone\/#article\",\"isPartOf\":{\"@id\":\"https:\/\/boardgeneration.ch\/en\/denn-die-magie-geschieht-ausserhalb-der-komfortzone\/\"},\"author\":{\"name\":\"Pressedienst\",\"@id\":\"https:\/\/boardgeneration.ch\/#\/schema\/person\/4727ac7b918c1fd9879a564a16734f2c\"},\"headline\":\"Denn die Magie geschieht ausserhalb der Komfortzone&#8230;\",\"datePublished\":\"2020-03-29T22:33:11+00:00\",\"dateModified\":\"2020-03-29T22:39:33+00:00\",\"mainEntityOfPage\":{\"@id\":\"https:\/\/boardgeneration.ch\/en\/denn-die-magie-geschieht-ausserhalb-der-komfortzone\/\"},\"wordCount\":879,\"commentCount\":0,\"publisher\":{\"@id\":\"https:\/\/boardgeneration.ch\/#organization\"},\"image\":{\"@id\":\"https:\/\/boardgeneration.ch\/en\/denn-die-magie-geschieht-ausserhalb-der-komfortzone\/#primaryimage\"},\"thumbnailUrl\":\"https:\/\/boardgeneration.ch\/wp-content\/uploads\/2020\/03\/08.-Ma\u0308rz-2020-IMG_4120-scaled.jpg\",\"keywords\":[\"K\u00fchtai\",\"Splitboard\"],\"articleSection\":[\"recap\"],\"inLanguage\":\"fr-FR\",\"potentialAction\":[{\"@type\":\"CommentAction\",\"name\":\"Comment\",\"target\":[\"https:\/\/boardgeneration.ch\/en\/denn-die-magie-geschieht-ausserhalb-der-komfortzone\/#respond\"]}]},{\"@type\":\"WebPage\",\"@id\":\"https:\/\/boardgeneration.ch\/en\/denn-die-magie-geschieht-ausserhalb-der-komfortzone\/\",\"url\":\"https:\/\/boardgeneration.ch\/en\/denn-die-magie-geschieht-ausserhalb-der-komfortzone\/\",\"name\":\"Denn die Magie geschieht ausserhalb der Komfortzone... - Board Generation\",\"isPartOf\":{\"@id\":\"https:\/\/boardgeneration.ch\/#website\"},\"primaryImageOfPage\":{\"@id\":\"https:\/\/boardgeneration.ch\/en\/denn-die-magie-geschieht-ausserhalb-der-komfortzone\/#primaryimage\"},\"image\":{\"@id\":\"https:\/\/boardgeneration.ch\/en\/denn-die-magie-geschieht-ausserhalb-der-komfortzone\/#primaryimage\"},\"thumbnailUrl\":\"https:\/\/boardgeneration.ch\/wp-content\/uploads\/2020\/03\/08.-Ma\u0308rz-2020-IMG_4120-scaled.jpg\",\"datePublished\":\"2020-03-29T22:33:11+00:00\",\"dateModified\":\"2020-03-29T22:39:33+00:00\",\"breadcrumb\":{\"@id\":\"https:\/\/boardgeneration.ch\/en\/denn-die-magie-geschieht-ausserhalb-der-komfortzone\/#breadcrumb\"},\"inLanguage\":\"fr-FR\",\"potentialAction\":[{\"@type\":\"ReadAction\",\"target\":[\"https:\/\/boardgeneration.ch\/en\/denn-die-magie-geschieht-ausserhalb-der-komfortzone\/\"]}]},{\"@type\":\"ImageObject\",\"inLanguage\":\"fr-FR\",\"@id\":\"https:\/\/boardgeneration.ch\/en\/denn-die-magie-geschieht-ausserhalb-der-komfortzone\/#primaryimage\",\"url\":\"https:\/\/boardgeneration.ch\/wp-content\/uploads\/2020\/03\/08.-Ma\u0308rz-2020-IMG_4120-scaled.jpg\",\"contentUrl\":\"https:\/\/boardgeneration.ch\/wp-content\/uploads\/2020\/03\/08.-Ma\u0308rz-2020-IMG_4120-scaled.jpg\",\"width\":2560,\"height\":1707},{\"@type\":\"BreadcrumbList\",\"@id\":\"https:\/\/boardgeneration.ch\/en\/denn-die-magie-geschieht-ausserhalb-der-komfortzone\/#breadcrumb\",\"itemListElement\":[{\"@type\":\"ListItem\",\"position\":1,\"name\":\"Startseite\",\"item\":\"https:\/\/boardgeneration.ch\/\"},{\"@type\":\"ListItem\",\"position\":2,\"name\":\"Denn die Magie geschieht ausserhalb der Komfortzone&#8230;\"}]},{\"@type\":\"WebSite\",\"@id\":\"https:\/\/boardgeneration.ch\/#website\",\"url\":\"https:\/\/boardgeneration.ch\/\",\"name\":\"board generation\",\"description\":\"Back to the Roots\",\"publisher\":{\"@id\":\"https:\/\/boardgeneration.ch\/#organization\"},\"potentialAction\":[{\"@type\":\"SearchAction\",\"target\":{\"@type\":\"EntryPoint\",\"urlTemplate\":\"https:\/\/boardgeneration.ch\/?s={search_term_string}\"},\"query-input\":{\"@type\":\"PropertyValueSpecification\",\"valueRequired\":true,\"valueName\":\"search_term_string\"}}],\"inLanguage\":\"fr-FR\"},{\"@type\":\"Organization\",\"@id\":\"https:\/\/boardgeneration.ch\/#organization\",\"name\":\"board generation\",\"url\":\"https:\/\/boardgeneration.ch\/\",\"logo\":{\"@type\":\"ImageObject\",\"inLanguage\":\"fr-FR\",\"@id\":\"https:\/\/boardgeneration.ch\/#\/schema\/logo\/image\/\",\"url\":\"https:\/\/boardgeneration.ch\/wp-content\/uploads\/2019\/01\/bg-logo_mit_Text.png\",\"contentUrl\":\"https:\/\/boardgeneration.ch\/wp-content\/uploads\/2019\/01\/bg-logo_mit_Text.png\",\"width\":1040,\"height\":1155,\"caption\":\"board generation\"},\"image\":{\"@id\":\"https:\/\/boardgeneration.ch\/#\/schema\/logo\/image\/\"},\"sameAs\":[\"https:\/\/www.facebook.com\/boardgeneration.ch\",\"https:\/\/x.com\/boardgen\",\"https:\/\/www.instagram.com\/boardgen\/\"]},{\"@type\":\"Person\",\"@id\":\"https:\/\/boardgeneration.ch\/#\/schema\/person\/4727ac7b918c1fd9879a564a16734f2c\",\"name\":\"Pressedienst\",\"image\":{\"@type\":\"ImageObject\",\"inLanguage\":\"fr-FR\",\"@id\":\"https:\/\/boardgeneration.ch\/#\/schema\/person\/image\/\",\"url\":\"https:\/\/boardgeneration.ch\/wp-content\/uploads\/2019\/10\/Pile-of-letters-96x96.jpg\",\"contentUrl\":\"https:\/\/boardgeneration.ch\/wp-content\/uploads\/2019\/10\/Pile-of-letters-96x96.jpg\",\"caption\":\"Pressedienst\"},\"url\":\"https:\/\/boardgeneration.ch\/fr\/author\/pressedienst\/\"}]}<\/script>\n<!-- \/ Yoast SEO plugin. -->","yoast_head_json":{"title":"Denn die Magie geschieht ausserhalb der Komfortzone... - Board Generation","robots":{"index":"index","follow":"follow","max-snippet":"max-snippet:-1","max-image-preview":"max-image-preview:large","max-video-preview":"max-video-preview:-1"},"canonical":"https:\/\/boardgeneration.ch\/fr\/denn-die-magie-geschieht-ausserhalb-der-komfortzone\/","og_locale":"fr_FR","og_type":"article","og_title":"Denn die Magie geschieht ausserhalb der Komfortzone... - Board Generation","og_description":"Choice Splitboard Camp K\u00fchtai \u2013 06.-08. M\u00e4rz 2020 \u2013 Sch\u00e4rmeralmAls Paradies f\u00fcr Tourengeher und Splitboarder hat sich das K\u00fchtai seinen allj\u00e4hrlichen Termin im Choice Splitboard Camps Kalender redlich verdient. Auch dieses Jahr versammelten sich Anfang M\u00e4rz wieder ein paar motivierte Splitboardfans und solche, die es werden wollten, zum Basic und Einsteiger Camp im K\u00fchtai. Die [&hellip;]","og_url":"https:\/\/boardgeneration.ch\/fr\/denn-die-magie-geschieht-ausserhalb-der-komfortzone\/","og_site_name":"Board Generation","article_publisher":"https:\/\/www.facebook.com\/boardgeneration.ch","article_published_time":"2020-03-29T22:33:11+00:00","article_modified_time":"2020-03-29T22:39:33+00:00","og_image":[{"width":2560,"height":1707,"url":"https:\/\/boardgeneration.ch\/wp-content\/uploads\/2020\/03\/08.-Ma\u0308rz-2020-IMG_4120-scaled.jpg","type":"image\/jpeg"}],"author":"Pressedienst","twitter_card":"summary_large_image","twitter_creator":"@boardgen","twitter_site":"@boardgen","twitter_misc":{"\u00c9crit par":"Pressedienst","Dur\u00e9e de lecture estim\u00e9e":"4 minutes"},"schema":{"@context":"https:\/\/schema.org","@graph":[{"@type":"Article","@id":"https:\/\/boardgeneration.ch\/en\/denn-die-magie-geschieht-ausserhalb-der-komfortzone\/#article","isPartOf":{"@id":"https:\/\/boardgeneration.ch\/en\/denn-die-magie-geschieht-ausserhalb-der-komfortzone\/"},"author":{"name":"Pressedienst","@id":"https:\/\/boardgeneration.ch\/#\/schema\/person\/4727ac7b918c1fd9879a564a16734f2c"},"headline":"Denn die Magie geschieht ausserhalb der Komfortzone&#8230;","datePublished":"2020-03-29T22:33:11+00:00","dateModified":"2020-03-29T22:39:33+00:00","mainEntityOfPage":{"@id":"https:\/\/boardgeneration.ch\/en\/denn-die-magie-geschieht-ausserhalb-der-komfortzone\/"},"wordCount":879,"commentCount":0,"publisher":{"@id":"https:\/\/boardgeneration.ch\/#organization"},"image":{"@id":"https:\/\/boardgeneration.ch\/en\/denn-die-magie-geschieht-ausserhalb-der-komfortzone\/#primaryimage"},"thumbnailUrl":"https:\/\/boardgeneration.ch\/wp-content\/uploads\/2020\/03\/08.-Ma\u0308rz-2020-IMG_4120-scaled.jpg","keywords":["K\u00fchtai","Splitboard"],"articleSection":["recap"],"inLanguage":"fr-FR","potentialAction":[{"@type":"CommentAction","name":"Comment","target":["https:\/\/boardgeneration.ch\/en\/denn-die-magie-geschieht-ausserhalb-der-komfortzone\/#respond"]}]},{"@type":"WebPage","@id":"https:\/\/boardgeneration.ch\/en\/denn-die-magie-geschieht-ausserhalb-der-komfortzone\/","url":"https:\/\/boardgeneration.ch\/en\/denn-die-magie-geschieht-ausserhalb-der-komfortzone\/","name":"Denn die Magie geschieht ausserhalb der Komfortzone... - Board Generation","isPartOf":{"@id":"https:\/\/boardgeneration.ch\/#website"},"primaryImageOfPage":{"@id":"https:\/\/boardgeneration.ch\/en\/denn-die-magie-geschieht-ausserhalb-der-komfortzone\/#primaryimage"},"image":{"@id":"https:\/\/boardgeneration.ch\/en\/denn-die-magie-geschieht-ausserhalb-der-komfortzone\/#primaryimage"},"thumbnailUrl":"https:\/\/boardgeneration.ch\/wp-content\/uploads\/2020\/03\/08.-Ma\u0308rz-2020-IMG_4120-scaled.jpg","datePublished":"2020-03-29T22:33:11+00:00","dateModified":"2020-03-29T22:39:33+00:00","breadcrumb":{"@id":"https:\/\/boardgeneration.ch\/en\/denn-die-magie-geschieht-ausserhalb-der-komfortzone\/#breadcrumb"},"inLanguage":"fr-FR","potentialAction":[{"@type":"ReadAction","target":["https:\/\/boardgeneration.ch\/en\/denn-die-magie-geschieht-ausserhalb-der-komfortzone\/"]}]},{"@type":"ImageObject","inLanguage":"fr-FR","@id":"https:\/\/boardgeneration.ch\/en\/denn-die-magie-geschieht-ausserhalb-der-komfortzone\/#primaryimage","url":"https:\/\/boardgeneration.ch\/wp-content\/uploads\/2020\/03\/08.-Ma\u0308rz-2020-IMG_4120-scaled.jpg","contentUrl":"https:\/\/boardgeneration.ch\/wp-content\/uploads\/2020\/03\/08.-Ma\u0308rz-2020-IMG_4120-scaled.jpg","width":2560,"height":1707},{"@type":"BreadcrumbList","@id":"https:\/\/boardgeneration.ch\/en\/denn-die-magie-geschieht-ausserhalb-der-komfortzone\/#breadcrumb","itemListElement":[{"@type":"ListItem","position":1,"name":"Startseite","item":"https:\/\/boardgeneration.ch\/"},{"@type":"ListItem","position":2,"name":"Denn die Magie geschieht ausserhalb der Komfortzone&#8230;"}]},{"@type":"WebSite","@id":"https:\/\/boardgeneration.ch\/#website","url":"https:\/\/boardgeneration.ch\/","name":"g\u00e9n\u00e9ration de conseils","description":"Retour aux sources","publisher":{"@id":"https:\/\/boardgeneration.ch\/#organization"},"potentialAction":[{"@type":"SearchAction","target":{"@type":"EntryPoint","urlTemplate":"https:\/\/boardgeneration.ch\/?s={search_term_string}"},"query-input":{"@type":"PropertyValueSpecification","valueRequired":true,"valueName":"search_term_string"}}],"inLanguage":"fr-FR"},{"@type":"Organization","@id":"https:\/\/boardgeneration.ch\/#organization","name":"g\u00e9n\u00e9ration de conseils","url":"https:\/\/boardgeneration.ch\/","logo":{"@type":"ImageObject","inLanguage":"fr-FR","@id":"https:\/\/boardgeneration.ch\/#\/schema\/logo\/image\/","url":"https:\/\/boardgeneration.ch\/wp-content\/uploads\/2019\/01\/bg-logo_mit_Text.png","contentUrl":"https:\/\/boardgeneration.ch\/wp-content\/uploads\/2019\/01\/bg-logo_mit_Text.png","width":1040,"height":1155,"caption":"board generation"},"image":{"@id":"https:\/\/boardgeneration.ch\/#\/schema\/logo\/image\/"},"sameAs":["https:\/\/www.facebook.com\/boardgeneration.ch","https:\/\/x.com\/boardgen","https:\/\/www.instagram.com\/boardgen\/"]},{"@type":"Person","@id":"https:\/\/boardgeneration.ch\/#\/schema\/person\/4727ac7b918c1fd9879a564a16734f2c","name":"Service de presse","image":{"@type":"ImageObject","inLanguage":"fr-FR","@id":"https:\/\/boardgeneration.ch\/#\/schema\/person\/image\/","url":"https:\/\/boardgeneration.ch\/wp-content\/uploads\/2019\/10\/Pile-of-letters-96x96.jpg","contentUrl":"https:\/\/boardgeneration.ch\/wp-content\/uploads\/2019\/10\/Pile-of-letters-96x96.jpg","caption":"Pressedienst"},"url":"https:\/\/boardgeneration.ch\/fr\/author\/pressedienst\/"}]}},"jetpack_featured_media_url":"https:\/\/boardgeneration.ch\/wp-content\/uploads\/2020\/03\/08.-Ma\u0308rz-2020-IMG_4120-scaled.jpg","jetpack_sharing_enabled":true,"amp_enabled":true,"_links":{"self":[{"href":"https:\/\/boardgeneration.ch\/fr\/wp-json\/wp\/v2\/posts\/2521","targetHints":{"allow":["GET"]}}],"collection":[{"href":"https:\/\/boardgeneration.ch\/fr\/wp-json\/wp\/v2\/posts"}],"about":[{"href":"https:\/\/boardgeneration.ch\/fr\/wp-json\/wp\/v2\/types\/post"}],"author":[{"embeddable":true,"href":"https:\/\/boardgeneration.ch\/fr\/wp-json\/wp\/v2\/users\/3"}],"replies":[{"embeddable":true,"href":"https:\/\/boardgeneration.ch\/fr\/wp-json\/wp\/v2\/comments?post=2521"}],"version-history":[{"count":1,"href":"https:\/\/boardgeneration.ch\/fr\/wp-json\/wp\/v2\/posts\/2521\/revisions"}],"predecessor-version":[{"id":2522,"href":"https:\/\/boardgeneration.ch\/fr\/wp-json\/wp\/v2\/posts\/2521\/revisions\/2522"}],"wp:featuredmedia":[{"embeddable":true,"href":"https:\/\/boardgeneration.ch\/fr\/wp-json\/wp\/v2\/media\/2516"}],"wp:attachment":[{"href":"https:\/\/boardgeneration.ch\/fr\/wp-json\/wp\/v2\/media?parent=2521"}],"wp:term":[{"taxonomy":"category","embeddable":true,"href":"https:\/\/boardgeneration.ch\/fr\/wp-json\/wp\/v2\/categories?post=2521"},{"taxonomy":"post_tag","embeddable":true,"href":"https:\/\/boardgeneration.ch\/fr\/wp-json\/wp\/v2\/tags?post=2521"}],"curies":[{"name":"wp","href":"https:\/\/api.w.org\/{rel}","templated":true}]}}