{"id":3130,"date":"2020-08-03T08:33:36","date_gmt":"2020-08-03T07:33:36","guid":{"rendered":"https:\/\/boardgeneration.ch\/?p=3130"},"modified":"2020-09-09T20:52:52","modified_gmt":"2020-09-09T19:52:52","slug":"hintertux-park-opening","status":"publish","type":"post","link":"https:\/\/boardgeneration.ch\/fr\/hintertux-park-opening\/","title":{"rendered":"Ouverture du parc d'Hintertux"},"content":{"rendered":"<span class=\"span-reading-time rt-reading-time\" style=\"display: block;\"><span class=\"rt-label rt-prefix\">Le temps de la lecture : <\/span> <span class=\"rt-time\"> &lt; 1<\/span> <span class=\"rt-label rt-postfix\">Proc\u00e8s-verbal<\/span><\/span>\n<p>Le glacier d'Hintertux est heureux d'annoncer la 16e \u00e9dition de l'ouverture du parc Hotzone.tv. Du 1er au 4 octobre 2020, la communaut\u00e9 du snowboard se rendra \u00e0 la traditionnelle premi\u00e8re ouverture de la saison pour lancer officiellement la nouvelle saison d'hiver.<\/p>\n\n\n\n<figure class=\"wp-block-image size-large\"><img loading=\"lazy\" decoding=\"async\" width=\"1024\" height=\"379\" data-attachment-id=\"3135\" data-permalink=\"https:\/\/boardgeneration.ch\/fr\/hotzone_opening_fb_header2020_03\/\" data-orig-file=\"https:\/\/boardgeneration.ch\/wp-content\/uploads\/2020\/08\/Hotzone_Opening_FB_Header2020_03.jpg\" data-orig-size=\"1600,592\" data-comments-opened=\"1\" data-image-meta=\"{&quot;aperture&quot;:&quot;0&quot;,&quot;credit&quot;:&quot;&quot;,&quot;camera&quot;:&quot;&quot;,&quot;caption&quot;:&quot;&quot;,&quot;created_timestamp&quot;:&quot;0&quot;,&quot;copyright&quot;:&quot;&quot;,&quot;focal_length&quot;:&quot;0&quot;,&quot;iso&quot;:&quot;0&quot;,&quot;shutter_speed&quot;:&quot;0&quot;,&quot;title&quot;:&quot;&quot;,&quot;orientation&quot;:&quot;0&quot;}\" data-image-title=\"Hotzone_Opening_FB_Header2020_03\" data-image-description=\"\" data-image-caption=\"\" data-medium-file=\"https:\/\/boardgeneration.ch\/wp-content\/uploads\/2020\/08\/Hotzone_Opening_FB_Header2020_03-300x111.jpg\" data-large-file=\"https:\/\/boardgeneration.ch\/wp-content\/uploads\/2020\/08\/Hotzone_Opening_FB_Header2020_03-1024x379.jpg\" src=\"https:\/\/boardgeneration.ch\/wp-content\/uploads\/2020\/08\/Hotzone_Opening_FB_Header2020_03-1024x379.jpg\" alt=\"\" class=\"wp-image-3135\" srcset=\"https:\/\/boardgeneration.ch\/wp-content\/uploads\/2020\/08\/Hotzone_Opening_FB_Header2020_03-1024x379.jpg 1024w, https:\/\/boardgeneration.ch\/wp-content\/uploads\/2020\/08\/Hotzone_Opening_FB_Header2020_03-300x111.jpg 300w, https:\/\/boardgeneration.ch\/wp-content\/uploads\/2020\/08\/Hotzone_Opening_FB_Header2020_03-768x284.jpg 768w, https:\/\/boardgeneration.ch\/wp-content\/uploads\/2020\/08\/Hotzone_Opening_FB_Header2020_03-1536x568.jpg 1536w, https:\/\/boardgeneration.ch\/wp-content\/uploads\/2020\/08\/Hotzone_Opening_FB_Header2020_03.jpg 1600w\" sizes=\"auto, (max-width: 1024px) 100vw, 1024px\" \/><figcaption><span class=\"media-credit\">hotzone.tv<\/span><\/figcaption><\/figure>\n\n\n\n<p>Comme chaque ann\u00e9e, le Betterpark du glacier d'Hintertux sera le point de rencontre des snowboarders du monde entier. Wille Kaufmann et son \u00e9quipe de la soci\u00e9t\u00e9 Betterparks feront en sorte que le parc se montre sous son meilleur jour. Une \u00e9quipe de shapers motiv\u00e9s commencera \u00e0 construire le parc d\u00e9but septembre, car le Betterpark sera le premier snowpark en Europe \u00e0 ouvrir ses portes \u00e0 la mi-septembre. Un peu plus tard, le premier week-end d'octobre, le \"Who is Who\" de la sc\u00e8ne du snowboard sera invit\u00e9 \u00e0 Hintertux pour l'ouverture du l\u00e9gendaire parc Hotzone.tv.<\/p>\n\n\n\n<figure class=\"wp-block-image size-large\"><img loading=\"lazy\" decoding=\"async\" width=\"1024\" height=\"508\" data-attachment-id=\"3133\" data-permalink=\"https:\/\/boardgeneration.ch\/fr\/2019_hotzone_opening_overview_bymonepic\/\" data-orig-file=\"https:\/\/boardgeneration.ch\/wp-content\/uploads\/2020\/08\/2019_Hotzone_Opening_overview_byMonEpic.jpg\" data-orig-size=\"1600,793\" data-comments-opened=\"1\" data-image-meta=\"{&quot;aperture&quot;:&quot;0&quot;,&quot;credit&quot;:&quot;&quot;,&quot;camera&quot;:&quot;&quot;,&quot;caption&quot;:&quot;&quot;,&quot;created_timestamp&quot;:&quot;0&quot;,&quot;copyright&quot;:&quot;&quot;,&quot;focal_length&quot;:&quot;0&quot;,&quot;iso&quot;:&quot;0&quot;,&quot;shutter_speed&quot;:&quot;0&quot;,&quot;title&quot;:&quot;&quot;,&quot;orientation&quot;:&quot;0&quot;}\" data-image-title=\"2019_Hotzone_Opening_overview_byMonEpic\" data-image-description=\"&lt;p&gt;Sicht auf die Skilifte und den Snowpark auf dem Hintertuxer Gletscher&lt;\/p&gt;\" data-image-caption=\"\" data-medium-file=\"https:\/\/boardgeneration.ch\/wp-content\/uploads\/2020\/08\/2019_Hotzone_Opening_overview_byMonEpic-300x149.jpg\" data-large-file=\"https:\/\/boardgeneration.ch\/wp-content\/uploads\/2020\/08\/2019_Hotzone_Opening_overview_byMonEpic-1024x508.jpg\" src=\"https:\/\/boardgeneration.ch\/wp-content\/uploads\/2020\/08\/2019_Hotzone_Opening_overview_byMonEpic-1024x508.jpg\" alt=\"\" class=\"wp-image-3133\" srcset=\"https:\/\/boardgeneration.ch\/wp-content\/uploads\/2020\/08\/2019_Hotzone_Opening_overview_byMonEpic-1024x508.jpg 1024w, https:\/\/boardgeneration.ch\/wp-content\/uploads\/2020\/08\/2019_Hotzone_Opening_overview_byMonEpic-300x149.jpg 300w, https:\/\/boardgeneration.ch\/wp-content\/uploads\/2020\/08\/2019_Hotzone_Opening_overview_byMonEpic-768x381.jpg 768w, https:\/\/boardgeneration.ch\/wp-content\/uploads\/2020\/08\/2019_Hotzone_Opening_overview_byMonEpic-1536x761.jpg 1536w, https:\/\/boardgeneration.ch\/wp-content\/uploads\/2020\/08\/2019_Hotzone_Opening_overview_byMonEpic.jpg 1600w\" sizes=\"auto, (max-width: 1024px) 100vw, 1024px\" \/><figcaption><span class=\"media-credit\"><a href=\"http:\/\/www.monepic.at\/\">\u00a9 MonEpic<\/a><\/span><\/figcaption><\/figure>\n\n\n\n<p class=\"translation-block\">Dans le parc, les pros se lancent \u00e0 fond dans leur sac de figures au grand saut, car chacun d'eux veut \u00eatre en haut du podium au <strong> \"Werni Stock Invitational\"<\/strong>.<\/p>\n\n\n\n<figure class=\"wp-block-image size-large\"><img loading=\"lazy\" decoding=\"async\" width=\"1024\" height=\"654\" data-attachment-id=\"3134\" data-permalink=\"https:\/\/boardgeneration.ch\/fr\/2019_hotzone_opening_wernistock_bymonepic\/\" data-orig-file=\"https:\/\/boardgeneration.ch\/wp-content\/uploads\/2020\/08\/2019_Hotzone_Opening_WerniStock_byMonEpic.jpg\" data-orig-size=\"1600,1022\" data-comments-opened=\"1\" data-image-meta=\"{&quot;aperture&quot;:&quot;0&quot;,&quot;credit&quot;:&quot;&quot;,&quot;camera&quot;:&quot;&quot;,&quot;caption&quot;:&quot;&quot;,&quot;created_timestamp&quot;:&quot;0&quot;,&quot;copyright&quot;:&quot;&quot;,&quot;focal_length&quot;:&quot;0&quot;,&quot;iso&quot;:&quot;0&quot;,&quot;shutter_speed&quot;:&quot;0&quot;,&quot;title&quot;:&quot;&quot;,&quot;orientation&quot;:&quot;0&quot;}\" data-image-title=\"2019_Hotzone_Opening_WerniStock_byMonEpic\" data-image-description=\"&lt;p&gt;Snowboarder Werni Stock sprint \u00fcber einen Kicker und h\u00e4lt sein Snowboard&lt;\/p&gt;\" data-image-caption=\"&lt;p&gt;Werni Stock&lt;\/p&gt;\" data-medium-file=\"https:\/\/boardgeneration.ch\/wp-content\/uploads\/2020\/08\/2019_Hotzone_Opening_WerniStock_byMonEpic-300x192.jpg\" data-large-file=\"https:\/\/boardgeneration.ch\/wp-content\/uploads\/2020\/08\/2019_Hotzone_Opening_WerniStock_byMonEpic-1024x654.jpg\" src=\"https:\/\/boardgeneration.ch\/wp-content\/uploads\/2020\/08\/2019_Hotzone_Opening_WerniStock_byMonEpic-1024x654.jpg\" alt=\"\" class=\"wp-image-3134\" srcset=\"https:\/\/boardgeneration.ch\/wp-content\/uploads\/2020\/08\/2019_Hotzone_Opening_WerniStock_byMonEpic-1024x654.jpg 1024w, https:\/\/boardgeneration.ch\/wp-content\/uploads\/2020\/08\/2019_Hotzone_Opening_WerniStock_byMonEpic-300x192.jpg 300w, https:\/\/boardgeneration.ch\/wp-content\/uploads\/2020\/08\/2019_Hotzone_Opening_WerniStock_byMonEpic-768x491.jpg 768w, https:\/\/boardgeneration.ch\/wp-content\/uploads\/2020\/08\/2019_Hotzone_Opening_WerniStock_byMonEpic-1536x981.jpg 1536w, https:\/\/boardgeneration.ch\/wp-content\/uploads\/2020\/08\/2019_Hotzone_Opening_WerniStock_byMonEpic.jpg 1600w\" sizes=\"auto, (max-width: 1024px) 100vw, 1024px\" \/><figcaption><span class=\"media-credit\"><a href=\"http:\/\/www.monepic.at\/\">\u00a9 MonEpic<\/a><\/span> Werni Stock<\/figcaption><\/figure>\n\n\n\n<p class=\"translation-block\">Le snowboarder professionnel et h\u00e9ros local Werni Stock vous invite \u00e0 la premi\u00e8re session de big air de la saison. Un autre point fort - mais dans la vall\u00e9e - est le <strong> \"Metal Battle Night Rail Contest\" organis\u00e9 par SANE ! Snowboard<\/strong> pour professionnels et amateurs. Apr\u00e8s une premi\u00e8re r\u00e9ussie en 2019, les jibbers se r\u00e9jouissent de la poursuite du spectacle d\u00e9jant\u00e9 de l'ann\u00e9e derni\u00e8re.<\/p>\n\n\n\n<figure class=\"wp-block-image size-large\"><img loading=\"lazy\" decoding=\"async\" width=\"1024\" height=\"683\" data-attachment-id=\"3132\" data-permalink=\"https:\/\/boardgeneration.ch\/fr\/2019_hotzone_opening_metal-battle_leonguetl_bymonepic\/\" data-orig-file=\"https:\/\/boardgeneration.ch\/wp-content\/uploads\/2020\/08\/2019_Hotzone_Opening_Metal-Battle_LeonGuetl_byMonEpic.jpg\" data-orig-size=\"1600,1067\" data-comments-opened=\"1\" data-image-meta=\"{&quot;aperture&quot;:&quot;0&quot;,&quot;credit&quot;:&quot;&quot;,&quot;camera&quot;:&quot;&quot;,&quot;caption&quot;:&quot;&quot;,&quot;created_timestamp&quot;:&quot;0&quot;,&quot;copyright&quot;:&quot;&quot;,&quot;focal_length&quot;:&quot;0&quot;,&quot;iso&quot;:&quot;0&quot;,&quot;shutter_speed&quot;:&quot;0&quot;,&quot;title&quot;:&quot;&quot;,&quot;orientation&quot;:&quot;0&quot;}\" data-image-title=\"2019_Hotzone_Opening_Metal-Battle_LeonGuetl_byMonEpic\" data-image-description=\"&lt;p&gt;Snowboarder Leon Guetl am Sliden w\u00e4hren des Metal-Battle Wettkampfes&lt;\/p&gt;\" data-image-caption=\"&lt;p&gt;Metal-Battle &#8211; Leon Guetl&lt;\/p&gt;\" data-medium-file=\"https:\/\/boardgeneration.ch\/wp-content\/uploads\/2020\/08\/2019_Hotzone_Opening_Metal-Battle_LeonGuetl_byMonEpic-300x200.jpg\" data-large-file=\"https:\/\/boardgeneration.ch\/wp-content\/uploads\/2020\/08\/2019_Hotzone_Opening_Metal-Battle_LeonGuetl_byMonEpic-1024x683.jpg\" src=\"https:\/\/boardgeneration.ch\/wp-content\/uploads\/2020\/08\/2019_Hotzone_Opening_Metal-Battle_LeonGuetl_byMonEpic-1024x683.jpg\" alt=\"\" class=\"wp-image-3132\" srcset=\"https:\/\/boardgeneration.ch\/wp-content\/uploads\/2020\/08\/2019_Hotzone_Opening_Metal-Battle_LeonGuetl_byMonEpic-1024x683.jpg 1024w, https:\/\/boardgeneration.ch\/wp-content\/uploads\/2020\/08\/2019_Hotzone_Opening_Metal-Battle_LeonGuetl_byMonEpic-300x200.jpg 300w, https:\/\/boardgeneration.ch\/wp-content\/uploads\/2020\/08\/2019_Hotzone_Opening_Metal-Battle_LeonGuetl_byMonEpic-768x512.jpg 768w, https:\/\/boardgeneration.ch\/wp-content\/uploads\/2020\/08\/2019_Hotzone_Opening_Metal-Battle_LeonGuetl_byMonEpic-1536x1024.jpg 1536w, https:\/\/boardgeneration.ch\/wp-content\/uploads\/2020\/08\/2019_Hotzone_Opening_Metal-Battle_LeonGuetl_byMonEpic.jpg 1600w\" sizes=\"auto, (max-width: 1024px) 100vw, 1024px\" \/><figcaption><span class=\"media-credit\"><a href=\"http:\/\/www.monepic.at\/\">\u00a9 MonEpic<\/a><\/span> Bataille des m\u00e9taux - Leon Guetl<\/figcaption><\/figure>\n\n\n\n<p>\u00c0 partir du 1er octobre, la carte neige est \u00e0 nouveau disponible. L'ouverture du parc Hotzone.tv \u00e0 Hintertux est l'occasion id\u00e9ale de commencer la nouvelle saison d'hiver avec la carte neige.<\/p>\n\n\n\n<p>Il est pr\u00e9f\u00e9rable de noter la date et de planifier votre voyage dans le Zillertal (<a href=\"http:\/\/www.tux.at\" target=\"_blank\" aria-label=\"ind\u00e9fini (ouvre un nouvel onglet)\" rel=\"noreferrer noopener\">www.tux.at<\/a>). Pour plus de d\u00e9tails et de mises \u00e0 jour sur l'ouverture du parc Hotzone.tv en 2020, cliquez ici : <a aria-label=\"ind\u00e9fini (ouvre un nouvel onglet)\" href=\"http:\/\/opening.hotzone.tv\" target=\"_blank\" rel=\"noreferrer noopener\">http:\/\/opening.hotzone.tv<\/a><br>Facebook : <a aria-label=\"ind\u00e9fini (ouvre un nouvel onglet)\" href=\"https:\/\/www.facebook.com\/HotzoneParkOpeningHintertux\/\" target=\"_blank\" rel=\"noreferrer noopener\">https:\/\/www.facebook.com\/HotzoneParkOpeningHintertux\/<\/a><br>Instagram : @hotzoneopening, <a href=\"https:\/\/boardgeneration.ch\/fr\/tag\/hotzoneopening\/\">1TP3Ouverture de la zone<\/a><\/p>","protected":false},"excerpt":{"rendered":"<p>Der Hintertuxer Gletscher freut sich, die 16. Auflage des Hotzone.tv Park Openings anzuku\u0308ndigen. Vom 1.-4. Oktober 2020 kommt die Snowboard-Community zum traditionell ersten Opening der Saison, um offiziell in die neue Wintersaison zu starten. Der Betterpark am Hintertuxer Gletscher wird wie jedes Jahr der Treffpunkt fu\u0308r Snowboarder aus aller Herren L\u00e4nder sein. Wille Kaufmann und [&hellip;]<\/p>\n","protected":false},"author":4,"featured_media":3131,"comment_status":"open","ping_status":"open","sticky":false,"template":"","format":"standard","meta":{"_jetpack_memberships_contains_paid_content":false,"footnotes":""},"categories":[12],"tags":[],"class_list":["post-3130","post","type-post","status-publish","format-standard","has-post-thumbnail","hentry","category-event"],"yoast_head":"<!-- This site is optimized with the Yoast SEO plugin v26.8 - https:\/\/yoast.com\/product\/yoast-seo-wordpress\/ -->\n<title>Hintertux Park Opening - Board Generation<\/title>\n<meta name=\"robots\" content=\"index, follow, max-snippet:-1, max-image-preview:large, max-video-preview:-1\" \/>\n<link rel=\"canonical\" href=\"https:\/\/boardgeneration.ch\/fr\/hintertux-park-opening\/\" \/>\n<meta property=\"og:locale\" content=\"fr_FR\" \/>\n<meta property=\"og:type\" content=\"article\" \/>\n<meta property=\"og:title\" content=\"Hintertux Park Opening - Board Generation\" \/>\n<meta property=\"og:description\" content=\"Der Hintertuxer Gletscher freut sich, die 16. Auflage des Hotzone.tv Park Openings anzuku\u0308ndigen. Vom 1.-4. Oktober 2020 kommt die Snowboard-Community zum traditionell ersten Opening der Saison, um offiziell in die neue Wintersaison zu starten. Der Betterpark am Hintertuxer Gletscher wird wie jedes Jahr der Treffpunkt fu\u0308r Snowboarder aus aller Herren L\u00e4nder sein. Wille Kaufmann und [&hellip;]\" \/>\n<meta property=\"og:url\" content=\"https:\/\/boardgeneration.ch\/fr\/hintertux-park-opening\/\" \/>\n<meta property=\"og:site_name\" content=\"Board Generation\" \/>\n<meta property=\"article:publisher\" content=\"https:\/\/www.facebook.com\/boardgeneration.ch\" \/>\n<meta property=\"article:published_time\" content=\"2020-08-03T07:33:36+00:00\" \/>\n<meta property=\"article:modified_time\" content=\"2020-09-09T19:52:52+00:00\" \/>\n<meta property=\"og:image\" content=\"https:\/\/boardgeneration.ch\/wp-content\/uploads\/2020\/08\/2019_Hotzone_Opening_FabianFraidl_byMonEpic_quer.jpg\" \/>\n\t<meta property=\"og:image:width\" content=\"1600\" \/>\n\t<meta property=\"og:image:height\" content=\"1066\" \/>\n\t<meta property=\"og:image:type\" content=\"image\/jpeg\" \/>\n<meta name=\"author\" content=\"Redaktion\" \/>\n<meta name=\"twitter:card\" content=\"summary_large_image\" \/>\n<meta name=\"twitter:creator\" content=\"@boardgen\" \/>\n<meta name=\"twitter:site\" content=\"@boardgen\" \/>\n<meta name=\"twitter:label1\" content=\"\u00c9crit par\" \/>\n\t<meta name=\"twitter:data1\" content=\"Redaktion\" \/>\n\t<meta name=\"twitter:label2\" content=\"Dur\u00e9e de lecture estim\u00e9e\" \/>\n\t<meta name=\"twitter:data2\" content=\"1 minute\" \/>\n<script type=\"application\/ld+json\" class=\"yoast-schema-graph\">{\"@context\":\"https:\/\/schema.org\",\"@graph\":[{\"@type\":\"Article\",\"@id\":\"https:\/\/boardgeneration.ch\/en\/hintertux-park-opening\/#article\",\"isPartOf\":{\"@id\":\"https:\/\/boardgeneration.ch\/en\/hintertux-park-opening\/\"},\"author\":{\"name\":\"Redaktion\",\"@id\":\"https:\/\/boardgeneration.ch\/#\/schema\/person\/ff761d182d5001e318f70819ad955738\"},\"headline\":\"Hintertux Park Opening\",\"datePublished\":\"2020-08-03T07:33:36+00:00\",\"dateModified\":\"2020-09-09T19:52:52+00:00\",\"mainEntityOfPage\":{\"@id\":\"https:\/\/boardgeneration.ch\/en\/hintertux-park-opening\/\"},\"wordCount\":277,\"commentCount\":0,\"publisher\":{\"@id\":\"https:\/\/boardgeneration.ch\/#organization\"},\"image\":{\"@id\":\"https:\/\/boardgeneration.ch\/en\/hintertux-park-opening\/#primaryimage\"},\"thumbnailUrl\":\"https:\/\/boardgeneration.ch\/wp-content\/uploads\/2020\/08\/2019_Hotzone_Opening_FabianFraidl_byMonEpic_quer.jpg\",\"articleSection\":[\"event\"],\"inLanguage\":\"fr-FR\",\"potentialAction\":[{\"@type\":\"CommentAction\",\"name\":\"Comment\",\"target\":[\"https:\/\/boardgeneration.ch\/en\/hintertux-park-opening\/#respond\"]}]},{\"@type\":\"WebPage\",\"@id\":\"https:\/\/boardgeneration.ch\/en\/hintertux-park-opening\/\",\"url\":\"https:\/\/boardgeneration.ch\/en\/hintertux-park-opening\/\",\"name\":\"Hintertux Park Opening - Board Generation\",\"isPartOf\":{\"@id\":\"https:\/\/boardgeneration.ch\/#website\"},\"primaryImageOfPage\":{\"@id\":\"https:\/\/boardgeneration.ch\/en\/hintertux-park-opening\/#primaryimage\"},\"image\":{\"@id\":\"https:\/\/boardgeneration.ch\/en\/hintertux-park-opening\/#primaryimage\"},\"thumbnailUrl\":\"https:\/\/boardgeneration.ch\/wp-content\/uploads\/2020\/08\/2019_Hotzone_Opening_FabianFraidl_byMonEpic_quer.jpg\",\"datePublished\":\"2020-08-03T07:33:36+00:00\",\"dateModified\":\"2020-09-09T19:52:52+00:00\",\"breadcrumb\":{\"@id\":\"https:\/\/boardgeneration.ch\/en\/hintertux-park-opening\/#breadcrumb\"},\"inLanguage\":\"fr-FR\",\"potentialAction\":[{\"@type\":\"ReadAction\",\"target\":[\"https:\/\/boardgeneration.ch\/en\/hintertux-park-opening\/\"]}]},{\"@type\":\"ImageObject\",\"inLanguage\":\"fr-FR\",\"@id\":\"https:\/\/boardgeneration.ch\/en\/hintertux-park-opening\/#primaryimage\",\"url\":\"https:\/\/boardgeneration.ch\/wp-content\/uploads\/2020\/08\/2019_Hotzone_Opening_FabianFraidl_byMonEpic_quer.jpg\",\"contentUrl\":\"https:\/\/boardgeneration.ch\/wp-content\/uploads\/2020\/08\/2019_Hotzone_Opening_FabianFraidl_byMonEpic_quer.jpg\",\"width\":1600,\"height\":1066,\"caption\":\"Fabian Fraidl\"},{\"@type\":\"BreadcrumbList\",\"@id\":\"https:\/\/boardgeneration.ch\/en\/hintertux-park-opening\/#breadcrumb\",\"itemListElement\":[{\"@type\":\"ListItem\",\"position\":1,\"name\":\"Startseite\",\"item\":\"https:\/\/boardgeneration.ch\/\"},{\"@type\":\"ListItem\",\"position\":2,\"name\":\"Hintertux Park Opening\"}]},{\"@type\":\"WebSite\",\"@id\":\"https:\/\/boardgeneration.ch\/#website\",\"url\":\"https:\/\/boardgeneration.ch\/\",\"name\":\"board generation\",\"description\":\"Back to the Roots\",\"publisher\":{\"@id\":\"https:\/\/boardgeneration.ch\/#organization\"},\"potentialAction\":[{\"@type\":\"SearchAction\",\"target\":{\"@type\":\"EntryPoint\",\"urlTemplate\":\"https:\/\/boardgeneration.ch\/?s={search_term_string}\"},\"query-input\":{\"@type\":\"PropertyValueSpecification\",\"valueRequired\":true,\"valueName\":\"search_term_string\"}}],\"inLanguage\":\"fr-FR\"},{\"@type\":\"Organization\",\"@id\":\"https:\/\/boardgeneration.ch\/#organization\",\"name\":\"board generation\",\"url\":\"https:\/\/boardgeneration.ch\/\",\"logo\":{\"@type\":\"ImageObject\",\"inLanguage\":\"fr-FR\",\"@id\":\"https:\/\/boardgeneration.ch\/#\/schema\/logo\/image\/\",\"url\":\"https:\/\/boardgeneration.ch\/wp-content\/uploads\/2019\/01\/bg-logo_mit_Text.png\",\"contentUrl\":\"https:\/\/boardgeneration.ch\/wp-content\/uploads\/2019\/01\/bg-logo_mit_Text.png\",\"width\":1040,\"height\":1155,\"caption\":\"board generation\"},\"image\":{\"@id\":\"https:\/\/boardgeneration.ch\/#\/schema\/logo\/image\/\"},\"sameAs\":[\"https:\/\/www.facebook.com\/boardgeneration.ch\",\"https:\/\/x.com\/boardgen\",\"https:\/\/www.instagram.com\/boardgen\/\"]},{\"@type\":\"Person\",\"@id\":\"https:\/\/boardgeneration.ch\/#\/schema\/person\/ff761d182d5001e318f70819ad955738\",\"name\":\"Redaktion\",\"image\":{\"@type\":\"ImageObject\",\"inLanguage\":\"fr-FR\",\"@id\":\"https:\/\/boardgeneration.ch\/#\/schema\/person\/image\/\",\"url\":\"https:\/\/boardgeneration.ch\/wp-content\/uploads\/2019\/01\/bg-logo_mit_Text_100x100-96x96.png\",\"contentUrl\":\"https:\/\/boardgeneration.ch\/wp-content\/uploads\/2019\/01\/bg-logo_mit_Text_100x100-96x96.png\",\"caption\":\"Redaktion\"},\"url\":\"https:\/\/boardgeneration.ch\/fr\/author\/redaktion\/\"}]}<\/script>\n<!-- \/ Yoast SEO plugin. -->","yoast_head_json":{"title":"Hintertux Park Opening - Board Generation","robots":{"index":"index","follow":"follow","max-snippet":"max-snippet:-1","max-image-preview":"max-image-preview:large","max-video-preview":"max-video-preview:-1"},"canonical":"https:\/\/boardgeneration.ch\/fr\/hintertux-park-opening\/","og_locale":"fr_FR","og_type":"article","og_title":"Hintertux Park Opening - Board Generation","og_description":"Der Hintertuxer Gletscher freut sich, die 16. Auflage des Hotzone.tv Park Openings anzuku\u0308ndigen. Vom 1.-4. Oktober 2020 kommt die Snowboard-Community zum traditionell ersten Opening der Saison, um offiziell in die neue Wintersaison zu starten. Der Betterpark am Hintertuxer Gletscher wird wie jedes Jahr der Treffpunkt fu\u0308r Snowboarder aus aller Herren L\u00e4nder sein. Wille Kaufmann und [&hellip;]","og_url":"https:\/\/boardgeneration.ch\/fr\/hintertux-park-opening\/","og_site_name":"Board Generation","article_publisher":"https:\/\/www.facebook.com\/boardgeneration.ch","article_published_time":"2020-08-03T07:33:36+00:00","article_modified_time":"2020-09-09T19:52:52+00:00","og_image":[{"width":1600,"height":1066,"url":"https:\/\/boardgeneration.ch\/wp-content\/uploads\/2020\/08\/2019_Hotzone_Opening_FabianFraidl_byMonEpic_quer.jpg","type":"image\/jpeg"}],"author":"Redaktion","twitter_card":"summary_large_image","twitter_creator":"@boardgen","twitter_site":"@boardgen","twitter_misc":{"\u00c9crit par":"Redaktion","Dur\u00e9e de lecture estim\u00e9e":"1 minute"},"schema":{"@context":"https:\/\/schema.org","@graph":[{"@type":"Article","@id":"https:\/\/boardgeneration.ch\/en\/hintertux-park-opening\/#article","isPartOf":{"@id":"https:\/\/boardgeneration.ch\/en\/hintertux-park-opening\/"},"author":{"name":"Redaktion","@id":"https:\/\/boardgeneration.ch\/#\/schema\/person\/ff761d182d5001e318f70819ad955738"},"headline":"Hintertux Park Opening","datePublished":"2020-08-03T07:33:36+00:00","dateModified":"2020-09-09T19:52:52+00:00","mainEntityOfPage":{"@id":"https:\/\/boardgeneration.ch\/en\/hintertux-park-opening\/"},"wordCount":277,"commentCount":0,"publisher":{"@id":"https:\/\/boardgeneration.ch\/#organization"},"image":{"@id":"https:\/\/boardgeneration.ch\/en\/hintertux-park-opening\/#primaryimage"},"thumbnailUrl":"https:\/\/boardgeneration.ch\/wp-content\/uploads\/2020\/08\/2019_Hotzone_Opening_FabianFraidl_byMonEpic_quer.jpg","articleSection":["event"],"inLanguage":"fr-FR","potentialAction":[{"@type":"CommentAction","name":"Comment","target":["https:\/\/boardgeneration.ch\/en\/hintertux-park-opening\/#respond"]}]},{"@type":"WebPage","@id":"https:\/\/boardgeneration.ch\/en\/hintertux-park-opening\/","url":"https:\/\/boardgeneration.ch\/en\/hintertux-park-opening\/","name":"Hintertux Park Opening - Board Generation","isPartOf":{"@id":"https:\/\/boardgeneration.ch\/#website"},"primaryImageOfPage":{"@id":"https:\/\/boardgeneration.ch\/en\/hintertux-park-opening\/#primaryimage"},"image":{"@id":"https:\/\/boardgeneration.ch\/en\/hintertux-park-opening\/#primaryimage"},"thumbnailUrl":"https:\/\/boardgeneration.ch\/wp-content\/uploads\/2020\/08\/2019_Hotzone_Opening_FabianFraidl_byMonEpic_quer.jpg","datePublished":"2020-08-03T07:33:36+00:00","dateModified":"2020-09-09T19:52:52+00:00","breadcrumb":{"@id":"https:\/\/boardgeneration.ch\/en\/hintertux-park-opening\/#breadcrumb"},"inLanguage":"fr-FR","potentialAction":[{"@type":"ReadAction","target":["https:\/\/boardgeneration.ch\/en\/hintertux-park-opening\/"]}]},{"@type":"ImageObject","inLanguage":"fr-FR","@id":"https:\/\/boardgeneration.ch\/en\/hintertux-park-opening\/#primaryimage","url":"https:\/\/boardgeneration.ch\/wp-content\/uploads\/2020\/08\/2019_Hotzone_Opening_FabianFraidl_byMonEpic_quer.jpg","contentUrl":"https:\/\/boardgeneration.ch\/wp-content\/uploads\/2020\/08\/2019_Hotzone_Opening_FabianFraidl_byMonEpic_quer.jpg","width":1600,"height":1066,"caption":"Fabian Fraidl"},{"@type":"BreadcrumbList","@id":"https:\/\/boardgeneration.ch\/en\/hintertux-park-opening\/#breadcrumb","itemListElement":[{"@type":"ListItem","position":1,"name":"Startseite","item":"https:\/\/boardgeneration.ch\/"},{"@type":"ListItem","position":2,"name":"Hintertux Park Opening"}]},{"@type":"WebSite","@id":"https:\/\/boardgeneration.ch\/#website","url":"https:\/\/boardgeneration.ch\/","name":"g\u00e9n\u00e9ration de conseils","description":"Retour aux sources","publisher":{"@id":"https:\/\/boardgeneration.ch\/#organization"},"potentialAction":[{"@type":"SearchAction","target":{"@type":"EntryPoint","urlTemplate":"https:\/\/boardgeneration.ch\/?s={search_term_string}"},"query-input":{"@type":"PropertyValueSpecification","valueRequired":true,"valueName":"search_term_string"}}],"inLanguage":"fr-FR"},{"@type":"Organization","@id":"https:\/\/boardgeneration.ch\/#organization","name":"g\u00e9n\u00e9ration de conseils","url":"https:\/\/boardgeneration.ch\/","logo":{"@type":"ImageObject","inLanguage":"fr-FR","@id":"https:\/\/boardgeneration.ch\/#\/schema\/logo\/image\/","url":"https:\/\/boardgeneration.ch\/wp-content\/uploads\/2019\/01\/bg-logo_mit_Text.png","contentUrl":"https:\/\/boardgeneration.ch\/wp-content\/uploads\/2019\/01\/bg-logo_mit_Text.png","width":1040,"height":1155,"caption":"board generation"},"image":{"@id":"https:\/\/boardgeneration.ch\/#\/schema\/logo\/image\/"},"sameAs":["https:\/\/www.facebook.com\/boardgeneration.ch","https:\/\/x.com\/boardgen","https:\/\/www.instagram.com\/boardgen\/"]},{"@type":"Person","@id":"https:\/\/boardgeneration.ch\/#\/schema\/person\/ff761d182d5001e318f70819ad955738","name":"Bureau de la r\u00e9daction","image":{"@type":"ImageObject","inLanguage":"fr-FR","@id":"https:\/\/boardgeneration.ch\/#\/schema\/person\/image\/","url":"https:\/\/boardgeneration.ch\/wp-content\/uploads\/2019\/01\/bg-logo_mit_Text_100x100-96x96.png","contentUrl":"https:\/\/boardgeneration.ch\/wp-content\/uploads\/2019\/01\/bg-logo_mit_Text_100x100-96x96.png","caption":"Redaktion"},"url":"https:\/\/boardgeneration.ch\/fr\/author\/redaktion\/"}]}},"jetpack_featured_media_url":"https:\/\/boardgeneration.ch\/wp-content\/uploads\/2020\/08\/2019_Hotzone_Opening_FabianFraidl_byMonEpic_quer.jpg","jetpack_sharing_enabled":true,"amp_enabled":true,"_links":{"self":[{"href":"https:\/\/boardgeneration.ch\/fr\/wp-json\/wp\/v2\/posts\/3130","targetHints":{"allow":["GET"]}}],"collection":[{"href":"https:\/\/boardgeneration.ch\/fr\/wp-json\/wp\/v2\/posts"}],"about":[{"href":"https:\/\/boardgeneration.ch\/fr\/wp-json\/wp\/v2\/types\/post"}],"author":[{"embeddable":true,"href":"https:\/\/boardgeneration.ch\/fr\/wp-json\/wp\/v2\/users\/4"}],"replies":[{"embeddable":true,"href":"https:\/\/boardgeneration.ch\/fr\/wp-json\/wp\/v2\/comments?post=3130"}],"version-history":[{"count":7,"href":"https:\/\/boardgeneration.ch\/fr\/wp-json\/wp\/v2\/posts\/3130\/revisions"}],"predecessor-version":[{"id":3148,"href":"https:\/\/boardgeneration.ch\/fr\/wp-json\/wp\/v2\/posts\/3130\/revisions\/3148"}],"wp:featuredmedia":[{"embeddable":true,"href":"https:\/\/boardgeneration.ch\/fr\/wp-json\/wp\/v2\/media\/3131"}],"wp:attachment":[{"href":"https:\/\/boardgeneration.ch\/fr\/wp-json\/wp\/v2\/media?parent=3130"}],"wp:term":[{"taxonomy":"category","embeddable":true,"href":"https:\/\/boardgeneration.ch\/fr\/wp-json\/wp\/v2\/categories?post=3130"},{"taxonomy":"post_tag","embeddable":true,"href":"https:\/\/boardgeneration.ch\/fr\/wp-json\/wp\/v2\/tags?post=3130"}],"curies":[{"name":"wp","href":"https:\/\/api.w.org\/{rel}","templated":true}]}}