{"id":3185,"date":"2020-09-03T19:16:29","date_gmt":"2020-09-03T18:16:29","guid":{"rendered":"https:\/\/boardgeneration.ch\/?p=3185"},"modified":"2020-09-03T20:20:59","modified_gmt":"2020-09-03T19:20:59","slug":"8-zillertal-vaelley-raelley","status":"publish","type":"post","link":"https:\/\/boardgeneration.ch\/fr\/8-zillertal-vaelley-raelley\/","title":{"rendered":"8\u00e8me Zillertal V\u00c4LLEY R\u00c4LLEY"},"content":{"rendered":"<span class=\"span-reading-time rt-reading-time\" style=\"display: block;\"><span class=\"rt-label rt-prefix\">Le temps de la lecture : <\/span> <span class=\"rt-time\"> 3<\/span> <span class=\"rt-label rt-postfix\">proc\u00e8s-verbal<\/span><\/span>\n<figure class=\"wp-block-image size-large\"><img loading=\"lazy\" decoding=\"async\" width=\"1024\" height=\"341\" data-attachment-id=\"3189\" data-permalink=\"https:\/\/boardgeneration.ch\/fr\/8-zillertal-vaelley-raelley\/zvr21_visual_header\/\" data-orig-file=\"https:\/\/boardgeneration.ch\/wp-content\/uploads\/2020\/09\/ZVR21_visual_header.jpg\" data-orig-size=\"1800,600\" data-comments-opened=\"1\" data-image-meta=\"{&quot;aperture&quot;:&quot;0&quot;,&quot;credit&quot;:&quot;&quot;,&quot;camera&quot;:&quot;&quot;,&quot;caption&quot;:&quot;&quot;,&quot;created_timestamp&quot;:&quot;0&quot;,&quot;copyright&quot;:&quot;&quot;,&quot;focal_length&quot;:&quot;0&quot;,&quot;iso&quot;:&quot;0&quot;,&quot;shutter_speed&quot;:&quot;0&quot;,&quot;title&quot;:&quot;&quot;,&quot;orientation&quot;:&quot;0&quot;}\" data-image-title=\"ZVR21_visual_header\" data-image-description=\"\" data-image-caption=\"\" data-medium-file=\"https:\/\/boardgeneration.ch\/wp-content\/uploads\/2020\/09\/ZVR21_visual_header-300x100.jpg\" data-large-file=\"https:\/\/boardgeneration.ch\/wp-content\/uploads\/2020\/09\/ZVR21_visual_header-1024x341.jpg\" src=\"https:\/\/boardgeneration.ch\/wp-content\/uploads\/2020\/09\/ZVR21_visual_header-1024x341.jpg\" alt=\"\" class=\"wp-image-3189\" srcset=\"https:\/\/boardgeneration.ch\/wp-content\/uploads\/2020\/09\/ZVR21_visual_header-1024x341.jpg 1024w, https:\/\/boardgeneration.ch\/wp-content\/uploads\/2020\/09\/ZVR21_visual_header-300x100.jpg 300w, https:\/\/boardgeneration.ch\/wp-content\/uploads\/2020\/09\/ZVR21_visual_header-768x256.jpg 768w, https:\/\/boardgeneration.ch\/wp-content\/uploads\/2020\/09\/ZVR21_visual_header-1536x512.jpg 1536w, https:\/\/boardgeneration.ch\/wp-content\/uploads\/2020\/09\/ZVR21_visual_header.jpg 1800w\" sizes=\"auto, (max-width: 1024px) 100vw, 1024px\" \/><figcaption><span class=\"media-credit\">Esth\u00e9ticienne<\/span><\/figcaption><\/figure>\n\n\n\n<p>En d\u00e9cembre 2020, le Zillertal V\u00c4LLEY R\u00c4LLEY organis\u00e9 par Blue Tomato et Ride Snowboards entamera son huiti\u00e8me tour. Chaque ann\u00e9e, le populaire Snowboard Tour, qui se d\u00e9roule de d\u00e9cembre \u00e0 avril, attire de nombreux snowboarders internationaux dans le Zillertal. Sous les auspices du club de snowboard \"Die \u00c4sthetiker\", les diff\u00e9rents parcs de neige du Zillertal accueillent au total quatre \u00e9tapes de tourn\u00e9e, chacune comprenant une journ\u00e9e d'entra\u00eenement et de coaching et une journ\u00e9e de comp\u00e9tition avec un concours de snowboard ouvert en \"slopestyle\". La tourn\u00e9e de cette ann\u00e9e commencera \u00e0 la nouvelle saison peu avant No\u00ebl avec un premier arr\u00eat les 19 et 20 d\u00e9cembre 2020 \u00e0 Hochzillertal-Kaltenbach.<\/p>\n\n\n\n<p>Huit ans de Zillertal V\u00c4LLEY R\u00c4LLEY anim\u00e9 par Blue Tomato &amp; Ride Snowboard et c'est parti ! Gr\u00e2ce au soutien continu de Zillertal Tourismus GmbH, des chemins de fer de montagne et des associations touristiques du Zillertal, ainsi que de partenaires fid\u00e8les tels que Blue Tomato, Ride Snowboards, Red Bull, Horsefeathers et Dana Beanies, le populaire V\u00c4LLEY R\u00c4LLEY reviendra dans le Zillertal en d\u00e9cembre 2020.<\/p>\n\n\n\n<figure class=\"wp-block-image size-large\"><img loading=\"lazy\" decoding=\"async\" width=\"1024\" height=\"682\" data-attachment-id=\"3190\" data-permalink=\"https:\/\/boardgeneration.ch\/fr\/8-zillertal-vaelley-raelley\/20-01-26_zvr_zillertalarena_contest____by_gustav_hersmann_0001_lowres\/\" data-orig-file=\"https:\/\/boardgeneration.ch\/wp-content\/uploads\/2020\/09\/20-01-26_zvr_Zillertalarena_Contest____by_Gustav_Hersmann_0001_lowres.jpg\" data-orig-size=\"1600,1066\" data-comments-opened=\"1\" data-image-meta=\"{&quot;aperture&quot;:&quot;10&quot;,&quot;credit&quot;:&quot;&quot;,&quot;camera&quot;:&quot;L1D-20c&quot;,&quot;caption&quot;:&quot;&quot;,&quot;created_timestamp&quot;:&quot;1580033945&quot;,&quot;copyright&quot;:&quot;&quot;,&quot;focal_length&quot;:&quot;10.26&quot;,&quot;iso&quot;:&quot;100&quot;,&quot;shutter_speed&quot;:&quot;0.0041666666666667&quot;,&quot;title&quot;:&quot;&quot;,&quot;orientation&quot;:&quot;0&quot;}\" data-image-title=\"20-01-26_zvr_Zillertalarena_Contest____by_Gustav_Hersmann_0001_lowres\" data-image-description=\"\" data-image-caption=\"\" data-medium-file=\"https:\/\/boardgeneration.ch\/wp-content\/uploads\/2020\/09\/20-01-26_zvr_Zillertalarena_Contest____by_Gustav_Hersmann_0001_lowres-300x200.jpg\" data-large-file=\"https:\/\/boardgeneration.ch\/wp-content\/uploads\/2020\/09\/20-01-26_zvr_Zillertalarena_Contest____by_Gustav_Hersmann_0001_lowres-1024x682.jpg\" src=\"https:\/\/boardgeneration.ch\/wp-content\/uploads\/2020\/09\/20-01-26_zvr_Zillertalarena_Contest____by_Gustav_Hersmann_0001_lowres-1024x682.jpg\" alt=\"\" class=\"wp-image-3190\" srcset=\"https:\/\/boardgeneration.ch\/wp-content\/uploads\/2020\/09\/20-01-26_zvr_Zillertalarena_Contest____by_Gustav_Hersmann_0001_lowres-1024x682.jpg 1024w, https:\/\/boardgeneration.ch\/wp-content\/uploads\/2020\/09\/20-01-26_zvr_Zillertalarena_Contest____by_Gustav_Hersmann_0001_lowres-300x200.jpg 300w, https:\/\/boardgeneration.ch\/wp-content\/uploads\/2020\/09\/20-01-26_zvr_Zillertalarena_Contest____by_Gustav_Hersmann_0001_lowres-768x512.jpg 768w, https:\/\/boardgeneration.ch\/wp-content\/uploads\/2020\/09\/20-01-26_zvr_Zillertalarena_Contest____by_Gustav_Hersmann_0001_lowres-1536x1023.jpg 1536w, https:\/\/boardgeneration.ch\/wp-content\/uploads\/2020\/09\/20-01-26_zvr_Zillertalarena_Contest____by_Gustav_Hersmann_0001_lowres.jpg 1600w\" sizes=\"auto, (max-width: 1024px) 100vw, 1024px\" \/><figcaption><span class=\"media-credit\"><a href=\"http:\/\/gustavhersmann.com\">\u00a9 Gustav Hersmann<\/a><\/span> Concours de l'ar\u00e8ne de Zillertal<\/figcaption><\/figure>\n\n\n\n<p>Au cours des sept derni\u00e8res ann\u00e9es, le Zillertal Snowboard Tour est devenu l'un des principaux \u00e9v\u00e9nements pour les jeunes talents de la sc\u00e8ne europ\u00e9enne du snowboard. \"Avec le Zillertal V\u00c4LLEY R\u00c4LLEY, nous offrons aux jeunes snowboarders un tremplin vers les sports de comp\u00e9tition et les sports professionnels\", explique Steve Gruber, pr\u00e9sident d'\u00c4sthetiker et l\u00e9gende du snowboard. \"La combinaison unique de l'entra\u00eenement et du concours a fait ses preuves au fil des ans. De nombreux jeunes athl\u00e8tes utilisent le Tour pour participer \u00e0 des comp\u00e9titions de niveau international et sont tr\u00e8s motiv\u00e9s pour pousser leur progression personnelle.<\/p>\n\n\n\n<p>Les fans de snowboard peuvent s'attendre \u00e0 un week-end entier d'action dans le Zillertal, aux quatre \u00e9tapes de la tourn\u00e9e. Les snowboards et fixations actuels peuvent \u00eatre lou\u00e9s et test\u00e9s gratuitement au stand de Ride Snowboards. Et tandis que les s\u00e9ances gratuites d'entra\u00eenement de freestyle le jour de la formation permettront aux professionnels du snowboard de travailler de nouvelles figures en petits groupes, les \u00e9toiles montantes et les starlettes europ\u00e9ennes mettront la main \u00e0 la p\u00e2te le jour de la comp\u00e9tition pour impressionner non seulement les juges mais aussi les concurrents et les spectateurs. Dans les quatre concours, il y a des m\u00e9dailles, des prix et des prix en argent \u00e0 gagner. Et tandis que Ride Snowboards fournira de toutes nouvelles planches \u00e0 neige aux gagnants de la premi\u00e8re place, Blue Tomato organisera un \u00e9v\u00e9nement parall\u00e8le et une comp\u00e9tition amusante le jour de l'entra\u00eenement. Horsefeathers fournira de nombreux prix en mat\u00e9riel et une tenue de dessus pour le gagnant du prix du meilleur tour.<br>\u00c0 chaque r\u00e9sultat de concours, les participants accumulent des points dans le classement g\u00e9n\u00e9ral du Zillertal V\u00c4LLEY R\u00c4LLEY. Les vainqueurs du tour seront couronn\u00e9s par la glorieuse famille royale du Zillertal V\u00c4LLEY R\u00c4LLEY 2021 apr\u00e8s la quatri\u00e8me et derni\u00e8re \u00e9tape du tour au glacier d'Hintertux.<\/p>\n\n\n\n<figure class=\"wp-block-image size-large\"><img loading=\"lazy\" decoding=\"async\" width=\"1024\" height=\"683\" data-attachment-id=\"3191\" data-permalink=\"https:\/\/boardgeneration.ch\/fr\/8-zillertal-vaelley-raelley\/190427_zvr_tux_comp_olivie_pouch2_by_matt_mchattie_lowres\/\" data-orig-file=\"https:\/\/boardgeneration.ch\/wp-content\/uploads\/2020\/09\/190427_zvr_tux_comp_olivie_pouch2_by_matt_mchattie_lowres.jpg\" data-orig-size=\"1600,1067\" data-comments-opened=\"1\" data-image-meta=\"{&quot;aperture&quot;:&quot;0&quot;,&quot;credit&quot;:&quot;&quot;,&quot;camera&quot;:&quot;&quot;,&quot;caption&quot;:&quot;&quot;,&quot;created_timestamp&quot;:&quot;0&quot;,&quot;copyright&quot;:&quot;m.mchattie&quot;,&quot;focal_length&quot;:&quot;0&quot;,&quot;iso&quot;:&quot;0&quot;,&quot;shutter_speed&quot;:&quot;0&quot;,&quot;title&quot;:&quot;&quot;,&quot;orientation&quot;:&quot;0&quot;}\" data-image-title=\"190427_zvr_tux_comp_olivie_pouch2_by_matt_mchattie_lowres\" data-image-description=\"\" data-image-caption=\"\" data-medium-file=\"https:\/\/boardgeneration.ch\/wp-content\/uploads\/2020\/09\/190427_zvr_tux_comp_olivie_pouch2_by_matt_mchattie_lowres-300x200.jpg\" data-large-file=\"https:\/\/boardgeneration.ch\/wp-content\/uploads\/2020\/09\/190427_zvr_tux_comp_olivie_pouch2_by_matt_mchattie_lowres-1024x683.jpg\" src=\"https:\/\/boardgeneration.ch\/wp-content\/uploads\/2020\/09\/190427_zvr_tux_comp_olivie_pouch2_by_matt_mchattie_lowres-1024x683.jpg\" alt=\"\" class=\"wp-image-3191\" srcset=\"https:\/\/boardgeneration.ch\/wp-content\/uploads\/2020\/09\/190427_zvr_tux_comp_olivie_pouch2_by_matt_mchattie_lowres-1024x683.jpg 1024w, https:\/\/boardgeneration.ch\/wp-content\/uploads\/2020\/09\/190427_zvr_tux_comp_olivie_pouch2_by_matt_mchattie_lowres-300x200.jpg 300w, https:\/\/boardgeneration.ch\/wp-content\/uploads\/2020\/09\/190427_zvr_tux_comp_olivie_pouch2_by_matt_mchattie_lowres-768x512.jpg 768w, https:\/\/boardgeneration.ch\/wp-content\/uploads\/2020\/09\/190427_zvr_tux_comp_olivie_pouch2_by_matt_mchattie_lowres-1536x1024.jpg 1536w, https:\/\/boardgeneration.ch\/wp-content\/uploads\/2020\/09\/190427_zvr_tux_comp_olivie_pouch2_by_matt_mchattie_lowres.jpg 1600w\" sizes=\"auto, (max-width: 1024px) 100vw, 1024px\" \/><figcaption><span class=\"media-credit\">\u00a9 M. Mchattie<\/span> Tux - Pochette Olivie<\/figcaption><\/figure>\n\n\n\n<p class=\"translation-block\">Pour chaque participation \u00e0 une comp\u00e9tition, des points suppl\u00e9mentaires seront attribu\u00e9s sur la liste mondiale des points de snowboard (WSPL) et les trois premi\u00e8res \u00e9tapes du circuit comptent comme des ASA (Association autrichienne de snowboard) Austriacups. Avec le meilleur classement g\u00e9n\u00e9ral des trois premi\u00e8res \u00e9preuves, le meilleur homme, la meilleure femme et les meilleures recrues (U18) se qualifient pour le Masters Slopestyle autrichien. Les recrues (U18) obtiennent des points au classement mondial des recrues \u00e0 toutes les \u00e9tapes du circuit, ce qui les qualifie pour la finale du World Rookie Tour. Plus d'informations sur <a href=\"http:\/\/www.powdern.com\" target=\"_self\" rel=\"noreferrer noopener\">http:\/\/www.powdern.com<\/a>.<\/p>\n\n\n\n<p>Les esth\u00e9ticiennes sont heureuses d'annoncer les nouvelles dates pour 2020\/2021 :<\/p>\n\n\n\n<ol class=\"wp-block-list\"><li>Arr\u00eat 19-20.12.2020 Hochzillertal-Kaltenbach, premi\u00e8re r\u00e9gion de vacances dans le Zillertal <\/li><li>Arr\u00eat 16 - 17.01.2021 Zillertal Arena <\/li><li>Arr\u00eat 27-28.02.2021 Penken Park Mayrhofen, Mayrhofen-Hippach dans le Zillertal <\/li><li>Arr\u00eat 24-25.04.2021 Glacier d'Hintertux, Betterpark Hintertux, Tux-Finkenberg<\/li><\/ol>\n\n\n\n<p>Apr\u00e8s que la grande finale de l'actuel Zillertal V\u00c4LLEY R\u00c4LLEY 2019\/2020, organis\u00e9e par Blue Tomato &amp; Ride Snowboards, ait \u00e9t\u00e9 report\u00e9e d'avril \u00e0 octobre 2020, tous les yeux sont d\u00e9sormais tourn\u00e9s vers le glacier d'Hintertux. L'inscription pour la derni\u00e8re \u00e9tape de la tourn\u00e9e 2019\/2020, qui aura lieu les 17 et 18 octobre 2020 au Betterpark Hintertux, sera disponible \u00e0 partir du 1er octobre \u00e0 l'adresse <a href=\"http:\/\/www.valleyralley.at\" target=\"_blank\" rel=\"noreferrer noopener\">www.valleyralley.at<\/a> d\u00e9verrouill\u00e9. Il va sans dire que tous les \u00e9v\u00e9nements du Zillertal V\u00c4LLEY R\u00c4LLEY sont r\u00e9alis\u00e9s conform\u00e9ment aux derni\u00e8res mesures de s\u00e9curit\u00e9. D\u00e8s que le nombre maximum de participants sera atteint, l'inscription sera cl\u00f4tur\u00e9e. L'inscription tardive sur place n'est possible que pour le coaching. Pour plus d'informations sur les cat\u00e9gories, les groupes d'\u00e2ge et l'inscription, voir <a href=\"http:\/\/www.valleyralley.at\" target=\"_blank\" rel=\"noreferrer noopener\">www.valleyralley.at<\/a> et <a href=\"http:\/\/www.zillertal.at\/valleyralley\" target=\"_blank\" rel=\"noreferrer noopener\">www.zillertal.at\/valleyralley<\/a>.<\/p>\n\n\n\n<p><strong>A propos du Zillertal :<\/strong><br>Le Zillertal est l'une des destinations de vacances les plus populaires dans les Alpes et est la premi\u00e8re adresse pour les snowboarders en Autriche. Les Zillertal Snowparks sont parmi les meilleurs parcs de freestyle europ\u00e9ens et ont toujours attir\u00e9 les snowboarders du monde entier dans la vall\u00e9e pour s'entra\u00eener. Il y a un grand choix de sauts, de rails et de boxes pour tous les niveaux d'aptitude. Que vous soyez d\u00e9butant en freestyle ou pro du snowboard, dans les Zillertal Snowparks, chacun trouve son terrain de jeu id\u00e9al pour de nouveaux tricks, des sauts et beaucoup de cr\u00e9ativit\u00e9. Plus d'informations sous : <a href=\"http:\/\/www.zillertal.at\" target=\"_blank\" rel=\"noreferrer noopener\">www.zillertal.at<\/a>.<\/p>","protected":false},"excerpt":{"rendered":"<p>Im Dezember 2020 startet die Zillertal V\u00c4LLEY R\u00c4LLEY hosted by Blue Tomato und Ride Snowboards in ihre achte Runde. Alle Jahre wieder lockt die beliebte Snowboard Tour von Dezember bis April viele internationale Snowboarder ins Zillertal. Unter der Federfu\u0308hrung des Snowboardclubs \u201eDie \u00c4sthetiker\u201c werden insgesamt vier Tourstopps, jeweils mit einem Tag Training und Coaching und [&hellip;]<\/p>\n","protected":false},"author":3,"featured_media":3188,"comment_status":"open","ping_status":"open","sticky":false,"template":"","format":"standard","meta":{"_jetpack_memberships_contains_paid_content":false,"footnotes":""},"categories":[168,12],"tags":[30750,30749,27277,27279],"class_list":["post-3185","post","type-post","status-publish","format-standard","has-post-thumbnail","hentry","category-contest","category-event","tag-contest","tag-hintertux","tag-valley-ralley","tag-zillertal"],"yoast_head":"<!-- This site is optimized with the Yoast SEO plugin v26.8 - https:\/\/yoast.com\/product\/yoast-seo-wordpress\/ -->\n<title>8. Zillertal V\u00c4LLEY R\u00c4LLEY - Board Generation<\/title>\n<meta name=\"robots\" content=\"index, follow, max-snippet:-1, max-image-preview:large, max-video-preview:-1\" \/>\n<link rel=\"canonical\" href=\"https:\/\/boardgeneration.ch\/fr\/8-zillertal-vaelley-raelley\/\" \/>\n<meta property=\"og:locale\" content=\"fr_FR\" \/>\n<meta property=\"og:type\" content=\"article\" \/>\n<meta property=\"og:title\" content=\"8. Zillertal V\u00c4LLEY R\u00c4LLEY - Board Generation\" \/>\n<meta property=\"og:description\" content=\"Im Dezember 2020 startet die Zillertal V\u00c4LLEY R\u00c4LLEY hosted by Blue Tomato und Ride Snowboards in ihre achte Runde. Alle Jahre wieder lockt die beliebte Snowboard Tour von Dezember bis April viele internationale Snowboarder ins Zillertal. Unter der Federfu\u0308hrung des Snowboardclubs \u201eDie \u00c4sthetiker\u201c werden insgesamt vier Tourstopps, jeweils mit einem Tag Training und Coaching und [&hellip;]\" \/>\n<meta property=\"og:url\" content=\"https:\/\/boardgeneration.ch\/fr\/8-zillertal-vaelley-raelley\/\" \/>\n<meta property=\"og:site_name\" content=\"Board Generation\" \/>\n<meta property=\"article:publisher\" content=\"https:\/\/www.facebook.com\/boardgeneration.ch\" \/>\n<meta property=\"article:published_time\" content=\"2020-09-03T18:16:29+00:00\" \/>\n<meta property=\"article:modified_time\" content=\"2020-09-03T19:20:59+00:00\" \/>\n<meta property=\"og:image\" content=\"https:\/\/boardgeneration.ch\/wp-content\/uploads\/2020\/09\/20-03-01_zvr_Penken_Park_Contest__Serhii-Sanzhapov__by_Gustav_Hersmann_0124_lowres.jpg\" \/>\n\t<meta property=\"og:image:width\" content=\"1600\" \/>\n\t<meta property=\"og:image:height\" content=\"1067\" \/>\n\t<meta property=\"og:image:type\" content=\"image\/jpeg\" \/>\n<meta name=\"author\" content=\"Pressedienst\" \/>\n<meta name=\"twitter:card\" content=\"summary_large_image\" \/>\n<meta name=\"twitter:creator\" content=\"@boardgen\" \/>\n<meta name=\"twitter:site\" content=\"@boardgen\" \/>\n<meta name=\"twitter:label1\" content=\"\u00c9crit par\" \/>\n\t<meta name=\"twitter:data1\" content=\"Pressedienst\" \/>\n\t<meta name=\"twitter:label2\" content=\"Dur\u00e9e de lecture estim\u00e9e\" \/>\n\t<meta name=\"twitter:data2\" content=\"4 minutes\" \/>\n<script type=\"application\/ld+json\" class=\"yoast-schema-graph\">{\"@context\":\"https:\/\/schema.org\",\"@graph\":[{\"@type\":\"Article\",\"@id\":\"https:\/\/boardgeneration.ch\/en\/8-zillertal-vaelley-raelley\/#article\",\"isPartOf\":{\"@id\":\"https:\/\/boardgeneration.ch\/en\/8-zillertal-vaelley-raelley\/\"},\"author\":{\"name\":\"Pressedienst\",\"@id\":\"https:\/\/boardgeneration.ch\/#\/schema\/person\/4727ac7b918c1fd9879a564a16734f2c\"},\"headline\":\"8. Zillertal V\u00c4LLEY R\u00c4LLEY\",\"datePublished\":\"2020-09-03T18:16:29+00:00\",\"dateModified\":\"2020-09-03T19:20:59+00:00\",\"mainEntityOfPage\":{\"@id\":\"https:\/\/boardgeneration.ch\/en\/8-zillertal-vaelley-raelley\/\"},\"wordCount\":759,\"commentCount\":0,\"publisher\":{\"@id\":\"https:\/\/boardgeneration.ch\/#organization\"},\"image\":{\"@id\":\"https:\/\/boardgeneration.ch\/en\/8-zillertal-vaelley-raelley\/#primaryimage\"},\"thumbnailUrl\":\"https:\/\/boardgeneration.ch\/wp-content\/uploads\/2020\/09\/20-03-01_zvr_Penken_Park_Contest__Serhii-Sanzhapov__by_Gustav_Hersmann_0124_lowres.jpg\",\"keywords\":[\"Contest\",\"Hintertux\",\"V\u00e4lley R\u00e4lley\",\"Zillertal\"],\"articleSection\":[\"contest\",\"event\"],\"inLanguage\":\"fr-FR\",\"potentialAction\":[{\"@type\":\"CommentAction\",\"name\":\"Comment\",\"target\":[\"https:\/\/boardgeneration.ch\/en\/8-zillertal-vaelley-raelley\/#respond\"]}]},{\"@type\":\"WebPage\",\"@id\":\"https:\/\/boardgeneration.ch\/en\/8-zillertal-vaelley-raelley\/\",\"url\":\"https:\/\/boardgeneration.ch\/en\/8-zillertal-vaelley-raelley\/\",\"name\":\"8. Zillertal V\u00c4LLEY R\u00c4LLEY - Board Generation\",\"isPartOf\":{\"@id\":\"https:\/\/boardgeneration.ch\/#website\"},\"primaryImageOfPage\":{\"@id\":\"https:\/\/boardgeneration.ch\/en\/8-zillertal-vaelley-raelley\/#primaryimage\"},\"image\":{\"@id\":\"https:\/\/boardgeneration.ch\/en\/8-zillertal-vaelley-raelley\/#primaryimage\"},\"thumbnailUrl\":\"https:\/\/boardgeneration.ch\/wp-content\/uploads\/2020\/09\/20-03-01_zvr_Penken_Park_Contest__Serhii-Sanzhapov__by_Gustav_Hersmann_0124_lowres.jpg\",\"datePublished\":\"2020-09-03T18:16:29+00:00\",\"dateModified\":\"2020-09-03T19:20:59+00:00\",\"breadcrumb\":{\"@id\":\"https:\/\/boardgeneration.ch\/en\/8-zillertal-vaelley-raelley\/#breadcrumb\"},\"inLanguage\":\"fr-FR\",\"potentialAction\":[{\"@type\":\"ReadAction\",\"target\":[\"https:\/\/boardgeneration.ch\/en\/8-zillertal-vaelley-raelley\/\"]}]},{\"@type\":\"ImageObject\",\"inLanguage\":\"fr-FR\",\"@id\":\"https:\/\/boardgeneration.ch\/en\/8-zillertal-vaelley-raelley\/#primaryimage\",\"url\":\"https:\/\/boardgeneration.ch\/wp-content\/uploads\/2020\/09\/20-03-01_zvr_Penken_Park_Contest__Serhii-Sanzhapov__by_Gustav_Hersmann_0124_lowres.jpg\",\"contentUrl\":\"https:\/\/boardgeneration.ch\/wp-content\/uploads\/2020\/09\/20-03-01_zvr_Penken_Park_Contest__Serhii-Sanzhapov__by_Gustav_Hersmann_0124_lowres.jpg\",\"width\":1600,\"height\":1067,\"caption\":\"Serhii Sanzhapov\"},{\"@type\":\"BreadcrumbList\",\"@id\":\"https:\/\/boardgeneration.ch\/en\/8-zillertal-vaelley-raelley\/#breadcrumb\",\"itemListElement\":[{\"@type\":\"ListItem\",\"position\":1,\"name\":\"Startseite\",\"item\":\"https:\/\/boardgeneration.ch\/\"},{\"@type\":\"ListItem\",\"position\":2,\"name\":\"8. Zillertal V\u00c4LLEY R\u00c4LLEY\"}]},{\"@type\":\"WebSite\",\"@id\":\"https:\/\/boardgeneration.ch\/#website\",\"url\":\"https:\/\/boardgeneration.ch\/\",\"name\":\"board generation\",\"description\":\"Back to the Roots\",\"publisher\":{\"@id\":\"https:\/\/boardgeneration.ch\/#organization\"},\"potentialAction\":[{\"@type\":\"SearchAction\",\"target\":{\"@type\":\"EntryPoint\",\"urlTemplate\":\"https:\/\/boardgeneration.ch\/?s={search_term_string}\"},\"query-input\":{\"@type\":\"PropertyValueSpecification\",\"valueRequired\":true,\"valueName\":\"search_term_string\"}}],\"inLanguage\":\"fr-FR\"},{\"@type\":\"Organization\",\"@id\":\"https:\/\/boardgeneration.ch\/#organization\",\"name\":\"board generation\",\"url\":\"https:\/\/boardgeneration.ch\/\",\"logo\":{\"@type\":\"ImageObject\",\"inLanguage\":\"fr-FR\",\"@id\":\"https:\/\/boardgeneration.ch\/#\/schema\/logo\/image\/\",\"url\":\"https:\/\/boardgeneration.ch\/wp-content\/uploads\/2019\/01\/bg-logo_mit_Text.png\",\"contentUrl\":\"https:\/\/boardgeneration.ch\/wp-content\/uploads\/2019\/01\/bg-logo_mit_Text.png\",\"width\":1040,\"height\":1155,\"caption\":\"board generation\"},\"image\":{\"@id\":\"https:\/\/boardgeneration.ch\/#\/schema\/logo\/image\/\"},\"sameAs\":[\"https:\/\/www.facebook.com\/boardgeneration.ch\",\"https:\/\/x.com\/boardgen\",\"https:\/\/www.instagram.com\/boardgen\/\"]},{\"@type\":\"Person\",\"@id\":\"https:\/\/boardgeneration.ch\/#\/schema\/person\/4727ac7b918c1fd9879a564a16734f2c\",\"name\":\"Pressedienst\",\"image\":{\"@type\":\"ImageObject\",\"inLanguage\":\"fr-FR\",\"@id\":\"https:\/\/boardgeneration.ch\/#\/schema\/person\/image\/\",\"url\":\"https:\/\/boardgeneration.ch\/wp-content\/uploads\/2019\/10\/Pile-of-letters-96x96.jpg\",\"contentUrl\":\"https:\/\/boardgeneration.ch\/wp-content\/uploads\/2019\/10\/Pile-of-letters-96x96.jpg\",\"caption\":\"Pressedienst\"},\"url\":\"https:\/\/boardgeneration.ch\/fr\/author\/pressedienst\/\"}]}<\/script>\n<!-- \/ Yoast SEO plugin. -->","yoast_head_json":{"title":"8. Zillertal V\u00c4LLEY R\u00c4LLEY - Board Generation","robots":{"index":"index","follow":"follow","max-snippet":"max-snippet:-1","max-image-preview":"max-image-preview:large","max-video-preview":"max-video-preview:-1"},"canonical":"https:\/\/boardgeneration.ch\/fr\/8-zillertal-vaelley-raelley\/","og_locale":"fr_FR","og_type":"article","og_title":"8. Zillertal V\u00c4LLEY R\u00c4LLEY - Board Generation","og_description":"Im Dezember 2020 startet die Zillertal V\u00c4LLEY R\u00c4LLEY hosted by Blue Tomato und Ride Snowboards in ihre achte Runde. Alle Jahre wieder lockt die beliebte Snowboard Tour von Dezember bis April viele internationale Snowboarder ins Zillertal. Unter der Federfu\u0308hrung des Snowboardclubs \u201eDie \u00c4sthetiker\u201c werden insgesamt vier Tourstopps, jeweils mit einem Tag Training und Coaching und [&hellip;]","og_url":"https:\/\/boardgeneration.ch\/fr\/8-zillertal-vaelley-raelley\/","og_site_name":"Board Generation","article_publisher":"https:\/\/www.facebook.com\/boardgeneration.ch","article_published_time":"2020-09-03T18:16:29+00:00","article_modified_time":"2020-09-03T19:20:59+00:00","og_image":[{"width":1600,"height":1067,"url":"https:\/\/boardgeneration.ch\/wp-content\/uploads\/2020\/09\/20-03-01_zvr_Penken_Park_Contest__Serhii-Sanzhapov__by_Gustav_Hersmann_0124_lowres.jpg","type":"image\/jpeg"}],"author":"Pressedienst","twitter_card":"summary_large_image","twitter_creator":"@boardgen","twitter_site":"@boardgen","twitter_misc":{"\u00c9crit par":"Pressedienst","Dur\u00e9e de lecture estim\u00e9e":"4 minutes"},"schema":{"@context":"https:\/\/schema.org","@graph":[{"@type":"Article","@id":"https:\/\/boardgeneration.ch\/en\/8-zillertal-vaelley-raelley\/#article","isPartOf":{"@id":"https:\/\/boardgeneration.ch\/en\/8-zillertal-vaelley-raelley\/"},"author":{"name":"Pressedienst","@id":"https:\/\/boardgeneration.ch\/#\/schema\/person\/4727ac7b918c1fd9879a564a16734f2c"},"headline":"8. Zillertal V\u00c4LLEY R\u00c4LLEY","datePublished":"2020-09-03T18:16:29+00:00","dateModified":"2020-09-03T19:20:59+00:00","mainEntityOfPage":{"@id":"https:\/\/boardgeneration.ch\/en\/8-zillertal-vaelley-raelley\/"},"wordCount":759,"commentCount":0,"publisher":{"@id":"https:\/\/boardgeneration.ch\/#organization"},"image":{"@id":"https:\/\/boardgeneration.ch\/en\/8-zillertal-vaelley-raelley\/#primaryimage"},"thumbnailUrl":"https:\/\/boardgeneration.ch\/wp-content\/uploads\/2020\/09\/20-03-01_zvr_Penken_Park_Contest__Serhii-Sanzhapov__by_Gustav_Hersmann_0124_lowres.jpg","keywords":["Contest","Hintertux","V\u00e4lley R\u00e4lley","Zillertal"],"articleSection":["contest","event"],"inLanguage":"fr-FR","potentialAction":[{"@type":"CommentAction","name":"Comment","target":["https:\/\/boardgeneration.ch\/en\/8-zillertal-vaelley-raelley\/#respond"]}]},{"@type":"WebPage","@id":"https:\/\/boardgeneration.ch\/en\/8-zillertal-vaelley-raelley\/","url":"https:\/\/boardgeneration.ch\/en\/8-zillertal-vaelley-raelley\/","name":"8. Zillertal V\u00c4LLEY R\u00c4LLEY - Board Generation","isPartOf":{"@id":"https:\/\/boardgeneration.ch\/#website"},"primaryImageOfPage":{"@id":"https:\/\/boardgeneration.ch\/en\/8-zillertal-vaelley-raelley\/#primaryimage"},"image":{"@id":"https:\/\/boardgeneration.ch\/en\/8-zillertal-vaelley-raelley\/#primaryimage"},"thumbnailUrl":"https:\/\/boardgeneration.ch\/wp-content\/uploads\/2020\/09\/20-03-01_zvr_Penken_Park_Contest__Serhii-Sanzhapov__by_Gustav_Hersmann_0124_lowres.jpg","datePublished":"2020-09-03T18:16:29+00:00","dateModified":"2020-09-03T19:20:59+00:00","breadcrumb":{"@id":"https:\/\/boardgeneration.ch\/en\/8-zillertal-vaelley-raelley\/#breadcrumb"},"inLanguage":"fr-FR","potentialAction":[{"@type":"ReadAction","target":["https:\/\/boardgeneration.ch\/en\/8-zillertal-vaelley-raelley\/"]}]},{"@type":"ImageObject","inLanguage":"fr-FR","@id":"https:\/\/boardgeneration.ch\/en\/8-zillertal-vaelley-raelley\/#primaryimage","url":"https:\/\/boardgeneration.ch\/wp-content\/uploads\/2020\/09\/20-03-01_zvr_Penken_Park_Contest__Serhii-Sanzhapov__by_Gustav_Hersmann_0124_lowres.jpg","contentUrl":"https:\/\/boardgeneration.ch\/wp-content\/uploads\/2020\/09\/20-03-01_zvr_Penken_Park_Contest__Serhii-Sanzhapov__by_Gustav_Hersmann_0124_lowres.jpg","width":1600,"height":1067,"caption":"Serhii Sanzhapov"},{"@type":"BreadcrumbList","@id":"https:\/\/boardgeneration.ch\/en\/8-zillertal-vaelley-raelley\/#breadcrumb","itemListElement":[{"@type":"ListItem","position":1,"name":"Startseite","item":"https:\/\/boardgeneration.ch\/"},{"@type":"ListItem","position":2,"name":"8. Zillertal V\u00c4LLEY R\u00c4LLEY"}]},{"@type":"WebSite","@id":"https:\/\/boardgeneration.ch\/#website","url":"https:\/\/boardgeneration.ch\/","name":"g\u00e9n\u00e9ration de conseils","description":"Retour aux sources","publisher":{"@id":"https:\/\/boardgeneration.ch\/#organization"},"potentialAction":[{"@type":"SearchAction","target":{"@type":"EntryPoint","urlTemplate":"https:\/\/boardgeneration.ch\/?s={search_term_string}"},"query-input":{"@type":"PropertyValueSpecification","valueRequired":true,"valueName":"search_term_string"}}],"inLanguage":"fr-FR"},{"@type":"Organization","@id":"https:\/\/boardgeneration.ch\/#organization","name":"g\u00e9n\u00e9ration de conseils","url":"https:\/\/boardgeneration.ch\/","logo":{"@type":"ImageObject","inLanguage":"fr-FR","@id":"https:\/\/boardgeneration.ch\/#\/schema\/logo\/image\/","url":"https:\/\/boardgeneration.ch\/wp-content\/uploads\/2019\/01\/bg-logo_mit_Text.png","contentUrl":"https:\/\/boardgeneration.ch\/wp-content\/uploads\/2019\/01\/bg-logo_mit_Text.png","width":1040,"height":1155,"caption":"board generation"},"image":{"@id":"https:\/\/boardgeneration.ch\/#\/schema\/logo\/image\/"},"sameAs":["https:\/\/www.facebook.com\/boardgeneration.ch","https:\/\/x.com\/boardgen","https:\/\/www.instagram.com\/boardgen\/"]},{"@type":"Person","@id":"https:\/\/boardgeneration.ch\/#\/schema\/person\/4727ac7b918c1fd9879a564a16734f2c","name":"Service de presse","image":{"@type":"ImageObject","inLanguage":"fr-FR","@id":"https:\/\/boardgeneration.ch\/#\/schema\/person\/image\/","url":"https:\/\/boardgeneration.ch\/wp-content\/uploads\/2019\/10\/Pile-of-letters-96x96.jpg","contentUrl":"https:\/\/boardgeneration.ch\/wp-content\/uploads\/2019\/10\/Pile-of-letters-96x96.jpg","caption":"Pressedienst"},"url":"https:\/\/boardgeneration.ch\/fr\/author\/pressedienst\/"}]}},"jetpack_featured_media_url":"https:\/\/boardgeneration.ch\/wp-content\/uploads\/2020\/09\/20-03-01_zvr_Penken_Park_Contest__Serhii-Sanzhapov__by_Gustav_Hersmann_0124_lowres.jpg","jetpack_sharing_enabled":true,"amp_enabled":true,"_links":{"self":[{"href":"https:\/\/boardgeneration.ch\/fr\/wp-json\/wp\/v2\/posts\/3185","targetHints":{"allow":["GET"]}}],"collection":[{"href":"https:\/\/boardgeneration.ch\/fr\/wp-json\/wp\/v2\/posts"}],"about":[{"href":"https:\/\/boardgeneration.ch\/fr\/wp-json\/wp\/v2\/types\/post"}],"author":[{"embeddable":true,"href":"https:\/\/boardgeneration.ch\/fr\/wp-json\/wp\/v2\/users\/3"}],"replies":[{"embeddable":true,"href":"https:\/\/boardgeneration.ch\/fr\/wp-json\/wp\/v2\/comments?post=3185"}],"version-history":[{"count":3,"href":"https:\/\/boardgeneration.ch\/fr\/wp-json\/wp\/v2\/posts\/3185\/revisions"}],"predecessor-version":[{"id":3193,"href":"https:\/\/boardgeneration.ch\/fr\/wp-json\/wp\/v2\/posts\/3185\/revisions\/3193"}],"wp:featuredmedia":[{"embeddable":true,"href":"https:\/\/boardgeneration.ch\/fr\/wp-json\/wp\/v2\/media\/3188"}],"wp:attachment":[{"href":"https:\/\/boardgeneration.ch\/fr\/wp-json\/wp\/v2\/media?parent=3185"}],"wp:term":[{"taxonomy":"category","embeddable":true,"href":"https:\/\/boardgeneration.ch\/fr\/wp-json\/wp\/v2\/categories?post=3185"},{"taxonomy":"post_tag","embeddable":true,"href":"https:\/\/boardgeneration.ch\/fr\/wp-json\/wp\/v2\/tags?post=3185"}],"curies":[{"name":"wp","href":"https:\/\/api.w.org\/{rel}","templated":true}]}}