{"id":3199,"date":"2020-09-10T17:31:15","date_gmt":"2020-09-10T16:31:15","guid":{"rendered":"https:\/\/boardgeneration.ch\/?p=3199"},"modified":"2020-09-10T17:51:26","modified_gmt":"2020-09-10T16:51:26","slug":"maske-oder-meter","status":"publish","type":"post","link":"https:\/\/boardgeneration.ch\/fr\/maske-oder-meter\/","title":{"rendered":"Masque ou compteur"},"content":{"rendered":"<span class=\"span-reading-time rt-reading-time\" style=\"display: block;\"><span class=\"rt-label rt-prefix\">Le temps de la lecture : <\/span> <span class=\"rt-time\"> 3<\/span> <span class=\"rt-label rt-postfix\">proc\u00e8s-verbal<\/span><\/span>\n<p><strong>L'\u00e9t\u00e9 touche lentement \u00e0 sa fin et il est temps de s'adresser \u00e0 l'\u00e9l\u00e9phant dans la salle : Y aura-t-il une saison d'hiver avec des zones de sports d'hiver ouvertes ou devrons-nous \u00e0 nouveau rester \u00e0 la maison ?<\/strong><\/p>\n\n\n\n<p>Les derni\u00e8res nouvelles en provenance d'Autriche sont qu'ils font tout leur possible pour que les t\u00e9l\u00e9ph\u00e9riques fonctionnent en hiver et que les zones restent ouvertes. Les Suisses cherchent \u00e9galement une solution et veulent la coordonner avec les autres pays alpins. Eh bien, ce qui sera exactement est encore dans les \u00e9toiles, mais comme nous le savons tous, l'espoir meurt en dernier.<\/p>\n\n\n\n<p>Pour avoir une meilleure id\u00e9e de la situation concernant d'\u00e9ventuelles restrictions l'hiver prochain, nous nous sommes rendus \u00e0 Hintertux pour avoir une id\u00e9e de ce que pourrait \u00eatre l'hiver prochain.<\/p>\n\n\n\n<p>En principe, les r\u00e8gles d'embarquement sont les m\u00eames que partout ailleurs : gardez vos distances et si ce n'est pas possible, portez un masque. C'est tr\u00e8s simple. Et non, un chapeau en aluminium ou un pompon ne vous prot\u00e8ge pas...<\/p>\n\n\n\n<div class=\"wp-block-media-text alignwide is-stacked-on-mobile\"><figure class=\"wp-block-media-text__media\"><img loading=\"lazy\" decoding=\"async\" width=\"768\" height=\"1024\" data-attachment-id=\"3202\" data-permalink=\"https:\/\/boardgeneration.ch\/fr\/maske-oder-meter\/img_2812\/\" data-orig-file=\"https:\/\/boardgeneration.ch\/wp-content\/uploads\/2020\/09\/IMG_2812-scaled.jpeg\" data-orig-size=\"1920,2560\" data-comments-opened=\"1\" data-image-meta=\"{&quot;aperture&quot;:&quot;1.8&quot;,&quot;credit&quot;:&quot;&quot;,&quot;camera&quot;:&quot;iPhone XR&quot;,&quot;caption&quot;:&quot;&quot;,&quot;created_timestamp&quot;:&quot;1593249835&quot;,&quot;copyright&quot;:&quot;&quot;,&quot;focal_length&quot;:&quot;4.25&quot;,&quot;iso&quot;:&quot;25&quot;,&quot;shutter_speed&quot;:&quot;0.0052083333333333&quot;,&quot;title&quot;:&quot;&quot;,&quot;orientation&quot;:&quot;1&quot;}\" data-image-title=\"IMG_2812\" data-image-description=\"\" data-image-caption=\"\" data-medium-file=\"https:\/\/boardgeneration.ch\/wp-content\/uploads\/2020\/09\/IMG_2812-225x300.jpeg\" data-large-file=\"https:\/\/boardgeneration.ch\/wp-content\/uploads\/2020\/09\/IMG_2812-768x1024.jpeg\" src=\"https:\/\/boardgeneration.ch\/wp-content\/uploads\/2020\/09\/IMG_2812-768x1024.jpeg\" alt=\"\" class=\"wp-image-3202\" srcset=\"https:\/\/boardgeneration.ch\/wp-content\/uploads\/2020\/09\/IMG_2812-768x1024.jpeg 768w, https:\/\/boardgeneration.ch\/wp-content\/uploads\/2020\/09\/IMG_2812-225x300.jpeg 225w, https:\/\/boardgeneration.ch\/wp-content\/uploads\/2020\/09\/IMG_2812-1152x1536.jpeg 1152w, https:\/\/boardgeneration.ch\/wp-content\/uploads\/2020\/09\/IMG_2812-1536x2048.jpeg 1536w, https:\/\/boardgeneration.ch\/wp-content\/uploads\/2020\/09\/IMG_2812-scaled.jpeg 1920w\" sizes=\"auto, (max-width: 768px) 100vw, 768px\" \/><\/figure><div class=\"wp-block-media-text__content\">\n<p class=\"has-large-font-size\">Les r\u00e8gles \u00e0 Hintertux :<\/p>\n\n\n\n<ol class=\"wp-block-list\"><li>garder une distance<\/li><li>Portez le masque dans les stations de rel\u00e8vement et les gondoles. (Note de la r\u00e9daction : dans les restaurants, ce n'\u00e9tait plus n\u00e9cessaire au d\u00e9but de l'\u00e9t\u00e9, mais cela pourrait revenir tr\u00e8s rapidement \u00e0 mesure que le nombre de cas augmente).<\/li><li>Paiement sans num\u00e9raire (si possible)<\/li><li>Utiliser r\u00e9guli\u00e8rement le distributeur de d\u00e9sinfectant<\/li><li>Une protection solaire suffisante<\/li><li>Profitez-en !<\/li><\/ol>\n<\/div><\/div>\n\n\n\n<div style=\"height:20px\" aria-hidden=\"true\" class=\"wp-block-spacer\"><\/div>\n\n\n\n<h2 class=\"has-medium-font-size wp-block-heading\">Nous y voil\u00e0...<\/h2>\n\n\n\n<p>D\u00e9j\u00e0 aux caisses et dans la file d'attente de la gare de la vall\u00e9e, on pouvait voir que Corona \u00e9tait omnipr\u00e9sente. Gross \u00e9tait \u00e9crit sur le panneau lumineux : Masque ou compteur. Tout le monde devait porter un masque. Un sympathique employ\u00e9 des t\u00e9l\u00e9ph\u00e9riques a distribu\u00e9 gratuitement des masques pour ceux qui n'avaient pas entendu parler de la nouvelle r\u00e9glementation ou pour ceux pour qui il \u00e9tait encore trop t\u00f4t et le niveau de caf\u00e9ine \u00e9tait encore trop bas. Il y avait \u00e9galement suffisamment de d\u00e9sinfectant disponible.<\/p>\n\n\n\n<figure class=\"wp-block-image size-large\"><img loading=\"lazy\" decoding=\"async\" width=\"1024\" height=\"768\" data-attachment-id=\"3208\" data-permalink=\"https:\/\/boardgeneration.ch\/fr\/maske-oder-meter\/img_2807\/\" data-orig-file=\"https:\/\/boardgeneration.ch\/wp-content\/uploads\/2020\/09\/IMG_2807-scaled.jpeg\" data-orig-size=\"2560,1920\" data-comments-opened=\"1\" data-image-meta=\"{&quot;aperture&quot;:&quot;1.8&quot;,&quot;credit&quot;:&quot;&quot;,&quot;camera&quot;:&quot;iPhone XR&quot;,&quot;caption&quot;:&quot;&quot;,&quot;created_timestamp&quot;:&quot;1593247514&quot;,&quot;copyright&quot;:&quot;&quot;,&quot;focal_length&quot;:&quot;4.25&quot;,&quot;iso&quot;:&quot;25&quot;,&quot;shutter_speed&quot;:&quot;0.00072098053352559&quot;,&quot;title&quot;:&quot;&quot;,&quot;orientation&quot;:&quot;1&quot;}\" data-image-title=\"IMG_2807\" data-image-description=\"\" data-image-caption=\"\" data-medium-file=\"https:\/\/boardgeneration.ch\/wp-content\/uploads\/2020\/09\/IMG_2807-300x225.jpeg\" data-large-file=\"https:\/\/boardgeneration.ch\/wp-content\/uploads\/2020\/09\/IMG_2807-1024x768.jpeg\" src=\"https:\/\/boardgeneration.ch\/wp-content\/uploads\/2020\/09\/IMG_2807-1024x768.jpeg\" alt=\"\" class=\"wp-image-3208\" srcset=\"https:\/\/boardgeneration.ch\/wp-content\/uploads\/2020\/09\/IMG_2807-1024x768.jpeg 1024w, https:\/\/boardgeneration.ch\/wp-content\/uploads\/2020\/09\/IMG_2807-300x225.jpeg 300w, https:\/\/boardgeneration.ch\/wp-content\/uploads\/2020\/09\/IMG_2807-768x576.jpeg 768w, https:\/\/boardgeneration.ch\/wp-content\/uploads\/2020\/09\/IMG_2807-1536x1152.jpeg 1536w, https:\/\/boardgeneration.ch\/wp-content\/uploads\/2020\/09\/IMG_2807-2048x1536.jpeg 2048w\" sizes=\"auto, (max-width: 1024px) 100vw, 1024px\" \/><figcaption class=\"translation-block\"><span class=\"media-credit\"><a href=\"https:\/\/boardgeneration.ch\/en\/author\/bg_chef\/\" target=\"_self\">Pascal Kesselmark<\/a> | board generation<\/span><\/figcaption><\/figure>\n\n\n\n<p>Selon l'\u00e9volution de la situation, d'autres stations de ski auront probablement exactement les m\u00eames r\u00e8gles l'hiver prochain. Je me demande si les masques gratuits seront distribu\u00e9s g\u00e9n\u00e9reusement. Comme de nos jours, il faut de toute fa\u00e7on porter un masque partout, chacun devrait en avoir un dans son sac ou dans la voiture.<\/p>\n\n\n\n<h2 class=\"has-medium-font-size wp-block-heading\">...\u00e0 la piste...<\/h2>\n\n\n\n<p>La lumi\u00e8re UV tue les virus et il y en a suffisamment dans les montagnes. Le risque d'infection \u00e0 l'air libre et surtout au soleil est donc tr\u00e8s faible. Ici, \u00e0 Hintertux, aucun masque n'\u00e9tait n\u00e9cessaire. Cela ne d\u00e9rangerait m\u00eame pas en hiver. Un masque en tissu, foulard ou chamois, gardera le visage bien au chaud et au sec.<\/p>\n\n\n\n<div class=\"wp-block-media-text alignwide is-stacked-on-mobile\"><figure class=\"wp-block-media-text__media\"><img loading=\"lazy\" decoding=\"async\" width=\"768\" height=\"1024\" data-attachment-id=\"3214\" data-permalink=\"https:\/\/boardgeneration.ch\/fr\/maske-oder-meter\/img_2811\/\" data-orig-file=\"https:\/\/boardgeneration.ch\/wp-content\/uploads\/2020\/09\/IMG_2811-scaled.jpeg\" data-orig-size=\"1920,2560\" data-comments-opened=\"1\" data-image-meta=\"{&quot;aperture&quot;:&quot;1.8&quot;,&quot;credit&quot;:&quot;&quot;,&quot;camera&quot;:&quot;iPhone XR&quot;,&quot;caption&quot;:&quot;&quot;,&quot;created_timestamp&quot;:&quot;1593247864&quot;,&quot;copyright&quot;:&quot;&quot;,&quot;focal_length&quot;:&quot;4.25&quot;,&quot;iso&quot;:&quot;64&quot;,&quot;shutter_speed&quot;:&quot;0.02&quot;,&quot;title&quot;:&quot;&quot;,&quot;orientation&quot;:&quot;1&quot;}\" data-image-title=\"IMG_2811\" data-image-description=\"\" data-image-caption=\"\" data-medium-file=\"https:\/\/boardgeneration.ch\/wp-content\/uploads\/2020\/09\/IMG_2811-225x300.jpeg\" data-large-file=\"https:\/\/boardgeneration.ch\/wp-content\/uploads\/2020\/09\/IMG_2811-768x1024.jpeg\" src=\"https:\/\/boardgeneration.ch\/wp-content\/uploads\/2020\/09\/IMG_2811-768x1024.jpeg\" alt=\"\" class=\"wp-image-3214\" srcset=\"https:\/\/boardgeneration.ch\/wp-content\/uploads\/2020\/09\/IMG_2811-768x1024.jpeg 768w, https:\/\/boardgeneration.ch\/wp-content\/uploads\/2020\/09\/IMG_2811-225x300.jpeg 225w, https:\/\/boardgeneration.ch\/wp-content\/uploads\/2020\/09\/IMG_2811-1152x1536.jpeg 1152w, https:\/\/boardgeneration.ch\/wp-content\/uploads\/2020\/09\/IMG_2811-1536x2048.jpeg 1536w, https:\/\/boardgeneration.ch\/wp-content\/uploads\/2020\/09\/IMG_2811-scaled.jpeg 1920w\" sizes=\"auto, (max-width: 768px) 100vw, 768px\" \/><\/figure><div class=\"wp-block-media-text__content\">\n<p>\u00c0 Hintertux, il suffisait de porter un masque dans les cabines \"ferm\u00e9es\". Alors l\u00e0, o\u00f9 l'on a d\u00e9fait la planche et o\u00f9 l'on est entr\u00e9 dans la gondole \u00e0 pied. Pas quand on fait la queue \u00e0 l'ascenseur du T-bar. On peut donc supposer que cela ne sera pas non plus n\u00e9cessaire en hiver. Cela devient int\u00e9ressant les jours de grande fr\u00e9quence comme No\u00ebl et P\u00e2ques. Y aura-t-il de nouvelles files d'attente ou le nombre de personnes dans la zone sera-t-il limit\u00e9 ou maintenu \u00e0 une plus grande distance ? C'est exactement ce dont les stations de sports d'hiver discutent actuellement avec les politiciens. On peut \u00eatre curieux.<\/p>\n<\/div><\/div>\n\n\n\n<div style=\"height:20px\" aria-hidden=\"true\" class=\"wp-block-spacer\"><\/div>\n\n\n\n<h2 class=\"has-medium-font-size wp-block-heading\">...et partout ailleurs<\/h2>\n\n\n\n<div class=\"wp-block-media-text alignwide is-stacked-on-mobile\"><figure class=\"wp-block-media-text__media\"><img loading=\"lazy\" decoding=\"async\" width=\"768\" height=\"1024\" data-attachment-id=\"3210\" data-permalink=\"https:\/\/boardgeneration.ch\/fr\/maske-oder-meter\/img_2820-1\/\" data-orig-file=\"https:\/\/boardgeneration.ch\/wp-content\/uploads\/2020\/09\/IMG_2820-1-scaled.jpeg\" data-orig-size=\"1920,2560\" data-comments-opened=\"1\" data-image-meta=\"{&quot;aperture&quot;:&quot;1.8&quot;,&quot;credit&quot;:&quot;&quot;,&quot;camera&quot;:&quot;iPhone XR&quot;,&quot;caption&quot;:&quot;&quot;,&quot;created_timestamp&quot;:&quot;1593263085&quot;,&quot;copyright&quot;:&quot;&quot;,&quot;focal_length&quot;:&quot;4.25&quot;,&quot;iso&quot;:&quot;25&quot;,&quot;shutter_speed&quot;:&quot;0.00078003120124805&quot;,&quot;title&quot;:&quot;&quot;,&quot;orientation&quot;:&quot;1&quot;}\" data-image-title=\"IMG_2820-1\" data-image-description=\"\" data-image-caption=\"\" data-medium-file=\"https:\/\/boardgeneration.ch\/wp-content\/uploads\/2020\/09\/IMG_2820-1-225x300.jpeg\" data-large-file=\"https:\/\/boardgeneration.ch\/wp-content\/uploads\/2020\/09\/IMG_2820-1-768x1024.jpeg\" src=\"https:\/\/boardgeneration.ch\/wp-content\/uploads\/2020\/09\/IMG_2820-1-768x1024.jpeg\" alt=\"\" class=\"wp-image-3210\" srcset=\"https:\/\/boardgeneration.ch\/wp-content\/uploads\/2020\/09\/IMG_2820-1-768x1024.jpeg 768w, https:\/\/boardgeneration.ch\/wp-content\/uploads\/2020\/09\/IMG_2820-1-225x300.jpeg 225w, https:\/\/boardgeneration.ch\/wp-content\/uploads\/2020\/09\/IMG_2820-1-1152x1536.jpeg 1152w, https:\/\/boardgeneration.ch\/wp-content\/uploads\/2020\/09\/IMG_2820-1-1536x2048.jpeg 1536w, https:\/\/boardgeneration.ch\/wp-content\/uploads\/2020\/09\/IMG_2820-1-scaled.jpeg 1920w\" sizes=\"auto, (max-width: 768px) 100vw, 768px\" \/><\/figure><div class=\"wp-block-media-text__content\">\n<p>Au d\u00e9but de l'\u00e9t\u00e9, les mesures de protection \u00e9taient tr\u00e8s profondes. Cela signifie que les clients se d\u00e9pla\u00e7aient dans le restaurant sans masque et que la nourriture \u00e9tait \u00e9galement ramass\u00e9e sans masque dans la zone de libre-service. Seul le personnel, qui faisait la vaisselle et se d\u00e9pla\u00e7ait partout, portait un \u00e9cran facial.<\/p>\n\n\n\n<p>\u00c9tant donn\u00e9 que le nombre de cas est actuellement \u00e0 nouveau en hausse, je pense qu'un ajustement pourrait \u00eatre n\u00e9cessaire. Comme vous le savez d\u00e9j\u00e0 dans les restaurants en Italie : marchez avec un masque jusqu'\u00e0 la table et enlevez ensuite le masque. Et si vous devez aller aux toilettes, vous pouvez le faire avec un masque.<\/p>\n<\/div><\/div>\n\n\n\n<p>L'hiver prochain, lorsque le nombre de cas augmentera \u00e0 nouveau, on peut supposer que l'on devra porter le masque partout dans le restaurant, sauf \u00e0 table. Mais les distances minimales doivent \u00e9galement \u00eatre respect\u00e9es, ce qui signifie que le nombre de places dans les restaurants devrait \u00eatre r\u00e9duit. Cela pourrait encore \u00eatre passionnant. Peut-\u00eatre qu'un casse-cro\u00fbte \u00e0 c\u00f4t\u00e9 des pistes sera \u00e0 nouveau plus attrayant...<\/p>\n\n\n\n<h2 class=\"has-medium-font-size wp-block-heading\">Conclusion<\/h2>\n\n\n\n<p>Actuellement, toutes les stations de ski d'\u00e9t\u00e9 connues sont ouvertes et l'ouverture d'autres est pr\u00e9vue en octobre. Tous respectent scrupuleusement les mesures de protection de la couronne et les renforceront si n\u00e9cessaire. Il est dans l'int\u00e9r\u00eat des r\u00e9gions que la saison d'hiver ait lieu. Et nous (les invit\u00e9s) devons aussi aider ; il ne doit pas y avoir un autre Ischgl cet hiver. Mais cela ne veut pas dire que vous ne pouvez pas vous amuser.<\/p>\n\n\n\n<p>Comme nous exigeons actuellement le port d'un masque dans les transports publics et les entreprises, cela ne sera pas un grand changement pour l'embarquement. Oui, je n'aime pas non plus porter un masque, mais j'\u00e9tais tout aussi r\u00e9ticent \u00e0 avoir une laisse sur ma planche il y a 30 ans. \u00c0 un moment donn\u00e9, la laisse n'\u00e9tait plus un probl\u00e8me, et donc le masque dispara\u00eetra \u00e0 un moment donn\u00e9. L'alternative de ne pas pouvoir embarquer comme l'hiver dernier n'est pas une alternative !<\/p>\n\n\n\n<p><em>Alors : restez calme, portez ce putain de masque et attendez l'hiver avec impatience.<\/em><\/p>","protected":false},"excerpt":{"rendered":"<p>Der Sommer geht langsam zu Ende und es gilt den Elefanten im Raum anzusprechen: Wird es eine Wintersaison mit offenen Wintersportgebieten geben oder werden wir wieder zuhause hocken m\u00fcssen? Aktuell kam aus \u00d6sterreich die Info, dass man alles daran setze, dass die Bahnen im Winter laufen und die Gebiete offen sind. Auch die Schweizer suchen [&hellip;]<\/p>\n","protected":false},"author":1,"featured_media":3200,"comment_status":"open","ping_status":"open","sticky":false,"template":"","format":"standard","meta":{"_jetpack_memberships_contains_paid_content":false,"footnotes":""},"categories":[162,3],"tags":[30884,49,30749,11686],"class_list":["post-3199","post","type-post","status-publish","format-standard","has-post-thumbnail","hentry","category-editorial","category-main-stories","tag-corona","tag-featured","tag-hintertux","tag-snowboard"],"yoast_head":"<!-- This site is optimized with the Yoast SEO plugin v26.8 - https:\/\/yoast.com\/product\/yoast-seo-wordpress\/ -->\n<title>Maske oder Meter - Board Generation<\/title>\n<meta name=\"robots\" content=\"index, follow, max-snippet:-1, max-image-preview:large, max-video-preview:-1\" \/>\n<link rel=\"canonical\" href=\"https:\/\/boardgeneration.ch\/fr\/maske-oder-meter\/\" \/>\n<meta property=\"og:locale\" content=\"fr_FR\" \/>\n<meta property=\"og:type\" content=\"article\" \/>\n<meta property=\"og:title\" content=\"Maske oder Meter - Board Generation\" \/>\n<meta property=\"og:description\" content=\"Der Sommer geht langsam zu Ende und es gilt den Elefanten im Raum anzusprechen: Wird es eine Wintersaison mit offenen Wintersportgebieten geben oder werden wir wieder zuhause hocken m\u00fcssen? Aktuell kam aus \u00d6sterreich die Info, dass man alles daran setze, dass die Bahnen im Winter laufen und die Gebiete offen sind. Auch die Schweizer suchen [&hellip;]\" \/>\n<meta property=\"og:url\" content=\"https:\/\/boardgeneration.ch\/fr\/maske-oder-meter\/\" \/>\n<meta property=\"og:site_name\" content=\"Board Generation\" \/>\n<meta property=\"article:publisher\" content=\"https:\/\/www.facebook.com\/boardgeneration.ch\" \/>\n<meta property=\"article:author\" content=\"https:\/\/www.facebook.com\/kesselmark\" \/>\n<meta property=\"article:published_time\" content=\"2020-09-10T16:31:15+00:00\" \/>\n<meta property=\"article:modified_time\" content=\"2020-09-10T16:51:26+00:00\" \/>\n<meta property=\"og:image\" content=\"https:\/\/boardgeneration.ch\/wp-content\/uploads\/2020\/09\/IMG_2805-scaled.jpeg\" \/>\n\t<meta property=\"og:image:width\" content=\"2560\" \/>\n\t<meta property=\"og:image:height\" content=\"1920\" \/>\n\t<meta property=\"og:image:type\" content=\"image\/jpeg\" \/>\n<meta name=\"author\" content=\"Pascal Kesselmark\" \/>\n<meta name=\"twitter:card\" content=\"summary_large_image\" \/>\n<meta name=\"twitter:creator\" content=\"@boardgen\" \/>\n<meta name=\"twitter:site\" content=\"@boardgen\" \/>\n<meta name=\"twitter:label1\" content=\"\u00c9crit par\" \/>\n\t<meta name=\"twitter:data1\" content=\"Pascal Kesselmark\" \/>\n\t<meta name=\"twitter:label2\" content=\"Dur\u00e9e de lecture estim\u00e9e\" \/>\n\t<meta name=\"twitter:data2\" content=\"4 minutes\" \/>\n<script type=\"application\/ld+json\" class=\"yoast-schema-graph\">{\"@context\":\"https:\/\/schema.org\",\"@graph\":[{\"@type\":\"Article\",\"@id\":\"https:\/\/boardgeneration.ch\/en\/maske-oder-meter\/#article\",\"isPartOf\":{\"@id\":\"https:\/\/boardgeneration.ch\/en\/maske-oder-meter\/\"},\"author\":{\"name\":\"Pascal Kesselmark\",\"@id\":\"https:\/\/boardgeneration.ch\/#\/schema\/person\/31a21bf81c477b3911a751ed3e195acb\"},\"headline\":\"Maske oder Meter\",\"datePublished\":\"2020-09-10T16:31:15+00:00\",\"dateModified\":\"2020-09-10T16:51:26+00:00\",\"mainEntityOfPage\":{\"@id\":\"https:\/\/boardgeneration.ch\/en\/maske-oder-meter\/\"},\"wordCount\":802,\"commentCount\":0,\"publisher\":{\"@id\":\"https:\/\/boardgeneration.ch\/#organization\"},\"image\":{\"@id\":\"https:\/\/boardgeneration.ch\/en\/maske-oder-meter\/#primaryimage\"},\"thumbnailUrl\":\"https:\/\/boardgeneration.ch\/wp-content\/uploads\/2020\/09\/IMG_2805-scaled.jpeg\",\"keywords\":[\"Corona\",\"Featured\",\"Hintertux\",\"Snowboard\"],\"articleSection\":[\"editorial\",\"Main Stories\"],\"inLanguage\":\"fr-FR\",\"potentialAction\":[{\"@type\":\"CommentAction\",\"name\":\"Comment\",\"target\":[\"https:\/\/boardgeneration.ch\/en\/maske-oder-meter\/#respond\"]}]},{\"@type\":\"WebPage\",\"@id\":\"https:\/\/boardgeneration.ch\/en\/maske-oder-meter\/\",\"url\":\"https:\/\/boardgeneration.ch\/en\/maske-oder-meter\/\",\"name\":\"Maske oder Meter - Board Generation\",\"isPartOf\":{\"@id\":\"https:\/\/boardgeneration.ch\/#website\"},\"primaryImageOfPage\":{\"@id\":\"https:\/\/boardgeneration.ch\/en\/maske-oder-meter\/#primaryimage\"},\"image\":{\"@id\":\"https:\/\/boardgeneration.ch\/en\/maske-oder-meter\/#primaryimage\"},\"thumbnailUrl\":\"https:\/\/boardgeneration.ch\/wp-content\/uploads\/2020\/09\/IMG_2805-scaled.jpeg\",\"datePublished\":\"2020-09-10T16:31:15+00:00\",\"dateModified\":\"2020-09-10T16:51:26+00:00\",\"breadcrumb\":{\"@id\":\"https:\/\/boardgeneration.ch\/en\/maske-oder-meter\/#breadcrumb\"},\"inLanguage\":\"fr-FR\",\"potentialAction\":[{\"@type\":\"ReadAction\",\"target\":[\"https:\/\/boardgeneration.ch\/en\/maske-oder-meter\/\"]}]},{\"@type\":\"ImageObject\",\"inLanguage\":\"fr-FR\",\"@id\":\"https:\/\/boardgeneration.ch\/en\/maske-oder-meter\/#primaryimage\",\"url\":\"https:\/\/boardgeneration.ch\/wp-content\/uploads\/2020\/09\/IMG_2805-scaled.jpeg\",\"contentUrl\":\"https:\/\/boardgeneration.ch\/wp-content\/uploads\/2020\/09\/IMG_2805-scaled.jpeg\",\"width\":2560,\"height\":1920},{\"@type\":\"BreadcrumbList\",\"@id\":\"https:\/\/boardgeneration.ch\/en\/maske-oder-meter\/#breadcrumb\",\"itemListElement\":[{\"@type\":\"ListItem\",\"position\":1,\"name\":\"Startseite\",\"item\":\"https:\/\/boardgeneration.ch\/\"},{\"@type\":\"ListItem\",\"position\":2,\"name\":\"Maske oder Meter\"}]},{\"@type\":\"WebSite\",\"@id\":\"https:\/\/boardgeneration.ch\/#website\",\"url\":\"https:\/\/boardgeneration.ch\/\",\"name\":\"board generation\",\"description\":\"Back to the Roots\",\"publisher\":{\"@id\":\"https:\/\/boardgeneration.ch\/#organization\"},\"potentialAction\":[{\"@type\":\"SearchAction\",\"target\":{\"@type\":\"EntryPoint\",\"urlTemplate\":\"https:\/\/boardgeneration.ch\/?s={search_term_string}\"},\"query-input\":{\"@type\":\"PropertyValueSpecification\",\"valueRequired\":true,\"valueName\":\"search_term_string\"}}],\"inLanguage\":\"fr-FR\"},{\"@type\":\"Organization\",\"@id\":\"https:\/\/boardgeneration.ch\/#organization\",\"name\":\"board generation\",\"url\":\"https:\/\/boardgeneration.ch\/\",\"logo\":{\"@type\":\"ImageObject\",\"inLanguage\":\"fr-FR\",\"@id\":\"https:\/\/boardgeneration.ch\/#\/schema\/logo\/image\/\",\"url\":\"https:\/\/boardgeneration.ch\/wp-content\/uploads\/2019\/01\/bg-logo_mit_Text.png\",\"contentUrl\":\"https:\/\/boardgeneration.ch\/wp-content\/uploads\/2019\/01\/bg-logo_mit_Text.png\",\"width\":1040,\"height\":1155,\"caption\":\"board generation\"},\"image\":{\"@id\":\"https:\/\/boardgeneration.ch\/#\/schema\/logo\/image\/\"},\"sameAs\":[\"https:\/\/www.facebook.com\/boardgeneration.ch\",\"https:\/\/x.com\/boardgen\",\"https:\/\/www.instagram.com\/boardgen\/\"]},{\"@type\":\"Person\",\"@id\":\"https:\/\/boardgeneration.ch\/#\/schema\/person\/31a21bf81c477b3911a751ed3e195acb\",\"name\":\"Pascal Kesselmark\",\"image\":{\"@type\":\"ImageObject\",\"inLanguage\":\"fr-FR\",\"@id\":\"https:\/\/boardgeneration.ch\/#\/schema\/person\/image\/\",\"url\":\"https:\/\/secure.gravatar.com\/avatar\/4ee0b1afaef422f3344d618c924eded2?s=96&d=mm&r=g\",\"contentUrl\":\"https:\/\/secure.gravatar.com\/avatar\/4ee0b1afaef422f3344d618c924eded2?s=96&d=mm&r=g\",\"caption\":\"Pascal Kesselmark\"},\"description\":\"Chefredakteur und Snowboarder seit 1985.\",\"sameAs\":[\"https:\/\/www.facebook.com\/kesselmark\"],\"url\":\"https:\/\/boardgeneration.ch\/fr\/author\/bg_chef\/\"}]}<\/script>\n<!-- \/ Yoast SEO plugin. -->","yoast_head_json":{"title":"Maske oder Meter - Board Generation","robots":{"index":"index","follow":"follow","max-snippet":"max-snippet:-1","max-image-preview":"max-image-preview:large","max-video-preview":"max-video-preview:-1"},"canonical":"https:\/\/boardgeneration.ch\/fr\/maske-oder-meter\/","og_locale":"fr_FR","og_type":"article","og_title":"Maske oder Meter - Board Generation","og_description":"Der Sommer geht langsam zu Ende und es gilt den Elefanten im Raum anzusprechen: Wird es eine Wintersaison mit offenen Wintersportgebieten geben oder werden wir wieder zuhause hocken m\u00fcssen? Aktuell kam aus \u00d6sterreich die Info, dass man alles daran setze, dass die Bahnen im Winter laufen und die Gebiete offen sind. Auch die Schweizer suchen [&hellip;]","og_url":"https:\/\/boardgeneration.ch\/fr\/maske-oder-meter\/","og_site_name":"Board Generation","article_publisher":"https:\/\/www.facebook.com\/boardgeneration.ch","article_author":"https:\/\/www.facebook.com\/kesselmark","article_published_time":"2020-09-10T16:31:15+00:00","article_modified_time":"2020-09-10T16:51:26+00:00","og_image":[{"width":2560,"height":1920,"url":"https:\/\/boardgeneration.ch\/wp-content\/uploads\/2020\/09\/IMG_2805-scaled.jpeg","type":"image\/jpeg"}],"author":"Pascal Kesselmark","twitter_card":"summary_large_image","twitter_creator":"@boardgen","twitter_site":"@boardgen","twitter_misc":{"\u00c9crit par":"Pascal Kesselmark","Dur\u00e9e de lecture estim\u00e9e":"4 minutes"},"schema":{"@context":"https:\/\/schema.org","@graph":[{"@type":"Article","@id":"https:\/\/boardgeneration.ch\/en\/maske-oder-meter\/#article","isPartOf":{"@id":"https:\/\/boardgeneration.ch\/en\/maske-oder-meter\/"},"author":{"name":"Pascal Kesselmark","@id":"https:\/\/boardgeneration.ch\/#\/schema\/person\/31a21bf81c477b3911a751ed3e195acb"},"headline":"Maske oder Meter","datePublished":"2020-09-10T16:31:15+00:00","dateModified":"2020-09-10T16:51:26+00:00","mainEntityOfPage":{"@id":"https:\/\/boardgeneration.ch\/en\/maske-oder-meter\/"},"wordCount":802,"commentCount":0,"publisher":{"@id":"https:\/\/boardgeneration.ch\/#organization"},"image":{"@id":"https:\/\/boardgeneration.ch\/en\/maske-oder-meter\/#primaryimage"},"thumbnailUrl":"https:\/\/boardgeneration.ch\/wp-content\/uploads\/2020\/09\/IMG_2805-scaled.jpeg","keywords":["Corona","Featured","Hintertux","Snowboard"],"articleSection":["editorial","Main Stories"],"inLanguage":"fr-FR","potentialAction":[{"@type":"CommentAction","name":"Comment","target":["https:\/\/boardgeneration.ch\/en\/maske-oder-meter\/#respond"]}]},{"@type":"WebPage","@id":"https:\/\/boardgeneration.ch\/en\/maske-oder-meter\/","url":"https:\/\/boardgeneration.ch\/en\/maske-oder-meter\/","name":"Maske oder Meter - Board Generation","isPartOf":{"@id":"https:\/\/boardgeneration.ch\/#website"},"primaryImageOfPage":{"@id":"https:\/\/boardgeneration.ch\/en\/maske-oder-meter\/#primaryimage"},"image":{"@id":"https:\/\/boardgeneration.ch\/en\/maske-oder-meter\/#primaryimage"},"thumbnailUrl":"https:\/\/boardgeneration.ch\/wp-content\/uploads\/2020\/09\/IMG_2805-scaled.jpeg","datePublished":"2020-09-10T16:31:15+00:00","dateModified":"2020-09-10T16:51:26+00:00","breadcrumb":{"@id":"https:\/\/boardgeneration.ch\/en\/maske-oder-meter\/#breadcrumb"},"inLanguage":"fr-FR","potentialAction":[{"@type":"ReadAction","target":["https:\/\/boardgeneration.ch\/en\/maske-oder-meter\/"]}]},{"@type":"ImageObject","inLanguage":"fr-FR","@id":"https:\/\/boardgeneration.ch\/en\/maske-oder-meter\/#primaryimage","url":"https:\/\/boardgeneration.ch\/wp-content\/uploads\/2020\/09\/IMG_2805-scaled.jpeg","contentUrl":"https:\/\/boardgeneration.ch\/wp-content\/uploads\/2020\/09\/IMG_2805-scaled.jpeg","width":2560,"height":1920},{"@type":"BreadcrumbList","@id":"https:\/\/boardgeneration.ch\/en\/maske-oder-meter\/#breadcrumb","itemListElement":[{"@type":"ListItem","position":1,"name":"Startseite","item":"https:\/\/boardgeneration.ch\/"},{"@type":"ListItem","position":2,"name":"Maske oder Meter"}]},{"@type":"WebSite","@id":"https:\/\/boardgeneration.ch\/#website","url":"https:\/\/boardgeneration.ch\/","name":"g\u00e9n\u00e9ration de conseils","description":"Retour aux sources","publisher":{"@id":"https:\/\/boardgeneration.ch\/#organization"},"potentialAction":[{"@type":"SearchAction","target":{"@type":"EntryPoint","urlTemplate":"https:\/\/boardgeneration.ch\/?s={search_term_string}"},"query-input":{"@type":"PropertyValueSpecification","valueRequired":true,"valueName":"search_term_string"}}],"inLanguage":"fr-FR"},{"@type":"Organization","@id":"https:\/\/boardgeneration.ch\/#organization","name":"g\u00e9n\u00e9ration de conseils","url":"https:\/\/boardgeneration.ch\/","logo":{"@type":"ImageObject","inLanguage":"fr-FR","@id":"https:\/\/boardgeneration.ch\/#\/schema\/logo\/image\/","url":"https:\/\/boardgeneration.ch\/wp-content\/uploads\/2019\/01\/bg-logo_mit_Text.png","contentUrl":"https:\/\/boardgeneration.ch\/wp-content\/uploads\/2019\/01\/bg-logo_mit_Text.png","width":1040,"height":1155,"caption":"board generation"},"image":{"@id":"https:\/\/boardgeneration.ch\/#\/schema\/logo\/image\/"},"sameAs":["https:\/\/www.facebook.com\/boardgeneration.ch","https:\/\/x.com\/boardgen","https:\/\/www.instagram.com\/boardgen\/"]},{"@type":"Person","@id":"https:\/\/boardgeneration.ch\/#\/schema\/person\/31a21bf81c477b3911a751ed3e195acb","name":"Pascal Kesselmark","image":{"@type":"ImageObject","inLanguage":"fr-FR","@id":"https:\/\/boardgeneration.ch\/#\/schema\/person\/image\/","url":"https:\/\/secure.gravatar.com\/avatar\/4ee0b1afaef422f3344d618c924eded2?s=96&d=mm&r=g","contentUrl":"https:\/\/secure.gravatar.com\/avatar\/4ee0b1afaef422f3344d618c924eded2?s=96&d=mm&r=g","caption":"Pascal Kesselmark"},"description":"R\u00e9dacteur en chef et snowboarder depuis 1985.","sameAs":["https:\/\/www.facebook.com\/kesselmark"],"url":"https:\/\/boardgeneration.ch\/fr\/author\/bg_chef\/"}]}},"jetpack_featured_media_url":"https:\/\/boardgeneration.ch\/wp-content\/uploads\/2020\/09\/IMG_2805-scaled.jpeg","jetpack_sharing_enabled":true,"amp_enabled":true,"_links":{"self":[{"href":"https:\/\/boardgeneration.ch\/fr\/wp-json\/wp\/v2\/posts\/3199","targetHints":{"allow":["GET"]}}],"collection":[{"href":"https:\/\/boardgeneration.ch\/fr\/wp-json\/wp\/v2\/posts"}],"about":[{"href":"https:\/\/boardgeneration.ch\/fr\/wp-json\/wp\/v2\/types\/post"}],"author":[{"embeddable":true,"href":"https:\/\/boardgeneration.ch\/fr\/wp-json\/wp\/v2\/users\/1"}],"replies":[{"embeddable":true,"href":"https:\/\/boardgeneration.ch\/fr\/wp-json\/wp\/v2\/comments?post=3199"}],"version-history":[{"count":8,"href":"https:\/\/boardgeneration.ch\/fr\/wp-json\/wp\/v2\/posts\/3199\/revisions"}],"predecessor-version":[{"id":3217,"href":"https:\/\/boardgeneration.ch\/fr\/wp-json\/wp\/v2\/posts\/3199\/revisions\/3217"}],"wp:featuredmedia":[{"embeddable":true,"href":"https:\/\/boardgeneration.ch\/fr\/wp-json\/wp\/v2\/media\/3200"}],"wp:attachment":[{"href":"https:\/\/boardgeneration.ch\/fr\/wp-json\/wp\/v2\/media?parent=3199"}],"wp:term":[{"taxonomy":"category","embeddable":true,"href":"https:\/\/boardgeneration.ch\/fr\/wp-json\/wp\/v2\/categories?post=3199"},{"taxonomy":"post_tag","embeddable":true,"href":"https:\/\/boardgeneration.ch\/fr\/wp-json\/wp\/v2\/tags?post=3199"}],"curies":[{"name":"wp","href":"https:\/\/api.w.org\/{rel}","templated":true}]}}