{"id":3218,"date":"2020-09-10T22:42:36","date_gmt":"2020-09-10T21:42:36","guid":{"rendered":"https:\/\/boardgeneration.ch\/?p=3218"},"modified":"2020-09-10T22:59:13","modified_gmt":"2020-09-10T21:59:13","slug":"der-hintertuxer-gletscher-macht-sich-bereit-fuer-das-16-hotzone-tv-park-opening","status":"publish","type":"post","link":"https:\/\/boardgeneration.ch\/fr\/der-hintertuxer-gletscher-macht-sich-bereit-fuer-das-16-hotzone-tv-park-opening\/","title":{"rendered":"Le glacier d'Hintertux se pr\u00e9pare pour la 16e ouverture du parc Hotzone.tv"},"content":{"rendered":"<span class=\"span-reading-time rt-reading-time\" style=\"display: block;\"><span class=\"rt-label rt-prefix\">Le temps de la lecture : <\/span> <span class=\"rt-time\"> 2<\/span> <span class=\"rt-label rt-postfix\">proc\u00e8s-verbal<\/span><\/span>\n<figure class=\"wp-block-embed-youtube wp-block-embed is-type-video is-provider-youtube wp-embed-aspect-16-9 wp-has-aspect-ratio\"><div class=\"wp-block-embed__wrapper\">\n<iframe loading=\"lazy\" title=\"Ouverture du parc Hotzone Hintertux 2020 - Teaser\" width=\"740\" height=\"416\" src=\"https:\/\/www.youtube.com\/embed\/jV5TmBsoEPA?feature=oembed\" frameborder=\"0\" allow=\"accelerometer; autoplay; encrypted-media; gyroscope; picture-in-picture\" allowfullscreen><\/iframe>\n<\/div><\/figure>\n\n\n\n<p class=\"translation-block\">Les conditions d'enneigement actuelles du glacier d'Hintertux promettent un excellent d\u00e9part pour la nouvelle saison hivernale. Excellentes conditions pour l'ouverture <a href=\"\/fr\/Hotzone.tv\/\" target=\"_self\"><strong>Hotzone.tv<\/strong><\/a><strong> Ouverture du parc \u00e0 Hintertux<\/strong>. Le coup d'envoi de la saison de snowboard aura lieu du 1er au 4 octobre 2020 pour la 16e fois dans la Tuxertal.<br>L'attente pour l'hiver prochain est grande et la <a href=\"\/fr\/Hotzone.tv\/\" target=\"_self\">Hotzone.tv<\/a>L'ouverture du parc de Hintertux ouvre traditionnellement la s\u00e9rie des \u00e9v\u00e9nements hivernaux. M\u00eame si Corona signifie que l'accent est mis cette ann\u00e9e uniquement sur les \u00e9v\u00e9nements qui se d\u00e9roulent sur la montagne. Pour les snowboarders, l'accent est mis sur le Betterpark sur le glacier d'Hintertux, ouvert depuis la semaine derni\u00e8re. Wille Kaufmann et son \u00e9quipe (soci\u00e9t\u00e9 betterparks) assureront une mise en place de parc de premi\u00e8re classe, comme chaque automne. Le week-end d'ouverture, d\u00e9but octobre, le pro du snowboard de Zillertal et Tuxer Werni Stock invite \u00e0 la \"Werni Stock Invitational\". Une s\u00e9ance de big air au grand saut pour les professionnels invit\u00e9s, mais aussi pour les amateurs qui veulent s'impliquer. Le concours de rails de combat en m\u00e9tal organis\u00e9 par la SANE ! Le snowboard, qui a \u00e9t\u00e9 pr\u00e9sent\u00e9 avec succ\u00e8s dans la vall\u00e9e l'ann\u00e9e derni\u00e8re, se d\u00e9roule cette fois-ci sur la montagne, \u00e0 proximit\u00e9 de la Tuxer Fernerhaus. Comme d'habitude, l'industrie du snowboard proposera \u00e9galement les derniers \u00e9quipements pour les tests. Les propri\u00e9taires de cartes de neige peuvent \u00eatre heureux, car l'abonnement est valable \u00e0 partir du 1er octobre, juste \u00e0 temps pour le week-end d'ouverture.<\/p>\n\n\n\n<figure class=\"wp-block-image size-large\"><img loading=\"lazy\" decoding=\"async\" width=\"1024\" height=\"683\" data-attachment-id=\"3224\" data-permalink=\"https:\/\/boardgeneration.ch\/fr\/der-hintertuxer-gletscher-macht-sich-bereit-fuer-das-16-hotzone-tv-park-opening\/2019_hotzoneopening_werni_stock_by-monepic\/\" data-orig-file=\"https:\/\/boardgeneration.ch\/wp-content\/uploads\/2020\/09\/2019_Hotzoneopening_Werni_Stock_by-MonEpic-scaled.jpg\" data-orig-size=\"2560,1707\" data-comments-opened=\"1\" data-image-meta=\"{&quot;aperture&quot;:&quot;9&quot;,&quot;credit&quot;:&quot;&quot;,&quot;camera&quot;:&quot;Canon EOS 5D Mark III&quot;,&quot;caption&quot;:&quot;&quot;,&quot;created_timestamp&quot;:&quot;1570105552&quot;,&quot;copyright&quot;:&quot;&quot;,&quot;focal_length&quot;:&quot;24&quot;,&quot;iso&quot;:&quot;100&quot;,&quot;shutter_speed&quot;:&quot;0.0008&quot;,&quot;title&quot;:&quot;&quot;,&quot;orientation&quot;:&quot;0&quot;}\" data-image-title=\"2019_Hotzoneopening_Werni_Stock_by MonEpic\" data-image-description=\"\" data-image-caption=\"&lt;p&gt;Werni Stock&lt;\/p&gt;\" data-medium-file=\"https:\/\/boardgeneration.ch\/wp-content\/uploads\/2020\/09\/2019_Hotzoneopening_Werni_Stock_by-MonEpic-300x200.jpg\" data-large-file=\"https:\/\/boardgeneration.ch\/wp-content\/uploads\/2020\/09\/2019_Hotzoneopening_Werni_Stock_by-MonEpic-1024x683.jpg\" src=\"https:\/\/boardgeneration.ch\/wp-content\/uploads\/2020\/09\/2019_Hotzoneopening_Werni_Stock_by-MonEpic-1024x683.jpg\" alt=\"\" class=\"wp-image-3224\" srcset=\"https:\/\/boardgeneration.ch\/wp-content\/uploads\/2020\/09\/2019_Hotzoneopening_Werni_Stock_by-MonEpic-1024x683.jpg 1024w, https:\/\/boardgeneration.ch\/wp-content\/uploads\/2020\/09\/2019_Hotzoneopening_Werni_Stock_by-MonEpic-300x200.jpg 300w, https:\/\/boardgeneration.ch\/wp-content\/uploads\/2020\/09\/2019_Hotzoneopening_Werni_Stock_by-MonEpic-768x512.jpg 768w, https:\/\/boardgeneration.ch\/wp-content\/uploads\/2020\/09\/2019_Hotzoneopening_Werni_Stock_by-MonEpic-1536x1024.jpg 1536w, https:\/\/boardgeneration.ch\/wp-content\/uploads\/2020\/09\/2019_Hotzoneopening_Werni_Stock_by-MonEpic-2048x1365.jpg 2048w\" sizes=\"auto, (max-width: 1024px) 100vw, 1024px\" \/><figcaption><span class=\"media-credit\">\u00a9 MonEpic<\/span> Werni Stock<\/figcaption><\/figure>\n\n\n\n<p class=\"translation-block\">Comme chaque ann\u00e9e, la soir\u00e9e vid\u00e9o a lieu au Tux-Center. Bien entendu, la r\u00e9partition des places est r\u00e9duite au minimum afin de garantir une soir\u00e9e de premi\u00e8re sans souci. Les bars et pubs de Tux et Hintertux sont ouverts conform\u00e9ment aux exigences actuelles du Covid-19.<br>Les organisateurs mettront bien s\u00fbr en \u0153uvre toutes les mesures Covid-19 applicables dans tous les domaines pour rendre le week-end aussi s\u00fbr et sans souci que possible pour tous les participants. Toutefois, il est \u00e9galement important que chaque visiteur assume sa responsabilit\u00e9 personnelle et apporte sa propre contribution au respect et \u00e0 la mise en \u0153uvre des r\u00e9glementations applicables. En s'entraidant et en respectant la r\u00e9glementation en vigueur, rien ne s'oppose \u00e0 un d\u00e9but d'hiver d\u00e9tendu. Des modifications du programme sont tout \u00e0 fait possibles si de nouvelles r\u00e9glementations Covid-19 sont publi\u00e9es d'ici le d\u00e9but du mois d'octobre.<br>D\u00e9tails et mises \u00e0 jour ainsi que les informations Covid-19 actuelles sur la <a href=\"\/fr\/Hotzone.tv\/\" target=\"_self\">hotzone.tv<\/a> Ouverture du parc 2020 se trouve ici : <a href=\"http:\/\/opening.hotzone.tv\" target=\"_self\">http:\/\/opening.hotzone.tv<\/a> ; <a href=\"http:\/\/hintertuxergletscher.at\" target=\"_self\">hintertuxergletscher.at<\/a><br>Facebook : COPY9<\/a><br>Instagram : @hotzoneopening, #hotzoneopening<br>Accommodations : <a href=\"http:\/\/www.tux.at\" target=\"_self\">www.tux.at<\/a><\/p>","protected":false},"excerpt":{"rendered":"<p>Die derzeitigen Schneebedingungen am Hintertuxer Gletscher versprechen einen tollen Start in die neue Wintersaison. Ausgezeichnete Voraussetzungen f\u00fcr das Hotzone.tv Park Opening in Hintertux. Der Saisonauftakt der Snowboard-Community findet vom vom 1. \u2013 4. Oktober 2020 zum 16. Mal im Tuxertal statt.Die Vorfreude auf den n\u00e4chsten Winter ist gro\u00df, und das Hotzone.tv Park Opening in Hintertux [&hellip;]<\/p>\n","protected":false},"author":3,"featured_media":3220,"comment_status":"open","ping_status":"open","sticky":false,"template":"","format":"video","meta":{"_jetpack_memberships_contains_paid_content":false,"footnotes":""},"categories":[12],"tags":[30900,30897,30899,11686,30901],"class_list":["post-3218","post","type-post","status-publish","format-video","has-post-thumbnail","hentry","category-event","tag-betterpark","tag-hintertuxer-opening","tag-metal-battle-rail-contest","tag-snowboard","tag-werni-stock-invitational","post_format-post-format-video"],"yoast_head":"<!-- This site is optimized with the Yoast SEO plugin v26.8 - https:\/\/yoast.com\/product\/yoast-seo-wordpress\/ -->\n<title>Der Hintertuxer Gletscher macht sich bereit f\u00fcr das 16. Hotzone.tv Park Opening - Board Generation<\/title>\n<meta name=\"robots\" content=\"index, follow, max-snippet:-1, max-image-preview:large, max-video-preview:-1\" \/>\n<link rel=\"canonical\" href=\"https:\/\/boardgeneration.ch\/fr\/der-hintertuxer-gletscher-macht-sich-bereit-fuer-das-16-hotzone-tv-park-opening\/\" \/>\n<meta property=\"og:locale\" content=\"fr_FR\" \/>\n<meta property=\"og:type\" content=\"article\" \/>\n<meta property=\"og:title\" content=\"Der Hintertuxer Gletscher macht sich bereit f\u00fcr das 16. Hotzone.tv Park Opening - Board Generation\" \/>\n<meta property=\"og:description\" content=\"Die derzeitigen Schneebedingungen am Hintertuxer Gletscher versprechen einen tollen Start in die neue Wintersaison. Ausgezeichnete Voraussetzungen f\u00fcr das Hotzone.tv Park Opening in Hintertux. Der Saisonauftakt der Snowboard-Community findet vom vom 1. \u2013 4. Oktober 2020 zum 16. Mal im Tuxertal statt.Die Vorfreude auf den n\u00e4chsten Winter ist gro\u00df, und das Hotzone.tv Park Opening in Hintertux [&hellip;]\" \/>\n<meta property=\"og:url\" content=\"https:\/\/boardgeneration.ch\/fr\/der-hintertuxer-gletscher-macht-sich-bereit-fuer-das-16-hotzone-tv-park-opening\/\" \/>\n<meta property=\"og:site_name\" content=\"Board Generation\" \/>\n<meta property=\"article:publisher\" content=\"https:\/\/www.facebook.com\/boardgeneration.ch\" \/>\n<meta property=\"article:published_time\" content=\"2020-09-10T21:42:36+00:00\" \/>\n<meta property=\"article:modified_time\" content=\"2020-09-10T21:59:13+00:00\" \/>\n<meta property=\"og:image\" content=\"https:\/\/boardgeneration.ch\/wp-content\/uploads\/2020\/09\/ZGB_Park-Opening_Plakat_A1_2020_LY02_WEB-scaled.jpg\" \/>\n\t<meta property=\"og:image:width\" content=\"1810\" \/>\n\t<meta property=\"og:image:height\" content=\"2560\" \/>\n\t<meta property=\"og:image:type\" content=\"image\/jpeg\" \/>\n<meta name=\"author\" content=\"Pressedienst\" \/>\n<meta name=\"twitter:card\" content=\"summary_large_image\" \/>\n<meta name=\"twitter:creator\" content=\"@boardgen\" \/>\n<meta name=\"twitter:site\" content=\"@boardgen\" \/>\n<meta name=\"twitter:label1\" content=\"\u00c9crit par\" \/>\n\t<meta name=\"twitter:data1\" content=\"Pressedienst\" \/>\n\t<meta name=\"twitter:label2\" content=\"Dur\u00e9e de lecture estim\u00e9e\" \/>\n\t<meta name=\"twitter:data2\" content=\"2 minutes\" \/>\n<script type=\"application\/ld+json\" class=\"yoast-schema-graph\">{\"@context\":\"https:\/\/schema.org\",\"@graph\":[{\"@type\":\"Article\",\"@id\":\"https:\/\/boardgeneration.ch\/en\/der-hintertuxer-gletscher-macht-sich-bereit-fuer-das-16-hotzone-tv-park-opening\/#article\",\"isPartOf\":{\"@id\":\"https:\/\/boardgeneration.ch\/en\/der-hintertuxer-gletscher-macht-sich-bereit-fuer-das-16-hotzone-tv-park-opening\/\"},\"author\":{\"name\":\"Pressedienst\",\"@id\":\"https:\/\/boardgeneration.ch\/#\/schema\/person\/4727ac7b918c1fd9879a564a16734f2c\"},\"headline\":\"Der Hintertuxer Gletscher macht sich bereit f\u00fcr das 16. Hotzone.tv Park Opening\",\"datePublished\":\"2020-09-10T21:42:36+00:00\",\"dateModified\":\"2020-09-10T21:59:13+00:00\",\"mainEntityOfPage\":{\"@id\":\"https:\/\/boardgeneration.ch\/en\/der-hintertuxer-gletscher-macht-sich-bereit-fuer-das-16-hotzone-tv-park-opening\/\"},\"wordCount\":386,\"commentCount\":0,\"publisher\":{\"@id\":\"https:\/\/boardgeneration.ch\/#organization\"},\"image\":{\"@id\":\"https:\/\/boardgeneration.ch\/en\/der-hintertuxer-gletscher-macht-sich-bereit-fuer-das-16-hotzone-tv-park-opening\/#primaryimage\"},\"thumbnailUrl\":\"https:\/\/boardgeneration.ch\/wp-content\/uploads\/2020\/09\/ZGB_Park-Opening_Plakat_A1_2020_LY02_WEB-scaled.jpg\",\"keywords\":[\"Betterpark\",\"Hintertuxer Opening\",\"Metal Battle Rail Contest\",\"Snowboard\",\"Werni Stock Invitational\"],\"articleSection\":[\"event\"],\"inLanguage\":\"fr-FR\",\"potentialAction\":[{\"@type\":\"CommentAction\",\"name\":\"Comment\",\"target\":[\"https:\/\/boardgeneration.ch\/en\/der-hintertuxer-gletscher-macht-sich-bereit-fuer-das-16-hotzone-tv-park-opening\/#respond\"]}]},{\"@type\":\"WebPage\",\"@id\":\"https:\/\/boardgeneration.ch\/en\/der-hintertuxer-gletscher-macht-sich-bereit-fuer-das-16-hotzone-tv-park-opening\/\",\"url\":\"https:\/\/boardgeneration.ch\/en\/der-hintertuxer-gletscher-macht-sich-bereit-fuer-das-16-hotzone-tv-park-opening\/\",\"name\":\"Der Hintertuxer Gletscher macht sich bereit f\u00fcr das 16. Hotzone.tv Park Opening - Board Generation\",\"isPartOf\":{\"@id\":\"https:\/\/boardgeneration.ch\/#website\"},\"primaryImageOfPage\":{\"@id\":\"https:\/\/boardgeneration.ch\/en\/der-hintertuxer-gletscher-macht-sich-bereit-fuer-das-16-hotzone-tv-park-opening\/#primaryimage\"},\"image\":{\"@id\":\"https:\/\/boardgeneration.ch\/en\/der-hintertuxer-gletscher-macht-sich-bereit-fuer-das-16-hotzone-tv-park-opening\/#primaryimage\"},\"thumbnailUrl\":\"https:\/\/boardgeneration.ch\/wp-content\/uploads\/2020\/09\/ZGB_Park-Opening_Plakat_A1_2020_LY02_WEB-scaled.jpg\",\"datePublished\":\"2020-09-10T21:42:36+00:00\",\"dateModified\":\"2020-09-10T21:59:13+00:00\",\"breadcrumb\":{\"@id\":\"https:\/\/boardgeneration.ch\/en\/der-hintertuxer-gletscher-macht-sich-bereit-fuer-das-16-hotzone-tv-park-opening\/#breadcrumb\"},\"inLanguage\":\"fr-FR\",\"potentialAction\":[{\"@type\":\"ReadAction\",\"target\":[\"https:\/\/boardgeneration.ch\/en\/der-hintertuxer-gletscher-macht-sich-bereit-fuer-das-16-hotzone-tv-park-opening\/\"]}]},{\"@type\":\"ImageObject\",\"inLanguage\":\"fr-FR\",\"@id\":\"https:\/\/boardgeneration.ch\/en\/der-hintertuxer-gletscher-macht-sich-bereit-fuer-das-16-hotzone-tv-park-opening\/#primaryimage\",\"url\":\"https:\/\/boardgeneration.ch\/wp-content\/uploads\/2020\/09\/ZGB_Park-Opening_Plakat_A1_2020_LY02_WEB-scaled.jpg\",\"contentUrl\":\"https:\/\/boardgeneration.ch\/wp-content\/uploads\/2020\/09\/ZGB_Park-Opening_Plakat_A1_2020_LY02_WEB-scaled.jpg\",\"width\":1810,\"height\":2560},{\"@type\":\"BreadcrumbList\",\"@id\":\"https:\/\/boardgeneration.ch\/en\/der-hintertuxer-gletscher-macht-sich-bereit-fuer-das-16-hotzone-tv-park-opening\/#breadcrumb\",\"itemListElement\":[{\"@type\":\"ListItem\",\"position\":1,\"name\":\"Startseite\",\"item\":\"https:\/\/boardgeneration.ch\/\"},{\"@type\":\"ListItem\",\"position\":2,\"name\":\"Der Hintertuxer Gletscher macht sich bereit f\u00fcr das 16. Hotzone.tv Park Opening\"}]},{\"@type\":\"WebSite\",\"@id\":\"https:\/\/boardgeneration.ch\/#website\",\"url\":\"https:\/\/boardgeneration.ch\/\",\"name\":\"board generation\",\"description\":\"Back to the Roots\",\"publisher\":{\"@id\":\"https:\/\/boardgeneration.ch\/#organization\"},\"potentialAction\":[{\"@type\":\"SearchAction\",\"target\":{\"@type\":\"EntryPoint\",\"urlTemplate\":\"https:\/\/boardgeneration.ch\/?s={search_term_string}\"},\"query-input\":{\"@type\":\"PropertyValueSpecification\",\"valueRequired\":true,\"valueName\":\"search_term_string\"}}],\"inLanguage\":\"fr-FR\"},{\"@type\":\"Organization\",\"@id\":\"https:\/\/boardgeneration.ch\/#organization\",\"name\":\"board generation\",\"url\":\"https:\/\/boardgeneration.ch\/\",\"logo\":{\"@type\":\"ImageObject\",\"inLanguage\":\"fr-FR\",\"@id\":\"https:\/\/boardgeneration.ch\/#\/schema\/logo\/image\/\",\"url\":\"https:\/\/boardgeneration.ch\/wp-content\/uploads\/2019\/01\/bg-logo_mit_Text.png\",\"contentUrl\":\"https:\/\/boardgeneration.ch\/wp-content\/uploads\/2019\/01\/bg-logo_mit_Text.png\",\"width\":1040,\"height\":1155,\"caption\":\"board generation\"},\"image\":{\"@id\":\"https:\/\/boardgeneration.ch\/#\/schema\/logo\/image\/\"},\"sameAs\":[\"https:\/\/www.facebook.com\/boardgeneration.ch\",\"https:\/\/x.com\/boardgen\",\"https:\/\/www.instagram.com\/boardgen\/\"]},{\"@type\":\"Person\",\"@id\":\"https:\/\/boardgeneration.ch\/#\/schema\/person\/4727ac7b918c1fd9879a564a16734f2c\",\"name\":\"Pressedienst\",\"image\":{\"@type\":\"ImageObject\",\"inLanguage\":\"fr-FR\",\"@id\":\"https:\/\/boardgeneration.ch\/#\/schema\/person\/image\/\",\"url\":\"https:\/\/boardgeneration.ch\/wp-content\/uploads\/2019\/10\/Pile-of-letters-96x96.jpg\",\"contentUrl\":\"https:\/\/boardgeneration.ch\/wp-content\/uploads\/2019\/10\/Pile-of-letters-96x96.jpg\",\"caption\":\"Pressedienst\"},\"url\":\"https:\/\/boardgeneration.ch\/fr\/author\/pressedienst\/\"}]}<\/script>\n<!-- \/ Yoast SEO plugin. -->","yoast_head_json":{"title":"Der Hintertuxer Gletscher macht sich bereit f\u00fcr das 16. Hotzone.tv Park Opening - Board Generation","robots":{"index":"index","follow":"follow","max-snippet":"max-snippet:-1","max-image-preview":"max-image-preview:large","max-video-preview":"max-video-preview:-1"},"canonical":"https:\/\/boardgeneration.ch\/fr\/der-hintertuxer-gletscher-macht-sich-bereit-fuer-das-16-hotzone-tv-park-opening\/","og_locale":"fr_FR","og_type":"article","og_title":"Der Hintertuxer Gletscher macht sich bereit f\u00fcr das 16. Hotzone.tv Park Opening - Board Generation","og_description":"Die derzeitigen Schneebedingungen am Hintertuxer Gletscher versprechen einen tollen Start in die neue Wintersaison. Ausgezeichnete Voraussetzungen f\u00fcr das Hotzone.tv Park Opening in Hintertux. Der Saisonauftakt der Snowboard-Community findet vom vom 1. \u2013 4. Oktober 2020 zum 16. Mal im Tuxertal statt.Die Vorfreude auf den n\u00e4chsten Winter ist gro\u00df, und das Hotzone.tv Park Opening in Hintertux [&hellip;]","og_url":"https:\/\/boardgeneration.ch\/fr\/der-hintertuxer-gletscher-macht-sich-bereit-fuer-das-16-hotzone-tv-park-opening\/","og_site_name":"Board Generation","article_publisher":"https:\/\/www.facebook.com\/boardgeneration.ch","article_published_time":"2020-09-10T21:42:36+00:00","article_modified_time":"2020-09-10T21:59:13+00:00","og_image":[{"width":1810,"height":2560,"url":"https:\/\/boardgeneration.ch\/wp-content\/uploads\/2020\/09\/ZGB_Park-Opening_Plakat_A1_2020_LY02_WEB-scaled.jpg","type":"image\/jpeg"}],"author":"Pressedienst","twitter_card":"summary_large_image","twitter_creator":"@boardgen","twitter_site":"@boardgen","twitter_misc":{"\u00c9crit par":"Pressedienst","Dur\u00e9e de lecture estim\u00e9e":"2 minutes"},"schema":{"@context":"https:\/\/schema.org","@graph":[{"@type":"Article","@id":"https:\/\/boardgeneration.ch\/en\/der-hintertuxer-gletscher-macht-sich-bereit-fuer-das-16-hotzone-tv-park-opening\/#article","isPartOf":{"@id":"https:\/\/boardgeneration.ch\/en\/der-hintertuxer-gletscher-macht-sich-bereit-fuer-das-16-hotzone-tv-park-opening\/"},"author":{"name":"Pressedienst","@id":"https:\/\/boardgeneration.ch\/#\/schema\/person\/4727ac7b918c1fd9879a564a16734f2c"},"headline":"Der Hintertuxer Gletscher macht sich bereit f\u00fcr das 16. Hotzone.tv Park Opening","datePublished":"2020-09-10T21:42:36+00:00","dateModified":"2020-09-10T21:59:13+00:00","mainEntityOfPage":{"@id":"https:\/\/boardgeneration.ch\/en\/der-hintertuxer-gletscher-macht-sich-bereit-fuer-das-16-hotzone-tv-park-opening\/"},"wordCount":386,"commentCount":0,"publisher":{"@id":"https:\/\/boardgeneration.ch\/#organization"},"image":{"@id":"https:\/\/boardgeneration.ch\/en\/der-hintertuxer-gletscher-macht-sich-bereit-fuer-das-16-hotzone-tv-park-opening\/#primaryimage"},"thumbnailUrl":"https:\/\/boardgeneration.ch\/wp-content\/uploads\/2020\/09\/ZGB_Park-Opening_Plakat_A1_2020_LY02_WEB-scaled.jpg","keywords":["Betterpark","Hintertuxer Opening","Metal Battle Rail Contest","Snowboard","Werni Stock Invitational"],"articleSection":["event"],"inLanguage":"fr-FR","potentialAction":[{"@type":"CommentAction","name":"Comment","target":["https:\/\/boardgeneration.ch\/en\/der-hintertuxer-gletscher-macht-sich-bereit-fuer-das-16-hotzone-tv-park-opening\/#respond"]}]},{"@type":"WebPage","@id":"https:\/\/boardgeneration.ch\/en\/der-hintertuxer-gletscher-macht-sich-bereit-fuer-das-16-hotzone-tv-park-opening\/","url":"https:\/\/boardgeneration.ch\/en\/der-hintertuxer-gletscher-macht-sich-bereit-fuer-das-16-hotzone-tv-park-opening\/","name":"Der Hintertuxer Gletscher macht sich bereit f\u00fcr das 16. Hotzone.tv Park Opening - Board Generation","isPartOf":{"@id":"https:\/\/boardgeneration.ch\/#website"},"primaryImageOfPage":{"@id":"https:\/\/boardgeneration.ch\/en\/der-hintertuxer-gletscher-macht-sich-bereit-fuer-das-16-hotzone-tv-park-opening\/#primaryimage"},"image":{"@id":"https:\/\/boardgeneration.ch\/en\/der-hintertuxer-gletscher-macht-sich-bereit-fuer-das-16-hotzone-tv-park-opening\/#primaryimage"},"thumbnailUrl":"https:\/\/boardgeneration.ch\/wp-content\/uploads\/2020\/09\/ZGB_Park-Opening_Plakat_A1_2020_LY02_WEB-scaled.jpg","datePublished":"2020-09-10T21:42:36+00:00","dateModified":"2020-09-10T21:59:13+00:00","breadcrumb":{"@id":"https:\/\/boardgeneration.ch\/en\/der-hintertuxer-gletscher-macht-sich-bereit-fuer-das-16-hotzone-tv-park-opening\/#breadcrumb"},"inLanguage":"fr-FR","potentialAction":[{"@type":"ReadAction","target":["https:\/\/boardgeneration.ch\/en\/der-hintertuxer-gletscher-macht-sich-bereit-fuer-das-16-hotzone-tv-park-opening\/"]}]},{"@type":"ImageObject","inLanguage":"fr-FR","@id":"https:\/\/boardgeneration.ch\/en\/der-hintertuxer-gletscher-macht-sich-bereit-fuer-das-16-hotzone-tv-park-opening\/#primaryimage","url":"https:\/\/boardgeneration.ch\/wp-content\/uploads\/2020\/09\/ZGB_Park-Opening_Plakat_A1_2020_LY02_WEB-scaled.jpg","contentUrl":"https:\/\/boardgeneration.ch\/wp-content\/uploads\/2020\/09\/ZGB_Park-Opening_Plakat_A1_2020_LY02_WEB-scaled.jpg","width":1810,"height":2560},{"@type":"BreadcrumbList","@id":"https:\/\/boardgeneration.ch\/en\/der-hintertuxer-gletscher-macht-sich-bereit-fuer-das-16-hotzone-tv-park-opening\/#breadcrumb","itemListElement":[{"@type":"ListItem","position":1,"name":"Startseite","item":"https:\/\/boardgeneration.ch\/"},{"@type":"ListItem","position":2,"name":"Der Hintertuxer Gletscher macht sich bereit f\u00fcr das 16. Hotzone.tv Park Opening"}]},{"@type":"WebSite","@id":"https:\/\/boardgeneration.ch\/#website","url":"https:\/\/boardgeneration.ch\/","name":"g\u00e9n\u00e9ration de conseils","description":"Retour aux sources","publisher":{"@id":"https:\/\/boardgeneration.ch\/#organization"},"potentialAction":[{"@type":"SearchAction","target":{"@type":"EntryPoint","urlTemplate":"https:\/\/boardgeneration.ch\/?s={search_term_string}"},"query-input":{"@type":"PropertyValueSpecification","valueRequired":true,"valueName":"search_term_string"}}],"inLanguage":"fr-FR"},{"@type":"Organization","@id":"https:\/\/boardgeneration.ch\/#organization","name":"g\u00e9n\u00e9ration de conseils","url":"https:\/\/boardgeneration.ch\/","logo":{"@type":"ImageObject","inLanguage":"fr-FR","@id":"https:\/\/boardgeneration.ch\/#\/schema\/logo\/image\/","url":"https:\/\/boardgeneration.ch\/wp-content\/uploads\/2019\/01\/bg-logo_mit_Text.png","contentUrl":"https:\/\/boardgeneration.ch\/wp-content\/uploads\/2019\/01\/bg-logo_mit_Text.png","width":1040,"height":1155,"caption":"board generation"},"image":{"@id":"https:\/\/boardgeneration.ch\/#\/schema\/logo\/image\/"},"sameAs":["https:\/\/www.facebook.com\/boardgeneration.ch","https:\/\/x.com\/boardgen","https:\/\/www.instagram.com\/boardgen\/"]},{"@type":"Person","@id":"https:\/\/boardgeneration.ch\/#\/schema\/person\/4727ac7b918c1fd9879a564a16734f2c","name":"Service de presse","image":{"@type":"ImageObject","inLanguage":"fr-FR","@id":"https:\/\/boardgeneration.ch\/#\/schema\/person\/image\/","url":"https:\/\/boardgeneration.ch\/wp-content\/uploads\/2019\/10\/Pile-of-letters-96x96.jpg","contentUrl":"https:\/\/boardgeneration.ch\/wp-content\/uploads\/2019\/10\/Pile-of-letters-96x96.jpg","caption":"Pressedienst"},"url":"https:\/\/boardgeneration.ch\/fr\/author\/pressedienst\/"}]}},"jetpack_featured_media_url":"https:\/\/boardgeneration.ch\/wp-content\/uploads\/2020\/09\/ZGB_Park-Opening_Plakat_A1_2020_LY02_WEB-scaled.jpg","jetpack_sharing_enabled":true,"amp_enabled":true,"_links":{"self":[{"href":"https:\/\/boardgeneration.ch\/fr\/wp-json\/wp\/v2\/posts\/3218","targetHints":{"allow":["GET"]}}],"collection":[{"href":"https:\/\/boardgeneration.ch\/fr\/wp-json\/wp\/v2\/posts"}],"about":[{"href":"https:\/\/boardgeneration.ch\/fr\/wp-json\/wp\/v2\/types\/post"}],"author":[{"embeddable":true,"href":"https:\/\/boardgeneration.ch\/fr\/wp-json\/wp\/v2\/users\/3"}],"replies":[{"embeddable":true,"href":"https:\/\/boardgeneration.ch\/fr\/wp-json\/wp\/v2\/comments?post=3218"}],"version-history":[{"count":3,"href":"https:\/\/boardgeneration.ch\/fr\/wp-json\/wp\/v2\/posts\/3218\/revisions"}],"predecessor-version":[{"id":3226,"href":"https:\/\/boardgeneration.ch\/fr\/wp-json\/wp\/v2\/posts\/3218\/revisions\/3226"}],"wp:featuredmedia":[{"embeddable":true,"href":"https:\/\/boardgeneration.ch\/fr\/wp-json\/wp\/v2\/media\/3220"}],"wp:attachment":[{"href":"https:\/\/boardgeneration.ch\/fr\/wp-json\/wp\/v2\/media?parent=3218"}],"wp:term":[{"taxonomy":"category","embeddable":true,"href":"https:\/\/boardgeneration.ch\/fr\/wp-json\/wp\/v2\/categories?post=3218"},{"taxonomy":"post_tag","embeddable":true,"href":"https:\/\/boardgeneration.ch\/fr\/wp-json\/wp\/v2\/tags?post=3218"}],"curies":[{"name":"wp","href":"https:\/\/api.w.org\/{rel}","templated":true}]}}