{"id":3257,"date":"2020-09-18T13:05:50","date_gmt":"2020-09-18T12:05:50","guid":{"rendered":"https:\/\/boardgeneration.ch\/?p=3257"},"modified":"2020-09-28T19:53:37","modified_gmt":"2020-09-28T18:53:37","slug":"freeride-filmfestival-2020-07-29-11-in-at-de-ch-und-it","status":"publish","type":"post","link":"https:\/\/boardgeneration.ch\/fr\/freeride-filmfestival-2020-07-29-11-in-at-de-ch-und-it\/","title":{"rendered":"FESTIVAL DU FILM FREERIDE 2020 | 07.-29.11 en AT, DE, CH et IT"},"content":{"rendered":"<span class=\"span-reading-time rt-reading-time\" style=\"display: block;\"><span class=\"rt-label rt-prefix\">Le temps de la lecture : <\/span> <span class=\"rt-time\"> 5<\/span> <span class=\"rt-label rt-postfix\">proc\u00e8s-verbal<\/span><\/span>\n<p><strong>Le 11\u00e8me Freeride Filmfestival est d\u00e9di\u00e9 \u00e0 la beaut\u00e9 \u00e0 votre porte - dans plus de pays que jamais auparavant : \"shred@home &amp; film@home\", mais pas seulement parce que tout le monde a \u00e9t\u00e9 oblig\u00e9 de le faire au printemps 2020 !<\/strong><\/p>\n\n\n\n<figure class=\"wp-block-embed-youtube wp-block-embed is-type-video is-provider-youtube wp-embed-aspect-16-9 wp-has-aspect-ratio\"><div class=\"wp-block-embed__wrapper\">\n<iframe loading=\"lazy\" title=\"FFF20 Bande-annonce officielle\" width=\"740\" height=\"416\" src=\"https:\/\/www.youtube.com\/embed\/qzQIR2I9Wdg?feature=oembed\" frameborder=\"0\" allow=\"accelerometer; autoplay; clipboard-write; encrypted-media; gyroscope; picture-in-picture\" allowfullscreen><\/iframe>\n<\/div><\/figure>\n\n\n\n<p><strong><em>2020 est une ann\u00e9e tr\u00e8s sp\u00e9ciale pour le Freeride Filmfestival (FFF) - et cela concerne plusieurs aspects \u00e0 la fois. Tout d'abord, la s\u00e9lection de films est plus internationale que jamais et en m\u00eame temps ancr\u00e9e localement. Deuxi\u00e8mement, c'est exactement dans le sens de la durabilit\u00e9 du festival. Troisi\u00e8mement, la tourn\u00e9e nous m\u00e8nera pour la premi\u00e8re fois en Italie, aux c\u00f4t\u00e9s de l'Autriche, de l'Allemagne et de la Suisse. Quatri\u00e8mement, non seulement les visiteurs du FFF* ont pris l'habitude de s'occuper du virus corona, mais les organisateurs sont \u00e9galement conscients de la grande responsabilit\u00e9 qui leur incombe. Cinqui\u00e8mement, cette ann\u00e9e, pour la premi\u00e8re fois, le potentiel de la nouvelle coop\u00e9ration avec l'ABS\/PYUA sera pleinement utilis\u00e9.<\/em><\/strong><\/p>\n\n\n\n<p>L'ann\u00e9e a \u00e9t\u00e9 difficile et quelque peu \u00e9trange. Les deux Master Minds du Freeride Filmfestival (FFF) sont d'accord sur ce point. Mais Volker H\u00f6lzl et Harry Putz n'ont jamais dout\u00e9 qu'il y aurait le Tour 2020. \"Nous avons toujours \u00e9t\u00e9 conscients que nous devions nous adapter aux conditions en constante \u00e9volution et rester flexibles\", explique M. H\u00f6lzl. \"Bien s\u00fbr, nous respecterons scrupuleusement les directives officielles de COVID 19, mais nous voulons nous concentrer sur la joie, l'enthousiasme et l'exp\u00e9rience partag\u00e9e : dans le sport comme dans le tournage et le visionnage. C'est pourquoi nous sommes particuli\u00e8rement heureux que cette ann\u00e9e nous ayons plus de productions internationales dans notre programme que jamais auparavant, qui ont toutes \u00e9t\u00e9 tourn\u00e9es dans nos propres cours.<\/p>\n\n\n\n<p>Harry Putz est \u00e9galement enthousiaste quant au m\u00e9lange et au th\u00e8me des films choisis. Les productions ne sont pas seulement unies par le slogan \"shred@home &amp; film@home\", mais elles pr\u00e9sentent \u00e9galement un large \u00e9ventail de r\u00e9alisations cin\u00e9matographiques et cr\u00e9atives : des films d'ambiance et d'atmosph\u00e8re \u00e9l\u00e9gants \u00e0 la tension psychologique hardcore dans les montagnes au d\u00e9but du verrouillage de la Corona, en passant par le slapstick et un projet solo complet. Ce dont Putz est \u00e9galement tr\u00e8s fier : \"Le fait que nous poursuivions ainsi notre initiative \"Freeride for Future\", que nous avons lanc\u00e9e l'ann\u00e9e derni\u00e8re. Nous voulons ainsi promouvoir un changement dans la prise de conscience et une approche responsable des habitats naturels\".<\/p>\n\n\n\n<h2 class=\"wp-block-heading\">Premier prix du film POW, premi\u00e8re fois en Italie<\/h2>\n\n\n\n<p>La premi\u00e8re du Prix du film POW, qui a \u00e9t\u00e9 d\u00e9cern\u00e9 en coop\u00e9ration avec <strong>Prot\u00e9geons nos hivers en Europe<\/strong> est attribu\u00e9. Le prix de 1 000 euros offert par le FFF est destin\u00e9 aux films de freeride qui apportent la preuve explicite d'une action active en faveur du climat sans pointer du doigt les autres. Un autre crit\u00e8re important est qu'aucune aide \u00e0 l'ascension entra\u00een\u00e9e par une machine ne soit utilis\u00e9e. En plus du prix en argent, la production gagnante re\u00e7oit un troph\u00e9e r\u00e9alis\u00e9 par un artiste et le \"FFF+POW Film Award Laurel\".<\/p>\n\n\n\n<h2 class=\"wp-block-heading\">Nouveaux partenaires, nouvelles destinations<\/h2>\n\n\n\n<p>Dans les coulisses du Freeride Film Festival, il y a \u00e9galement eu un changement. Avec ABS et PYUA, Volker H\u00f6lzl et Harry Putz ont fait entrer deux des plus grandes marques de l'industrie du freeride dans la soci\u00e9t\u00e9 en tant qu'investisseurs. La strat\u00e9gie est claire : ensemble, ils travaillent \u00e0 l'expansion constante et \u00e0 l'internationalisation croissante de la tourn\u00e9e.<\/p>\n\n\n\n<p>Les fans peuvent donc s'attendre \u00e0 une innovation lors des arr\u00eats de la tourn\u00e9e cette ann\u00e9e. En plus de l'Allemagne, de l'Autriche et de la Suisse, le FFF 2020 fera sa premi\u00e8re apparition en Italie. Les dates exactes pour toutes les destinations et les cin\u00e9mas respectifs se trouvent \u00e0 la fin de ce document.<\/p>\n\n\n\n<p>Lors des premiers arr\u00eats \u00e0 Andermatt, Zurich, Wolfurt, Garmisch-Partenkirchen, Munich, Vienne et Innsbruck, l'\u00e9quipe du FFF sera sur la route comme d'habitude avec le grand bus touristique, comprenant des athl\u00e8tes et des cin\u00e9astes. \u00c0 chaque arr\u00eat, un pr\u00e9sentateur et parfois un ou plusieurs acteurs seront sur place pour guider le public dans la s\u00e9lection des films.<\/p>\n\n\n\n<h2 class=\"wp-block-heading\">L'amour suisse et Corona changent de c\u0153ur<\/h2>\n\n\n\n<p>La t\u00eate d'affiche du FFF 2020 est la production \"<strong>De la Suisse avec amour<\/strong>\u201c. L'acteur principal est Laurent De Martin, un freeskier romand de renomm\u00e9e internationale. Il a beaucoup voyag\u00e9 dans le monde et maintenant il invite des athl\u00e8tes de pr\u00e8s et de loin chez lui en Valais pour profiter des diff\u00e9rents terrains et types de jeux. La maison de Laurent se trouve dans les \"Dents du Midi\", sept sommets de trois mille m\u00e8tres en Suisse romande. Le r\u00e9sultat est un pot-pourri de freeski de la rue \u00e0 l'arri\u00e8re-pays, avec une grosse apparition de Mathieu Schaer, test\u00e9 par la FFF. Pr\u00e9sent\u00e9 dans une atmosph\u00e8re absolument harmonieuse, famili\u00e8re et avec une bande sonore qui vous met dans la peau. Un film avec autant de \"freestyle\" n'a pas \u00e9t\u00e9 vu au FFF depuis longtemps !<\/p>\n\n\n\n<div class=\"wp-block-jetpack-tiled-gallery aligncenter is-style-rectangular\"><div class=\"tiled-gallery__gallery\"><div class=\"tiled-gallery__row\"><div class=\"tiled-gallery__col\" style=\"flex-basis:68.77960726325153%\"><figure class=\"tiled-gallery__item\"><img decoding=\"async\" data-attachment-id=\"3265\" data-permalink=\"https:\/\/boardgeneration.ch\/fr\/freeride-filmfestival-2020-07-29-11-in-at-de-ch-und-it\/laurentdemartin_fromswitzerlandwithlove_cfrancoismarclay6\/\" data-orig-file=\"https:\/\/boardgeneration.ch\/wp-content\/uploads\/2020\/09\/LaurentDeMartin_FromSwitzerlandWithLove_cFrancoisMarclay6-scaled.jpg\" data-orig-size=\"2560,1707\" data-comments-opened=\"1\" data-image-meta=\"{&quot;aperture&quot;:&quot;9&quot;,&quot;credit&quot;:&quot;Francois Marclay&quot;,&quot;camera&quot;:&quot;ILCE-7M3&quot;,&quot;caption&quot;:&quot;&quot;,&quot;created_timestamp&quot;:&quot;1581758195&quot;,&quot;copyright&quot;:&quot;Francois Marclay&quot;,&quot;focal_length&quot;:&quot;200&quot;,&quot;iso&quot;:&quot;200&quot;,&quot;shutter_speed&quot;:&quot;0.000625&quot;,&quot;title&quot;:&quot;&quot;,&quot;orientation&quot;:&quot;1&quot;}\" data-image-title=\"LaurentDeMartin_FromSwitzerlandWithLove_cFrancoisMarclay6\" data-image-description=\"\" data-image-caption=\"\" data-medium-file=\"https:\/\/boardgeneration.ch\/wp-content\/uploads\/2020\/09\/LaurentDeMartin_FromSwitzerlandWithLove_cFrancoisMarclay6-300x200.jpg\" data-large-file=\"https:\/\/boardgeneration.ch\/wp-content\/uploads\/2020\/09\/LaurentDeMartin_FromSwitzerlandWithLove_cFrancoisMarclay6-1024x683.jpg\" role=\"button\" tabindex=\"0\" aria-label=\"Ouvrir l&#039;image 1 sur 5 en plein \u00e9cran\" srcset=\"https:\/\/i2.wp.com\/boardgeneration.ch\/wp-content\/uploads\/2020\/09\/LaurentDeMartin_FromSwitzerlandWithLove_cFrancoisMarclay6-scaled.jpg?strip=info&#038;w=600&#038;ssl=1 600w,https:\/\/i2.wp.com\/boardgeneration.ch\/wp-content\/uploads\/2020\/09\/LaurentDeMartin_FromSwitzerlandWithLove_cFrancoisMarclay6-scaled.jpg?strip=info&#038;w=900&#038;ssl=1 900w,https:\/\/i2.wp.com\/boardgeneration.ch\/wp-content\/uploads\/2020\/09\/LaurentDeMartin_FromSwitzerlandWithLove_cFrancoisMarclay6-scaled.jpg?strip=info&#038;w=1200&#038;ssl=1 1200w,https:\/\/i2.wp.com\/boardgeneration.ch\/wp-content\/uploads\/2020\/09\/LaurentDeMartin_FromSwitzerlandWithLove_cFrancoisMarclay6-scaled.jpg?strip=info&#038;w=1500&#038;ssl=1 1500w,https:\/\/i2.wp.com\/boardgeneration.ch\/wp-content\/uploads\/2020\/09\/LaurentDeMartin_FromSwitzerlandWithLove_cFrancoisMarclay6-scaled.jpg?strip=info&#038;w=1800&#038;ssl=1 1800w,https:\/\/i2.wp.com\/boardgeneration.ch\/wp-content\/uploads\/2020\/09\/LaurentDeMartin_FromSwitzerlandWithLove_cFrancoisMarclay6-scaled.jpg?strip=info&#038;w=2000&#038;ssl=1 2000w\" alt=\"\" data-height=\"1707\" data-id=\"3265\" data-link=\"https:\/\/boardgeneration.ch\/?attachment_id=3265\" data-url=\"https:\/\/boardgeneration.ch\/wp-content\/uploads\/2020\/09\/LaurentDeMartin_FromSwitzerlandWithLove_cFrancoisMarclay6-scaled.jpg\" data-width=\"2560\" src=\"https:\/\/i2.wp.com\/boardgeneration.ch\/wp-content\/uploads\/2020\/09\/LaurentDeMartin_FromSwitzerlandWithLove_cFrancoisMarclay6-scaled.jpg?ssl=1\" layout=\"responsive\"\/><\/figure><\/div><div class=\"tiled-gallery__col\" style=\"flex-basis:31.220392736748465%\"><figure class=\"tiled-gallery__item\"><img decoding=\"async\" data-attachment-id=\"3266\" data-permalink=\"https:\/\/boardgeneration.ch\/fr\/freeride-filmfestival-2020-07-29-11-in-at-de-ch-und-it\/laurentdemartin_fromswitzerlandwithlove_cruediflu%cc%88ck13\/\" data-orig-file=\"https:\/\/boardgeneration.ch\/wp-content\/uploads\/2020\/09\/LaurentDeMartin_FromSwitzerlandWithLove_cRuediFlu\u0308ck13.jpg\" data-orig-size=\"1688,2488\" data-comments-opened=\"1\" data-image-meta=\"{&quot;aperture&quot;:&quot;9&quot;,&quot;credit&quot;:&quot;Ruedi Fl\\u00fcck&quot;,&quot;camera&quot;:&quot;NIKON D4S&quot;,&quot;caption&quot;:&quot;&quot;,&quot;created_timestamp&quot;:&quot;1578484806&quot;,&quot;copyright&quot;:&quot;Ruedi Fl\\u00fcck&quot;,&quot;focal_length&quot;:&quot;48&quot;,&quot;iso&quot;:&quot;100&quot;,&quot;shutter_speed&quot;:&quot;0.005&quot;,&quot;title&quot;:&quot;&quot;,&quot;orientation&quot;:&quot;1&quot;}\" data-image-title=\"LaurentDeMartin_FromSwitzerlandWithLove_cRuediFlu\u0308ck13\" data-image-description=\"\" data-image-caption=\"\" data-medium-file=\"https:\/\/boardgeneration.ch\/wp-content\/uploads\/2020\/09\/LaurentDeMartin_FromSwitzerlandWithLove_cRuediFlu\u0308ck13-204x300.jpg\" data-large-file=\"https:\/\/boardgeneration.ch\/wp-content\/uploads\/2020\/09\/LaurentDeMartin_FromSwitzerlandWithLove_cRuediFlu\u0308ck13-695x1024.jpg\" role=\"button\" tabindex=\"0\" aria-label=\"Ouvrir l&#039;image 2 sur 5 en plein \u00e9cran\" srcset=\"\" alt=\"\" data-height=\"2488\" data-id=\"3266\" data-link=\"https:\/\/boardgeneration.ch\/?attachment_id=3266\" data-url=\"https:\/\/boardgeneration.ch\/wp-content\/uploads\/2020\/09\/LaurentDeMartin_FromSwitzerlandWithLove_cRuediFlu\u0308ck13.jpg\" data-width=\"1688\" src=\"https:\/\/i1.wp.com\/boardgeneration.ch\/wp-content\/uploads\/2020\/09\/LaurentDeMartin_FromSwitzerlandWithLove_cRuediFl\u00fcck13.jpg?ssl=1\" layout=\"responsive\" data-srcset=\"\"\/><\/figure><\/div><\/div><div class=\"tiled-gallery__row\"><div class=\"tiled-gallery__col\" style=\"flex-basis:47.256936387777394%\"><figure class=\"tiled-gallery__item\"><img decoding=\"async\" data-attachment-id=\"3269\" data-permalink=\"https:\/\/boardgeneration.ch\/fr\/freeride-filmfestival-2020-07-29-11-in-at-de-ch-und-it\/mathieuschaer_fromswitzerlandwithlove_cruediflu%cc%88ck\/\" data-orig-file=\"https:\/\/boardgeneration.ch\/wp-content\/uploads\/2020\/09\/MathieuSchaer_FromSwitzerlandWithLove_cRuediFlu\u0308ck-scaled.jpg\" data-orig-size=\"1704,2560\" data-comments-opened=\"1\" data-image-meta=\"{&quot;aperture&quot;:&quot;8&quot;,&quot;credit&quot;:&quot;Ruedi Flueck&quot;,&quot;camera&quot;:&quot;NIKON D4S&quot;,&quot;caption&quot;:&quot;&quot;,&quot;created_timestamp&quot;:&quot;1581084875&quot;,&quot;copyright&quot;:&quot;Ruedi Fl\\u00fcck&quot;,&quot;focal_length&quot;:&quot;62&quot;,&quot;iso&quot;:&quot;200&quot;,&quot;shutter_speed&quot;:&quot;0.0008&quot;,&quot;title&quot;:&quot;&quot;,&quot;orientation&quot;:&quot;1&quot;}\" data-image-title=\"MathieuSchaer_FromSwitzerlandWithLove_cRuediFlu\u0308ck\" data-image-description=\"\" data-image-caption=\"\" data-medium-file=\"https:\/\/boardgeneration.ch\/wp-content\/uploads\/2020\/09\/MathieuSchaer_FromSwitzerlandWithLove_cRuediFlu\u0308ck-200x300.jpg\" data-large-file=\"https:\/\/boardgeneration.ch\/wp-content\/uploads\/2020\/09\/MathieuSchaer_FromSwitzerlandWithLove_cRuediFlu\u0308ck-682x1024.jpg\" role=\"button\" tabindex=\"0\" aria-label=\"Ouvrir l&#039;image 3 sur 5 en plein \u00e9cran\" srcset=\"\" alt=\"\" data-height=\"2560\" data-id=\"3269\" data-link=\"https:\/\/boardgeneration.ch\/?attachment_id=3269\" data-url=\"https:\/\/boardgeneration.ch\/wp-content\/uploads\/2020\/09\/MathieuSchaer_FromSwitzerlandWithLove_cRuediFlu\u0308ck-scaled.jpg\" data-width=\"1704\" src=\"https:\/\/i1.wp.com\/boardgeneration.ch\/wp-content\/uploads\/2020\/09\/MathieuSchaer_FromSwitzerlandWithLove_cRuediFl\u00fcck-scaled.jpg?ssl=1\" layout=\"responsive\" data-srcset=\"\"\/><\/figure><\/div><div class=\"tiled-gallery__col\" style=\"flex-basis:52.74306361222262%\"><figure class=\"tiled-gallery__item\"><img decoding=\"async\" data-attachment-id=\"3267\" data-permalink=\"https:\/\/boardgeneration.ch\/fr\/freeride-filmfestival-2020-07-29-11-in-at-de-ch-und-it\/laurentdemartin_sampovallotton_remcokayser_valentinmorel_fromswitzerlandwithlove_cruediflu%cc%88ck\/\" data-orig-file=\"https:\/\/boardgeneration.ch\/wp-content\/uploads\/2020\/09\/LaurentDeMartin_SampoVallotton_RemcoKayser_ValentinMorel_FromSwitzerlandWithLove_cRuediFlu\u0308ck-scaled.jpg\" data-orig-size=\"2560,1704\" data-comments-opened=\"1\" data-image-meta=\"{&quot;aperture&quot;:&quot;5.6&quot;,&quot;credit&quot;:&quot;Ruedi Flueck&quot;,&quot;camera&quot;:&quot;NIKON D4S&quot;,&quot;caption&quot;:&quot;&quot;,&quot;created_timestamp&quot;:&quot;1588611316&quot;,&quot;copyright&quot;:&quot;Ruedi Fl\\u00fcck&quot;,&quot;focal_length&quot;:&quot;200&quot;,&quot;iso&quot;:&quot;100&quot;,&quot;shutter_speed&quot;:&quot;0.000625&quot;,&quot;title&quot;:&quot;&quot;,&quot;orientation&quot;:&quot;1&quot;}\" data-image-title=\"LaurentDeMartin_SampoVallotton_RemcoKayser_ValentinMorel_FromSwitzerlandWithLove_cRuediFlu\u0308ck\" data-image-description=\"\" data-image-caption=\"\" data-medium-file=\"https:\/\/boardgeneration.ch\/wp-content\/uploads\/2020\/09\/LaurentDeMartin_SampoVallotton_RemcoKayser_ValentinMorel_FromSwitzerlandWithLove_cRuediFlu\u0308ck-300x200.jpg\" data-large-file=\"https:\/\/boardgeneration.ch\/wp-content\/uploads\/2020\/09\/LaurentDeMartin_SampoVallotton_RemcoKayser_ValentinMorel_FromSwitzerlandWithLove_cRuediFlu\u0308ck-1024x682.jpg\" role=\"button\" tabindex=\"0\" aria-label=\"Ouvrir l&#039;image 4 sur 5 en plein \u00e9cran\" srcset=\"\" alt=\"\" data-height=\"1704\" data-id=\"3267\" data-link=\"https:\/\/boardgeneration.ch\/?attachment_id=3267\" data-url=\"https:\/\/boardgeneration.ch\/wp-content\/uploads\/2020\/09\/LaurentDeMartin_SampoVallotton_RemcoKayser_ValentinMorel_FromSwitzerlandWithLove_cRuediFlu\u0308ck-scaled.jpg\" data-width=\"2560\" src=\"https:\/\/i1.wp.com\/boardgeneration.ch\/wp-content\/uploads\/2020\/09\/LaurentDeMartin_SampoVallotton_RemcoKayser_ValentinMorel_FromSwitzerlandWithLove_cRuediFl\u00fcck-scaled.jpg?ssl=1\" layout=\"responsive\" data-srcset=\"\"\/><\/figure><figure class=\"tiled-gallery__item\"><img decoding=\"async\" data-attachment-id=\"3268\" data-permalink=\"https:\/\/boardgeneration.ch\/fr\/freeride-filmfestival-2020-07-29-11-in-at-de-ch-und-it\/lucaswachs_fromswitzerlandwithlove_cruediflu%cc%88ck2\/\" data-orig-file=\"https:\/\/boardgeneration.ch\/wp-content\/uploads\/2020\/09\/LucasWachs_FromSwitzerlandWithLove_cRuediFlu\u0308ck2-scaled.jpg\" data-orig-size=\"2560,1704\" data-comments-opened=\"1\" data-image-meta=\"{&quot;aperture&quot;:&quot;5.6&quot;,&quot;credit&quot;:&quot;Ruedi Flueck&quot;,&quot;camera&quot;:&quot;NIKON D4S&quot;,&quot;caption&quot;:&quot;&quot;,&quot;created_timestamp&quot;:&quot;1582810794&quot;,&quot;copyright&quot;:&quot;Ruedi Fl\\u00fcck&quot;,&quot;focal_length&quot;:&quot;155&quot;,&quot;iso&quot;:&quot;320&quot;,&quot;shutter_speed&quot;:&quot;0.0008&quot;,&quot;title&quot;:&quot;&quot;,&quot;orientation&quot;:&quot;1&quot;}\" data-image-title=\"LucasWachs_FromSwitzerlandWithLove_cRuediFlu\u0308ck2\" data-image-description=\"\" data-image-caption=\"\" data-medium-file=\"https:\/\/boardgeneration.ch\/wp-content\/uploads\/2020\/09\/LucasWachs_FromSwitzerlandWithLove_cRuediFlu\u0308ck2-300x200.jpg\" data-large-file=\"https:\/\/boardgeneration.ch\/wp-content\/uploads\/2020\/09\/LucasWachs_FromSwitzerlandWithLove_cRuediFlu\u0308ck2-1024x682.jpg\" role=\"button\" tabindex=\"0\" aria-label=\"Ouvrir l&#039;image 5 sur 5 en plein \u00e9cran\" srcset=\"\" alt=\"\" data-height=\"1704\" data-id=\"3268\" data-link=\"https:\/\/boardgeneration.ch\/?attachment_id=3268\" data-url=\"https:\/\/boardgeneration.ch\/wp-content\/uploads\/2020\/09\/LucasWachs_FromSwitzerlandWithLove_cRuediFlu\u0308ck2-scaled.jpg\" data-width=\"2560\" src=\"https:\/\/i2.wp.com\/boardgeneration.ch\/wp-content\/uploads\/2020\/09\/LucasWachs_FromSwitzerlandWithLove_cRuediFl\u00fcck2-scaled.jpg?ssl=1\" layout=\"responsive\" data-srcset=\"\"\/><\/figure><\/div><\/div><\/div><\/div>\n\n\n\n<p>Dans le film austro-allemand \"<strong>M\u00e9tano\u00efa\".<\/strong> la pand\u00e9mie de COVID 19 se rapproche soudainement. Quelques jours avant le lockdown du vendredi 13 mars 2020, l'\u00e9quipage de la Mountain Tribe Crew se met en route pour les Alpes de l'\u00d6tztal. Leur destination est une ancienne cabane frontali\u00e8re sur Timmelsjoch. L\u00e0, le groupe veut explorer les limites de l'amiti\u00e9 et de la soci\u00e9t\u00e9, en plus des randonn\u00e9es \u00e0 ski et des grandes lignes. Mais l'entreprise devient un passage de fronti\u00e8re d'un autre genre. Au lieu de soir\u00e9es amusantes, il y a des discussions difficiles. En outre, un contact intensif avec la police et les familles \u00e0 la maison. Metanoia est synonyme de changement d'esprit croissant, qui se propage au cours du film aux athl\u00e8tes et \u00e0 l'\u00e9quipe du film. La cam\u00e9ra est toujours allum\u00e9e. Au d\u00e9but, le film commence avec des blagues et du Corona Blues \u00e0 la guitare, mais au fil des jours, un s\u00e9rieux amer se joint \u00e0 l'\u00e9quipe.<\/p>\n\n\n\n<div class=\"wp-block-jetpack-tiled-gallery aligncenter is-style-rectangular\"><div class=\"tiled-gallery__gallery\"><div class=\"tiled-gallery__row\"><div class=\"tiled-gallery__col\" style=\"flex-basis:66.83474768427065%\"><figure class=\"tiled-gallery__item\"><img decoding=\"async\" data-attachment-id=\"3275\" data-permalink=\"https:\/\/boardgeneration.ch\/fr\/freeride-filmfestival-2020-07-29-11-in-at-de-ch-und-it\/metanoia_cmoritzablinger18\/\" data-orig-file=\"https:\/\/boardgeneration.ch\/wp-content\/uploads\/2020\/09\/Metanoia_cMoritzAblinger18.jpg\" data-orig-size=\"2048,1365\" data-comments-opened=\"1\" data-image-meta=\"{&quot;aperture&quot;:&quot;0&quot;,&quot;credit&quot;:&quot;Moritz Ablinger&quot;,&quot;camera&quot;:&quot;&quot;,&quot;caption&quot;:&quot;&quot;,&quot;created_timestamp&quot;:&quot;0&quot;,&quot;copyright&quot;:&quot;&quot;,&quot;focal_length&quot;:&quot;0&quot;,&quot;iso&quot;:&quot;0&quot;,&quot;shutter_speed&quot;:&quot;0&quot;,&quot;title&quot;:&quot;&quot;,&quot;orientation&quot;:&quot;1&quot;}\" data-image-title=\"Metanoia_cMoritzAblinger18\" data-image-description=\"\" data-image-caption=\"\" data-medium-file=\"https:\/\/boardgeneration.ch\/wp-content\/uploads\/2020\/09\/Metanoia_cMoritzAblinger18-300x200.jpg\" data-large-file=\"https:\/\/boardgeneration.ch\/wp-content\/uploads\/2020\/09\/Metanoia_cMoritzAblinger18-1024x683.jpg\" role=\"button\" tabindex=\"0\" aria-label=\"Ouvrir l&#039;image 1 sur 7 en plein \u00e9cran\" srcset=\"https:\/\/i0.wp.com\/boardgeneration.ch\/wp-content\/uploads\/2020\/09\/Metanoia_cMoritzAblinger18.jpg?strip=info&#038;w=600&#038;ssl=1 600w,https:\/\/i0.wp.com\/boardgeneration.ch\/wp-content\/uploads\/2020\/09\/Metanoia_cMoritzAblinger18.jpg?strip=info&#038;w=900&#038;ssl=1 900w,https:\/\/i0.wp.com\/boardgeneration.ch\/wp-content\/uploads\/2020\/09\/Metanoia_cMoritzAblinger18.jpg?strip=info&#038;w=1200&#038;ssl=1 1200w,https:\/\/i0.wp.com\/boardgeneration.ch\/wp-content\/uploads\/2020\/09\/Metanoia_cMoritzAblinger18.jpg?strip=info&#038;w=1500&#038;ssl=1 1500w,https:\/\/i0.wp.com\/boardgeneration.ch\/wp-content\/uploads\/2020\/09\/Metanoia_cMoritzAblinger18.jpg?strip=info&#038;w=1800&#038;ssl=1 1800w,https:\/\/i0.wp.com\/boardgeneration.ch\/wp-content\/uploads\/2020\/09\/Metanoia_cMoritzAblinger18.jpg?strip=info&#038;w=2000&#038;ssl=1 2000w\" alt=\"\" data-height=\"1365\" data-id=\"3275\" data-link=\"https:\/\/boardgeneration.ch\/?attachment_id=3275\" data-url=\"https:\/\/boardgeneration.ch\/wp-content\/uploads\/2020\/09\/Metanoia_cMoritzAblinger18.jpg\" data-width=\"2048\" src=\"https:\/\/i0.wp.com\/boardgeneration.ch\/wp-content\/uploads\/2020\/09\/Metanoia_cMoritzAblinger18.jpg?ssl=1\" layout=\"responsive\"\/><\/figure><\/div><div class=\"tiled-gallery__col\" style=\"flex-basis:33.16525231572934%\"><figure class=\"tiled-gallery__item\"><img decoding=\"async\" data-attachment-id=\"3272\" data-permalink=\"https:\/\/boardgeneration.ch\/fr\/freeride-filmfestival-2020-07-29-11-in-at-de-ch-und-it\/floriangassner-paulschweller_metanoia_o%cc%88tztalaut_cmoritzablinger26\/\" data-orig-file=\"https:\/\/boardgeneration.ch\/wp-content\/uploads\/2020\/09\/FlorianGassner-PaulSchweller_Metanoia_O\u0308tztalAUT_cMoritzAblinger26.jpg\" data-orig-size=\"2048,1365\" data-comments-opened=\"1\" data-image-meta=\"{&quot;aperture&quot;:&quot;0&quot;,&quot;credit&quot;:&quot;Moritz Ablinger&quot;,&quot;camera&quot;:&quot;&quot;,&quot;caption&quot;:&quot;&quot;,&quot;created_timestamp&quot;:&quot;0&quot;,&quot;copyright&quot;:&quot;&quot;,&quot;focal_length&quot;:&quot;0&quot;,&quot;iso&quot;:&quot;0&quot;,&quot;shutter_speed&quot;:&quot;0&quot;,&quot;title&quot;:&quot;&quot;,&quot;orientation&quot;:&quot;1&quot;}\" data-image-title=\"FlorianGassner-PaulSchweller_Metanoia_O\u0308tztalAUT_cMoritzAblinger26\" data-image-description=\"\" data-image-caption=\"\" data-medium-file=\"https:\/\/boardgeneration.ch\/wp-content\/uploads\/2020\/09\/FlorianGassner-PaulSchweller_Metanoia_O\u0308tztalAUT_cMoritzAblinger26-300x200.jpg\" data-large-file=\"https:\/\/boardgeneration.ch\/wp-content\/uploads\/2020\/09\/FlorianGassner-PaulSchweller_Metanoia_O\u0308tztalAUT_cMoritzAblinger26-1024x683.jpg\" role=\"button\" tabindex=\"0\" aria-label=\"Ouvrir l&#039;image 2 sur 7 en plein \u00e9cran\" srcset=\"\" alt=\"\" data-height=\"1365\" data-id=\"3272\" data-link=\"https:\/\/boardgeneration.ch\/?attachment_id=3272\" data-url=\"https:\/\/boardgeneration.ch\/wp-content\/uploads\/2020\/09\/FlorianGassner-PaulSchweller_Metanoia_O\u0308tztalAUT_cMoritzAblinger26.jpg\" data-width=\"2048\" src=\"https:\/\/i0.wp.com\/boardgeneration.ch\/wp-content\/uploads\/2020\/09\/FlorianGassner-PaulSchweller_Metanoia_\u00d6tztalAUT_cMoritzAblinger26.jpg?ssl=1\" layout=\"responsive\" data-srcset=\"\"\/><\/figure><figure class=\"tiled-gallery__item\"><img decoding=\"async\" data-attachment-id=\"3273\" data-permalink=\"https:\/\/boardgeneration.ch\/fr\/freeride-filmfestival-2020-07-29-11-in-at-de-ch-und-it\/metanoia_cmoritzablinger09\/\" data-orig-file=\"https:\/\/boardgeneration.ch\/wp-content\/uploads\/2020\/09\/Metanoia_cMoritzAblinger09.jpg\" data-orig-size=\"2048,1364\" data-comments-opened=\"1\" data-image-meta=\"{&quot;aperture&quot;:&quot;0&quot;,&quot;credit&quot;:&quot;&quot;,&quot;camera&quot;:&quot;&quot;,&quot;caption&quot;:&quot;&quot;,&quot;created_timestamp&quot;:&quot;0&quot;,&quot;copyright&quot;:&quot;&quot;,&quot;focal_length&quot;:&quot;0&quot;,&quot;iso&quot;:&quot;0&quot;,&quot;shutter_speed&quot;:&quot;0&quot;,&quot;title&quot;:&quot;&quot;,&quot;orientation&quot;:&quot;1&quot;}\" data-image-title=\"Metanoia_cMoritzAblinger09\" data-image-description=\"\" data-image-caption=\"\" data-medium-file=\"https:\/\/boardgeneration.ch\/wp-content\/uploads\/2020\/09\/Metanoia_cMoritzAblinger09-300x200.jpg\" data-large-file=\"https:\/\/boardgeneration.ch\/wp-content\/uploads\/2020\/09\/Metanoia_cMoritzAblinger09-1024x682.jpg\" role=\"button\" tabindex=\"0\" aria-label=\"Ouvrir l&#039;image 3 sur 7 en plein \u00e9cran\" srcset=\"https:\/\/i1.wp.com\/boardgeneration.ch\/wp-content\/uploads\/2020\/09\/Metanoia_cMoritzAblinger09.jpg?strip=info&#038;w=600&#038;ssl=1 600w,https:\/\/i1.wp.com\/boardgeneration.ch\/wp-content\/uploads\/2020\/09\/Metanoia_cMoritzAblinger09.jpg?strip=info&#038;w=900&#038;ssl=1 900w,https:\/\/i1.wp.com\/boardgeneration.ch\/wp-content\/uploads\/2020\/09\/Metanoia_cMoritzAblinger09.jpg?strip=info&#038;w=1200&#038;ssl=1 1200w,https:\/\/i1.wp.com\/boardgeneration.ch\/wp-content\/uploads\/2020\/09\/Metanoia_cMoritzAblinger09.jpg?strip=info&#038;w=1500&#038;ssl=1 1500w,https:\/\/i1.wp.com\/boardgeneration.ch\/wp-content\/uploads\/2020\/09\/Metanoia_cMoritzAblinger09.jpg?strip=info&#038;w=1800&#038;ssl=1 1800w,https:\/\/i1.wp.com\/boardgeneration.ch\/wp-content\/uploads\/2020\/09\/Metanoia_cMoritzAblinger09.jpg?strip=info&#038;w=2000&#038;ssl=1 2000w\" alt=\"\" data-height=\"1364\" data-id=\"3273\" data-link=\"https:\/\/boardgeneration.ch\/?attachment_id=3273\" data-url=\"https:\/\/boardgeneration.ch\/wp-content\/uploads\/2020\/09\/Metanoia_cMoritzAblinger09.jpg\" data-width=\"2048\" src=\"https:\/\/i1.wp.com\/boardgeneration.ch\/wp-content\/uploads\/2020\/09\/Metanoia_cMoritzAblinger09.jpg?ssl=1\" layout=\"responsive\"\/><\/figure><\/div><\/div><div class=\"tiled-gallery__row\"><div class=\"tiled-gallery__col\" style=\"flex-basis:42.52751424793899%\"><figure class=\"tiled-gallery__item\"><img decoding=\"async\" data-attachment-id=\"3274\" data-permalink=\"https:\/\/boardgeneration.ch\/fr\/freeride-filmfestival-2020-07-29-11-in-at-de-ch-und-it\/metanoia_cmoritzablinger12\/\" data-orig-file=\"https:\/\/boardgeneration.ch\/wp-content\/uploads\/2020\/09\/Metanoia_cMoritzAblinger12.jpg\" data-orig-size=\"2048,1365\" data-comments-opened=\"1\" data-image-meta=\"{&quot;aperture&quot;:&quot;0&quot;,&quot;credit&quot;:&quot;Moritz Ablinger&quot;,&quot;camera&quot;:&quot;&quot;,&quot;caption&quot;:&quot;&quot;,&quot;created_timestamp&quot;:&quot;0&quot;,&quot;copyright&quot;:&quot;&quot;,&quot;focal_length&quot;:&quot;0&quot;,&quot;iso&quot;:&quot;0&quot;,&quot;shutter_speed&quot;:&quot;0&quot;,&quot;title&quot;:&quot;&quot;,&quot;orientation&quot;:&quot;1&quot;}\" data-image-title=\"Metanoia_cMoritzAblinger12\" data-image-description=\"\" data-image-caption=\"\" data-medium-file=\"https:\/\/boardgeneration.ch\/wp-content\/uploads\/2020\/09\/Metanoia_cMoritzAblinger12-300x200.jpg\" data-large-file=\"https:\/\/boardgeneration.ch\/wp-content\/uploads\/2020\/09\/Metanoia_cMoritzAblinger12-1024x683.jpg\" role=\"button\" tabindex=\"0\" aria-label=\"Ouvrir l&#039;image 4 sur 7 en plein \u00e9cran\" srcset=\"https:\/\/i1.wp.com\/boardgeneration.ch\/wp-content\/uploads\/2020\/09\/Metanoia_cMoritzAblinger12.jpg?strip=info&#038;w=600&#038;ssl=1 600w,https:\/\/i1.wp.com\/boardgeneration.ch\/wp-content\/uploads\/2020\/09\/Metanoia_cMoritzAblinger12.jpg?strip=info&#038;w=900&#038;ssl=1 900w,https:\/\/i1.wp.com\/boardgeneration.ch\/wp-content\/uploads\/2020\/09\/Metanoia_cMoritzAblinger12.jpg?strip=info&#038;w=1200&#038;ssl=1 1200w,https:\/\/i1.wp.com\/boardgeneration.ch\/wp-content\/uploads\/2020\/09\/Metanoia_cMoritzAblinger12.jpg?strip=info&#038;w=1500&#038;ssl=1 1500w,https:\/\/i1.wp.com\/boardgeneration.ch\/wp-content\/uploads\/2020\/09\/Metanoia_cMoritzAblinger12.jpg?strip=info&#038;w=1800&#038;ssl=1 1800w,https:\/\/i1.wp.com\/boardgeneration.ch\/wp-content\/uploads\/2020\/09\/Metanoia_cMoritzAblinger12.jpg?strip=info&#038;w=2000&#038;ssl=1 2000w\" alt=\"\" data-height=\"1365\" data-id=\"3274\" data-link=\"https:\/\/boardgeneration.ch\/?attachment_id=3274\" data-url=\"https:\/\/boardgeneration.ch\/wp-content\/uploads\/2020\/09\/Metanoia_cMoritzAblinger12.jpg\" data-width=\"2048\" src=\"https:\/\/i1.wp.com\/boardgeneration.ch\/wp-content\/uploads\/2020\/09\/Metanoia_cMoritzAblinger12.jpg?ssl=1\" layout=\"responsive\"\/><\/figure><figure class=\"tiled-gallery__item\"><img decoding=\"async\" data-attachment-id=\"3276\" data-permalink=\"https:\/\/boardgeneration.ch\/fr\/freeride-filmfestival-2020-07-29-11-in-at-de-ch-und-it\/paulschweller_metanoia_o%cc%88tztalaut_cmoritzablinger24\/\" data-orig-file=\"https:\/\/boardgeneration.ch\/wp-content\/uploads\/2020\/09\/PaulSchweller_Metanoia_O\u0308tztalAUT_cMoritzAblinger24.jpg\" data-orig-size=\"2048,1365\" data-comments-opened=\"1\" data-image-meta=\"{&quot;aperture&quot;:&quot;0&quot;,&quot;credit&quot;:&quot;Moritz Ablinger&quot;,&quot;camera&quot;:&quot;&quot;,&quot;caption&quot;:&quot;&quot;,&quot;created_timestamp&quot;:&quot;0&quot;,&quot;copyright&quot;:&quot;&quot;,&quot;focal_length&quot;:&quot;0&quot;,&quot;iso&quot;:&quot;0&quot;,&quot;shutter_speed&quot;:&quot;0&quot;,&quot;title&quot;:&quot;&quot;,&quot;orientation&quot;:&quot;1&quot;}\" data-image-title=\"PaulSchweller_Metanoia_O\u0308tztalAUT_cMoritzAblinger24\" data-image-description=\"\" data-image-caption=\"\" data-medium-file=\"https:\/\/boardgeneration.ch\/wp-content\/uploads\/2020\/09\/PaulSchweller_Metanoia_O\u0308tztalAUT_cMoritzAblinger24-300x200.jpg\" data-large-file=\"https:\/\/boardgeneration.ch\/wp-content\/uploads\/2020\/09\/PaulSchweller_Metanoia_O\u0308tztalAUT_cMoritzAblinger24-1024x683.jpg\" role=\"button\" tabindex=\"0\" aria-label=\"Ouvrir l&#039;image 5 sur 7 en plein \u00e9cran\" srcset=\"\" alt=\"\" data-height=\"1365\" data-id=\"3276\" data-link=\"https:\/\/boardgeneration.ch\/?attachment_id=3276\" data-url=\"https:\/\/boardgeneration.ch\/wp-content\/uploads\/2020\/09\/PaulSchweller_Metanoia_O\u0308tztalAUT_cMoritzAblinger24.jpg\" data-width=\"2048\" src=\"https:\/\/i1.wp.com\/boardgeneration.ch\/wp-content\/uploads\/2020\/09\/PaulSchweller_Metanoia_\u00d6tztalAUT_cMoritzAblinger24.jpg?ssl=1\" layout=\"responsive\" data-srcset=\"\"\/><\/figure><figure class=\"tiled-gallery__item\"><img decoding=\"async\" data-attachment-id=\"3277\" data-permalink=\"https:\/\/boardgeneration.ch\/fr\/freeride-filmfestival-2020-07-29-11-in-at-de-ch-und-it\/paulschweller-flogassner_metanoia_o%cc%88tztalaut_cmoritzablinger20\/\" data-orig-file=\"https:\/\/boardgeneration.ch\/wp-content\/uploads\/2020\/09\/PaulSchweller-FloGassner_Metanoia_O\u0308tztalAUT_cMoritzAblinger20.jpg\" data-orig-size=\"2048,1366\" data-comments-opened=\"1\" data-image-meta=\"{&quot;aperture&quot;:&quot;0&quot;,&quot;credit&quot;:&quot;Moritz Ablinger&quot;,&quot;camera&quot;:&quot;&quot;,&quot;caption&quot;:&quot;&quot;,&quot;created_timestamp&quot;:&quot;0&quot;,&quot;copyright&quot;:&quot;&quot;,&quot;focal_length&quot;:&quot;0&quot;,&quot;iso&quot;:&quot;0&quot;,&quot;shutter_speed&quot;:&quot;0&quot;,&quot;title&quot;:&quot;&quot;,&quot;orientation&quot;:&quot;1&quot;}\" data-image-title=\"PaulSchweller-FloGassner_Metanoia_O\u0308tztalAUT_cMoritzAblinger20\" data-image-description=\"\" data-image-caption=\"\" data-medium-file=\"https:\/\/boardgeneration.ch\/wp-content\/uploads\/2020\/09\/PaulSchweller-FloGassner_Metanoia_O\u0308tztalAUT_cMoritzAblinger20-300x200.jpg\" data-large-file=\"https:\/\/boardgeneration.ch\/wp-content\/uploads\/2020\/09\/PaulSchweller-FloGassner_Metanoia_O\u0308tztalAUT_cMoritzAblinger20-1024x683.jpg\" role=\"button\" tabindex=\"0\" aria-label=\"Ouvrir l&#039;image 6 sur 7 en plein \u00e9cran\" srcset=\"\" alt=\"\" data-height=\"1366\" data-id=\"3277\" data-link=\"https:\/\/boardgeneration.ch\/?attachment_id=3277\" data-url=\"https:\/\/boardgeneration.ch\/wp-content\/uploads\/2020\/09\/PaulSchweller-FloGassner_Metanoia_O\u0308tztalAUT_cMoritzAblinger20.jpg\" data-width=\"2048\" src=\"https:\/\/i2.wp.com\/boardgeneration.ch\/wp-content\/uploads\/2020\/09\/PaulSchweller-FloGassner_Metanoia_\u00d6tztalAUT_cMoritzAblinger20.jpg?ssl=1\" layout=\"responsive\" data-srcset=\"\"\/><\/figure><\/div><div class=\"tiled-gallery__col\" style=\"flex-basis:57.47248575206101%\"><figure class=\"tiled-gallery__item\"><img decoding=\"async\" data-attachment-id=\"3278\" data-permalink=\"https:\/\/boardgeneration.ch\/fr\/freeride-filmfestival-2020-07-29-11-in-at-de-ch-und-it\/valentinwernertutschku_metanoia_o%cc%88tztalaut_cmoritzablinger10-crop\/\" data-orig-file=\"https:\/\/boardgeneration.ch\/wp-content\/uploads\/2020\/09\/ValentinWernerTutschku_Metanoia_O\u0308tztalAUT_cMoritzAblinger10-Crop-scaled.jpg\" data-orig-size=\"1707,2560\" data-comments-opened=\"1\" data-image-meta=\"{&quot;aperture&quot;:&quot;0&quot;,&quot;credit&quot;:&quot;&quot;,&quot;camera&quot;:&quot;&quot;,&quot;caption&quot;:&quot;&quot;,&quot;created_timestamp&quot;:&quot;0&quot;,&quot;copyright&quot;:&quot;&quot;,&quot;focal_length&quot;:&quot;0&quot;,&quot;iso&quot;:&quot;0&quot;,&quot;shutter_speed&quot;:&quot;0&quot;,&quot;title&quot;:&quot;&quot;,&quot;orientation&quot;:&quot;1&quot;}\" data-image-title=\"ValentinWernerTutschku_Metanoia_O\u0308tztalAUT_cMoritzAblinger10-Crop\" data-image-description=\"\" data-image-caption=\"\" data-medium-file=\"https:\/\/boardgeneration.ch\/wp-content\/uploads\/2020\/09\/ValentinWernerTutschku_Metanoia_O\u0308tztalAUT_cMoritzAblinger10-Crop-200x300.jpg\" data-large-file=\"https:\/\/boardgeneration.ch\/wp-content\/uploads\/2020\/09\/ValentinWernerTutschku_Metanoia_O\u0308tztalAUT_cMoritzAblinger10-Crop-683x1024.jpg\" role=\"button\" tabindex=\"0\" aria-label=\"Ouvrir l&#039;image 7 sur 7 en plein \u00e9cran\" srcset=\"\" alt=\"\" data-height=\"2560\" data-id=\"3278\" data-link=\"https:\/\/boardgeneration.ch\/?attachment_id=3278\" data-url=\"https:\/\/boardgeneration.ch\/wp-content\/uploads\/2020\/09\/ValentinWernerTutschku_Metanoia_O\u0308tztalAUT_cMoritzAblinger10-Crop-scaled.jpg\" data-width=\"1707\" src=\"https:\/\/i1.wp.com\/boardgeneration.ch\/wp-content\/uploads\/2020\/09\/ValentinWernerTutschku_Metanoia_\u00d6tztalAUT_cMoritzAblinger10-Crop-scaled.jpg?ssl=1\" layout=\"responsive\" data-srcset=\"\"\/><\/figure><\/div><\/div><\/div><\/div>\n\n\n\n<h2 class=\"wp-block-heading\">Dans le grand nord et les hauts-fonds du Tyrol<\/h2>\n\n\n\n<p>Deux productions du FFF 2020 nous emm\u00e8nent loin dans le nord de l'Europe. Dans \"<strong>Fj\u00f6rd Lines\".<\/strong> Le snowboarder Runar Petur nous emm\u00e8ne dans ses r\u00e9gions pr\u00e9f\u00e9r\u00e9es en Islande. Comme son nom l'indique, il s'agit des paysages de fjords uniques de l'Islande. Ce sont des plans spectaculaires que nous montre le cin\u00e9aste V\u00ed\u00f0ir Bj\u00f6rnsson. En m\u00eame temps, ils rayonnent d'une connexion calme et magique qui nous tente presque dans la m\u00e9lancolie. Cela est principalement d\u00fb au style individuel de Runar Petur lorsqu'il ne fait plus qu'un avec ses lignes.<\/p>\n\n\n\n<div class=\"wp-block-jetpack-tiled-gallery aligncenter is-style-rectangular\"><div class=\"tiled-gallery__gallery\"><div class=\"tiled-gallery__row\"><div class=\"tiled-gallery__col\" style=\"flex-basis:52.661025103819%\"><figure class=\"tiled-gallery__item\"><img decoding=\"async\" data-attachment-id=\"3280\" data-permalink=\"https:\/\/boardgeneration.ch\/fr\/freeride-filmfestival-2020-07-29-11-in-at-de-ch-und-it\/runarpetur_fjo%cc%88rdlines_iceland_cvidirbjornsson2\/\" data-orig-file=\"https:\/\/boardgeneration.ch\/wp-content\/uploads\/2020\/09\/RunarPetur_Fjo\u0308rdLines_Iceland_cVidirBjornsson2.jpg\" data-orig-size=\"1620,1080\" data-comments-opened=\"1\" data-image-meta=\"{&quot;aperture&quot;:&quot;0&quot;,&quot;credit&quot;:&quot;&quot;,&quot;camera&quot;:&quot;&quot;,&quot;caption&quot;:&quot;&quot;,&quot;created_timestamp&quot;:&quot;0&quot;,&quot;copyright&quot;:&quot;&quot;,&quot;focal_length&quot;:&quot;0&quot;,&quot;iso&quot;:&quot;0&quot;,&quot;shutter_speed&quot;:&quot;0&quot;,&quot;title&quot;:&quot;&quot;,&quot;orientation&quot;:&quot;1&quot;}\" data-image-title=\"RunarPetur_Fjo\u0308rdLines_Iceland_cVidirBjornsson2\" data-image-description=\"\" data-image-caption=\"\" data-medium-file=\"https:\/\/boardgeneration.ch\/wp-content\/uploads\/2020\/09\/RunarPetur_Fjo\u0308rdLines_Iceland_cVidirBjornsson2-300x200.jpg\" data-large-file=\"https:\/\/boardgeneration.ch\/wp-content\/uploads\/2020\/09\/RunarPetur_Fjo\u0308rdLines_Iceland_cVidirBjornsson2-1024x683.jpg\" role=\"button\" tabindex=\"0\" aria-label=\"Ouvrir l&#039;image 1 sur 5 en plein \u00e9cran\" srcset=\"\" alt=\"\" data-height=\"1080\" data-id=\"3280\" data-link=\"https:\/\/boardgeneration.ch\/?attachment_id=3280\" data-url=\"https:\/\/boardgeneration.ch\/wp-content\/uploads\/2020\/09\/RunarPetur_Fjo\u0308rdLines_Iceland_cVidirBjornsson2.jpg\" data-width=\"1620\" src=\"https:\/\/i2.wp.com\/boardgeneration.ch\/wp-content\/uploads\/2020\/09\/RunarPetur_Fj\u00f6rdLines_Iceland_cVidirBjornsson2.jpg?ssl=1\" layout=\"responsive\" data-srcset=\"\"\/><\/figure><figure class=\"tiled-gallery__item\"><img decoding=\"async\" data-attachment-id=\"3282\" data-permalink=\"https:\/\/boardgeneration.ch\/fr\/freeride-filmfestival-2020-07-29-11-in-at-de-ch-und-it\/runarpetur_fjo%cc%88rdlines_iceland_cvidirbjornsson6\/\" data-orig-file=\"https:\/\/boardgeneration.ch\/wp-content\/uploads\/2020\/09\/RunarPetur_Fjo\u0308rdLines_Iceland_cVidirBjornsson6.jpg\" data-orig-size=\"1620,1080\" data-comments-opened=\"1\" data-image-meta=\"{&quot;aperture&quot;:&quot;0&quot;,&quot;credit&quot;:&quot;&quot;,&quot;camera&quot;:&quot;&quot;,&quot;caption&quot;:&quot;&quot;,&quot;created_timestamp&quot;:&quot;0&quot;,&quot;copyright&quot;:&quot;&quot;,&quot;focal_length&quot;:&quot;0&quot;,&quot;iso&quot;:&quot;0&quot;,&quot;shutter_speed&quot;:&quot;0&quot;,&quot;title&quot;:&quot;&quot;,&quot;orientation&quot;:&quot;0&quot;}\" data-image-title=\"RunarPetur_Fjo\u0308rdLines_Iceland_cVidirBjornsson6\" data-image-description=\"\" data-image-caption=\"\" data-medium-file=\"https:\/\/boardgeneration.ch\/wp-content\/uploads\/2020\/09\/RunarPetur_Fjo\u0308rdLines_Iceland_cVidirBjornsson6-300x200.jpg\" data-large-file=\"https:\/\/boardgeneration.ch\/wp-content\/uploads\/2020\/09\/RunarPetur_Fjo\u0308rdLines_Iceland_cVidirBjornsson6-1024x683.jpg\" role=\"button\" tabindex=\"0\" aria-label=\"Ouvrir l&#039;image 2 sur 5 en plein \u00e9cran\" srcset=\"\" alt=\"\" data-height=\"1080\" data-id=\"3282\" data-link=\"https:\/\/boardgeneration.ch\/?attachment_id=3282\" data-url=\"https:\/\/boardgeneration.ch\/wp-content\/uploads\/2020\/09\/RunarPetur_Fjo\u0308rdLines_Iceland_cVidirBjornsson6.jpg\" data-width=\"1620\" src=\"https:\/\/i0.wp.com\/boardgeneration.ch\/wp-content\/uploads\/2020\/09\/RunarPetur_Fj\u00f6rdLines_Iceland_cVidirBjornsson6.jpg?ssl=1\" layout=\"responsive\" data-srcset=\"\"\/><\/figure><\/div><div class=\"tiled-gallery__col\" style=\"flex-basis:47.338974896181%\"><figure class=\"tiled-gallery__item\"><img decoding=\"async\" data-attachment-id=\"3285\" data-permalink=\"https:\/\/boardgeneration.ch\/fr\/freeride-filmfestival-2020-07-29-11-in-at-de-ch-und-it\/runarpetur_fjo%cc%88rdlines_iceland_cvidirbjornsson14\/\" data-orig-file=\"https:\/\/boardgeneration.ch\/wp-content\/uploads\/2020\/09\/RunarPetur_Fjo\u0308rdLines_Iceland_cVidirBjornsson14-scaled.jpg\" data-orig-size=\"1707,2560\" data-comments-opened=\"1\" data-image-meta=\"{&quot;aperture&quot;:&quot;7.1&quot;,&quot;credit&quot;:&quot;VidirB&quot;,&quot;camera&quot;:&quot;Canon EOS R&quot;,&quot;caption&quot;:&quot;&quot;,&quot;created_timestamp&quot;:&quot;1588164375&quot;,&quot;copyright&quot;:&quot;VidirB&quot;,&quot;focal_length&quot;:&quot;70&quot;,&quot;iso&quot;:&quot;125&quot;,&quot;shutter_speed&quot;:&quot;0.0004&quot;,&quot;title&quot;:&quot;&quot;,&quot;orientation&quot;:&quot;1&quot;}\" data-image-title=\"RunarPetur_Fjo\u0308rdLines_Iceland_cVidirBjornsson14\" data-image-description=\"\" data-image-caption=\"\" data-medium-file=\"https:\/\/boardgeneration.ch\/wp-content\/uploads\/2020\/09\/RunarPetur_Fjo\u0308rdLines_Iceland_cVidirBjornsson14-200x300.jpg\" data-large-file=\"https:\/\/boardgeneration.ch\/wp-content\/uploads\/2020\/09\/RunarPetur_Fjo\u0308rdLines_Iceland_cVidirBjornsson14-683x1024.jpg\" role=\"button\" tabindex=\"0\" aria-label=\"Ouvrir l&#039;image 3 sur 5 en plein \u00e9cran\" srcset=\"\" alt=\"\" data-height=\"2560\" data-id=\"3285\" data-link=\"https:\/\/boardgeneration.ch\/?attachment_id=3285\" data-url=\"https:\/\/boardgeneration.ch\/wp-content\/uploads\/2020\/09\/RunarPetur_Fjo\u0308rdLines_Iceland_cVidirBjornsson14-scaled.jpg\" data-width=\"1707\" src=\"https:\/\/i2.wp.com\/boardgeneration.ch\/wp-content\/uploads\/2020\/09\/RunarPetur_Fj\u00f6rdLines_Iceland_cVidirBjornsson14-scaled.jpg?ssl=1\" layout=\"responsive\" data-srcset=\"\"\/><\/figure><\/div><\/div><div class=\"tiled-gallery__row\"><div class=\"tiled-gallery__col\" style=\"flex-basis:54.261004624236655%\"><figure class=\"tiled-gallery__item\"><img decoding=\"async\" data-attachment-id=\"3287\" data-permalink=\"https:\/\/boardgeneration.ch\/fr\/freeride-filmfestival-2020-07-29-11-in-at-de-ch-und-it\/vidirbjornsson_fjo%cc%88rdlines_iceland_cvidirbjornsson1\/\" data-orig-file=\"https:\/\/boardgeneration.ch\/wp-content\/uploads\/2020\/09\/VidirBjornsson_Fjo\u0308rdLines_Iceland_cVidirBjornsson1.jpg\" data-orig-size=\"1920,1080\" data-comments-opened=\"1\" data-image-meta=\"{&quot;aperture&quot;:&quot;0&quot;,&quot;credit&quot;:&quot;&quot;,&quot;camera&quot;:&quot;&quot;,&quot;caption&quot;:&quot;&quot;,&quot;created_timestamp&quot;:&quot;0&quot;,&quot;copyright&quot;:&quot;&quot;,&quot;focal_length&quot;:&quot;0&quot;,&quot;iso&quot;:&quot;0&quot;,&quot;shutter_speed&quot;:&quot;0&quot;,&quot;title&quot;:&quot;&quot;,&quot;orientation&quot;:&quot;1&quot;}\" data-image-title=\"VidirBjornsson_Fjo\u0308rdLines_Iceland_cVidirBjornsson1\" data-image-description=\"\" data-image-caption=\"\" data-medium-file=\"https:\/\/boardgeneration.ch\/wp-content\/uploads\/2020\/09\/VidirBjornsson_Fjo\u0308rdLines_Iceland_cVidirBjornsson1-300x169.jpg\" data-large-file=\"https:\/\/boardgeneration.ch\/wp-content\/uploads\/2020\/09\/VidirBjornsson_Fjo\u0308rdLines_Iceland_cVidirBjornsson1-1024x576.jpg\" role=\"button\" tabindex=\"0\" aria-label=\"Ouvrir l&#039;image 4 sur 5 en plein \u00e9cran\" srcset=\"\" alt=\"\" data-height=\"1080\" data-id=\"3287\" data-link=\"https:\/\/boardgeneration.ch\/?attachment_id=3287\" data-url=\"https:\/\/boardgeneration.ch\/wp-content\/uploads\/2020\/09\/VidirBjornsson_Fjo\u0308rdLines_Iceland_cVidirBjornsson1.jpg\" data-width=\"1920\" src=\"https:\/\/i2.wp.com\/boardgeneration.ch\/wp-content\/uploads\/2020\/09\/VidirBjornsson_Fj\u00f6rdLines_Iceland_cVidirBjornsson1.jpg?ssl=1\" layout=\"responsive\" data-srcset=\"\"\/><\/figure><\/div><div class=\"tiled-gallery__col\" style=\"flex-basis:45.73899537576335%\"><figure class=\"tiled-gallery__item\"><img decoding=\"async\" data-attachment-id=\"3293\" data-permalink=\"https:\/\/boardgeneration.ch\/fr\/freeride-filmfestival-2020-07-29-11-in-at-de-ch-und-it\/runarpetur_fjo%cc%88rdlines_iceland_cvidirbjornsson17-1\/\" data-orig-file=\"https:\/\/boardgeneration.ch\/wp-content\/uploads\/2020\/09\/RunarPetur_Fjo\u0308rdLines_Iceland_cVidirBjornsson17-1-scaled.jpg\" data-orig-size=\"2560,1710\" data-comments-opened=\"1\" data-image-meta=\"{&quot;aperture&quot;:&quot;8&quot;,&quot;credit&quot;:&quot;vidirb&quot;,&quot;camera&quot;:&quot;ILCE-7SM2&quot;,&quot;caption&quot;:&quot;&quot;,&quot;created_timestamp&quot;:&quot;1525380496&quot;,&quot;copyright&quot;:&quot;vidirb&quot;,&quot;focal_length&quot;:&quot;59&quot;,&quot;iso&quot;:&quot;250&quot;,&quot;shutter_speed&quot;:&quot;0.0025&quot;,&quot;title&quot;:&quot;&quot;,&quot;orientation&quot;:&quot;1&quot;}\" data-image-title=\"RunarPetur_Fjo\u0308rdLines_Iceland_cVidirBjornsson17-1\" data-image-description=\"\" data-image-caption=\"\" data-medium-file=\"https:\/\/boardgeneration.ch\/wp-content\/uploads\/2020\/09\/RunarPetur_Fjo\u0308rdLines_Iceland_cVidirBjornsson17-1-300x200.jpg\" data-large-file=\"https:\/\/boardgeneration.ch\/wp-content\/uploads\/2020\/09\/RunarPetur_Fjo\u0308rdLines_Iceland_cVidirBjornsson17-1-1024x684.jpg\" role=\"button\" tabindex=\"0\" aria-label=\"Ouvrir l&#039;image 5 sur 5 en plein \u00e9cran\" srcset=\"\" alt=\"\" data-height=\"1710\" data-id=\"3293\" data-link=\"https:\/\/boardgeneration.ch\/?attachment_id=3293\" data-url=\"https:\/\/boardgeneration.ch\/wp-content\/uploads\/2020\/09\/RunarPetur_Fjo\u0308rdLines_Iceland_cVidirBjornsson17-1-scaled.jpg\" data-width=\"2560\" src=\"https:\/\/i1.wp.com\/boardgeneration.ch\/wp-content\/uploads\/2020\/09\/RunarPetur_Fj\u00f6rdLines_Iceland_cVidirBjornsson17-1-scaled.jpg?ssl=1\" layout=\"responsive\" data-srcset=\"\"\/><\/figure><\/div><\/div><\/div><\/div>\n\n\n\n<p>Le film est au moins aussi individuel\".<strong>Bill\u00f8s\/Carless\"<\/strong> par le Norv\u00e9gien Andreas K\u00f8hn.<em> Bill\u00f8s<\/em> signifie en allemand <em>sans souci<\/em>et <em>sans voiture<\/em> (<em>autoless<\/em>) est Andreas, car une r\u00e9paration de sa voiture est trop co\u00fbteuse pour lui. Il renonce donc compl\u00e8tement \u00e0 ce luxe, change de v\u00e9lo et part en tourn\u00e9e avec lui depuis deux ans dans les r\u00e9gions de Bod\u00f8, Lyngen et Lofoten. Andreas K\u00f8hn est un solitaire et un peu solitaire aussi. Il l'admet tr\u00e8s ouvertement. Cela inclut \u00e9galement son d\u00e9sir de r\u00e9duire les \u00e9missions. Ce film est \"simple et basique dans ce qu'il a de meilleur\". Presque tout a \u00e9t\u00e9 film\u00e9 par lui-m\u00eame et \u00e0 part un voyage en ferry vers les Lofoten, il n'y a que la force musculaire. Andreas ne se laisse pas arr\u00eater par la pluie ou les surfaces glac\u00e9es et regarde toujours avec beaucoup d'auto-ironie vers un avenir meilleur : \"Le mois prochain sera g\u00e9nial. Le mois prochain\". <\/p>\n\n\n\n<div class=\"wp-block-jetpack-tiled-gallery aligncenter is-style-rectangular\"><div class=\"tiled-gallery__gallery\"><div class=\"tiled-gallery__row\"><div class=\"tiled-gallery__col\" style=\"flex-basis:66.8041819725416%\"><figure class=\"tiled-gallery__item\"><img decoding=\"async\" data-attachment-id=\"3281\" data-permalink=\"https:\/\/boardgeneration.ch\/fr\/freeride-filmfestival-2020-07-29-11-in-at-de-ch-und-it\/andreaskohn_billoscarless_norwaybodo_candreaskohn3\/\" data-orig-file=\"https:\/\/boardgeneration.ch\/wp-content\/uploads\/2020\/09\/AndreasKohn_BillosCarless_@NorwayBodo_cAndreasKohn3-scaled.jpg\" data-orig-size=\"2560,1707\" data-comments-opened=\"1\" data-image-meta=\"{&quot;aperture&quot;:&quot;0&quot;,&quot;credit&quot;:&quot;&quot;,&quot;camera&quot;:&quot;&quot;,&quot;caption&quot;:&quot;&quot;,&quot;created_timestamp&quot;:&quot;0&quot;,&quot;copyright&quot;:&quot;&quot;,&quot;focal_length&quot;:&quot;0&quot;,&quot;iso&quot;:&quot;0&quot;,&quot;shutter_speed&quot;:&quot;0&quot;,&quot;title&quot;:&quot;&quot;,&quot;orientation&quot;:&quot;1&quot;}\" data-image-title=\"AndreasKohn_BillosCarless_@NorwayBodo_cAndreasKohn3\" data-image-description=\"\" data-image-caption=\"\" data-medium-file=\"https:\/\/boardgeneration.ch\/wp-content\/uploads\/2020\/09\/AndreasKohn_BillosCarless_@NorwayBodo_cAndreasKohn3-300x200.jpg\" data-large-file=\"https:\/\/boardgeneration.ch\/wp-content\/uploads\/2020\/09\/AndreasKohn_BillosCarless_@NorwayBodo_cAndreasKohn3-1024x683.jpg\" role=\"button\" tabindex=\"0\" aria-label=\"Ouvrir l&#039;image 1 sur 6 en plein \u00e9cran\" srcset=\"https:\/\/i0.wp.com\/boardgeneration.ch\/wp-content\/uploads\/2020\/09\/AndreasKohn_BillosCarless_@NorwayBodo_cAndreasKohn3-scaled.jpg?strip=info&#038;w=600&#038;ssl=1 600w,https:\/\/i0.wp.com\/boardgeneration.ch\/wp-content\/uploads\/2020\/09\/AndreasKohn_BillosCarless_@NorwayBodo_cAndreasKohn3-scaled.jpg?strip=info&#038;w=900&#038;ssl=1 900w,https:\/\/i0.wp.com\/boardgeneration.ch\/wp-content\/uploads\/2020\/09\/AndreasKohn_BillosCarless_@NorwayBodo_cAndreasKohn3-scaled.jpg?strip=info&#038;w=1200&#038;ssl=1 1200w,https:\/\/i0.wp.com\/boardgeneration.ch\/wp-content\/uploads\/2020\/09\/AndreasKohn_BillosCarless_@NorwayBodo_cAndreasKohn3-scaled.jpg?strip=info&#038;w=1500&#038;ssl=1 1500w,https:\/\/i0.wp.com\/boardgeneration.ch\/wp-content\/uploads\/2020\/09\/AndreasKohn_BillosCarless_@NorwayBodo_cAndreasKohn3-scaled.jpg?strip=info&#038;w=1800&#038;ssl=1 1800w,https:\/\/i0.wp.com\/boardgeneration.ch\/wp-content\/uploads\/2020\/09\/AndreasKohn_BillosCarless_@NorwayBodo_cAndreasKohn3-scaled.jpg?strip=info&#038;w=2000&#038;ssl=1 2000w\" alt=\"\" data-height=\"1707\" data-id=\"3281\" data-link=\"https:\/\/boardgeneration.ch\/?attachment_id=3281\" data-url=\"https:\/\/boardgeneration.ch\/wp-content\/uploads\/2020\/09\/AndreasKohn_BillosCarless_@NorwayBodo_cAndreasKohn3-scaled.jpg\" data-width=\"2560\" src=\"https:\/\/i0.wp.com\/boardgeneration.ch\/wp-content\/uploads\/2020\/09\/AndreasKohn_BillosCarless_@NorwayBodo_cAndreasKohn3-scaled.jpg?ssl=1\" layout=\"responsive\"\/><\/figure><\/div><div class=\"tiled-gallery__col\" style=\"flex-basis:33.195818027458394%\"><figure class=\"tiled-gallery__item\"><img decoding=\"async\" data-attachment-id=\"3286\" data-permalink=\"https:\/\/boardgeneration.ch\/fr\/freeride-filmfestival-2020-07-29-11-in-at-de-ch-und-it\/andreaskohn_billoscarless_norwayheggemo_candreas-kohn04\/\" data-orig-file=\"https:\/\/boardgeneration.ch\/wp-content\/uploads\/2020\/09\/AndreasKohn_BillosCarless_@NorwayHeggemo_cAndreas-Kohn04-scaled.jpg\" data-orig-size=\"2560,1701\" data-comments-opened=\"1\" data-image-meta=\"{&quot;aperture&quot;:&quot;2.8&quot;,&quot;credit&quot;:&quot;&quot;,&quot;camera&quot;:&quot;FC2103&quot;,&quot;caption&quot;:&quot;&quot;,&quot;created_timestamp&quot;:&quot;1518965468&quot;,&quot;copyright&quot;:&quot;&quot;,&quot;focal_length&quot;:&quot;4.5&quot;,&quot;iso&quot;:&quot;117&quot;,&quot;shutter_speed&quot;:&quot;0.0027027027027027&quot;,&quot;title&quot;:&quot;&quot;,&quot;orientation&quot;:&quot;1&quot;}\" data-image-title=\"AndreasKohn_BillosCarless_@NorwayHeggemo_cAndreas-Kohn04\" data-image-description=\"\" data-image-caption=\"\" data-medium-file=\"https:\/\/boardgeneration.ch\/wp-content\/uploads\/2020\/09\/AndreasKohn_BillosCarless_@NorwayHeggemo_cAndreas-Kohn04-300x199.jpg\" data-large-file=\"https:\/\/boardgeneration.ch\/wp-content\/uploads\/2020\/09\/AndreasKohn_BillosCarless_@NorwayHeggemo_cAndreas-Kohn04-1024x680.jpg\" role=\"button\" tabindex=\"0\" aria-label=\"Ouvrir l&#039;image 2 sur 6 en plein \u00e9cran\" srcset=\"https:\/\/i1.wp.com\/boardgeneration.ch\/wp-content\/uploads\/2020\/09\/AndreasKohn_BillosCarless_@NorwayHeggemo_cAndreas-Kohn04-scaled.jpg?strip=info&#038;w=600&#038;ssl=1 600w,https:\/\/i1.wp.com\/boardgeneration.ch\/wp-content\/uploads\/2020\/09\/AndreasKohn_BillosCarless_@NorwayHeggemo_cAndreas-Kohn04-scaled.jpg?strip=info&#038;w=900&#038;ssl=1 900w,https:\/\/i1.wp.com\/boardgeneration.ch\/wp-content\/uploads\/2020\/09\/AndreasKohn_BillosCarless_@NorwayHeggemo_cAndreas-Kohn04-scaled.jpg?strip=info&#038;w=1200&#038;ssl=1 1200w,https:\/\/i1.wp.com\/boardgeneration.ch\/wp-content\/uploads\/2020\/09\/AndreasKohn_BillosCarless_@NorwayHeggemo_cAndreas-Kohn04-scaled.jpg?strip=info&#038;w=1500&#038;ssl=1 1500w,https:\/\/i1.wp.com\/boardgeneration.ch\/wp-content\/uploads\/2020\/09\/AndreasKohn_BillosCarless_@NorwayHeggemo_cAndreas-Kohn04-scaled.jpg?strip=info&#038;w=1800&#038;ssl=1 1800w,https:\/\/i1.wp.com\/boardgeneration.ch\/wp-content\/uploads\/2020\/09\/AndreasKohn_BillosCarless_@NorwayHeggemo_cAndreas-Kohn04-scaled.jpg?strip=info&#038;w=2000&#038;ssl=1 2000w\" alt=\"\" data-height=\"1701\" data-id=\"3286\" data-link=\"https:\/\/boardgeneration.ch\/?attachment_id=3286\" data-url=\"https:\/\/boardgeneration.ch\/wp-content\/uploads\/2020\/09\/AndreasKohn_BillosCarless_@NorwayHeggemo_cAndreas-Kohn04-scaled.jpg\" data-width=\"2560\" src=\"https:\/\/i1.wp.com\/boardgeneration.ch\/wp-content\/uploads\/2020\/09\/AndreasKohn_BillosCarless_@NorwayHeggemo_cAndreas-Kohn04-scaled.jpg?ssl=1\" layout=\"responsive\"\/><\/figure><figure class=\"tiled-gallery__item\"><img decoding=\"async\" data-attachment-id=\"3289\" data-permalink=\"https:\/\/boardgeneration.ch\/fr\/freeride-filmfestival-2020-07-29-11-in-at-de-ch-und-it\/andreaskohn_billoscarless_norwayheia_candreas-kohn\/\" data-orig-file=\"https:\/\/boardgeneration.ch\/wp-content\/uploads\/2020\/09\/AndreasKohn_BillosCarless_@NorwayHeia_cAndreas-Kohn-scaled.jpg\" data-orig-size=\"2560,1707\" data-comments-opened=\"1\" data-image-meta=\"{&quot;aperture&quot;:&quot;0&quot;,&quot;credit&quot;:&quot;&quot;,&quot;camera&quot;:&quot;&quot;,&quot;caption&quot;:&quot;&quot;,&quot;created_timestamp&quot;:&quot;0&quot;,&quot;copyright&quot;:&quot;&quot;,&quot;focal_length&quot;:&quot;0&quot;,&quot;iso&quot;:&quot;0&quot;,&quot;shutter_speed&quot;:&quot;0&quot;,&quot;title&quot;:&quot;&quot;,&quot;orientation&quot;:&quot;1&quot;}\" data-image-title=\"AndreasKohn_BillosCarless_@NorwayHeia_cAndreas-Kohn\" data-image-description=\"\" data-image-caption=\"\" data-medium-file=\"https:\/\/boardgeneration.ch\/wp-content\/uploads\/2020\/09\/AndreasKohn_BillosCarless_@NorwayHeia_cAndreas-Kohn-300x200.jpg\" data-large-file=\"https:\/\/boardgeneration.ch\/wp-content\/uploads\/2020\/09\/AndreasKohn_BillosCarless_@NorwayHeia_cAndreas-Kohn-1024x683.jpg\" role=\"button\" tabindex=\"0\" aria-label=\"Ouvrir l&#039;image 3 sur 6 en plein \u00e9cran\" srcset=\"https:\/\/i1.wp.com\/boardgeneration.ch\/wp-content\/uploads\/2020\/09\/AndreasKohn_BillosCarless_@NorwayHeia_cAndreas-Kohn-scaled.jpg?strip=info&#038;w=600&#038;ssl=1 600w,https:\/\/i1.wp.com\/boardgeneration.ch\/wp-content\/uploads\/2020\/09\/AndreasKohn_BillosCarless_@NorwayHeia_cAndreas-Kohn-scaled.jpg?strip=info&#038;w=900&#038;ssl=1 900w,https:\/\/i1.wp.com\/boardgeneration.ch\/wp-content\/uploads\/2020\/09\/AndreasKohn_BillosCarless_@NorwayHeia_cAndreas-Kohn-scaled.jpg?strip=info&#038;w=1200&#038;ssl=1 1200w,https:\/\/i1.wp.com\/boardgeneration.ch\/wp-content\/uploads\/2020\/09\/AndreasKohn_BillosCarless_@NorwayHeia_cAndreas-Kohn-scaled.jpg?strip=info&#038;w=1500&#038;ssl=1 1500w,https:\/\/i1.wp.com\/boardgeneration.ch\/wp-content\/uploads\/2020\/09\/AndreasKohn_BillosCarless_@NorwayHeia_cAndreas-Kohn-scaled.jpg?strip=info&#038;w=1800&#038;ssl=1 1800w,https:\/\/i1.wp.com\/boardgeneration.ch\/wp-content\/uploads\/2020\/09\/AndreasKohn_BillosCarless_@NorwayHeia_cAndreas-Kohn-scaled.jpg?strip=info&#038;w=2000&#038;ssl=1 2000w\" alt=\"\" data-height=\"1707\" data-id=\"3289\" data-link=\"https:\/\/boardgeneration.ch\/?attachment_id=3289\" data-url=\"https:\/\/boardgeneration.ch\/wp-content\/uploads\/2020\/09\/AndreasKohn_BillosCarless_@NorwayHeia_cAndreas-Kohn-scaled.jpg\" data-width=\"2560\" src=\"https:\/\/i1.wp.com\/boardgeneration.ch\/wp-content\/uploads\/2020\/09\/AndreasKohn_BillosCarless_@NorwayHeia_cAndreas-Kohn-scaled.jpg?ssl=1\" layout=\"responsive\"\/><\/figure><\/div><\/div><div class=\"tiled-gallery__row\"><div class=\"tiled-gallery__col\" style=\"flex-basis:35.61927624704551%\"><figure class=\"tiled-gallery__item\"><img decoding=\"async\" data-attachment-id=\"3290\" data-permalink=\"https:\/\/boardgeneration.ch\/fr\/freeride-filmfestival-2020-07-29-11-in-at-de-ch-und-it\/andreaskohn_billoscarless_norwaylofoten_candreaskohn16\/\" data-orig-file=\"https:\/\/boardgeneration.ch\/wp-content\/uploads\/2020\/09\/AndreasKohn_BillosCarless_@NorwayLofoten_cAndreasKohn16-scaled.jpg\" data-orig-size=\"2560,1434\" data-comments-opened=\"1\" data-image-meta=\"{&quot;aperture&quot;:&quot;2.8&quot;,&quot;credit&quot;:&quot;&quot;,&quot;camera&quot;:&quot;FC2103&quot;,&quot;caption&quot;:&quot;&quot;,&quot;created_timestamp&quot;:&quot;1587384835&quot;,&quot;copyright&quot;:&quot;&quot;,&quot;focal_length&quot;:&quot;4.5&quot;,&quot;iso&quot;:&quot;101&quot;,&quot;shutter_speed&quot;:&quot;0.00027027027027027&quot;,&quot;title&quot;:&quot;&quot;,&quot;orientation&quot;:&quot;1&quot;}\" data-image-title=\"AndreasKohn_BillosCarless_@NorwayLofoten_cAndreasKohn16\" data-image-description=\"\" data-image-caption=\"\" data-medium-file=\"https:\/\/boardgeneration.ch\/wp-content\/uploads\/2020\/09\/AndreasKohn_BillosCarless_@NorwayLofoten_cAndreasKohn16-300x168.jpg\" data-large-file=\"https:\/\/boardgeneration.ch\/wp-content\/uploads\/2020\/09\/AndreasKohn_BillosCarless_@NorwayLofoten_cAndreasKohn16-1024x574.jpg\" role=\"button\" tabindex=\"0\" aria-label=\"Ouvrir l&#039;image 4 sur 6 en plein \u00e9cran\" srcset=\"https:\/\/i0.wp.com\/boardgeneration.ch\/wp-content\/uploads\/2020\/09\/AndreasKohn_BillosCarless_@NorwayLofoten_cAndreasKohn16-scaled.jpg?strip=info&#038;w=600&#038;ssl=1 600w,https:\/\/i0.wp.com\/boardgeneration.ch\/wp-content\/uploads\/2020\/09\/AndreasKohn_BillosCarless_@NorwayLofoten_cAndreasKohn16-scaled.jpg?strip=info&#038;w=900&#038;ssl=1 900w,https:\/\/i0.wp.com\/boardgeneration.ch\/wp-content\/uploads\/2020\/09\/AndreasKohn_BillosCarless_@NorwayLofoten_cAndreasKohn16-scaled.jpg?strip=info&#038;w=1200&#038;ssl=1 1200w,https:\/\/i0.wp.com\/boardgeneration.ch\/wp-content\/uploads\/2020\/09\/AndreasKohn_BillosCarless_@NorwayLofoten_cAndreasKohn16-scaled.jpg?strip=info&#038;w=1500&#038;ssl=1 1500w,https:\/\/i0.wp.com\/boardgeneration.ch\/wp-content\/uploads\/2020\/09\/AndreasKohn_BillosCarless_@NorwayLofoten_cAndreasKohn16-scaled.jpg?strip=info&#038;w=1800&#038;ssl=1 1800w,https:\/\/i0.wp.com\/boardgeneration.ch\/wp-content\/uploads\/2020\/09\/AndreasKohn_BillosCarless_@NorwayLofoten_cAndreasKohn16-scaled.jpg?strip=info&#038;w=2000&#038;ssl=1 2000w\" alt=\"\" data-height=\"1434\" data-id=\"3290\" data-link=\"https:\/\/boardgeneration.ch\/?attachment_id=3290\" data-url=\"https:\/\/boardgeneration.ch\/wp-content\/uploads\/2020\/09\/AndreasKohn_BillosCarless_@NorwayLofoten_cAndreasKohn16-scaled.jpg\" data-width=\"2560\" src=\"https:\/\/i0.wp.com\/boardgeneration.ch\/wp-content\/uploads\/2020\/09\/AndreasKohn_BillosCarless_@NorwayLofoten_cAndreasKohn16-scaled.jpg?ssl=1\" layout=\"responsive\"\/><\/figure><figure class=\"tiled-gallery__item\"><img decoding=\"async\" data-attachment-id=\"3292\" data-permalink=\"https:\/\/boardgeneration.ch\/fr\/freeride-filmfestival-2020-07-29-11-in-at-de-ch-und-it\/andreaskohn_billoscarless_norwaylofoten_candreaskohn24\/\" data-orig-file=\"https:\/\/boardgeneration.ch\/wp-content\/uploads\/2020\/09\/AndreasKohn_BillosCarless_@NorwayLofoten_cAndreasKohn24-scaled.jpg\" data-orig-size=\"2560,1458\" data-comments-opened=\"1\" data-image-meta=\"{&quot;aperture&quot;:&quot;5&quot;,&quot;credit&quot;:&quot;&quot;,&quot;camera&quot;:&quot;Canon PowerShot G16&quot;,&quot;caption&quot;:&quot;&quot;,&quot;created_timestamp&quot;:&quot;1488622865&quot;,&quot;copyright&quot;:&quot;&quot;,&quot;focal_length&quot;:&quot;6.1&quot;,&quot;iso&quot;:&quot;125&quot;,&quot;shutter_speed&quot;:&quot;0.005&quot;,&quot;title&quot;:&quot;&quot;,&quot;orientation&quot;:&quot;1&quot;}\" data-image-title=\"AndreasKohn_BillosCarless_@NorwayLofoten_cAndreasKohn24\" data-image-description=\"\" data-image-caption=\"\" data-medium-file=\"https:\/\/boardgeneration.ch\/wp-content\/uploads\/2020\/09\/AndreasKohn_BillosCarless_@NorwayLofoten_cAndreasKohn24-300x171.jpg\" data-large-file=\"https:\/\/boardgeneration.ch\/wp-content\/uploads\/2020\/09\/AndreasKohn_BillosCarless_@NorwayLofoten_cAndreasKohn24-1024x583.jpg\" role=\"button\" tabindex=\"0\" aria-label=\"Ouvrir l&#039;image 5 sur 6 en plein \u00e9cran\" srcset=\"https:\/\/i1.wp.com\/boardgeneration.ch\/wp-content\/uploads\/2020\/09\/AndreasKohn_BillosCarless_@NorwayLofoten_cAndreasKohn24-scaled.jpg?strip=info&#038;w=600&#038;ssl=1 600w,https:\/\/i1.wp.com\/boardgeneration.ch\/wp-content\/uploads\/2020\/09\/AndreasKohn_BillosCarless_@NorwayLofoten_cAndreasKohn24-scaled.jpg?strip=info&#038;w=900&#038;ssl=1 900w,https:\/\/i1.wp.com\/boardgeneration.ch\/wp-content\/uploads\/2020\/09\/AndreasKohn_BillosCarless_@NorwayLofoten_cAndreasKohn24-scaled.jpg?strip=info&#038;w=1200&#038;ssl=1 1200w,https:\/\/i1.wp.com\/boardgeneration.ch\/wp-content\/uploads\/2020\/09\/AndreasKohn_BillosCarless_@NorwayLofoten_cAndreasKohn24-scaled.jpg?strip=info&#038;w=1500&#038;ssl=1 1500w,https:\/\/i1.wp.com\/boardgeneration.ch\/wp-content\/uploads\/2020\/09\/AndreasKohn_BillosCarless_@NorwayLofoten_cAndreasKohn24-scaled.jpg?strip=info&#038;w=1800&#038;ssl=1 1800w,https:\/\/i1.wp.com\/boardgeneration.ch\/wp-content\/uploads\/2020\/09\/AndreasKohn_BillosCarless_@NorwayLofoten_cAndreasKohn24-scaled.jpg?strip=info&#038;w=2000&#038;ssl=1 2000w\" alt=\"\" data-height=\"1458\" data-id=\"3292\" data-link=\"https:\/\/boardgeneration.ch\/?attachment_id=3292\" data-url=\"https:\/\/boardgeneration.ch\/wp-content\/uploads\/2020\/09\/AndreasKohn_BillosCarless_@NorwayLofoten_cAndreasKohn24-scaled.jpg\" data-width=\"2560\" src=\"https:\/\/i1.wp.com\/boardgeneration.ch\/wp-content\/uploads\/2020\/09\/AndreasKohn_BillosCarless_@NorwayLofoten_cAndreasKohn24-scaled.jpg?ssl=1\" layout=\"responsive\"\/><\/figure><\/div><div class=\"tiled-gallery__col\" style=\"flex-basis:64.38072375295448%\"><figure class=\"tiled-gallery__item\"><img decoding=\"async\" data-attachment-id=\"3294\" data-permalink=\"https:\/\/boardgeneration.ch\/fr\/freeride-filmfestival-2020-07-29-11-in-at-de-ch-und-it\/andreaskohn_billoscarless_norwaylofoten_candreaskohn38\/\" data-orig-file=\"https:\/\/boardgeneration.ch\/wp-content\/uploads\/2020\/09\/AndreasKohn_BillosCarless_@NorwayLofoten_cAndreasKohn38-scaled.jpg\" data-orig-size=\"2560,1616\" data-comments-opened=\"1\" data-image-meta=\"{&quot;aperture&quot;:&quot;7.1&quot;,&quot;credit&quot;:&quot;&quot;,&quot;camera&quot;:&quot;Canon PowerShot G16&quot;,&quot;caption&quot;:&quot;&quot;,&quot;created_timestamp&quot;:&quot;1490452010&quot;,&quot;copyright&quot;:&quot;&quot;,&quot;focal_length&quot;:&quot;6.1&quot;,&quot;iso&quot;:&quot;100&quot;,&quot;shutter_speed&quot;:&quot;0.003125&quot;,&quot;title&quot;:&quot;&quot;,&quot;orientation&quot;:&quot;1&quot;}\" data-image-title=\"AndreasKohn_BillosCarless_@NorwayLofoten_cAndreasKohn38\" data-image-description=\"\" data-image-caption=\"\" data-medium-file=\"https:\/\/boardgeneration.ch\/wp-content\/uploads\/2020\/09\/AndreasKohn_BillosCarless_@NorwayLofoten_cAndreasKohn38-300x189.jpg\" data-large-file=\"https:\/\/boardgeneration.ch\/wp-content\/uploads\/2020\/09\/AndreasKohn_BillosCarless_@NorwayLofoten_cAndreasKohn38-1024x646.jpg\" role=\"button\" tabindex=\"0\" aria-label=\"Ouvrir l&#039;image 6 sur 6 en plein \u00e9cran\" srcset=\"https:\/\/i0.wp.com\/boardgeneration.ch\/wp-content\/uploads\/2020\/09\/AndreasKohn_BillosCarless_@NorwayLofoten_cAndreasKohn38-scaled.jpg?strip=info&#038;w=600&#038;ssl=1 600w,https:\/\/i0.wp.com\/boardgeneration.ch\/wp-content\/uploads\/2020\/09\/AndreasKohn_BillosCarless_@NorwayLofoten_cAndreasKohn38-scaled.jpg?strip=info&#038;w=900&#038;ssl=1 900w,https:\/\/i0.wp.com\/boardgeneration.ch\/wp-content\/uploads\/2020\/09\/AndreasKohn_BillosCarless_@NorwayLofoten_cAndreasKohn38-scaled.jpg?strip=info&#038;w=1200&#038;ssl=1 1200w,https:\/\/i0.wp.com\/boardgeneration.ch\/wp-content\/uploads\/2020\/09\/AndreasKohn_BillosCarless_@NorwayLofoten_cAndreasKohn38-scaled.jpg?strip=info&#038;w=1500&#038;ssl=1 1500w,https:\/\/i0.wp.com\/boardgeneration.ch\/wp-content\/uploads\/2020\/09\/AndreasKohn_BillosCarless_@NorwayLofoten_cAndreasKohn38-scaled.jpg?strip=info&#038;w=1800&#038;ssl=1 1800w,https:\/\/i0.wp.com\/boardgeneration.ch\/wp-content\/uploads\/2020\/09\/AndreasKohn_BillosCarless_@NorwayLofoten_cAndreasKohn38-scaled.jpg?strip=info&#038;w=2000&#038;ssl=1 2000w\" alt=\"\" data-height=\"1616\" data-id=\"3294\" data-link=\"https:\/\/boardgeneration.ch\/?attachment_id=3294\" data-url=\"https:\/\/boardgeneration.ch\/wp-content\/uploads\/2020\/09\/AndreasKohn_BillosCarless_@NorwayLofoten_cAndreasKohn38-scaled.jpg\" data-width=\"2560\" src=\"https:\/\/i0.wp.com\/boardgeneration.ch\/wp-content\/uploads\/2020\/09\/AndreasKohn_BillosCarless_@NorwayLofoten_cAndreasKohn38-scaled.jpg?ssl=1\" layout=\"responsive\"\/><\/figure><\/div><\/div><\/div><\/div>\n\n\n\n<p>Enfin, quelque chose de tr\u00e8s satirique. \u00c0 l'adresse suivante : <strong>\"Le Tyrolien et son Piefke - Partie 2\"<\/strong> Le cin\u00e9aste Michael Bernshausen pr\u00e9sente un \u00e9ternel classique des Alpes tyroliennes. Un local, en l'occurrence Roman Rohrmoser du Zillertal, et un allemand, Felix Wiemers de Hesse, ont toutes sortes de probl\u00e8mes de communication. Ce qui unit les deux : Skier au plus haut niveau. La base de ce persiflage de film de ski est la s\u00e9rie t\u00e9l\u00e9vis\u00e9e \u00e0 succ\u00e8s \"The Piefke Saga\" du d\u00e9but des ann\u00e9es 1990.<br>Bernshausen s'est orient\u00e9 sur ce classique et ajoute maintenant la suite apr\u00e8s la premi\u00e8re partie de \"Der Tiroler und sein Piefke\". Une fois de plus, il dresse un portrait de l'\u00e9ternelle relation amour-haine entre Autrichiens et Allemands avec une forte touche d'humour noir. Le public doit d\u00e9cider lui-m\u00eame de la gravit\u00e9 des malentendus linguistiques et culturels.<\/p>\n\n\n\n<div class=\"wp-block-jetpack-tiled-gallery aligncenter is-style-rectangular\"><div class=\"tiled-gallery__gallery\"><div class=\"tiled-gallery__row\"><div class=\"tiled-gallery__col\" style=\"flex-basis:30.060132329719153%\"><figure class=\"tiled-gallery__item\"><img decoding=\"async\" data-attachment-id=\"3283\" data-permalink=\"https:\/\/boardgeneration.ch\/fr\/freeride-filmfestival-2020-07-29-11-in-at-de-ch-und-it\/dcim100goprogopr0216-jpg\/\" data-orig-file=\"https:\/\/boardgeneration.ch\/wp-content\/uploads\/2020\/09\/FelixWiemers_TirolerPiefke_cMIDIAFILM-MichaelBernshausen.jpg\" data-orig-size=\"1608,1901\" data-comments-opened=\"1\" data-image-meta=\"{&quot;aperture&quot;:&quot;2.8&quot;,&quot;credit&quot;:&quot;&quot;,&quot;camera&quot;:&quot;HERO8 Black&quot;,&quot;caption&quot;:&quot;DCIM100GOPROGOPR0216.JPG&quot;,&quot;created_timestamp&quot;:&quot;1578401145&quot;,&quot;copyright&quot;:&quot;&quot;,&quot;focal_length&quot;:&quot;3&quot;,&quot;iso&quot;:&quot;1026&quot;,&quot;shutter_speed&quot;:&quot;0.0083333333333333&quot;,&quot;title&quot;:&quot;DCIM100GOPROGOPR0216.JPG&quot;,&quot;orientation&quot;:&quot;1&quot;}\" data-image-title=\"DCIM\\100GOPRO\\GOPR0216.JPG\" data-image-description=\"\" data-image-caption=\"&lt;p&gt;DCIM\\100GOPRO\\GOPR0216.JPG&lt;\/p&gt;\" data-medium-file=\"https:\/\/boardgeneration.ch\/wp-content\/uploads\/2020\/09\/FelixWiemers_TirolerPiefke_cMIDIAFILM-MichaelBernshausen-254x300.jpg\" data-large-file=\"https:\/\/boardgeneration.ch\/wp-content\/uploads\/2020\/09\/FelixWiemers_TirolerPiefke_cMIDIAFILM-MichaelBernshausen-866x1024.jpg\" role=\"button\" tabindex=\"0\" aria-label=\"Ouvrir l&#039;image 1 sur 3 en plein \u00e9cran\" srcset=\"https:\/\/i0.wp.com\/boardgeneration.ch\/wp-content\/uploads\/2020\/09\/FelixWiemers_TirolerPiefke_cMIDIAFILM-MichaelBernshausen.jpg?strip=info&#038;w=600&#038;ssl=1 600w,https:\/\/i0.wp.com\/boardgeneration.ch\/wp-content\/uploads\/2020\/09\/FelixWiemers_TirolerPiefke_cMIDIAFILM-MichaelBernshausen.jpg?strip=info&#038;w=900&#038;ssl=1 900w,https:\/\/i0.wp.com\/boardgeneration.ch\/wp-content\/uploads\/2020\/09\/FelixWiemers_TirolerPiefke_cMIDIAFILM-MichaelBernshausen.jpg?strip=info&#038;w=1200&#038;ssl=1 1200w,https:\/\/i0.wp.com\/boardgeneration.ch\/wp-content\/uploads\/2020\/09\/FelixWiemers_TirolerPiefke_cMIDIAFILM-MichaelBernshausen.jpg?strip=info&#038;w=1500&#038;ssl=1 1500w,https:\/\/i0.wp.com\/boardgeneration.ch\/wp-content\/uploads\/2020\/09\/FelixWiemers_TirolerPiefke_cMIDIAFILM-MichaelBernshausen.jpg?strip=info&#038;w=1608&#038;ssl=1 1608w\" alt=\"\" data-height=\"1901\" data-id=\"3283\" data-link=\"https:\/\/boardgeneration.ch\/?attachment_id=3283\" data-url=\"https:\/\/boardgeneration.ch\/wp-content\/uploads\/2020\/09\/FelixWiemers_TirolerPiefke_cMIDIAFILM-MichaelBernshausen.jpg\" data-width=\"1608\" src=\"https:\/\/i0.wp.com\/boardgeneration.ch\/wp-content\/uploads\/2020\/09\/FelixWiemers_TirolerPiefke_cMIDIAFILM-MichaelBernshausen.jpg?ssl=1\" layout=\"responsive\"\/><\/figure><\/div><div class=\"tiled-gallery__col\" style=\"flex-basis:23.73152592219676%\"><figure class=\"tiled-gallery__item\"><img decoding=\"async\" data-attachment-id=\"3284\" data-permalink=\"https:\/\/boardgeneration.ch\/fr\/freeride-filmfestival-2020-07-29-11-in-at-de-ch-und-it\/felixwiemers_tirolerpiefke_zillertalaut_chans-martin_kudlinski\/\" data-orig-file=\"https:\/\/boardgeneration.ch\/wp-content\/uploads\/2020\/09\/FelixWiemers_TirolerPiefke_ZillertalAUT_cHans-Martin_Kudlinski-scaled.jpg\" data-orig-size=\"1707,2560\" data-comments-opened=\"1\" data-image-meta=\"{&quot;aperture&quot;:&quot;0&quot;,&quot;credit&quot;:&quot;&quot;,&quot;camera&quot;:&quot;&quot;,&quot;caption&quot;:&quot;&quot;,&quot;created_timestamp&quot;:&quot;0&quot;,&quot;copyright&quot;:&quot;&quot;,&quot;focal_length&quot;:&quot;0&quot;,&quot;iso&quot;:&quot;0&quot;,&quot;shutter_speed&quot;:&quot;0&quot;,&quot;title&quot;:&quot;&quot;,&quot;orientation&quot;:&quot;1&quot;}\" data-image-title=\"FelixWiemers_TirolerPiefke_ZillertalAUT_cHans-Martin_Kudlinski\" data-image-description=\"\" data-image-caption=\"\" data-medium-file=\"https:\/\/boardgeneration.ch\/wp-content\/uploads\/2020\/09\/FelixWiemers_TirolerPiefke_ZillertalAUT_cHans-Martin_Kudlinski-200x300.jpg\" data-large-file=\"https:\/\/boardgeneration.ch\/wp-content\/uploads\/2020\/09\/FelixWiemers_TirolerPiefke_ZillertalAUT_cHans-Martin_Kudlinski-683x1024.jpg\" role=\"button\" tabindex=\"0\" aria-label=\"Ouvrir l&#039;image 2 sur 3 en plein \u00e9cran\" srcset=\"https:\/\/i1.wp.com\/boardgeneration.ch\/wp-content\/uploads\/2020\/09\/FelixWiemers_TirolerPiefke_ZillertalAUT_cHans-Martin_Kudlinski-scaled.jpg?strip=info&#038;w=600&#038;ssl=1 600w,https:\/\/i1.wp.com\/boardgeneration.ch\/wp-content\/uploads\/2020\/09\/FelixWiemers_TirolerPiefke_ZillertalAUT_cHans-Martin_Kudlinski-scaled.jpg?strip=info&#038;w=900&#038;ssl=1 900w,https:\/\/i1.wp.com\/boardgeneration.ch\/wp-content\/uploads\/2020\/09\/FelixWiemers_TirolerPiefke_ZillertalAUT_cHans-Martin_Kudlinski-scaled.jpg?strip=info&#038;w=1200&#038;ssl=1 1200w,https:\/\/i1.wp.com\/boardgeneration.ch\/wp-content\/uploads\/2020\/09\/FelixWiemers_TirolerPiefke_ZillertalAUT_cHans-Martin_Kudlinski-scaled.jpg?strip=info&#038;w=1500&#038;ssl=1 1500w,https:\/\/i1.wp.com\/boardgeneration.ch\/wp-content\/uploads\/2020\/09\/FelixWiemers_TirolerPiefke_ZillertalAUT_cHans-Martin_Kudlinski-scaled.jpg?strip=info&#038;w=1707&#038;ssl=1 1707w\" alt=\"\" data-height=\"2560\" data-id=\"3284\" data-link=\"https:\/\/boardgeneration.ch\/?attachment_id=3284\" data-url=\"https:\/\/boardgeneration.ch\/wp-content\/uploads\/2020\/09\/FelixWiemers_TirolerPiefke_ZillertalAUT_cHans-Martin_Kudlinski-scaled.jpg\" data-width=\"1707\" src=\"https:\/\/i1.wp.com\/boardgeneration.ch\/wp-content\/uploads\/2020\/09\/FelixWiemers_TirolerPiefke_ZillertalAUT_cHans-Martin_Kudlinski-scaled.jpg?ssl=1\" layout=\"responsive\"\/><\/figure><\/div><div class=\"tiled-gallery__col\" style=\"flex-basis:46.20834174808408%\"><figure class=\"tiled-gallery__item\"><img decoding=\"async\" data-attachment-id=\"3288\" data-permalink=\"https:\/\/boardgeneration.ch\/fr\/freeride-filmfestival-2020-07-29-11-in-at-de-ch-und-it\/romanrohrmoser_dertirolerundseinpiefke_cbeckna\/\" data-orig-file=\"https:\/\/boardgeneration.ch\/wp-content\/uploads\/2020\/09\/RomanRohrmoser_DerTirolerUndSeinPiefke_cBeckna-scaled.jpg\" data-orig-size=\"2560,1965\" data-comments-opened=\"1\" data-image-meta=\"{&quot;aperture&quot;:&quot;6.3&quot;,&quot;credit&quot;:&quot;&quot;,&quot;camera&quot;:&quot;Canon EOS 5D Mark IV&quot;,&quot;caption&quot;:&quot;&quot;,&quot;created_timestamp&quot;:&quot;1546354775&quot;,&quot;copyright&quot;:&quot;&quot;,&quot;focal_length&quot;:&quot;54&quot;,&quot;iso&quot;:&quot;250&quot;,&quot;shutter_speed&quot;:&quot;0.000625&quot;,&quot;title&quot;:&quot;&quot;,&quot;orientation&quot;:&quot;1&quot;}\" data-image-title=\"RomanRohrmoser_DerTirolerUndSeinPiefke_cBeckna\" data-image-description=\"\" data-image-caption=\"\" data-medium-file=\"https:\/\/boardgeneration.ch\/wp-content\/uploads\/2020\/09\/RomanRohrmoser_DerTirolerUndSeinPiefke_cBeckna-300x230.jpg\" data-large-file=\"https:\/\/boardgeneration.ch\/wp-content\/uploads\/2020\/09\/RomanRohrmoser_DerTirolerUndSeinPiefke_cBeckna-1024x786.jpg\" role=\"button\" tabindex=\"0\" aria-label=\"Ouvrir l&#039;image 3 sur 3 en plein \u00e9cran\" srcset=\"https:\/\/i0.wp.com\/boardgeneration.ch\/wp-content\/uploads\/2020\/09\/RomanRohrmoser_DerTirolerUndSeinPiefke_cBeckna-scaled.jpg?strip=info&#038;w=600&#038;ssl=1 600w,https:\/\/i0.wp.com\/boardgeneration.ch\/wp-content\/uploads\/2020\/09\/RomanRohrmoser_DerTirolerUndSeinPiefke_cBeckna-scaled.jpg?strip=info&#038;w=900&#038;ssl=1 900w,https:\/\/i0.wp.com\/boardgeneration.ch\/wp-content\/uploads\/2020\/09\/RomanRohrmoser_DerTirolerUndSeinPiefke_cBeckna-scaled.jpg?strip=info&#038;w=1200&#038;ssl=1 1200w,https:\/\/i0.wp.com\/boardgeneration.ch\/wp-content\/uploads\/2020\/09\/RomanRohrmoser_DerTirolerUndSeinPiefke_cBeckna-scaled.jpg?strip=info&#038;w=1500&#038;ssl=1 1500w,https:\/\/i0.wp.com\/boardgeneration.ch\/wp-content\/uploads\/2020\/09\/RomanRohrmoser_DerTirolerUndSeinPiefke_cBeckna-scaled.jpg?strip=info&#038;w=1800&#038;ssl=1 1800w,https:\/\/i0.wp.com\/boardgeneration.ch\/wp-content\/uploads\/2020\/09\/RomanRohrmoser_DerTirolerUndSeinPiefke_cBeckna-scaled.jpg?strip=info&#038;w=2000&#038;ssl=1 2000w\" alt=\"\" data-height=\"1965\" data-id=\"3288\" data-link=\"https:\/\/boardgeneration.ch\/?attachment_id=3288\" data-url=\"https:\/\/boardgeneration.ch\/wp-content\/uploads\/2020\/09\/RomanRohrmoser_DerTirolerUndSeinPiefke_cBeckna-scaled.jpg\" data-width=\"2560\" src=\"https:\/\/i0.wp.com\/boardgeneration.ch\/wp-content\/uploads\/2020\/09\/RomanRohrmoser_DerTirolerUndSeinPiefke_cBeckna-scaled.jpg?ssl=1\" layout=\"responsive\"\/><\/figure><\/div><\/div><\/div><\/div>\n\n\n\n<p><\/p>\n\n\n\n<h2 class=\"wp-block-heading\">Dates de la tourn\u00e9e 2020<\/h2>\n\n\n\n<h3 class=\"wp-block-heading\">Suisse<\/h3>\n\n\n\n<p>07.11. Andermatt, salle de concert<br>08.11. Zurich, cin\u00e9ma Kosmos<br>17.11. Lausanne, Path\u00e9 Les Galeries<br>18.11. Engelberg, Kursaal<br>19.11. B\u00e2le, Path\u00e9 K\u00fcchlin<br>20.11. Berne, Cine Bubenberg<\/p>\n\n\n\n<h3 class=\"wp-block-heading\">Autriche<\/h3>\n\n\n\n<p>09.11. Wolfurt, Cubus<br>12.11. Vienne, cin\u00e9ma horticole<br>13.11. Innsbruck, Leokino<br>22.11. Salzbourg, Le cin\u00e9ma<br>23.11. Catfish, cin\u00e9ma d'art et d'essai<br>24.11. Graz, KIZ Royalkino<br>25.11. Villach, cin\u00e9ma de ville<br>29.11. Schruns, sc\u00e8ne culturelle<\/p>\n\n\n\n<h3 class=\"wp-block-heading\">Allemagne<\/h3>\n\n\n\n<p>10.11. Garmisch-Partenkirchen, Congr\u00e8s<br>11.11. Munich, Alte Kongresshalle<br>15.11. Landshut, Kinopolis<br>16.11. Erlangen, Cinestar<br>17.11. Francfort, m\u00e9tropole<br>18.11. Berlin, cin\u00e9ma dans la Kulturbrauerei<br>21.11. D\u00fcsseldorf, Cinestar<br>22.11. Cologne, Cinenova<br>23.11. Stuttgart, Gloria<br>24.11. Tegernsee, Seeforum<br>25.11. Augsbourg, Liliom<br>26.11. Neu-Ulm, Th\u00e9\u00e2tre Dietrich<\/p>\n\n\n\n<h3 class=\"wp-block-heading\">Italie<\/h3>\n\n\n\n<p>27.11. Bolzano, Cineplexx<br>28.11. Schlanders, base<\/p>\n\n\n\n<h2 class=\"wp-block-heading\">D\u00e9tails des diff\u00e9rents films<\/h2>\n\n\n\n<p><a href=\"https:\/\/www.freeride-filmfestival.com\/filme-2020\">https:\/\/www.freeride-filmfestival.com\/filme-2020<\/a><\/p>\n\n\n\n<p><strong>Podcast : <\/strong><a href=\"https:\/\/www.freeride-filmfestival.com\/fff-podcast\" target=\"_blank\" rel=\"noreferrer noopener\">https:\/\/www.freeride-filmfestival.com\/fff-podcast<\/a><\/p>\n\n\n\n<p><strong>Facebook<\/strong>: <a href=\"http:\/\/www.facebook.com\/freeridefilmfestival\" target=\"_blank\" rel=\"noreferrer noopener\">facebook.com\/freeride film festival<\/a><\/p>\n\n\n\n<p><strong>Instagram<\/strong>: <a href=\"http:\/\/www.instagram.com\/freeridefilmfestival\" target=\"_blank\" rel=\"noreferrer noopener\">instagram.com\/freeride film festival<\/a><\/p>\n\n\n\n<p><strong>YouTube<\/strong>: <a href=\"https:\/\/www.youtube.com\/user\/wirmachenfreeride\" target=\"_blank\" rel=\"noreferrer noopener\">https:\/\/www.youtube.com\/user\/wirmachenfreeride<\/a><\/p>\n\n\n\n<p><strong>Vimeo<\/strong>: <a href=\"https:\/\/vimeo.com\/channels\/freeridefilmfestival\" target=\"_blank\" rel=\"noreferrer noopener\">https:\/\/vimeo.com\/channels\/freeridefilmfestival<\/a><\/p>","protected":false},"excerpt":{"rendered":"<p>Das 11. Freeride Filmfestival widmet sich dem Sch\u00f6nen vor der eigenen Haust\u00fcre \u2013 in so vielen L\u00e4ndern wie noch nie: \u201eshred@home &amp; film@home\u201c, aber nicht nur weil im Fr\u00fchjahr 2020 alle dazu gezwungen waren! 2020 ist ein ganz besonderes Jahr f\u00fcr das Freeride Filmfestival (FFF) \u2013 und das betrifft gleich mehrere Aspekte. Erstens ist die [&hellip;]<\/p>\n","protected":false},"author":3,"featured_media":3264,"comment_status":"open","ping_status":"open","sticky":false,"template":"","format":"standard","meta":{"_jetpack_memberships_contains_paid_content":false,"footnotes":""},"categories":[12],"tags":[49,10565,10559,31180],"class_list":["post-3257","post","type-post","status-publish","format-standard","has-post-thumbnail","hentry","category-event","tag-featured","tag-film","tag-freeride","tag-freeride-filmfestival"],"yoast_head":"<!-- This site is optimized with the Yoast SEO plugin v26.8 - https:\/\/yoast.com\/product\/yoast-seo-wordpress\/ -->\n<title>FREERIDE FILMFESTIVAL 2020 | 07.-29.11 in AT, DE, CH und IT - Board Generation<\/title>\n<meta name=\"robots\" content=\"index, follow, max-snippet:-1, max-image-preview:large, max-video-preview:-1\" \/>\n<link rel=\"canonical\" href=\"https:\/\/boardgeneration.ch\/fr\/freeride-filmfestival-2020-07-29-11-in-at-de-ch-und-it\/\" \/>\n<meta property=\"og:locale\" content=\"fr_FR\" \/>\n<meta property=\"og:type\" content=\"article\" \/>\n<meta property=\"og:title\" content=\"FREERIDE FILMFESTIVAL 2020 | 07.-29.11 in AT, DE, CH und IT - Board Generation\" \/>\n<meta property=\"og:description\" content=\"Das 11. Freeride Filmfestival widmet sich dem Sch\u00f6nen vor der eigenen Haust\u00fcre \u2013 in so vielen L\u00e4ndern wie noch nie: \u201eshred@home &amp; film@home\u201c, aber nicht nur weil im Fr\u00fchjahr 2020 alle dazu gezwungen waren! 2020 ist ein ganz besonderes Jahr f\u00fcr das Freeride Filmfestival (FFF) \u2013 und das betrifft gleich mehrere Aspekte. Erstens ist die [&hellip;]\" \/>\n<meta property=\"og:url\" content=\"https:\/\/boardgeneration.ch\/fr\/freeride-filmfestival-2020-07-29-11-in-at-de-ch-und-it\/\" \/>\n<meta property=\"og:site_name\" content=\"Board Generation\" \/>\n<meta property=\"article:publisher\" content=\"https:\/\/www.facebook.com\/boardgeneration.ch\" \/>\n<meta property=\"article:published_time\" content=\"2020-09-18T12:05:50+00:00\" \/>\n<meta property=\"article:modified_time\" content=\"2020-09-28T18:53:37+00:00\" \/>\n<meta property=\"og:image\" content=\"https:\/\/boardgeneration.ch\/wp-content\/uploads\/2020\/09\/RunarPetur_Fjo\u0308rdLines_Iceland_cVidirBjornsson17-scaled.jpg\" \/>\n\t<meta property=\"og:image:width\" content=\"2560\" \/>\n\t<meta property=\"og:image:height\" content=\"1710\" \/>\n\t<meta property=\"og:image:type\" content=\"image\/jpeg\" \/>\n<meta name=\"author\" content=\"Pressedienst\" \/>\n<meta name=\"twitter:card\" content=\"summary_large_image\" \/>\n<meta name=\"twitter:creator\" content=\"@boardgen\" \/>\n<meta name=\"twitter:site\" content=\"@boardgen\" \/>\n<meta name=\"twitter:label1\" content=\"\u00c9crit par\" \/>\n\t<meta name=\"twitter:data1\" content=\"Pressedienst\" \/>\n\t<meta name=\"twitter:label2\" content=\"Dur\u00e9e de lecture estim\u00e9e\" \/>\n\t<meta name=\"twitter:data2\" content=\"7 minutes\" \/>\n<script type=\"application\/ld+json\" class=\"yoast-schema-graph\">{\"@context\":\"https:\/\/schema.org\",\"@graph\":[{\"@type\":\"Article\",\"@id\":\"https:\/\/boardgeneration.ch\/en\/freeride-filmfestival-2020-07-29-11-in-at-de-ch-und-it\/#article\",\"isPartOf\":{\"@id\":\"https:\/\/boardgeneration.ch\/en\/freeride-filmfestival-2020-07-29-11-in-at-de-ch-und-it\/\"},\"author\":{\"name\":\"Pressedienst\",\"@id\":\"https:\/\/boardgeneration.ch\/#\/schema\/person\/4727ac7b918c1fd9879a564a16734f2c\"},\"headline\":\"FREERIDE FILMFESTIVAL 2020 | 07.-29.11 in AT, DE, CH und IT\",\"datePublished\":\"2020-09-18T12:05:50+00:00\",\"dateModified\":\"2020-09-28T18:53:37+00:00\",\"mainEntityOfPage\":{\"@id\":\"https:\/\/boardgeneration.ch\/en\/freeride-filmfestival-2020-07-29-11-in-at-de-ch-und-it\/\"},\"wordCount\":1384,\"commentCount\":0,\"publisher\":{\"@id\":\"https:\/\/boardgeneration.ch\/#organization\"},\"image\":{\"@id\":\"https:\/\/boardgeneration.ch\/en\/freeride-filmfestival-2020-07-29-11-in-at-de-ch-und-it\/#primaryimage\"},\"thumbnailUrl\":\"https:\/\/boardgeneration.ch\/wp-content\/uploads\/2020\/09\/RunarPetur_Fjo\u0308rdLines_Iceland_cVidirBjornsson17-scaled.jpg\",\"keywords\":[\"Featured\",\"Film\",\"Freeride\",\"Freeride Filmfestival\"],\"articleSection\":[\"event\"],\"inLanguage\":\"fr-FR\",\"potentialAction\":[{\"@type\":\"CommentAction\",\"name\":\"Comment\",\"target\":[\"https:\/\/boardgeneration.ch\/en\/freeride-filmfestival-2020-07-29-11-in-at-de-ch-und-it\/#respond\"]}]},{\"@type\":\"WebPage\",\"@id\":\"https:\/\/boardgeneration.ch\/en\/freeride-filmfestival-2020-07-29-11-in-at-de-ch-und-it\/\",\"url\":\"https:\/\/boardgeneration.ch\/en\/freeride-filmfestival-2020-07-29-11-in-at-de-ch-und-it\/\",\"name\":\"FREERIDE FILMFESTIVAL 2020 | 07.-29.11 in AT, DE, CH und IT - Board Generation\",\"isPartOf\":{\"@id\":\"https:\/\/boardgeneration.ch\/#website\"},\"primaryImageOfPage\":{\"@id\":\"https:\/\/boardgeneration.ch\/en\/freeride-filmfestival-2020-07-29-11-in-at-de-ch-und-it\/#primaryimage\"},\"image\":{\"@id\":\"https:\/\/boardgeneration.ch\/en\/freeride-filmfestival-2020-07-29-11-in-at-de-ch-und-it\/#primaryimage\"},\"thumbnailUrl\":\"https:\/\/boardgeneration.ch\/wp-content\/uploads\/2020\/09\/RunarPetur_Fjo\u0308rdLines_Iceland_cVidirBjornsson17-scaled.jpg\",\"datePublished\":\"2020-09-18T12:05:50+00:00\",\"dateModified\":\"2020-09-28T18:53:37+00:00\",\"breadcrumb\":{\"@id\":\"https:\/\/boardgeneration.ch\/en\/freeride-filmfestival-2020-07-29-11-in-at-de-ch-und-it\/#breadcrumb\"},\"inLanguage\":\"fr-FR\",\"potentialAction\":[{\"@type\":\"ReadAction\",\"target\":[\"https:\/\/boardgeneration.ch\/en\/freeride-filmfestival-2020-07-29-11-in-at-de-ch-und-it\/\"]}]},{\"@type\":\"ImageObject\",\"inLanguage\":\"fr-FR\",\"@id\":\"https:\/\/boardgeneration.ch\/en\/freeride-filmfestival-2020-07-29-11-in-at-de-ch-und-it\/#primaryimage\",\"url\":\"https:\/\/boardgeneration.ch\/wp-content\/uploads\/2020\/09\/RunarPetur_Fjo\u0308rdLines_Iceland_cVidirBjornsson17-scaled.jpg\",\"contentUrl\":\"https:\/\/boardgeneration.ch\/wp-content\/uploads\/2020\/09\/RunarPetur_Fjo\u0308rdLines_Iceland_cVidirBjornsson17-scaled.jpg\",\"width\":2560,\"height\":1710,\"caption\":\"Runar Petur in Fjo\u0308rdLines Iceland\"},{\"@type\":\"BreadcrumbList\",\"@id\":\"https:\/\/boardgeneration.ch\/en\/freeride-filmfestival-2020-07-29-11-in-at-de-ch-und-it\/#breadcrumb\",\"itemListElement\":[{\"@type\":\"ListItem\",\"position\":1,\"name\":\"Startseite\",\"item\":\"https:\/\/boardgeneration.ch\/\"},{\"@type\":\"ListItem\",\"position\":2,\"name\":\"FREERIDE FILMFESTIVAL 2020 | 07.-29.11 in AT, DE, CH und IT\"}]},{\"@type\":\"WebSite\",\"@id\":\"https:\/\/boardgeneration.ch\/#website\",\"url\":\"https:\/\/boardgeneration.ch\/\",\"name\":\"board generation\",\"description\":\"Back to the Roots\",\"publisher\":{\"@id\":\"https:\/\/boardgeneration.ch\/#organization\"},\"potentialAction\":[{\"@type\":\"SearchAction\",\"target\":{\"@type\":\"EntryPoint\",\"urlTemplate\":\"https:\/\/boardgeneration.ch\/?s={search_term_string}\"},\"query-input\":{\"@type\":\"PropertyValueSpecification\",\"valueRequired\":true,\"valueName\":\"search_term_string\"}}],\"inLanguage\":\"fr-FR\"},{\"@type\":\"Organization\",\"@id\":\"https:\/\/boardgeneration.ch\/#organization\",\"name\":\"board generation\",\"url\":\"https:\/\/boardgeneration.ch\/\",\"logo\":{\"@type\":\"ImageObject\",\"inLanguage\":\"fr-FR\",\"@id\":\"https:\/\/boardgeneration.ch\/#\/schema\/logo\/image\/\",\"url\":\"https:\/\/boardgeneration.ch\/wp-content\/uploads\/2019\/01\/bg-logo_mit_Text.png\",\"contentUrl\":\"https:\/\/boardgeneration.ch\/wp-content\/uploads\/2019\/01\/bg-logo_mit_Text.png\",\"width\":1040,\"height\":1155,\"caption\":\"board generation\"},\"image\":{\"@id\":\"https:\/\/boardgeneration.ch\/#\/schema\/logo\/image\/\"},\"sameAs\":[\"https:\/\/www.facebook.com\/boardgeneration.ch\",\"https:\/\/x.com\/boardgen\",\"https:\/\/www.instagram.com\/boardgen\/\"]},{\"@type\":\"Person\",\"@id\":\"https:\/\/boardgeneration.ch\/#\/schema\/person\/4727ac7b918c1fd9879a564a16734f2c\",\"name\":\"Pressedienst\",\"image\":{\"@type\":\"ImageObject\",\"inLanguage\":\"fr-FR\",\"@id\":\"https:\/\/boardgeneration.ch\/#\/schema\/person\/image\/\",\"url\":\"https:\/\/boardgeneration.ch\/wp-content\/uploads\/2019\/10\/Pile-of-letters-96x96.jpg\",\"contentUrl\":\"https:\/\/boardgeneration.ch\/wp-content\/uploads\/2019\/10\/Pile-of-letters-96x96.jpg\",\"caption\":\"Pressedienst\"},\"url\":\"https:\/\/boardgeneration.ch\/fr\/author\/pressedienst\/\"}]}<\/script>\n<!-- \/ Yoast SEO plugin. -->","yoast_head_json":{"title":"FREERIDE FILMFESTIVAL 2020 | 07.-29.11 in AT, DE, CH und IT - Board Generation","robots":{"index":"index","follow":"follow","max-snippet":"max-snippet:-1","max-image-preview":"max-image-preview:large","max-video-preview":"max-video-preview:-1"},"canonical":"https:\/\/boardgeneration.ch\/fr\/freeride-filmfestival-2020-07-29-11-in-at-de-ch-und-it\/","og_locale":"fr_FR","og_type":"article","og_title":"FREERIDE FILMFESTIVAL 2020 | 07.-29.11 in AT, DE, CH und IT - Board Generation","og_description":"Das 11. Freeride Filmfestival widmet sich dem Sch\u00f6nen vor der eigenen Haust\u00fcre \u2013 in so vielen L\u00e4ndern wie noch nie: \u201eshred@home &amp; film@home\u201c, aber nicht nur weil im Fr\u00fchjahr 2020 alle dazu gezwungen waren! 2020 ist ein ganz besonderes Jahr f\u00fcr das Freeride Filmfestival (FFF) \u2013 und das betrifft gleich mehrere Aspekte. Erstens ist die [&hellip;]","og_url":"https:\/\/boardgeneration.ch\/fr\/freeride-filmfestival-2020-07-29-11-in-at-de-ch-und-it\/","og_site_name":"Board Generation","article_publisher":"https:\/\/www.facebook.com\/boardgeneration.ch","article_published_time":"2020-09-18T12:05:50+00:00","article_modified_time":"2020-09-28T18:53:37+00:00","og_image":[{"width":2560,"height":1710,"url":"https:\/\/boardgeneration.ch\/wp-content\/uploads\/2020\/09\/RunarPetur_Fjo\u0308rdLines_Iceland_cVidirBjornsson17-scaled.jpg","type":"image\/jpeg"}],"author":"Pressedienst","twitter_card":"summary_large_image","twitter_creator":"@boardgen","twitter_site":"@boardgen","twitter_misc":{"\u00c9crit par":"Pressedienst","Dur\u00e9e de lecture estim\u00e9e":"7 minutes"},"schema":{"@context":"https:\/\/schema.org","@graph":[{"@type":"Article","@id":"https:\/\/boardgeneration.ch\/en\/freeride-filmfestival-2020-07-29-11-in-at-de-ch-und-it\/#article","isPartOf":{"@id":"https:\/\/boardgeneration.ch\/en\/freeride-filmfestival-2020-07-29-11-in-at-de-ch-und-it\/"},"author":{"name":"Pressedienst","@id":"https:\/\/boardgeneration.ch\/#\/schema\/person\/4727ac7b918c1fd9879a564a16734f2c"},"headline":"FREERIDE FILMFESTIVAL 2020 | 07.-29.11 in AT, DE, CH und IT","datePublished":"2020-09-18T12:05:50+00:00","dateModified":"2020-09-28T18:53:37+00:00","mainEntityOfPage":{"@id":"https:\/\/boardgeneration.ch\/en\/freeride-filmfestival-2020-07-29-11-in-at-de-ch-und-it\/"},"wordCount":1384,"commentCount":0,"publisher":{"@id":"https:\/\/boardgeneration.ch\/#organization"},"image":{"@id":"https:\/\/boardgeneration.ch\/en\/freeride-filmfestival-2020-07-29-11-in-at-de-ch-und-it\/#primaryimage"},"thumbnailUrl":"https:\/\/boardgeneration.ch\/wp-content\/uploads\/2020\/09\/RunarPetur_Fjo\u0308rdLines_Iceland_cVidirBjornsson17-scaled.jpg","keywords":["Featured","Film","Freeride","Freeride Filmfestival"],"articleSection":["event"],"inLanguage":"fr-FR","potentialAction":[{"@type":"CommentAction","name":"Comment","target":["https:\/\/boardgeneration.ch\/en\/freeride-filmfestival-2020-07-29-11-in-at-de-ch-und-it\/#respond"]}]},{"@type":"WebPage","@id":"https:\/\/boardgeneration.ch\/en\/freeride-filmfestival-2020-07-29-11-in-at-de-ch-und-it\/","url":"https:\/\/boardgeneration.ch\/en\/freeride-filmfestival-2020-07-29-11-in-at-de-ch-und-it\/","name":"FREERIDE FILMFESTIVAL 2020 | 07.-29.11 in AT, DE, CH und IT - Board Generation","isPartOf":{"@id":"https:\/\/boardgeneration.ch\/#website"},"primaryImageOfPage":{"@id":"https:\/\/boardgeneration.ch\/en\/freeride-filmfestival-2020-07-29-11-in-at-de-ch-und-it\/#primaryimage"},"image":{"@id":"https:\/\/boardgeneration.ch\/en\/freeride-filmfestival-2020-07-29-11-in-at-de-ch-und-it\/#primaryimage"},"thumbnailUrl":"https:\/\/boardgeneration.ch\/wp-content\/uploads\/2020\/09\/RunarPetur_Fjo\u0308rdLines_Iceland_cVidirBjornsson17-scaled.jpg","datePublished":"2020-09-18T12:05:50+00:00","dateModified":"2020-09-28T18:53:37+00:00","breadcrumb":{"@id":"https:\/\/boardgeneration.ch\/en\/freeride-filmfestival-2020-07-29-11-in-at-de-ch-und-it\/#breadcrumb"},"inLanguage":"fr-FR","potentialAction":[{"@type":"ReadAction","target":["https:\/\/boardgeneration.ch\/en\/freeride-filmfestival-2020-07-29-11-in-at-de-ch-und-it\/"]}]},{"@type":"ImageObject","inLanguage":"fr-FR","@id":"https:\/\/boardgeneration.ch\/en\/freeride-filmfestival-2020-07-29-11-in-at-de-ch-und-it\/#primaryimage","url":"https:\/\/boardgeneration.ch\/wp-content\/uploads\/2020\/09\/RunarPetur_Fjo\u0308rdLines_Iceland_cVidirBjornsson17-scaled.jpg","contentUrl":"https:\/\/boardgeneration.ch\/wp-content\/uploads\/2020\/09\/RunarPetur_Fjo\u0308rdLines_Iceland_cVidirBjornsson17-scaled.jpg","width":2560,"height":1710,"caption":"Runar Petur in Fjo\u0308rdLines Iceland"},{"@type":"BreadcrumbList","@id":"https:\/\/boardgeneration.ch\/en\/freeride-filmfestival-2020-07-29-11-in-at-de-ch-und-it\/#breadcrumb","itemListElement":[{"@type":"ListItem","position":1,"name":"Startseite","item":"https:\/\/boardgeneration.ch\/"},{"@type":"ListItem","position":2,"name":"FREERIDE FILMFESTIVAL 2020 | 07.-29.11 in AT, DE, CH und IT"}]},{"@type":"WebSite","@id":"https:\/\/boardgeneration.ch\/#website","url":"https:\/\/boardgeneration.ch\/","name":"g\u00e9n\u00e9ration de conseils","description":"Retour aux sources","publisher":{"@id":"https:\/\/boardgeneration.ch\/#organization"},"potentialAction":[{"@type":"SearchAction","target":{"@type":"EntryPoint","urlTemplate":"https:\/\/boardgeneration.ch\/?s={search_term_string}"},"query-input":{"@type":"PropertyValueSpecification","valueRequired":true,"valueName":"search_term_string"}}],"inLanguage":"fr-FR"},{"@type":"Organization","@id":"https:\/\/boardgeneration.ch\/#organization","name":"g\u00e9n\u00e9ration de conseils","url":"https:\/\/boardgeneration.ch\/","logo":{"@type":"ImageObject","inLanguage":"fr-FR","@id":"https:\/\/boardgeneration.ch\/#\/schema\/logo\/image\/","url":"https:\/\/boardgeneration.ch\/wp-content\/uploads\/2019\/01\/bg-logo_mit_Text.png","contentUrl":"https:\/\/boardgeneration.ch\/wp-content\/uploads\/2019\/01\/bg-logo_mit_Text.png","width":1040,"height":1155,"caption":"board generation"},"image":{"@id":"https:\/\/boardgeneration.ch\/#\/schema\/logo\/image\/"},"sameAs":["https:\/\/www.facebook.com\/boardgeneration.ch","https:\/\/x.com\/boardgen","https:\/\/www.instagram.com\/boardgen\/"]},{"@type":"Person","@id":"https:\/\/boardgeneration.ch\/#\/schema\/person\/4727ac7b918c1fd9879a564a16734f2c","name":"Service de presse","image":{"@type":"ImageObject","inLanguage":"fr-FR","@id":"https:\/\/boardgeneration.ch\/#\/schema\/person\/image\/","url":"https:\/\/boardgeneration.ch\/wp-content\/uploads\/2019\/10\/Pile-of-letters-96x96.jpg","contentUrl":"https:\/\/boardgeneration.ch\/wp-content\/uploads\/2019\/10\/Pile-of-letters-96x96.jpg","caption":"Pressedienst"},"url":"https:\/\/boardgeneration.ch\/fr\/author\/pressedienst\/"}]}},"jetpack_featured_media_url":"https:\/\/boardgeneration.ch\/wp-content\/uploads\/2020\/09\/RunarPetur_Fjo\u0308rdLines_Iceland_cVidirBjornsson17-scaled.jpg","jetpack_sharing_enabled":true,"amp_enabled":true,"_links":{"self":[{"href":"https:\/\/boardgeneration.ch\/fr\/wp-json\/wp\/v2\/posts\/3257","targetHints":{"allow":["GET"]}}],"collection":[{"href":"https:\/\/boardgeneration.ch\/fr\/wp-json\/wp\/v2\/posts"}],"about":[{"href":"https:\/\/boardgeneration.ch\/fr\/wp-json\/wp\/v2\/types\/post"}],"author":[{"embeddable":true,"href":"https:\/\/boardgeneration.ch\/fr\/wp-json\/wp\/v2\/users\/3"}],"replies":[{"embeddable":true,"href":"https:\/\/boardgeneration.ch\/fr\/wp-json\/wp\/v2\/comments?post=3257"}],"version-history":[{"count":7,"href":"https:\/\/boardgeneration.ch\/fr\/wp-json\/wp\/v2\/posts\/3257\/revisions"}],"predecessor-version":[{"id":3462,"href":"https:\/\/boardgeneration.ch\/fr\/wp-json\/wp\/v2\/posts\/3257\/revisions\/3462"}],"wp:featuredmedia":[{"embeddable":true,"href":"https:\/\/boardgeneration.ch\/fr\/wp-json\/wp\/v2\/media\/3264"}],"wp:attachment":[{"href":"https:\/\/boardgeneration.ch\/fr\/wp-json\/wp\/v2\/media?parent=3257"}],"wp:term":[{"taxonomy":"category","embeddable":true,"href":"https:\/\/boardgeneration.ch\/fr\/wp-json\/wp\/v2\/categories?post=3257"},{"taxonomy":"post_tag","embeddable":true,"href":"https:\/\/boardgeneration.ch\/fr\/wp-json\/wp\/v2\/tags?post=3257"}],"curies":[{"name":"wp","href":"https:\/\/api.w.org\/{rel}","templated":true}]}}