{"id":3629,"date":"2020-10-14T07:07:21","date_gmt":"2020-10-14T06:07:21","guid":{"rendered":"https:\/\/boardgeneration.ch\/?p=3629"},"modified":"2020-10-14T07:15:40","modified_gmt":"2020-10-14T06:15:40","slug":"7-zillertal-vaelley-raelley-grosses-tourfinale","status":"publish","type":"post","link":"https:\/\/boardgeneration.ch\/fr\/7-zillertal-vaelley-raelley-grosses-tourfinale\/","title":{"rendered":"7\u00e8me Zillertal V\u00c4LLEY R\u00c4LLEY - Finale du Grand Tour"},"content":{"rendered":"<span class=\"span-reading-time rt-reading-time\" style=\"display: block;\"><span class=\"rt-label rt-prefix\">Le temps de la lecture : <\/span> <span class=\"rt-time\"> 2<\/span> <span class=\"rt-label rt-postfix\">proc\u00e8s-verbal<\/span><\/span>\n<p><strong>Les 17 et 18 octobre 2020, la grande finale de la 7e \u00e9dition du Zillertal V\u00c4LLEY R\u00c4LLEY, organis\u00e9e par Blue Tomato et Ride Snowboards, aura lieu au Betterpark Hintertux. Certains des meilleurs jeunes snowboarders europ\u00e9ens ont d\u00e9j\u00e0 \u00e9t\u00e9 rep\u00e9r\u00e9s en train de s'entra\u00eener sur le glacier d'Hintertux pour marquer les derniers points lors de la 4e \u00e9tape du circuit des populaires Zillertal Snowboard Amateur Series 2019\/2020. En plus des vainqueurs de la journ\u00e9e, les vainqueurs du tour g\u00e9n\u00e9ral du Zillertal V\u00c4LLEY R\u00c4LLEY 2019\/2020 seront couronn\u00e9s les nouveaux Rois et Reines du Zillertal V\u00c4LLEY \u00e0 Tux-Finkenberg.<\/strong><\/p>\n\n\n\n<p>Depuis le d\u00e9but du mois d'octobre, le Betterpark Hintertux est d\u00e9j\u00e0 tr\u00e8s actif. Avec plus de sept sauts, vingt focs et un halfpipe, le glacier d'Hintertux sur l'installation XXL au pied de l'Olperer offre les meilleures possibilit\u00e9s d'entra\u00eenement pour les sportifs d'hiver de tous niveaux passionn\u00e9s de freestyle.<\/p>\n\n\n\n<figure class=\"wp-block-image size-large\"><img loading=\"lazy\" decoding=\"async\" width=\"1024\" height=\"683\" data-attachment-id=\"3508\" data-permalink=\"https:\/\/boardgeneration.ch\/fr\/hotzoneopening-2020_hintertux_by-becknaphoto\/\" data-orig-file=\"https:\/\/boardgeneration.ch\/wp-content\/uploads\/2020\/10\/HotzoneOpening-2020_Hintertux_by-becknaphoto.jpg\" data-orig-size=\"1600,1067\" data-comments-opened=\"1\" data-image-meta=\"{&quot;aperture&quot;:&quot;0&quot;,&quot;credit&quot;:&quot;&quot;,&quot;camera&quot;:&quot;&quot;,&quot;caption&quot;:&quot;&quot;,&quot;created_timestamp&quot;:&quot;0&quot;,&quot;copyright&quot;:&quot;&quot;,&quot;focal_length&quot;:&quot;0&quot;,&quot;iso&quot;:&quot;0&quot;,&quot;shutter_speed&quot;:&quot;0&quot;,&quot;title&quot;:&quot;&quot;,&quot;orientation&quot;:&quot;0&quot;}\" data-image-title=\"HotzoneOpening-2020_Hintertux_by-becknaphoto\" data-image-description=\"\" data-image-caption=\"\" data-medium-file=\"https:\/\/boardgeneration.ch\/wp-content\/uploads\/2020\/10\/HotzoneOpening-2020_Hintertux_by-becknaphoto-300x200.jpg\" data-large-file=\"https:\/\/boardgeneration.ch\/wp-content\/uploads\/2020\/10\/HotzoneOpening-2020_Hintertux_by-becknaphoto-1024x683.jpg\" src=\"https:\/\/boardgeneration.ch\/wp-content\/uploads\/2020\/10\/HotzoneOpening-2020_Hintertux_by-becknaphoto-1024x683.jpg\" alt=\"\" class=\"wp-image-3508\" srcset=\"https:\/\/boardgeneration.ch\/wp-content\/uploads\/2020\/10\/HotzoneOpening-2020_Hintertux_by-becknaphoto-1024x683.jpg 1024w, https:\/\/boardgeneration.ch\/wp-content\/uploads\/2020\/10\/HotzoneOpening-2020_Hintertux_by-becknaphoto-300x200.jpg 300w, https:\/\/boardgeneration.ch\/wp-content\/uploads\/2020\/10\/HotzoneOpening-2020_Hintertux_by-becknaphoto-768x512.jpg 768w, https:\/\/boardgeneration.ch\/wp-content\/uploads\/2020\/10\/HotzoneOpening-2020_Hintertux_by-becknaphoto-1536x1024.jpg 1536w, https:\/\/boardgeneration.ch\/wp-content\/uploads\/2020\/10\/HotzoneOpening-2020_Hintertux_by-becknaphoto.jpg 1600w\" sizes=\"auto, (max-width: 1024px) 100vw, 1024px\" \/><figcaption><span class=\"media-credit\">\u00a9 becknaphoto<\/span><\/figcaption><\/figure>\n\n\n\n<p>Tous les yeux sont maintenant tourn\u00e9s vers le week-end \u00e0 venir. Car les 17 et 18 octobre 2020, la 4e \u00e9tape du Zillertal V\u00c4LLEY R\u00c4LLEY sera la grande finale de l'actuel Zillertal V\u00c4LLEY R\u00c4LLEY 2019\/2020 au Betterpark Hintertux. En participant au concours de slopestyle, les snowboarders participants accumulent de pr\u00e9cieux points sur la liste mondiale des points de snowboard (WSPL). En plus de la comp\u00e9tition le jour du concours, les esth\u00e9ticiennes offrent un coaching gratuit en freestyle le jour du coaching. L'h\u00f4te de l'\u00e9v\u00e9nement, Ride Snowboards, apportera les derni\u00e8res planches \u00e0 neige et fixations de 2020\/2021 au parc pour des tests gratuits, tandis que Blue Tomato boira de nombreux prix et goodies et que Horsefeathers r\u00e9compensera le meilleur trick du jour avec un prix sp\u00e9cial.<\/p>\n\n\n\n<figure class=\"wp-block-image size-large\"><img loading=\"lazy\" decoding=\"async\" width=\"1024\" height=\"682\" data-attachment-id=\"3190\" data-permalink=\"https:\/\/boardgeneration.ch\/fr\/8-zillertal-vaelley-raelley\/20-01-26_zvr_zillertalarena_contest____by_gustav_hersmann_0001_lowres\/\" data-orig-file=\"https:\/\/boardgeneration.ch\/wp-content\/uploads\/2020\/09\/20-01-26_zvr_Zillertalarena_Contest____by_Gustav_Hersmann_0001_lowres.jpg\" data-orig-size=\"1600,1066\" data-comments-opened=\"1\" data-image-meta=\"{&quot;aperture&quot;:&quot;10&quot;,&quot;credit&quot;:&quot;&quot;,&quot;camera&quot;:&quot;L1D-20c&quot;,&quot;caption&quot;:&quot;&quot;,&quot;created_timestamp&quot;:&quot;1580033945&quot;,&quot;copyright&quot;:&quot;&quot;,&quot;focal_length&quot;:&quot;10.26&quot;,&quot;iso&quot;:&quot;100&quot;,&quot;shutter_speed&quot;:&quot;0.0041666666666667&quot;,&quot;title&quot;:&quot;&quot;,&quot;orientation&quot;:&quot;0&quot;}\" data-image-title=\"20-01-26_zvr_Zillertalarena_Contest____by_Gustav_Hersmann_0001_lowres\" data-image-description=\"\" data-image-caption=\"\" data-medium-file=\"https:\/\/boardgeneration.ch\/wp-content\/uploads\/2020\/09\/20-01-26_zvr_Zillertalarena_Contest____by_Gustav_Hersmann_0001_lowres-300x200.jpg\" data-large-file=\"https:\/\/boardgeneration.ch\/wp-content\/uploads\/2020\/09\/20-01-26_zvr_Zillertalarena_Contest____by_Gustav_Hersmann_0001_lowres-1024x682.jpg\" src=\"https:\/\/boardgeneration.ch\/wp-content\/uploads\/2020\/09\/20-01-26_zvr_Zillertalarena_Contest____by_Gustav_Hersmann_0001_lowres-1024x682.jpg\" alt=\"\" class=\"wp-image-3190\" srcset=\"https:\/\/boardgeneration.ch\/wp-content\/uploads\/2020\/09\/20-01-26_zvr_Zillertalarena_Contest____by_Gustav_Hersmann_0001_lowres-1024x682.jpg 1024w, https:\/\/boardgeneration.ch\/wp-content\/uploads\/2020\/09\/20-01-26_zvr_Zillertalarena_Contest____by_Gustav_Hersmann_0001_lowres-300x200.jpg 300w, https:\/\/boardgeneration.ch\/wp-content\/uploads\/2020\/09\/20-01-26_zvr_Zillertalarena_Contest____by_Gustav_Hersmann_0001_lowres-768x512.jpg 768w, https:\/\/boardgeneration.ch\/wp-content\/uploads\/2020\/09\/20-01-26_zvr_Zillertalarena_Contest____by_Gustav_Hersmann_0001_lowres-1536x1023.jpg 1536w, https:\/\/boardgeneration.ch\/wp-content\/uploads\/2020\/09\/20-01-26_zvr_Zillertalarena_Contest____by_Gustav_Hersmann_0001_lowres.jpg 1600w\" sizes=\"auto, (max-width: 1024px) 100vw, 1024px\" \/><figcaption><span class=\"media-credit\"><a href=\"http:\/\/gustavhersmann.com\">\u00a9 Gustav Hersmann<\/a><\/span><\/figcaption><\/figure>\n\n\n\n<p>Avec le r\u00e9sultat de la 4\u00e8me et derni\u00e8re comp\u00e9tition 2019\/2020, les gagnants de la tourn\u00e9e ont \u00e9t\u00e9 d\u00e9termin\u00e9s et la nouvelle famille royale Zillertal V\u00c4LLEY R\u00c4LLEY sera couronn\u00e9e apr\u00e8s la c\u00e9r\u00e9monie r\u00e9guli\u00e8re de remise des prix \u00e0 Tux-Finkenberg. L'inscription en ligne est obligatoire pour le coaching et le concours et peut \u00eatre effectu\u00e9e jusqu'au jeudi 15.10.20 \u00e0 <a href=\"http:\/\/www.valleyralley.at\" target=\"_blank\" rel=\"noreferrer noopener\">www.valleyralley.at<\/a> peuvent \u00eatre faites.<\/p>\n\n\n\n<figure class=\"wp-block-image size-large\"><img loading=\"lazy\" decoding=\"async\" width=\"1024\" height=\"683\" data-attachment-id=\"2567\" data-permalink=\"https:\/\/boardgeneration.ch\/fr\/190427_zvr_tux_comp_unknown3_by_matt_mchattie\/\" data-orig-file=\"https:\/\/boardgeneration.ch\/wp-content\/uploads\/2020\/04\/190427_zvr_tux_comp_unknown3_by_matt_mchattie-scaled.jpg\" data-orig-size=\"2560,1708\" data-comments-opened=\"1\" data-image-meta=\"{&quot;aperture&quot;:&quot;0&quot;,&quot;credit&quot;:&quot;&quot;,&quot;camera&quot;:&quot;&quot;,&quot;caption&quot;:&quot;&quot;,&quot;created_timestamp&quot;:&quot;0&quot;,&quot;copyright&quot;:&quot;&quot;,&quot;focal_length&quot;:&quot;0&quot;,&quot;iso&quot;:&quot;0&quot;,&quot;shutter_speed&quot;:&quot;0&quot;,&quot;title&quot;:&quot;&quot;,&quot;orientation&quot;:&quot;0&quot;}\" data-image-title=\"190427_zvr_tux_comp_unknown3_by_matt_mchattie\" data-image-description=\"\" data-image-caption=\"\" data-medium-file=\"https:\/\/boardgeneration.ch\/wp-content\/uploads\/2020\/04\/190427_zvr_tux_comp_unknown3_by_matt_mchattie-scaled-300x200.jpg\" data-large-file=\"https:\/\/boardgeneration.ch\/wp-content\/uploads\/2020\/04\/190427_zvr_tux_comp_unknown3_by_matt_mchattie-scaled-1024x683.jpg\" src=\"https:\/\/boardgeneration.ch\/wp-content\/uploads\/2020\/04\/190427_zvr_tux_comp_unknown3_by_matt_mchattie-scaled-1024x683.jpg\" alt=\"\" class=\"wp-image-2567\" srcset=\"https:\/\/boardgeneration.ch\/wp-content\/uploads\/2020\/04\/190427_zvr_tux_comp_unknown3_by_matt_mchattie-scaled-1024x683.jpg 1024w, https:\/\/boardgeneration.ch\/wp-content\/uploads\/2020\/04\/190427_zvr_tux_comp_unknown3_by_matt_mchattie-scaled-300x200.jpg 300w, https:\/\/boardgeneration.ch\/wp-content\/uploads\/2020\/04\/190427_zvr_tux_comp_unknown3_by_matt_mchattie-scaled-768x512.jpg 768w, https:\/\/boardgeneration.ch\/wp-content\/uploads\/2020\/04\/190427_zvr_tux_comp_unknown3_by_matt_mchattie-scaled-1536x1025.jpg 1536w, https:\/\/boardgeneration.ch\/wp-content\/uploads\/2020\/04\/190427_zvr_tux_comp_unknown3_by_matt_mchattie-scaled-2048x1366.jpg 2048w, https:\/\/boardgeneration.ch\/wp-content\/uploads\/2020\/04\/190427_zvr_tux_comp_unknown3_by_matt_mchattie-scaled-512x342.jpg 512w\" sizes=\"auto, (max-width: 1024px) 100vw, 1024px\" \/><figcaption><span class=\"media-credit\">\u00a9 Matt Mchattie<\/span><\/figcaption><\/figure>\n\n\n\n<p>Bien entendu, les r\u00e8gles de s\u00e9curit\u00e9 et d'hygi\u00e8ne, ainsi que les r\u00e8gles de distance sont respect\u00e9es sur le glacier d'Hintertux. Afin de pouvoir mener l'\u00e9v\u00e9nement dans le respect de la Corona, les organisateurs font \u00e9galement appel \u00e0 la responsabilit\u00e9 personnelle de tous les participants. Des informations d\u00e9taill\u00e9es sur les mesures de s\u00e9curit\u00e9, actualis\u00e9es en permanence, sont disponibles \u00e0 l'adresse suivante <a href=\"http:\/\/www.hintertuxergletscher.at\" target=\"_blank\" rel=\"noreferrer noopener\">www.hintertuxergletscher.at<\/a> \u00e0 trouver.<\/p>\n\n\n\n<figure class=\"wp-block-image size-large\"><img loading=\"lazy\" decoding=\"async\" width=\"768\" height=\"1024\" data-attachment-id=\"3202\" data-permalink=\"https:\/\/boardgeneration.ch\/fr\/maske-oder-meter\/img_2812\/\" data-orig-file=\"https:\/\/boardgeneration.ch\/wp-content\/uploads\/2020\/09\/IMG_2812-scaled.jpeg\" data-orig-size=\"1920,2560\" data-comments-opened=\"1\" data-image-meta=\"{&quot;aperture&quot;:&quot;1.8&quot;,&quot;credit&quot;:&quot;&quot;,&quot;camera&quot;:&quot;iPhone XR&quot;,&quot;caption&quot;:&quot;&quot;,&quot;created_timestamp&quot;:&quot;1593249835&quot;,&quot;copyright&quot;:&quot;&quot;,&quot;focal_length&quot;:&quot;4.25&quot;,&quot;iso&quot;:&quot;25&quot;,&quot;shutter_speed&quot;:&quot;0.0052083333333333&quot;,&quot;title&quot;:&quot;&quot;,&quot;orientation&quot;:&quot;1&quot;}\" data-image-title=\"IMG_2812\" data-image-description=\"\" data-image-caption=\"\" data-medium-file=\"https:\/\/boardgeneration.ch\/wp-content\/uploads\/2020\/09\/IMG_2812-225x300.jpeg\" data-large-file=\"https:\/\/boardgeneration.ch\/wp-content\/uploads\/2020\/09\/IMG_2812-768x1024.jpeg\" src=\"https:\/\/boardgeneration.ch\/wp-content\/uploads\/2020\/09\/IMG_2812-768x1024.jpeg\" alt=\"\" class=\"wp-image-3202\" srcset=\"https:\/\/boardgeneration.ch\/wp-content\/uploads\/2020\/09\/IMG_2812-768x1024.jpeg 768w, https:\/\/boardgeneration.ch\/wp-content\/uploads\/2020\/09\/IMG_2812-225x300.jpeg 225w, https:\/\/boardgeneration.ch\/wp-content\/uploads\/2020\/09\/IMG_2812-1152x1536.jpeg 1152w, https:\/\/boardgeneration.ch\/wp-content\/uploads\/2020\/09\/IMG_2812-1536x2048.jpeg 1536w, https:\/\/boardgeneration.ch\/wp-content\/uploads\/2020\/09\/IMG_2812-scaled.jpeg 1920w\" sizes=\"auto, (max-width: 768px) 100vw, 768px\" \/><figcaption class=\"translation-block\"><span class=\"media-credit\"><a href=\"https:\/\/boardgeneration.ch\/en\/author\/bg_chef\/\" target=\"_self\">Pascal Kesselmark<\/a> | board generation<\/span><\/figcaption><\/figure>\n\n\n\n<p>Les partenaires de la 4\u00e8me \u00e9tape de la tourn\u00e9e sont : Le Zillertal Tourismus GmbH, le Zillertaler Gletscherbahn avec le Betterpark Hintertux, l'association touristique Tux-Finkenberg, Blue Tomato, Ride Snowboards, Red Bull, Horsefeathers, Dana Beanies, la F\u00e9d\u00e9ration mondiale de snowboard (WSF), la F\u00e9d\u00e9ration autrichienne de snowboard (ASA) et le World Rookie Tour (WRT).<\/p>\n\n\n\n<p>D'autres mises \u00e0 jour sont disponibles \u00e0 l'adresse suivante <a href=\"http:\/\/www.valleyralley.at\" target=\"_blank\" rel=\"noreferrer noopener\">www.valleyralley.at<\/a> ou <a href=\"http:\/\/www.zillertal.at\/valleyralley\" target=\"_blank\" rel=\"noreferrer noopener\">www.zillertal.at\/valleyralley<\/a>.<\/p>","protected":false},"excerpt":{"rendered":"<p>Am 17. Und 18. Oktober 2020 findet das grosse Tourfinale der 7. Zillertal V\u00c4LLEY R\u00c4LLEY hosted by Blue Tomato und Ride Snowboards im Betterpark Hintertux statt. Einige der besten Nachwuchs-Snowboarder Europas wurden schon beim Training am Hintertuxer Gletscher gesichtet, um beim 4. Tourstopp der beliebten Zillertaler Snowboard Amateur Serie 2019\/2020 die letzten Punkte abzusahnen. Denn [&hellip;]<\/p>\n","protected":false},"author":3,"featured_media":3631,"comment_status":"open","ping_status":"open","sticky":false,"template":"","format":"standard","meta":{"_jetpack_memberships_contains_paid_content":false,"footnotes":""},"categories":[168],"tags":[27278,30900,11700,30750,30884,11719,11724,30749,11723,11686,32182,31001,33136,33137,27277,27279],"class_list":["post-3629","post","type-post","status-publish","format-standard","has-post-thumbnail","hentry","category-contest","tag-asthetiker","tag-betterpark","tag-coaching","tag-contest","tag-corona","tag-event","tag-halfpipe","tag-hintertux","tag-slopestyle","tag-snowboard","tag-snowboarder","tag-test","tag-tourfinale","tag-tux-finkenberg","tag-valley-ralley","tag-zillertal"],"yoast_head":"<!-- This site is optimized with the Yoast SEO plugin v26.8 - https:\/\/yoast.com\/product\/yoast-seo-wordpress\/ -->\n<title>7. Zillertal V\u00c4LLEY R\u00c4LLEY - Grosses Tourfinale - Board Generation<\/title>\n<meta name=\"robots\" content=\"index, follow, max-snippet:-1, max-image-preview:large, max-video-preview:-1\" \/>\n<link rel=\"canonical\" href=\"https:\/\/boardgeneration.ch\/fr\/7-zillertal-vaelley-raelley-grosses-tourfinale\/\" \/>\n<meta property=\"og:locale\" content=\"fr_FR\" \/>\n<meta property=\"og:type\" content=\"article\" \/>\n<meta property=\"og:title\" content=\"7. Zillertal V\u00c4LLEY R\u00c4LLEY - Grosses Tourfinale - Board Generation\" \/>\n<meta property=\"og:description\" content=\"Am 17. Und 18. Oktober 2020 findet das grosse Tourfinale der 7. Zillertal V\u00c4LLEY R\u00c4LLEY hosted by Blue Tomato und Ride Snowboards im Betterpark Hintertux statt. Einige der besten Nachwuchs-Snowboarder Europas wurden schon beim Training am Hintertuxer Gletscher gesichtet, um beim 4. Tourstopp der beliebten Zillertaler Snowboard Amateur Serie 2019\/2020 die letzten Punkte abzusahnen. Denn [&hellip;]\" \/>\n<meta property=\"og:url\" content=\"https:\/\/boardgeneration.ch\/fr\/7-zillertal-vaelley-raelley-grosses-tourfinale\/\" \/>\n<meta property=\"og:site_name\" content=\"Board Generation\" \/>\n<meta property=\"article:publisher\" content=\"https:\/\/www.facebook.com\/boardgeneration.ch\" \/>\n<meta property=\"article:published_time\" content=\"2020-10-14T06:07:21+00:00\" \/>\n<meta property=\"article:modified_time\" content=\"2020-10-14T06:15:40+00:00\" \/>\n<meta property=\"og:image\" content=\"https:\/\/boardgeneration.ch\/wp-content\/uploads\/2020\/10\/@becknaphoto4.jpeg\" \/>\n\t<meta property=\"og:image:width\" content=\"2048\" \/>\n\t<meta property=\"og:image:height\" content=\"1136\" \/>\n\t<meta property=\"og:image:type\" content=\"image\/jpeg\" \/>\n<meta name=\"author\" content=\"Pressedienst\" \/>\n<meta name=\"twitter:card\" content=\"summary_large_image\" \/>\n<meta name=\"twitter:creator\" content=\"@boardgen\" \/>\n<meta name=\"twitter:site\" content=\"@boardgen\" \/>\n<meta name=\"twitter:label1\" content=\"\u00c9crit par\" \/>\n\t<meta name=\"twitter:data1\" content=\"Pressedienst\" \/>\n\t<meta name=\"twitter:label2\" content=\"Dur\u00e9e de lecture estim\u00e9e\" \/>\n\t<meta name=\"twitter:data2\" content=\"2 minutes\" \/>\n<script type=\"application\/ld+json\" class=\"yoast-schema-graph\">{\"@context\":\"https:\/\/schema.org\",\"@graph\":[{\"@type\":\"Article\",\"@id\":\"https:\/\/boardgeneration.ch\/en\/7-zillertal-vaelley-raelley-grosses-tourfinale\/#article\",\"isPartOf\":{\"@id\":\"https:\/\/boardgeneration.ch\/en\/7-zillertal-vaelley-raelley-grosses-tourfinale\/\"},\"author\":{\"name\":\"Pressedienst\",\"@id\":\"https:\/\/boardgeneration.ch\/#\/schema\/person\/4727ac7b918c1fd9879a564a16734f2c\"},\"headline\":\"7. Zillertal V\u00c4LLEY R\u00c4LLEY &#8211; Grosses Tourfinale\",\"datePublished\":\"2020-10-14T06:07:21+00:00\",\"dateModified\":\"2020-10-14T06:15:40+00:00\",\"mainEntityOfPage\":{\"@id\":\"https:\/\/boardgeneration.ch\/en\/7-zillertal-vaelley-raelley-grosses-tourfinale\/\"},\"wordCount\":396,\"commentCount\":0,\"publisher\":{\"@id\":\"https:\/\/boardgeneration.ch\/#organization\"},\"image\":{\"@id\":\"https:\/\/boardgeneration.ch\/en\/7-zillertal-vaelley-raelley-grosses-tourfinale\/#primaryimage\"},\"thumbnailUrl\":\"https:\/\/boardgeneration.ch\/wp-content\/uploads\/2020\/10\/@becknaphoto4.jpeg\",\"keywords\":[\"\u00c4sthetiker\",\"Betterpark\",\"Coaching\",\"Contest\",\"Corona\",\"Event\",\"Halfpipe\",\"Hintertux\",\"Slopestyle\",\"Snowboard\",\"Snowboarder\",\"Test\",\"Tourfinale\",\"Tux-Finkenberg\",\"V\u00e4lley R\u00e4lley\",\"Zillertal\"],\"articleSection\":[\"contest\"],\"inLanguage\":\"fr-FR\",\"potentialAction\":[{\"@type\":\"CommentAction\",\"name\":\"Comment\",\"target\":[\"https:\/\/boardgeneration.ch\/en\/7-zillertal-vaelley-raelley-grosses-tourfinale\/#respond\"]}]},{\"@type\":\"WebPage\",\"@id\":\"https:\/\/boardgeneration.ch\/en\/7-zillertal-vaelley-raelley-grosses-tourfinale\/\",\"url\":\"https:\/\/boardgeneration.ch\/en\/7-zillertal-vaelley-raelley-grosses-tourfinale\/\",\"name\":\"7. Zillertal V\u00c4LLEY R\u00c4LLEY - Grosses Tourfinale - Board Generation\",\"isPartOf\":{\"@id\":\"https:\/\/boardgeneration.ch\/#website\"},\"primaryImageOfPage\":{\"@id\":\"https:\/\/boardgeneration.ch\/en\/7-zillertal-vaelley-raelley-grosses-tourfinale\/#primaryimage\"},\"image\":{\"@id\":\"https:\/\/boardgeneration.ch\/en\/7-zillertal-vaelley-raelley-grosses-tourfinale\/#primaryimage\"},\"thumbnailUrl\":\"https:\/\/boardgeneration.ch\/wp-content\/uploads\/2020\/10\/@becknaphoto4.jpeg\",\"datePublished\":\"2020-10-14T06:07:21+00:00\",\"dateModified\":\"2020-10-14T06:15:40+00:00\",\"breadcrumb\":{\"@id\":\"https:\/\/boardgeneration.ch\/en\/7-zillertal-vaelley-raelley-grosses-tourfinale\/#breadcrumb\"},\"inLanguage\":\"fr-FR\",\"potentialAction\":[{\"@type\":\"ReadAction\",\"target\":[\"https:\/\/boardgeneration.ch\/en\/7-zillertal-vaelley-raelley-grosses-tourfinale\/\"]}]},{\"@type\":\"ImageObject\",\"inLanguage\":\"fr-FR\",\"@id\":\"https:\/\/boardgeneration.ch\/en\/7-zillertal-vaelley-raelley-grosses-tourfinale\/#primaryimage\",\"url\":\"https:\/\/boardgeneration.ch\/wp-content\/uploads\/2020\/10\/@becknaphoto4.jpeg\",\"contentUrl\":\"https:\/\/boardgeneration.ch\/wp-content\/uploads\/2020\/10\/@becknaphoto4.jpeg\",\"width\":2048,\"height\":1136},{\"@type\":\"BreadcrumbList\",\"@id\":\"https:\/\/boardgeneration.ch\/en\/7-zillertal-vaelley-raelley-grosses-tourfinale\/#breadcrumb\",\"itemListElement\":[{\"@type\":\"ListItem\",\"position\":1,\"name\":\"Startseite\",\"item\":\"https:\/\/boardgeneration.ch\/\"},{\"@type\":\"ListItem\",\"position\":2,\"name\":\"7. Zillertal V\u00c4LLEY R\u00c4LLEY &#8211; Grosses Tourfinale\"}]},{\"@type\":\"WebSite\",\"@id\":\"https:\/\/boardgeneration.ch\/#website\",\"url\":\"https:\/\/boardgeneration.ch\/\",\"name\":\"board generation\",\"description\":\"Back to the Roots\",\"publisher\":{\"@id\":\"https:\/\/boardgeneration.ch\/#organization\"},\"potentialAction\":[{\"@type\":\"SearchAction\",\"target\":{\"@type\":\"EntryPoint\",\"urlTemplate\":\"https:\/\/boardgeneration.ch\/?s={search_term_string}\"},\"query-input\":{\"@type\":\"PropertyValueSpecification\",\"valueRequired\":true,\"valueName\":\"search_term_string\"}}],\"inLanguage\":\"fr-FR\"},{\"@type\":\"Organization\",\"@id\":\"https:\/\/boardgeneration.ch\/#organization\",\"name\":\"board generation\",\"url\":\"https:\/\/boardgeneration.ch\/\",\"logo\":{\"@type\":\"ImageObject\",\"inLanguage\":\"fr-FR\",\"@id\":\"https:\/\/boardgeneration.ch\/#\/schema\/logo\/image\/\",\"url\":\"https:\/\/boardgeneration.ch\/wp-content\/uploads\/2019\/01\/bg-logo_mit_Text.png\",\"contentUrl\":\"https:\/\/boardgeneration.ch\/wp-content\/uploads\/2019\/01\/bg-logo_mit_Text.png\",\"width\":1040,\"height\":1155,\"caption\":\"board generation\"},\"image\":{\"@id\":\"https:\/\/boardgeneration.ch\/#\/schema\/logo\/image\/\"},\"sameAs\":[\"https:\/\/www.facebook.com\/boardgeneration.ch\",\"https:\/\/x.com\/boardgen\",\"https:\/\/www.instagram.com\/boardgen\/\"]},{\"@type\":\"Person\",\"@id\":\"https:\/\/boardgeneration.ch\/#\/schema\/person\/4727ac7b918c1fd9879a564a16734f2c\",\"name\":\"Pressedienst\",\"image\":{\"@type\":\"ImageObject\",\"inLanguage\":\"fr-FR\",\"@id\":\"https:\/\/boardgeneration.ch\/#\/schema\/person\/image\/\",\"url\":\"https:\/\/boardgeneration.ch\/wp-content\/uploads\/2019\/10\/Pile-of-letters-96x96.jpg\",\"contentUrl\":\"https:\/\/boardgeneration.ch\/wp-content\/uploads\/2019\/10\/Pile-of-letters-96x96.jpg\",\"caption\":\"Pressedienst\"},\"url\":\"https:\/\/boardgeneration.ch\/fr\/author\/pressedienst\/\"}]}<\/script>\n<!-- \/ Yoast SEO plugin. -->","yoast_head_json":{"title":"7. Zillertal V\u00c4LLEY R\u00c4LLEY - Grosses Tourfinale - Board Generation","robots":{"index":"index","follow":"follow","max-snippet":"max-snippet:-1","max-image-preview":"max-image-preview:large","max-video-preview":"max-video-preview:-1"},"canonical":"https:\/\/boardgeneration.ch\/fr\/7-zillertal-vaelley-raelley-grosses-tourfinale\/","og_locale":"fr_FR","og_type":"article","og_title":"7. Zillertal V\u00c4LLEY R\u00c4LLEY - Grosses Tourfinale - Board Generation","og_description":"Am 17. Und 18. Oktober 2020 findet das grosse Tourfinale der 7. Zillertal V\u00c4LLEY R\u00c4LLEY hosted by Blue Tomato und Ride Snowboards im Betterpark Hintertux statt. Einige der besten Nachwuchs-Snowboarder Europas wurden schon beim Training am Hintertuxer Gletscher gesichtet, um beim 4. Tourstopp der beliebten Zillertaler Snowboard Amateur Serie 2019\/2020 die letzten Punkte abzusahnen. Denn [&hellip;]","og_url":"https:\/\/boardgeneration.ch\/fr\/7-zillertal-vaelley-raelley-grosses-tourfinale\/","og_site_name":"Board Generation","article_publisher":"https:\/\/www.facebook.com\/boardgeneration.ch","article_published_time":"2020-10-14T06:07:21+00:00","article_modified_time":"2020-10-14T06:15:40+00:00","og_image":[{"width":2048,"height":1136,"url":"https:\/\/boardgeneration.ch\/wp-content\/uploads\/2020\/10\/@becknaphoto4.jpeg","type":"image\/jpeg"}],"author":"Pressedienst","twitter_card":"summary_large_image","twitter_creator":"@boardgen","twitter_site":"@boardgen","twitter_misc":{"\u00c9crit par":"Pressedienst","Dur\u00e9e de lecture estim\u00e9e":"2 minutes"},"schema":{"@context":"https:\/\/schema.org","@graph":[{"@type":"Article","@id":"https:\/\/boardgeneration.ch\/en\/7-zillertal-vaelley-raelley-grosses-tourfinale\/#article","isPartOf":{"@id":"https:\/\/boardgeneration.ch\/en\/7-zillertal-vaelley-raelley-grosses-tourfinale\/"},"author":{"name":"Pressedienst","@id":"https:\/\/boardgeneration.ch\/#\/schema\/person\/4727ac7b918c1fd9879a564a16734f2c"},"headline":"7. Zillertal V\u00c4LLEY R\u00c4LLEY &#8211; Grosses Tourfinale","datePublished":"2020-10-14T06:07:21+00:00","dateModified":"2020-10-14T06:15:40+00:00","mainEntityOfPage":{"@id":"https:\/\/boardgeneration.ch\/en\/7-zillertal-vaelley-raelley-grosses-tourfinale\/"},"wordCount":396,"commentCount":0,"publisher":{"@id":"https:\/\/boardgeneration.ch\/#organization"},"image":{"@id":"https:\/\/boardgeneration.ch\/en\/7-zillertal-vaelley-raelley-grosses-tourfinale\/#primaryimage"},"thumbnailUrl":"https:\/\/boardgeneration.ch\/wp-content\/uploads\/2020\/10\/@becknaphoto4.jpeg","keywords":["\u00c4sthetiker","Betterpark","Coaching","Contest","Corona","Event","Halfpipe","Hintertux","Slopestyle","Snowboard","Snowboarder","Test","Tourfinale","Tux-Finkenberg","V\u00e4lley R\u00e4lley","Zillertal"],"articleSection":["contest"],"inLanguage":"fr-FR","potentialAction":[{"@type":"CommentAction","name":"Comment","target":["https:\/\/boardgeneration.ch\/en\/7-zillertal-vaelley-raelley-grosses-tourfinale\/#respond"]}]},{"@type":"WebPage","@id":"https:\/\/boardgeneration.ch\/en\/7-zillertal-vaelley-raelley-grosses-tourfinale\/","url":"https:\/\/boardgeneration.ch\/en\/7-zillertal-vaelley-raelley-grosses-tourfinale\/","name":"7. Zillertal V\u00c4LLEY R\u00c4LLEY - Grosses Tourfinale - Board Generation","isPartOf":{"@id":"https:\/\/boardgeneration.ch\/#website"},"primaryImageOfPage":{"@id":"https:\/\/boardgeneration.ch\/en\/7-zillertal-vaelley-raelley-grosses-tourfinale\/#primaryimage"},"image":{"@id":"https:\/\/boardgeneration.ch\/en\/7-zillertal-vaelley-raelley-grosses-tourfinale\/#primaryimage"},"thumbnailUrl":"https:\/\/boardgeneration.ch\/wp-content\/uploads\/2020\/10\/@becknaphoto4.jpeg","datePublished":"2020-10-14T06:07:21+00:00","dateModified":"2020-10-14T06:15:40+00:00","breadcrumb":{"@id":"https:\/\/boardgeneration.ch\/en\/7-zillertal-vaelley-raelley-grosses-tourfinale\/#breadcrumb"},"inLanguage":"fr-FR","potentialAction":[{"@type":"ReadAction","target":["https:\/\/boardgeneration.ch\/en\/7-zillertal-vaelley-raelley-grosses-tourfinale\/"]}]},{"@type":"ImageObject","inLanguage":"fr-FR","@id":"https:\/\/boardgeneration.ch\/en\/7-zillertal-vaelley-raelley-grosses-tourfinale\/#primaryimage","url":"https:\/\/boardgeneration.ch\/wp-content\/uploads\/2020\/10\/@becknaphoto4.jpeg","contentUrl":"https:\/\/boardgeneration.ch\/wp-content\/uploads\/2020\/10\/@becknaphoto4.jpeg","width":2048,"height":1136},{"@type":"BreadcrumbList","@id":"https:\/\/boardgeneration.ch\/en\/7-zillertal-vaelley-raelley-grosses-tourfinale\/#breadcrumb","itemListElement":[{"@type":"ListItem","position":1,"name":"Startseite","item":"https:\/\/boardgeneration.ch\/"},{"@type":"ListItem","position":2,"name":"7. Zillertal V\u00c4LLEY R\u00c4LLEY &#8211; Grosses Tourfinale"}]},{"@type":"WebSite","@id":"https:\/\/boardgeneration.ch\/#website","url":"https:\/\/boardgeneration.ch\/","name":"g\u00e9n\u00e9ration de conseils","description":"Retour aux sources","publisher":{"@id":"https:\/\/boardgeneration.ch\/#organization"},"potentialAction":[{"@type":"SearchAction","target":{"@type":"EntryPoint","urlTemplate":"https:\/\/boardgeneration.ch\/?s={search_term_string}"},"query-input":{"@type":"PropertyValueSpecification","valueRequired":true,"valueName":"search_term_string"}}],"inLanguage":"fr-FR"},{"@type":"Organization","@id":"https:\/\/boardgeneration.ch\/#organization","name":"g\u00e9n\u00e9ration de conseils","url":"https:\/\/boardgeneration.ch\/","logo":{"@type":"ImageObject","inLanguage":"fr-FR","@id":"https:\/\/boardgeneration.ch\/#\/schema\/logo\/image\/","url":"https:\/\/boardgeneration.ch\/wp-content\/uploads\/2019\/01\/bg-logo_mit_Text.png","contentUrl":"https:\/\/boardgeneration.ch\/wp-content\/uploads\/2019\/01\/bg-logo_mit_Text.png","width":1040,"height":1155,"caption":"board generation"},"image":{"@id":"https:\/\/boardgeneration.ch\/#\/schema\/logo\/image\/"},"sameAs":["https:\/\/www.facebook.com\/boardgeneration.ch","https:\/\/x.com\/boardgen","https:\/\/www.instagram.com\/boardgen\/"]},{"@type":"Person","@id":"https:\/\/boardgeneration.ch\/#\/schema\/person\/4727ac7b918c1fd9879a564a16734f2c","name":"Service de presse","image":{"@type":"ImageObject","inLanguage":"fr-FR","@id":"https:\/\/boardgeneration.ch\/#\/schema\/person\/image\/","url":"https:\/\/boardgeneration.ch\/wp-content\/uploads\/2019\/10\/Pile-of-letters-96x96.jpg","contentUrl":"https:\/\/boardgeneration.ch\/wp-content\/uploads\/2019\/10\/Pile-of-letters-96x96.jpg","caption":"Pressedienst"},"url":"https:\/\/boardgeneration.ch\/fr\/author\/pressedienst\/"}]}},"jetpack_featured_media_url":"https:\/\/boardgeneration.ch\/wp-content\/uploads\/2020\/10\/@becknaphoto4.jpeg","jetpack_sharing_enabled":true,"amp_enabled":true,"_links":{"self":[{"href":"https:\/\/boardgeneration.ch\/fr\/wp-json\/wp\/v2\/posts\/3629","targetHints":{"allow":["GET"]}}],"collection":[{"href":"https:\/\/boardgeneration.ch\/fr\/wp-json\/wp\/v2\/posts"}],"about":[{"href":"https:\/\/boardgeneration.ch\/fr\/wp-json\/wp\/v2\/types\/post"}],"author":[{"embeddable":true,"href":"https:\/\/boardgeneration.ch\/fr\/wp-json\/wp\/v2\/users\/3"}],"replies":[{"embeddable":true,"href":"https:\/\/boardgeneration.ch\/fr\/wp-json\/wp\/v2\/comments?post=3629"}],"version-history":[{"count":3,"href":"https:\/\/boardgeneration.ch\/fr\/wp-json\/wp\/v2\/posts\/3629\/revisions"}],"predecessor-version":[{"id":3634,"href":"https:\/\/boardgeneration.ch\/fr\/wp-json\/wp\/v2\/posts\/3629\/revisions\/3634"}],"wp:featuredmedia":[{"embeddable":true,"href":"https:\/\/boardgeneration.ch\/fr\/wp-json\/wp\/v2\/media\/3631"}],"wp:attachment":[{"href":"https:\/\/boardgeneration.ch\/fr\/wp-json\/wp\/v2\/media?parent=3629"}],"wp:term":[{"taxonomy":"category","embeddable":true,"href":"https:\/\/boardgeneration.ch\/fr\/wp-json\/wp\/v2\/categories?post=3629"},{"taxonomy":"post_tag","embeddable":true,"href":"https:\/\/boardgeneration.ch\/fr\/wp-json\/wp\/v2\/tags?post=3629"}],"curies":[{"name":"wp","href":"https:\/\/api.w.org\/{rel}","templated":true}]}}