{"id":3848,"date":"2020-10-22T22:28:43","date_gmt":"2020-10-22T21:28:43","guid":{"rendered":"https:\/\/boardgeneration.ch\/?p=3848"},"modified":"2020-10-26T20:27:13","modified_gmt":"2020-10-26T19:27:13","slug":"aesthetiker-praesentieren-das-isolationsprojekt","status":"publish","type":"post","link":"https:\/\/boardgeneration.ch\/fr\/aesthetiker-praesentieren-das-isolationsprojekt\/","title":{"rendered":"Esth\u00e9tistes pr\u00e9sents : Le projet d'isolement"},"content":{"rendered":"<span class=\"span-reading-time rt-reading-time\" style=\"display: block;\"><span class=\"rt-label rt-prefix\">Le temps de la lecture : <\/span> <span class=\"rt-time\"> 2<\/span> <span class=\"rt-label rt-postfix\">proc\u00e8s-verbal<\/span><\/span>\n<p>Le projet d'isolation - Un parc de bricolage quelque part en Autriche avec Felix Widnig &amp; Friedl Kolar<\/p>\n\n\n\n<figure class=\"wp-block-embed-youtube wp-block-embed is-type-video is-provider-youtube wp-embed-aspect-16-9 wp-has-aspect-ratio\"><div class=\"wp-block-embed__wrapper\">\n<iframe loading=\"lazy\" title=\"Aesthetist Presents : The Isolation Project\" width=\"740\" height=\"416\" src=\"https:\/\/www.youtube.com\/embed\/YM9oHBT4Yq8?feature=oembed\" frameborder=\"0\" allow=\"accelerometer; autoplay; clipboard-write; encrypted-media; gyroscope; picture-in-picture\" allowfullscreen><\/iframe>\n<\/div><\/figure>\n\n\n\n<p>Lorsque tout a \u00e9t\u00e9 arr\u00eat\u00e9 \u00e0 cause du coronavirus et du bouclage qui a suivi, Felix Widnig a eu l'id\u00e9e de construire un parc directement derri\u00e8re sa maison, du c\u00f4t\u00e9 sud de Goldeck\/Carinthie\/Autriche. La situation de l'enneigement \u00e9tait encore bonne, et comme nous n'avions rien d'autre \u00e0 faire, nous avons commenc\u00e9 \u00e0 creuser. C'\u00e9tait une occasion rafra\u00eechissante de mettre de c\u00f4t\u00e9 tous les soucis de Covid-19.<\/p>\n\n\n\n<p>Apr\u00e8s cinq jours de tests, de reconstruction et de neige fra\u00eeche, nous avons commenc\u00e9 \u00e0 rouler dans le parc de nos r\u00eaves. La semaine suivante, nous nous sommes r\u00e9unis tous les matins sur la montagne, loin de toute l'hyst\u00e9rie m\u00e9diatique entourant l'\u00e9pid\u00e9mie. Nous sommes seulement 6 \u00e0 \u00eatre isol\u00e9s dans la nature et dans un parc parfait.<\/p>\n\n\n\n<p>La course a dur\u00e9 environ 45 secondes, et pour l'ascension, il nous a fallu environ 7 minutes.<br>Apr\u00e8s quelques tours d'\u00e9chauffement, les choses se r\u00e9chauffaient toujours rapidement et des tours \u00e9taient lanc\u00e9s. Des casques ont pilot\u00e9 le drone et nous nous sommes film\u00e9s mutuellement du mieux que nous pouvions.<\/p>\n\n\n\n<p>De jour en jour, le parc a fondu de plus en plus, et nous avons commenc\u00e9 \u00e0 ne faire que des sauts en un seul coup et nous avons reconstruit certaines des caract\u00e9ristiques pour la session sp\u00e9ciale. Friedl a trouv\u00e9 un arbre parfait, qui a \u00e9t\u00e9 transform\u00e9 en Rainbowrail et plus tard en Double Rail, qui a \u00e9t\u00e9 attaqu\u00e9 avec l'Aesmo pour une derni\u00e8re s\u00e9ance d'isolement.<\/p>\n\n\n\n<p>Quelques faits secondaires amusants :<\/p>\n\n\n\n<p>-cette s\u00e9quence n'a jamais \u00e9t\u00e9 pr\u00e9vue...<br>-F\u00e9lix est un monstre avec sa pelle. Il a creus\u00e9 le sommet tout seul en un jour...<br>-Nous avons utilis\u00e9 quelques kilos de sel pour prendre de la vitesse pour le premier saut...<br>-Lissi \u00e9tait enceinte de 7 mois....<br>-Nous avons d\u00fb mettre en place une partie des d\u00e9barquements....<br>-F\u00e9lix a r\u00e9ussi 2 kickflips avec l'\u00c4smo....<br>-Nous n'avons vu personne d'autre pendant tout ce temps....<\/p>\n\n\n\n<p>Cr\u00e9dits vid\u00e9o :<\/p>\n\n\n\n<p>Cavaliers :<br>Felix Widnig<br>Friedl Kolar<\/p>\n\n\n\n<p>Chauffeurs et cin\u00e9astes suppl\u00e9mentaires :<br>Casque Seidl<br>Chris Wascher<br>Cory Hutter<br>Lissi Kandolf<\/p>\n\n\n\n<p>Photos :<br>Sam Strauss<\/p>\n\n\n\n<p>\u00c9dition pr\u00e9liminaire : Felix &amp; Friedl<br>Montage final : Mone \"MonEpic\" Monsberger<\/p>","protected":false},"excerpt":{"rendered":"<p>Das Isolationsprojekt &#8211; Ein DIY-Park irgendwo in \u00d6sterreich mit Felix Widnig &amp; Friedl Kolar Als durch den Coronavirus und die darauf folgende Abriegelung alles stillgelegt wurde, kam Felix Widnig auf die Idee, direkt hinter seinem Haus auf der S\u00fcdseite von Goldeck\/K\u00e4rnten\/\u00d6sterreich einen Park zu errichten. Die Schneesituation war immer noch gut, und da wir nichts [&hellip;]<\/p>\n","protected":false},"author":4,"featured_media":3850,"comment_status":"open","ping_status":"open","sticky":false,"template":"","format":"video","meta":{"_jetpack_memberships_contains_paid_content":false,"footnotes":""},"categories":[8982],"tags":[27278,32170],"class_list":["post-3848","post","type-post","status-publish","format-video","has-post-thumbnail","hentry","category-youtube","tag-asthetiker","tag-helm","post_format-post-format-video"],"yoast_head":"<!-- This site is optimized with the Yoast SEO plugin v26.8 - https:\/\/yoast.com\/product\/yoast-seo-wordpress\/ -->\n<title>\u00c4sthetiker pr\u00e4sentieren: Das Isolationsprojekt - Board Generation<\/title>\n<meta name=\"robots\" content=\"index, follow, max-snippet:-1, max-image-preview:large, max-video-preview:-1\" \/>\n<link rel=\"canonical\" href=\"https:\/\/boardgeneration.ch\/fr\/aesthetiker-praesentieren-das-isolationsprojekt\/\" \/>\n<meta property=\"og:locale\" content=\"fr_FR\" \/>\n<meta property=\"og:type\" content=\"article\" \/>\n<meta property=\"og:title\" content=\"\u00c4sthetiker pr\u00e4sentieren: Das Isolationsprojekt - Board Generation\" \/>\n<meta property=\"og:description\" content=\"Das Isolationsprojekt &#8211; Ein DIY-Park irgendwo in \u00d6sterreich mit Felix Widnig &amp; Friedl Kolar Als durch den Coronavirus und die darauf folgende Abriegelung alles stillgelegt wurde, kam Felix Widnig auf die Idee, direkt hinter seinem Haus auf der S\u00fcdseite von Goldeck\/K\u00e4rnten\/\u00d6sterreich einen Park zu errichten. Die Schneesituation war immer noch gut, und da wir nichts [&hellip;]\" \/>\n<meta property=\"og:url\" content=\"https:\/\/boardgeneration.ch\/fr\/aesthetiker-praesentieren-das-isolationsprojekt\/\" \/>\n<meta property=\"og:site_name\" content=\"Board Generation\" \/>\n<meta property=\"article:publisher\" content=\"https:\/\/www.facebook.com\/boardgeneration.ch\" \/>\n<meta property=\"article:published_time\" content=\"2020-10-22T21:28:43+00:00\" \/>\n<meta property=\"article:modified_time\" content=\"2020-10-26T19:27:13+00:00\" \/>\n<meta property=\"og:image\" content=\"https:\/\/boardgeneration.ch\/wp-content\/uploads\/2020\/10\/2020-10-22_23-27-17.png\" \/>\n\t<meta property=\"og:image:width\" content=\"1273\" \/>\n\t<meta property=\"og:image:height\" content=\"684\" \/>\n\t<meta property=\"og:image:type\" content=\"image\/png\" \/>\n<meta name=\"author\" content=\"Redaktion\" \/>\n<meta name=\"twitter:card\" content=\"summary_large_image\" \/>\n<meta name=\"twitter:creator\" content=\"@boardgen\" \/>\n<meta name=\"twitter:site\" content=\"@boardgen\" \/>\n<meta name=\"twitter:label1\" content=\"\u00c9crit par\" \/>\n\t<meta name=\"twitter:data1\" content=\"Redaktion\" \/>\n\t<meta name=\"twitter:label2\" content=\"Dur\u00e9e de lecture estim\u00e9e\" \/>\n\t<meta name=\"twitter:data2\" content=\"2 minutes\" \/>\n<script type=\"application\/ld+json\" class=\"yoast-schema-graph\">{\"@context\":\"https:\/\/schema.org\",\"@graph\":[{\"@type\":\"Article\",\"@id\":\"https:\/\/boardgeneration.ch\/en\/aesthetiker-praesentieren-das-isolationsprojekt\/#article\",\"isPartOf\":{\"@id\":\"https:\/\/boardgeneration.ch\/en\/aesthetiker-praesentieren-das-isolationsprojekt\/\"},\"author\":{\"name\":\"Redaktion\",\"@id\":\"https:\/\/boardgeneration.ch\/#\/schema\/person\/ff761d182d5001e318f70819ad955738\"},\"headline\":\"\u00c4sthetiker pr\u00e4sentieren: Das Isolationsprojekt\",\"datePublished\":\"2020-10-22T21:28:43+00:00\",\"dateModified\":\"2020-10-26T19:27:13+00:00\",\"mainEntityOfPage\":{\"@id\":\"https:\/\/boardgeneration.ch\/en\/aesthetiker-praesentieren-das-isolationsprojekt\/\"},\"wordCount\":338,\"commentCount\":0,\"publisher\":{\"@id\":\"https:\/\/boardgeneration.ch\/#organization\"},\"image\":{\"@id\":\"https:\/\/boardgeneration.ch\/en\/aesthetiker-praesentieren-das-isolationsprojekt\/#primaryimage\"},\"thumbnailUrl\":\"https:\/\/boardgeneration.ch\/wp-content\/uploads\/2020\/10\/2020-10-22_23-27-17.png\",\"keywords\":[\"\u00c4sthetiker\",\"Helm\"],\"articleSection\":[\"Youtube\"],\"inLanguage\":\"fr-FR\",\"potentialAction\":[{\"@type\":\"CommentAction\",\"name\":\"Comment\",\"target\":[\"https:\/\/boardgeneration.ch\/en\/aesthetiker-praesentieren-das-isolationsprojekt\/#respond\"]}]},{\"@type\":\"WebPage\",\"@id\":\"https:\/\/boardgeneration.ch\/en\/aesthetiker-praesentieren-das-isolationsprojekt\/\",\"url\":\"https:\/\/boardgeneration.ch\/en\/aesthetiker-praesentieren-das-isolationsprojekt\/\",\"name\":\"\u00c4sthetiker pr\u00e4sentieren: Das Isolationsprojekt - Board Generation\",\"isPartOf\":{\"@id\":\"https:\/\/boardgeneration.ch\/#website\"},\"primaryImageOfPage\":{\"@id\":\"https:\/\/boardgeneration.ch\/en\/aesthetiker-praesentieren-das-isolationsprojekt\/#primaryimage\"},\"image\":{\"@id\":\"https:\/\/boardgeneration.ch\/en\/aesthetiker-praesentieren-das-isolationsprojekt\/#primaryimage\"},\"thumbnailUrl\":\"https:\/\/boardgeneration.ch\/wp-content\/uploads\/2020\/10\/2020-10-22_23-27-17.png\",\"datePublished\":\"2020-10-22T21:28:43+00:00\",\"dateModified\":\"2020-10-26T19:27:13+00:00\",\"breadcrumb\":{\"@id\":\"https:\/\/boardgeneration.ch\/en\/aesthetiker-praesentieren-das-isolationsprojekt\/#breadcrumb\"},\"inLanguage\":\"fr-FR\",\"potentialAction\":[{\"@type\":\"ReadAction\",\"target\":[\"https:\/\/boardgeneration.ch\/en\/aesthetiker-praesentieren-das-isolationsprojekt\/\"]}]},{\"@type\":\"ImageObject\",\"inLanguage\":\"fr-FR\",\"@id\":\"https:\/\/boardgeneration.ch\/en\/aesthetiker-praesentieren-das-isolationsprojekt\/#primaryimage\",\"url\":\"https:\/\/boardgeneration.ch\/wp-content\/uploads\/2020\/10\/2020-10-22_23-27-17.png\",\"contentUrl\":\"https:\/\/boardgeneration.ch\/wp-content\/uploads\/2020\/10\/2020-10-22_23-27-17.png\",\"width\":1273,\"height\":684},{\"@type\":\"BreadcrumbList\",\"@id\":\"https:\/\/boardgeneration.ch\/en\/aesthetiker-praesentieren-das-isolationsprojekt\/#breadcrumb\",\"itemListElement\":[{\"@type\":\"ListItem\",\"position\":1,\"name\":\"Startseite\",\"item\":\"https:\/\/boardgeneration.ch\/\"},{\"@type\":\"ListItem\",\"position\":2,\"name\":\"\u00c4sthetiker pr\u00e4sentieren: Das Isolationsprojekt\"}]},{\"@type\":\"WebSite\",\"@id\":\"https:\/\/boardgeneration.ch\/#website\",\"url\":\"https:\/\/boardgeneration.ch\/\",\"name\":\"board generation\",\"description\":\"Back to the Roots\",\"publisher\":{\"@id\":\"https:\/\/boardgeneration.ch\/#organization\"},\"potentialAction\":[{\"@type\":\"SearchAction\",\"target\":{\"@type\":\"EntryPoint\",\"urlTemplate\":\"https:\/\/boardgeneration.ch\/?s={search_term_string}\"},\"query-input\":{\"@type\":\"PropertyValueSpecification\",\"valueRequired\":true,\"valueName\":\"search_term_string\"}}],\"inLanguage\":\"fr-FR\"},{\"@type\":\"Organization\",\"@id\":\"https:\/\/boardgeneration.ch\/#organization\",\"name\":\"board generation\",\"url\":\"https:\/\/boardgeneration.ch\/\",\"logo\":{\"@type\":\"ImageObject\",\"inLanguage\":\"fr-FR\",\"@id\":\"https:\/\/boardgeneration.ch\/#\/schema\/logo\/image\/\",\"url\":\"https:\/\/boardgeneration.ch\/wp-content\/uploads\/2019\/01\/bg-logo_mit_Text.png\",\"contentUrl\":\"https:\/\/boardgeneration.ch\/wp-content\/uploads\/2019\/01\/bg-logo_mit_Text.png\",\"width\":1040,\"height\":1155,\"caption\":\"board generation\"},\"image\":{\"@id\":\"https:\/\/boardgeneration.ch\/#\/schema\/logo\/image\/\"},\"sameAs\":[\"https:\/\/www.facebook.com\/boardgeneration.ch\",\"https:\/\/x.com\/boardgen\",\"https:\/\/www.instagram.com\/boardgen\/\"]},{\"@type\":\"Person\",\"@id\":\"https:\/\/boardgeneration.ch\/#\/schema\/person\/ff761d182d5001e318f70819ad955738\",\"name\":\"Redaktion\",\"image\":{\"@type\":\"ImageObject\",\"inLanguage\":\"fr-FR\",\"@id\":\"https:\/\/boardgeneration.ch\/#\/schema\/person\/image\/\",\"url\":\"https:\/\/boardgeneration.ch\/wp-content\/uploads\/2019\/01\/bg-logo_mit_Text_100x100-96x96.png\",\"contentUrl\":\"https:\/\/boardgeneration.ch\/wp-content\/uploads\/2019\/01\/bg-logo_mit_Text_100x100-96x96.png\",\"caption\":\"Redaktion\"},\"url\":\"https:\/\/boardgeneration.ch\/fr\/author\/redaktion\/\"}]}<\/script>\n<!-- \/ Yoast SEO plugin. -->","yoast_head_json":{"title":"\u00c4sthetiker pr\u00e4sentieren: Das Isolationsprojekt - Board Generation","robots":{"index":"index","follow":"follow","max-snippet":"max-snippet:-1","max-image-preview":"max-image-preview:large","max-video-preview":"max-video-preview:-1"},"canonical":"https:\/\/boardgeneration.ch\/fr\/aesthetiker-praesentieren-das-isolationsprojekt\/","og_locale":"fr_FR","og_type":"article","og_title":"\u00c4sthetiker pr\u00e4sentieren: Das Isolationsprojekt - Board Generation","og_description":"Das Isolationsprojekt &#8211; Ein DIY-Park irgendwo in \u00d6sterreich mit Felix Widnig &amp; Friedl Kolar Als durch den Coronavirus und die darauf folgende Abriegelung alles stillgelegt wurde, kam Felix Widnig auf die Idee, direkt hinter seinem Haus auf der S\u00fcdseite von Goldeck\/K\u00e4rnten\/\u00d6sterreich einen Park zu errichten. Die Schneesituation war immer noch gut, und da wir nichts [&hellip;]","og_url":"https:\/\/boardgeneration.ch\/fr\/aesthetiker-praesentieren-das-isolationsprojekt\/","og_site_name":"Board Generation","article_publisher":"https:\/\/www.facebook.com\/boardgeneration.ch","article_published_time":"2020-10-22T21:28:43+00:00","article_modified_time":"2020-10-26T19:27:13+00:00","og_image":[{"width":1273,"height":684,"url":"https:\/\/boardgeneration.ch\/wp-content\/uploads\/2020\/10\/2020-10-22_23-27-17.png","type":"image\/png"}],"author":"Redaktion","twitter_card":"summary_large_image","twitter_creator":"@boardgen","twitter_site":"@boardgen","twitter_misc":{"\u00c9crit par":"Redaktion","Dur\u00e9e de lecture estim\u00e9e":"2 minutes"},"schema":{"@context":"https:\/\/schema.org","@graph":[{"@type":"Article","@id":"https:\/\/boardgeneration.ch\/en\/aesthetiker-praesentieren-das-isolationsprojekt\/#article","isPartOf":{"@id":"https:\/\/boardgeneration.ch\/en\/aesthetiker-praesentieren-das-isolationsprojekt\/"},"author":{"name":"Redaktion","@id":"https:\/\/boardgeneration.ch\/#\/schema\/person\/ff761d182d5001e318f70819ad955738"},"headline":"\u00c4sthetiker pr\u00e4sentieren: Das Isolationsprojekt","datePublished":"2020-10-22T21:28:43+00:00","dateModified":"2020-10-26T19:27:13+00:00","mainEntityOfPage":{"@id":"https:\/\/boardgeneration.ch\/en\/aesthetiker-praesentieren-das-isolationsprojekt\/"},"wordCount":338,"commentCount":0,"publisher":{"@id":"https:\/\/boardgeneration.ch\/#organization"},"image":{"@id":"https:\/\/boardgeneration.ch\/en\/aesthetiker-praesentieren-das-isolationsprojekt\/#primaryimage"},"thumbnailUrl":"https:\/\/boardgeneration.ch\/wp-content\/uploads\/2020\/10\/2020-10-22_23-27-17.png","keywords":["\u00c4sthetiker","Helm"],"articleSection":["Youtube"],"inLanguage":"fr-FR","potentialAction":[{"@type":"CommentAction","name":"Comment","target":["https:\/\/boardgeneration.ch\/en\/aesthetiker-praesentieren-das-isolationsprojekt\/#respond"]}]},{"@type":"WebPage","@id":"https:\/\/boardgeneration.ch\/en\/aesthetiker-praesentieren-das-isolationsprojekt\/","url":"https:\/\/boardgeneration.ch\/en\/aesthetiker-praesentieren-das-isolationsprojekt\/","name":"\u00c4sthetiker pr\u00e4sentieren: Das Isolationsprojekt - Board Generation","isPartOf":{"@id":"https:\/\/boardgeneration.ch\/#website"},"primaryImageOfPage":{"@id":"https:\/\/boardgeneration.ch\/en\/aesthetiker-praesentieren-das-isolationsprojekt\/#primaryimage"},"image":{"@id":"https:\/\/boardgeneration.ch\/en\/aesthetiker-praesentieren-das-isolationsprojekt\/#primaryimage"},"thumbnailUrl":"https:\/\/boardgeneration.ch\/wp-content\/uploads\/2020\/10\/2020-10-22_23-27-17.png","datePublished":"2020-10-22T21:28:43+00:00","dateModified":"2020-10-26T19:27:13+00:00","breadcrumb":{"@id":"https:\/\/boardgeneration.ch\/en\/aesthetiker-praesentieren-das-isolationsprojekt\/#breadcrumb"},"inLanguage":"fr-FR","potentialAction":[{"@type":"ReadAction","target":["https:\/\/boardgeneration.ch\/en\/aesthetiker-praesentieren-das-isolationsprojekt\/"]}]},{"@type":"ImageObject","inLanguage":"fr-FR","@id":"https:\/\/boardgeneration.ch\/en\/aesthetiker-praesentieren-das-isolationsprojekt\/#primaryimage","url":"https:\/\/boardgeneration.ch\/wp-content\/uploads\/2020\/10\/2020-10-22_23-27-17.png","contentUrl":"https:\/\/boardgeneration.ch\/wp-content\/uploads\/2020\/10\/2020-10-22_23-27-17.png","width":1273,"height":684},{"@type":"BreadcrumbList","@id":"https:\/\/boardgeneration.ch\/en\/aesthetiker-praesentieren-das-isolationsprojekt\/#breadcrumb","itemListElement":[{"@type":"ListItem","position":1,"name":"Startseite","item":"https:\/\/boardgeneration.ch\/"},{"@type":"ListItem","position":2,"name":"\u00c4sthetiker pr\u00e4sentieren: Das Isolationsprojekt"}]},{"@type":"WebSite","@id":"https:\/\/boardgeneration.ch\/#website","url":"https:\/\/boardgeneration.ch\/","name":"g\u00e9n\u00e9ration de conseils","description":"Retour aux sources","publisher":{"@id":"https:\/\/boardgeneration.ch\/#organization"},"potentialAction":[{"@type":"SearchAction","target":{"@type":"EntryPoint","urlTemplate":"https:\/\/boardgeneration.ch\/?s={search_term_string}"},"query-input":{"@type":"PropertyValueSpecification","valueRequired":true,"valueName":"search_term_string"}}],"inLanguage":"fr-FR"},{"@type":"Organization","@id":"https:\/\/boardgeneration.ch\/#organization","name":"g\u00e9n\u00e9ration de conseils","url":"https:\/\/boardgeneration.ch\/","logo":{"@type":"ImageObject","inLanguage":"fr-FR","@id":"https:\/\/boardgeneration.ch\/#\/schema\/logo\/image\/","url":"https:\/\/boardgeneration.ch\/wp-content\/uploads\/2019\/01\/bg-logo_mit_Text.png","contentUrl":"https:\/\/boardgeneration.ch\/wp-content\/uploads\/2019\/01\/bg-logo_mit_Text.png","width":1040,"height":1155,"caption":"board generation"},"image":{"@id":"https:\/\/boardgeneration.ch\/#\/schema\/logo\/image\/"},"sameAs":["https:\/\/www.facebook.com\/boardgeneration.ch","https:\/\/x.com\/boardgen","https:\/\/www.instagram.com\/boardgen\/"]},{"@type":"Person","@id":"https:\/\/boardgeneration.ch\/#\/schema\/person\/ff761d182d5001e318f70819ad955738","name":"Bureau de la r\u00e9daction","image":{"@type":"ImageObject","inLanguage":"fr-FR","@id":"https:\/\/boardgeneration.ch\/#\/schema\/person\/image\/","url":"https:\/\/boardgeneration.ch\/wp-content\/uploads\/2019\/01\/bg-logo_mit_Text_100x100-96x96.png","contentUrl":"https:\/\/boardgeneration.ch\/wp-content\/uploads\/2019\/01\/bg-logo_mit_Text_100x100-96x96.png","caption":"Redaktion"},"url":"https:\/\/boardgeneration.ch\/fr\/author\/redaktion\/"}]}},"jetpack_featured_media_url":"https:\/\/boardgeneration.ch\/wp-content\/uploads\/2020\/10\/2020-10-22_23-27-17.png","jetpack_sharing_enabled":true,"amp_enabled":true,"_links":{"self":[{"href":"https:\/\/boardgeneration.ch\/fr\/wp-json\/wp\/v2\/posts\/3848","targetHints":{"allow":["GET"]}}],"collection":[{"href":"https:\/\/boardgeneration.ch\/fr\/wp-json\/wp\/v2\/posts"}],"about":[{"href":"https:\/\/boardgeneration.ch\/fr\/wp-json\/wp\/v2\/types\/post"}],"author":[{"embeddable":true,"href":"https:\/\/boardgeneration.ch\/fr\/wp-json\/wp\/v2\/users\/4"}],"replies":[{"embeddable":true,"href":"https:\/\/boardgeneration.ch\/fr\/wp-json\/wp\/v2\/comments?post=3848"}],"version-history":[{"count":1,"href":"https:\/\/boardgeneration.ch\/fr\/wp-json\/wp\/v2\/posts\/3848\/revisions"}],"predecessor-version":[{"id":3851,"href":"https:\/\/boardgeneration.ch\/fr\/wp-json\/wp\/v2\/posts\/3848\/revisions\/3851"}],"wp:featuredmedia":[{"embeddable":true,"href":"https:\/\/boardgeneration.ch\/fr\/wp-json\/wp\/v2\/media\/3850"}],"wp:attachment":[{"href":"https:\/\/boardgeneration.ch\/fr\/wp-json\/wp\/v2\/media?parent=3848"}],"wp:term":[{"taxonomy":"category","embeddable":true,"href":"https:\/\/boardgeneration.ch\/fr\/wp-json\/wp\/v2\/categories?post=3848"},{"taxonomy":"post_tag","embeddable":true,"href":"https:\/\/boardgeneration.ch\/fr\/wp-json\/wp\/v2\/tags?post=3848"}],"curies":[{"name":"wp","href":"https:\/\/api.w.org\/{rel}","templated":true}]}}