{"id":4183,"date":"2020-12-03T17:48:04","date_gmt":"2020-12-03T16:48:04","guid":{"rendered":"https:\/\/boardgeneration.ch\/?p=4183"},"modified":"2020-12-03T17:49:22","modified_gmt":"2020-12-03T16:49:22","slug":"laax-open-2021-top-starterfeld-bei-erstem-snowboard-weltcup-des-winters-vom-19-23-januar-2021","status":"publish","type":"post","link":"https:\/\/boardgeneration.ch\/fr\/laax-open-2021-top-starterfeld-bei-erstem-snowboard-weltcup-des-winters-vom-19-23-januar-2021\/","title":{"rendered":"LAAX OPEN 2021 : Le premier terrain de d\u00e9part de la premi\u00e8re Coupe du monde de snowboard de l'hiver, du 19 au 23 janvier 2021"},"content":{"rendered":"<span class=\"span-reading-time rt-reading-time\" style=\"display: block;\"><span class=\"rt-label rt-prefix\">Le temps de la lecture : <\/span> <span class=\"rt-time\"> 2<\/span> <span class=\"rt-label rt-postfix\">proc\u00e8s-verbal<\/span><\/span>\n<p>Avec l'ouverture du LAAX le 19 janvier 2021, les professionnels du snowboard freestyle vont commencer dans les disciplines de slopestyle et de halfpipe sur le circuit de la Coupe du monde. C'est la premi\u00e8re comparaison internationale de la saison, c'est l'hiver pr\u00e9olympique, tout est question de quotas, de snowboard au plus haut niveau et de titres prestigieux. En outre, le LAAX OPEN est consid\u00e9r\u00e9 comme une comp\u00e9tition favorite pour de nombreux coureurs.<\/p>\n\n\n\n<figure class=\"wp-block-image size-large\"><img loading=\"lazy\" decoding=\"async\" width=\"1024\" height=\"683\" data-attachment-id=\"1651\" data-permalink=\"https:\/\/boardgeneration.ch\/fr\/_mg_1042\/\" data-orig-file=\"https:\/\/boardgeneration.ch\/wp-content\/uploads\/2020\/01\/MG_1042-scaled.jpg\" data-orig-size=\"2560,1707\" data-comments-opened=\"1\" data-image-meta=\"{&quot;aperture&quot;:&quot;4.5&quot;,&quot;credit&quot;:&quot;Pascal Kesselmark::actionphotos.&quot;,&quot;camera&quot;:&quot;Canon EOS-1D X&quot;,&quot;caption&quot;:&quot;&quot;,&quot;created_timestamp&quot;:&quot;1579267909&quot;,&quot;copyright&quot;:&quot;&quot;,&quot;focal_length&quot;:&quot;24&quot;,&quot;iso&quot;:&quot;200&quot;,&quot;shutter_speed&quot;:&quot;0.00025&quot;,&quot;title&quot;:&quot;&quot;,&quot;orientation&quot;:&quot;0&quot;}\" data-image-title=\"_MG_1042\" data-image-description=\"\" data-image-caption=\"\" data-medium-file=\"https:\/\/boardgeneration.ch\/wp-content\/uploads\/2020\/01\/MG_1042-300x200.jpg\" data-large-file=\"https:\/\/boardgeneration.ch\/wp-content\/uploads\/2020\/01\/MG_1042-1024x683.jpg\" src=\"https:\/\/boardgeneration.ch\/wp-content\/uploads\/2020\/01\/MG_1042-1024x683.jpg\" alt=\"\" class=\"wp-image-1651\" srcset=\"https:\/\/boardgeneration.ch\/wp-content\/uploads\/2020\/01\/MG_1042-1024x683.jpg 1024w, https:\/\/boardgeneration.ch\/wp-content\/uploads\/2020\/01\/MG_1042-300x200.jpg 300w, https:\/\/boardgeneration.ch\/wp-content\/uploads\/2020\/01\/MG_1042-768x512.jpg 768w, https:\/\/boardgeneration.ch\/wp-content\/uploads\/2020\/01\/MG_1042-1536x1024.jpg 1536w, https:\/\/boardgeneration.ch\/wp-content\/uploads\/2020\/01\/MG_1042-2048x1365.jpg 2048w, https:\/\/boardgeneration.ch\/wp-content\/uploads\/2020\/01\/MG_1042-512x341.jpg 512w\" sizes=\"auto, (max-width: 1024px) 100vw, 1024px\" \/><figcaption class=\"translation-block\"><span class=\"media-credit\"><a href=\"https:\/\/boardgeneration.ch\/en\/author\/bg_chef\/\" target=\"_self\">Pascal Kesselmark<\/a> | board generation<\/span><\/figcaption><\/figure>\n\n\n\n<p>Il n'est donc pas surprenant que des noms forts brillent dans la liste des candidats, qui se sont d\u00e9j\u00e0 immortalis\u00e9s par des victoires au Hall of Fame de Laax.<br>D'abord et avant tout un trio du Canada : Seb Toutant (2020), Max Parrot (2017), Mark McMorris (2016). Stale Sandbech\/NOR (2015), Chris Corning\/USA (2019), Enni Rukaj\u00e4rvi\/FIN (2010, 2017) et Julia Marino\/USA (2020) figurent \u00e9galement sur la liste des gagnants du slopestyle, tout comme Jamie Anderson\/USA, quatre fois vainqueur de l'OPEN (2008, 2011, 2012, 2016). Le halfpipe se poursuit avec Scotty James\/AUS (2019, 2020), Chase Josey\/USA (2017), Arielle Gold\/USA (2016), Jiayu Liu\/CHN (2018) et Queralt Castellet\/SPA (2020), qui s'entra\u00eene actuellement \u00e0 LAAX.<br>Plusieurs m\u00e9dailles olympiques et titres de champion du monde ont \u00e9t\u00e9 remport\u00e9s par les personnes susmentionn\u00e9es. Cela s'applique \u00e9galement aux challengers tels que Yuto Totsuka\/JPN et Anna Gasser\/AUT. La prochaine g\u00e9n\u00e9ration qui veut monter sur le podium, comme Annika Morgan\/GER, Katie Ormerod\/UK, Reira Iwabuchi\/JPN et Marcus Kleveland\/NOR, est \u00e9galement dans les starting-blocks. Le pays h\u00f4te, la Suisse, compte 25 coureurs dans son alignement, parmi lesquels Pat Burgener, Jan Scherrer, Celia Petrig et Moritz Th\u00f6nen.<\/p>\n\n\n\n<figure class=\"wp-block-image size-large\"><img loading=\"lazy\" decoding=\"async\" width=\"1024\" height=\"683\" data-attachment-id=\"1646\" data-permalink=\"https:\/\/boardgeneration.ch\/fr\/events\/laax-open-2\/_mg_0771\/\" data-orig-file=\"https:\/\/boardgeneration.ch\/wp-content\/uploads\/2020\/01\/MG_0771-scaled.jpg\" data-orig-size=\"2560,1707\" data-comments-opened=\"1\" data-image-meta=\"{&quot;aperture&quot;:&quot;5&quot;,&quot;credit&quot;:&quot;Pascal Kesselmark::actionphotos.&quot;,&quot;camera&quot;:&quot;Canon EOS-1D X&quot;,&quot;caption&quot;:&quot;&quot;,&quot;created_timestamp&quot;:&quot;1579264015&quot;,&quot;copyright&quot;:&quot;&quot;,&quot;focal_length&quot;:&quot;142&quot;,&quot;iso&quot;:&quot;250&quot;,&quot;shutter_speed&quot;:&quot;0.00025&quot;,&quot;title&quot;:&quot;&quot;,&quot;orientation&quot;:&quot;0&quot;}\" data-image-title=\"_MG_0771\" data-image-description=\"\" data-image-caption=\"\" data-medium-file=\"https:\/\/boardgeneration.ch\/wp-content\/uploads\/2020\/01\/MG_0771-300x200.jpg\" data-large-file=\"https:\/\/boardgeneration.ch\/wp-content\/uploads\/2020\/01\/MG_0771-1024x683.jpg\" src=\"https:\/\/boardgeneration.ch\/wp-content\/uploads\/2020\/01\/MG_0771-1024x683.jpg\" alt=\"\" class=\"wp-image-1646\" srcset=\"https:\/\/boardgeneration.ch\/wp-content\/uploads\/2020\/01\/MG_0771-1024x683.jpg 1024w, https:\/\/boardgeneration.ch\/wp-content\/uploads\/2020\/01\/MG_0771-300x200.jpg 300w, https:\/\/boardgeneration.ch\/wp-content\/uploads\/2020\/01\/MG_0771-768x512.jpg 768w, https:\/\/boardgeneration.ch\/wp-content\/uploads\/2020\/01\/MG_0771-1536x1024.jpg 1536w, https:\/\/boardgeneration.ch\/wp-content\/uploads\/2020\/01\/MG_0771-2048x1366.jpg 2048w, https:\/\/boardgeneration.ch\/wp-content\/uploads\/2020\/01\/MG_0771-512x341.jpg 512w\" sizes=\"auto, (max-width: 1024px) 100vw, 1024px\" \/><figcaption class=\"translation-block\"><span class=\"media-credit\"><a href=\"https:\/\/boardgeneration.ch\/en\/author\/bg_chef\/\" target=\"_self\">Pascal Kesselmark<\/a> | board generation<\/span><\/figcaption><\/figure>\n\n\n\n<p>Au total, 28 nations ont soumis leur candidature. Plus de 200 snowboarders sont attendus pour la seule Coupe du monde de snowboard en slopestyle et halfpipe sur le sol europ\u00e9en. Le LAAX OPEN suit un concept de protection COVID-19, qui a \u00e9t\u00e9 d\u00e9velopp\u00e9 par l'\u00e9quipe d'organisateurs exp\u00e9riment\u00e9s de LAAX en collaboration avec Swiss-Ski et qui garantit un concours s\u00fbr pour les coureurs et toutes les personnes impliqu\u00e9es.<\/p>\n\n\n\n<p>Ce que les OPEN ont offert au snowboard depuis des d\u00e9cennies peut \u00e9galement \u00eatre vu dans le clip actuel. <\/p>\n\n\n\n<figure class=\"wp-block-embed-youtube wp-block-embed is-type-video is-provider-youtube wp-embed-aspect-16-9 wp-has-aspect-ratio\"><div class=\"wp-block-embed__wrapper\">\n<iframe loading=\"lazy\" title=\"LAAX OPEN 2021\" width=\"740\" height=\"416\" src=\"https:\/\/www.youtube.com\/embed\/xa8E_XLihQ8?feature=oembed\" frameborder=\"0\" allow=\"accelerometer; autoplay; clipboard-write; encrypted-media; gyroscope; picture-in-picture\" allowfullscreen><\/iframe>\n<\/div><\/figure>\n\n\n\n<p>Si vous voulez revoir les finales 2020 en slopestyle et halfpipe en entier, consultez les sites web des partenaires de LAAX OPEN <a href=\"https:\/\/www.eurovisionsports.tv\/fis\/snowboarding\/\" target=\"_blank\" rel=\"noreferrer noopener\">eurovisionsports.tv<\/a> ou <a href=\"https:\/\/www.redbull.com\/int-en\/live\/slopestyle-laax-open-2020\" target=\"_blank\" rel=\"noreferrer noopener\">redbull.tv<\/a>.<\/p>","protected":false},"excerpt":{"rendered":"<p>Mit den LAAX OPEN starten am 19. Januar 2021 die Freestyle Snowboard Profis in den Disziplinen Slopestyle und Halfpipe in den Weltcup Circuit. Es ist der erste internationale Vergleich der Saison, es ist vorolympischer Winter, es geht um Quotenpl\u00e4tze, um Snowboarden auf h\u00f6chstem Niveau und prestigevolle Titel. Zus\u00e4tzlich gelten die LAAX OPEN als Lieblingscontest vieler [&hellip;]<\/p>\n","protected":false},"author":3,"featured_media":1687,"comment_status":"open","ping_status":"open","sticky":false,"template":"","format":"standard","meta":{"_jetpack_memberships_contains_paid_content":false,"footnotes":""},"categories":[12],"tags":[30750,11724,160,11718,32506,11723,11686,32182,32505],"class_list":["post-4183","post","type-post","status-publish","format-standard","has-post-thumbnail","hentry","category-event","tag-contest","tag-halfpipe","tag-laax","tag-laax-open","tag-laaxopen","tag-slopestyle","tag-snowboard","tag-snowboarder","tag-snowparklaax"],"yoast_head":"<!-- This site is optimized with the Yoast SEO plugin v26.8 - https:\/\/yoast.com\/product\/yoast-seo-wordpress\/ -->\n<title>LAAX OPEN 2021: Top Starterfeld bei erstem Snowboard Weltcup des Winters vom 19.-23. Januar 2021 - Board Generation<\/title>\n<meta name=\"robots\" content=\"index, follow, max-snippet:-1, max-image-preview:large, max-video-preview:-1\" \/>\n<link rel=\"canonical\" href=\"https:\/\/boardgeneration.ch\/fr\/laax-open-2021-top-starterfeld-bei-erstem-snowboard-weltcup-des-winters-vom-19-23-januar-2021\/\" \/>\n<meta property=\"og:locale\" content=\"fr_FR\" \/>\n<meta property=\"og:type\" content=\"article\" \/>\n<meta property=\"og:title\" content=\"LAAX OPEN 2021: Top Starterfeld bei erstem Snowboard Weltcup des Winters vom 19.-23. Januar 2021 - Board Generation\" \/>\n<meta property=\"og:description\" content=\"Mit den LAAX OPEN starten am 19. Januar 2021 die Freestyle Snowboard Profis in den Disziplinen Slopestyle und Halfpipe in den Weltcup Circuit. Es ist der erste internationale Vergleich der Saison, es ist vorolympischer Winter, es geht um Quotenpl\u00e4tze, um Snowboarden auf h\u00f6chstem Niveau und prestigevolle Titel. Zus\u00e4tzlich gelten die LAAX OPEN als Lieblingscontest vieler [&hellip;]\" \/>\n<meta property=\"og:url\" content=\"https:\/\/boardgeneration.ch\/fr\/laax-open-2021-top-starterfeld-bei-erstem-snowboard-weltcup-des-winters-vom-19-23-januar-2021\/\" \/>\n<meta property=\"og:site_name\" content=\"Board Generation\" \/>\n<meta property=\"article:publisher\" content=\"https:\/\/www.facebook.com\/boardgeneration.ch\" \/>\n<meta property=\"article:published_time\" content=\"2020-12-03T16:48:04+00:00\" \/>\n<meta property=\"article:modified_time\" content=\"2020-12-03T16:49:22+00:00\" \/>\n<meta property=\"og:image\" content=\"https:\/\/boardgeneration.ch\/wp-content\/uploads\/2020\/01\/MG_0013-scaled.jpg\" \/>\n\t<meta property=\"og:image:width\" content=\"2560\" \/>\n\t<meta property=\"og:image:height\" content=\"1707\" \/>\n\t<meta property=\"og:image:type\" content=\"image\/jpeg\" \/>\n<meta name=\"author\" content=\"Pressedienst\" \/>\n<meta name=\"twitter:card\" content=\"summary_large_image\" \/>\n<meta name=\"twitter:creator\" content=\"@boardgen\" \/>\n<meta name=\"twitter:site\" content=\"@boardgen\" \/>\n<meta name=\"twitter:label1\" content=\"\u00c9crit par\" \/>\n\t<meta name=\"twitter:data1\" content=\"Pressedienst\" \/>\n\t<meta name=\"twitter:label2\" content=\"Dur\u00e9e de lecture estim\u00e9e\" \/>\n\t<meta name=\"twitter:data2\" content=\"2 minutes\" \/>\n<script type=\"application\/ld+json\" class=\"yoast-schema-graph\">{\"@context\":\"https:\/\/schema.org\",\"@graph\":[{\"@type\":\"Article\",\"@id\":\"https:\/\/boardgeneration.ch\/en\/laax-open-2021-top-starterfeld-bei-erstem-snowboard-weltcup-des-winters-vom-19-23-januar-2021\/#article\",\"isPartOf\":{\"@id\":\"https:\/\/boardgeneration.ch\/en\/laax-open-2021-top-starterfeld-bei-erstem-snowboard-weltcup-des-winters-vom-19-23-januar-2021\/\"},\"author\":{\"name\":\"Pressedienst\",\"@id\":\"https:\/\/boardgeneration.ch\/#\/schema\/person\/4727ac7b918c1fd9879a564a16734f2c\"},\"headline\":\"LAAX OPEN 2021: Top Starterfeld bei erstem Snowboard Weltcup des Winters vom 19.-23. Januar 2021\",\"datePublished\":\"2020-12-03T16:48:04+00:00\",\"dateModified\":\"2020-12-03T16:49:22+00:00\",\"mainEntityOfPage\":{\"@id\":\"https:\/\/boardgeneration.ch\/en\/laax-open-2021-top-starterfeld-bei-erstem-snowboard-weltcup-des-winters-vom-19-23-januar-2021\/\"},\"wordCount\":343,\"commentCount\":0,\"publisher\":{\"@id\":\"https:\/\/boardgeneration.ch\/#organization\"},\"image\":{\"@id\":\"https:\/\/boardgeneration.ch\/en\/laax-open-2021-top-starterfeld-bei-erstem-snowboard-weltcup-des-winters-vom-19-23-januar-2021\/#primaryimage\"},\"thumbnailUrl\":\"https:\/\/boardgeneration.ch\/wp-content\/uploads\/2020\/01\/MG_0013-scaled.jpg\",\"keywords\":[\"Contest\",\"Halfpipe\",\"Laax\",\"LAAX OPEN\",\"LAAXOPEN\",\"Slopestyle\",\"Snowboard\",\"Snowboarder\",\"snowparkLAAX\"],\"articleSection\":[\"event\"],\"inLanguage\":\"fr-FR\",\"potentialAction\":[{\"@type\":\"CommentAction\",\"name\":\"Comment\",\"target\":[\"https:\/\/boardgeneration.ch\/en\/laax-open-2021-top-starterfeld-bei-erstem-snowboard-weltcup-des-winters-vom-19-23-januar-2021\/#respond\"]}]},{\"@type\":\"WebPage\",\"@id\":\"https:\/\/boardgeneration.ch\/en\/laax-open-2021-top-starterfeld-bei-erstem-snowboard-weltcup-des-winters-vom-19-23-januar-2021\/\",\"url\":\"https:\/\/boardgeneration.ch\/en\/laax-open-2021-top-starterfeld-bei-erstem-snowboard-weltcup-des-winters-vom-19-23-januar-2021\/\",\"name\":\"LAAX OPEN 2021: Top Starterfeld bei erstem Snowboard Weltcup des Winters vom 19.-23. Januar 2021 - Board Generation\",\"isPartOf\":{\"@id\":\"https:\/\/boardgeneration.ch\/#website\"},\"primaryImageOfPage\":{\"@id\":\"https:\/\/boardgeneration.ch\/en\/laax-open-2021-top-starterfeld-bei-erstem-snowboard-weltcup-des-winters-vom-19-23-januar-2021\/#primaryimage\"},\"image\":{\"@id\":\"https:\/\/boardgeneration.ch\/en\/laax-open-2021-top-starterfeld-bei-erstem-snowboard-weltcup-des-winters-vom-19-23-januar-2021\/#primaryimage\"},\"thumbnailUrl\":\"https:\/\/boardgeneration.ch\/wp-content\/uploads\/2020\/01\/MG_0013-scaled.jpg\",\"datePublished\":\"2020-12-03T16:48:04+00:00\",\"dateModified\":\"2020-12-03T16:49:22+00:00\",\"breadcrumb\":{\"@id\":\"https:\/\/boardgeneration.ch\/en\/laax-open-2021-top-starterfeld-bei-erstem-snowboard-weltcup-des-winters-vom-19-23-januar-2021\/#breadcrumb\"},\"inLanguage\":\"fr-FR\",\"potentialAction\":[{\"@type\":\"ReadAction\",\"target\":[\"https:\/\/boardgeneration.ch\/en\/laax-open-2021-top-starterfeld-bei-erstem-snowboard-weltcup-des-winters-vom-19-23-januar-2021\/\"]}]},{\"@type\":\"ImageObject\",\"inLanguage\":\"fr-FR\",\"@id\":\"https:\/\/boardgeneration.ch\/en\/laax-open-2021-top-starterfeld-bei-erstem-snowboard-weltcup-des-winters-vom-19-23-januar-2021\/#primaryimage\",\"url\":\"https:\/\/boardgeneration.ch\/wp-content\/uploads\/2020\/01\/MG_0013-scaled.jpg\",\"contentUrl\":\"https:\/\/boardgeneration.ch\/wp-content\/uploads\/2020\/01\/MG_0013-scaled.jpg\",\"width\":2560,\"height\":1707},{\"@type\":\"BreadcrumbList\",\"@id\":\"https:\/\/boardgeneration.ch\/en\/laax-open-2021-top-starterfeld-bei-erstem-snowboard-weltcup-des-winters-vom-19-23-januar-2021\/#breadcrumb\",\"itemListElement\":[{\"@type\":\"ListItem\",\"position\":1,\"name\":\"Startseite\",\"item\":\"https:\/\/boardgeneration.ch\/\"},{\"@type\":\"ListItem\",\"position\":2,\"name\":\"LAAX OPEN 2021: Top Starterfeld bei erstem Snowboard Weltcup des Winters vom 19.-23. Januar 2021\"}]},{\"@type\":\"WebSite\",\"@id\":\"https:\/\/boardgeneration.ch\/#website\",\"url\":\"https:\/\/boardgeneration.ch\/\",\"name\":\"board generation\",\"description\":\"Back to the Roots\",\"publisher\":{\"@id\":\"https:\/\/boardgeneration.ch\/#organization\"},\"potentialAction\":[{\"@type\":\"SearchAction\",\"target\":{\"@type\":\"EntryPoint\",\"urlTemplate\":\"https:\/\/boardgeneration.ch\/?s={search_term_string}\"},\"query-input\":{\"@type\":\"PropertyValueSpecification\",\"valueRequired\":true,\"valueName\":\"search_term_string\"}}],\"inLanguage\":\"fr-FR\"},{\"@type\":\"Organization\",\"@id\":\"https:\/\/boardgeneration.ch\/#organization\",\"name\":\"board generation\",\"url\":\"https:\/\/boardgeneration.ch\/\",\"logo\":{\"@type\":\"ImageObject\",\"inLanguage\":\"fr-FR\",\"@id\":\"https:\/\/boardgeneration.ch\/#\/schema\/logo\/image\/\",\"url\":\"https:\/\/boardgeneration.ch\/wp-content\/uploads\/2019\/01\/bg-logo_mit_Text.png\",\"contentUrl\":\"https:\/\/boardgeneration.ch\/wp-content\/uploads\/2019\/01\/bg-logo_mit_Text.png\",\"width\":1040,\"height\":1155,\"caption\":\"board generation\"},\"image\":{\"@id\":\"https:\/\/boardgeneration.ch\/#\/schema\/logo\/image\/\"},\"sameAs\":[\"https:\/\/www.facebook.com\/boardgeneration.ch\",\"https:\/\/x.com\/boardgen\",\"https:\/\/www.instagram.com\/boardgen\/\"]},{\"@type\":\"Person\",\"@id\":\"https:\/\/boardgeneration.ch\/#\/schema\/person\/4727ac7b918c1fd9879a564a16734f2c\",\"name\":\"Pressedienst\",\"image\":{\"@type\":\"ImageObject\",\"inLanguage\":\"fr-FR\",\"@id\":\"https:\/\/boardgeneration.ch\/#\/schema\/person\/image\/\",\"url\":\"https:\/\/boardgeneration.ch\/wp-content\/uploads\/2019\/10\/Pile-of-letters-96x96.jpg\",\"contentUrl\":\"https:\/\/boardgeneration.ch\/wp-content\/uploads\/2019\/10\/Pile-of-letters-96x96.jpg\",\"caption\":\"Pressedienst\"},\"url\":\"https:\/\/boardgeneration.ch\/fr\/author\/pressedienst\/\"}]}<\/script>\n<!-- \/ Yoast SEO plugin. -->","yoast_head_json":{"title":"LAAX OPEN 2021: Top Starterfeld bei erstem Snowboard Weltcup des Winters vom 19.-23. Januar 2021 - Board Generation","robots":{"index":"index","follow":"follow","max-snippet":"max-snippet:-1","max-image-preview":"max-image-preview:large","max-video-preview":"max-video-preview:-1"},"canonical":"https:\/\/boardgeneration.ch\/fr\/laax-open-2021-top-starterfeld-bei-erstem-snowboard-weltcup-des-winters-vom-19-23-januar-2021\/","og_locale":"fr_FR","og_type":"article","og_title":"LAAX OPEN 2021: Top Starterfeld bei erstem Snowboard Weltcup des Winters vom 19.-23. Januar 2021 - Board Generation","og_description":"Mit den LAAX OPEN starten am 19. Januar 2021 die Freestyle Snowboard Profis in den Disziplinen Slopestyle und Halfpipe in den Weltcup Circuit. Es ist der erste internationale Vergleich der Saison, es ist vorolympischer Winter, es geht um Quotenpl\u00e4tze, um Snowboarden auf h\u00f6chstem Niveau und prestigevolle Titel. Zus\u00e4tzlich gelten die LAAX OPEN als Lieblingscontest vieler [&hellip;]","og_url":"https:\/\/boardgeneration.ch\/fr\/laax-open-2021-top-starterfeld-bei-erstem-snowboard-weltcup-des-winters-vom-19-23-januar-2021\/","og_site_name":"Board Generation","article_publisher":"https:\/\/www.facebook.com\/boardgeneration.ch","article_published_time":"2020-12-03T16:48:04+00:00","article_modified_time":"2020-12-03T16:49:22+00:00","og_image":[{"width":2560,"height":1707,"url":"https:\/\/boardgeneration.ch\/wp-content\/uploads\/2020\/01\/MG_0013-scaled.jpg","type":"image\/jpeg"}],"author":"Pressedienst","twitter_card":"summary_large_image","twitter_creator":"@boardgen","twitter_site":"@boardgen","twitter_misc":{"\u00c9crit par":"Pressedienst","Dur\u00e9e de lecture estim\u00e9e":"2 minutes"},"schema":{"@context":"https:\/\/schema.org","@graph":[{"@type":"Article","@id":"https:\/\/boardgeneration.ch\/en\/laax-open-2021-top-starterfeld-bei-erstem-snowboard-weltcup-des-winters-vom-19-23-januar-2021\/#article","isPartOf":{"@id":"https:\/\/boardgeneration.ch\/en\/laax-open-2021-top-starterfeld-bei-erstem-snowboard-weltcup-des-winters-vom-19-23-januar-2021\/"},"author":{"name":"Pressedienst","@id":"https:\/\/boardgeneration.ch\/#\/schema\/person\/4727ac7b918c1fd9879a564a16734f2c"},"headline":"LAAX OPEN 2021: Top Starterfeld bei erstem Snowboard Weltcup des Winters vom 19.-23. Januar 2021","datePublished":"2020-12-03T16:48:04+00:00","dateModified":"2020-12-03T16:49:22+00:00","mainEntityOfPage":{"@id":"https:\/\/boardgeneration.ch\/en\/laax-open-2021-top-starterfeld-bei-erstem-snowboard-weltcup-des-winters-vom-19-23-januar-2021\/"},"wordCount":343,"commentCount":0,"publisher":{"@id":"https:\/\/boardgeneration.ch\/#organization"},"image":{"@id":"https:\/\/boardgeneration.ch\/en\/laax-open-2021-top-starterfeld-bei-erstem-snowboard-weltcup-des-winters-vom-19-23-januar-2021\/#primaryimage"},"thumbnailUrl":"https:\/\/boardgeneration.ch\/wp-content\/uploads\/2020\/01\/MG_0013-scaled.jpg","keywords":["Contest","Halfpipe","Laax","LAAX OPEN","LAAXOPEN","Slopestyle","Snowboard","Snowboarder","snowparkLAAX"],"articleSection":["event"],"inLanguage":"fr-FR","potentialAction":[{"@type":"CommentAction","name":"Comment","target":["https:\/\/boardgeneration.ch\/en\/laax-open-2021-top-starterfeld-bei-erstem-snowboard-weltcup-des-winters-vom-19-23-januar-2021\/#respond"]}]},{"@type":"WebPage","@id":"https:\/\/boardgeneration.ch\/en\/laax-open-2021-top-starterfeld-bei-erstem-snowboard-weltcup-des-winters-vom-19-23-januar-2021\/","url":"https:\/\/boardgeneration.ch\/en\/laax-open-2021-top-starterfeld-bei-erstem-snowboard-weltcup-des-winters-vom-19-23-januar-2021\/","name":"LAAX OPEN 2021: Top Starterfeld bei erstem Snowboard Weltcup des Winters vom 19.-23. Januar 2021 - Board Generation","isPartOf":{"@id":"https:\/\/boardgeneration.ch\/#website"},"primaryImageOfPage":{"@id":"https:\/\/boardgeneration.ch\/en\/laax-open-2021-top-starterfeld-bei-erstem-snowboard-weltcup-des-winters-vom-19-23-januar-2021\/#primaryimage"},"image":{"@id":"https:\/\/boardgeneration.ch\/en\/laax-open-2021-top-starterfeld-bei-erstem-snowboard-weltcup-des-winters-vom-19-23-januar-2021\/#primaryimage"},"thumbnailUrl":"https:\/\/boardgeneration.ch\/wp-content\/uploads\/2020\/01\/MG_0013-scaled.jpg","datePublished":"2020-12-03T16:48:04+00:00","dateModified":"2020-12-03T16:49:22+00:00","breadcrumb":{"@id":"https:\/\/boardgeneration.ch\/en\/laax-open-2021-top-starterfeld-bei-erstem-snowboard-weltcup-des-winters-vom-19-23-januar-2021\/#breadcrumb"},"inLanguage":"fr-FR","potentialAction":[{"@type":"ReadAction","target":["https:\/\/boardgeneration.ch\/en\/laax-open-2021-top-starterfeld-bei-erstem-snowboard-weltcup-des-winters-vom-19-23-januar-2021\/"]}]},{"@type":"ImageObject","inLanguage":"fr-FR","@id":"https:\/\/boardgeneration.ch\/en\/laax-open-2021-top-starterfeld-bei-erstem-snowboard-weltcup-des-winters-vom-19-23-januar-2021\/#primaryimage","url":"https:\/\/boardgeneration.ch\/wp-content\/uploads\/2020\/01\/MG_0013-scaled.jpg","contentUrl":"https:\/\/boardgeneration.ch\/wp-content\/uploads\/2020\/01\/MG_0013-scaled.jpg","width":2560,"height":1707},{"@type":"BreadcrumbList","@id":"https:\/\/boardgeneration.ch\/en\/laax-open-2021-top-starterfeld-bei-erstem-snowboard-weltcup-des-winters-vom-19-23-januar-2021\/#breadcrumb","itemListElement":[{"@type":"ListItem","position":1,"name":"Startseite","item":"https:\/\/boardgeneration.ch\/"},{"@type":"ListItem","position":2,"name":"LAAX OPEN 2021: Top Starterfeld bei erstem Snowboard Weltcup des Winters vom 19.-23. Januar 2021"}]},{"@type":"WebSite","@id":"https:\/\/boardgeneration.ch\/#website","url":"https:\/\/boardgeneration.ch\/","name":"g\u00e9n\u00e9ration de conseils","description":"Retour aux sources","publisher":{"@id":"https:\/\/boardgeneration.ch\/#organization"},"potentialAction":[{"@type":"SearchAction","target":{"@type":"EntryPoint","urlTemplate":"https:\/\/boardgeneration.ch\/?s={search_term_string}"},"query-input":{"@type":"PropertyValueSpecification","valueRequired":true,"valueName":"search_term_string"}}],"inLanguage":"fr-FR"},{"@type":"Organization","@id":"https:\/\/boardgeneration.ch\/#organization","name":"g\u00e9n\u00e9ration de conseils","url":"https:\/\/boardgeneration.ch\/","logo":{"@type":"ImageObject","inLanguage":"fr-FR","@id":"https:\/\/boardgeneration.ch\/#\/schema\/logo\/image\/","url":"https:\/\/boardgeneration.ch\/wp-content\/uploads\/2019\/01\/bg-logo_mit_Text.png","contentUrl":"https:\/\/boardgeneration.ch\/wp-content\/uploads\/2019\/01\/bg-logo_mit_Text.png","width":1040,"height":1155,"caption":"board generation"},"image":{"@id":"https:\/\/boardgeneration.ch\/#\/schema\/logo\/image\/"},"sameAs":["https:\/\/www.facebook.com\/boardgeneration.ch","https:\/\/x.com\/boardgen","https:\/\/www.instagram.com\/boardgen\/"]},{"@type":"Person","@id":"https:\/\/boardgeneration.ch\/#\/schema\/person\/4727ac7b918c1fd9879a564a16734f2c","name":"Service de presse","image":{"@type":"ImageObject","inLanguage":"fr-FR","@id":"https:\/\/boardgeneration.ch\/#\/schema\/person\/image\/","url":"https:\/\/boardgeneration.ch\/wp-content\/uploads\/2019\/10\/Pile-of-letters-96x96.jpg","contentUrl":"https:\/\/boardgeneration.ch\/wp-content\/uploads\/2019\/10\/Pile-of-letters-96x96.jpg","caption":"Pressedienst"},"url":"https:\/\/boardgeneration.ch\/fr\/author\/pressedienst\/"}]}},"jetpack_featured_media_url":"https:\/\/boardgeneration.ch\/wp-content\/uploads\/2020\/01\/MG_0013-scaled.jpg","jetpack_sharing_enabled":true,"amp_enabled":true,"_links":{"self":[{"href":"https:\/\/boardgeneration.ch\/fr\/wp-json\/wp\/v2\/posts\/4183","targetHints":{"allow":["GET"]}}],"collection":[{"href":"https:\/\/boardgeneration.ch\/fr\/wp-json\/wp\/v2\/posts"}],"about":[{"href":"https:\/\/boardgeneration.ch\/fr\/wp-json\/wp\/v2\/types\/post"}],"author":[{"embeddable":true,"href":"https:\/\/boardgeneration.ch\/fr\/wp-json\/wp\/v2\/users\/3"}],"replies":[{"embeddable":true,"href":"https:\/\/boardgeneration.ch\/fr\/wp-json\/wp\/v2\/comments?post=4183"}],"version-history":[{"count":1,"href":"https:\/\/boardgeneration.ch\/fr\/wp-json\/wp\/v2\/posts\/4183\/revisions"}],"predecessor-version":[{"id":4185,"href":"https:\/\/boardgeneration.ch\/fr\/wp-json\/wp\/v2\/posts\/4183\/revisions\/4185"}],"wp:featuredmedia":[{"embeddable":true,"href":"https:\/\/boardgeneration.ch\/fr\/wp-json\/wp\/v2\/media\/1687"}],"wp:attachment":[{"href":"https:\/\/boardgeneration.ch\/fr\/wp-json\/wp\/v2\/media?parent=4183"}],"wp:term":[{"taxonomy":"category","embeddable":true,"href":"https:\/\/boardgeneration.ch\/fr\/wp-json\/wp\/v2\/categories?post=4183"},{"taxonomy":"post_tag","embeddable":true,"href":"https:\/\/boardgeneration.ch\/fr\/wp-json\/wp\/v2\/tags?post=4183"}],"curies":[{"name":"wp","href":"https:\/\/api.w.org\/{rel}","templated":true}]}}