{"id":4199,"date":"2020-12-08T21:14:15","date_gmt":"2020-12-08T20:14:15","guid":{"rendered":"https:\/\/boardgeneration.ch\/?p=4199"},"modified":"2020-12-08T21:33:13","modified_gmt":"2020-12-08T20:33:13","slug":"8-zillertal-vaelley-raelley-neuer-tourkalender","status":"publish","type":"post","link":"https:\/\/boardgeneration.ch\/fr\/8-zillertal-vaelley-raelley-neuer-tourkalender\/","title":{"rendered":"8\u00e8me Zillertal V\u00c4LLEY R\u00c4LLEY - NOUVEAU calendrier de tourn\u00e9e !"},"content":{"rendered":"<span class=\"span-reading-time rt-reading-time\" style=\"display: block;\"><span class=\"rt-label rt-prefix\">Le temps de la lecture : <\/span> <span class=\"rt-time\"> 2<\/span> <span class=\"rt-label rt-postfix\">proc\u00e8s-verbal<\/span><\/span>\n<p>Avec un nouveau calendrier de tourn\u00e9e, le Zillertal V\u00c4LLEY R\u00c4LLEY, organis\u00e9 par Blue Tomato et Ride Snowboards, entamera son huiti\u00e8me tour en janvier 2021 dans la Zillertal Arena. Chaque ann\u00e9e, le populaire Snowboard Tour attire de nombreux snowboarders internationaux dans le Zillertal. Sous les auspices du club de snowboard \"Die \u00c4sthetiker\", quatre \u00e9tapes au total, chacune comprenant une journ\u00e9e d'entra\u00eenement et de coaching et une journ\u00e9e de comp\u00e9tition sous forme de concours ouvert de snowboard en \"slopestyle\" dans les diff\u00e9rents snowparks du Zillertal.<\/p>\n\n\n\n<figure class=\"wp-block-image size-large\"><img loading=\"lazy\" decoding=\"async\" width=\"1024\" height=\"707\" data-attachment-id=\"4197\" data-permalink=\"https:\/\/boardgeneration.ch\/fr\/ride-snowboards\/\" data-orig-file=\"https:\/\/boardgeneration.ch\/wp-content\/uploads\/2020\/12\/20-03-01_zvr_Penken_Park_Contest__Ride-Snowboards__by_Gustav_Hersmann_0088_lowres.jpg\" data-orig-size=\"1600,1104\" data-comments-opened=\"1\" data-image-meta=\"{&quot;aperture&quot;:&quot;4&quot;,&quot;credit&quot;:&quot;Gustav Hersmann&quot;,&quot;camera&quot;:&quot;Canon EOS 5D Mark III&quot;,&quot;caption&quot;:&quot;Ride Snowboards&quot;,&quot;created_timestamp&quot;:&quot;1583059474&quot;,&quot;copyright&quot;:&quot;Gustav Hersmann - gustav@gustavhersmann.com&quot;,&quot;focal_length&quot;:&quot;40&quot;,&quot;iso&quot;:&quot;400&quot;,&quot;shutter_speed&quot;:&quot;0.000625&quot;,&quot;title&quot;:&quot;Ride Snowboards&quot;,&quot;orientation&quot;:&quot;0&quot;}\" data-image-title=\"Ride Snowboards\" data-image-description=\"\" data-image-caption=\"&lt;p&gt;Ride Snowboards&lt;\/p&gt;\" data-medium-file=\"https:\/\/boardgeneration.ch\/wp-content\/uploads\/2020\/12\/20-03-01_zvr_Penken_Park_Contest__Ride-Snowboards__by_Gustav_Hersmann_0088_lowres-300x207.jpg\" data-large-file=\"https:\/\/boardgeneration.ch\/wp-content\/uploads\/2020\/12\/20-03-01_zvr_Penken_Park_Contest__Ride-Snowboards__by_Gustav_Hersmann_0088_lowres-1024x707.jpg\" src=\"https:\/\/boardgeneration.ch\/wp-content\/uploads\/2020\/12\/20-03-01_zvr_Penken_Park_Contest__Ride-Snowboards__by_Gustav_Hersmann_0088_lowres-1024x707.jpg\" alt=\"\" class=\"wp-image-4197\" srcset=\"https:\/\/boardgeneration.ch\/wp-content\/uploads\/2020\/12\/20-03-01_zvr_Penken_Park_Contest__Ride-Snowboards__by_Gustav_Hersmann_0088_lowres-1024x707.jpg 1024w, https:\/\/boardgeneration.ch\/wp-content\/uploads\/2020\/12\/20-03-01_zvr_Penken_Park_Contest__Ride-Snowboards__by_Gustav_Hersmann_0088_lowres-300x207.jpg 300w, https:\/\/boardgeneration.ch\/wp-content\/uploads\/2020\/12\/20-03-01_zvr_Penken_Park_Contest__Ride-Snowboards__by_Gustav_Hersmann_0088_lowres-768x530.jpg 768w, https:\/\/boardgeneration.ch\/wp-content\/uploads\/2020\/12\/20-03-01_zvr_Penken_Park_Contest__Ride-Snowboards__by_Gustav_Hersmann_0088_lowres-1536x1060.jpg 1536w, https:\/\/boardgeneration.ch\/wp-content\/uploads\/2020\/12\/20-03-01_zvr_Penken_Park_Contest__Ride-Snowboards__by_Gustav_Hersmann_0088_lowres-16x12.jpg 16w, https:\/\/boardgeneration.ch\/wp-content\/uploads\/2020\/12\/20-03-01_zvr_Penken_Park_Contest__Ride-Snowboards__by_Gustav_Hersmann_0088_lowres.jpg 1600w\" sizes=\"auto, (max-width: 1024px) 100vw, 1024px\" \/><figcaption><span class=\"media-credit\">\u00a9 Gustav Hersmann<\/span> Faire du snowboard<\/figcaption><\/figure>\n\n\n\n<p>Huit ans de Zillertal V\u00c4LLEY R\u00c4LLEY anim\u00e9 par Blue Tomato &amp; Ride Snowboard et c'est parti ! Gr\u00e2ce au soutien continu de Zillertal Tourismus GmbH, des chemins de fer de montagne et des associations touristiques du Zillertal, ainsi que de partenaires fid\u00e8les tels que Blue Tomato, Ride Snowboards, Red Bull, Horsefeathers et Dana Beanies, le populaire V\u00c4LLEY R\u00c4LLEY revient dans le Zillertal.<\/p>\n\n\n\n<figure class=\"wp-block-image size-large\"><img loading=\"lazy\" decoding=\"async\" width=\"1024\" height=\"683\" data-attachment-id=\"3805\" data-permalink=\"https:\/\/boardgeneration.ch\/fr\/till-strohmeyer\/\" data-orig-file=\"https:\/\/boardgeneration.ch\/wp-content\/uploads\/2020\/10\/2020_Oct_18_zvr_Hintertux_Till_Strohmeyer_by_TheoAcworth_lowres-6852-scaled.jpg\" data-orig-size=\"2560,1707\" data-comments-opened=\"1\" data-image-meta=\"{&quot;aperture&quot;:&quot;0&quot;,&quot;credit&quot;:&quot;&quot;,&quot;camera&quot;:&quot;&quot;,&quot;caption&quot;:&quot;Till Strohmeyer&quot;,&quot;created_timestamp&quot;:&quot;1592523444&quot;,&quot;copyright&quot;:&quot;&quot;,&quot;focal_length&quot;:&quot;0&quot;,&quot;iso&quot;:&quot;0&quot;,&quot;shutter_speed&quot;:&quot;0&quot;,&quot;title&quot;:&quot;Till Strohmeyer&quot;,&quot;orientation&quot;:&quot;0&quot;}\" data-image-title=\"Till Strohmeyer\" data-image-description=\"\" data-image-caption=\"&lt;p&gt;Till Strohmeyer&lt;\/p&gt;\" data-medium-file=\"https:\/\/boardgeneration.ch\/wp-content\/uploads\/2020\/10\/2020_Oct_18_zvr_Hintertux_Till_Strohmeyer_by_TheoAcworth_lowres-6852-300x200.jpg\" data-large-file=\"https:\/\/boardgeneration.ch\/wp-content\/uploads\/2020\/10\/2020_Oct_18_zvr_Hintertux_Till_Strohmeyer_by_TheoAcworth_lowres-6852-1024x683.jpg\" src=\"https:\/\/boardgeneration.ch\/wp-content\/uploads\/2020\/10\/2020_Oct_18_zvr_Hintertux_Till_Strohmeyer_by_TheoAcworth_lowres-6852-1024x683.jpg\" alt=\"\" class=\"wp-image-3805\" srcset=\"https:\/\/boardgeneration.ch\/wp-content\/uploads\/2020\/10\/2020_Oct_18_zvr_Hintertux_Till_Strohmeyer_by_TheoAcworth_lowres-6852-1024x683.jpg 1024w, https:\/\/boardgeneration.ch\/wp-content\/uploads\/2020\/10\/2020_Oct_18_zvr_Hintertux_Till_Strohmeyer_by_TheoAcworth_lowres-6852-300x200.jpg 300w, https:\/\/boardgeneration.ch\/wp-content\/uploads\/2020\/10\/2020_Oct_18_zvr_Hintertux_Till_Strohmeyer_by_TheoAcworth_lowres-6852-768x512.jpg 768w, https:\/\/boardgeneration.ch\/wp-content\/uploads\/2020\/10\/2020_Oct_18_zvr_Hintertux_Till_Strohmeyer_by_TheoAcworth_lowres-6852-1536x1024.jpg 1536w, https:\/\/boardgeneration.ch\/wp-content\/uploads\/2020\/10\/2020_Oct_18_zvr_Hintertux_Till_Strohmeyer_by_TheoAcworth_lowres-6852-2048x1365.jpg 2048w, https:\/\/boardgeneration.ch\/wp-content\/uploads\/2020\/10\/2020_Oct_18_zvr_Hintertux_Till_Strohmeyer_by_TheoAcworth_lowres-6852-16x12.jpg 16w\" sizes=\"auto, (max-width: 1024px) 100vw, 1024px\" \/><figcaption><span class=\"media-credit\">Theo Acworth<\/span> Till Strohmeyer<\/figcaption><\/figure>\n\n\n\n<p>Au cours des sept derni\u00e8res ann\u00e9es, le Zillertal Snowboard Tour est devenu l'un des principaux \u00e9v\u00e9nements pour les jeunes talents de la sc\u00e8ne europ\u00e9enne du snowboard. \"Avec le Zillertal V\u00c4LLEY R\u00c4LLEY, nous offrons aux jeunes snowboarders un tremplin vers les sports de comp\u00e9tition et les sports professionnels\", explique Steve Gruber, pr\u00e9sident d'\u00c4sthetiker et l\u00e9gende du snowboard. \"La combinaison unique de l'entra\u00eenement et du concours a fait ses preuves au fil des ans. De nombreux jeunes athl\u00e8tes utilisent le Tour pour participer \u00e0 des comp\u00e9titions de niveau international et sont tr\u00e8s motiv\u00e9s pour pousser leur progression personnelle.<\/p>\n\n\n\n<figure class=\"wp-block-image size-large\"><img loading=\"lazy\" decoding=\"async\" width=\"1024\" height=\"683\" data-attachment-id=\"4198\" data-permalink=\"https:\/\/boardgeneration.ch\/fr\/190427_zvr_tux_comp_lifestyle_by_matt_mchattie_lowres\/\" data-orig-file=\"https:\/\/boardgeneration.ch\/wp-content\/uploads\/2020\/12\/190427_zvr_tux_comp_lifestyle_by_matt_mchattie_lowres.jpg\" data-orig-size=\"1600,1067\" data-comments-opened=\"1\" data-image-meta=\"{&quot;aperture&quot;:&quot;0&quot;,&quot;credit&quot;:&quot;&quot;,&quot;camera&quot;:&quot;&quot;,&quot;caption&quot;:&quot;&quot;,&quot;created_timestamp&quot;:&quot;0&quot;,&quot;copyright&quot;:&quot;m.mchattie&quot;,&quot;focal_length&quot;:&quot;0&quot;,&quot;iso&quot;:&quot;0&quot;,&quot;shutter_speed&quot;:&quot;0&quot;,&quot;title&quot;:&quot;&quot;,&quot;orientation&quot;:&quot;0&quot;}\" data-image-title=\"190427_zvr_tux_comp_lifestyle_by_matt_mchattie_lowres\" data-image-description=\"\" data-image-caption=\"\" data-medium-file=\"https:\/\/boardgeneration.ch\/wp-content\/uploads\/2020\/12\/190427_zvr_tux_comp_lifestyle_by_matt_mchattie_lowres-300x200.jpg\" data-large-file=\"https:\/\/boardgeneration.ch\/wp-content\/uploads\/2020\/12\/190427_zvr_tux_comp_lifestyle_by_matt_mchattie_lowres-1024x683.jpg\" src=\"https:\/\/boardgeneration.ch\/wp-content\/uploads\/2020\/12\/190427_zvr_tux_comp_lifestyle_by_matt_mchattie_lowres-1024x683.jpg\" alt=\"\" class=\"wp-image-4198\" srcset=\"https:\/\/boardgeneration.ch\/wp-content\/uploads\/2020\/12\/190427_zvr_tux_comp_lifestyle_by_matt_mchattie_lowres-1024x683.jpg 1024w, https:\/\/boardgeneration.ch\/wp-content\/uploads\/2020\/12\/190427_zvr_tux_comp_lifestyle_by_matt_mchattie_lowres-300x200.jpg 300w, https:\/\/boardgeneration.ch\/wp-content\/uploads\/2020\/12\/190427_zvr_tux_comp_lifestyle_by_matt_mchattie_lowres-768x512.jpg 768w, https:\/\/boardgeneration.ch\/wp-content\/uploads\/2020\/12\/190427_zvr_tux_comp_lifestyle_by_matt_mchattie_lowres-1536x1024.jpg 1536w, https:\/\/boardgeneration.ch\/wp-content\/uploads\/2020\/12\/190427_zvr_tux_comp_lifestyle_by_matt_mchattie_lowres-16x12.jpg 16w, https:\/\/boardgeneration.ch\/wp-content\/uploads\/2020\/12\/190427_zvr_tux_comp_lifestyle_by_matt_mchattie_lowres.jpg 1600w\" sizes=\"auto, (max-width: 1024px) 100vw, 1024px\" \/><figcaption><span class=\"media-credit\">\u00a9 m.mchattie<\/span><\/figcaption><\/figure>\n\n\n\n<p>Les fans de snowboard peuvent s'attendre \u00e0 un week-end entier d'action dans le Zillertal aux quatre arr\u00eats de la tourn\u00e9e. Les snowboards et fixations actuels peuvent \u00eatre lou\u00e9s et test\u00e9s gratuitement au stand de Ride Snowboards. Et tandis que pendant les s\u00e9ances d'entra\u00eenement gratuites de freestyle le jour de la formation, de petits groupes de professionnels du snowboard travailleront sur de nouvelles figures avec des professionnels du snowboard, les \u00e9toiles montantes et les starlettes europ\u00e9ennes mettront la main \u00e0 la p\u00e2te le jour de la comp\u00e9tition pour impressionner non seulement les juges, mais aussi les concurrents et les spectateurs. Dans les quatre concours, il y a des m\u00e9dailles, des prix et des prix en argent \u00e0 gagner. Et tandis que Ride Snowboards pr\u00e9sentera de toutes nouvelles planches \u00e0 neige pour <\/p>\n\n\n\n<p>Le gagnant de la premi\u00e8re place sera r\u00e9compens\u00e9. Blue Tomato organisera un \u00e9v\u00e9nement parall\u00e8le et une comp\u00e9tition amusante le jour de l'entra\u00eenement. Horsefeathers fournit de nombreux prix et une tenue de dessus pour le gagnant du prix du meilleur tour. \u00c0 chaque r\u00e9sultat de concours, les participants accumulent des points dans le classement g\u00e9n\u00e9ral du Zillertal V\u00c4LLEY R\u00c4LLEY. Les vainqueurs du tour seront couronn\u00e9s par la glorieuse famille royale du Zillertal V\u00c4LLEY R\u00c4LLEY 2021 apr\u00e8s la quatri\u00e8me et derni\u00e8re \u00e9tape du tour au glacier d'Hintertux.<\/p>\n\n\n\n<figure class=\"wp-block-image size-large\"><img loading=\"lazy\" decoding=\"async\" width=\"1024\" height=\"683\" data-attachment-id=\"3802\" data-permalink=\"https:\/\/boardgeneration.ch\/fr\/2020_oct_18_zvr_hintertux_by_theoacworth_lowres-6949\/\" data-orig-file=\"https:\/\/boardgeneration.ch\/wp-content\/uploads\/2020\/10\/2020_Oct_18_zvr_Hintertux_by_TheoAcworth_lowres-6949-scaled.jpg\" data-orig-size=\"2560,1707\" data-comments-opened=\"1\" data-image-meta=\"{&quot;aperture&quot;:&quot;0&quot;,&quot;credit&quot;:&quot;&quot;,&quot;camera&quot;:&quot;&quot;,&quot;caption&quot;:&quot;&quot;,&quot;created_timestamp&quot;:&quot;1592529710&quot;,&quot;copyright&quot;:&quot;&quot;,&quot;focal_length&quot;:&quot;0&quot;,&quot;iso&quot;:&quot;0&quot;,&quot;shutter_speed&quot;:&quot;0&quot;,&quot;title&quot;:&quot;&quot;,&quot;orientation&quot;:&quot;0&quot;}\" data-image-title=\"2020_Oct_18_zvr_Hintertux_by_TheoAcworth_lowres-6949\" data-image-description=\"\" data-image-caption=\"\" data-medium-file=\"https:\/\/boardgeneration.ch\/wp-content\/uploads\/2020\/10\/2020_Oct_18_zvr_Hintertux_by_TheoAcworth_lowres-6949-300x200.jpg\" data-large-file=\"https:\/\/boardgeneration.ch\/wp-content\/uploads\/2020\/10\/2020_Oct_18_zvr_Hintertux_by_TheoAcworth_lowres-6949-1024x683.jpg\" src=\"https:\/\/boardgeneration.ch\/wp-content\/uploads\/2020\/10\/2020_Oct_18_zvr_Hintertux_by_TheoAcworth_lowres-6949-1024x683.jpg\" alt=\"\" class=\"wp-image-3802\" srcset=\"https:\/\/boardgeneration.ch\/wp-content\/uploads\/2020\/10\/2020_Oct_18_zvr_Hintertux_by_TheoAcworth_lowres-6949-1024x683.jpg 1024w, https:\/\/boardgeneration.ch\/wp-content\/uploads\/2020\/10\/2020_Oct_18_zvr_Hintertux_by_TheoAcworth_lowres-6949-300x200.jpg 300w, https:\/\/boardgeneration.ch\/wp-content\/uploads\/2020\/10\/2020_Oct_18_zvr_Hintertux_by_TheoAcworth_lowres-6949-768x512.jpg 768w, https:\/\/boardgeneration.ch\/wp-content\/uploads\/2020\/10\/2020_Oct_18_zvr_Hintertux_by_TheoAcworth_lowres-6949-1536x1024.jpg 1536w, https:\/\/boardgeneration.ch\/wp-content\/uploads\/2020\/10\/2020_Oct_18_zvr_Hintertux_by_TheoAcworth_lowres-6949-2048x1365.jpg 2048w, https:\/\/boardgeneration.ch\/wp-content\/uploads\/2020\/10\/2020_Oct_18_zvr_Hintertux_by_TheoAcworth_lowres-6949-16x12.jpg 16w\" sizes=\"auto, (max-width: 1024px) 100vw, 1024px\" \/><figcaption><span class=\"media-credit\">Theo Acworth<\/span><\/figcaption><\/figure>\n\n\n\n<p class=\"translation-block\">Pour chaque participation \u00e0 une comp\u00e9tition, des points suppl\u00e9mentaires seront attribu\u00e9s sur la liste mondiale des points de snowboard (WSPL) et les trois premi\u00e8res \u00e9tapes du circuit comptent comme des ASA (Association autrichienne de snowboard) Austriacups. Avec le meilleur classement g\u00e9n\u00e9ral des trois premi\u00e8res \u00e9preuves, le meilleur homme, la meilleure femme et les meilleures recrues (U18) se qualifient pour le Masters Slopestyle autrichien. Les recrues (U18) obtiennent des points au classement mondial des recrues \u00e0 toutes les \u00e9tapes du circuit, ce qui les qualifie pour la finale du World Rookie Tour. Plus d'informations sur <a href=\"http:\/\/www.powdern.com\" target=\"_self\" rel=\"noreferrer noopener\">http:\/\/www.powdern.com<\/a>.<\/p>\n\n\n\n<p>Les nouvelles dates du Zillertal V\u00c4LLEY R\u00c4LLEY 2021 sont<\/p>\n\n\n\n<ol class=\"wp-block-list\"><li>Arr\u00eat 16 - 17.01.2021 Zillertal Arena<\/li><li>Arr\u00eat 27-28.02.2021 Penken Park Mayrhofen, Mayrhofen-Hippach dans le Zillertal<\/li><li>Arr\u00eat 13-14-03-2021 Hochzillertal-Kaltenbach, premi\u00e8re r\u00e9gion de vacances dans le Zillertal<\/li><li>Arr\u00eat 24-25.04.2021 Glacier d'Hintertux, Betterpark Hintertux, Tux-Finkenberg<\/li><\/ol>\n\n\n\n<p>Il va sans dire que tous les \u00e9v\u00e9nements du Zillertal V\u00c4LLEY R\u00c4LLEY sont r\u00e9alis\u00e9s conform\u00e9ment aux derni\u00e8res mesures de s\u00e9curit\u00e9. D\u00e8s que le nombre maximum de participants sera atteint, l'inscription sera cl\u00f4tur\u00e9e. L'inscription tardive sur place n'est possible que pour le coaching. Pour plus d'informations sur les cat\u00e9gories, les groupes d'\u00e2ge et l'inscription, voir <a href=\"http:\/\/www.valleyralley.at\" target=\"_blank\" rel=\"noreferrer noopener\">www.valleyralley.at<\/a> et <a href=\"http:\/\/www.zillertal.at\/valleyralley\" target=\"_blank\" rel=\"noreferrer noopener\">www.zillertal.at\/valleyralley<\/a>.<\/p>","protected":false},"excerpt":{"rendered":"<p>Mit einem neuen Tourkalender startet die Zillertal V\u00c4LLEY R\u00c4LLEY hosted by Blue Tomato und Ride Snowboards im Januar 2021 in der Zillertal Arena in ihre achte Runde. Alle Jahre wieder lockt die beliebte Snowboard Tour viele internationale Snowboarder ins Zillertal. Unter der Federfu\u0308hrung des Snowboardclubs \u201eDie \u00c4sthetiker\u201c werden insgesamt vier Tourstopps, jeweils mit einem Tag [&hellip;]<\/p>\n","protected":false},"author":3,"featured_media":4196,"comment_status":"open","ping_status":"open","sticky":false,"template":"","format":"standard","meta":{"_jetpack_memberships_contains_paid_content":false,"footnotes":""},"categories":[12],"tags":[27278,30900,11700,30750,11719,30749,11723,11686,32182,22965,27279],"class_list":["post-4199","post","type-post","status-publish","format-standard","has-post-thumbnail","hentry","category-event","tag-asthetiker","tag-betterpark","tag-coaching","tag-contest","tag-event","tag-hintertux","tag-slopestyle","tag-snowboard","tag-snowboarder","tag-womeninsnowboarding","tag-zillertal"],"yoast_head":"<!-- This site is optimized with the Yoast SEO plugin v26.8 - https:\/\/yoast.com\/product\/yoast-seo-wordpress\/ -->\n<title>8. Zillertal V\u00c4LLEY R\u00c4LLEY - NEUER Tourkalender! - Board Generation<\/title>\n<meta name=\"robots\" content=\"index, follow, max-snippet:-1, max-image-preview:large, max-video-preview:-1\" \/>\n<link rel=\"canonical\" href=\"https:\/\/boardgeneration.ch\/fr\/8-zillertal-vaelley-raelley-neuer-tourkalender\/\" \/>\n<meta property=\"og:locale\" content=\"fr_FR\" \/>\n<meta property=\"og:type\" content=\"article\" \/>\n<meta property=\"og:title\" content=\"8. Zillertal V\u00c4LLEY R\u00c4LLEY - NEUER Tourkalender! - Board Generation\" \/>\n<meta property=\"og:description\" content=\"Mit einem neuen Tourkalender startet die Zillertal V\u00c4LLEY R\u00c4LLEY hosted by Blue Tomato und Ride Snowboards im Januar 2021 in der Zillertal Arena in ihre achte Runde. Alle Jahre wieder lockt die beliebte Snowboard Tour viele internationale Snowboarder ins Zillertal. Unter der Federfu\u0308hrung des Snowboardclubs \u201eDie \u00c4sthetiker\u201c werden insgesamt vier Tourstopps, jeweils mit einem Tag [&hellip;]\" \/>\n<meta property=\"og:url\" content=\"https:\/\/boardgeneration.ch\/fr\/8-zillertal-vaelley-raelley-neuer-tourkalender\/\" \/>\n<meta property=\"og:site_name\" content=\"Board Generation\" \/>\n<meta property=\"article:publisher\" content=\"https:\/\/www.facebook.com\/boardgeneration.ch\" \/>\n<meta property=\"article:published_time\" content=\"2020-12-08T20:14:15+00:00\" \/>\n<meta property=\"article:modified_time\" content=\"2020-12-08T20:33:13+00:00\" \/>\n<meta property=\"og:image\" content=\"https:\/\/boardgeneration.ch\/wp-content\/uploads\/2020\/12\/ZVR21_visual_neu.jpg\" \/>\n\t<meta property=\"og:image:width\" content=\"1772\" \/>\n\t<meta property=\"og:image:height\" content=\"591\" \/>\n\t<meta property=\"og:image:type\" content=\"image\/jpeg\" \/>\n<meta name=\"author\" content=\"Pressedienst\" \/>\n<meta name=\"twitter:card\" content=\"summary_large_image\" \/>\n<meta name=\"twitter:creator\" content=\"@boardgen\" \/>\n<meta name=\"twitter:site\" content=\"@boardgen\" \/>\n<meta name=\"twitter:label1\" content=\"\u00c9crit par\" \/>\n\t<meta name=\"twitter:data1\" content=\"Pressedienst\" \/>\n\t<meta name=\"twitter:label2\" content=\"Dur\u00e9e de lecture estim\u00e9e\" \/>\n\t<meta name=\"twitter:data2\" content=\"3 minutes\" \/>\n<script type=\"application\/ld+json\" class=\"yoast-schema-graph\">{\"@context\":\"https:\/\/schema.org\",\"@graph\":[{\"@type\":\"Article\",\"@id\":\"https:\/\/boardgeneration.ch\/en\/8-zillertal-vaelley-raelley-neuer-tourkalender\/#article\",\"isPartOf\":{\"@id\":\"https:\/\/boardgeneration.ch\/en\/8-zillertal-vaelley-raelley-neuer-tourkalender\/\"},\"author\":{\"name\":\"Pressedienst\",\"@id\":\"https:\/\/boardgeneration.ch\/#\/schema\/person\/4727ac7b918c1fd9879a564a16734f2c\"},\"headline\":\"8. Zillertal V\u00c4LLEY R\u00c4LLEY &#8211; NEUER Tourkalender!\",\"datePublished\":\"2020-12-08T20:14:15+00:00\",\"dateModified\":\"2020-12-08T20:33:13+00:00\",\"mainEntityOfPage\":{\"@id\":\"https:\/\/boardgeneration.ch\/en\/8-zillertal-vaelley-raelley-neuer-tourkalender\/\"},\"wordCount\":589,\"commentCount\":0,\"publisher\":{\"@id\":\"https:\/\/boardgeneration.ch\/#organization\"},\"image\":{\"@id\":\"https:\/\/boardgeneration.ch\/en\/8-zillertal-vaelley-raelley-neuer-tourkalender\/#primaryimage\"},\"thumbnailUrl\":\"https:\/\/boardgeneration.ch\/wp-content\/uploads\/2020\/12\/ZVR21_visual_neu.jpg\",\"keywords\":[\"\u00c4sthetiker\",\"Betterpark\",\"Coaching\",\"Contest\",\"Event\",\"Hintertux\",\"Slopestyle\",\"Snowboard\",\"Snowboarder\",\"womeninsnowboarding\",\"Zillertal\"],\"articleSection\":[\"event\"],\"inLanguage\":\"fr-FR\",\"potentialAction\":[{\"@type\":\"CommentAction\",\"name\":\"Comment\",\"target\":[\"https:\/\/boardgeneration.ch\/en\/8-zillertal-vaelley-raelley-neuer-tourkalender\/#respond\"]}]},{\"@type\":\"WebPage\",\"@id\":\"https:\/\/boardgeneration.ch\/en\/8-zillertal-vaelley-raelley-neuer-tourkalender\/\",\"url\":\"https:\/\/boardgeneration.ch\/en\/8-zillertal-vaelley-raelley-neuer-tourkalender\/\",\"name\":\"8. Zillertal V\u00c4LLEY R\u00c4LLEY - NEUER Tourkalender! - Board Generation\",\"isPartOf\":{\"@id\":\"https:\/\/boardgeneration.ch\/#website\"},\"primaryImageOfPage\":{\"@id\":\"https:\/\/boardgeneration.ch\/en\/8-zillertal-vaelley-raelley-neuer-tourkalender\/#primaryimage\"},\"image\":{\"@id\":\"https:\/\/boardgeneration.ch\/en\/8-zillertal-vaelley-raelley-neuer-tourkalender\/#primaryimage\"},\"thumbnailUrl\":\"https:\/\/boardgeneration.ch\/wp-content\/uploads\/2020\/12\/ZVR21_visual_neu.jpg\",\"datePublished\":\"2020-12-08T20:14:15+00:00\",\"dateModified\":\"2020-12-08T20:33:13+00:00\",\"breadcrumb\":{\"@id\":\"https:\/\/boardgeneration.ch\/en\/8-zillertal-vaelley-raelley-neuer-tourkalender\/#breadcrumb\"},\"inLanguage\":\"fr-FR\",\"potentialAction\":[{\"@type\":\"ReadAction\",\"target\":[\"https:\/\/boardgeneration.ch\/en\/8-zillertal-vaelley-raelley-neuer-tourkalender\/\"]}]},{\"@type\":\"ImageObject\",\"inLanguage\":\"fr-FR\",\"@id\":\"https:\/\/boardgeneration.ch\/en\/8-zillertal-vaelley-raelley-neuer-tourkalender\/#primaryimage\",\"url\":\"https:\/\/boardgeneration.ch\/wp-content\/uploads\/2020\/12\/ZVR21_visual_neu.jpg\",\"contentUrl\":\"https:\/\/boardgeneration.ch\/wp-content\/uploads\/2020\/12\/ZVR21_visual_neu.jpg\",\"width\":1772,\"height\":591},{\"@type\":\"BreadcrumbList\",\"@id\":\"https:\/\/boardgeneration.ch\/en\/8-zillertal-vaelley-raelley-neuer-tourkalender\/#breadcrumb\",\"itemListElement\":[{\"@type\":\"ListItem\",\"position\":1,\"name\":\"Startseite\",\"item\":\"https:\/\/boardgeneration.ch\/\"},{\"@type\":\"ListItem\",\"position\":2,\"name\":\"8. Zillertal V\u00c4LLEY R\u00c4LLEY &#8211; NEUER Tourkalender!\"}]},{\"@type\":\"WebSite\",\"@id\":\"https:\/\/boardgeneration.ch\/#website\",\"url\":\"https:\/\/boardgeneration.ch\/\",\"name\":\"board generation\",\"description\":\"Back to the Roots\",\"publisher\":{\"@id\":\"https:\/\/boardgeneration.ch\/#organization\"},\"potentialAction\":[{\"@type\":\"SearchAction\",\"target\":{\"@type\":\"EntryPoint\",\"urlTemplate\":\"https:\/\/boardgeneration.ch\/?s={search_term_string}\"},\"query-input\":{\"@type\":\"PropertyValueSpecification\",\"valueRequired\":true,\"valueName\":\"search_term_string\"}}],\"inLanguage\":\"fr-FR\"},{\"@type\":\"Organization\",\"@id\":\"https:\/\/boardgeneration.ch\/#organization\",\"name\":\"board generation\",\"url\":\"https:\/\/boardgeneration.ch\/\",\"logo\":{\"@type\":\"ImageObject\",\"inLanguage\":\"fr-FR\",\"@id\":\"https:\/\/boardgeneration.ch\/#\/schema\/logo\/image\/\",\"url\":\"https:\/\/boardgeneration.ch\/wp-content\/uploads\/2019\/01\/bg-logo_mit_Text.png\",\"contentUrl\":\"https:\/\/boardgeneration.ch\/wp-content\/uploads\/2019\/01\/bg-logo_mit_Text.png\",\"width\":1040,\"height\":1155,\"caption\":\"board generation\"},\"image\":{\"@id\":\"https:\/\/boardgeneration.ch\/#\/schema\/logo\/image\/\"},\"sameAs\":[\"https:\/\/www.facebook.com\/boardgeneration.ch\",\"https:\/\/x.com\/boardgen\",\"https:\/\/www.instagram.com\/boardgen\/\"]},{\"@type\":\"Person\",\"@id\":\"https:\/\/boardgeneration.ch\/#\/schema\/person\/4727ac7b918c1fd9879a564a16734f2c\",\"name\":\"Pressedienst\",\"image\":{\"@type\":\"ImageObject\",\"inLanguage\":\"fr-FR\",\"@id\":\"https:\/\/boardgeneration.ch\/#\/schema\/person\/image\/\",\"url\":\"https:\/\/boardgeneration.ch\/wp-content\/uploads\/2019\/10\/Pile-of-letters-96x96.jpg\",\"contentUrl\":\"https:\/\/boardgeneration.ch\/wp-content\/uploads\/2019\/10\/Pile-of-letters-96x96.jpg\",\"caption\":\"Pressedienst\"},\"url\":\"https:\/\/boardgeneration.ch\/fr\/author\/pressedienst\/\"}]}<\/script>\n<!-- \/ Yoast SEO plugin. -->","yoast_head_json":{"title":"8. Zillertal V\u00c4LLEY R\u00c4LLEY - NEUER Tourkalender! - Board Generation","robots":{"index":"index","follow":"follow","max-snippet":"max-snippet:-1","max-image-preview":"max-image-preview:large","max-video-preview":"max-video-preview:-1"},"canonical":"https:\/\/boardgeneration.ch\/fr\/8-zillertal-vaelley-raelley-neuer-tourkalender\/","og_locale":"fr_FR","og_type":"article","og_title":"8. Zillertal V\u00c4LLEY R\u00c4LLEY - NEUER Tourkalender! - Board Generation","og_description":"Mit einem neuen Tourkalender startet die Zillertal V\u00c4LLEY R\u00c4LLEY hosted by Blue Tomato und Ride Snowboards im Januar 2021 in der Zillertal Arena in ihre achte Runde. Alle Jahre wieder lockt die beliebte Snowboard Tour viele internationale Snowboarder ins Zillertal. Unter der Federfu\u0308hrung des Snowboardclubs \u201eDie \u00c4sthetiker\u201c werden insgesamt vier Tourstopps, jeweils mit einem Tag [&hellip;]","og_url":"https:\/\/boardgeneration.ch\/fr\/8-zillertal-vaelley-raelley-neuer-tourkalender\/","og_site_name":"Board Generation","article_publisher":"https:\/\/www.facebook.com\/boardgeneration.ch","article_published_time":"2020-12-08T20:14:15+00:00","article_modified_time":"2020-12-08T20:33:13+00:00","og_image":[{"width":1772,"height":591,"url":"https:\/\/boardgeneration.ch\/wp-content\/uploads\/2020\/12\/ZVR21_visual_neu.jpg","type":"image\/jpeg"}],"author":"Pressedienst","twitter_card":"summary_large_image","twitter_creator":"@boardgen","twitter_site":"@boardgen","twitter_misc":{"\u00c9crit par":"Pressedienst","Dur\u00e9e de lecture estim\u00e9e":"3 minutes"},"schema":{"@context":"https:\/\/schema.org","@graph":[{"@type":"Article","@id":"https:\/\/boardgeneration.ch\/en\/8-zillertal-vaelley-raelley-neuer-tourkalender\/#article","isPartOf":{"@id":"https:\/\/boardgeneration.ch\/en\/8-zillertal-vaelley-raelley-neuer-tourkalender\/"},"author":{"name":"Pressedienst","@id":"https:\/\/boardgeneration.ch\/#\/schema\/person\/4727ac7b918c1fd9879a564a16734f2c"},"headline":"8. Zillertal V\u00c4LLEY R\u00c4LLEY &#8211; NEUER Tourkalender!","datePublished":"2020-12-08T20:14:15+00:00","dateModified":"2020-12-08T20:33:13+00:00","mainEntityOfPage":{"@id":"https:\/\/boardgeneration.ch\/en\/8-zillertal-vaelley-raelley-neuer-tourkalender\/"},"wordCount":589,"commentCount":0,"publisher":{"@id":"https:\/\/boardgeneration.ch\/#organization"},"image":{"@id":"https:\/\/boardgeneration.ch\/en\/8-zillertal-vaelley-raelley-neuer-tourkalender\/#primaryimage"},"thumbnailUrl":"https:\/\/boardgeneration.ch\/wp-content\/uploads\/2020\/12\/ZVR21_visual_neu.jpg","keywords":["\u00c4sthetiker","Betterpark","Coaching","Contest","Event","Hintertux","Slopestyle","Snowboard","Snowboarder","womeninsnowboarding","Zillertal"],"articleSection":["event"],"inLanguage":"fr-FR","potentialAction":[{"@type":"CommentAction","name":"Comment","target":["https:\/\/boardgeneration.ch\/en\/8-zillertal-vaelley-raelley-neuer-tourkalender\/#respond"]}]},{"@type":"WebPage","@id":"https:\/\/boardgeneration.ch\/en\/8-zillertal-vaelley-raelley-neuer-tourkalender\/","url":"https:\/\/boardgeneration.ch\/en\/8-zillertal-vaelley-raelley-neuer-tourkalender\/","name":"8. Zillertal V\u00c4LLEY R\u00c4LLEY - NEUER Tourkalender! - Board Generation","isPartOf":{"@id":"https:\/\/boardgeneration.ch\/#website"},"primaryImageOfPage":{"@id":"https:\/\/boardgeneration.ch\/en\/8-zillertal-vaelley-raelley-neuer-tourkalender\/#primaryimage"},"image":{"@id":"https:\/\/boardgeneration.ch\/en\/8-zillertal-vaelley-raelley-neuer-tourkalender\/#primaryimage"},"thumbnailUrl":"https:\/\/boardgeneration.ch\/wp-content\/uploads\/2020\/12\/ZVR21_visual_neu.jpg","datePublished":"2020-12-08T20:14:15+00:00","dateModified":"2020-12-08T20:33:13+00:00","breadcrumb":{"@id":"https:\/\/boardgeneration.ch\/en\/8-zillertal-vaelley-raelley-neuer-tourkalender\/#breadcrumb"},"inLanguage":"fr-FR","potentialAction":[{"@type":"ReadAction","target":["https:\/\/boardgeneration.ch\/en\/8-zillertal-vaelley-raelley-neuer-tourkalender\/"]}]},{"@type":"ImageObject","inLanguage":"fr-FR","@id":"https:\/\/boardgeneration.ch\/en\/8-zillertal-vaelley-raelley-neuer-tourkalender\/#primaryimage","url":"https:\/\/boardgeneration.ch\/wp-content\/uploads\/2020\/12\/ZVR21_visual_neu.jpg","contentUrl":"https:\/\/boardgeneration.ch\/wp-content\/uploads\/2020\/12\/ZVR21_visual_neu.jpg","width":1772,"height":591},{"@type":"BreadcrumbList","@id":"https:\/\/boardgeneration.ch\/en\/8-zillertal-vaelley-raelley-neuer-tourkalender\/#breadcrumb","itemListElement":[{"@type":"ListItem","position":1,"name":"Startseite","item":"https:\/\/boardgeneration.ch\/"},{"@type":"ListItem","position":2,"name":"8. Zillertal V\u00c4LLEY R\u00c4LLEY &#8211; NEUER Tourkalender!"}]},{"@type":"WebSite","@id":"https:\/\/boardgeneration.ch\/#website","url":"https:\/\/boardgeneration.ch\/","name":"g\u00e9n\u00e9ration de conseils","description":"Retour aux sources","publisher":{"@id":"https:\/\/boardgeneration.ch\/#organization"},"potentialAction":[{"@type":"SearchAction","target":{"@type":"EntryPoint","urlTemplate":"https:\/\/boardgeneration.ch\/?s={search_term_string}"},"query-input":{"@type":"PropertyValueSpecification","valueRequired":true,"valueName":"search_term_string"}}],"inLanguage":"fr-FR"},{"@type":"Organization","@id":"https:\/\/boardgeneration.ch\/#organization","name":"g\u00e9n\u00e9ration de conseils","url":"https:\/\/boardgeneration.ch\/","logo":{"@type":"ImageObject","inLanguage":"fr-FR","@id":"https:\/\/boardgeneration.ch\/#\/schema\/logo\/image\/","url":"https:\/\/boardgeneration.ch\/wp-content\/uploads\/2019\/01\/bg-logo_mit_Text.png","contentUrl":"https:\/\/boardgeneration.ch\/wp-content\/uploads\/2019\/01\/bg-logo_mit_Text.png","width":1040,"height":1155,"caption":"board generation"},"image":{"@id":"https:\/\/boardgeneration.ch\/#\/schema\/logo\/image\/"},"sameAs":["https:\/\/www.facebook.com\/boardgeneration.ch","https:\/\/x.com\/boardgen","https:\/\/www.instagram.com\/boardgen\/"]},{"@type":"Person","@id":"https:\/\/boardgeneration.ch\/#\/schema\/person\/4727ac7b918c1fd9879a564a16734f2c","name":"Service de presse","image":{"@type":"ImageObject","inLanguage":"fr-FR","@id":"https:\/\/boardgeneration.ch\/#\/schema\/person\/image\/","url":"https:\/\/boardgeneration.ch\/wp-content\/uploads\/2019\/10\/Pile-of-letters-96x96.jpg","contentUrl":"https:\/\/boardgeneration.ch\/wp-content\/uploads\/2019\/10\/Pile-of-letters-96x96.jpg","caption":"Pressedienst"},"url":"https:\/\/boardgeneration.ch\/fr\/author\/pressedienst\/"}]}},"jetpack_featured_media_url":"https:\/\/boardgeneration.ch\/wp-content\/uploads\/2020\/12\/ZVR21_visual_neu.jpg","jetpack_sharing_enabled":true,"amp_enabled":true,"_links":{"self":[{"href":"https:\/\/boardgeneration.ch\/fr\/wp-json\/wp\/v2\/posts\/4199","targetHints":{"allow":["GET"]}}],"collection":[{"href":"https:\/\/boardgeneration.ch\/fr\/wp-json\/wp\/v2\/posts"}],"about":[{"href":"https:\/\/boardgeneration.ch\/fr\/wp-json\/wp\/v2\/types\/post"}],"author":[{"embeddable":true,"href":"https:\/\/boardgeneration.ch\/fr\/wp-json\/wp\/v2\/users\/3"}],"replies":[{"embeddable":true,"href":"https:\/\/boardgeneration.ch\/fr\/wp-json\/wp\/v2\/comments?post=4199"}],"version-history":[{"count":2,"href":"https:\/\/boardgeneration.ch\/fr\/wp-json\/wp\/v2\/posts\/4199\/revisions"}],"predecessor-version":[{"id":4201,"href":"https:\/\/boardgeneration.ch\/fr\/wp-json\/wp\/v2\/posts\/4199\/revisions\/4201"}],"wp:featuredmedia":[{"embeddable":true,"href":"https:\/\/boardgeneration.ch\/fr\/wp-json\/wp\/v2\/media\/4196"}],"wp:attachment":[{"href":"https:\/\/boardgeneration.ch\/fr\/wp-json\/wp\/v2\/media?parent=4199"}],"wp:term":[{"taxonomy":"category","embeddable":true,"href":"https:\/\/boardgeneration.ch\/fr\/wp-json\/wp\/v2\/categories?post=4199"},{"taxonomy":"post_tag","embeddable":true,"href":"https:\/\/boardgeneration.ch\/fr\/wp-json\/wp\/v2\/tags?post=4199"}],"curies":[{"name":"wp","href":"https:\/\/api.w.org\/{rel}","templated":true}]}}