{"id":4205,"date":"2020-12-11T18:07:33","date_gmt":"2020-12-11T17:07:33","guid":{"rendered":"https:\/\/boardgeneration.ch\/?p=4205"},"modified":"2020-12-11T18:17:42","modified_gmt":"2020-12-11T17:17:42","slug":"risknfun-freeride-start-in-einen-dynamischen-winter-2020-2","status":"publish","type":"post","link":"https:\/\/boardgeneration.ch\/fr\/risknfun-freeride-start-in-einen-dynamischen-winter-2020-2\/","title":{"rendered":"risk'n'fun FREERIDE : D\u00e9marrer dans un hiver \"dynamique\" 2020\/21"},"content":{"rendered":"<span class=\"span-reading-time rt-reading-time\" style=\"display: block;\"><span class=\"rt-label rt-prefix\">Le temps de la lecture : <\/span> <span class=\"rt-time\"> 2<\/span> <span class=\"rt-label rt-postfix\">proc\u00e8s-verbal<\/span><\/span>\n<p>risk'n'fun, le programme de formation de l'Alpenvereinsjugend \u00d6sterreich pour les freeriders* \u00e0 partir de 16 ans, d\u00e9bute la saison d'hiver actuelle en janvier.<br>Les chutes de neige partiellement massives de ces derniers jours nous permettent d'envisager ces temps extraordinaires. Le fait d'\u00eatre en plein air dans la nature promet un bon \u00e9quilibre \u00e0 la vie quotidienne parfois turbulente. Mais \u00eatre en mouvement dans les montagnes hivernales, loin des pentes s\u00e9curis\u00e9es, n\u00e9cessite \u00e9galement des connaissances et un savoir-faire appropri\u00e9s. Par cons\u00e9quent, une formation bien fond\u00e9e est d'une grande importance pour \u00eatre bien pr\u00e9par\u00e9 \u00e0 des actions et des d\u00e9cisions ind\u00e9pendantes et prudentes.<\/p>\n\n\n\n<figure class=\"wp-block-image size-large\"><img loading=\"lazy\" decoding=\"async\" width=\"1024\" height=\"683\" data-attachment-id=\"4212\" data-permalink=\"https:\/\/boardgeneration.ch\/fr\/rnf-presse_snowboarden-macht-noch-mehr-spass_kitzsteinhorn-by-stefan-scheitl\/\" data-orig-file=\"https:\/\/boardgeneration.ch\/wp-content\/uploads\/2020\/12\/RNF-PRESSE_Snowboarden-macht-noch-mehr-Spas_Kitzsteinhorn-by-Stefan-Scheitl-scaled.jpg\" data-orig-size=\"2560,1707\" data-comments-opened=\"1\" data-image-meta=\"{&quot;aperture&quot;:&quot;4.5&quot;,&quot;credit&quot;:&quot;&quot;,&quot;camera&quot;:&quot;NIKON D500&quot;,&quot;caption&quot;:&quot;&quot;,&quot;created_timestamp&quot;:&quot;1581599286&quot;,&quot;copyright&quot;:&quot;&quot;,&quot;focal_length&quot;:&quot;70&quot;,&quot;iso&quot;:&quot;100&quot;,&quot;shutter_speed&quot;:&quot;0.0003125&quot;,&quot;title&quot;:&quot;&quot;,&quot;orientation&quot;:&quot;1&quot;}\" data-image-title=\"RNF PRESSE_Snowboarden macht noch mehr Spa\u00df_Kitzsteinhorn by Stefan Scheitl\" data-image-description=\"\" data-image-caption=\"\" data-medium-file=\"https:\/\/boardgeneration.ch\/wp-content\/uploads\/2020\/12\/RNF-PRESSE_Snowboarden-macht-noch-mehr-Spas_Kitzsteinhorn-by-Stefan-Scheitl-300x200.jpg\" data-large-file=\"https:\/\/boardgeneration.ch\/wp-content\/uploads\/2020\/12\/RNF-PRESSE_Snowboarden-macht-noch-mehr-Spas_Kitzsteinhorn-by-Stefan-Scheitl-1024x683.jpg\" src=\"https:\/\/boardgeneration.ch\/wp-content\/uploads\/2020\/12\/RNF-PRESSE_Snowboarden-macht-noch-mehr-Spas_Kitzsteinhorn-by-Stefan-Scheitl-1024x683.jpg\" alt=\"\" class=\"wp-image-4212\" srcset=\"https:\/\/boardgeneration.ch\/wp-content\/uploads\/2020\/12\/RNF-PRESSE_Snowboarden-macht-noch-mehr-Spas_Kitzsteinhorn-by-Stefan-Scheitl-1024x683.jpg 1024w, https:\/\/boardgeneration.ch\/wp-content\/uploads\/2020\/12\/RNF-PRESSE_Snowboarden-macht-noch-mehr-Spas_Kitzsteinhorn-by-Stefan-Scheitl-300x200.jpg 300w, https:\/\/boardgeneration.ch\/wp-content\/uploads\/2020\/12\/RNF-PRESSE_Snowboarden-macht-noch-mehr-Spas_Kitzsteinhorn-by-Stefan-Scheitl-768x512.jpg 768w, https:\/\/boardgeneration.ch\/wp-content\/uploads\/2020\/12\/RNF-PRESSE_Snowboarden-macht-noch-mehr-Spas_Kitzsteinhorn-by-Stefan-Scheitl-1536x1024.jpg 1536w, https:\/\/boardgeneration.ch\/wp-content\/uploads\/2020\/12\/RNF-PRESSE_Snowboarden-macht-noch-mehr-Spas_Kitzsteinhorn-by-Stefan-Scheitl-2048x1365.jpg 2048w, https:\/\/boardgeneration.ch\/wp-content\/uploads\/2020\/12\/RNF-PRESSE_Snowboarden-macht-noch-mehr-Spas_Kitzsteinhorn-by-Stefan-Scheitl-16x12.jpg 16w\" sizes=\"auto, (max-width: 1024px) 100vw, 1024px\" \/><figcaption><span class=\"media-credit\">Stefan Scheitl<\/span><\/figcaption><\/figure>\n\n\n\n<h4 class=\"wp-block-heading\">percevoir - juger - d\u00e9cider<\/h4>\n\n\n\n<p>Depuis 20 ans, risk'n'fun FREERIDE propose quatre niveaux de formation pour accompagner les freeriders* dans leur parcours, des descentes en terrain proche des pistes aux aventures en haute montagne. \"percevoir - juger - d\u00e9cider\" est le principe directeur qui constitue la base des sessions de formation, Next Level, Backcountry Pro et ALPINE PROFESSIONALS.<\/p>\n\n\n\n<figure class=\"wp-block-image size-large\"><img loading=\"lazy\" decoding=\"async\" width=\"683\" height=\"1024\" data-attachment-id=\"4210\" data-permalink=\"https:\/\/boardgeneration.ch\/fr\/rnf-presse_aufstiege-beim-level-2-am-kitzsteinhorn_by-stefan-scheitl\/\" data-orig-file=\"https:\/\/boardgeneration.ch\/wp-content\/uploads\/2020\/12\/RNF-PRESSE_Aufstiege-beim-LEVEL-2-am-Kitzsteinhorn_by-Stefan-Scheitl-scaled.jpg\" data-orig-size=\"1707,2560\" data-comments-opened=\"1\" data-image-meta=\"{&quot;aperture&quot;:&quot;4.5&quot;,&quot;credit&quot;:&quot;&quot;,&quot;camera&quot;:&quot;NIKON D500&quot;,&quot;caption&quot;:&quot;&quot;,&quot;created_timestamp&quot;:&quot;1581592881&quot;,&quot;copyright&quot;:&quot;&quot;,&quot;focal_length&quot;:&quot;24&quot;,&quot;iso&quot;:&quot;160&quot;,&quot;shutter_speed&quot;:&quot;0.000125&quot;,&quot;title&quot;:&quot;&quot;,&quot;orientation&quot;:&quot;1&quot;}\" data-image-title=\"RNF PRESSE_Aufstiege beim LEVEL 2 am Kitzsteinhorn_by Stefan Scheitl\" data-image-description=\"\" data-image-caption=\"\" data-medium-file=\"https:\/\/boardgeneration.ch\/wp-content\/uploads\/2020\/12\/RNF-PRESSE_Aufstiege-beim-LEVEL-2-am-Kitzsteinhorn_by-Stefan-Scheitl-200x300.jpg\" data-large-file=\"https:\/\/boardgeneration.ch\/wp-content\/uploads\/2020\/12\/RNF-PRESSE_Aufstiege-beim-LEVEL-2-am-Kitzsteinhorn_by-Stefan-Scheitl-683x1024.jpg\" src=\"https:\/\/boardgeneration.ch\/wp-content\/uploads\/2020\/12\/RNF-PRESSE_Aufstiege-beim-LEVEL-2-am-Kitzsteinhorn_by-Stefan-Scheitl-683x1024.jpg\" alt=\"\" class=\"wp-image-4210\" srcset=\"https:\/\/boardgeneration.ch\/wp-content\/uploads\/2020\/12\/RNF-PRESSE_Aufstiege-beim-LEVEL-2-am-Kitzsteinhorn_by-Stefan-Scheitl-683x1024.jpg 683w, https:\/\/boardgeneration.ch\/wp-content\/uploads\/2020\/12\/RNF-PRESSE_Aufstiege-beim-LEVEL-2-am-Kitzsteinhorn_by-Stefan-Scheitl-200x300.jpg 200w, https:\/\/boardgeneration.ch\/wp-content\/uploads\/2020\/12\/RNF-PRESSE_Aufstiege-beim-LEVEL-2-am-Kitzsteinhorn_by-Stefan-Scheitl-768x1152.jpg 768w, https:\/\/boardgeneration.ch\/wp-content\/uploads\/2020\/12\/RNF-PRESSE_Aufstiege-beim-LEVEL-2-am-Kitzsteinhorn_by-Stefan-Scheitl-1024x1536.jpg 1024w, https:\/\/boardgeneration.ch\/wp-content\/uploads\/2020\/12\/RNF-PRESSE_Aufstiege-beim-LEVEL-2-am-Kitzsteinhorn_by-Stefan-Scheitl-1365x2048.jpg 1365w, https:\/\/boardgeneration.ch\/wp-content\/uploads\/2020\/12\/RNF-PRESSE_Aufstiege-beim-LEVEL-2-am-Kitzsteinhorn_by-Stefan-Scheitl-8x12.jpg 8w, https:\/\/boardgeneration.ch\/wp-content\/uploads\/2020\/12\/RNF-PRESSE_Aufstiege-beim-LEVEL-2-am-Kitzsteinhorn_by-Stefan-Scheitl-scaled.jpg 1707w\" sizes=\"auto, (max-width: 683px) 100vw, 683px\" \/><figcaption><span class=\"media-credit\">Stefan Scheitl<\/span><\/figcaption><\/figure>\n\n\n\n<h4 class=\"wp-block-heading\">risk'n'fun en hiver 2021<\/h4>\n\n\n\n<p>Selon la planification actuelle, le d\u00e9part sera donn\u00e9 les 9 et 10 janvier avec les journ\u00e9es DROP IN \u00e0 Salzbourg, au Tyrol, dans le Vorarlberg et en Styrie. \"Mobile et spontan\u00e9\" sera d\u00e9cid\u00e9 \u00e0 court terme o\u00f9 exactement ces journ\u00e9es se d\u00e9rouleront sur le terrain. A partir du 20 janvier, les niveaux de formation de plusieurs jours commenceront alors. D\u00e9j\u00e0 en \u00e9t\u00e9, les \u00e9v\u00e9nements VTT ont permis de rassembler beaucoup d'exp\u00e9riences sur les concepts d'hygi\u00e8ne, qui seront maintenant mis en \u0153uvre en cons\u00e9quence en hiver, en tenant compte des exigences en mati\u00e8re de restauration, d'h\u00e9bergement et d'\u00e9v\u00e9nements. Une coop\u00e9ration \u00e9troite avec les \u00e9tablissements d'h\u00e9bergement garantit le respect de toutes les r\u00e8gles relatives aux coronavirus.<br>\"Les petits groupes ont toujours distingu\u00e9 le travail de risk'n'fun au cours des 20 derni\u00e8res ann\u00e9es, en ce sens, ce n'est pas nouveau pour nous\", explique Dani Tollinger de l'\u00e9quipe de gestion de risk'n'fun. Pour l'unit\u00e9 du soir, dans laquelle les apports th\u00e9oriques sont discut\u00e9s et d\u00e9velopp\u00e9s ensemble, la situation de la salle est adapt\u00e9e.<br>Dani Tollinger poursuit : \"A risk'n'fun FREERIDE, nous sommes dehors toute la journ\u00e9e. Ce fait rev\u00eat une importance particuli\u00e8re. Notre perception est que le besoin d'\"\u00eatre \u00e0 l'ext\u00e9rieur\" a re\u00e7u un coup de pouce suppl\u00e9mentaire au cours des derniers mois. Il est important qu'avec risk'n'fun nous puissions aussi faire une offre en 2021 qui donne du plaisir et nous emm\u00e8ne dans les montagnes, loin de tout ce qui nous contraint et nous emprisonne. Nous avons le sentiment que cela correspond aujourd'hui plus que jamais \u00e0 la situation de vie des jeunes.<\/p>\n\n\n\n<figure class=\"wp-block-image size-large\"><img loading=\"lazy\" decoding=\"async\" width=\"724\" height=\"1024\" data-attachment-id=\"4213\" data-permalink=\"https:\/\/boardgeneration.ch\/fr\/rnf_2021_sujet\/\" data-orig-file=\"https:\/\/boardgeneration.ch\/wp-content\/uploads\/2020\/12\/RNF_2021_Sujet-scaled.jpg\" data-orig-size=\"1810,2560\" data-comments-opened=\"1\" data-image-meta=\"{&quot;aperture&quot;:&quot;0&quot;,&quot;credit&quot;:&quot;&quot;,&quot;camera&quot;:&quot;&quot;,&quot;caption&quot;:&quot;&quot;,&quot;created_timestamp&quot;:&quot;0&quot;,&quot;copyright&quot;:&quot;&quot;,&quot;focal_length&quot;:&quot;0&quot;,&quot;iso&quot;:&quot;0&quot;,&quot;shutter_speed&quot;:&quot;0&quot;,&quot;title&quot;:&quot;&quot;,&quot;orientation&quot;:&quot;1&quot;}\" data-image-title=\"RNF_2021_Sujet\" data-image-description=\"\" data-image-caption=\"\" data-medium-file=\"https:\/\/boardgeneration.ch\/wp-content\/uploads\/2020\/12\/RNF_2021_Sujet-212x300.jpg\" data-large-file=\"https:\/\/boardgeneration.ch\/wp-content\/uploads\/2020\/12\/RNF_2021_Sujet-724x1024.jpg\" src=\"https:\/\/boardgeneration.ch\/wp-content\/uploads\/2020\/12\/RNF_2021_Sujet-724x1024.jpg\" alt=\"\" class=\"wp-image-4213\" srcset=\"https:\/\/boardgeneration.ch\/wp-content\/uploads\/2020\/12\/RNF_2021_Sujet-724x1024.jpg 724w, https:\/\/boardgeneration.ch\/wp-content\/uploads\/2020\/12\/RNF_2021_Sujet-212x300.jpg 212w, https:\/\/boardgeneration.ch\/wp-content\/uploads\/2020\/12\/RNF_2021_Sujet-768x1086.jpg 768w, https:\/\/boardgeneration.ch\/wp-content\/uploads\/2020\/12\/RNF_2021_Sujet-1086x1536.jpg 1086w, https:\/\/boardgeneration.ch\/wp-content\/uploads\/2020\/12\/RNF_2021_Sujet-1448x2048.jpg 1448w, https:\/\/boardgeneration.ch\/wp-content\/uploads\/2020\/12\/RNF_2021_Sujet-8x12.jpg 8w, https:\/\/boardgeneration.ch\/wp-content\/uploads\/2020\/12\/RNF_2021_Sujet-scaled.jpg 1810w\" sizes=\"auto, (max-width: 724px) 100vw, 724px\" \/><figcaption class=\"translation-block\"><span class=\"media-credit\"><a href=\"https:\/\/boardgeneration.ch\/en\/author\/bg_chef\/\" target=\"_self\">Pascal Kesselmark<\/a> | board generation<\/span><\/figcaption><\/figure>\n\n\n\n<p>ATTENTION : Toutes les dates et les informations actuelles sont disponibles sur <a href=\"http:\/\/www.risk-fun.com\" target=\"_blank\" rel=\"noreferrer noopener\">www.risk-fun.com<\/a> \u00e0 trouver.<\/p>\n\n\n\n<h4 class=\"wp-block-heading\">Dates 2020\/21<\/h4>\n\n\n\n<p><strong>D\u00c9BUT \/ FIN<\/strong><br>Vorarlberg &amp; Styrie 09.01.2021<br>Tyrol et Salzbourg 10.01.2021<\/p>\n\n\n\n<p><strong>NIVEAU 1 \/ SESSION DE FORMATION<\/strong><br>Saalbach-Hinterglemm 27.01. - 31.01.2021<br>K\u00fchtai 01.02. - 05.02.2021<br>Tauplitz 20 f\u00e9vrier - 24 f\u00e9vrier 2021<br>K\u00fchtai 21.02. - 25.02.2021<br>Tauplitz 24.02. - 28.02.2021<br>Saalbach-Hinterglemm 03.03. - 07.03.2021<br>Gurgl 03.04. - 07.04.2021<\/p>\n\n\n\n<p><strong>NIVEAU 2 \/ NIVEAU SUIVANT<\/strong><br>Cale haute sur la Hochk\u00f6nig 20.01. - 24.01.2021<br>Kitzsteinhorn 08.02. - 12.02.2021<br>T\u00eate de soleil 15.03. - 19.03.2021<\/p>\n\n\n\n<p><strong>NIVEAU 3 \/ BACKCOUNTRY PRO<\/strong><br>Dachstein 03.02. - 07.02.2021<br>Tux Alps 15.03. - 19.03.2021<\/p>\n\n\n\n<p><strong>NIVEAU 4 \/ PROFESSIONNELS ALPINS<\/strong><br>Hohe Tauern 22.03. - 28.03.2021<\/p>\n\n\n\n<p><strong>FINAL \/ CHILL OUT<\/strong><br>Feverbrunn 19.03. - 21.03.2021<\/p>","protected":false},"excerpt":{"rendered":"<p>risk\u00b4n\u00b4fun, das Ausbildungsprogramm der Alpenvereinsjugend \u00d6sterreich fu\u0308r Freerider*innen ab 16, startet im Januar die aktuelle Wintersaison.Die teils massiven Schneef\u00e4lle der vergangenen Tage lassen auch in diesen aussergew\u00f6hnlichen Zeiten Vorfreude aufkommen. Draussen in der Natur zu sein verspricht aktuell einen guten Ausgleich zum teils turbulenten Alltag. Unterwegs sein in den winterlichen Bergen, abseits der gesicherten Pisten, [&hellip;]<\/p>\n","protected":false},"author":3,"featured_media":4211,"comment_status":"open","ping_status":"open","sticky":false,"template":"","format":"standard","meta":{"_jetpack_memberships_contains_paid_content":false,"footnotes":""},"categories":[172],"tags":[38499,38501,10559,38500],"class_list":["post-4205","post","type-post","status-publish","format-standard","has-post-thumbnail","hentry","category-agenda","tag-ausbildung","tag-backcountry","tag-freeride","tag-offpiste"],"yoast_head":"<!-- This site is optimized with the Yoast SEO plugin v26.8 - https:\/\/yoast.com\/product\/yoast-seo-wordpress\/ -->\n<title>risk\u00b4n\u00b4fun FREERIDE: Start in einen \u201edynamischen\u201c Winter 2020\/21 - Board Generation<\/title>\n<meta name=\"robots\" content=\"index, follow, max-snippet:-1, max-image-preview:large, max-video-preview:-1\" \/>\n<link rel=\"canonical\" href=\"https:\/\/boardgeneration.ch\/fr\/risknfun-freeride-start-in-einen-dynamischen-winter-2020-2\/\" \/>\n<meta property=\"og:locale\" content=\"fr_FR\" \/>\n<meta property=\"og:type\" content=\"article\" \/>\n<meta property=\"og:title\" content=\"risk\u00b4n\u00b4fun FREERIDE: Start in einen \u201edynamischen\u201c Winter 2020\/21 - Board Generation\" \/>\n<meta property=\"og:description\" content=\"risk\u00b4n\u00b4fun, das Ausbildungsprogramm der Alpenvereinsjugend \u00d6sterreich fu\u0308r Freerider*innen ab 16, startet im Januar die aktuelle Wintersaison.Die teils massiven Schneef\u00e4lle der vergangenen Tage lassen auch in diesen aussergew\u00f6hnlichen Zeiten Vorfreude aufkommen. Draussen in der Natur zu sein verspricht aktuell einen guten Ausgleich zum teils turbulenten Alltag. Unterwegs sein in den winterlichen Bergen, abseits der gesicherten Pisten, [&hellip;]\" \/>\n<meta property=\"og:url\" content=\"https:\/\/boardgeneration.ch\/fr\/risknfun-freeride-start-in-einen-dynamischen-winter-2020-2\/\" \/>\n<meta property=\"og:site_name\" content=\"Board Generation\" \/>\n<meta property=\"article:publisher\" content=\"https:\/\/www.facebook.com\/boardgeneration.ch\" \/>\n<meta property=\"article:published_time\" content=\"2020-12-11T17:07:33+00:00\" \/>\n<meta property=\"article:modified_time\" content=\"2020-12-11T17:17:42+00:00\" \/>\n<meta property=\"og:image\" content=\"https:\/\/boardgeneration.ch\/wp-content\/uploads\/2020\/12\/RNF-PRESSE_Fit-fu\u0308r-den-Notfall_Kitzsteinhorn_by-Stefan-Scheitl-scaled.jpg\" \/>\n\t<meta property=\"og:image:width\" content=\"2560\" \/>\n\t<meta property=\"og:image:height\" content=\"1707\" \/>\n\t<meta property=\"og:image:type\" content=\"image\/jpeg\" \/>\n<meta name=\"author\" content=\"Pressedienst\" \/>\n<meta name=\"twitter:card\" content=\"summary_large_image\" \/>\n<meta name=\"twitter:creator\" content=\"@boardgen\" \/>\n<meta name=\"twitter:site\" content=\"@boardgen\" \/>\n<meta name=\"twitter:label1\" content=\"\u00c9crit par\" \/>\n\t<meta name=\"twitter:data1\" content=\"Pressedienst\" \/>\n\t<meta name=\"twitter:label2\" content=\"Dur\u00e9e de lecture estim\u00e9e\" \/>\n\t<meta name=\"twitter:data2\" content=\"2 minutes\" \/>\n<script type=\"application\/ld+json\" class=\"yoast-schema-graph\">{\"@context\":\"https:\/\/schema.org\",\"@graph\":[{\"@type\":\"Article\",\"@id\":\"https:\/\/boardgeneration.ch\/en\/risknfun-freeride-start-in-einen-dynamischen-winter-2020-2\/#article\",\"isPartOf\":{\"@id\":\"https:\/\/boardgeneration.ch\/en\/risknfun-freeride-start-in-einen-dynamischen-winter-2020-2\/\"},\"author\":{\"name\":\"Pressedienst\",\"@id\":\"https:\/\/boardgeneration.ch\/#\/schema\/person\/4727ac7b918c1fd9879a564a16734f2c\"},\"headline\":\"risk\u00b4n\u00b4fun FREERIDE: Start in einen \u201edynamischen\u201c Winter 2020\/21\",\"datePublished\":\"2020-12-11T17:07:33+00:00\",\"dateModified\":\"2020-12-11T17:17:42+00:00\",\"mainEntityOfPage\":{\"@id\":\"https:\/\/boardgeneration.ch\/en\/risknfun-freeride-start-in-einen-dynamischen-winter-2020-2\/\"},\"wordCount\":457,\"commentCount\":0,\"publisher\":{\"@id\":\"https:\/\/boardgeneration.ch\/#organization\"},\"image\":{\"@id\":\"https:\/\/boardgeneration.ch\/en\/risknfun-freeride-start-in-einen-dynamischen-winter-2020-2\/#primaryimage\"},\"thumbnailUrl\":\"https:\/\/boardgeneration.ch\/wp-content\/uploads\/2020\/12\/RNF-PRESSE_Fit-fu\u0308r-den-Notfall_Kitzsteinhorn_by-Stefan-Scheitl-scaled.jpg\",\"keywords\":[\"Ausbildung\",\"backcountry\",\"Freeride\",\"Offpiste\"],\"articleSection\":[\"agenda\"],\"inLanguage\":\"fr-FR\",\"potentialAction\":[{\"@type\":\"CommentAction\",\"name\":\"Comment\",\"target\":[\"https:\/\/boardgeneration.ch\/en\/risknfun-freeride-start-in-einen-dynamischen-winter-2020-2\/#respond\"]}]},{\"@type\":\"WebPage\",\"@id\":\"https:\/\/boardgeneration.ch\/en\/risknfun-freeride-start-in-einen-dynamischen-winter-2020-2\/\",\"url\":\"https:\/\/boardgeneration.ch\/en\/risknfun-freeride-start-in-einen-dynamischen-winter-2020-2\/\",\"name\":\"risk\u00b4n\u00b4fun FREERIDE: Start in einen \u201edynamischen\u201c Winter 2020\/21 - Board Generation\",\"isPartOf\":{\"@id\":\"https:\/\/boardgeneration.ch\/#website\"},\"primaryImageOfPage\":{\"@id\":\"https:\/\/boardgeneration.ch\/en\/risknfun-freeride-start-in-einen-dynamischen-winter-2020-2\/#primaryimage\"},\"image\":{\"@id\":\"https:\/\/boardgeneration.ch\/en\/risknfun-freeride-start-in-einen-dynamischen-winter-2020-2\/#primaryimage\"},\"thumbnailUrl\":\"https:\/\/boardgeneration.ch\/wp-content\/uploads\/2020\/12\/RNF-PRESSE_Fit-fu\u0308r-den-Notfall_Kitzsteinhorn_by-Stefan-Scheitl-scaled.jpg\",\"datePublished\":\"2020-12-11T17:07:33+00:00\",\"dateModified\":\"2020-12-11T17:17:42+00:00\",\"breadcrumb\":{\"@id\":\"https:\/\/boardgeneration.ch\/en\/risknfun-freeride-start-in-einen-dynamischen-winter-2020-2\/#breadcrumb\"},\"inLanguage\":\"fr-FR\",\"potentialAction\":[{\"@type\":\"ReadAction\",\"target\":[\"https:\/\/boardgeneration.ch\/en\/risknfun-freeride-start-in-einen-dynamischen-winter-2020-2\/\"]}]},{\"@type\":\"ImageObject\",\"inLanguage\":\"fr-FR\",\"@id\":\"https:\/\/boardgeneration.ch\/en\/risknfun-freeride-start-in-einen-dynamischen-winter-2020-2\/#primaryimage\",\"url\":\"https:\/\/boardgeneration.ch\/wp-content\/uploads\/2020\/12\/RNF-PRESSE_Fit-fu\u0308r-den-Notfall_Kitzsteinhorn_by-Stefan-Scheitl-scaled.jpg\",\"contentUrl\":\"https:\/\/boardgeneration.ch\/wp-content\/uploads\/2020\/12\/RNF-PRESSE_Fit-fu\u0308r-den-Notfall_Kitzsteinhorn_by-Stefan-Scheitl-scaled.jpg\",\"width\":2560,\"height\":1707},{\"@type\":\"BreadcrumbList\",\"@id\":\"https:\/\/boardgeneration.ch\/en\/risknfun-freeride-start-in-einen-dynamischen-winter-2020-2\/#breadcrumb\",\"itemListElement\":[{\"@type\":\"ListItem\",\"position\":1,\"name\":\"Startseite\",\"item\":\"https:\/\/boardgeneration.ch\/\"},{\"@type\":\"ListItem\",\"position\":2,\"name\":\"risk\u00b4n\u00b4fun FREERIDE: Start in einen \u201edynamischen\u201c Winter 2020\/21\"}]},{\"@type\":\"WebSite\",\"@id\":\"https:\/\/boardgeneration.ch\/#website\",\"url\":\"https:\/\/boardgeneration.ch\/\",\"name\":\"board generation\",\"description\":\"Back to the Roots\",\"publisher\":{\"@id\":\"https:\/\/boardgeneration.ch\/#organization\"},\"potentialAction\":[{\"@type\":\"SearchAction\",\"target\":{\"@type\":\"EntryPoint\",\"urlTemplate\":\"https:\/\/boardgeneration.ch\/?s={search_term_string}\"},\"query-input\":{\"@type\":\"PropertyValueSpecification\",\"valueRequired\":true,\"valueName\":\"search_term_string\"}}],\"inLanguage\":\"fr-FR\"},{\"@type\":\"Organization\",\"@id\":\"https:\/\/boardgeneration.ch\/#organization\",\"name\":\"board generation\",\"url\":\"https:\/\/boardgeneration.ch\/\",\"logo\":{\"@type\":\"ImageObject\",\"inLanguage\":\"fr-FR\",\"@id\":\"https:\/\/boardgeneration.ch\/#\/schema\/logo\/image\/\",\"url\":\"https:\/\/boardgeneration.ch\/wp-content\/uploads\/2019\/01\/bg-logo_mit_Text.png\",\"contentUrl\":\"https:\/\/boardgeneration.ch\/wp-content\/uploads\/2019\/01\/bg-logo_mit_Text.png\",\"width\":1040,\"height\":1155,\"caption\":\"board generation\"},\"image\":{\"@id\":\"https:\/\/boardgeneration.ch\/#\/schema\/logo\/image\/\"},\"sameAs\":[\"https:\/\/www.facebook.com\/boardgeneration.ch\",\"https:\/\/x.com\/boardgen\",\"https:\/\/www.instagram.com\/boardgen\/\"]},{\"@type\":\"Person\",\"@id\":\"https:\/\/boardgeneration.ch\/#\/schema\/person\/4727ac7b918c1fd9879a564a16734f2c\",\"name\":\"Pressedienst\",\"image\":{\"@type\":\"ImageObject\",\"inLanguage\":\"fr-FR\",\"@id\":\"https:\/\/boardgeneration.ch\/#\/schema\/person\/image\/\",\"url\":\"https:\/\/boardgeneration.ch\/wp-content\/uploads\/2019\/10\/Pile-of-letters-96x96.jpg\",\"contentUrl\":\"https:\/\/boardgeneration.ch\/wp-content\/uploads\/2019\/10\/Pile-of-letters-96x96.jpg\",\"caption\":\"Pressedienst\"},\"url\":\"https:\/\/boardgeneration.ch\/fr\/author\/pressedienst\/\"}]}<\/script>\n<!-- \/ Yoast SEO plugin. -->","yoast_head_json":{"title":"risk\u00b4n\u00b4fun FREERIDE: Start in einen \u201edynamischen\u201c Winter 2020\/21 - Board Generation","robots":{"index":"index","follow":"follow","max-snippet":"max-snippet:-1","max-image-preview":"max-image-preview:large","max-video-preview":"max-video-preview:-1"},"canonical":"https:\/\/boardgeneration.ch\/fr\/risknfun-freeride-start-in-einen-dynamischen-winter-2020-2\/","og_locale":"fr_FR","og_type":"article","og_title":"risk\u00b4n\u00b4fun FREERIDE: Start in einen \u201edynamischen\u201c Winter 2020\/21 - Board Generation","og_description":"risk\u00b4n\u00b4fun, das Ausbildungsprogramm der Alpenvereinsjugend \u00d6sterreich fu\u0308r Freerider*innen ab 16, startet im Januar die aktuelle Wintersaison.Die teils massiven Schneef\u00e4lle der vergangenen Tage lassen auch in diesen aussergew\u00f6hnlichen Zeiten Vorfreude aufkommen. Draussen in der Natur zu sein verspricht aktuell einen guten Ausgleich zum teils turbulenten Alltag. Unterwegs sein in den winterlichen Bergen, abseits der gesicherten Pisten, [&hellip;]","og_url":"https:\/\/boardgeneration.ch\/fr\/risknfun-freeride-start-in-einen-dynamischen-winter-2020-2\/","og_site_name":"Board Generation","article_publisher":"https:\/\/www.facebook.com\/boardgeneration.ch","article_published_time":"2020-12-11T17:07:33+00:00","article_modified_time":"2020-12-11T17:17:42+00:00","og_image":[{"width":2560,"height":1707,"url":"https:\/\/boardgeneration.ch\/wp-content\/uploads\/2020\/12\/RNF-PRESSE_Fit-fu\u0308r-den-Notfall_Kitzsteinhorn_by-Stefan-Scheitl-scaled.jpg","type":"image\/jpeg"}],"author":"Pressedienst","twitter_card":"summary_large_image","twitter_creator":"@boardgen","twitter_site":"@boardgen","twitter_misc":{"\u00c9crit par":"Pressedienst","Dur\u00e9e de lecture estim\u00e9e":"2 minutes"},"schema":{"@context":"https:\/\/schema.org","@graph":[{"@type":"Article","@id":"https:\/\/boardgeneration.ch\/en\/risknfun-freeride-start-in-einen-dynamischen-winter-2020-2\/#article","isPartOf":{"@id":"https:\/\/boardgeneration.ch\/en\/risknfun-freeride-start-in-einen-dynamischen-winter-2020-2\/"},"author":{"name":"Pressedienst","@id":"https:\/\/boardgeneration.ch\/#\/schema\/person\/4727ac7b918c1fd9879a564a16734f2c"},"headline":"risk\u00b4n\u00b4fun FREERIDE: Start in einen \u201edynamischen\u201c Winter 2020\/21","datePublished":"2020-12-11T17:07:33+00:00","dateModified":"2020-12-11T17:17:42+00:00","mainEntityOfPage":{"@id":"https:\/\/boardgeneration.ch\/en\/risknfun-freeride-start-in-einen-dynamischen-winter-2020-2\/"},"wordCount":457,"commentCount":0,"publisher":{"@id":"https:\/\/boardgeneration.ch\/#organization"},"image":{"@id":"https:\/\/boardgeneration.ch\/en\/risknfun-freeride-start-in-einen-dynamischen-winter-2020-2\/#primaryimage"},"thumbnailUrl":"https:\/\/boardgeneration.ch\/wp-content\/uploads\/2020\/12\/RNF-PRESSE_Fit-fu\u0308r-den-Notfall_Kitzsteinhorn_by-Stefan-Scheitl-scaled.jpg","keywords":["Ausbildung","backcountry","Freeride","Offpiste"],"articleSection":["agenda"],"inLanguage":"fr-FR","potentialAction":[{"@type":"CommentAction","name":"Comment","target":["https:\/\/boardgeneration.ch\/en\/risknfun-freeride-start-in-einen-dynamischen-winter-2020-2\/#respond"]}]},{"@type":"WebPage","@id":"https:\/\/boardgeneration.ch\/en\/risknfun-freeride-start-in-einen-dynamischen-winter-2020-2\/","url":"https:\/\/boardgeneration.ch\/en\/risknfun-freeride-start-in-einen-dynamischen-winter-2020-2\/","name":"risk\u00b4n\u00b4fun FREERIDE: Start in einen \u201edynamischen\u201c Winter 2020\/21 - Board Generation","isPartOf":{"@id":"https:\/\/boardgeneration.ch\/#website"},"primaryImageOfPage":{"@id":"https:\/\/boardgeneration.ch\/en\/risknfun-freeride-start-in-einen-dynamischen-winter-2020-2\/#primaryimage"},"image":{"@id":"https:\/\/boardgeneration.ch\/en\/risknfun-freeride-start-in-einen-dynamischen-winter-2020-2\/#primaryimage"},"thumbnailUrl":"https:\/\/boardgeneration.ch\/wp-content\/uploads\/2020\/12\/RNF-PRESSE_Fit-fu\u0308r-den-Notfall_Kitzsteinhorn_by-Stefan-Scheitl-scaled.jpg","datePublished":"2020-12-11T17:07:33+00:00","dateModified":"2020-12-11T17:17:42+00:00","breadcrumb":{"@id":"https:\/\/boardgeneration.ch\/en\/risknfun-freeride-start-in-einen-dynamischen-winter-2020-2\/#breadcrumb"},"inLanguage":"fr-FR","potentialAction":[{"@type":"ReadAction","target":["https:\/\/boardgeneration.ch\/en\/risknfun-freeride-start-in-einen-dynamischen-winter-2020-2\/"]}]},{"@type":"ImageObject","inLanguage":"fr-FR","@id":"https:\/\/boardgeneration.ch\/en\/risknfun-freeride-start-in-einen-dynamischen-winter-2020-2\/#primaryimage","url":"https:\/\/boardgeneration.ch\/wp-content\/uploads\/2020\/12\/RNF-PRESSE_Fit-fu\u0308r-den-Notfall_Kitzsteinhorn_by-Stefan-Scheitl-scaled.jpg","contentUrl":"https:\/\/boardgeneration.ch\/wp-content\/uploads\/2020\/12\/RNF-PRESSE_Fit-fu\u0308r-den-Notfall_Kitzsteinhorn_by-Stefan-Scheitl-scaled.jpg","width":2560,"height":1707},{"@type":"BreadcrumbList","@id":"https:\/\/boardgeneration.ch\/en\/risknfun-freeride-start-in-einen-dynamischen-winter-2020-2\/#breadcrumb","itemListElement":[{"@type":"ListItem","position":1,"name":"Startseite","item":"https:\/\/boardgeneration.ch\/"},{"@type":"ListItem","position":2,"name":"risk\u00b4n\u00b4fun FREERIDE: Start in einen \u201edynamischen\u201c Winter 2020\/21"}]},{"@type":"WebSite","@id":"https:\/\/boardgeneration.ch\/#website","url":"https:\/\/boardgeneration.ch\/","name":"g\u00e9n\u00e9ration de conseils","description":"Retour aux sources","publisher":{"@id":"https:\/\/boardgeneration.ch\/#organization"},"potentialAction":[{"@type":"SearchAction","target":{"@type":"EntryPoint","urlTemplate":"https:\/\/boardgeneration.ch\/?s={search_term_string}"},"query-input":{"@type":"PropertyValueSpecification","valueRequired":true,"valueName":"search_term_string"}}],"inLanguage":"fr-FR"},{"@type":"Organization","@id":"https:\/\/boardgeneration.ch\/#organization","name":"g\u00e9n\u00e9ration de conseils","url":"https:\/\/boardgeneration.ch\/","logo":{"@type":"ImageObject","inLanguage":"fr-FR","@id":"https:\/\/boardgeneration.ch\/#\/schema\/logo\/image\/","url":"https:\/\/boardgeneration.ch\/wp-content\/uploads\/2019\/01\/bg-logo_mit_Text.png","contentUrl":"https:\/\/boardgeneration.ch\/wp-content\/uploads\/2019\/01\/bg-logo_mit_Text.png","width":1040,"height":1155,"caption":"board generation"},"image":{"@id":"https:\/\/boardgeneration.ch\/#\/schema\/logo\/image\/"},"sameAs":["https:\/\/www.facebook.com\/boardgeneration.ch","https:\/\/x.com\/boardgen","https:\/\/www.instagram.com\/boardgen\/"]},{"@type":"Person","@id":"https:\/\/boardgeneration.ch\/#\/schema\/person\/4727ac7b918c1fd9879a564a16734f2c","name":"Service de presse","image":{"@type":"ImageObject","inLanguage":"fr-FR","@id":"https:\/\/boardgeneration.ch\/#\/schema\/person\/image\/","url":"https:\/\/boardgeneration.ch\/wp-content\/uploads\/2019\/10\/Pile-of-letters-96x96.jpg","contentUrl":"https:\/\/boardgeneration.ch\/wp-content\/uploads\/2019\/10\/Pile-of-letters-96x96.jpg","caption":"Pressedienst"},"url":"https:\/\/boardgeneration.ch\/fr\/author\/pressedienst\/"}]}},"jetpack_featured_media_url":"https:\/\/boardgeneration.ch\/wp-content\/uploads\/2020\/12\/RNF-PRESSE_Fit-fu\u0308r-den-Notfall_Kitzsteinhorn_by-Stefan-Scheitl-scaled.jpg","jetpack_sharing_enabled":true,"amp_enabled":true,"_links":{"self":[{"href":"https:\/\/boardgeneration.ch\/fr\/wp-json\/wp\/v2\/posts\/4205","targetHints":{"allow":["GET"]}}],"collection":[{"href":"https:\/\/boardgeneration.ch\/fr\/wp-json\/wp\/v2\/posts"}],"about":[{"href":"https:\/\/boardgeneration.ch\/fr\/wp-json\/wp\/v2\/types\/post"}],"author":[{"embeddable":true,"href":"https:\/\/boardgeneration.ch\/fr\/wp-json\/wp\/v2\/users\/3"}],"replies":[{"embeddable":true,"href":"https:\/\/boardgeneration.ch\/fr\/wp-json\/wp\/v2\/comments?post=4205"}],"version-history":[{"count":3,"href":"https:\/\/boardgeneration.ch\/fr\/wp-json\/wp\/v2\/posts\/4205\/revisions"}],"predecessor-version":[{"id":4215,"href":"https:\/\/boardgeneration.ch\/fr\/wp-json\/wp\/v2\/posts\/4205\/revisions\/4215"}],"wp:featuredmedia":[{"embeddable":true,"href":"https:\/\/boardgeneration.ch\/fr\/wp-json\/wp\/v2\/media\/4211"}],"wp:attachment":[{"href":"https:\/\/boardgeneration.ch\/fr\/wp-json\/wp\/v2\/media?parent=4205"}],"wp:term":[{"taxonomy":"category","embeddable":true,"href":"https:\/\/boardgeneration.ch\/fr\/wp-json\/wp\/v2\/categories?post=4205"},{"taxonomy":"post_tag","embeddable":true,"href":"https:\/\/boardgeneration.ch\/fr\/wp-json\/wp\/v2\/tags?post=4205"}],"curies":[{"name":"wp","href":"https:\/\/api.w.org\/{rel}","templated":true}]}}