{"id":4374,"date":"2021-01-11T22:14:01","date_gmt":"2021-01-11T21:14:01","guid":{"rendered":"https:\/\/boardgeneration.ch\/?p=4374"},"modified":"2021-01-11T22:14:19","modified_gmt":"2021-01-11T21:14:19","slug":"8-zillertal-vaelley-raelley-angepasster-terminkalender","status":"publish","type":"post","link":"https:\/\/boardgeneration.ch\/fr\/8-zillertal-vaelley-raelley-angepasster-terminkalender\/","title":{"rendered":"8\u00e8me Zillertal V\u00c4LLEY R\u00c4LLEY : CALENDRIER ADAPT\u00c9"},"content":{"rendered":"<span class=\"span-reading-time rt-reading-time\" style=\"display: block;\"><span class=\"rt-label rt-prefix\">Le temps de la lecture : <\/span> <span class=\"rt-time\"> 2<\/span> <span class=\"rt-label rt-postfix\">proc\u00e8s-verbal<\/span><\/span>\n<p>Le premier arr\u00eat de la tourn\u00e9e se termine maintenant en f\u00e9vrier 2021 \u00e0 MAYRHOFEN.<\/p>\n\n\n\n<p>Le d\u00e9but de la saison du 8\u00e8me Zillertal V\u00c4LLEY R\u00c4LLEY organis\u00e9 par Blue Tomato et Ride Snowboards est maintenant report\u00e9 \u00e0 la fin du mois de f\u00e9vrier. Sous les auspices du club de snowboard \"Die \u00c4sthetiker\", le V\u00c4LLEY R\u00c4LLEY combine quatre \u00e9preuves de snowboard pour jeunes athl\u00e8tes sous le parapluie du Zillertal. Toutes les \u00e9tapes de la tourn\u00e9e se d\u00e9rouleront avec une journ\u00e9e d'entra\u00eenement et une journ\u00e9e de comp\u00e9tition en \"slopestyle\" dans quatre snowparks diff\u00e9rents du Zillertal. La nouvelle date de lancement est maintenant les 27 et 28 f\u00e9vrier 2021 au parc Penken \u00e0 Mayrhofen-Hippach dans le Zillertal. Andreas MonEpic Monsberger pr\u00e9sente les perspectives du populaire Zillertal Snowboard Tour :<\/p>\n\n\n\n<figure class=\"wp-block-embed-vimeo wp-block-embed is-type-video is-provider-vimeo wp-embed-aspect-16-9 wp-has-aspect-ratio\"><div class=\"wp-block-embed__wrapper\">\n<iframe loading=\"lazy\" title=\"Zillertal V\u00c4LLEY R\u00c4LLEY 2021 R\u00e9sum\u00e9\" src=\"https:\/\/player.vimeo.com\/video\/499259642?dnt=1&amp;app_id=122963\" width=\"740\" height=\"416\" frameborder=\"0\" allow=\"autoplay; fullscreen\" allowfullscreen><\/iframe>\n<\/div><\/figure>\n\n\n\n<p>Huit ans de Zillertal V\u00c4LLEY R\u00c4LLEY anim\u00e9 par Blue Tomato &amp; Ride Snowboard et c'est parti ! Gr\u00e2ce au soutien continu de la Zillertal Tourismus GmbH, des chemins de fer de montagne et des associations touristiques du Zillertal, ainsi que de partenaires fid\u00e8les comme Blue Tomato, Ride Snowboards, Red Bull, Horsefeathers et Dana Beanies, le populaire V\u00c4LLEY R\u00c4LLEY reviendra (esp\u00e9rons-le) dans le Zillertal en 2021.<\/p>\n\n\n\n<p>Un week-end plein d'action dans le Zillertal attend les fans de snowboard \u00e0 chacune des quatre \u00e9tapes de la tourn\u00e9e. Ride Snowboards propose la derni\u00e8re collection de snowboards \u00e0 tester gratuitement. Et tandis que les nouveaux tricks sont pratiqu\u00e9s lors de s\u00e9ances d'entra\u00eenement gratuites en freestyle le jour de l'entra\u00eenement, les stars montantes du snowboard et les starlettes europ\u00e9ennes creusent profond\u00e9ment dans leur sac de tricks le jour de la comp\u00e9tition pour d\u00e9crocher une place sur le podium. Dans les quatre concours, il y a des prix en argent \u00e0 gagner en plus des m\u00e9dailles et des prix non mon\u00e9taires. Alors que Ride Snowboards et Blue Tomato offrent des prix pour les gagnants de la premi\u00e8re place, Horsefeathers offre le prix principal pour le gagnant du prix du meilleur tour.<\/p>\n\n\n\n<p>\u00c0 chaque r\u00e9sultat de concours, les participants accumulent des points dans le classement g\u00e9n\u00e9ral du Zillertal V\u00c4LLEY R\u00c4LLEY. Les vainqueurs de la tourn\u00e9e seront couronn\u00e9s par la nouvelle famille royale Zillertal V\u00c4LLEY R\u00c4LLEY 2021 apr\u00e8s la quatri\u00e8me et derni\u00e8re \u00e9tape de la tourn\u00e9e au printemps 2021 au glacier d'Hintertux.<\/p>\n\n\n\n<p>Pour chaque comp\u00e9tition, les points de participation sont enregistr\u00e9s sur la liste mondiale des points de snowboard (WSPL) et les \u00e9tapes du circuit comptent comme des ASA (Association autrichienne de snowboard) Austriacups. Les vainqueurs du Overall Tour se qualifient pour le Masters in Slopestyle and Rookies autrichien (U18) et accumulent des points dans le classement mondial des recrues, ce qui les qualifie pour les finales du World Rookie Tour. Plus d'informations \u00e0 ce sujet sur <a href=\"http:\/\/www.powdern.com\">http:\/\/www.powdern.com<\/a><\/p>\n\n\n\n<p>Les nouvelles dates du Zillertal V\u00c4LLEY R\u00c4LLEY 2021 sont<\/p>\n\n\n\n<ol class=\"wp-block-list\"><li>Arr\u00eat 27-28.02.2021, Penken Park Mayrhofen, Mayrhofen-Hippach dans la vall\u00e9e du Zillertal<\/li><li>Arr\u00eat 13-14.03.2021, Hochzillertal-Kaltenbach, premi\u00e8re r\u00e9gion de vacances dans la vall\u00e9e du Zillertal<\/li><li>Arr\u00eat 27-28.03.2021, Zillertal Arena<\/li><li>Arr\u00eat 24-25.04.2021, glacier d'Hintertux, Betterpark Hintertux, Tux-Finkenberg<\/li><\/ol>\n\n\n\n<p>Il va sans dire que tous les \u00e9v\u00e9nements du Zillertal V\u00c4LLEY R\u00c4LLEY sont r\u00e9alis\u00e9s conform\u00e9ment aux mesures de s\u00e9curit\u00e9 actuellement requises. D\u00e8s que le nombre maximum de participants sera atteint, l'inscription sera cl\u00f4tur\u00e9e. Une inscription tardive sur place n'est possible que pour le coaching. Pour plus d'informations sur les cat\u00e9gories, les groupes d'\u00e2ge et l'inscription, voir <a href=\"\/fr\/www.valleyralley.at\/\">www.valleyralley.at<\/a> et <a href=\"\/fr\/www.zillertal.at\/valleyralley\/\">www.zillertal.at\/valleyralley<\/a><\/p>","protected":false},"excerpt":{"rendered":"<p>Erster Tourstopp jetzt ENDE FEBRUAR 2021 in MAYRHOFEN. Der Saisonstart der 8. Zillertal V\u00c4LLEY R\u00c4LLEY hosted by Blue Tomato und Ride Snowboards wird nun auf Ende Februar verschoben. Unter der Federf\u00fchrung des Snowboardclubs \u201eDie \u00c4sthetiker\u201c vereint die V\u00c4LLEY R\u00c4LLEY vier Snowboard Events f\u00fcr Nachwuchssportler unter dem Dach des Zillertals. Alle Tourstopps werden jeweils mit einem [&hellip;]<\/p>\n","protected":false},"author":3,"featured_media":2214,"comment_status":"open","ping_status":"open","sticky":false,"template":"","format":"standard","meta":{"_jetpack_memberships_contains_paid_content":false,"footnotes":""},"categories":[12],"tags":[30900,11700,30750,49,30749,11723,11686,27279],"class_list":["post-4374","post","type-post","status-publish","format-standard","has-post-thumbnail","hentry","category-event","tag-betterpark","tag-coaching","tag-contest","tag-featured","tag-hintertux","tag-slopestyle","tag-snowboard","tag-zillertal"],"yoast_head":"<!-- This site is optimized with the Yoast SEO plugin v26.8 - https:\/\/yoast.com\/product\/yoast-seo-wordpress\/ -->\n<title>8. Zillertal V\u00c4LLEY R\u00c4LLEY: ANGEPASSTER TERMINKALENDER - Board Generation<\/title>\n<meta name=\"robots\" content=\"index, follow, max-snippet:-1, max-image-preview:large, max-video-preview:-1\" \/>\n<link rel=\"canonical\" href=\"https:\/\/boardgeneration.ch\/fr\/8-zillertal-vaelley-raelley-angepasster-terminkalender\/\" \/>\n<meta property=\"og:locale\" content=\"fr_FR\" \/>\n<meta property=\"og:type\" content=\"article\" \/>\n<meta property=\"og:title\" content=\"8. Zillertal V\u00c4LLEY R\u00c4LLEY: ANGEPASSTER TERMINKALENDER - Board Generation\" \/>\n<meta property=\"og:description\" content=\"Erster Tourstopp jetzt ENDE FEBRUAR 2021 in MAYRHOFEN. Der Saisonstart der 8. Zillertal V\u00c4LLEY R\u00c4LLEY hosted by Blue Tomato und Ride Snowboards wird nun auf Ende Februar verschoben. Unter der Federf\u00fchrung des Snowboardclubs \u201eDie \u00c4sthetiker\u201c vereint die V\u00c4LLEY R\u00c4LLEY vier Snowboard Events f\u00fcr Nachwuchssportler unter dem Dach des Zillertals. Alle Tourstopps werden jeweils mit einem [&hellip;]\" \/>\n<meta property=\"og:url\" content=\"https:\/\/boardgeneration.ch\/fr\/8-zillertal-vaelley-raelley-angepasster-terminkalender\/\" \/>\n<meta property=\"og:site_name\" content=\"Board Generation\" \/>\n<meta property=\"article:publisher\" content=\"https:\/\/www.facebook.com\/boardgeneration.ch\" \/>\n<meta property=\"article:published_time\" content=\"2021-01-11T21:14:01+00:00\" \/>\n<meta property=\"article:modified_time\" content=\"2021-01-11T21:14:19+00:00\" \/>\n<meta property=\"og:image\" content=\"https:\/\/boardgeneration.ch\/wp-content\/uploads\/2020\/03\/20-03-01_zvr_Penken_Park_Contest__Moritz-Breu__by_Gustav_Hersmann_0128_lowres.jpg\" \/>\n\t<meta property=\"og:image:width\" content=\"1600\" \/>\n\t<meta property=\"og:image:height\" content=\"1067\" \/>\n\t<meta property=\"og:image:type\" content=\"image\/jpeg\" \/>\n<meta name=\"author\" content=\"Pressedienst\" \/>\n<meta name=\"twitter:card\" content=\"summary_large_image\" \/>\n<meta name=\"twitter:creator\" content=\"@boardgen\" \/>\n<meta name=\"twitter:site\" content=\"@boardgen\" \/>\n<meta name=\"twitter:label1\" content=\"\u00c9crit par\" \/>\n\t<meta name=\"twitter:data1\" content=\"Pressedienst\" \/>\n\t<meta name=\"twitter:label2\" content=\"Dur\u00e9e de lecture estim\u00e9e\" \/>\n\t<meta name=\"twitter:data2\" content=\"2 minutes\" \/>\n<script type=\"application\/ld+json\" class=\"yoast-schema-graph\">{\"@context\":\"https:\/\/schema.org\",\"@graph\":[{\"@type\":\"Article\",\"@id\":\"https:\/\/boardgeneration.ch\/en\/8-zillertal-vaelley-raelley-angepasster-terminkalender\/#article\",\"isPartOf\":{\"@id\":\"https:\/\/boardgeneration.ch\/en\/8-zillertal-vaelley-raelley-angepasster-terminkalender\/\"},\"author\":{\"name\":\"Pressedienst\",\"@id\":\"https:\/\/boardgeneration.ch\/#\/schema\/person\/4727ac7b918c1fd9879a564a16734f2c\"},\"headline\":\"8. Zillertal V\u00c4LLEY R\u00c4LLEY: ANGEPASSTER TERMINKALENDER\",\"datePublished\":\"2021-01-11T21:14:01+00:00\",\"dateModified\":\"2021-01-11T21:14:19+00:00\",\"mainEntityOfPage\":{\"@id\":\"https:\/\/boardgeneration.ch\/en\/8-zillertal-vaelley-raelley-angepasster-terminkalender\/\"},\"wordCount\":471,\"commentCount\":0,\"publisher\":{\"@id\":\"https:\/\/boardgeneration.ch\/#organization\"},\"image\":{\"@id\":\"https:\/\/boardgeneration.ch\/en\/8-zillertal-vaelley-raelley-angepasster-terminkalender\/#primaryimage\"},\"thumbnailUrl\":\"https:\/\/boardgeneration.ch\/wp-content\/uploads\/2020\/03\/20-03-01_zvr_Penken_Park_Contest__Moritz-Breu__by_Gustav_Hersmann_0128_lowres.jpg\",\"keywords\":[\"Betterpark\",\"Coaching\",\"Contest\",\"Featured\",\"Hintertux\",\"Slopestyle\",\"Snowboard\",\"Zillertal\"],\"articleSection\":[\"event\"],\"inLanguage\":\"fr-FR\",\"potentialAction\":[{\"@type\":\"CommentAction\",\"name\":\"Comment\",\"target\":[\"https:\/\/boardgeneration.ch\/en\/8-zillertal-vaelley-raelley-angepasster-terminkalender\/#respond\"]}]},{\"@type\":\"WebPage\",\"@id\":\"https:\/\/boardgeneration.ch\/en\/8-zillertal-vaelley-raelley-angepasster-terminkalender\/\",\"url\":\"https:\/\/boardgeneration.ch\/en\/8-zillertal-vaelley-raelley-angepasster-terminkalender\/\",\"name\":\"8. Zillertal V\u00c4LLEY R\u00c4LLEY: ANGEPASSTER TERMINKALENDER - Board Generation\",\"isPartOf\":{\"@id\":\"https:\/\/boardgeneration.ch\/#website\"},\"primaryImageOfPage\":{\"@id\":\"https:\/\/boardgeneration.ch\/en\/8-zillertal-vaelley-raelley-angepasster-terminkalender\/#primaryimage\"},\"image\":{\"@id\":\"https:\/\/boardgeneration.ch\/en\/8-zillertal-vaelley-raelley-angepasster-terminkalender\/#primaryimage\"},\"thumbnailUrl\":\"https:\/\/boardgeneration.ch\/wp-content\/uploads\/2020\/03\/20-03-01_zvr_Penken_Park_Contest__Moritz-Breu__by_Gustav_Hersmann_0128_lowres.jpg\",\"datePublished\":\"2021-01-11T21:14:01+00:00\",\"dateModified\":\"2021-01-11T21:14:19+00:00\",\"breadcrumb\":{\"@id\":\"https:\/\/boardgeneration.ch\/en\/8-zillertal-vaelley-raelley-angepasster-terminkalender\/#breadcrumb\"},\"inLanguage\":\"fr-FR\",\"potentialAction\":[{\"@type\":\"ReadAction\",\"target\":[\"https:\/\/boardgeneration.ch\/en\/8-zillertal-vaelley-raelley-angepasster-terminkalender\/\"]}]},{\"@type\":\"ImageObject\",\"inLanguage\":\"fr-FR\",\"@id\":\"https:\/\/boardgeneration.ch\/en\/8-zillertal-vaelley-raelley-angepasster-terminkalender\/#primaryimage\",\"url\":\"https:\/\/boardgeneration.ch\/wp-content\/uploads\/2020\/03\/20-03-01_zvr_Penken_Park_Contest__Moritz-Breu__by_Gustav_Hersmann_0128_lowres.jpg\",\"contentUrl\":\"https:\/\/boardgeneration.ch\/wp-content\/uploads\/2020\/03\/20-03-01_zvr_Penken_Park_Contest__Moritz-Breu__by_Gustav_Hersmann_0128_lowres.jpg\",\"width\":1600,\"height\":1067,\"caption\":\"Penken Park Contest. Rider: Moritz Breu\"},{\"@type\":\"BreadcrumbList\",\"@id\":\"https:\/\/boardgeneration.ch\/en\/8-zillertal-vaelley-raelley-angepasster-terminkalender\/#breadcrumb\",\"itemListElement\":[{\"@type\":\"ListItem\",\"position\":1,\"name\":\"Startseite\",\"item\":\"https:\/\/boardgeneration.ch\/\"},{\"@type\":\"ListItem\",\"position\":2,\"name\":\"8. Zillertal V\u00c4LLEY R\u00c4LLEY: ANGEPASSTER TERMINKALENDER\"}]},{\"@type\":\"WebSite\",\"@id\":\"https:\/\/boardgeneration.ch\/#website\",\"url\":\"https:\/\/boardgeneration.ch\/\",\"name\":\"board generation\",\"description\":\"Back to the Roots\",\"publisher\":{\"@id\":\"https:\/\/boardgeneration.ch\/#organization\"},\"potentialAction\":[{\"@type\":\"SearchAction\",\"target\":{\"@type\":\"EntryPoint\",\"urlTemplate\":\"https:\/\/boardgeneration.ch\/?s={search_term_string}\"},\"query-input\":{\"@type\":\"PropertyValueSpecification\",\"valueRequired\":true,\"valueName\":\"search_term_string\"}}],\"inLanguage\":\"fr-FR\"},{\"@type\":\"Organization\",\"@id\":\"https:\/\/boardgeneration.ch\/#organization\",\"name\":\"board generation\",\"url\":\"https:\/\/boardgeneration.ch\/\",\"logo\":{\"@type\":\"ImageObject\",\"inLanguage\":\"fr-FR\",\"@id\":\"https:\/\/boardgeneration.ch\/#\/schema\/logo\/image\/\",\"url\":\"https:\/\/boardgeneration.ch\/wp-content\/uploads\/2019\/01\/bg-logo_mit_Text.png\",\"contentUrl\":\"https:\/\/boardgeneration.ch\/wp-content\/uploads\/2019\/01\/bg-logo_mit_Text.png\",\"width\":1040,\"height\":1155,\"caption\":\"board generation\"},\"image\":{\"@id\":\"https:\/\/boardgeneration.ch\/#\/schema\/logo\/image\/\"},\"sameAs\":[\"https:\/\/www.facebook.com\/boardgeneration.ch\",\"https:\/\/x.com\/boardgen\",\"https:\/\/www.instagram.com\/boardgen\/\"]},{\"@type\":\"Person\",\"@id\":\"https:\/\/boardgeneration.ch\/#\/schema\/person\/4727ac7b918c1fd9879a564a16734f2c\",\"name\":\"Pressedienst\",\"image\":{\"@type\":\"ImageObject\",\"inLanguage\":\"fr-FR\",\"@id\":\"https:\/\/boardgeneration.ch\/#\/schema\/person\/image\/\",\"url\":\"https:\/\/boardgeneration.ch\/wp-content\/uploads\/2019\/10\/Pile-of-letters-96x96.jpg\",\"contentUrl\":\"https:\/\/boardgeneration.ch\/wp-content\/uploads\/2019\/10\/Pile-of-letters-96x96.jpg\",\"caption\":\"Pressedienst\"},\"url\":\"https:\/\/boardgeneration.ch\/fr\/author\/pressedienst\/\"}]}<\/script>\n<!-- \/ Yoast SEO plugin. -->","yoast_head_json":{"title":"8. Zillertal V\u00c4LLEY R\u00c4LLEY: ANGEPASSTER TERMINKALENDER - Board Generation","robots":{"index":"index","follow":"follow","max-snippet":"max-snippet:-1","max-image-preview":"max-image-preview:large","max-video-preview":"max-video-preview:-1"},"canonical":"https:\/\/boardgeneration.ch\/fr\/8-zillertal-vaelley-raelley-angepasster-terminkalender\/","og_locale":"fr_FR","og_type":"article","og_title":"8. Zillertal V\u00c4LLEY R\u00c4LLEY: ANGEPASSTER TERMINKALENDER - Board Generation","og_description":"Erster Tourstopp jetzt ENDE FEBRUAR 2021 in MAYRHOFEN. Der Saisonstart der 8. Zillertal V\u00c4LLEY R\u00c4LLEY hosted by Blue Tomato und Ride Snowboards wird nun auf Ende Februar verschoben. Unter der Federf\u00fchrung des Snowboardclubs \u201eDie \u00c4sthetiker\u201c vereint die V\u00c4LLEY R\u00c4LLEY vier Snowboard Events f\u00fcr Nachwuchssportler unter dem Dach des Zillertals. Alle Tourstopps werden jeweils mit einem [&hellip;]","og_url":"https:\/\/boardgeneration.ch\/fr\/8-zillertal-vaelley-raelley-angepasster-terminkalender\/","og_site_name":"Board Generation","article_publisher":"https:\/\/www.facebook.com\/boardgeneration.ch","article_published_time":"2021-01-11T21:14:01+00:00","article_modified_time":"2021-01-11T21:14:19+00:00","og_image":[{"width":1600,"height":1067,"url":"https:\/\/boardgeneration.ch\/wp-content\/uploads\/2020\/03\/20-03-01_zvr_Penken_Park_Contest__Moritz-Breu__by_Gustav_Hersmann_0128_lowres.jpg","type":"image\/jpeg"}],"author":"Pressedienst","twitter_card":"summary_large_image","twitter_creator":"@boardgen","twitter_site":"@boardgen","twitter_misc":{"\u00c9crit par":"Pressedienst","Dur\u00e9e de lecture estim\u00e9e":"2 minutes"},"schema":{"@context":"https:\/\/schema.org","@graph":[{"@type":"Article","@id":"https:\/\/boardgeneration.ch\/en\/8-zillertal-vaelley-raelley-angepasster-terminkalender\/#article","isPartOf":{"@id":"https:\/\/boardgeneration.ch\/en\/8-zillertal-vaelley-raelley-angepasster-terminkalender\/"},"author":{"name":"Pressedienst","@id":"https:\/\/boardgeneration.ch\/#\/schema\/person\/4727ac7b918c1fd9879a564a16734f2c"},"headline":"8. Zillertal V\u00c4LLEY R\u00c4LLEY: ANGEPASSTER TERMINKALENDER","datePublished":"2021-01-11T21:14:01+00:00","dateModified":"2021-01-11T21:14:19+00:00","mainEntityOfPage":{"@id":"https:\/\/boardgeneration.ch\/en\/8-zillertal-vaelley-raelley-angepasster-terminkalender\/"},"wordCount":471,"commentCount":0,"publisher":{"@id":"https:\/\/boardgeneration.ch\/#organization"},"image":{"@id":"https:\/\/boardgeneration.ch\/en\/8-zillertal-vaelley-raelley-angepasster-terminkalender\/#primaryimage"},"thumbnailUrl":"https:\/\/boardgeneration.ch\/wp-content\/uploads\/2020\/03\/20-03-01_zvr_Penken_Park_Contest__Moritz-Breu__by_Gustav_Hersmann_0128_lowres.jpg","keywords":["Betterpark","Coaching","Contest","Featured","Hintertux","Slopestyle","Snowboard","Zillertal"],"articleSection":["event"],"inLanguage":"fr-FR","potentialAction":[{"@type":"CommentAction","name":"Comment","target":["https:\/\/boardgeneration.ch\/en\/8-zillertal-vaelley-raelley-angepasster-terminkalender\/#respond"]}]},{"@type":"WebPage","@id":"https:\/\/boardgeneration.ch\/en\/8-zillertal-vaelley-raelley-angepasster-terminkalender\/","url":"https:\/\/boardgeneration.ch\/en\/8-zillertal-vaelley-raelley-angepasster-terminkalender\/","name":"8. Zillertal V\u00c4LLEY R\u00c4LLEY: ANGEPASSTER TERMINKALENDER - Board Generation","isPartOf":{"@id":"https:\/\/boardgeneration.ch\/#website"},"primaryImageOfPage":{"@id":"https:\/\/boardgeneration.ch\/en\/8-zillertal-vaelley-raelley-angepasster-terminkalender\/#primaryimage"},"image":{"@id":"https:\/\/boardgeneration.ch\/en\/8-zillertal-vaelley-raelley-angepasster-terminkalender\/#primaryimage"},"thumbnailUrl":"https:\/\/boardgeneration.ch\/wp-content\/uploads\/2020\/03\/20-03-01_zvr_Penken_Park_Contest__Moritz-Breu__by_Gustav_Hersmann_0128_lowres.jpg","datePublished":"2021-01-11T21:14:01+00:00","dateModified":"2021-01-11T21:14:19+00:00","breadcrumb":{"@id":"https:\/\/boardgeneration.ch\/en\/8-zillertal-vaelley-raelley-angepasster-terminkalender\/#breadcrumb"},"inLanguage":"fr-FR","potentialAction":[{"@type":"ReadAction","target":["https:\/\/boardgeneration.ch\/en\/8-zillertal-vaelley-raelley-angepasster-terminkalender\/"]}]},{"@type":"ImageObject","inLanguage":"fr-FR","@id":"https:\/\/boardgeneration.ch\/en\/8-zillertal-vaelley-raelley-angepasster-terminkalender\/#primaryimage","url":"https:\/\/boardgeneration.ch\/wp-content\/uploads\/2020\/03\/20-03-01_zvr_Penken_Park_Contest__Moritz-Breu__by_Gustav_Hersmann_0128_lowres.jpg","contentUrl":"https:\/\/boardgeneration.ch\/wp-content\/uploads\/2020\/03\/20-03-01_zvr_Penken_Park_Contest__Moritz-Breu__by_Gustav_Hersmann_0128_lowres.jpg","width":1600,"height":1067,"caption":"Penken Park Contest. Rider: Moritz Breu"},{"@type":"BreadcrumbList","@id":"https:\/\/boardgeneration.ch\/en\/8-zillertal-vaelley-raelley-angepasster-terminkalender\/#breadcrumb","itemListElement":[{"@type":"ListItem","position":1,"name":"Startseite","item":"https:\/\/boardgeneration.ch\/"},{"@type":"ListItem","position":2,"name":"8. Zillertal V\u00c4LLEY R\u00c4LLEY: ANGEPASSTER TERMINKALENDER"}]},{"@type":"WebSite","@id":"https:\/\/boardgeneration.ch\/#website","url":"https:\/\/boardgeneration.ch\/","name":"g\u00e9n\u00e9ration de conseils","description":"Retour aux sources","publisher":{"@id":"https:\/\/boardgeneration.ch\/#organization"},"potentialAction":[{"@type":"SearchAction","target":{"@type":"EntryPoint","urlTemplate":"https:\/\/boardgeneration.ch\/?s={search_term_string}"},"query-input":{"@type":"PropertyValueSpecification","valueRequired":true,"valueName":"search_term_string"}}],"inLanguage":"fr-FR"},{"@type":"Organization","@id":"https:\/\/boardgeneration.ch\/#organization","name":"g\u00e9n\u00e9ration de conseils","url":"https:\/\/boardgeneration.ch\/","logo":{"@type":"ImageObject","inLanguage":"fr-FR","@id":"https:\/\/boardgeneration.ch\/#\/schema\/logo\/image\/","url":"https:\/\/boardgeneration.ch\/wp-content\/uploads\/2019\/01\/bg-logo_mit_Text.png","contentUrl":"https:\/\/boardgeneration.ch\/wp-content\/uploads\/2019\/01\/bg-logo_mit_Text.png","width":1040,"height":1155,"caption":"board generation"},"image":{"@id":"https:\/\/boardgeneration.ch\/#\/schema\/logo\/image\/"},"sameAs":["https:\/\/www.facebook.com\/boardgeneration.ch","https:\/\/x.com\/boardgen","https:\/\/www.instagram.com\/boardgen\/"]},{"@type":"Person","@id":"https:\/\/boardgeneration.ch\/#\/schema\/person\/4727ac7b918c1fd9879a564a16734f2c","name":"Service de presse","image":{"@type":"ImageObject","inLanguage":"fr-FR","@id":"https:\/\/boardgeneration.ch\/#\/schema\/person\/image\/","url":"https:\/\/boardgeneration.ch\/wp-content\/uploads\/2019\/10\/Pile-of-letters-96x96.jpg","contentUrl":"https:\/\/boardgeneration.ch\/wp-content\/uploads\/2019\/10\/Pile-of-letters-96x96.jpg","caption":"Pressedienst"},"url":"https:\/\/boardgeneration.ch\/fr\/author\/pressedienst\/"}]}},"jetpack_featured_media_url":"https:\/\/boardgeneration.ch\/wp-content\/uploads\/2020\/03\/20-03-01_zvr_Penken_Park_Contest__Moritz-Breu__by_Gustav_Hersmann_0128_lowres.jpg","jetpack_sharing_enabled":true,"amp_enabled":true,"_links":{"self":[{"href":"https:\/\/boardgeneration.ch\/fr\/wp-json\/wp\/v2\/posts\/4374","targetHints":{"allow":["GET"]}}],"collection":[{"href":"https:\/\/boardgeneration.ch\/fr\/wp-json\/wp\/v2\/posts"}],"about":[{"href":"https:\/\/boardgeneration.ch\/fr\/wp-json\/wp\/v2\/types\/post"}],"author":[{"embeddable":true,"href":"https:\/\/boardgeneration.ch\/fr\/wp-json\/wp\/v2\/users\/3"}],"replies":[{"embeddable":true,"href":"https:\/\/boardgeneration.ch\/fr\/wp-json\/wp\/v2\/comments?post=4374"}],"version-history":[{"count":1,"href":"https:\/\/boardgeneration.ch\/fr\/wp-json\/wp\/v2\/posts\/4374\/revisions"}],"predecessor-version":[{"id":4376,"href":"https:\/\/boardgeneration.ch\/fr\/wp-json\/wp\/v2\/posts\/4374\/revisions\/4376"}],"wp:featuredmedia":[{"embeddable":true,"href":"https:\/\/boardgeneration.ch\/fr\/wp-json\/wp\/v2\/media\/2214"}],"wp:attachment":[{"href":"https:\/\/boardgeneration.ch\/fr\/wp-json\/wp\/v2\/media?parent=4374"}],"wp:term":[{"taxonomy":"category","embeddable":true,"href":"https:\/\/boardgeneration.ch\/fr\/wp-json\/wp\/v2\/categories?post=4374"},{"taxonomy":"post_tag","embeddable":true,"href":"https:\/\/boardgeneration.ch\/fr\/wp-json\/wp\/v2\/tags?post=4374"}],"curies":[{"name":"wp","href":"https:\/\/api.w.org\/{rel}","templated":true}]}}