{"id":4508,"date":"2021-03-08T22:27:44","date_gmt":"2021-03-08T21:27:44","guid":{"rendered":"https:\/\/boardgeneration.ch\/?p=4508"},"modified":"2021-03-08T22:28:04","modified_gmt":"2021-03-08T21:28:04","slug":"slopestyle-weltcup-finals-neu-im-corvatsch-park-in-silvaplana","status":"publish","type":"post","link":"https:\/\/boardgeneration.ch\/fr\/slopestyle-weltcup-finals-neu-im-corvatsch-park-in-silvaplana\/","title":{"rendered":"Les finales de la Coupe du monde de ski alpin sont nouvelles au parc Corvatsch \u00e0 Silvaplana"},"content":{"rendered":"<span class=\"span-reading-time rt-reading-time\" style=\"display: block;\"><span class=\"rt-label rt-prefix\">Le temps de la lecture : <\/span> <span class=\"rt-time\"> 2<\/span> <span class=\"rt-label rt-postfix\">proc\u00e8s-verbal<\/span><\/span>\n<p>Corvatsch AG a le plaisir d'accueillir les finales de la Coupe du monde FIS de snowboard Slopestyle les 27 et 28 mars 2021, en plus de la 8e \u00e9dition du Freeski (26\/27 mars 2021). Corvatsch remplace \u00e0 court terme le Tch\u00e8que Spindleruv Mlyn, qui a d\u00fb se retirer de l'organisation de l'\u00e9v\u00e9nement en raison de la situation de Covid-19 dans ce pays.<\/p>\n\n\n\n<figure class=\"wp-block-image size-large\"><img loading=\"lazy\" decoding=\"async\" width=\"1024\" height=\"683\" data-attachment-id=\"4507\" data-permalink=\"https:\/\/boardgeneration.ch\/fr\/2020_corvatsch_progressiondays_byfabiangattlen_p1120936\/\" data-orig-file=\"https:\/\/boardgeneration.ch\/wp-content\/uploads\/2021\/03\/2020_Corvatsch_ProgressionDays_byFabianGattlen_P1120936.jpg\" data-orig-size=\"1500,1000\" data-comments-opened=\"1\" data-image-meta=\"{&quot;aperture&quot;:&quot;8&quot;,&quot;credit&quot;:&quot;&quot;,&quot;camera&quot;:&quot;DC-S1H&quot;,&quot;caption&quot;:&quot;&quot;,&quot;created_timestamp&quot;:&quot;1608458182&quot;,&quot;copyright&quot;:&quot;&quot;,&quot;focal_length&quot;:&quot;104&quot;,&quot;iso&quot;:&quot;125&quot;,&quot;shutter_speed&quot;:&quot;0.0008&quot;,&quot;title&quot;:&quot;&quot;,&quot;orientation&quot;:&quot;1&quot;}\" data-image-title=\"2020_Corvatsch_ProgressionDays_byFabianGattlen_P1120936\" data-image-description=\"\" data-image-caption=\"\" data-medium-file=\"https:\/\/boardgeneration.ch\/wp-content\/uploads\/2021\/03\/2020_Corvatsch_ProgressionDays_byFabianGattlen_P1120936-300x200.jpg\" data-large-file=\"https:\/\/boardgeneration.ch\/wp-content\/uploads\/2021\/03\/2020_Corvatsch_ProgressionDays_byFabianGattlen_P1120936-1024x683.jpg\" src=\"https:\/\/boardgeneration.ch\/wp-content\/uploads\/2021\/03\/2020_Corvatsch_ProgressionDays_byFabianGattlen_P1120936-1024x683.jpg\" alt=\"\" class=\"wp-image-4507\" srcset=\"https:\/\/boardgeneration.ch\/wp-content\/uploads\/2021\/03\/2020_Corvatsch_ProgressionDays_byFabianGattlen_P1120936-1024x683.jpg 1024w, https:\/\/boardgeneration.ch\/wp-content\/uploads\/2021\/03\/2020_Corvatsch_ProgressionDays_byFabianGattlen_P1120936-300x200.jpg 300w, https:\/\/boardgeneration.ch\/wp-content\/uploads\/2021\/03\/2020_Corvatsch_ProgressionDays_byFabianGattlen_P1120936-768x512.jpg 768w, https:\/\/boardgeneration.ch\/wp-content\/uploads\/2021\/03\/2020_Corvatsch_ProgressionDays_byFabianGattlen_P1120936-16x12.jpg 16w, https:\/\/boardgeneration.ch\/wp-content\/uploads\/2021\/03\/2020_Corvatsch_ProgressionDays_byFabianGattlen_P1120936.jpg 1500w\" sizes=\"auto, (max-width: 1024px) 100vw, 1024px\" \/><figcaption><span class=\"media-credit\">\u00a9 Fabian Gattlen<\/span><\/figcaption><\/figure>\n\n\n\n<p>La saison d'hiver 2020\/2021 sera diff\u00e9rente de la normale, avec beaucoup moins de concours. La nouvelle que le snowboard compl\u00e8te le programme officiel du Corvatsch est d'autant plus r\u00e9jouissante. Apr\u00e8s une seule Coupe du monde de Slopestyle, les snowboarders commencent maintenant les Championnats du monde FIS de Freestyle (USA) et viennent au Corvatsch Park \u00e0 la fin du mois. Certains d'entre eux en tant que champions du monde.<\/p>\n\n\n\n<figure class=\"wp-block-image size-large\"><img loading=\"lazy\" decoding=\"async\" width=\"1024\" height=\"683\" data-attachment-id=\"4506\" data-permalink=\"https:\/\/boardgeneration.ch\/fr\/2020_corvatsch_progressiondays_byfabiangattlen_p1120792\/\" data-orig-file=\"https:\/\/boardgeneration.ch\/wp-content\/uploads\/2021\/03\/2020_Corvatsch_ProgressionDays_byFabianGattlen_P1120792.jpg\" data-orig-size=\"1500,1000\" data-comments-opened=\"1\" data-image-meta=\"{&quot;aperture&quot;:&quot;8&quot;,&quot;credit&quot;:&quot;&quot;,&quot;camera&quot;:&quot;DC-S1H&quot;,&quot;caption&quot;:&quot;&quot;,&quot;created_timestamp&quot;:&quot;1608457798&quot;,&quot;copyright&quot;:&quot;&quot;,&quot;focal_length&quot;:&quot;200&quot;,&quot;iso&quot;:&quot;125&quot;,&quot;shutter_speed&quot;:&quot;0.0008&quot;,&quot;title&quot;:&quot;&quot;,&quot;orientation&quot;:&quot;1&quot;}\" data-image-title=\"2020_Corvatsch_ProgressionDays_byFabianGattlen_P1120792\" data-image-description=\"\" data-image-caption=\"\" data-medium-file=\"https:\/\/boardgeneration.ch\/wp-content\/uploads\/2021\/03\/2020_Corvatsch_ProgressionDays_byFabianGattlen_P1120792-300x200.jpg\" data-large-file=\"https:\/\/boardgeneration.ch\/wp-content\/uploads\/2021\/03\/2020_Corvatsch_ProgressionDays_byFabianGattlen_P1120792-1024x683.jpg\" src=\"https:\/\/boardgeneration.ch\/wp-content\/uploads\/2021\/03\/2020_Corvatsch_ProgressionDays_byFabianGattlen_P1120792-1024x683.jpg\" alt=\"\" class=\"wp-image-4506\" srcset=\"https:\/\/boardgeneration.ch\/wp-content\/uploads\/2021\/03\/2020_Corvatsch_ProgressionDays_byFabianGattlen_P1120792-1024x683.jpg 1024w, https:\/\/boardgeneration.ch\/wp-content\/uploads\/2021\/03\/2020_Corvatsch_ProgressionDays_byFabianGattlen_P1120792-300x200.jpg 300w, https:\/\/boardgeneration.ch\/wp-content\/uploads\/2021\/03\/2020_Corvatsch_ProgressionDays_byFabianGattlen_P1120792-768x512.jpg 768w, https:\/\/boardgeneration.ch\/wp-content\/uploads\/2021\/03\/2020_Corvatsch_ProgressionDays_byFabianGattlen_P1120792-16x12.jpg 16w, https:\/\/boardgeneration.ch\/wp-content\/uploads\/2021\/03\/2020_Corvatsch_ProgressionDays_byFabianGattlen_P1120792.jpg 1500w\" sizes=\"auto, (max-width: 1024px) 100vw, 1024px\" \/><figcaption><span class=\"media-credit\">\u00a9 Fabian Gattlen<\/span><\/figcaption><\/figure>\n\n\n\n<p>Silvaplana a une histoire en tant que lieu de rencontre. La Coupe du monde de freeski a d\u00e9j\u00e0 lieu pour la 8e fois. L'expertise locale ainsi que l'am\u00e9nagement exceptionnel du parc font de Corvatsch l'endroit id\u00e9al pour les freestylers. L'infrastructure n\u00e9cessaire est disponible, l'\u00e9tape logique pour les organisateurs est d'ajouter le snowboard. Les coureurs sont \u00e9galement impatients de terminer leur saison de Coupe du monde \u00e0 Silvaplana.<\/p>\n\n\n\n<p>Covid-19 : L'organisateur h\u00f4te Corvatsch AG travaille en \u00e9troite collaboration avec les associations Swiss Ski et FIS pour un concept de protection qui va au-del\u00e0 des exigences cantonales. Ce protocole Covid-19 strict doit \u00eatre suivi dans tous les domaines afin de garantir un environnement s\u00fbr pour les athl\u00e8tes, le personnel et, d'une mani\u00e8re g\u00e9n\u00e9rale, pour toutes les personnes impliqu\u00e9es dans l'\u00e9v\u00e9nement. Dans le m\u00eame temps, la FIS veille \u00e0 ce que les \u00e9quipes et les entra\u00eeneurs restent dans leur \"bulle\" et se rendent directement des comp\u00e9titions \u00e0 l'\u00e9tranger \u00e0 Silvaplana\/St. L'\u00e9v\u00e9nement aura lieu sans public sur place, mais sera diffus\u00e9 en direct en ligne et \u00e0 la t\u00e9l\u00e9vision.<\/p>\n\n\n\n<p><strong>Promotion des championnats du monde de ski-freestyle et de snowboard en 2025<\/strong><br>Une autre nouvelle passionnante est la candidature de Saint-Moritz et de l'Engadine pour les championnats du monde de ski freestyle et de snowboard en 2025, pr\u00e9sent\u00e9e en m\u00eame temps que celle de Swiss Ski. D'ici juin, la FIS (F\u00e9d\u00e9ration internationale de ski) d\u00e9cidera qui recevra le feu vert. Soutenus par le canton, les chemins de fer de montagne de Haute-Engadine, avec les 12 communes, dont Silvaplana, et Engadin St. Moritz Tourism (ESTM AG) sont enthousiasm\u00e9s par la possibilit\u00e9 d'accueillir cet important \u00e9v\u00e9nement. La r\u00e9gion est tr\u00e8s engag\u00e9e dans le d\u00e9veloppement de ses activit\u00e9s et de ses offres pour les snowboarders et les skieurs freestyle dans les prochaines ann\u00e9es.<\/p>","protected":false},"excerpt":{"rendered":"<p>Die Corvatsch AG freut sich die FIS Snowboard Slopestyle Weltcup Finals am 27. und 28. M\u00e4rz 2021 zus\u00e4tzlich zur 8. Freeski Ausgabe (26.\/27. M\u00e4rz 2021) auszutragen. Corvatsch springt kurzfristig fu\u0308r das tschechische Spindleruv Mlyn ein, das sich aufgrund der dortigen Covid-19 Situation von der Durchfu\u0308hrung zuru\u0308ckziehen musste. Die Wintersaison 2020\/2021 gestaltet sich mit wesentlich weniger [&hellip;]<\/p>\n","protected":false},"author":3,"featured_media":4505,"comment_status":"open","ping_status":"open","sticky":false,"template":"","format":"standard","meta":{"_jetpack_memberships_contains_paid_content":false,"footnotes":""},"categories":[12],"tags":[11719,11723,11686,32182],"class_list":["post-4508","post","type-post","status-publish","format-standard","has-post-thumbnail","hentry","category-event","tag-event","tag-slopestyle","tag-snowboard","tag-snowboarder"],"yoast_head":"<!-- This site is optimized with the Yoast SEO plugin v26.8 - https:\/\/yoast.com\/product\/yoast-seo-wordpress\/ -->\n<title>Slopestyle Weltcup Finals neu im Corvatsch Park in Silvaplana - Board Generation<\/title>\n<meta name=\"robots\" content=\"index, follow, max-snippet:-1, max-image-preview:large, max-video-preview:-1\" \/>\n<link rel=\"canonical\" href=\"https:\/\/boardgeneration.ch\/fr\/slopestyle-weltcup-finals-neu-im-corvatsch-park-in-silvaplana\/\" \/>\n<meta property=\"og:locale\" content=\"fr_FR\" \/>\n<meta property=\"og:type\" content=\"article\" \/>\n<meta property=\"og:title\" content=\"Slopestyle Weltcup Finals neu im Corvatsch Park in Silvaplana - Board Generation\" \/>\n<meta property=\"og:description\" content=\"Die Corvatsch AG freut sich die FIS Snowboard Slopestyle Weltcup Finals am 27. und 28. M\u00e4rz 2021 zus\u00e4tzlich zur 8. Freeski Ausgabe (26.\/27. M\u00e4rz 2021) auszutragen. Corvatsch springt kurzfristig fu\u0308r das tschechische Spindleruv Mlyn ein, das sich aufgrund der dortigen Covid-19 Situation von der Durchfu\u0308hrung zuru\u0308ckziehen musste. Die Wintersaison 2020\/2021 gestaltet sich mit wesentlich weniger [&hellip;]\" \/>\n<meta property=\"og:url\" content=\"https:\/\/boardgeneration.ch\/fr\/slopestyle-weltcup-finals-neu-im-corvatsch-park-in-silvaplana\/\" \/>\n<meta property=\"og:site_name\" content=\"Board Generation\" \/>\n<meta property=\"article:publisher\" content=\"https:\/\/www.facebook.com\/boardgeneration.ch\" \/>\n<meta property=\"article:published_time\" content=\"2021-03-08T21:27:44+00:00\" \/>\n<meta property=\"article:modified_time\" content=\"2021-03-08T21:28:04+00:00\" \/>\n<meta property=\"og:image\" content=\"https:\/\/boardgeneration.ch\/wp-content\/uploads\/2021\/03\/2019_Corvatsch_Slopestyle-Course_byFilipZuan.jpg\" \/>\n\t<meta property=\"og:image:width\" content=\"1100\" \/>\n\t<meta property=\"og:image:height\" content=\"733\" \/>\n\t<meta property=\"og:image:type\" content=\"image\/jpeg\" \/>\n<meta name=\"author\" content=\"Pressedienst\" \/>\n<meta name=\"twitter:card\" content=\"summary_large_image\" \/>\n<meta name=\"twitter:creator\" content=\"@boardgen\" \/>\n<meta name=\"twitter:site\" content=\"@boardgen\" \/>\n<meta name=\"twitter:label1\" content=\"\u00c9crit par\" \/>\n\t<meta name=\"twitter:data1\" content=\"Pressedienst\" \/>\n\t<meta name=\"twitter:label2\" content=\"Dur\u00e9e de lecture estim\u00e9e\" \/>\n\t<meta name=\"twitter:data2\" content=\"2 minutes\" \/>\n<script type=\"application\/ld+json\" class=\"yoast-schema-graph\">{\"@context\":\"https:\/\/schema.org\",\"@graph\":[{\"@type\":\"Article\",\"@id\":\"https:\/\/boardgeneration.ch\/en\/slopestyle-weltcup-finals-neu-im-corvatsch-park-in-silvaplana\/#article\",\"isPartOf\":{\"@id\":\"https:\/\/boardgeneration.ch\/en\/slopestyle-weltcup-finals-neu-im-corvatsch-park-in-silvaplana\/\"},\"author\":{\"name\":\"Pressedienst\",\"@id\":\"https:\/\/boardgeneration.ch\/#\/schema\/person\/4727ac7b918c1fd9879a564a16734f2c\"},\"headline\":\"Slopestyle Weltcup Finals neu im Corvatsch Park in Silvaplana\",\"datePublished\":\"2021-03-08T21:27:44+00:00\",\"dateModified\":\"2021-03-08T21:28:04+00:00\",\"mainEntityOfPage\":{\"@id\":\"https:\/\/boardgeneration.ch\/en\/slopestyle-weltcup-finals-neu-im-corvatsch-park-in-silvaplana\/\"},\"wordCount\":390,\"commentCount\":0,\"publisher\":{\"@id\":\"https:\/\/boardgeneration.ch\/#organization\"},\"image\":{\"@id\":\"https:\/\/boardgeneration.ch\/en\/slopestyle-weltcup-finals-neu-im-corvatsch-park-in-silvaplana\/#primaryimage\"},\"thumbnailUrl\":\"https:\/\/boardgeneration.ch\/wp-content\/uploads\/2021\/03\/2019_Corvatsch_Slopestyle-Course_byFilipZuan.jpg\",\"keywords\":[\"Event\",\"Slopestyle\",\"Snowboard\",\"Snowboarder\"],\"articleSection\":[\"event\"],\"inLanguage\":\"fr-FR\",\"potentialAction\":[{\"@type\":\"CommentAction\",\"name\":\"Comment\",\"target\":[\"https:\/\/boardgeneration.ch\/en\/slopestyle-weltcup-finals-neu-im-corvatsch-park-in-silvaplana\/#respond\"]}]},{\"@type\":\"WebPage\",\"@id\":\"https:\/\/boardgeneration.ch\/en\/slopestyle-weltcup-finals-neu-im-corvatsch-park-in-silvaplana\/\",\"url\":\"https:\/\/boardgeneration.ch\/en\/slopestyle-weltcup-finals-neu-im-corvatsch-park-in-silvaplana\/\",\"name\":\"Slopestyle Weltcup Finals neu im Corvatsch Park in Silvaplana - Board Generation\",\"isPartOf\":{\"@id\":\"https:\/\/boardgeneration.ch\/#website\"},\"primaryImageOfPage\":{\"@id\":\"https:\/\/boardgeneration.ch\/en\/slopestyle-weltcup-finals-neu-im-corvatsch-park-in-silvaplana\/#primaryimage\"},\"image\":{\"@id\":\"https:\/\/boardgeneration.ch\/en\/slopestyle-weltcup-finals-neu-im-corvatsch-park-in-silvaplana\/#primaryimage\"},\"thumbnailUrl\":\"https:\/\/boardgeneration.ch\/wp-content\/uploads\/2021\/03\/2019_Corvatsch_Slopestyle-Course_byFilipZuan.jpg\",\"datePublished\":\"2021-03-08T21:27:44+00:00\",\"dateModified\":\"2021-03-08T21:28:04+00:00\",\"breadcrumb\":{\"@id\":\"https:\/\/boardgeneration.ch\/en\/slopestyle-weltcup-finals-neu-im-corvatsch-park-in-silvaplana\/#breadcrumb\"},\"inLanguage\":\"fr-FR\",\"potentialAction\":[{\"@type\":\"ReadAction\",\"target\":[\"https:\/\/boardgeneration.ch\/en\/slopestyle-weltcup-finals-neu-im-corvatsch-park-in-silvaplana\/\"]}]},{\"@type\":\"ImageObject\",\"inLanguage\":\"fr-FR\",\"@id\":\"https:\/\/boardgeneration.ch\/en\/slopestyle-weltcup-finals-neu-im-corvatsch-park-in-silvaplana\/#primaryimage\",\"url\":\"https:\/\/boardgeneration.ch\/wp-content\/uploads\/2021\/03\/2019_Corvatsch_Slopestyle-Course_byFilipZuan.jpg\",\"contentUrl\":\"https:\/\/boardgeneration.ch\/wp-content\/uploads\/2021\/03\/2019_Corvatsch_Slopestyle-Course_byFilipZuan.jpg\",\"width\":1100,\"height\":733},{\"@type\":\"BreadcrumbList\",\"@id\":\"https:\/\/boardgeneration.ch\/en\/slopestyle-weltcup-finals-neu-im-corvatsch-park-in-silvaplana\/#breadcrumb\",\"itemListElement\":[{\"@type\":\"ListItem\",\"position\":1,\"name\":\"Startseite\",\"item\":\"https:\/\/boardgeneration.ch\/\"},{\"@type\":\"ListItem\",\"position\":2,\"name\":\"Slopestyle Weltcup Finals neu im Corvatsch Park in Silvaplana\"}]},{\"@type\":\"WebSite\",\"@id\":\"https:\/\/boardgeneration.ch\/#website\",\"url\":\"https:\/\/boardgeneration.ch\/\",\"name\":\"board generation\",\"description\":\"Back to the Roots\",\"publisher\":{\"@id\":\"https:\/\/boardgeneration.ch\/#organization\"},\"potentialAction\":[{\"@type\":\"SearchAction\",\"target\":{\"@type\":\"EntryPoint\",\"urlTemplate\":\"https:\/\/boardgeneration.ch\/?s={search_term_string}\"},\"query-input\":{\"@type\":\"PropertyValueSpecification\",\"valueRequired\":true,\"valueName\":\"search_term_string\"}}],\"inLanguage\":\"fr-FR\"},{\"@type\":\"Organization\",\"@id\":\"https:\/\/boardgeneration.ch\/#organization\",\"name\":\"board generation\",\"url\":\"https:\/\/boardgeneration.ch\/\",\"logo\":{\"@type\":\"ImageObject\",\"inLanguage\":\"fr-FR\",\"@id\":\"https:\/\/boardgeneration.ch\/#\/schema\/logo\/image\/\",\"url\":\"https:\/\/boardgeneration.ch\/wp-content\/uploads\/2019\/01\/bg-logo_mit_Text.png\",\"contentUrl\":\"https:\/\/boardgeneration.ch\/wp-content\/uploads\/2019\/01\/bg-logo_mit_Text.png\",\"width\":1040,\"height\":1155,\"caption\":\"board generation\"},\"image\":{\"@id\":\"https:\/\/boardgeneration.ch\/#\/schema\/logo\/image\/\"},\"sameAs\":[\"https:\/\/www.facebook.com\/boardgeneration.ch\",\"https:\/\/x.com\/boardgen\",\"https:\/\/www.instagram.com\/boardgen\/\"]},{\"@type\":\"Person\",\"@id\":\"https:\/\/boardgeneration.ch\/#\/schema\/person\/4727ac7b918c1fd9879a564a16734f2c\",\"name\":\"Pressedienst\",\"image\":{\"@type\":\"ImageObject\",\"inLanguage\":\"fr-FR\",\"@id\":\"https:\/\/boardgeneration.ch\/#\/schema\/person\/image\/\",\"url\":\"https:\/\/boardgeneration.ch\/wp-content\/uploads\/2019\/10\/Pile-of-letters-96x96.jpg\",\"contentUrl\":\"https:\/\/boardgeneration.ch\/wp-content\/uploads\/2019\/10\/Pile-of-letters-96x96.jpg\",\"caption\":\"Pressedienst\"},\"url\":\"https:\/\/boardgeneration.ch\/fr\/author\/pressedienst\/\"}]}<\/script>\n<!-- \/ Yoast SEO plugin. -->","yoast_head_json":{"title":"Slopestyle Weltcup Finals neu im Corvatsch Park in Silvaplana - Board Generation","robots":{"index":"index","follow":"follow","max-snippet":"max-snippet:-1","max-image-preview":"max-image-preview:large","max-video-preview":"max-video-preview:-1"},"canonical":"https:\/\/boardgeneration.ch\/fr\/slopestyle-weltcup-finals-neu-im-corvatsch-park-in-silvaplana\/","og_locale":"fr_FR","og_type":"article","og_title":"Slopestyle Weltcup Finals neu im Corvatsch Park in Silvaplana - Board Generation","og_description":"Die Corvatsch AG freut sich die FIS Snowboard Slopestyle Weltcup Finals am 27. und 28. M\u00e4rz 2021 zus\u00e4tzlich zur 8. Freeski Ausgabe (26.\/27. M\u00e4rz 2021) auszutragen. Corvatsch springt kurzfristig fu\u0308r das tschechische Spindleruv Mlyn ein, das sich aufgrund der dortigen Covid-19 Situation von der Durchfu\u0308hrung zuru\u0308ckziehen musste. Die Wintersaison 2020\/2021 gestaltet sich mit wesentlich weniger [&hellip;]","og_url":"https:\/\/boardgeneration.ch\/fr\/slopestyle-weltcup-finals-neu-im-corvatsch-park-in-silvaplana\/","og_site_name":"Board Generation","article_publisher":"https:\/\/www.facebook.com\/boardgeneration.ch","article_published_time":"2021-03-08T21:27:44+00:00","article_modified_time":"2021-03-08T21:28:04+00:00","og_image":[{"width":1100,"height":733,"url":"https:\/\/boardgeneration.ch\/wp-content\/uploads\/2021\/03\/2019_Corvatsch_Slopestyle-Course_byFilipZuan.jpg","type":"image\/jpeg"}],"author":"Pressedienst","twitter_card":"summary_large_image","twitter_creator":"@boardgen","twitter_site":"@boardgen","twitter_misc":{"\u00c9crit par":"Pressedienst","Dur\u00e9e de lecture estim\u00e9e":"2 minutes"},"schema":{"@context":"https:\/\/schema.org","@graph":[{"@type":"Article","@id":"https:\/\/boardgeneration.ch\/en\/slopestyle-weltcup-finals-neu-im-corvatsch-park-in-silvaplana\/#article","isPartOf":{"@id":"https:\/\/boardgeneration.ch\/en\/slopestyle-weltcup-finals-neu-im-corvatsch-park-in-silvaplana\/"},"author":{"name":"Pressedienst","@id":"https:\/\/boardgeneration.ch\/#\/schema\/person\/4727ac7b918c1fd9879a564a16734f2c"},"headline":"Slopestyle Weltcup Finals neu im Corvatsch Park in Silvaplana","datePublished":"2021-03-08T21:27:44+00:00","dateModified":"2021-03-08T21:28:04+00:00","mainEntityOfPage":{"@id":"https:\/\/boardgeneration.ch\/en\/slopestyle-weltcup-finals-neu-im-corvatsch-park-in-silvaplana\/"},"wordCount":390,"commentCount":0,"publisher":{"@id":"https:\/\/boardgeneration.ch\/#organization"},"image":{"@id":"https:\/\/boardgeneration.ch\/en\/slopestyle-weltcup-finals-neu-im-corvatsch-park-in-silvaplana\/#primaryimage"},"thumbnailUrl":"https:\/\/boardgeneration.ch\/wp-content\/uploads\/2021\/03\/2019_Corvatsch_Slopestyle-Course_byFilipZuan.jpg","keywords":["Event","Slopestyle","Snowboard","Snowboarder"],"articleSection":["event"],"inLanguage":"fr-FR","potentialAction":[{"@type":"CommentAction","name":"Comment","target":["https:\/\/boardgeneration.ch\/en\/slopestyle-weltcup-finals-neu-im-corvatsch-park-in-silvaplana\/#respond"]}]},{"@type":"WebPage","@id":"https:\/\/boardgeneration.ch\/en\/slopestyle-weltcup-finals-neu-im-corvatsch-park-in-silvaplana\/","url":"https:\/\/boardgeneration.ch\/en\/slopestyle-weltcup-finals-neu-im-corvatsch-park-in-silvaplana\/","name":"Slopestyle Weltcup Finals neu im Corvatsch Park in Silvaplana - Board Generation","isPartOf":{"@id":"https:\/\/boardgeneration.ch\/#website"},"primaryImageOfPage":{"@id":"https:\/\/boardgeneration.ch\/en\/slopestyle-weltcup-finals-neu-im-corvatsch-park-in-silvaplana\/#primaryimage"},"image":{"@id":"https:\/\/boardgeneration.ch\/en\/slopestyle-weltcup-finals-neu-im-corvatsch-park-in-silvaplana\/#primaryimage"},"thumbnailUrl":"https:\/\/boardgeneration.ch\/wp-content\/uploads\/2021\/03\/2019_Corvatsch_Slopestyle-Course_byFilipZuan.jpg","datePublished":"2021-03-08T21:27:44+00:00","dateModified":"2021-03-08T21:28:04+00:00","breadcrumb":{"@id":"https:\/\/boardgeneration.ch\/en\/slopestyle-weltcup-finals-neu-im-corvatsch-park-in-silvaplana\/#breadcrumb"},"inLanguage":"fr-FR","potentialAction":[{"@type":"ReadAction","target":["https:\/\/boardgeneration.ch\/en\/slopestyle-weltcup-finals-neu-im-corvatsch-park-in-silvaplana\/"]}]},{"@type":"ImageObject","inLanguage":"fr-FR","@id":"https:\/\/boardgeneration.ch\/en\/slopestyle-weltcup-finals-neu-im-corvatsch-park-in-silvaplana\/#primaryimage","url":"https:\/\/boardgeneration.ch\/wp-content\/uploads\/2021\/03\/2019_Corvatsch_Slopestyle-Course_byFilipZuan.jpg","contentUrl":"https:\/\/boardgeneration.ch\/wp-content\/uploads\/2021\/03\/2019_Corvatsch_Slopestyle-Course_byFilipZuan.jpg","width":1100,"height":733},{"@type":"BreadcrumbList","@id":"https:\/\/boardgeneration.ch\/en\/slopestyle-weltcup-finals-neu-im-corvatsch-park-in-silvaplana\/#breadcrumb","itemListElement":[{"@type":"ListItem","position":1,"name":"Startseite","item":"https:\/\/boardgeneration.ch\/"},{"@type":"ListItem","position":2,"name":"Slopestyle Weltcup Finals neu im Corvatsch Park in Silvaplana"}]},{"@type":"WebSite","@id":"https:\/\/boardgeneration.ch\/#website","url":"https:\/\/boardgeneration.ch\/","name":"g\u00e9n\u00e9ration de conseils","description":"Retour aux sources","publisher":{"@id":"https:\/\/boardgeneration.ch\/#organization"},"potentialAction":[{"@type":"SearchAction","target":{"@type":"EntryPoint","urlTemplate":"https:\/\/boardgeneration.ch\/?s={search_term_string}"},"query-input":{"@type":"PropertyValueSpecification","valueRequired":true,"valueName":"search_term_string"}}],"inLanguage":"fr-FR"},{"@type":"Organization","@id":"https:\/\/boardgeneration.ch\/#organization","name":"g\u00e9n\u00e9ration de conseils","url":"https:\/\/boardgeneration.ch\/","logo":{"@type":"ImageObject","inLanguage":"fr-FR","@id":"https:\/\/boardgeneration.ch\/#\/schema\/logo\/image\/","url":"https:\/\/boardgeneration.ch\/wp-content\/uploads\/2019\/01\/bg-logo_mit_Text.png","contentUrl":"https:\/\/boardgeneration.ch\/wp-content\/uploads\/2019\/01\/bg-logo_mit_Text.png","width":1040,"height":1155,"caption":"board generation"},"image":{"@id":"https:\/\/boardgeneration.ch\/#\/schema\/logo\/image\/"},"sameAs":["https:\/\/www.facebook.com\/boardgeneration.ch","https:\/\/x.com\/boardgen","https:\/\/www.instagram.com\/boardgen\/"]},{"@type":"Person","@id":"https:\/\/boardgeneration.ch\/#\/schema\/person\/4727ac7b918c1fd9879a564a16734f2c","name":"Service de presse","image":{"@type":"ImageObject","inLanguage":"fr-FR","@id":"https:\/\/boardgeneration.ch\/#\/schema\/person\/image\/","url":"https:\/\/boardgeneration.ch\/wp-content\/uploads\/2019\/10\/Pile-of-letters-96x96.jpg","contentUrl":"https:\/\/boardgeneration.ch\/wp-content\/uploads\/2019\/10\/Pile-of-letters-96x96.jpg","caption":"Pressedienst"},"url":"https:\/\/boardgeneration.ch\/fr\/author\/pressedienst\/"}]}},"jetpack_featured_media_url":"https:\/\/boardgeneration.ch\/wp-content\/uploads\/2021\/03\/2019_Corvatsch_Slopestyle-Course_byFilipZuan.jpg","jetpack_sharing_enabled":true,"amp_enabled":true,"_links":{"self":[{"href":"https:\/\/boardgeneration.ch\/fr\/wp-json\/wp\/v2\/posts\/4508","targetHints":{"allow":["GET"]}}],"collection":[{"href":"https:\/\/boardgeneration.ch\/fr\/wp-json\/wp\/v2\/posts"}],"about":[{"href":"https:\/\/boardgeneration.ch\/fr\/wp-json\/wp\/v2\/types\/post"}],"author":[{"embeddable":true,"href":"https:\/\/boardgeneration.ch\/fr\/wp-json\/wp\/v2\/users\/3"}],"replies":[{"embeddable":true,"href":"https:\/\/boardgeneration.ch\/fr\/wp-json\/wp\/v2\/comments?post=4508"}],"version-history":[{"count":1,"href":"https:\/\/boardgeneration.ch\/fr\/wp-json\/wp\/v2\/posts\/4508\/revisions"}],"predecessor-version":[{"id":4509,"href":"https:\/\/boardgeneration.ch\/fr\/wp-json\/wp\/v2\/posts\/4508\/revisions\/4509"}],"wp:featuredmedia":[{"embeddable":true,"href":"https:\/\/boardgeneration.ch\/fr\/wp-json\/wp\/v2\/media\/4505"}],"wp:attachment":[{"href":"https:\/\/boardgeneration.ch\/fr\/wp-json\/wp\/v2\/media?parent=4508"}],"wp:term":[{"taxonomy":"category","embeddable":true,"href":"https:\/\/boardgeneration.ch\/fr\/wp-json\/wp\/v2\/categories?post=4508"},{"taxonomy":"post_tag","embeddable":true,"href":"https:\/\/boardgeneration.ch\/fr\/wp-json\/wp\/v2\/tags?post=4508"}],"curies":[{"name":"wp","href":"https:\/\/api.w.org\/{rel}","templated":true}]}}