{"id":4570,"date":"2021-03-23T22:29:32","date_gmt":"2021-03-23T21:29:32","guid":{"rendered":"https:\/\/boardgeneration.ch\/?p=4570"},"modified":"2021-03-23T22:43:47","modified_gmt":"2021-03-23T21:43:47","slug":"audi-nines-premiere-in-der-schweiz","status":"publish","type":"post","link":"https:\/\/boardgeneration.ch\/fr\/audi-nines-premiere-in-der-schweiz\/","title":{"rendered":"Audi Nines : Premi\u00e8re en Suisse !"},"content":{"rendered":"<span class=\"span-reading-time rt-reading-time\" style=\"display: block;\"><span class=\"rt-label rt-prefix\">Le temps de la lecture : <\/span> <span class=\"rt-time\"> 2<\/span> <span class=\"rt-label rt-postfix\">proc\u00e8s-verbal<\/span><\/span>\n<p><strong>C'est reparti ! Dans deux semaines, une \u00e9dition sp\u00e9ciale de l'Audi Nines pr\u00e9sent\u00e9e par Falken fera ses d\u00e9buts.<\/strong> <strong>dans un tout nouvel endroit. Et avec cette configuration et ce peloton de coureurs, il n'y a qu'une seule devise : Attachez votre ceinture !<\/strong><\/p>\n\n\n\n<figure class=\"wp-block-embed is-type-video is-provider-youtube wp-block-embed-youtube wp-embed-aspect-16-9 wp-has-aspect-ratio\"><div class=\"wp-block-embed__wrapper\">\n<iframe loading=\"lazy\" title=\"La session est ouverte ! - Audi Nines&#039;21\" width=\"740\" height=\"416\" src=\"https:\/\/www.youtube.com\/embed\/1RpAndT4DZ4?feature=oembed\" frameborder=\"0\" allow=\"accelerometer; autoplay; clipboard-write; encrypted-media; gyroscope; picture-in-picture\" allowfullscreen><\/iframe>\n<\/div><\/figure>\n\n\n\n<p>Du 7 au 10 avril 2021, les Audi Nines pr\u00e9sent\u00e9es par Falken se d\u00e9rouleront pour la premi\u00e8re fois dans les Alpes suisses et seront accueillies par la station d'hiver de Crans-Montana en Valais. En raison des restrictions li\u00e9es au virus Corona, l'\u00e9v\u00e9nement sera plus modeste et moins de coureurs y participeront que les ann\u00e9es pr\u00e9c\u00e9dentes. N\u00e9anmoins, l'Audi Nines 2021 promet d'\u00eatre un spectacle m\u00e9morable gr\u00e2ce \u00e0 une \u00e9quipe de haut niveau compos\u00e9e d'athl\u00e8tes internationaux de haut niveau et \u00e0 l'une des conceptions de snowpark les plus ambitieuses jamais r\u00e9alis\u00e9es.<\/p>\n\n\n\n<figure class=\"wp-block-image size-large\"><img loading=\"lazy\" decoding=\"async\" width=\"682\" height=\"1024\" data-attachment-id=\"4566\" data-permalink=\"https:\/\/boardgeneration.ch\/fr\/the-audi-nines-2019-day-1-2\/\" data-orig-file=\"https:\/\/boardgeneration.ch\/wp-content\/uploads\/2021\/03\/TAN19_Day1_SNB_Sebbe-de-Buck_KlausPolzer_Web13-scaled.jpg\" data-orig-size=\"1704,2560\" data-comments-opened=\"1\" data-image-meta=\"{&quot;aperture&quot;:&quot;10&quot;,&quot;credit&quot;:&quot;Klaus Polzer&quot;,&quot;camera&quot;:&quot;NIKON D4&quot;,&quot;caption&quot;:&quot;Sebbe de Buck&quot;,&quot;created_timestamp&quot;:&quot;1555943564&quot;,&quot;copyright&quot;:&quot;\\u00a9 Klaus Polzer \/ The Audi Nines&quot;,&quot;focal_length&quot;:&quot;420&quot;,&quot;iso&quot;:&quot;200&quot;,&quot;shutter_speed&quot;:&quot;0.000625&quot;,&quot;title&quot;:&quot;The Audi Nines 2019 \\u2013 Day 1&quot;,&quot;orientation&quot;:&quot;0&quot;}\" data-image-title=\"The Audi Nines 2019 \u2013 Day 1\" data-image-description=\"\" data-image-caption=\"&lt;p&gt;Sebbe de Buck&lt;\/p&gt;\" data-medium-file=\"https:\/\/boardgeneration.ch\/wp-content\/uploads\/2021\/03\/TAN19_Day1_SNB_Sebbe-de-Buck_KlausPolzer_Web13-200x300.jpg\" data-large-file=\"https:\/\/boardgeneration.ch\/wp-content\/uploads\/2021\/03\/TAN19_Day1_SNB_Sebbe-de-Buck_KlausPolzer_Web13-682x1024.jpg\" src=\"https:\/\/boardgeneration.ch\/wp-content\/uploads\/2021\/03\/TAN19_Day1_SNB_Sebbe-de-Buck_KlausPolzer_Web13-682x1024.jpg\" alt=\"\" class=\"wp-image-4566\" srcset=\"https:\/\/boardgeneration.ch\/wp-content\/uploads\/2021\/03\/TAN19_Day1_SNB_Sebbe-de-Buck_KlausPolzer_Web13-682x1024.jpg 682w, https:\/\/boardgeneration.ch\/wp-content\/uploads\/2021\/03\/TAN19_Day1_SNB_Sebbe-de-Buck_KlausPolzer_Web13-200x300.jpg 200w, https:\/\/boardgeneration.ch\/wp-content\/uploads\/2021\/03\/TAN19_Day1_SNB_Sebbe-de-Buck_KlausPolzer_Web13-768x1154.jpg 768w, https:\/\/boardgeneration.ch\/wp-content\/uploads\/2021\/03\/TAN19_Day1_SNB_Sebbe-de-Buck_KlausPolzer_Web13-1023x1536.jpg 1023w, https:\/\/boardgeneration.ch\/wp-content\/uploads\/2021\/03\/TAN19_Day1_SNB_Sebbe-de-Buck_KlausPolzer_Web13-1363x2048.jpg 1363w, https:\/\/boardgeneration.ch\/wp-content\/uploads\/2021\/03\/TAN19_Day1_SNB_Sebbe-de-Buck_KlausPolzer_Web13-8x12.jpg 8w, https:\/\/boardgeneration.ch\/wp-content\/uploads\/2021\/03\/TAN19_Day1_SNB_Sebbe-de-Buck_KlausPolzer_Web13-scaled.jpg 1704w\" sizes=\"auto, (max-width: 682px) 100vw, 682px\" \/><figcaption><span class=\"media-credit\">Klaus Polzer<\/span> Sebbe de Buck<\/figcaption><\/figure>\n\n\n\n<p>\"Nous sommes ravis et incroyablement reconnaissants de pouvoir accueillir cet \u00e9v\u00e9nement en ces temps difficiles\", a d\u00e9clar\u00e9 Nico Zacek, fondateur des Audi Nines. \"Pour nous, cette ann\u00e9e est plac\u00e9e sous le signe de la camaraderie, du plaisir et de la progression. Ce sera une session de printemps classique qui nous rappellera \u00e0 tous pourquoi nous aimons ce que nous faisons.\"<\/p>\n\n\n\n<figure class=\"wp-block-image size-large\"><img loading=\"lazy\" decoding=\"async\" width=\"1024\" height=\"682\" data-attachment-id=\"4564\" data-permalink=\"https:\/\/boardgeneration.ch\/fr\/the-audi-nines-2019-day-0\/\" data-orig-file=\"https:\/\/boardgeneration.ch\/wp-content\/uploads\/2021\/03\/TAN19_Day0_SNB_Clemens-Millauer_KlausPolzer_Web18-scaled.jpg\" data-orig-size=\"2560,1704\" data-comments-opened=\"1\" data-image-meta=\"{&quot;aperture&quot;:&quot;8&quot;,&quot;credit&quot;:&quot;Klaus Polzer&quot;,&quot;camera&quot;:&quot;NIKON D4&quot;,&quot;caption&quot;:&quot;Clemens Millauer&quot;,&quot;created_timestamp&quot;:&quot;1555861267&quot;,&quot;copyright&quot;:&quot;\\u00a9 Klaus Polzer \/ The Audi Nines&quot;,&quot;focal_length&quot;:&quot;35&quot;,&quot;iso&quot;:&quot;200&quot;,&quot;shutter_speed&quot;:&quot;0.0004&quot;,&quot;title&quot;:&quot;The Audi Nines 2019 \\u2013 Day 0&quot;,&quot;orientation&quot;:&quot;0&quot;}\" data-image-title=\"The Audi Nines 2019 \u2013 Day 0\" data-image-description=\"\" data-image-caption=\"&lt;p&gt;Clemens Millauer&lt;\/p&gt;\" data-medium-file=\"https:\/\/boardgeneration.ch\/wp-content\/uploads\/2021\/03\/TAN19_Day0_SNB_Clemens-Millauer_KlausPolzer_Web18-300x200.jpg\" data-large-file=\"https:\/\/boardgeneration.ch\/wp-content\/uploads\/2021\/03\/TAN19_Day0_SNB_Clemens-Millauer_KlausPolzer_Web18-1024x682.jpg\" src=\"https:\/\/boardgeneration.ch\/wp-content\/uploads\/2021\/03\/TAN19_Day0_SNB_Clemens-Millauer_KlausPolzer_Web18-1024x682.jpg\" alt=\"\" class=\"wp-image-4564\" srcset=\"https:\/\/boardgeneration.ch\/wp-content\/uploads\/2021\/03\/TAN19_Day0_SNB_Clemens-Millauer_KlausPolzer_Web18-1024x682.jpg 1024w, https:\/\/boardgeneration.ch\/wp-content\/uploads\/2021\/03\/TAN19_Day0_SNB_Clemens-Millauer_KlausPolzer_Web18-300x200.jpg 300w, https:\/\/boardgeneration.ch\/wp-content\/uploads\/2021\/03\/TAN19_Day0_SNB_Clemens-Millauer_KlausPolzer_Web18-768x511.jpg 768w, https:\/\/boardgeneration.ch\/wp-content\/uploads\/2021\/03\/TAN19_Day0_SNB_Clemens-Millauer_KlausPolzer_Web18-1536x1023.jpg 1536w, https:\/\/boardgeneration.ch\/wp-content\/uploads\/2021\/03\/TAN19_Day0_SNB_Clemens-Millauer_KlausPolzer_Web18-2048x1363.jpg 2048w, https:\/\/boardgeneration.ch\/wp-content\/uploads\/2021\/03\/TAN19_Day0_SNB_Clemens-Millauer_KlausPolzer_Web18-16x12.jpg 16w\" sizes=\"auto, (max-width: 1024px) 100vw, 1024px\" \/><figcaption><span class=\"media-credit\">Klaus Polzer<\/span> Clemens Millauer<\/figcaption><\/figure>\n\n\n\n<p>\"C'\u00e9tait un \u00e9norme d\u00e9fi pour toute notre \u00e9quipe d'organiser cette session dans un d\u00e9lai tr\u00e8s court\", a poursuivi M. Zacek. \"Mais nous ne serions pas les Audi Nines si nous ne nous battions pas bec et ongles pour que nos r\u00eaves deviennent r\u00e9alit\u00e9. Nous sommes vraiment impatients de montrer ce sur quoi nous avons travaill\u00e9.\"<\/p>\n\n\n\n<h3 class=\"wp-block-heading\">Les meilleurs athl\u00e8tes internationaux sur la ligne de d\u00e9part<\/h3>\n\n\n\n<p>Comme toujours, les Audi Nines accueillent une s\u00e9lection des meilleurs snowboarders* du monde pour une session de superlatifs. Des snowboarders de haut niveau comme Halld\u00f3r Helgason (ISL), Anna Gasser (AUT), Annika Morgan (GER), Reira Iwabuchi (JPN), Dusty Henricksen (USA) et Kevin Backstr\u00f6m (SWE) ont confirm\u00e9 leur participation. <\/p>\n\n\n\n<figure class=\"wp-block-image size-large\"><img loading=\"lazy\" decoding=\"async\" width=\"1024\" height=\"682\" data-attachment-id=\"4565\" data-permalink=\"https:\/\/boardgeneration.ch\/fr\/the-audi-nines-2019-day-1\/\" data-orig-file=\"https:\/\/boardgeneration.ch\/wp-content\/uploads\/2021\/03\/TAN19_Day1_SNB_Raibu-Katayama_KlausPolzer_Web33-scaled.jpg\" data-orig-size=\"2560,1704\" data-comments-opened=\"1\" data-image-meta=\"{&quot;aperture&quot;:&quot;5.6&quot;,&quot;credit&quot;:&quot;Klaus Polzer&quot;,&quot;camera&quot;:&quot;NIKON D4&quot;,&quot;caption&quot;:&quot;Raibu Katayama&quot;,&quot;created_timestamp&quot;:&quot;1555952785&quot;,&quot;copyright&quot;:&quot;\\u00a9 Klaus Polzer \/ The Audi Nines&quot;,&quot;focal_length&quot;:&quot;35&quot;,&quot;iso&quot;:&quot;200&quot;,&quot;shutter_speed&quot;:&quot;0.0008&quot;,&quot;title&quot;:&quot;The Audi Nines 2019 \\u2013 Day 1&quot;,&quot;orientation&quot;:&quot;0&quot;}\" data-image-title=\"The Audi Nines 2019 \u2013 Day 1\" data-image-description=\"\" data-image-caption=\"&lt;p&gt;Raibu Katayama&lt;\/p&gt;\" data-medium-file=\"https:\/\/boardgeneration.ch\/wp-content\/uploads\/2021\/03\/TAN19_Day1_SNB_Raibu-Katayama_KlausPolzer_Web33-300x200.jpg\" data-large-file=\"https:\/\/boardgeneration.ch\/wp-content\/uploads\/2021\/03\/TAN19_Day1_SNB_Raibu-Katayama_KlausPolzer_Web33-1024x682.jpg\" src=\"https:\/\/boardgeneration.ch\/wp-content\/uploads\/2021\/03\/TAN19_Day1_SNB_Raibu-Katayama_KlausPolzer_Web33-1024x682.jpg\" alt=\"\" class=\"wp-image-4565\" srcset=\"https:\/\/boardgeneration.ch\/wp-content\/uploads\/2021\/03\/TAN19_Day1_SNB_Raibu-Katayama_KlausPolzer_Web33-1024x682.jpg 1024w, https:\/\/boardgeneration.ch\/wp-content\/uploads\/2021\/03\/TAN19_Day1_SNB_Raibu-Katayama_KlausPolzer_Web33-300x200.jpg 300w, https:\/\/boardgeneration.ch\/wp-content\/uploads\/2021\/03\/TAN19_Day1_SNB_Raibu-Katayama_KlausPolzer_Web33-768x511.jpg 768w, https:\/\/boardgeneration.ch\/wp-content\/uploads\/2021\/03\/TAN19_Day1_SNB_Raibu-Katayama_KlausPolzer_Web33-1536x1023.jpg 1536w, https:\/\/boardgeneration.ch\/wp-content\/uploads\/2021\/03\/TAN19_Day1_SNB_Raibu-Katayama_KlausPolzer_Web33-2048x1363.jpg 2048w, https:\/\/boardgeneration.ch\/wp-content\/uploads\/2021\/03\/TAN19_Day1_SNB_Raibu-Katayama_KlausPolzer_Web33-16x12.jpg 16w\" sizes=\"auto, (max-width: 1024px) 100vw, 1024px\" \/><figcaption><span class=\"media-credit\">Klaus Polzer<\/span> Raibu Katayama<\/figcaption><\/figure>\n\n\n\n<p>Le concours Become A Nine est malheureusement annul\u00e9 cette ann\u00e9e en raison de contraintes de temps. Mais ne vous inqui\u00e9tez pas : les organisateurs ont invit\u00e9 de jeunes talents affam\u00e9s pour donner du fil \u00e0 retordre aux professionnels \u00e9tablis !<\/p>\n\n\n\n<p>\"C'est formidable que les Audi Nines viennent en Suisse\", a d\u00e9clar\u00e9 Mathilde Gremaud. \"Cet \u00e9v\u00e9nement est toujours synonyme de plaisir et de bonne ambiance. Crans-Montana est un endroit fantastique pour cela\".<\/p>\n\n\n\n<p>\"Je suis ravie que les Audi Nines aient lieu cette ann\u00e9e, surtout \u00e0 cette p\u00e9riode de l'ann\u00e9e\", a ajout\u00e9 Anna Gasser. \"J'ai h\u00e2te de participer \u00e0 une grande session avec toute l'\u00e9quipe.\"<\/p>\n\n\n\n<figure class=\"wp-block-image size-large\"><img loading=\"lazy\" decoding=\"async\" width=\"1024\" height=\"683\" data-attachment-id=\"4567\" data-permalink=\"https:\/\/boardgeneration.ch\/fr\/snb\/\" data-orig-file=\"https:\/\/boardgeneration.ch\/wp-content\/uploads\/2021\/03\/TAN19_DAY4_snb_anna_gasser_david_malacrida_61250419_WEB.jpg\" data-orig-size=\"2500,1667\" data-comments-opened=\"1\" data-image-meta=\"{&quot;aperture&quot;:&quot;9&quot;,&quot;credit&quot;:&quot;david malacrida&quot;,&quot;camera&quot;:&quot;Canon EOS 5D Mark III&quot;,&quot;caption&quot;:&quot;anna gasser&quot;,&quot;created_timestamp&quot;:&quot;1556195464&quot;,&quot;copyright&quot;:&quot;&quot;,&quot;focal_length&quot;:&quot;70&quot;,&quot;iso&quot;:&quot;160&quot;,&quot;shutter_speed&quot;:&quot;0.000625&quot;,&quot;title&quot;:&quot;snb&quot;,&quot;orientation&quot;:&quot;0&quot;}\" data-image-title=\"snb\" data-image-description=\"\" data-image-caption=\"&lt;p&gt;anna gasser&lt;\/p&gt;\" data-medium-file=\"https:\/\/boardgeneration.ch\/wp-content\/uploads\/2021\/03\/TAN19_DAY4_snb_anna_gasser_david_malacrida_61250419_WEB-300x200.jpg\" data-large-file=\"https:\/\/boardgeneration.ch\/wp-content\/uploads\/2021\/03\/TAN19_DAY4_snb_anna_gasser_david_malacrida_61250419_WEB-1024x683.jpg\" src=\"https:\/\/boardgeneration.ch\/wp-content\/uploads\/2021\/03\/TAN19_DAY4_snb_anna_gasser_david_malacrida_61250419_WEB-1024x683.jpg\" alt=\"\" class=\"wp-image-4567\" srcset=\"https:\/\/boardgeneration.ch\/wp-content\/uploads\/2021\/03\/TAN19_DAY4_snb_anna_gasser_david_malacrida_61250419_WEB-1024x683.jpg 1024w, https:\/\/boardgeneration.ch\/wp-content\/uploads\/2021\/03\/TAN19_DAY4_snb_anna_gasser_david_malacrida_61250419_WEB-300x200.jpg 300w, https:\/\/boardgeneration.ch\/wp-content\/uploads\/2021\/03\/TAN19_DAY4_snb_anna_gasser_david_malacrida_61250419_WEB-768x512.jpg 768w, https:\/\/boardgeneration.ch\/wp-content\/uploads\/2021\/03\/TAN19_DAY4_snb_anna_gasser_david_malacrida_61250419_WEB-1536x1024.jpg 1536w, https:\/\/boardgeneration.ch\/wp-content\/uploads\/2021\/03\/TAN19_DAY4_snb_anna_gasser_david_malacrida_61250419_WEB-2048x1366.jpg 2048w, https:\/\/boardgeneration.ch\/wp-content\/uploads\/2021\/03\/TAN19_DAY4_snb_anna_gasser_david_malacrida_61250419_WEB-16x12.jpg 16w\" sizes=\"auto, (max-width: 1024px) 100vw, 1024px\" \/><figcaption><span class=\"media-credit\">david malacrida<\/span> Anna Gasser<\/figcaption><\/figure>\n\n\n\n<p>Le Covid-19 reste un d\u00e9fi s\u00e9rieux qui doit \u00eatre trait\u00e9 avec le plus grand respect et la plus grande prudence. L'\u00e9quipe d'Audi Nines prendra toutes les pr\u00e9cautions n\u00e9cessaires pour offrir un environnement s\u00fbr aux coureurs et \u00e0 l'\u00e9quipe de production. L'ensemble de la session se d\u00e9roulera sans public. Des mesures strictes seront prises pour \u00e9viter la contagion sur le site tout en veillant \u00e0 ce que toutes les r\u00e9glementations locales, r\u00e9gionales et nationales soient respect\u00e9es ou d\u00e9pass\u00e9es.<\/p>\n\n\n\n<p>\"\u00c0 l'Audi Nines, la s\u00e9curit\u00e9 des pilotes et du personnel a toujours \u00e9t\u00e9 primordiale\", a d\u00e9clar\u00e9 Nico Zacek. \"Cette ann\u00e9e, cela signifie une r\u00e9duction de la liste des pilotes et du personnel, ainsi qu'un r\u00e9gime de tests rigoureux pour tous les participants.\"<strong><em>De plus amples informations sur les Audi Nines sont disponibles \u00e0 l'adresse suivante <\/em><\/strong><a href=\"http:\/\/audinines.com\" target=\"_blank\" rel=\"noreferrer noopener\"><strong><em>audinines.com<\/em><\/strong><\/a><strong><em>.<\/em><\/strong><\/p>\n\n\n\n<h3 class=\"wp-block-heading\">Participants Audi Nines pr\u00e9sent\u00e9s par Falken 2021<\/h3>\n\n\n\n<figure class=\"wp-block-table is-style-stripes\"><table><thead><tr><th><strong><em>HOMME DE SNOWBOARD<\/em><\/strong><\/th><\/tr><\/thead><tbody><tr><td>Halld\u00f3r Helgason (ISL)<strong><em><\/em><\/strong><\/td><\/tr><tr><td>Dusty Henricksen (USA)<\/td><\/tr><tr><td>Judd Henkes (USA)<\/td><\/tr><tr><td>Sebbe De Buck (BEL)<\/td><\/tr><tr><td>Ethan Morgan (GER)<\/td><\/tr><tr><td>Boris Mouton (SUI)<\/td><\/tr><tr><td>Leon Vockensperger (GER)<\/td><\/tr><tr><td>Clemens Millauer (AUT)<\/td><\/tr><tr><td>Kevin Backstr\u00f6m (SWE)<\/td><\/tr><\/tbody><\/table><\/figure>\n\n\n\n<figure class=\"wp-block-table is-style-stripes\"><table><thead><tr><th>SNOWBOARD F\u00c9MININ<\/th><\/tr><\/thead><tbody><tr><td>Anna Gasser (AUT)<\/td><\/tr><tr><td>Annika Morgan (GER)<\/td><\/tr><tr><td>Maria Hildago (ESP)<\/td><\/tr><tr><td>Reira Iwabuchi (JPN)<\/td><\/tr><tr><td>Tess Coady (AUS)<\/td><\/tr><tr><td>Kokomo Murase (JPN)<\/td><\/tr><\/tbody><\/table><\/figure>","protected":false},"excerpt":{"rendered":"<p>Es geht wieder los! In zwei Wochen deb\u00fctiert eine Spezialausgabe der Audi Nines presented by Falken an einer brandneuen Location. Und bei diesem Set-up sowie diesem Fahrerfeld gibt es nur ein Motto: Anschnallen! Vom 7. bis 10. April 2021 finden die Audi Nines presented by Falken zum ersten Mal in den Schweizer Alpen statt und [&hellip;]<\/p>\n","protected":false},"author":3,"featured_media":4569,"comment_status":"open","ping_status":"open","sticky":false,"template":"","format":"standard","meta":{"_jetpack_memberships_contains_paid_content":false,"footnotes":""},"categories":[12],"tags":[46666,11719,49,11686,32182,32232],"class_list":["post-4570","post","type-post","status-publish","format-standard","has-post-thumbnail","hentry","category-event","tag-audi-nines","tag-event","tag-featured","tag-snowboard","tag-snowboarder","tag-snowboarderinnen"],"yoast_head":"<!-- This site is optimized with the Yoast SEO plugin v26.8 - https:\/\/yoast.com\/product\/yoast-seo-wordpress\/ -->\n<title>Audi Nines: Premiere in der Schweiz! - Board Generation<\/title>\n<meta name=\"robots\" content=\"index, follow, max-snippet:-1, max-image-preview:large, max-video-preview:-1\" \/>\n<link rel=\"canonical\" href=\"https:\/\/boardgeneration.ch\/fr\/audi-nines-premiere-in-der-schweiz\/\" \/>\n<meta property=\"og:locale\" content=\"fr_FR\" \/>\n<meta property=\"og:type\" content=\"article\" \/>\n<meta property=\"og:title\" content=\"Audi Nines: Premiere in der Schweiz! - Board Generation\" \/>\n<meta property=\"og:description\" content=\"Es geht wieder los! In zwei Wochen deb\u00fctiert eine Spezialausgabe der Audi Nines presented by Falken an einer brandneuen Location. Und bei diesem Set-up sowie diesem Fahrerfeld gibt es nur ein Motto: Anschnallen! Vom 7. bis 10. April 2021 finden die Audi Nines presented by Falken zum ersten Mal in den Schweizer Alpen statt und [&hellip;]\" \/>\n<meta property=\"og:url\" content=\"https:\/\/boardgeneration.ch\/fr\/audi-nines-premiere-in-der-schweiz\/\" \/>\n<meta property=\"og:site_name\" content=\"Board Generation\" \/>\n<meta property=\"article:publisher\" content=\"https:\/\/www.facebook.com\/boardgeneration.ch\" \/>\n<meta property=\"article:published_time\" content=\"2021-03-23T21:29:32+00:00\" \/>\n<meta property=\"article:modified_time\" content=\"2021-03-23T21:43:47+00:00\" \/>\n<meta property=\"og:image\" content=\"https:\/\/boardgeneration.ch\/wp-content\/uploads\/2021\/03\/TAN19_SNB_SvenThorgren2_TheoAcworth_WEB.jpg.jpg\" \/>\n\t<meta property=\"og:image:width\" content=\"2500\" \/>\n\t<meta property=\"og:image:height\" content=\"1667\" \/>\n\t<meta property=\"og:image:type\" content=\"image\/jpeg\" \/>\n<meta name=\"author\" content=\"Pressedienst\" \/>\n<meta name=\"twitter:card\" content=\"summary_large_image\" \/>\n<meta name=\"twitter:creator\" content=\"@boardgen\" \/>\n<meta name=\"twitter:site\" content=\"@boardgen\" \/>\n<meta name=\"twitter:label1\" content=\"\u00c9crit par\" \/>\n\t<meta name=\"twitter:data1\" content=\"Pressedienst\" \/>\n\t<meta name=\"twitter:label2\" content=\"Dur\u00e9e de lecture estim\u00e9e\" \/>\n\t<meta name=\"twitter:data2\" content=\"4 minutes\" \/>\n<script type=\"application\/ld+json\" class=\"yoast-schema-graph\">{\"@context\":\"https:\/\/schema.org\",\"@graph\":[{\"@type\":\"Article\",\"@id\":\"https:\/\/boardgeneration.ch\/en\/audi-nines-premiere-in-der-schweiz\/#article\",\"isPartOf\":{\"@id\":\"https:\/\/boardgeneration.ch\/en\/audi-nines-premiere-in-der-schweiz\/\"},\"author\":{\"name\":\"Pressedienst\",\"@id\":\"https:\/\/boardgeneration.ch\/#\/schema\/person\/4727ac7b918c1fd9879a564a16734f2c\"},\"headline\":\"Audi Nines: Premiere in der Schweiz!\",\"datePublished\":\"2021-03-23T21:29:32+00:00\",\"dateModified\":\"2021-03-23T21:43:47+00:00\",\"mainEntityOfPage\":{\"@id\":\"https:\/\/boardgeneration.ch\/en\/audi-nines-premiere-in-der-schweiz\/\"},\"wordCount\":574,\"commentCount\":0,\"publisher\":{\"@id\":\"https:\/\/boardgeneration.ch\/#organization\"},\"image\":{\"@id\":\"https:\/\/boardgeneration.ch\/en\/audi-nines-premiere-in-der-schweiz\/#primaryimage\"},\"thumbnailUrl\":\"https:\/\/boardgeneration.ch\/wp-content\/uploads\/2021\/03\/TAN19_SNB_SvenThorgren2_TheoAcworth_WEB.jpg.jpg\",\"keywords\":[\"Audi Nines\",\"Event\",\"Featured\",\"Snowboard\",\"Snowboarder\",\"Snowboarderinnen\"],\"articleSection\":[\"event\"],\"inLanguage\":\"fr-FR\",\"potentialAction\":[{\"@type\":\"CommentAction\",\"name\":\"Comment\",\"target\":[\"https:\/\/boardgeneration.ch\/en\/audi-nines-premiere-in-der-schweiz\/#respond\"]}]},{\"@type\":\"WebPage\",\"@id\":\"https:\/\/boardgeneration.ch\/en\/audi-nines-premiere-in-der-schweiz\/\",\"url\":\"https:\/\/boardgeneration.ch\/en\/audi-nines-premiere-in-der-schweiz\/\",\"name\":\"Audi Nines: Premiere in der Schweiz! - Board Generation\",\"isPartOf\":{\"@id\":\"https:\/\/boardgeneration.ch\/#website\"},\"primaryImageOfPage\":{\"@id\":\"https:\/\/boardgeneration.ch\/en\/audi-nines-premiere-in-der-schweiz\/#primaryimage\"},\"image\":{\"@id\":\"https:\/\/boardgeneration.ch\/en\/audi-nines-premiere-in-der-schweiz\/#primaryimage\"},\"thumbnailUrl\":\"https:\/\/boardgeneration.ch\/wp-content\/uploads\/2021\/03\/TAN19_SNB_SvenThorgren2_TheoAcworth_WEB.jpg.jpg\",\"datePublished\":\"2021-03-23T21:29:32+00:00\",\"dateModified\":\"2021-03-23T21:43:47+00:00\",\"breadcrumb\":{\"@id\":\"https:\/\/boardgeneration.ch\/en\/audi-nines-premiere-in-der-schweiz\/#breadcrumb\"},\"inLanguage\":\"fr-FR\",\"potentialAction\":[{\"@type\":\"ReadAction\",\"target\":[\"https:\/\/boardgeneration.ch\/en\/audi-nines-premiere-in-der-schweiz\/\"]}]},{\"@type\":\"ImageObject\",\"inLanguage\":\"fr-FR\",\"@id\":\"https:\/\/boardgeneration.ch\/en\/audi-nines-premiere-in-der-schweiz\/#primaryimage\",\"url\":\"https:\/\/boardgeneration.ch\/wp-content\/uploads\/2021\/03\/TAN19_SNB_SvenThorgren2_TheoAcworth_WEB.jpg.jpg\",\"contentUrl\":\"https:\/\/boardgeneration.ch\/wp-content\/uploads\/2021\/03\/TAN19_SNB_SvenThorgren2_TheoAcworth_WEB.jpg.jpg\",\"width\":2500,\"height\":1667},{\"@type\":\"BreadcrumbList\",\"@id\":\"https:\/\/boardgeneration.ch\/en\/audi-nines-premiere-in-der-schweiz\/#breadcrumb\",\"itemListElement\":[{\"@type\":\"ListItem\",\"position\":1,\"name\":\"Startseite\",\"item\":\"https:\/\/boardgeneration.ch\/\"},{\"@type\":\"ListItem\",\"position\":2,\"name\":\"Audi Nines: Premiere in der Schweiz!\"}]},{\"@type\":\"WebSite\",\"@id\":\"https:\/\/boardgeneration.ch\/#website\",\"url\":\"https:\/\/boardgeneration.ch\/\",\"name\":\"board generation\",\"description\":\"Back to the Roots\",\"publisher\":{\"@id\":\"https:\/\/boardgeneration.ch\/#organization\"},\"potentialAction\":[{\"@type\":\"SearchAction\",\"target\":{\"@type\":\"EntryPoint\",\"urlTemplate\":\"https:\/\/boardgeneration.ch\/?s={search_term_string}\"},\"query-input\":{\"@type\":\"PropertyValueSpecification\",\"valueRequired\":true,\"valueName\":\"search_term_string\"}}],\"inLanguage\":\"fr-FR\"},{\"@type\":\"Organization\",\"@id\":\"https:\/\/boardgeneration.ch\/#organization\",\"name\":\"board generation\",\"url\":\"https:\/\/boardgeneration.ch\/\",\"logo\":{\"@type\":\"ImageObject\",\"inLanguage\":\"fr-FR\",\"@id\":\"https:\/\/boardgeneration.ch\/#\/schema\/logo\/image\/\",\"url\":\"https:\/\/boardgeneration.ch\/wp-content\/uploads\/2019\/01\/bg-logo_mit_Text.png\",\"contentUrl\":\"https:\/\/boardgeneration.ch\/wp-content\/uploads\/2019\/01\/bg-logo_mit_Text.png\",\"width\":1040,\"height\":1155,\"caption\":\"board generation\"},\"image\":{\"@id\":\"https:\/\/boardgeneration.ch\/#\/schema\/logo\/image\/\"},\"sameAs\":[\"https:\/\/www.facebook.com\/boardgeneration.ch\",\"https:\/\/x.com\/boardgen\",\"https:\/\/www.instagram.com\/boardgen\/\"]},{\"@type\":\"Person\",\"@id\":\"https:\/\/boardgeneration.ch\/#\/schema\/person\/4727ac7b918c1fd9879a564a16734f2c\",\"name\":\"Pressedienst\",\"image\":{\"@type\":\"ImageObject\",\"inLanguage\":\"fr-FR\",\"@id\":\"https:\/\/boardgeneration.ch\/#\/schema\/person\/image\/\",\"url\":\"https:\/\/boardgeneration.ch\/wp-content\/uploads\/2019\/10\/Pile-of-letters-96x96.jpg\",\"contentUrl\":\"https:\/\/boardgeneration.ch\/wp-content\/uploads\/2019\/10\/Pile-of-letters-96x96.jpg\",\"caption\":\"Pressedienst\"},\"url\":\"https:\/\/boardgeneration.ch\/fr\/author\/pressedienst\/\"}]}<\/script>\n<!-- \/ Yoast SEO plugin. -->","yoast_head_json":{"title":"Audi Nines: Premiere in der Schweiz! - Board Generation","robots":{"index":"index","follow":"follow","max-snippet":"max-snippet:-1","max-image-preview":"max-image-preview:large","max-video-preview":"max-video-preview:-1"},"canonical":"https:\/\/boardgeneration.ch\/fr\/audi-nines-premiere-in-der-schweiz\/","og_locale":"fr_FR","og_type":"article","og_title":"Audi Nines: Premiere in der Schweiz! - Board Generation","og_description":"Es geht wieder los! In zwei Wochen deb\u00fctiert eine Spezialausgabe der Audi Nines presented by Falken an einer brandneuen Location. Und bei diesem Set-up sowie diesem Fahrerfeld gibt es nur ein Motto: Anschnallen! Vom 7. bis 10. April 2021 finden die Audi Nines presented by Falken zum ersten Mal in den Schweizer Alpen statt und [&hellip;]","og_url":"https:\/\/boardgeneration.ch\/fr\/audi-nines-premiere-in-der-schweiz\/","og_site_name":"Board Generation","article_publisher":"https:\/\/www.facebook.com\/boardgeneration.ch","article_published_time":"2021-03-23T21:29:32+00:00","article_modified_time":"2021-03-23T21:43:47+00:00","og_image":[{"width":2500,"height":1667,"url":"https:\/\/boardgeneration.ch\/wp-content\/uploads\/2021\/03\/TAN19_SNB_SvenThorgren2_TheoAcworth_WEB.jpg.jpg","type":"image\/jpeg"}],"author":"Pressedienst","twitter_card":"summary_large_image","twitter_creator":"@boardgen","twitter_site":"@boardgen","twitter_misc":{"\u00c9crit par":"Pressedienst","Dur\u00e9e de lecture estim\u00e9e":"4 minutes"},"schema":{"@context":"https:\/\/schema.org","@graph":[{"@type":"Article","@id":"https:\/\/boardgeneration.ch\/en\/audi-nines-premiere-in-der-schweiz\/#article","isPartOf":{"@id":"https:\/\/boardgeneration.ch\/en\/audi-nines-premiere-in-der-schweiz\/"},"author":{"name":"Pressedienst","@id":"https:\/\/boardgeneration.ch\/#\/schema\/person\/4727ac7b918c1fd9879a564a16734f2c"},"headline":"Audi Nines: Premiere in der Schweiz!","datePublished":"2021-03-23T21:29:32+00:00","dateModified":"2021-03-23T21:43:47+00:00","mainEntityOfPage":{"@id":"https:\/\/boardgeneration.ch\/en\/audi-nines-premiere-in-der-schweiz\/"},"wordCount":574,"commentCount":0,"publisher":{"@id":"https:\/\/boardgeneration.ch\/#organization"},"image":{"@id":"https:\/\/boardgeneration.ch\/en\/audi-nines-premiere-in-der-schweiz\/#primaryimage"},"thumbnailUrl":"https:\/\/boardgeneration.ch\/wp-content\/uploads\/2021\/03\/TAN19_SNB_SvenThorgren2_TheoAcworth_WEB.jpg.jpg","keywords":["Audi Nines","Event","Featured","Snowboard","Snowboarder","Snowboarderinnen"],"articleSection":["event"],"inLanguage":"fr-FR","potentialAction":[{"@type":"CommentAction","name":"Comment","target":["https:\/\/boardgeneration.ch\/en\/audi-nines-premiere-in-der-schweiz\/#respond"]}]},{"@type":"WebPage","@id":"https:\/\/boardgeneration.ch\/en\/audi-nines-premiere-in-der-schweiz\/","url":"https:\/\/boardgeneration.ch\/en\/audi-nines-premiere-in-der-schweiz\/","name":"Audi Nines: Premiere in der Schweiz! - Board Generation","isPartOf":{"@id":"https:\/\/boardgeneration.ch\/#website"},"primaryImageOfPage":{"@id":"https:\/\/boardgeneration.ch\/en\/audi-nines-premiere-in-der-schweiz\/#primaryimage"},"image":{"@id":"https:\/\/boardgeneration.ch\/en\/audi-nines-premiere-in-der-schweiz\/#primaryimage"},"thumbnailUrl":"https:\/\/boardgeneration.ch\/wp-content\/uploads\/2021\/03\/TAN19_SNB_SvenThorgren2_TheoAcworth_WEB.jpg.jpg","datePublished":"2021-03-23T21:29:32+00:00","dateModified":"2021-03-23T21:43:47+00:00","breadcrumb":{"@id":"https:\/\/boardgeneration.ch\/en\/audi-nines-premiere-in-der-schweiz\/#breadcrumb"},"inLanguage":"fr-FR","potentialAction":[{"@type":"ReadAction","target":["https:\/\/boardgeneration.ch\/en\/audi-nines-premiere-in-der-schweiz\/"]}]},{"@type":"ImageObject","inLanguage":"fr-FR","@id":"https:\/\/boardgeneration.ch\/en\/audi-nines-premiere-in-der-schweiz\/#primaryimage","url":"https:\/\/boardgeneration.ch\/wp-content\/uploads\/2021\/03\/TAN19_SNB_SvenThorgren2_TheoAcworth_WEB.jpg.jpg","contentUrl":"https:\/\/boardgeneration.ch\/wp-content\/uploads\/2021\/03\/TAN19_SNB_SvenThorgren2_TheoAcworth_WEB.jpg.jpg","width":2500,"height":1667},{"@type":"BreadcrumbList","@id":"https:\/\/boardgeneration.ch\/en\/audi-nines-premiere-in-der-schweiz\/#breadcrumb","itemListElement":[{"@type":"ListItem","position":1,"name":"Startseite","item":"https:\/\/boardgeneration.ch\/"},{"@type":"ListItem","position":2,"name":"Audi Nines: Premiere in der Schweiz!"}]},{"@type":"WebSite","@id":"https:\/\/boardgeneration.ch\/#website","url":"https:\/\/boardgeneration.ch\/","name":"g\u00e9n\u00e9ration de conseils","description":"Retour aux sources","publisher":{"@id":"https:\/\/boardgeneration.ch\/#organization"},"potentialAction":[{"@type":"SearchAction","target":{"@type":"EntryPoint","urlTemplate":"https:\/\/boardgeneration.ch\/?s={search_term_string}"},"query-input":{"@type":"PropertyValueSpecification","valueRequired":true,"valueName":"search_term_string"}}],"inLanguage":"fr-FR"},{"@type":"Organization","@id":"https:\/\/boardgeneration.ch\/#organization","name":"g\u00e9n\u00e9ration de conseils","url":"https:\/\/boardgeneration.ch\/","logo":{"@type":"ImageObject","inLanguage":"fr-FR","@id":"https:\/\/boardgeneration.ch\/#\/schema\/logo\/image\/","url":"https:\/\/boardgeneration.ch\/wp-content\/uploads\/2019\/01\/bg-logo_mit_Text.png","contentUrl":"https:\/\/boardgeneration.ch\/wp-content\/uploads\/2019\/01\/bg-logo_mit_Text.png","width":1040,"height":1155,"caption":"board generation"},"image":{"@id":"https:\/\/boardgeneration.ch\/#\/schema\/logo\/image\/"},"sameAs":["https:\/\/www.facebook.com\/boardgeneration.ch","https:\/\/x.com\/boardgen","https:\/\/www.instagram.com\/boardgen\/"]},{"@type":"Person","@id":"https:\/\/boardgeneration.ch\/#\/schema\/person\/4727ac7b918c1fd9879a564a16734f2c","name":"Service de presse","image":{"@type":"ImageObject","inLanguage":"fr-FR","@id":"https:\/\/boardgeneration.ch\/#\/schema\/person\/image\/","url":"https:\/\/boardgeneration.ch\/wp-content\/uploads\/2019\/10\/Pile-of-letters-96x96.jpg","contentUrl":"https:\/\/boardgeneration.ch\/wp-content\/uploads\/2019\/10\/Pile-of-letters-96x96.jpg","caption":"Pressedienst"},"url":"https:\/\/boardgeneration.ch\/fr\/author\/pressedienst\/"}]}},"jetpack_featured_media_url":"https:\/\/boardgeneration.ch\/wp-content\/uploads\/2021\/03\/TAN19_SNB_SvenThorgren2_TheoAcworth_WEB.jpg.jpg","jetpack_sharing_enabled":true,"amp_enabled":true,"_links":{"self":[{"href":"https:\/\/boardgeneration.ch\/fr\/wp-json\/wp\/v2\/posts\/4570","targetHints":{"allow":["GET"]}}],"collection":[{"href":"https:\/\/boardgeneration.ch\/fr\/wp-json\/wp\/v2\/posts"}],"about":[{"href":"https:\/\/boardgeneration.ch\/fr\/wp-json\/wp\/v2\/types\/post"}],"author":[{"embeddable":true,"href":"https:\/\/boardgeneration.ch\/fr\/wp-json\/wp\/v2\/users\/3"}],"replies":[{"embeddable":true,"href":"https:\/\/boardgeneration.ch\/fr\/wp-json\/wp\/v2\/comments?post=4570"}],"version-history":[{"count":6,"href":"https:\/\/boardgeneration.ch\/fr\/wp-json\/wp\/v2\/posts\/4570\/revisions"}],"predecessor-version":[{"id":4579,"href":"https:\/\/boardgeneration.ch\/fr\/wp-json\/wp\/v2\/posts\/4570\/revisions\/4579"}],"wp:featuredmedia":[{"embeddable":true,"href":"https:\/\/boardgeneration.ch\/fr\/wp-json\/wp\/v2\/media\/4569"}],"wp:attachment":[{"href":"https:\/\/boardgeneration.ch\/fr\/wp-json\/wp\/v2\/media?parent=4570"}],"wp:term":[{"taxonomy":"category","embeddable":true,"href":"https:\/\/boardgeneration.ch\/fr\/wp-json\/wp\/v2\/categories?post=4570"},{"taxonomy":"post_tag","embeddable":true,"href":"https:\/\/boardgeneration.ch\/fr\/wp-json\/wp\/v2\/tags?post=4570"}],"curies":[{"name":"wp","href":"https:\/\/api.w.org\/{rel}","templated":true}]}}