{"id":4608,"date":"2021-04-07T22:19:07","date_gmt":"2021-04-07T21:19:07","guid":{"rendered":"https:\/\/boardgeneration.ch\/?p=4608"},"modified":"2021-04-07T22:26:06","modified_gmt":"2021-04-07T21:26:06","slug":"es-ist-was-es-ist-ausbildung-in-pandemiezeiten","status":"publish","type":"post","link":"https:\/\/boardgeneration.ch\/fr\/es-ist-was-es-ist-ausbildung-in-pandemiezeiten\/","title":{"rendered":"C'est ce que c'est - la formation en p\u00e9riode de pand\u00e9mie"},"content":{"rendered":"<span class=\"span-reading-time rt-reading-time\" style=\"display: block;\"><span class=\"rt-label rt-prefix\">Le temps de la lecture : <\/span> <span class=\"rt-time\"> 2<\/span> <span class=\"rt-label rt-postfix\">proc\u00e8s-verbal<\/span><\/span>\n<p>Hiver 2021 - ou : Beaucoup de choses se sont pass\u00e9es diff\u00e9remment de ce qui \u00e9tait pr\u00e9vu. \u00c0 la fin du mois de septembre, les membres de l'\u00e9quipe risk'n'fun \u00e9taient encore confiants quant \u00e0 l'approche de l'hiver. Les Freeride Starter Workshops avec Blue Tomato ont \u00e9t\u00e9 pr\u00e9par\u00e9s, tous les camps ont \u00e9t\u00e9 mis sous tension, de nouvelles stations comme Obergurgl ont \u00e9t\u00e9 inscrites au programme de la tourn\u00e9e et de nombreuses dates \u00e9taient d\u00e9j\u00e0 r\u00e9serv\u00e9es. risk'n'fun, le programme d'entra\u00eenement de la jeunesse du Club alpin autrichien pour les freeriders \u00e2g\u00e9s de 16 ans et plus, \u00e9tait en pleine forme pour la 21e saison d'hiver.<\/p>\n\n\n\n<figure class=\"wp-block-image size-large\"><img loading=\"lazy\" decoding=\"async\" width=\"683\" height=\"1024\" data-attachment-id=\"4611\" data-permalink=\"https:\/\/boardgeneration.ch\/fr\/es-ist-was-es-ist-ausbildung-in-pandemiezeiten\/rnf-presse_powder-in-coronazeiten_by-stefan-scheitl\/\" data-orig-file=\"https:\/\/boardgeneration.ch\/wp-content\/uploads\/2021\/04\/RNF-PRESSE_Powder-in-Coronazeiten_by-Stefan-Scheitl-scaled.jpg\" data-orig-size=\"1707,2560\" data-comments-opened=\"1\" data-image-meta=\"{&quot;aperture&quot;:&quot;4.5&quot;,&quot;credit&quot;:&quot;&quot;,&quot;camera&quot;:&quot;NIKON D500&quot;,&quot;caption&quot;:&quot;&quot;,&quot;created_timestamp&quot;:&quot;1581599214&quot;,&quot;copyright&quot;:&quot;&quot;,&quot;focal_length&quot;:&quot;70&quot;,&quot;iso&quot;:&quot;100&quot;,&quot;shutter_speed&quot;:&quot;0.0003125&quot;,&quot;title&quot;:&quot;&quot;,&quot;orientation&quot;:&quot;1&quot;}\" data-image-title=\"RNF-PRESSE_Powder-in-Coronazeiten_by-Stefan-Scheitl\" data-image-description=\"\" data-image-caption=\"&lt;p&gt;Powder in Coronazeiten&lt;\/p&gt;\" data-medium-file=\"https:\/\/boardgeneration.ch\/wp-content\/uploads\/2021\/04\/RNF-PRESSE_Powder-in-Coronazeiten_by-Stefan-Scheitl-200x300.jpg\" data-large-file=\"https:\/\/boardgeneration.ch\/wp-content\/uploads\/2021\/04\/RNF-PRESSE_Powder-in-Coronazeiten_by-Stefan-Scheitl-683x1024.jpg\" src=\"https:\/\/boardgeneration.ch\/wp-content\/uploads\/2021\/04\/RNF-PRESSE_Powder-in-Coronazeiten_by-Stefan-Scheitl-683x1024.jpg\" alt=\"\" class=\"wp-image-4611\" srcset=\"https:\/\/boardgeneration.ch\/wp-content\/uploads\/2021\/04\/RNF-PRESSE_Powder-in-Coronazeiten_by-Stefan-Scheitl-683x1024.jpg 683w, https:\/\/boardgeneration.ch\/wp-content\/uploads\/2021\/04\/RNF-PRESSE_Powder-in-Coronazeiten_by-Stefan-Scheitl-200x300.jpg 200w, https:\/\/boardgeneration.ch\/wp-content\/uploads\/2021\/04\/RNF-PRESSE_Powder-in-Coronazeiten_by-Stefan-Scheitl-768x1152.jpg 768w, https:\/\/boardgeneration.ch\/wp-content\/uploads\/2021\/04\/RNF-PRESSE_Powder-in-Coronazeiten_by-Stefan-Scheitl-1024x1536.jpg 1024w, https:\/\/boardgeneration.ch\/wp-content\/uploads\/2021\/04\/RNF-PRESSE_Powder-in-Coronazeiten_by-Stefan-Scheitl-1365x2048.jpg 1365w, https:\/\/boardgeneration.ch\/wp-content\/uploads\/2021\/04\/RNF-PRESSE_Powder-in-Coronazeiten_by-Stefan-Scheitl-8x12.jpg 8w, https:\/\/boardgeneration.ch\/wp-content\/uploads\/2021\/04\/RNF-PRESSE_Powder-in-Coronazeiten_by-Stefan-Scheitl-scaled.jpg 1707w\" sizes=\"auto, (max-width: 683px) 100vw, 683px\" \/><figcaption><span class=\"media-credit\">Stefan Scheitl<\/span> La poudre \u00e0 l'\u00e9poque de Corona<\/figcaption><\/figure>\n\n\n\n<p>Avec le recul, tout s'est pass\u00e9 diff\u00e9remment. Tout le mois de novembre a \u00e9t\u00e9 annul\u00e9, les espoirs se sont report\u00e9s sur les jours de DROP IN autour de la p\u00e9riode de No\u00ebl. Le DROP INS est alors \u00e9galement annul\u00e9 et report\u00e9. Une petite lueur d'espoir que peut-\u00eatre la mi-janvier pourrait fonctionner. Malheureusement, la tendance n\u00e9gative s'est poursuivie avec des annulations et des reports de rendez-vous. \u00c0 un moment donn\u00e9, il est apparu clairement qu'un hiver FREERIDE risqu\u00e9 et amusant ne fonctionnerait pas en cas de pand\u00e9mie.<\/p>\n\n\n\n<p>\u00c7a fait vraiment mal. Surtout si l'on consid\u00e8re que c'\u00e9tait l'un des hivers les plus difficiles depuis longtemps. Un hiver avec de grandes quantit\u00e9s de pr\u00e9cipitations, une accumulation insidieuse du manteau neigeux coupl\u00e9e \u00e0 un grand besoin pour beaucoup de personnes de sortir et d'\u00eatre en montagne. En somme, une entreprise difficile alors que c'est pr\u00e9cis\u00e9ment dans des moments comme celui-ci qu'il manque une pr\u00e9sence concr\u00e8te sur la montagne avec des enfants, des adolescents et des adultes.<\/p>\n\n\n\n<figure class=\"wp-block-image size-large\"><img loading=\"lazy\" decoding=\"async\" width=\"1024\" height=\"680\" data-attachment-id=\"4612\" data-permalink=\"https:\/\/boardgeneration.ch\/fr\/es-ist-was-es-ist-ausbildung-in-pandemiezeiten\/rnf_team_oktober2020_by_scheitl\/\" data-orig-file=\"https:\/\/boardgeneration.ch\/wp-content\/uploads\/2021\/04\/RNF_Team_Oktober2020_by_Scheitl.jpg\" data-orig-size=\"2000,1329\" data-comments-opened=\"1\" data-image-meta=\"{&quot;aperture&quot;:&quot;0&quot;,&quot;credit&quot;:&quot;&quot;,&quot;camera&quot;:&quot;&quot;,&quot;caption&quot;:&quot;&quot;,&quot;created_timestamp&quot;:&quot;0&quot;,&quot;copyright&quot;:&quot;&quot;,&quot;focal_length&quot;:&quot;0&quot;,&quot;iso&quot;:&quot;0&quot;,&quot;shutter_speed&quot;:&quot;0&quot;,&quot;title&quot;:&quot;&quot;,&quot;orientation&quot;:&quot;1&quot;}\" data-image-title=\"RNF_Team_Oktober2020_by_Scheitl\" data-image-description=\"\" data-image-caption=\"&lt;p&gt;RNF-Team Oktober 2020&lt;\/p&gt;\" data-medium-file=\"https:\/\/boardgeneration.ch\/wp-content\/uploads\/2021\/04\/RNF_Team_Oktober2020_by_Scheitl-300x199.jpg\" data-large-file=\"https:\/\/boardgeneration.ch\/wp-content\/uploads\/2021\/04\/RNF_Team_Oktober2020_by_Scheitl-1024x680.jpg\" src=\"https:\/\/boardgeneration.ch\/wp-content\/uploads\/2021\/04\/RNF_Team_Oktober2020_by_Scheitl-1024x680.jpg\" alt=\"\" class=\"wp-image-4612\" srcset=\"https:\/\/boardgeneration.ch\/wp-content\/uploads\/2021\/04\/RNF_Team_Oktober2020_by_Scheitl-1024x680.jpg 1024w, https:\/\/boardgeneration.ch\/wp-content\/uploads\/2021\/04\/RNF_Team_Oktober2020_by_Scheitl-300x199.jpg 300w, https:\/\/boardgeneration.ch\/wp-content\/uploads\/2021\/04\/RNF_Team_Oktober2020_by_Scheitl-768x510.jpg 768w, https:\/\/boardgeneration.ch\/wp-content\/uploads\/2021\/04\/RNF_Team_Oktober2020_by_Scheitl-1536x1021.jpg 1536w, https:\/\/boardgeneration.ch\/wp-content\/uploads\/2021\/04\/RNF_Team_Oktober2020_by_Scheitl-16x12.jpg 16w, https:\/\/boardgeneration.ch\/wp-content\/uploads\/2021\/04\/RNF_Team_Oktober2020_by_Scheitl.jpg 2000w\" sizes=\"auto, (max-width: 1024px) 100vw, 1024px\" \/><figcaption><span class=\"media-credit\">Stefan Scheitl<\/span> \u00c9quipe RNF Octobre 2020<\/figcaption><\/figure>\n\n\n\n<p>Ainsi soit-il. Ces derni\u00e8res semaines, beaucoup de travail a \u00e9t\u00e9 effectu\u00e9 et le risk'n'fun TEAM a utilis\u00e9 le temps - ou plus exactement le BREAK - pour r\u00e9viser les concepts, affiner et d\u00e9velopper de nouveaux produits. Tout ce qui n'aurait pas \u00e9t\u00e9 possible dans un hiver normal, car le pi\u00e8ge de la vie quotidienne aurait impitoyablement chronom\u00e9tr\u00e9 les mois de novembre, d\u00e9cembre, janvier, f\u00e9vrier et mars. Le risk'n'fun TEAM est d\u00e9j\u00e0 pr\u00eat pour l'hiver 2022 - mais pour l'instant, il esp\u00e8re une SAISON BIKE 2021 d\u00e9tendue.<\/p>\n\n\n\n<p>\"Mobile et spontan\u00e9\", le premier BIKE DROP IN est pr\u00e9vu pour la mi-mai dans le Vorarlberg, avant que d'autres rendez-vous estivaux BIKE risqu\u00e9s et amusants ne suivent \u00e0 partir de juin.<\/p>\n\n\n\n<p>Outlook : L'inscription pour l'hiver 2022 commence le 1er septembre 2021.<\/p>\n\n\n\n<p>Toutes les informations et inscriptions sont disponibles sur le site <a href=\"http:\/\/www.risk-fun.com\" target=\"_blank\" rel=\"noreferrer noopener\">www.risk-fun.com<\/a><\/p>","protected":false},"excerpt":{"rendered":"<p>Winter 2021 \u2013 oder: Es kam vieles anders als geplant. Zuversichtlich blickte das risk\u00b4n\u00b4fun TEAM Ende September noch in den nahenden Winter. Die Freeride Starter Workshops mit Blue Tomato waren vorbereitet, s\u00e4mtliche Camps ONLINE geschalten, neue Resorts wie Obergurgl am Tourplan und bereits zahlreiche Termine ausgebucht. risk\u00b4n\u00b4fun, das Ausbildungsprogramm der \u00d6sterreichischen Alpenvereinsjugend fu\u0308r Freerider ab [&hellip;]<\/p>\n","protected":false},"author":3,"featured_media":4609,"comment_status":"open","ping_status":"open","sticky":false,"template":"","format":"standard","meta":{"_jetpack_memberships_contains_paid_content":false,"footnotes":""},"categories":[173],"tags":[10559],"class_list":["post-4608","post","type-post","status-publish","format-standard","has-post-thumbnail","hentry","category-news","tag-freeride"],"yoast_head":"<!-- This site is optimized with the Yoast SEO plugin v26.8 - https:\/\/yoast.com\/product\/yoast-seo-wordpress\/ -->\n<title>Es ist, was es ist \u2013 Ausbildung in Pandemiezeiten - Board Generation<\/title>\n<meta name=\"robots\" content=\"index, follow, max-snippet:-1, max-image-preview:large, max-video-preview:-1\" \/>\n<link rel=\"canonical\" href=\"https:\/\/boardgeneration.ch\/fr\/es-ist-was-es-ist-ausbildung-in-pandemiezeiten\/\" \/>\n<meta property=\"og:locale\" content=\"fr_FR\" \/>\n<meta property=\"og:type\" content=\"article\" \/>\n<meta property=\"og:title\" content=\"Es ist, was es ist \u2013 Ausbildung in Pandemiezeiten - Board Generation\" \/>\n<meta property=\"og:description\" content=\"Winter 2021 \u2013 oder: Es kam vieles anders als geplant. Zuversichtlich blickte das risk\u00b4n\u00b4fun TEAM Ende September noch in den nahenden Winter. Die Freeride Starter Workshops mit Blue Tomato waren vorbereitet, s\u00e4mtliche Camps ONLINE geschalten, neue Resorts wie Obergurgl am Tourplan und bereits zahlreiche Termine ausgebucht. risk\u00b4n\u00b4fun, das Ausbildungsprogramm der \u00d6sterreichischen Alpenvereinsjugend fu\u0308r Freerider ab [&hellip;]\" \/>\n<meta property=\"og:url\" content=\"https:\/\/boardgeneration.ch\/fr\/es-ist-was-es-ist-ausbildung-in-pandemiezeiten\/\" \/>\n<meta property=\"og:site_name\" content=\"Board Generation\" \/>\n<meta property=\"article:publisher\" content=\"https:\/\/www.facebook.com\/boardgeneration.ch\" \/>\n<meta property=\"article:published_time\" content=\"2021-04-07T21:19:07+00:00\" \/>\n<meta property=\"article:modified_time\" content=\"2021-04-07T21:26:06+00:00\" \/>\n<meta property=\"og:image\" content=\"https:\/\/boardgeneration.ch\/wp-content\/uploads\/2021\/04\/RNF-PRESSE_Looking-forward-to-2022_by-Rudi-Wyhlidal.jpg\" \/>\n\t<meta property=\"og:image:width\" content=\"2500\" \/>\n\t<meta property=\"og:image:height\" content=\"1667\" \/>\n\t<meta property=\"og:image:type\" content=\"image\/jpeg\" \/>\n<meta name=\"author\" content=\"Pressedienst\" \/>\n<meta name=\"twitter:card\" content=\"summary_large_image\" \/>\n<meta name=\"twitter:creator\" content=\"@boardgen\" \/>\n<meta name=\"twitter:site\" content=\"@boardgen\" \/>\n<meta name=\"twitter:label1\" content=\"\u00c9crit par\" \/>\n\t<meta name=\"twitter:data1\" content=\"Pressedienst\" \/>\n\t<meta name=\"twitter:label2\" content=\"Dur\u00e9e de lecture estim\u00e9e\" \/>\n\t<meta name=\"twitter:data2\" content=\"2 minutes\" \/>\n<script type=\"application\/ld+json\" class=\"yoast-schema-graph\">{\"@context\":\"https:\/\/schema.org\",\"@graph\":[{\"@type\":\"Article\",\"@id\":\"https:\/\/boardgeneration.ch\/en\/es-ist-was-es-ist-ausbildung-in-pandemiezeiten\/#article\",\"isPartOf\":{\"@id\":\"https:\/\/boardgeneration.ch\/en\/es-ist-was-es-ist-ausbildung-in-pandemiezeiten\/\"},\"author\":{\"name\":\"Pressedienst\",\"@id\":\"https:\/\/boardgeneration.ch\/#\/schema\/person\/4727ac7b918c1fd9879a564a16734f2c\"},\"headline\":\"Es ist, was es ist \u2013 Ausbildung in Pandemiezeiten\",\"datePublished\":\"2021-04-07T21:19:07+00:00\",\"dateModified\":\"2021-04-07T21:26:06+00:00\",\"mainEntityOfPage\":{\"@id\":\"https:\/\/boardgeneration.ch\/en\/es-ist-was-es-ist-ausbildung-in-pandemiezeiten\/\"},\"wordCount\":350,\"commentCount\":0,\"publisher\":{\"@id\":\"https:\/\/boardgeneration.ch\/#organization\"},\"image\":{\"@id\":\"https:\/\/boardgeneration.ch\/en\/es-ist-was-es-ist-ausbildung-in-pandemiezeiten\/#primaryimage\"},\"thumbnailUrl\":\"https:\/\/boardgeneration.ch\/wp-content\/uploads\/2021\/04\/RNF-PRESSE_Looking-forward-to-2022_by-Rudi-Wyhlidal.jpg\",\"keywords\":[\"Freeride\"],\"articleSection\":[\"news\"],\"inLanguage\":\"fr-FR\",\"potentialAction\":[{\"@type\":\"CommentAction\",\"name\":\"Comment\",\"target\":[\"https:\/\/boardgeneration.ch\/en\/es-ist-was-es-ist-ausbildung-in-pandemiezeiten\/#respond\"]}]},{\"@type\":\"WebPage\",\"@id\":\"https:\/\/boardgeneration.ch\/en\/es-ist-was-es-ist-ausbildung-in-pandemiezeiten\/\",\"url\":\"https:\/\/boardgeneration.ch\/en\/es-ist-was-es-ist-ausbildung-in-pandemiezeiten\/\",\"name\":\"Es ist, was es ist \u2013 Ausbildung in Pandemiezeiten - Board Generation\",\"isPartOf\":{\"@id\":\"https:\/\/boardgeneration.ch\/#website\"},\"primaryImageOfPage\":{\"@id\":\"https:\/\/boardgeneration.ch\/en\/es-ist-was-es-ist-ausbildung-in-pandemiezeiten\/#primaryimage\"},\"image\":{\"@id\":\"https:\/\/boardgeneration.ch\/en\/es-ist-was-es-ist-ausbildung-in-pandemiezeiten\/#primaryimage\"},\"thumbnailUrl\":\"https:\/\/boardgeneration.ch\/wp-content\/uploads\/2021\/04\/RNF-PRESSE_Looking-forward-to-2022_by-Rudi-Wyhlidal.jpg\",\"datePublished\":\"2021-04-07T21:19:07+00:00\",\"dateModified\":\"2021-04-07T21:26:06+00:00\",\"breadcrumb\":{\"@id\":\"https:\/\/boardgeneration.ch\/en\/es-ist-was-es-ist-ausbildung-in-pandemiezeiten\/#breadcrumb\"},\"inLanguage\":\"fr-FR\",\"potentialAction\":[{\"@type\":\"ReadAction\",\"target\":[\"https:\/\/boardgeneration.ch\/en\/es-ist-was-es-ist-ausbildung-in-pandemiezeiten\/\"]}]},{\"@type\":\"ImageObject\",\"inLanguage\":\"fr-FR\",\"@id\":\"https:\/\/boardgeneration.ch\/en\/es-ist-was-es-ist-ausbildung-in-pandemiezeiten\/#primaryimage\",\"url\":\"https:\/\/boardgeneration.ch\/wp-content\/uploads\/2021\/04\/RNF-PRESSE_Looking-forward-to-2022_by-Rudi-Wyhlidal.jpg\",\"contentUrl\":\"https:\/\/boardgeneration.ch\/wp-content\/uploads\/2021\/04\/RNF-PRESSE_Looking-forward-to-2022_by-Rudi-Wyhlidal.jpg\",\"width\":2500,\"height\":1667},{\"@type\":\"BreadcrumbList\",\"@id\":\"https:\/\/boardgeneration.ch\/en\/es-ist-was-es-ist-ausbildung-in-pandemiezeiten\/#breadcrumb\",\"itemListElement\":[{\"@type\":\"ListItem\",\"position\":1,\"name\":\"Startseite\",\"item\":\"https:\/\/boardgeneration.ch\/\"},{\"@type\":\"ListItem\",\"position\":2,\"name\":\"Es ist, was es ist \u2013 Ausbildung in Pandemiezeiten\"}]},{\"@type\":\"WebSite\",\"@id\":\"https:\/\/boardgeneration.ch\/#website\",\"url\":\"https:\/\/boardgeneration.ch\/\",\"name\":\"board generation\",\"description\":\"Back to the Roots\",\"publisher\":{\"@id\":\"https:\/\/boardgeneration.ch\/#organization\"},\"potentialAction\":[{\"@type\":\"SearchAction\",\"target\":{\"@type\":\"EntryPoint\",\"urlTemplate\":\"https:\/\/boardgeneration.ch\/?s={search_term_string}\"},\"query-input\":{\"@type\":\"PropertyValueSpecification\",\"valueRequired\":true,\"valueName\":\"search_term_string\"}}],\"inLanguage\":\"fr-FR\"},{\"@type\":\"Organization\",\"@id\":\"https:\/\/boardgeneration.ch\/#organization\",\"name\":\"board generation\",\"url\":\"https:\/\/boardgeneration.ch\/\",\"logo\":{\"@type\":\"ImageObject\",\"inLanguage\":\"fr-FR\",\"@id\":\"https:\/\/boardgeneration.ch\/#\/schema\/logo\/image\/\",\"url\":\"https:\/\/boardgeneration.ch\/wp-content\/uploads\/2019\/01\/bg-logo_mit_Text.png\",\"contentUrl\":\"https:\/\/boardgeneration.ch\/wp-content\/uploads\/2019\/01\/bg-logo_mit_Text.png\",\"width\":1040,\"height\":1155,\"caption\":\"board generation\"},\"image\":{\"@id\":\"https:\/\/boardgeneration.ch\/#\/schema\/logo\/image\/\"},\"sameAs\":[\"https:\/\/www.facebook.com\/boardgeneration.ch\",\"https:\/\/x.com\/boardgen\",\"https:\/\/www.instagram.com\/boardgen\/\"]},{\"@type\":\"Person\",\"@id\":\"https:\/\/boardgeneration.ch\/#\/schema\/person\/4727ac7b918c1fd9879a564a16734f2c\",\"name\":\"Pressedienst\",\"image\":{\"@type\":\"ImageObject\",\"inLanguage\":\"fr-FR\",\"@id\":\"https:\/\/boardgeneration.ch\/#\/schema\/person\/image\/\",\"url\":\"https:\/\/boardgeneration.ch\/wp-content\/uploads\/2019\/10\/Pile-of-letters-96x96.jpg\",\"contentUrl\":\"https:\/\/boardgeneration.ch\/wp-content\/uploads\/2019\/10\/Pile-of-letters-96x96.jpg\",\"caption\":\"Pressedienst\"},\"url\":\"https:\/\/boardgeneration.ch\/fr\/author\/pressedienst\/\"}]}<\/script>\n<!-- \/ Yoast SEO plugin. -->","yoast_head_json":{"title":"Es ist, was es ist \u2013 Ausbildung in Pandemiezeiten - Board Generation","robots":{"index":"index","follow":"follow","max-snippet":"max-snippet:-1","max-image-preview":"max-image-preview:large","max-video-preview":"max-video-preview:-1"},"canonical":"https:\/\/boardgeneration.ch\/fr\/es-ist-was-es-ist-ausbildung-in-pandemiezeiten\/","og_locale":"fr_FR","og_type":"article","og_title":"Es ist, was es ist \u2013 Ausbildung in Pandemiezeiten - Board Generation","og_description":"Winter 2021 \u2013 oder: Es kam vieles anders als geplant. Zuversichtlich blickte das risk\u00b4n\u00b4fun TEAM Ende September noch in den nahenden Winter. Die Freeride Starter Workshops mit Blue Tomato waren vorbereitet, s\u00e4mtliche Camps ONLINE geschalten, neue Resorts wie Obergurgl am Tourplan und bereits zahlreiche Termine ausgebucht. risk\u00b4n\u00b4fun, das Ausbildungsprogramm der \u00d6sterreichischen Alpenvereinsjugend fu\u0308r Freerider ab [&hellip;]","og_url":"https:\/\/boardgeneration.ch\/fr\/es-ist-was-es-ist-ausbildung-in-pandemiezeiten\/","og_site_name":"Board Generation","article_publisher":"https:\/\/www.facebook.com\/boardgeneration.ch","article_published_time":"2021-04-07T21:19:07+00:00","article_modified_time":"2021-04-07T21:26:06+00:00","og_image":[{"width":2500,"height":1667,"url":"https:\/\/boardgeneration.ch\/wp-content\/uploads\/2021\/04\/RNF-PRESSE_Looking-forward-to-2022_by-Rudi-Wyhlidal.jpg","type":"image\/jpeg"}],"author":"Pressedienst","twitter_card":"summary_large_image","twitter_creator":"@boardgen","twitter_site":"@boardgen","twitter_misc":{"\u00c9crit par":"Pressedienst","Dur\u00e9e de lecture estim\u00e9e":"2 minutes"},"schema":{"@context":"https:\/\/schema.org","@graph":[{"@type":"Article","@id":"https:\/\/boardgeneration.ch\/en\/es-ist-was-es-ist-ausbildung-in-pandemiezeiten\/#article","isPartOf":{"@id":"https:\/\/boardgeneration.ch\/en\/es-ist-was-es-ist-ausbildung-in-pandemiezeiten\/"},"author":{"name":"Pressedienst","@id":"https:\/\/boardgeneration.ch\/#\/schema\/person\/4727ac7b918c1fd9879a564a16734f2c"},"headline":"Es ist, was es ist \u2013 Ausbildung in Pandemiezeiten","datePublished":"2021-04-07T21:19:07+00:00","dateModified":"2021-04-07T21:26:06+00:00","mainEntityOfPage":{"@id":"https:\/\/boardgeneration.ch\/en\/es-ist-was-es-ist-ausbildung-in-pandemiezeiten\/"},"wordCount":350,"commentCount":0,"publisher":{"@id":"https:\/\/boardgeneration.ch\/#organization"},"image":{"@id":"https:\/\/boardgeneration.ch\/en\/es-ist-was-es-ist-ausbildung-in-pandemiezeiten\/#primaryimage"},"thumbnailUrl":"https:\/\/boardgeneration.ch\/wp-content\/uploads\/2021\/04\/RNF-PRESSE_Looking-forward-to-2022_by-Rudi-Wyhlidal.jpg","keywords":["Freeride"],"articleSection":["news"],"inLanguage":"fr-FR","potentialAction":[{"@type":"CommentAction","name":"Comment","target":["https:\/\/boardgeneration.ch\/en\/es-ist-was-es-ist-ausbildung-in-pandemiezeiten\/#respond"]}]},{"@type":"WebPage","@id":"https:\/\/boardgeneration.ch\/en\/es-ist-was-es-ist-ausbildung-in-pandemiezeiten\/","url":"https:\/\/boardgeneration.ch\/en\/es-ist-was-es-ist-ausbildung-in-pandemiezeiten\/","name":"Es ist, was es ist \u2013 Ausbildung in Pandemiezeiten - Board Generation","isPartOf":{"@id":"https:\/\/boardgeneration.ch\/#website"},"primaryImageOfPage":{"@id":"https:\/\/boardgeneration.ch\/en\/es-ist-was-es-ist-ausbildung-in-pandemiezeiten\/#primaryimage"},"image":{"@id":"https:\/\/boardgeneration.ch\/en\/es-ist-was-es-ist-ausbildung-in-pandemiezeiten\/#primaryimage"},"thumbnailUrl":"https:\/\/boardgeneration.ch\/wp-content\/uploads\/2021\/04\/RNF-PRESSE_Looking-forward-to-2022_by-Rudi-Wyhlidal.jpg","datePublished":"2021-04-07T21:19:07+00:00","dateModified":"2021-04-07T21:26:06+00:00","breadcrumb":{"@id":"https:\/\/boardgeneration.ch\/en\/es-ist-was-es-ist-ausbildung-in-pandemiezeiten\/#breadcrumb"},"inLanguage":"fr-FR","potentialAction":[{"@type":"ReadAction","target":["https:\/\/boardgeneration.ch\/en\/es-ist-was-es-ist-ausbildung-in-pandemiezeiten\/"]}]},{"@type":"ImageObject","inLanguage":"fr-FR","@id":"https:\/\/boardgeneration.ch\/en\/es-ist-was-es-ist-ausbildung-in-pandemiezeiten\/#primaryimage","url":"https:\/\/boardgeneration.ch\/wp-content\/uploads\/2021\/04\/RNF-PRESSE_Looking-forward-to-2022_by-Rudi-Wyhlidal.jpg","contentUrl":"https:\/\/boardgeneration.ch\/wp-content\/uploads\/2021\/04\/RNF-PRESSE_Looking-forward-to-2022_by-Rudi-Wyhlidal.jpg","width":2500,"height":1667},{"@type":"BreadcrumbList","@id":"https:\/\/boardgeneration.ch\/en\/es-ist-was-es-ist-ausbildung-in-pandemiezeiten\/#breadcrumb","itemListElement":[{"@type":"ListItem","position":1,"name":"Startseite","item":"https:\/\/boardgeneration.ch\/"},{"@type":"ListItem","position":2,"name":"Es ist, was es ist \u2013 Ausbildung in Pandemiezeiten"}]},{"@type":"WebSite","@id":"https:\/\/boardgeneration.ch\/#website","url":"https:\/\/boardgeneration.ch\/","name":"g\u00e9n\u00e9ration de conseils","description":"Retour aux sources","publisher":{"@id":"https:\/\/boardgeneration.ch\/#organization"},"potentialAction":[{"@type":"SearchAction","target":{"@type":"EntryPoint","urlTemplate":"https:\/\/boardgeneration.ch\/?s={search_term_string}"},"query-input":{"@type":"PropertyValueSpecification","valueRequired":true,"valueName":"search_term_string"}}],"inLanguage":"fr-FR"},{"@type":"Organization","@id":"https:\/\/boardgeneration.ch\/#organization","name":"g\u00e9n\u00e9ration de conseils","url":"https:\/\/boardgeneration.ch\/","logo":{"@type":"ImageObject","inLanguage":"fr-FR","@id":"https:\/\/boardgeneration.ch\/#\/schema\/logo\/image\/","url":"https:\/\/boardgeneration.ch\/wp-content\/uploads\/2019\/01\/bg-logo_mit_Text.png","contentUrl":"https:\/\/boardgeneration.ch\/wp-content\/uploads\/2019\/01\/bg-logo_mit_Text.png","width":1040,"height":1155,"caption":"board generation"},"image":{"@id":"https:\/\/boardgeneration.ch\/#\/schema\/logo\/image\/"},"sameAs":["https:\/\/www.facebook.com\/boardgeneration.ch","https:\/\/x.com\/boardgen","https:\/\/www.instagram.com\/boardgen\/"]},{"@type":"Person","@id":"https:\/\/boardgeneration.ch\/#\/schema\/person\/4727ac7b918c1fd9879a564a16734f2c","name":"Service de presse","image":{"@type":"ImageObject","inLanguage":"fr-FR","@id":"https:\/\/boardgeneration.ch\/#\/schema\/person\/image\/","url":"https:\/\/boardgeneration.ch\/wp-content\/uploads\/2019\/10\/Pile-of-letters-96x96.jpg","contentUrl":"https:\/\/boardgeneration.ch\/wp-content\/uploads\/2019\/10\/Pile-of-letters-96x96.jpg","caption":"Pressedienst"},"url":"https:\/\/boardgeneration.ch\/fr\/author\/pressedienst\/"}]}},"jetpack_featured_media_url":"https:\/\/boardgeneration.ch\/wp-content\/uploads\/2021\/04\/RNF-PRESSE_Looking-forward-to-2022_by-Rudi-Wyhlidal.jpg","jetpack_sharing_enabled":true,"amp_enabled":true,"_links":{"self":[{"href":"https:\/\/boardgeneration.ch\/fr\/wp-json\/wp\/v2\/posts\/4608","targetHints":{"allow":["GET"]}}],"collection":[{"href":"https:\/\/boardgeneration.ch\/fr\/wp-json\/wp\/v2\/posts"}],"about":[{"href":"https:\/\/boardgeneration.ch\/fr\/wp-json\/wp\/v2\/types\/post"}],"author":[{"embeddable":true,"href":"https:\/\/boardgeneration.ch\/fr\/wp-json\/wp\/v2\/users\/3"}],"replies":[{"embeddable":true,"href":"https:\/\/boardgeneration.ch\/fr\/wp-json\/wp\/v2\/comments?post=4608"}],"version-history":[{"count":3,"href":"https:\/\/boardgeneration.ch\/fr\/wp-json\/wp\/v2\/posts\/4608\/revisions"}],"predecessor-version":[{"id":4616,"href":"https:\/\/boardgeneration.ch\/fr\/wp-json\/wp\/v2\/posts\/4608\/revisions\/4616"}],"wp:featuredmedia":[{"embeddable":true,"href":"https:\/\/boardgeneration.ch\/fr\/wp-json\/wp\/v2\/media\/4609"}],"wp:attachment":[{"href":"https:\/\/boardgeneration.ch\/fr\/wp-json\/wp\/v2\/media?parent=4608"}],"wp:term":[{"taxonomy":"category","embeddable":true,"href":"https:\/\/boardgeneration.ch\/fr\/wp-json\/wp\/v2\/categories?post=4608"},{"taxonomy":"post_tag","embeddable":true,"href":"https:\/\/boardgeneration.ch\/fr\/wp-json\/wp\/v2\/tags?post=4608"}],"curies":[{"name":"wp","href":"https:\/\/api.w.org\/{rel}","templated":true}]}}