{"id":5023,"date":"2021-07-23T22:59:18","date_gmt":"2021-07-23T21:59:18","guid":{"rendered":"https:\/\/boardgeneration.ch\/?p=5023"},"modified":"2021-07-23T22:59:21","modified_gmt":"2021-07-23T21:59:21","slug":"der-hintertuxer-gletscher-eroeffnet-anfang-september-die-snowpark-und-winter-saison-in-europa","status":"publish","type":"post","link":"https:\/\/boardgeneration.ch\/fr\/der-hintertuxer-gletscher-eroeffnet-anfang-september-die-snowpark-und-winter-saison-in-europa\/","title":{"rendered":"Le glacier d'Hintertux ouvre le snowpark et la saison d'hiver en Europe au d\u00e9but du mois de septembre"},"content":{"rendered":"<span class=\"span-reading-time rt-reading-time\" style=\"display: block;\"><span class=\"rt-label rt-prefix\">Le temps de la lecture : <\/span> <span class=\"rt-time\"> &lt; 1<\/span> <span class=\"rt-label rt-postfix\">Proc\u00e8s-verbal<\/span><\/span>\n<p>Beaucoup de choses changent, mais ce qui reste constant, c'est l'enqu\u00eate annuelle de la Commission europ\u00e9enne. <a href=\"http:\/\/hotzone.tv\/\"><strong>Hotzone.tv<\/strong><\/a><strong> Ouverture d'un parc \u00e0 Hintertux<\/strong>qui aura lieu pour la 17e fois cet automne. De <strong>30 septembre - 3 octobre 2021<\/strong> le glacier d'Hintertux vous invite \u00e0 la premi\u00e8re ouverture de parc de l'hiver et ouvre ainsi traditionnellement la saison pour les snowboarders.<\/p>\n\n\n\n<figure class=\"wp-block-image size-large\"><img loading=\"lazy\" decoding=\"async\" width=\"800\" height=\"534\" data-attachment-id=\"5021\" data-permalink=\"https:\/\/boardgeneration.ch\/fr\/hotzoneopening_ethanmorgan_hintertux_by-becknaphoto\/\" data-orig-file=\"https:\/\/boardgeneration.ch\/wp-content\/uploads\/2021\/07\/HotzoneOpening_EthanMorgan_Hintertux_by-becknaphoto.jpeg\" data-orig-size=\"800,534\" data-comments-opened=\"1\" data-image-meta=\"{&quot;aperture&quot;:&quot;7.1&quot;,&quot;credit&quot;:&quot;&quot;,&quot;camera&quot;:&quot;Canon EOS R5&quot;,&quot;caption&quot;:&quot;&quot;,&quot;created_timestamp&quot;:&quot;1601548798&quot;,&quot;copyright&quot;:&quot;&quot;,&quot;focal_length&quot;:&quot;115&quot;,&quot;iso&quot;:&quot;100&quot;,&quot;shutter_speed&quot;:&quot;0.000625&quot;,&quot;title&quot;:&quot;&quot;,&quot;orientation&quot;:&quot;1&quot;}\" data-image-title=\"HotzoneOpening_EthanMorgan_Hintertux_by becknaphoto\" data-image-description=\"\" data-image-caption=\"\" data-medium-file=\"https:\/\/boardgeneration.ch\/wp-content\/uploads\/2021\/07\/HotzoneOpening_EthanMorgan_Hintertux_by-becknaphoto-300x200.jpeg\" data-large-file=\"https:\/\/boardgeneration.ch\/wp-content\/uploads\/2021\/07\/HotzoneOpening_EthanMorgan_Hintertux_by-becknaphoto.jpeg\" src=\"https:\/\/boardgeneration.ch\/wp-content\/uploads\/2021\/07\/HotzoneOpening_EthanMorgan_Hintertux_by-becknaphoto.jpeg\" alt=\"\" class=\"wp-image-5021\" srcset=\"https:\/\/boardgeneration.ch\/wp-content\/uploads\/2021\/07\/HotzoneOpening_EthanMorgan_Hintertux_by-becknaphoto.jpeg 800w, https:\/\/boardgeneration.ch\/wp-content\/uploads\/2021\/07\/HotzoneOpening_EthanMorgan_Hintertux_by-becknaphoto-300x200.jpeg 300w, https:\/\/boardgeneration.ch\/wp-content\/uploads\/2021\/07\/HotzoneOpening_EthanMorgan_Hintertux_by-becknaphoto-768x513.jpeg 768w, https:\/\/boardgeneration.ch\/wp-content\/uploads\/2021\/07\/HotzoneOpening_EthanMorgan_Hintertux_by-becknaphoto-16x12.jpeg 16w\" sizes=\"auto, (max-width: 800px) 100vw, 800px\" \/><figcaption><span class=\"media-credit\">@becknaphoto<\/span><\/figcaption><\/figure>\n\n\n\n<p>Le site <a href=\"http:\/\/hotzone.tv\/\">Hotzone.tv<\/a> L'ouverture du parc est un point fixe dans le calendrier des professionnels du snowboard, des repr\u00e9sentants du secteur, des m\u00e9dias et des amateurs de snowboard pour commencer l'hiver avec des personnes partageant les m\u00eames id\u00e9es. Il y en a pour tous les go\u00fbts : le shredding dans le Betterpark Hintertux, qui est construit et bien entretenu par Wille Kaufmann et son \u00e9quipe de Betterparks. Cet automne, Betterpark Hintertux est probablement le premier parc en Europe \u00e0 ouvrir ses portes aux freestylers d\u00e8s le d\u00e9but du mois de septembre. Dans le parc proprement dit, qui convient aussi bien aux professionnels qu'aux d\u00e9butants en freestyle avec diff\u00e9rentes lignes, vous pourrez \u00e9galement mettre \u00e0 l'\u00e9preuve les derniers \u00e9quipements des marques de snowboard pr\u00e9sentes.<\/p>\n\n\n\n<figure class=\"wp-block-image size-large\"><img loading=\"lazy\" decoding=\"async\" width=\"800\" height=\"533\" data-attachment-id=\"5020\" data-permalink=\"https:\/\/boardgeneration.ch\/fr\/hotzoneopening_betterpark-hintertux_by-becknaphoto\/\" data-orig-file=\"https:\/\/boardgeneration.ch\/wp-content\/uploads\/2021\/07\/HotzoneOpening_betterpark-Hintertux_by-becknaphoto.jpeg\" data-orig-size=\"800,533\" data-comments-opened=\"1\" data-image-meta=\"{&quot;aperture&quot;:&quot;9&quot;,&quot;credit&quot;:&quot;&quot;,&quot;camera&quot;:&quot;L1D-20c&quot;,&quot;caption&quot;:&quot;&quot;,&quot;created_timestamp&quot;:&quot;1601587995&quot;,&quot;copyright&quot;:&quot;&quot;,&quot;focal_length&quot;:&quot;10.26&quot;,&quot;iso&quot;:&quot;100&quot;,&quot;shutter_speed&quot;:&quot;0.000625&quot;,&quot;title&quot;:&quot;&quot;,&quot;orientation&quot;:&quot;1&quot;}\" data-image-title=\"HotzoneOpening_betterpark Hintertux_by becknaphoto\" data-image-description=\"\" data-image-caption=\"\" data-medium-file=\"https:\/\/boardgeneration.ch\/wp-content\/uploads\/2021\/07\/HotzoneOpening_betterpark-Hintertux_by-becknaphoto-300x200.jpeg\" data-large-file=\"https:\/\/boardgeneration.ch\/wp-content\/uploads\/2021\/07\/HotzoneOpening_betterpark-Hintertux_by-becknaphoto.jpeg\" src=\"https:\/\/boardgeneration.ch\/wp-content\/uploads\/2021\/07\/HotzoneOpening_betterpark-Hintertux_by-becknaphoto.jpeg\" alt=\"\" class=\"wp-image-5020\" srcset=\"https:\/\/boardgeneration.ch\/wp-content\/uploads\/2021\/07\/HotzoneOpening_betterpark-Hintertux_by-becknaphoto.jpeg 800w, https:\/\/boardgeneration.ch\/wp-content\/uploads\/2021\/07\/HotzoneOpening_betterpark-Hintertux_by-becknaphoto-300x200.jpeg 300w, https:\/\/boardgeneration.ch\/wp-content\/uploads\/2021\/07\/HotzoneOpening_betterpark-Hintertux_by-becknaphoto-768x512.jpeg 768w, https:\/\/boardgeneration.ch\/wp-content\/uploads\/2021\/07\/HotzoneOpening_betterpark-Hintertux_by-becknaphoto-16x12.jpeg 16w\" sizes=\"auto, (max-width: 800px) 100vw, 800px\" \/><figcaption><span class=\"media-credit\">@becknaphoto<\/span><\/figcaption><\/figure>\n\n\n\n<p>Pour la troisi\u00e8me fois, le snowboarder professionnel de Zlllertal, Werni Stock, organise le <strong>\"Invitations \u00e0 l'action Werni\"<\/strong> - la premi\u00e8re session de grand air de la saison. Un autre temps fort sera la troisi\u00e8me \u00e9dition de la <strong>\"Metal Battle Night Rail Contest\" organis\u00e9 par SANE ! Snowboarding<\/strong> a lieu. Ici, les jibbers rivalisent pour la gloire et l'honneur. Et enfin, les jeunes snowboarders pourront tester leurs comp\u00e9tences \u00e0 l'\u00e9cole de ski. <strong>Session pour enfants<\/strong> et de rivaliser avec les autres enfants de mani\u00e8re ludique. Bon \u00e0 savoir : La Snowcard est valable \u00e0 partir du 1er octobre et peut \u00eatre utilis\u00e9e \u00e0 l'ouverture.<\/p>\n\n\n\n<p>Les d\u00e9tails du programme de soutien seront disponibles \u00e0 partir de la fin du mois d'ao\u00fbt. Toutes les mesures Covid-19 en vigueur au moment de l'\u00e9v\u00e9nement seront appliqu\u00e9es dans le cadre d'un concept de s\u00e9curit\u00e9, comme en 2020.<br>Plus de d\u00e9tails et de mises \u00e0 jour sur le <a href=\"http:\/\/hotzone.tv\/\" target=\"_blank\" rel=\"noreferrer noopener\">Hotzone.tv<\/a> Ouverture du parc en 2021 :<br><a href=\"http:\/\/opening.hotzone.tv\/\" target=\"_blank\" rel=\"noreferrer noopener\">site web<\/a> - <a href=\"https:\/\/www.facebook.com\/HotzoneParkOpeningHintertux\/\" target=\"_blank\" rel=\"noreferrer noopener\">Facebook<\/a> - <a href=\"https:\/\/www.instagram.com\/saac_alpine\/\" target=\"_blank\" rel=\"noreferrer noopener\">Instagram<\/a> - <a href=\"https:\/\/boardgeneration.ch\/fr\/tag\/hotzoneopening\/\">1TP3Ouverture de la zone<\/a> -\u00a0<a href=\"https:\/\/www.tux.at\/\" target=\"_blank\" rel=\"noreferrer noopener\">H\u00e9bergement<\/a><\/p>","protected":false},"excerpt":{"rendered":"<p>Vieles ist im Wandel, aber konstant ist und bleibt das j\u00e4hrliche Hotzone.tv Park Opening in Hintertux, das diesen Herbst zum 17. Mal \u00fcber die B\u00fchne geht. Vom 30. September \u2013 3. Oktober 2021 l\u00e4dt der Hintertuxer Gletscher zum ersten Park Opening des Winters und er\u00f6ffnet damit traditionell die Saison der Snowboarder. Das Hotzone.tv Park Opening [&hellip;]<\/p>\n","protected":false},"author":3,"featured_media":5022,"comment_status":"open","ping_status":"open","sticky":false,"template":"","format":"standard","meta":{"_jetpack_memberships_contains_paid_content":false,"footnotes":""},"categories":[173],"tags":[30900,30749,32193,11686,32182],"class_list":["post-5023","post","type-post","status-publish","format-standard","has-post-thumbnail","hentry","category-news","tag-betterpark","tag-hintertux","tag-hotzoneopening","tag-snowboard","tag-snowboarder"],"yoast_head":"<!-- This site is optimized with the Yoast SEO plugin v26.8 - https:\/\/yoast.com\/product\/yoast-seo-wordpress\/ -->\n<title>Der Hintertuxer Gletscher er\u00f6ffnet Anfang September die Snowpark- und Winter-Saison in Europa - Board Generation<\/title>\n<meta name=\"robots\" content=\"index, follow, max-snippet:-1, max-image-preview:large, max-video-preview:-1\" \/>\n<link rel=\"canonical\" href=\"https:\/\/boardgeneration.ch\/fr\/der-hintertuxer-gletscher-eroeffnet-anfang-september-die-snowpark-und-winter-saison-in-europa\/\" \/>\n<meta property=\"og:locale\" content=\"fr_FR\" \/>\n<meta property=\"og:type\" content=\"article\" \/>\n<meta property=\"og:title\" content=\"Der Hintertuxer Gletscher er\u00f6ffnet Anfang September die Snowpark- und Winter-Saison in Europa - Board Generation\" \/>\n<meta property=\"og:description\" content=\"Vieles ist im Wandel, aber konstant ist und bleibt das j\u00e4hrliche Hotzone.tv Park Opening in Hintertux, das diesen Herbst zum 17. Mal \u00fcber die B\u00fchne geht. Vom 30. September \u2013 3. Oktober 2021 l\u00e4dt der Hintertuxer Gletscher zum ersten Park Opening des Winters und er\u00f6ffnet damit traditionell die Saison der Snowboarder. Das Hotzone.tv Park Opening [&hellip;]\" \/>\n<meta property=\"og:url\" content=\"https:\/\/boardgeneration.ch\/fr\/der-hintertuxer-gletscher-eroeffnet-anfang-september-die-snowpark-und-winter-saison-in-europa\/\" \/>\n<meta property=\"og:site_name\" content=\"Board Generation\" \/>\n<meta property=\"article:publisher\" content=\"https:\/\/www.facebook.com\/boardgeneration.ch\" \/>\n<meta property=\"article:published_time\" content=\"2021-07-23T21:59:18+00:00\" \/>\n<meta property=\"article:modified_time\" content=\"2021-07-23T21:59:21+00:00\" \/>\n<meta property=\"og:image\" content=\"https:\/\/boardgeneration.ch\/wp-content\/uploads\/2021\/07\/HotzoneOpening_WerniStock-and-TorsteinHorgmo_Hintertux_bybecknaphoto.jpeg\" \/>\n\t<meta property=\"og:image:width\" content=\"800\" \/>\n\t<meta property=\"og:image:height\" content=\"534\" \/>\n\t<meta property=\"og:image:type\" content=\"image\/jpeg\" \/>\n<meta name=\"author\" content=\"Pressedienst\" \/>\n<meta name=\"twitter:card\" content=\"summary_large_image\" \/>\n<meta name=\"twitter:creator\" content=\"@boardgen\" \/>\n<meta name=\"twitter:site\" content=\"@boardgen\" \/>\n<meta name=\"twitter:label1\" content=\"\u00c9crit par\" \/>\n\t<meta name=\"twitter:data1\" content=\"Pressedienst\" \/>\n\t<meta name=\"twitter:label2\" content=\"Dur\u00e9e de lecture estim\u00e9e\" \/>\n\t<meta name=\"twitter:data2\" content=\"2 minutes\" \/>\n<script type=\"application\/ld+json\" class=\"yoast-schema-graph\">{\"@context\":\"https:\/\/schema.org\",\"@graph\":[{\"@type\":\"Article\",\"@id\":\"https:\/\/boardgeneration.ch\/en\/der-hintertuxer-gletscher-eroeffnet-anfang-september-die-snowpark-und-winter-saison-in-europa\/#article\",\"isPartOf\":{\"@id\":\"https:\/\/boardgeneration.ch\/en\/der-hintertuxer-gletscher-eroeffnet-anfang-september-die-snowpark-und-winter-saison-in-europa\/\"},\"author\":{\"name\":\"Pressedienst\",\"@id\":\"https:\/\/boardgeneration.ch\/#\/schema\/person\/4727ac7b918c1fd9879a564a16734f2c\"},\"headline\":\"Der Hintertuxer Gletscher er\u00f6ffnet Anfang September die Snowpark- und Winter-Saison in Europa\",\"datePublished\":\"2021-07-23T21:59:18+00:00\",\"dateModified\":\"2021-07-23T21:59:21+00:00\",\"mainEntityOfPage\":{\"@id\":\"https:\/\/boardgeneration.ch\/en\/der-hintertuxer-gletscher-eroeffnet-anfang-september-die-snowpark-und-winter-saison-in-europa\/\"},\"wordCount\":313,\"commentCount\":0,\"publisher\":{\"@id\":\"https:\/\/boardgeneration.ch\/#organization\"},\"image\":{\"@id\":\"https:\/\/boardgeneration.ch\/en\/der-hintertuxer-gletscher-eroeffnet-anfang-september-die-snowpark-und-winter-saison-in-europa\/#primaryimage\"},\"thumbnailUrl\":\"https:\/\/boardgeneration.ch\/wp-content\/uploads\/2021\/07\/HotzoneOpening_WerniStock-and-TorsteinHorgmo_Hintertux_bybecknaphoto.jpeg\",\"keywords\":[\"Betterpark\",\"Hintertux\",\"hotzoneopening\",\"Snowboard\",\"Snowboarder\"],\"articleSection\":[\"news\"],\"inLanguage\":\"fr-FR\",\"potentialAction\":[{\"@type\":\"CommentAction\",\"name\":\"Comment\",\"target\":[\"https:\/\/boardgeneration.ch\/en\/der-hintertuxer-gletscher-eroeffnet-anfang-september-die-snowpark-und-winter-saison-in-europa\/#respond\"]}]},{\"@type\":\"WebPage\",\"@id\":\"https:\/\/boardgeneration.ch\/en\/der-hintertuxer-gletscher-eroeffnet-anfang-september-die-snowpark-und-winter-saison-in-europa\/\",\"url\":\"https:\/\/boardgeneration.ch\/en\/der-hintertuxer-gletscher-eroeffnet-anfang-september-die-snowpark-und-winter-saison-in-europa\/\",\"name\":\"Der Hintertuxer Gletscher er\u00f6ffnet Anfang September die Snowpark- und Winter-Saison in Europa - Board Generation\",\"isPartOf\":{\"@id\":\"https:\/\/boardgeneration.ch\/#website\"},\"primaryImageOfPage\":{\"@id\":\"https:\/\/boardgeneration.ch\/en\/der-hintertuxer-gletscher-eroeffnet-anfang-september-die-snowpark-und-winter-saison-in-europa\/#primaryimage\"},\"image\":{\"@id\":\"https:\/\/boardgeneration.ch\/en\/der-hintertuxer-gletscher-eroeffnet-anfang-september-die-snowpark-und-winter-saison-in-europa\/#primaryimage\"},\"thumbnailUrl\":\"https:\/\/boardgeneration.ch\/wp-content\/uploads\/2021\/07\/HotzoneOpening_WerniStock-and-TorsteinHorgmo_Hintertux_bybecknaphoto.jpeg\",\"datePublished\":\"2021-07-23T21:59:18+00:00\",\"dateModified\":\"2021-07-23T21:59:21+00:00\",\"breadcrumb\":{\"@id\":\"https:\/\/boardgeneration.ch\/en\/der-hintertuxer-gletscher-eroeffnet-anfang-september-die-snowpark-und-winter-saison-in-europa\/#breadcrumb\"},\"inLanguage\":\"fr-FR\",\"potentialAction\":[{\"@type\":\"ReadAction\",\"target\":[\"https:\/\/boardgeneration.ch\/en\/der-hintertuxer-gletscher-eroeffnet-anfang-september-die-snowpark-und-winter-saison-in-europa\/\"]}]},{\"@type\":\"ImageObject\",\"inLanguage\":\"fr-FR\",\"@id\":\"https:\/\/boardgeneration.ch\/en\/der-hintertuxer-gletscher-eroeffnet-anfang-september-die-snowpark-und-winter-saison-in-europa\/#primaryimage\",\"url\":\"https:\/\/boardgeneration.ch\/wp-content\/uploads\/2021\/07\/HotzoneOpening_WerniStock-and-TorsteinHorgmo_Hintertux_bybecknaphoto.jpeg\",\"contentUrl\":\"https:\/\/boardgeneration.ch\/wp-content\/uploads\/2021\/07\/HotzoneOpening_WerniStock-and-TorsteinHorgmo_Hintertux_bybecknaphoto.jpeg\",\"width\":800,\"height\":534},{\"@type\":\"BreadcrumbList\",\"@id\":\"https:\/\/boardgeneration.ch\/en\/der-hintertuxer-gletscher-eroeffnet-anfang-september-die-snowpark-und-winter-saison-in-europa\/#breadcrumb\",\"itemListElement\":[{\"@type\":\"ListItem\",\"position\":1,\"name\":\"Startseite\",\"item\":\"https:\/\/boardgeneration.ch\/\"},{\"@type\":\"ListItem\",\"position\":2,\"name\":\"Der Hintertuxer Gletscher er\u00f6ffnet Anfang September die Snowpark- und Winter-Saison in Europa\"}]},{\"@type\":\"WebSite\",\"@id\":\"https:\/\/boardgeneration.ch\/#website\",\"url\":\"https:\/\/boardgeneration.ch\/\",\"name\":\"board generation\",\"description\":\"Back to the Roots\",\"publisher\":{\"@id\":\"https:\/\/boardgeneration.ch\/#organization\"},\"potentialAction\":[{\"@type\":\"SearchAction\",\"target\":{\"@type\":\"EntryPoint\",\"urlTemplate\":\"https:\/\/boardgeneration.ch\/?s={search_term_string}\"},\"query-input\":{\"@type\":\"PropertyValueSpecification\",\"valueRequired\":true,\"valueName\":\"search_term_string\"}}],\"inLanguage\":\"fr-FR\"},{\"@type\":\"Organization\",\"@id\":\"https:\/\/boardgeneration.ch\/#organization\",\"name\":\"board generation\",\"url\":\"https:\/\/boardgeneration.ch\/\",\"logo\":{\"@type\":\"ImageObject\",\"inLanguage\":\"fr-FR\",\"@id\":\"https:\/\/boardgeneration.ch\/#\/schema\/logo\/image\/\",\"url\":\"https:\/\/boardgeneration.ch\/wp-content\/uploads\/2019\/01\/bg-logo_mit_Text.png\",\"contentUrl\":\"https:\/\/boardgeneration.ch\/wp-content\/uploads\/2019\/01\/bg-logo_mit_Text.png\",\"width\":1040,\"height\":1155,\"caption\":\"board generation\"},\"image\":{\"@id\":\"https:\/\/boardgeneration.ch\/#\/schema\/logo\/image\/\"},\"sameAs\":[\"https:\/\/www.facebook.com\/boardgeneration.ch\",\"https:\/\/x.com\/boardgen\",\"https:\/\/www.instagram.com\/boardgen\/\"]},{\"@type\":\"Person\",\"@id\":\"https:\/\/boardgeneration.ch\/#\/schema\/person\/4727ac7b918c1fd9879a564a16734f2c\",\"name\":\"Pressedienst\",\"image\":{\"@type\":\"ImageObject\",\"inLanguage\":\"fr-FR\",\"@id\":\"https:\/\/boardgeneration.ch\/#\/schema\/person\/image\/\",\"url\":\"https:\/\/boardgeneration.ch\/wp-content\/uploads\/2019\/10\/Pile-of-letters-96x96.jpg\",\"contentUrl\":\"https:\/\/boardgeneration.ch\/wp-content\/uploads\/2019\/10\/Pile-of-letters-96x96.jpg\",\"caption\":\"Pressedienst\"},\"url\":\"https:\/\/boardgeneration.ch\/fr\/author\/pressedienst\/\"}]}<\/script>\n<!-- \/ Yoast SEO plugin. -->","yoast_head_json":{"title":"Der Hintertuxer Gletscher er\u00f6ffnet Anfang September die Snowpark- und Winter-Saison in Europa - Board Generation","robots":{"index":"index","follow":"follow","max-snippet":"max-snippet:-1","max-image-preview":"max-image-preview:large","max-video-preview":"max-video-preview:-1"},"canonical":"https:\/\/boardgeneration.ch\/fr\/der-hintertuxer-gletscher-eroeffnet-anfang-september-die-snowpark-und-winter-saison-in-europa\/","og_locale":"fr_FR","og_type":"article","og_title":"Der Hintertuxer Gletscher er\u00f6ffnet Anfang September die Snowpark- und Winter-Saison in Europa - Board Generation","og_description":"Vieles ist im Wandel, aber konstant ist und bleibt das j\u00e4hrliche Hotzone.tv Park Opening in Hintertux, das diesen Herbst zum 17. Mal \u00fcber die B\u00fchne geht. Vom 30. September \u2013 3. Oktober 2021 l\u00e4dt der Hintertuxer Gletscher zum ersten Park Opening des Winters und er\u00f6ffnet damit traditionell die Saison der Snowboarder. Das Hotzone.tv Park Opening [&hellip;]","og_url":"https:\/\/boardgeneration.ch\/fr\/der-hintertuxer-gletscher-eroeffnet-anfang-september-die-snowpark-und-winter-saison-in-europa\/","og_site_name":"Board Generation","article_publisher":"https:\/\/www.facebook.com\/boardgeneration.ch","article_published_time":"2021-07-23T21:59:18+00:00","article_modified_time":"2021-07-23T21:59:21+00:00","og_image":[{"width":800,"height":534,"url":"https:\/\/boardgeneration.ch\/wp-content\/uploads\/2021\/07\/HotzoneOpening_WerniStock-and-TorsteinHorgmo_Hintertux_bybecknaphoto.jpeg","type":"image\/jpeg"}],"author":"Pressedienst","twitter_card":"summary_large_image","twitter_creator":"@boardgen","twitter_site":"@boardgen","twitter_misc":{"\u00c9crit par":"Pressedienst","Dur\u00e9e de lecture estim\u00e9e":"2 minutes"},"schema":{"@context":"https:\/\/schema.org","@graph":[{"@type":"Article","@id":"https:\/\/boardgeneration.ch\/en\/der-hintertuxer-gletscher-eroeffnet-anfang-september-die-snowpark-und-winter-saison-in-europa\/#article","isPartOf":{"@id":"https:\/\/boardgeneration.ch\/en\/der-hintertuxer-gletscher-eroeffnet-anfang-september-die-snowpark-und-winter-saison-in-europa\/"},"author":{"name":"Pressedienst","@id":"https:\/\/boardgeneration.ch\/#\/schema\/person\/4727ac7b918c1fd9879a564a16734f2c"},"headline":"Der Hintertuxer Gletscher er\u00f6ffnet Anfang September die Snowpark- und Winter-Saison in Europa","datePublished":"2021-07-23T21:59:18+00:00","dateModified":"2021-07-23T21:59:21+00:00","mainEntityOfPage":{"@id":"https:\/\/boardgeneration.ch\/en\/der-hintertuxer-gletscher-eroeffnet-anfang-september-die-snowpark-und-winter-saison-in-europa\/"},"wordCount":313,"commentCount":0,"publisher":{"@id":"https:\/\/boardgeneration.ch\/#organization"},"image":{"@id":"https:\/\/boardgeneration.ch\/en\/der-hintertuxer-gletscher-eroeffnet-anfang-september-die-snowpark-und-winter-saison-in-europa\/#primaryimage"},"thumbnailUrl":"https:\/\/boardgeneration.ch\/wp-content\/uploads\/2021\/07\/HotzoneOpening_WerniStock-and-TorsteinHorgmo_Hintertux_bybecknaphoto.jpeg","keywords":["Betterpark","Hintertux","hotzoneopening","Snowboard","Snowboarder"],"articleSection":["news"],"inLanguage":"fr-FR","potentialAction":[{"@type":"CommentAction","name":"Comment","target":["https:\/\/boardgeneration.ch\/en\/der-hintertuxer-gletscher-eroeffnet-anfang-september-die-snowpark-und-winter-saison-in-europa\/#respond"]}]},{"@type":"WebPage","@id":"https:\/\/boardgeneration.ch\/en\/der-hintertuxer-gletscher-eroeffnet-anfang-september-die-snowpark-und-winter-saison-in-europa\/","url":"https:\/\/boardgeneration.ch\/en\/der-hintertuxer-gletscher-eroeffnet-anfang-september-die-snowpark-und-winter-saison-in-europa\/","name":"Der Hintertuxer Gletscher er\u00f6ffnet Anfang September die Snowpark- und Winter-Saison in Europa - Board Generation","isPartOf":{"@id":"https:\/\/boardgeneration.ch\/#website"},"primaryImageOfPage":{"@id":"https:\/\/boardgeneration.ch\/en\/der-hintertuxer-gletscher-eroeffnet-anfang-september-die-snowpark-und-winter-saison-in-europa\/#primaryimage"},"image":{"@id":"https:\/\/boardgeneration.ch\/en\/der-hintertuxer-gletscher-eroeffnet-anfang-september-die-snowpark-und-winter-saison-in-europa\/#primaryimage"},"thumbnailUrl":"https:\/\/boardgeneration.ch\/wp-content\/uploads\/2021\/07\/HotzoneOpening_WerniStock-and-TorsteinHorgmo_Hintertux_bybecknaphoto.jpeg","datePublished":"2021-07-23T21:59:18+00:00","dateModified":"2021-07-23T21:59:21+00:00","breadcrumb":{"@id":"https:\/\/boardgeneration.ch\/en\/der-hintertuxer-gletscher-eroeffnet-anfang-september-die-snowpark-und-winter-saison-in-europa\/#breadcrumb"},"inLanguage":"fr-FR","potentialAction":[{"@type":"ReadAction","target":["https:\/\/boardgeneration.ch\/en\/der-hintertuxer-gletscher-eroeffnet-anfang-september-die-snowpark-und-winter-saison-in-europa\/"]}]},{"@type":"ImageObject","inLanguage":"fr-FR","@id":"https:\/\/boardgeneration.ch\/en\/der-hintertuxer-gletscher-eroeffnet-anfang-september-die-snowpark-und-winter-saison-in-europa\/#primaryimage","url":"https:\/\/boardgeneration.ch\/wp-content\/uploads\/2021\/07\/HotzoneOpening_WerniStock-and-TorsteinHorgmo_Hintertux_bybecknaphoto.jpeg","contentUrl":"https:\/\/boardgeneration.ch\/wp-content\/uploads\/2021\/07\/HotzoneOpening_WerniStock-and-TorsteinHorgmo_Hintertux_bybecknaphoto.jpeg","width":800,"height":534},{"@type":"BreadcrumbList","@id":"https:\/\/boardgeneration.ch\/en\/der-hintertuxer-gletscher-eroeffnet-anfang-september-die-snowpark-und-winter-saison-in-europa\/#breadcrumb","itemListElement":[{"@type":"ListItem","position":1,"name":"Startseite","item":"https:\/\/boardgeneration.ch\/"},{"@type":"ListItem","position":2,"name":"Der Hintertuxer Gletscher er\u00f6ffnet Anfang September die Snowpark- und Winter-Saison in Europa"}]},{"@type":"WebSite","@id":"https:\/\/boardgeneration.ch\/#website","url":"https:\/\/boardgeneration.ch\/","name":"g\u00e9n\u00e9ration de conseils","description":"Retour aux sources","publisher":{"@id":"https:\/\/boardgeneration.ch\/#organization"},"potentialAction":[{"@type":"SearchAction","target":{"@type":"EntryPoint","urlTemplate":"https:\/\/boardgeneration.ch\/?s={search_term_string}"},"query-input":{"@type":"PropertyValueSpecification","valueRequired":true,"valueName":"search_term_string"}}],"inLanguage":"fr-FR"},{"@type":"Organization","@id":"https:\/\/boardgeneration.ch\/#organization","name":"g\u00e9n\u00e9ration de conseils","url":"https:\/\/boardgeneration.ch\/","logo":{"@type":"ImageObject","inLanguage":"fr-FR","@id":"https:\/\/boardgeneration.ch\/#\/schema\/logo\/image\/","url":"https:\/\/boardgeneration.ch\/wp-content\/uploads\/2019\/01\/bg-logo_mit_Text.png","contentUrl":"https:\/\/boardgeneration.ch\/wp-content\/uploads\/2019\/01\/bg-logo_mit_Text.png","width":1040,"height":1155,"caption":"board generation"},"image":{"@id":"https:\/\/boardgeneration.ch\/#\/schema\/logo\/image\/"},"sameAs":["https:\/\/www.facebook.com\/boardgeneration.ch","https:\/\/x.com\/boardgen","https:\/\/www.instagram.com\/boardgen\/"]},{"@type":"Person","@id":"https:\/\/boardgeneration.ch\/#\/schema\/person\/4727ac7b918c1fd9879a564a16734f2c","name":"Service de presse","image":{"@type":"ImageObject","inLanguage":"fr-FR","@id":"https:\/\/boardgeneration.ch\/#\/schema\/person\/image\/","url":"https:\/\/boardgeneration.ch\/wp-content\/uploads\/2019\/10\/Pile-of-letters-96x96.jpg","contentUrl":"https:\/\/boardgeneration.ch\/wp-content\/uploads\/2019\/10\/Pile-of-letters-96x96.jpg","caption":"Pressedienst"},"url":"https:\/\/boardgeneration.ch\/fr\/author\/pressedienst\/"}]}},"jetpack_featured_media_url":"https:\/\/boardgeneration.ch\/wp-content\/uploads\/2021\/07\/HotzoneOpening_WerniStock-and-TorsteinHorgmo_Hintertux_bybecknaphoto.jpeg","jetpack_sharing_enabled":true,"amp_enabled":true,"_links":{"self":[{"href":"https:\/\/boardgeneration.ch\/fr\/wp-json\/wp\/v2\/posts\/5023","targetHints":{"allow":["GET"]}}],"collection":[{"href":"https:\/\/boardgeneration.ch\/fr\/wp-json\/wp\/v2\/posts"}],"about":[{"href":"https:\/\/boardgeneration.ch\/fr\/wp-json\/wp\/v2\/types\/post"}],"author":[{"embeddable":true,"href":"https:\/\/boardgeneration.ch\/fr\/wp-json\/wp\/v2\/users\/3"}],"replies":[{"embeddable":true,"href":"https:\/\/boardgeneration.ch\/fr\/wp-json\/wp\/v2\/comments?post=5023"}],"version-history":[{"count":1,"href":"https:\/\/boardgeneration.ch\/fr\/wp-json\/wp\/v2\/posts\/5023\/revisions"}],"predecessor-version":[{"id":5024,"href":"https:\/\/boardgeneration.ch\/fr\/wp-json\/wp\/v2\/posts\/5023\/revisions\/5024"}],"wp:featuredmedia":[{"embeddable":true,"href":"https:\/\/boardgeneration.ch\/fr\/wp-json\/wp\/v2\/media\/5022"}],"wp:attachment":[{"href":"https:\/\/boardgeneration.ch\/fr\/wp-json\/wp\/v2\/media?parent=5023"}],"wp:term":[{"taxonomy":"category","embeddable":true,"href":"https:\/\/boardgeneration.ch\/fr\/wp-json\/wp\/v2\/categories?post=5023"},{"taxonomy":"post_tag","embeddable":true,"href":"https:\/\/boardgeneration.ch\/fr\/wp-json\/wp\/v2\/tags?post=5023"}],"curies":[{"name":"wp","href":"https:\/\/api.w.org\/{rel}","templated":true}]}}