{"id":5446,"date":"2021-12-12T23:04:52","date_gmt":"2021-12-12T22:04:52","guid":{"rendered":"https:\/\/boardgeneration.ch\/?p=5446"},"modified":"2021-12-12T23:11:14","modified_gmt":"2021-12-12T22:11:14","slug":"tourstart-der-9-zillertal-vaelley-raelley","status":"publish","type":"post","link":"https:\/\/boardgeneration.ch\/fr\/tourstart-der-9-zillertal-vaelley-raelley\/","title":{"rendered":"D\u00e9but de la tourn\u00e9e de la 9e \u00e9dition du Zillertal V\u00c4LLEY R\u00c4LLEY"},"content":{"rendered":"<span class=\"span-reading-time rt-reading-time\" style=\"display: block;\"><span class=\"rt-label rt-prefix\">Le temps de la lecture : <\/span> <span class=\"rt-time\"> 2<\/span> <span class=\"rt-label rt-postfix\">proc\u00e8s-verbal<\/span><\/span>\n<p><strong>Sous des conditions de s\u00e9curit\u00e9 strictes, le Zillertal V\u00c4LLEY R\u00c4LLEY hosted by Blue Tomato &amp; Ride Snowboards d\u00e9butera sa neuvi\u00e8me saison les 18 et 19 d\u00e9cembre dans la r\u00e9gion de ski de Hochzillertal - Kaltenbach. La s\u00e9rie populaire de snowboard amateur du Zillertal offre aux jeunes talents, dans le respect de la r\u00e8gle des 2G, la possibilit\u00e9 de participer \u00e0 des coachings freestyle gratuits et de se mesurer \u00e0 des concurrents de leur \u00e2ge lors de la comp\u00e9tition ouverte de slopestyle. L'inscription en ligne est ouverte d\u00e8s maintenant sur <a href=\"http:\/\/www.valleyralley.at\" target=\"_blank\" rel=\"noreferrer noopener\">www.valleyralley.at<\/a> a \u00e9t\u00e9 activ\u00e9. L'inscription sera cl\u00f4tur\u00e9e le jeudi 16 d\u00e9cembre et les places sont limit\u00e9es, alors n'h\u00e9sitez pas !<\/strong><\/p>\n\n\n\n<figure class=\"wp-block-image size-large\"><img loading=\"lazy\" decoding=\"async\" width=\"1024\" height=\"355\" data-attachment-id=\"5445\" data-permalink=\"https:\/\/boardgeneration.ch\/fr\/zvr2122_visual_low-kopie\/\" data-orig-file=\"https:\/\/boardgeneration.ch\/wp-content\/uploads\/2021\/12\/ZVR2122_visual_low-Kopie.jpg\" data-orig-size=\"1807,626\" data-comments-opened=\"1\" data-image-meta=\"{&quot;aperture&quot;:&quot;0&quot;,&quot;credit&quot;:&quot;&quot;,&quot;camera&quot;:&quot;&quot;,&quot;caption&quot;:&quot;&quot;,&quot;created_timestamp&quot;:&quot;0&quot;,&quot;copyright&quot;:&quot;&quot;,&quot;focal_length&quot;:&quot;0&quot;,&quot;iso&quot;:&quot;0&quot;,&quot;shutter_speed&quot;:&quot;0&quot;,&quot;title&quot;:&quot;&quot;,&quot;orientation&quot;:&quot;0&quot;}\" data-image-title=\"ZVR2122_visual_low Kopie\" data-image-description=\"\" data-image-caption=\"\" data-medium-file=\"https:\/\/boardgeneration.ch\/wp-content\/uploads\/2021\/12\/ZVR2122_visual_low-Kopie-300x104.jpg\" data-large-file=\"https:\/\/boardgeneration.ch\/wp-content\/uploads\/2021\/12\/ZVR2122_visual_low-Kopie-1024x355.jpg\" src=\"https:\/\/boardgeneration.ch\/wp-content\/uploads\/2021\/12\/ZVR2122_visual_low-Kopie-1024x355.jpg\" alt=\"\" class=\"wp-image-5445\" srcset=\"https:\/\/boardgeneration.ch\/wp-content\/uploads\/2021\/12\/ZVR2122_visual_low-Kopie-1024x355.jpg 1024w, https:\/\/boardgeneration.ch\/wp-content\/uploads\/2021\/12\/ZVR2122_visual_low-Kopie-300x104.jpg 300w, https:\/\/boardgeneration.ch\/wp-content\/uploads\/2021\/12\/ZVR2122_visual_low-Kopie-768x266.jpg 768w, https:\/\/boardgeneration.ch\/wp-content\/uploads\/2021\/12\/ZVR2122_visual_low-Kopie-1536x532.jpg 1536w, https:\/\/boardgeneration.ch\/wp-content\/uploads\/2021\/12\/ZVR2122_visual_low-Kopie-18x6.jpg 18w, https:\/\/boardgeneration.ch\/wp-content\/uploads\/2021\/12\/ZVR2122_visual_low-Kopie.jpg 1807w\" sizes=\"auto, (max-width: 1024px) 100vw, 1024px\" \/><figcaption><span class=\"media-credit\"> <\/span><\/figcaption><\/figure>\n\n\n\n<p>Il y a de bonnes nouvelles ! Le samedi 11 d\u00e9cembre, le domaine skiable Hochzillertal - Kaltenbach a lanc\u00e9 sa saison d'hiver. Et le 18 d\u00e9cembre, le Betterpark Hochzillertal f\u00eatera son entr\u00e9e dans la saison avec le 1er Zillertal V\u00c4LLEY R\u00c4LLEY Tourstopp. Tant les clients des remont\u00e9es m\u00e9caniques que ceux du Zillertal V\u00c4LLEY R\u00c4LLEY sont soumis \u00e0 la r\u00e8gle des 2G ainsi qu'\u00e0 l'obligation de porter un masque FFP-2 dans les espaces ferm\u00e9s, lors de l'inscription, dans les t\u00e9l\u00e9cabines et lors de la remise des prix, comme cela a \u00e9t\u00e9 prouv\u00e9.<\/p>\n\n\n\n<p>Martha Schultz, de la soci\u00e9t\u00e9 de remont\u00e9es m\u00e9caniques Hochzillertal-Kaltenbach, se r\u00e9jouit de pouvoir \u00e0 nouveau proposer un \u00e9v\u00e9nement phare aux jeunes snowboarders : \"Le snowpark est shap\u00e9 et le premier arr\u00eat de la tourn\u00e9e Zillertal V\u00c4LLEY R\u00c4LLEY peut commencer. Nous sommes tr\u00e8s impatients d'accueillir nos jeunes talents du snowboard. Il ne reste plus qu'\u00e0 s'inscrire et nous, les habitants de Hochzillertal, sommes d\u00e9j\u00e0 tr\u00e8s impatients de participer \u00e0 cet \u00e9v\u00e9nement\".<\/p>\n\n\n\n<figure class=\"wp-block-image size-large\"><img loading=\"lazy\" decoding=\"async\" width=\"1024\" height=\"683\" data-attachment-id=\"5442\" data-permalink=\"https:\/\/boardgeneration.ch\/fr\/ryoma-kimata\/\" data-orig-file=\"https:\/\/boardgeneration.ch\/wp-content\/uploads\/2021\/12\/18-12-22_zvr_Kaltenbach_Contest__Ryoma-Kimata__by_Gustav_Ohlsson_highres-scaled.jpg\" data-orig-size=\"2560,1707\" data-comments-opened=\"1\" data-image-meta=\"{&quot;aperture&quot;:&quot;11&quot;,&quot;credit&quot;:&quot;&quot;,&quot;camera&quot;:&quot;X-T10&quot;,&quot;caption&quot;:&quot;Ryoma Kimata&quot;,&quot;created_timestamp&quot;:&quot;1545491774&quot;,&quot;copyright&quot;:&quot;Gustav Ohlsson - gustav@gustavohlsson.se&quot;,&quot;focal_length&quot;:&quot;15&quot;,&quot;iso&quot;:&quot;400&quot;,&quot;shutter_speed&quot;:&quot;0.001&quot;,&quot;title&quot;:&quot;Ryoma Kimata&quot;,&quot;orientation&quot;:&quot;0&quot;}\" data-image-title=\"Ryoma Kimata\" data-image-description=\"\" data-image-caption=\"&lt;p&gt;Ryoma Kimata&lt;\/p&gt;\" data-medium-file=\"https:\/\/boardgeneration.ch\/wp-content\/uploads\/2021\/12\/18-12-22_zvr_Kaltenbach_Contest__Ryoma-Kimata__by_Gustav_Ohlsson_highres-300x200.jpg\" data-large-file=\"https:\/\/boardgeneration.ch\/wp-content\/uploads\/2021\/12\/18-12-22_zvr_Kaltenbach_Contest__Ryoma-Kimata__by_Gustav_Ohlsson_highres-1024x683.jpg\" src=\"https:\/\/boardgeneration.ch\/wp-content\/uploads\/2021\/12\/18-12-22_zvr_Kaltenbach_Contest__Ryoma-Kimata__by_Gustav_Ohlsson_highres-1024x683.jpg\" alt=\"\" class=\"wp-image-5442\" srcset=\"https:\/\/boardgeneration.ch\/wp-content\/uploads\/2021\/12\/18-12-22_zvr_Kaltenbach_Contest__Ryoma-Kimata__by_Gustav_Ohlsson_highres-1024x683.jpg 1024w, https:\/\/boardgeneration.ch\/wp-content\/uploads\/2021\/12\/18-12-22_zvr_Kaltenbach_Contest__Ryoma-Kimata__by_Gustav_Ohlsson_highres-300x200.jpg 300w, https:\/\/boardgeneration.ch\/wp-content\/uploads\/2021\/12\/18-12-22_zvr_Kaltenbach_Contest__Ryoma-Kimata__by_Gustav_Ohlsson_highres-768x512.jpg 768w, https:\/\/boardgeneration.ch\/wp-content\/uploads\/2021\/12\/18-12-22_zvr_Kaltenbach_Contest__Ryoma-Kimata__by_Gustav_Ohlsson_highres-1536x1024.jpg 1536w, https:\/\/boardgeneration.ch\/wp-content\/uploads\/2021\/12\/18-12-22_zvr_Kaltenbach_Contest__Ryoma-Kimata__by_Gustav_Ohlsson_highres-2048x1365.jpg 2048w, https:\/\/boardgeneration.ch\/wp-content\/uploads\/2021\/12\/18-12-22_zvr_Kaltenbach_Contest__Ryoma-Kimata__by_Gustav_Ohlsson_highres-18x12.jpg 18w\" sizes=\"auto, (max-width: 1024px) 100vw, 1024px\" \/><figcaption><span class=\"media-credit\">\u00a9 Gustav Ohlsson - gustav@gustavohlsson.se<\/span> Ryoma Kimata<\/figcaption><\/figure>\n\n\n\n<p>Pendant la journ\u00e9e de coaching, les participants s'entra\u00eeneront en petits groupes dans le Betterpark Hochzillertal et pourront tester gratuitement les derniers snowboards et fixations de Ride. Le jour du contest, des \u00e9quipes de toute l'Europe participeront \u00e0 la comp\u00e9tition ouverte de snowboard V\u00c4LLEY R\u00c4LLEY sur le parcours de slopestyle. Les vainqueurs du jour seront r\u00e9compens\u00e9s par de nombreuses m\u00e9dailles, de l'argent et des prix en nature. Le meilleur trick de la journ\u00e9e sera \u00e9galement r\u00e9compens\u00e9 par un prix sp\u00e9cial de Horsefeathers.<\/p>\n\n\n\n<p>Avec le premier des quatre r\u00e9sultats du contest, le coup d'envoi de la chasse aux points du classement g\u00e9n\u00e9ral V\u00c4LLEY R\u00c4LLEY est donn\u00e9 \u00e0 Hochzillertal-Kaltenbach. Les vainqueurs du classement g\u00e9n\u00e9ral seront couronn\u00e9s comme la nouvelle famille royale V\u00c4LLEY R\u00c4LLEY 2022 du Zillertal apr\u00e8s la derni\u00e8re \u00e9tape du tour sur le glacier de Hintertux. La participation \u00e0 Hochzillertal-Kaltenbach permet \u00e9galement d'obtenir des points sur la World Snowboard Point List (WSPL) internationale et l'\u00e9tape du tour est une Austriacup reconnue par l'ASA (Austrian Snowboard Association). Tous les rookies collectent des points lors du contest dans le World Rookie Ranking Plus d'infos sur le syst\u00e8me de points international sous <a href=\"http:\/\/www.powdern.com\" target=\"_blank\" rel=\"noreferrer noopener\">http:\/\/www.powdern.com<\/a><\/p>\n\n\n\n<figure class=\"wp-block-image size-large\"><img loading=\"lazy\" decoding=\"async\" width=\"1024\" height=\"913\" data-attachment-id=\"5444\" data-permalink=\"https:\/\/boardgeneration.ch\/fr\/friedl-kolar\/\" data-orig-file=\"https:\/\/boardgeneration.ch\/wp-content\/uploads\/2021\/12\/18-12-23_zvr_Kaltenbach_Coaching__Friedl-Kolar__by_Gustav_Ohlsson_highres-scaled.jpg\" data-orig-size=\"2560,2282\" data-comments-opened=\"1\" data-image-meta=\"{&quot;aperture&quot;:&quot;13&quot;,&quot;credit&quot;:&quot;&quot;,&quot;camera&quot;:&quot;X-T10&quot;,&quot;caption&quot;:&quot;Friedl Kolar&quot;,&quot;created_timestamp&quot;:&quot;1545575936&quot;,&quot;copyright&quot;:&quot;Gustav Ohlsson - gustav@gustavohlsson.se&quot;,&quot;focal_length&quot;:&quot;15&quot;,&quot;iso&quot;:&quot;400&quot;,&quot;shutter_speed&quot;:&quot;0.001&quot;,&quot;title&quot;:&quot;Friedl Kolar&quot;,&quot;orientation&quot;:&quot;0&quot;}\" data-image-title=\"Friedl Kolar\" data-image-description=\"\" data-image-caption=\"&lt;p&gt;Friedl Kolar&lt;\/p&gt;\" data-medium-file=\"https:\/\/boardgeneration.ch\/wp-content\/uploads\/2021\/12\/18-12-23_zvr_Kaltenbach_Coaching__Friedl-Kolar__by_Gustav_Ohlsson_highres-300x267.jpg\" data-large-file=\"https:\/\/boardgeneration.ch\/wp-content\/uploads\/2021\/12\/18-12-23_zvr_Kaltenbach_Coaching__Friedl-Kolar__by_Gustav_Ohlsson_highres-1024x913.jpg\" src=\"https:\/\/boardgeneration.ch\/wp-content\/uploads\/2021\/12\/18-12-23_zvr_Kaltenbach_Coaching__Friedl-Kolar__by_Gustav_Ohlsson_highres-1024x913.jpg\" alt=\"\" class=\"wp-image-5444\" srcset=\"https:\/\/boardgeneration.ch\/wp-content\/uploads\/2021\/12\/18-12-23_zvr_Kaltenbach_Coaching__Friedl-Kolar__by_Gustav_Ohlsson_highres-1024x913.jpg 1024w, https:\/\/boardgeneration.ch\/wp-content\/uploads\/2021\/12\/18-12-23_zvr_Kaltenbach_Coaching__Friedl-Kolar__by_Gustav_Ohlsson_highres-300x267.jpg 300w, https:\/\/boardgeneration.ch\/wp-content\/uploads\/2021\/12\/18-12-23_zvr_Kaltenbach_Coaching__Friedl-Kolar__by_Gustav_Ohlsson_highres-768x685.jpg 768w, https:\/\/boardgeneration.ch\/wp-content\/uploads\/2021\/12\/18-12-23_zvr_Kaltenbach_Coaching__Friedl-Kolar__by_Gustav_Ohlsson_highres-1536x1369.jpg 1536w, https:\/\/boardgeneration.ch\/wp-content\/uploads\/2021\/12\/18-12-23_zvr_Kaltenbach_Coaching__Friedl-Kolar__by_Gustav_Ohlsson_highres-2048x1826.jpg 2048w, https:\/\/boardgeneration.ch\/wp-content\/uploads\/2021\/12\/18-12-23_zvr_Kaltenbach_Coaching__Friedl-Kolar__by_Gustav_Ohlsson_highres-13x12.jpg 13w\" sizes=\"auto, (max-width: 1024px) 100vw, 1024px\" \/><figcaption><span class=\"media-credit\">\u00a9 Gustav Ohlsson - gustav@gustavohlsson.se<\/span> Friedl Kolar<\/figcaption><\/figure>\n\n\n\n<p><strong>Les partenaires de la 1\u00e8re \u00e9tape du Tour sont<\/strong><br>La Zillertal Tourismus GmbH, la Bergbahn Hochzillertal-Kaltenbach, l'office de tourisme Erste Ferienregion im Zillertal, la Kristallh\u00fctte, Betterparks.at, Blue Tomato, Ride Snowboards, Red Bull, Horsefeathers et Dana Beanies, la World Snowboard Federation (WSF), l'Austrian Snowboard Federation (ASA) et le World Rookie Tour (WRT).<\/p>\n\n\n\n<p><strong>Pas encore de logement assur\u00e9 ?<\/strong><br>Alors vite sur <a href=\"http:\/\/www.best-of-zillertal.at\" target=\"_blank\" rel=\"noreferrer noopener\">www.best-of-zillertal.at<\/a> et <a href=\"http:\/\/www.zillertal.at\" target=\"_blank\" rel=\"noreferrer noopener\">www.zillertal.at<\/a> v\u00e9rifier ! En effet, \u00e0 partir du 13 d\u00e9cembre, tous les h\u00f4tels et h\u00e9bergements de la vall\u00e9e du Zillertal seront \u00e0 nouveau ouverts - en respectant la r\u00e8gle des 2G, bien entendu. Toutes les informations sur les cat\u00e9gories d'\u00e2ge et l'inscription se trouvent sur <a href=\"http:\/\/www.valleyralley.at\" target=\"_blank\" rel=\"noreferrer noopener\">www.valleyralley.at<\/a>.<\/p>","protected":false},"excerpt":{"rendered":"<p>Unter strengen Sicherheitsauflagen startet die Zillertal V\u00c4LLEY R\u00c4LLEY hosted by Blue Tomato &amp; Ride Snowboards am 18. und 19. Dezember in der Skiregion Hochzillertal &#8211; Kaltenbach in ihre neunte Saison. Die beliebte Zillertaler Snowboard Amateur Serie bietet jungen Talenten unter Einhaltung der 2G Regel die M\u00f6glichkeit, an gratis Freestyle Coachings teilzunehmen und sich beim offenen [&hellip;]<\/p>\n","protected":false},"author":3,"featured_media":5443,"comment_status":"open","ping_status":"open","sticky":false,"template":"","format":"standard","meta":{"_jetpack_memberships_contains_paid_content":false,"footnotes":""},"categories":[173],"tags":[30900,11700,30750,11719,11723,11686,27279],"class_list":["post-5446","post","type-post","status-publish","format-standard","has-post-thumbnail","hentry","category-news","tag-betterpark","tag-coaching","tag-contest","tag-event","tag-slopestyle","tag-snowboard","tag-zillertal"],"yoast_head":"<!-- This site is optimized with the Yoast SEO plugin v26.8 - https:\/\/yoast.com\/product\/yoast-seo-wordpress\/ -->\n<title>Tourstart der 9. Zillertal V\u00c4LLEY R\u00c4LLEY - Board Generation<\/title>\n<meta name=\"robots\" content=\"index, follow, max-snippet:-1, max-image-preview:large, max-video-preview:-1\" \/>\n<link rel=\"canonical\" href=\"https:\/\/boardgeneration.ch\/fr\/tourstart-der-9-zillertal-vaelley-raelley\/\" \/>\n<meta property=\"og:locale\" content=\"fr_FR\" \/>\n<meta property=\"og:type\" content=\"article\" \/>\n<meta property=\"og:title\" content=\"Tourstart der 9. Zillertal V\u00c4LLEY R\u00c4LLEY - Board Generation\" \/>\n<meta property=\"og:description\" content=\"Unter strengen Sicherheitsauflagen startet die Zillertal V\u00c4LLEY R\u00c4LLEY hosted by Blue Tomato &amp; Ride Snowboards am 18. und 19. Dezember in der Skiregion Hochzillertal &#8211; Kaltenbach in ihre neunte Saison. Die beliebte Zillertaler Snowboard Amateur Serie bietet jungen Talenten unter Einhaltung der 2G Regel die M\u00f6glichkeit, an gratis Freestyle Coachings teilzunehmen und sich beim offenen [&hellip;]\" \/>\n<meta property=\"og:url\" content=\"https:\/\/boardgeneration.ch\/fr\/tourstart-der-9-zillertal-vaelley-raelley\/\" \/>\n<meta property=\"og:site_name\" content=\"Board Generation\" \/>\n<meta property=\"article:publisher\" content=\"https:\/\/www.facebook.com\/boardgeneration.ch\" \/>\n<meta property=\"article:published_time\" content=\"2021-12-12T22:04:52+00:00\" \/>\n<meta property=\"article:modified_time\" content=\"2021-12-12T22:11:14+00:00\" \/>\n<meta property=\"og:image\" content=\"https:\/\/boardgeneration.ch\/wp-content\/uploads\/2021\/12\/18-12-23_zvr_Kaltenbach_Coaching__Fabian-Nehring-Friedl-Kolar__by_Gustav_Ohlsson_highres-scaled.jpg\" \/>\n\t<meta property=\"og:image:width\" content=\"2560\" \/>\n\t<meta property=\"og:image:height\" content=\"1590\" \/>\n\t<meta property=\"og:image:type\" content=\"image\/jpeg\" \/>\n<meta name=\"author\" content=\"Pressedienst\" \/>\n<meta name=\"twitter:card\" content=\"summary_large_image\" \/>\n<meta name=\"twitter:creator\" content=\"@boardgen\" \/>\n<meta name=\"twitter:site\" content=\"@boardgen\" \/>\n<meta name=\"twitter:label1\" content=\"\u00c9crit par\" \/>\n\t<meta name=\"twitter:data1\" content=\"Pressedienst\" \/>\n\t<meta name=\"twitter:label2\" content=\"Dur\u00e9e de lecture estim\u00e9e\" \/>\n\t<meta name=\"twitter:data2\" content=\"3 minutes\" \/>\n<script type=\"application\/ld+json\" class=\"yoast-schema-graph\">{\"@context\":\"https:\/\/schema.org\",\"@graph\":[{\"@type\":\"Article\",\"@id\":\"https:\/\/boardgeneration.ch\/tourstart-der-9-zillertal-vaelley-raelley\/#article\",\"isPartOf\":{\"@id\":\"https:\/\/boardgeneration.ch\/tourstart-der-9-zillertal-vaelley-raelley\/\"},\"author\":{\"name\":\"Pressedienst\",\"@id\":\"https:\/\/boardgeneration.ch\/#\/schema\/person\/4727ac7b918c1fd9879a564a16734f2c\"},\"headline\":\"Tourstart der 9. Zillertal V\u00c4LLEY R\u00c4LLEY\",\"datePublished\":\"2021-12-12T22:04:52+00:00\",\"dateModified\":\"2021-12-12T22:11:14+00:00\",\"mainEntityOfPage\":{\"@id\":\"https:\/\/boardgeneration.ch\/tourstart-der-9-zillertal-vaelley-raelley\/\"},\"wordCount\":501,\"commentCount\":0,\"publisher\":{\"@id\":\"https:\/\/boardgeneration.ch\/#organization\"},\"image\":{\"@id\":\"https:\/\/boardgeneration.ch\/tourstart-der-9-zillertal-vaelley-raelley\/#primaryimage\"},\"thumbnailUrl\":\"https:\/\/boardgeneration.ch\/wp-content\/uploads\/2021\/12\/18-12-23_zvr_Kaltenbach_Coaching__Fabian-Nehring-Friedl-Kolar__by_Gustav_Ohlsson_highres-scaled.jpg\",\"keywords\":[\"Betterpark\",\"Coaching\",\"Contest\",\"Event\",\"Slopestyle\",\"Snowboard\",\"Zillertal\"],\"articleSection\":[\"news\"],\"inLanguage\":\"fr-FR\",\"potentialAction\":[{\"@type\":\"CommentAction\",\"name\":\"Comment\",\"target\":[\"https:\/\/boardgeneration.ch\/tourstart-der-9-zillertal-vaelley-raelley\/#respond\"]}]},{\"@type\":\"WebPage\",\"@id\":\"https:\/\/boardgeneration.ch\/tourstart-der-9-zillertal-vaelley-raelley\/\",\"url\":\"https:\/\/boardgeneration.ch\/tourstart-der-9-zillertal-vaelley-raelley\/\",\"name\":\"Tourstart der 9. Zillertal V\u00c4LLEY R\u00c4LLEY - Board Generation\",\"isPartOf\":{\"@id\":\"https:\/\/boardgeneration.ch\/#website\"},\"primaryImageOfPage\":{\"@id\":\"https:\/\/boardgeneration.ch\/tourstart-der-9-zillertal-vaelley-raelley\/#primaryimage\"},\"image\":{\"@id\":\"https:\/\/boardgeneration.ch\/tourstart-der-9-zillertal-vaelley-raelley\/#primaryimage\"},\"thumbnailUrl\":\"https:\/\/boardgeneration.ch\/wp-content\/uploads\/2021\/12\/18-12-23_zvr_Kaltenbach_Coaching__Fabian-Nehring-Friedl-Kolar__by_Gustav_Ohlsson_highres-scaled.jpg\",\"datePublished\":\"2021-12-12T22:04:52+00:00\",\"dateModified\":\"2021-12-12T22:11:14+00:00\",\"breadcrumb\":{\"@id\":\"https:\/\/boardgeneration.ch\/tourstart-der-9-zillertal-vaelley-raelley\/#breadcrumb\"},\"inLanguage\":\"fr-FR\",\"potentialAction\":[{\"@type\":\"ReadAction\",\"target\":[\"https:\/\/boardgeneration.ch\/tourstart-der-9-zillertal-vaelley-raelley\/\"]}]},{\"@type\":\"ImageObject\",\"inLanguage\":\"fr-FR\",\"@id\":\"https:\/\/boardgeneration.ch\/tourstart-der-9-zillertal-vaelley-raelley\/#primaryimage\",\"url\":\"https:\/\/boardgeneration.ch\/wp-content\/uploads\/2021\/12\/18-12-23_zvr_Kaltenbach_Coaching__Fabian-Nehring-Friedl-Kolar__by_Gustav_Ohlsson_highres-scaled.jpg\",\"contentUrl\":\"https:\/\/boardgeneration.ch\/wp-content\/uploads\/2021\/12\/18-12-23_zvr_Kaltenbach_Coaching__Fabian-Nehring-Friedl-Kolar__by_Gustav_Ohlsson_highres-scaled.jpg\",\"width\":2560,\"height\":1590,\"caption\":\"Fabian Nehring, Friedl Kolar\"},{\"@type\":\"BreadcrumbList\",\"@id\":\"https:\/\/boardgeneration.ch\/tourstart-der-9-zillertal-vaelley-raelley\/#breadcrumb\",\"itemListElement\":[{\"@type\":\"ListItem\",\"position\":1,\"name\":\"Startseite\",\"item\":\"https:\/\/boardgeneration.ch\/\"},{\"@type\":\"ListItem\",\"position\":2,\"name\":\"Tourstart der 9. Zillertal V\u00c4LLEY R\u00c4LLEY\"}]},{\"@type\":\"WebSite\",\"@id\":\"https:\/\/boardgeneration.ch\/#website\",\"url\":\"https:\/\/boardgeneration.ch\/\",\"name\":\"board generation\",\"description\":\"Back to the Roots\",\"publisher\":{\"@id\":\"https:\/\/boardgeneration.ch\/#organization\"},\"potentialAction\":[{\"@type\":\"SearchAction\",\"target\":{\"@type\":\"EntryPoint\",\"urlTemplate\":\"https:\/\/boardgeneration.ch\/?s={search_term_string}\"},\"query-input\":{\"@type\":\"PropertyValueSpecification\",\"valueRequired\":true,\"valueName\":\"search_term_string\"}}],\"inLanguage\":\"fr-FR\"},{\"@type\":\"Organization\",\"@id\":\"https:\/\/boardgeneration.ch\/#organization\",\"name\":\"board generation\",\"url\":\"https:\/\/boardgeneration.ch\/\",\"logo\":{\"@type\":\"ImageObject\",\"inLanguage\":\"fr-FR\",\"@id\":\"https:\/\/boardgeneration.ch\/#\/schema\/logo\/image\/\",\"url\":\"https:\/\/boardgeneration.ch\/wp-content\/uploads\/2019\/01\/bg-logo_mit_Text.png\",\"contentUrl\":\"https:\/\/boardgeneration.ch\/wp-content\/uploads\/2019\/01\/bg-logo_mit_Text.png\",\"width\":1040,\"height\":1155,\"caption\":\"board generation\"},\"image\":{\"@id\":\"https:\/\/boardgeneration.ch\/#\/schema\/logo\/image\/\"},\"sameAs\":[\"https:\/\/www.facebook.com\/boardgeneration.ch\",\"https:\/\/x.com\/boardgen\",\"https:\/\/www.instagram.com\/boardgen\/\"]},{\"@type\":\"Person\",\"@id\":\"https:\/\/boardgeneration.ch\/#\/schema\/person\/4727ac7b918c1fd9879a564a16734f2c\",\"name\":\"Pressedienst\",\"image\":{\"@type\":\"ImageObject\",\"inLanguage\":\"fr-FR\",\"@id\":\"https:\/\/boardgeneration.ch\/#\/schema\/person\/image\/\",\"url\":\"https:\/\/boardgeneration.ch\/wp-content\/uploads\/2019\/10\/Pile-of-letters-96x96.jpg\",\"contentUrl\":\"https:\/\/boardgeneration.ch\/wp-content\/uploads\/2019\/10\/Pile-of-letters-96x96.jpg\",\"caption\":\"Pressedienst\"},\"url\":\"https:\/\/boardgeneration.ch\/fr\/author\/pressedienst\/\"}]}<\/script>\n<!-- \/ Yoast SEO plugin. -->","yoast_head_json":{"title":"Tourstart der 9. Zillertal V\u00c4LLEY R\u00c4LLEY - Board Generation","robots":{"index":"index","follow":"follow","max-snippet":"max-snippet:-1","max-image-preview":"max-image-preview:large","max-video-preview":"max-video-preview:-1"},"canonical":"https:\/\/boardgeneration.ch\/fr\/tourstart-der-9-zillertal-vaelley-raelley\/","og_locale":"fr_FR","og_type":"article","og_title":"Tourstart der 9. Zillertal V\u00c4LLEY R\u00c4LLEY - Board Generation","og_description":"Unter strengen Sicherheitsauflagen startet die Zillertal V\u00c4LLEY R\u00c4LLEY hosted by Blue Tomato &amp; Ride Snowboards am 18. und 19. Dezember in der Skiregion Hochzillertal &#8211; Kaltenbach in ihre neunte Saison. Die beliebte Zillertaler Snowboard Amateur Serie bietet jungen Talenten unter Einhaltung der 2G Regel die M\u00f6glichkeit, an gratis Freestyle Coachings teilzunehmen und sich beim offenen [&hellip;]","og_url":"https:\/\/boardgeneration.ch\/fr\/tourstart-der-9-zillertal-vaelley-raelley\/","og_site_name":"Board Generation","article_publisher":"https:\/\/www.facebook.com\/boardgeneration.ch","article_published_time":"2021-12-12T22:04:52+00:00","article_modified_time":"2021-12-12T22:11:14+00:00","og_image":[{"width":2560,"height":1590,"url":"https:\/\/boardgeneration.ch\/wp-content\/uploads\/2021\/12\/18-12-23_zvr_Kaltenbach_Coaching__Fabian-Nehring-Friedl-Kolar__by_Gustav_Ohlsson_highres-scaled.jpg","type":"image\/jpeg"}],"author":"Pressedienst","twitter_card":"summary_large_image","twitter_creator":"@boardgen","twitter_site":"@boardgen","twitter_misc":{"\u00c9crit par":"Pressedienst","Dur\u00e9e de lecture estim\u00e9e":"3 minutes"},"schema":{"@context":"https:\/\/schema.org","@graph":[{"@type":"Article","@id":"https:\/\/boardgeneration.ch\/tourstart-der-9-zillertal-vaelley-raelley\/#article","isPartOf":{"@id":"https:\/\/boardgeneration.ch\/tourstart-der-9-zillertal-vaelley-raelley\/"},"author":{"name":"Pressedienst","@id":"https:\/\/boardgeneration.ch\/#\/schema\/person\/4727ac7b918c1fd9879a564a16734f2c"},"headline":"Tourstart der 9. Zillertal V\u00c4LLEY R\u00c4LLEY","datePublished":"2021-12-12T22:04:52+00:00","dateModified":"2021-12-12T22:11:14+00:00","mainEntityOfPage":{"@id":"https:\/\/boardgeneration.ch\/tourstart-der-9-zillertal-vaelley-raelley\/"},"wordCount":501,"commentCount":0,"publisher":{"@id":"https:\/\/boardgeneration.ch\/#organization"},"image":{"@id":"https:\/\/boardgeneration.ch\/tourstart-der-9-zillertal-vaelley-raelley\/#primaryimage"},"thumbnailUrl":"https:\/\/boardgeneration.ch\/wp-content\/uploads\/2021\/12\/18-12-23_zvr_Kaltenbach_Coaching__Fabian-Nehring-Friedl-Kolar__by_Gustav_Ohlsson_highres-scaled.jpg","keywords":["Betterpark","Coaching","Contest","Event","Slopestyle","Snowboard","Zillertal"],"articleSection":["news"],"inLanguage":"fr-FR","potentialAction":[{"@type":"CommentAction","name":"Comment","target":["https:\/\/boardgeneration.ch\/tourstart-der-9-zillertal-vaelley-raelley\/#respond"]}]},{"@type":"WebPage","@id":"https:\/\/boardgeneration.ch\/tourstart-der-9-zillertal-vaelley-raelley\/","url":"https:\/\/boardgeneration.ch\/tourstart-der-9-zillertal-vaelley-raelley\/","name":"Tourstart der 9. Zillertal V\u00c4LLEY R\u00c4LLEY - Board Generation","isPartOf":{"@id":"https:\/\/boardgeneration.ch\/#website"},"primaryImageOfPage":{"@id":"https:\/\/boardgeneration.ch\/tourstart-der-9-zillertal-vaelley-raelley\/#primaryimage"},"image":{"@id":"https:\/\/boardgeneration.ch\/tourstart-der-9-zillertal-vaelley-raelley\/#primaryimage"},"thumbnailUrl":"https:\/\/boardgeneration.ch\/wp-content\/uploads\/2021\/12\/18-12-23_zvr_Kaltenbach_Coaching__Fabian-Nehring-Friedl-Kolar__by_Gustav_Ohlsson_highres-scaled.jpg","datePublished":"2021-12-12T22:04:52+00:00","dateModified":"2021-12-12T22:11:14+00:00","breadcrumb":{"@id":"https:\/\/boardgeneration.ch\/tourstart-der-9-zillertal-vaelley-raelley\/#breadcrumb"},"inLanguage":"fr-FR","potentialAction":[{"@type":"ReadAction","target":["https:\/\/boardgeneration.ch\/tourstart-der-9-zillertal-vaelley-raelley\/"]}]},{"@type":"ImageObject","inLanguage":"fr-FR","@id":"https:\/\/boardgeneration.ch\/tourstart-der-9-zillertal-vaelley-raelley\/#primaryimage","url":"https:\/\/boardgeneration.ch\/wp-content\/uploads\/2021\/12\/18-12-23_zvr_Kaltenbach_Coaching__Fabian-Nehring-Friedl-Kolar__by_Gustav_Ohlsson_highres-scaled.jpg","contentUrl":"https:\/\/boardgeneration.ch\/wp-content\/uploads\/2021\/12\/18-12-23_zvr_Kaltenbach_Coaching__Fabian-Nehring-Friedl-Kolar__by_Gustav_Ohlsson_highres-scaled.jpg","width":2560,"height":1590,"caption":"Fabian Nehring, Friedl Kolar"},{"@type":"BreadcrumbList","@id":"https:\/\/boardgeneration.ch\/tourstart-der-9-zillertal-vaelley-raelley\/#breadcrumb","itemListElement":[{"@type":"ListItem","position":1,"name":"Startseite","item":"https:\/\/boardgeneration.ch\/"},{"@type":"ListItem","position":2,"name":"Tourstart der 9. Zillertal V\u00c4LLEY R\u00c4LLEY"}]},{"@type":"WebSite","@id":"https:\/\/boardgeneration.ch\/#website","url":"https:\/\/boardgeneration.ch\/","name":"g\u00e9n\u00e9ration de conseils","description":"Retour aux sources","publisher":{"@id":"https:\/\/boardgeneration.ch\/#organization"},"potentialAction":[{"@type":"SearchAction","target":{"@type":"EntryPoint","urlTemplate":"https:\/\/boardgeneration.ch\/?s={search_term_string}"},"query-input":{"@type":"PropertyValueSpecification","valueRequired":true,"valueName":"search_term_string"}}],"inLanguage":"fr-FR"},{"@type":"Organization","@id":"https:\/\/boardgeneration.ch\/#organization","name":"g\u00e9n\u00e9ration de conseils","url":"https:\/\/boardgeneration.ch\/","logo":{"@type":"ImageObject","inLanguage":"fr-FR","@id":"https:\/\/boardgeneration.ch\/#\/schema\/logo\/image\/","url":"https:\/\/boardgeneration.ch\/wp-content\/uploads\/2019\/01\/bg-logo_mit_Text.png","contentUrl":"https:\/\/boardgeneration.ch\/wp-content\/uploads\/2019\/01\/bg-logo_mit_Text.png","width":1040,"height":1155,"caption":"board generation"},"image":{"@id":"https:\/\/boardgeneration.ch\/#\/schema\/logo\/image\/"},"sameAs":["https:\/\/www.facebook.com\/boardgeneration.ch","https:\/\/x.com\/boardgen","https:\/\/www.instagram.com\/boardgen\/"]},{"@type":"Person","@id":"https:\/\/boardgeneration.ch\/#\/schema\/person\/4727ac7b918c1fd9879a564a16734f2c","name":"Service de presse","image":{"@type":"ImageObject","inLanguage":"fr-FR","@id":"https:\/\/boardgeneration.ch\/#\/schema\/person\/image\/","url":"https:\/\/boardgeneration.ch\/wp-content\/uploads\/2019\/10\/Pile-of-letters-96x96.jpg","contentUrl":"https:\/\/boardgeneration.ch\/wp-content\/uploads\/2019\/10\/Pile-of-letters-96x96.jpg","caption":"Pressedienst"},"url":"https:\/\/boardgeneration.ch\/fr\/author\/pressedienst\/"}]}},"jetpack_featured_media_url":"https:\/\/boardgeneration.ch\/wp-content\/uploads\/2021\/12\/18-12-23_zvr_Kaltenbach_Coaching__Fabian-Nehring-Friedl-Kolar__by_Gustav_Ohlsson_highres-scaled.jpg","jetpack_sharing_enabled":true,"amp_enabled":true,"_links":{"self":[{"href":"https:\/\/boardgeneration.ch\/fr\/wp-json\/wp\/v2\/posts\/5446","targetHints":{"allow":["GET"]}}],"collection":[{"href":"https:\/\/boardgeneration.ch\/fr\/wp-json\/wp\/v2\/posts"}],"about":[{"href":"https:\/\/boardgeneration.ch\/fr\/wp-json\/wp\/v2\/types\/post"}],"author":[{"embeddable":true,"href":"https:\/\/boardgeneration.ch\/fr\/wp-json\/wp\/v2\/users\/3"}],"replies":[{"embeddable":true,"href":"https:\/\/boardgeneration.ch\/fr\/wp-json\/wp\/v2\/comments?post=5446"}],"version-history":[{"count":4,"href":"https:\/\/boardgeneration.ch\/fr\/wp-json\/wp\/v2\/posts\/5446\/revisions"}],"predecessor-version":[{"id":5451,"href":"https:\/\/boardgeneration.ch\/fr\/wp-json\/wp\/v2\/posts\/5446\/revisions\/5451"}],"wp:featuredmedia":[{"embeddable":true,"href":"https:\/\/boardgeneration.ch\/fr\/wp-json\/wp\/v2\/media\/5443"}],"wp:attachment":[{"href":"https:\/\/boardgeneration.ch\/fr\/wp-json\/wp\/v2\/media?parent=5446"}],"wp:term":[{"taxonomy":"category","embeddable":true,"href":"https:\/\/boardgeneration.ch\/fr\/wp-json\/wp\/v2\/categories?post=5446"},{"taxonomy":"post_tag","embeddable":true,"href":"https:\/\/boardgeneration.ch\/fr\/wp-json\/wp\/v2\/tags?post=5446"}],"curies":[{"name":"wp","href":"https:\/\/api.w.org\/{rel}","templated":true}]}}