{"id":5658,"date":"2022-02-04T17:22:00","date_gmt":"2022-02-04T16:22:00","guid":{"rendered":"https:\/\/boardgeneration.ch\/?p=5658"},"modified":"2022-02-13T17:27:25","modified_gmt":"2022-02-13T16:27:25","slug":"freestyler-feiern-im-corvatsch-park-das-saisonfinale","status":"publish","type":"post","link":"https:\/\/boardgeneration.ch\/fr\/freestyler-feiern-im-corvatsch-park-das-saisonfinale\/","title":{"rendered":"Les freestylers f\u00eatent la fin de la saison au Corvatsch Park"},"content":{"rendered":"<span class=\"span-reading-time rt-reading-time\" style=\"display: block;\"><span class=\"rt-label rt-prefix\">Le temps de la lecture : <\/span> <span class=\"rt-time\"> &lt; 1<\/span> <span class=\"rt-label rt-postfix\">Proc\u00e8s-verbal<\/span><\/span>\n<p>Tir\u00e9 de <strong>24 au 27 mars 2022<\/strong> trouve le<strong> Coupe du monde de snowboard Corvatsch \u00e0 Silvaplana<\/strong> aura lieu. <br><strong>Pour la deuxi\u00e8me fois en 2022, les snowboardeurs et les freeskieurs f\u00eateront ensemble la finale de la saison de la Coupe du monde FIS \u00e0 Silvaplana. La course aux titres de l'\u00e9v\u00e9nement et \u00e0 un total de 100 000 CHF de prix s'accompagne \u00e9galement de la remise des grands et petits globes de cristal.<\/strong><\/p>\n\n\n\n<p>Les champions de Corvatsch comme Andri Ragettli (SUI), Sarah H\u00f6fflin (SUI), Tess Ledeux (FRA), Colby Stevenson (USA), Marcus Kleveland (NOR) et Reira Iwabuchi (JPN) sont pour l'instant en comp\u00e9tition olympique. Un <strong>Une s\u00e9lection puissante d'athl\u00e8tes de freestyle est pr\u00e9vue pour fin mars 2022.<\/strong> Le Corvatsch Park, qui surplombe Silvaplana en Engadine, est l'un des parcours les plus appr\u00e9ci\u00e9s du circuit de la Coupe du monde FIS. Les \u00e9quipes ne n\u00e9gligent pas non plus le fait que <strong>2025<\/strong> voici les <strong>Championnats du monde FIS de freestyle<\/strong> de l'ann\u00e9e.<\/p>\n\n\n\n<figure class=\"wp-block-image size-full\"><img loading=\"lazy\" decoding=\"async\" width=\"595\" height=\"841\" data-attachment-id=\"5657\" data-permalink=\"https:\/\/boardgeneration.ch\/fr\/2022_corvatsch_worldcup_sujet\/\" data-orig-file=\"https:\/\/boardgeneration.ch\/wp-content\/uploads\/2022\/02\/2022_Corvatsch_WorldCup_Sujet.jpg\" data-orig-size=\"595,841\" data-comments-opened=\"1\" data-image-meta=\"{&quot;aperture&quot;:&quot;0&quot;,&quot;credit&quot;:&quot;&quot;,&quot;camera&quot;:&quot;&quot;,&quot;caption&quot;:&quot;&quot;,&quot;created_timestamp&quot;:&quot;0&quot;,&quot;copyright&quot;:&quot;&quot;,&quot;focal_length&quot;:&quot;0&quot;,&quot;iso&quot;:&quot;0&quot;,&quot;shutter_speed&quot;:&quot;0&quot;,&quot;title&quot;:&quot;&quot;,&quot;orientation&quot;:&quot;0&quot;}\" data-image-title=\"2022_Corvatsch_WorldCup_Sujet\" data-image-description=\"\" data-image-caption=\"\" data-medium-file=\"https:\/\/boardgeneration.ch\/wp-content\/uploads\/2022\/02\/2022_Corvatsch_WorldCup_Sujet-212x300.jpg\" data-large-file=\"https:\/\/boardgeneration.ch\/wp-content\/uploads\/2022\/02\/2022_Corvatsch_WorldCup_Sujet.jpg\" src=\"https:\/\/boardgeneration.ch\/wp-content\/uploads\/2022\/02\/2022_Corvatsch_WorldCup_Sujet.jpg\" alt=\"\" class=\"wp-image-5657\" srcset=\"https:\/\/boardgeneration.ch\/wp-content\/uploads\/2022\/02\/2022_Corvatsch_WorldCup_Sujet.jpg 595w, https:\/\/boardgeneration.ch\/wp-content\/uploads\/2022\/02\/2022_Corvatsch_WorldCup_Sujet-212x300.jpg 212w, https:\/\/boardgeneration.ch\/wp-content\/uploads\/2022\/02\/2022_Corvatsch_WorldCup_Sujet-8x12.jpg 8w\" sizes=\"auto, (max-width: 595px) 100vw, 595px\" \/><figcaption><span class=\"media-credit\"> <\/span><\/figcaption><\/figure>\n\n\n\n<p>Informations sur l'\u00e9v\u00e9nement : <a href=\"https:\/\/www.corvatschpark.ch\/world-cup\">site web<\/a> \u0399 <a href=\"http:\/\/www.facebook.com\/CorvatschPark\/\">Facebook<\/a> \u0399 <a href=\"https:\/\/www.instagram.com\/corvatsch_park\/\">Instagram<\/a> \u0399 <a href=\"https:\/\/www.corvatsch-diavolezza.ch\/\">Site web Destination<\/a><br><a href=\"https:\/\/boardgeneration.ch\/fr\/tag\/corvatsch3303\/\">#corvatsch3303<\/a> <a href=\"https:\/\/boardgeneration.ch\/fr\/tag\/corvatschpark\/\">#corvatschpark<\/a> <a href=\"https:\/\/boardgeneration.ch\/fr\/tag\/silvaplana\/\">#silvaplana<\/a> <a href=\"https:\/\/boardgeneration.ch\/fr\/tag\/worldcupcorvatsch\/\">#worldcupcorvatsch<\/a> <a href=\"https:\/\/boardgeneration.ch\/fr\/tag\/freestyle2025\/\">#freestyle2025<\/a><\/p>","protected":false},"excerpt":{"rendered":"<p>Vom 24. bis 27. M\u00e4rz 2022 findet der Snowboard Weltcup Corvatsch in Silvaplana statt. Zum zweiten Mal feiern 2022 Snowboarder und Freeskier gemeinsam das Finale der FIS Weltcupsaison in Silvaplana. Mit dem Run um die Event-Titel und gesamt 100.000 CHF Preisgeld geht auch die Vergabe der grossen und kleinen Kristallkugeln einher. Corvatsch Champions wie Andri [&hellip;]<\/p>\n","protected":false},"author":3,"featured_media":5656,"comment_status":"open","ping_status":"open","sticky":false,"template":"","format":"standard","meta":{"_jetpack_memberships_contains_paid_content":false,"footnotes":""},"categories":[172,12],"tags":[54649,11719,61561,54655,11723,11686,32182,54652],"class_list":["post-5658","post","type-post","status-publish","format-standard","has-post-thumbnail","hentry","category-agenda","category-event","tag-corvatschpark","tag-event","tag-freestyle2025","tag-silvaplana","tag-slopestyle","tag-snowboard","tag-snowboarder","tag-worldcupcorvatsch"],"yoast_head":"<!-- This site is optimized with the Yoast SEO plugin v26.8 - https:\/\/yoast.com\/product\/yoast-seo-wordpress\/ -->\n<title>Freestyler feiern im Corvatsch Park das Saisonfinale - Board Generation<\/title>\n<meta name=\"robots\" content=\"index, follow, max-snippet:-1, max-image-preview:large, max-video-preview:-1\" \/>\n<link rel=\"canonical\" href=\"https:\/\/boardgeneration.ch\/fr\/freestyler-feiern-im-corvatsch-park-das-saisonfinale\/\" \/>\n<meta property=\"og:locale\" content=\"fr_FR\" \/>\n<meta property=\"og:type\" content=\"article\" \/>\n<meta property=\"og:title\" content=\"Freestyler feiern im Corvatsch Park das Saisonfinale - Board Generation\" \/>\n<meta property=\"og:description\" content=\"Vom 24. bis 27. M\u00e4rz 2022 findet der Snowboard Weltcup Corvatsch in Silvaplana statt. Zum zweiten Mal feiern 2022 Snowboarder und Freeskier gemeinsam das Finale der FIS Weltcupsaison in Silvaplana. Mit dem Run um die Event-Titel und gesamt 100.000 CHF Preisgeld geht auch die Vergabe der grossen und kleinen Kristallkugeln einher. Corvatsch Champions wie Andri [&hellip;]\" \/>\n<meta property=\"og:url\" content=\"https:\/\/boardgeneration.ch\/fr\/freestyler-feiern-im-corvatsch-park-das-saisonfinale\/\" \/>\n<meta property=\"og:site_name\" content=\"Board Generation\" \/>\n<meta property=\"article:publisher\" content=\"https:\/\/www.facebook.com\/boardgeneration.ch\" \/>\n<meta property=\"article:published_time\" content=\"2022-02-04T16:22:00+00:00\" \/>\n<meta property=\"article:modified_time\" content=\"2022-02-13T16:27:25+00:00\" \/>\n<meta property=\"og:image\" content=\"https:\/\/boardgeneration.ch\/wp-content\/uploads\/2022\/02\/2021_Corvatsch_WC_KLEVELANDMarcus4_byFilipZuan.jpg\" \/>\n\t<meta property=\"og:image:width\" content=\"1500\" \/>\n\t<meta property=\"og:image:height\" content=\"996\" \/>\n\t<meta property=\"og:image:type\" content=\"image\/jpeg\" \/>\n<meta name=\"author\" content=\"Pressedienst\" \/>\n<meta name=\"twitter:card\" content=\"summary_large_image\" \/>\n<meta name=\"twitter:creator\" content=\"@boardgen\" \/>\n<meta name=\"twitter:site\" content=\"@boardgen\" \/>\n<meta name=\"twitter:label1\" content=\"\u00c9crit par\" \/>\n\t<meta name=\"twitter:data1\" content=\"Pressedienst\" \/>\n\t<meta name=\"twitter:label2\" content=\"Dur\u00e9e de lecture estim\u00e9e\" \/>\n\t<meta name=\"twitter:data2\" content=\"1 minute\" \/>\n<script type=\"application\/ld+json\" class=\"yoast-schema-graph\">{\"@context\":\"https:\/\/schema.org\",\"@graph\":[{\"@type\":\"Article\",\"@id\":\"https:\/\/boardgeneration.ch\/freestyler-feiern-im-corvatsch-park-das-saisonfinale\/#article\",\"isPartOf\":{\"@id\":\"https:\/\/boardgeneration.ch\/freestyler-feiern-im-corvatsch-park-das-saisonfinale\/\"},\"author\":{\"name\":\"Pressedienst\",\"@id\":\"https:\/\/boardgeneration.ch\/#\/schema\/person\/4727ac7b918c1fd9879a564a16734f2c\"},\"headline\":\"Freestyler feiern im Corvatsch Park das Saisonfinale\",\"datePublished\":\"2022-02-04T16:22:00+00:00\",\"dateModified\":\"2022-02-13T16:27:25+00:00\",\"mainEntityOfPage\":{\"@id\":\"https:\/\/boardgeneration.ch\/freestyler-feiern-im-corvatsch-park-das-saisonfinale\/\"},\"wordCount\":147,\"commentCount\":0,\"publisher\":{\"@id\":\"https:\/\/boardgeneration.ch\/#organization\"},\"image\":{\"@id\":\"https:\/\/boardgeneration.ch\/freestyler-feiern-im-corvatsch-park-das-saisonfinale\/#primaryimage\"},\"thumbnailUrl\":\"https:\/\/boardgeneration.ch\/wp-content\/uploads\/2022\/02\/2021_Corvatsch_WC_KLEVELANDMarcus4_byFilipZuan.jpg\",\"keywords\":[\"corvatschpark\",\"Event\",\"freestyle2025\",\"silvaplana\",\"Slopestyle\",\"Snowboard\",\"Snowboarder\",\"worldcupcorvatsch\"],\"articleSection\":[\"agenda\",\"event\"],\"inLanguage\":\"fr-FR\",\"potentialAction\":[{\"@type\":\"CommentAction\",\"name\":\"Comment\",\"target\":[\"https:\/\/boardgeneration.ch\/freestyler-feiern-im-corvatsch-park-das-saisonfinale\/#respond\"]}]},{\"@type\":\"WebPage\",\"@id\":\"https:\/\/boardgeneration.ch\/freestyler-feiern-im-corvatsch-park-das-saisonfinale\/\",\"url\":\"https:\/\/boardgeneration.ch\/freestyler-feiern-im-corvatsch-park-das-saisonfinale\/\",\"name\":\"Freestyler feiern im Corvatsch Park das Saisonfinale - Board Generation\",\"isPartOf\":{\"@id\":\"https:\/\/boardgeneration.ch\/#website\"},\"primaryImageOfPage\":{\"@id\":\"https:\/\/boardgeneration.ch\/freestyler-feiern-im-corvatsch-park-das-saisonfinale\/#primaryimage\"},\"image\":{\"@id\":\"https:\/\/boardgeneration.ch\/freestyler-feiern-im-corvatsch-park-das-saisonfinale\/#primaryimage\"},\"thumbnailUrl\":\"https:\/\/boardgeneration.ch\/wp-content\/uploads\/2022\/02\/2021_Corvatsch_WC_KLEVELANDMarcus4_byFilipZuan.jpg\",\"datePublished\":\"2022-02-04T16:22:00+00:00\",\"dateModified\":\"2022-02-13T16:27:25+00:00\",\"breadcrumb\":{\"@id\":\"https:\/\/boardgeneration.ch\/freestyler-feiern-im-corvatsch-park-das-saisonfinale\/#breadcrumb\"},\"inLanguage\":\"fr-FR\",\"potentialAction\":[{\"@type\":\"ReadAction\",\"target\":[\"https:\/\/boardgeneration.ch\/freestyler-feiern-im-corvatsch-park-das-saisonfinale\/\"]}]},{\"@type\":\"ImageObject\",\"inLanguage\":\"fr-FR\",\"@id\":\"https:\/\/boardgeneration.ch\/freestyler-feiern-im-corvatsch-park-das-saisonfinale\/#primaryimage\",\"url\":\"https:\/\/boardgeneration.ch\/wp-content\/uploads\/2022\/02\/2021_Corvatsch_WC_KLEVELANDMarcus4_byFilipZuan.jpg\",\"contentUrl\":\"https:\/\/boardgeneration.ch\/wp-content\/uploads\/2022\/02\/2021_Corvatsch_WC_KLEVELANDMarcus4_byFilipZuan.jpg\",\"width\":1500,\"height\":996,\"caption\":\"KLEVELAND Marcus\"},{\"@type\":\"BreadcrumbList\",\"@id\":\"https:\/\/boardgeneration.ch\/freestyler-feiern-im-corvatsch-park-das-saisonfinale\/#breadcrumb\",\"itemListElement\":[{\"@type\":\"ListItem\",\"position\":1,\"name\":\"Startseite\",\"item\":\"https:\/\/boardgeneration.ch\/\"},{\"@type\":\"ListItem\",\"position\":2,\"name\":\"Freestyler feiern im Corvatsch Park das Saisonfinale\"}]},{\"@type\":\"WebSite\",\"@id\":\"https:\/\/boardgeneration.ch\/#website\",\"url\":\"https:\/\/boardgeneration.ch\/\",\"name\":\"board generation\",\"description\":\"Back to the Roots\",\"publisher\":{\"@id\":\"https:\/\/boardgeneration.ch\/#organization\"},\"potentialAction\":[{\"@type\":\"SearchAction\",\"target\":{\"@type\":\"EntryPoint\",\"urlTemplate\":\"https:\/\/boardgeneration.ch\/?s={search_term_string}\"},\"query-input\":{\"@type\":\"PropertyValueSpecification\",\"valueRequired\":true,\"valueName\":\"search_term_string\"}}],\"inLanguage\":\"fr-FR\"},{\"@type\":\"Organization\",\"@id\":\"https:\/\/boardgeneration.ch\/#organization\",\"name\":\"board generation\",\"url\":\"https:\/\/boardgeneration.ch\/\",\"logo\":{\"@type\":\"ImageObject\",\"inLanguage\":\"fr-FR\",\"@id\":\"https:\/\/boardgeneration.ch\/#\/schema\/logo\/image\/\",\"url\":\"https:\/\/boardgeneration.ch\/wp-content\/uploads\/2019\/01\/bg-logo_mit_Text.png\",\"contentUrl\":\"https:\/\/boardgeneration.ch\/wp-content\/uploads\/2019\/01\/bg-logo_mit_Text.png\",\"width\":1040,\"height\":1155,\"caption\":\"board generation\"},\"image\":{\"@id\":\"https:\/\/boardgeneration.ch\/#\/schema\/logo\/image\/\"},\"sameAs\":[\"https:\/\/www.facebook.com\/boardgeneration.ch\",\"https:\/\/x.com\/boardgen\",\"https:\/\/www.instagram.com\/boardgen\/\"]},{\"@type\":\"Person\",\"@id\":\"https:\/\/boardgeneration.ch\/#\/schema\/person\/4727ac7b918c1fd9879a564a16734f2c\",\"name\":\"Pressedienst\",\"image\":{\"@type\":\"ImageObject\",\"inLanguage\":\"fr-FR\",\"@id\":\"https:\/\/boardgeneration.ch\/#\/schema\/person\/image\/\",\"url\":\"https:\/\/boardgeneration.ch\/wp-content\/uploads\/2019\/10\/Pile-of-letters-96x96.jpg\",\"contentUrl\":\"https:\/\/boardgeneration.ch\/wp-content\/uploads\/2019\/10\/Pile-of-letters-96x96.jpg\",\"caption\":\"Pressedienst\"},\"url\":\"https:\/\/boardgeneration.ch\/fr\/author\/pressedienst\/\"}]}<\/script>\n<!-- \/ Yoast SEO plugin. -->","yoast_head_json":{"title":"Freestyler feiern im Corvatsch Park das Saisonfinale - Board Generation","robots":{"index":"index","follow":"follow","max-snippet":"max-snippet:-1","max-image-preview":"max-image-preview:large","max-video-preview":"max-video-preview:-1"},"canonical":"https:\/\/boardgeneration.ch\/fr\/freestyler-feiern-im-corvatsch-park-das-saisonfinale\/","og_locale":"fr_FR","og_type":"article","og_title":"Freestyler feiern im Corvatsch Park das Saisonfinale - Board Generation","og_description":"Vom 24. bis 27. M\u00e4rz 2022 findet der Snowboard Weltcup Corvatsch in Silvaplana statt. Zum zweiten Mal feiern 2022 Snowboarder und Freeskier gemeinsam das Finale der FIS Weltcupsaison in Silvaplana. Mit dem Run um die Event-Titel und gesamt 100.000 CHF Preisgeld geht auch die Vergabe der grossen und kleinen Kristallkugeln einher. Corvatsch Champions wie Andri [&hellip;]","og_url":"https:\/\/boardgeneration.ch\/fr\/freestyler-feiern-im-corvatsch-park-das-saisonfinale\/","og_site_name":"Board Generation","article_publisher":"https:\/\/www.facebook.com\/boardgeneration.ch","article_published_time":"2022-02-04T16:22:00+00:00","article_modified_time":"2022-02-13T16:27:25+00:00","og_image":[{"width":1500,"height":996,"url":"https:\/\/boardgeneration.ch\/wp-content\/uploads\/2022\/02\/2021_Corvatsch_WC_KLEVELANDMarcus4_byFilipZuan.jpg","type":"image\/jpeg"}],"author":"Pressedienst","twitter_card":"summary_large_image","twitter_creator":"@boardgen","twitter_site":"@boardgen","twitter_misc":{"\u00c9crit par":"Pressedienst","Dur\u00e9e de lecture estim\u00e9e":"1 minute"},"schema":{"@context":"https:\/\/schema.org","@graph":[{"@type":"Article","@id":"https:\/\/boardgeneration.ch\/freestyler-feiern-im-corvatsch-park-das-saisonfinale\/#article","isPartOf":{"@id":"https:\/\/boardgeneration.ch\/freestyler-feiern-im-corvatsch-park-das-saisonfinale\/"},"author":{"name":"Pressedienst","@id":"https:\/\/boardgeneration.ch\/#\/schema\/person\/4727ac7b918c1fd9879a564a16734f2c"},"headline":"Freestyler feiern im Corvatsch Park das Saisonfinale","datePublished":"2022-02-04T16:22:00+00:00","dateModified":"2022-02-13T16:27:25+00:00","mainEntityOfPage":{"@id":"https:\/\/boardgeneration.ch\/freestyler-feiern-im-corvatsch-park-das-saisonfinale\/"},"wordCount":147,"commentCount":0,"publisher":{"@id":"https:\/\/boardgeneration.ch\/#organization"},"image":{"@id":"https:\/\/boardgeneration.ch\/freestyler-feiern-im-corvatsch-park-das-saisonfinale\/#primaryimage"},"thumbnailUrl":"https:\/\/boardgeneration.ch\/wp-content\/uploads\/2022\/02\/2021_Corvatsch_WC_KLEVELANDMarcus4_byFilipZuan.jpg","keywords":["corvatschpark","Event","freestyle2025","silvaplana","Slopestyle","Snowboard","Snowboarder","worldcupcorvatsch"],"articleSection":["agenda","event"],"inLanguage":"fr-FR","potentialAction":[{"@type":"CommentAction","name":"Comment","target":["https:\/\/boardgeneration.ch\/freestyler-feiern-im-corvatsch-park-das-saisonfinale\/#respond"]}]},{"@type":"WebPage","@id":"https:\/\/boardgeneration.ch\/freestyler-feiern-im-corvatsch-park-das-saisonfinale\/","url":"https:\/\/boardgeneration.ch\/freestyler-feiern-im-corvatsch-park-das-saisonfinale\/","name":"Freestyler feiern im Corvatsch Park das Saisonfinale - Board Generation","isPartOf":{"@id":"https:\/\/boardgeneration.ch\/#website"},"primaryImageOfPage":{"@id":"https:\/\/boardgeneration.ch\/freestyler-feiern-im-corvatsch-park-das-saisonfinale\/#primaryimage"},"image":{"@id":"https:\/\/boardgeneration.ch\/freestyler-feiern-im-corvatsch-park-das-saisonfinale\/#primaryimage"},"thumbnailUrl":"https:\/\/boardgeneration.ch\/wp-content\/uploads\/2022\/02\/2021_Corvatsch_WC_KLEVELANDMarcus4_byFilipZuan.jpg","datePublished":"2022-02-04T16:22:00+00:00","dateModified":"2022-02-13T16:27:25+00:00","breadcrumb":{"@id":"https:\/\/boardgeneration.ch\/freestyler-feiern-im-corvatsch-park-das-saisonfinale\/#breadcrumb"},"inLanguage":"fr-FR","potentialAction":[{"@type":"ReadAction","target":["https:\/\/boardgeneration.ch\/freestyler-feiern-im-corvatsch-park-das-saisonfinale\/"]}]},{"@type":"ImageObject","inLanguage":"fr-FR","@id":"https:\/\/boardgeneration.ch\/freestyler-feiern-im-corvatsch-park-das-saisonfinale\/#primaryimage","url":"https:\/\/boardgeneration.ch\/wp-content\/uploads\/2022\/02\/2021_Corvatsch_WC_KLEVELANDMarcus4_byFilipZuan.jpg","contentUrl":"https:\/\/boardgeneration.ch\/wp-content\/uploads\/2022\/02\/2021_Corvatsch_WC_KLEVELANDMarcus4_byFilipZuan.jpg","width":1500,"height":996,"caption":"KLEVELAND Marcus"},{"@type":"BreadcrumbList","@id":"https:\/\/boardgeneration.ch\/freestyler-feiern-im-corvatsch-park-das-saisonfinale\/#breadcrumb","itemListElement":[{"@type":"ListItem","position":1,"name":"Startseite","item":"https:\/\/boardgeneration.ch\/"},{"@type":"ListItem","position":2,"name":"Freestyler feiern im Corvatsch Park das Saisonfinale"}]},{"@type":"WebSite","@id":"https:\/\/boardgeneration.ch\/#website","url":"https:\/\/boardgeneration.ch\/","name":"g\u00e9n\u00e9ration de conseils","description":"Retour aux sources","publisher":{"@id":"https:\/\/boardgeneration.ch\/#organization"},"potentialAction":[{"@type":"SearchAction","target":{"@type":"EntryPoint","urlTemplate":"https:\/\/boardgeneration.ch\/?s={search_term_string}"},"query-input":{"@type":"PropertyValueSpecification","valueRequired":true,"valueName":"search_term_string"}}],"inLanguage":"fr-FR"},{"@type":"Organization","@id":"https:\/\/boardgeneration.ch\/#organization","name":"g\u00e9n\u00e9ration de conseils","url":"https:\/\/boardgeneration.ch\/","logo":{"@type":"ImageObject","inLanguage":"fr-FR","@id":"https:\/\/boardgeneration.ch\/#\/schema\/logo\/image\/","url":"https:\/\/boardgeneration.ch\/wp-content\/uploads\/2019\/01\/bg-logo_mit_Text.png","contentUrl":"https:\/\/boardgeneration.ch\/wp-content\/uploads\/2019\/01\/bg-logo_mit_Text.png","width":1040,"height":1155,"caption":"board generation"},"image":{"@id":"https:\/\/boardgeneration.ch\/#\/schema\/logo\/image\/"},"sameAs":["https:\/\/www.facebook.com\/boardgeneration.ch","https:\/\/x.com\/boardgen","https:\/\/www.instagram.com\/boardgen\/"]},{"@type":"Person","@id":"https:\/\/boardgeneration.ch\/#\/schema\/person\/4727ac7b918c1fd9879a564a16734f2c","name":"Service de presse","image":{"@type":"ImageObject","inLanguage":"fr-FR","@id":"https:\/\/boardgeneration.ch\/#\/schema\/person\/image\/","url":"https:\/\/boardgeneration.ch\/wp-content\/uploads\/2019\/10\/Pile-of-letters-96x96.jpg","contentUrl":"https:\/\/boardgeneration.ch\/wp-content\/uploads\/2019\/10\/Pile-of-letters-96x96.jpg","caption":"Pressedienst"},"url":"https:\/\/boardgeneration.ch\/fr\/author\/pressedienst\/"}]}},"jetpack_featured_media_url":"https:\/\/boardgeneration.ch\/wp-content\/uploads\/2022\/02\/2021_Corvatsch_WC_KLEVELANDMarcus4_byFilipZuan.jpg","jetpack_sharing_enabled":true,"amp_enabled":true,"_links":{"self":[{"href":"https:\/\/boardgeneration.ch\/fr\/wp-json\/wp\/v2\/posts\/5658","targetHints":{"allow":["GET"]}}],"collection":[{"href":"https:\/\/boardgeneration.ch\/fr\/wp-json\/wp\/v2\/posts"}],"about":[{"href":"https:\/\/boardgeneration.ch\/fr\/wp-json\/wp\/v2\/types\/post"}],"author":[{"embeddable":true,"href":"https:\/\/boardgeneration.ch\/fr\/wp-json\/wp\/v2\/users\/3"}],"replies":[{"embeddable":true,"href":"https:\/\/boardgeneration.ch\/fr\/wp-json\/wp\/v2\/comments?post=5658"}],"version-history":[{"count":1,"href":"https:\/\/boardgeneration.ch\/fr\/wp-json\/wp\/v2\/posts\/5658\/revisions"}],"predecessor-version":[{"id":5659,"href":"https:\/\/boardgeneration.ch\/fr\/wp-json\/wp\/v2\/posts\/5658\/revisions\/5659"}],"wp:featuredmedia":[{"embeddable":true,"href":"https:\/\/boardgeneration.ch\/fr\/wp-json\/wp\/v2\/media\/5656"}],"wp:attachment":[{"href":"https:\/\/boardgeneration.ch\/fr\/wp-json\/wp\/v2\/media?parent=5658"}],"wp:term":[{"taxonomy":"category","embeddable":true,"href":"https:\/\/boardgeneration.ch\/fr\/wp-json\/wp\/v2\/categories?post=5658"},{"taxonomy":"post_tag","embeddable":true,"href":"https:\/\/boardgeneration.ch\/fr\/wp-json\/wp\/v2\/tags?post=5658"}],"curies":[{"name":"wp","href":"https:\/\/api.w.org\/{rel}","templated":true}]}}