{"id":5671,"date":"2022-02-03T18:10:00","date_gmt":"2022-02-03T17:10:00","guid":{"rendered":"https:\/\/boardgeneration.ch\/?p=5671"},"modified":"2022-02-13T18:29:47","modified_gmt":"2022-02-13T17:29:47","slug":"the-nines-kehrt-nach-crans-montana-zurueck","status":"publish","type":"post","link":"https:\/\/boardgeneration.ch\/fr\/the-nines-kehrt-nach-crans-montana-zurueck\/","title":{"rendered":"The Nines revient \u00e0 Crans-Montana"},"content":{"rendered":"<span class=\"span-reading-time rt-reading-time\" style=\"display: block;\"><span class=\"rt-label rt-prefix\">Le temps de la lecture : <\/span> <span class=\"rt-time\"> 2<\/span> <span class=\"rt-label rt-postfix\">proc\u00e8s-verbal<\/span><\/span>\n<p>Du 4 au 9 avril 2022, la s\u00e9rie d'\u00e9v\u00e9nements de sports d'action riche en traditions tiendra sa prochaine session de ski et de snowboard de haut niveau dans les Alpes valaisannes.<\/p>\n\n\n\n<p><strong>Trente manifestations. Quatorze ans d'existence. Quatre pays. Une mission : cr\u00e9er une plateforme unique pour le talent, l'amiti\u00e9 et la progression dans les sports d'action - du ski au snowboard en passant par le VTT et au-del\u00e0. Du 4 au 9 avril 2022, les Nines reviendront \u00e0 Crans-Montana, en Valais, pour c\u00e9l\u00e9brer leur 30e \u00e9dition historique. Sur le glacier de la Plaine-Morte (2 750 m), ils perp\u00e9tueront leur longue tradition et repousseront les limites du possible en mati\u00e8re de sport freestyle et de construction de snowparks.<\/strong><\/p>\n\n\n\n<figure class=\"wp-block-image size-large\"><img loading=\"lazy\" decoding=\"async\" width=\"724\" height=\"1024\" data-attachment-id=\"5679\" data-permalink=\"https:\/\/boardgeneration.ch\/fr\/9sw22_snowboard\/\" data-orig-file=\"https:\/\/boardgeneration.ch\/wp-content\/uploads\/2022\/02\/9sW22_Snowboard-scaled.jpg\" data-orig-size=\"1810,2560\" data-comments-opened=\"1\" data-image-meta=\"{&quot;aperture&quot;:&quot;0&quot;,&quot;credit&quot;:&quot;&quot;,&quot;camera&quot;:&quot;&quot;,&quot;caption&quot;:&quot;&quot;,&quot;created_timestamp&quot;:&quot;0&quot;,&quot;copyright&quot;:&quot;&quot;,&quot;focal_length&quot;:&quot;0&quot;,&quot;iso&quot;:&quot;0&quot;,&quot;shutter_speed&quot;:&quot;0&quot;,&quot;title&quot;:&quot;&quot;,&quot;orientation&quot;:&quot;0&quot;}\" data-image-title=\"9sW22_Snowboard\" data-image-description=\"\" data-image-caption=\"\" data-medium-file=\"https:\/\/boardgeneration.ch\/wp-content\/uploads\/2022\/02\/9sW22_Snowboard-212x300.jpg\" data-large-file=\"https:\/\/boardgeneration.ch\/wp-content\/uploads\/2022\/02\/9sW22_Snowboard-724x1024.jpg\" src=\"https:\/\/boardgeneration.ch\/wp-content\/uploads\/2022\/02\/9sW22_Snowboard-724x1024.jpg\" alt=\"\" class=\"wp-image-5679\" srcset=\"https:\/\/boardgeneration.ch\/wp-content\/uploads\/2022\/02\/9sW22_Snowboard-724x1024.jpg 724w, https:\/\/boardgeneration.ch\/wp-content\/uploads\/2022\/02\/9sW22_Snowboard-212x300.jpg 212w, https:\/\/boardgeneration.ch\/wp-content\/uploads\/2022\/02\/9sW22_Snowboard-768x1086.jpg 768w, https:\/\/boardgeneration.ch\/wp-content\/uploads\/2022\/02\/9sW22_Snowboard-1086x1536.jpg 1086w, https:\/\/boardgeneration.ch\/wp-content\/uploads\/2022\/02\/9sW22_Snowboard-1448x2048.jpg 1448w, https:\/\/boardgeneration.ch\/wp-content\/uploads\/2022\/02\/9sW22_Snowboard-8x12.jpg 8w, https:\/\/boardgeneration.ch\/wp-content\/uploads\/2022\/02\/9sW22_Snowboard-scaled.jpg 1810w\" sizes=\"auto, (max-width: 724px) 100vw, 724px\" \/><figcaption><span class=\"media-credit\"> <\/span><\/figcaption><\/figure>\n\n\n\n<p>La diversit\u00e9 des infrastructures sportives de Crans-Montana, avec le surfpool, le skatepark et le snowpark d'Ala\u00efa, ainsi que les installations de neige massive de Nines, garantissent une action de premier ordre, tant sur les pistes qu'en dehors. Dans ce paradis du freestyle, un groupe tri\u00e9 sur le volet de freeskieurs internationaux de haut niveau et de snowboarders de classe mondiale se retrouveront pour six jours de sessions de film et de progression et se pousseront vers de nouveaux sommets gr\u00e2ce au format unique et non comp\u00e9titif des Nines.<\/p>\n\n\n\n<p>Certains des plus grands noms du freeski et du snowboard ont d\u00e9j\u00e0 confirm\u00e9 leur participation. Des stars comme Zeb Powell (USA, Snb), Zoi Sadowski-Synnott (NZL,Snb), Marcus Kleveland (NOR, Snb), Mat\u011bj \u0160vancer (AUT, Ski), Anna Gasser (AUT, Snb), Jesper Tj\u00e4der (SWE, Ski), Sebbe De Buck (BEL, Snb), Taylor Brooke Lundquist (USA, Ski) et Tess Ledeux (FRA, Ski) seront de la partie. Et la liste continue de s'allonger...<\/p>\n\n\n\n<div class=\"wp-block-jetpack-tiled-gallery aligncenter is-style-rectangular\"><div class=\"tiled-gallery__gallery\"><div class=\"tiled-gallery__row\"><div class=\"tiled-gallery__col\" style=\"flex-basis:57.30790%\"><figure class=\"tiled-gallery__item\"><img decoding=\"async\" data-attachment-id=\"5678\" data-permalink=\"https:\/\/boardgeneration.ch\/fr\/tan19_snb_sebbedebuck_theoacworth_web-jpg\/\" data-orig-file=\"https:\/\/boardgeneration.ch\/wp-content\/uploads\/2022\/02\/TAN19_SNB_SebbedeBuck_TheoAcworth_WEB.jpg.jpg\" data-orig-size=\"1667,2500\" data-comments-opened=\"1\" data-image-meta=\"{&quot;aperture&quot;:&quot;9&quot;,&quot;credit&quot;:&quot;Atlas Images&quot;,&quot;camera&quot;:&quot;Canon EOS 5D Mark III&quot;,&quot;caption&quot;:&quot;&quot;,&quot;created_timestamp&quot;:&quot;1556187588&quot;,&quot;copyright&quot;:&quot;Copyright Atlas Images 2017&quot;,&quot;focal_length&quot;:&quot;15&quot;,&quot;iso&quot;:&quot;200&quot;,&quot;shutter_speed&quot;:&quot;0.00015625&quot;,&quot;title&quot;:&quot;&quot;,&quot;orientation&quot;:&quot;0&quot;}\" data-image-title=\"TAN19_SNB_SebbedeBuck_TheoAcworth_WEB.jpg\" data-image-description=\"\" data-image-caption=\"\" data-medium-file=\"https:\/\/boardgeneration.ch\/wp-content\/uploads\/2022\/02\/TAN19_SNB_SebbedeBuck_TheoAcworth_WEB.jpg-200x300.jpg\" data-large-file=\"https:\/\/boardgeneration.ch\/wp-content\/uploads\/2022\/02\/TAN19_SNB_SebbedeBuck_TheoAcworth_WEB.jpg-683x1024.jpg\" role=\"button\" tabindex=\"0\" aria-label=\"Ouvrir l&#039;image 1 sur 5 en plein \u00e9cran\" srcset=\"https:\/\/i1.wp.com\/boardgeneration.ch\/wp-content\/uploads\/2022\/02\/TAN19_SNB_SebbedeBuck_TheoAcworth_WEB.jpg-683x1024.jpg?strip=info&#038;w=600&#038;ssl=1 600w,https:\/\/i1.wp.com\/boardgeneration.ch\/wp-content\/uploads\/2022\/02\/TAN19_SNB_SebbedeBuck_TheoAcworth_WEB.jpg-683x1024.jpg?strip=info&#038;w=900&#038;ssl=1 900w,https:\/\/i1.wp.com\/boardgeneration.ch\/wp-content\/uploads\/2022\/02\/TAN19_SNB_SebbedeBuck_TheoAcworth_WEB.jpg-683x1024.jpg?strip=info&#038;w=1200&#038;ssl=1 1200w,https:\/\/i1.wp.com\/boardgeneration.ch\/wp-content\/uploads\/2022\/02\/TAN19_SNB_SebbedeBuck_TheoAcworth_WEB.jpg-683x1024.jpg?strip=info&#038;w=1500&#038;ssl=1 1500w,https:\/\/i1.wp.com\/boardgeneration.ch\/wp-content\/uploads\/2022\/02\/TAN19_SNB_SebbedeBuck_TheoAcworth_WEB.jpg-683x1024.jpg?strip=info&#038;w=1667&#038;ssl=1 1667w\" alt=\"\" data-height=\"2500\" data-id=\"5678\" data-link=\"https:\/\/boardgeneration.ch\/tan19_snb_sebbedebuck_theoacworth_web-jpg\/\" data-url=\"https:\/\/boardgeneration.ch\/wp-content\/uploads\/2022\/02\/TAN19_SNB_SebbedeBuck_TheoAcworth_WEB.jpg-683x1024.jpg\" data-width=\"1667\" src=\"https:\/\/i1.wp.com\/boardgeneration.ch\/wp-content\/uploads\/2022\/02\/TAN19_SNB_SebbedeBuck_TheoAcworth_WEB.jpg-683x1024.jpg?ssl=1\" data-amp-layout=\"responsive\"\/><\/figure><\/div><div class=\"tiled-gallery__col\" style=\"flex-basis:42.69210%\"><figure class=\"tiled-gallery__item\"><img decoding=\"async\" data-attachment-id=\"5677\" data-permalink=\"https:\/\/boardgeneration.ch\/fr\/snb-3\/\" data-orig-file=\"https:\/\/boardgeneration.ch\/wp-content\/uploads\/2022\/02\/TAN19_DAY4_snb_Sta\u030ale_Sandbech_david_malacrida_75250419_WEB.jpg\" data-orig-size=\"2500,1667\" data-comments-opened=\"1\" data-image-meta=\"{&quot;aperture&quot;:&quot;8&quot;,&quot;credit&quot;:&quot;david malacrida&quot;,&quot;camera&quot;:&quot;Canon EOS 5D Mark III&quot;,&quot;caption&quot;:&quot;St\\u00e5le Sandbech&quot;,&quot;created_timestamp&quot;:&quot;1556196527&quot;,&quot;copyright&quot;:&quot;&quot;,&quot;focal_length&quot;:&quot;35&quot;,&quot;iso&quot;:&quot;125&quot;,&quot;shutter_speed&quot;:&quot;0.000625&quot;,&quot;title&quot;:&quot;snb&quot;,&quot;orientation&quot;:&quot;0&quot;}\" data-image-title=\"snb\" data-image-description=\"\" data-image-caption=\"&lt;p&gt;St\u00e5le Sandbech&lt;\/p&gt;\" data-medium-file=\"https:\/\/boardgeneration.ch\/wp-content\/uploads\/2022\/02\/TAN19_DAY4_snb_Sta\u030ale_Sandbech_david_malacrida_75250419_WEB-300x200.jpg\" data-large-file=\"https:\/\/boardgeneration.ch\/wp-content\/uploads\/2022\/02\/TAN19_DAY4_snb_Sta\u030ale_Sandbech_david_malacrida_75250419_WEB-1024x683.jpg\" role=\"button\" tabindex=\"0\" aria-label=\"Ouvrir l&#039;image 2 sur 5 en plein \u00e9cran\" srcset=\"https:\/\/i0.wp.com\/boardgeneration.ch\/wp-content\/uploads\/2022\/02\/TAN19_DAY4_snb_Sta%CC%8Ale_Sandbech_david_malacrida_75250419_WEB-1024x683.jpg?strip=info&#038;w=600&#038;ssl=1 600w,https:\/\/i0.wp.com\/boardgeneration.ch\/wp-content\/uploads\/2022\/02\/TAN19_DAY4_snb_Sta%CC%8Ale_Sandbech_david_malacrida_75250419_WEB-1024x683.jpg?strip=info&#038;w=900&#038;ssl=1 900w,https:\/\/i0.wp.com\/boardgeneration.ch\/wp-content\/uploads\/2022\/02\/TAN19_DAY4_snb_Sta%CC%8Ale_Sandbech_david_malacrida_75250419_WEB-1024x683.jpg?strip=info&#038;w=1200&#038;ssl=1 1200w,https:\/\/i0.wp.com\/boardgeneration.ch\/wp-content\/uploads\/2022\/02\/TAN19_DAY4_snb_Sta%CC%8Ale_Sandbech_david_malacrida_75250419_WEB-1024x683.jpg?strip=info&#038;w=1500&#038;ssl=1 1500w,https:\/\/i0.wp.com\/boardgeneration.ch\/wp-content\/uploads\/2022\/02\/TAN19_DAY4_snb_Sta%CC%8Ale_Sandbech_david_malacrida_75250419_WEB-1024x683.jpg?strip=info&#038;w=1800&#038;ssl=1 1800w,https:\/\/i0.wp.com\/boardgeneration.ch\/wp-content\/uploads\/2022\/02\/TAN19_DAY4_snb_Sta%CC%8Ale_Sandbech_david_malacrida_75250419_WEB-1024x683.jpg?strip=info&#038;w=2000&#038;ssl=1 2000w\" alt=\"\" data-height=\"1667\" data-id=\"5677\" data-link=\"https:\/\/boardgeneration.ch\/snb-3\/\" data-url=\"https:\/\/boardgeneration.ch\/wp-content\/uploads\/2022\/02\/TAN19_DAY4_snb_Sta\u030ale_Sandbech_david_malacrida_75250419_WEB-1024x683.jpg\" data-width=\"2500\" src=\"https:\/\/i0.wp.com\/boardgeneration.ch\/wp-content\/uploads\/2022\/02\/TAN19_DAY4_snb_Sta%CC%8Ale_Sandbech_david_malacrida_75250419_WEB-1024x683.jpg?ssl=1\" data-amp-layout=\"responsive\"\/><\/figure><figure class=\"tiled-gallery__item\"><img decoding=\"async\" data-attachment-id=\"5676\" data-permalink=\"https:\/\/boardgeneration.ch\/fr\/the-audi-nines-2019-day-1-3\/\" data-orig-file=\"https:\/\/boardgeneration.ch\/wp-content\/uploads\/2022\/02\/TAN19_Day1_SNB_Terje-Haakonsen_KlausPolzer_Web02-scaled.jpg\" data-orig-size=\"2560,1704\" data-comments-opened=\"1\" data-image-meta=\"{&quot;aperture&quot;:&quot;10&quot;,&quot;credit&quot;:&quot;Klaus Polzer&quot;,&quot;camera&quot;:&quot;NIKON D4&quot;,&quot;caption&quot;:&quot;Terje Haakonsen&quot;,&quot;created_timestamp&quot;:&quot;1555933710&quot;,&quot;copyright&quot;:&quot;\\u00a9 Klaus Polzer \/ The Audi Nines&quot;,&quot;focal_length&quot;:&quot;200&quot;,&quot;iso&quot;:&quot;200&quot;,&quot;shutter_speed&quot;:&quot;0.0008&quot;,&quot;title&quot;:&quot;The Audi Nines 2019 \\u2013 Day 1&quot;,&quot;orientation&quot;:&quot;0&quot;}\" data-image-title=\"The Audi Nines 2019 \u2013 Day 1\" data-image-description=\"\" data-image-caption=\"&lt;p&gt;Terje Haakonsen&lt;\/p&gt;\" data-medium-file=\"https:\/\/boardgeneration.ch\/wp-content\/uploads\/2022\/02\/TAN19_Day1_SNB_Terje-Haakonsen_KlausPolzer_Web02-300x200.jpg\" data-large-file=\"https:\/\/boardgeneration.ch\/wp-content\/uploads\/2022\/02\/TAN19_Day1_SNB_Terje-Haakonsen_KlausPolzer_Web02-1024x682.jpg\" role=\"button\" tabindex=\"0\" aria-label=\"Ouvrir l&#039;image 3 sur 5 en plein \u00e9cran\" srcset=\"https:\/\/i0.wp.com\/boardgeneration.ch\/wp-content\/uploads\/2022\/02\/TAN19_Day1_SNB_Terje-Haakonsen_KlausPolzer_Web02-1024x682.jpg?strip=info&#038;w=600&#038;ssl=1 600w,https:\/\/i0.wp.com\/boardgeneration.ch\/wp-content\/uploads\/2022\/02\/TAN19_Day1_SNB_Terje-Haakonsen_KlausPolzer_Web02-1024x682.jpg?strip=info&#038;w=900&#038;ssl=1 900w,https:\/\/i0.wp.com\/boardgeneration.ch\/wp-content\/uploads\/2022\/02\/TAN19_Day1_SNB_Terje-Haakonsen_KlausPolzer_Web02-1024x682.jpg?strip=info&#038;w=1200&#038;ssl=1 1200w,https:\/\/i0.wp.com\/boardgeneration.ch\/wp-content\/uploads\/2022\/02\/TAN19_Day1_SNB_Terje-Haakonsen_KlausPolzer_Web02-1024x682.jpg?strip=info&#038;w=1500&#038;ssl=1 1500w,https:\/\/i0.wp.com\/boardgeneration.ch\/wp-content\/uploads\/2022\/02\/TAN19_Day1_SNB_Terje-Haakonsen_KlausPolzer_Web02-1024x682.jpg?strip=info&#038;w=1800&#038;ssl=1 1800w,https:\/\/i0.wp.com\/boardgeneration.ch\/wp-content\/uploads\/2022\/02\/TAN19_Day1_SNB_Terje-Haakonsen_KlausPolzer_Web02-1024x682.jpg?strip=info&#038;w=2000&#038;ssl=1 2000w\" alt=\"\" data-height=\"1704\" data-id=\"5676\" data-link=\"https:\/\/boardgeneration.ch\/the-audi-nines-2019-day-1-3\/\" data-url=\"https:\/\/boardgeneration.ch\/wp-content\/uploads\/2022\/02\/TAN19_Day1_SNB_Terje-Haakonsen_KlausPolzer_Web02-1024x682.jpg\" data-width=\"2560\" src=\"https:\/\/i0.wp.com\/boardgeneration.ch\/wp-content\/uploads\/2022\/02\/TAN19_Day1_SNB_Terje-Haakonsen_KlausPolzer_Web02-1024x682.jpg?ssl=1\" data-amp-layout=\"responsive\"\/><\/figure><figure class=\"tiled-gallery__item\"><img decoding=\"async\" data-attachment-id=\"5675\" data-permalink=\"https:\/\/boardgeneration.ch\/fr\/suzuki-nine-royals-2017-day-2-morning-session\/\" data-orig-file=\"https:\/\/boardgeneration.ch\/wp-content\/uploads\/2022\/02\/2017_NineRoyals_SNB_Anna-Gasser_53_by_Klaus-Polzer_Distillery_nbh.jpg\" data-orig-size=\"2500,1656\" data-comments-opened=\"1\" data-image-meta=\"{&quot;aperture&quot;:&quot;8&quot;,&quot;credit&quot;:&quot;Klaus Polzer&quot;,&quot;camera&quot;:&quot;GR II&quot;,&quot;caption&quot;:&quot;Anna Gasser&quot;,&quot;created_timestamp&quot;:&quot;1490697834&quot;,&quot;copyright&quot;:&quot;\\u00a9 Klaus Polzer \/ Suzuki Nine Royals&quot;,&quot;focal_length&quot;:&quot;18.3&quot;,&quot;iso&quot;:&quot;100&quot;,&quot;shutter_speed&quot;:&quot;0.0008&quot;,&quot;title&quot;:&quot;Suzuki Nine Royals 2017 \\u2013 Day 2 Morning Session&quot;,&quot;orientation&quot;:&quot;0&quot;}\" data-image-title=\"Suzuki Nine Royals 2017 \u2013 Day 2 Morning Session\" data-image-description=\"\" data-image-caption=\"&lt;p&gt;Anna Gasser&lt;\/p&gt;\" data-medium-file=\"https:\/\/boardgeneration.ch\/wp-content\/uploads\/2022\/02\/2017_NineRoyals_SNB_Anna-Gasser_53_by_Klaus-Polzer_Distillery_nbh-300x199.jpg\" data-large-file=\"https:\/\/boardgeneration.ch\/wp-content\/uploads\/2022\/02\/2017_NineRoyals_SNB_Anna-Gasser_53_by_Klaus-Polzer_Distillery_nbh-1024x678.jpg\" role=\"button\" tabindex=\"0\" aria-label=\"Ouvrir l&#039;image 4 sur 5 en plein \u00e9cran\" srcset=\"https:\/\/i1.wp.com\/boardgeneration.ch\/wp-content\/uploads\/2022\/02\/2017_NineRoyals_SNB_Anna-Gasser_53_by_Klaus-Polzer_Distillery_nbh-1024x678.jpg?strip=info&#038;w=600&#038;ssl=1 600w,https:\/\/i1.wp.com\/boardgeneration.ch\/wp-content\/uploads\/2022\/02\/2017_NineRoyals_SNB_Anna-Gasser_53_by_Klaus-Polzer_Distillery_nbh-1024x678.jpg?strip=info&#038;w=900&#038;ssl=1 900w,https:\/\/i1.wp.com\/boardgeneration.ch\/wp-content\/uploads\/2022\/02\/2017_NineRoyals_SNB_Anna-Gasser_53_by_Klaus-Polzer_Distillery_nbh-1024x678.jpg?strip=info&#038;w=1200&#038;ssl=1 1200w,https:\/\/i1.wp.com\/boardgeneration.ch\/wp-content\/uploads\/2022\/02\/2017_NineRoyals_SNB_Anna-Gasser_53_by_Klaus-Polzer_Distillery_nbh-1024x678.jpg?strip=info&#038;w=1500&#038;ssl=1 1500w,https:\/\/i1.wp.com\/boardgeneration.ch\/wp-content\/uploads\/2022\/02\/2017_NineRoyals_SNB_Anna-Gasser_53_by_Klaus-Polzer_Distillery_nbh-1024x678.jpg?strip=info&#038;w=1800&#038;ssl=1 1800w,https:\/\/i1.wp.com\/boardgeneration.ch\/wp-content\/uploads\/2022\/02\/2017_NineRoyals_SNB_Anna-Gasser_53_by_Klaus-Polzer_Distillery_nbh-1024x678.jpg?strip=info&#038;w=2000&#038;ssl=1 2000w\" alt=\"\" data-height=\"1656\" data-id=\"5675\" data-link=\"https:\/\/boardgeneration.ch\/suzuki-nine-royals-2017-day-2-morning-session\/\" data-url=\"https:\/\/boardgeneration.ch\/wp-content\/uploads\/2022\/02\/2017_NineRoyals_SNB_Anna-Gasser_53_by_Klaus-Polzer_Distillery_nbh-1024x678.jpg\" data-width=\"2500\" src=\"https:\/\/i1.wp.com\/boardgeneration.ch\/wp-content\/uploads\/2022\/02\/2017_NineRoyals_SNB_Anna-Gasser_53_by_Klaus-Polzer_Distillery_nbh-1024x678.jpg?ssl=1\" data-amp-layout=\"responsive\"\/><\/figure><\/div><\/div><div class=\"tiled-gallery__row\"><div class=\"tiled-gallery__col\" style=\"flex-basis:100.00000%\"><figure class=\"tiled-gallery__item\"><img decoding=\"async\" data-attachment-id=\"5674\" data-permalink=\"https:\/\/boardgeneration.ch\/fr\/suzuki-nine-knights-2016-mission-for-the-perfect-hip-contest-day\/\" data-orig-file=\"https:\/\/boardgeneration.ch\/wp-content\/uploads\/2022\/02\/2016_Royals_Christian-Haller_Klaus-Polzer_Distillery_NBH_27_LR.jpg\" data-orig-size=\"799,1200\" data-comments-opened=\"1\" data-image-meta=\"{&quot;aperture&quot;:&quot;10&quot;,&quot;credit&quot;:&quot;Klaus Polzer&quot;,&quot;camera&quot;:&quot;NIKON D4&quot;,&quot;caption&quot;:&quot;Christian Haller&quot;,&quot;created_timestamp&quot;:&quot;1459604952&quot;,&quot;copyright&quot;:&quot;\\u00a9 Klaus Polzer \/ Suzuki Nine Knights&quot;,&quot;focal_length&quot;:&quot;70&quot;,&quot;iso&quot;:&quot;250&quot;,&quot;shutter_speed&quot;:&quot;0.0008&quot;,&quot;title&quot;:&quot;Suzuki Nine Knights 2016 \\u2013 Mission for the Perfect Hip \/ Contest Day&quot;,&quot;orientation&quot;:&quot;0&quot;}\" data-image-title=\"Suzuki Nine Knights 2016 \u2013 Mission for the Perfect Hip \/ Contest Day\" data-image-description=\"\" data-image-caption=\"&lt;p&gt;Christian Haller&lt;\/p&gt;\" data-medium-file=\"https:\/\/boardgeneration.ch\/wp-content\/uploads\/2022\/02\/2016_Royals_Christian-Haller_Klaus-Polzer_Distillery_NBH_27_LR-200x300.jpg\" data-large-file=\"https:\/\/boardgeneration.ch\/wp-content\/uploads\/2022\/02\/2016_Royals_Christian-Haller_Klaus-Polzer_Distillery_NBH_27_LR-682x1024.jpg\" role=\"button\" tabindex=\"0\" aria-label=\"Ouvrir l&#039;image 5 sur 5 en plein \u00e9cran\" srcset=\"https:\/\/i0.wp.com\/boardgeneration.ch\/wp-content\/uploads\/2022\/02\/2016_Royals_Christian-Haller_Klaus-Polzer_Distillery_NBH_27_LR-682x1024.jpg?strip=info&#038;w=600&#038;ssl=1 600w,https:\/\/i0.wp.com\/boardgeneration.ch\/wp-content\/uploads\/2022\/02\/2016_Royals_Christian-Haller_Klaus-Polzer_Distillery_NBH_27_LR-682x1024.jpg?strip=info&#038;w=799&#038;ssl=1 799w\" alt=\"\" data-height=\"1200\" data-id=\"5674\" data-link=\"https:\/\/boardgeneration.ch\/suzuki-nine-knights-2016-mission-for-the-perfect-hip-contest-day\/\" data-url=\"https:\/\/boardgeneration.ch\/wp-content\/uploads\/2022\/02\/2016_Royals_Christian-Haller_Klaus-Polzer_Distillery_NBH_27_LR-682x1024.jpg\" data-width=\"799\" src=\"https:\/\/i0.wp.com\/boardgeneration.ch\/wp-content\/uploads\/2022\/02\/2016_Royals_Christian-Haller_Klaus-Polzer_Distillery_NBH_27_LR-682x1024.jpg?ssl=1\" data-amp-layout=\"responsive\"\/><\/figure><\/div><\/div><\/div><\/div>\n\n\n\n<p><strong>Concours vid\u00e9o Red Bull Phenom XBecome a Nine<\/strong><\/p>\n\n\n\n<p>Gr\u00e2ce au concours vid\u00e9o Red Bull Phenom XBecome a Nine, quatre autres freeskieurs et snowboardeurs peuvent s'assurer des wildcards pour cette session de progression exclusive. Les inscriptions sont ouvertes d\u00e8s maintenant. Pour plus d'informations sur la participation au Red Bull Phenom XBecome a Nine, veuillez consulter le site suivant <a href=\"https:\/\/www.thenines.cc\/crans-montana\/rb-phenom-x-become-a-nine\" target=\"_blank\" rel=\"noreferrer noopener\">https:\/\/www.thenines.cc\/crans-montana\/rb-phenom-x-become-a-nine<\/a>. <\/p>\n\n\n\n<p><strong>The Nines Public Day le samedi 9 avril2022<\/strong><\/p>\n\n\n\n<p>Mais il n'est pas n\u00e9cessaire d'\u00eatre la prochaine grande figure du freestyle pour participer aux Nines. Le 9 avril 2022, le Nines Public Day donnera \u00e0 toutes les personnes int\u00e9ress\u00e9es la chance de vivre l'action de pr\u00e8s \u00e0 Crans-Montana. Les fans de sport ne devraient pas laisser passer cette occasion particuli\u00e8re et suivre l'action directement sur place !<\/p>\n\n\n\n<p>Plus d'informations sous :<\/p>\n\n\n\n<ul class=\"wp-block-list\"><li><a href=\"http:\/\/www.thenines.cc\" target=\"_blank\" rel=\"noreferrer noopener\">www.thenines.cc<\/a><\/li><li><a href=\"http:\/\/www.instagram.com\/thenines.cc\" target=\"_blank\" rel=\"noreferrer noopener\">www.instagram.com\/thenines.cc<\/a><\/li><li><a href=\"http:\/\/www.facebook.com\/The.Nines.cc\" target=\"_blank\" rel=\"noreferrer noopener\">www.facebook.com\/The.Nines.cc<\/a><\/li><li><a href=\"http:\/\/www.youtube.com\/c\/TheNines3\" target=\"_blank\" rel=\"noreferrer noopener\">www.youtube.com\/c\/TheNines3<a href=\"https:\/\/www.thenines.cc\/crans-montana\/rb-phenom-x-become-a-nine\" target=\"_blank\" rel=\"noreferrer noopener\"><\/a><a href=\"https:\/\/www.thenines.cc\/crans-montana\/rb-phenom-x-become-a-nine\" target=\"_blank\" rel=\"noreferrer noopener\"><\/a><a href=\"http:\/\/www.thenines.cc\/\" target=\"_blank\" rel=\"noreferrer noopener\"><\/a><a href=\"http:\/\/www.instagram.com\/thenines.cc\" target=\"_blank\" rel=\"noreferrer noopener\"><\/a><a href=\"http:\/\/www.facebook.com\/The.Nines.cc\" target=\"_blank\" rel=\"noreferrer noopener\"><\/a><\/a><\/li><\/ul>","protected":false},"excerpt":{"rendered":"<p>Vom 4. bis 9. April 2022 h\u00e4lt die traditionsreiche Actionsport-Eventreihe die n\u00e4chste hochkar\u00e4tige Ski-und Snowboard-Session in den Walliser Alpen ab. Dreissig Veranstaltungen. Vierzehn Jahre. Vier L\u00e4nder. Eine Mission: Eine einzigartige Plattform f\u00fcr Talente, Freundschaft und Progression im Actionsport zu schaffen \u2013 vom Skifahren \u00fcber das Snowboarden bis zum Mountainbiken und dar\u00fcber hinaus. Vom 4. bis [&hellip;]<\/p>\n","protected":false},"author":3,"featured_media":5673,"comment_status":"open","ping_status":"open","sticky":false,"template":"","format":"standard","meta":{"_jetpack_memberships_contains_paid_content":false,"footnotes":""},"categories":[172,12],"tags":[10565,11686,32182],"class_list":["post-5671","post","type-post","status-publish","format-standard","has-post-thumbnail","hentry","category-agenda","category-event","tag-film","tag-snowboard","tag-snowboarder"],"yoast_head":"<!-- This site is optimized with the Yoast SEO plugin v26.8 - https:\/\/yoast.com\/product\/yoast-seo-wordpress\/ -->\n<title>The Nines kehrt nach Crans-Montana zur\u00fcck - Board Generation<\/title>\n<meta name=\"robots\" content=\"index, follow, max-snippet:-1, max-image-preview:large, max-video-preview:-1\" \/>\n<link rel=\"canonical\" href=\"https:\/\/boardgeneration.ch\/fr\/the-nines-kehrt-nach-crans-montana-zurueck\/\" \/>\n<meta property=\"og:locale\" content=\"fr_FR\" \/>\n<meta property=\"og:type\" content=\"article\" \/>\n<meta property=\"og:title\" content=\"The Nines kehrt nach Crans-Montana zur\u00fcck - Board Generation\" \/>\n<meta property=\"og:description\" content=\"Vom 4. bis 9. April 2022 h\u00e4lt die traditionsreiche Actionsport-Eventreihe die n\u00e4chste hochkar\u00e4tige Ski-und Snowboard-Session in den Walliser Alpen ab. Dreissig Veranstaltungen. Vierzehn Jahre. Vier L\u00e4nder. Eine Mission: Eine einzigartige Plattform f\u00fcr Talente, Freundschaft und Progression im Actionsport zu schaffen \u2013 vom Skifahren \u00fcber das Snowboarden bis zum Mountainbiken und dar\u00fcber hinaus. Vom 4. bis [&hellip;]\" \/>\n<meta property=\"og:url\" content=\"https:\/\/boardgeneration.ch\/fr\/the-nines-kehrt-nach-crans-montana-zurueck\/\" \/>\n<meta property=\"og:site_name\" content=\"Board Generation\" \/>\n<meta property=\"article:publisher\" content=\"https:\/\/www.facebook.com\/boardgeneration.ch\" \/>\n<meta property=\"article:published_time\" content=\"2022-02-03T17:10:00+00:00\" \/>\n<meta property=\"article:modified_time\" content=\"2022-02-13T17:29:47+00:00\" \/>\n<meta property=\"og:image\" content=\"https:\/\/boardgeneration.ch\/wp-content\/uploads\/2022\/02\/2014_NineQueens_Jessika-Jenson_Heli-Session_35_KlausPolzer_HighRes-scaled.jpg\" \/>\n\t<meta property=\"og:image:width\" content=\"2560\" \/>\n\t<meta property=\"og:image:height\" content=\"1704\" \/>\n\t<meta property=\"og:image:type\" content=\"image\/jpeg\" \/>\n<meta name=\"author\" content=\"Pressedienst\" \/>\n<meta name=\"twitter:card\" content=\"summary_large_image\" \/>\n<meta name=\"twitter:creator\" content=\"@boardgen\" \/>\n<meta name=\"twitter:site\" content=\"@boardgen\" \/>\n<meta name=\"twitter:label1\" content=\"\u00c9crit par\" \/>\n\t<meta name=\"twitter:data1\" content=\"Pressedienst\" \/>\n\t<meta name=\"twitter:label2\" content=\"Dur\u00e9e de lecture estim\u00e9e\" \/>\n\t<meta name=\"twitter:data2\" content=\"3 minutes\" \/>\n<script type=\"application\/ld+json\" class=\"yoast-schema-graph\">{\"@context\":\"https:\/\/schema.org\",\"@graph\":[{\"@type\":\"Article\",\"@id\":\"https:\/\/boardgeneration.ch\/the-nines-kehrt-nach-crans-montana-zurueck\/#article\",\"isPartOf\":{\"@id\":\"https:\/\/boardgeneration.ch\/the-nines-kehrt-nach-crans-montana-zurueck\/\"},\"author\":{\"name\":\"Pressedienst\",\"@id\":\"https:\/\/boardgeneration.ch\/#\/schema\/person\/4727ac7b918c1fd9879a564a16734f2c\"},\"headline\":\"The Nines kehrt nach Crans-Montana zur\u00fcck\",\"datePublished\":\"2022-02-03T17:10:00+00:00\",\"dateModified\":\"2022-02-13T17:29:47+00:00\",\"mainEntityOfPage\":{\"@id\":\"https:\/\/boardgeneration.ch\/the-nines-kehrt-nach-crans-montana-zurueck\/\"},\"wordCount\":367,\"commentCount\":0,\"publisher\":{\"@id\":\"https:\/\/boardgeneration.ch\/#organization\"},\"image\":{\"@id\":\"https:\/\/boardgeneration.ch\/the-nines-kehrt-nach-crans-montana-zurueck\/#primaryimage\"},\"thumbnailUrl\":\"https:\/\/boardgeneration.ch\/wp-content\/uploads\/2022\/02\/2014_NineQueens_Jessika-Jenson_Heli-Session_35_KlausPolzer_HighRes-scaled.jpg\",\"keywords\":[\"Film\",\"Snowboard\",\"Snowboarder\"],\"articleSection\":[\"agenda\",\"event\"],\"inLanguage\":\"fr-FR\",\"potentialAction\":[{\"@type\":\"CommentAction\",\"name\":\"Comment\",\"target\":[\"https:\/\/boardgeneration.ch\/the-nines-kehrt-nach-crans-montana-zurueck\/#respond\"]}]},{\"@type\":\"WebPage\",\"@id\":\"https:\/\/boardgeneration.ch\/the-nines-kehrt-nach-crans-montana-zurueck\/\",\"url\":\"https:\/\/boardgeneration.ch\/the-nines-kehrt-nach-crans-montana-zurueck\/\",\"name\":\"The Nines kehrt nach Crans-Montana zur\u00fcck - Board Generation\",\"isPartOf\":{\"@id\":\"https:\/\/boardgeneration.ch\/#website\"},\"primaryImageOfPage\":{\"@id\":\"https:\/\/boardgeneration.ch\/the-nines-kehrt-nach-crans-montana-zurueck\/#primaryimage\"},\"image\":{\"@id\":\"https:\/\/boardgeneration.ch\/the-nines-kehrt-nach-crans-montana-zurueck\/#primaryimage\"},\"thumbnailUrl\":\"https:\/\/boardgeneration.ch\/wp-content\/uploads\/2022\/02\/2014_NineQueens_Jessika-Jenson_Heli-Session_35_KlausPolzer_HighRes-scaled.jpg\",\"datePublished\":\"2022-02-03T17:10:00+00:00\",\"dateModified\":\"2022-02-13T17:29:47+00:00\",\"breadcrumb\":{\"@id\":\"https:\/\/boardgeneration.ch\/the-nines-kehrt-nach-crans-montana-zurueck\/#breadcrumb\"},\"inLanguage\":\"fr-FR\",\"potentialAction\":[{\"@type\":\"ReadAction\",\"target\":[\"https:\/\/boardgeneration.ch\/the-nines-kehrt-nach-crans-montana-zurueck\/\"]}]},{\"@type\":\"ImageObject\",\"inLanguage\":\"fr-FR\",\"@id\":\"https:\/\/boardgeneration.ch\/the-nines-kehrt-nach-crans-montana-zurueck\/#primaryimage\",\"url\":\"https:\/\/boardgeneration.ch\/wp-content\/uploads\/2022\/02\/2014_NineQueens_Jessika-Jenson_Heli-Session_35_KlausPolzer_HighRes-scaled.jpg\",\"contentUrl\":\"https:\/\/boardgeneration.ch\/wp-content\/uploads\/2022\/02\/2014_NineQueens_Jessika-Jenson_Heli-Session_35_KlausPolzer_HighRes-scaled.jpg\",\"width\":2560,\"height\":1704,\"caption\":\"Jessika Jenson\"},{\"@type\":\"BreadcrumbList\",\"@id\":\"https:\/\/boardgeneration.ch\/the-nines-kehrt-nach-crans-montana-zurueck\/#breadcrumb\",\"itemListElement\":[{\"@type\":\"ListItem\",\"position\":1,\"name\":\"Startseite\",\"item\":\"https:\/\/boardgeneration.ch\/\"},{\"@type\":\"ListItem\",\"position\":2,\"name\":\"The Nines kehrt nach Crans-Montana zur\u00fcck\"}]},{\"@type\":\"WebSite\",\"@id\":\"https:\/\/boardgeneration.ch\/#website\",\"url\":\"https:\/\/boardgeneration.ch\/\",\"name\":\"board generation\",\"description\":\"Back to the Roots\",\"publisher\":{\"@id\":\"https:\/\/boardgeneration.ch\/#organization\"},\"potentialAction\":[{\"@type\":\"SearchAction\",\"target\":{\"@type\":\"EntryPoint\",\"urlTemplate\":\"https:\/\/boardgeneration.ch\/?s={search_term_string}\"},\"query-input\":{\"@type\":\"PropertyValueSpecification\",\"valueRequired\":true,\"valueName\":\"search_term_string\"}}],\"inLanguage\":\"fr-FR\"},{\"@type\":\"Organization\",\"@id\":\"https:\/\/boardgeneration.ch\/#organization\",\"name\":\"board generation\",\"url\":\"https:\/\/boardgeneration.ch\/\",\"logo\":{\"@type\":\"ImageObject\",\"inLanguage\":\"fr-FR\",\"@id\":\"https:\/\/boardgeneration.ch\/#\/schema\/logo\/image\/\",\"url\":\"https:\/\/boardgeneration.ch\/wp-content\/uploads\/2019\/01\/bg-logo_mit_Text.png\",\"contentUrl\":\"https:\/\/boardgeneration.ch\/wp-content\/uploads\/2019\/01\/bg-logo_mit_Text.png\",\"width\":1040,\"height\":1155,\"caption\":\"board generation\"},\"image\":{\"@id\":\"https:\/\/boardgeneration.ch\/#\/schema\/logo\/image\/\"},\"sameAs\":[\"https:\/\/www.facebook.com\/boardgeneration.ch\",\"https:\/\/x.com\/boardgen\",\"https:\/\/www.instagram.com\/boardgen\/\"]},{\"@type\":\"Person\",\"@id\":\"https:\/\/boardgeneration.ch\/#\/schema\/person\/4727ac7b918c1fd9879a564a16734f2c\",\"name\":\"Pressedienst\",\"image\":{\"@type\":\"ImageObject\",\"inLanguage\":\"fr-FR\",\"@id\":\"https:\/\/boardgeneration.ch\/#\/schema\/person\/image\/\",\"url\":\"https:\/\/boardgeneration.ch\/wp-content\/uploads\/2019\/10\/Pile-of-letters-96x96.jpg\",\"contentUrl\":\"https:\/\/boardgeneration.ch\/wp-content\/uploads\/2019\/10\/Pile-of-letters-96x96.jpg\",\"caption\":\"Pressedienst\"},\"url\":\"https:\/\/boardgeneration.ch\/fr\/author\/pressedienst\/\"}]}<\/script>\n<!-- \/ Yoast SEO plugin. -->","yoast_head_json":{"title":"The Nines kehrt nach Crans-Montana zur\u00fcck - Board Generation","robots":{"index":"index","follow":"follow","max-snippet":"max-snippet:-1","max-image-preview":"max-image-preview:large","max-video-preview":"max-video-preview:-1"},"canonical":"https:\/\/boardgeneration.ch\/fr\/the-nines-kehrt-nach-crans-montana-zurueck\/","og_locale":"fr_FR","og_type":"article","og_title":"The Nines kehrt nach Crans-Montana zur\u00fcck - Board Generation","og_description":"Vom 4. bis 9. April 2022 h\u00e4lt die traditionsreiche Actionsport-Eventreihe die n\u00e4chste hochkar\u00e4tige Ski-und Snowboard-Session in den Walliser Alpen ab. Dreissig Veranstaltungen. Vierzehn Jahre. Vier L\u00e4nder. Eine Mission: Eine einzigartige Plattform f\u00fcr Talente, Freundschaft und Progression im Actionsport zu schaffen \u2013 vom Skifahren \u00fcber das Snowboarden bis zum Mountainbiken und dar\u00fcber hinaus. Vom 4. bis [&hellip;]","og_url":"https:\/\/boardgeneration.ch\/fr\/the-nines-kehrt-nach-crans-montana-zurueck\/","og_site_name":"Board Generation","article_publisher":"https:\/\/www.facebook.com\/boardgeneration.ch","article_published_time":"2022-02-03T17:10:00+00:00","article_modified_time":"2022-02-13T17:29:47+00:00","og_image":[{"width":2560,"height":1704,"url":"https:\/\/boardgeneration.ch\/wp-content\/uploads\/2022\/02\/2014_NineQueens_Jessika-Jenson_Heli-Session_35_KlausPolzer_HighRes-scaled.jpg","type":"image\/jpeg"}],"author":"Pressedienst","twitter_card":"summary_large_image","twitter_creator":"@boardgen","twitter_site":"@boardgen","twitter_misc":{"\u00c9crit par":"Pressedienst","Dur\u00e9e de lecture estim\u00e9e":"3 minutes"},"schema":{"@context":"https:\/\/schema.org","@graph":[{"@type":"Article","@id":"https:\/\/boardgeneration.ch\/the-nines-kehrt-nach-crans-montana-zurueck\/#article","isPartOf":{"@id":"https:\/\/boardgeneration.ch\/the-nines-kehrt-nach-crans-montana-zurueck\/"},"author":{"name":"Pressedienst","@id":"https:\/\/boardgeneration.ch\/#\/schema\/person\/4727ac7b918c1fd9879a564a16734f2c"},"headline":"The Nines kehrt nach Crans-Montana zur\u00fcck","datePublished":"2022-02-03T17:10:00+00:00","dateModified":"2022-02-13T17:29:47+00:00","mainEntityOfPage":{"@id":"https:\/\/boardgeneration.ch\/the-nines-kehrt-nach-crans-montana-zurueck\/"},"wordCount":367,"commentCount":0,"publisher":{"@id":"https:\/\/boardgeneration.ch\/#organization"},"image":{"@id":"https:\/\/boardgeneration.ch\/the-nines-kehrt-nach-crans-montana-zurueck\/#primaryimage"},"thumbnailUrl":"https:\/\/boardgeneration.ch\/wp-content\/uploads\/2022\/02\/2014_NineQueens_Jessika-Jenson_Heli-Session_35_KlausPolzer_HighRes-scaled.jpg","keywords":["Film","Snowboard","Snowboarder"],"articleSection":["agenda","event"],"inLanguage":"fr-FR","potentialAction":[{"@type":"CommentAction","name":"Comment","target":["https:\/\/boardgeneration.ch\/the-nines-kehrt-nach-crans-montana-zurueck\/#respond"]}]},{"@type":"WebPage","@id":"https:\/\/boardgeneration.ch\/the-nines-kehrt-nach-crans-montana-zurueck\/","url":"https:\/\/boardgeneration.ch\/the-nines-kehrt-nach-crans-montana-zurueck\/","name":"The Nines kehrt nach Crans-Montana zur\u00fcck - Board Generation","isPartOf":{"@id":"https:\/\/boardgeneration.ch\/#website"},"primaryImageOfPage":{"@id":"https:\/\/boardgeneration.ch\/the-nines-kehrt-nach-crans-montana-zurueck\/#primaryimage"},"image":{"@id":"https:\/\/boardgeneration.ch\/the-nines-kehrt-nach-crans-montana-zurueck\/#primaryimage"},"thumbnailUrl":"https:\/\/boardgeneration.ch\/wp-content\/uploads\/2022\/02\/2014_NineQueens_Jessika-Jenson_Heli-Session_35_KlausPolzer_HighRes-scaled.jpg","datePublished":"2022-02-03T17:10:00+00:00","dateModified":"2022-02-13T17:29:47+00:00","breadcrumb":{"@id":"https:\/\/boardgeneration.ch\/the-nines-kehrt-nach-crans-montana-zurueck\/#breadcrumb"},"inLanguage":"fr-FR","potentialAction":[{"@type":"ReadAction","target":["https:\/\/boardgeneration.ch\/the-nines-kehrt-nach-crans-montana-zurueck\/"]}]},{"@type":"ImageObject","inLanguage":"fr-FR","@id":"https:\/\/boardgeneration.ch\/the-nines-kehrt-nach-crans-montana-zurueck\/#primaryimage","url":"https:\/\/boardgeneration.ch\/wp-content\/uploads\/2022\/02\/2014_NineQueens_Jessika-Jenson_Heli-Session_35_KlausPolzer_HighRes-scaled.jpg","contentUrl":"https:\/\/boardgeneration.ch\/wp-content\/uploads\/2022\/02\/2014_NineQueens_Jessika-Jenson_Heli-Session_35_KlausPolzer_HighRes-scaled.jpg","width":2560,"height":1704,"caption":"Jessika Jenson"},{"@type":"BreadcrumbList","@id":"https:\/\/boardgeneration.ch\/the-nines-kehrt-nach-crans-montana-zurueck\/#breadcrumb","itemListElement":[{"@type":"ListItem","position":1,"name":"Startseite","item":"https:\/\/boardgeneration.ch\/"},{"@type":"ListItem","position":2,"name":"The Nines kehrt nach Crans-Montana zur\u00fcck"}]},{"@type":"WebSite","@id":"https:\/\/boardgeneration.ch\/#website","url":"https:\/\/boardgeneration.ch\/","name":"g\u00e9n\u00e9ration de conseils","description":"Retour aux sources","publisher":{"@id":"https:\/\/boardgeneration.ch\/#organization"},"potentialAction":[{"@type":"SearchAction","target":{"@type":"EntryPoint","urlTemplate":"https:\/\/boardgeneration.ch\/?s={search_term_string}"},"query-input":{"@type":"PropertyValueSpecification","valueRequired":true,"valueName":"search_term_string"}}],"inLanguage":"fr-FR"},{"@type":"Organization","@id":"https:\/\/boardgeneration.ch\/#organization","name":"g\u00e9n\u00e9ration de conseils","url":"https:\/\/boardgeneration.ch\/","logo":{"@type":"ImageObject","inLanguage":"fr-FR","@id":"https:\/\/boardgeneration.ch\/#\/schema\/logo\/image\/","url":"https:\/\/boardgeneration.ch\/wp-content\/uploads\/2019\/01\/bg-logo_mit_Text.png","contentUrl":"https:\/\/boardgeneration.ch\/wp-content\/uploads\/2019\/01\/bg-logo_mit_Text.png","width":1040,"height":1155,"caption":"board generation"},"image":{"@id":"https:\/\/boardgeneration.ch\/#\/schema\/logo\/image\/"},"sameAs":["https:\/\/www.facebook.com\/boardgeneration.ch","https:\/\/x.com\/boardgen","https:\/\/www.instagram.com\/boardgen\/"]},{"@type":"Person","@id":"https:\/\/boardgeneration.ch\/#\/schema\/person\/4727ac7b918c1fd9879a564a16734f2c","name":"Service de presse","image":{"@type":"ImageObject","inLanguage":"fr-FR","@id":"https:\/\/boardgeneration.ch\/#\/schema\/person\/image\/","url":"https:\/\/boardgeneration.ch\/wp-content\/uploads\/2019\/10\/Pile-of-letters-96x96.jpg","contentUrl":"https:\/\/boardgeneration.ch\/wp-content\/uploads\/2019\/10\/Pile-of-letters-96x96.jpg","caption":"Pressedienst"},"url":"https:\/\/boardgeneration.ch\/fr\/author\/pressedienst\/"}]}},"jetpack_featured_media_url":"https:\/\/boardgeneration.ch\/wp-content\/uploads\/2022\/02\/2014_NineQueens_Jessika-Jenson_Heli-Session_35_KlausPolzer_HighRes-scaled.jpg","jetpack_sharing_enabled":true,"amp_enabled":true,"_links":{"self":[{"href":"https:\/\/boardgeneration.ch\/fr\/wp-json\/wp\/v2\/posts\/5671","targetHints":{"allow":["GET"]}}],"collection":[{"href":"https:\/\/boardgeneration.ch\/fr\/wp-json\/wp\/v2\/posts"}],"about":[{"href":"https:\/\/boardgeneration.ch\/fr\/wp-json\/wp\/v2\/types\/post"}],"author":[{"embeddable":true,"href":"https:\/\/boardgeneration.ch\/fr\/wp-json\/wp\/v2\/users\/3"}],"replies":[{"embeddable":true,"href":"https:\/\/boardgeneration.ch\/fr\/wp-json\/wp\/v2\/comments?post=5671"}],"version-history":[{"count":1,"href":"https:\/\/boardgeneration.ch\/fr\/wp-json\/wp\/v2\/posts\/5671\/revisions"}],"predecessor-version":[{"id":5680,"href":"https:\/\/boardgeneration.ch\/fr\/wp-json\/wp\/v2\/posts\/5671\/revisions\/5680"}],"wp:featuredmedia":[{"embeddable":true,"href":"https:\/\/boardgeneration.ch\/fr\/wp-json\/wp\/v2\/media\/5673"}],"wp:attachment":[{"href":"https:\/\/boardgeneration.ch\/fr\/wp-json\/wp\/v2\/media?parent=5671"}],"wp:term":[{"taxonomy":"category","embeddable":true,"href":"https:\/\/boardgeneration.ch\/fr\/wp-json\/wp\/v2\/categories?post=5671"},{"taxonomy":"post_tag","embeddable":true,"href":"https:\/\/boardgeneration.ch\/fr\/wp-json\/wp\/v2\/tags?post=5671"}],"curies":[{"name":"wp","href":"https:\/\/api.w.org\/{rel}","templated":true}]}}