{"id":5832,"date":"2022-03-01T15:53:00","date_gmt":"2022-03-01T14:53:00","guid":{"rendered":"https:\/\/boardgeneration.ch\/?p=5832"},"modified":"2022-03-26T15:56:52","modified_gmt":"2022-03-26T14:56:52","slug":"red-bull-rail-yard-lockt-internationale-snowboarder","status":"publish","type":"post","link":"https:\/\/boardgeneration.ch\/fr\/red-bull-rail-yard-lockt-internationale-snowboarder\/","title":{"rendered":"Le Red Bull Rail Yard attire des snowboarders internationaux"},"content":{"rendered":"<span class=\"span-reading-time rt-reading-time\" style=\"display: block;\"><span class=\"rt-label rt-prefix\">Le temps de la lecture : <\/span> <span class=\"rt-time\"> 2<\/span> <span class=\"rt-label rt-postfix\">proc\u00e8s-verbal<\/span><\/span>\n<p>La premi\u00e8re de <strong>Red Bull Rail Yard 2022<\/strong> est \u00e0 nos portes. Du 31 mars au 2 avril 2022, la sc\u00e8ne internationale du snowboard jib se r\u00e9unira \u00e0 K\u00fchtai, en dehors d'Innsbruck, pour cl\u00f4turer la saison comme il se doit. Le Red Bull Rail Yard est une session organis\u00e9e par des riders pour des riders. Tout tourne autour de la cr\u00e9ativit\u00e9, de l'innovation et surtout du plaisir de faire du snowboard ensemble. Le terrain de jeu des riders est le \"railgarden\" construit pour l'occasion, avec d'innombrables rails et fonctionnalit\u00e9s, qui mettront au d\u00e9fi les professionnels et les amateurs, mais qui leur procureront aussi beaucoup de plaisir. \u00c0 la fin de la saison, le Red Bull Rail Yard offrira un prix d'une valeur totale de 15 000 euros.<\/p>\n\n\n\n<figure class=\"wp-block-image size-full\"><img loading=\"lazy\" decoding=\"async\" width=\"800\" height=\"1000\" data-attachment-id=\"5835\" data-permalink=\"https:\/\/boardgeneration.ch\/fr\/red-bull-rail-yard-lockt-internationale-snowboarder\/rb_ry_kv_4zu5\/\" data-orig-file=\"https:\/\/boardgeneration.ch\/wp-content\/uploads\/2022\/03\/RB_RY_KV_4zu5.jpg\" data-orig-size=\"800,1000\" data-comments-opened=\"1\" data-image-meta=\"{&quot;aperture&quot;:&quot;0&quot;,&quot;credit&quot;:&quot;&quot;,&quot;camera&quot;:&quot;&quot;,&quot;caption&quot;:&quot;&quot;,&quot;created_timestamp&quot;:&quot;1645557920&quot;,&quot;copyright&quot;:&quot;&quot;,&quot;focal_length&quot;:&quot;0&quot;,&quot;iso&quot;:&quot;0&quot;,&quot;shutter_speed&quot;:&quot;0&quot;,&quot;title&quot;:&quot;&quot;,&quot;orientation&quot;:&quot;1&quot;}\" data-image-title=\"RB_RY_KV_4zu5\" data-image-description=\"\" data-image-caption=\"\" data-medium-file=\"https:\/\/boardgeneration.ch\/wp-content\/uploads\/2022\/03\/RB_RY_KV_4zu5-240x300.jpg\" data-large-file=\"https:\/\/boardgeneration.ch\/wp-content\/uploads\/2022\/03\/RB_RY_KV_4zu5.jpg\" src=\"https:\/\/boardgeneration.ch\/wp-content\/uploads\/2022\/03\/RB_RY_KV_4zu5.jpg\" alt=\"\" class=\"wp-image-5835\" srcset=\"https:\/\/boardgeneration.ch\/wp-content\/uploads\/2022\/03\/RB_RY_KV_4zu5.jpg 800w, https:\/\/boardgeneration.ch\/wp-content\/uploads\/2022\/03\/RB_RY_KV_4zu5-240x300.jpg 240w, https:\/\/boardgeneration.ch\/wp-content\/uploads\/2022\/03\/RB_RY_KV_4zu5-768x960.jpg 768w, https:\/\/boardgeneration.ch\/wp-content\/uploads\/2022\/03\/RB_RY_KV_4zu5-10x12.jpg 10w\" sizes=\"auto, (max-width: 800px) 100vw, 800px\" \/><figcaption class=\"translation-block\"><span class=\"media-credit\"><a href=\"https:\/\/boardgeneration.ch\/en\/author\/bg_chef\/\" target=\"_self\">Pascal Kesselmark<\/a> | board generation<\/span><\/figcaption><\/figure>\n\n\n\n<p><strong>LES RIDERS - UN PELOTON DE D\u00c9PART TR\u00c8S VARI\u00c9 -<\/strong> Le Red Bull Rail Yard a \u00e9t\u00e9 con\u00e7u par le starter olympique autrichien Clemens Millauer, qui n'est pas seulement \u00e0 l'aise en big air, mais aussi sur les rails. Actuellement bless\u00e9, il jouera un r\u00f4le cl\u00e9 sur place en tant qu'interface entre les riders, l'organisation et les juges. Il participe d\u00e9j\u00e0 en amont \u00e0 la conception du format sportif et de la mise en place. Le champ des riders d\u00e9j\u00e0 confirm\u00e9s est tr\u00e8s vari\u00e9. Des sp\u00e9cialistes du slopestyle et du big air se m\u00ealent \u00e0 des jibbers. Champions olympiques, rookies et amateurs : ils seront tous pr\u00e9sents au Railgarden de K\u00fchtai. Ainsi, la double championne olympique Anna Gasser ne manquera pas de s'attaquer au setup, tout comme l'Australienne Tess Coady, qui est revenue des Jeux olympiques avec une m\u00e9daille de bronze. Elles rencontreront \u00e0 K\u00fchtai des sp\u00e9cialistes du rail comme Rachida Aoulad et Veroniqi Hanssen (toutes deux n\u00e9erlandaises). Chez les hommes, les Am\u00e9ricains Zak Hale et Luke Winkelmann, entre autres, se rendront au Tyrol, tout comme le Canadien Frank Jobin. Leon Vockensperger, Benny Urban et Flo Corzelius (GER) viendront avec eux secouer le parc, tout comme Jesse Augustinus (NED), Nicolas Huber (SUI), Toni Kerkel\u00e4 (FIN) et Sebi Springeth (ITA). Ils se r\u00e9jouissent tous du Railgarden, qui leur offre un terrain de jeu grandiose pour la semaine de l'\u00e9v\u00e9nement. De nombreux rails et features peuvent \u00eatre combin\u00e9s de mani\u00e8re flexible et promettent des sessions tricky et cr\u00e9atives. Clemens Millauer : \"Ce sera une session de rails tr\u00e8s originale, qui n'a encore jamais \u00e9t\u00e9 organis\u00e9e. Ce qui est vraiment cool, c'est la qualification ouverte, ainsi tout le monde peut vraiment participer\" !<\/p>\n\n\n\n<figure class=\"wp-block-image size-full\"><img loading=\"lazy\" decoding=\"async\" width=\"600\" height=\"899\" data-attachment-id=\"5836\" data-permalink=\"https:\/\/boardgeneration.ch\/fr\/red-bull-rail-yard-lockt-internationale-snowboarder\/benny-urban\/\" data-orig-file=\"https:\/\/boardgeneration.ch\/wp-content\/uploads\/2022\/03\/Benny-Urban_c-Markus-RohrbacherRed-Bull-Content-Pool.jpg\" data-orig-size=\"600,899\" data-comments-opened=\"1\" data-image-meta=\"{&quot;aperture&quot;:&quot;6.3&quot;,&quot;credit&quot;:&quot;Markus Rohrbacher&quot;,&quot;camera&quot;:&quot;Canon EOS R5&quot;,&quot;caption&quot;:&quot;Benny Urban snowboards at Moonpark in Kuethai, Austria on November 24, 2021&quot;,&quot;created_timestamp&quot;:&quot;1637764578&quot;,&quot;copyright&quot;:&quot;Markus Rohrbacher&quot;,&quot;focal_length&quot;:&quot;15&quot;,&quot;iso&quot;:&quot;100&quot;,&quot;shutter_speed&quot;:&quot;0.005&quot;,&quot;title&quot;:&quot;Benny Urban&quot;,&quot;orientation&quot;:&quot;1&quot;}\" data-image-title=\"Benny Urban\" data-image-description=\"\" data-image-caption=\"&lt;p&gt;Benny Urban snowboards at Moonpark in Kuethai, Austria on November 24, 2021&lt;\/p&gt;\" data-medium-file=\"https:\/\/boardgeneration.ch\/wp-content\/uploads\/2022\/03\/Benny-Urban_c-Markus-RohrbacherRed-Bull-Content-Pool-200x300.jpg\" data-large-file=\"https:\/\/boardgeneration.ch\/wp-content\/uploads\/2022\/03\/Benny-Urban_c-Markus-RohrbacherRed-Bull-Content-Pool.jpg\" src=\"https:\/\/boardgeneration.ch\/wp-content\/uploads\/2022\/03\/Benny-Urban_c-Markus-RohrbacherRed-Bull-Content-Pool.jpg\" alt=\"\" class=\"wp-image-5836\" srcset=\"https:\/\/boardgeneration.ch\/wp-content\/uploads\/2022\/03\/Benny-Urban_c-Markus-RohrbacherRed-Bull-Content-Pool.jpg 600w, https:\/\/boardgeneration.ch\/wp-content\/uploads\/2022\/03\/Benny-Urban_c-Markus-RohrbacherRed-Bull-Content-Pool-200x300.jpg 200w, https:\/\/boardgeneration.ch\/wp-content\/uploads\/2022\/03\/Benny-Urban_c-Markus-RohrbacherRed-Bull-Content-Pool-8x12.jpg 8w\" sizes=\"auto, (max-width: 600px) 100vw, 600px\" \/><figcaption><span class=\"media-credit\">Markus Rohrbacher<\/span> Benny Urban snowboards at Moonpark in Kuethai, Austria on November 24, 2021<\/figcaption><\/figure>\n\n\n\n<p><strong>PARTICIPER -<\/strong> Tu es motiv\u00e9 pour d\u00e9monter le railgarden de K\u00fchtai avec les riders invit\u00e9s ? Alors la qualification ouverte du 31 mars est l'occasion parfaite de prouver que tu as les capacit\u00e9s pour le faire. Ouvert \u00e0 tous les rookies et amateurs. Les meilleurs de l'OPEN QUALIFIER rencontreront ensuite les 8 femmes et 16 hommes invit\u00e9s lors de la comp\u00e9tition principale. Vers <a href=\"https:\/\/www.redbull.com\/at-de\/events\/red-bull-rail-yard\/\">Inscription<\/a>.<\/p>\n\n\n\n<p>Plus d'informations sur l'\u00e9v\u00e9nement : <a href=\"http:\/\/www.redbull.com\/railyard\">www.redbull.com\/railyard<\/a> <a href=\"https:\/\/boardgeneration.ch\/fr\/tag\/redbullrailyard\/\">#redbullrailyard<\/a><\/p>","protected":false},"excerpt":{"rendered":"<p>Die Premiere von Red Bull Rail Yard 2022 steht vor der T\u00fcr. Vom 31. M\u00e4rz bis 2. April 2022 trifft sich die internationale Snowboard Jib-Szene im K\u00fchtai au\u00dferhalb von Innsbruck, um die Saison geb\u00fchrend ausklingen zu lassen. Red Bull Rail Yard ist eine Session von Ridern f\u00fcr Rider. Es dreht sich alles um Kreativit\u00e4t, Innovation [&hellip;]<\/p>\n","protected":false},"author":3,"featured_media":5833,"comment_status":"open","ping_status":"open","sticky":false,"template":"","format":"standard","meta":{"_jetpack_memberships_contains_paid_content":false,"footnotes":""},"categories":[12],"tags":[11719,11716,26534,63376,11723,11686,32182,10562,22965],"class_list":["post-5832","post","type-post","status-publish","format-standard","has-post-thumbnail","hentry","category-event","tag-event","tag-innsbruck","tag-kuhtai","tag-redbullrailyard","tag-slopestyle","tag-snowboard","tag-snowboarder","tag-toni-kerkela","tag-womeninsnowboarding"],"yoast_head":"<!-- This site is optimized with the Yoast SEO plugin v26.8 - https:\/\/yoast.com\/product\/yoast-seo-wordpress\/ -->\n<title>Red Bull Rail Yard lockt internationale Snowboarder - Board Generation<\/title>\n<meta name=\"robots\" content=\"index, follow, max-snippet:-1, max-image-preview:large, max-video-preview:-1\" \/>\n<link rel=\"canonical\" href=\"https:\/\/boardgeneration.ch\/fr\/red-bull-rail-yard-lockt-internationale-snowboarder\/\" \/>\n<meta property=\"og:locale\" content=\"fr_FR\" \/>\n<meta property=\"og:type\" content=\"article\" \/>\n<meta property=\"og:title\" content=\"Red Bull Rail Yard lockt internationale Snowboarder - Board Generation\" \/>\n<meta property=\"og:description\" content=\"Die Premiere von Red Bull Rail Yard 2022 steht vor der T\u00fcr. Vom 31. M\u00e4rz bis 2. April 2022 trifft sich die internationale Snowboard Jib-Szene im K\u00fchtai au\u00dferhalb von Innsbruck, um die Saison geb\u00fchrend ausklingen zu lassen. Red Bull Rail Yard ist eine Session von Ridern f\u00fcr Rider. Es dreht sich alles um Kreativit\u00e4t, Innovation [&hellip;]\" \/>\n<meta property=\"og:url\" content=\"https:\/\/boardgeneration.ch\/fr\/red-bull-rail-yard-lockt-internationale-snowboarder\/\" \/>\n<meta property=\"og:site_name\" content=\"Board Generation\" \/>\n<meta property=\"article:publisher\" content=\"https:\/\/www.facebook.com\/boardgeneration.ch\" \/>\n<meta property=\"article:published_time\" content=\"2022-03-01T14:53:00+00:00\" \/>\n<meta property=\"article:modified_time\" content=\"2022-03-26T14:56:52+00:00\" \/>\n<meta property=\"og:image\" content=\"https:\/\/boardgeneration.ch\/wp-content\/uploads\/2022\/03\/Anna-Gasser_Dom-DaherRed-Bull-Content-Pool.jpg\" \/>\n\t<meta property=\"og:image:width\" content=\"1000\" \/>\n\t<meta property=\"og:image:height\" content=\"667\" \/>\n\t<meta property=\"og:image:type\" content=\"image\/jpeg\" \/>\n<meta name=\"author\" content=\"Pressedienst\" \/>\n<meta name=\"twitter:card\" content=\"summary_large_image\" \/>\n<meta name=\"twitter:creator\" content=\"@boardgen\" \/>\n<meta name=\"twitter:site\" content=\"@boardgen\" \/>\n<meta name=\"twitter:label1\" content=\"\u00c9crit par\" \/>\n\t<meta name=\"twitter:data1\" content=\"Pressedienst\" \/>\n\t<meta name=\"twitter:label2\" content=\"Dur\u00e9e de lecture estim\u00e9e\" \/>\n\t<meta name=\"twitter:data2\" content=\"3 minutes\" \/>\n<script type=\"application\/ld+json\" class=\"yoast-schema-graph\">{\"@context\":\"https:\/\/schema.org\",\"@graph\":[{\"@type\":\"Article\",\"@id\":\"https:\/\/boardgeneration.ch\/red-bull-rail-yard-lockt-internationale-snowboarder\/#article\",\"isPartOf\":{\"@id\":\"https:\/\/boardgeneration.ch\/red-bull-rail-yard-lockt-internationale-snowboarder\/\"},\"author\":{\"name\":\"Pressedienst\",\"@id\":\"https:\/\/boardgeneration.ch\/#\/schema\/person\/4727ac7b918c1fd9879a564a16734f2c\"},\"headline\":\"Red Bull Rail Yard lockt internationale Snowboarder\",\"datePublished\":\"2022-03-01T14:53:00+00:00\",\"dateModified\":\"2022-03-26T14:56:52+00:00\",\"mainEntityOfPage\":{\"@id\":\"https:\/\/boardgeneration.ch\/red-bull-rail-yard-lockt-internationale-snowboarder\/\"},\"wordCount\":452,\"commentCount\":0,\"publisher\":{\"@id\":\"https:\/\/boardgeneration.ch\/#organization\"},\"image\":{\"@id\":\"https:\/\/boardgeneration.ch\/red-bull-rail-yard-lockt-internationale-snowboarder\/#primaryimage\"},\"thumbnailUrl\":\"https:\/\/boardgeneration.ch\/wp-content\/uploads\/2022\/03\/Anna-Gasser_Dom-DaherRed-Bull-Content-Pool.jpg\",\"keywords\":[\"Event\",\"Innsbruck\",\"K\u00fchtai\",\"redbullrailyard\",\"Slopestyle\",\"Snowboard\",\"Snowboarder\",\"Toni Kerkel\u00e4\",\"womeninsnowboarding\"],\"articleSection\":[\"event\"],\"inLanguage\":\"fr-FR\",\"potentialAction\":[{\"@type\":\"CommentAction\",\"name\":\"Comment\",\"target\":[\"https:\/\/boardgeneration.ch\/red-bull-rail-yard-lockt-internationale-snowboarder\/#respond\"]}]},{\"@type\":\"WebPage\",\"@id\":\"https:\/\/boardgeneration.ch\/red-bull-rail-yard-lockt-internationale-snowboarder\/\",\"url\":\"https:\/\/boardgeneration.ch\/red-bull-rail-yard-lockt-internationale-snowboarder\/\",\"name\":\"Red Bull Rail Yard lockt internationale Snowboarder - Board Generation\",\"isPartOf\":{\"@id\":\"https:\/\/boardgeneration.ch\/#website\"},\"primaryImageOfPage\":{\"@id\":\"https:\/\/boardgeneration.ch\/red-bull-rail-yard-lockt-internationale-snowboarder\/#primaryimage\"},\"image\":{\"@id\":\"https:\/\/boardgeneration.ch\/red-bull-rail-yard-lockt-internationale-snowboarder\/#primaryimage\"},\"thumbnailUrl\":\"https:\/\/boardgeneration.ch\/wp-content\/uploads\/2022\/03\/Anna-Gasser_Dom-DaherRed-Bull-Content-Pool.jpg\",\"datePublished\":\"2022-03-01T14:53:00+00:00\",\"dateModified\":\"2022-03-26T14:56:52+00:00\",\"breadcrumb\":{\"@id\":\"https:\/\/boardgeneration.ch\/red-bull-rail-yard-lockt-internationale-snowboarder\/#breadcrumb\"},\"inLanguage\":\"fr-FR\",\"potentialAction\":[{\"@type\":\"ReadAction\",\"target\":[\"https:\/\/boardgeneration.ch\/red-bull-rail-yard-lockt-internationale-snowboarder\/\"]}]},{\"@type\":\"ImageObject\",\"inLanguage\":\"fr-FR\",\"@id\":\"https:\/\/boardgeneration.ch\/red-bull-rail-yard-lockt-internationale-snowboarder\/#primaryimage\",\"url\":\"https:\/\/boardgeneration.ch\/wp-content\/uploads\/2022\/03\/Anna-Gasser_Dom-DaherRed-Bull-Content-Pool.jpg\",\"contentUrl\":\"https:\/\/boardgeneration.ch\/wp-content\/uploads\/2022\/03\/Anna-Gasser_Dom-DaherRed-Bull-Content-Pool.jpg\",\"width\":1000,\"height\":667,\"caption\":\"Anna Gasser performing at the Red Bull Performance camp in Saas fee, Switzerland on October 1, 2021. \/\/ Dom Daher \/ Red Bull Content Pool \/\/ SI202110210378 \/\/ Usage for editorial use only \/\/\"},{\"@type\":\"BreadcrumbList\",\"@id\":\"https:\/\/boardgeneration.ch\/red-bull-rail-yard-lockt-internationale-snowboarder\/#breadcrumb\",\"itemListElement\":[{\"@type\":\"ListItem\",\"position\":1,\"name\":\"Startseite\",\"item\":\"https:\/\/boardgeneration.ch\/\"},{\"@type\":\"ListItem\",\"position\":2,\"name\":\"Red Bull Rail Yard lockt internationale Snowboarder\"}]},{\"@type\":\"WebSite\",\"@id\":\"https:\/\/boardgeneration.ch\/#website\",\"url\":\"https:\/\/boardgeneration.ch\/\",\"name\":\"board generation\",\"description\":\"Back to the Roots\",\"publisher\":{\"@id\":\"https:\/\/boardgeneration.ch\/#organization\"},\"potentialAction\":[{\"@type\":\"SearchAction\",\"target\":{\"@type\":\"EntryPoint\",\"urlTemplate\":\"https:\/\/boardgeneration.ch\/?s={search_term_string}\"},\"query-input\":{\"@type\":\"PropertyValueSpecification\",\"valueRequired\":true,\"valueName\":\"search_term_string\"}}],\"inLanguage\":\"fr-FR\"},{\"@type\":\"Organization\",\"@id\":\"https:\/\/boardgeneration.ch\/#organization\",\"name\":\"board generation\",\"url\":\"https:\/\/boardgeneration.ch\/\",\"logo\":{\"@type\":\"ImageObject\",\"inLanguage\":\"fr-FR\",\"@id\":\"https:\/\/boardgeneration.ch\/#\/schema\/logo\/image\/\",\"url\":\"https:\/\/boardgeneration.ch\/wp-content\/uploads\/2019\/01\/bg-logo_mit_Text.png\",\"contentUrl\":\"https:\/\/boardgeneration.ch\/wp-content\/uploads\/2019\/01\/bg-logo_mit_Text.png\",\"width\":1040,\"height\":1155,\"caption\":\"board generation\"},\"image\":{\"@id\":\"https:\/\/boardgeneration.ch\/#\/schema\/logo\/image\/\"},\"sameAs\":[\"https:\/\/www.facebook.com\/boardgeneration.ch\",\"https:\/\/x.com\/boardgen\",\"https:\/\/www.instagram.com\/boardgen\/\"]},{\"@type\":\"Person\",\"@id\":\"https:\/\/boardgeneration.ch\/#\/schema\/person\/4727ac7b918c1fd9879a564a16734f2c\",\"name\":\"Pressedienst\",\"image\":{\"@type\":\"ImageObject\",\"inLanguage\":\"fr-FR\",\"@id\":\"https:\/\/boardgeneration.ch\/#\/schema\/person\/image\/\",\"url\":\"https:\/\/boardgeneration.ch\/wp-content\/uploads\/2019\/10\/Pile-of-letters-96x96.jpg\",\"contentUrl\":\"https:\/\/boardgeneration.ch\/wp-content\/uploads\/2019\/10\/Pile-of-letters-96x96.jpg\",\"caption\":\"Pressedienst\"},\"url\":\"https:\/\/boardgeneration.ch\/fr\/author\/pressedienst\/\"}]}<\/script>\n<!-- \/ Yoast SEO plugin. -->","yoast_head_json":{"title":"Red Bull Rail Yard lockt internationale Snowboarder - Board Generation","robots":{"index":"index","follow":"follow","max-snippet":"max-snippet:-1","max-image-preview":"max-image-preview:large","max-video-preview":"max-video-preview:-1"},"canonical":"https:\/\/boardgeneration.ch\/fr\/red-bull-rail-yard-lockt-internationale-snowboarder\/","og_locale":"fr_FR","og_type":"article","og_title":"Red Bull Rail Yard lockt internationale Snowboarder - Board Generation","og_description":"Die Premiere von Red Bull Rail Yard 2022 steht vor der T\u00fcr. Vom 31. M\u00e4rz bis 2. April 2022 trifft sich die internationale Snowboard Jib-Szene im K\u00fchtai au\u00dferhalb von Innsbruck, um die Saison geb\u00fchrend ausklingen zu lassen. Red Bull Rail Yard ist eine Session von Ridern f\u00fcr Rider. Es dreht sich alles um Kreativit\u00e4t, Innovation [&hellip;]","og_url":"https:\/\/boardgeneration.ch\/fr\/red-bull-rail-yard-lockt-internationale-snowboarder\/","og_site_name":"Board Generation","article_publisher":"https:\/\/www.facebook.com\/boardgeneration.ch","article_published_time":"2022-03-01T14:53:00+00:00","article_modified_time":"2022-03-26T14:56:52+00:00","og_image":[{"width":1000,"height":667,"url":"https:\/\/boardgeneration.ch\/wp-content\/uploads\/2022\/03\/Anna-Gasser_Dom-DaherRed-Bull-Content-Pool.jpg","type":"image\/jpeg"}],"author":"Pressedienst","twitter_card":"summary_large_image","twitter_creator":"@boardgen","twitter_site":"@boardgen","twitter_misc":{"\u00c9crit par":"Pressedienst","Dur\u00e9e de lecture estim\u00e9e":"3 minutes"},"schema":{"@context":"https:\/\/schema.org","@graph":[{"@type":"Article","@id":"https:\/\/boardgeneration.ch\/red-bull-rail-yard-lockt-internationale-snowboarder\/#article","isPartOf":{"@id":"https:\/\/boardgeneration.ch\/red-bull-rail-yard-lockt-internationale-snowboarder\/"},"author":{"name":"Pressedienst","@id":"https:\/\/boardgeneration.ch\/#\/schema\/person\/4727ac7b918c1fd9879a564a16734f2c"},"headline":"Red Bull Rail Yard lockt internationale Snowboarder","datePublished":"2022-03-01T14:53:00+00:00","dateModified":"2022-03-26T14:56:52+00:00","mainEntityOfPage":{"@id":"https:\/\/boardgeneration.ch\/red-bull-rail-yard-lockt-internationale-snowboarder\/"},"wordCount":452,"commentCount":0,"publisher":{"@id":"https:\/\/boardgeneration.ch\/#organization"},"image":{"@id":"https:\/\/boardgeneration.ch\/red-bull-rail-yard-lockt-internationale-snowboarder\/#primaryimage"},"thumbnailUrl":"https:\/\/boardgeneration.ch\/wp-content\/uploads\/2022\/03\/Anna-Gasser_Dom-DaherRed-Bull-Content-Pool.jpg","keywords":["Event","Innsbruck","K\u00fchtai","redbullrailyard","Slopestyle","Snowboard","Snowboarder","Toni Kerkel\u00e4","womeninsnowboarding"],"articleSection":["event"],"inLanguage":"fr-FR","potentialAction":[{"@type":"CommentAction","name":"Comment","target":["https:\/\/boardgeneration.ch\/red-bull-rail-yard-lockt-internationale-snowboarder\/#respond"]}]},{"@type":"WebPage","@id":"https:\/\/boardgeneration.ch\/red-bull-rail-yard-lockt-internationale-snowboarder\/","url":"https:\/\/boardgeneration.ch\/red-bull-rail-yard-lockt-internationale-snowboarder\/","name":"Red Bull Rail Yard lockt internationale Snowboarder - Board Generation","isPartOf":{"@id":"https:\/\/boardgeneration.ch\/#website"},"primaryImageOfPage":{"@id":"https:\/\/boardgeneration.ch\/red-bull-rail-yard-lockt-internationale-snowboarder\/#primaryimage"},"image":{"@id":"https:\/\/boardgeneration.ch\/red-bull-rail-yard-lockt-internationale-snowboarder\/#primaryimage"},"thumbnailUrl":"https:\/\/boardgeneration.ch\/wp-content\/uploads\/2022\/03\/Anna-Gasser_Dom-DaherRed-Bull-Content-Pool.jpg","datePublished":"2022-03-01T14:53:00+00:00","dateModified":"2022-03-26T14:56:52+00:00","breadcrumb":{"@id":"https:\/\/boardgeneration.ch\/red-bull-rail-yard-lockt-internationale-snowboarder\/#breadcrumb"},"inLanguage":"fr-FR","potentialAction":[{"@type":"ReadAction","target":["https:\/\/boardgeneration.ch\/red-bull-rail-yard-lockt-internationale-snowboarder\/"]}]},{"@type":"ImageObject","inLanguage":"fr-FR","@id":"https:\/\/boardgeneration.ch\/red-bull-rail-yard-lockt-internationale-snowboarder\/#primaryimage","url":"https:\/\/boardgeneration.ch\/wp-content\/uploads\/2022\/03\/Anna-Gasser_Dom-DaherRed-Bull-Content-Pool.jpg","contentUrl":"https:\/\/boardgeneration.ch\/wp-content\/uploads\/2022\/03\/Anna-Gasser_Dom-DaherRed-Bull-Content-Pool.jpg","width":1000,"height":667,"caption":"Anna Gasser performing at the Red Bull Performance camp in Saas fee, Switzerland on October 1, 2021. \/\/ Dom Daher \/ Red Bull Content Pool \/\/ SI202110210378 \/\/ Usage for editorial use only \/\/"},{"@type":"BreadcrumbList","@id":"https:\/\/boardgeneration.ch\/red-bull-rail-yard-lockt-internationale-snowboarder\/#breadcrumb","itemListElement":[{"@type":"ListItem","position":1,"name":"Startseite","item":"https:\/\/boardgeneration.ch\/"},{"@type":"ListItem","position":2,"name":"Red Bull Rail Yard lockt internationale Snowboarder"}]},{"@type":"WebSite","@id":"https:\/\/boardgeneration.ch\/#website","url":"https:\/\/boardgeneration.ch\/","name":"g\u00e9n\u00e9ration de conseils","description":"Retour aux sources","publisher":{"@id":"https:\/\/boardgeneration.ch\/#organization"},"potentialAction":[{"@type":"SearchAction","target":{"@type":"EntryPoint","urlTemplate":"https:\/\/boardgeneration.ch\/?s={search_term_string}"},"query-input":{"@type":"PropertyValueSpecification","valueRequired":true,"valueName":"search_term_string"}}],"inLanguage":"fr-FR"},{"@type":"Organization","@id":"https:\/\/boardgeneration.ch\/#organization","name":"g\u00e9n\u00e9ration de conseils","url":"https:\/\/boardgeneration.ch\/","logo":{"@type":"ImageObject","inLanguage":"fr-FR","@id":"https:\/\/boardgeneration.ch\/#\/schema\/logo\/image\/","url":"https:\/\/boardgeneration.ch\/wp-content\/uploads\/2019\/01\/bg-logo_mit_Text.png","contentUrl":"https:\/\/boardgeneration.ch\/wp-content\/uploads\/2019\/01\/bg-logo_mit_Text.png","width":1040,"height":1155,"caption":"board generation"},"image":{"@id":"https:\/\/boardgeneration.ch\/#\/schema\/logo\/image\/"},"sameAs":["https:\/\/www.facebook.com\/boardgeneration.ch","https:\/\/x.com\/boardgen","https:\/\/www.instagram.com\/boardgen\/"]},{"@type":"Person","@id":"https:\/\/boardgeneration.ch\/#\/schema\/person\/4727ac7b918c1fd9879a564a16734f2c","name":"Service de presse","image":{"@type":"ImageObject","inLanguage":"fr-FR","@id":"https:\/\/boardgeneration.ch\/#\/schema\/person\/image\/","url":"https:\/\/boardgeneration.ch\/wp-content\/uploads\/2019\/10\/Pile-of-letters-96x96.jpg","contentUrl":"https:\/\/boardgeneration.ch\/wp-content\/uploads\/2019\/10\/Pile-of-letters-96x96.jpg","caption":"Pressedienst"},"url":"https:\/\/boardgeneration.ch\/fr\/author\/pressedienst\/"}]}},"jetpack_featured_media_url":"https:\/\/boardgeneration.ch\/wp-content\/uploads\/2022\/03\/Anna-Gasser_Dom-DaherRed-Bull-Content-Pool.jpg","jetpack_sharing_enabled":true,"amp_enabled":true,"_links":{"self":[{"href":"https:\/\/boardgeneration.ch\/fr\/wp-json\/wp\/v2\/posts\/5832","targetHints":{"allow":["GET"]}}],"collection":[{"href":"https:\/\/boardgeneration.ch\/fr\/wp-json\/wp\/v2\/posts"}],"about":[{"href":"https:\/\/boardgeneration.ch\/fr\/wp-json\/wp\/v2\/types\/post"}],"author":[{"embeddable":true,"href":"https:\/\/boardgeneration.ch\/fr\/wp-json\/wp\/v2\/users\/3"}],"replies":[{"embeddable":true,"href":"https:\/\/boardgeneration.ch\/fr\/wp-json\/wp\/v2\/comments?post=5832"}],"version-history":[{"count":3,"href":"https:\/\/boardgeneration.ch\/fr\/wp-json\/wp\/v2\/posts\/5832\/revisions"}],"predecessor-version":[{"id":5838,"href":"https:\/\/boardgeneration.ch\/fr\/wp-json\/wp\/v2\/posts\/5832\/revisions\/5838"}],"wp:featuredmedia":[{"embeddable":true,"href":"https:\/\/boardgeneration.ch\/fr\/wp-json\/wp\/v2\/media\/5833"}],"wp:attachment":[{"href":"https:\/\/boardgeneration.ch\/fr\/wp-json\/wp\/v2\/media?parent=5832"}],"wp:term":[{"taxonomy":"category","embeddable":true,"href":"https:\/\/boardgeneration.ch\/fr\/wp-json\/wp\/v2\/categories?post=5832"},{"taxonomy":"post_tag","embeddable":true,"href":"https:\/\/boardgeneration.ch\/fr\/wp-json\/wp\/v2\/tags?post=5832"}],"curies":[{"name":"wp","href":"https:\/\/api.w.org\/{rel}","templated":true}]}}