{"id":6202,"date":"2022-09-23T22:56:00","date_gmt":"2022-09-23T21:56:00","guid":{"rendered":"https:\/\/boardgeneration.ch\/?p=6202"},"modified":"2022-09-30T23:03:23","modified_gmt":"2022-09-30T22:03:23","slug":"hintertux-park-opening-22-vom-30-09-3-10","status":"publish","type":"post","link":"https:\/\/boardgeneration.ch\/fr\/hintertux-park-opening-22-vom-30-09-3-10\/","title":{"rendered":"Hintertux Park Opening '22 du 30.09. au 3.10."},"content":{"rendered":"<span class=\"span-reading-time rt-reading-time\" style=\"display: block;\"><span class=\"rt-label rt-prefix\">Le temps de la lecture : <\/span> <span class=\"rt-time\"> 2<\/span> <span class=\"rt-label rt-postfix\">proc\u00e8s-verbal<\/span><\/span>\n<p>Dans quelques jours, la communaut\u00e9 internationale de snowboard se retrouvera \u00e0 Hintertux pour la traditionnelle premi\u00e8re ouverture du parc de la saison. Pour la 18e fois, les snowboarders professionnels, les amateurs et l'industrie du snowboard se retrouveront pour lancer la saison 2022\/23 au Betterpark Hintertux et prendront \u00e0 nouveau possession de la vall\u00e9e de Tuxer du 30 septembre au 3 octobre. L'hiver est revenu \u00e0 temps et a apport\u00e9 les premi\u00e8res neiges fra\u00eeches sur les montagnes du Tyrol.<\/p>\n\n\n\n<figure class=\"wp-block-image size-large\"><img loading=\"lazy\" decoding=\"async\" width=\"1024\" height=\"683\" data-attachment-id=\"6199\" data-permalink=\"https:\/\/boardgeneration.ch\/fr\/hzo-hintertux-opening-2021_moritz-amsuess_by-becknaphoto\/\" data-orig-file=\"https:\/\/boardgeneration.ch\/wp-content\/uploads\/2022\/09\/HZO-Hintertux-Opening-2021_Moritz-Amsuess_by-becknaphoto-scaled.jpg\" data-orig-size=\"2560,1708\" data-comments-opened=\"1\" data-image-meta=\"{&quot;aperture&quot;:&quot;7.1&quot;,&quot;credit&quot;:&quot;&quot;,&quot;camera&quot;:&quot;Canon EOS R5&quot;,&quot;caption&quot;:&quot;&quot;,&quot;created_timestamp&quot;:&quot;1633174483&quot;,&quot;copyright&quot;:&quot;&quot;,&quot;focal_length&quot;:&quot;43&quot;,&quot;iso&quot;:&quot;100&quot;,&quot;shutter_speed&quot;:&quot;0.0008&quot;,&quot;title&quot;:&quot;&quot;,&quot;orientation&quot;:&quot;0&quot;}\" data-image-title=\"HZO Hintertux Opening 2021_Moritz Amsuess_by becknaphoto\" data-image-description=\"\" data-image-caption=\"&lt;p&gt;Moritz Amsuess&lt;\/p&gt;\" data-medium-file=\"https:\/\/boardgeneration.ch\/wp-content\/uploads\/2022\/09\/HZO-Hintertux-Opening-2021_Moritz-Amsuess_by-becknaphoto-300x200.jpg\" data-large-file=\"https:\/\/boardgeneration.ch\/wp-content\/uploads\/2022\/09\/HZO-Hintertux-Opening-2021_Moritz-Amsuess_by-becknaphoto-1024x683.jpg\" src=\"https:\/\/boardgeneration.ch\/wp-content\/uploads\/2022\/09\/HZO-Hintertux-Opening-2021_Moritz-Amsuess_by-becknaphoto-1024x683.jpg\" alt=\"\" class=\"wp-image-6199\" srcset=\"https:\/\/boardgeneration.ch\/wp-content\/uploads\/2022\/09\/HZO-Hintertux-Opening-2021_Moritz-Amsuess_by-becknaphoto-1024x683.jpg 1024w, https:\/\/boardgeneration.ch\/wp-content\/uploads\/2022\/09\/HZO-Hintertux-Opening-2021_Moritz-Amsuess_by-becknaphoto-300x200.jpg 300w, https:\/\/boardgeneration.ch\/wp-content\/uploads\/2022\/09\/HZO-Hintertux-Opening-2021_Moritz-Amsuess_by-becknaphoto-768x512.jpg 768w, https:\/\/boardgeneration.ch\/wp-content\/uploads\/2022\/09\/HZO-Hintertux-Opening-2021_Moritz-Amsuess_by-becknaphoto-1536x1025.jpg 1536w, https:\/\/boardgeneration.ch\/wp-content\/uploads\/2022\/09\/HZO-Hintertux-Opening-2021_Moritz-Amsuess_by-becknaphoto-2048x1366.jpg 2048w, https:\/\/boardgeneration.ch\/wp-content\/uploads\/2022\/09\/HZO-Hintertux-Opening-2021_Moritz-Amsuess_by-becknaphoto-18x12.jpg 18w\" sizes=\"auto, (max-width: 1024px) 100vw, 1024px\" \/><figcaption><span class=\"media-credit\">\u00a9 becknaphoto<\/span><\/figcaption><\/figure>\n\n\n\n<p><strong>\u00c9V\u00c9NEMENTS \u00c0 LA MONTAGNE<\/strong> - Le Betterpark Hintertux est le pivot de la montagne. Werni Stock, snowboarder professionnel du Zillertal et figure de proue de l'opening, r\u00e9unit des riders de haut niveau international pour <strong>La Big Air Session de Werni par Quiksilver<\/strong>Parmi eux, Stale Sandbech (NOR), Halldor Helgason (ISL), Ethan Morgan (GER), Fridtjof \"Fridge\" Tischendorf (NOR) et Mons Roisland (NOR). La session sur le grand baby-foot est ouverte \u00e0 tous ceux qui souhaitent se mesurer aux professionnels. Aussi lors de la <strong>Burton Quarterpipe Session<\/strong> chacun peut montrer ce qu'il sait faire. Le facteur style est ici d\u00e9cisif. Les jibbers doivent se sentir \u00e0 l'aise dans <strong>Session Cash for Trix<\/strong> Si les riders se montrent sur les rails, celle-ci compte \u00e9galement comme qualification pour le concours Metal Battle Rail du samedi soir. <\/p>\n\n\n\n<figure class=\"wp-block-image size-large\"><img loading=\"lazy\" decoding=\"async\" width=\"1024\" height=\"683\" data-attachment-id=\"6201\" data-permalink=\"https:\/\/boardgeneration.ch\/fr\/hzo_hintertux-opening-2021_werni-stock_by-jukkapehkonen\/\" data-orig-file=\"https:\/\/boardgeneration.ch\/wp-content\/uploads\/2022\/09\/HZO_Hintertux-Opening-2021_Werni-Stock_by-jukkapehkonen-scaled.jpg\" data-orig-size=\"2560,1707\" data-comments-opened=\"1\" data-image-meta=\"{&quot;aperture&quot;:&quot;7.1&quot;,&quot;credit&quot;:&quot;&quot;,&quot;camera&quot;:&quot;Canon EOS R5&quot;,&quot;caption&quot;:&quot;&quot;,&quot;created_timestamp&quot;:&quot;1633082739&quot;,&quot;copyright&quot;:&quot;&quot;,&quot;focal_length&quot;:&quot;70&quot;,&quot;iso&quot;:&quot;200&quot;,&quot;shutter_speed&quot;:&quot;0.0008&quot;,&quot;title&quot;:&quot;&quot;,&quot;orientation&quot;:&quot;0&quot;}\" data-image-title=\"HZO_Hintertux Opening 2021_Werni Stock_by jukkapehkonen\" data-image-description=\"\" data-image-caption=\"&lt;p&gt;Werni Stock&lt;\/p&gt;\" data-medium-file=\"https:\/\/boardgeneration.ch\/wp-content\/uploads\/2022\/09\/HZO_Hintertux-Opening-2021_Werni-Stock_by-jukkapehkonen-300x200.jpg\" data-large-file=\"https:\/\/boardgeneration.ch\/wp-content\/uploads\/2022\/09\/HZO_Hintertux-Opening-2021_Werni-Stock_by-jukkapehkonen-1024x683.jpg\" src=\"https:\/\/boardgeneration.ch\/wp-content\/uploads\/2022\/09\/HZO_Hintertux-Opening-2021_Werni-Stock_by-jukkapehkonen-1024x683.jpg\" alt=\"\" class=\"wp-image-6201\" srcset=\"https:\/\/boardgeneration.ch\/wp-content\/uploads\/2022\/09\/HZO_Hintertux-Opening-2021_Werni-Stock_by-jukkapehkonen-1024x683.jpg 1024w, https:\/\/boardgeneration.ch\/wp-content\/uploads\/2022\/09\/HZO_Hintertux-Opening-2021_Werni-Stock_by-jukkapehkonen-300x200.jpg 300w, https:\/\/boardgeneration.ch\/wp-content\/uploads\/2022\/09\/HZO_Hintertux-Opening-2021_Werni-Stock_by-jukkapehkonen-768x512.jpg 768w, https:\/\/boardgeneration.ch\/wp-content\/uploads\/2022\/09\/HZO_Hintertux-Opening-2021_Werni-Stock_by-jukkapehkonen-1536x1024.jpg 1536w, https:\/\/boardgeneration.ch\/wp-content\/uploads\/2022\/09\/HZO_Hintertux-Opening-2021_Werni-Stock_by-jukkapehkonen-2048x1366.jpg 2048w, https:\/\/boardgeneration.ch\/wp-content\/uploads\/2022\/09\/HZO_Hintertux-Opening-2021_Werni-Stock_by-jukkapehkonen-18x12.jpg 18w\" sizes=\"auto, (max-width: 1024px) 100vw, 1024px\" \/><figcaption><span class=\"media-credit\">\u00a9 jukkampehkonen<\/span> Werni Stock<\/figcaption><\/figure>\n\n\n\n<p>Les jeunes ne sont pas oubli\u00e9s, puisque le <strong>Kids Shred<\/strong> avec du riding et du coaching en commun par et avec Gigi R\u00fcf, accompagn\u00e9 d'une s\u00e9ance photo et d'un atelier DJ pour finir, beaucoup de vari\u00e9t\u00e9. Le \"Grilogang\" - Nina Grilc avec des enfants - sera \u00e9galement de la partie pour partager avec les enfants son enthousiasme pour le snowboard et quelques runs (<a href=\"https:\/\/hintertuxparkopening.com\/tickets\/kids-shred\/\" target=\"_blank\" rel=\"noreferrer noopener\">Inscription KIDS SHRED<\/a>). Pour tous ceux qui sont impatients de d\u00e9couvrir ce nouveau mat\u00e9riel, l'industrie du snowboard propose, avec le <strong>Village d'essai<\/strong> au refuge Tuxer Fernerhaus, l'occasion parfaite de tester les toutes nouvelles planches et fixations de la saison.<\/p>\n\n\n\n<figure class=\"wp-block-image size-large\"><img loading=\"lazy\" decoding=\"async\" width=\"1024\" height=\"683\" data-attachment-id=\"6200\" data-permalink=\"https:\/\/boardgeneration.ch\/fr\/hzo_hintertux-opening-2021_kids_jukkampehkonen\/\" data-orig-file=\"https:\/\/boardgeneration.ch\/wp-content\/uploads\/2022\/09\/HZO_Hintertux-Opening-2021_Kids_jukkampehkonen-scaled.jpg\" data-orig-size=\"2560,1708\" data-comments-opened=\"1\" data-image-meta=\"{&quot;aperture&quot;:&quot;4.5&quot;,&quot;credit&quot;:&quot;&quot;,&quot;camera&quot;:&quot;Canon EOS R5&quot;,&quot;caption&quot;:&quot;&quot;,&quot;created_timestamp&quot;:&quot;1633175231&quot;,&quot;copyright&quot;:&quot;&quot;,&quot;focal_length&quot;:&quot;89&quot;,&quot;iso&quot;:&quot;160&quot;,&quot;shutter_speed&quot;:&quot;0.00025&quot;,&quot;title&quot;:&quot;&quot;,&quot;orientation&quot;:&quot;0&quot;}\" data-image-title=\"HZO_Hintertux Opening 2021_Kids_jukkampehkonen\" data-image-description=\"\" data-image-caption=\"\" data-medium-file=\"https:\/\/boardgeneration.ch\/wp-content\/uploads\/2022\/09\/HZO_Hintertux-Opening-2021_Kids_jukkampehkonen-300x200.jpg\" data-large-file=\"https:\/\/boardgeneration.ch\/wp-content\/uploads\/2022\/09\/HZO_Hintertux-Opening-2021_Kids_jukkampehkonen-1024x683.jpg\" src=\"https:\/\/boardgeneration.ch\/wp-content\/uploads\/2022\/09\/HZO_Hintertux-Opening-2021_Kids_jukkampehkonen-1024x683.jpg\" alt=\"\" class=\"wp-image-6200\" srcset=\"https:\/\/boardgeneration.ch\/wp-content\/uploads\/2022\/09\/HZO_Hintertux-Opening-2021_Kids_jukkampehkonen-1024x683.jpg 1024w, https:\/\/boardgeneration.ch\/wp-content\/uploads\/2022\/09\/HZO_Hintertux-Opening-2021_Kids_jukkampehkonen-300x200.jpg 300w, https:\/\/boardgeneration.ch\/wp-content\/uploads\/2022\/09\/HZO_Hintertux-Opening-2021_Kids_jukkampehkonen-768x512.jpg 768w, https:\/\/boardgeneration.ch\/wp-content\/uploads\/2022\/09\/HZO_Hintertux-Opening-2021_Kids_jukkampehkonen-1536x1025.jpg 1536w, https:\/\/boardgeneration.ch\/wp-content\/uploads\/2022\/09\/HZO_Hintertux-Opening-2021_Kids_jukkampehkonen-2048x1366.jpg 2048w, https:\/\/boardgeneration.ch\/wp-content\/uploads\/2022\/09\/HZO_Hintertux-Opening-2021_Kids_jukkampehkonen-18x12.jpg 18w\" sizes=\"auto, (max-width: 1024px) 100vw, 1024px\" \/><figcaption><span class=\"media-credit\">\u00a9 jukkampehkonen<\/span><\/figcaption><\/figure>\n\n\n\n<p><strong>\u00c9V\u00c9NEMENTS DANS LA VALL\u00c9E<\/strong> - Les <strong>Soir\u00e9e Ride Movie Premiere<\/strong> au centre Tux est de retour ! Avec de superbes films dans ses bagages, comme le dernier team movie de Ride \"Sincerely Yours\" et d'autres bandes passionnantes (entr\u00e9e gratuite). Le point fort dans la vall\u00e9e est la nouvelle \u00e9dition du <strong>Metal Battle Rail Contests pr\u00e9sent\u00e9 par SANE ! Snowboarding.<\/strong> La sc\u00e8ne jib, dont la jeune Anglaise Mia Brookes, montre son savoir-faire sur les obstacles install\u00e9s directement devant le Hohenhaus Tenne. Sensations fortes et action folle sont au programme des man\u0153uvres audacieuses des freestylers ! Et pour ceux qui n'en ont pas encore assez, l'opening se poursuit directement. <strong>F\u00eate<\/strong> \u00e0 c\u00f4t\u00e9 avec les meilleurs beats (<a href=\"https:\/\/hintertuxparkopening.com\/tickets\/partyticket\/\" target=\"_blank\" rel=\"noreferrer noopener\">Billets de f\u00eate<\/a>).<\/p>\n\n\n\n<p>Nous remercions chaleureusement les 2022 sponsors :<br>Burton, Deeluxe, Nixon, 686, Soundboks, Aleck, Ride et Quiksilver<\/p>\n\n\n\n<p>Plus de d\u00e9tails et de mises \u00e0 jour sur le Hintertux Park Opening 2022 :<br><a href=\"https:\/\/hintertuxparkopening.com\/\" target=\"_blank\" rel=\"noreferrer noopener\">site web<\/a> - <a href=\"https:\/\/www.facebook.com\/hintertuxparkopening\" target=\"_blank\" rel=\"noreferrer noopener\">Facebook<\/a> - <a href=\"https:\/\/www.instagram.com\/hintertuxparkopening\/\" target=\"_blank\" rel=\"noreferrer noopener\">Instagram<\/a> - <a href=\"https:\/\/boardgeneration.ch\/fr\/tag\/hintertuxopening\/\">#hintertuxopening (ouverture de Hintertux)<\/a> -&nbsp; <a href=\"https:\/\/boardgeneration.ch\/fr\/tag\/hintertuxparkopening\/\">#hintertuxparkopening (parc d'attractions)<\/a> - <a href=\"https:\/\/www.tux.at\/\" target=\"_blank\" rel=\"noreferrer noopener\">Chambre<\/a><\/p>","protected":false},"excerpt":{"rendered":"<p>In wenigen Tagen trifft sich die internationale Snowboard-Community in Hintertux f\u00fcr das traditionell erste Park Opening der Saison. Zum 18. Mal treffen sich Profi-Snowboarder, Amateure und die Snowboard-Industrie, um die Saison 2022\/23 im Betterpark Hintertux einzul\u00e4uten und \u00fcbernehmen vom 30. September bis 3. Oktober erneut das Tuxertal. Der Winter hat sich rechtzeitig zur\u00fcckgemeldet und f\u00fcr [&hellip;]<\/p>\n","protected":false},"author":3,"featured_media":6198,"comment_status":"open","ping_status":"open","sticky":false,"template":"","format":"standard","meta":{"_jetpack_memberships_contains_paid_content":false,"footnotes":""},"categories":[12],"tags":[30900,10156,11700,30750,30749,67234,67235,30899,11686,32182,31001],"class_list":["post-6202","post","type-post","status-publish","format-standard","has-post-thumbnail","hentry","category-event","tag-betterpark","tag-burton","tag-coaching","tag-contest","tag-hintertux","tag-hintertuxopening","tag-hintertuxparkopening","tag-metal-battle-rail-contest","tag-snowboard","tag-snowboarder","tag-test"],"yoast_head":"<!-- This site is optimized with the Yoast SEO plugin v26.8 - https:\/\/yoast.com\/product\/yoast-seo-wordpress\/ -->\n<title>Hintertux Park Opening \u00b422 vom 30.09. \u2013 3.10. - Board Generation<\/title>\n<meta name=\"robots\" content=\"index, follow, max-snippet:-1, max-image-preview:large, max-video-preview:-1\" \/>\n<link rel=\"canonical\" href=\"https:\/\/boardgeneration.ch\/fr\/hintertux-park-opening-22-vom-30-09-3-10\/\" \/>\n<meta property=\"og:locale\" content=\"fr_FR\" \/>\n<meta property=\"og:type\" content=\"article\" \/>\n<meta property=\"og:title\" content=\"Hintertux Park Opening \u00b422 vom 30.09. \u2013 3.10. - Board Generation\" \/>\n<meta property=\"og:description\" content=\"In wenigen Tagen trifft sich die internationale Snowboard-Community in Hintertux f\u00fcr das traditionell erste Park Opening der Saison. Zum 18. Mal treffen sich Profi-Snowboarder, Amateure und die Snowboard-Industrie, um die Saison 2022\/23 im Betterpark Hintertux einzul\u00e4uten und \u00fcbernehmen vom 30. September bis 3. Oktober erneut das Tuxertal. Der Winter hat sich rechtzeitig zur\u00fcckgemeldet und f\u00fcr [&hellip;]\" \/>\n<meta property=\"og:url\" content=\"https:\/\/boardgeneration.ch\/fr\/hintertux-park-opening-22-vom-30-09-3-10\/\" \/>\n<meta property=\"og:site_name\" content=\"Board Generation\" \/>\n<meta property=\"article:publisher\" content=\"https:\/\/www.facebook.com\/boardgeneration.ch\" \/>\n<meta property=\"article:published_time\" content=\"2022-09-23T21:56:00+00:00\" \/>\n<meta property=\"article:modified_time\" content=\"2022-09-30T22:03:23+00:00\" \/>\n<meta property=\"og:image\" content=\"https:\/\/boardgeneration.ch\/wp-content\/uploads\/2022\/09\/2019_Hotzone_Opening_MetalBattle_byMonEpic-scaled.jpg\" \/>\n\t<meta property=\"og:image:width\" content=\"2560\" \/>\n\t<meta property=\"og:image:height\" content=\"1706\" \/>\n\t<meta property=\"og:image:type\" content=\"image\/jpeg\" \/>\n<meta name=\"author\" content=\"Pressedienst\" \/>\n<meta name=\"twitter:card\" content=\"summary_large_image\" \/>\n<meta name=\"twitter:creator\" content=\"@boardgen\" \/>\n<meta name=\"twitter:site\" content=\"@boardgen\" \/>\n<meta name=\"twitter:label1\" content=\"\u00c9crit par\" \/>\n\t<meta name=\"twitter:data1\" content=\"Pressedienst\" \/>\n\t<meta name=\"twitter:label2\" content=\"Dur\u00e9e de lecture estim\u00e9e\" \/>\n\t<meta name=\"twitter:data2\" content=\"3 minutes\" \/>\n<script type=\"application\/ld+json\" class=\"yoast-schema-graph\">{\"@context\":\"https:\/\/schema.org\",\"@graph\":[{\"@type\":\"Article\",\"@id\":\"https:\/\/boardgeneration.ch\/hintertux-park-opening-22-vom-30-09-3-10\/#article\",\"isPartOf\":{\"@id\":\"https:\/\/boardgeneration.ch\/hintertux-park-opening-22-vom-30-09-3-10\/\"},\"author\":{\"name\":\"Pressedienst\",\"@id\":\"https:\/\/boardgeneration.ch\/#\/schema\/person\/4727ac7b918c1fd9879a564a16734f2c\"},\"headline\":\"Hintertux Park Opening \u00b422 vom 30.09. \u2013 3.10.\",\"datePublished\":\"2022-09-23T21:56:00+00:00\",\"dateModified\":\"2022-09-30T22:03:23+00:00\",\"mainEntityOfPage\":{\"@id\":\"https:\/\/boardgeneration.ch\/hintertux-park-opening-22-vom-30-09-3-10\/\"},\"wordCount\":421,\"commentCount\":0,\"publisher\":{\"@id\":\"https:\/\/boardgeneration.ch\/#organization\"},\"image\":{\"@id\":\"https:\/\/boardgeneration.ch\/hintertux-park-opening-22-vom-30-09-3-10\/#primaryimage\"},\"thumbnailUrl\":\"https:\/\/boardgeneration.ch\/wp-content\/uploads\/2022\/09\/2019_Hotzone_Opening_MetalBattle_byMonEpic-scaled.jpg\",\"keywords\":[\"Betterpark\",\"Burton\",\"Coaching\",\"Contest\",\"Hintertux\",\"hintertuxopening\",\"hintertuxparkopening\",\"Metal Battle Rail Contest\",\"Snowboard\",\"Snowboarder\",\"Test\"],\"articleSection\":[\"event\"],\"inLanguage\":\"fr-FR\",\"potentialAction\":[{\"@type\":\"CommentAction\",\"name\":\"Comment\",\"target\":[\"https:\/\/boardgeneration.ch\/hintertux-park-opening-22-vom-30-09-3-10\/#respond\"]}]},{\"@type\":\"WebPage\",\"@id\":\"https:\/\/boardgeneration.ch\/hintertux-park-opening-22-vom-30-09-3-10\/\",\"url\":\"https:\/\/boardgeneration.ch\/hintertux-park-opening-22-vom-30-09-3-10\/\",\"name\":\"Hintertux Park Opening \u00b422 vom 30.09. \u2013 3.10. - Board Generation\",\"isPartOf\":{\"@id\":\"https:\/\/boardgeneration.ch\/#website\"},\"primaryImageOfPage\":{\"@id\":\"https:\/\/boardgeneration.ch\/hintertux-park-opening-22-vom-30-09-3-10\/#primaryimage\"},\"image\":{\"@id\":\"https:\/\/boardgeneration.ch\/hintertux-park-opening-22-vom-30-09-3-10\/#primaryimage\"},\"thumbnailUrl\":\"https:\/\/boardgeneration.ch\/wp-content\/uploads\/2022\/09\/2019_Hotzone_Opening_MetalBattle_byMonEpic-scaled.jpg\",\"datePublished\":\"2022-09-23T21:56:00+00:00\",\"dateModified\":\"2022-09-30T22:03:23+00:00\",\"breadcrumb\":{\"@id\":\"https:\/\/boardgeneration.ch\/hintertux-park-opening-22-vom-30-09-3-10\/#breadcrumb\"},\"inLanguage\":\"fr-FR\",\"potentialAction\":[{\"@type\":\"ReadAction\",\"target\":[\"https:\/\/boardgeneration.ch\/hintertux-park-opening-22-vom-30-09-3-10\/\"]}]},{\"@type\":\"ImageObject\",\"inLanguage\":\"fr-FR\",\"@id\":\"https:\/\/boardgeneration.ch\/hintertux-park-opening-22-vom-30-09-3-10\/#primaryimage\",\"url\":\"https:\/\/boardgeneration.ch\/wp-content\/uploads\/2022\/09\/2019_Hotzone_Opening_MetalBattle_byMonEpic-scaled.jpg\",\"contentUrl\":\"https:\/\/boardgeneration.ch\/wp-content\/uploads\/2022\/09\/2019_Hotzone_Opening_MetalBattle_byMonEpic-scaled.jpg\",\"width\":2560,\"height\":1706},{\"@type\":\"BreadcrumbList\",\"@id\":\"https:\/\/boardgeneration.ch\/hintertux-park-opening-22-vom-30-09-3-10\/#breadcrumb\",\"itemListElement\":[{\"@type\":\"ListItem\",\"position\":1,\"name\":\"Startseite\",\"item\":\"https:\/\/boardgeneration.ch\/\"},{\"@type\":\"ListItem\",\"position\":2,\"name\":\"Hintertux Park Opening \u00b422 vom 30.09. \u2013 3.10.\"}]},{\"@type\":\"WebSite\",\"@id\":\"https:\/\/boardgeneration.ch\/#website\",\"url\":\"https:\/\/boardgeneration.ch\/\",\"name\":\"board generation\",\"description\":\"Back to the Roots\",\"publisher\":{\"@id\":\"https:\/\/boardgeneration.ch\/#organization\"},\"potentialAction\":[{\"@type\":\"SearchAction\",\"target\":{\"@type\":\"EntryPoint\",\"urlTemplate\":\"https:\/\/boardgeneration.ch\/?s={search_term_string}\"},\"query-input\":{\"@type\":\"PropertyValueSpecification\",\"valueRequired\":true,\"valueName\":\"search_term_string\"}}],\"inLanguage\":\"fr-FR\"},{\"@type\":\"Organization\",\"@id\":\"https:\/\/boardgeneration.ch\/#organization\",\"name\":\"board generation\",\"url\":\"https:\/\/boardgeneration.ch\/\",\"logo\":{\"@type\":\"ImageObject\",\"inLanguage\":\"fr-FR\",\"@id\":\"https:\/\/boardgeneration.ch\/#\/schema\/logo\/image\/\",\"url\":\"https:\/\/boardgeneration.ch\/wp-content\/uploads\/2019\/01\/bg-logo_mit_Text.png\",\"contentUrl\":\"https:\/\/boardgeneration.ch\/wp-content\/uploads\/2019\/01\/bg-logo_mit_Text.png\",\"width\":1040,\"height\":1155,\"caption\":\"board generation\"},\"image\":{\"@id\":\"https:\/\/boardgeneration.ch\/#\/schema\/logo\/image\/\"},\"sameAs\":[\"https:\/\/www.facebook.com\/boardgeneration.ch\",\"https:\/\/x.com\/boardgen\",\"https:\/\/www.instagram.com\/boardgen\/\"]},{\"@type\":\"Person\",\"@id\":\"https:\/\/boardgeneration.ch\/#\/schema\/person\/4727ac7b918c1fd9879a564a16734f2c\",\"name\":\"Pressedienst\",\"image\":{\"@type\":\"ImageObject\",\"inLanguage\":\"fr-FR\",\"@id\":\"https:\/\/boardgeneration.ch\/#\/schema\/person\/image\/\",\"url\":\"https:\/\/boardgeneration.ch\/wp-content\/uploads\/2019\/10\/Pile-of-letters-96x96.jpg\",\"contentUrl\":\"https:\/\/boardgeneration.ch\/wp-content\/uploads\/2019\/10\/Pile-of-letters-96x96.jpg\",\"caption\":\"Pressedienst\"},\"url\":\"https:\/\/boardgeneration.ch\/fr\/author\/pressedienst\/\"}]}<\/script>\n<!-- \/ Yoast SEO plugin. -->","yoast_head_json":{"title":"Hintertux Park Opening \u00b422 vom 30.09. \u2013 3.10. - Board Generation","robots":{"index":"index","follow":"follow","max-snippet":"max-snippet:-1","max-image-preview":"max-image-preview:large","max-video-preview":"max-video-preview:-1"},"canonical":"https:\/\/boardgeneration.ch\/fr\/hintertux-park-opening-22-vom-30-09-3-10\/","og_locale":"fr_FR","og_type":"article","og_title":"Hintertux Park Opening \u00b422 vom 30.09. \u2013 3.10. - Board Generation","og_description":"In wenigen Tagen trifft sich die internationale Snowboard-Community in Hintertux f\u00fcr das traditionell erste Park Opening der Saison. Zum 18. Mal treffen sich Profi-Snowboarder, Amateure und die Snowboard-Industrie, um die Saison 2022\/23 im Betterpark Hintertux einzul\u00e4uten und \u00fcbernehmen vom 30. September bis 3. Oktober erneut das Tuxertal. Der Winter hat sich rechtzeitig zur\u00fcckgemeldet und f\u00fcr [&hellip;]","og_url":"https:\/\/boardgeneration.ch\/fr\/hintertux-park-opening-22-vom-30-09-3-10\/","og_site_name":"Board Generation","article_publisher":"https:\/\/www.facebook.com\/boardgeneration.ch","article_published_time":"2022-09-23T21:56:00+00:00","article_modified_time":"2022-09-30T22:03:23+00:00","og_image":[{"width":2560,"height":1706,"url":"https:\/\/boardgeneration.ch\/wp-content\/uploads\/2022\/09\/2019_Hotzone_Opening_MetalBattle_byMonEpic-scaled.jpg","type":"image\/jpeg"}],"author":"Pressedienst","twitter_card":"summary_large_image","twitter_creator":"@boardgen","twitter_site":"@boardgen","twitter_misc":{"\u00c9crit par":"Pressedienst","Dur\u00e9e de lecture estim\u00e9e":"3 minutes"},"schema":{"@context":"https:\/\/schema.org","@graph":[{"@type":"Article","@id":"https:\/\/boardgeneration.ch\/hintertux-park-opening-22-vom-30-09-3-10\/#article","isPartOf":{"@id":"https:\/\/boardgeneration.ch\/hintertux-park-opening-22-vom-30-09-3-10\/"},"author":{"name":"Pressedienst","@id":"https:\/\/boardgeneration.ch\/#\/schema\/person\/4727ac7b918c1fd9879a564a16734f2c"},"headline":"Hintertux Park Opening \u00b422 vom 30.09. \u2013 3.10.","datePublished":"2022-09-23T21:56:00+00:00","dateModified":"2022-09-30T22:03:23+00:00","mainEntityOfPage":{"@id":"https:\/\/boardgeneration.ch\/hintertux-park-opening-22-vom-30-09-3-10\/"},"wordCount":421,"commentCount":0,"publisher":{"@id":"https:\/\/boardgeneration.ch\/#organization"},"image":{"@id":"https:\/\/boardgeneration.ch\/hintertux-park-opening-22-vom-30-09-3-10\/#primaryimage"},"thumbnailUrl":"https:\/\/boardgeneration.ch\/wp-content\/uploads\/2022\/09\/2019_Hotzone_Opening_MetalBattle_byMonEpic-scaled.jpg","keywords":["Betterpark","Burton","Coaching","Contest","Hintertux","hintertuxopening","hintertuxparkopening","Metal Battle Rail Contest","Snowboard","Snowboarder","Test"],"articleSection":["event"],"inLanguage":"fr-FR","potentialAction":[{"@type":"CommentAction","name":"Comment","target":["https:\/\/boardgeneration.ch\/hintertux-park-opening-22-vom-30-09-3-10\/#respond"]}]},{"@type":"WebPage","@id":"https:\/\/boardgeneration.ch\/hintertux-park-opening-22-vom-30-09-3-10\/","url":"https:\/\/boardgeneration.ch\/hintertux-park-opening-22-vom-30-09-3-10\/","name":"Hintertux Park Opening \u00b422 vom 30.09. \u2013 3.10. - Board Generation","isPartOf":{"@id":"https:\/\/boardgeneration.ch\/#website"},"primaryImageOfPage":{"@id":"https:\/\/boardgeneration.ch\/hintertux-park-opening-22-vom-30-09-3-10\/#primaryimage"},"image":{"@id":"https:\/\/boardgeneration.ch\/hintertux-park-opening-22-vom-30-09-3-10\/#primaryimage"},"thumbnailUrl":"https:\/\/boardgeneration.ch\/wp-content\/uploads\/2022\/09\/2019_Hotzone_Opening_MetalBattle_byMonEpic-scaled.jpg","datePublished":"2022-09-23T21:56:00+00:00","dateModified":"2022-09-30T22:03:23+00:00","breadcrumb":{"@id":"https:\/\/boardgeneration.ch\/hintertux-park-opening-22-vom-30-09-3-10\/#breadcrumb"},"inLanguage":"fr-FR","potentialAction":[{"@type":"ReadAction","target":["https:\/\/boardgeneration.ch\/hintertux-park-opening-22-vom-30-09-3-10\/"]}]},{"@type":"ImageObject","inLanguage":"fr-FR","@id":"https:\/\/boardgeneration.ch\/hintertux-park-opening-22-vom-30-09-3-10\/#primaryimage","url":"https:\/\/boardgeneration.ch\/wp-content\/uploads\/2022\/09\/2019_Hotzone_Opening_MetalBattle_byMonEpic-scaled.jpg","contentUrl":"https:\/\/boardgeneration.ch\/wp-content\/uploads\/2022\/09\/2019_Hotzone_Opening_MetalBattle_byMonEpic-scaled.jpg","width":2560,"height":1706},{"@type":"BreadcrumbList","@id":"https:\/\/boardgeneration.ch\/hintertux-park-opening-22-vom-30-09-3-10\/#breadcrumb","itemListElement":[{"@type":"ListItem","position":1,"name":"Startseite","item":"https:\/\/boardgeneration.ch\/"},{"@type":"ListItem","position":2,"name":"Hintertux Park Opening \u00b422 vom 30.09. \u2013 3.10."}]},{"@type":"WebSite","@id":"https:\/\/boardgeneration.ch\/#website","url":"https:\/\/boardgeneration.ch\/","name":"g\u00e9n\u00e9ration de conseils","description":"Retour aux sources","publisher":{"@id":"https:\/\/boardgeneration.ch\/#organization"},"potentialAction":[{"@type":"SearchAction","target":{"@type":"EntryPoint","urlTemplate":"https:\/\/boardgeneration.ch\/?s={search_term_string}"},"query-input":{"@type":"PropertyValueSpecification","valueRequired":true,"valueName":"search_term_string"}}],"inLanguage":"fr-FR"},{"@type":"Organization","@id":"https:\/\/boardgeneration.ch\/#organization","name":"g\u00e9n\u00e9ration de conseils","url":"https:\/\/boardgeneration.ch\/","logo":{"@type":"ImageObject","inLanguage":"fr-FR","@id":"https:\/\/boardgeneration.ch\/#\/schema\/logo\/image\/","url":"https:\/\/boardgeneration.ch\/wp-content\/uploads\/2019\/01\/bg-logo_mit_Text.png","contentUrl":"https:\/\/boardgeneration.ch\/wp-content\/uploads\/2019\/01\/bg-logo_mit_Text.png","width":1040,"height":1155,"caption":"board generation"},"image":{"@id":"https:\/\/boardgeneration.ch\/#\/schema\/logo\/image\/"},"sameAs":["https:\/\/www.facebook.com\/boardgeneration.ch","https:\/\/x.com\/boardgen","https:\/\/www.instagram.com\/boardgen\/"]},{"@type":"Person","@id":"https:\/\/boardgeneration.ch\/#\/schema\/person\/4727ac7b918c1fd9879a564a16734f2c","name":"Service de presse","image":{"@type":"ImageObject","inLanguage":"fr-FR","@id":"https:\/\/boardgeneration.ch\/#\/schema\/person\/image\/","url":"https:\/\/boardgeneration.ch\/wp-content\/uploads\/2019\/10\/Pile-of-letters-96x96.jpg","contentUrl":"https:\/\/boardgeneration.ch\/wp-content\/uploads\/2019\/10\/Pile-of-letters-96x96.jpg","caption":"Pressedienst"},"url":"https:\/\/boardgeneration.ch\/fr\/author\/pressedienst\/"}]}},"jetpack_featured_media_url":"https:\/\/boardgeneration.ch\/wp-content\/uploads\/2022\/09\/2019_Hotzone_Opening_MetalBattle_byMonEpic-scaled.jpg","jetpack_sharing_enabled":true,"amp_enabled":true,"_links":{"self":[{"href":"https:\/\/boardgeneration.ch\/fr\/wp-json\/wp\/v2\/posts\/6202","targetHints":{"allow":["GET"]}}],"collection":[{"href":"https:\/\/boardgeneration.ch\/fr\/wp-json\/wp\/v2\/posts"}],"about":[{"href":"https:\/\/boardgeneration.ch\/fr\/wp-json\/wp\/v2\/types\/post"}],"author":[{"embeddable":true,"href":"https:\/\/boardgeneration.ch\/fr\/wp-json\/wp\/v2\/users\/3"}],"replies":[{"embeddable":true,"href":"https:\/\/boardgeneration.ch\/fr\/wp-json\/wp\/v2\/comments?post=6202"}],"version-history":[{"count":2,"href":"https:\/\/boardgeneration.ch\/fr\/wp-json\/wp\/v2\/posts\/6202\/revisions"}],"predecessor-version":[{"id":6204,"href":"https:\/\/boardgeneration.ch\/fr\/wp-json\/wp\/v2\/posts\/6202\/revisions\/6204"}],"wp:featuredmedia":[{"embeddable":true,"href":"https:\/\/boardgeneration.ch\/fr\/wp-json\/wp\/v2\/media\/6198"}],"wp:attachment":[{"href":"https:\/\/boardgeneration.ch\/fr\/wp-json\/wp\/v2\/media?parent=6202"}],"wp:term":[{"taxonomy":"category","embeddable":true,"href":"https:\/\/boardgeneration.ch\/fr\/wp-json\/wp\/v2\/categories?post=6202"},{"taxonomy":"post_tag","embeddable":true,"href":"https:\/\/boardgeneration.ch\/fr\/wp-json\/wp\/v2\/tags?post=6202"}],"curies":[{"name":"wp","href":"https:\/\/api.w.org\/{rel}","templated":true}]}}