{"id":6207,"date":"2022-09-30T23:12:00","date_gmt":"2022-09-30T22:12:00","guid":{"rendered":"https:\/\/boardgeneration.ch\/?p=6207"},"modified":"2022-09-30T23:12:18","modified_gmt":"2022-09-30T22:12:18","slug":"big-air-chur-2022-am-21-22-oktober-2022","status":"publish","type":"post","link":"https:\/\/boardgeneration.ch\/fr\/big-air-chur-2022-am-21-22-oktober-2022\/","title":{"rendered":"BIG AIR CHUR 2022 les 21 et 22 octobre 2022"},"content":{"rendered":"<span class=\"span-reading-time rt-reading-time\" style=\"display: block;\"><span class=\"rt-label rt-prefix\">Le temps de la lecture : <\/span> <span class=\"rt-time\"> 2<\/span> <span class=\"rt-label rt-postfix\">proc\u00e8s-verbal<\/span><\/span>\n<p><strong>Pour la deuxi\u00e8me fois, le festival BIG AIR CHUR donnera le coup d'envoi de la saison d'hiver des freestylers. Lors du coup d'envoi de la Coupe du monde FIS, le big air sera propos\u00e9 en double : freeski le 21.10.2022, snowboard le 22.10.2022, dot\u00e9 de 110'000 CHF de prix.<\/strong> Des femmes et des hommes font des figures \u00e9poustouflantes du haut d'un monstre d'acier de 40 m\u00e8tres et atterrissent facilement dans la neige avec leurs planches. Le tout sur fond de musique. Les connaisseurs ne manqueront pas de s'exclamer en lisant la liste des participants, sur laquelle figurent des champions sportifs et des nomin\u00e9s aux Grammy Awards. Tant en musique urbaine qu'en sport freestyle, BIG AIR CHUR est de toute premi\u00e8re classe.<\/p>\n\n\n\n<figure class=\"wp-block-image size-large\"><img loading=\"lazy\" decoding=\"async\" width=\"1024\" height=\"683\" data-attachment-id=\"6205\" data-permalink=\"https:\/\/boardgeneration.ch\/fr\/big-air-festival-chur-2\/\" data-orig-file=\"https:\/\/boardgeneration.ch\/wp-content\/uploads\/2022\/09\/BIGAIR_Chur_21_Breitbild_by_Laemmerhirt_11924-scaled.jpg\" data-orig-size=\"2560,1707\" data-comments-opened=\"1\" data-image-meta=\"{&quot;aperture&quot;:&quot;4.5&quot;,&quot;credit&quot;:&quot;Marcel L\\u00e4mmerhirt&quot;,&quot;camera&quot;:&quot;NIKON D6&quot;,&quot;caption&quot;:&quot;Live performance Breitbild at the Big Air Festival Chur FIS Freeski and Snowboard World Cup, Switzerland on October 22, 2021.&quot;,&quot;created_timestamp&quot;:&quot;1609795980&quot;,&quot;copyright&quot;:&quot;\\u00a9 2021 Marcel L\\u00e4mmerhirt&quot;,&quot;focal_length&quot;:&quot;38&quot;,&quot;iso&quot;:&quot;5000&quot;,&quot;shutter_speed&quot;:&quot;0.016666666666667&quot;,&quot;title&quot;:&quot;BIG AIR Festival Chur&quot;,&quot;orientation&quot;:&quot;0&quot;}\" data-image-title=\"BIG AIR Festival Chur\" data-image-description=\"\" data-image-caption=\"&lt;p&gt;Live performance Breitbild at the Big Air Festival Chur FIS Freeski and Snowboard World Cup, Switzerland on October 22, 2021.&lt;\/p&gt;\" data-medium-file=\"https:\/\/boardgeneration.ch\/wp-content\/uploads\/2022\/09\/BIGAIR_Chur_21_Breitbild_by_Laemmerhirt_11924-300x200.jpg\" data-large-file=\"https:\/\/boardgeneration.ch\/wp-content\/uploads\/2022\/09\/BIGAIR_Chur_21_Breitbild_by_Laemmerhirt_11924-1024x683.jpg\" src=\"https:\/\/boardgeneration.ch\/wp-content\/uploads\/2022\/09\/BIGAIR_Chur_21_Breitbild_by_Laemmerhirt_11924-1024x683.jpg\" alt=\"\" class=\"wp-image-6205\" srcset=\"https:\/\/boardgeneration.ch\/wp-content\/uploads\/2022\/09\/BIGAIR_Chur_21_Breitbild_by_Laemmerhirt_11924-1024x683.jpg 1024w, https:\/\/boardgeneration.ch\/wp-content\/uploads\/2022\/09\/BIGAIR_Chur_21_Breitbild_by_Laemmerhirt_11924-300x200.jpg 300w, https:\/\/boardgeneration.ch\/wp-content\/uploads\/2022\/09\/BIGAIR_Chur_21_Breitbild_by_Laemmerhirt_11924-768x512.jpg 768w, https:\/\/boardgeneration.ch\/wp-content\/uploads\/2022\/09\/BIGAIR_Chur_21_Breitbild_by_Laemmerhirt_11924-1536x1024.jpg 1536w, https:\/\/boardgeneration.ch\/wp-content\/uploads\/2022\/09\/BIGAIR_Chur_21_Breitbild_by_Laemmerhirt_11924-2048x1365.jpg 2048w, https:\/\/boardgeneration.ch\/wp-content\/uploads\/2022\/09\/BIGAIR_Chur_21_Breitbild_by_Laemmerhirt_11924-18x12.jpg 18w\" sizes=\"auto, (max-width: 1024px) 100vw, 1024px\" \/><figcaption><span class=\"media-credit\">Marcel L\u00e4mmerhirt<\/span> Performance en direct sur \u00e9cran large lors du Big Air Festival Chur FIS Freeski and Snowboard World Cup, Suisse le 22 octobre 2021.<\/figcaption><\/figure>\n\n\n\n<p><strong>Dix groupes et 160 freestylers venus du monde entier et de Suisse assureront un super son, des moments passionnants et une ambiance endiabl\u00e9e.<\/strong> En t\u00eate de liste, les t\u00eates d'affiche Busta Rhymes et Deichkind, les m\u00e9daill\u00e9s d'or olympiques 2022 Anna Gasser, Mathilde Gremaud, Alex Hall et Birk Ruud, les champions du monde de big air en titre Andri Ragettli, Mark McMorris et les premiers vainqueurs du BIG AIR CHUR 2021 en freeski Tess Ledeux et Matej Svancer et en snowboard Kokomo Murase et Jonas B\u00f6siger - autant de puissance et de qualit\u00e9 sur un seul site, c'est un d\u00e9but de saison plus que digne !<\/p>\n\n\n\n<p><strong>Deux jours de festival avec tout ce que cela implique<\/strong><br>Le festival est compl\u00e9t\u00e9 par des stands de la gastronomie et de l'industrie ainsi que par des partenaires comme Swiss-Ski. Il sera possible de s'activer au skate-park. Les billets pour le spectacle en plein air des 21 et 22 octobre 2022 sur l'Oberen Au \u00e0 Coire, dans les Grisons, sont disponibles sur ticketmaster.ch. Les possibilit\u00e9s d'acc\u00e8s sont disponibles sur www.bigairfestival.com, et pour l'h\u00e9bergement, aupr\u00e8s de l'office du tourisme de Coire, h\u00f4te de l'\u00e9v\u00e9nement.<br>Le vendredi 21 octobre 2022 sera plac\u00e9 sous le signe des freeskieurs. Ils commencent le matin par les tours de qualification, alternent l'apr\u00e8s-midi avec des repr\u00e9sentations de groupes, jusqu'\u00e0 ce que la finale \u00e0 20 heures et le Main-Act Busta Rhymes qui suivra transforment la nuit en jour.<br>Le samedi 22 octobre 2022, l'accent sera mis sur les snowboarders. Le couronnement sera la finale avec les 16 meilleurs snowboarders qui r\u00e9aliseront leurs figures dans le ciel nocturne avant de faire la f\u00eate avec le public lors du concert de Deichkind.<\/p>\n\n\n\n<p><br>Site web : www.bigairfestival.com Socials : @bigairchur Hashtag : <a href=\"https:\/\/boardgeneration.ch\/fr\/tag\/bigairchur\/\">#bigairchur<\/a><\/p>","protected":false},"excerpt":{"rendered":"<p>Zum zweiten Mal l\u00e4utet das Festival BIG AIR CHUR die Wintersaison der Freestyler ein. Beim FIS Weltcup-Auftakt gibt es Big Air im Doppelpack: Freeski am 21.10.2022, Snowboard am 22.10.2022, dotiert mit 110&#8217;000 CHF Preisgeld. Frauen und M\u00e4nner zeigen atemberaubende Tricks vom 40 Meter hohen Stahlmonster und landen mit ihren Brettern easy im Schnee. Dazu gibt [&hellip;]<\/p>\n","protected":false},"author":3,"featured_media":6206,"comment_status":"open","ping_status":"open","sticky":false,"template":"","format":"standard","meta":{"_jetpack_memberships_contains_paid_content":false,"footnotes":""},"categories":[12],"tags":[52778,11686,32182,22965],"class_list":["post-6207","post","type-post","status-publish","format-standard","has-post-thumbnail","hentry","category-event","tag-bigairchur","tag-snowboard","tag-snowboarder","tag-womeninsnowboarding"],"yoast_head":"<!-- This site is optimized with the Yoast SEO plugin v26.8 - https:\/\/yoast.com\/product\/yoast-seo-wordpress\/ -->\n<title>BIG AIR CHUR 2022 am 21.\/22. Oktober 2022 - Board Generation<\/title>\n<meta name=\"robots\" content=\"index, follow, max-snippet:-1, max-image-preview:large, max-video-preview:-1\" \/>\n<link rel=\"canonical\" href=\"https:\/\/boardgeneration.ch\/fr\/big-air-chur-2022-am-21-22-oktober-2022\/\" \/>\n<meta property=\"og:locale\" content=\"fr_FR\" \/>\n<meta property=\"og:type\" content=\"article\" \/>\n<meta property=\"og:title\" content=\"BIG AIR CHUR 2022 am 21.\/22. Oktober 2022 - Board Generation\" \/>\n<meta property=\"og:description\" content=\"Zum zweiten Mal l\u00e4utet das Festival BIG AIR CHUR die Wintersaison der Freestyler ein. Beim FIS Weltcup-Auftakt gibt es Big Air im Doppelpack: Freeski am 21.10.2022, Snowboard am 22.10.2022, dotiert mit 110&#8217;000 CHF Preisgeld. Frauen und M\u00e4nner zeigen atemberaubende Tricks vom 40 Meter hohen Stahlmonster und landen mit ihren Brettern easy im Schnee. Dazu gibt [&hellip;]\" \/>\n<meta property=\"og:url\" content=\"https:\/\/boardgeneration.ch\/fr\/big-air-chur-2022-am-21-22-oktober-2022\/\" \/>\n<meta property=\"og:site_name\" content=\"Board Generation\" \/>\n<meta property=\"article:publisher\" content=\"https:\/\/www.facebook.com\/boardgeneration.ch\" \/>\n<meta property=\"article:published_time\" content=\"2022-09-30T22:12:00+00:00\" \/>\n<meta property=\"article:modified_time\" content=\"2022-09-30T22:12:18+00:00\" \/>\n<meta property=\"og:image\" content=\"https:\/\/boardgeneration.ch\/wp-content\/uploads\/2022\/09\/BIGAIR_Chur_21_GASSER_Anna_by_Stadler_15048-scaled.jpg\" \/>\n\t<meta property=\"og:image:width\" content=\"2560\" \/>\n\t<meta property=\"og:image:height\" content=\"1707\" \/>\n\t<meta property=\"og:image:type\" content=\"image\/jpeg\" \/>\n<meta name=\"author\" content=\"Pressedienst\" \/>\n<meta name=\"twitter:card\" content=\"summary_large_image\" \/>\n<meta name=\"twitter:creator\" content=\"@boardgen\" \/>\n<meta name=\"twitter:site\" content=\"@boardgen\" \/>\n<meta name=\"twitter:label1\" content=\"\u00c9crit par\" \/>\n\t<meta name=\"twitter:data1\" content=\"Pressedienst\" \/>\n\t<meta name=\"twitter:label2\" content=\"Dur\u00e9e de lecture estim\u00e9e\" \/>\n\t<meta name=\"twitter:data2\" content=\"2 minutes\" \/>\n<script type=\"application\/ld+json\" class=\"yoast-schema-graph\">{\"@context\":\"https:\/\/schema.org\",\"@graph\":[{\"@type\":\"Article\",\"@id\":\"https:\/\/boardgeneration.ch\/big-air-chur-2022-am-21-22-oktober-2022\/#article\",\"isPartOf\":{\"@id\":\"https:\/\/boardgeneration.ch\/big-air-chur-2022-am-21-22-oktober-2022\/\"},\"author\":{\"name\":\"Pressedienst\",\"@id\":\"https:\/\/boardgeneration.ch\/#\/schema\/person\/4727ac7b918c1fd9879a564a16734f2c\"},\"headline\":\"BIG AIR CHUR 2022 am 21.\/22. Oktober 2022\",\"datePublished\":\"2022-09-30T22:12:00+00:00\",\"dateModified\":\"2022-09-30T22:12:18+00:00\",\"mainEntityOfPage\":{\"@id\":\"https:\/\/boardgeneration.ch\/big-air-chur-2022-am-21-22-oktober-2022\/\"},\"wordCount\":350,\"commentCount\":0,\"publisher\":{\"@id\":\"https:\/\/boardgeneration.ch\/#organization\"},\"image\":{\"@id\":\"https:\/\/boardgeneration.ch\/big-air-chur-2022-am-21-22-oktober-2022\/#primaryimage\"},\"thumbnailUrl\":\"https:\/\/boardgeneration.ch\/wp-content\/uploads\/2022\/09\/BIGAIR_Chur_21_GASSER_Anna_by_Stadler_15048-scaled.jpg\",\"keywords\":[\"bigairchur\",\"Snowboard\",\"Snowboarder\",\"womeninsnowboarding\"],\"articleSection\":[\"event\"],\"inLanguage\":\"fr-FR\",\"potentialAction\":[{\"@type\":\"CommentAction\",\"name\":\"Comment\",\"target\":[\"https:\/\/boardgeneration.ch\/big-air-chur-2022-am-21-22-oktober-2022\/#respond\"]}]},{\"@type\":\"WebPage\",\"@id\":\"https:\/\/boardgeneration.ch\/big-air-chur-2022-am-21-22-oktober-2022\/\",\"url\":\"https:\/\/boardgeneration.ch\/big-air-chur-2022-am-21-22-oktober-2022\/\",\"name\":\"BIG AIR CHUR 2022 am 21.\/22. Oktober 2022 - Board Generation\",\"isPartOf\":{\"@id\":\"https:\/\/boardgeneration.ch\/#website\"},\"primaryImageOfPage\":{\"@id\":\"https:\/\/boardgeneration.ch\/big-air-chur-2022-am-21-22-oktober-2022\/#primaryimage\"},\"image\":{\"@id\":\"https:\/\/boardgeneration.ch\/big-air-chur-2022-am-21-22-oktober-2022\/#primaryimage\"},\"thumbnailUrl\":\"https:\/\/boardgeneration.ch\/wp-content\/uploads\/2022\/09\/BIGAIR_Chur_21_GASSER_Anna_by_Stadler_15048-scaled.jpg\",\"datePublished\":\"2022-09-30T22:12:00+00:00\",\"dateModified\":\"2022-09-30T22:12:18+00:00\",\"breadcrumb\":{\"@id\":\"https:\/\/boardgeneration.ch\/big-air-chur-2022-am-21-22-oktober-2022\/#breadcrumb\"},\"inLanguage\":\"fr-FR\",\"potentialAction\":[{\"@type\":\"ReadAction\",\"target\":[\"https:\/\/boardgeneration.ch\/big-air-chur-2022-am-21-22-oktober-2022\/\"]}]},{\"@type\":\"ImageObject\",\"inLanguage\":\"fr-FR\",\"@id\":\"https:\/\/boardgeneration.ch\/big-air-chur-2022-am-21-22-oktober-2022\/#primaryimage\",\"url\":\"https:\/\/boardgeneration.ch\/wp-content\/uploads\/2022\/09\/BIGAIR_Chur_21_GASSER_Anna_by_Stadler_15048-scaled.jpg\",\"contentUrl\":\"https:\/\/boardgeneration.ch\/wp-content\/uploads\/2022\/09\/BIGAIR_Chur_21_GASSER_Anna_by_Stadler_15048-scaled.jpg\",\"width\":2560,\"height\":1707},{\"@type\":\"BreadcrumbList\",\"@id\":\"https:\/\/boardgeneration.ch\/big-air-chur-2022-am-21-22-oktober-2022\/#breadcrumb\",\"itemListElement\":[{\"@type\":\"ListItem\",\"position\":1,\"name\":\"Startseite\",\"item\":\"https:\/\/boardgeneration.ch\/\"},{\"@type\":\"ListItem\",\"position\":2,\"name\":\"BIG AIR CHUR 2022 am 21.\/22. Oktober 2022\"}]},{\"@type\":\"WebSite\",\"@id\":\"https:\/\/boardgeneration.ch\/#website\",\"url\":\"https:\/\/boardgeneration.ch\/\",\"name\":\"board generation\",\"description\":\"Back to the Roots\",\"publisher\":{\"@id\":\"https:\/\/boardgeneration.ch\/#organization\"},\"potentialAction\":[{\"@type\":\"SearchAction\",\"target\":{\"@type\":\"EntryPoint\",\"urlTemplate\":\"https:\/\/boardgeneration.ch\/?s={search_term_string}\"},\"query-input\":{\"@type\":\"PropertyValueSpecification\",\"valueRequired\":true,\"valueName\":\"search_term_string\"}}],\"inLanguage\":\"fr-FR\"},{\"@type\":\"Organization\",\"@id\":\"https:\/\/boardgeneration.ch\/#organization\",\"name\":\"board generation\",\"url\":\"https:\/\/boardgeneration.ch\/\",\"logo\":{\"@type\":\"ImageObject\",\"inLanguage\":\"fr-FR\",\"@id\":\"https:\/\/boardgeneration.ch\/#\/schema\/logo\/image\/\",\"url\":\"https:\/\/boardgeneration.ch\/wp-content\/uploads\/2019\/01\/bg-logo_mit_Text.png\",\"contentUrl\":\"https:\/\/boardgeneration.ch\/wp-content\/uploads\/2019\/01\/bg-logo_mit_Text.png\",\"width\":1040,\"height\":1155,\"caption\":\"board generation\"},\"image\":{\"@id\":\"https:\/\/boardgeneration.ch\/#\/schema\/logo\/image\/\"},\"sameAs\":[\"https:\/\/www.facebook.com\/boardgeneration.ch\",\"https:\/\/x.com\/boardgen\",\"https:\/\/www.instagram.com\/boardgen\/\"]},{\"@type\":\"Person\",\"@id\":\"https:\/\/boardgeneration.ch\/#\/schema\/person\/4727ac7b918c1fd9879a564a16734f2c\",\"name\":\"Pressedienst\",\"image\":{\"@type\":\"ImageObject\",\"inLanguage\":\"fr-FR\",\"@id\":\"https:\/\/boardgeneration.ch\/#\/schema\/person\/image\/\",\"url\":\"https:\/\/boardgeneration.ch\/wp-content\/uploads\/2019\/10\/Pile-of-letters-96x96.jpg\",\"contentUrl\":\"https:\/\/boardgeneration.ch\/wp-content\/uploads\/2019\/10\/Pile-of-letters-96x96.jpg\",\"caption\":\"Pressedienst\"},\"url\":\"https:\/\/boardgeneration.ch\/fr\/author\/pressedienst\/\"}]}<\/script>\n<!-- \/ Yoast SEO plugin. -->","yoast_head_json":{"title":"BIG AIR CHUR 2022 am 21.\/22. Oktober 2022 - Board Generation","robots":{"index":"index","follow":"follow","max-snippet":"max-snippet:-1","max-image-preview":"max-image-preview:large","max-video-preview":"max-video-preview:-1"},"canonical":"https:\/\/boardgeneration.ch\/fr\/big-air-chur-2022-am-21-22-oktober-2022\/","og_locale":"fr_FR","og_type":"article","og_title":"BIG AIR CHUR 2022 am 21.\/22. Oktober 2022 - Board Generation","og_description":"Zum zweiten Mal l\u00e4utet das Festival BIG AIR CHUR die Wintersaison der Freestyler ein. Beim FIS Weltcup-Auftakt gibt es Big Air im Doppelpack: Freeski am 21.10.2022, Snowboard am 22.10.2022, dotiert mit 110&#8217;000 CHF Preisgeld. Frauen und M\u00e4nner zeigen atemberaubende Tricks vom 40 Meter hohen Stahlmonster und landen mit ihren Brettern easy im Schnee. Dazu gibt [&hellip;]","og_url":"https:\/\/boardgeneration.ch\/fr\/big-air-chur-2022-am-21-22-oktober-2022\/","og_site_name":"Board Generation","article_publisher":"https:\/\/www.facebook.com\/boardgeneration.ch","article_published_time":"2022-09-30T22:12:00+00:00","article_modified_time":"2022-09-30T22:12:18+00:00","og_image":[{"width":2560,"height":1707,"url":"https:\/\/boardgeneration.ch\/wp-content\/uploads\/2022\/09\/BIGAIR_Chur_21_GASSER_Anna_by_Stadler_15048-scaled.jpg","type":"image\/jpeg"}],"author":"Pressedienst","twitter_card":"summary_large_image","twitter_creator":"@boardgen","twitter_site":"@boardgen","twitter_misc":{"\u00c9crit par":"Pressedienst","Dur\u00e9e de lecture estim\u00e9e":"2 minutes"},"schema":{"@context":"https:\/\/schema.org","@graph":[{"@type":"Article","@id":"https:\/\/boardgeneration.ch\/big-air-chur-2022-am-21-22-oktober-2022\/#article","isPartOf":{"@id":"https:\/\/boardgeneration.ch\/big-air-chur-2022-am-21-22-oktober-2022\/"},"author":{"name":"Pressedienst","@id":"https:\/\/boardgeneration.ch\/#\/schema\/person\/4727ac7b918c1fd9879a564a16734f2c"},"headline":"BIG AIR CHUR 2022 am 21.\/22. Oktober 2022","datePublished":"2022-09-30T22:12:00+00:00","dateModified":"2022-09-30T22:12:18+00:00","mainEntityOfPage":{"@id":"https:\/\/boardgeneration.ch\/big-air-chur-2022-am-21-22-oktober-2022\/"},"wordCount":350,"commentCount":0,"publisher":{"@id":"https:\/\/boardgeneration.ch\/#organization"},"image":{"@id":"https:\/\/boardgeneration.ch\/big-air-chur-2022-am-21-22-oktober-2022\/#primaryimage"},"thumbnailUrl":"https:\/\/boardgeneration.ch\/wp-content\/uploads\/2022\/09\/BIGAIR_Chur_21_GASSER_Anna_by_Stadler_15048-scaled.jpg","keywords":["bigairchur","Snowboard","Snowboarder","womeninsnowboarding"],"articleSection":["event"],"inLanguage":"fr-FR","potentialAction":[{"@type":"CommentAction","name":"Comment","target":["https:\/\/boardgeneration.ch\/big-air-chur-2022-am-21-22-oktober-2022\/#respond"]}]},{"@type":"WebPage","@id":"https:\/\/boardgeneration.ch\/big-air-chur-2022-am-21-22-oktober-2022\/","url":"https:\/\/boardgeneration.ch\/big-air-chur-2022-am-21-22-oktober-2022\/","name":"BIG AIR CHUR 2022 am 21.\/22. Oktober 2022 - Board Generation","isPartOf":{"@id":"https:\/\/boardgeneration.ch\/#website"},"primaryImageOfPage":{"@id":"https:\/\/boardgeneration.ch\/big-air-chur-2022-am-21-22-oktober-2022\/#primaryimage"},"image":{"@id":"https:\/\/boardgeneration.ch\/big-air-chur-2022-am-21-22-oktober-2022\/#primaryimage"},"thumbnailUrl":"https:\/\/boardgeneration.ch\/wp-content\/uploads\/2022\/09\/BIGAIR_Chur_21_GASSER_Anna_by_Stadler_15048-scaled.jpg","datePublished":"2022-09-30T22:12:00+00:00","dateModified":"2022-09-30T22:12:18+00:00","breadcrumb":{"@id":"https:\/\/boardgeneration.ch\/big-air-chur-2022-am-21-22-oktober-2022\/#breadcrumb"},"inLanguage":"fr-FR","potentialAction":[{"@type":"ReadAction","target":["https:\/\/boardgeneration.ch\/big-air-chur-2022-am-21-22-oktober-2022\/"]}]},{"@type":"ImageObject","inLanguage":"fr-FR","@id":"https:\/\/boardgeneration.ch\/big-air-chur-2022-am-21-22-oktober-2022\/#primaryimage","url":"https:\/\/boardgeneration.ch\/wp-content\/uploads\/2022\/09\/BIGAIR_Chur_21_GASSER_Anna_by_Stadler_15048-scaled.jpg","contentUrl":"https:\/\/boardgeneration.ch\/wp-content\/uploads\/2022\/09\/BIGAIR_Chur_21_GASSER_Anna_by_Stadler_15048-scaled.jpg","width":2560,"height":1707},{"@type":"BreadcrumbList","@id":"https:\/\/boardgeneration.ch\/big-air-chur-2022-am-21-22-oktober-2022\/#breadcrumb","itemListElement":[{"@type":"ListItem","position":1,"name":"Startseite","item":"https:\/\/boardgeneration.ch\/"},{"@type":"ListItem","position":2,"name":"BIG AIR CHUR 2022 am 21.\/22. Oktober 2022"}]},{"@type":"WebSite","@id":"https:\/\/boardgeneration.ch\/#website","url":"https:\/\/boardgeneration.ch\/","name":"g\u00e9n\u00e9ration de conseils","description":"Retour aux sources","publisher":{"@id":"https:\/\/boardgeneration.ch\/#organization"},"potentialAction":[{"@type":"SearchAction","target":{"@type":"EntryPoint","urlTemplate":"https:\/\/boardgeneration.ch\/?s={search_term_string}"},"query-input":{"@type":"PropertyValueSpecification","valueRequired":true,"valueName":"search_term_string"}}],"inLanguage":"fr-FR"},{"@type":"Organization","@id":"https:\/\/boardgeneration.ch\/#organization","name":"g\u00e9n\u00e9ration de conseils","url":"https:\/\/boardgeneration.ch\/","logo":{"@type":"ImageObject","inLanguage":"fr-FR","@id":"https:\/\/boardgeneration.ch\/#\/schema\/logo\/image\/","url":"https:\/\/boardgeneration.ch\/wp-content\/uploads\/2019\/01\/bg-logo_mit_Text.png","contentUrl":"https:\/\/boardgeneration.ch\/wp-content\/uploads\/2019\/01\/bg-logo_mit_Text.png","width":1040,"height":1155,"caption":"board generation"},"image":{"@id":"https:\/\/boardgeneration.ch\/#\/schema\/logo\/image\/"},"sameAs":["https:\/\/www.facebook.com\/boardgeneration.ch","https:\/\/x.com\/boardgen","https:\/\/www.instagram.com\/boardgen\/"]},{"@type":"Person","@id":"https:\/\/boardgeneration.ch\/#\/schema\/person\/4727ac7b918c1fd9879a564a16734f2c","name":"Service de presse","image":{"@type":"ImageObject","inLanguage":"fr-FR","@id":"https:\/\/boardgeneration.ch\/#\/schema\/person\/image\/","url":"https:\/\/boardgeneration.ch\/wp-content\/uploads\/2019\/10\/Pile-of-letters-96x96.jpg","contentUrl":"https:\/\/boardgeneration.ch\/wp-content\/uploads\/2019\/10\/Pile-of-letters-96x96.jpg","caption":"Pressedienst"},"url":"https:\/\/boardgeneration.ch\/fr\/author\/pressedienst\/"}]}},"jetpack_featured_media_url":"https:\/\/boardgeneration.ch\/wp-content\/uploads\/2022\/09\/BIGAIR_Chur_21_GASSER_Anna_by_Stadler_15048-scaled.jpg","jetpack_sharing_enabled":true,"amp_enabled":true,"_links":{"self":[{"href":"https:\/\/boardgeneration.ch\/fr\/wp-json\/wp\/v2\/posts\/6207","targetHints":{"allow":["GET"]}}],"collection":[{"href":"https:\/\/boardgeneration.ch\/fr\/wp-json\/wp\/v2\/posts"}],"about":[{"href":"https:\/\/boardgeneration.ch\/fr\/wp-json\/wp\/v2\/types\/post"}],"author":[{"embeddable":true,"href":"https:\/\/boardgeneration.ch\/fr\/wp-json\/wp\/v2\/users\/3"}],"replies":[{"embeddable":true,"href":"https:\/\/boardgeneration.ch\/fr\/wp-json\/wp\/v2\/comments?post=6207"}],"version-history":[{"count":2,"href":"https:\/\/boardgeneration.ch\/fr\/wp-json\/wp\/v2\/posts\/6207\/revisions"}],"predecessor-version":[{"id":6210,"href":"https:\/\/boardgeneration.ch\/fr\/wp-json\/wp\/v2\/posts\/6207\/revisions\/6210"}],"wp:featuredmedia":[{"embeddable":true,"href":"https:\/\/boardgeneration.ch\/fr\/wp-json\/wp\/v2\/media\/6206"}],"wp:attachment":[{"href":"https:\/\/boardgeneration.ch\/fr\/wp-json\/wp\/v2\/media?parent=6207"}],"wp:term":[{"taxonomy":"category","embeddable":true,"href":"https:\/\/boardgeneration.ch\/fr\/wp-json\/wp\/v2\/categories?post=6207"},{"taxonomy":"post_tag","embeddable":true,"href":"https:\/\/boardgeneration.ch\/fr\/wp-json\/wp\/v2\/tags?post=6207"}],"curies":[{"name":"wp","href":"https:\/\/api.w.org\/{rel}","templated":true}]}}