{"id":6483,"date":"2022-12-05T23:35:53","date_gmt":"2022-12-05T22:35:53","guid":{"rendered":"https:\/\/boardgeneration.ch\/?p=6483"},"modified":"2023-01-17T23:39:04","modified_gmt":"2023-01-17T22:39:04","slug":"10-jahre-snowboard-world-cup-silvaplana","status":"publish","type":"post","link":"https:\/\/boardgeneration.ch\/fr\/10-jahre-snowboard-world-cup-silvaplana\/","title":{"rendered":"10 ans de Coupe du monde de snowboard \u00e0 Silvaplana"},"content":{"rendered":"<span class=\"span-reading-time rt-reading-time\" style=\"display: block;\"><span class=\"rt-label rt-prefix\">Le temps de la lecture : <\/span> <span class=\"rt-time\"> &lt; 1<\/span> <span class=\"rt-label rt-postfix\">Proc\u00e8s-verbal<\/span><\/span>\n<p><strong>La FREESKI &amp; SNOWBOARD WORLD CUP CORVATSCH SILVAPLANA f\u00eatera son dixi\u00e8me anniversaire du 23 au 26 mars 2023<\/strong><\/p>\n\n\n\n<p>L'organisateur h\u00f4te, Corvatsch AG, a le plaisir d'annoncer les dates du <strong>Coupe du monde FIS de freeski et de snowboard \u00e0 Silvaplana<\/strong> pr\u00e8s de St. Moritz, en Suisse. L'\u00e9v\u00e9nement aura lieu pour la dixi\u00e8me fois en 2023. L'\u00e9dition anniversaire est dat\u00e9e du 23 au 26 mars 2023.<\/p>\n\n\n\n<figure class=\"wp-block-image size-large\"><img loading=\"lazy\" decoding=\"async\" width=\"1024\" height=\"681\" data-attachment-id=\"6482\" data-permalink=\"https:\/\/boardgeneration.ch\/fr\/corvatsch_2022_sb_roisland_mons_by_stadler_6369\/\" data-orig-file=\"https:\/\/boardgeneration.ch\/wp-content\/uploads\/2023\/01\/CORVATSCH_2022_SB_ROISLAND_Mons_by_Stadler_6369-scaled.jpg\" data-orig-size=\"2560,1703\" data-comments-opened=\"1\" data-image-meta=\"{&quot;aperture&quot;:&quot;0&quot;,&quot;credit&quot;:&quot;&quot;,&quot;camera&quot;:&quot;&quot;,&quot;caption&quot;:&quot;&quot;,&quot;created_timestamp&quot;:&quot;0&quot;,&quot;copyright&quot;:&quot;&quot;,&quot;focal_length&quot;:&quot;0&quot;,&quot;iso&quot;:&quot;0&quot;,&quot;shutter_speed&quot;:&quot;0&quot;,&quot;title&quot;:&quot;&quot;,&quot;orientation&quot;:&quot;0&quot;}\" data-image-title=\"CORVATSCH_2022_SB_ROISLAND_Mons_by_Stadler_6369\" data-image-description=\"\" data-image-caption=\"\" data-medium-file=\"https:\/\/boardgeneration.ch\/wp-content\/uploads\/2023\/01\/CORVATSCH_2022_SB_ROISLAND_Mons_by_Stadler_6369-300x200.jpg\" data-large-file=\"https:\/\/boardgeneration.ch\/wp-content\/uploads\/2023\/01\/CORVATSCH_2022_SB_ROISLAND_Mons_by_Stadler_6369-1024x681.jpg\" src=\"https:\/\/boardgeneration.ch\/wp-content\/uploads\/2023\/01\/CORVATSCH_2022_SB_ROISLAND_Mons_by_Stadler_6369-1024x681.jpg\" alt=\"\" class=\"wp-image-6482\" srcset=\"https:\/\/boardgeneration.ch\/wp-content\/uploads\/2023\/01\/CORVATSCH_2022_SB_ROISLAND_Mons_by_Stadler_6369-1024x681.jpg 1024w, https:\/\/boardgeneration.ch\/wp-content\/uploads\/2023\/01\/CORVATSCH_2022_SB_ROISLAND_Mons_by_Stadler_6369-300x200.jpg 300w, https:\/\/boardgeneration.ch\/wp-content\/uploads\/2023\/01\/CORVATSCH_2022_SB_ROISLAND_Mons_by_Stadler_6369-768x511.jpg 768w, https:\/\/boardgeneration.ch\/wp-content\/uploads\/2023\/01\/CORVATSCH_2022_SB_ROISLAND_Mons_by_Stadler_6369-1536x1022.jpg 1536w, https:\/\/boardgeneration.ch\/wp-content\/uploads\/2023\/01\/CORVATSCH_2022_SB_ROISLAND_Mons_by_Stadler_6369-2048x1363.jpg 2048w, https:\/\/boardgeneration.ch\/wp-content\/uploads\/2023\/01\/CORVATSCH_2022_SB_ROISLAND_Mons_by_Stadler_6369-18x12.jpg 18w\" sizes=\"auto, (max-width: 1024px) 100vw, 1024px\" \/><figcaption><span class=\"media-credit\">\u00a9 by Stadler<\/span><\/figcaption><\/figure>\n\n\n\n<p><strong>10 ans, \u00e7a se f\u00eate !<\/strong> Alors que les freeskieurs sont invit\u00e9s depuis une d\u00e9cennie, les snowboarders ne les ont rejoints qu'en 2021. Des performances freestyle de grande qualit\u00e9 se m\u00ealeront fin mars \u00e0 la musique live de Patrick Burgener et des Delinquent Habits. En plus du prize money de 110 000 CHF, la finale de la Coupe du monde sera \u00e9galement l'occasion de d\u00e9crocher les globes de cristal pour les meilleurs riders de toute la saison.<br>Kobi W\u00fcrsch et son \u00e9quipe du Corvatsch Park sont connus pour le design unique des parcours de slopestyle qu'ils cr\u00e9ent pour la Coupe du monde. Pour avoir d\u00e9j\u00e0 une id\u00e9e de la configuration du park de cette ann\u00e9e, les <strong>Journ\u00e9es de progression<\/strong> dans le Corvatsch Park sont exactement ce qu'il faut. Elles durent jusqu'au 18 d\u00e9cembre 2022 et offrent des conditions parfaites aux riders de classe mondiale ainsi qu'aux freestylers ambitieux.<br>La Freeski &amp; Snowboard World Cup Corvatsch Silvaplana est l'une des nombreuses coupes du monde qui se d\u00e9rouleront cet hiver dans la r\u00e9gion et qui mettront l'accent sur les <strong>2025 Championnats du monde FIS de freestyle en Engadine<\/strong> vers le haut.<\/p>","protected":false},"excerpt":{"rendered":"<p>FREESKI &amp; SNOWBOARD WORLD CUP CORVATSCH SILVAPLANA feiert vom 23.-26. M\u00e4rz 2023 zehnj\u00e4hriges Jubil\u00e4um Die gastgebende Veranstalterin Corvatsch AG freut sich die Daten f\u00fcr den FIS Freeski &amp; Snowboard World Cup in Silvaplana bei St. Moritz, Schweiz, bekannt zu geben. Der Event findet 2023 zum zehnten Mal statt. Die Jubil\u00e4umsausgabe ist auf den 23.-26. M\u00e4rz [&hellip;]<\/p>\n","protected":false},"author":4,"featured_media":6481,"comment_status":"open","ping_status":"open","sticky":false,"template":"","format":"standard","meta":{"_jetpack_memberships_contains_paid_content":false,"footnotes":""},"categories":[12],"tags":[30750,11719,11723,11686,32182],"class_list":["post-6483","post","type-post","status-publish","format-standard","has-post-thumbnail","hentry","category-event","tag-contest","tag-event","tag-slopestyle","tag-snowboard","tag-snowboarder"],"yoast_head":"<!-- This site is optimized with the Yoast SEO plugin v26.8 - https:\/\/yoast.com\/product\/yoast-seo-wordpress\/ -->\n<title>10 Jahre Snowboard World Cup Silvaplana - Board Generation<\/title>\n<meta name=\"robots\" content=\"index, follow, max-snippet:-1, max-image-preview:large, max-video-preview:-1\" \/>\n<link rel=\"canonical\" href=\"https:\/\/boardgeneration.ch\/fr\/10-jahre-snowboard-world-cup-silvaplana\/\" \/>\n<meta property=\"og:locale\" content=\"fr_FR\" \/>\n<meta property=\"og:type\" content=\"article\" \/>\n<meta property=\"og:title\" content=\"10 Jahre Snowboard World Cup Silvaplana - Board Generation\" \/>\n<meta property=\"og:description\" content=\"FREESKI &amp; SNOWBOARD WORLD CUP CORVATSCH SILVAPLANA feiert vom 23.-26. M\u00e4rz 2023 zehnj\u00e4hriges Jubil\u00e4um Die gastgebende Veranstalterin Corvatsch AG freut sich die Daten f\u00fcr den FIS Freeski &amp; Snowboard World Cup in Silvaplana bei St. Moritz, Schweiz, bekannt zu geben. Der Event findet 2023 zum zehnten Mal statt. Die Jubil\u00e4umsausgabe ist auf den 23.-26. M\u00e4rz [&hellip;]\" \/>\n<meta property=\"og:url\" content=\"https:\/\/boardgeneration.ch\/fr\/10-jahre-snowboard-world-cup-silvaplana\/\" \/>\n<meta property=\"og:site_name\" content=\"Board Generation\" \/>\n<meta property=\"article:publisher\" content=\"https:\/\/www.facebook.com\/boardgeneration.ch\" \/>\n<meta property=\"article:published_time\" content=\"2022-12-05T22:35:53+00:00\" \/>\n<meta property=\"article:modified_time\" content=\"2023-01-17T22:39:04+00:00\" \/>\n<meta property=\"og:image\" content=\"https:\/\/boardgeneration.ch\/wp-content\/uploads\/2023\/01\/CORVATSCH_2022_SB_GASSER_Anna_by_Zimmermann-4615-scaled.jpg\" \/>\n\t<meta property=\"og:image:width\" content=\"2560\" \/>\n\t<meta property=\"og:image:height\" content=\"1707\" \/>\n\t<meta property=\"og:image:type\" content=\"image\/jpeg\" \/>\n<meta name=\"author\" content=\"Redaktion\" \/>\n<meta name=\"twitter:card\" content=\"summary_large_image\" \/>\n<meta name=\"twitter:creator\" content=\"@boardgen\" \/>\n<meta name=\"twitter:site\" content=\"@boardgen\" \/>\n<meta name=\"twitter:label1\" content=\"\u00c9crit par\" \/>\n\t<meta name=\"twitter:data1\" content=\"Redaktion\" \/>\n\t<meta name=\"twitter:label2\" content=\"Dur\u00e9e de lecture estim\u00e9e\" \/>\n\t<meta name=\"twitter:data2\" content=\"2 minutes\" \/>\n<script type=\"application\/ld+json\" class=\"yoast-schema-graph\">{\"@context\":\"https:\/\/schema.org\",\"@graph\":[{\"@type\":\"Article\",\"@id\":\"https:\/\/boardgeneration.ch\/10-jahre-snowboard-world-cup-silvaplana\/#article\",\"isPartOf\":{\"@id\":\"https:\/\/boardgeneration.ch\/10-jahre-snowboard-world-cup-silvaplana\/\"},\"author\":{\"name\":\"Redaktion\",\"@id\":\"https:\/\/boardgeneration.ch\/#\/schema\/person\/ff761d182d5001e318f70819ad955738\"},\"headline\":\"10 Jahre Snowboard World Cup Silvaplana\",\"datePublished\":\"2022-12-05T22:35:53+00:00\",\"dateModified\":\"2023-01-17T22:39:04+00:00\",\"mainEntityOfPage\":{\"@id\":\"https:\/\/boardgeneration.ch\/10-jahre-snowboard-world-cup-silvaplana\/\"},\"wordCount\":226,\"commentCount\":0,\"publisher\":{\"@id\":\"https:\/\/boardgeneration.ch\/#organization\"},\"image\":{\"@id\":\"https:\/\/boardgeneration.ch\/10-jahre-snowboard-world-cup-silvaplana\/#primaryimage\"},\"thumbnailUrl\":\"https:\/\/boardgeneration.ch\/wp-content\/uploads\/2023\/01\/CORVATSCH_2022_SB_GASSER_Anna_by_Zimmermann-4615-scaled.jpg\",\"keywords\":[\"Contest\",\"Event\",\"Slopestyle\",\"Snowboard\",\"Snowboarder\"],\"articleSection\":[\"event\"],\"inLanguage\":\"fr-FR\",\"potentialAction\":[{\"@type\":\"CommentAction\",\"name\":\"Comment\",\"target\":[\"https:\/\/boardgeneration.ch\/10-jahre-snowboard-world-cup-silvaplana\/#respond\"]}]},{\"@type\":\"WebPage\",\"@id\":\"https:\/\/boardgeneration.ch\/10-jahre-snowboard-world-cup-silvaplana\/\",\"url\":\"https:\/\/boardgeneration.ch\/10-jahre-snowboard-world-cup-silvaplana\/\",\"name\":\"10 Jahre Snowboard World Cup Silvaplana - Board Generation\",\"isPartOf\":{\"@id\":\"https:\/\/boardgeneration.ch\/#website\"},\"primaryImageOfPage\":{\"@id\":\"https:\/\/boardgeneration.ch\/10-jahre-snowboard-world-cup-silvaplana\/#primaryimage\"},\"image\":{\"@id\":\"https:\/\/boardgeneration.ch\/10-jahre-snowboard-world-cup-silvaplana\/#primaryimage\"},\"thumbnailUrl\":\"https:\/\/boardgeneration.ch\/wp-content\/uploads\/2023\/01\/CORVATSCH_2022_SB_GASSER_Anna_by_Zimmermann-4615-scaled.jpg\",\"datePublished\":\"2022-12-05T22:35:53+00:00\",\"dateModified\":\"2023-01-17T22:39:04+00:00\",\"breadcrumb\":{\"@id\":\"https:\/\/boardgeneration.ch\/10-jahre-snowboard-world-cup-silvaplana\/#breadcrumb\"},\"inLanguage\":\"fr-FR\",\"potentialAction\":[{\"@type\":\"ReadAction\",\"target\":[\"https:\/\/boardgeneration.ch\/10-jahre-snowboard-world-cup-silvaplana\/\"]}]},{\"@type\":\"ImageObject\",\"inLanguage\":\"fr-FR\",\"@id\":\"https:\/\/boardgeneration.ch\/10-jahre-snowboard-world-cup-silvaplana\/#primaryimage\",\"url\":\"https:\/\/boardgeneration.ch\/wp-content\/uploads\/2023\/01\/CORVATSCH_2022_SB_GASSER_Anna_by_Zimmermann-4615-scaled.jpg\",\"contentUrl\":\"https:\/\/boardgeneration.ch\/wp-content\/uploads\/2023\/01\/CORVATSCH_2022_SB_GASSER_Anna_by_Zimmermann-4615-scaled.jpg\",\"width\":2560,\"height\":1707},{\"@type\":\"BreadcrumbList\",\"@id\":\"https:\/\/boardgeneration.ch\/10-jahre-snowboard-world-cup-silvaplana\/#breadcrumb\",\"itemListElement\":[{\"@type\":\"ListItem\",\"position\":1,\"name\":\"Startseite\",\"item\":\"https:\/\/boardgeneration.ch\/\"},{\"@type\":\"ListItem\",\"position\":2,\"name\":\"10 Jahre Snowboard World Cup Silvaplana\"}]},{\"@type\":\"WebSite\",\"@id\":\"https:\/\/boardgeneration.ch\/#website\",\"url\":\"https:\/\/boardgeneration.ch\/\",\"name\":\"board generation\",\"description\":\"Back to the Roots\",\"publisher\":{\"@id\":\"https:\/\/boardgeneration.ch\/#organization\"},\"potentialAction\":[{\"@type\":\"SearchAction\",\"target\":{\"@type\":\"EntryPoint\",\"urlTemplate\":\"https:\/\/boardgeneration.ch\/?s={search_term_string}\"},\"query-input\":{\"@type\":\"PropertyValueSpecification\",\"valueRequired\":true,\"valueName\":\"search_term_string\"}}],\"inLanguage\":\"fr-FR\"},{\"@type\":\"Organization\",\"@id\":\"https:\/\/boardgeneration.ch\/#organization\",\"name\":\"board generation\",\"url\":\"https:\/\/boardgeneration.ch\/\",\"logo\":{\"@type\":\"ImageObject\",\"inLanguage\":\"fr-FR\",\"@id\":\"https:\/\/boardgeneration.ch\/#\/schema\/logo\/image\/\",\"url\":\"https:\/\/boardgeneration.ch\/wp-content\/uploads\/2019\/01\/bg-logo_mit_Text.png\",\"contentUrl\":\"https:\/\/boardgeneration.ch\/wp-content\/uploads\/2019\/01\/bg-logo_mit_Text.png\",\"width\":1040,\"height\":1155,\"caption\":\"board generation\"},\"image\":{\"@id\":\"https:\/\/boardgeneration.ch\/#\/schema\/logo\/image\/\"},\"sameAs\":[\"https:\/\/www.facebook.com\/boardgeneration.ch\",\"https:\/\/x.com\/boardgen\",\"https:\/\/www.instagram.com\/boardgen\/\"]},{\"@type\":\"Person\",\"@id\":\"https:\/\/boardgeneration.ch\/#\/schema\/person\/ff761d182d5001e318f70819ad955738\",\"name\":\"Redaktion\",\"image\":{\"@type\":\"ImageObject\",\"inLanguage\":\"fr-FR\",\"@id\":\"https:\/\/boardgeneration.ch\/#\/schema\/person\/image\/\",\"url\":\"https:\/\/boardgeneration.ch\/wp-content\/uploads\/2019\/01\/bg-logo_mit_Text_100x100-96x96.png\",\"contentUrl\":\"https:\/\/boardgeneration.ch\/wp-content\/uploads\/2019\/01\/bg-logo_mit_Text_100x100-96x96.png\",\"caption\":\"Redaktion\"},\"url\":\"https:\/\/boardgeneration.ch\/fr\/author\/redaktion\/\"}]}<\/script>\n<!-- \/ Yoast SEO plugin. -->","yoast_head_json":{"title":"10 Jahre Snowboard World Cup Silvaplana - Board Generation","robots":{"index":"index","follow":"follow","max-snippet":"max-snippet:-1","max-image-preview":"max-image-preview:large","max-video-preview":"max-video-preview:-1"},"canonical":"https:\/\/boardgeneration.ch\/fr\/10-jahre-snowboard-world-cup-silvaplana\/","og_locale":"fr_FR","og_type":"article","og_title":"10 Jahre Snowboard World Cup Silvaplana - Board Generation","og_description":"FREESKI &amp; SNOWBOARD WORLD CUP CORVATSCH SILVAPLANA feiert vom 23.-26. M\u00e4rz 2023 zehnj\u00e4hriges Jubil\u00e4um Die gastgebende Veranstalterin Corvatsch AG freut sich die Daten f\u00fcr den FIS Freeski &amp; Snowboard World Cup in Silvaplana bei St. Moritz, Schweiz, bekannt zu geben. Der Event findet 2023 zum zehnten Mal statt. Die Jubil\u00e4umsausgabe ist auf den 23.-26. M\u00e4rz [&hellip;]","og_url":"https:\/\/boardgeneration.ch\/fr\/10-jahre-snowboard-world-cup-silvaplana\/","og_site_name":"Board Generation","article_publisher":"https:\/\/www.facebook.com\/boardgeneration.ch","article_published_time":"2022-12-05T22:35:53+00:00","article_modified_time":"2023-01-17T22:39:04+00:00","og_image":[{"width":2560,"height":1707,"url":"https:\/\/boardgeneration.ch\/wp-content\/uploads\/2023\/01\/CORVATSCH_2022_SB_GASSER_Anna_by_Zimmermann-4615-scaled.jpg","type":"image\/jpeg"}],"author":"Redaktion","twitter_card":"summary_large_image","twitter_creator":"@boardgen","twitter_site":"@boardgen","twitter_misc":{"\u00c9crit par":"Redaktion","Dur\u00e9e de lecture estim\u00e9e":"2 minutes"},"schema":{"@context":"https:\/\/schema.org","@graph":[{"@type":"Article","@id":"https:\/\/boardgeneration.ch\/10-jahre-snowboard-world-cup-silvaplana\/#article","isPartOf":{"@id":"https:\/\/boardgeneration.ch\/10-jahre-snowboard-world-cup-silvaplana\/"},"author":{"name":"Redaktion","@id":"https:\/\/boardgeneration.ch\/#\/schema\/person\/ff761d182d5001e318f70819ad955738"},"headline":"10 Jahre Snowboard World Cup Silvaplana","datePublished":"2022-12-05T22:35:53+00:00","dateModified":"2023-01-17T22:39:04+00:00","mainEntityOfPage":{"@id":"https:\/\/boardgeneration.ch\/10-jahre-snowboard-world-cup-silvaplana\/"},"wordCount":226,"commentCount":0,"publisher":{"@id":"https:\/\/boardgeneration.ch\/#organization"},"image":{"@id":"https:\/\/boardgeneration.ch\/10-jahre-snowboard-world-cup-silvaplana\/#primaryimage"},"thumbnailUrl":"https:\/\/boardgeneration.ch\/wp-content\/uploads\/2023\/01\/CORVATSCH_2022_SB_GASSER_Anna_by_Zimmermann-4615-scaled.jpg","keywords":["Contest","Event","Slopestyle","Snowboard","Snowboarder"],"articleSection":["event"],"inLanguage":"fr-FR","potentialAction":[{"@type":"CommentAction","name":"Comment","target":["https:\/\/boardgeneration.ch\/10-jahre-snowboard-world-cup-silvaplana\/#respond"]}]},{"@type":"WebPage","@id":"https:\/\/boardgeneration.ch\/10-jahre-snowboard-world-cup-silvaplana\/","url":"https:\/\/boardgeneration.ch\/10-jahre-snowboard-world-cup-silvaplana\/","name":"10 Jahre Snowboard World Cup Silvaplana - Board Generation","isPartOf":{"@id":"https:\/\/boardgeneration.ch\/#website"},"primaryImageOfPage":{"@id":"https:\/\/boardgeneration.ch\/10-jahre-snowboard-world-cup-silvaplana\/#primaryimage"},"image":{"@id":"https:\/\/boardgeneration.ch\/10-jahre-snowboard-world-cup-silvaplana\/#primaryimage"},"thumbnailUrl":"https:\/\/boardgeneration.ch\/wp-content\/uploads\/2023\/01\/CORVATSCH_2022_SB_GASSER_Anna_by_Zimmermann-4615-scaled.jpg","datePublished":"2022-12-05T22:35:53+00:00","dateModified":"2023-01-17T22:39:04+00:00","breadcrumb":{"@id":"https:\/\/boardgeneration.ch\/10-jahre-snowboard-world-cup-silvaplana\/#breadcrumb"},"inLanguage":"fr-FR","potentialAction":[{"@type":"ReadAction","target":["https:\/\/boardgeneration.ch\/10-jahre-snowboard-world-cup-silvaplana\/"]}]},{"@type":"ImageObject","inLanguage":"fr-FR","@id":"https:\/\/boardgeneration.ch\/10-jahre-snowboard-world-cup-silvaplana\/#primaryimage","url":"https:\/\/boardgeneration.ch\/wp-content\/uploads\/2023\/01\/CORVATSCH_2022_SB_GASSER_Anna_by_Zimmermann-4615-scaled.jpg","contentUrl":"https:\/\/boardgeneration.ch\/wp-content\/uploads\/2023\/01\/CORVATSCH_2022_SB_GASSER_Anna_by_Zimmermann-4615-scaled.jpg","width":2560,"height":1707},{"@type":"BreadcrumbList","@id":"https:\/\/boardgeneration.ch\/10-jahre-snowboard-world-cup-silvaplana\/#breadcrumb","itemListElement":[{"@type":"ListItem","position":1,"name":"Startseite","item":"https:\/\/boardgeneration.ch\/"},{"@type":"ListItem","position":2,"name":"10 Jahre Snowboard World Cup Silvaplana"}]},{"@type":"WebSite","@id":"https:\/\/boardgeneration.ch\/#website","url":"https:\/\/boardgeneration.ch\/","name":"g\u00e9n\u00e9ration de conseils","description":"Retour aux sources","publisher":{"@id":"https:\/\/boardgeneration.ch\/#organization"},"potentialAction":[{"@type":"SearchAction","target":{"@type":"EntryPoint","urlTemplate":"https:\/\/boardgeneration.ch\/?s={search_term_string}"},"query-input":{"@type":"PropertyValueSpecification","valueRequired":true,"valueName":"search_term_string"}}],"inLanguage":"fr-FR"},{"@type":"Organization","@id":"https:\/\/boardgeneration.ch\/#organization","name":"g\u00e9n\u00e9ration de conseils","url":"https:\/\/boardgeneration.ch\/","logo":{"@type":"ImageObject","inLanguage":"fr-FR","@id":"https:\/\/boardgeneration.ch\/#\/schema\/logo\/image\/","url":"https:\/\/boardgeneration.ch\/wp-content\/uploads\/2019\/01\/bg-logo_mit_Text.png","contentUrl":"https:\/\/boardgeneration.ch\/wp-content\/uploads\/2019\/01\/bg-logo_mit_Text.png","width":1040,"height":1155,"caption":"board generation"},"image":{"@id":"https:\/\/boardgeneration.ch\/#\/schema\/logo\/image\/"},"sameAs":["https:\/\/www.facebook.com\/boardgeneration.ch","https:\/\/x.com\/boardgen","https:\/\/www.instagram.com\/boardgen\/"]},{"@type":"Person","@id":"https:\/\/boardgeneration.ch\/#\/schema\/person\/ff761d182d5001e318f70819ad955738","name":"Bureau de la r\u00e9daction","image":{"@type":"ImageObject","inLanguage":"fr-FR","@id":"https:\/\/boardgeneration.ch\/#\/schema\/person\/image\/","url":"https:\/\/boardgeneration.ch\/wp-content\/uploads\/2019\/01\/bg-logo_mit_Text_100x100-96x96.png","contentUrl":"https:\/\/boardgeneration.ch\/wp-content\/uploads\/2019\/01\/bg-logo_mit_Text_100x100-96x96.png","caption":"Redaktion"},"url":"https:\/\/boardgeneration.ch\/fr\/author\/redaktion\/"}]}},"jetpack_featured_media_url":"https:\/\/boardgeneration.ch\/wp-content\/uploads\/2023\/01\/CORVATSCH_2022_SB_GASSER_Anna_by_Zimmermann-4615-scaled.jpg","jetpack_sharing_enabled":true,"amp_enabled":true,"_links":{"self":[{"href":"https:\/\/boardgeneration.ch\/fr\/wp-json\/wp\/v2\/posts\/6483","targetHints":{"allow":["GET"]}}],"collection":[{"href":"https:\/\/boardgeneration.ch\/fr\/wp-json\/wp\/v2\/posts"}],"about":[{"href":"https:\/\/boardgeneration.ch\/fr\/wp-json\/wp\/v2\/types\/post"}],"author":[{"embeddable":true,"href":"https:\/\/boardgeneration.ch\/fr\/wp-json\/wp\/v2\/users\/4"}],"replies":[{"embeddable":true,"href":"https:\/\/boardgeneration.ch\/fr\/wp-json\/wp\/v2\/comments?post=6483"}],"version-history":[{"count":1,"href":"https:\/\/boardgeneration.ch\/fr\/wp-json\/wp\/v2\/posts\/6483\/revisions"}],"predecessor-version":[{"id":6484,"href":"https:\/\/boardgeneration.ch\/fr\/wp-json\/wp\/v2\/posts\/6483\/revisions\/6484"}],"wp:featuredmedia":[{"embeddable":true,"href":"https:\/\/boardgeneration.ch\/fr\/wp-json\/wp\/v2\/media\/6481"}],"wp:attachment":[{"href":"https:\/\/boardgeneration.ch\/fr\/wp-json\/wp\/v2\/media?parent=6483"}],"wp:term":[{"taxonomy":"category","embeddable":true,"href":"https:\/\/boardgeneration.ch\/fr\/wp-json\/wp\/v2\/categories?post=6483"},{"taxonomy":"post_tag","embeddable":true,"href":"https:\/\/boardgeneration.ch\/fr\/wp-json\/wp\/v2\/tags?post=6483"}],"curies":[{"name":"wp","href":"https:\/\/api.w.org\/{rel}","templated":true}]}}