{"id":7335,"date":"2023-10-10T12:56:28","date_gmt":"2023-10-10T11:56:28","guid":{"rendered":"https:\/\/boardgeneration.ch\/?p=7335"},"modified":"2024-03-18T13:03:56","modified_gmt":"2024-03-18T12:03:56","slug":"snowboarder-laeuten-beim-hintertux-park-opening-die-saison-ein","status":"publish","type":"post","link":"https:\/\/boardgeneration.ch\/fr\/snowboarder-laeuten-beim-hintertux-park-opening-die-saison-ein\/","title":{"rendered":"Les snowboarders donnent le coup d'envoi de la saison lors de l'ouverture du parc d'Hintertux"},"content":{"rendered":"<span class=\"span-reading-time rt-reading-time\" style=\"display: block;\"><span class=\"rt-label rt-prefix\">Le temps de la lecture : <\/span> <span class=\"rt-time\"> 2<\/span> <span class=\"rt-label rt-postfix\">proc\u00e8s-verbal<\/span><\/span>\n<p>Pour la 19e fois, la communaut\u00e9 du snowboard s'est r\u00e9unie du 6 au 8 octobre 2023 sur le glacier de Hintertux pour participer au <strong>Ouverture du parc de Hintertux en 2023<\/strong> de donner le coup d'envoi de la saison. D\u00e9butants, interm\u00e9diaires et professionnels, dont des noms illustres comme la championne olympique Anna Gasser, se sont tous retrouv\u00e9s pour la premi\u00e8re ouverture du Betterpark Hintertux. Malgr\u00e9 des conditions d'enneigement difficiles, l'\u00e9quipe du parc a fait un travail incroyable et a cr\u00e9\u00e9 une configuration qui a enthousiasm\u00e9 tout le monde. Que ce soit en montagne ou dans la vall\u00e9e, il y avait de l'animation - notamment gr\u00e2ce aux rockeurs de Sempre Caoz, qui ont chauff\u00e9 la foule le samedi soir lors de la Metal Battle. Le Hintertux Park Opening a une nouvelle fois fait ses preuves en tant que point de rencontre de la sc\u00e8ne et Hintertux a prouv\u00e9 que l'hiver y commence tout simplement plus t\u00f4t.<\/p>\n\n\n\n<figure class=\"wp-block-image size-large\"><img loading=\"lazy\" decoding=\"async\" width=\"1024\" height=\"683\" data-attachment-id=\"7338\" data-permalink=\"https:\/\/boardgeneration.ch\/fr\/snowboarder-laeuten-beim-hintertux-park-opening-die-saison-ein\/hpo23_wernis-transfer-games_werni-stock_by-becknaphoto\/\" data-orig-file=\"https:\/\/boardgeneration.ch\/wp-content\/uploads\/2024\/03\/HPO23_Wernis-Transfer-Games_Werni-Stock_by-becknaphoto.jpg\" data-orig-size=\"2000,1334\" data-comments-opened=\"1\" data-image-meta=\"{&quot;aperture&quot;:&quot;6.3&quot;,&quot;credit&quot;:&quot;&quot;,&quot;camera&quot;:&quot;Canon EOS R5&quot;,&quot;caption&quot;:&quot;&quot;,&quot;created_timestamp&quot;:&quot;1696682116&quot;,&quot;copyright&quot;:&quot;&quot;,&quot;focal_length&quot;:&quot;95&quot;,&quot;iso&quot;:&quot;100&quot;,&quot;shutter_speed&quot;:&quot;0.000625&quot;,&quot;title&quot;:&quot;&quot;,&quot;orientation&quot;:&quot;1&quot;}\" data-image-title=\"HPO23_Wernis-Transfer-Games_Werni-Stock_by-becknaphoto\" data-image-description=\"\" data-image-caption=\"\" data-medium-file=\"https:\/\/boardgeneration.ch\/wp-content\/uploads\/2024\/03\/HPO23_Wernis-Transfer-Games_Werni-Stock_by-becknaphoto-300x200.jpg\" data-large-file=\"https:\/\/boardgeneration.ch\/wp-content\/uploads\/2024\/03\/HPO23_Wernis-Transfer-Games_Werni-Stock_by-becknaphoto-1024x683.jpg\" src=\"https:\/\/boardgeneration.ch\/wp-content\/uploads\/2024\/03\/HPO23_Wernis-Transfer-Games_Werni-Stock_by-becknaphoto-1024x683.jpg\" alt=\"\" class=\"wp-image-7338\" srcset=\"https:\/\/boardgeneration.ch\/wp-content\/uploads\/2024\/03\/HPO23_Wernis-Transfer-Games_Werni-Stock_by-becknaphoto-1024x683.jpg 1024w, https:\/\/boardgeneration.ch\/wp-content\/uploads\/2024\/03\/HPO23_Wernis-Transfer-Games_Werni-Stock_by-becknaphoto-300x200.jpg 300w, https:\/\/boardgeneration.ch\/wp-content\/uploads\/2024\/03\/HPO23_Wernis-Transfer-Games_Werni-Stock_by-becknaphoto-768x512.jpg 768w, https:\/\/boardgeneration.ch\/wp-content\/uploads\/2024\/03\/HPO23_Wernis-Transfer-Games_Werni-Stock_by-becknaphoto-1536x1025.jpg 1536w, https:\/\/boardgeneration.ch\/wp-content\/uploads\/2024\/03\/HPO23_Wernis-Transfer-Games_Werni-Stock_by-becknaphoto-18x12.jpg 18w, https:\/\/boardgeneration.ch\/wp-content\/uploads\/2024\/03\/HPO23_Wernis-Transfer-Games_Werni-Stock_by-becknaphoto.jpg 2000w\" sizes=\"auto, (max-width: 1024px) 100vw, 1024px\" \/><figcaption class=\"translation-block\"><span class=\"media-credit\"><a href=\"https:\/\/boardgeneration.ch\/en\/author\/bg_chef\/\" target=\"_self\">Pascal Kesselmark<\/a> | board generation<\/span><\/figcaption><\/figure>\n\n\n\n<p><br><strong>AIRTIME<\/strong> - Le snowboarder professionnel du Zillertal Werni Stock a invit\u00e9 \u00e0 <strong>Jeux de transfert Werni's par Quiksilver<\/strong> une session par \u00e9quipe avec diff\u00e9rents transferts et sauts sur le jump. Un panel vari\u00e9 de riders s'est retrouv\u00e9 dans le park pour s'attaquer \u00e0 cette fonctionnalit\u00e9 en \u00e9quipe. Le jeune norv\u00e9gien Oyvind Kirkhus a \u00e9t\u00e9 l'homme du jour, il a impressionn\u00e9 avec de nombreux tricks techniques, dont toutes les variantes 1440 et 1620, et a remport\u00e9 de mani\u00e8re m\u00e9rit\u00e9e la plupart des Awards. Werni Stock dresse le bilan : \"Les Transfer Games \u00e9taient vraiment cool, tout le monde a rid\u00e9 de mani\u00e8re cr\u00e9ative et d\u00e9contract\u00e9e. C'\u00e9tait d\u00e9finitivement quelque chose de diff\u00e9rent, tout le monde a fait la f\u00eate, aussi bien les riders que le public du parc. Le setup \u00e9tait sensationnel. Tout le monde s'est amus\u00e9 et a montr\u00e9 du vrai bon snowboard\".<\/p>\n\n\n\n<p><br><strong>LA BATAILLE DES M\u00c9TAUX A FAIT DU BRUIT<\/strong> - Le groupe Sane ! Gang autour de Michi Schatz et Max Glatzl a pr\u00e9sent\u00e9 le <strong>Sane ! Bataille de m\u00e9tal<\/strong> Rail Contest \u00e0 la station inf\u00e9rieure du t\u00e9l\u00e9ph\u00e9rique du glacier. Des centaines de spectateurs et spectatrices sont venus et ont \u00e9t\u00e9 r\u00e9compens\u00e9s par un v\u00e9ritable spectacle de jib et une prestation du groupe de rock Sempre Caoz. Les meilleures conditions \u00e9taient r\u00e9unies dans l'ar\u00e8ne install\u00e9e pour l'occasion, avec des caract\u00e9ristiques de rails qui invitaient \u00e0 faire des figures. Les snowboarders ont fait preuve d'un riding cr\u00e9atif et polyvalent de haut niveau et ont enthousiasm\u00e9 le public. Les jam sessions sont rapides et toujours un peu chaotiques, mais c'est aussi ce qui en fait le charme, car il en r\u00e9sulte un v\u00e9ritable feu d'artifice de tricks. Il en a \u00e9t\u00e9 de m\u00eame samedi. Chez les femmes, Selin Lakatha a remport\u00e9 presque tous les prix et a pr\u00e9sent\u00e9 quelques-uns des meilleurs tricks de la soir\u00e9e. Apr\u00e8s la session de Werni, Oyvind Kirkhus a \u00e9galement assur\u00e9 quelques-uns des moments les plus m\u00e9morables de la Metal Battle, notamment avec ses tricks one-foot. Au final, la planche a \u00e9t\u00e9 d\u00e9truite, mais il a remport\u00e9 deux autres r\u00e9compenses. Selina et Oyvind ont \u00e9galement re\u00e7u des wild cards pour le Rock A Rail \u00e0 Innsbruck fin novembre.<br><\/p>\n\n\n\n<figure class=\"wp-block-image size-large\"><img loading=\"lazy\" decoding=\"async\" width=\"1024\" height=\"683\" data-attachment-id=\"7339\" data-permalink=\"https:\/\/boardgeneration.ch\/fr\/snowboarder-laeuten-beim-hintertux-park-opening-die-saison-ein\/hpo23_sanemetalbattle_oyvind-kirkhus_by-becknaphoto\/\" data-orig-file=\"https:\/\/boardgeneration.ch\/wp-content\/uploads\/2024\/03\/HPO23_SaneMetalBattle_Oyvind-Kirkhus_by-becknaphoto.jpg\" data-orig-size=\"2000,1334\" data-comments-opened=\"1\" data-image-meta=\"{&quot;aperture&quot;:&quot;5&quot;,&quot;credit&quot;:&quot;&quot;,&quot;camera&quot;:&quot;Canon EOS R5&quot;,&quot;caption&quot;:&quot;&quot;,&quot;created_timestamp&quot;:&quot;1696716078&quot;,&quot;copyright&quot;:&quot;&quot;,&quot;focal_length&quot;:&quot;16&quot;,&quot;iso&quot;:&quot;1600&quot;,&quot;shutter_speed&quot;:&quot;0.001&quot;,&quot;title&quot;:&quot;&quot;,&quot;orientation&quot;:&quot;1&quot;}\" data-image-title=\"HPO23_SaneMetalBattle_Oyvind-Kirkhus_by-becknaphoto\" data-image-description=\"\" data-image-caption=\"\" data-medium-file=\"https:\/\/boardgeneration.ch\/wp-content\/uploads\/2024\/03\/HPO23_SaneMetalBattle_Oyvind-Kirkhus_by-becknaphoto-300x200.jpg\" data-large-file=\"https:\/\/boardgeneration.ch\/wp-content\/uploads\/2024\/03\/HPO23_SaneMetalBattle_Oyvind-Kirkhus_by-becknaphoto-1024x683.jpg\" src=\"https:\/\/boardgeneration.ch\/wp-content\/uploads\/2024\/03\/HPO23_SaneMetalBattle_Oyvind-Kirkhus_by-becknaphoto-1024x683.jpg\" alt=\"\" class=\"wp-image-7339\" srcset=\"https:\/\/boardgeneration.ch\/wp-content\/uploads\/2024\/03\/HPO23_SaneMetalBattle_Oyvind-Kirkhus_by-becknaphoto-1024x683.jpg 1024w, https:\/\/boardgeneration.ch\/wp-content\/uploads\/2024\/03\/HPO23_SaneMetalBattle_Oyvind-Kirkhus_by-becknaphoto-300x200.jpg 300w, https:\/\/boardgeneration.ch\/wp-content\/uploads\/2024\/03\/HPO23_SaneMetalBattle_Oyvind-Kirkhus_by-becknaphoto-768x512.jpg 768w, https:\/\/boardgeneration.ch\/wp-content\/uploads\/2024\/03\/HPO23_SaneMetalBattle_Oyvind-Kirkhus_by-becknaphoto-1536x1025.jpg 1536w, https:\/\/boardgeneration.ch\/wp-content\/uploads\/2024\/03\/HPO23_SaneMetalBattle_Oyvind-Kirkhus_by-becknaphoto-18x12.jpg 18w, https:\/\/boardgeneration.ch\/wp-content\/uploads\/2024\/03\/HPO23_SaneMetalBattle_Oyvind-Kirkhus_by-becknaphoto.jpg 2000w\" sizes=\"auto, (max-width: 1024px) 100vw, 1024px\" \/><figcaption class=\"translation-block\"><span class=\"media-credit\"><a href=\"https:\/\/boardgeneration.ch\/en\/author\/bg_chef\/\" target=\"_self\">Pascal Kesselmark<\/a> | board generation<\/span><\/figcaption><\/figure>\n\n\n\n<p><strong>LA PROCHAINE G\u00c9N\u00c9RATION<\/strong> - Un point fixe est chaque ann\u00e9e le <strong>Kids Shred<\/strong> pour les plus petits. Les l\u00e9gendes du snowboard Gigi R\u00fcf et Steve Gruber \u00e9taient pr\u00e9sents en tant que coachs pour donner des conseils utiles et accompagner les jeunes riders. De plus, un atelier de snowboard Riglet a \u00e9t\u00e9 organis\u00e9 en collaboration avec l'\u00e9cole primaire de Tux. Les enfants ont pu faire leurs premiers essais en snowboard directement au Fernerhaus.<br><\/p>\n\n\n\n<p><strong>DEMO<\/strong> - Les marques de snowboard et de ski se sont donn\u00e9 rendez-vous au refuge Tuxer Fernerhaus avec, dans leurs bagages, les nouveaux produits \u00e0 tester. Que ce soit la fixation StepOn de Burton ou le snowboard prim\u00e9 par l'ISPO-Award de Doubleck, il y avait beaucoup de choses \u00e0 d\u00e9couvrir et \u00e0 tester. Avec Aleck, Armada, Bataleon, Bent Metal, Burton, Canary Cartel, Capita, Deeluxe, Doubledeck Snowboards, Gnu, Head, Korua Shapes, Lib Tech, Lobster, Nitro, Out Of, Rome, Salomon, Slash by Gigi et Union Bindings.<br><\/p>\n\n\n\n<p><strong>TEMPS DE BISE<\/strong> - Salle comble pour la <strong>Soir\u00e9e de premi\u00e8re du film<\/strong> au centre Tux. Il y avait aussi un vrai r\u00e9gal avec la premi\u00e8re mondiale de \"Schnitzel Time\", de et avec Clemens Millauer, qui a fi\u00e8rement pr\u00e9sent\u00e9 son chef-d'\u0153uvre en compagnie d'Anna Gasser, Gigi R\u00fcf, Werni Stock, Tom Tramnitz, Adrian Krainer &amp; Sani Alibabic. Le film sera visible en ligne \u00e0 partir de novembre.<\/p>\n\n\n\n<p><\/p>","protected":false},"excerpt":{"rendered":"<p>Zum 19. Mal versammelte sich die Snowboard-Community vom 6. bis 8. Oktober 2023 am Hintertuxer Gletscher, um beim Hintertux Park Opening 2023 die Saison einzul\u00e4uten. Anf\u00e4nger, Fortgeschrittene, Profis, darunter illustre Namen wie Olympiasiegerin Anna Gasser, sie alle trafen sich beim ersten Opening im Betterpark Hintertux. Trotz herausfordernder Schneelage hat das Park-Team unglaubliches geleistet und ein [&hellip;]<\/p>\n","protected":false},"author":3,"featured_media":7336,"comment_status":"open","ping_status":"open","sticky":false,"template":"","format":"standard","meta":{"_jetpack_memberships_contains_paid_content":false,"footnotes":""},"categories":[12],"tags":[30900,32186,10156,30750,10565,30749,11716,11698,30899,11686,32182,22965],"class_list":["post-7335","post","type-post","status-publish","format-standard","has-post-thumbnail","hentry","category-event","tag-betterpark","tag-board","tag-burton","tag-contest","tag-film","tag-hintertux","tag-innsbruck","tag-kinder","tag-metal-battle-rail-contest","tag-snowboard","tag-snowboarder","tag-womeninsnowboarding"],"yoast_head":"<!-- This site is optimized with the Yoast SEO plugin v26.8 - https:\/\/yoast.com\/product\/yoast-seo-wordpress\/ -->\n<title>Snowboarder l\u00e4uten beim Hintertux Park Opening\u00a0die Saison ein - Board Generation<\/title>\n<meta name=\"robots\" content=\"index, follow, max-snippet:-1, max-image-preview:large, max-video-preview:-1\" \/>\n<link rel=\"canonical\" href=\"https:\/\/boardgeneration.ch\/fr\/snowboarder-laeuten-beim-hintertux-park-opening-die-saison-ein\/\" \/>\n<meta property=\"og:locale\" content=\"fr_FR\" \/>\n<meta property=\"og:type\" content=\"article\" \/>\n<meta property=\"og:title\" content=\"Snowboarder l\u00e4uten beim Hintertux Park Opening\u00a0die Saison ein - Board Generation\" \/>\n<meta property=\"og:description\" content=\"Zum 19. Mal versammelte sich die Snowboard-Community vom 6. bis 8. Oktober 2023 am Hintertuxer Gletscher, um beim Hintertux Park Opening 2023 die Saison einzul\u00e4uten. Anf\u00e4nger, Fortgeschrittene, Profis, darunter illustre Namen wie Olympiasiegerin Anna Gasser, sie alle trafen sich beim ersten Opening im Betterpark Hintertux. Trotz herausfordernder Schneelage hat das Park-Team unglaubliches geleistet und ein [&hellip;]\" \/>\n<meta property=\"og:url\" content=\"https:\/\/boardgeneration.ch\/fr\/snowboarder-laeuten-beim-hintertux-park-opening-die-saison-ein\/\" \/>\n<meta property=\"og:site_name\" content=\"Board Generation\" \/>\n<meta property=\"article:publisher\" content=\"https:\/\/www.facebook.com\/boardgeneration.ch\" \/>\n<meta property=\"article:published_time\" content=\"2023-10-10T11:56:28+00:00\" \/>\n<meta property=\"article:modified_time\" content=\"2024-03-18T12:03:56+00:00\" \/>\n<meta property=\"og:image\" content=\"https:\/\/boardgeneration.ch\/wp-content\/uploads\/2024\/03\/HPO2023_Arena-Metal-Battle_Hohenhaustenne_by-Maximilian-Egger-scaled.jpg\" \/>\n\t<meta property=\"og:image:width\" content=\"2560\" \/>\n\t<meta property=\"og:image:height\" content=\"1920\" \/>\n\t<meta property=\"og:image:type\" content=\"image\/jpeg\" \/>\n<meta name=\"author\" content=\"Pressedienst\" \/>\n<meta name=\"twitter:card\" content=\"summary_large_image\" \/>\n<meta name=\"twitter:creator\" content=\"@boardgen\" \/>\n<meta name=\"twitter:site\" content=\"@boardgen\" \/>\n<meta name=\"twitter:label1\" content=\"\u00c9crit par\" \/>\n\t<meta name=\"twitter:data1\" content=\"Pressedienst\" \/>\n\t<meta name=\"twitter:label2\" content=\"Dur\u00e9e de lecture estim\u00e9e\" \/>\n\t<meta name=\"twitter:data2\" content=\"4 minutes\" \/>\n<script type=\"application\/ld+json\" class=\"yoast-schema-graph\">{\"@context\":\"https:\/\/schema.org\",\"@graph\":[{\"@type\":\"Article\",\"@id\":\"https:\/\/boardgeneration.ch\/snowboarder-laeuten-beim-hintertux-park-opening-die-saison-ein\/#article\",\"isPartOf\":{\"@id\":\"https:\/\/boardgeneration.ch\/snowboarder-laeuten-beim-hintertux-park-opening-die-saison-ein\/\"},\"author\":{\"name\":\"Pressedienst\",\"@id\":\"https:\/\/boardgeneration.ch\/#\/schema\/person\/4727ac7b918c1fd9879a564a16734f2c\"},\"headline\":\"Snowboarder l\u00e4uten beim Hintertux Park Opening\u00a0die Saison ein\",\"datePublished\":\"2023-10-10T11:56:28+00:00\",\"dateModified\":\"2024-03-18T12:03:56+00:00\",\"mainEntityOfPage\":{\"@id\":\"https:\/\/boardgeneration.ch\/snowboarder-laeuten-beim-hintertux-park-opening-die-saison-ein\/\"},\"wordCount\":619,\"commentCount\":0,\"publisher\":{\"@id\":\"https:\/\/boardgeneration.ch\/#organization\"},\"image\":{\"@id\":\"https:\/\/boardgeneration.ch\/snowboarder-laeuten-beim-hintertux-park-opening-die-saison-ein\/#primaryimage\"},\"thumbnailUrl\":\"https:\/\/boardgeneration.ch\/wp-content\/uploads\/2024\/03\/HPO2023_Arena-Metal-Battle_Hohenhaustenne_by-Maximilian-Egger-scaled.jpg\",\"keywords\":[\"Betterpark\",\"Board\",\"Burton\",\"Contest\",\"Film\",\"Hintertux\",\"Innsbruck\",\"Kinder\",\"Metal Battle Rail Contest\",\"Snowboard\",\"Snowboarder\",\"womeninsnowboarding\"],\"articleSection\":[\"event\"],\"inLanguage\":\"fr-FR\",\"potentialAction\":[{\"@type\":\"CommentAction\",\"name\":\"Comment\",\"target\":[\"https:\/\/boardgeneration.ch\/snowboarder-laeuten-beim-hintertux-park-opening-die-saison-ein\/#respond\"]}]},{\"@type\":\"WebPage\",\"@id\":\"https:\/\/boardgeneration.ch\/snowboarder-laeuten-beim-hintertux-park-opening-die-saison-ein\/\",\"url\":\"https:\/\/boardgeneration.ch\/snowboarder-laeuten-beim-hintertux-park-opening-die-saison-ein\/\",\"name\":\"Snowboarder l\u00e4uten beim Hintertux Park Opening\u00a0die Saison ein - Board Generation\",\"isPartOf\":{\"@id\":\"https:\/\/boardgeneration.ch\/#website\"},\"primaryImageOfPage\":{\"@id\":\"https:\/\/boardgeneration.ch\/snowboarder-laeuten-beim-hintertux-park-opening-die-saison-ein\/#primaryimage\"},\"image\":{\"@id\":\"https:\/\/boardgeneration.ch\/snowboarder-laeuten-beim-hintertux-park-opening-die-saison-ein\/#primaryimage\"},\"thumbnailUrl\":\"https:\/\/boardgeneration.ch\/wp-content\/uploads\/2024\/03\/HPO2023_Arena-Metal-Battle_Hohenhaustenne_by-Maximilian-Egger-scaled.jpg\",\"datePublished\":\"2023-10-10T11:56:28+00:00\",\"dateModified\":\"2024-03-18T12:03:56+00:00\",\"breadcrumb\":{\"@id\":\"https:\/\/boardgeneration.ch\/snowboarder-laeuten-beim-hintertux-park-opening-die-saison-ein\/#breadcrumb\"},\"inLanguage\":\"fr-FR\",\"potentialAction\":[{\"@type\":\"ReadAction\",\"target\":[\"https:\/\/boardgeneration.ch\/snowboarder-laeuten-beim-hintertux-park-opening-die-saison-ein\/\"]}]},{\"@type\":\"ImageObject\",\"inLanguage\":\"fr-FR\",\"@id\":\"https:\/\/boardgeneration.ch\/snowboarder-laeuten-beim-hintertux-park-opening-die-saison-ein\/#primaryimage\",\"url\":\"https:\/\/boardgeneration.ch\/wp-content\/uploads\/2024\/03\/HPO2023_Arena-Metal-Battle_Hohenhaustenne_by-Maximilian-Egger-scaled.jpg\",\"contentUrl\":\"https:\/\/boardgeneration.ch\/wp-content\/uploads\/2024\/03\/HPO2023_Arena-Metal-Battle_Hohenhaustenne_by-Maximilian-Egger-scaled.jpg\",\"width\":2560,\"height\":1920},{\"@type\":\"BreadcrumbList\",\"@id\":\"https:\/\/boardgeneration.ch\/snowboarder-laeuten-beim-hintertux-park-opening-die-saison-ein\/#breadcrumb\",\"itemListElement\":[{\"@type\":\"ListItem\",\"position\":1,\"name\":\"Startseite\",\"item\":\"https:\/\/boardgeneration.ch\/\"},{\"@type\":\"ListItem\",\"position\":2,\"name\":\"Snowboarder l\u00e4uten beim Hintertux Park Opening\u00a0die Saison ein\"}]},{\"@type\":\"WebSite\",\"@id\":\"https:\/\/boardgeneration.ch\/#website\",\"url\":\"https:\/\/boardgeneration.ch\/\",\"name\":\"board generation\",\"description\":\"Back to the Roots\",\"publisher\":{\"@id\":\"https:\/\/boardgeneration.ch\/#organization\"},\"potentialAction\":[{\"@type\":\"SearchAction\",\"target\":{\"@type\":\"EntryPoint\",\"urlTemplate\":\"https:\/\/boardgeneration.ch\/?s={search_term_string}\"},\"query-input\":{\"@type\":\"PropertyValueSpecification\",\"valueRequired\":true,\"valueName\":\"search_term_string\"}}],\"inLanguage\":\"fr-FR\"},{\"@type\":\"Organization\",\"@id\":\"https:\/\/boardgeneration.ch\/#organization\",\"name\":\"board generation\",\"url\":\"https:\/\/boardgeneration.ch\/\",\"logo\":{\"@type\":\"ImageObject\",\"inLanguage\":\"fr-FR\",\"@id\":\"https:\/\/boardgeneration.ch\/#\/schema\/logo\/image\/\",\"url\":\"https:\/\/boardgeneration.ch\/wp-content\/uploads\/2019\/01\/bg-logo_mit_Text.png\",\"contentUrl\":\"https:\/\/boardgeneration.ch\/wp-content\/uploads\/2019\/01\/bg-logo_mit_Text.png\",\"width\":1040,\"height\":1155,\"caption\":\"board generation\"},\"image\":{\"@id\":\"https:\/\/boardgeneration.ch\/#\/schema\/logo\/image\/\"},\"sameAs\":[\"https:\/\/www.facebook.com\/boardgeneration.ch\",\"https:\/\/x.com\/boardgen\",\"https:\/\/www.instagram.com\/boardgen\/\"]},{\"@type\":\"Person\",\"@id\":\"https:\/\/boardgeneration.ch\/#\/schema\/person\/4727ac7b918c1fd9879a564a16734f2c\",\"name\":\"Pressedienst\",\"image\":{\"@type\":\"ImageObject\",\"inLanguage\":\"fr-FR\",\"@id\":\"https:\/\/boardgeneration.ch\/#\/schema\/person\/image\/\",\"url\":\"https:\/\/boardgeneration.ch\/wp-content\/uploads\/2019\/10\/Pile-of-letters-96x96.jpg\",\"contentUrl\":\"https:\/\/boardgeneration.ch\/wp-content\/uploads\/2019\/10\/Pile-of-letters-96x96.jpg\",\"caption\":\"Pressedienst\"},\"url\":\"https:\/\/boardgeneration.ch\/fr\/author\/pressedienst\/\"}]}<\/script>\n<!-- \/ Yoast SEO plugin. -->","yoast_head_json":{"title":"Snowboarder l\u00e4uten beim Hintertux Park Opening\u00a0die Saison ein - Board Generation","robots":{"index":"index","follow":"follow","max-snippet":"max-snippet:-1","max-image-preview":"max-image-preview:large","max-video-preview":"max-video-preview:-1"},"canonical":"https:\/\/boardgeneration.ch\/fr\/snowboarder-laeuten-beim-hintertux-park-opening-die-saison-ein\/","og_locale":"fr_FR","og_type":"article","og_title":"Snowboarder l\u00e4uten beim Hintertux Park Opening\u00a0die Saison ein - Board Generation","og_description":"Zum 19. Mal versammelte sich die Snowboard-Community vom 6. bis 8. Oktober 2023 am Hintertuxer Gletscher, um beim Hintertux Park Opening 2023 die Saison einzul\u00e4uten. Anf\u00e4nger, Fortgeschrittene, Profis, darunter illustre Namen wie Olympiasiegerin Anna Gasser, sie alle trafen sich beim ersten Opening im Betterpark Hintertux. Trotz herausfordernder Schneelage hat das Park-Team unglaubliches geleistet und ein [&hellip;]","og_url":"https:\/\/boardgeneration.ch\/fr\/snowboarder-laeuten-beim-hintertux-park-opening-die-saison-ein\/","og_site_name":"Board Generation","article_publisher":"https:\/\/www.facebook.com\/boardgeneration.ch","article_published_time":"2023-10-10T11:56:28+00:00","article_modified_time":"2024-03-18T12:03:56+00:00","og_image":[{"width":2560,"height":1920,"url":"https:\/\/boardgeneration.ch\/wp-content\/uploads\/2024\/03\/HPO2023_Arena-Metal-Battle_Hohenhaustenne_by-Maximilian-Egger-scaled.jpg","type":"image\/jpeg"}],"author":"Pressedienst","twitter_card":"summary_large_image","twitter_creator":"@boardgen","twitter_site":"@boardgen","twitter_misc":{"\u00c9crit par":"Pressedienst","Dur\u00e9e de lecture estim\u00e9e":"4 minutes"},"schema":{"@context":"https:\/\/schema.org","@graph":[{"@type":"Article","@id":"https:\/\/boardgeneration.ch\/snowboarder-laeuten-beim-hintertux-park-opening-die-saison-ein\/#article","isPartOf":{"@id":"https:\/\/boardgeneration.ch\/snowboarder-laeuten-beim-hintertux-park-opening-die-saison-ein\/"},"author":{"name":"Pressedienst","@id":"https:\/\/boardgeneration.ch\/#\/schema\/person\/4727ac7b918c1fd9879a564a16734f2c"},"headline":"Snowboarder l\u00e4uten beim Hintertux Park Opening\u00a0die Saison ein","datePublished":"2023-10-10T11:56:28+00:00","dateModified":"2024-03-18T12:03:56+00:00","mainEntityOfPage":{"@id":"https:\/\/boardgeneration.ch\/snowboarder-laeuten-beim-hintertux-park-opening-die-saison-ein\/"},"wordCount":619,"commentCount":0,"publisher":{"@id":"https:\/\/boardgeneration.ch\/#organization"},"image":{"@id":"https:\/\/boardgeneration.ch\/snowboarder-laeuten-beim-hintertux-park-opening-die-saison-ein\/#primaryimage"},"thumbnailUrl":"https:\/\/boardgeneration.ch\/wp-content\/uploads\/2024\/03\/HPO2023_Arena-Metal-Battle_Hohenhaustenne_by-Maximilian-Egger-scaled.jpg","keywords":["Betterpark","Board","Burton","Contest","Film","Hintertux","Innsbruck","Kinder","Metal Battle Rail Contest","Snowboard","Snowboarder","womeninsnowboarding"],"articleSection":["event"],"inLanguage":"fr-FR","potentialAction":[{"@type":"CommentAction","name":"Comment","target":["https:\/\/boardgeneration.ch\/snowboarder-laeuten-beim-hintertux-park-opening-die-saison-ein\/#respond"]}]},{"@type":"WebPage","@id":"https:\/\/boardgeneration.ch\/snowboarder-laeuten-beim-hintertux-park-opening-die-saison-ein\/","url":"https:\/\/boardgeneration.ch\/snowboarder-laeuten-beim-hintertux-park-opening-die-saison-ein\/","name":"Snowboarder l\u00e4uten beim Hintertux Park Opening\u00a0die Saison ein - Board Generation","isPartOf":{"@id":"https:\/\/boardgeneration.ch\/#website"},"primaryImageOfPage":{"@id":"https:\/\/boardgeneration.ch\/snowboarder-laeuten-beim-hintertux-park-opening-die-saison-ein\/#primaryimage"},"image":{"@id":"https:\/\/boardgeneration.ch\/snowboarder-laeuten-beim-hintertux-park-opening-die-saison-ein\/#primaryimage"},"thumbnailUrl":"https:\/\/boardgeneration.ch\/wp-content\/uploads\/2024\/03\/HPO2023_Arena-Metal-Battle_Hohenhaustenne_by-Maximilian-Egger-scaled.jpg","datePublished":"2023-10-10T11:56:28+00:00","dateModified":"2024-03-18T12:03:56+00:00","breadcrumb":{"@id":"https:\/\/boardgeneration.ch\/snowboarder-laeuten-beim-hintertux-park-opening-die-saison-ein\/#breadcrumb"},"inLanguage":"fr-FR","potentialAction":[{"@type":"ReadAction","target":["https:\/\/boardgeneration.ch\/snowboarder-laeuten-beim-hintertux-park-opening-die-saison-ein\/"]}]},{"@type":"ImageObject","inLanguage":"fr-FR","@id":"https:\/\/boardgeneration.ch\/snowboarder-laeuten-beim-hintertux-park-opening-die-saison-ein\/#primaryimage","url":"https:\/\/boardgeneration.ch\/wp-content\/uploads\/2024\/03\/HPO2023_Arena-Metal-Battle_Hohenhaustenne_by-Maximilian-Egger-scaled.jpg","contentUrl":"https:\/\/boardgeneration.ch\/wp-content\/uploads\/2024\/03\/HPO2023_Arena-Metal-Battle_Hohenhaustenne_by-Maximilian-Egger-scaled.jpg","width":2560,"height":1920},{"@type":"BreadcrumbList","@id":"https:\/\/boardgeneration.ch\/snowboarder-laeuten-beim-hintertux-park-opening-die-saison-ein\/#breadcrumb","itemListElement":[{"@type":"ListItem","position":1,"name":"Startseite","item":"https:\/\/boardgeneration.ch\/"},{"@type":"ListItem","position":2,"name":"Snowboarder l\u00e4uten beim Hintertux Park Opening\u00a0die Saison ein"}]},{"@type":"WebSite","@id":"https:\/\/boardgeneration.ch\/#website","url":"https:\/\/boardgeneration.ch\/","name":"g\u00e9n\u00e9ration de conseils","description":"Retour aux sources","publisher":{"@id":"https:\/\/boardgeneration.ch\/#organization"},"potentialAction":[{"@type":"SearchAction","target":{"@type":"EntryPoint","urlTemplate":"https:\/\/boardgeneration.ch\/?s={search_term_string}"},"query-input":{"@type":"PropertyValueSpecification","valueRequired":true,"valueName":"search_term_string"}}],"inLanguage":"fr-FR"},{"@type":"Organization","@id":"https:\/\/boardgeneration.ch\/#organization","name":"g\u00e9n\u00e9ration de conseils","url":"https:\/\/boardgeneration.ch\/","logo":{"@type":"ImageObject","inLanguage":"fr-FR","@id":"https:\/\/boardgeneration.ch\/#\/schema\/logo\/image\/","url":"https:\/\/boardgeneration.ch\/wp-content\/uploads\/2019\/01\/bg-logo_mit_Text.png","contentUrl":"https:\/\/boardgeneration.ch\/wp-content\/uploads\/2019\/01\/bg-logo_mit_Text.png","width":1040,"height":1155,"caption":"board generation"},"image":{"@id":"https:\/\/boardgeneration.ch\/#\/schema\/logo\/image\/"},"sameAs":["https:\/\/www.facebook.com\/boardgeneration.ch","https:\/\/x.com\/boardgen","https:\/\/www.instagram.com\/boardgen\/"]},{"@type":"Person","@id":"https:\/\/boardgeneration.ch\/#\/schema\/person\/4727ac7b918c1fd9879a564a16734f2c","name":"Service de presse","image":{"@type":"ImageObject","inLanguage":"fr-FR","@id":"https:\/\/boardgeneration.ch\/#\/schema\/person\/image\/","url":"https:\/\/boardgeneration.ch\/wp-content\/uploads\/2019\/10\/Pile-of-letters-96x96.jpg","contentUrl":"https:\/\/boardgeneration.ch\/wp-content\/uploads\/2019\/10\/Pile-of-letters-96x96.jpg","caption":"Pressedienst"},"url":"https:\/\/boardgeneration.ch\/fr\/author\/pressedienst\/"}]}},"jetpack_featured_media_url":"https:\/\/boardgeneration.ch\/wp-content\/uploads\/2024\/03\/HPO2023_Arena-Metal-Battle_Hohenhaustenne_by-Maximilian-Egger-scaled.jpg","jetpack_sharing_enabled":true,"amp_enabled":true,"_links":{"self":[{"href":"https:\/\/boardgeneration.ch\/fr\/wp-json\/wp\/v2\/posts\/7335","targetHints":{"allow":["GET"]}}],"collection":[{"href":"https:\/\/boardgeneration.ch\/fr\/wp-json\/wp\/v2\/posts"}],"about":[{"href":"https:\/\/boardgeneration.ch\/fr\/wp-json\/wp\/v2\/types\/post"}],"author":[{"embeddable":true,"href":"https:\/\/boardgeneration.ch\/fr\/wp-json\/wp\/v2\/users\/3"}],"replies":[{"embeddable":true,"href":"https:\/\/boardgeneration.ch\/fr\/wp-json\/wp\/v2\/comments?post=7335"}],"version-history":[{"count":2,"href":"https:\/\/boardgeneration.ch\/fr\/wp-json\/wp\/v2\/posts\/7335\/revisions"}],"predecessor-version":[{"id":7340,"href":"https:\/\/boardgeneration.ch\/fr\/wp-json\/wp\/v2\/posts\/7335\/revisions\/7340"}],"wp:featuredmedia":[{"embeddable":true,"href":"https:\/\/boardgeneration.ch\/fr\/wp-json\/wp\/v2\/media\/7336"}],"wp:attachment":[{"href":"https:\/\/boardgeneration.ch\/fr\/wp-json\/wp\/v2\/media?parent=7335"}],"wp:term":[{"taxonomy":"category","embeddable":true,"href":"https:\/\/boardgeneration.ch\/fr\/wp-json\/wp\/v2\/categories?post=7335"},{"taxonomy":"post_tag","embeddable":true,"href":"https:\/\/boardgeneration.ch\/fr\/wp-json\/wp\/v2\/tags?post=7335"}],"curies":[{"name":"wp","href":"https:\/\/api.w.org\/{rel}","templated":true}]}}