{"id":7854,"date":"2024-10-23T14:52:07","date_gmt":"2024-10-23T13:52:07","guid":{"rendered":"https:\/\/boardgeneration.ch\/?p=7854"},"modified":"2024-10-28T15:03:36","modified_gmt":"2024-10-28T14:03:36","slug":"silvaplana-winter-opening","status":"publish","type":"post","link":"https:\/\/boardgeneration.ch\/fr\/silvaplana-winter-opening\/","title":{"rendered":"Ouverture hivernale de Silvaplana"},"content":{"rendered":"<span class=\"span-reading-time rt-reading-time\" style=\"display: block;\"><span class=\"rt-label rt-prefix\">Le temps de la lecture : <\/span> <span class=\"rt-time\"> 2<\/span> <span class=\"rt-label rt-postfix\">proc\u00e8s-verbal<\/span><\/span>\n<p>Save the Date' pour la deuxi\u00e8me \u00e9dition du <strong>Ouvertures hivernales de Silvaplana<\/strong>Silvaplana et le Corvatsch, l'eldorado du freestyle en Engadine, entament ensemble l'hiver. Une saison d'hiver qui s'annonce passionnante, avec notamment les Championnats du monde de freestyle, dont les titres seront d\u00e9cern\u00e9s au Corvatsch en mars 2025. Une raison suffisante pour c\u00e9l\u00e9brer le week-end d'ouverture du <strong>du 22 au 24 novembre<\/strong> de faire la f\u00eate. Des actions de freestyle combin\u00e9es \u00e0 de la musique live et plus encore au c\u0153ur de la station, ainsi que les premiers laps de park sur la montagne, dans le Corvatsch Park.<\/p>\n\n\n\n<figure class=\"wp-block-image size-large\"><img loading=\"lazy\" decoding=\"async\" width=\"722\" height=\"1024\" data-attachment-id=\"7849\" data-permalink=\"https:\/\/boardgeneration.ch\/fr\/2024_st_winteropening_flyer_a5_rz_front\/\" data-orig-file=\"https:\/\/boardgeneration.ch\/wp-content\/uploads\/2024\/10\/2024_ST_WinterOpening_Flyer_A5_RZ_Front.png\" data-orig-size=\"827,1173\" data-comments-opened=\"1\" data-image-meta=\"{&quot;aperture&quot;:&quot;0&quot;,&quot;credit&quot;:&quot;&quot;,&quot;camera&quot;:&quot;&quot;,&quot;caption&quot;:&quot;&quot;,&quot;created_timestamp&quot;:&quot;0&quot;,&quot;copyright&quot;:&quot;&quot;,&quot;focal_length&quot;:&quot;0&quot;,&quot;iso&quot;:&quot;0&quot;,&quot;shutter_speed&quot;:&quot;0&quot;,&quot;title&quot;:&quot;&quot;,&quot;orientation&quot;:&quot;0&quot;}\" data-image-title=\"2024_ST_WinterOpening_Flyer_A5_RZ_Front\" data-image-description=\"\" data-image-caption=\"\" data-medium-file=\"https:\/\/boardgeneration.ch\/wp-content\/uploads\/2024\/10\/2024_ST_WinterOpening_Flyer_A5_RZ_Front-212x300.png\" data-large-file=\"https:\/\/boardgeneration.ch\/wp-content\/uploads\/2024\/10\/2024_ST_WinterOpening_Flyer_A5_RZ_Front-722x1024.png\" src=\"https:\/\/boardgeneration.ch\/wp-content\/uploads\/2024\/10\/2024_ST_WinterOpening_Flyer_A5_RZ_Front-722x1024.png\" alt=\"\" class=\"wp-image-7849\" srcset=\"https:\/\/boardgeneration.ch\/wp-content\/uploads\/2024\/10\/2024_ST_WinterOpening_Flyer_A5_RZ_Front-722x1024.png 722w, https:\/\/boardgeneration.ch\/wp-content\/uploads\/2024\/10\/2024_ST_WinterOpening_Flyer_A5_RZ_Front-212x300.png 212w, https:\/\/boardgeneration.ch\/wp-content\/uploads\/2024\/10\/2024_ST_WinterOpening_Flyer_A5_RZ_Front-768x1089.png 768w, https:\/\/boardgeneration.ch\/wp-content\/uploads\/2024\/10\/2024_ST_WinterOpening_Flyer_A5_RZ_Front-8x12.png 8w, https:\/\/boardgeneration.ch\/wp-content\/uploads\/2024\/10\/2024_ST_WinterOpening_Flyer_A5_RZ_Front.png 827w\" sizes=\"auto, (max-width: 722px) 100vw, 722px\" \/><figcaption><span class=\"media-credit\"> <\/span><\/figcaption><\/figure>\n\n\n\n<p>Le samedi est plac\u00e9 sous le signe du \"<strong>Silvaplana Rocks The Rail<\/strong>\" Contests. Ici, les snowboarders et les freeskieurs, des enfants et des amateurs aux professionnels, se retrouvent en plein centre de Silvaplana. Ce n'est vraiment pas un spectacle que l'on voit tous les jours. Directement le long de l'ancienne route du Julier, les features se succ\u00e8dent ; rails, boxes, hips, quarterpipes, tout est possible. Entre les maisons, les riders trouvent leur chemin jusqu'\u00e0 l'arriv\u00e9e. R\u00e9partis en diff\u00e9rentes cat\u00e9gories d'\u00e2ge, la session de rails est ouverte \u00e0 tous ceux qui osent s'aventurer dans les rues enneig\u00e9es. Le contest des professionnels du samedi soir sera passionnant, avec notamment les snowboardeurs Nicolas Huber et Jeremy Denda. <a href=\"https:\/\/www.eastsidetour.ch\/anmeldung\/\" target=\"_blank\" rel=\"noreferrer noopener\">Vers l'inscription<\/a>.<\/p>\n\n\n\n<figure class=\"wp-block-image size-large\"><img loading=\"lazy\" decoding=\"async\" width=\"1024\" height=\"683\" data-attachment-id=\"7853\" data-permalink=\"https:\/\/boardgeneration.ch\/fr\/silvaplanaopening23-riders_by-javiproca-6\/\" data-orig-file=\"https:\/\/boardgeneration.ch\/wp-content\/uploads\/2024\/10\/SilvaplanaOpening23-riders_by-javiproca-6.jpg\" data-orig-size=\"1776,1184\" data-comments-opened=\"1\" data-image-meta=\"{&quot;aperture&quot;:&quot;5.6&quot;,&quot;credit&quot;:&quot;&quot;,&quot;camera&quot;:&quot;X-T30 II&quot;,&quot;caption&quot;:&quot;&quot;,&quot;created_timestamp&quot;:&quot;1700930181&quot;,&quot;copyright&quot;:&quot;&quot;,&quot;focal_length&quot;:&quot;16&quot;,&quot;iso&quot;:&quot;3200&quot;,&quot;shutter_speed&quot;:&quot;0.004&quot;,&quot;title&quot;:&quot;&quot;,&quot;orientation&quot;:&quot;1&quot;}\" data-image-title=\"SilvaplanaOpening23-riders_by javiproca-6\" data-image-description=\"\" data-image-caption=\"\" data-medium-file=\"https:\/\/boardgeneration.ch\/wp-content\/uploads\/2024\/10\/SilvaplanaOpening23-riders_by-javiproca-6-300x200.jpg\" data-large-file=\"https:\/\/boardgeneration.ch\/wp-content\/uploads\/2024\/10\/SilvaplanaOpening23-riders_by-javiproca-6-1024x683.jpg\" src=\"https:\/\/boardgeneration.ch\/wp-content\/uploads\/2024\/10\/SilvaplanaOpening23-riders_by-javiproca-6-1024x683.jpg\" alt=\"\" class=\"wp-image-7853\" srcset=\"https:\/\/boardgeneration.ch\/wp-content\/uploads\/2024\/10\/SilvaplanaOpening23-riders_by-javiproca-6-1024x683.jpg 1024w, https:\/\/boardgeneration.ch\/wp-content\/uploads\/2024\/10\/SilvaplanaOpening23-riders_by-javiproca-6-300x200.jpg 300w, https:\/\/boardgeneration.ch\/wp-content\/uploads\/2024\/10\/SilvaplanaOpening23-riders_by-javiproca-6-768x512.jpg 768w, https:\/\/boardgeneration.ch\/wp-content\/uploads\/2024\/10\/SilvaplanaOpening23-riders_by-javiproca-6-1536x1024.jpg 1536w, https:\/\/boardgeneration.ch\/wp-content\/uploads\/2024\/10\/SilvaplanaOpening23-riders_by-javiproca-6-18x12.jpg 18w, https:\/\/boardgeneration.ch\/wp-content\/uploads\/2024\/10\/SilvaplanaOpening23-riders_by-javiproca-6.jpg 1776w\" sizes=\"auto, (max-width: 1024px) 100vw, 1024px\" \/><figcaption><span class=\"media-credit\">\u00a9 javiproca<\/span><\/figcaption><\/figure>\n\n\n\n<p>Juste au coin de la ligne d'arriv\u00e9e des riders se trouve la grande sc\u00e8ne en plein air. C'est sur celle-ci que se tiendra Cachita le samedi. La jeune artiste suisse aux racines cubaines sait comment marquer les esprits avec ses textes intelligents et astucieux. Dans ses chansons, elle combine des influences latines, pop, RnB, soul et blues. Des food trucks proposant des d\u00e9lices, des stands partenaires, un concert live et des DJ's assurant l'ambiance ad\u00e9quate compl\u00e8tent l'exp\u00e9rience compl\u00e8te du freestyle. Et tout cela avec une entr\u00e9e gratuite.<\/p>\n\n\n\n<figure class=\"wp-block-image size-large\"><img loading=\"lazy\" decoding=\"async\" width=\"1024\" height=\"683\" data-attachment-id=\"7852\" data-permalink=\"https:\/\/boardgeneration.ch\/fr\/silvaplanaopening23-naomiconcert_by-javiproca-4\/\" data-orig-file=\"https:\/\/boardgeneration.ch\/wp-content\/uploads\/2024\/10\/SilvaplanaOpening23-naomiconcert_by-javiproca-4.jpg\" data-orig-size=\"1435,957\" data-comments-opened=\"1\" data-image-meta=\"{&quot;aperture&quot;:&quot;5.6&quot;,&quot;credit&quot;:&quot;&quot;,&quot;camera&quot;:&quot;X-T30 II&quot;,&quot;caption&quot;:&quot;&quot;,&quot;created_timestamp&quot;:&quot;1700949993&quot;,&quot;copyright&quot;:&quot;&quot;,&quot;focal_length&quot;:&quot;16&quot;,&quot;iso&quot;:&quot;1250&quot;,&quot;shutter_speed&quot;:&quot;0.0125&quot;,&quot;title&quot;:&quot;&quot;,&quot;orientation&quot;:&quot;1&quot;}\" data-image-title=\"SilvaplanaOpening23-naomiconcert_by javiproca-4\" data-image-description=\"\" data-image-caption=\"\" data-medium-file=\"https:\/\/boardgeneration.ch\/wp-content\/uploads\/2024\/10\/SilvaplanaOpening23-naomiconcert_by-javiproca-4-300x200.jpg\" data-large-file=\"https:\/\/boardgeneration.ch\/wp-content\/uploads\/2024\/10\/SilvaplanaOpening23-naomiconcert_by-javiproca-4-1024x683.jpg\" src=\"https:\/\/boardgeneration.ch\/wp-content\/uploads\/2024\/10\/SilvaplanaOpening23-naomiconcert_by-javiproca-4-1024x683.jpg\" alt=\"\" class=\"wp-image-7852\" srcset=\"https:\/\/boardgeneration.ch\/wp-content\/uploads\/2024\/10\/SilvaplanaOpening23-naomiconcert_by-javiproca-4-1024x683.jpg 1024w, https:\/\/boardgeneration.ch\/wp-content\/uploads\/2024\/10\/SilvaplanaOpening23-naomiconcert_by-javiproca-4-300x200.jpg 300w, https:\/\/boardgeneration.ch\/wp-content\/uploads\/2024\/10\/SilvaplanaOpening23-naomiconcert_by-javiproca-4-768x512.jpg 768w, https:\/\/boardgeneration.ch\/wp-content\/uploads\/2024\/10\/SilvaplanaOpening23-naomiconcert_by-javiproca-4-18x12.jpg 18w, https:\/\/boardgeneration.ch\/wp-content\/uploads\/2024\/10\/SilvaplanaOpening23-naomiconcert_by-javiproca-4.jpg 1435w\" sizes=\"auto, (max-width: 1024px) 100vw, 1024px\" \/><figcaption><span class=\"media-credit\">\u00a9 javiproca<\/span><\/figcaption><\/figure>\n\n\n\n<p><strong>Coaching gratuit by FRESK<\/strong> - Nous recommandons le coaching freestyle gratuit dans le Corvatsch Park avec les experts de FRESK. Mais dans la vall\u00e9e aussi, tout est pr\u00e9vu pour que les plus petits fassent leurs premiers pas en toute s\u00e9curit\u00e9 sur une ou deux planches. Le \"Freestyle Snow Park\" est install\u00e9 directement au centre du village dans le Snow Kids Village. Les familles sont les bienvenues.<\/p>\n\n\n\n<figure class=\"wp-block-image size-large\"><img loading=\"lazy\" decoding=\"async\" width=\"683\" height=\"1024\" data-attachment-id=\"7850\" data-permalink=\"https:\/\/boardgeneration.ch\/fr\/fresk_corvatsch_winteropening2023-185_by-fresk\/\" data-orig-file=\"https:\/\/boardgeneration.ch\/wp-content\/uploads\/2024\/10\/Fresk_Corvatsch_Winteropening2023-185_by-FRESK-scaled.jpg\" data-orig-size=\"1707,2560\" data-comments-opened=\"1\" data-image-meta=\"{&quot;aperture&quot;:&quot;0&quot;,&quot;credit&quot;:&quot;&quot;,&quot;camera&quot;:&quot;&quot;,&quot;caption&quot;:&quot;&quot;,&quot;created_timestamp&quot;:&quot;0&quot;,&quot;copyright&quot;:&quot;Javier Procaccini&quot;,&quot;focal_length&quot;:&quot;0&quot;,&quot;iso&quot;:&quot;0&quot;,&quot;shutter_speed&quot;:&quot;0&quot;,&quot;title&quot;:&quot;&quot;,&quot;orientation&quot;:&quot;1&quot;}\" data-image-title=\"Fresk_Corvatsch_Winteropening2023 (185)_by FRESK\" data-image-description=\"\" data-image-caption=\"\" data-medium-file=\"https:\/\/boardgeneration.ch\/wp-content\/uploads\/2024\/10\/Fresk_Corvatsch_Winteropening2023-185_by-FRESK-200x300.jpg\" data-large-file=\"https:\/\/boardgeneration.ch\/wp-content\/uploads\/2024\/10\/Fresk_Corvatsch_Winteropening2023-185_by-FRESK-683x1024.jpg\" src=\"https:\/\/boardgeneration.ch\/wp-content\/uploads\/2024\/10\/Fresk_Corvatsch_Winteropening2023-185_by-FRESK-683x1024.jpg\" alt=\"\" class=\"wp-image-7850\" srcset=\"https:\/\/boardgeneration.ch\/wp-content\/uploads\/2024\/10\/Fresk_Corvatsch_Winteropening2023-185_by-FRESK-683x1024.jpg 683w, https:\/\/boardgeneration.ch\/wp-content\/uploads\/2024\/10\/Fresk_Corvatsch_Winteropening2023-185_by-FRESK-200x300.jpg 200w, https:\/\/boardgeneration.ch\/wp-content\/uploads\/2024\/10\/Fresk_Corvatsch_Winteropening2023-185_by-FRESK-768x1152.jpg 768w, https:\/\/boardgeneration.ch\/wp-content\/uploads\/2024\/10\/Fresk_Corvatsch_Winteropening2023-185_by-FRESK-1024x1536.jpg 1024w, https:\/\/boardgeneration.ch\/wp-content\/uploads\/2024\/10\/Fresk_Corvatsch_Winteropening2023-185_by-FRESK-1365x2048.jpg 1365w, https:\/\/boardgeneration.ch\/wp-content\/uploads\/2024\/10\/Fresk_Corvatsch_Winteropening2023-185_by-FRESK-8x12.jpg 8w, https:\/\/boardgeneration.ch\/wp-content\/uploads\/2024\/10\/Fresk_Corvatsch_Winteropening2023-185_by-FRESK-scaled.jpg 1707w\" sizes=\"auto, (max-width: 683px) 100vw, 683px\" \/><figcaption><span class=\"media-credit\">Javier Procaccini<\/span><\/figcaption><\/figure>\n\n\n\n<p><strong>Package d'ouverture hivernale<\/strong> - Vivre de pr\u00e8s le week-end d'ouverture ? Le Winter Opening Package comprend 3 nuit\u00e9es, le forfait de ski, un menu Dine Around, une place r\u00e9serv\u00e9e au \"Rocks the Rail\" et bien plus encore. Et le meilleur dans tout \u00e7a : tous ceux qui prennent le package <a href=\"https:\/\/silvaplana.ch\/packages\/winter-opening2024\" target=\"_blank\" rel=\"noreferrer noopener\">r\u00e9server<\/a>Les visiteurs ont la chance de d\u00e9couvrir et de profiter des pistes du Corvatsch d\u00e8s le vendredi pr\u00e9c\u00e9dant l'ouverture officielle. Programme et informations compl\u00e9mentaires : <a href=\"http:\/\/www.silvaplana.ch\/\" target=\"_blank\" rel=\"noreferrer noopener\">www.silvaplana.ch<\/a><\/p>","protected":false},"excerpt":{"rendered":"<p>\u201aSave the Date\u2018 fu\u0308r die zweite Auflage des Silvaplana Winter Openings, mit dem Silvaplana und der Corvatsch, Engadins Freestyle-Eldorado, gemeinsam in den Winter starten. Eine Wintersaison, die viel Aufregendes zu bieten hat, unter anderem die Freestyle WM mit Titelentscheidungen am Corvatsch im M\u00e4rz 2025. Grund genug, mit einem bunten Programm das Er\u00f6ffnungswochenende vom 22.\u2013 24. [&hellip;]<\/p>\n","protected":false},"author":3,"featured_media":7851,"comment_status":"open","ping_status":"open","sticky":false,"template":"","format":"standard","meta":{"_jetpack_memberships_contains_paid_content":false,"footnotes":""},"categories":[1],"tags":[11700,30750,32182],"class_list":["post-7854","post","type-post","status-publish","format-standard","has-post-thumbnail","hentry","category-uncategorized","tag-coaching","tag-contest","tag-snowboarder"],"yoast_head":"<!-- This site is optimized with the Yoast SEO plugin v26.8 - https:\/\/yoast.com\/product\/yoast-seo-wordpress\/ -->\n<title>Silvaplana Winter Opening - Board Generation<\/title>\n<meta name=\"robots\" content=\"index, follow, max-snippet:-1, max-image-preview:large, max-video-preview:-1\" \/>\n<link rel=\"canonical\" href=\"https:\/\/boardgeneration.ch\/fr\/silvaplana-winter-opening\/\" \/>\n<meta property=\"og:locale\" content=\"fr_FR\" \/>\n<meta property=\"og:type\" content=\"article\" \/>\n<meta property=\"og:title\" content=\"Silvaplana Winter Opening - Board Generation\" \/>\n<meta property=\"og:description\" content=\"\u201aSave the Date\u2018 fu\u0308r die zweite Auflage des Silvaplana Winter Openings, mit dem Silvaplana und der Corvatsch, Engadins Freestyle-Eldorado, gemeinsam in den Winter starten. Eine Wintersaison, die viel Aufregendes zu bieten hat, unter anderem die Freestyle WM mit Titelentscheidungen am Corvatsch im M\u00e4rz 2025. Grund genug, mit einem bunten Programm das Er\u00f6ffnungswochenende vom 22.\u2013 24. [&hellip;]\" \/>\n<meta property=\"og:url\" content=\"https:\/\/boardgeneration.ch\/fr\/silvaplana-winter-opening\/\" \/>\n<meta property=\"og:site_name\" content=\"Board Generation\" \/>\n<meta property=\"article:publisher\" content=\"https:\/\/www.facebook.com\/boardgeneration.ch\" \/>\n<meta property=\"article:published_time\" content=\"2024-10-23T13:52:07+00:00\" \/>\n<meta property=\"article:modified_time\" content=\"2024-10-28T14:03:36+00:00\" \/>\n<meta property=\"og:image\" content=\"https:\/\/boardgeneration.ch\/wp-content\/uploads\/2024\/10\/2023_Silvaplana-Corvatsch_Freestyle_Winter_byFabianGattlen-R5_C7446.jpg\" \/>\n\t<meta property=\"og:image:width\" content=\"2362\" \/>\n\t<meta property=\"og:image:height\" content=\"1576\" \/>\n\t<meta property=\"og:image:type\" content=\"image\/jpeg\" \/>\n<meta name=\"author\" content=\"Pressedienst\" \/>\n<meta name=\"twitter:card\" content=\"summary_large_image\" \/>\n<meta name=\"twitter:creator\" content=\"@boardgen\" \/>\n<meta name=\"twitter:site\" content=\"@boardgen\" \/>\n<meta name=\"twitter:label1\" content=\"\u00c9crit par\" \/>\n\t<meta name=\"twitter:data1\" content=\"Pressedienst\" \/>\n\t<meta name=\"twitter:label2\" content=\"Dur\u00e9e de lecture estim\u00e9e\" \/>\n\t<meta name=\"twitter:data2\" content=\"3 minutes\" \/>\n<script type=\"application\/ld+json\" class=\"yoast-schema-graph\">{\"@context\":\"https:\/\/schema.org\",\"@graph\":[{\"@type\":\"Article\",\"@id\":\"https:\/\/boardgeneration.ch\/silvaplana-winter-opening\/#article\",\"isPartOf\":{\"@id\":\"https:\/\/boardgeneration.ch\/silvaplana-winter-opening\/\"},\"author\":{\"name\":\"Pressedienst\",\"@id\":\"https:\/\/boardgeneration.ch\/#\/schema\/person\/4727ac7b918c1fd9879a564a16734f2c\"},\"headline\":\"Silvaplana Winter Opening\",\"datePublished\":\"2024-10-23T13:52:07+00:00\",\"dateModified\":\"2024-10-28T14:03:36+00:00\",\"mainEntityOfPage\":{\"@id\":\"https:\/\/boardgeneration.ch\/silvaplana-winter-opening\/\"},\"wordCount\":391,\"commentCount\":0,\"publisher\":{\"@id\":\"https:\/\/boardgeneration.ch\/#organization\"},\"image\":{\"@id\":\"https:\/\/boardgeneration.ch\/silvaplana-winter-opening\/#primaryimage\"},\"thumbnailUrl\":\"https:\/\/boardgeneration.ch\/wp-content\/uploads\/2024\/10\/2023_Silvaplana-Corvatsch_Freestyle_Winter_byFabianGattlen-R5_C7446.jpg\",\"keywords\":[\"Coaching\",\"Contest\",\"Snowboarder\"],\"articleSection\":[\"Uncategorized\"],\"inLanguage\":\"fr-FR\",\"potentialAction\":[{\"@type\":\"CommentAction\",\"name\":\"Comment\",\"target\":[\"https:\/\/boardgeneration.ch\/silvaplana-winter-opening\/#respond\"]}]},{\"@type\":\"WebPage\",\"@id\":\"https:\/\/boardgeneration.ch\/silvaplana-winter-opening\/\",\"url\":\"https:\/\/boardgeneration.ch\/silvaplana-winter-opening\/\",\"name\":\"Silvaplana Winter Opening - Board Generation\",\"isPartOf\":{\"@id\":\"https:\/\/boardgeneration.ch\/#website\"},\"primaryImageOfPage\":{\"@id\":\"https:\/\/boardgeneration.ch\/silvaplana-winter-opening\/#primaryimage\"},\"image\":{\"@id\":\"https:\/\/boardgeneration.ch\/silvaplana-winter-opening\/#primaryimage\"},\"thumbnailUrl\":\"https:\/\/boardgeneration.ch\/wp-content\/uploads\/2024\/10\/2023_Silvaplana-Corvatsch_Freestyle_Winter_byFabianGattlen-R5_C7446.jpg\",\"datePublished\":\"2024-10-23T13:52:07+00:00\",\"dateModified\":\"2024-10-28T14:03:36+00:00\",\"breadcrumb\":{\"@id\":\"https:\/\/boardgeneration.ch\/silvaplana-winter-opening\/#breadcrumb\"},\"inLanguage\":\"fr-FR\",\"potentialAction\":[{\"@type\":\"ReadAction\",\"target\":[\"https:\/\/boardgeneration.ch\/silvaplana-winter-opening\/\"]}]},{\"@type\":\"ImageObject\",\"inLanguage\":\"fr-FR\",\"@id\":\"https:\/\/boardgeneration.ch\/silvaplana-winter-opening\/#primaryimage\",\"url\":\"https:\/\/boardgeneration.ch\/wp-content\/uploads\/2024\/10\/2023_Silvaplana-Corvatsch_Freestyle_Winter_byFabianGattlen-R5_C7446.jpg\",\"contentUrl\":\"https:\/\/boardgeneration.ch\/wp-content\/uploads\/2024\/10\/2023_Silvaplana-Corvatsch_Freestyle_Winter_byFabianGattlen-R5_C7446.jpg\",\"width\":2362,\"height\":1576},{\"@type\":\"BreadcrumbList\",\"@id\":\"https:\/\/boardgeneration.ch\/silvaplana-winter-opening\/#breadcrumb\",\"itemListElement\":[{\"@type\":\"ListItem\",\"position\":1,\"name\":\"Startseite\",\"item\":\"https:\/\/boardgeneration.ch\/\"},{\"@type\":\"ListItem\",\"position\":2,\"name\":\"Silvaplana Winter Opening\"}]},{\"@type\":\"WebSite\",\"@id\":\"https:\/\/boardgeneration.ch\/#website\",\"url\":\"https:\/\/boardgeneration.ch\/\",\"name\":\"board generation\",\"description\":\"Back to the Roots\",\"publisher\":{\"@id\":\"https:\/\/boardgeneration.ch\/#organization\"},\"potentialAction\":[{\"@type\":\"SearchAction\",\"target\":{\"@type\":\"EntryPoint\",\"urlTemplate\":\"https:\/\/boardgeneration.ch\/?s={search_term_string}\"},\"query-input\":{\"@type\":\"PropertyValueSpecification\",\"valueRequired\":true,\"valueName\":\"search_term_string\"}}],\"inLanguage\":\"fr-FR\"},{\"@type\":\"Organization\",\"@id\":\"https:\/\/boardgeneration.ch\/#organization\",\"name\":\"board generation\",\"url\":\"https:\/\/boardgeneration.ch\/\",\"logo\":{\"@type\":\"ImageObject\",\"inLanguage\":\"fr-FR\",\"@id\":\"https:\/\/boardgeneration.ch\/#\/schema\/logo\/image\/\",\"url\":\"https:\/\/boardgeneration.ch\/wp-content\/uploads\/2019\/01\/bg-logo_mit_Text.png\",\"contentUrl\":\"https:\/\/boardgeneration.ch\/wp-content\/uploads\/2019\/01\/bg-logo_mit_Text.png\",\"width\":1040,\"height\":1155,\"caption\":\"board generation\"},\"image\":{\"@id\":\"https:\/\/boardgeneration.ch\/#\/schema\/logo\/image\/\"},\"sameAs\":[\"https:\/\/www.facebook.com\/boardgeneration.ch\",\"https:\/\/x.com\/boardgen\",\"https:\/\/www.instagram.com\/boardgen\/\"]},{\"@type\":\"Person\",\"@id\":\"https:\/\/boardgeneration.ch\/#\/schema\/person\/4727ac7b918c1fd9879a564a16734f2c\",\"name\":\"Pressedienst\",\"image\":{\"@type\":\"ImageObject\",\"inLanguage\":\"fr-FR\",\"@id\":\"https:\/\/boardgeneration.ch\/#\/schema\/person\/image\/\",\"url\":\"https:\/\/boardgeneration.ch\/wp-content\/uploads\/2019\/10\/Pile-of-letters-96x96.jpg\",\"contentUrl\":\"https:\/\/boardgeneration.ch\/wp-content\/uploads\/2019\/10\/Pile-of-letters-96x96.jpg\",\"caption\":\"Pressedienst\"},\"url\":\"https:\/\/boardgeneration.ch\/fr\/author\/pressedienst\/\"}]}<\/script>\n<!-- \/ Yoast SEO plugin. -->","yoast_head_json":{"title":"Silvaplana Winter Opening - Board Generation","robots":{"index":"index","follow":"follow","max-snippet":"max-snippet:-1","max-image-preview":"max-image-preview:large","max-video-preview":"max-video-preview:-1"},"canonical":"https:\/\/boardgeneration.ch\/fr\/silvaplana-winter-opening\/","og_locale":"fr_FR","og_type":"article","og_title":"Silvaplana Winter Opening - Board Generation","og_description":"\u201aSave the Date\u2018 fu\u0308r die zweite Auflage des Silvaplana Winter Openings, mit dem Silvaplana und der Corvatsch, Engadins Freestyle-Eldorado, gemeinsam in den Winter starten. Eine Wintersaison, die viel Aufregendes zu bieten hat, unter anderem die Freestyle WM mit Titelentscheidungen am Corvatsch im M\u00e4rz 2025. Grund genug, mit einem bunten Programm das Er\u00f6ffnungswochenende vom 22.\u2013 24. [&hellip;]","og_url":"https:\/\/boardgeneration.ch\/fr\/silvaplana-winter-opening\/","og_site_name":"Board Generation","article_publisher":"https:\/\/www.facebook.com\/boardgeneration.ch","article_published_time":"2024-10-23T13:52:07+00:00","article_modified_time":"2024-10-28T14:03:36+00:00","og_image":[{"width":2362,"height":1576,"url":"https:\/\/boardgeneration.ch\/wp-content\/uploads\/2024\/10\/2023_Silvaplana-Corvatsch_Freestyle_Winter_byFabianGattlen-R5_C7446.jpg","type":"image\/jpeg"}],"author":"Pressedienst","twitter_card":"summary_large_image","twitter_creator":"@boardgen","twitter_site":"@boardgen","twitter_misc":{"\u00c9crit par":"Pressedienst","Dur\u00e9e de lecture estim\u00e9e":"3 minutes"},"schema":{"@context":"https:\/\/schema.org","@graph":[{"@type":"Article","@id":"https:\/\/boardgeneration.ch\/silvaplana-winter-opening\/#article","isPartOf":{"@id":"https:\/\/boardgeneration.ch\/silvaplana-winter-opening\/"},"author":{"name":"Pressedienst","@id":"https:\/\/boardgeneration.ch\/#\/schema\/person\/4727ac7b918c1fd9879a564a16734f2c"},"headline":"Silvaplana Winter Opening","datePublished":"2024-10-23T13:52:07+00:00","dateModified":"2024-10-28T14:03:36+00:00","mainEntityOfPage":{"@id":"https:\/\/boardgeneration.ch\/silvaplana-winter-opening\/"},"wordCount":391,"commentCount":0,"publisher":{"@id":"https:\/\/boardgeneration.ch\/#organization"},"image":{"@id":"https:\/\/boardgeneration.ch\/silvaplana-winter-opening\/#primaryimage"},"thumbnailUrl":"https:\/\/boardgeneration.ch\/wp-content\/uploads\/2024\/10\/2023_Silvaplana-Corvatsch_Freestyle_Winter_byFabianGattlen-R5_C7446.jpg","keywords":["Coaching","Contest","Snowboarder"],"articleSection":["Uncategorized"],"inLanguage":"fr-FR","potentialAction":[{"@type":"CommentAction","name":"Comment","target":["https:\/\/boardgeneration.ch\/silvaplana-winter-opening\/#respond"]}]},{"@type":"WebPage","@id":"https:\/\/boardgeneration.ch\/silvaplana-winter-opening\/","url":"https:\/\/boardgeneration.ch\/silvaplana-winter-opening\/","name":"Silvaplana Winter Opening - Board Generation","isPartOf":{"@id":"https:\/\/boardgeneration.ch\/#website"},"primaryImageOfPage":{"@id":"https:\/\/boardgeneration.ch\/silvaplana-winter-opening\/#primaryimage"},"image":{"@id":"https:\/\/boardgeneration.ch\/silvaplana-winter-opening\/#primaryimage"},"thumbnailUrl":"https:\/\/boardgeneration.ch\/wp-content\/uploads\/2024\/10\/2023_Silvaplana-Corvatsch_Freestyle_Winter_byFabianGattlen-R5_C7446.jpg","datePublished":"2024-10-23T13:52:07+00:00","dateModified":"2024-10-28T14:03:36+00:00","breadcrumb":{"@id":"https:\/\/boardgeneration.ch\/silvaplana-winter-opening\/#breadcrumb"},"inLanguage":"fr-FR","potentialAction":[{"@type":"ReadAction","target":["https:\/\/boardgeneration.ch\/silvaplana-winter-opening\/"]}]},{"@type":"ImageObject","inLanguage":"fr-FR","@id":"https:\/\/boardgeneration.ch\/silvaplana-winter-opening\/#primaryimage","url":"https:\/\/boardgeneration.ch\/wp-content\/uploads\/2024\/10\/2023_Silvaplana-Corvatsch_Freestyle_Winter_byFabianGattlen-R5_C7446.jpg","contentUrl":"https:\/\/boardgeneration.ch\/wp-content\/uploads\/2024\/10\/2023_Silvaplana-Corvatsch_Freestyle_Winter_byFabianGattlen-R5_C7446.jpg","width":2362,"height":1576},{"@type":"BreadcrumbList","@id":"https:\/\/boardgeneration.ch\/silvaplana-winter-opening\/#breadcrumb","itemListElement":[{"@type":"ListItem","position":1,"name":"Startseite","item":"https:\/\/boardgeneration.ch\/"},{"@type":"ListItem","position":2,"name":"Silvaplana Winter Opening"}]},{"@type":"WebSite","@id":"https:\/\/boardgeneration.ch\/#website","url":"https:\/\/boardgeneration.ch\/","name":"g\u00e9n\u00e9ration de conseils","description":"Retour aux sources","publisher":{"@id":"https:\/\/boardgeneration.ch\/#organization"},"potentialAction":[{"@type":"SearchAction","target":{"@type":"EntryPoint","urlTemplate":"https:\/\/boardgeneration.ch\/?s={search_term_string}"},"query-input":{"@type":"PropertyValueSpecification","valueRequired":true,"valueName":"search_term_string"}}],"inLanguage":"fr-FR"},{"@type":"Organization","@id":"https:\/\/boardgeneration.ch\/#organization","name":"g\u00e9n\u00e9ration de conseils","url":"https:\/\/boardgeneration.ch\/","logo":{"@type":"ImageObject","inLanguage":"fr-FR","@id":"https:\/\/boardgeneration.ch\/#\/schema\/logo\/image\/","url":"https:\/\/boardgeneration.ch\/wp-content\/uploads\/2019\/01\/bg-logo_mit_Text.png","contentUrl":"https:\/\/boardgeneration.ch\/wp-content\/uploads\/2019\/01\/bg-logo_mit_Text.png","width":1040,"height":1155,"caption":"board generation"},"image":{"@id":"https:\/\/boardgeneration.ch\/#\/schema\/logo\/image\/"},"sameAs":["https:\/\/www.facebook.com\/boardgeneration.ch","https:\/\/x.com\/boardgen","https:\/\/www.instagram.com\/boardgen\/"]},{"@type":"Person","@id":"https:\/\/boardgeneration.ch\/#\/schema\/person\/4727ac7b918c1fd9879a564a16734f2c","name":"Service de presse","image":{"@type":"ImageObject","inLanguage":"fr-FR","@id":"https:\/\/boardgeneration.ch\/#\/schema\/person\/image\/","url":"https:\/\/boardgeneration.ch\/wp-content\/uploads\/2019\/10\/Pile-of-letters-96x96.jpg","contentUrl":"https:\/\/boardgeneration.ch\/wp-content\/uploads\/2019\/10\/Pile-of-letters-96x96.jpg","caption":"Pressedienst"},"url":"https:\/\/boardgeneration.ch\/fr\/author\/pressedienst\/"}]}},"jetpack_featured_media_url":"https:\/\/boardgeneration.ch\/wp-content\/uploads\/2024\/10\/2023_Silvaplana-Corvatsch_Freestyle_Winter_byFabianGattlen-R5_C7446.jpg","jetpack_sharing_enabled":true,"amp_enabled":true,"_links":{"self":[{"href":"https:\/\/boardgeneration.ch\/fr\/wp-json\/wp\/v2\/posts\/7854","targetHints":{"allow":["GET"]}}],"collection":[{"href":"https:\/\/boardgeneration.ch\/fr\/wp-json\/wp\/v2\/posts"}],"about":[{"href":"https:\/\/boardgeneration.ch\/fr\/wp-json\/wp\/v2\/types\/post"}],"author":[{"embeddable":true,"href":"https:\/\/boardgeneration.ch\/fr\/wp-json\/wp\/v2\/users\/3"}],"replies":[{"embeddable":true,"href":"https:\/\/boardgeneration.ch\/fr\/wp-json\/wp\/v2\/comments?post=7854"}],"version-history":[{"count":2,"href":"https:\/\/boardgeneration.ch\/fr\/wp-json\/wp\/v2\/posts\/7854\/revisions"}],"predecessor-version":[{"id":7857,"href":"https:\/\/boardgeneration.ch\/fr\/wp-json\/wp\/v2\/posts\/7854\/revisions\/7857"}],"wp:featuredmedia":[{"embeddable":true,"href":"https:\/\/boardgeneration.ch\/fr\/wp-json\/wp\/v2\/media\/7851"}],"wp:attachment":[{"href":"https:\/\/boardgeneration.ch\/fr\/wp-json\/wp\/v2\/media?parent=7854"}],"wp:term":[{"taxonomy":"category","embeddable":true,"href":"https:\/\/boardgeneration.ch\/fr\/wp-json\/wp\/v2\/categories?post=7854"},{"taxonomy":"post_tag","embeddable":true,"href":"https:\/\/boardgeneration.ch\/fr\/wp-json\/wp\/v2\/tags?post=7854"}],"curies":[{"name":"wp","href":"https:\/\/api.w.org\/{rel}","templated":true}]}}