{"id":7907,"date":"2024-11-25T08:39:55","date_gmt":"2024-11-25T07:39:55","guid":{"rendered":"https:\/\/boardgeneration.ch\/?p=7907"},"modified":"2024-11-30T08:46:41","modified_gmt":"2024-11-30T07:46:41","slug":"drittes-snowfest-insbruck","status":"publish","type":"post","link":"https:\/\/boardgeneration.ch\/fr\/drittes-snowfest-insbruck\/","title":{"rendered":"Troisi\u00e8me Snowfest d'Insbruck"},"content":{"rendered":"<span class=\"span-reading-time rt-reading-time\" style=\"display: block;\"><span class=\"rt-label rt-prefix\">Le temps de la lecture : <\/span> <span class=\"rt-time\"> 3<\/span> <span class=\"rt-label rt-postfix\">proc\u00e8s-verbal<\/span><\/span>\n<p><strong>Paula Benito\/SPA, Moritz Amsuess\/AUT (snowboard), Tereza Korabova\/CZE et Ryan Stevenson\/USA (ski) remportent les titres Rock A Rail Innsbruck 2024<\/strong><\/p>\n\n\n\n<p>Le week-end du 22 au 24 novembre sera enti\u00e8rement plac\u00e9 sous le signe des sports d'hiver. Pour la troisi\u00e8me fois, le Snowfest Innsbruck se d\u00e9roulera sur l'esplanade du Tiroler Landestheater avec le d\u00e9cor pittoresque de la Nordkette en arri\u00e8re-plan et suscitera l'enthousiasme avec le <strong>Concours de ski et de snowboard Rock A Rail<\/strong> le public qui se d\u00e9place en masse. Les snowboarders et les freeskieurs allument un feu d'artifice de tricks sur le nouveau setup du Rock A Rail et provoquent de nombreux moments de \"waouh\". Les titres du Rock A Rail Innsbruck ont \u00e9t\u00e9 remport\u00e9s par Paula Benito (SPA) et Moritz Amsuess (AUT) chez les snowboarders. Tereza Korabova (CZE) et Ryan Stevenson (USA) remportent le Rock A Rail Ski.<\/p>\n\n\n\n<figure class=\"wp-block-image size-large\"><img loading=\"lazy\" decoding=\"async\" width=\"1024\" height=\"683\" data-attachment-id=\"7905\" data-permalink=\"https:\/\/boardgeneration.ch\/fr\/srii9461_snowfest_ibk_impressions_by_simonrainer\/\" data-orig-file=\"https:\/\/boardgeneration.ch\/wp-content\/uploads\/2024\/11\/SRII9461_Snowfest_IBK_impressions_by_simonrainer-scaled.jpg\" data-orig-size=\"2560,1708\" data-comments-opened=\"1\" data-image-meta=\"{&quot;aperture&quot;:&quot;2.8&quot;,&quot;credit&quot;:&quot;SIMON RAINER PHOTOGRAPHER&quot;,&quot;camera&quot;:&quot;Canon EOS R5&quot;,&quot;caption&quot;:&quot;&quot;,&quot;created_timestamp&quot;:&quot;1732303547&quot;,&quot;copyright&quot;:&quot;simonrainer.com&quot;,&quot;focal_length&quot;:&quot;24&quot;,&quot;iso&quot;:&quot;4000&quot;,&quot;shutter_speed&quot;:&quot;0.002&quot;,&quot;title&quot;:&quot;&quot;,&quot;orientation&quot;:&quot;0&quot;}\" data-image-title=\"SRII9461_Snowfest_IBK_impressions_by_simonrainer\" data-image-description=\"\" data-image-caption=\"\" data-medium-file=\"https:\/\/boardgeneration.ch\/wp-content\/uploads\/2024\/11\/SRII9461_Snowfest_IBK_impressions_by_simonrainer-300x200.jpg\" data-large-file=\"https:\/\/boardgeneration.ch\/wp-content\/uploads\/2024\/11\/SRII9461_Snowfest_IBK_impressions_by_simonrainer-1024x683.jpg\" src=\"https:\/\/boardgeneration.ch\/wp-content\/uploads\/2024\/11\/SRII9461_Snowfest_IBK_impressions_by_simonrainer-1024x683.jpg\" alt=\"\" class=\"wp-image-7905\" srcset=\"https:\/\/boardgeneration.ch\/wp-content\/uploads\/2024\/11\/SRII9461_Snowfest_IBK_impressions_by_simonrainer-1024x683.jpg 1024w, https:\/\/boardgeneration.ch\/wp-content\/uploads\/2024\/11\/SRII9461_Snowfest_IBK_impressions_by_simonrainer-300x200.jpg 300w, https:\/\/boardgeneration.ch\/wp-content\/uploads\/2024\/11\/SRII9461_Snowfest_IBK_impressions_by_simonrainer-768x512.jpg 768w, https:\/\/boardgeneration.ch\/wp-content\/uploads\/2024\/11\/SRII9461_Snowfest_IBK_impressions_by_simonrainer-1536x1025.jpg 1536w, https:\/\/boardgeneration.ch\/wp-content\/uploads\/2024\/11\/SRII9461_Snowfest_IBK_impressions_by_simonrainer-2048x1366.jpg 2048w, https:\/\/boardgeneration.ch\/wp-content\/uploads\/2024\/11\/SRII9461_Snowfest_IBK_impressions_by_simonrainer-18x12.jpg 18w\" sizes=\"auto, (max-width: 1024px) 100vw, 1024px\" \/><figcaption><span class=\"media-credit\">\u00a9 by SIMON RAINER PHOTOGRAPHER<\/span><\/figcaption><\/figure>\n\n\n\n<p><strong>ROCK A RAIL SKI &amp; SNOWBOARD <\/strong>- La deuxi\u00e8me \u00e9tape du Rock A Rail Tour 2024, apr\u00e8s Thoune \u00e0 la mi-octobre, accueillera un plateau illustre compos\u00e9 des meilleurs jibbers du monde, dont des vainqueurs de la Coupe du monde et des locaux. Cinquante snowboarders et freeskieurs de 23 pays diff\u00e9rents prendront Innsbruck d'assaut avec des tricks explosifs et cr\u00e9atifs.<\/p>\n\n\n\n<p>Le vendredi, ce sont les snowboardeurs qui ouvriront le bal en montrant ce qu'il est possible de faire avec une planche sur le setup, appel\u00e9 \"Rock A Rail Cage\". Chez les femmes, l'Espagnole Paula Benito a une fois de plus convaincu. Elle est v\u00e9ritablement la reine du Rock A Rail, puisqu'elle a remport\u00e9 sa premi\u00e8re victoire au Rock A Rail Tour en 2023 et qu'elle est mont\u00e9e sur la deuxi\u00e8me marche du podium lors de la premi\u00e8re \u00e9tape \u00e0 Thoune cette ann\u00e9e. Elle a convaincu les juges avec un front blunt indy styl\u00e9 et un frontside 180 switch 50-50 half cab out d\u00e9lirant. Anne-Sophie Lechon (BEL) s'empare souverainement de la deuxi\u00e8me place. La jeune autrichienne Selin Lakatha se hisse \u00e0 la troisi\u00e8me place pour le plus grand plaisir du public : \"Je suis arriv\u00e9e troisi\u00e8me de mani\u00e8re inattendue, ce qui me fait \u00e9norm\u00e9ment plaisir. C'\u00e9tait vraiment un d\u00e9fi pour moi, mais aussi une tr\u00e8s bonne exp\u00e9rience\". Chez les hommes, Moritz Amsuess est le premier vainqueur autrichien de l'Innsbruck. Il s'attaque \u00e0 chaque rail et feature et impressionne avec un Cab 270 Pretzel out et un 50-50 to backside lipslide. Il se r\u00e9jouit d'avoir gagn\u00e9 chez lui : \"C'est un sentiment m\u00e9ga d'\u00eatre sur le podium, chez soi avec tous ses homies dans la foule. Que peut-on demander de plus ?\" La deuxi\u00e8me place revient \u00e0 l'Am\u00e9ricain Nate Haust, qui s'\u00e9tait d\u00e9j\u00e0 illustr\u00e9 en remportant les qualifications. Le podium est compl\u00e9t\u00e9 par Petr Ershov (RUS), qui convainc par son flow et son style.<\/p>\n\n\n\n<figure class=\"wp-block-image size-large\"><img loading=\"lazy\" decoding=\"async\" width=\"1024\" height=\"683\" data-attachment-id=\"7904\" data-permalink=\"https:\/\/boardgeneration.ch\/fr\/srii9690_snowfest_ibk_sb_top-3-men_by_simonrainer\/\" data-orig-file=\"https:\/\/boardgeneration.ch\/wp-content\/uploads\/2024\/11\/SRII9690_Snowfest_IBK_SB_Top-3-Men_by_simonrainer.jpg\" data-orig-size=\"1890,1261\" data-comments-opened=\"1\" data-image-meta=\"{&quot;aperture&quot;:&quot;2.8&quot;,&quot;credit&quot;:&quot;SIMON RAINER PHOTOGRAPHER&quot;,&quot;camera&quot;:&quot;Canon EOS R5&quot;,&quot;caption&quot;:&quot;&quot;,&quot;created_timestamp&quot;:&quot;1732305259&quot;,&quot;copyright&quot;:&quot;simonrainer.com&quot;,&quot;focal_length&quot;:&quot;15&quot;,&quot;iso&quot;:&quot;640&quot;,&quot;shutter_speed&quot;:&quot;0.005&quot;,&quot;title&quot;:&quot;&quot;,&quot;orientation&quot;:&quot;1&quot;}\" data-image-title=\"SRII9690_Snowfest_IBK_SB_Top 3 Men_by_simonrainer\" data-image-description=\"\" data-image-caption=\"\" data-medium-file=\"https:\/\/boardgeneration.ch\/wp-content\/uploads\/2024\/11\/SRII9690_Snowfest_IBK_SB_Top-3-Men_by_simonrainer-300x200.jpg\" data-large-file=\"https:\/\/boardgeneration.ch\/wp-content\/uploads\/2024\/11\/SRII9690_Snowfest_IBK_SB_Top-3-Men_by_simonrainer-1024x683.jpg\" src=\"https:\/\/boardgeneration.ch\/wp-content\/uploads\/2024\/11\/SRII9690_Snowfest_IBK_SB_Top-3-Men_by_simonrainer-1024x683.jpg\" alt=\"\" class=\"wp-image-7904\" srcset=\"https:\/\/boardgeneration.ch\/wp-content\/uploads\/2024\/11\/SRII9690_Snowfest_IBK_SB_Top-3-Men_by_simonrainer-1024x683.jpg 1024w, https:\/\/boardgeneration.ch\/wp-content\/uploads\/2024\/11\/SRII9690_Snowfest_IBK_SB_Top-3-Men_by_simonrainer-300x200.jpg 300w, https:\/\/boardgeneration.ch\/wp-content\/uploads\/2024\/11\/SRII9690_Snowfest_IBK_SB_Top-3-Men_by_simonrainer-768x512.jpg 768w, https:\/\/boardgeneration.ch\/wp-content\/uploads\/2024\/11\/SRII9690_Snowfest_IBK_SB_Top-3-Men_by_simonrainer-1536x1025.jpg 1536w, https:\/\/boardgeneration.ch\/wp-content\/uploads\/2024\/11\/SRII9690_Snowfest_IBK_SB_Top-3-Men_by_simonrainer-18x12.jpg 18w, https:\/\/boardgeneration.ch\/wp-content\/uploads\/2024\/11\/SRII9690_Snowfest_IBK_SB_Top-3-Men_by_simonrainer.jpg 1890w\" sizes=\"auto, (max-width: 1024px) 100vw, 1024px\" \/><figcaption><span class=\"media-credit\">\u00a9 by SIMON RAINER PHOTOGRAPHER<\/span><\/figcaption><\/figure>\n\n\n\n<p>Le samedi, les freeskieurs sont sous les feux des projecteurs et offrent un incroyable spectacle de tricks, faisant chavirer le public. Huit dames rel\u00e8vent le d\u00e9fi et montrent de mani\u00e8re souveraine \u00e0 quel point le nouveau setup est amusant. Tereza Korabova (CZE) se d\u00e9marque avec ses tricks et se r\u00e9jouit du titre : \"Le nouveau setup est tellement amusant, c'\u00e9tait tr\u00e8s cool de rider avec toutes ces filles. Et toutes ont vraiment mis les gaz\". La Fran\u00e7aise Alais Develay termine deuxi\u00e8me pour sa premi\u00e8re Rock A Rail, et derri\u00e8re elle, l'Espagnole Mar\u00eda Estuu prend la troisi\u00e8me place. Chez les hommes, les tricks sont nombreux et ne facilitent pas la t\u00e2che des juges. Finalement, c'est l'Am\u00e9ricain Ryan Stevenson qui remporte la victoire, en s'appropriant le setup : \"Je suis un peu sans voix en ce moment. C'est \u00e9norme pour moi ! Merci \u00e0 la communaut\u00e9, merci Innsbruck, merci Rock A Rail\" ! Son compatriote Tucker Fitzsimons s'est assur\u00e9 la deuxi\u00e8me place devant Petr Ershov (RUS) \u00e0 la troisi\u00e8me place.<\/p>\n\n\n\n<p>Le Snowfest se d\u00e9place maintenant pour la grande finale du Rock A Rail Ski &amp; Snowboard Tour 2024, qui aura lieu du 6 au 8 d\u00e9cembre \u00e0 La Haye.<\/p>\n\n\n\n<p><strong>SNOWFEST VILLAGE - ESSAYER &amp; S'INFORMER<\/strong> - \u00c0 c\u00f4t\u00e9 de la rampe Rock A Rail se trouve le Snowfest Village, qui repr\u00e9sente le monde color\u00e9 des sports d'hiver. On peut y faire du snowboard, tester son sens de l'\u00e9quilibre, essayer des skibobs, s'informer aupr\u00e8s de la SAAC sur les camps d'avalanche ou s'essayer au simulateur de descente. Il y a une forte affluence tout au long du week-end. Le dimanche, le village est \u00e9galement bien fr\u00e9quent\u00e9, tandis que sur la rampe de neige, les enfants et les adolescents sont au centre de l'attention et s'essaient aux rails d\u00e9samorc\u00e9s. Le setup a \u00e9t\u00e9 transform\u00e9 pendant la nuit sp\u00e9cialement \u00e0 cet effet.<\/p>\n\n\n\n<figure class=\"wp-block-image size-large\"><img loading=\"lazy\" decoding=\"async\" width=\"1024\" height=\"683\" data-attachment-id=\"7903\" data-permalink=\"https:\/\/boardgeneration.ch\/fr\/srii0359_snowfest_ibk_impressions_by_simonrainer\/\" data-orig-file=\"https:\/\/boardgeneration.ch\/wp-content\/uploads\/2024\/11\/SRII0359_Snowfest_IBK_impressions_by_simonrainer-scaled.jpg\" data-orig-size=\"2560,1708\" data-comments-opened=\"1\" data-image-meta=\"{&quot;aperture&quot;:&quot;2.8&quot;,&quot;credit&quot;:&quot;SIMON RAINER PHOTOGRAPHER&quot;,&quot;camera&quot;:&quot;Canon EOS R5&quot;,&quot;caption&quot;:&quot;&quot;,&quot;created_timestamp&quot;:&quot;1732375900&quot;,&quot;copyright&quot;:&quot;simonrainer.com&quot;,&quot;focal_length&quot;:&quot;19&quot;,&quot;iso&quot;:&quot;1000&quot;,&quot;shutter_speed&quot;:&quot;0.0008&quot;,&quot;title&quot;:&quot;&quot;,&quot;orientation&quot;:&quot;0&quot;}\" data-image-title=\"SRII0359_Snowfest_IBK_impressions_by_simonrainer\" data-image-description=\"\" data-image-caption=\"\" data-medium-file=\"https:\/\/boardgeneration.ch\/wp-content\/uploads\/2024\/11\/SRII0359_Snowfest_IBK_impressions_by_simonrainer-300x200.jpg\" data-large-file=\"https:\/\/boardgeneration.ch\/wp-content\/uploads\/2024\/11\/SRII0359_Snowfest_IBK_impressions_by_simonrainer-1024x683.jpg\" src=\"https:\/\/boardgeneration.ch\/wp-content\/uploads\/2024\/11\/SRII0359_Snowfest_IBK_impressions_by_simonrainer-1024x683.jpg\" alt=\"\" class=\"wp-image-7903\" srcset=\"https:\/\/boardgeneration.ch\/wp-content\/uploads\/2024\/11\/SRII0359_Snowfest_IBK_impressions_by_simonrainer-1024x683.jpg 1024w, https:\/\/boardgeneration.ch\/wp-content\/uploads\/2024\/11\/SRII0359_Snowfest_IBK_impressions_by_simonrainer-300x200.jpg 300w, https:\/\/boardgeneration.ch\/wp-content\/uploads\/2024\/11\/SRII0359_Snowfest_IBK_impressions_by_simonrainer-768x512.jpg 768w, https:\/\/boardgeneration.ch\/wp-content\/uploads\/2024\/11\/SRII0359_Snowfest_IBK_impressions_by_simonrainer-1536x1025.jpg 1536w, https:\/\/boardgeneration.ch\/wp-content\/uploads\/2024\/11\/SRII0359_Snowfest_IBK_impressions_by_simonrainer-2048x1366.jpg 2048w, https:\/\/boardgeneration.ch\/wp-content\/uploads\/2024\/11\/SRII0359_Snowfest_IBK_impressions_by_simonrainer-18x12.jpg 18w\" sizes=\"auto, (max-width: 1024px) 100vw, 1024px\" \/><figcaption><span class=\"media-credit\">\u00a9 by SIMON RAINER PHOTOGRAPHER<\/span><\/figcaption><\/figure>","protected":false},"excerpt":{"rendered":"<p>Paula Benito\/SPA, Moritz Amsuess\/AUT (Snowboard), Tereza Korabova\/CZE und Ryan Stevenson\/USA (Ski) holen sich die Rock A Rail Innsbruck Titel 2024 Das Wochenende vom 22. \u2013 24. November steht ganz im Zeichen des Wintersports. Zum dritten Mal geht das Snowfest Innsbruck am Vorplatz des Tiroler Landestheaters mit der malerischen Kulisse der Nordkette im Hintergrund \u00fcber die [&hellip;]<\/p>\n","protected":false},"author":3,"featured_media":7906,"comment_status":"open","ping_status":"open","sticky":false,"template":"","format":"standard","meta":{"_jetpack_memberships_contains_paid_content":false,"footnotes":""},"categories":[168,12],"tags":[32186,30750,11716,11698,11686,32182,22965],"class_list":["post-7907","post","type-post","status-publish","format-standard","has-post-thumbnail","hentry","category-contest","category-event","tag-board","tag-contest","tag-innsbruck","tag-kinder","tag-snowboard","tag-snowboarder","tag-womeninsnowboarding"],"yoast_head":"<!-- This site is optimized with the Yoast SEO plugin v26.8 - https:\/\/yoast.com\/product\/yoast-seo-wordpress\/ -->\n<title>Drittes Snowfest Insbruck - Board Generation<\/title>\n<meta name=\"robots\" content=\"index, follow, max-snippet:-1, max-image-preview:large, max-video-preview:-1\" \/>\n<link rel=\"canonical\" href=\"https:\/\/boardgeneration.ch\/fr\/drittes-snowfest-insbruck\/\" \/>\n<meta property=\"og:locale\" content=\"fr_FR\" \/>\n<meta property=\"og:type\" content=\"article\" \/>\n<meta property=\"og:title\" content=\"Drittes Snowfest Insbruck - Board Generation\" \/>\n<meta property=\"og:description\" content=\"Paula Benito\/SPA, Moritz Amsuess\/AUT (Snowboard), Tereza Korabova\/CZE und Ryan Stevenson\/USA (Ski) holen sich die Rock A Rail Innsbruck Titel 2024 Das Wochenende vom 22. \u2013 24. November steht ganz im Zeichen des Wintersports. Zum dritten Mal geht das Snowfest Innsbruck am Vorplatz des Tiroler Landestheaters mit der malerischen Kulisse der Nordkette im Hintergrund \u00fcber die [&hellip;]\" \/>\n<meta property=\"og:url\" content=\"https:\/\/boardgeneration.ch\/fr\/drittes-snowfest-insbruck\/\" \/>\n<meta property=\"og:site_name\" content=\"Board Generation\" \/>\n<meta property=\"article:publisher\" content=\"https:\/\/www.facebook.com\/boardgeneration.ch\" \/>\n<meta property=\"article:published_time\" content=\"2024-11-25T07:39:55+00:00\" \/>\n<meta property=\"article:modified_time\" content=\"2024-11-30T07:46:41+00:00\" \/>\n<meta property=\"og:image\" content=\"https:\/\/boardgeneration.ch\/wp-content\/uploads\/2024\/11\/Snowfest_IBK_SB_PaulaBenito_by-Fischi_MF_0435.jpg\" \/>\n\t<meta property=\"og:image:width\" content=\"2362\" \/>\n\t<meta property=\"og:image:height\" content=\"1575\" \/>\n\t<meta property=\"og:image:type\" content=\"image\/jpeg\" \/>\n<meta name=\"author\" content=\"Pressedienst\" \/>\n<meta name=\"twitter:card\" content=\"summary_large_image\" \/>\n<meta name=\"twitter:creator\" content=\"@boardgen\" \/>\n<meta name=\"twitter:site\" content=\"@boardgen\" \/>\n<meta name=\"twitter:label1\" content=\"\u00c9crit par\" \/>\n\t<meta name=\"twitter:data1\" content=\"Pressedienst\" \/>\n\t<meta name=\"twitter:label2\" content=\"Dur\u00e9e de lecture estim\u00e9e\" \/>\n\t<meta name=\"twitter:data2\" content=\"4 minutes\" \/>\n<script type=\"application\/ld+json\" class=\"yoast-schema-graph\">{\"@context\":\"https:\/\/schema.org\",\"@graph\":[{\"@type\":\"Article\",\"@id\":\"https:\/\/boardgeneration.ch\/drittes-snowfest-insbruck\/#article\",\"isPartOf\":{\"@id\":\"https:\/\/boardgeneration.ch\/drittes-snowfest-insbruck\/\"},\"author\":{\"name\":\"Pressedienst\",\"@id\":\"https:\/\/boardgeneration.ch\/#\/schema\/person\/4727ac7b918c1fd9879a564a16734f2c\"},\"headline\":\"Drittes Snowfest Insbruck\",\"datePublished\":\"2024-11-25T07:39:55+00:00\",\"dateModified\":\"2024-11-30T07:46:41+00:00\",\"mainEntityOfPage\":{\"@id\":\"https:\/\/boardgeneration.ch\/drittes-snowfest-insbruck\/\"},\"wordCount\":703,\"commentCount\":0,\"publisher\":{\"@id\":\"https:\/\/boardgeneration.ch\/#organization\"},\"image\":{\"@id\":\"https:\/\/boardgeneration.ch\/drittes-snowfest-insbruck\/#primaryimage\"},\"thumbnailUrl\":\"https:\/\/boardgeneration.ch\/wp-content\/uploads\/2024\/11\/Snowfest_IBK_SB_PaulaBenito_by-Fischi_MF_0435.jpg\",\"keywords\":[\"Board\",\"Contest\",\"Innsbruck\",\"Kinder\",\"Snowboard\",\"Snowboarder\",\"womeninsnowboarding\"],\"articleSection\":[\"contest\",\"event\"],\"inLanguage\":\"fr-FR\",\"potentialAction\":[{\"@type\":\"CommentAction\",\"name\":\"Comment\",\"target\":[\"https:\/\/boardgeneration.ch\/drittes-snowfest-insbruck\/#respond\"]}]},{\"@type\":\"WebPage\",\"@id\":\"https:\/\/boardgeneration.ch\/drittes-snowfest-insbruck\/\",\"url\":\"https:\/\/boardgeneration.ch\/drittes-snowfest-insbruck\/\",\"name\":\"Drittes Snowfest Insbruck - Board Generation\",\"isPartOf\":{\"@id\":\"https:\/\/boardgeneration.ch\/#website\"},\"primaryImageOfPage\":{\"@id\":\"https:\/\/boardgeneration.ch\/drittes-snowfest-insbruck\/#primaryimage\"},\"image\":{\"@id\":\"https:\/\/boardgeneration.ch\/drittes-snowfest-insbruck\/#primaryimage\"},\"thumbnailUrl\":\"https:\/\/boardgeneration.ch\/wp-content\/uploads\/2024\/11\/Snowfest_IBK_SB_PaulaBenito_by-Fischi_MF_0435.jpg\",\"datePublished\":\"2024-11-25T07:39:55+00:00\",\"dateModified\":\"2024-11-30T07:46:41+00:00\",\"breadcrumb\":{\"@id\":\"https:\/\/boardgeneration.ch\/drittes-snowfest-insbruck\/#breadcrumb\"},\"inLanguage\":\"fr-FR\",\"potentialAction\":[{\"@type\":\"ReadAction\",\"target\":[\"https:\/\/boardgeneration.ch\/drittes-snowfest-insbruck\/\"]}]},{\"@type\":\"ImageObject\",\"inLanguage\":\"fr-FR\",\"@id\":\"https:\/\/boardgeneration.ch\/drittes-snowfest-insbruck\/#primaryimage\",\"url\":\"https:\/\/boardgeneration.ch\/wp-content\/uploads\/2024\/11\/Snowfest_IBK_SB_PaulaBenito_by-Fischi_MF_0435.jpg\",\"contentUrl\":\"https:\/\/boardgeneration.ch\/wp-content\/uploads\/2024\/11\/Snowfest_IBK_SB_PaulaBenito_by-Fischi_MF_0435.jpg\",\"width\":2362,\"height\":1575,\"caption\":\"Paula Benito\"},{\"@type\":\"BreadcrumbList\",\"@id\":\"https:\/\/boardgeneration.ch\/drittes-snowfest-insbruck\/#breadcrumb\",\"itemListElement\":[{\"@type\":\"ListItem\",\"position\":1,\"name\":\"Startseite\",\"item\":\"https:\/\/boardgeneration.ch\/\"},{\"@type\":\"ListItem\",\"position\":2,\"name\":\"Drittes Snowfest Insbruck\"}]},{\"@type\":\"WebSite\",\"@id\":\"https:\/\/boardgeneration.ch\/#website\",\"url\":\"https:\/\/boardgeneration.ch\/\",\"name\":\"board generation\",\"description\":\"Back to the Roots\",\"publisher\":{\"@id\":\"https:\/\/boardgeneration.ch\/#organization\"},\"potentialAction\":[{\"@type\":\"SearchAction\",\"target\":{\"@type\":\"EntryPoint\",\"urlTemplate\":\"https:\/\/boardgeneration.ch\/?s={search_term_string}\"},\"query-input\":{\"@type\":\"PropertyValueSpecification\",\"valueRequired\":true,\"valueName\":\"search_term_string\"}}],\"inLanguage\":\"fr-FR\"},{\"@type\":\"Organization\",\"@id\":\"https:\/\/boardgeneration.ch\/#organization\",\"name\":\"board generation\",\"url\":\"https:\/\/boardgeneration.ch\/\",\"logo\":{\"@type\":\"ImageObject\",\"inLanguage\":\"fr-FR\",\"@id\":\"https:\/\/boardgeneration.ch\/#\/schema\/logo\/image\/\",\"url\":\"https:\/\/boardgeneration.ch\/wp-content\/uploads\/2019\/01\/bg-logo_mit_Text.png\",\"contentUrl\":\"https:\/\/boardgeneration.ch\/wp-content\/uploads\/2019\/01\/bg-logo_mit_Text.png\",\"width\":1040,\"height\":1155,\"caption\":\"board generation\"},\"image\":{\"@id\":\"https:\/\/boardgeneration.ch\/#\/schema\/logo\/image\/\"},\"sameAs\":[\"https:\/\/www.facebook.com\/boardgeneration.ch\",\"https:\/\/x.com\/boardgen\",\"https:\/\/www.instagram.com\/boardgen\/\"]},{\"@type\":\"Person\",\"@id\":\"https:\/\/boardgeneration.ch\/#\/schema\/person\/4727ac7b918c1fd9879a564a16734f2c\",\"name\":\"Pressedienst\",\"image\":{\"@type\":\"ImageObject\",\"inLanguage\":\"fr-FR\",\"@id\":\"https:\/\/boardgeneration.ch\/#\/schema\/person\/image\/\",\"url\":\"https:\/\/boardgeneration.ch\/wp-content\/uploads\/2019\/10\/Pile-of-letters-96x96.jpg\",\"contentUrl\":\"https:\/\/boardgeneration.ch\/wp-content\/uploads\/2019\/10\/Pile-of-letters-96x96.jpg\",\"caption\":\"Pressedienst\"},\"url\":\"https:\/\/boardgeneration.ch\/fr\/author\/pressedienst\/\"}]}<\/script>\n<!-- \/ Yoast SEO plugin. -->","yoast_head_json":{"title":"Drittes Snowfest Insbruck - Board Generation","robots":{"index":"index","follow":"follow","max-snippet":"max-snippet:-1","max-image-preview":"max-image-preview:large","max-video-preview":"max-video-preview:-1"},"canonical":"https:\/\/boardgeneration.ch\/fr\/drittes-snowfest-insbruck\/","og_locale":"fr_FR","og_type":"article","og_title":"Drittes Snowfest Insbruck - Board Generation","og_description":"Paula Benito\/SPA, Moritz Amsuess\/AUT (Snowboard), Tereza Korabova\/CZE und Ryan Stevenson\/USA (Ski) holen sich die Rock A Rail Innsbruck Titel 2024 Das Wochenende vom 22. \u2013 24. November steht ganz im Zeichen des Wintersports. Zum dritten Mal geht das Snowfest Innsbruck am Vorplatz des Tiroler Landestheaters mit der malerischen Kulisse der Nordkette im Hintergrund \u00fcber die [&hellip;]","og_url":"https:\/\/boardgeneration.ch\/fr\/drittes-snowfest-insbruck\/","og_site_name":"Board Generation","article_publisher":"https:\/\/www.facebook.com\/boardgeneration.ch","article_published_time":"2024-11-25T07:39:55+00:00","article_modified_time":"2024-11-30T07:46:41+00:00","og_image":[{"width":2362,"height":1575,"url":"https:\/\/boardgeneration.ch\/wp-content\/uploads\/2024\/11\/Snowfest_IBK_SB_PaulaBenito_by-Fischi_MF_0435.jpg","type":"image\/jpeg"}],"author":"Pressedienst","twitter_card":"summary_large_image","twitter_creator":"@boardgen","twitter_site":"@boardgen","twitter_misc":{"\u00c9crit par":"Pressedienst","Dur\u00e9e de lecture estim\u00e9e":"4 minutes"},"schema":{"@context":"https:\/\/schema.org","@graph":[{"@type":"Article","@id":"https:\/\/boardgeneration.ch\/drittes-snowfest-insbruck\/#article","isPartOf":{"@id":"https:\/\/boardgeneration.ch\/drittes-snowfest-insbruck\/"},"author":{"name":"Pressedienst","@id":"https:\/\/boardgeneration.ch\/#\/schema\/person\/4727ac7b918c1fd9879a564a16734f2c"},"headline":"Drittes Snowfest Insbruck","datePublished":"2024-11-25T07:39:55+00:00","dateModified":"2024-11-30T07:46:41+00:00","mainEntityOfPage":{"@id":"https:\/\/boardgeneration.ch\/drittes-snowfest-insbruck\/"},"wordCount":703,"commentCount":0,"publisher":{"@id":"https:\/\/boardgeneration.ch\/#organization"},"image":{"@id":"https:\/\/boardgeneration.ch\/drittes-snowfest-insbruck\/#primaryimage"},"thumbnailUrl":"https:\/\/boardgeneration.ch\/wp-content\/uploads\/2024\/11\/Snowfest_IBK_SB_PaulaBenito_by-Fischi_MF_0435.jpg","keywords":["Board","Contest","Innsbruck","Kinder","Snowboard","Snowboarder","womeninsnowboarding"],"articleSection":["contest","event"],"inLanguage":"fr-FR","potentialAction":[{"@type":"CommentAction","name":"Comment","target":["https:\/\/boardgeneration.ch\/drittes-snowfest-insbruck\/#respond"]}]},{"@type":"WebPage","@id":"https:\/\/boardgeneration.ch\/drittes-snowfest-insbruck\/","url":"https:\/\/boardgeneration.ch\/drittes-snowfest-insbruck\/","name":"Drittes Snowfest Insbruck - Board Generation","isPartOf":{"@id":"https:\/\/boardgeneration.ch\/#website"},"primaryImageOfPage":{"@id":"https:\/\/boardgeneration.ch\/drittes-snowfest-insbruck\/#primaryimage"},"image":{"@id":"https:\/\/boardgeneration.ch\/drittes-snowfest-insbruck\/#primaryimage"},"thumbnailUrl":"https:\/\/boardgeneration.ch\/wp-content\/uploads\/2024\/11\/Snowfest_IBK_SB_PaulaBenito_by-Fischi_MF_0435.jpg","datePublished":"2024-11-25T07:39:55+00:00","dateModified":"2024-11-30T07:46:41+00:00","breadcrumb":{"@id":"https:\/\/boardgeneration.ch\/drittes-snowfest-insbruck\/#breadcrumb"},"inLanguage":"fr-FR","potentialAction":[{"@type":"ReadAction","target":["https:\/\/boardgeneration.ch\/drittes-snowfest-insbruck\/"]}]},{"@type":"ImageObject","inLanguage":"fr-FR","@id":"https:\/\/boardgeneration.ch\/drittes-snowfest-insbruck\/#primaryimage","url":"https:\/\/boardgeneration.ch\/wp-content\/uploads\/2024\/11\/Snowfest_IBK_SB_PaulaBenito_by-Fischi_MF_0435.jpg","contentUrl":"https:\/\/boardgeneration.ch\/wp-content\/uploads\/2024\/11\/Snowfest_IBK_SB_PaulaBenito_by-Fischi_MF_0435.jpg","width":2362,"height":1575,"caption":"Paula Benito"},{"@type":"BreadcrumbList","@id":"https:\/\/boardgeneration.ch\/drittes-snowfest-insbruck\/#breadcrumb","itemListElement":[{"@type":"ListItem","position":1,"name":"Startseite","item":"https:\/\/boardgeneration.ch\/"},{"@type":"ListItem","position":2,"name":"Drittes Snowfest Insbruck"}]},{"@type":"WebSite","@id":"https:\/\/boardgeneration.ch\/#website","url":"https:\/\/boardgeneration.ch\/","name":"g\u00e9n\u00e9ration de conseils","description":"Retour aux sources","publisher":{"@id":"https:\/\/boardgeneration.ch\/#organization"},"potentialAction":[{"@type":"SearchAction","target":{"@type":"EntryPoint","urlTemplate":"https:\/\/boardgeneration.ch\/?s={search_term_string}"},"query-input":{"@type":"PropertyValueSpecification","valueRequired":true,"valueName":"search_term_string"}}],"inLanguage":"fr-FR"},{"@type":"Organization","@id":"https:\/\/boardgeneration.ch\/#organization","name":"g\u00e9n\u00e9ration de conseils","url":"https:\/\/boardgeneration.ch\/","logo":{"@type":"ImageObject","inLanguage":"fr-FR","@id":"https:\/\/boardgeneration.ch\/#\/schema\/logo\/image\/","url":"https:\/\/boardgeneration.ch\/wp-content\/uploads\/2019\/01\/bg-logo_mit_Text.png","contentUrl":"https:\/\/boardgeneration.ch\/wp-content\/uploads\/2019\/01\/bg-logo_mit_Text.png","width":1040,"height":1155,"caption":"board generation"},"image":{"@id":"https:\/\/boardgeneration.ch\/#\/schema\/logo\/image\/"},"sameAs":["https:\/\/www.facebook.com\/boardgeneration.ch","https:\/\/x.com\/boardgen","https:\/\/www.instagram.com\/boardgen\/"]},{"@type":"Person","@id":"https:\/\/boardgeneration.ch\/#\/schema\/person\/4727ac7b918c1fd9879a564a16734f2c","name":"Service de presse","image":{"@type":"ImageObject","inLanguage":"fr-FR","@id":"https:\/\/boardgeneration.ch\/#\/schema\/person\/image\/","url":"https:\/\/boardgeneration.ch\/wp-content\/uploads\/2019\/10\/Pile-of-letters-96x96.jpg","contentUrl":"https:\/\/boardgeneration.ch\/wp-content\/uploads\/2019\/10\/Pile-of-letters-96x96.jpg","caption":"Pressedienst"},"url":"https:\/\/boardgeneration.ch\/fr\/author\/pressedienst\/"}]}},"jetpack_featured_media_url":"https:\/\/boardgeneration.ch\/wp-content\/uploads\/2024\/11\/Snowfest_IBK_SB_PaulaBenito_by-Fischi_MF_0435.jpg","jetpack_sharing_enabled":true,"amp_enabled":true,"_links":{"self":[{"href":"https:\/\/boardgeneration.ch\/fr\/wp-json\/wp\/v2\/posts\/7907","targetHints":{"allow":["GET"]}}],"collection":[{"href":"https:\/\/boardgeneration.ch\/fr\/wp-json\/wp\/v2\/posts"}],"about":[{"href":"https:\/\/boardgeneration.ch\/fr\/wp-json\/wp\/v2\/types\/post"}],"author":[{"embeddable":true,"href":"https:\/\/boardgeneration.ch\/fr\/wp-json\/wp\/v2\/users\/3"}],"replies":[{"embeddable":true,"href":"https:\/\/boardgeneration.ch\/fr\/wp-json\/wp\/v2\/comments?post=7907"}],"version-history":[{"count":1,"href":"https:\/\/boardgeneration.ch\/fr\/wp-json\/wp\/v2\/posts\/7907\/revisions"}],"predecessor-version":[{"id":7908,"href":"https:\/\/boardgeneration.ch\/fr\/wp-json\/wp\/v2\/posts\/7907\/revisions\/7908"}],"wp:featuredmedia":[{"embeddable":true,"href":"https:\/\/boardgeneration.ch\/fr\/wp-json\/wp\/v2\/media\/7906"}],"wp:attachment":[{"href":"https:\/\/boardgeneration.ch\/fr\/wp-json\/wp\/v2\/media?parent=7907"}],"wp:term":[{"taxonomy":"category","embeddable":true,"href":"https:\/\/boardgeneration.ch\/fr\/wp-json\/wp\/v2\/categories?post=7907"},{"taxonomy":"post_tag","embeddable":true,"href":"https:\/\/boardgeneration.ch\/fr\/wp-json\/wp\/v2\/tags?post=7907"}],"curies":[{"name":"wp","href":"https:\/\/api.w.org\/{rel}","templated":true}]}}