{"id":911,"date":"2019-09-25T20:55:06","date_gmt":"2019-09-25T19:55:06","guid":{"rendered":"https:\/\/boardgeneration.ch\/?p=911"},"modified":"2019-09-25T22:40:02","modified_gmt":"2019-09-25T21:40:02","slug":"a-swift-half-story","status":"publish","type":"post","link":"https:\/\/boardgeneration.ch\/fr\/a-swift-half-story\/","title":{"rendered":"Une moiti\u00e9 rapide"},"content":{"rendered":"<span class=\"span-reading-time rt-reading-time\" style=\"display: block;\"><span class=\"rt-label rt-prefix\">Le temps de la lecture : <\/span> <span class=\"rt-time\"> 5<\/span> <span class=\"rt-label rt-postfix\">proc\u00e8s-verbal<\/span><\/span>\n<p>Salut\nles g\u00e9n\u00e9rateurs du conseil d'administration<\/p>\n\n\n\n<p>Pour ceux d'entre vous qui viennent de passer au bg, voici une petite Blogette qui vous tiendra au courant et, nous l'esp\u00e9rons, vous int\u00e9ressera aux hauts et aux bas du monde du para- snowboard ou des snowboarders handicap\u00e9s.<\/p>\n\n\n\n<p>Je suis\nun amput\u00e9 du genou (DAK) et ce, depuis 28 ans. J'ai \u00e9t\u00e9\nfaire du snowboard ou essayer de faire du snowboard ? depuis 15 ans. Dans les prochains Blogs, je m'efforcerai de\nd'int\u00e9grer la fa\u00e7on dont ce voyage s'est d\u00e9roul\u00e9 avec toutes ses \u00e9preuves, de\nles fixations que j'utilise \u00e0 l'acceptation g\u00e9n\u00e9rale et au d\u00e9veloppement du snowboard\npour les personnes handicap\u00e9es sur et hors de la colline. <\/p>\n\n\n\n<p>Mais\npour l'instant, un r\u00e9capitulatif de la saison derni\u00e8re, puis un aper\u00e7u de la prochaine\nsaison.<\/p>\n\n\n\n<p>La saison a bien commenc\u00e9 avec un voyage \u00e0 <a rel=\"noreferrer noopener\" aria-label=\"Landgraaf (s&#039;ouvre dans un nouvel onglet)\" href=\"https:\/\/www.snowworld.com\/landgraaf\/en\" target=\"_blank\">Landgraaf<\/a>aux Pays-Bas, avec une \u00e9quipe de cavaliers de la <a rel=\"noreferrer noopener\" aria-label=\"Armed Forces Para-Snowsport Team (s&#039;ouvre dans un nouvel onglet)\" href=\"http:\/\/afpst.co.uk\/\" target=\"_blank\">\u00c9quipe de sports de glisse des forces arm\u00e9es<\/a> AFPST. Snowboard Pod.<\/p>\n\n\n\n<p>Lee Lloyd (autre DAK et v\u00e9t\u00e9ran britannique) et moi-m\u00eame avons poursuivi notre d\u00e9veloppement et nos comp\u00e9tences sur ce que nous appelons maintenant les NSB (Non-Suspended Binding) et la semaine s'est bien pass\u00e9e. <\/p>\n\n\n\n<ul class=\"wp-block-gallery columns-2 is-cropped wp-block-gallery-1 is-layout-flex wp-block-gallery-is-layout-flex\"><li class=\"blocks-gallery-item\"><figure><img loading=\"lazy\" decoding=\"async\" width=\"335\" height=\"447\" data-attachment-id=\"922\" data-permalink=\"https:\/\/boardgeneration.ch\/fr\/image11\/\" data-orig-file=\"https:\/\/boardgeneration.ch\/wp-content\/uploads\/2019\/09\/image11.jpeg\" data-orig-size=\"335,447\" data-comments-opened=\"1\" data-image-meta=\"{&quot;aperture&quot;:&quot;0&quot;,&quot;credit&quot;:&quot;&quot;,&quot;camera&quot;:&quot;&quot;,&quot;caption&quot;:&quot;&quot;,&quot;created_timestamp&quot;:&quot;0&quot;,&quot;copyright&quot;:&quot;&quot;,&quot;focal_length&quot;:&quot;0&quot;,&quot;iso&quot;:&quot;0&quot;,&quot;shutter_speed&quot;:&quot;0&quot;,&quot;title&quot;:&quot;&quot;,&quot;orientation&quot;:&quot;0&quot;}\" data-image-title=\"image11\" data-image-description=\"\" data-image-caption=\"&lt;p&gt;Lee and I Breckenridge with BLESMA&lt;\/p&gt;\" data-medium-file=\"https:\/\/boardgeneration.ch\/wp-content\/uploads\/2019\/09\/image11-225x300.jpeg\" data-large-file=\"https:\/\/boardgeneration.ch\/wp-content\/uploads\/2019\/09\/image11.jpeg\" src=\"https:\/\/boardgeneration.ch\/wp-content\/uploads\/2019\/09\/image11.jpeg\" alt=\"\" data-id=\"922\" data-link=\"https:\/\/boardgeneration.ch\/image11\/\" class=\"wp-image-922\" srcset=\"https:\/\/boardgeneration.ch\/wp-content\/uploads\/2019\/09\/image11.jpeg 335w, https:\/\/boardgeneration.ch\/wp-content\/uploads\/2019\/09\/image11-225x300.jpeg 225w\" sizes=\"auto, (max-width: 335px) 100vw, 335px\" \/><figcaption>Lee et moi Breckenridge avec BLESMA<\/figcaption><\/figure><\/li><li class=\"blocks-gallery-item\"><figure><img loading=\"lazy\" decoding=\"async\" width=\"509\" height=\"382\" data-attachment-id=\"923\" data-permalink=\"https:\/\/boardgeneration.ch\/fr\/image12\/\" data-orig-file=\"https:\/\/boardgeneration.ch\/wp-content\/uploads\/2019\/09\/image12.jpeg\" data-orig-size=\"509,382\" data-comments-opened=\"1\" data-image-meta=\"{&quot;aperture&quot;:&quot;0&quot;,&quot;credit&quot;:&quot;&quot;,&quot;camera&quot;:&quot;&quot;,&quot;caption&quot;:&quot;&quot;,&quot;created_timestamp&quot;:&quot;0&quot;,&quot;copyright&quot;:&quot;&quot;,&quot;focal_length&quot;:&quot;0&quot;,&quot;iso&quot;:&quot;0&quot;,&quot;shutter_speed&quot;:&quot;0&quot;,&quot;title&quot;:&quot;&quot;,&quot;orientation&quot;:&quot;0&quot;}\" data-image-title=\"image12\" data-image-description=\"\" data-image-caption=\"&lt;p&gt;Lee and I Breckenridge with BLESMA&lt;\/p&gt;\" data-medium-file=\"https:\/\/boardgeneration.ch\/wp-content\/uploads\/2019\/09\/image12-300x225.jpeg\" data-large-file=\"https:\/\/boardgeneration.ch\/wp-content\/uploads\/2019\/09\/image12.jpeg\" src=\"https:\/\/boardgeneration.ch\/wp-content\/uploads\/2019\/09\/image12.jpeg\" alt=\"\" data-id=\"923\" data-link=\"https:\/\/boardgeneration.ch\/image12\/\" class=\"wp-image-923\" srcset=\"https:\/\/boardgeneration.ch\/wp-content\/uploads\/2019\/09\/image12.jpeg 509w, https:\/\/boardgeneration.ch\/wp-content\/uploads\/2019\/09\/image12-300x225.jpeg 300w\" sizes=\"auto, (max-width: 509px) 100vw, 509px\" \/><figcaption>Lee et moi Breckenridge avec BLESMA<\/figcaption><\/figure><\/li><\/ul>\n\n\n\n<p>Ensuite, nous partons pour Breckenridge, Colorado, avec <a rel=\"noreferrer noopener\" aria-label=\"BLESMA, une organisation caritative britannique pour les v\u00e9t\u00e9rans sans jambe (s&#039;ouvre dans un nouvel onglet)\" href=\"https:\/\/blesma.org\/\" target=\"_blank\">BLESMA, une organisation caritative britannique pour les v\u00e9t\u00e9rans sans limites<\/a> o\u00f9 l'on nous a demand\u00e9 d'aider \u00e0 enseigner \u00e0 une jeune fille am\u00e9ricaine Lily, 11 ans, qui \u00e9tait \u00e9galement DAK et la fille d'un ami, v\u00e9t\u00e9ran des \u00c9tats-Unis et para-planchiste Elle a \u00e9t\u00e9 op\u00e9rationnelle en deux jours et elle a ador\u00e9. <\/p>\n\n\n\n<div class=\"wp-block-image\"><figure class=\"aligncenter\"><img loading=\"lazy\" decoding=\"async\" width=\"384\" height=\"512\" data-attachment-id=\"924\" data-permalink=\"https:\/\/boardgeneration.ch\/fr\/image13\/\" data-orig-file=\"https:\/\/boardgeneration.ch\/wp-content\/uploads\/2019\/09\/image13.jpeg\" data-orig-size=\"384,512\" data-comments-opened=\"1\" data-image-meta=\"{&quot;aperture&quot;:&quot;0&quot;,&quot;credit&quot;:&quot;&quot;,&quot;camera&quot;:&quot;&quot;,&quot;caption&quot;:&quot;&quot;,&quot;created_timestamp&quot;:&quot;0&quot;,&quot;copyright&quot;:&quot;&quot;,&quot;focal_length&quot;:&quot;0&quot;,&quot;iso&quot;:&quot;0&quot;,&quot;shutter_speed&quot;:&quot;0&quot;,&quot;title&quot;:&quot;&quot;,&quot;orientation&quot;:&quot;0&quot;}\" data-image-title=\"image13\" data-image-description=\"\" data-image-caption=\"&lt;p&gt;Helping to get Lily (11) on the slopes&lt;\/p&gt;\" data-medium-file=\"https:\/\/boardgeneration.ch\/wp-content\/uploads\/2019\/09\/image13-225x300.jpeg\" data-large-file=\"https:\/\/boardgeneration.ch\/wp-content\/uploads\/2019\/09\/image13.jpeg\" src=\"https:\/\/boardgeneration.ch\/wp-content\/uploads\/2019\/09\/image13.jpeg\" alt=\"\" class=\"wp-image-924\" srcset=\"https:\/\/boardgeneration.ch\/wp-content\/uploads\/2019\/09\/image13.jpeg 384w, https:\/\/boardgeneration.ch\/wp-content\/uploads\/2019\/09\/image13-225x300.jpeg 225w\" sizes=\"auto, (max-width: 384px) 100vw, 384px\" \/><figcaption><span class=\"media-credit\">-<\/span> Aider \u00e0 mettre Lily (11) sur les pistes<\/figcaption><\/figure><\/div>\n\n\n\n<p>C'\u00e9tait la deuxi\u00e8me fois qu'on nous demandait de participer \u00e0 des s\u00e9ances de snowboard pour un DAK, la premi\u00e8re \u00e9tant avec une jeune britannique Ellie 14 ans et un quadruple amput\u00e9 ayant perdu ses membres \u00e0 la suite d'une m\u00e9ningite \u00e0 l'\u00e2ge de 16 mois. Ellie est une nageuse paralympique qui fait maintenant partie de l'\u00e9quipe de natation de Grande-Bretagne, mais elle est tr\u00e8s d\u00e9termin\u00e9e \u00e0 devenir aussi une snowboardeuse. Elle a pass\u00e9 ses premi\u00e8res vacances de snowboard dans les Pyr\u00e9n\u00e9es en utilisant une paire de NSB. <\/p>\n\n\n\n<figure class=\"wp-block-image\"><img loading=\"lazy\" decoding=\"async\" width=\"640\" height=\"480\" data-attachment-id=\"917\" data-permalink=\"https:\/\/boardgeneration.ch\/fr\/image6\/\" data-orig-file=\"https:\/\/boardgeneration.ch\/wp-content\/uploads\/2019\/09\/image6.jpg\" data-orig-size=\"640,480\" data-comments-opened=\"1\" data-image-meta=\"{&quot;aperture&quot;:&quot;0&quot;,&quot;credit&quot;:&quot;&quot;,&quot;camera&quot;:&quot;&quot;,&quot;caption&quot;:&quot;&quot;,&quot;created_timestamp&quot;:&quot;0&quot;,&quot;copyright&quot;:&quot;&quot;,&quot;focal_length&quot;:&quot;0&quot;,&quot;iso&quot;:&quot;0&quot;,&quot;shutter_speed&quot;:&quot;0&quot;,&quot;title&quot;:&quot;&quot;,&quot;orientation&quot;:&quot;0&quot;}\" data-image-title=\"image6\" data-image-description=\"\" data-image-caption=\"&lt;p&gt;Ellie Challis (15) first Snowboard Holiday&lt;\/p&gt;\" data-medium-file=\"https:\/\/boardgeneration.ch\/wp-content\/uploads\/2019\/09\/image6-300x225.jpg\" data-large-file=\"https:\/\/boardgeneration.ch\/wp-content\/uploads\/2019\/09\/image6.jpg\" src=\"https:\/\/boardgeneration.ch\/wp-content\/uploads\/2019\/09\/image6.jpg\" alt=\"\" class=\"wp-image-917\" srcset=\"https:\/\/boardgeneration.ch\/wp-content\/uploads\/2019\/09\/image6.jpg 640w, https:\/\/boardgeneration.ch\/wp-content\/uploads\/2019\/09\/image6-300x225.jpg 300w, https:\/\/boardgeneration.ch\/wp-content\/uploads\/2019\/09\/image6-512x384.jpg 512w\" sizes=\"auto, (max-width: 640px) 100vw, 640px\" \/><figcaption><span class=\"media-credit\">-<\/span> Ellie Challis (15 ans), premi\u00e8re vacance en snowboard<\/figcaption><\/figure>\n\n\n\n<p>La saison s'est poursuivie \u00e0 un rythme soutenu, Lee et moi allant avec l'AFPST \u00e0 Tignes pour l'entra\u00eenement et les Champs de la Royal Navy. <\/p>\n\n\n\n<div class=\"wp-block-image\"><figure class=\"aligncenter\"><img loading=\"lazy\" decoding=\"async\" width=\"429\" height=\"322\" data-attachment-id=\"914\" data-permalink=\"https:\/\/boardgeneration.ch\/fr\/image3\/\" data-orig-file=\"https:\/\/boardgeneration.ch\/wp-content\/uploads\/2019\/09\/image3.jpeg\" data-orig-size=\"429,322\" data-comments-opened=\"1\" data-image-meta=\"{&quot;aperture&quot;:&quot;0&quot;,&quot;credit&quot;:&quot;&quot;,&quot;camera&quot;:&quot;&quot;,&quot;caption&quot;:&quot;&quot;,&quot;created_timestamp&quot;:&quot;0&quot;,&quot;copyright&quot;:&quot;&quot;,&quot;focal_length&quot;:&quot;0&quot;,&quot;iso&quot;:&quot;0&quot;,&quot;shutter_speed&quot;:&quot;0&quot;,&quot;title&quot;:&quot;&quot;,&quot;orientation&quot;:&quot;0&quot;}\" data-image-title=\"image3\" data-image-description=\"\" data-image-caption=\"&lt;p&gt;Tignes for the Royal Navy Champs &lt;\/p&gt;\" data-medium-file=\"https:\/\/boardgeneration.ch\/wp-content\/uploads\/2019\/09\/image3-300x225.jpeg\" data-large-file=\"https:\/\/boardgeneration.ch\/wp-content\/uploads\/2019\/09\/image3.jpeg\" src=\"https:\/\/boardgeneration.ch\/wp-content\/uploads\/2019\/09\/image3.jpeg\" alt=\"\" class=\"wp-image-914\" srcset=\"https:\/\/boardgeneration.ch\/wp-content\/uploads\/2019\/09\/image3.jpeg 429w, https:\/\/boardgeneration.ch\/wp-content\/uploads\/2019\/09\/image3-300x225.jpeg 300w\" sizes=\"auto, (max-width: 429px) 100vw, 429px\" \/><figcaption><span class=\"media-credit\">-<\/span> Tignes pour les Champs de la Royal Navy<\/figcaption><\/figure><\/div>\n\n\n\n<p>Nous avions un groupe assez important avec nous qui comprenait Kat Brown, atteinte de scl\u00e9rose syst\u00e9mique qui, soit dit en passant, ne l'emp\u00eache pas de faire quoi que ce soit, Alex Tate, un simple amput\u00e9 du genou (destin\u00e9 \u00e0 de grandes choses dans le snowboard de comp\u00e9tition) et Ben Shaw, le premier snowboarder totalement aveugle du monde, selon nous. Bien que nous ayons trouv\u00e9 que se d\u00e9placer \u00e0 Tignes \u00e9tait un v\u00e9ritable d\u00e9fi avec tr\u00e8s peu de logements accessibles, nous avons pass\u00e9 deux semaines fantastiques \u00e0 participer aux comps partout o\u00f9 nous le pouvions, toujours face \u00e0 des cavaliers valides mais en donnant le meilleur de nous-m\u00eames. Le parcours de slalom de Banked a \u00e9t\u00e9 un v\u00e9ritable cri et l'encadrement de James Sweet (@superradness) a \u00e9t\u00e9 comme toujours in\u00e9gal\u00e9. Je suis all\u00e9 \u00e0 Sere Chevalier avec le guide d'Alex et Ben's \/ l'entra\u00eeneur Jim Hossel RM pendant une semaine. Les deux premiers jours, tout allait bien, mais ensuite... WOW le prisonnier de guerre est tomb\u00e9. Tous les trois, nous nous sommes vraiment \u00e9clat\u00e9s avec un truc blanc jusqu'\u00e0 la taille (pour moi, c'est jusqu'\u00e0 la poitrine) et nous avons pratiquement d\u00e9truit toute la zone, m\u00eame si le fait de creuser apr\u00e8s un d\u00e9versement \u00e9tait \"un clou\".<\/p>\n\n\n\n<ul class=\"wp-block-gallery columns-2 is-cropped wp-block-gallery-2 is-layout-flex wp-block-gallery-is-layout-flex\"><li class=\"blocks-gallery-item\"><figure><img loading=\"lazy\" decoding=\"async\" width=\"451\" height=\"338\" data-attachment-id=\"915\" data-permalink=\"https:\/\/boardgeneration.ch\/fr\/image4\/\" data-orig-file=\"https:\/\/boardgeneration.ch\/wp-content\/uploads\/2019\/09\/image4.jpeg\" data-orig-size=\"451,338\" data-comments-opened=\"1\" data-image-meta=\"{&quot;aperture&quot;:&quot;0&quot;,&quot;credit&quot;:&quot;&quot;,&quot;camera&quot;:&quot;&quot;,&quot;caption&quot;:&quot;&quot;,&quot;created_timestamp&quot;:&quot;0&quot;,&quot;copyright&quot;:&quot;&quot;,&quot;focal_length&quot;:&quot;0&quot;,&quot;iso&quot;:&quot;0&quot;,&quot;shutter_speed&quot;:&quot;0&quot;,&quot;title&quot;:&quot;&quot;,&quot;orientation&quot;:&quot;0&quot;}\" data-image-title=\"image4\" data-image-description=\"\" data-image-caption=\"&lt;p&gt;Jim Hossell RM, Alex Tate and Me in Serre Chervalier&lt;\/p&gt;\" data-medium-file=\"https:\/\/boardgeneration.ch\/wp-content\/uploads\/2019\/09\/image4-300x225.jpeg\" data-large-file=\"https:\/\/boardgeneration.ch\/wp-content\/uploads\/2019\/09\/image4.jpeg\" src=\"https:\/\/boardgeneration.ch\/wp-content\/uploads\/2019\/09\/image4.jpeg\" alt=\"\" data-id=\"915\" data-link=\"https:\/\/boardgeneration.ch\/image4\/\" class=\"wp-image-915\" srcset=\"https:\/\/boardgeneration.ch\/wp-content\/uploads\/2019\/09\/image4.jpeg 451w, https:\/\/boardgeneration.ch\/wp-content\/uploads\/2019\/09\/image4-300x225.jpeg 300w\" sizes=\"auto, (max-width: 451px) 100vw, 451px\" \/><figcaption>Jim Hossell RM, Alex Tate et moi \u00e0 Serre Chervalier<\/figcaption><\/figure><\/li><li class=\"blocks-gallery-item\"><figure><img loading=\"lazy\" decoding=\"async\" width=\"576\" height=\"432\" data-attachment-id=\"916\" data-permalink=\"https:\/\/boardgeneration.ch\/fr\/image5\/\" data-orig-file=\"https:\/\/boardgeneration.ch\/wp-content\/uploads\/2019\/09\/image5.jpeg\" data-orig-size=\"576,432\" data-comments-opened=\"1\" data-image-meta=\"{&quot;aperture&quot;:&quot;0&quot;,&quot;credit&quot;:&quot;&quot;,&quot;camera&quot;:&quot;&quot;,&quot;caption&quot;:&quot;&quot;,&quot;created_timestamp&quot;:&quot;0&quot;,&quot;copyright&quot;:&quot;&quot;,&quot;focal_length&quot;:&quot;0&quot;,&quot;iso&quot;:&quot;0&quot;,&quot;shutter_speed&quot;:&quot;0&quot;,&quot;title&quot;:&quot;&quot;,&quot;orientation&quot;:&quot;0&quot;}\" data-image-title=\"image5\" data-image-description=\"\" data-image-caption=\"&lt;p&gt;Jim Hossell RM, Alex Tate and Me in Serre Chervalier&lt;\/p&gt;\" data-medium-file=\"https:\/\/boardgeneration.ch\/wp-content\/uploads\/2019\/09\/image5-300x225.jpeg\" data-large-file=\"https:\/\/boardgeneration.ch\/wp-content\/uploads\/2019\/09\/image5.jpeg\" src=\"https:\/\/boardgeneration.ch\/wp-content\/uploads\/2019\/09\/image5.jpeg\" alt=\"\" data-id=\"916\" data-link=\"https:\/\/boardgeneration.ch\/image5\/\" class=\"wp-image-916\" srcset=\"https:\/\/boardgeneration.ch\/wp-content\/uploads\/2019\/09\/image5.jpeg 576w, https:\/\/boardgeneration.ch\/wp-content\/uploads\/2019\/09\/image5-300x225.jpeg 300w, https:\/\/boardgeneration.ch\/wp-content\/uploads\/2019\/09\/image5-512x384.jpeg 512w\" sizes=\"auto, (max-width: 576px) 100vw, 576px\" \/><figcaption>Jim Hossell RM, Alex Tate et moi \u00e0 Serre Chervalier<\/figcaption><\/figure><\/li><\/ul>\n\n\n\n<p>Ensuite, sur M\u00e9ribel pour les Champs interservices britanniques o\u00f9, une fois de plus, nous avons particip\u00e9 aux comps lorsque nous l'avons jug\u00e9 opportun. Le Banked Slalom avait quelques caract\u00e9ristiques qui, pour \u00eatre juste, ont pris le dessus sur moi avec quelques claques qui n'ont pas fait de bien \u00e0 mon bassin ou \u00e0 ma colonne vert\u00e9brale, mais c'\u00e9tait un parcours tr\u00e8s difficile et une fois que j'ai eu le coup de main pour la premi\u00e8re caract\u00e9ristique et que j'ai eu le courage de l'envoyer, j'ai fait de tr\u00e8s belles descentes. <\/p>\n\n\n\n<figure class=\"wp-block-image\"><img loading=\"lazy\" decoding=\"async\" width=\"768\" height=\"1024\" data-attachment-id=\"925\" data-permalink=\"https:\/\/boardgeneration.ch\/fr\/image14\/\" data-orig-file=\"https:\/\/boardgeneration.ch\/wp-content\/uploads\/2019\/09\/image14.jpg\" data-orig-size=\"768,1024\" data-comments-opened=\"1\" data-image-meta=\"{&quot;aperture&quot;:&quot;0&quot;,&quot;credit&quot;:&quot;&quot;,&quot;camera&quot;:&quot;&quot;,&quot;caption&quot;:&quot;&quot;,&quot;created_timestamp&quot;:&quot;0&quot;,&quot;copyright&quot;:&quot;&quot;,&quot;focal_length&quot;:&quot;0&quot;,&quot;iso&quot;:&quot;0&quot;,&quot;shutter_speed&quot;:&quot;0&quot;,&quot;title&quot;:&quot;&quot;,&quot;orientation&quot;:&quot;0&quot;}\" data-image-title=\"image14\" data-image-description=\"\" data-image-caption=\"&lt;p&gt;Attempting the first feature Meribel Inter-Services Champs&lt;\/p&gt;\" data-medium-file=\"https:\/\/boardgeneration.ch\/wp-content\/uploads\/2019\/09\/image14-225x300.jpg\" data-large-file=\"https:\/\/boardgeneration.ch\/wp-content\/uploads\/2019\/09\/image14-768x1024.jpg\" src=\"https:\/\/boardgeneration.ch\/wp-content\/uploads\/2019\/09\/image14-768x1024.jpg\" alt=\"\" class=\"wp-image-925\" srcset=\"https:\/\/boardgeneration.ch\/wp-content\/uploads\/2019\/09\/image14.jpg 768w, https:\/\/boardgeneration.ch\/wp-content\/uploads\/2019\/09\/image14-225x300.jpg 225w, https:\/\/boardgeneration.ch\/wp-content\/uploads\/2019\/09\/image14-384x512.jpg 384w\" sizes=\"auto, (max-width: 768px) 100vw, 768px\" \/><figcaption><span class=\"media-credit\">-<\/span> Tentative du premier long m\u00e9trage M\u00e9ribel Champs interservices<\/figcaption><\/figure>\n\n\n\n<p>La semaine \u00e0 M\u00e9ribel s'est d\u00e9roul\u00e9e rapidement, puis le Royaume-Uni y a fait un s\u00e9jour avant de partir \u00e0 Laax pour la <a rel=\"noreferrer noopener\" aria-label=\"BRITS (ouvre dans un nouvel onglet)\" href=\"https:\/\/britssnow.com\/\" target=\"_blank\">BRITS<\/a>. Les BRITS sont toujours un moyen fantastique de terminer la saison avec des piles de divertissements sur et en dehors des pistes, g\u00e9n\u00e9ralement \u00e0 l'initiative de l'irr\u00e9pressible, tr\u00e8s populaire et tr\u00e8s complet Ed Leigh (BBC Ski Sunday Presenter). J'ai fait un reportage pour Ski Sunday avec l'interviewer <a rel=\"noreferrer noopener\" aria-label=\"Jenny Jones (ouvre un nouvel onglet)\" href=\"http:\/\/www.jennyjonessnowboarder.co.uk\/\" target=\"_blank\">Jenny Jones<\/a> qui peut \u00eatre vu sur la BBC TV d\u00e9but d\u00e9cembre et a particip\u00e9 \u00e0 la comp\u00e9tition de slalom Banked comme dans la cat\u00e9gorie des plus de 40 ans, ne s'est pas qualifi\u00e9, mais s'est amus\u00e9 avec quelques descentes d\u00e9centes. <\/p>\n\n\n\n<figure class=\"wp-block-image\"><img loading=\"lazy\" decoding=\"async\" width=\"1024\" height=\"1024\" data-attachment-id=\"913\" data-permalink=\"https:\/\/boardgeneration.ch\/fr\/image2\/\" data-orig-file=\"https:\/\/boardgeneration.ch\/wp-content\/uploads\/2019\/09\/image2.jpg\" data-orig-size=\"1080,1080\" data-comments-opened=\"1\" data-image-meta=\"{&quot;aperture&quot;:&quot;0&quot;,&quot;credit&quot;:&quot;&quot;,&quot;camera&quot;:&quot;&quot;,&quot;caption&quot;:&quot;&quot;,&quot;created_timestamp&quot;:&quot;0&quot;,&quot;copyright&quot;:&quot;&quot;,&quot;focal_length&quot;:&quot;0&quot;,&quot;iso&quot;:&quot;0&quot;,&quot;shutter_speed&quot;:&quot;0&quot;,&quot;title&quot;:&quot;&quot;,&quot;orientation&quot;:&quot;0&quot;}\" data-image-title=\"image2\" data-image-description=\"\" data-image-caption=\"&lt;p&gt;Interview with Jenny Jones for BBC Ski Sunday&lt;\/p&gt;\" data-medium-file=\"https:\/\/boardgeneration.ch\/wp-content\/uploads\/2019\/09\/image2-300x300.jpg\" data-large-file=\"https:\/\/boardgeneration.ch\/wp-content\/uploads\/2019\/09\/image2-1024x1024.jpg\" src=\"https:\/\/boardgeneration.ch\/wp-content\/uploads\/2019\/09\/image2-1024x1024.jpg\" alt=\"\" class=\"wp-image-913\" srcset=\"https:\/\/boardgeneration.ch\/wp-content\/uploads\/2019\/09\/image2-1024x1024.jpg 1024w, https:\/\/boardgeneration.ch\/wp-content\/uploads\/2019\/09\/image2-150x150.jpg 150w, https:\/\/boardgeneration.ch\/wp-content\/uploads\/2019\/09\/image2-300x300.jpg 300w, https:\/\/boardgeneration.ch\/wp-content\/uploads\/2019\/09\/image2-768x768.jpg 768w, https:\/\/boardgeneration.ch\/wp-content\/uploads\/2019\/09\/image2-80x80.jpg 80w, https:\/\/boardgeneration.ch\/wp-content\/uploads\/2019\/09\/image2-512x512.jpg 512w, https:\/\/boardgeneration.ch\/wp-content\/uploads\/2019\/09\/image2.jpg 1080w\" sizes=\"auto, (max-width: 1024px) 100vw, 1024px\" \/><figcaption><span class=\"media-credit\">-<\/span> Interview de Jenny Jones pour BBC Ski Sunday<\/figcaption><\/figure>\n\n\n\n<p>La semaine s'est termin\u00e9e par une journ\u00e9e de poudreuse et de ciel bleu et quelques runs de folie avec Ben Shaw\/Jim Hossel RM, Alex Tate et Kat Brown. De Laax, il s'est rendu \u00e0 Saas Grund et a pass\u00e9 une semaine avec le <a rel=\"noreferrer noopener\" aria-label=\"Mentelity Games (ouvre dans un nouvel onglet)\" href=\"https:\/\/mentelitygames.com\/mentelity-games\/\" target=\"_blank\">Jeux de la mentelit\u00e9<\/a> un \u00e9v\u00e9nement organis\u00e9 par Bibian Mentel, un snowboarder paralympique n\u00e9erlandais, et la Fondation Mentelity. Cet \u00e9v\u00e9nement permet aux personnes de tout \u00e2ge et de tout type de handicap, ainsi qu'\u00e0 leurs familles et amis, de venir d\u00e9couvrir et participer \u00e0 des le\u00e7ons et des stages \u00e0 tous les niveaux et dans toutes les disciplines du Para-Snowsports. La semaine a \u00e9t\u00e9 un succ\u00e8s retentissant \"Tout \u00e9tait question de Mentelit\u00e9\".<\/p>\n\n\n\n<ul class=\"wp-block-gallery columns-3 is-cropped wp-block-gallery-3 is-layout-flex wp-block-gallery-is-layout-flex\"><li class=\"blocks-gallery-item\"><figure><img loading=\"lazy\" decoding=\"async\" width=\"524\" height=\"349\" data-attachment-id=\"918\" data-permalink=\"https:\/\/boardgeneration.ch\/fr\/image7\/\" data-orig-file=\"https:\/\/boardgeneration.ch\/wp-content\/uploads\/2019\/09\/image7.jpeg\" data-orig-size=\"524,349\" data-comments-opened=\"1\" data-image-meta=\"{&quot;aperture&quot;:&quot;0&quot;,&quot;credit&quot;:&quot;&quot;,&quot;camera&quot;:&quot;&quot;,&quot;caption&quot;:&quot;&quot;,&quot;created_timestamp&quot;:&quot;0&quot;,&quot;copyright&quot;:&quot;&quot;,&quot;focal_length&quot;:&quot;0&quot;,&quot;iso&quot;:&quot;0&quot;,&quot;shutter_speed&quot;:&quot;0&quot;,&quot;title&quot;:&quot;&quot;,&quot;orientation&quot;:&quot;0&quot;}\" data-image-title=\"image7\" data-image-description=\"\" data-image-caption=\"&lt;p&gt;Helping out Julian Hendriks from NL in Saas Grund at the Mentelity Games&lt;\/p&gt;\" data-medium-file=\"https:\/\/boardgeneration.ch\/wp-content\/uploads\/2019\/09\/image7-300x200.jpeg\" data-large-file=\"https:\/\/boardgeneration.ch\/wp-content\/uploads\/2019\/09\/image7.jpeg\" src=\"https:\/\/boardgeneration.ch\/wp-content\/uploads\/2019\/09\/image7.jpeg\" alt=\"\" data-id=\"918\" data-link=\"https:\/\/boardgeneration.ch\/image7\/\" class=\"wp-image-918\" srcset=\"https:\/\/boardgeneration.ch\/wp-content\/uploads\/2019\/09\/image7.jpeg 524w, https:\/\/boardgeneration.ch\/wp-content\/uploads\/2019\/09\/image7-300x200.jpeg 300w, https:\/\/boardgeneration.ch\/wp-content\/uploads\/2019\/09\/image7-512x341.jpeg 512w\" sizes=\"auto, (max-width: 524px) 100vw, 524px\" \/><\/figure><\/li><li class=\"blocks-gallery-item\"><figure><img loading=\"lazy\" decoding=\"async\" width=\"451\" height=\"300\" data-attachment-id=\"919\" data-permalink=\"https:\/\/boardgeneration.ch\/fr\/image8\/\" data-orig-file=\"https:\/\/boardgeneration.ch\/wp-content\/uploads\/2019\/09\/image8.jpeg\" data-orig-size=\"451,300\" data-comments-opened=\"1\" data-image-meta=\"{&quot;aperture&quot;:&quot;0&quot;,&quot;credit&quot;:&quot;&quot;,&quot;camera&quot;:&quot;&quot;,&quot;caption&quot;:&quot;&quot;,&quot;created_timestamp&quot;:&quot;0&quot;,&quot;copyright&quot;:&quot;&quot;,&quot;focal_length&quot;:&quot;0&quot;,&quot;iso&quot;:&quot;0&quot;,&quot;shutter_speed&quot;:&quot;0&quot;,&quot;title&quot;:&quot;&quot;,&quot;orientation&quot;:&quot;0&quot;}\" data-image-title=\"image8\" data-image-description=\"\" data-image-caption=\"&lt;p&gt;Helping out Julian Hendriks from NL in Saas Grund at the Mentelity Games&lt;\/p&gt;\" data-medium-file=\"https:\/\/boardgeneration.ch\/wp-content\/uploads\/2019\/09\/image8-300x200.jpeg\" data-large-file=\"https:\/\/boardgeneration.ch\/wp-content\/uploads\/2019\/09\/image8.jpeg\" src=\"https:\/\/boardgeneration.ch\/wp-content\/uploads\/2019\/09\/image8.jpeg\" alt=\"\" data-id=\"919\" data-link=\"https:\/\/boardgeneration.ch\/image8\/\" class=\"wp-image-919\" srcset=\"https:\/\/boardgeneration.ch\/wp-content\/uploads\/2019\/09\/image8.jpeg 451w, https:\/\/boardgeneration.ch\/wp-content\/uploads\/2019\/09\/image8-300x200.jpeg 300w\" sizes=\"auto, (max-width: 451px) 100vw, 451px\" \/><\/figure><\/li><li class=\"blocks-gallery-item\"><figure><img loading=\"lazy\" decoding=\"async\" width=\"563\" height=\"375\" data-attachment-id=\"920\" data-permalink=\"https:\/\/boardgeneration.ch\/fr\/image9\/\" data-orig-file=\"https:\/\/boardgeneration.ch\/wp-content\/uploads\/2019\/09\/image9.jpeg\" data-orig-size=\"563,375\" data-comments-opened=\"1\" data-image-meta=\"{&quot;aperture&quot;:&quot;0&quot;,&quot;credit&quot;:&quot;&quot;,&quot;camera&quot;:&quot;&quot;,&quot;caption&quot;:&quot;&quot;,&quot;created_timestamp&quot;:&quot;0&quot;,&quot;copyright&quot;:&quot;&quot;,&quot;focal_length&quot;:&quot;0&quot;,&quot;iso&quot;:&quot;0&quot;,&quot;shutter_speed&quot;:&quot;0&quot;,&quot;title&quot;:&quot;&quot;,&quot;orientation&quot;:&quot;0&quot;}\" data-image-title=\"image9\" data-image-description=\"\" data-image-caption=\"&lt;p&gt;Helping out Julian Hendriks from NL in Saas Grund at the Mentelity Games&lt;\/p&gt;\" data-medium-file=\"https:\/\/boardgeneration.ch\/wp-content\/uploads\/2019\/09\/image9-300x200.jpeg\" data-large-file=\"https:\/\/boardgeneration.ch\/wp-content\/uploads\/2019\/09\/image9.jpeg\" src=\"https:\/\/boardgeneration.ch\/wp-content\/uploads\/2019\/09\/image9.jpeg\" alt=\"\" data-id=\"920\" data-link=\"https:\/\/boardgeneration.ch\/image9\/\" class=\"wp-image-920\" srcset=\"https:\/\/boardgeneration.ch\/wp-content\/uploads\/2019\/09\/image9.jpeg 563w, https:\/\/boardgeneration.ch\/wp-content\/uploads\/2019\/09\/image9-300x200.jpeg 300w, https:\/\/boardgeneration.ch\/wp-content\/uploads\/2019\/09\/image9-512x341.jpeg 512w\" sizes=\"auto, (max-width: 563px) 100vw, 563px\" \/><\/figure><\/li><li class=\"blocks-gallery-item\"><figure><img loading=\"lazy\" decoding=\"async\" width=\"603\" height=\"387\" data-attachment-id=\"921\" data-permalink=\"https:\/\/boardgeneration.ch\/fr\/image10\/\" data-orig-file=\"https:\/\/boardgeneration.ch\/wp-content\/uploads\/2019\/09\/image10.jpeg\" data-orig-size=\"603,387\" data-comments-opened=\"1\" data-image-meta=\"{&quot;aperture&quot;:&quot;0&quot;,&quot;credit&quot;:&quot;&quot;,&quot;camera&quot;:&quot;&quot;,&quot;caption&quot;:&quot;&quot;,&quot;created_timestamp&quot;:&quot;0&quot;,&quot;copyright&quot;:&quot;&quot;,&quot;focal_length&quot;:&quot;0&quot;,&quot;iso&quot;:&quot;0&quot;,&quot;shutter_speed&quot;:&quot;0&quot;,&quot;title&quot;:&quot;&quot;,&quot;orientation&quot;:&quot;0&quot;}\" data-image-title=\"image10\" data-image-description=\"\" data-image-caption=\"&lt;p&gt;Helping out Julian Hendriks from NL in Saas Grund at the Mentelity Games&lt;\/p&gt;\" data-medium-file=\"https:\/\/boardgeneration.ch\/wp-content\/uploads\/2019\/09\/image10-300x193.jpeg\" data-large-file=\"https:\/\/boardgeneration.ch\/wp-content\/uploads\/2019\/09\/image10.jpeg\" src=\"https:\/\/boardgeneration.ch\/wp-content\/uploads\/2019\/09\/image10.jpeg\" alt=\"\" data-id=\"921\" data-link=\"https:\/\/boardgeneration.ch\/image10\/\" class=\"wp-image-921\" srcset=\"https:\/\/boardgeneration.ch\/wp-content\/uploads\/2019\/09\/image10.jpeg 603w, https:\/\/boardgeneration.ch\/wp-content\/uploads\/2019\/09\/image10-300x193.jpeg 300w, https:\/\/boardgeneration.ch\/wp-content\/uploads\/2019\/09\/image10-512x329.jpeg 512w\" sizes=\"auto, (max-width: 603px) 100vw, 603px\" \/><figcaption>Aider Julian Hendriks des Pays-Bas \u00e0 Saas Grund lors des Mentelity Games<\/figcaption><\/figure><\/li><\/ul>\n\n\n\n<p>J'ai quitt\u00e9 Saas Grund et me suis rendu \u00e0 Kuhtai, en Autriche, pour trois jours de tournage avec Ashley Wiggins de Randall Media. Ash r\u00e9alisait un film intitul\u00e9<a rel=\"noreferrer noopener\" aria-label=\"People Who Rize (s&#039;ouvre dans un nouvel onglet)\" href=\"https:\/\/youtu.be\/RSpXX7rzLMc\" target=\"_blank\">Les gens qui rapetissent<\/a>Nous nous sommes beaucoup amus\u00e9s pendant les trois jours \u00e0 essayer d'obtenir les plans dont il avait besoin, puis nous avons pris une bi\u00e8re bien m\u00e9rit\u00e9e au Mooshaus. Un grand merci \u00e0 tous ceux qui ont particip\u00e9 au film @ABSairbag pour nous avoir prot\u00e9g\u00e9s @gretakahnhair pour le pr\u00eat du studio @innsbrucktourism pour tout ce que vous faites @jonessnowboardsaustria pour la planche g\u00e9niale qu'est le... Mind Expander @mooshaus pour la meilleure nuit de sommeil et la bi\u00e8re fra\u00eeche. Oh ! et Ashley bien s\u00fbr @RandallMediaFactory pour \u00eatre tout simplement g\u00e9niale.<\/p>\n\n\n\n<div class=\"wp-block-image\"><figure class=\"aligncenter\"><img loading=\"lazy\" decoding=\"async\" width=\"511\" height=\"511\" data-attachment-id=\"926\" data-permalink=\"https:\/\/boardgeneration.ch\/fr\/image15\/\" data-orig-file=\"https:\/\/boardgeneration.ch\/wp-content\/uploads\/2019\/09\/image15.jpeg\" data-orig-size=\"511,511\" data-comments-opened=\"1\" data-image-meta=\"{&quot;aperture&quot;:&quot;0&quot;,&quot;credit&quot;:&quot;&quot;,&quot;camera&quot;:&quot;&quot;,&quot;caption&quot;:&quot;&quot;,&quot;created_timestamp&quot;:&quot;0&quot;,&quot;copyright&quot;:&quot;&quot;,&quot;focal_length&quot;:&quot;0&quot;,&quot;iso&quot;:&quot;0&quot;,&quot;shutter_speed&quot;:&quot;0&quot;,&quot;title&quot;:&quot;&quot;,&quot;orientation&quot;:&quot;0&quot;}\" data-image-title=\"image15\" data-image-description=\"\" data-image-caption=\"&lt;p&gt;Ashley Wiggins (#RandallMediaFactory) and me Wrapping it up in Kuhtai, Austria&lt;\/p&gt;\" data-medium-file=\"https:\/\/boardgeneration.ch\/wp-content\/uploads\/2019\/09\/image15-300x300.jpeg\" data-large-file=\"https:\/\/boardgeneration.ch\/wp-content\/uploads\/2019\/09\/image15.jpeg\" src=\"https:\/\/boardgeneration.ch\/wp-content\/uploads\/2019\/09\/image15.jpeg\" alt=\"\" class=\"wp-image-926\" srcset=\"https:\/\/boardgeneration.ch\/wp-content\/uploads\/2019\/09\/image15.jpeg 511w, https:\/\/boardgeneration.ch\/wp-content\/uploads\/2019\/09\/image15-150x150.jpeg 150w, https:\/\/boardgeneration.ch\/wp-content\/uploads\/2019\/09\/image15-300x300.jpeg 300w, https:\/\/boardgeneration.ch\/wp-content\/uploads\/2019\/09\/image15-80x80.jpeg 80w\" sizes=\"auto, (max-width: 511px) 100vw, 511px\" \/><figcaption><span class=\"media-credit\">-<\/span> Ashley Wiggins (#RandallMediaFactory) et moi Emballage \u00e0 Kuhtai, Autriche<\/figcaption><\/figure><\/div>\n\n\n\n<p>C'\u00e9tait donc la saison \u00e0 une fin.... qu'est-ce qui se passe cette saison ? Je vous entends demander. <\/p>\n\n\n\n<p>C'est une saison charg\u00e9e pour nous \u00e0 l'AFPST, avec des piles plus amusantes et des piles plus roulantes. J'ai un voyage \u00e0 Stubai en perspective, o\u00f9 j'esp\u00e8re obtenir une qualification d'entra\u00eeneur, puis je repars \u00e0 Breck avec le gang de l'AFPST pour le <a rel=\"noreferrer noopener\" aria-label=\"Hartford Ski Spec (ouvre un nouvel onglet)\" href=\"ttps:\/\/www.disabledsportsusa.org\/skispec\/\" target=\"_blank\">Sp\u00e9cifications de ski de Hartford<\/a> et un peu d'air. Apr\u00e8s No\u00ebl et le Nouvel An, c'est au tour des comps et des voyages d'entra\u00eenement \u00e0 Tignes, La Plagne, Saalbach, M\u00e9ribel, Saas Grund et Laax de nous faire entendre un petit murmure effront\u00e9 que nous pourrions peut-\u00eatre descendre \u00e0 Oz et en Nouvelle-Z\u00e9lande plus tard l'ann\u00e9e prochaine... WoopWoop ! Nous avons quelques nouveaux gars et filles qui rejoignent l'AFPST cette saison, donc de nouvelles comp\u00e9tences \u00e0 mettre en pratique, et avec cela, l'improvisation, l'adaptation et une touche de d\u00e9passement de tout ce que les handicaps et les sports de neige exigent. Si l'un d'entre vous nous voit sur les pistes, n'h\u00e9sitez pas \u00e0 venir nous dire bonjour.<\/p>\n\n\n\n<p>J'ai promis une mise \u00e0 jour sur les \"reliures\nSituation\"...<\/p>\n\n\n\n<p>Eh bien, une organisation britannique appel\u00e9e CFMS\n(Centre de mod\u00e9lisation et de simulation) dirig\u00e9 par Davide Bianchi, ont mis 500 heures\nde travail pour concevoir un prototype de reliure qui int\u00e8gre une forme de\nsuspension afin que l'impact du snowboard sur le genou soit moins\nr\u00e9duit de mani\u00e8re significative. Ce dessin a \u00e9t\u00e9 imprim\u00e9 en 3D par Airbus (ouais que\nAirbus) et je suis en train de tester la conception. Au moment de la r\u00e9daction du pr\u00e9sent document, tous les\nva bien avec quelques modifications et ajustements ayant \u00e9t\u00e9 identifi\u00e9s, nous serons\nla mise en \u0153uvre des essais suspendus du banc d'essai 2 au cours de la prochaine saison\nen vue d'obtenir une conception d\u00e9taill\u00e9e produite en 2020, si ce n'est avant. Ce\nit\u00e9ration des reliures pr\u00e9c\u00e9demment connues sous le nom de NSB (Non-Suspended Binding) est\nun \u00e9norme bond en avant... jeu de mots voulu... Je suis convaincu qu'ils vont\nr\u00e9volutionner le snowboard pour la communaut\u00e9 DAK et potentiellement pour l'ensemble\nla communaut\u00e9 des handicap\u00e9s. Ce faisant, j'esp\u00e8re que le Comit\u00e9 international paralympique\nComit\u00e9 (IPC) verra alors qu'il serait avantageux pour tous qu'il y\n\u00e9tait une cat\u00e9gorie suppl\u00e9mentaire dans le programme paralympique d'hiver. Si c'est bien le\nIl nous suffit alors de rassembler les chiffres et la Chine 2022 Hiver\nLes Jeux paralympiques seront dans notre ligne de mire. &nbsp;<\/p>\n\n\n\n<p>Tous\namusant et tout bon<\/p>\n\n\n\n<p>Tous\nle meilleur de tous et Be Lucky.<\/p>\n\n\n\n<p>Swifty<\/p>","protected":false},"excerpt":{"rendered":"<p>Hi Board Geners For those of you fresh to bg this is just a little Blogette to keep you all updated and hopefully interested in the up and downs in the world of Para-Snowboarding or Snowboarders with Disabilities. I\u2019m a Double Above Knee Amputee (DAK) and have been for the last 28yrs. I have been [&hellip;]<\/p>\n","protected":false},"author":2,"featured_media":928,"comment_status":"open","ping_status":"open","sticky":false,"template":"","format":"standard","meta":{"_jetpack_memberships_contains_paid_content":false,"footnotes":""},"categories":[154],"tags":[3035,3033,3034,3032,3031,3030],"class_list":["post-911","post","type-post","status-publish","format-standard","has-post-thumbnail","hentry","category-a-swift-half","tag-a-swift-half","tag-afpst","tag-blesma","tag-double-above-knee-amputee","tag-para-snowboarding","tag-swifty"],"yoast_head":"<!-- This site is optimized with the Yoast SEO plugin v26.8 - https:\/\/yoast.com\/product\/yoast-seo-wordpress\/ -->\n<title>A Swift Half - Board Generation<\/title>\n<meta name=\"description\" content=\"Updates of the up and downs in the world of Para-Snowboarding or Snowboarders with Disabilities.\" \/>\n<meta name=\"robots\" content=\"index, follow, max-snippet:-1, max-image-preview:large, max-video-preview:-1\" \/>\n<link rel=\"canonical\" href=\"https:\/\/boardgeneration.ch\/fr\/a-swift-half-story\/\" \/>\n<meta property=\"og:locale\" content=\"fr_FR\" \/>\n<meta property=\"og:type\" content=\"article\" \/>\n<meta property=\"og:title\" content=\"A Swift Half - Board Generation\" \/>\n<meta property=\"og:description\" content=\"Updates of the up and downs in the world of Para-Snowboarding or Snowboarders with Disabilities.\" \/>\n<meta property=\"og:url\" content=\"https:\/\/boardgeneration.ch\/fr\/a-swift-half-story\/\" \/>\n<meta property=\"og:site_name\" content=\"Board Generation\" \/>\n<meta property=\"article:publisher\" content=\"https:\/\/www.facebook.com\/boardgeneration.ch\" \/>\n<meta property=\"article:author\" content=\"https:\/\/www.facebook.com\/Swiftyparasnowboard\/\" \/>\n<meta property=\"article:published_time\" content=\"2019-09-25T19:55:06+00:00\" \/>\n<meta property=\"article:modified_time\" content=\"2019-09-25T21:40:02+00:00\" \/>\n<meta property=\"og:image\" content=\"https:\/\/boardgeneration.ch\/wp-content\/uploads\/2019\/09\/cropped-MG_0211-576x1024.jpg\" \/>\n\t<meta property=\"og:image:width\" content=\"576\" \/>\n\t<meta property=\"og:image:height\" content=\"1024\" \/>\n\t<meta property=\"og:image:type\" content=\"image\/jpeg\" \/>\n<meta name=\"author\" content=\"Darren &quot;Swifty&quot; Swift\" \/>\n<meta name=\"twitter:card\" content=\"summary_large_image\" \/>\n<meta name=\"twitter:creator\" content=\"@boardgen\" \/>\n<meta name=\"twitter:site\" content=\"@boardgen\" \/>\n<meta name=\"twitter:label1\" content=\"\u00c9crit par\" \/>\n\t<meta name=\"twitter:data1\" content=\"Darren &quot;Swifty&quot; Swift\" \/>\n\t<meta name=\"twitter:label2\" content=\"Dur\u00e9e de lecture estim\u00e9e\" \/>\n\t<meta name=\"twitter:data2\" content=\"7 minutes\" \/>\n<script type=\"application\/ld+json\" class=\"yoast-schema-graph\">{\"@context\":\"https:\/\/schema.org\",\"@graph\":[{\"@type\":\"Article\",\"@id\":\"https:\/\/boardgeneration.ch\/en\/a-swift-half-story\/#article\",\"isPartOf\":{\"@id\":\"https:\/\/boardgeneration.ch\/en\/a-swift-half-story\/\"},\"author\":{\"name\":\"Darren \\\"Swifty\\\" Swift\",\"@id\":\"https:\/\/boardgeneration.ch\/#\/schema\/person\/99d297c40f2f24dc84960635c5b5a82d\"},\"headline\":\"A Swift Half\",\"datePublished\":\"2019-09-25T19:55:06+00:00\",\"dateModified\":\"2019-09-25T21:40:02+00:00\",\"mainEntityOfPage\":{\"@id\":\"https:\/\/boardgeneration.ch\/en\/a-swift-half-story\/\"},\"wordCount\":1425,\"commentCount\":1,\"publisher\":{\"@id\":\"https:\/\/boardgeneration.ch\/#organization\"},\"image\":{\"@id\":\"https:\/\/boardgeneration.ch\/en\/a-swift-half-story\/#primaryimage\"},\"thumbnailUrl\":\"https:\/\/boardgeneration.ch\/wp-content\/uploads\/2019\/09\/cropped-MG_0211.jpg\",\"keywords\":[\"A Swift Half\",\"AFPST\",\"BLESMA\",\"Double Above Knee Amputee\",\"Para-Snowboarding\",\"Swifty\"],\"articleSection\":[\"a swift half\"],\"inLanguage\":\"fr-FR\",\"potentialAction\":[{\"@type\":\"CommentAction\",\"name\":\"Comment\",\"target\":[\"https:\/\/boardgeneration.ch\/en\/a-swift-half-story\/#respond\"]}]},{\"@type\":\"WebPage\",\"@id\":\"https:\/\/boardgeneration.ch\/en\/a-swift-half-story\/\",\"url\":\"https:\/\/boardgeneration.ch\/en\/a-swift-half-story\/\",\"name\":\"A Swift Half - Board Generation\",\"isPartOf\":{\"@id\":\"https:\/\/boardgeneration.ch\/#website\"},\"primaryImageOfPage\":{\"@id\":\"https:\/\/boardgeneration.ch\/en\/a-swift-half-story\/#primaryimage\"},\"image\":{\"@id\":\"https:\/\/boardgeneration.ch\/en\/a-swift-half-story\/#primaryimage\"},\"thumbnailUrl\":\"https:\/\/boardgeneration.ch\/wp-content\/uploads\/2019\/09\/cropped-MG_0211.jpg\",\"datePublished\":\"2019-09-25T19:55:06+00:00\",\"dateModified\":\"2019-09-25T21:40:02+00:00\",\"description\":\"Updates of the up and downs in the world of Para-Snowboarding or Snowboarders with Disabilities.\",\"breadcrumb\":{\"@id\":\"https:\/\/boardgeneration.ch\/en\/a-swift-half-story\/#breadcrumb\"},\"inLanguage\":\"fr-FR\",\"potentialAction\":[{\"@type\":\"ReadAction\",\"target\":[\"https:\/\/boardgeneration.ch\/en\/a-swift-half-story\/\"]}]},{\"@type\":\"ImageObject\",\"inLanguage\":\"fr-FR\",\"@id\":\"https:\/\/boardgeneration.ch\/en\/a-swift-half-story\/#primaryimage\",\"url\":\"https:\/\/boardgeneration.ch\/wp-content\/uploads\/2019\/09\/cropped-MG_0211.jpg\",\"contentUrl\":\"https:\/\/boardgeneration.ch\/wp-content\/uploads\/2019\/09\/cropped-MG_0211.jpg\",\"width\":2915,\"height\":5184},{\"@type\":\"BreadcrumbList\",\"@id\":\"https:\/\/boardgeneration.ch\/en\/a-swift-half-story\/#breadcrumb\",\"itemListElement\":[{\"@type\":\"ListItem\",\"position\":1,\"name\":\"Startseite\",\"item\":\"https:\/\/boardgeneration.ch\/\"},{\"@type\":\"ListItem\",\"position\":2,\"name\":\"A Swift Half\"}]},{\"@type\":\"WebSite\",\"@id\":\"https:\/\/boardgeneration.ch\/#website\",\"url\":\"https:\/\/boardgeneration.ch\/\",\"name\":\"board generation\",\"description\":\"Back to the Roots\",\"publisher\":{\"@id\":\"https:\/\/boardgeneration.ch\/#organization\"},\"potentialAction\":[{\"@type\":\"SearchAction\",\"target\":{\"@type\":\"EntryPoint\",\"urlTemplate\":\"https:\/\/boardgeneration.ch\/?s={search_term_string}\"},\"query-input\":{\"@type\":\"PropertyValueSpecification\",\"valueRequired\":true,\"valueName\":\"search_term_string\"}}],\"inLanguage\":\"fr-FR\"},{\"@type\":\"Organization\",\"@id\":\"https:\/\/boardgeneration.ch\/#organization\",\"name\":\"board generation\",\"url\":\"https:\/\/boardgeneration.ch\/\",\"logo\":{\"@type\":\"ImageObject\",\"inLanguage\":\"fr-FR\",\"@id\":\"https:\/\/boardgeneration.ch\/#\/schema\/logo\/image\/\",\"url\":\"https:\/\/boardgeneration.ch\/wp-content\/uploads\/2019\/01\/bg-logo_mit_Text.png\",\"contentUrl\":\"https:\/\/boardgeneration.ch\/wp-content\/uploads\/2019\/01\/bg-logo_mit_Text.png\",\"width\":1040,\"height\":1155,\"caption\":\"board generation\"},\"image\":{\"@id\":\"https:\/\/boardgeneration.ch\/#\/schema\/logo\/image\/\"},\"sameAs\":[\"https:\/\/www.facebook.com\/boardgeneration.ch\",\"https:\/\/x.com\/boardgen\",\"https:\/\/www.instagram.com\/boardgen\/\"]},{\"@type\":\"Person\",\"@id\":\"https:\/\/boardgeneration.ch\/#\/schema\/person\/99d297c40f2f24dc84960635c5b5a82d\",\"name\":\"Darren \\\"Swifty\\\" Swift\",\"image\":{\"@type\":\"ImageObject\",\"inLanguage\":\"fr-FR\",\"@id\":\"https:\/\/boardgeneration.ch\/#\/schema\/person\/image\/\",\"url\":\"https:\/\/boardgeneration.ch\/wp-content\/uploads\/2019\/09\/MG_0211-96x96.jpg\",\"contentUrl\":\"https:\/\/boardgeneration.ch\/wp-content\/uploads\/2019\/09\/MG_0211-96x96.jpg\",\"caption\":\"Darren \\\"Swifty\\\" Swift\"},\"description\":\"Actor, sports enthusiast and aspiring snowboarder Darren \u2018Swifty\u2019 Swift tells us how he followed his passions after losing both legs while on duty on Northern Ireland that changed everything\u2026\",\"sameAs\":[\"https:\/\/www.facebook.com\/Swiftyparasnowboard\/\"],\"url\":\"https:\/\/boardgeneration.ch\/fr\/author\/swifty\/\"}]}<\/script>\n<!-- \/ Yoast SEO plugin. -->","yoast_head_json":{"title":"A Swift Half - Board Generation","description":"Mise \u00e0 jour des hauts et des bas dans le monde du para- snowboard ou des snowboarders handicap\u00e9s.","robots":{"index":"index","follow":"follow","max-snippet":"max-snippet:-1","max-image-preview":"max-image-preview:large","max-video-preview":"max-video-preview:-1"},"canonical":"https:\/\/boardgeneration.ch\/fr\/a-swift-half-story\/","og_locale":"fr_FR","og_type":"article","og_title":"A Swift Half - Board Generation","og_description":"Updates of the up and downs in the world of Para-Snowboarding or Snowboarders with Disabilities.","og_url":"https:\/\/boardgeneration.ch\/fr\/a-swift-half-story\/","og_site_name":"Board Generation","article_publisher":"https:\/\/www.facebook.com\/boardgeneration.ch","article_author":"https:\/\/www.facebook.com\/Swiftyparasnowboard\/","article_published_time":"2019-09-25T19:55:06+00:00","article_modified_time":"2019-09-25T21:40:02+00:00","og_image":[{"width":576,"height":1024,"url":"https:\/\/boardgeneration.ch\/wp-content\/uploads\/2019\/09\/cropped-MG_0211-576x1024.jpg","type":"image\/jpeg"}],"author":"Darren \"Swifty\" Swift","twitter_card":"summary_large_image","twitter_creator":"@boardgen","twitter_site":"@boardgen","twitter_misc":{"\u00c9crit par":"Darren \"Swifty\" Swift","Dur\u00e9e de lecture estim\u00e9e":"7 minutes"},"schema":{"@context":"https:\/\/schema.org","@graph":[{"@type":"Article","@id":"https:\/\/boardgeneration.ch\/en\/a-swift-half-story\/#article","isPartOf":{"@id":"https:\/\/boardgeneration.ch\/en\/a-swift-half-story\/"},"author":{"name":"Darren \"Swifty\" Swift","@id":"https:\/\/boardgeneration.ch\/#\/schema\/person\/99d297c40f2f24dc84960635c5b5a82d"},"headline":"A Swift Half","datePublished":"2019-09-25T19:55:06+00:00","dateModified":"2019-09-25T21:40:02+00:00","mainEntityOfPage":{"@id":"https:\/\/boardgeneration.ch\/en\/a-swift-half-story\/"},"wordCount":1425,"commentCount":1,"publisher":{"@id":"https:\/\/boardgeneration.ch\/#organization"},"image":{"@id":"https:\/\/boardgeneration.ch\/en\/a-swift-half-story\/#primaryimage"},"thumbnailUrl":"https:\/\/boardgeneration.ch\/wp-content\/uploads\/2019\/09\/cropped-MG_0211.jpg","keywords":["A Swift Half","AFPST","BLESMA","Double Above Knee Amputee","Para-Snowboarding","Swifty"],"articleSection":["a swift half"],"inLanguage":"fr-FR","potentialAction":[{"@type":"CommentAction","name":"Comment","target":["https:\/\/boardgeneration.ch\/en\/a-swift-half-story\/#respond"]}]},{"@type":"WebPage","@id":"https:\/\/boardgeneration.ch\/en\/a-swift-half-story\/","url":"https:\/\/boardgeneration.ch\/en\/a-swift-half-story\/","name":"A Swift Half - Board Generation","isPartOf":{"@id":"https:\/\/boardgeneration.ch\/#website"},"primaryImageOfPage":{"@id":"https:\/\/boardgeneration.ch\/en\/a-swift-half-story\/#primaryimage"},"image":{"@id":"https:\/\/boardgeneration.ch\/en\/a-swift-half-story\/#primaryimage"},"thumbnailUrl":"https:\/\/boardgeneration.ch\/wp-content\/uploads\/2019\/09\/cropped-MG_0211.jpg","datePublished":"2019-09-25T19:55:06+00:00","dateModified":"2019-09-25T21:40:02+00:00","description":"Mise \u00e0 jour des hauts et des bas dans le monde du para- snowboard ou des snowboarders handicap\u00e9s.","breadcrumb":{"@id":"https:\/\/boardgeneration.ch\/en\/a-swift-half-story\/#breadcrumb"},"inLanguage":"fr-FR","potentialAction":[{"@type":"ReadAction","target":["https:\/\/boardgeneration.ch\/en\/a-swift-half-story\/"]}]},{"@type":"ImageObject","inLanguage":"fr-FR","@id":"https:\/\/boardgeneration.ch\/en\/a-swift-half-story\/#primaryimage","url":"https:\/\/boardgeneration.ch\/wp-content\/uploads\/2019\/09\/cropped-MG_0211.jpg","contentUrl":"https:\/\/boardgeneration.ch\/wp-content\/uploads\/2019\/09\/cropped-MG_0211.jpg","width":2915,"height":5184},{"@type":"BreadcrumbList","@id":"https:\/\/boardgeneration.ch\/en\/a-swift-half-story\/#breadcrumb","itemListElement":[{"@type":"ListItem","position":1,"name":"Startseite","item":"https:\/\/boardgeneration.ch\/"},{"@type":"ListItem","position":2,"name":"A Swift Half"}]},{"@type":"WebSite","@id":"https:\/\/boardgeneration.ch\/#website","url":"https:\/\/boardgeneration.ch\/","name":"g\u00e9n\u00e9ration de conseils","description":"Retour aux sources","publisher":{"@id":"https:\/\/boardgeneration.ch\/#organization"},"potentialAction":[{"@type":"SearchAction","target":{"@type":"EntryPoint","urlTemplate":"https:\/\/boardgeneration.ch\/?s={search_term_string}"},"query-input":{"@type":"PropertyValueSpecification","valueRequired":true,"valueName":"search_term_string"}}],"inLanguage":"fr-FR"},{"@type":"Organization","@id":"https:\/\/boardgeneration.ch\/#organization","name":"g\u00e9n\u00e9ration de conseils","url":"https:\/\/boardgeneration.ch\/","logo":{"@type":"ImageObject","inLanguage":"fr-FR","@id":"https:\/\/boardgeneration.ch\/#\/schema\/logo\/image\/","url":"https:\/\/boardgeneration.ch\/wp-content\/uploads\/2019\/01\/bg-logo_mit_Text.png","contentUrl":"https:\/\/boardgeneration.ch\/wp-content\/uploads\/2019\/01\/bg-logo_mit_Text.png","width":1040,"height":1155,"caption":"board generation"},"image":{"@id":"https:\/\/boardgeneration.ch\/#\/schema\/logo\/image\/"},"sameAs":["https:\/\/www.facebook.com\/boardgeneration.ch","https:\/\/x.com\/boardgen","https:\/\/www.instagram.com\/boardgen\/"]},{"@type":"Person","@id":"https:\/\/boardgeneration.ch\/#\/schema\/person\/99d297c40f2f24dc84960635c5b5a82d","name":"Darren \"Swifty\" Swift","image":{"@type":"ImageObject","inLanguage":"fr-FR","@id":"https:\/\/boardgeneration.ch\/#\/schema\/person\/image\/","url":"https:\/\/boardgeneration.ch\/wp-content\/uploads\/2019\/09\/MG_0211-96x96.jpg","contentUrl":"https:\/\/boardgeneration.ch\/wp-content\/uploads\/2019\/09\/MG_0211-96x96.jpg","caption":"Darren \"Swifty\" Swift"},"description":"Darren \"Swifty\" Swift, acteur, sportif et aspirant snowboarder, nous raconte comment il a suivi ses passions apr\u00e8s avoir perdu ses deux jambes pendant son service en Irlande du Nord, ce qui a tout chang\u00e9...","sameAs":["https:\/\/www.facebook.com\/Swiftyparasnowboard\/"],"url":"https:\/\/boardgeneration.ch\/fr\/author\/swifty\/"}]}},"jetpack_featured_media_url":"https:\/\/boardgeneration.ch\/wp-content\/uploads\/2019\/09\/cropped-MG_0211.jpg","jetpack_sharing_enabled":true,"amp_enabled":true,"_links":{"self":[{"href":"https:\/\/boardgeneration.ch\/fr\/wp-json\/wp\/v2\/posts\/911","targetHints":{"allow":["GET"]}}],"collection":[{"href":"https:\/\/boardgeneration.ch\/fr\/wp-json\/wp\/v2\/posts"}],"about":[{"href":"https:\/\/boardgeneration.ch\/fr\/wp-json\/wp\/v2\/types\/post"}],"author":[{"embeddable":true,"href":"https:\/\/boardgeneration.ch\/fr\/wp-json\/wp\/v2\/users\/2"}],"replies":[{"embeddable":true,"href":"https:\/\/boardgeneration.ch\/fr\/wp-json\/wp\/v2\/comments?post=911"}],"version-history":[{"count":6,"href":"https:\/\/boardgeneration.ch\/fr\/wp-json\/wp\/v2\/posts\/911\/revisions"}],"predecessor-version":[{"id":938,"href":"https:\/\/boardgeneration.ch\/fr\/wp-json\/wp\/v2\/posts\/911\/revisions\/938"}],"wp:featuredmedia":[{"embeddable":true,"href":"https:\/\/boardgeneration.ch\/fr\/wp-json\/wp\/v2\/media\/928"}],"wp:attachment":[{"href":"https:\/\/boardgeneration.ch\/fr\/wp-json\/wp\/v2\/media?parent=911"}],"wp:term":[{"taxonomy":"category","embeddable":true,"href":"https:\/\/boardgeneration.ch\/fr\/wp-json\/wp\/v2\/categories?post=911"},{"taxonomy":"post_tag","embeddable":true,"href":"https:\/\/boardgeneration.ch\/fr\/wp-json\/wp\/v2\/tags?post=911"}],"curies":[{"name":"wp","href":"https:\/\/api.w.org\/{rel}","templated":true}]}}